{"id":6236,"date":"2020-06-10T11:30:35","date_gmt":"2020-06-10T11:30:35","guid":{"rendered":"https:\/\/www.rmcr.org\/?p=6236"},"modified":"2025-04-04T08:55:06","modified_gmt":"2025-04-04T08:55:06","slug":"documentos-en-el-archivo-de-la-rmr-no23-2020-memoria-grafica-de-una-epoca-ronda-siglo-xx","status":"publish","type":"post","link":"https:\/\/www.rmcr.org\/en\/2020\/06\/10\/documentos-en-el-archivo-de-la-rmr-no23-2020-memoria-grafica-de-una-epoca-ronda-siglo-xx\/","title":{"rendered":"Documentos en el Archivo de la RMR, n\u00ba23 -2020. &#8220;Memoria Gr\u00e1fica de una \u00e9poca, Ronda siglo XX&#8221;."},"content":{"rendered":"<h4 style=\"text-align: center;\"><strong>Archivo Hist\u00f3rico de la Real Maestranza de Caballer\u00eda de Ronda<\/strong><\/h4>\n<h4 style=\"text-align: center;\"><strong>\u00a0Archivo Fotogr\u00e1fico<\/strong><\/h4>\n<p style=\"text-align: center;\">Memoria Gr\u00e1fica de una \u00e9poca, Ronda siglo XX. &#8211; Semana Internacional de los Archivos, 8 al 14 de junio de 2020<\/p>\n<p style=\"text-align: center;\"><img fetchpriority=\"high\" decoding=\"async\" class=\"  wp-image-2752 aligncenter\" src=\"https:\/\/www.rmcr.org\/wp-content\/uploads\/2020\/06\/afc12-n26-006.jpg\" alt=\"AfC12-n26-006\" width=\"861\" height=\"285\" \/><\/p>\n<p>Un a\u00f1o m\u00e1s el Archivo de la Real Maestranza de Caballer\u00eda de Ronda se suma a la conmemoraci\u00f3n de la <strong>Semana Internacional de los Archivos<\/strong>, <a href=\"https:\/\/www.ica.org\/es\/semana-internacional-de-los-archivos-8-al-14-de-junio-2020onal-de-archivos\">ICA (Consejo Internacional de Archivos).<\/a> Con motivo de esta fecha la entrada del blog cultural de la RMR, cambia su tem\u00e1tica habitual. Dejaremos el patrimonio documental e hist\u00f3rico, la genealog\u00eda y la her\u00e1ldica, para acercarnos al Patrimonio Gr\u00e1fico, a trav\u00e9s de la fotograf\u00eda. Hoy proponemos una mirada al pasado m\u00e1s inmediato.<\/p>\n<p>La fotograf\u00eda se ha convertido en memoria gr\u00e1fica, su valor documental a la hora de mostrar el desarrollo de la sociedad es innegable. En la actualidad, los archivos fotogr\u00e1ficos son un recurso de primer orden para la investigaci\u00f3n hist\u00f3rica. Consultados, tanto o m\u00e1s, que los archivos documentales. La imagen, en sus diferentes soportes, es una herramienta de conocimiento sociol\u00f3gico e hist\u00f3rico. En la que los archivos, como el de la RMR, est\u00e1n trabajando para poner a disposici\u00f3n del usuario, las descripciones de los reportajes y la digitalizaci\u00f3n de su contenido.<\/p>\n<p>El Archivo de la RMR cuenta con un fondo audiovisual de 87.500 archivos, en el que se encuentran los archivos fotogr\u00e1ficos (1920 \u2013 2020). Por un lado, el archivo fotogr\u00e1fico propio de la instituci\u00f3n, con una secci\u00f3n de colecci\u00f3n y, por otro, los archivos fotogr\u00e1ficos privados, de \u00e1mbito personal y profesional. Los archivos privados que han depositado en la instituci\u00f3n, algunos de ellos contienen un volumen importante de im\u00e1genes fotogr\u00e1ficas caso del archivo Gavarr\u00f3n, archivo Gonzalo Huesa, colecci\u00f3n Rafael Aguilera, Archivo R\u00fajula (escudos her\u00e1ldicos), pero sobre todo el archivo profesional de Salvador Ord\u00f3\u00f1ez Palmero, conocido en la ciudad de Ronda por &#8220;Cuso&#8221;.<\/p>\n<p><img decoding=\"async\" class=\"  wp-image-2753 aligncenter\" src=\"https:\/\/www.rmcr.org\/wp-content\/uploads\/2020\/06\/cuso_c3_s27_-4.jpg\" alt=\"Cuso_C3_S27_ (4)\" width=\"418\" height=\"675\" \/><\/p>\n<p>Las im\u00e1genes se encuentran en diferentes soportes, desde placas de vidrio al formato digital, la gran mayor\u00eda son negativos y papel fotogr\u00e1fico. Salvo raras excepciones ser\u00e1n im\u00e1genes de tem\u00e1tica local, por lo que el archivo fotogr\u00e1fico de la RMR, en un tanto por ciento muy elevado es parte de la memoria gr\u00e1fica de Ronda. Por ello se ha realizado una breve selecci\u00f3n, del fondo propio de la Maestranza y del archivo Cuso, para hacernos un recorrido visual por diferentes espacios del urbanismo de Ronda en el siglo XX.<\/p>\n<p>Muchas de estas im\u00e1genes ser\u00e1n tarjetas postales, parte de la secci\u00f3n de colecci\u00f3n del fondo propio. El auge de la tarjeta postal fotogr\u00e1fica se produjo a partir de principios de siglo XX. El desarrollo en la t\u00e9cnica fotograf\u00eda, el realismo gracias a la instantaneidad y la informaci\u00f3n de las im\u00e1genes, la convirtieron en un documento de enorme aceptaci\u00f3n social, aparte, de ser un medio de comunicaci\u00f3n asequible. Desde ese momento la tarjeta postal pas\u00f3 a ser un documento fotogr\u00e1fico, concebida como un elemento comunicativo que sobrevivi\u00f3 al empuje e impacto de las tecnolog\u00edas de la informaci\u00f3n y comunicaci\u00f3n (<a href=\"https:\/\/eprints.ucm.es\/23004\/1\/T34790.pdf\">Mariana L\u00f3pez Hurtado)<\/a> y en la actualidad objeto de coleccionismo.<\/p>\n<p>La ciudad de Ronda con un innegable atractivo, desde hace siglos, para viajeros y visitantes, no fue ajena a este tipo de corrientes. Fot\u00f3grafos de todo el pa\u00eds vendr\u00e1n a hacer sus instant\u00e1neas a la ciudad del Tajo, atra\u00eddos por su historia, gentes y fisonom\u00eda caracter\u00edstica. Destaca Lucien Roisin Besnard, fot\u00f3grafo documental y tur\u00edstico, que recorri\u00f3 toda Espa\u00f1a. Asentado en Barcelona, abri\u00f3 el establecimiento Casa Postal en la Rambla de Santa M\u00f3nica y se dedic\u00f3 a editar y vender tarjetas postales de vistas, tipos y costumbres, el negocio se mantuvo abierto hasta 1962 (L\u00f3pez Hurtado), muchas de las im\u00e1genes que hoy mostramos son parte de su trabajo.<\/p>\n<p><img decoding=\"async\" class=\"  wp-image-2754 aligncenter\" src=\"https:\/\/www.rmcr.org\/wp-content\/uploads\/2020\/06\/afc12-n46-005.jpg\" alt=\"AfC12-n46-005\" width=\"400\" height=\"403\" \/><\/p>\n<p>Indudablemente la ciudad es un organismo vivo, crece y evoluciona. En ella, a lo largo de la historia, se sit\u00faan elementos que la definen. \u00c9stos no son perennes, unos se transforman, se adaptan y otros desaparecen por la acci\u00f3n de sus habitantes, a veces de manera acertada, otras todo lo contrario. Este tipo de acciones en el urbanismo de una ciudad con la modernidad, finales del siglo XIX y siglo XX, tienen unos testigos fundamentales, los fot\u00f3grafos. En el caso que nos ocupa, tanto Miguel Mart\u00edn, Cuso o Marcelino Pajares, aparecen en la selecci\u00f3n de im\u00e1genes. Pero Cuso ser\u00e1 testigo de excepci\u00f3n de la evoluci\u00f3n del urbanismo ronde\u00f1o en estos \u00faltimos 50 a\u00f1os. Valgan estas breves l\u00edneas de reconocimiento a la labor profesional de Salvador Ord\u00f3\u00f1ez &#8220;Cuso&#8221;, que empez\u00f3 su carrera profesional en los a\u00f1os 40 y estuvo en activo hasta sus \u00faltimos a\u00f1os de vida (2014), reportero de la Agencia EFE y en general de todos los actos que acaecieron en la ciudad de Ronda.<\/p>\n<p>Se han seleccionado m\u00e1s de un centenar de im\u00e1genes de espacios urbanos de Ronda, clasificados por barrios o \u00e1reas, en los que se muestran sus plazas, calles y edificios. En un breve recorrido por la imagen gr\u00e1fica de la ciudad de Ronda, entre los a\u00f1os 20 y los a\u00f1os 80, para hacernos ver lo r\u00e1pido que puede cambiar una ciudad en apenas medio siglo.<\/p>\n<p>Descarga y visualiza el \u00e1lbum en este enlace:<\/p>\n<p><a title=\"Documentos en el Archivo de la RMR, n\u00ba 23 - 2020\" href=\"https:\/\/www.rmcr.org\/2020\/06\/documentos-en-el-archivo-de-la-rmr-nc2ba-23-2020.pdf\">Documentos en el Archivo de la RMR, n\u00ba 23 &#8211; 2020<\/a><\/p>\n<p>Menci\u00f3n de agradecimiento en el trabajo del archivo fotogr\u00e1fico de las especialistas en catalogaci\u00f3n de la RMR, realizado por Carmen Arroyo, y para esta publicaci\u00f3n de Patricia Aguilera.<\/p>\n<p>Para cualquier consulta e informaci\u00f3n: archivo@realmaestranza.org<\/p>\n<p>Si est\u00e1s interesado en publicaciones anteriores visita este enlace:<\/p>\n<p><a>Documentos en el Archivo de la RMR<\/a><\/p>\n","protected":false},"excerpt":{"rendered":"<p>Archivo Hist\u00f3rico de la Real Maestranza de Caballer\u00eda de Ronda \u00a0Archivo Fotogr\u00e1fico Memoria Gr\u00e1fica de una \u00e9poca, Ronda siglo XX. &#8211; Semana Internacional de los Archivos, 8 al 14 de junio de 2020 Un a\u00f1o m\u00e1s el Archivo de la Real Maestranza de Caballer\u00eda de Ronda se suma a la conmemoraci\u00f3n de la Semana Internacional [&hellip;]<\/p>\n","protected":false},"author":3,"featured_media":10140,"comment_status":"open","ping_status":"open","sticky":false,"template":"","format":"standard","meta":{"footnotes":""},"categories":[134,512],"tags":[235,737,143],"class_list":["post-6236","post","type-post","status-publish","format-standard","has-post-thumbnail","hentry","category-archivo","category-documentos-archivos-rmr","tag-archivo","tag-archivo-fotografico","tag-fotografias"],"yoast_head":"<!-- This site is optimized with the Yoast SEO plugin v27.5 - https:\/\/yoast.com\/product\/yoast-seo-wordpress\/ -->\n<title>Documentos en el Archivo de la RMR, n\u00ba23 -2020. &quot;Memoria Gr\u00e1fica de una \u00e9poca, Ronda siglo XX&quot;. - Real Maestranza de Caballer\u00eda de Ronda<\/title>\n<meta name=\"robots\" content=\"index, follow, max-snippet:-1, max-image-preview:large, max-video-preview:-1\" \/>\n<link rel=\"canonical\" href=\"https:\/\/www.rmcr.org\/en\/2020\/06\/10\/documentos-en-el-archivo-de-la-rmr-no23-2020-memoria-grafica-de-una-epoca-ronda-siglo-xx\/\" \/>\n<meta property=\"og:locale\" content=\"en_US\" \/>\n<meta property=\"og:type\" content=\"article\" \/>\n<meta property=\"og:title\" content=\"Documentos en el Archivo de la RMR, n\u00ba23 -2020. &quot;Memoria Gr\u00e1fica de una \u00e9poca, Ronda siglo XX&quot;. - Real Maestranza de Caballer\u00eda de Ronda\" \/>\n<meta property=\"og:description\" content=\"Archivo Hist\u00f3rico de la Real Maestranza de Caballer\u00eda de Ronda \u00a0Archivo Fotogr\u00e1fico Memoria Gr\u00e1fica de una \u00e9poca, Ronda siglo XX. &#8211; Semana Internacional de los Archivos, 8 al 14 de junio de 2020 Un a\u00f1o m\u00e1s el Archivo de la Real Maestranza de Caballer\u00eda de Ronda se suma a la conmemoraci\u00f3n de la Semana Internacional [&hellip;]\" \/>\n<meta property=\"og:url\" content=\"https:\/\/www.rmcr.org\/en\/2020\/06\/10\/documentos-en-el-archivo-de-la-rmr-no23-2020-memoria-grafica-de-una-epoca-ronda-siglo-xx\/\" \/>\n<meta property=\"og:site_name\" content=\"Real Maestranza de Caballer\u00eda de Ronda\" \/>\n<meta property=\"article:publisher\" content=\"https:\/\/www.facebook.com\/plazadetorosronda\" \/>\n<meta property=\"article:published_time\" content=\"2020-06-10T11:30:35+00:00\" \/>\n<meta property=\"article:modified_time\" content=\"2025-04-04T08:55:06+00:00\" \/>\n<meta property=\"og:image\" content=\"https:\/\/www.rmcr.org\/wp-content\/uploads\/2020\/06\/afc12-n26-006.jpg\" \/>\n\t<meta property=\"og:image:width\" content=\"1580\" \/>\n\t<meta property=\"og:image:height\" content=\"523\" \/>\n\t<meta property=\"og:image:type\" content=\"image\/jpeg\" \/>\n<meta name=\"author\" content=\"ARCHIVO\" \/>\n<meta name=\"twitter:card\" content=\"summary_large_image\" \/>\n<meta name=\"twitter:creator\" content=\"@PlazatorosRMR\" \/>\n<meta name=\"twitter:site\" content=\"@PlazatorosRMR\" \/>\n<meta name=\"twitter:label1\" content=\"Written by\" \/>\n\t<meta name=\"twitter:data1\" content=\"ARCHIVO\" \/>\n\t<meta name=\"twitter:label2\" content=\"Est. reading time\" \/>\n\t<meta name=\"twitter:data2\" content=\"5 minutes\" \/>\n<script type=\"application\/ld+json\" class=\"yoast-schema-graph\">{\"@context\":\"https:\\\/\\\/schema.org\",\"@graph\":[{\"@type\":\"Article\",\"@id\":\"https:\\\/\\\/www.rmcr.org\\\/en\\\/2020\\\/06\\\/10\\\/documentos-en-el-archivo-de-la-rmr-no23-2020-memoria-grafica-de-una-epoca-ronda-siglo-xx\\\/#article\",\"isPartOf\":{\"@id\":\"https:\\\/\\\/www.rmcr.org\\\/en\\\/2020\\\/06\\\/10\\\/documentos-en-el-archivo-de-la-rmr-no23-2020-memoria-grafica-de-una-epoca-ronda-siglo-xx\\\/\"},\"author\":{\"name\":\"ARCHIVO\",\"@id\":\"https:\\\/\\\/www.rmcr.org\\\/en\\\/#\\\/schema\\\/person\\\/f182f13b406ff40dd281a5ecca93380e\"},\"headline\":\"Documentos en el Archivo de la RMR, n\u00ba23 -2020. &#8220;Memoria Gr\u00e1fica de una \u00e9poca, Ronda siglo XX&#8221;.\",\"datePublished\":\"2020-06-10T11:30:35+00:00\",\"dateModified\":\"2025-04-04T08:55:06+00:00\",\"mainEntityOfPage\":{\"@id\":\"https:\\\/\\\/www.rmcr.org\\\/en\\\/2020\\\/06\\\/10\\\/documentos-en-el-archivo-de-la-rmr-no23-2020-memoria-grafica-de-una-epoca-ronda-siglo-xx\\\/\"},\"wordCount\":1013,\"commentCount\":0,\"publisher\":{\"@id\":\"https:\\\/\\\/www.rmcr.org\\\/en\\\/#organization\"},\"image\":{\"@id\":\"https:\\\/\\\/www.rmcr.org\\\/en\\\/2020\\\/06\\\/10\\\/documentos-en-el-archivo-de-la-rmr-no23-2020-memoria-grafica-de-una-epoca-ronda-siglo-xx\\\/#primaryimage\"},\"thumbnailUrl\":\"https:\\\/\\\/www.rmcr.org\\\/wp-content\\\/uploads\\\/2020\\\/06\\\/afc12-n26-006.jpg\",\"keywords\":[\"Archivo\",\"Archivo fotogr\u00e1fico\",\"Fotograf\u00edas\"],\"articleSection\":[\"Archivo\",\"Documentos Archivo RMR\"],\"inLanguage\":\"en-US\",\"potentialAction\":[{\"@type\":\"CommentAction\",\"name\":\"Comment\",\"target\":[\"https:\\\/\\\/www.rmcr.org\\\/en\\\/2020\\\/06\\\/10\\\/documentos-en-el-archivo-de-la-rmr-no23-2020-memoria-grafica-de-una-epoca-ronda-siglo-xx\\\/#respond\"]}]},{\"@type\":\"WebPage\",\"@id\":\"https:\\\/\\\/www.rmcr.org\\\/en\\\/2020\\\/06\\\/10\\\/documentos-en-el-archivo-de-la-rmr-no23-2020-memoria-grafica-de-una-epoca-ronda-siglo-xx\\\/\",\"url\":\"https:\\\/\\\/www.rmcr.org\\\/en\\\/2020\\\/06\\\/10\\\/documentos-en-el-archivo-de-la-rmr-no23-2020-memoria-grafica-de-una-epoca-ronda-siglo-xx\\\/\",\"name\":\"Documentos en el Archivo de la RMR, n\u00ba23 -2020. \\\"Memoria Gr\u00e1fica de una \u00e9poca, Ronda siglo XX\\\". - Real Maestranza de Caballer\u00eda de Ronda\",\"isPartOf\":{\"@id\":\"https:\\\/\\\/www.rmcr.org\\\/en\\\/#website\"},\"primaryImageOfPage\":{\"@id\":\"https:\\\/\\\/www.rmcr.org\\\/en\\\/2020\\\/06\\\/10\\\/documentos-en-el-archivo-de-la-rmr-no23-2020-memoria-grafica-de-una-epoca-ronda-siglo-xx\\\/#primaryimage\"},\"image\":{\"@id\":\"https:\\\/\\\/www.rmcr.org\\\/en\\\/2020\\\/06\\\/10\\\/documentos-en-el-archivo-de-la-rmr-no23-2020-memoria-grafica-de-una-epoca-ronda-siglo-xx\\\/#primaryimage\"},\"thumbnailUrl\":\"https:\\\/\\\/www.rmcr.org\\\/wp-content\\\/uploads\\\/2020\\\/06\\\/afc12-n26-006.jpg\",\"datePublished\":\"2020-06-10T11:30:35+00:00\",\"dateModified\":\"2025-04-04T08:55:06+00:00\",\"breadcrumb\":{\"@id\":\"https:\\\/\\\/www.rmcr.org\\\/en\\\/2020\\\/06\\\/10\\\/documentos-en-el-archivo-de-la-rmr-no23-2020-memoria-grafica-de-una-epoca-ronda-siglo-xx\\\/#breadcrumb\"},\"inLanguage\":\"en-US\",\"potentialAction\":[{\"@type\":\"ReadAction\",\"target\":[\"https:\\\/\\\/www.rmcr.org\\\/en\\\/2020\\\/06\\\/10\\\/documentos-en-el-archivo-de-la-rmr-no23-2020-memoria-grafica-de-una-epoca-ronda-siglo-xx\\\/\"]}]},{\"@type\":\"ImageObject\",\"inLanguage\":\"en-US\",\"@id\":\"https:\\\/\\\/www.rmcr.org\\\/en\\\/2020\\\/06\\\/10\\\/documentos-en-el-archivo-de-la-rmr-no23-2020-memoria-grafica-de-una-epoca-ronda-siglo-xx\\\/#primaryimage\",\"url\":\"https:\\\/\\\/www.rmcr.org\\\/wp-content\\\/uploads\\\/2020\\\/06\\\/afc12-n26-006.jpg\",\"contentUrl\":\"https:\\\/\\\/www.rmcr.org\\\/wp-content\\\/uploads\\\/2020\\\/06\\\/afc12-n26-006.jpg\",\"width\":1580,\"height\":523},{\"@type\":\"BreadcrumbList\",\"@id\":\"https:\\\/\\\/www.rmcr.org\\\/en\\\/2020\\\/06\\\/10\\\/documentos-en-el-archivo-de-la-rmr-no23-2020-memoria-grafica-de-una-epoca-ronda-siglo-xx\\\/#breadcrumb\",\"itemListElement\":[{\"@type\":\"ListItem\",\"position\":1,\"name\":\"REAL MAESTRANZA DE CABALLER\u00cdA DE RONDA\",\"item\":\"https:\\\/\\\/www.rmcr.org\\\/en\\\/\"},{\"@type\":\"ListItem\",\"position\":2,\"name\":\"Documentos en el Archivo de la RMR, n\u00ba23 -2020. \u00abMemoria Gr\u00e1fica de una \u00e9poca, Ronda siglo XX\u00bb.\"}]},{\"@type\":\"WebSite\",\"@id\":\"https:\\\/\\\/www.rmcr.org\\\/en\\\/#website\",\"url\":\"https:\\\/\\\/www.rmcr.org\\\/en\\\/\",\"name\":\"Real Maestranza de Caballer\u00eda de Ronda\",\"description\":\"Real Maestranza de Caballer\u00eda de Ronda\",\"publisher\":{\"@id\":\"https:\\\/\\\/www.rmcr.org\\\/en\\\/#organization\"},\"alternateName\":\"RMCR\",\"potentialAction\":[{\"@type\":\"SearchAction\",\"target\":{\"@type\":\"EntryPoint\",\"urlTemplate\":\"https:\\\/\\\/www.rmcr.org\\\/en\\\/?s={search_term_string}\"},\"query-input\":{\"@type\":\"PropertyValueSpecification\",\"valueRequired\":true,\"valueName\":\"search_term_string\"}}],\"inLanguage\":\"en-US\"},{\"@type\":\"Organization\",\"@id\":\"https:\\\/\\\/www.rmcr.org\\\/en\\\/#organization\",\"name\":\"Real Maestranza de Caballer\u00eda de Ronda\",\"alternateName\":\"RMR\",\"url\":\"https:\\\/\\\/www.rmcr.org\\\/en\\\/\",\"logo\":{\"@type\":\"ImageObject\",\"inLanguage\":\"en-US\",\"@id\":\"https:\\\/\\\/www.rmcr.org\\\/en\\\/#\\\/schema\\\/logo\\\/image\\\/\",\"url\":\"https:\\\/\\\/www.rmcr.org\\\/wp-content\\\/uploads\\\/2022\\\/07\\\/logo-rmr-blue.svg\",\"contentUrl\":\"https:\\\/\\\/www.rmcr.org\\\/wp-content\\\/uploads\\\/2022\\\/07\\\/logo-rmr-blue.svg\",\"width\":131,\"height\":129,\"caption\":\"Real Maestranza de Caballer\u00eda de Ronda\"},\"image\":{\"@id\":\"https:\\\/\\\/www.rmcr.org\\\/en\\\/#\\\/schema\\\/logo\\\/image\\\/\"},\"sameAs\":[\"https:\\\/\\\/www.facebook.com\\\/plazadetorosronda\",\"https:\\\/\\\/x.com\\\/PlazatorosRMR\",\"https:\\\/\\\/www.instagram.com\\\/realmaestranzaderonda\\\/\",\"https:\\\/\\\/www.youtube.com\\\/channel\\\/UCrbO5IUN-8v_QML739vM4zg\\\/videos\"]},{\"@type\":\"Person\",\"@id\":\"https:\\\/\\\/www.rmcr.org\\\/en\\\/#\\\/schema\\\/person\\\/f182f13b406ff40dd281a5ecca93380e\",\"name\":\"ARCHIVO\",\"image\":{\"@type\":\"ImageObject\",\"inLanguage\":\"en-US\",\"@id\":\"https:\\\/\\\/www.rmcr.org\\\/wp-content\\\/uploads\\\/2022\\\/11\\\/avatar-rmcr-96x96.png\",\"url\":\"https:\\\/\\\/www.rmcr.org\\\/wp-content\\\/uploads\\\/2022\\\/11\\\/avatar-rmcr-96x96.png\",\"contentUrl\":\"https:\\\/\\\/www.rmcr.org\\\/wp-content\\\/uploads\\\/2022\\\/11\\\/avatar-rmcr-96x96.png\",\"caption\":\"ARCHIVO\"},\"url\":\"https:\\\/\\\/www.rmcr.org\\\/en\\\/author\\\/francisco-rosales\\\/\"}]}<\/script>\n<!-- \/ Yoast SEO plugin. -->","yoast_head_json":{"title":"Documentos en el Archivo de la RMR, n\u00ba23 -2020. \"Memoria Gr\u00e1fica de una \u00e9poca, Ronda siglo XX\". - Real Maestranza de Caballer\u00eda de Ronda","robots":{"index":"index","follow":"follow","max-snippet":"max-snippet:-1","max-image-preview":"max-image-preview:large","max-video-preview":"max-video-preview:-1"},"canonical":"https:\/\/www.rmcr.org\/en\/2020\/06\/10\/documentos-en-el-archivo-de-la-rmr-no23-2020-memoria-grafica-de-una-epoca-ronda-siglo-xx\/","og_locale":"en_US","og_type":"article","og_title":"Documentos en el Archivo de la RMR, n\u00ba23 -2020. \"Memoria Gr\u00e1fica de una \u00e9poca, Ronda siglo XX\". - Real Maestranza de Caballer\u00eda de Ronda","og_description":"Archivo Hist\u00f3rico de la Real Maestranza de Caballer\u00eda de Ronda \u00a0Archivo Fotogr\u00e1fico Memoria Gr\u00e1fica de una \u00e9poca, Ronda siglo XX. &#8211; Semana Internacional de los Archivos, 8 al 14 de junio de 2020 Un a\u00f1o m\u00e1s el Archivo de la Real Maestranza de Caballer\u00eda de Ronda se suma a la conmemoraci\u00f3n de la Semana Internacional [&hellip;]","og_url":"https:\/\/www.rmcr.org\/en\/2020\/06\/10\/documentos-en-el-archivo-de-la-rmr-no23-2020-memoria-grafica-de-una-epoca-ronda-siglo-xx\/","og_site_name":"Real Maestranza de Caballer\u00eda de Ronda","article_publisher":"https:\/\/www.facebook.com\/plazadetorosronda","article_published_time":"2020-06-10T11:30:35+00:00","article_modified_time":"2025-04-04T08:55:06+00:00","og_image":[{"width":1580,"height":523,"url":"https:\/\/www.rmcr.org\/wp-content\/uploads\/2020\/06\/afc12-n26-006.jpg","type":"image\/jpeg"}],"author":"ARCHIVO","twitter_card":"summary_large_image","twitter_creator":"@PlazatorosRMR","twitter_site":"@PlazatorosRMR","twitter_misc":{"Written by":"ARCHIVO","Est. reading time":"5 minutes"},"schema":{"@context":"https:\/\/schema.org","@graph":[{"@type":"Article","@id":"https:\/\/www.rmcr.org\/en\/2020\/06\/10\/documentos-en-el-archivo-de-la-rmr-no23-2020-memoria-grafica-de-una-epoca-ronda-siglo-xx\/#article","isPartOf":{"@id":"https:\/\/www.rmcr.org\/en\/2020\/06\/10\/documentos-en-el-archivo-de-la-rmr-no23-2020-memoria-grafica-de-una-epoca-ronda-siglo-xx\/"},"author":{"name":"ARCHIVO","@id":"https:\/\/www.rmcr.org\/en\/#\/schema\/person\/f182f13b406ff40dd281a5ecca93380e"},"headline":"Documentos en el Archivo de la RMR, n\u00ba23 -2020. &#8220;Memoria Gr\u00e1fica de una \u00e9poca, Ronda siglo XX&#8221;.","datePublished":"2020-06-10T11:30:35+00:00","dateModified":"2025-04-04T08:55:06+00:00","mainEntityOfPage":{"@id":"https:\/\/www.rmcr.org\/en\/2020\/06\/10\/documentos-en-el-archivo-de-la-rmr-no23-2020-memoria-grafica-de-una-epoca-ronda-siglo-xx\/"},"wordCount":1013,"commentCount":0,"publisher":{"@id":"https:\/\/www.rmcr.org\/en\/#organization"},"image":{"@id":"https:\/\/www.rmcr.org\/en\/2020\/06\/10\/documentos-en-el-archivo-de-la-rmr-no23-2020-memoria-grafica-de-una-epoca-ronda-siglo-xx\/#primaryimage"},"thumbnailUrl":"https:\/\/www.rmcr.org\/wp-content\/uploads\/2020\/06\/afc12-n26-006.jpg","keywords":["Archivo","Archivo fotogr\u00e1fico","Fotograf\u00edas"],"articleSection":["Archivo","Documentos Archivo RMR"],"inLanguage":"en-US","potentialAction":[{"@type":"CommentAction","name":"Comment","target":["https:\/\/www.rmcr.org\/en\/2020\/06\/10\/documentos-en-el-archivo-de-la-rmr-no23-2020-memoria-grafica-de-una-epoca-ronda-siglo-xx\/#respond"]}]},{"@type":"WebPage","@id":"https:\/\/www.rmcr.org\/en\/2020\/06\/10\/documentos-en-el-archivo-de-la-rmr-no23-2020-memoria-grafica-de-una-epoca-ronda-siglo-xx\/","url":"https:\/\/www.rmcr.org\/en\/2020\/06\/10\/documentos-en-el-archivo-de-la-rmr-no23-2020-memoria-grafica-de-una-epoca-ronda-siglo-xx\/","name":"Documentos en el Archivo de la RMR, n\u00ba23 -2020. \"Memoria Gr\u00e1fica de una \u00e9poca, Ronda siglo XX\". - Real Maestranza de Caballer\u00eda de Ronda","isPartOf":{"@id":"https:\/\/www.rmcr.org\/en\/#website"},"primaryImageOfPage":{"@id":"https:\/\/www.rmcr.org\/en\/2020\/06\/10\/documentos-en-el-archivo-de-la-rmr-no23-2020-memoria-grafica-de-una-epoca-ronda-siglo-xx\/#primaryimage"},"image":{"@id":"https:\/\/www.rmcr.org\/en\/2020\/06\/10\/documentos-en-el-archivo-de-la-rmr-no23-2020-memoria-grafica-de-una-epoca-ronda-siglo-xx\/#primaryimage"},"thumbnailUrl":"https:\/\/www.rmcr.org\/wp-content\/uploads\/2020\/06\/afc12-n26-006.jpg","datePublished":"2020-06-10T11:30:35+00:00","dateModified":"2025-04-04T08:55:06+00:00","breadcrumb":{"@id":"https:\/\/www.rmcr.org\/en\/2020\/06\/10\/documentos-en-el-archivo-de-la-rmr-no23-2020-memoria-grafica-de-una-epoca-ronda-siglo-xx\/#breadcrumb"},"inLanguage":"en-US","potentialAction":[{"@type":"ReadAction","target":["https:\/\/www.rmcr.org\/en\/2020\/06\/10\/documentos-en-el-archivo-de-la-rmr-no23-2020-memoria-grafica-de-una-epoca-ronda-siglo-xx\/"]}]},{"@type":"ImageObject","inLanguage":"en-US","@id":"https:\/\/www.rmcr.org\/en\/2020\/06\/10\/documentos-en-el-archivo-de-la-rmr-no23-2020-memoria-grafica-de-una-epoca-ronda-siglo-xx\/#primaryimage","url":"https:\/\/www.rmcr.org\/wp-content\/uploads\/2020\/06\/afc12-n26-006.jpg","contentUrl":"https:\/\/www.rmcr.org\/wp-content\/uploads\/2020\/06\/afc12-n26-006.jpg","width":1580,"height":523},{"@type":"BreadcrumbList","@id":"https:\/\/www.rmcr.org\/en\/2020\/06\/10\/documentos-en-el-archivo-de-la-rmr-no23-2020-memoria-grafica-de-una-epoca-ronda-siglo-xx\/#breadcrumb","itemListElement":[{"@type":"ListItem","position":1,"name":"REAL MAESTRANZA DE CABALLER\u00cdA DE RONDA","item":"https:\/\/www.rmcr.org\/en\/"},{"@type":"ListItem","position":2,"name":"Documentos en el Archivo de la RMR, n\u00ba23 -2020. \u00abMemoria Gr\u00e1fica de una \u00e9poca, Ronda siglo XX\u00bb."}]},{"@type":"WebSite","@id":"https:\/\/www.rmcr.org\/en\/#website","url":"https:\/\/www.rmcr.org\/en\/","name":"Real Maestranza de Caballer\u00eda de Ronda","description":"Real Maestranza de Caballer\u00eda de Ronda","publisher":{"@id":"https:\/\/www.rmcr.org\/en\/#organization"},"alternateName":"RMCR","potentialAction":[{"@type":"SearchAction","target":{"@type":"EntryPoint","urlTemplate":"https:\/\/www.rmcr.org\/en\/?s={search_term_string}"},"query-input":{"@type":"PropertyValueSpecification","valueRequired":true,"valueName":"search_term_string"}}],"inLanguage":"en-US"},{"@type":"Organization","@id":"https:\/\/www.rmcr.org\/en\/#organization","name":"Real Maestranza de Caballer\u00eda de Ronda","alternateName":"RMR","url":"https:\/\/www.rmcr.org\/en\/","logo":{"@type":"ImageObject","inLanguage":"en-US","@id":"https:\/\/www.rmcr.org\/en\/#\/schema\/logo\/image\/","url":"https:\/\/www.rmcr.org\/wp-content\/uploads\/2022\/07\/logo-rmr-blue.svg","contentUrl":"https:\/\/www.rmcr.org\/wp-content\/uploads\/2022\/07\/logo-rmr-blue.svg","width":131,"height":129,"caption":"Real Maestranza de Caballer\u00eda de Ronda"},"image":{"@id":"https:\/\/www.rmcr.org\/en\/#\/schema\/logo\/image\/"},"sameAs":["https:\/\/www.facebook.com\/plazadetorosronda","https:\/\/x.com\/PlazatorosRMR","https:\/\/www.instagram.com\/realmaestranzaderonda\/","https:\/\/www.youtube.com\/channel\/UCrbO5IUN-8v_QML739vM4zg\/videos"]},{"@type":"Person","@id":"https:\/\/www.rmcr.org\/en\/#\/schema\/person\/f182f13b406ff40dd281a5ecca93380e","name":"ARCHIVO","image":{"@type":"ImageObject","inLanguage":"en-US","@id":"https:\/\/www.rmcr.org\/wp-content\/uploads\/2022\/11\/avatar-rmcr-96x96.png","url":"https:\/\/www.rmcr.org\/wp-content\/uploads\/2022\/11\/avatar-rmcr-96x96.png","contentUrl":"https:\/\/www.rmcr.org\/wp-content\/uploads\/2022\/11\/avatar-rmcr-96x96.png","caption":"ARCHIVO"},"url":"https:\/\/www.rmcr.org\/en\/author\/francisco-rosales\/"}]}},"_links":{"self":[{"href":"https:\/\/www.rmcr.org\/en\/wp-json\/wp\/v2\/posts\/6236","targetHints":{"allow":["GET"]}}],"collection":[{"href":"https:\/\/www.rmcr.org\/en\/wp-json\/wp\/v2\/posts"}],"about":[{"href":"https:\/\/www.rmcr.org\/en\/wp-json\/wp\/v2\/types\/post"}],"author":[{"embeddable":true,"href":"https:\/\/www.rmcr.org\/en\/wp-json\/wp\/v2\/users\/3"}],"replies":[{"embeddable":true,"href":"https:\/\/www.rmcr.org\/en\/wp-json\/wp\/v2\/comments?post=6236"}],"version-history":[{"count":2,"href":"https:\/\/www.rmcr.org\/en\/wp-json\/wp\/v2\/posts\/6236\/revisions"}],"predecessor-version":[{"id":15387,"href":"https:\/\/www.rmcr.org\/en\/wp-json\/wp\/v2\/posts\/6236\/revisions\/15387"}],"wp:featuredmedia":[{"embeddable":true,"href":"https:\/\/www.rmcr.org\/en\/wp-json\/wp\/v2\/media\/10140"}],"wp:attachment":[{"href":"https:\/\/www.rmcr.org\/en\/wp-json\/wp\/v2\/media?parent=6236"}],"wp:term":[{"taxonomy":"category","embeddable":true,"href":"https:\/\/www.rmcr.org\/en\/wp-json\/wp\/v2\/categories?post=6236"},{"taxonomy":"post_tag","embeddable":true,"href":"https:\/\/www.rmcr.org\/en\/wp-json\/wp\/v2\/tags?post=6236"}],"curies":[{"name":"wp","href":"https:\/\/api.w.org\/{rel}","templated":true}]}}