{"id":6232,"date":"2020-05-21T11:31:15","date_gmt":"2020-05-21T11:31:15","guid":{"rendered":"https:\/\/www.rmcr.org\/?p=6232"},"modified":"2025-04-03T08:35:39","modified_gmt":"2025-04-03T08:35:39","slug":"biblioteca-rmr-no-79-la-visita-de-los-duques-de-montpensier-a-ronda-en-la-feria-de-mayo-de-1849-mayo-2020","status":"publish","type":"post","link":"https:\/\/www.rmcr.org\/en\/2020\/05\/21\/biblioteca-rmr-no-79-la-visita-de-los-duques-de-montpensier-a-ronda-en-la-feria-de-mayo-de-1849-mayo-2020\/","title":{"rendered":"Biblioteca-RMR: N\u00ba 79. La visita de los duques de Montpensier a Ronda en la Feria de Mayo de 1849. Mayo 2020."},"content":{"rendered":"<p style=\"text-align:center;\"><span>\u00b7<strong>&nbsp;ART\u00cdCULO \u00b7<\/strong><\/span><br \/>\n<span><strong>\u00b7 BIBLIOTECA DE LA REAL MAESTRANZA DE CABALLER\u00cdA DE RONDA \u00b7<\/strong><\/span><br \/>\n<span><strong>\u00b7 MAYO 2020 \u00b7<\/strong><\/span><\/p>\n<p style=\"text-align:center;\"><span><strong>\u00b7 FONDO RONDA \u00b7<\/strong><\/span><\/p>\n<p><span>Desde la concesi\u00f3n del privilegio de su celebraci\u00f3n a principios del siglo XVI, la Feria de Mayo de Ronda del a\u00f1o 1849 no fue una m\u00e1s en el calendario festivo-comercial de la ciudad, gracias a la visita de unos ilustres viajeros, el matrimonio formado por Antonio de Orleans (1824-1890), hijo menor del rey Luis Felipe de Francia, y Mar\u00eda Luisa Fernanda de Borb\u00f3n (1832-1897), segunda hija del rey Fernando VII y hermana de la reina Isabel II.<\/span><\/p>\n<p><span>El relato de este acontecimiento hist\u00f3rico ha llegado hasta nosotros a trav\u00e9s de uno de los editores y eruditos m\u00e1s reconocibles del panorama local, el impresor Juan Jos\u00e9 Moreti (1815-1890). En su \u00abHistoria de L.M.N.Y.M.L. ciudad de Ronda\u00bb, publicada por \u00e9l mismo en 1867, dedica las p\u00e1ginas 624 a 636 a la descripci\u00f3n de la estancia de cuatro d\u00edas de los duques de Montpensier en la capital de la serran\u00eda, de la que sin lugar a dudas debi\u00f3 ser testigo presencial.<\/span><\/p>\n<p style=\"text-align:center;\"><a href=\"https:\/\/www.rmcr.org\/2020\/05\/duques-montpensier-1853.jpg\"><img fetchpriority=\"high\" decoding=\"async\" class=\"aligncenter size-full wp-image-2580\" src=\"https:\/\/www.rmcr.org\/wp-content\/uploads\/2020\/05\/duques-montpensier-1853.jpg\" alt=\"\" width=\"470\" height=\"308\"><\/a><\/p>\n<p style=\"text-align:center;\"><span><em>Retratos de Antonio de Orleans [seg\u00fan dibujo de Federico de Madrazo] y Mar\u00eda Luisa Fernanda de Borb\u00f3n. \u00abBlas\u00f3n de Espa\u00f1a : libro de oro de su nobleza : rese\u00f1a geneal\u00f3gica y descriptiva de la casa real, la grandeza de Espa\u00f1a y los t\u00edtulos de Castilla\u00bb por Augusto de Burgos. Tomo I. Madrid, 1853. Biblioteca-RMR<\/em><\/span><\/p>\n<p><span>Tras instalarse definitivamente en el Palacio de San Telmo de Sevilla despu\u00e9s de su regreso forzoso a Espa\u00f1a en 1848, SS.AA.RR. realizaron una serie de viajes por diferentes lugares de Andaluc\u00eda, con los que el duque pretend\u00eda seguir instigando en la pol\u00edtica nacional, creando una red clientelar para su \u00abcorte\u00bb sevillana que le permitiera rivalizar en esplendor con la de su cu\u00f1ada. Entre esos destinos se encontraba Ronda.<\/span><\/p>\n<p><span>Seg\u00fan Moreti, el 25 de abril el Corregidor de Ronda recibi\u00f3 la noticia de la visita de los duques en las fechas principales de la ciudad. Sin embargo, los rumores a cerca del viaje llegaron con antelaci\u00f3n a la Real Maestranza, ya que seg\u00fan se recoge en el \u00abLibro de actas de acuerdos tomados en junta general 1819-1877\u00bb conservado en el Archivo, en la reuni\u00f3n celebrada el 2 de marzo en las casas del Teniente de Hermano Mayor, Alonso Valdivia y Horrillo, este inform\u00f3 que hab\u00eda tenido noticia de que los duques \u00abpasar\u00edan por esta ciudad en su biaje para Malaga y Granada\u00bb.<\/span><\/p>\n<p><span>En previsi\u00f3n de la visita, de inmediato la instituci\u00f3n nombr\u00f3 como diputado de obras al caballero maestrante Fernando Reynoso y Ortiz, encargado de la supervisi\u00f3n de todas las intervenciones necesarias para el conveniente adecentamiento de la Plaza de Toros. As\u00ed, desde finales de marzo y hasta pr\u00e1cticamente el d\u00eda anterior a la llegada de los duques, seg\u00fan registran las cuentas de aquel a\u00f1o conservadas tambi\u00e9n en el Archivo, se detallan numerosos jornales referidos a diferentes trabajos de alba\u00f1iler\u00eda, carpinter\u00eda, cerrajer\u00eda, pintura, encalado, etc.<\/span><\/p>\n<p><span>En junta celebrada el 14 de abril, Fernando Reynoso es sustituido en el cargo por Jos\u00e9 Mar\u00eda Avil\u00e9s Casco y del Duque, por tener el primero que ausentarse durante un tiempo de la ciudad, impidi\u00e9ndole \u00abseguir en dicho encargo en la obra que debe efectuarse en la Plaza de Toros antes de la celebraci\u00f3n de las corridas\u00bb.<\/span><\/p>\n<p><span>Las cuentas tambi\u00e9n recogen otro tipo de gastos, como por ejemplo los referidos a la adquisici\u00f3n de material de papeler\u00eda y la impresi\u00f3n de diferentes documentos, que curiosamente realiz\u00f3 el propio Moreti en su calidad de \u00abimpresor del Real Cuerpo de Maestranza\u00bb, seg\u00fan se cita a s\u00ed mismo en la portada de su \u00abHistoria\u00bb.<\/span><\/p>\n<p style=\"text-align:center;\"><a href=\"https:\/\/www.rmcr.org\/2020\/05\/armas-orleans-montpensier.jpg\"><img decoding=\"async\" class=\"aligncenter size-full wp-image-2582\" src=\"https:\/\/www.rmcr.org\/wp-content\/uploads\/2020\/05\/armas-orleans-montpensier.jpg\" alt=\"\" width=\"470\" height=\"617\"><\/a><\/p>\n<p style=\"text-align:center;\"><span><em>Escudo de armas de Orleans-Montpensier. \u00abBlas\u00f3n de Espa\u00f1a : libro de oro de su nobleza : rese\u00f1a geneal\u00f3gica y descriptiva de la casa real, la grandeza de Espa\u00f1a y los t\u00edtulos de Castilla\u00bb por Augusto de Burgos. Tomo I. Madrid, 1853. Biblioteca-RMR<\/em><\/span><\/p>\n<p><span>La comunicaci\u00f3n oficial de la visita se produce en la madrugada del 24 de abril, seg\u00fan el oficio remitido por el Jefe del Gobierno Civil del Distrito de Ronda, Jos\u00e9 Mar\u00eda Jaudenes. La comunicaci\u00f3n le llega tambi\u00e9n al Teniente de Hermano Mayor, que convoca una junta para ese mismo d\u00eda en la que se acuerda \u00abque se uniformen todos los individuos del Cuerpo para acompa\u00f1ar en los actos que fuese preciso a SS.AA.RR.\u00bb, y que los maestrantes domiciliados en un radio de 25 leguas de distancia a Ronda se personen para acompa\u00f1ar durante su estancia a tan augustos visitantes.<\/span><\/p>\n<p><span>Se nombra una comisi\u00f3n formada por Bartolom\u00e9 Escalante y Ruiz y Bernardo Valdivia y Horrillo, residentes en Ronda, para que se desplacen a Sevilla y en uni\u00f3n de Manuel G\u00f3mez de las Cortinas y Jos\u00e9 Mar\u00eda Holgado Moctezuma, residentes en la ciudad del Guadalquivir, adquieran todo lo necesario para las celebraciones que se iban a organizar por parte del Real Cuerpo.<\/span><\/p>\n<p><span>Por su parte, el Ayuntamiento tambi\u00e9n se puso de inmediato manos a la obra, \u00abse procuraron medios y como por ensalmo engalanose la ciudad de un modo sorprendente\u00bb, en palabras de Moreti. Como las v\u00edas de comunicaci\u00f3n que un\u00edan Ronda con Osuna, por donde deb\u00edan de venir los duques, eran penosas, los Regidores Juan Ruiz Marcos e Ignacio Ruiz tomaron a su cargo numerosas cuadrillas de obreros para mejorar el trayecto comprendido desde la poblaci\u00f3n hasta el t\u00e9rmino de Ca\u00f1ete.<\/span><\/p>\n<p><span>La Real Maestranza se vuelve a reunir el primero de mayo para acordar que, como era probable que los duques asistieran a las dos corridas de toros en la Plaza, se habilitase \u00abun local \u00e1 proposito en la Plaza \u00e1 fin de que se les sirbiese uno o dos refrescos\u00bb, nombr\u00e1ndose tanto a Joaqu\u00edn Tenorio y Giles como a Rafael de Giles y Rivero \u00abpara el adorno del balcon de SS.AA. y local donde ha de prepararse el refresco proporcionando, haciendo y desasiendo cuanto \u00e1 bien tengan sin omitir gastos para el mayor lucimiento de la Corporacion\u00bb.<\/span><\/p>\n<p style=\"text-align:center;\"><a href=\"https:\/\/www.rmcr.org\/2020\/05\/calle-san-carlos-ronda.jpg\"><img decoding=\"async\" class=\"aligncenter size-full wp-image-2596\" src=\"https:\/\/www.rmcr.org\/wp-content\/uploads\/2020\/05\/calle-san-carlos-ronda.jpg\" alt=\"\" width=\"470\" height=\"347\"><\/a><\/p>\n<p style=\"text-align:center;\"><span><em>Segunda puerta de la Plaza de Toros y acera izquierda de la calle de San Carlos. \u00abHistoria de L.M.N.Y.M.L. ciudad de Ronda\u00bb por Juan Jos\u00e9 Moreti. Ronda, 1867. Biblioteca-RMR<\/em><\/span><\/p>\n<p><span>La Alameda y el llano del Socorro fueron las zonas elegidas ese a\u00f1o por el Ayuntamiento para instalar las casillas de la Feria, quedando la plaza de la Constituci\u00f3n, el Puente Nuevo y toda la calle de San Carlos expeditas y dispuestas para recibir a los duques.<\/span><\/p>\n<p><span>Por fin, en la tarde del 19 de mayo una escolta que apareci\u00f3 por el camino de Campillos anunciaba la llegada. Las campanas de Santa Mar\u00eda comenzaron a repicar, secund\u00e1ndolas todas las dem\u00e1s iglesias. A esta se\u00f1al, la multitud que ya aguardaba a una legua de distancia se fue acrecentando cada vez m\u00e1s. All\u00ed se encontraban tambi\u00e9n el Ayuntamiento en pleno, las autoridades militares y comisiones del clero y la Maestranza, que ofrecieron a SS.AA. los homenajes de rigor.<\/span><\/p>\n<p><span>Los caballeros maestrantes nombrados para la recepci\u00f3n, seg\u00fan la junta celebrada el 16 de mayo, fueron Rafael de Giles, Jos\u00e9 Holgado Moctezuma, Bernardo y Gaspar Valdivia y Horrillo, Manuel y Adolfo de la Calle y M\u00e9ndez, Luciano Escalante y Rafael Atienza y Huertos.<\/span><\/p>\n<p><span>La comitiva entr\u00f3 en la ciudad en olor de multitudes, dirigi\u00e9ndose hacia el alojamiento designado para los ilustres visitantes, la que fuera casa-palacio de Jos\u00e9 de Vasco y Vargas, capit\u00e1n general y gobernador de las Islas Filipinas a qui\u00e9n en 1789 se le concedi\u00f3 el t\u00edtulo de conde de la Conquista de las Islas Batanes, situada en la plazuela de Vasco.<\/span><\/p>\n<p><a href=\"https:\/\/www.rmcr.org\/2020\/05\/calle-puente-ronda.jpg\"><img loading=\"lazy\" decoding=\"async\" class=\"aligncenter size-full wp-image-2606\" src=\"https:\/\/www.rmcr.org\/wp-content\/uploads\/2020\/05\/calle-puente-ronda.jpg\" alt=\"\" width=\"470\" height=\"351\"><\/a><\/p>\n<p style=\"text-align:center;\"><span><em>Piso del Puente Nuevo y calle de este nombre [a escasos metros del edificio de la derecha se encuentra la casa palacio de Vasco]. \u00abHistoria de L.M.N.Y.M.L. ciudad de Ronda\u00bb por Juan Jos\u00e9 Moreti. Ronda, 1867. Biblioteca-RMR<\/em><\/span><\/p>\n<p><span>Al d\u00eda siguiente, d\u00eda 20 de mayo, primero de la Feria, una multitud esperaba desde muy temprano a los duques. Sendas comisiones del cabildo eclesi\u00e1stico, el Ayuntamiento y la Real Maestranza acompa\u00f1aron al duque y a la infanta a la Iglesia Mayor. Concluido el oficio religioso regresaron nuevamente a su palacio. Por la tarde bajaron a los molinos del Tajo, quedando admirados de la contemplaci\u00f3n del Puente Nuevo desde el arranque de la obra.<\/span><\/p>\n<p><span>El segundo d\u00eda de Feria, 21 de mayo, por la ma\u00f1ana, tuvo lugar en el Consistorio el besamano de ordenanza. Por la tarde, SS.AA.RR. asistieron a la funci\u00f3n de toros, siendo recibidos por la comisi\u00f3n de la Real Maestranza nombrada al efecto en junta de 16 de mayo, formada por Francisco de Paula Romero, Francisco Javier Linares, Manuel G\u00f3mez de las Cortinas, Antonio Atienza y Aguado, Rafael de Giles y Rivero y Jos\u00e9 Mar\u00eda Holgado Moctezuma, ocupando el ostentoso palco preparado para la ocasi\u00f3n, siendo la primera vez que la Plaza de Toros era visitada por miembros de la Familia Real. Las entradas de grada baja costaron doce reales, y las de grada alta ocho.<\/span><\/p>\n<p style=\"text-align:center;\"><a href=\"https:\/\/www.rmcr.org\/2020\/05\/plaza-toros-ronda.jpg\"><img loading=\"lazy\" decoding=\"async\" class=\"aligncenter size-full wp-image-2599\" src=\"https:\/\/www.rmcr.org\/wp-content\/uploads\/2020\/05\/plaza-toros-ronda.jpg\" alt=\"\" width=\"470\" height=\"689\"><\/a><\/p>\n<p style=\"text-align:center;\"><span><em>Interior de la Plaza de Toros [donde se aprecian el Palco Real y la presidencia de las corridas sobre la puerta de chiqueros]. \u00abHistoria de L.M.N.Y.M.L. ciudad de Ronda\u00bb por Juan Jos\u00e9 Moreti. Ronda, 1867. Biblioteca-RMR<\/em><\/span><\/p>\n<p><span>En otro cap\u00edtulo de su \u00abHistoria\u00bb, el dedicado a la descripci\u00f3n de la Plaza de Toros, Moreti recoge que el palco reservado para las personas reales estaba siempre vedado con puertas de madera, ostentando dos escudos, \u00abel uno con las \u00e1rmas generales de la Pen\u00ednsula Espa\u00f1ola, y el otro con las del real Cuerpo de Maestranza\u00bb. Debajo hab\u00eda otro espacioso sitio con baranda de madera torneada. A continuaci\u00f3n, afirma que las gradas f\u00e1cilmente admit\u00edan a 6.000 espectadores, aunque en la funci\u00f3n de toros a la que asistieron los duques de Montpensier concurrieron m\u00e1s de 7.000 personas.<\/span><\/p>\n<p><span>El d\u00eda 22 de mayo, tercero de Feria, por la ma\u00f1ana, fue el momento elegido por el Cuerpo de Maestranza para presentar a Antonio de Orleans, por medio del Teniente de Hermano Mayor, Alonso Valdivia y Horrillo, el t\u00edtulo y ordenanzas de la corporaci\u00f3n, seg\u00fan se hab\u00eda acordado en junta general celebrada dos d\u00edas antes, quedando desde entonces inscrito como individuo de la misma, expresando el duque su m\u00e1s cumplido agradecimiento a toda la comitiva.&nbsp;Por la tarde, los duques visitaron los tres conventos de monjas, el Hospital Real, la c\u00e1rcel y la casa de maternidad, entregando sendos donativos en todos ellos.<\/span><\/p>\n<p style=\"text-align:center;\"><a href=\"https:\/\/www.rmcr.org\/2020\/05\/ordenanzas-duque-montpensier.jpg\"><img loading=\"lazy\" decoding=\"async\" class=\"aligncenter size-full wp-image-2609\" src=\"https:\/\/www.rmcr.org\/wp-content\/uploads\/2020\/05\/ordenanzas-duque-montpensier.jpg\" alt=\"\" width=\"470\" height=\"649\"><\/a><\/p>\n<p style=\"text-align:center;\"><span><em>Encuadernaci\u00f3n de lujo de las \u00ab<span class=\"fcr\">Ordenanzas<\/span> de la Real Maestranza de la M.N. y L. Ciudad de Ronda\u00bb que pertenecieron al duque de Montpensier, adquiridas en librer\u00eda anticuaria en febrero de 2018. Se ha sobreimpresionado el ex libris de Antoine d&#8217;Orl\u00e9ans que aparece en su interior para mayor referencia. Madrid, 1817. Biblioteca-RMR<\/em><\/span><\/p>\n<p><span>La ma\u00f1ana del d\u00eda 23 de mayo fue el momento se\u00f1alado para la salida de la ciudad de SS.AA.RR. Autoridades, personas de distinci\u00f3n y resto de la poblaci\u00f3n aguardaban en el Puente Nuevo y la plaza de la Constituci\u00f3n para despedir a los infantes al paso de los carruajes y la caballer\u00eda que los escoltaba. Los balcones y ventanas de las calles por donde deb\u00edan pasar estaban atestados de curiosos que transmit\u00edan el \u00faltimo adi\u00f3s a sus insignes hu\u00e9spedes, que llenos de satisfacci\u00f3n correspond\u00edan de la manera m\u00e1s afectuosa aquellas muestras de homenaje y respeto. Los ronde\u00f1os no se retiraron a sus respectivos quehaceres hasta que no perdieron de vista a los carruajes.<\/span><\/p>\n<p><span>En la actualidad, la vinculaci\u00f3n del duque de Montpensier con la ciudad y su instituci\u00f3n maestrante sigue latente, gracias a la exposici\u00f3n permanente en la Plaza y Museo de la Real Maestranza de Caballer\u00eda de Ronda de la colecci\u00f3n de la Real Guarnicioner\u00eda de la Casa de Orleans, que fuera propiedad de Antonio de Orleans, cuya sala est\u00e1 presidida por un retrato suyo que tambi\u00e9n le perteneci\u00f3 vestido con el uniforme de la Real Maestranza.&nbsp;<\/span><\/p>\n<p style=\"text-align:center;\"><a href=\"https:\/\/www.rmcr.org\/2020\/05\/antonio-orleans-maestrante.jpg\"><img loading=\"lazy\" decoding=\"async\" class=\"aligncenter size-full wp-image-2614\" src=\"https:\/\/www.rmcr.org\/wp-content\/uploads\/2020\/05\/antonio-orleans-maestrante.jpg\" alt=\"\" width=\"470\" height=\"741\"><\/a><\/p>\n<p style=\"text-align:center;\"><span><em>Retrato de Antonio Mar\u00eda de Orleans, duque de Montpensier, con el uniforme de la Real Maestranza de Caballer\u00eda de Ronda. Antonio Mar\u00eda Esquivel y Su\u00e1rez de Urbina (1806-1857). \u00d3leo sobre lienzo. Museo-RMR<\/em><\/span><\/p>\n<p><span><strong>Fuentes y bibliograf\u00eda<\/strong><\/span><\/p>\n<p><span><em>Libro de actas de acuerdos tomados en junta general 1819-1877<\/em>. Legajo 236. Archivo de la Real Maestranza de Caballer\u00eda de Ronda.<\/span><\/p>\n<p><span><em>Registro de cuentas del a\u00f1o 1849<\/em>. Legajo 104. Archivo de la Real Maestranza de Caballer\u00eda de Ronda.<\/span><\/p>\n<p><span><em>Blas\u00f3n de Espa\u00f1a : libro de oro de su nobleza : rese\u00f1a geneal\u00f3gica y descriptiva de la casa real, la grandeza de Espa\u00f1a y los t\u00edtulos de Castilla : parte primera, casa real y grandeza de Espa\u00f1a, tomo I<\/em> \/ por <strong>A. de Burgos.<\/strong> &#8212; Madrid : [s.n.], 1853 (Imprenta y Estereotipia de M. Rivadeneyra).<\/span><\/p>\n<p><span><em>Historia de L.M.N.Y.M.L. ciudad de Ronda<\/em> \/ escrita por <strong>Juan Jos\u00e9 Moreti.<\/strong> &#8212; Ronda : Establecimiento tipogr\u00e1fico del autor, 1867. &#8212; 858 p., [11] h. de l\u00e1m. : il. ; 22 cm.<\/span><\/p>\n<p><span><em>La Sevilla de los Montpensier : segunda corte de Espa\u00f1a<\/em> \/ <strong>Vicente Lle\u00f3 Ca\u00f1al<\/strong> ; semblanza biogr\u00e1fica de los Montpensier por <strong>Vicente Gonz\u00e1lez Barber\u00e1n.<\/strong> &#8212; Sevilla : Fundaci\u00f3n Fondo de Cultura de Sevilla, 1997. &#8212; 251 p. ; 28 cm. &#8212; D.L. M. 41661-1997. &#8212; ISBN 84-89895-00-7.<\/span><\/p>\n<p><span><em>Los Infantes de Andaluc\u00eda<\/em> \/ <strong>Ricardo Mateos S\u00e1inz de Medrano<\/strong> ; [pr\u00f3logo por <strong>Rafael Atienza<\/strong> ; ep\u00edlogo por <strong>Vicente Gonz\u00e1lez Barber\u00e1n<\/strong>]. &#8212; Madrid : Velec\u00edo : Fundaci\u00f3n Infantes Duques de Montpensier , 2005. &#8212; 318 p. ; 24 cm. &#8212; D.L. M. 34846-2005. &#8212; ISBN 84-933530-5-1.<\/span><\/p>\n<p><span><em>Montpensier, biograf\u00eda de una obsesi\u00f3n<\/em> \/ <strong>Jos\u00e9 Carlos Garc\u00eda Rodr\u00edguez<\/strong> ; pr\u00f3logo de <strong>Ricardo Mateos y S\u00e1inz de Medrano<\/strong>. &#8212; C\u00f3rdoba : Almuzara, 2015. &#8212;&nbsp;396 p., [32] p. de l\u00e1m. ; 24 cm. &#8212; (Memorias y biograf\u00edas). &#8212; D.L. CO. 266-2015. &#8212; ISBN 978-84-16392-00-1.<\/span><\/p>\n","protected":false},"excerpt":{"rendered":"<p>\u00b7&nbsp;ART\u00cdCULO \u00b7 \u00b7 BIBLIOTECA DE LA REAL MAESTRANZA DE CABALLER\u00cdA DE RONDA \u00b7 \u00b7 MAYO 2020 \u00b7 \u00b7 FONDO RONDA \u00b7 Desde la concesi\u00f3n del privilegio de su celebraci\u00f3n a principios del siglo XVI, la Feria de Mayo de Ronda del a\u00f1o 1849 no fue una m\u00e1s en el calendario festivo-comercial de la ciudad, gracias [&hellip;]<\/p>\n","protected":false},"author":2,"featured_media":14363,"comment_status":"open","ping_status":"open","sticky":false,"template":"","format":"standard","meta":{"footnotes":""},"categories":[140,791],"tags":[242,105,252,176,243,172,137,114],"class_list":["post-6232","post","type-post","status-publish","format-standard","has-post-thumbnail","hentry","category-biblioteca","category-boletin-bibliografico-biblioteca-rmr","tag-antonio-de-orleans","tag-biblioteca-general","tag-biblioteca-rmr","tag-boletin-mensual-bibliografico","tag-duques-de-montpensier","tag-historia","tag-libros","tag-ronda"],"yoast_head":"<!-- This site is optimized with the Yoast SEO plugin v27.5 - https:\/\/yoast.com\/product\/yoast-seo-wordpress\/ -->\n<title>Biblioteca-RMR: N\u00ba 79. La visita de los duques de Montpensier a Ronda en la Feria de Mayo de 1849. Mayo 2020. - Real Maestranza de Caballer\u00eda de Ronda<\/title>\n<meta name=\"robots\" content=\"index, follow, max-snippet:-1, max-image-preview:large, max-video-preview:-1\" \/>\n<link rel=\"canonical\" href=\"https:\/\/www.rmcr.org\/en\/2020\/05\/21\/biblioteca-rmr-no-79-la-visita-de-los-duques-de-montpensier-a-ronda-en-la-feria-de-mayo-de-1849-mayo-2020\/\" \/>\n<meta property=\"og:locale\" content=\"en_US\" \/>\n<meta property=\"og:type\" content=\"article\" \/>\n<meta property=\"og:title\" content=\"Biblioteca-RMR: N\u00ba 79. La visita de los duques de Montpensier a Ronda en la Feria de Mayo de 1849. Mayo 2020. - Real Maestranza de Caballer\u00eda de Ronda\" \/>\n<meta property=\"og:description\" content=\"\u00b7&nbsp;ART\u00cdCULO \u00b7 \u00b7 BIBLIOTECA DE LA REAL MAESTRANZA DE CABALLER\u00cdA DE RONDA \u00b7 \u00b7 MAYO 2020 \u00b7 \u00b7 FONDO RONDA \u00b7 Desde la concesi\u00f3n del privilegio de su celebraci\u00f3n a principios del siglo XVI, la Feria de Mayo de Ronda del a\u00f1o 1849 no fue una m\u00e1s en el calendario festivo-comercial de la ciudad, gracias [&hellip;]\" \/>\n<meta property=\"og:url\" content=\"https:\/\/www.rmcr.org\/en\/2020\/05\/21\/biblioteca-rmr-no-79-la-visita-de-los-duques-de-montpensier-a-ronda-en-la-feria-de-mayo-de-1849-mayo-2020\/\" \/>\n<meta property=\"og:site_name\" content=\"Real Maestranza de Caballer\u00eda de Ronda\" \/>\n<meta property=\"article:publisher\" content=\"https:\/\/www.facebook.com\/plazadetorosronda\" \/>\n<meta property=\"article:published_time\" content=\"2020-05-21T11:31:15+00:00\" \/>\n<meta property=\"article:modified_time\" content=\"2025-04-03T08:35:39+00:00\" \/>\n<meta property=\"og:image\" content=\"https:\/\/www.rmcr.org\/wp-content\/uploads\/2020\/05\/79.webp\" \/>\n\t<meta property=\"og:image:width\" content=\"470\" \/>\n\t<meta property=\"og:image:height\" content=\"140\" \/>\n\t<meta property=\"og:image:type\" content=\"image\/webp\" \/>\n<meta name=\"author\" content=\"BIBLIOTECA\" \/>\n<meta name=\"twitter:card\" content=\"summary_large_image\" \/>\n<meta name=\"twitter:creator\" content=\"@PlazatorosRMR\" \/>\n<meta name=\"twitter:site\" content=\"@PlazatorosRMR\" \/>\n<meta name=\"twitter:label1\" content=\"Written by\" \/>\n\t<meta name=\"twitter:data1\" content=\"BIBLIOTECA\" \/>\n\t<meta name=\"twitter:label2\" content=\"Est. reading time\" \/>\n\t<meta name=\"twitter:data2\" content=\"12 minutes\" \/>\n<script type=\"application\/ld+json\" class=\"yoast-schema-graph\">{\"@context\":\"https:\\\/\\\/schema.org\",\"@graph\":[{\"@type\":\"Article\",\"@id\":\"https:\\\/\\\/www.rmcr.org\\\/en\\\/2020\\\/05\\\/21\\\/biblioteca-rmr-no-79-la-visita-de-los-duques-de-montpensier-a-ronda-en-la-feria-de-mayo-de-1849-mayo-2020\\\/#article\",\"isPartOf\":{\"@id\":\"https:\\\/\\\/www.rmcr.org\\\/en\\\/2020\\\/05\\\/21\\\/biblioteca-rmr-no-79-la-visita-de-los-duques-de-montpensier-a-ronda-en-la-feria-de-mayo-de-1849-mayo-2020\\\/\"},\"author\":{\"name\":\"BIBLIOTECA\",\"@id\":\"https:\\\/\\\/www.rmcr.org\\\/en\\\/#\\\/schema\\\/person\\\/80849edee7ef556893505128619ea1d0\"},\"headline\":\"Biblioteca-RMR: N\u00ba 79. La visita de los duques de Montpensier a Ronda en la Feria de Mayo de 1849. Mayo 2020.\",\"datePublished\":\"2020-05-21T11:31:15+00:00\",\"dateModified\":\"2025-04-03T08:35:39+00:00\",\"mainEntityOfPage\":{\"@id\":\"https:\\\/\\\/www.rmcr.org\\\/en\\\/2020\\\/05\\\/21\\\/biblioteca-rmr-no-79-la-visita-de-los-duques-de-montpensier-a-ronda-en-la-feria-de-mayo-de-1849-mayo-2020\\\/\"},\"wordCount\":2415,\"commentCount\":0,\"publisher\":{\"@id\":\"https:\\\/\\\/www.rmcr.org\\\/en\\\/#organization\"},\"image\":{\"@id\":\"https:\\\/\\\/www.rmcr.org\\\/en\\\/2020\\\/05\\\/21\\\/biblioteca-rmr-no-79-la-visita-de-los-duques-de-montpensier-a-ronda-en-la-feria-de-mayo-de-1849-mayo-2020\\\/#primaryimage\"},\"thumbnailUrl\":\"https:\\\/\\\/www.rmcr.org\\\/wp-content\\\/uploads\\\/2020\\\/05\\\/79.webp\",\"keywords\":[\"Antonio de Orleans\",\"Biblioteca\",\"Biblioteca-RMR\",\"Bolet\u00edn mensual bibliogr\u00e1fico\",\"Duques de Montpensier\",\"Historia\",\"Libros\",\"Ronda\"],\"articleSection\":[\"Biblioteca\",\"Bolet\u00edn bibliogr\u00e1fico Biblioteca-RMR\"],\"inLanguage\":\"en-US\",\"potentialAction\":[{\"@type\":\"CommentAction\",\"name\":\"Comment\",\"target\":[\"https:\\\/\\\/www.rmcr.org\\\/en\\\/2020\\\/05\\\/21\\\/biblioteca-rmr-no-79-la-visita-de-los-duques-de-montpensier-a-ronda-en-la-feria-de-mayo-de-1849-mayo-2020\\\/#respond\"]}]},{\"@type\":\"WebPage\",\"@id\":\"https:\\\/\\\/www.rmcr.org\\\/en\\\/2020\\\/05\\\/21\\\/biblioteca-rmr-no-79-la-visita-de-los-duques-de-montpensier-a-ronda-en-la-feria-de-mayo-de-1849-mayo-2020\\\/\",\"url\":\"https:\\\/\\\/www.rmcr.org\\\/en\\\/2020\\\/05\\\/21\\\/biblioteca-rmr-no-79-la-visita-de-los-duques-de-montpensier-a-ronda-en-la-feria-de-mayo-de-1849-mayo-2020\\\/\",\"name\":\"Biblioteca-RMR: N\u00ba 79. La visita de los duques de Montpensier a Ronda en la Feria de Mayo de 1849. Mayo 2020. - Real Maestranza de Caballer\u00eda de Ronda\",\"isPartOf\":{\"@id\":\"https:\\\/\\\/www.rmcr.org\\\/en\\\/#website\"},\"primaryImageOfPage\":{\"@id\":\"https:\\\/\\\/www.rmcr.org\\\/en\\\/2020\\\/05\\\/21\\\/biblioteca-rmr-no-79-la-visita-de-los-duques-de-montpensier-a-ronda-en-la-feria-de-mayo-de-1849-mayo-2020\\\/#primaryimage\"},\"image\":{\"@id\":\"https:\\\/\\\/www.rmcr.org\\\/en\\\/2020\\\/05\\\/21\\\/biblioteca-rmr-no-79-la-visita-de-los-duques-de-montpensier-a-ronda-en-la-feria-de-mayo-de-1849-mayo-2020\\\/#primaryimage\"},\"thumbnailUrl\":\"https:\\\/\\\/www.rmcr.org\\\/wp-content\\\/uploads\\\/2020\\\/05\\\/79.webp\",\"datePublished\":\"2020-05-21T11:31:15+00:00\",\"dateModified\":\"2025-04-03T08:35:39+00:00\",\"breadcrumb\":{\"@id\":\"https:\\\/\\\/www.rmcr.org\\\/en\\\/2020\\\/05\\\/21\\\/biblioteca-rmr-no-79-la-visita-de-los-duques-de-montpensier-a-ronda-en-la-feria-de-mayo-de-1849-mayo-2020\\\/#breadcrumb\"},\"inLanguage\":\"en-US\",\"potentialAction\":[{\"@type\":\"ReadAction\",\"target\":[\"https:\\\/\\\/www.rmcr.org\\\/en\\\/2020\\\/05\\\/21\\\/biblioteca-rmr-no-79-la-visita-de-los-duques-de-montpensier-a-ronda-en-la-feria-de-mayo-de-1849-mayo-2020\\\/\"]}]},{\"@type\":\"ImageObject\",\"inLanguage\":\"en-US\",\"@id\":\"https:\\\/\\\/www.rmcr.org\\\/en\\\/2020\\\/05\\\/21\\\/biblioteca-rmr-no-79-la-visita-de-los-duques-de-montpensier-a-ronda-en-la-feria-de-mayo-de-1849-mayo-2020\\\/#primaryimage\",\"url\":\"https:\\\/\\\/www.rmcr.org\\\/wp-content\\\/uploads\\\/2020\\\/05\\\/79.webp\",\"contentUrl\":\"https:\\\/\\\/www.rmcr.org\\\/wp-content\\\/uploads\\\/2020\\\/05\\\/79.webp\",\"width\":470,\"height\":140},{\"@type\":\"BreadcrumbList\",\"@id\":\"https:\\\/\\\/www.rmcr.org\\\/en\\\/2020\\\/05\\\/21\\\/biblioteca-rmr-no-79-la-visita-de-los-duques-de-montpensier-a-ronda-en-la-feria-de-mayo-de-1849-mayo-2020\\\/#breadcrumb\",\"itemListElement\":[{\"@type\":\"ListItem\",\"position\":1,\"name\":\"REAL MAESTRANZA DE CABALLER\u00cdA DE RONDA\",\"item\":\"https:\\\/\\\/www.rmcr.org\\\/en\\\/\"},{\"@type\":\"ListItem\",\"position\":2,\"name\":\"Biblioteca-RMR: N\u00ba 79. La visita de los duques de Montpensier a Ronda en la Feria de Mayo de 1849. Mayo 2020.\"}]},{\"@type\":\"WebSite\",\"@id\":\"https:\\\/\\\/www.rmcr.org\\\/en\\\/#website\",\"url\":\"https:\\\/\\\/www.rmcr.org\\\/en\\\/\",\"name\":\"Real Maestranza de Caballer\u00eda de Ronda\",\"description\":\"Real Maestranza de Caballer\u00eda de Ronda\",\"publisher\":{\"@id\":\"https:\\\/\\\/www.rmcr.org\\\/en\\\/#organization\"},\"alternateName\":\"RMCR\",\"potentialAction\":[{\"@type\":\"SearchAction\",\"target\":{\"@type\":\"EntryPoint\",\"urlTemplate\":\"https:\\\/\\\/www.rmcr.org\\\/en\\\/?s={search_term_string}\"},\"query-input\":{\"@type\":\"PropertyValueSpecification\",\"valueRequired\":true,\"valueName\":\"search_term_string\"}}],\"inLanguage\":\"en-US\"},{\"@type\":\"Organization\",\"@id\":\"https:\\\/\\\/www.rmcr.org\\\/en\\\/#organization\",\"name\":\"Real Maestranza de Caballer\u00eda de Ronda\",\"alternateName\":\"RMR\",\"url\":\"https:\\\/\\\/www.rmcr.org\\\/en\\\/\",\"logo\":{\"@type\":\"ImageObject\",\"inLanguage\":\"en-US\",\"@id\":\"https:\\\/\\\/www.rmcr.org\\\/en\\\/#\\\/schema\\\/logo\\\/image\\\/\",\"url\":\"https:\\\/\\\/www.rmcr.org\\\/wp-content\\\/uploads\\\/2022\\\/07\\\/logo-rmr-blue.svg\",\"contentUrl\":\"https:\\\/\\\/www.rmcr.org\\\/wp-content\\\/uploads\\\/2022\\\/07\\\/logo-rmr-blue.svg\",\"width\":131,\"height\":129,\"caption\":\"Real Maestranza de Caballer\u00eda de Ronda\"},\"image\":{\"@id\":\"https:\\\/\\\/www.rmcr.org\\\/en\\\/#\\\/schema\\\/logo\\\/image\\\/\"},\"sameAs\":[\"https:\\\/\\\/www.facebook.com\\\/plazadetorosronda\",\"https:\\\/\\\/x.com\\\/PlazatorosRMR\",\"https:\\\/\\\/www.instagram.com\\\/realmaestranzaderonda\\\/\",\"https:\\\/\\\/www.youtube.com\\\/channel\\\/UCrbO5IUN-8v_QML739vM4zg\\\/videos\"]},{\"@type\":\"Person\",\"@id\":\"https:\\\/\\\/www.rmcr.org\\\/en\\\/#\\\/schema\\\/person\\\/80849edee7ef556893505128619ea1d0\",\"name\":\"BIBLIOTECA\",\"image\":{\"@type\":\"ImageObject\",\"inLanguage\":\"en-US\",\"@id\":\"https:\\\/\\\/www.rmcr.org\\\/wp-content\\\/uploads\\\/2022\\\/11\\\/avatar-rmcr-96x96.png\",\"url\":\"https:\\\/\\\/www.rmcr.org\\\/wp-content\\\/uploads\\\/2022\\\/11\\\/avatar-rmcr-96x96.png\",\"contentUrl\":\"https:\\\/\\\/www.rmcr.org\\\/wp-content\\\/uploads\\\/2022\\\/11\\\/avatar-rmcr-96x96.png\",\"caption\":\"BIBLIOTECA\"},\"url\":\"https:\\\/\\\/www.rmcr.org\\\/en\\\/author\\\/juan-antonio-moreno\\\/\"}]}<\/script>\n<!-- \/ Yoast SEO plugin. -->","yoast_head_json":{"title":"Biblioteca-RMR: N\u00ba 79. La visita de los duques de Montpensier a Ronda en la Feria de Mayo de 1849. Mayo 2020. - Real Maestranza de Caballer\u00eda de Ronda","robots":{"index":"index","follow":"follow","max-snippet":"max-snippet:-1","max-image-preview":"max-image-preview:large","max-video-preview":"max-video-preview:-1"},"canonical":"https:\/\/www.rmcr.org\/en\/2020\/05\/21\/biblioteca-rmr-no-79-la-visita-de-los-duques-de-montpensier-a-ronda-en-la-feria-de-mayo-de-1849-mayo-2020\/","og_locale":"en_US","og_type":"article","og_title":"Biblioteca-RMR: N\u00ba 79. La visita de los duques de Montpensier a Ronda en la Feria de Mayo de 1849. Mayo 2020. - Real Maestranza de Caballer\u00eda de Ronda","og_description":"\u00b7&nbsp;ART\u00cdCULO \u00b7 \u00b7 BIBLIOTECA DE LA REAL MAESTRANZA DE CABALLER\u00cdA DE RONDA \u00b7 \u00b7 MAYO 2020 \u00b7 \u00b7 FONDO RONDA \u00b7 Desde la concesi\u00f3n del privilegio de su celebraci\u00f3n a principios del siglo XVI, la Feria de Mayo de Ronda del a\u00f1o 1849 no fue una m\u00e1s en el calendario festivo-comercial de la ciudad, gracias [&hellip;]","og_url":"https:\/\/www.rmcr.org\/en\/2020\/05\/21\/biblioteca-rmr-no-79-la-visita-de-los-duques-de-montpensier-a-ronda-en-la-feria-de-mayo-de-1849-mayo-2020\/","og_site_name":"Real Maestranza de Caballer\u00eda de Ronda","article_publisher":"https:\/\/www.facebook.com\/plazadetorosronda","article_published_time":"2020-05-21T11:31:15+00:00","article_modified_time":"2025-04-03T08:35:39+00:00","og_image":[{"width":470,"height":140,"url":"https:\/\/www.rmcr.org\/wp-content\/uploads\/2020\/05\/79.webp","type":"image\/webp"}],"author":"BIBLIOTECA","twitter_card":"summary_large_image","twitter_creator":"@PlazatorosRMR","twitter_site":"@PlazatorosRMR","twitter_misc":{"Written by":"BIBLIOTECA","Est. reading time":"12 minutes"},"schema":{"@context":"https:\/\/schema.org","@graph":[{"@type":"Article","@id":"https:\/\/www.rmcr.org\/en\/2020\/05\/21\/biblioteca-rmr-no-79-la-visita-de-los-duques-de-montpensier-a-ronda-en-la-feria-de-mayo-de-1849-mayo-2020\/#article","isPartOf":{"@id":"https:\/\/www.rmcr.org\/en\/2020\/05\/21\/biblioteca-rmr-no-79-la-visita-de-los-duques-de-montpensier-a-ronda-en-la-feria-de-mayo-de-1849-mayo-2020\/"},"author":{"name":"BIBLIOTECA","@id":"https:\/\/www.rmcr.org\/en\/#\/schema\/person\/80849edee7ef556893505128619ea1d0"},"headline":"Biblioteca-RMR: N\u00ba 79. La visita de los duques de Montpensier a Ronda en la Feria de Mayo de 1849. Mayo 2020.","datePublished":"2020-05-21T11:31:15+00:00","dateModified":"2025-04-03T08:35:39+00:00","mainEntityOfPage":{"@id":"https:\/\/www.rmcr.org\/en\/2020\/05\/21\/biblioteca-rmr-no-79-la-visita-de-los-duques-de-montpensier-a-ronda-en-la-feria-de-mayo-de-1849-mayo-2020\/"},"wordCount":2415,"commentCount":0,"publisher":{"@id":"https:\/\/www.rmcr.org\/en\/#organization"},"image":{"@id":"https:\/\/www.rmcr.org\/en\/2020\/05\/21\/biblioteca-rmr-no-79-la-visita-de-los-duques-de-montpensier-a-ronda-en-la-feria-de-mayo-de-1849-mayo-2020\/#primaryimage"},"thumbnailUrl":"https:\/\/www.rmcr.org\/wp-content\/uploads\/2020\/05\/79.webp","keywords":["Antonio de Orleans","Biblioteca","Biblioteca-RMR","Bolet\u00edn mensual bibliogr\u00e1fico","Duques de Montpensier","Historia","Libros","Ronda"],"articleSection":["Biblioteca","Bolet\u00edn bibliogr\u00e1fico Biblioteca-RMR"],"inLanguage":"en-US","potentialAction":[{"@type":"CommentAction","name":"Comment","target":["https:\/\/www.rmcr.org\/en\/2020\/05\/21\/biblioteca-rmr-no-79-la-visita-de-los-duques-de-montpensier-a-ronda-en-la-feria-de-mayo-de-1849-mayo-2020\/#respond"]}]},{"@type":"WebPage","@id":"https:\/\/www.rmcr.org\/en\/2020\/05\/21\/biblioteca-rmr-no-79-la-visita-de-los-duques-de-montpensier-a-ronda-en-la-feria-de-mayo-de-1849-mayo-2020\/","url":"https:\/\/www.rmcr.org\/en\/2020\/05\/21\/biblioteca-rmr-no-79-la-visita-de-los-duques-de-montpensier-a-ronda-en-la-feria-de-mayo-de-1849-mayo-2020\/","name":"Biblioteca-RMR: N\u00ba 79. La visita de los duques de Montpensier a Ronda en la Feria de Mayo de 1849. Mayo 2020. - Real Maestranza de Caballer\u00eda de Ronda","isPartOf":{"@id":"https:\/\/www.rmcr.org\/en\/#website"},"primaryImageOfPage":{"@id":"https:\/\/www.rmcr.org\/en\/2020\/05\/21\/biblioteca-rmr-no-79-la-visita-de-los-duques-de-montpensier-a-ronda-en-la-feria-de-mayo-de-1849-mayo-2020\/#primaryimage"},"image":{"@id":"https:\/\/www.rmcr.org\/en\/2020\/05\/21\/biblioteca-rmr-no-79-la-visita-de-los-duques-de-montpensier-a-ronda-en-la-feria-de-mayo-de-1849-mayo-2020\/#primaryimage"},"thumbnailUrl":"https:\/\/www.rmcr.org\/wp-content\/uploads\/2020\/05\/79.webp","datePublished":"2020-05-21T11:31:15+00:00","dateModified":"2025-04-03T08:35:39+00:00","breadcrumb":{"@id":"https:\/\/www.rmcr.org\/en\/2020\/05\/21\/biblioteca-rmr-no-79-la-visita-de-los-duques-de-montpensier-a-ronda-en-la-feria-de-mayo-de-1849-mayo-2020\/#breadcrumb"},"inLanguage":"en-US","potentialAction":[{"@type":"ReadAction","target":["https:\/\/www.rmcr.org\/en\/2020\/05\/21\/biblioteca-rmr-no-79-la-visita-de-los-duques-de-montpensier-a-ronda-en-la-feria-de-mayo-de-1849-mayo-2020\/"]}]},{"@type":"ImageObject","inLanguage":"en-US","@id":"https:\/\/www.rmcr.org\/en\/2020\/05\/21\/biblioteca-rmr-no-79-la-visita-de-los-duques-de-montpensier-a-ronda-en-la-feria-de-mayo-de-1849-mayo-2020\/#primaryimage","url":"https:\/\/www.rmcr.org\/wp-content\/uploads\/2020\/05\/79.webp","contentUrl":"https:\/\/www.rmcr.org\/wp-content\/uploads\/2020\/05\/79.webp","width":470,"height":140},{"@type":"BreadcrumbList","@id":"https:\/\/www.rmcr.org\/en\/2020\/05\/21\/biblioteca-rmr-no-79-la-visita-de-los-duques-de-montpensier-a-ronda-en-la-feria-de-mayo-de-1849-mayo-2020\/#breadcrumb","itemListElement":[{"@type":"ListItem","position":1,"name":"REAL MAESTRANZA DE CABALLER\u00cdA DE RONDA","item":"https:\/\/www.rmcr.org\/en\/"},{"@type":"ListItem","position":2,"name":"Biblioteca-RMR: N\u00ba 79. La visita de los duques de Montpensier a Ronda en la Feria de Mayo de 1849. Mayo 2020."}]},{"@type":"WebSite","@id":"https:\/\/www.rmcr.org\/en\/#website","url":"https:\/\/www.rmcr.org\/en\/","name":"Real Maestranza de Caballer\u00eda de Ronda","description":"Real Maestranza de Caballer\u00eda de Ronda","publisher":{"@id":"https:\/\/www.rmcr.org\/en\/#organization"},"alternateName":"RMCR","potentialAction":[{"@type":"SearchAction","target":{"@type":"EntryPoint","urlTemplate":"https:\/\/www.rmcr.org\/en\/?s={search_term_string}"},"query-input":{"@type":"PropertyValueSpecification","valueRequired":true,"valueName":"search_term_string"}}],"inLanguage":"en-US"},{"@type":"Organization","@id":"https:\/\/www.rmcr.org\/en\/#organization","name":"Real Maestranza de Caballer\u00eda de Ronda","alternateName":"RMR","url":"https:\/\/www.rmcr.org\/en\/","logo":{"@type":"ImageObject","inLanguage":"en-US","@id":"https:\/\/www.rmcr.org\/en\/#\/schema\/logo\/image\/","url":"https:\/\/www.rmcr.org\/wp-content\/uploads\/2022\/07\/logo-rmr-blue.svg","contentUrl":"https:\/\/www.rmcr.org\/wp-content\/uploads\/2022\/07\/logo-rmr-blue.svg","width":131,"height":129,"caption":"Real Maestranza de Caballer\u00eda de Ronda"},"image":{"@id":"https:\/\/www.rmcr.org\/en\/#\/schema\/logo\/image\/"},"sameAs":["https:\/\/www.facebook.com\/plazadetorosronda","https:\/\/x.com\/PlazatorosRMR","https:\/\/www.instagram.com\/realmaestranzaderonda\/","https:\/\/www.youtube.com\/channel\/UCrbO5IUN-8v_QML739vM4zg\/videos"]},{"@type":"Person","@id":"https:\/\/www.rmcr.org\/en\/#\/schema\/person\/80849edee7ef556893505128619ea1d0","name":"BIBLIOTECA","image":{"@type":"ImageObject","inLanguage":"en-US","@id":"https:\/\/www.rmcr.org\/wp-content\/uploads\/2022\/11\/avatar-rmcr-96x96.png","url":"https:\/\/www.rmcr.org\/wp-content\/uploads\/2022\/11\/avatar-rmcr-96x96.png","contentUrl":"https:\/\/www.rmcr.org\/wp-content\/uploads\/2022\/11\/avatar-rmcr-96x96.png","caption":"BIBLIOTECA"},"url":"https:\/\/www.rmcr.org\/en\/author\/juan-antonio-moreno\/"}]}},"_links":{"self":[{"href":"https:\/\/www.rmcr.org\/en\/wp-json\/wp\/v2\/posts\/6232","targetHints":{"allow":["GET"]}}],"collection":[{"href":"https:\/\/www.rmcr.org\/en\/wp-json\/wp\/v2\/posts"}],"about":[{"href":"https:\/\/www.rmcr.org\/en\/wp-json\/wp\/v2\/types\/post"}],"author":[{"embeddable":true,"href":"https:\/\/www.rmcr.org\/en\/wp-json\/wp\/v2\/users\/2"}],"replies":[{"embeddable":true,"href":"https:\/\/www.rmcr.org\/en\/wp-json\/wp\/v2\/comments?post=6232"}],"version-history":[{"count":1,"href":"https:\/\/www.rmcr.org\/en\/wp-json\/wp\/v2\/posts\/6232\/revisions"}],"predecessor-version":[{"id":14365,"href":"https:\/\/www.rmcr.org\/en\/wp-json\/wp\/v2\/posts\/6232\/revisions\/14365"}],"wp:featuredmedia":[{"embeddable":true,"href":"https:\/\/www.rmcr.org\/en\/wp-json\/wp\/v2\/media\/14363"}],"wp:attachment":[{"href":"https:\/\/www.rmcr.org\/en\/wp-json\/wp\/v2\/media?parent=6232"}],"wp:term":[{"taxonomy":"category","embeddable":true,"href":"https:\/\/www.rmcr.org\/en\/wp-json\/wp\/v2\/categories?post=6232"},{"taxonomy":"post_tag","embeddable":true,"href":"https:\/\/www.rmcr.org\/en\/wp-json\/wp\/v2\/tags?post=6232"}],"curies":[{"name":"wp","href":"https:\/\/api.w.org\/{rel}","templated":true}]}}