{"id":6231,"date":"2020-05-14T15:23:37","date_gmt":"2020-05-14T15:23:37","guid":{"rendered":"https:\/\/www.rmcr.org\/?p=6231"},"modified":"2025-04-04T08:55:56","modified_gmt":"2025-04-04T08:55:56","slug":"documentos-en-el-archivo-de-la-rmr-no21-2020-asiento-de-las-cosas-de-ronda-1485","status":"publish","type":"post","link":"https:\/\/www.rmcr.org\/en\/2020\/05\/14\/documentos-en-el-archivo-de-la-rmr-no21-2020-asiento-de-las-cosas-de-ronda-1485\/","title":{"rendered":"Documentos en el Archivo de la RMR n\u00ba21-2020 &#8220;Asiento de las cosas de Ronda&#8221; 1485."},"content":{"rendered":"<h4 style=\"text-align:center;\">Archivo Hist\u00f3rico de la Real Maestranza de Caballer\u00eda de Ronda<\/h4>\n<h4 style=\"text-align:center;\">Fondo de Archivos Privados RMR &#8211; Colecci\u00f3n documental hist\u00f3rica Rafael Aguilera<\/h4>\n<p style=\"padding-left:200px;\"><em>Siempre es emocionante asistir al nacimiento, o al menos a la transformaci\u00f3n esencial, de una ciudad. <\/em><em>(Carriazo Arrioqu\u00eda). <\/em><\/p>\n<p style=\"text-align:justify;\">A\u00f1o de 1485, se abre una nueva etapa para la conquista del Reino de Granada. A principios de a\u00f1o se prepara la campa\u00f1a militar para la primavera.&nbsp; Parad\u00f3jicamente, al igual que hoy, se vio afectada por una epidemia de peste en la ciudad de Sevilla y sus distritos, incluso los Reyes tuvieron que abandonar la ciudad hispalense y prescindir de parte de las tropas que le correspond\u00edan a esta zona para la campa\u00f1a. El importante contingente militar reunido por los Reyes Cat\u00f3licos se concentr\u00f3 en la ciudad de C\u00f3rdoba, partiendo hac\u00eda sus objetivos en la zona de M\u00e1laga, en el mes abril. Tras una serie de victorias: C\u00e1rtama, Co\u00edn, Alhaur\u00edn, Churriana&#8230;etc. y, cuando parec\u00eda que iban a sitiar la capital malague\u00f1a, los Reyes Cat\u00f3licos, ponen su mirada en la ciudad de Ronda. El <strong>22 de mayo de 1485<\/strong>, tras un prolongado asedio, las tropas cristianas entran en una de las ciudades m\u00e1s bellas y principales del reino nazar\u00ed.<\/p>\n<p><img fetchpriority=\"high\" decoding=\"async\" class=\"alignnone size-full wp-image-2568\" src=\"https:\/\/www.rmcr.org\/wp-content\/uploads\/2020\/05\/a.f.c37-n169-1-nueva-sala-17-e1589468568260.jpg\" alt=\"A.f.C37-n169-1 Nueva sala (17)\" width=\"1701\" height=\"1161\"><\/p>\n<h6 style=\"text-align:center;\">Tabla con la representaci\u00f3n de la toma de la ciudad de Ronda. Siller\u00eda del coro de la Catedral de Toledo.<\/h6>\n<p style=\"text-align:justify;\">Con esta nueva entrada en el blog de cultura de la RMR, dedicada a la historia de Ronda, queremos recordar este hecho hist\u00f3rico, dada la cercan\u00eda de la fecha. Como siempre a trav\u00e9s de los documentos que se conservan en el archivo hist\u00f3rico de la Real Maestranza de Caballer\u00eda de Ronda.<\/p>\n<p style=\"text-align:justify;\">La extensi\u00f3n de terreno ganado al reino nazar\u00ed, en esta campa\u00f1a fue tal, que supuso un nuevo planteamiento en la ordenaci\u00f3n y administraci\u00f3n del territorio. Despu\u00e9s de la toma de la ciudad, los actos promovidos por este documento, son uno de los hechos m\u00e1s importantes para las nuevas ciudades. Aunque se conocen documentos de la \u00e9poca relacionados con Ronda, incluso un d\u00eda despu\u00e9s de su conquista (Tumbo de los Reyes Cat\u00f3licos), \u00e9stos son copias. Este documento probablemente sea uno de los documentos originales m\u00e1s antiguos, una vez incorporada la ciudad a la corona de Castilla.<\/p>\n<p style=\"text-align:justify;\"><img decoding=\"async\" class=\" wp-image-2570 aligncenter\" src=\"https:\/\/www.rmcr.org\/wp-content\/uploads\/2020\/05\/l789-c1-prv-agu-002.jpg\" alt=\"L789-C1 Prv-Agu 002\" width=\"400\" height=\"567\"><\/p>\n<h6 style=\"text-align:center;\">Portada del documento \u201cAsiento de las cosas de Ronda\u201d, 1485<\/h6>\n<h6 style=\"text-align:center;\">Sig.Leg.789-C1 Fondos Privados RMR<\/h6>\n<p style=\"text-align:justify;\">Es el conocido como <strong>\u201cAsiento de las cosas de Ronda\u201d<\/strong>, fechado en la ciudad de C\u00f3rdoba a 25 de julio de 1485, por el cual los Reyes Cat\u00f3licos, dotan a la ciudad de Ronda del fuero que Fernando III otorg\u00f3 a la ciudad de Sevilla. La corona provee al territorio y a sus moradores de un corpus normativo y una estructura organizativa por el que regirse. Adem\u00e1s del repartimiento de la tierra, sus repobladores, primeros cargos y oficios p\u00fablicos, collaciones&#8230;etc. Sin embargo, <em>\u201clas cosas de Ronda no marcharon bien, y <\/em>[de nuevo]<em> una epidemia que <\/em><em>sobrevino dificult\u00f3 la repoblaci\u00f3n de la ciudad, abandonada por muchos de sus vecinos de primera hora. En vista de ello, los Reyes, por su carta de Sevilla 20 de marzo de 1490, mandaron al bachiller Juan Alfonso Serrano que fuese a Ronda e hiciese pesquisa de los repartimientos y de las ventas y acumulaciones de bienes, y de c\u00f3mo viven los vecinos, y de qu\u00e9 tierras quedaban por repartir (\u2026) como resul<\/em><em>tado de esa orden real es una reforma general del Repartimiento, realizada por nuestro bachiller Serrano, confirmad<\/em><em>o<\/em><em> por los Reyes Cat\u00f3licos en su campamento sobre Granada el d\u00eda 6 de septiembre de 1491\u2026(Carriazo Arrioquia)\u201d<\/em> y cuyo resultado documental es el actual Libro de Repartimientos del Bachiller Serrano de 1491 que se encuentra en el archivo municipal de Ronda.<\/p>\n<p style=\"text-align:justify;\">En esta entrada nos limitaremos a la descripci\u00f3n archiv\u00edstica del documento, ya que, existen estudios especializados sobre el tema. Entre ellos dos fundamentales para la contextualizaci\u00f3n hist\u00f3rica, el conocimiento de los hechos que rodean su producci\u00f3n y su transcripci\u00f3n. Por un lado, el realizado en 1954 por Juan Mata Carriazo Arrioqu\u00eda, <a href=\"https:\/\/digibug.ugr.es\/handle\/10481\/44706\">\u201cAsiento de las cosas de Ronda. Conquista y repartimiento de la ciudad por los Reyes Cat\u00f3licos, 1485-1491\u201d<\/a> y el siguiente en 1979 por Manuel Aci\u00e9n Almansa, <a href=\"https:\/\/www.umaeditorial.uma.es\/libro\/ronda-y-su-serrania-en-tiempo-de-los-reyes-catolicos_823\/\">\u201cRonda y su Serran\u00eda en tiempo de los Reyes Cat\u00f3licos\u201d<\/a>. Los dos recogen la informaci\u00f3n del documento de los asientos, como primordial para el conocimiento y estudio de las primeras estructuras del repartimiento de la tierra y la administraci\u00f3n de la ciudad ronde\u00f1a. El primer historiador lo identifica como una carta de los Reyes, el segundo, como una Real C\u00e9dula. Por las referencias a las fuentes hist\u00f3ricas consultadas, en estos dos trabajos de investigaci\u00f3n, no es probable que hubiesen conocido el original que se presenta. Los dos reputados historiadores, tienen como fuente principal al Libro de Repartimientos de Ronda de 1491. Carriazo cita el documento de asientos, junto a otros cinco documentos que se encuentran copiados en dicho libro, que pudo \u201cver y copiar\u201d en el verano de 1951 en el archivo municipal. Unido a diversas fuentes archiv\u00edsticas con informaci\u00f3n sobre Ronda: los \u201cpapeles de mayordom\u00eda\u201d y el libro tumbo de los RR.CC. en el archivo municipal de Sevilla y otras fuentes bibliogr\u00e1ficas en la Biblioteca Colombina y en la de la Real Academia de la Historia. De la misma manera, Aci\u00e9n Almansa, lo recoge en el Libro de Repartimientos (fol.6v-fol.11r) que ser\u00eda el objeto de su investigaci\u00f3n y posterior tesis doctoral.<\/p>\n<p style=\"text-align:justify;\"><strong>Ficha Descripci\u00f3n Archiv\u00edstica ISAD-G<\/strong><\/p>\n<p style=\"text-align:justify;\"><strong>Signatura:<\/strong> ARMR.Leg.789-C1 Prv-Agu.<\/p>\n<p style=\"text-align:justify;\"><strong>T\u00edtulo:<\/strong> Real C\u00e9dula de los Reyes Cat\u00f3lico, concediendo a la ciudad de Ronda fuero y repartimientos.<\/p>\n<p><strong>Fecha:<\/strong> 25 de julio de 1485<\/p>\n<p><strong>Nivel de descripci\u00f3n:<\/strong> Unidad documental.<\/p>\n<p><strong>Volumen y soporte:<\/strong> Cuaderno 4 hojas manuscritas, papel.<\/p>\n<p><strong>Productor:<\/strong> Canciller\u00eda Reyes Cat\u00f3licos.<\/p>\n<p><strong>Forma de ingreso:<\/strong> Donaci\u00f3n formando parte de la colecci\u00f3n documental hist\u00f3rica Rafael Aguilera, dentro del Fondo de Archivos Privados de la RMR.<\/p>\n<p style=\"text-align:justify;\"><strong>Historia archiv\u00edstica y contenido: <\/strong>El documento desde el punto de vista diplom\u00e1tico, cumple aspectos formales de la Real C\u00e9dula, como apuntaba Aci\u00e9n Almansa. Esta tipolog\u00eda surgi\u00f3 en el reinado de Juan II y, junto a la Real Provisi\u00f3n, eran los documentos m\u00e1s importantes que emanaban de la canciller\u00eda castellana, aunque la provisi\u00f3n era m\u00e1s solemne. La funci\u00f3n de la c\u00e9dula era la de comunicar disposiciones de gobierno, ordenanzas, instrucciones nombramientos&#8230;etc. En nuestro caso su estructura es la siguiente:<\/p>\n<p style=\"text-align:justify;\"><em>&#8211;&nbsp; Intitulacion:<\/em> El Rey e la Reina<\/p>\n<p style=\"text-align:justify;\"><em>&#8211; Expositivo y dispositivo:<\/em> en este documento hay poca diferencia entre los dos. El expositivo la parte en la que se explican las circunstancias precedentes del asunto a tratar y sobre el que se est\u00e1 legislando. <em>\u201c.la noble cibdad de Ronda, que nos ganamos de los moros enemigos de nuestra santa fe cath\u00f3lica\u201d.<\/em> El dispositivo, donde se manda u ordena, que se lleven a afecto todas las disposiciones, <em>\u201cLa horden que es nuestra merced e voluntad que se tenga en el regimiento e buena governaci\u00f3n<\/em> [Expositivo] <em>en el repartimiento de las tierras e vi\u00f1as e huertas e otros heredamientos de la dicha cibdad e su tierra e t\u00e9rminos, entendiendo ser as\u00ed cunplidero a seruicio de Dios e nuestro e a.J bien e pro com\u00fan de la dicha cibdad e su tierra es la siguiente<\/em>\u201d, seguida de todas las disposiciones, las cuales solo enumeramos el encabezamiento:<\/p>\n<p>Regidores (en un n\u00famero de trece).<\/p>\n<p>Collaciones (en un n\u00famero de seis).<\/p>\n<p>Jurados (un n\u00famero de dos por collaci\u00f3n).<\/p>\n<p>Alf\u00e9rez<\/p>\n<p>Escribano del consejo, Francisco de Madrid.<\/p>\n<p>Escriban\u00edas p\u00fablicas (en un n\u00famero de seis).<\/p>\n<p>Mayordomo del concejo.<\/p>\n<p>Files ejecutores (un n\u00famero de dos).<\/p>\n<p>Alcaldes y Alguacil, (dos del primero y uno del segundo).<\/p>\n<p>Tierras de la ciudad.<\/p>\n<p>Regimiento y gobierno de la ciudad, (donde se cita el fuero de Sevilla).<\/p>\n<p>Armas de la ciudad.<\/p>\n<p>Para que no vivan jud\u00edos en la ciudad.<\/p>\n<p>Para que los escuderos que son de acostamiento no vivan con se\u00f1ores.<\/p>\n<p>Para que ronden los escuderos.<\/p>\n<p>Repartimiento de tierras para iglesias, monasterios y hospitales.<\/p>\n<p>Repartimiento de tierras para personas particulares.<\/p>\n<p>Olivar, vi\u00f1as y huertas.<\/p>\n<p>Obras.<\/p>\n<p><img decoding=\"async\" class=\" wp-image-2571 aligncenter\" src=\"https:\/\/www.rmcr.org\/wp-content\/uploads\/2020\/05\/l789-c1-prv-agu-006.jpg\" alt=\"L789-C1 Prv-Agu 006\" width=\"402\" height=\"570\"><\/p>\n<h6 style=\"text-align:center;\">Hoja correspondiente a las disposiciones de repartimiento de tierras para particulares<\/h6>\n<p style=\"text-align:justify;\"><em>\u201cLo qual todo lo que dicho es, es nuestra merced e voluntad que se haga e cumpla asy, segund como dicho es e que contra el tenor e forma de lo aqu\u00ed contenido no vayan ni pasen en manera alguna, porque as\u00ed cumple a nuestro servicio e bien e pro com\u00fan de la dicha cibdad\u201d.<\/em><\/p>\n<p>&#8211; <em>la Fecha:<\/em> con la f\u00f3rmula \u201cdada en\u201d o como es el caso \u201cfecha en\u201d la ciudad de C\u00f3rdoba a veinticinco d\u00edas del mes de julio del nacimiento de nuestro se\u00f1or Jesucristo de mil e cuatrocientos ochenta y cinco.<\/p>\n<p><em>&#8211; Validaci\u00f3n:<\/em> las firmas manuscritas del rey y la reina como \u201cYo el Rey\u201d \u201cYo la reina\u201d, con el refrendo del secretario real, que la escribi\u00f3 por su mandato, Francisco Madrid.<\/p>\n<p>Finalizando el documento con una nota, en la que se lee: \u201cAsiento de las cosas de Ronda\u201d.<\/p>\n<p><img loading=\"lazy\" decoding=\"async\" class=\" size-full wp-image-2569 aligncenter\" src=\"https:\/\/www.rmcr.org\/wp-content\/uploads\/2020\/05\/firmas-rrcc.jpg\" alt=\"Firmas RRCC\" width=\"624\" height=\"211\"><\/p>\n<h6 style=\"text-align:center;\">Detalle de la validaci\u00f3n del documento con las firmas manuscritas de los RR.CC. &nbsp;\u201cYo el rey Yo la reina\u201d, 1485.<\/h6>\n<h6 style=\"text-align:center;\">Sig.Leg.789-C1 Fondos Privados RMR<\/h6>\n<p><strong>Estado de conservaci\u00f3n: <\/strong>Muy malo. Roturas y falta de soporte por dobleces. El papel est\u00e1 afectado por la goma de cinta adhesiva, que durante a\u00f1os ha tenido para intentar dar consistencia al soporte.<\/p>\n<p style=\"text-align:justify;\"><strong>Condiciones de acceso:<\/strong> Est\u00e1 prohibido el acceso al original, por las condiciones de conservaci\u00f3n. Para cualquier consulta o reproducci\u00f3n se usar\u00e1 la digitalizaci\u00f3n existente. La ficha descriptiva est\u00e1 abierta para su consulta en la p\u00e1gina Web institucional y en breve estar\u00e1 disponible la digitalizaci\u00f3n del documento para su descarga y lectura.<\/p>\n<p>Informaci\u00f3n: <a href=\"mailto:archivo@realmaestranza.org\">archivo@realmaestranza.org<\/a><\/p>\n<p>Consultas al cat\u00e1logo: catalogo.rmcr.org<\/p>\n<p style=\"text-align:justify;\">El objetivo de esta publicaci\u00f3n digital, como las anteriores del archivo, no es m\u00e1s que el de difundir los fondos documentales gestionados en la Real Maestranza de Caballer\u00eda de Ronda, para que sirvan de incentivo y fomento de futuras consultas e investigaciones. Para cualquier informaci\u00f3n pueden dirigirse al correo electr\u00f3nico citado.<\/p>\n<p>Si desea acceder a publicaciones anteriores pinche <a https:\/\/www.rmcr.org\/category\/documentos-en-el-archivo-de-la-rmr\/\">aqu\u00ed<\/a><\/p>\n<p><img loading=\"lazy\" decoding=\"async\" class=\" wp-image-2572 aligncenter\" src=\"https:\/\/www.rmcr.org\/wp-content\/uploads\/2020\/05\/l789-c1-prv-agu-011.jpg\" alt=\"L789-C1 Prv-Agu 011\" width=\"401\" height=\"569\"><\/p>\n","protected":false},"excerpt":{"rendered":"<p>Archivo Hist\u00f3rico de la Real Maestranza de Caballer\u00eda de Ronda Fondo de Archivos Privados RMR &#8211; Colecci\u00f3n documental hist\u00f3rica Rafael Aguilera Siempre es emocionante asistir al nacimiento, o al menos a la transformaci\u00f3n esencial, de una ciudad. (Carriazo Arrioqu\u00eda). A\u00f1o de 1485, se abre una nueva etapa para la conquista del Reino de Granada. A [&hellip;]<\/p>\n","protected":false},"author":3,"featured_media":11791,"comment_status":"open","ping_status":"open","sticky":false,"template":"","format":"standard","meta":{"footnotes":""},"categories":[134,512],"tags":[235,225],"class_list":["post-6231","post","type-post","status-publish","format-standard","has-post-thumbnail","hentry","category-archivo","category-documentos-archivos-rmr","tag-archivo","tag-fondos-documentales"],"yoast_head":"<!-- This site is optimized with the Yoast SEO plugin v27.5 - https:\/\/yoast.com\/product\/yoast-seo-wordpress\/ -->\n<title>Documentos en el Archivo de la RMR n\u00ba21-2020 &quot;Asiento de las cosas de Ronda&quot; 1485. - Real Maestranza de Caballer\u00eda de Ronda<\/title>\n<meta name=\"robots\" content=\"index, follow, max-snippet:-1, max-image-preview:large, max-video-preview:-1\" \/>\n<link rel=\"canonical\" href=\"https:\/\/www.rmcr.org\/en\/2020\/05\/14\/documentos-en-el-archivo-de-la-rmr-no21-2020-asiento-de-las-cosas-de-ronda-1485\/\" \/>\n<meta property=\"og:locale\" content=\"en_US\" \/>\n<meta property=\"og:type\" content=\"article\" \/>\n<meta property=\"og:title\" content=\"Documentos en el Archivo de la RMR n\u00ba21-2020 &quot;Asiento de las cosas de Ronda&quot; 1485. - Real Maestranza de Caballer\u00eda de Ronda\" \/>\n<meta property=\"og:description\" content=\"Archivo Hist\u00f3rico de la Real Maestranza de Caballer\u00eda de Ronda Fondo de Archivos Privados RMR &#8211; Colecci\u00f3n documental hist\u00f3rica Rafael Aguilera Siempre es emocionante asistir al nacimiento, o al menos a la transformaci\u00f3n esencial, de una ciudad. (Carriazo Arrioqu\u00eda). A\u00f1o de 1485, se abre una nueva etapa para la conquista del Reino de Granada. A [&hellip;]\" \/>\n<meta property=\"og:url\" content=\"https:\/\/www.rmcr.org\/en\/2020\/05\/14\/documentos-en-el-archivo-de-la-rmr-no21-2020-asiento-de-las-cosas-de-ronda-1485\/\" \/>\n<meta property=\"og:site_name\" content=\"Real Maestranza de Caballer\u00eda de Ronda\" \/>\n<meta property=\"article:publisher\" content=\"https:\/\/www.facebook.com\/plazadetorosronda\" \/>\n<meta property=\"article:published_time\" content=\"2020-05-14T15:23:37+00:00\" \/>\n<meta property=\"article:modified_time\" content=\"2025-04-04T08:55:56+00:00\" \/>\n<meta property=\"og:image\" content=\"https:\/\/www.rmcr.org\/wp-content\/uploads\/2022\/10\/imagen-destacada-1.jpg\" \/>\n\t<meta property=\"og:image:width\" content=\"886\" \/>\n\t<meta property=\"og:image:height\" content=\"266\" \/>\n\t<meta property=\"og:image:type\" content=\"image\/jpeg\" \/>\n<meta name=\"author\" content=\"ARCHIVO\" \/>\n<meta name=\"twitter:card\" content=\"summary_large_image\" \/>\n<meta name=\"twitter:creator\" content=\"@PlazatorosRMR\" \/>\n<meta name=\"twitter:site\" content=\"@PlazatorosRMR\" \/>\n<meta name=\"twitter:label1\" content=\"Written by\" \/>\n\t<meta name=\"twitter:data1\" content=\"ARCHIVO\" \/>\n\t<meta name=\"twitter:label2\" content=\"Est. reading time\" \/>\n\t<meta name=\"twitter:data2\" content=\"9 minutes\" \/>\n<script type=\"application\/ld+json\" class=\"yoast-schema-graph\">{\"@context\":\"https:\\\/\\\/schema.org\",\"@graph\":[{\"@type\":\"Article\",\"@id\":\"https:\\\/\\\/www.rmcr.org\\\/en\\\/2020\\\/05\\\/14\\\/documentos-en-el-archivo-de-la-rmr-no21-2020-asiento-de-las-cosas-de-ronda-1485\\\/#article\",\"isPartOf\":{\"@id\":\"https:\\\/\\\/www.rmcr.org\\\/en\\\/2020\\\/05\\\/14\\\/documentos-en-el-archivo-de-la-rmr-no21-2020-asiento-de-las-cosas-de-ronda-1485\\\/\"},\"author\":{\"name\":\"ARCHIVO\",\"@id\":\"https:\\\/\\\/www.rmcr.org\\\/en\\\/#\\\/schema\\\/person\\\/f182f13b406ff40dd281a5ecca93380e\"},\"headline\":\"Documentos en el Archivo de la RMR n\u00ba21-2020 &#8220;Asiento de las cosas de Ronda&#8221; 1485.\",\"datePublished\":\"2020-05-14T15:23:37+00:00\",\"dateModified\":\"2025-04-04T08:55:56+00:00\",\"mainEntityOfPage\":{\"@id\":\"https:\\\/\\\/www.rmcr.org\\\/en\\\/2020\\\/05\\\/14\\\/documentos-en-el-archivo-de-la-rmr-no21-2020-asiento-de-las-cosas-de-ronda-1485\\\/\"},\"wordCount\":1772,\"commentCount\":0,\"publisher\":{\"@id\":\"https:\\\/\\\/www.rmcr.org\\\/en\\\/#organization\"},\"image\":{\"@id\":\"https:\\\/\\\/www.rmcr.org\\\/en\\\/2020\\\/05\\\/14\\\/documentos-en-el-archivo-de-la-rmr-no21-2020-asiento-de-las-cosas-de-ronda-1485\\\/#primaryimage\"},\"thumbnailUrl\":\"https:\\\/\\\/www.rmcr.org\\\/wp-content\\\/uploads\\\/2022\\\/10\\\/imagen-destacada-1.jpg\",\"keywords\":[\"Archivo\",\"Fondos documentales\"],\"articleSection\":[\"Archivo\",\"Documentos Archivo RMR\"],\"inLanguage\":\"en-US\",\"potentialAction\":[{\"@type\":\"CommentAction\",\"name\":\"Comment\",\"target\":[\"https:\\\/\\\/www.rmcr.org\\\/en\\\/2020\\\/05\\\/14\\\/documentos-en-el-archivo-de-la-rmr-no21-2020-asiento-de-las-cosas-de-ronda-1485\\\/#respond\"]}]},{\"@type\":\"WebPage\",\"@id\":\"https:\\\/\\\/www.rmcr.org\\\/en\\\/2020\\\/05\\\/14\\\/documentos-en-el-archivo-de-la-rmr-no21-2020-asiento-de-las-cosas-de-ronda-1485\\\/\",\"url\":\"https:\\\/\\\/www.rmcr.org\\\/en\\\/2020\\\/05\\\/14\\\/documentos-en-el-archivo-de-la-rmr-no21-2020-asiento-de-las-cosas-de-ronda-1485\\\/\",\"name\":\"Documentos en el Archivo de la RMR n\u00ba21-2020 \\\"Asiento de las cosas de Ronda\\\" 1485. - Real Maestranza de Caballer\u00eda de Ronda\",\"isPartOf\":{\"@id\":\"https:\\\/\\\/www.rmcr.org\\\/en\\\/#website\"},\"primaryImageOfPage\":{\"@id\":\"https:\\\/\\\/www.rmcr.org\\\/en\\\/2020\\\/05\\\/14\\\/documentos-en-el-archivo-de-la-rmr-no21-2020-asiento-de-las-cosas-de-ronda-1485\\\/#primaryimage\"},\"image\":{\"@id\":\"https:\\\/\\\/www.rmcr.org\\\/en\\\/2020\\\/05\\\/14\\\/documentos-en-el-archivo-de-la-rmr-no21-2020-asiento-de-las-cosas-de-ronda-1485\\\/#primaryimage\"},\"thumbnailUrl\":\"https:\\\/\\\/www.rmcr.org\\\/wp-content\\\/uploads\\\/2022\\\/10\\\/imagen-destacada-1.jpg\",\"datePublished\":\"2020-05-14T15:23:37+00:00\",\"dateModified\":\"2025-04-04T08:55:56+00:00\",\"breadcrumb\":{\"@id\":\"https:\\\/\\\/www.rmcr.org\\\/en\\\/2020\\\/05\\\/14\\\/documentos-en-el-archivo-de-la-rmr-no21-2020-asiento-de-las-cosas-de-ronda-1485\\\/#breadcrumb\"},\"inLanguage\":\"en-US\",\"potentialAction\":[{\"@type\":\"ReadAction\",\"target\":[\"https:\\\/\\\/www.rmcr.org\\\/en\\\/2020\\\/05\\\/14\\\/documentos-en-el-archivo-de-la-rmr-no21-2020-asiento-de-las-cosas-de-ronda-1485\\\/\"]}]},{\"@type\":\"ImageObject\",\"inLanguage\":\"en-US\",\"@id\":\"https:\\\/\\\/www.rmcr.org\\\/en\\\/2020\\\/05\\\/14\\\/documentos-en-el-archivo-de-la-rmr-no21-2020-asiento-de-las-cosas-de-ronda-1485\\\/#primaryimage\",\"url\":\"https:\\\/\\\/www.rmcr.org\\\/wp-content\\\/uploads\\\/2022\\\/10\\\/imagen-destacada-1.jpg\",\"contentUrl\":\"https:\\\/\\\/www.rmcr.org\\\/wp-content\\\/uploads\\\/2022\\\/10\\\/imagen-destacada-1.jpg\",\"width\":886,\"height\":266},{\"@type\":\"BreadcrumbList\",\"@id\":\"https:\\\/\\\/www.rmcr.org\\\/en\\\/2020\\\/05\\\/14\\\/documentos-en-el-archivo-de-la-rmr-no21-2020-asiento-de-las-cosas-de-ronda-1485\\\/#breadcrumb\",\"itemListElement\":[{\"@type\":\"ListItem\",\"position\":1,\"name\":\"REAL MAESTRANZA DE CABALLER\u00cdA DE RONDA\",\"item\":\"https:\\\/\\\/www.rmcr.org\\\/en\\\/\"},{\"@type\":\"ListItem\",\"position\":2,\"name\":\"Documentos en el Archivo de la RMR n\u00ba21-2020 \u00abAsiento de las cosas de Ronda\u00bb 1485.\"}]},{\"@type\":\"WebSite\",\"@id\":\"https:\\\/\\\/www.rmcr.org\\\/en\\\/#website\",\"url\":\"https:\\\/\\\/www.rmcr.org\\\/en\\\/\",\"name\":\"Real Maestranza de Caballer\u00eda de Ronda\",\"description\":\"Real Maestranza de Caballer\u00eda de Ronda\",\"publisher\":{\"@id\":\"https:\\\/\\\/www.rmcr.org\\\/en\\\/#organization\"},\"alternateName\":\"RMCR\",\"potentialAction\":[{\"@type\":\"SearchAction\",\"target\":{\"@type\":\"EntryPoint\",\"urlTemplate\":\"https:\\\/\\\/www.rmcr.org\\\/en\\\/?s={search_term_string}\"},\"query-input\":{\"@type\":\"PropertyValueSpecification\",\"valueRequired\":true,\"valueName\":\"search_term_string\"}}],\"inLanguage\":\"en-US\"},{\"@type\":\"Organization\",\"@id\":\"https:\\\/\\\/www.rmcr.org\\\/en\\\/#organization\",\"name\":\"Real Maestranza de Caballer\u00eda de Ronda\",\"alternateName\":\"RMR\",\"url\":\"https:\\\/\\\/www.rmcr.org\\\/en\\\/\",\"logo\":{\"@type\":\"ImageObject\",\"inLanguage\":\"en-US\",\"@id\":\"https:\\\/\\\/www.rmcr.org\\\/en\\\/#\\\/schema\\\/logo\\\/image\\\/\",\"url\":\"https:\\\/\\\/www.rmcr.org\\\/wp-content\\\/uploads\\\/2022\\\/07\\\/logo-rmr-blue.svg\",\"contentUrl\":\"https:\\\/\\\/www.rmcr.org\\\/wp-content\\\/uploads\\\/2022\\\/07\\\/logo-rmr-blue.svg\",\"width\":131,\"height\":129,\"caption\":\"Real Maestranza de Caballer\u00eda de Ronda\"},\"image\":{\"@id\":\"https:\\\/\\\/www.rmcr.org\\\/en\\\/#\\\/schema\\\/logo\\\/image\\\/\"},\"sameAs\":[\"https:\\\/\\\/www.facebook.com\\\/plazadetorosronda\",\"https:\\\/\\\/x.com\\\/PlazatorosRMR\",\"https:\\\/\\\/www.instagram.com\\\/realmaestranzaderonda\\\/\",\"https:\\\/\\\/www.youtube.com\\\/channel\\\/UCrbO5IUN-8v_QML739vM4zg\\\/videos\"]},{\"@type\":\"Person\",\"@id\":\"https:\\\/\\\/www.rmcr.org\\\/en\\\/#\\\/schema\\\/person\\\/f182f13b406ff40dd281a5ecca93380e\",\"name\":\"ARCHIVO\",\"image\":{\"@type\":\"ImageObject\",\"inLanguage\":\"en-US\",\"@id\":\"https:\\\/\\\/www.rmcr.org\\\/wp-content\\\/uploads\\\/2022\\\/11\\\/avatar-rmcr-96x96.png\",\"url\":\"https:\\\/\\\/www.rmcr.org\\\/wp-content\\\/uploads\\\/2022\\\/11\\\/avatar-rmcr-96x96.png\",\"contentUrl\":\"https:\\\/\\\/www.rmcr.org\\\/wp-content\\\/uploads\\\/2022\\\/11\\\/avatar-rmcr-96x96.png\",\"caption\":\"ARCHIVO\"},\"url\":\"https:\\\/\\\/www.rmcr.org\\\/en\\\/author\\\/francisco-rosales\\\/\"}]}<\/script>\n<!-- \/ Yoast SEO plugin. -->","yoast_head_json":{"title":"Documentos en el Archivo de la RMR n\u00ba21-2020 \"Asiento de las cosas de Ronda\" 1485. - Real Maestranza de Caballer\u00eda de Ronda","robots":{"index":"index","follow":"follow","max-snippet":"max-snippet:-1","max-image-preview":"max-image-preview:large","max-video-preview":"max-video-preview:-1"},"canonical":"https:\/\/www.rmcr.org\/en\/2020\/05\/14\/documentos-en-el-archivo-de-la-rmr-no21-2020-asiento-de-las-cosas-de-ronda-1485\/","og_locale":"en_US","og_type":"article","og_title":"Documentos en el Archivo de la RMR n\u00ba21-2020 \"Asiento de las cosas de Ronda\" 1485. - Real Maestranza de Caballer\u00eda de Ronda","og_description":"Archivo Hist\u00f3rico de la Real Maestranza de Caballer\u00eda de Ronda Fondo de Archivos Privados RMR &#8211; Colecci\u00f3n documental hist\u00f3rica Rafael Aguilera Siempre es emocionante asistir al nacimiento, o al menos a la transformaci\u00f3n esencial, de una ciudad. (Carriazo Arrioqu\u00eda). A\u00f1o de 1485, se abre una nueva etapa para la conquista del Reino de Granada. A [&hellip;]","og_url":"https:\/\/www.rmcr.org\/en\/2020\/05\/14\/documentos-en-el-archivo-de-la-rmr-no21-2020-asiento-de-las-cosas-de-ronda-1485\/","og_site_name":"Real Maestranza de Caballer\u00eda de Ronda","article_publisher":"https:\/\/www.facebook.com\/plazadetorosronda","article_published_time":"2020-05-14T15:23:37+00:00","article_modified_time":"2025-04-04T08:55:56+00:00","og_image":[{"width":886,"height":266,"url":"https:\/\/www.rmcr.org\/wp-content\/uploads\/2022\/10\/imagen-destacada-1.jpg","type":"image\/jpeg"}],"author":"ARCHIVO","twitter_card":"summary_large_image","twitter_creator":"@PlazatorosRMR","twitter_site":"@PlazatorosRMR","twitter_misc":{"Written by":"ARCHIVO","Est. reading time":"9 minutes"},"schema":{"@context":"https:\/\/schema.org","@graph":[{"@type":"Article","@id":"https:\/\/www.rmcr.org\/en\/2020\/05\/14\/documentos-en-el-archivo-de-la-rmr-no21-2020-asiento-de-las-cosas-de-ronda-1485\/#article","isPartOf":{"@id":"https:\/\/www.rmcr.org\/en\/2020\/05\/14\/documentos-en-el-archivo-de-la-rmr-no21-2020-asiento-de-las-cosas-de-ronda-1485\/"},"author":{"name":"ARCHIVO","@id":"https:\/\/www.rmcr.org\/en\/#\/schema\/person\/f182f13b406ff40dd281a5ecca93380e"},"headline":"Documentos en el Archivo de la RMR n\u00ba21-2020 &#8220;Asiento de las cosas de Ronda&#8221; 1485.","datePublished":"2020-05-14T15:23:37+00:00","dateModified":"2025-04-04T08:55:56+00:00","mainEntityOfPage":{"@id":"https:\/\/www.rmcr.org\/en\/2020\/05\/14\/documentos-en-el-archivo-de-la-rmr-no21-2020-asiento-de-las-cosas-de-ronda-1485\/"},"wordCount":1772,"commentCount":0,"publisher":{"@id":"https:\/\/www.rmcr.org\/en\/#organization"},"image":{"@id":"https:\/\/www.rmcr.org\/en\/2020\/05\/14\/documentos-en-el-archivo-de-la-rmr-no21-2020-asiento-de-las-cosas-de-ronda-1485\/#primaryimage"},"thumbnailUrl":"https:\/\/www.rmcr.org\/wp-content\/uploads\/2022\/10\/imagen-destacada-1.jpg","keywords":["Archivo","Fondos documentales"],"articleSection":["Archivo","Documentos Archivo RMR"],"inLanguage":"en-US","potentialAction":[{"@type":"CommentAction","name":"Comment","target":["https:\/\/www.rmcr.org\/en\/2020\/05\/14\/documentos-en-el-archivo-de-la-rmr-no21-2020-asiento-de-las-cosas-de-ronda-1485\/#respond"]}]},{"@type":"WebPage","@id":"https:\/\/www.rmcr.org\/en\/2020\/05\/14\/documentos-en-el-archivo-de-la-rmr-no21-2020-asiento-de-las-cosas-de-ronda-1485\/","url":"https:\/\/www.rmcr.org\/en\/2020\/05\/14\/documentos-en-el-archivo-de-la-rmr-no21-2020-asiento-de-las-cosas-de-ronda-1485\/","name":"Documentos en el Archivo de la RMR n\u00ba21-2020 \"Asiento de las cosas de Ronda\" 1485. - Real Maestranza de Caballer\u00eda de Ronda","isPartOf":{"@id":"https:\/\/www.rmcr.org\/en\/#website"},"primaryImageOfPage":{"@id":"https:\/\/www.rmcr.org\/en\/2020\/05\/14\/documentos-en-el-archivo-de-la-rmr-no21-2020-asiento-de-las-cosas-de-ronda-1485\/#primaryimage"},"image":{"@id":"https:\/\/www.rmcr.org\/en\/2020\/05\/14\/documentos-en-el-archivo-de-la-rmr-no21-2020-asiento-de-las-cosas-de-ronda-1485\/#primaryimage"},"thumbnailUrl":"https:\/\/www.rmcr.org\/wp-content\/uploads\/2022\/10\/imagen-destacada-1.jpg","datePublished":"2020-05-14T15:23:37+00:00","dateModified":"2025-04-04T08:55:56+00:00","breadcrumb":{"@id":"https:\/\/www.rmcr.org\/en\/2020\/05\/14\/documentos-en-el-archivo-de-la-rmr-no21-2020-asiento-de-las-cosas-de-ronda-1485\/#breadcrumb"},"inLanguage":"en-US","potentialAction":[{"@type":"ReadAction","target":["https:\/\/www.rmcr.org\/en\/2020\/05\/14\/documentos-en-el-archivo-de-la-rmr-no21-2020-asiento-de-las-cosas-de-ronda-1485\/"]}]},{"@type":"ImageObject","inLanguage":"en-US","@id":"https:\/\/www.rmcr.org\/en\/2020\/05\/14\/documentos-en-el-archivo-de-la-rmr-no21-2020-asiento-de-las-cosas-de-ronda-1485\/#primaryimage","url":"https:\/\/www.rmcr.org\/wp-content\/uploads\/2022\/10\/imagen-destacada-1.jpg","contentUrl":"https:\/\/www.rmcr.org\/wp-content\/uploads\/2022\/10\/imagen-destacada-1.jpg","width":886,"height":266},{"@type":"BreadcrumbList","@id":"https:\/\/www.rmcr.org\/en\/2020\/05\/14\/documentos-en-el-archivo-de-la-rmr-no21-2020-asiento-de-las-cosas-de-ronda-1485\/#breadcrumb","itemListElement":[{"@type":"ListItem","position":1,"name":"REAL MAESTRANZA DE CABALLER\u00cdA DE RONDA","item":"https:\/\/www.rmcr.org\/en\/"},{"@type":"ListItem","position":2,"name":"Documentos en el Archivo de la RMR n\u00ba21-2020 \u00abAsiento de las cosas de Ronda\u00bb 1485."}]},{"@type":"WebSite","@id":"https:\/\/www.rmcr.org\/en\/#website","url":"https:\/\/www.rmcr.org\/en\/","name":"Real Maestranza de Caballer\u00eda de Ronda","description":"Real Maestranza de Caballer\u00eda de Ronda","publisher":{"@id":"https:\/\/www.rmcr.org\/en\/#organization"},"alternateName":"RMCR","potentialAction":[{"@type":"SearchAction","target":{"@type":"EntryPoint","urlTemplate":"https:\/\/www.rmcr.org\/en\/?s={search_term_string}"},"query-input":{"@type":"PropertyValueSpecification","valueRequired":true,"valueName":"search_term_string"}}],"inLanguage":"en-US"},{"@type":"Organization","@id":"https:\/\/www.rmcr.org\/en\/#organization","name":"Real Maestranza de Caballer\u00eda de Ronda","alternateName":"RMR","url":"https:\/\/www.rmcr.org\/en\/","logo":{"@type":"ImageObject","inLanguage":"en-US","@id":"https:\/\/www.rmcr.org\/en\/#\/schema\/logo\/image\/","url":"https:\/\/www.rmcr.org\/wp-content\/uploads\/2022\/07\/logo-rmr-blue.svg","contentUrl":"https:\/\/www.rmcr.org\/wp-content\/uploads\/2022\/07\/logo-rmr-blue.svg","width":131,"height":129,"caption":"Real Maestranza de Caballer\u00eda de Ronda"},"image":{"@id":"https:\/\/www.rmcr.org\/en\/#\/schema\/logo\/image\/"},"sameAs":["https:\/\/www.facebook.com\/plazadetorosronda","https:\/\/x.com\/PlazatorosRMR","https:\/\/www.instagram.com\/realmaestranzaderonda\/","https:\/\/www.youtube.com\/channel\/UCrbO5IUN-8v_QML739vM4zg\/videos"]},{"@type":"Person","@id":"https:\/\/www.rmcr.org\/en\/#\/schema\/person\/f182f13b406ff40dd281a5ecca93380e","name":"ARCHIVO","image":{"@type":"ImageObject","inLanguage":"en-US","@id":"https:\/\/www.rmcr.org\/wp-content\/uploads\/2022\/11\/avatar-rmcr-96x96.png","url":"https:\/\/www.rmcr.org\/wp-content\/uploads\/2022\/11\/avatar-rmcr-96x96.png","contentUrl":"https:\/\/www.rmcr.org\/wp-content\/uploads\/2022\/11\/avatar-rmcr-96x96.png","caption":"ARCHIVO"},"url":"https:\/\/www.rmcr.org\/en\/author\/francisco-rosales\/"}]}},"_links":{"self":[{"href":"https:\/\/www.rmcr.org\/en\/wp-json\/wp\/v2\/posts\/6231","targetHints":{"allow":["GET"]}}],"collection":[{"href":"https:\/\/www.rmcr.org\/en\/wp-json\/wp\/v2\/posts"}],"about":[{"href":"https:\/\/www.rmcr.org\/en\/wp-json\/wp\/v2\/types\/post"}],"author":[{"embeddable":true,"href":"https:\/\/www.rmcr.org\/en\/wp-json\/wp\/v2\/users\/3"}],"replies":[{"embeddable":true,"href":"https:\/\/www.rmcr.org\/en\/wp-json\/wp\/v2\/comments?post=6231"}],"version-history":[{"count":2,"href":"https:\/\/www.rmcr.org\/en\/wp-json\/wp\/v2\/posts\/6231\/revisions"}],"predecessor-version":[{"id":12194,"href":"https:\/\/www.rmcr.org\/en\/wp-json\/wp\/v2\/posts\/6231\/revisions\/12194"}],"wp:featuredmedia":[{"embeddable":true,"href":"https:\/\/www.rmcr.org\/en\/wp-json\/wp\/v2\/media\/11791"}],"wp:attachment":[{"href":"https:\/\/www.rmcr.org\/en\/wp-json\/wp\/v2\/media?parent=6231"}],"wp:term":[{"taxonomy":"category","embeddable":true,"href":"https:\/\/www.rmcr.org\/en\/wp-json\/wp\/v2\/categories?post=6231"},{"taxonomy":"post_tag","embeddable":true,"href":"https:\/\/www.rmcr.org\/en\/wp-json\/wp\/v2\/tags?post=6231"}],"curies":[{"name":"wp","href":"https:\/\/api.w.org\/{rel}","templated":true}]}}