{"id":6229,"date":"2020-05-01T18:31:50","date_gmt":"2020-05-01T18:31:50","guid":{"rendered":"https:\/\/www.rmcr.org\/?p=6229"},"modified":"2025-04-04T09:13:57","modified_gmt":"2025-04-04T09:13:57","slug":"genealogia-y-heraldica-a-traves-de-la-historia-familiar-los-arrese","status":"publish","type":"post","link":"https:\/\/www.rmcr.org\/en\/2020\/05\/01\/genealogia-y-heraldica-a-traves-de-la-historia-familiar-los-arrese\/","title":{"rendered":"Genealog\u00eda y Her\u00e1ldica a trav\u00e9s de la Historia Familiar. Los Arrese."},"content":{"rendered":"<p style=\"text-align:left;\">El archivo de la Real Maestranza de Caballer\u00eda de Ronda (RMR), custodia y gestiona una serie de fondos propios y privados especializados en Her\u00e1ldica, Genealog\u00eda, Nobleza y \u00e9lites de poder. Esta publicaci\u00f3n digital es una v\u00eda m\u00e1s del archivo, para difundir el contenido de estos fondos e incentivar y estimular futuras consultas e&nbsp; investigaciones en estas materias.<\/p>\n<p style=\"text-align:left;\">La documentaci\u00f3n que se presenta en este n\u00famero es parte del Archivo privado Arrese-Rojas. Un archivo digitalizado en la Maestranza que actualmente se est\u00e1 subiendo a la plataforma de difusi\u00f3n de la RMR, pudiendo acceder libremente, tanto al contenido documental, como a las digitalizaciones de sus documentos.<\/p>\n<p style=\"text-align:left;\">A trav\u00e9s de la documentaci\u00f3n familiar de los Arrese nos acercaremos a su historia genealog\u00edca y her\u00e1ldica.<\/p>\n<p><a title=\"Documentos en el Archivo RMR n\u00ba20 - 2020\" href=\"https:\/\/www.rmcr.org\/2020\/05\/documentos-en-el-archivo-rmr-nc2ba20-2020.pdf\">Descarga: Documentos en el Archivo RMR n\u00ba20 &#8211; 2020<\/a><\/p>\n<p><img fetchpriority=\"high\" decoding=\"async\" class=\" wp-image-2507 aligncenter\" src=\"https:\/\/www.rmcr.org\/wp-content\/uploads\/2020\/05\/portada.jpg\" alt=\"cartel_goyesca_2019\" width=\"299\" height=\"458\"><\/p>\n<p>Si desea acceder a publicaciones anteriores pinche&nbsp;<a https:\/\/www.rmcr.org\/category\/documentos-en-el-archivo-de-la-rmr\/\">aqu\u00ed<\/a><\/p>\n<p>Para cualquier consulta puede dirigirse a: archivo@realmaestranza.org<\/p>\n","protected":false},"excerpt":{"rendered":"<p>El archivo de la Real Maestranza de Caballer\u00eda de Ronda (RMR), custodia y gestiona una serie de fondos propios y privados especializados en Her\u00e1ldica, Genealog\u00eda, Nobleza y \u00e9lites de poder. Esta publicaci\u00f3n digital es una v\u00eda m\u00e1s del archivo, para difundir el contenido de estos fondos e incentivar y estimular futuras consultas e&nbsp; investigaciones en [&hellip;]<\/p>\n","protected":false},"author":3,"featured_media":11922,"comment_status":"open","ping_status":"open","sticky":false,"template":"","format":"standard","meta":{"footnotes":""},"categories":[134,512],"tags":[235,225,188,184],"class_list":["post-6229","post","type-post","status-publish","format-standard","has-post-thumbnail","hentry","category-archivo","category-documentos-archivos-rmr","tag-archivo","tag-fondos-documentales","tag-genealogia","tag-heraldica"],"yoast_head":"<!-- This site is optimized with the Yoast SEO plugin v27.5 - https:\/\/yoast.com\/product\/yoast-seo-wordpress\/ -->\n<title>Genealog\u00eda y Her\u00e1ldica a trav\u00e9s de la Historia Familiar. Los Arrese. - Real Maestranza de Caballer\u00eda de Ronda<\/title>\n<meta name=\"robots\" content=\"index, follow, max-snippet:-1, max-image-preview:large, max-video-preview:-1\" \/>\n<link rel=\"canonical\" href=\"https:\/\/www.rmcr.org\/en\/2020\/05\/01\/genealogia-y-heraldica-a-traves-de-la-historia-familiar-los-arrese\/\" \/>\n<meta property=\"og:locale\" content=\"en_US\" \/>\n<meta property=\"og:type\" content=\"article\" \/>\n<meta property=\"og:title\" content=\"Genealog\u00eda y Her\u00e1ldica a trav\u00e9s de la Historia Familiar. Los Arrese. - Real Maestranza de Caballer\u00eda de Ronda\" \/>\n<meta property=\"og:description\" content=\"El archivo de la Real Maestranza de Caballer\u00eda de Ronda (RMR), custodia y gestiona una serie de fondos propios y privados especializados en Her\u00e1ldica, Genealog\u00eda, Nobleza y \u00e9lites de poder. Esta publicaci\u00f3n digital es una v\u00eda m\u00e1s del archivo, para difundir el contenido de estos fondos e incentivar y estimular futuras consultas e&nbsp; investigaciones en [&hellip;]\" \/>\n<meta property=\"og:url\" content=\"https:\/\/www.rmcr.org\/en\/2020\/05\/01\/genealogia-y-heraldica-a-traves-de-la-historia-familiar-los-arrese\/\" \/>\n<meta property=\"og:site_name\" content=\"Real Maestranza de Caballer\u00eda de Ronda\" \/>\n<meta property=\"article:publisher\" content=\"https:\/\/www.facebook.com\/plazadetorosronda\" \/>\n<meta property=\"article:published_time\" content=\"2020-05-01T18:31:50+00:00\" \/>\n<meta property=\"article:modified_time\" content=\"2025-04-04T09:13:57+00:00\" \/>\n<meta property=\"og:image\" content=\"https:\/\/www.rmcr.org\/wp-content\/uploads\/2022\/10\/imagen-destacada-3.jpg\" \/>\n\t<meta property=\"og:image:width\" content=\"411\" \/>\n\t<meta property=\"og:image:height\" content=\"116\" \/>\n\t<meta property=\"og:image:type\" content=\"image\/jpeg\" \/>\n<meta name=\"author\" content=\"ARCHIVO\" \/>\n<meta name=\"twitter:card\" content=\"summary_large_image\" \/>\n<meta name=\"twitter:creator\" content=\"@PlazatorosRMR\" \/>\n<meta name=\"twitter:site\" content=\"@PlazatorosRMR\" \/>\n<meta name=\"twitter:label1\" content=\"Written by\" \/>\n\t<meta name=\"twitter:data1\" content=\"ARCHIVO\" \/>\n\t<meta name=\"twitter:label2\" content=\"Est. reading time\" \/>\n\t<meta name=\"twitter:data2\" content=\"1 minute\" \/>\n<script type=\"application\/ld+json\" class=\"yoast-schema-graph\">{\"@context\":\"https:\\\/\\\/schema.org\",\"@graph\":[{\"@type\":\"Article\",\"@id\":\"https:\\\/\\\/www.rmcr.org\\\/en\\\/2020\\\/05\\\/01\\\/genealogia-y-heraldica-a-traves-de-la-historia-familiar-los-arrese\\\/#article\",\"isPartOf\":{\"@id\":\"https:\\\/\\\/www.rmcr.org\\\/en\\\/2020\\\/05\\\/01\\\/genealogia-y-heraldica-a-traves-de-la-historia-familiar-los-arrese\\\/\"},\"author\":{\"name\":\"ARCHIVO\",\"@id\":\"https:\\\/\\\/www.rmcr.org\\\/en\\\/#\\\/schema\\\/person\\\/f182f13b406ff40dd281a5ecca93380e\"},\"headline\":\"Genealog\u00eda y Her\u00e1ldica a trav\u00e9s de la Historia Familiar. Los Arrese.\",\"datePublished\":\"2020-05-01T18:31:50+00:00\",\"dateModified\":\"2025-04-04T09:13:57+00:00\",\"mainEntityOfPage\":{\"@id\":\"https:\\\/\\\/www.rmcr.org\\\/en\\\/2020\\\/05\\\/01\\\/genealogia-y-heraldica-a-traves-de-la-historia-familiar-los-arrese\\\/\"},\"wordCount\":165,\"commentCount\":0,\"publisher\":{\"@id\":\"https:\\\/\\\/www.rmcr.org\\\/en\\\/#organization\"},\"image\":{\"@id\":\"https:\\\/\\\/www.rmcr.org\\\/en\\\/2020\\\/05\\\/01\\\/genealogia-y-heraldica-a-traves-de-la-historia-familiar-los-arrese\\\/#primaryimage\"},\"thumbnailUrl\":\"https:\\\/\\\/www.rmcr.org\\\/wp-content\\\/uploads\\\/2022\\\/10\\\/imagen-destacada-3.jpg\",\"keywords\":[\"Archivo\",\"Fondos documentales\",\"Genealog\u00eda\",\"Her\u00e1ldica\"],\"articleSection\":[\"Archivo\",\"Documentos Archivo RMR\"],\"inLanguage\":\"en-US\",\"potentialAction\":[{\"@type\":\"CommentAction\",\"name\":\"Comment\",\"target\":[\"https:\\\/\\\/www.rmcr.org\\\/en\\\/2020\\\/05\\\/01\\\/genealogia-y-heraldica-a-traves-de-la-historia-familiar-los-arrese\\\/#respond\"]}]},{\"@type\":\"WebPage\",\"@id\":\"https:\\\/\\\/www.rmcr.org\\\/en\\\/2020\\\/05\\\/01\\\/genealogia-y-heraldica-a-traves-de-la-historia-familiar-los-arrese\\\/\",\"url\":\"https:\\\/\\\/www.rmcr.org\\\/en\\\/2020\\\/05\\\/01\\\/genealogia-y-heraldica-a-traves-de-la-historia-familiar-los-arrese\\\/\",\"name\":\"Genealog\u00eda y Her\u00e1ldica a trav\u00e9s de la Historia Familiar. Los Arrese. - Real Maestranza de Caballer\u00eda de Ronda\",\"isPartOf\":{\"@id\":\"https:\\\/\\\/www.rmcr.org\\\/en\\\/#website\"},\"primaryImageOfPage\":{\"@id\":\"https:\\\/\\\/www.rmcr.org\\\/en\\\/2020\\\/05\\\/01\\\/genealogia-y-heraldica-a-traves-de-la-historia-familiar-los-arrese\\\/#primaryimage\"},\"image\":{\"@id\":\"https:\\\/\\\/www.rmcr.org\\\/en\\\/2020\\\/05\\\/01\\\/genealogia-y-heraldica-a-traves-de-la-historia-familiar-los-arrese\\\/#primaryimage\"},\"thumbnailUrl\":\"https:\\\/\\\/www.rmcr.org\\\/wp-content\\\/uploads\\\/2022\\\/10\\\/imagen-destacada-3.jpg\",\"datePublished\":\"2020-05-01T18:31:50+00:00\",\"dateModified\":\"2025-04-04T09:13:57+00:00\",\"breadcrumb\":{\"@id\":\"https:\\\/\\\/www.rmcr.org\\\/en\\\/2020\\\/05\\\/01\\\/genealogia-y-heraldica-a-traves-de-la-historia-familiar-los-arrese\\\/#breadcrumb\"},\"inLanguage\":\"en-US\",\"potentialAction\":[{\"@type\":\"ReadAction\",\"target\":[\"https:\\\/\\\/www.rmcr.org\\\/en\\\/2020\\\/05\\\/01\\\/genealogia-y-heraldica-a-traves-de-la-historia-familiar-los-arrese\\\/\"]}]},{\"@type\":\"ImageObject\",\"inLanguage\":\"en-US\",\"@id\":\"https:\\\/\\\/www.rmcr.org\\\/en\\\/2020\\\/05\\\/01\\\/genealogia-y-heraldica-a-traves-de-la-historia-familiar-los-arrese\\\/#primaryimage\",\"url\":\"https:\\\/\\\/www.rmcr.org\\\/wp-content\\\/uploads\\\/2022\\\/10\\\/imagen-destacada-3.jpg\",\"contentUrl\":\"https:\\\/\\\/www.rmcr.org\\\/wp-content\\\/uploads\\\/2022\\\/10\\\/imagen-destacada-3.jpg\",\"width\":411,\"height\":116},{\"@type\":\"BreadcrumbList\",\"@id\":\"https:\\\/\\\/www.rmcr.org\\\/en\\\/2020\\\/05\\\/01\\\/genealogia-y-heraldica-a-traves-de-la-historia-familiar-los-arrese\\\/#breadcrumb\",\"itemListElement\":[{\"@type\":\"ListItem\",\"position\":1,\"name\":\"REAL MAESTRANZA DE CABALLER\u00cdA DE RONDA\",\"item\":\"https:\\\/\\\/www.rmcr.org\\\/en\\\/\"},{\"@type\":\"ListItem\",\"position\":2,\"name\":\"Genealog\u00eda y Her\u00e1ldica a trav\u00e9s de la Historia Familiar. Los Arrese.\"}]},{\"@type\":\"WebSite\",\"@id\":\"https:\\\/\\\/www.rmcr.org\\\/en\\\/#website\",\"url\":\"https:\\\/\\\/www.rmcr.org\\\/en\\\/\",\"name\":\"Real Maestranza de Caballer\u00eda de Ronda\",\"description\":\"Real Maestranza de Caballer\u00eda de Ronda\",\"publisher\":{\"@id\":\"https:\\\/\\\/www.rmcr.org\\\/en\\\/#organization\"},\"alternateName\":\"RMCR\",\"potentialAction\":[{\"@type\":\"SearchAction\",\"target\":{\"@type\":\"EntryPoint\",\"urlTemplate\":\"https:\\\/\\\/www.rmcr.org\\\/en\\\/?s={search_term_string}\"},\"query-input\":{\"@type\":\"PropertyValueSpecification\",\"valueRequired\":true,\"valueName\":\"search_term_string\"}}],\"inLanguage\":\"en-US\"},{\"@type\":\"Organization\",\"@id\":\"https:\\\/\\\/www.rmcr.org\\\/en\\\/#organization\",\"name\":\"Real Maestranza de Caballer\u00eda de Ronda\",\"alternateName\":\"RMR\",\"url\":\"https:\\\/\\\/www.rmcr.org\\\/en\\\/\",\"logo\":{\"@type\":\"ImageObject\",\"inLanguage\":\"en-US\",\"@id\":\"https:\\\/\\\/www.rmcr.org\\\/en\\\/#\\\/schema\\\/logo\\\/image\\\/\",\"url\":\"https:\\\/\\\/www.rmcr.org\\\/wp-content\\\/uploads\\\/2022\\\/07\\\/logo-rmr-blue.svg\",\"contentUrl\":\"https:\\\/\\\/www.rmcr.org\\\/wp-content\\\/uploads\\\/2022\\\/07\\\/logo-rmr-blue.svg\",\"width\":131,\"height\":129,\"caption\":\"Real Maestranza de Caballer\u00eda de Ronda\"},\"image\":{\"@id\":\"https:\\\/\\\/www.rmcr.org\\\/en\\\/#\\\/schema\\\/logo\\\/image\\\/\"},\"sameAs\":[\"https:\\\/\\\/www.facebook.com\\\/plazadetorosronda\",\"https:\\\/\\\/x.com\\\/PlazatorosRMR\",\"https:\\\/\\\/www.instagram.com\\\/realmaestranzaderonda\\\/\",\"https:\\\/\\\/www.youtube.com\\\/channel\\\/UCrbO5IUN-8v_QML739vM4zg\\\/videos\"]},{\"@type\":\"Person\",\"@id\":\"https:\\\/\\\/www.rmcr.org\\\/en\\\/#\\\/schema\\\/person\\\/f182f13b406ff40dd281a5ecca93380e\",\"name\":\"ARCHIVO\",\"image\":{\"@type\":\"ImageObject\",\"inLanguage\":\"en-US\",\"@id\":\"https:\\\/\\\/www.rmcr.org\\\/wp-content\\\/uploads\\\/2022\\\/11\\\/avatar-rmcr-96x96.png\",\"url\":\"https:\\\/\\\/www.rmcr.org\\\/wp-content\\\/uploads\\\/2022\\\/11\\\/avatar-rmcr-96x96.png\",\"contentUrl\":\"https:\\\/\\\/www.rmcr.org\\\/wp-content\\\/uploads\\\/2022\\\/11\\\/avatar-rmcr-96x96.png\",\"caption\":\"ARCHIVO\"},\"url\":\"https:\\\/\\\/www.rmcr.org\\\/en\\\/author\\\/francisco-rosales\\\/\"}]}<\/script>\n<!-- \/ Yoast SEO plugin. -->","yoast_head_json":{"title":"Genealog\u00eda y Her\u00e1ldica a trav\u00e9s de la Historia Familiar. Los Arrese. - Real Maestranza de Caballer\u00eda de Ronda","robots":{"index":"index","follow":"follow","max-snippet":"max-snippet:-1","max-image-preview":"max-image-preview:large","max-video-preview":"max-video-preview:-1"},"canonical":"https:\/\/www.rmcr.org\/en\/2020\/05\/01\/genealogia-y-heraldica-a-traves-de-la-historia-familiar-los-arrese\/","og_locale":"en_US","og_type":"article","og_title":"Genealog\u00eda y Her\u00e1ldica a trav\u00e9s de la Historia Familiar. Los Arrese. - Real Maestranza de Caballer\u00eda de Ronda","og_description":"El archivo de la Real Maestranza de Caballer\u00eda de Ronda (RMR), custodia y gestiona una serie de fondos propios y privados especializados en Her\u00e1ldica, Genealog\u00eda, Nobleza y \u00e9lites de poder. Esta publicaci\u00f3n digital es una v\u00eda m\u00e1s del archivo, para difundir el contenido de estos fondos e incentivar y estimular futuras consultas e&nbsp; investigaciones en [&hellip;]","og_url":"https:\/\/www.rmcr.org\/en\/2020\/05\/01\/genealogia-y-heraldica-a-traves-de-la-historia-familiar-los-arrese\/","og_site_name":"Real Maestranza de Caballer\u00eda de Ronda","article_publisher":"https:\/\/www.facebook.com\/plazadetorosronda","article_published_time":"2020-05-01T18:31:50+00:00","article_modified_time":"2025-04-04T09:13:57+00:00","og_image":[{"width":411,"height":116,"url":"https:\/\/www.rmcr.org\/wp-content\/uploads\/2022\/10\/imagen-destacada-3.jpg","type":"image\/jpeg"}],"author":"ARCHIVO","twitter_card":"summary_large_image","twitter_creator":"@PlazatorosRMR","twitter_site":"@PlazatorosRMR","twitter_misc":{"Written by":"ARCHIVO","Est. reading time":"1 minute"},"schema":{"@context":"https:\/\/schema.org","@graph":[{"@type":"Article","@id":"https:\/\/www.rmcr.org\/en\/2020\/05\/01\/genealogia-y-heraldica-a-traves-de-la-historia-familiar-los-arrese\/#article","isPartOf":{"@id":"https:\/\/www.rmcr.org\/en\/2020\/05\/01\/genealogia-y-heraldica-a-traves-de-la-historia-familiar-los-arrese\/"},"author":{"name":"ARCHIVO","@id":"https:\/\/www.rmcr.org\/en\/#\/schema\/person\/f182f13b406ff40dd281a5ecca93380e"},"headline":"Genealog\u00eda y Her\u00e1ldica a trav\u00e9s de la Historia Familiar. Los Arrese.","datePublished":"2020-05-01T18:31:50+00:00","dateModified":"2025-04-04T09:13:57+00:00","mainEntityOfPage":{"@id":"https:\/\/www.rmcr.org\/en\/2020\/05\/01\/genealogia-y-heraldica-a-traves-de-la-historia-familiar-los-arrese\/"},"wordCount":165,"commentCount":0,"publisher":{"@id":"https:\/\/www.rmcr.org\/en\/#organization"},"image":{"@id":"https:\/\/www.rmcr.org\/en\/2020\/05\/01\/genealogia-y-heraldica-a-traves-de-la-historia-familiar-los-arrese\/#primaryimage"},"thumbnailUrl":"https:\/\/www.rmcr.org\/wp-content\/uploads\/2022\/10\/imagen-destacada-3.jpg","keywords":["Archivo","Fondos documentales","Genealog\u00eda","Her\u00e1ldica"],"articleSection":["Archivo","Documentos Archivo RMR"],"inLanguage":"en-US","potentialAction":[{"@type":"CommentAction","name":"Comment","target":["https:\/\/www.rmcr.org\/en\/2020\/05\/01\/genealogia-y-heraldica-a-traves-de-la-historia-familiar-los-arrese\/#respond"]}]},{"@type":"WebPage","@id":"https:\/\/www.rmcr.org\/en\/2020\/05\/01\/genealogia-y-heraldica-a-traves-de-la-historia-familiar-los-arrese\/","url":"https:\/\/www.rmcr.org\/en\/2020\/05\/01\/genealogia-y-heraldica-a-traves-de-la-historia-familiar-los-arrese\/","name":"Genealog\u00eda y Her\u00e1ldica a trav\u00e9s de la Historia Familiar. Los Arrese. - Real Maestranza de Caballer\u00eda de Ronda","isPartOf":{"@id":"https:\/\/www.rmcr.org\/en\/#website"},"primaryImageOfPage":{"@id":"https:\/\/www.rmcr.org\/en\/2020\/05\/01\/genealogia-y-heraldica-a-traves-de-la-historia-familiar-los-arrese\/#primaryimage"},"image":{"@id":"https:\/\/www.rmcr.org\/en\/2020\/05\/01\/genealogia-y-heraldica-a-traves-de-la-historia-familiar-los-arrese\/#primaryimage"},"thumbnailUrl":"https:\/\/www.rmcr.org\/wp-content\/uploads\/2022\/10\/imagen-destacada-3.jpg","datePublished":"2020-05-01T18:31:50+00:00","dateModified":"2025-04-04T09:13:57+00:00","breadcrumb":{"@id":"https:\/\/www.rmcr.org\/en\/2020\/05\/01\/genealogia-y-heraldica-a-traves-de-la-historia-familiar-los-arrese\/#breadcrumb"},"inLanguage":"en-US","potentialAction":[{"@type":"ReadAction","target":["https:\/\/www.rmcr.org\/en\/2020\/05\/01\/genealogia-y-heraldica-a-traves-de-la-historia-familiar-los-arrese\/"]}]},{"@type":"ImageObject","inLanguage":"en-US","@id":"https:\/\/www.rmcr.org\/en\/2020\/05\/01\/genealogia-y-heraldica-a-traves-de-la-historia-familiar-los-arrese\/#primaryimage","url":"https:\/\/www.rmcr.org\/wp-content\/uploads\/2022\/10\/imagen-destacada-3.jpg","contentUrl":"https:\/\/www.rmcr.org\/wp-content\/uploads\/2022\/10\/imagen-destacada-3.jpg","width":411,"height":116},{"@type":"BreadcrumbList","@id":"https:\/\/www.rmcr.org\/en\/2020\/05\/01\/genealogia-y-heraldica-a-traves-de-la-historia-familiar-los-arrese\/#breadcrumb","itemListElement":[{"@type":"ListItem","position":1,"name":"REAL MAESTRANZA DE CABALLER\u00cdA DE RONDA","item":"https:\/\/www.rmcr.org\/en\/"},{"@type":"ListItem","position":2,"name":"Genealog\u00eda y Her\u00e1ldica a trav\u00e9s de la Historia Familiar. Los Arrese."}]},{"@type":"WebSite","@id":"https:\/\/www.rmcr.org\/en\/#website","url":"https:\/\/www.rmcr.org\/en\/","name":"Real Maestranza de Caballer\u00eda de Ronda","description":"Real Maestranza de Caballer\u00eda de Ronda","publisher":{"@id":"https:\/\/www.rmcr.org\/en\/#organization"},"alternateName":"RMCR","potentialAction":[{"@type":"SearchAction","target":{"@type":"EntryPoint","urlTemplate":"https:\/\/www.rmcr.org\/en\/?s={search_term_string}"},"query-input":{"@type":"PropertyValueSpecification","valueRequired":true,"valueName":"search_term_string"}}],"inLanguage":"en-US"},{"@type":"Organization","@id":"https:\/\/www.rmcr.org\/en\/#organization","name":"Real Maestranza de Caballer\u00eda de Ronda","alternateName":"RMR","url":"https:\/\/www.rmcr.org\/en\/","logo":{"@type":"ImageObject","inLanguage":"en-US","@id":"https:\/\/www.rmcr.org\/en\/#\/schema\/logo\/image\/","url":"https:\/\/www.rmcr.org\/wp-content\/uploads\/2022\/07\/logo-rmr-blue.svg","contentUrl":"https:\/\/www.rmcr.org\/wp-content\/uploads\/2022\/07\/logo-rmr-blue.svg","width":131,"height":129,"caption":"Real Maestranza de Caballer\u00eda de Ronda"},"image":{"@id":"https:\/\/www.rmcr.org\/en\/#\/schema\/logo\/image\/"},"sameAs":["https:\/\/www.facebook.com\/plazadetorosronda","https:\/\/x.com\/PlazatorosRMR","https:\/\/www.instagram.com\/realmaestranzaderonda\/","https:\/\/www.youtube.com\/channel\/UCrbO5IUN-8v_QML739vM4zg\/videos"]},{"@type":"Person","@id":"https:\/\/www.rmcr.org\/en\/#\/schema\/person\/f182f13b406ff40dd281a5ecca93380e","name":"ARCHIVO","image":{"@type":"ImageObject","inLanguage":"en-US","@id":"https:\/\/www.rmcr.org\/wp-content\/uploads\/2022\/11\/avatar-rmcr-96x96.png","url":"https:\/\/www.rmcr.org\/wp-content\/uploads\/2022\/11\/avatar-rmcr-96x96.png","contentUrl":"https:\/\/www.rmcr.org\/wp-content\/uploads\/2022\/11\/avatar-rmcr-96x96.png","caption":"ARCHIVO"},"url":"https:\/\/www.rmcr.org\/en\/author\/francisco-rosales\/"}]}},"_links":{"self":[{"href":"https:\/\/www.rmcr.org\/en\/wp-json\/wp\/v2\/posts\/6229","targetHints":{"allow":["GET"]}}],"collection":[{"href":"https:\/\/www.rmcr.org\/en\/wp-json\/wp\/v2\/posts"}],"about":[{"href":"https:\/\/www.rmcr.org\/en\/wp-json\/wp\/v2\/types\/post"}],"author":[{"embeddable":true,"href":"https:\/\/www.rmcr.org\/en\/wp-json\/wp\/v2\/users\/3"}],"replies":[{"embeddable":true,"href":"https:\/\/www.rmcr.org\/en\/wp-json\/wp\/v2\/comments?post=6229"}],"version-history":[{"count":2,"href":"https:\/\/www.rmcr.org\/en\/wp-json\/wp\/v2\/posts\/6229\/revisions"}],"predecessor-version":[{"id":12175,"href":"https:\/\/www.rmcr.org\/en\/wp-json\/wp\/v2\/posts\/6229\/revisions\/12175"}],"wp:featuredmedia":[{"embeddable":true,"href":"https:\/\/www.rmcr.org\/en\/wp-json\/wp\/v2\/media\/11922"}],"wp:attachment":[{"href":"https:\/\/www.rmcr.org\/en\/wp-json\/wp\/v2\/media?parent=6229"}],"wp:term":[{"taxonomy":"category","embeddable":true,"href":"https:\/\/www.rmcr.org\/en\/wp-json\/wp\/v2\/categories?post=6229"},{"taxonomy":"post_tag","embeddable":true,"href":"https:\/\/www.rmcr.org\/en\/wp-json\/wp\/v2\/tags?post=6229"}],"curies":[{"name":"wp","href":"https:\/\/api.w.org\/{rel}","templated":true}]}}