{"id":6222,"date":"2020-03-26T16:49:18","date_gmt":"2020-03-26T16:49:18","guid":{"rendered":"https:\/\/www.rmcr.org\/?p=6222"},"modified":"2025-04-03T08:58:02","modified_gmt":"2025-04-03T08:58:02","slug":"biblioteca-rmr-no-75-el-puente-nuevo-icono-monumental-de-ronda-marzo-2020","status":"publish","type":"post","link":"https:\/\/www.rmcr.org\/en\/2020\/03\/26\/biblioteca-rmr-no-75-el-puente-nuevo-icono-monumental-de-ronda-marzo-2020\/","title":{"rendered":"Biblioteca-RMR: N\u00ba 75. El Puente Nuevo, icono monumental de Ronda. Marzo 2020."},"content":{"rendered":"<p style=\"text-align: center;\"><strong>\u00b7 MONOGR\u00c1FICO \u00b7<\/strong><br \/>\n<strong>\u00b7 BIBLIOTECA DE LA REAL MAESTRANZA DE CABALLER\u00cdA DE RONDA \u00b7<\/strong><br \/>\n<strong>\u00b7 MARZO 2020 \u00b7<\/strong><\/p>\n<p style=\"text-align: center;\"><strong>\u00b7 FONDO LITERATURA DE VIAJES \u00b7<\/strong><\/p>\n<p>A lo largo de las centurias que lo han visto erguirse impert\u00e9rrito en el paisaje urbano de Ronda conectando las dos partes de la poblaci\u00f3n (la antigua o barrio de la Ciudad y la nueva o barrio del Mercadillo), el Puente Nuevo, inaugurado oficialmente en 1793, se ha convertido en un monumento ic\u00f3nico de trascendencia universal. A ello contribuyeron decisivamente los m\u00e1s reputados artistas y viajeros del romanticismo europeo.<\/p>\n<p>La referencia gr\u00e1fica m\u00e1s antigua que se conoce del puente es la que realiz\u00f3 Michael Angelo Rooker en 1775. En ella se puede observar la construcci\u00f3n en proceso de desarrollo, y justo por encima de ella los arranques del fallido puente anterior que se desplom\u00f3 en 1741.<\/p>\n<p>Este primer proyecto constructivo quiz\u00e1 pueda explicar la idealizada representaci\u00f3n recogida en el libro del brit\u00e1nico William Jacob editado en 1811 (ver entrada <a>n\u00ba 36 de diciembre de 2016<\/a>).<\/p>\n<p>El artista escoc\u00e9s dotar\u00e1 a su obra del aire plenamente rom\u00e1ntico de la \u00e9poca, ofreciendo una imagen del puente m\u00e1s esbelta de lo que es en realidad, sentando las bases de muchas otras representaciones que vendr\u00e1n con posterioridad, copias casi literales.<\/p>\n<p>Algunas de ellas se recogen en esta sucinta recopilaci\u00f3n. Muchas otras han quedado fuera, aunque dar\u00edan para varias entregas m\u00e1s sobre el tema. Destacamos entre las mostradas la que realiz\u00f3 Gustave Dor\u00e9 para el libro de Samuel Manning publicado en 1870.<\/p>\n<p>Para terminar, una breve rese\u00f1a sobre la imagen que cierra precisamente esta selecci\u00f3n. Apareci\u00f3 publicada en Nueva York en 1775 y su autor es Harry Fenn.<\/p>\n<p>La vista frontal ideada por David Roberts aparece enmarcada por la antigua puerta \u00e1rabe que daba entrada a la ciudad por el oeste, conocida como Puerta de los Molinos o Arco del Cristo. \u00c9ste recib\u00eda su nombre por una hornacina situada en la parte interior del acceso, representada precisamente en la ilustraci\u00f3n delante del personaje de la esquina inferior derecha.<\/p>\n<p>Todos los ejemplares descritos aqu\u00ed forman parte del importante Fondo de Literatura de Viajes de la Biblioteca de la Real Maestranza de Caballer\u00eda de Ronda. Una descripci\u00f3n m\u00e1s completa de los registros y muchos otros resultados m\u00e1s pueden consultarse a trav\u00e9s del <a href=\"http:\/\/catalogo.rmcr.org\/ronda\/search?q=ronda+descripcion+xix&amp;fq=msstored_fld98&amp;fv=BIBLIOTECA&amp;fq=media&amp;fv=*\">cat\u00e1logo en l\u00ednea<\/a>.<\/p>\n<p><a href=\"https:\/\/www.rmcr.org\/2020\/03\/cb1003389-1.jpg\"><img fetchpriority=\"high\" decoding=\"async\" class=\"aligncenter size-full wp-image-2287\" src=\"https:\/\/www.rmcr.org\/wp-content\/uploads\/2020\/03\/cb1003389-1.jpg\" alt=\"\" width=\"400\" height=\"530\" \/><\/a><\/p>\n<p style=\"text-align: left;\"><em>Travels through Portugal and Spain, in 1772 and 1773<\/em> \/ by <strong>Richard Twiss<\/strong> ; with copper-plates ; and an appendix. &#8212; London : printed for the author : and sold by G. Robinson, T. Becket, and J. Robson, 1775. &#8212; [4], III, [1], 465 p., [1] p. en bl., [6] p., [4] h. de l\u00e1m., [3] h. de l\u00e1m. pleg. : il. ; 4\u00ba. <em>[Ilustrador y grabador: Michael Angelo Rooker (1743-1801)].<\/em><\/p>\n<p><a href=\"https:\/\/www.rmcr.org\/2020\/03\/cb1003259.jpg\"><img decoding=\"async\" class=\"aligncenter size-full wp-image-2305\" src=\"https:\/\/www.rmcr.org\/wp-content\/uploads\/2020\/03\/cb1003259.jpg\" alt=\"\" width=\"400\" height=\"295\" srcset=\"https:\/\/www.rmcr.org\/wp-content\/uploads\/2020\/03\/cb1003259.jpg 400w, https:\/\/www.rmcr.org\/wp-content\/uploads\/2020\/03\/cb1003259-300x221.jpg 300w\" sizes=\"(max-width: 400px) 100vw, 400px\" \/><\/a><\/p>\n<p style=\"text-align: left;\"><em>Travels in the South of Spain, in letters written A.D. 1809 and 1810<\/em> \/ by <strong>William Jacob<\/strong>. &#8212; London : J. Johnson and Co., 1811. &#8212; 407, 36 p., [13] h. de l\u00e1m. ; 27 cm. <em>[Ilustrador: desconocido]<\/em>.<\/p>\n<p><a href=\"https:\/\/www.rmcr.org\/2020\/03\/cb1003265.jpg\"><img decoding=\"async\" class=\"aligncenter size-full wp-image-2289\" src=\"https:\/\/www.rmcr.org\/wp-content\/uploads\/2020\/03\/cb1003265.jpg\" alt=\"\" width=\"400\" height=\"592\" \/><\/a><\/p>\n<p style=\"text-align: left;\"><em>The tourist in Spain : Granada<\/em> \/ by <strong>Thomas Roscoe<\/strong> ; illustrated from drawings by <strong>David Roberts<\/strong>. &#8212; London : Robert Jennings and Co., 1835. &#8212; XV, 288 p., [21] h. de l\u00e1m. : il. ; 20 cm. &#8212; (Jennings&#8217; landscape annual ; 1835). <em>[Ilustrador: David Roberts (1796-1864) ; Grabador: James Tilbitts Willmore (1800-1863)]<\/em>.<\/p>\n<p><a href=\"https:\/\/www.rmcr.org\/2020\/03\/cb1002594.jpg\"><img loading=\"lazy\" decoding=\"async\" class=\"aligncenter size-full wp-image-2291\" src=\"https:\/\/www.rmcr.org\/wp-content\/uploads\/2020\/03\/cb1002594.jpg\" alt=\"\" width=\"400\" height=\"606\" \/><\/a><\/p>\n<p style=\"text-align: left;\"><em>A summer in Andalucia<\/em> \/ <strong>George Dennis<\/strong>. &#8212; London : Richard Bentley, 1839. &#8212; 2 v. (XII, 405 p., [1] h. de l\u00e1m. ; VIII, 444 p., [1] h. de l\u00e1m.) ; 22 cm.\u00a0<em>[Ilustrador: desconocido].<\/em><\/p>\n<p><a href=\"https:\/\/www.rmcr.org\/2020\/03\/cb1021976.jpg\"><img loading=\"lazy\" decoding=\"async\" class=\"aligncenter size-full wp-image-2300\" src=\"https:\/\/www.rmcr.org\/wp-content\/uploads\/2020\/03\/cb1021976.jpg\" alt=\"\" width=\"400\" height=\"658\" \/><\/a><\/p>\n<p><em>Travels in Spain and Portugal<\/em> \/ revised by the editors. &#8212; New York : Lane &amp; Tippett, 1846 (J. Collord). &#8212; 162 p. : il. ; 16 cm.\u00a0<em>[Ilustrador: desconocido].<\/em><\/p>\n<p><a href=\"https:\/\/www.rmcr.org\/2020\/03\/cb1003316.jpg\"><img loading=\"lazy\" decoding=\"async\" class=\"aligncenter size-full wp-image-2282\" src=\"https:\/\/www.rmcr.org\/wp-content\/uploads\/2020\/03\/cb1003316.jpg\" alt=\"\" width=\"400\" height=\"608\" \/><\/a><\/p>\n<p style=\"text-align: left;\"><em>Castile and Andalucia<\/em> \/ by <strong>Louisa Tenison<\/strong> ; dibujos, Louisa Tenison y Egron Lundgren ; grabador, J.W. Whymper. &#8212; London : Richard Bentley, 1853 (Schulze and Co.). &#8212; XI, 488 p., [24] h. de l\u00e1m. : il. ; 28 cm. <em>[Ilustrador: Egron Sillif Lundgren (1815-1875) ; Grabador: Josiah Wood Whymper (1813-1903)]<\/em><\/p>\n<p><a href=\"https:\/\/www.rmcr.org\/2020\/03\/cb1019588-1.jpg\"><img loading=\"lazy\" decoding=\"async\" class=\"aligncenter size-full wp-image-2293\" src=\"https:\/\/www.rmcr.org\/wp-content\/uploads\/2020\/03\/cb1019588-1.jpg\" alt=\"\" width=\"400\" height=\"588\" \/><\/a><\/p>\n<p style=\"text-align: left;\"><em>Een zomer in het zuiden<\/em> \/ door <strong>Gerard Keller<\/strong> ; met platen. &#8212; Arnhem : D.A. Thieme, 1863-1864. &#8212; 2 v. (243 p., [2] h. de l\u00e1m. pleg. ; 216 p., [4] h. de l\u00e1m. pleg.) ; 24 cm.\u00a0<em>[Ilustrador: Willem Bernardus IJzerdraat (1835-1907)]<\/em><\/p>\n<p><a href=\"https:\/\/www.rmcr.org\/2020\/03\/cb1001239.jpg\"><img loading=\"lazy\" decoding=\"async\" class=\"aligncenter size-full wp-image-2302\" src=\"https:\/\/www.rmcr.org\/wp-content\/uploads\/2020\/03\/cb1001239.jpg\" alt=\"\" width=\"400\" height=\"591\" \/><\/a><\/p>\n<p style=\"text-align: left;\"><em>Nov\u00edsimo diccionario geogr\u00e1fico, hist\u00f3rico, pintoresco universal : \u00f3 Descripcion f\u00edsica, hist\u00f3rica, pol\u00edtica, comercial, estad\u00edstica, industrial, cient\u00edfica, literaria, art\u00edstica, religiosa, moral, etc. de todas las partes del mundo &#8230;<\/em> \/ por una sociedad literaria &#8230;. &#8212; Madrid : Librer\u00eda Espa\u00f1ola ; Barcelona : Librer\u00eda del Plus Ultra ; Habana : Librer\u00eda La Enciclopedia, 1863-1868 (Barcelona : Imp. de Luis Tasso). &#8212; 4 v. (XXIII, 800 p., [18] h. de l\u00e1m. ; 940 p., [8] h. de l\u00e1m. ; 927 p., [8] h. de l\u00e1m. ; 1036 p., [16] h. de l\u00e1m.) : il. ; 27 cm.\u00a0<em>[Ilustrador: desconocido].<\/em><\/p>\n<p><a href=\"https:\/\/www.rmcr.org\/2020\/03\/cb1003258.jpg\"><img loading=\"lazy\" decoding=\"async\" class=\"aligncenter size-full wp-image-2278\" src=\"https:\/\/www.rmcr.org\/wp-content\/uploads\/2020\/03\/cb1003258.jpg\" alt=\"\" width=\"400\" height=\"518\" \/><\/a><\/p>\n<p style=\"text-align: left;\"><em>Spanish pictures drawn with pen and pencil<\/em> \/ by the autor of &#8220;Swiss pictures&#8221; and &#8220;Italian pictures&#8221; [<strong>Samuel Manning<\/strong>] ; with illustrations by <strong>Gustave Dor\u00e9<\/strong> and other eminent artists. &#8212; London : The Religious Tract Society, [ca. 1870] (London : William Clowes and Sons). &#8212; 200 p. : il. ; 29 cm.\u00a0<em>[Ilustrador: Gustave Dor\u00e9 (1832-1883)]<\/em><\/p>\n<p><a href=\"https:\/\/www.rmcr.org\/2020\/03\/cb1025991.jpg\"><img loading=\"lazy\" decoding=\"async\" class=\"aligncenter size-full wp-image-2281\" src=\"https:\/\/www.rmcr.org\/wp-content\/uploads\/2020\/03\/cb1025991.jpg\" alt=\"\" width=\"400\" height=\"588\" \/><\/a><\/p>\n<p style=\"text-align: left;\"><em>Picturesque Europe : a delineation by pen and pencil of the natural features and the picturesque and historical places of Great Britain and the continent<\/em> \/ illustrated on steel and wood by european and american artists ; edited by <strong>Bayard Taylor<\/strong>. &#8212; New York : D. Appleton and Company, 1875-1879. &#8212; 3 v. (VI, IV, 488 p., [21] h. de l\u00e1m. ; IV, 460 p., [22] h. de l\u00e1m. ; IV, 491 p., [20] h. de l\u00e1m.) : il. ; 33 cm.\u00a0<em>[Ilustrador: Harry Fenn (1838-1911)]<\/em><\/p>\n<p><strong>Para saber m\u00e1s:<\/strong><\/p>\n<p>La imagen gr\u00e1fica del Puente Nuevo de Ronda : siglos XVIII y XIX \/ Rafael Valent\u00edn L\u00f3pez Flores. &#8212; En: Isla de Arriar\u00e1n. &#8212; M\u00e1laga : Asociaci\u00f3n Cultural Isla de Arriar\u00e1n, 2005. &#8212; N. XXVI, p. 81-110. (<a href=\"https:\/\/dialnet.unirioja.es\/servlet\/articulo?codigo=2042249\">Consultar art\u00edculo en Dialnet<\/a>)<\/p>\n","protected":false},"excerpt":{"rendered":"<p>\u00b7 MONOGR\u00c1FICO \u00b7 \u00b7 BIBLIOTECA DE LA REAL MAESTRANZA DE CABALLER\u00cdA DE RONDA \u00b7 \u00b7 MARZO 2020 \u00b7 \u00b7 FONDO LITERATURA DE VIAJES \u00b7 A lo largo de las centurias que lo han visto erguirse impert\u00e9rrito en el paisaje urbano de Ronda conectando las dos partes de la poblaci\u00f3n (la antigua o barrio de la [&hellip;]<\/p>\n","protected":false},"author":2,"featured_media":11722,"comment_status":"open","ping_status":"open","sticky":false,"template":"","format":"standard","meta":{"footnotes":""},"categories":[140,791],"tags":[237,105,252,176,144,137,145,114],"class_list":["post-6222","post","type-post","status-publish","format-standard","has-post-thumbnail","hentry","category-biblioteca","category-boletin-bibliografico-biblioteca-rmr","tag-bibliografias","tag-biblioteca-general","tag-biblioteca-rmr","tag-boletin-mensual-bibliografico","tag-grabados","tag-libros","tag-literatura-de-viajes","tag-ronda"],"yoast_head":"<!-- This site is optimized with the Yoast SEO plugin v27.5 - https:\/\/yoast.com\/product\/yoast-seo-wordpress\/ -->\n<title>Biblioteca-RMR: N\u00ba 75. El Puente Nuevo, icono monumental de Ronda. Marzo 2020. - Real Maestranza de Caballer\u00eda de Ronda<\/title>\n<meta name=\"robots\" content=\"index, follow, max-snippet:-1, max-image-preview:large, max-video-preview:-1\" \/>\n<link rel=\"canonical\" href=\"https:\/\/www.rmcr.org\/en\/2020\/03\/26\/biblioteca-rmr-no-75-el-puente-nuevo-icono-monumental-de-ronda-marzo-2020\/\" \/>\n<meta property=\"og:locale\" content=\"en_US\" \/>\n<meta property=\"og:type\" content=\"article\" \/>\n<meta property=\"og:title\" content=\"Biblioteca-RMR: N\u00ba 75. El Puente Nuevo, icono monumental de Ronda. Marzo 2020. - Real Maestranza de Caballer\u00eda de Ronda\" \/>\n<meta property=\"og:description\" content=\"\u00b7 MONOGR\u00c1FICO \u00b7 \u00b7 BIBLIOTECA DE LA REAL MAESTRANZA DE CABALLER\u00cdA DE RONDA \u00b7 \u00b7 MARZO 2020 \u00b7 \u00b7 FONDO LITERATURA DE VIAJES \u00b7 A lo largo de las centurias que lo han visto erguirse impert\u00e9rrito en el paisaje urbano de Ronda conectando las dos partes de la poblaci\u00f3n (la antigua o barrio de la [&hellip;]\" \/>\n<meta property=\"og:url\" content=\"https:\/\/www.rmcr.org\/en\/2020\/03\/26\/biblioteca-rmr-no-75-el-puente-nuevo-icono-monumental-de-ronda-marzo-2020\/\" \/>\n<meta property=\"og:site_name\" content=\"Real Maestranza de Caballer\u00eda de Ronda\" \/>\n<meta property=\"article:publisher\" content=\"https:\/\/www.facebook.com\/plazadetorosronda\" \/>\n<meta property=\"article:published_time\" content=\"2020-03-26T16:49:18+00:00\" \/>\n<meta property=\"article:modified_time\" content=\"2025-04-03T08:58:02+00:00\" \/>\n<meta property=\"og:image\" content=\"https:\/\/www.rmcr.org\/wp-content\/uploads\/2022\/10\/pnr.jpg\" \/>\n\t<meta property=\"og:image:width\" content=\"482\" \/>\n\t<meta property=\"og:image:height\" content=\"155\" \/>\n\t<meta property=\"og:image:type\" content=\"image\/jpeg\" \/>\n<meta name=\"author\" content=\"BIBLIOTECA\" \/>\n<meta name=\"twitter:card\" content=\"summary_large_image\" \/>\n<meta name=\"twitter:creator\" content=\"@PlazatorosRMR\" \/>\n<meta name=\"twitter:site\" content=\"@PlazatorosRMR\" \/>\n<meta name=\"twitter:label1\" content=\"Written by\" \/>\n\t<meta name=\"twitter:data1\" content=\"BIBLIOTECA\" \/>\n\t<meta name=\"twitter:label2\" content=\"Est. reading time\" \/>\n\t<meta name=\"twitter:data2\" content=\"5 minutes\" \/>\n<script type=\"application\/ld+json\" class=\"yoast-schema-graph\">{\"@context\":\"https:\\\/\\\/schema.org\",\"@graph\":[{\"@type\":\"Article\",\"@id\":\"https:\\\/\\\/www.rmcr.org\\\/en\\\/2020\\\/03\\\/26\\\/biblioteca-rmr-no-75-el-puente-nuevo-icono-monumental-de-ronda-marzo-2020\\\/#article\",\"isPartOf\":{\"@id\":\"https:\\\/\\\/www.rmcr.org\\\/en\\\/2020\\\/03\\\/26\\\/biblioteca-rmr-no-75-el-puente-nuevo-icono-monumental-de-ronda-marzo-2020\\\/\"},\"author\":{\"name\":\"BIBLIOTECA\",\"@id\":\"https:\\\/\\\/www.rmcr.org\\\/en\\\/#\\\/schema\\\/person\\\/80849edee7ef556893505128619ea1d0\"},\"headline\":\"Biblioteca-RMR: N\u00ba 75. El Puente Nuevo, icono monumental de Ronda. Marzo 2020.\",\"datePublished\":\"2020-03-26T16:49:18+00:00\",\"dateModified\":\"2025-04-03T08:58:02+00:00\",\"mainEntityOfPage\":{\"@id\":\"https:\\\/\\\/www.rmcr.org\\\/en\\\/2020\\\/03\\\/26\\\/biblioteca-rmr-no-75-el-puente-nuevo-icono-monumental-de-ronda-marzo-2020\\\/\"},\"wordCount\":916,\"commentCount\":0,\"publisher\":{\"@id\":\"https:\\\/\\\/www.rmcr.org\\\/en\\\/#organization\"},\"image\":{\"@id\":\"https:\\\/\\\/www.rmcr.org\\\/en\\\/2020\\\/03\\\/26\\\/biblioteca-rmr-no-75-el-puente-nuevo-icono-monumental-de-ronda-marzo-2020\\\/#primaryimage\"},\"thumbnailUrl\":\"https:\\\/\\\/www.rmcr.org\\\/wp-content\\\/uploads\\\/2022\\\/10\\\/pnr.jpg\",\"keywords\":[\"Bibliograf\u00edas\",\"Biblioteca\",\"Biblioteca-RMR\",\"Bolet\u00edn mensual bibliogr\u00e1fico\",\"Grabados\",\"Libros\",\"Literatura de viajes\",\"Ronda\"],\"articleSection\":[\"Biblioteca\",\"Bolet\u00edn bibliogr\u00e1fico Biblioteca-RMR\"],\"inLanguage\":\"en-US\",\"potentialAction\":[{\"@type\":\"CommentAction\",\"name\":\"Comment\",\"target\":[\"https:\\\/\\\/www.rmcr.org\\\/en\\\/2020\\\/03\\\/26\\\/biblioteca-rmr-no-75-el-puente-nuevo-icono-monumental-de-ronda-marzo-2020\\\/#respond\"]}]},{\"@type\":\"WebPage\",\"@id\":\"https:\\\/\\\/www.rmcr.org\\\/en\\\/2020\\\/03\\\/26\\\/biblioteca-rmr-no-75-el-puente-nuevo-icono-monumental-de-ronda-marzo-2020\\\/\",\"url\":\"https:\\\/\\\/www.rmcr.org\\\/en\\\/2020\\\/03\\\/26\\\/biblioteca-rmr-no-75-el-puente-nuevo-icono-monumental-de-ronda-marzo-2020\\\/\",\"name\":\"Biblioteca-RMR: N\u00ba 75. El Puente Nuevo, icono monumental de Ronda. Marzo 2020. - Real Maestranza de Caballer\u00eda de Ronda\",\"isPartOf\":{\"@id\":\"https:\\\/\\\/www.rmcr.org\\\/en\\\/#website\"},\"primaryImageOfPage\":{\"@id\":\"https:\\\/\\\/www.rmcr.org\\\/en\\\/2020\\\/03\\\/26\\\/biblioteca-rmr-no-75-el-puente-nuevo-icono-monumental-de-ronda-marzo-2020\\\/#primaryimage\"},\"image\":{\"@id\":\"https:\\\/\\\/www.rmcr.org\\\/en\\\/2020\\\/03\\\/26\\\/biblioteca-rmr-no-75-el-puente-nuevo-icono-monumental-de-ronda-marzo-2020\\\/#primaryimage\"},\"thumbnailUrl\":\"https:\\\/\\\/www.rmcr.org\\\/wp-content\\\/uploads\\\/2022\\\/10\\\/pnr.jpg\",\"datePublished\":\"2020-03-26T16:49:18+00:00\",\"dateModified\":\"2025-04-03T08:58:02+00:00\",\"breadcrumb\":{\"@id\":\"https:\\\/\\\/www.rmcr.org\\\/en\\\/2020\\\/03\\\/26\\\/biblioteca-rmr-no-75-el-puente-nuevo-icono-monumental-de-ronda-marzo-2020\\\/#breadcrumb\"},\"inLanguage\":\"en-US\",\"potentialAction\":[{\"@type\":\"ReadAction\",\"target\":[\"https:\\\/\\\/www.rmcr.org\\\/en\\\/2020\\\/03\\\/26\\\/biblioteca-rmr-no-75-el-puente-nuevo-icono-monumental-de-ronda-marzo-2020\\\/\"]}]},{\"@type\":\"ImageObject\",\"inLanguage\":\"en-US\",\"@id\":\"https:\\\/\\\/www.rmcr.org\\\/en\\\/2020\\\/03\\\/26\\\/biblioteca-rmr-no-75-el-puente-nuevo-icono-monumental-de-ronda-marzo-2020\\\/#primaryimage\",\"url\":\"https:\\\/\\\/www.rmcr.org\\\/wp-content\\\/uploads\\\/2022\\\/10\\\/pnr.jpg\",\"contentUrl\":\"https:\\\/\\\/www.rmcr.org\\\/wp-content\\\/uploads\\\/2022\\\/10\\\/pnr.jpg\",\"width\":482,\"height\":155},{\"@type\":\"BreadcrumbList\",\"@id\":\"https:\\\/\\\/www.rmcr.org\\\/en\\\/2020\\\/03\\\/26\\\/biblioteca-rmr-no-75-el-puente-nuevo-icono-monumental-de-ronda-marzo-2020\\\/#breadcrumb\",\"itemListElement\":[{\"@type\":\"ListItem\",\"position\":1,\"name\":\"REAL MAESTRANZA DE CABALLER\u00cdA DE RONDA\",\"item\":\"https:\\\/\\\/www.rmcr.org\\\/en\\\/\"},{\"@type\":\"ListItem\",\"position\":2,\"name\":\"Biblioteca-RMR: N\u00ba 75. El Puente Nuevo, icono monumental de Ronda. Marzo 2020.\"}]},{\"@type\":\"WebSite\",\"@id\":\"https:\\\/\\\/www.rmcr.org\\\/en\\\/#website\",\"url\":\"https:\\\/\\\/www.rmcr.org\\\/en\\\/\",\"name\":\"Real Maestranza de Caballer\u00eda de Ronda\",\"description\":\"Real Maestranza de Caballer\u00eda de Ronda\",\"publisher\":{\"@id\":\"https:\\\/\\\/www.rmcr.org\\\/en\\\/#organization\"},\"alternateName\":\"RMCR\",\"potentialAction\":[{\"@type\":\"SearchAction\",\"target\":{\"@type\":\"EntryPoint\",\"urlTemplate\":\"https:\\\/\\\/www.rmcr.org\\\/en\\\/?s={search_term_string}\"},\"query-input\":{\"@type\":\"PropertyValueSpecification\",\"valueRequired\":true,\"valueName\":\"search_term_string\"}}],\"inLanguage\":\"en-US\"},{\"@type\":\"Organization\",\"@id\":\"https:\\\/\\\/www.rmcr.org\\\/en\\\/#organization\",\"name\":\"Real Maestranza de Caballer\u00eda de Ronda\",\"alternateName\":\"RMR\",\"url\":\"https:\\\/\\\/www.rmcr.org\\\/en\\\/\",\"logo\":{\"@type\":\"ImageObject\",\"inLanguage\":\"en-US\",\"@id\":\"https:\\\/\\\/www.rmcr.org\\\/en\\\/#\\\/schema\\\/logo\\\/image\\\/\",\"url\":\"https:\\\/\\\/www.rmcr.org\\\/wp-content\\\/uploads\\\/2022\\\/07\\\/logo-rmr-blue.svg\",\"contentUrl\":\"https:\\\/\\\/www.rmcr.org\\\/wp-content\\\/uploads\\\/2022\\\/07\\\/logo-rmr-blue.svg\",\"width\":131,\"height\":129,\"caption\":\"Real Maestranza de Caballer\u00eda de Ronda\"},\"image\":{\"@id\":\"https:\\\/\\\/www.rmcr.org\\\/en\\\/#\\\/schema\\\/logo\\\/image\\\/\"},\"sameAs\":[\"https:\\\/\\\/www.facebook.com\\\/plazadetorosronda\",\"https:\\\/\\\/x.com\\\/PlazatorosRMR\",\"https:\\\/\\\/www.instagram.com\\\/realmaestranzaderonda\\\/\",\"https:\\\/\\\/www.youtube.com\\\/channel\\\/UCrbO5IUN-8v_QML739vM4zg\\\/videos\"]},{\"@type\":\"Person\",\"@id\":\"https:\\\/\\\/www.rmcr.org\\\/en\\\/#\\\/schema\\\/person\\\/80849edee7ef556893505128619ea1d0\",\"name\":\"BIBLIOTECA\",\"image\":{\"@type\":\"ImageObject\",\"inLanguage\":\"en-US\",\"@id\":\"https:\\\/\\\/www.rmcr.org\\\/wp-content\\\/uploads\\\/2022\\\/11\\\/avatar-rmcr-96x96.png\",\"url\":\"https:\\\/\\\/www.rmcr.org\\\/wp-content\\\/uploads\\\/2022\\\/11\\\/avatar-rmcr-96x96.png\",\"contentUrl\":\"https:\\\/\\\/www.rmcr.org\\\/wp-content\\\/uploads\\\/2022\\\/11\\\/avatar-rmcr-96x96.png\",\"caption\":\"BIBLIOTECA\"},\"url\":\"https:\\\/\\\/www.rmcr.org\\\/en\\\/author\\\/juan-antonio-moreno\\\/\"}]}<\/script>\n<!-- \/ Yoast SEO plugin. -->","yoast_head_json":{"title":"Biblioteca-RMR: N\u00ba 75. El Puente Nuevo, icono monumental de Ronda. Marzo 2020. - Real Maestranza de Caballer\u00eda de Ronda","robots":{"index":"index","follow":"follow","max-snippet":"max-snippet:-1","max-image-preview":"max-image-preview:large","max-video-preview":"max-video-preview:-1"},"canonical":"https:\/\/www.rmcr.org\/en\/2020\/03\/26\/biblioteca-rmr-no-75-el-puente-nuevo-icono-monumental-de-ronda-marzo-2020\/","og_locale":"en_US","og_type":"article","og_title":"Biblioteca-RMR: N\u00ba 75. El Puente Nuevo, icono monumental de Ronda. Marzo 2020. - Real Maestranza de Caballer\u00eda de Ronda","og_description":"\u00b7 MONOGR\u00c1FICO \u00b7 \u00b7 BIBLIOTECA DE LA REAL MAESTRANZA DE CABALLER\u00cdA DE RONDA \u00b7 \u00b7 MARZO 2020 \u00b7 \u00b7 FONDO LITERATURA DE VIAJES \u00b7 A lo largo de las centurias que lo han visto erguirse impert\u00e9rrito en el paisaje urbano de Ronda conectando las dos partes de la poblaci\u00f3n (la antigua o barrio de la [&hellip;]","og_url":"https:\/\/www.rmcr.org\/en\/2020\/03\/26\/biblioteca-rmr-no-75-el-puente-nuevo-icono-monumental-de-ronda-marzo-2020\/","og_site_name":"Real Maestranza de Caballer\u00eda de Ronda","article_publisher":"https:\/\/www.facebook.com\/plazadetorosronda","article_published_time":"2020-03-26T16:49:18+00:00","article_modified_time":"2025-04-03T08:58:02+00:00","og_image":[{"width":482,"height":155,"url":"https:\/\/www.rmcr.org\/wp-content\/uploads\/2022\/10\/pnr.jpg","type":"image\/jpeg"}],"author":"BIBLIOTECA","twitter_card":"summary_large_image","twitter_creator":"@PlazatorosRMR","twitter_site":"@PlazatorosRMR","twitter_misc":{"Written by":"BIBLIOTECA","Est. reading time":"5 minutes"},"schema":{"@context":"https:\/\/schema.org","@graph":[{"@type":"Article","@id":"https:\/\/www.rmcr.org\/en\/2020\/03\/26\/biblioteca-rmr-no-75-el-puente-nuevo-icono-monumental-de-ronda-marzo-2020\/#article","isPartOf":{"@id":"https:\/\/www.rmcr.org\/en\/2020\/03\/26\/biblioteca-rmr-no-75-el-puente-nuevo-icono-monumental-de-ronda-marzo-2020\/"},"author":{"name":"BIBLIOTECA","@id":"https:\/\/www.rmcr.org\/en\/#\/schema\/person\/80849edee7ef556893505128619ea1d0"},"headline":"Biblioteca-RMR: N\u00ba 75. El Puente Nuevo, icono monumental de Ronda. Marzo 2020.","datePublished":"2020-03-26T16:49:18+00:00","dateModified":"2025-04-03T08:58:02+00:00","mainEntityOfPage":{"@id":"https:\/\/www.rmcr.org\/en\/2020\/03\/26\/biblioteca-rmr-no-75-el-puente-nuevo-icono-monumental-de-ronda-marzo-2020\/"},"wordCount":916,"commentCount":0,"publisher":{"@id":"https:\/\/www.rmcr.org\/en\/#organization"},"image":{"@id":"https:\/\/www.rmcr.org\/en\/2020\/03\/26\/biblioteca-rmr-no-75-el-puente-nuevo-icono-monumental-de-ronda-marzo-2020\/#primaryimage"},"thumbnailUrl":"https:\/\/www.rmcr.org\/wp-content\/uploads\/2022\/10\/pnr.jpg","keywords":["Bibliograf\u00edas","Biblioteca","Biblioteca-RMR","Bolet\u00edn mensual bibliogr\u00e1fico","Grabados","Libros","Literatura de viajes","Ronda"],"articleSection":["Biblioteca","Bolet\u00edn bibliogr\u00e1fico Biblioteca-RMR"],"inLanguage":"en-US","potentialAction":[{"@type":"CommentAction","name":"Comment","target":["https:\/\/www.rmcr.org\/en\/2020\/03\/26\/biblioteca-rmr-no-75-el-puente-nuevo-icono-monumental-de-ronda-marzo-2020\/#respond"]}]},{"@type":"WebPage","@id":"https:\/\/www.rmcr.org\/en\/2020\/03\/26\/biblioteca-rmr-no-75-el-puente-nuevo-icono-monumental-de-ronda-marzo-2020\/","url":"https:\/\/www.rmcr.org\/en\/2020\/03\/26\/biblioteca-rmr-no-75-el-puente-nuevo-icono-monumental-de-ronda-marzo-2020\/","name":"Biblioteca-RMR: N\u00ba 75. El Puente Nuevo, icono monumental de Ronda. Marzo 2020. - Real Maestranza de Caballer\u00eda de Ronda","isPartOf":{"@id":"https:\/\/www.rmcr.org\/en\/#website"},"primaryImageOfPage":{"@id":"https:\/\/www.rmcr.org\/en\/2020\/03\/26\/biblioteca-rmr-no-75-el-puente-nuevo-icono-monumental-de-ronda-marzo-2020\/#primaryimage"},"image":{"@id":"https:\/\/www.rmcr.org\/en\/2020\/03\/26\/biblioteca-rmr-no-75-el-puente-nuevo-icono-monumental-de-ronda-marzo-2020\/#primaryimage"},"thumbnailUrl":"https:\/\/www.rmcr.org\/wp-content\/uploads\/2022\/10\/pnr.jpg","datePublished":"2020-03-26T16:49:18+00:00","dateModified":"2025-04-03T08:58:02+00:00","breadcrumb":{"@id":"https:\/\/www.rmcr.org\/en\/2020\/03\/26\/biblioteca-rmr-no-75-el-puente-nuevo-icono-monumental-de-ronda-marzo-2020\/#breadcrumb"},"inLanguage":"en-US","potentialAction":[{"@type":"ReadAction","target":["https:\/\/www.rmcr.org\/en\/2020\/03\/26\/biblioteca-rmr-no-75-el-puente-nuevo-icono-monumental-de-ronda-marzo-2020\/"]}]},{"@type":"ImageObject","inLanguage":"en-US","@id":"https:\/\/www.rmcr.org\/en\/2020\/03\/26\/biblioteca-rmr-no-75-el-puente-nuevo-icono-monumental-de-ronda-marzo-2020\/#primaryimage","url":"https:\/\/www.rmcr.org\/wp-content\/uploads\/2022\/10\/pnr.jpg","contentUrl":"https:\/\/www.rmcr.org\/wp-content\/uploads\/2022\/10\/pnr.jpg","width":482,"height":155},{"@type":"BreadcrumbList","@id":"https:\/\/www.rmcr.org\/en\/2020\/03\/26\/biblioteca-rmr-no-75-el-puente-nuevo-icono-monumental-de-ronda-marzo-2020\/#breadcrumb","itemListElement":[{"@type":"ListItem","position":1,"name":"REAL MAESTRANZA DE CABALLER\u00cdA DE RONDA","item":"https:\/\/www.rmcr.org\/en\/"},{"@type":"ListItem","position":2,"name":"Biblioteca-RMR: N\u00ba 75. El Puente Nuevo, icono monumental de Ronda. Marzo 2020."}]},{"@type":"WebSite","@id":"https:\/\/www.rmcr.org\/en\/#website","url":"https:\/\/www.rmcr.org\/en\/","name":"Real Maestranza de Caballer\u00eda de Ronda","description":"Real Maestranza de Caballer\u00eda de Ronda","publisher":{"@id":"https:\/\/www.rmcr.org\/en\/#organization"},"alternateName":"RMCR","potentialAction":[{"@type":"SearchAction","target":{"@type":"EntryPoint","urlTemplate":"https:\/\/www.rmcr.org\/en\/?s={search_term_string}"},"query-input":{"@type":"PropertyValueSpecification","valueRequired":true,"valueName":"search_term_string"}}],"inLanguage":"en-US"},{"@type":"Organization","@id":"https:\/\/www.rmcr.org\/en\/#organization","name":"Real Maestranza de Caballer\u00eda de Ronda","alternateName":"RMR","url":"https:\/\/www.rmcr.org\/en\/","logo":{"@type":"ImageObject","inLanguage":"en-US","@id":"https:\/\/www.rmcr.org\/en\/#\/schema\/logo\/image\/","url":"https:\/\/www.rmcr.org\/wp-content\/uploads\/2022\/07\/logo-rmr-blue.svg","contentUrl":"https:\/\/www.rmcr.org\/wp-content\/uploads\/2022\/07\/logo-rmr-blue.svg","width":131,"height":129,"caption":"Real Maestranza de Caballer\u00eda de Ronda"},"image":{"@id":"https:\/\/www.rmcr.org\/en\/#\/schema\/logo\/image\/"},"sameAs":["https:\/\/www.facebook.com\/plazadetorosronda","https:\/\/x.com\/PlazatorosRMR","https:\/\/www.instagram.com\/realmaestranzaderonda\/","https:\/\/www.youtube.com\/channel\/UCrbO5IUN-8v_QML739vM4zg\/videos"]},{"@type":"Person","@id":"https:\/\/www.rmcr.org\/en\/#\/schema\/person\/80849edee7ef556893505128619ea1d0","name":"BIBLIOTECA","image":{"@type":"ImageObject","inLanguage":"en-US","@id":"https:\/\/www.rmcr.org\/wp-content\/uploads\/2022\/11\/avatar-rmcr-96x96.png","url":"https:\/\/www.rmcr.org\/wp-content\/uploads\/2022\/11\/avatar-rmcr-96x96.png","contentUrl":"https:\/\/www.rmcr.org\/wp-content\/uploads\/2022\/11\/avatar-rmcr-96x96.png","caption":"BIBLIOTECA"},"url":"https:\/\/www.rmcr.org\/en\/author\/juan-antonio-moreno\/"}]}},"_links":{"self":[{"href":"https:\/\/www.rmcr.org\/en\/wp-json\/wp\/v2\/posts\/6222","targetHints":{"allow":["GET"]}}],"collection":[{"href":"https:\/\/www.rmcr.org\/en\/wp-json\/wp\/v2\/posts"}],"about":[{"href":"https:\/\/www.rmcr.org\/en\/wp-json\/wp\/v2\/types\/post"}],"author":[{"embeddable":true,"href":"https:\/\/www.rmcr.org\/en\/wp-json\/wp\/v2\/users\/2"}],"replies":[{"embeddable":true,"href":"https:\/\/www.rmcr.org\/en\/wp-json\/wp\/v2\/comments?post=6222"}],"version-history":[{"count":3,"href":"https:\/\/www.rmcr.org\/en\/wp-json\/wp\/v2\/posts\/6222\/revisions"}],"predecessor-version":[{"id":18342,"href":"https:\/\/www.rmcr.org\/en\/wp-json\/wp\/v2\/posts\/6222\/revisions\/18342"}],"wp:featuredmedia":[{"embeddable":true,"href":"https:\/\/www.rmcr.org\/en\/wp-json\/wp\/v2\/media\/11722"}],"wp:attachment":[{"href":"https:\/\/www.rmcr.org\/en\/wp-json\/wp\/v2\/media?parent=6222"}],"wp:term":[{"taxonomy":"category","embeddable":true,"href":"https:\/\/www.rmcr.org\/en\/wp-json\/wp\/v2\/categories?post=6222"},{"taxonomy":"post_tag","embeddable":true,"href":"https:\/\/www.rmcr.org\/en\/wp-json\/wp\/v2\/tags?post=6222"}],"curies":[{"name":"wp","href":"https:\/\/api.w.org\/{rel}","templated":true}]}}