{"id":6218,"date":"2019-12-26T11:22:15","date_gmt":"2019-12-26T11:22:15","guid":{"rendered":"https:\/\/www.rmcr.org\/?p=6218"},"modified":"2025-04-03T08:58:39","modified_gmt":"2025-04-03T08:58:39","slug":"biblioteca-rmr-no-72-una-vista-de-ronda-de-1857-diciembre-2019","status":"publish","type":"post","link":"https:\/\/www.rmcr.org\/en\/2019\/12\/26\/biblioteca-rmr-no-72-una-vista-de-ronda-de-1857-diciembre-2019\/","title":{"rendered":"Biblioteca-RMR: N\u00ba 72. Una vista de Ronda de 1857. Diciembre 2019."},"content":{"rendered":"<p style=\"text-align:center;\"><span ><strong>\u00b7 ART\u00cdCULO \u00b7<\/strong><\/span><br \/>\n<span ><strong>\u00b7 BIBLIOTECA DE LA REAL MAESTRANZA DE CABALLER\u00cdA DE RONDA \u00b7<\/strong><\/span><br \/>\n<span ><strong>\u00b7 DICIEMBRE 2019 \u00b7<\/strong><\/span><\/p>\n<p style=\"text-align:center;\"><span ><strong>\u00b7 FONDO RONDA \u00b7<\/strong><\/span><\/p>\n<p><span ><a href=\"http:\/\/dbe.rah.es\/biografias\/33286\/rafael-atienza-y-huertos\">Rafael Atienza y Huertos (1821-1902)<\/a>, IV marqu\u00e9s de Salvatierra, fue uno de los m\u00e1s destacados eruditos ronde\u00f1os del siglo XIX, manteniendo una estrecha relaci\u00f3n con otro de los grandes personajes del momento, el impresor y editor <a href=\"https:\/\/es.wikipedia.org\/wiki\/Juan_Jos%C3%A9_Moreti\">Juan Jos\u00e9 Moreti (1815-1890)<\/a>, con qui\u00e9n impuls\u00f3 algunos de los proyectos period\u00edsticos-literarios m\u00e1s interesantes de la \u00e9poca en la localidad.<\/span><\/p>\n<p><span >Precisamente de los talleres de Moreti, en 1857 surgi\u00f3 la obra titulada <a href=\"http:\/\/catalogo.rmcr.org\/ronda\/doc?q=*%3A*&amp;start=15&amp;rows=1&amp;sort=msstored_title%20asc&amp;fq=mssearch_mlt20&amp;fv=Ronda+%28M%C3%A1laga%29+-Historia+-%C3%89poca+romana%2C+218+a.C.-414+d.C.&amp;fo=and\">\u00abLa Munda de los romanos y su concordancia con la ciudad de Ronda: obra geogr\u00e1fico-hist\u00f3rica y cr\u00edtica\u00bb<\/a>, estudio en el que el marqu\u00e9s de Salvatierra, correspondiente de la Real Academia de la Historia desde 1853, argumentando diferentes aspectos, se\u00f1alaba a la ciudad del Tajo como el lugar donde discurri\u00f3 la c\u00e9lebre batalla entre Julio C\u00e9sar y los hijos de Pompeyo (a\u00f1o 45 a.C.). Este trabajo tuvo una segunda entrega en 1889 bajo el t\u00edtulo <a href=\"http:\/\/catalogo.rmcr.org\/ronda\/doc?q=*%3A*&amp;start=14&amp;rows=1&amp;sort=msstored_title%20asc&amp;fq=mssearch_mlt20&amp;fv=Ronda+%28M%C3%A1laga%29+-Historia+-%C3%89poca+romana%2C+218+a.C.-414+d.C.&amp;fo=and\">\u00abLa Munda de los romanos: nuevos estudios\u00bb<\/a>.<\/span><\/p>\n<p><a href=\"https:\/\/www.rmcr.org\/2019\/12\/munda-romanos-1857.jpg\"><img fetchpriority=\"high\" decoding=\"async\" class=\"aligncenter size-full wp-image-2193\" src=\"https:\/\/www.rmcr.org\/wp-content\/uploads\/2019\/12\/munda-romanos-1857.jpg\" alt=\"\" width=\"470\" height=\"352\" srcset=\"https:\/\/www.rmcr.org\/wp-content\/uploads\/2019\/12\/munda-romanos-1857.jpg 600w, https:\/\/www.rmcr.org\/wp-content\/uploads\/2019\/12\/munda-romanos-1857-300x225.jpg 300w\" sizes=\"(max-width: 470px) 100vw, 470px\" \/><\/a><\/p>\n<p style=\"text-align:center;\"><em><span >Vista de la ciudad de Ronda por la parte O. tomada desde el camino del R\u00edo (1857)<\/span><\/em><\/p>\n<p><span >En el citado libro de 1857 encontramos una de las vistas m\u00e1s antiguas de Ronda. En concreto se trata de una panor\u00e1mica desde el oeste tomada desde el camino del r\u00edo (arroyo de las Culebras). La litograf\u00eda (se ignora a ciencia cierta si realizada a partir de un dibujo o una fotograf\u00eda) esta firmada por el almeriense <a href=\"https:\/\/www.pulpi.es\/Servicios\/IEA\/edba.nsf\/xlecturabiografias.xsp?ref=412\">Miguel Pineda Mont\u00f3n (1828-1901)<\/a>, pintor de g\u00e9nero, caricaturista y lit\u00f3grafo nacido en Adra, que por aquellas fechas trabajaba en Granada en la \u00abLitograf\u00eda Carrera del Genil n\u00ba 41\u00bb, donde se realiz\u00f3 la impresi\u00f3n de la l\u00e1mina.<\/span><\/p>\n<p><span >En la imagen se pueden identificar las dos l\u00edneas de murallas que proteg\u00edan la ciudad por el levante, el sector geogr\u00e1fico m\u00e1s d\u00e9bil defensivamente hablando, as\u00ed como las puertas que controlaban el acceso al recinto de la medina. As\u00ed mismo, se aprecian algunas de las torres que daban una presencia imponente a este lado del lienzo defensivo. Como aspecto final a resaltar, tambi\u00e9n se identifican los \u00faltimos restos a\u00fan en pie del antiguo castillo.<\/span><\/p>\n<p><a href=\"https:\/\/www.rmcr.org\/2019\/12\/ilustracion-espac3b1ola-1884.jpg\"><img decoding=\"async\" class=\"aligncenter size-full wp-image-2195\" src=\"https:\/\/www.rmcr.org\/wp-content\/uploads\/2019\/12\/ilustracion-espac3b1ola-1884.jpg\" alt=\"\" width=\"470\" height=\"345\"><\/a><\/p>\n<p style=\"text-align:center;\"><span ><em>Ronda, (M\u00e1laga). Antiguas murallas romanas y \u00e1rabes (1884)<\/em><\/span><\/p>\n<p><span >Esta litograf\u00eda se puede comparar con un fotograbado, a partir de una fotograf\u00eda de <a href=\"https:\/\/elpais.com\/cultura\/2018\/12\/20\/actualidad\/1545322865_181503.html\">Jean Laurent (1816-1886)<\/a>, publicado casi treinta a\u00f1os despu\u00e9s en <a href=\"http:\/\/hemerotecadigital.bne.es\/details.vm?q=id:0001066626&amp;lang=es\">\u00abLa Ilustraci\u00f3n Espa\u00f1ola y Americana\u00bb<\/a>, localizado en el n\u00famero 17 del 8 de mayo de 1884, concretamente en su p\u00e1gina 293. Salvando el cambio de perspectiva, la imagen plasmada es muy parecida a la de la litograf\u00eda, identific\u00e1ndose uno por uno los hitos m\u00e1s destacados de esta vista de la ciudad.<\/span><\/p>\n<p><span >La l\u00e1mina original (as\u00ed como el libro donde se encuentra) pertenece a la colecci\u00f3n de la <a href=\"http:\/\/www.rmcr.org\/es\/cultura_biblioteca.html\">Biblioteca de la Real Maestranza de Caballer\u00eda de Ronda<\/a>, y ha sido elegida por la Instituci\u00f3n para ilustrar la felicitaci\u00f3n navide\u00f1a de este a\u00f1o.<\/span><\/p>\n<p><span >\u00a1Feliz Navidad y A\u00f1o 2020!<\/span><\/p>\n","protected":false},"excerpt":{"rendered":"<p>\u00b7 ART\u00cdCULO \u00b7 \u00b7 BIBLIOTECA DE LA REAL MAESTRANZA DE CABALLER\u00cdA DE RONDA \u00b7 \u00b7 DICIEMBRE 2019 \u00b7 \u00b7 FONDO RONDA \u00b7 Rafael Atienza y Huertos (1821-1902), IV marqu\u00e9s de Salvatierra, fue uno de los m\u00e1s destacados eruditos ronde\u00f1os del siglo XIX, manteniendo una estrecha relaci\u00f3n con otro de los grandes personajes del momento, el [&hellip;]<\/p>\n","protected":false},"author":2,"featured_media":11713,"comment_status":"open","ping_status":"open","sticky":false,"template":"","format":"standard","meta":{"footnotes":""},"categories":[140,791],"tags":[105,252,176,144,137,114],"class_list":["post-6218","post","type-post","status-publish","format-standard","has-post-thumbnail","hentry","category-biblioteca","category-boletin-bibliografico-biblioteca-rmr","tag-biblioteca-general","tag-biblioteca-rmr","tag-boletin-mensual-bibliografico","tag-grabados","tag-libros","tag-ronda"],"yoast_head":"<!-- This site is optimized with the Yoast SEO plugin v27.5 - https:\/\/yoast.com\/product\/yoast-seo-wordpress\/ -->\n<title>Biblioteca-RMR: N\u00ba 72. Una vista de Ronda de 1857. Diciembre 2019. - Real Maestranza de Caballer\u00eda de Ronda<\/title>\n<meta name=\"robots\" content=\"index, follow, max-snippet:-1, max-image-preview:large, max-video-preview:-1\" \/>\n<link rel=\"canonical\" href=\"https:\/\/www.rmcr.org\/en\/2019\/12\/26\/biblioteca-rmr-no-72-una-vista-de-ronda-de-1857-diciembre-2019\/\" \/>\n<meta property=\"og:locale\" content=\"en_US\" \/>\n<meta property=\"og:type\" content=\"article\" \/>\n<meta property=\"og:title\" content=\"Biblioteca-RMR: N\u00ba 72. Una vista de Ronda de 1857. Diciembre 2019. - Real Maestranza de Caballer\u00eda de Ronda\" \/>\n<meta property=\"og:description\" content=\"\u00b7 ART\u00cdCULO \u00b7 \u00b7 BIBLIOTECA DE LA REAL MAESTRANZA DE CABALLER\u00cdA DE RONDA \u00b7 \u00b7 DICIEMBRE 2019 \u00b7 \u00b7 FONDO RONDA \u00b7 Rafael Atienza y Huertos (1821-1902), IV marqu\u00e9s de Salvatierra, fue uno de los m\u00e1s destacados eruditos ronde\u00f1os del siglo XIX, manteniendo una estrecha relaci\u00f3n con otro de los grandes personajes del momento, el [&hellip;]\" \/>\n<meta property=\"og:url\" content=\"https:\/\/www.rmcr.org\/en\/2019\/12\/26\/biblioteca-rmr-no-72-una-vista-de-ronda-de-1857-diciembre-2019\/\" \/>\n<meta property=\"og:site_name\" content=\"Real Maestranza de Caballer\u00eda de Ronda\" \/>\n<meta property=\"article:publisher\" content=\"https:\/\/www.facebook.com\/plazadetorosronda\" \/>\n<meta property=\"article:published_time\" content=\"2019-12-26T11:22:15+00:00\" \/>\n<meta property=\"article:modified_time\" content=\"2025-04-03T08:58:39+00:00\" \/>\n<meta property=\"og:image\" content=\"https:\/\/www.rmcr.org\/wp-content\/uploads\/2022\/10\/il-munda.jpg\" \/>\n\t<meta property=\"og:image:width\" content=\"482\" \/>\n\t<meta property=\"og:image:height\" content=\"141\" \/>\n\t<meta property=\"og:image:type\" content=\"image\/jpeg\" \/>\n<meta name=\"author\" content=\"BIBLIOTECA\" \/>\n<meta name=\"twitter:card\" content=\"summary_large_image\" \/>\n<meta name=\"twitter:creator\" content=\"@PlazatorosRMR\" \/>\n<meta name=\"twitter:site\" content=\"@PlazatorosRMR\" \/>\n<meta name=\"twitter:label1\" content=\"Written by\" \/>\n\t<meta name=\"twitter:data1\" content=\"BIBLIOTECA\" \/>\n\t<meta name=\"twitter:label2\" content=\"Est. reading time\" \/>\n\t<meta name=\"twitter:data2\" content=\"3 minutes\" \/>\n<script type=\"application\/ld+json\" class=\"yoast-schema-graph\">{\"@context\":\"https:\\\/\\\/schema.org\",\"@graph\":[{\"@type\":\"Article\",\"@id\":\"https:\\\/\\\/www.rmcr.org\\\/en\\\/2019\\\/12\\\/26\\\/biblioteca-rmr-no-72-una-vista-de-ronda-de-1857-diciembre-2019\\\/#article\",\"isPartOf\":{\"@id\":\"https:\\\/\\\/www.rmcr.org\\\/en\\\/2019\\\/12\\\/26\\\/biblioteca-rmr-no-72-una-vista-de-ronda-de-1857-diciembre-2019\\\/\"},\"author\":{\"name\":\"BIBLIOTECA\",\"@id\":\"https:\\\/\\\/www.rmcr.org\\\/en\\\/#\\\/schema\\\/person\\\/80849edee7ef556893505128619ea1d0\"},\"headline\":\"Biblioteca-RMR: N\u00ba 72. Una vista de Ronda de 1857. Diciembre 2019.\",\"datePublished\":\"2019-12-26T11:22:15+00:00\",\"dateModified\":\"2025-04-03T08:58:39+00:00\",\"mainEntityOfPage\":{\"@id\":\"https:\\\/\\\/www.rmcr.org\\\/en\\\/2019\\\/12\\\/26\\\/biblioteca-rmr-no-72-una-vista-de-ronda-de-1857-diciembre-2019\\\/\"},\"wordCount\":526,\"commentCount\":0,\"publisher\":{\"@id\":\"https:\\\/\\\/www.rmcr.org\\\/en\\\/#organization\"},\"image\":{\"@id\":\"https:\\\/\\\/www.rmcr.org\\\/en\\\/2019\\\/12\\\/26\\\/biblioteca-rmr-no-72-una-vista-de-ronda-de-1857-diciembre-2019\\\/#primaryimage\"},\"thumbnailUrl\":\"https:\\\/\\\/www.rmcr.org\\\/wp-content\\\/uploads\\\/2022\\\/10\\\/il-munda.jpg\",\"keywords\":[\"Biblioteca\",\"Biblioteca-RMR\",\"Bolet\u00edn mensual bibliogr\u00e1fico\",\"Grabados\",\"Libros\",\"Ronda\"],\"articleSection\":[\"Biblioteca\",\"Bolet\u00edn bibliogr\u00e1fico Biblioteca-RMR\"],\"inLanguage\":\"en-US\",\"potentialAction\":[{\"@type\":\"CommentAction\",\"name\":\"Comment\",\"target\":[\"https:\\\/\\\/www.rmcr.org\\\/en\\\/2019\\\/12\\\/26\\\/biblioteca-rmr-no-72-una-vista-de-ronda-de-1857-diciembre-2019\\\/#respond\"]}]},{\"@type\":\"WebPage\",\"@id\":\"https:\\\/\\\/www.rmcr.org\\\/en\\\/2019\\\/12\\\/26\\\/biblioteca-rmr-no-72-una-vista-de-ronda-de-1857-diciembre-2019\\\/\",\"url\":\"https:\\\/\\\/www.rmcr.org\\\/en\\\/2019\\\/12\\\/26\\\/biblioteca-rmr-no-72-una-vista-de-ronda-de-1857-diciembre-2019\\\/\",\"name\":\"Biblioteca-RMR: N\u00ba 72. Una vista de Ronda de 1857. Diciembre 2019. - Real Maestranza de Caballer\u00eda de Ronda\",\"isPartOf\":{\"@id\":\"https:\\\/\\\/www.rmcr.org\\\/en\\\/#website\"},\"primaryImageOfPage\":{\"@id\":\"https:\\\/\\\/www.rmcr.org\\\/en\\\/2019\\\/12\\\/26\\\/biblioteca-rmr-no-72-una-vista-de-ronda-de-1857-diciembre-2019\\\/#primaryimage\"},\"image\":{\"@id\":\"https:\\\/\\\/www.rmcr.org\\\/en\\\/2019\\\/12\\\/26\\\/biblioteca-rmr-no-72-una-vista-de-ronda-de-1857-diciembre-2019\\\/#primaryimage\"},\"thumbnailUrl\":\"https:\\\/\\\/www.rmcr.org\\\/wp-content\\\/uploads\\\/2022\\\/10\\\/il-munda.jpg\",\"datePublished\":\"2019-12-26T11:22:15+00:00\",\"dateModified\":\"2025-04-03T08:58:39+00:00\",\"breadcrumb\":{\"@id\":\"https:\\\/\\\/www.rmcr.org\\\/en\\\/2019\\\/12\\\/26\\\/biblioteca-rmr-no-72-una-vista-de-ronda-de-1857-diciembre-2019\\\/#breadcrumb\"},\"inLanguage\":\"en-US\",\"potentialAction\":[{\"@type\":\"ReadAction\",\"target\":[\"https:\\\/\\\/www.rmcr.org\\\/en\\\/2019\\\/12\\\/26\\\/biblioteca-rmr-no-72-una-vista-de-ronda-de-1857-diciembre-2019\\\/\"]}]},{\"@type\":\"ImageObject\",\"inLanguage\":\"en-US\",\"@id\":\"https:\\\/\\\/www.rmcr.org\\\/en\\\/2019\\\/12\\\/26\\\/biblioteca-rmr-no-72-una-vista-de-ronda-de-1857-diciembre-2019\\\/#primaryimage\",\"url\":\"https:\\\/\\\/www.rmcr.org\\\/wp-content\\\/uploads\\\/2022\\\/10\\\/il-munda.jpg\",\"contentUrl\":\"https:\\\/\\\/www.rmcr.org\\\/wp-content\\\/uploads\\\/2022\\\/10\\\/il-munda.jpg\",\"width\":482,\"height\":141},{\"@type\":\"BreadcrumbList\",\"@id\":\"https:\\\/\\\/www.rmcr.org\\\/en\\\/2019\\\/12\\\/26\\\/biblioteca-rmr-no-72-una-vista-de-ronda-de-1857-diciembre-2019\\\/#breadcrumb\",\"itemListElement\":[{\"@type\":\"ListItem\",\"position\":1,\"name\":\"REAL MAESTRANZA DE CABALLER\u00cdA DE RONDA\",\"item\":\"https:\\\/\\\/www.rmcr.org\\\/en\\\/\"},{\"@type\":\"ListItem\",\"position\":2,\"name\":\"Biblioteca-RMR: N\u00ba 72. Una vista de Ronda de 1857. Diciembre 2019.\"}]},{\"@type\":\"WebSite\",\"@id\":\"https:\\\/\\\/www.rmcr.org\\\/en\\\/#website\",\"url\":\"https:\\\/\\\/www.rmcr.org\\\/en\\\/\",\"name\":\"Real Maestranza de Caballer\u00eda de Ronda\",\"description\":\"Real Maestranza de Caballer\u00eda de Ronda\",\"publisher\":{\"@id\":\"https:\\\/\\\/www.rmcr.org\\\/en\\\/#organization\"},\"alternateName\":\"RMCR\",\"potentialAction\":[{\"@type\":\"SearchAction\",\"target\":{\"@type\":\"EntryPoint\",\"urlTemplate\":\"https:\\\/\\\/www.rmcr.org\\\/en\\\/?s={search_term_string}\"},\"query-input\":{\"@type\":\"PropertyValueSpecification\",\"valueRequired\":true,\"valueName\":\"search_term_string\"}}],\"inLanguage\":\"en-US\"},{\"@type\":\"Organization\",\"@id\":\"https:\\\/\\\/www.rmcr.org\\\/en\\\/#organization\",\"name\":\"Real Maestranza de Caballer\u00eda de Ronda\",\"alternateName\":\"RMR\",\"url\":\"https:\\\/\\\/www.rmcr.org\\\/en\\\/\",\"logo\":{\"@type\":\"ImageObject\",\"inLanguage\":\"en-US\",\"@id\":\"https:\\\/\\\/www.rmcr.org\\\/en\\\/#\\\/schema\\\/logo\\\/image\\\/\",\"url\":\"https:\\\/\\\/www.rmcr.org\\\/wp-content\\\/uploads\\\/2022\\\/07\\\/logo-rmr-blue.svg\",\"contentUrl\":\"https:\\\/\\\/www.rmcr.org\\\/wp-content\\\/uploads\\\/2022\\\/07\\\/logo-rmr-blue.svg\",\"width\":131,\"height\":129,\"caption\":\"Real Maestranza de Caballer\u00eda de Ronda\"},\"image\":{\"@id\":\"https:\\\/\\\/www.rmcr.org\\\/en\\\/#\\\/schema\\\/logo\\\/image\\\/\"},\"sameAs\":[\"https:\\\/\\\/www.facebook.com\\\/plazadetorosronda\",\"https:\\\/\\\/x.com\\\/PlazatorosRMR\",\"https:\\\/\\\/www.instagram.com\\\/realmaestranzaderonda\\\/\",\"https:\\\/\\\/www.youtube.com\\\/channel\\\/UCrbO5IUN-8v_QML739vM4zg\\\/videos\"]},{\"@type\":\"Person\",\"@id\":\"https:\\\/\\\/www.rmcr.org\\\/en\\\/#\\\/schema\\\/person\\\/80849edee7ef556893505128619ea1d0\",\"name\":\"BIBLIOTECA\",\"image\":{\"@type\":\"ImageObject\",\"inLanguage\":\"en-US\",\"@id\":\"https:\\\/\\\/www.rmcr.org\\\/wp-content\\\/uploads\\\/2022\\\/11\\\/avatar-rmcr-96x96.png\",\"url\":\"https:\\\/\\\/www.rmcr.org\\\/wp-content\\\/uploads\\\/2022\\\/11\\\/avatar-rmcr-96x96.png\",\"contentUrl\":\"https:\\\/\\\/www.rmcr.org\\\/wp-content\\\/uploads\\\/2022\\\/11\\\/avatar-rmcr-96x96.png\",\"caption\":\"BIBLIOTECA\"},\"url\":\"https:\\\/\\\/www.rmcr.org\\\/en\\\/author\\\/juan-antonio-moreno\\\/\"}]}<\/script>\n<!-- \/ Yoast SEO plugin. -->","yoast_head_json":{"title":"Biblioteca-RMR: N\u00ba 72. Una vista de Ronda de 1857. Diciembre 2019. - Real Maestranza de Caballer\u00eda de Ronda","robots":{"index":"index","follow":"follow","max-snippet":"max-snippet:-1","max-image-preview":"max-image-preview:large","max-video-preview":"max-video-preview:-1"},"canonical":"https:\/\/www.rmcr.org\/en\/2019\/12\/26\/biblioteca-rmr-no-72-una-vista-de-ronda-de-1857-diciembre-2019\/","og_locale":"en_US","og_type":"article","og_title":"Biblioteca-RMR: N\u00ba 72. Una vista de Ronda de 1857. Diciembre 2019. - Real Maestranza de Caballer\u00eda de Ronda","og_description":"\u00b7 ART\u00cdCULO \u00b7 \u00b7 BIBLIOTECA DE LA REAL MAESTRANZA DE CABALLER\u00cdA DE RONDA \u00b7 \u00b7 DICIEMBRE 2019 \u00b7 \u00b7 FONDO RONDA \u00b7 Rafael Atienza y Huertos (1821-1902), IV marqu\u00e9s de Salvatierra, fue uno de los m\u00e1s destacados eruditos ronde\u00f1os del siglo XIX, manteniendo una estrecha relaci\u00f3n con otro de los grandes personajes del momento, el [&hellip;]","og_url":"https:\/\/www.rmcr.org\/en\/2019\/12\/26\/biblioteca-rmr-no-72-una-vista-de-ronda-de-1857-diciembre-2019\/","og_site_name":"Real Maestranza de Caballer\u00eda de Ronda","article_publisher":"https:\/\/www.facebook.com\/plazadetorosronda","article_published_time":"2019-12-26T11:22:15+00:00","article_modified_time":"2025-04-03T08:58:39+00:00","og_image":[{"width":482,"height":141,"url":"https:\/\/www.rmcr.org\/wp-content\/uploads\/2022\/10\/il-munda.jpg","type":"image\/jpeg"}],"author":"BIBLIOTECA","twitter_card":"summary_large_image","twitter_creator":"@PlazatorosRMR","twitter_site":"@PlazatorosRMR","twitter_misc":{"Written by":"BIBLIOTECA","Est. reading time":"3 minutes"},"schema":{"@context":"https:\/\/schema.org","@graph":[{"@type":"Article","@id":"https:\/\/www.rmcr.org\/en\/2019\/12\/26\/biblioteca-rmr-no-72-una-vista-de-ronda-de-1857-diciembre-2019\/#article","isPartOf":{"@id":"https:\/\/www.rmcr.org\/en\/2019\/12\/26\/biblioteca-rmr-no-72-una-vista-de-ronda-de-1857-diciembre-2019\/"},"author":{"name":"BIBLIOTECA","@id":"https:\/\/www.rmcr.org\/en\/#\/schema\/person\/80849edee7ef556893505128619ea1d0"},"headline":"Biblioteca-RMR: N\u00ba 72. Una vista de Ronda de 1857. Diciembre 2019.","datePublished":"2019-12-26T11:22:15+00:00","dateModified":"2025-04-03T08:58:39+00:00","mainEntityOfPage":{"@id":"https:\/\/www.rmcr.org\/en\/2019\/12\/26\/biblioteca-rmr-no-72-una-vista-de-ronda-de-1857-diciembre-2019\/"},"wordCount":526,"commentCount":0,"publisher":{"@id":"https:\/\/www.rmcr.org\/en\/#organization"},"image":{"@id":"https:\/\/www.rmcr.org\/en\/2019\/12\/26\/biblioteca-rmr-no-72-una-vista-de-ronda-de-1857-diciembre-2019\/#primaryimage"},"thumbnailUrl":"https:\/\/www.rmcr.org\/wp-content\/uploads\/2022\/10\/il-munda.jpg","keywords":["Biblioteca","Biblioteca-RMR","Bolet\u00edn mensual bibliogr\u00e1fico","Grabados","Libros","Ronda"],"articleSection":["Biblioteca","Bolet\u00edn bibliogr\u00e1fico Biblioteca-RMR"],"inLanguage":"en-US","potentialAction":[{"@type":"CommentAction","name":"Comment","target":["https:\/\/www.rmcr.org\/en\/2019\/12\/26\/biblioteca-rmr-no-72-una-vista-de-ronda-de-1857-diciembre-2019\/#respond"]}]},{"@type":"WebPage","@id":"https:\/\/www.rmcr.org\/en\/2019\/12\/26\/biblioteca-rmr-no-72-una-vista-de-ronda-de-1857-diciembre-2019\/","url":"https:\/\/www.rmcr.org\/en\/2019\/12\/26\/biblioteca-rmr-no-72-una-vista-de-ronda-de-1857-diciembre-2019\/","name":"Biblioteca-RMR: N\u00ba 72. Una vista de Ronda de 1857. Diciembre 2019. - Real Maestranza de Caballer\u00eda de Ronda","isPartOf":{"@id":"https:\/\/www.rmcr.org\/en\/#website"},"primaryImageOfPage":{"@id":"https:\/\/www.rmcr.org\/en\/2019\/12\/26\/biblioteca-rmr-no-72-una-vista-de-ronda-de-1857-diciembre-2019\/#primaryimage"},"image":{"@id":"https:\/\/www.rmcr.org\/en\/2019\/12\/26\/biblioteca-rmr-no-72-una-vista-de-ronda-de-1857-diciembre-2019\/#primaryimage"},"thumbnailUrl":"https:\/\/www.rmcr.org\/wp-content\/uploads\/2022\/10\/il-munda.jpg","datePublished":"2019-12-26T11:22:15+00:00","dateModified":"2025-04-03T08:58:39+00:00","breadcrumb":{"@id":"https:\/\/www.rmcr.org\/en\/2019\/12\/26\/biblioteca-rmr-no-72-una-vista-de-ronda-de-1857-diciembre-2019\/#breadcrumb"},"inLanguage":"en-US","potentialAction":[{"@type":"ReadAction","target":["https:\/\/www.rmcr.org\/en\/2019\/12\/26\/biblioteca-rmr-no-72-una-vista-de-ronda-de-1857-diciembre-2019\/"]}]},{"@type":"ImageObject","inLanguage":"en-US","@id":"https:\/\/www.rmcr.org\/en\/2019\/12\/26\/biblioteca-rmr-no-72-una-vista-de-ronda-de-1857-diciembre-2019\/#primaryimage","url":"https:\/\/www.rmcr.org\/wp-content\/uploads\/2022\/10\/il-munda.jpg","contentUrl":"https:\/\/www.rmcr.org\/wp-content\/uploads\/2022\/10\/il-munda.jpg","width":482,"height":141},{"@type":"BreadcrumbList","@id":"https:\/\/www.rmcr.org\/en\/2019\/12\/26\/biblioteca-rmr-no-72-una-vista-de-ronda-de-1857-diciembre-2019\/#breadcrumb","itemListElement":[{"@type":"ListItem","position":1,"name":"REAL MAESTRANZA DE CABALLER\u00cdA DE RONDA","item":"https:\/\/www.rmcr.org\/en\/"},{"@type":"ListItem","position":2,"name":"Biblioteca-RMR: N\u00ba 72. Una vista de Ronda de 1857. Diciembre 2019."}]},{"@type":"WebSite","@id":"https:\/\/www.rmcr.org\/en\/#website","url":"https:\/\/www.rmcr.org\/en\/","name":"Real Maestranza de Caballer\u00eda de Ronda","description":"Real Maestranza de Caballer\u00eda de Ronda","publisher":{"@id":"https:\/\/www.rmcr.org\/en\/#organization"},"alternateName":"RMCR","potentialAction":[{"@type":"SearchAction","target":{"@type":"EntryPoint","urlTemplate":"https:\/\/www.rmcr.org\/en\/?s={search_term_string}"},"query-input":{"@type":"PropertyValueSpecification","valueRequired":true,"valueName":"search_term_string"}}],"inLanguage":"en-US"},{"@type":"Organization","@id":"https:\/\/www.rmcr.org\/en\/#organization","name":"Real Maestranza de Caballer\u00eda de Ronda","alternateName":"RMR","url":"https:\/\/www.rmcr.org\/en\/","logo":{"@type":"ImageObject","inLanguage":"en-US","@id":"https:\/\/www.rmcr.org\/en\/#\/schema\/logo\/image\/","url":"https:\/\/www.rmcr.org\/wp-content\/uploads\/2022\/07\/logo-rmr-blue.svg","contentUrl":"https:\/\/www.rmcr.org\/wp-content\/uploads\/2022\/07\/logo-rmr-blue.svg","width":131,"height":129,"caption":"Real Maestranza de Caballer\u00eda de Ronda"},"image":{"@id":"https:\/\/www.rmcr.org\/en\/#\/schema\/logo\/image\/"},"sameAs":["https:\/\/www.facebook.com\/plazadetorosronda","https:\/\/x.com\/PlazatorosRMR","https:\/\/www.instagram.com\/realmaestranzaderonda\/","https:\/\/www.youtube.com\/channel\/UCrbO5IUN-8v_QML739vM4zg\/videos"]},{"@type":"Person","@id":"https:\/\/www.rmcr.org\/en\/#\/schema\/person\/80849edee7ef556893505128619ea1d0","name":"BIBLIOTECA","image":{"@type":"ImageObject","inLanguage":"en-US","@id":"https:\/\/www.rmcr.org\/wp-content\/uploads\/2022\/11\/avatar-rmcr-96x96.png","url":"https:\/\/www.rmcr.org\/wp-content\/uploads\/2022\/11\/avatar-rmcr-96x96.png","contentUrl":"https:\/\/www.rmcr.org\/wp-content\/uploads\/2022\/11\/avatar-rmcr-96x96.png","caption":"BIBLIOTECA"},"url":"https:\/\/www.rmcr.org\/en\/author\/juan-antonio-moreno\/"}]}},"_links":{"self":[{"href":"https:\/\/www.rmcr.org\/en\/wp-json\/wp\/v2\/posts\/6218","targetHints":{"allow":["GET"]}}],"collection":[{"href":"https:\/\/www.rmcr.org\/en\/wp-json\/wp\/v2\/posts"}],"about":[{"href":"https:\/\/www.rmcr.org\/en\/wp-json\/wp\/v2\/types\/post"}],"author":[{"embeddable":true,"href":"https:\/\/www.rmcr.org\/en\/wp-json\/wp\/v2\/users\/2"}],"replies":[{"embeddable":true,"href":"https:\/\/www.rmcr.org\/en\/wp-json\/wp\/v2\/comments?post=6218"}],"version-history":[{"count":2,"href":"https:\/\/www.rmcr.org\/en\/wp-json\/wp\/v2\/posts\/6218\/revisions"}],"predecessor-version":[{"id":21821,"href":"https:\/\/www.rmcr.org\/en\/wp-json\/wp\/v2\/posts\/6218\/revisions\/21821"}],"wp:featuredmedia":[{"embeddable":true,"href":"https:\/\/www.rmcr.org\/en\/wp-json\/wp\/v2\/media\/11713"}],"wp:attachment":[{"href":"https:\/\/www.rmcr.org\/en\/wp-json\/wp\/v2\/media?parent=6218"}],"wp:term":[{"taxonomy":"category","embeddable":true,"href":"https:\/\/www.rmcr.org\/en\/wp-json\/wp\/v2\/categories?post=6218"},{"taxonomy":"post_tag","embeddable":true,"href":"https:\/\/www.rmcr.org\/en\/wp-json\/wp\/v2\/tags?post=6218"}],"curies":[{"name":"wp","href":"https:\/\/api.w.org\/{rel}","templated":true}]}}