{"id":6217,"date":"2019-11-07T17:18:53","date_gmt":"2019-11-07T17:18:53","guid":{"rendered":"https:\/\/www.rmcr.org\/?p=6217"},"modified":"2025-04-03T08:58:49","modified_gmt":"2025-04-03T08:58:49","slug":"biblioteca-rmr-no-71-historia-de-la-serrania-de-ronda-siglos-xvii-xx-noviembre-2019","status":"publish","type":"post","link":"https:\/\/www.rmcr.org\/en\/2019\/11\/07\/biblioteca-rmr-no-71-historia-de-la-serrania-de-ronda-siglos-xvii-xx-noviembre-2019\/","title":{"rendered":"Biblioteca-RMR: N\u00ba 71. Historia de la Serran\u00eda de Ronda, siglos XVII-XX. Noviembre 2019."},"content":{"rendered":"<p style=\"text-align:center;\"><span ><strong>\u00b7 MONOGR\u00c1FICO \u00b7<\/strong><\/span><br \/>\n<span ><strong>\u00b7 BIBLIOTECA DE LA REAL MAESTRANZA DE CABALLER\u00cdA DE RONDA \u00b7<\/strong><\/span><br \/>\n<span ><strong>\u00b7 NOVIEMBRE 2019 \u00b7<\/strong><\/span><\/p>\n<p style=\"text-align:center;\"><span ><strong>\u00b7 FONDO RONDA&nbsp;\u00b7<\/strong><\/span><\/p>\n<p><span >Con ocasi\u00f3n del <a href=\"https:\/\/iers.squarespace.com\/iii-congreso-historia\">III Congreso Internacional de Historia de la Serran\u00eda de Ronda<\/a> organizado por el Instituto de Estudios de Ronda y la Serran\u00eda y la Real Maestranza de Caballer\u00eda de Ronda, que se celebra del 14 al 17 de noviembre en el Sal\u00f3n de Grados de la instituci\u00f3n maestrante, dedicamos la presente entrada a una selecci\u00f3n de <strong>cien art\u00edculos<\/strong> cuya tem\u00e1tica gira en torno al periodo hist\u00f3rico cronol\u00f3gico al que est\u00e1 dedicado el encuentro: \u00abDel Antiguo R\u00e9gimen hasta nuestros d\u00edas (siglos XVII-XX)\u00bb.<\/span><\/p>\n<p><a href=\"https:\/\/www.rmcr.org\/2019\/10\/congreso-19.jpg\"><img fetchpriority=\"high\" decoding=\"async\" class=\"aligncenter size-full wp-image-2176\" src=\"https:\/\/www.rmcr.org\/wp-content\/uploads\/2019\/10\/congreso-19.jpg\" alt=\"\" width=\"470\" height=\"665\"><\/a><\/p>\n<p><span ><em>Alarde en Ronda y su tierra (a\u00f1o 1691), 1\u00aa parte<\/em> \/ <strong>Marion Reder Gadow<\/strong>. &#8212; En: Ba\u00e9tica: estudios de arte, geograf\u00eda e historia. &#8212; M\u00e1laga: Universidad, Facultad de Filosof\u00eda y Letras, 2006. &#8212; N. 28 (II), p. [477]-502.<\/span><\/p>\n<p><span ><em>Aldehuela y el Puente Nuevo de Ronda<\/em> \/ <strong>Aurora Mir\u00f3 Dom\u00ednguez<\/strong>. &#8212; En: Bolet\u00edn de Arte. &#8212; M\u00e1laga: Universidad, Departamento de Historia del Arte, 1989. &#8212; N. 10, p. 175-196.<\/span><\/p>\n<p><span ><em>Alonso V\u00e1zquez (\u00bfRonda?, M\u00e9jico 1607): interrogantes sobre la obra del pintor manierista en su ciudad natal<\/em> \/ <strong>Emilia Garrido Oliver<\/strong>. &#8212; En: Memorias de Ronda: revista de historia y estudios ronde\u00f1os. &#8212; Ronda: Ayuntamiento, Delegaci\u00f3n de Fiestas, 2007. &#8212; N. 4, Real Feria de Mayo, p. [50-65].<\/span><\/p>\n<p><span ><em>Alpandeire y su iglesia: un recorrido organol\u00f3gico por las pinturas murales<\/em> \/ <strong>Mar\u00eda de la Paz Tenorio Gonz\u00e1lez<\/strong>. &#8212; En: Takurunna: anuario de estudios sobre Ronda y la Serran\u00eda. &#8212; Ronda: La Serran\u00eda, 2012. &#8212; N. 2, p. [337]-359.<\/span><\/p>\n<p><span ><em>Antecedentes del Puente Nuevo de Ronda<\/em> \/ <strong>Rosario Camacho<\/strong> y <strong>Aurora Mir\u00f3<\/strong>. &#8212; En: Academia: bolet\u00edn de la Real Academia de Bellas Artes de San Fernando. &#8212; Madrid: Real Academia de Bellas Artes de San Fernando, 1994. &#8212; N. 79, segundo semestre, p. [289]-314.<\/span><\/p>\n<p><span ><em>Aproximaci\u00f3n a la II Rep\u00fablica en Ronda: 1931-1936<\/em> \/ <strong>Francisco Ram\u00f3n Ruiz Ca\u00f1estro<\/strong>. &#8212; En: Memorias de Ronda: revista de historia y estudios ronde\u00f1os. &#8212; Ronda: Ayuntamiento, Delegaci\u00f3n de Fiestas, 2006. &#8212; N. 2, Real Feria de Mayo, p. [4]-27.<\/span><\/p>\n<p><span ><em>Apuntes sobre la Ronda de Juan P\u00e9rez de Guzm\u00e1n (1841-1928)<\/em> \/ <strong>Francisco Ram\u00f3n Ruiz Ca\u00f1estro<\/strong>. &#8212; En: 40 aniversario del Instituto &#8220;P\u00e9rez de Guzm\u00e1n&#8221;. &#8212; Ronda: Instituto &#8220;P\u00e9rez de Guzm\u00e1n&#8221;, 2010. &#8212; P. 75-84.<\/span><\/p>\n<p><span ><em>Asociaci\u00f3n del Magisterio Primario del Partido Judicial de Gauc\u00edn: a\u00f1o 1902<\/em> \/ <strong>Diego Guti\u00e9rrez T\u00e9llez<\/strong>. &#8212; En: Puente Nuevo: revista de cultura andaluza. &#8212; Ronda: Centro Andaluz, 2011. &#8212; N. 46, junio 2011, p. 27-33.<\/span><\/p>\n<p><span ><em>Charles Edmond Boissier en la feria de Ronda: (1837)<\/em> \/ <strong>Jos\u00e9 Alonso Riejos Ortega<\/strong>. &#8212; En: Revista de Estudios Taurinos. &#8212; Sevilla: Fundaci\u00f3n de Estudios Taurinos, 1995. &#8212; N. 3, p. [153]-184.<\/span><\/p>\n<p><span ><em>CNT: Congreso Comarcal, Ronda 1932<\/em> \/ <strong>Francisco Ram\u00f3n Ruiz Ca\u00f1estro<\/strong>. &#8212; En: Memorias de Ronda: revista de historia y estudios ronde\u00f1os. &#8212; Ronda: Ayuntamiento, Delegaci\u00f3n de Fiestas, 2007. &#8212; N. 4, Real Feria de Mayo, p. [66-82].<\/span><\/p>\n<p><span ><em>Comentarios breves a un peri\u00f3dico ronde\u00f1o de la Guerra Civil: Norma<\/em> \/ <strong>Antonio Garrido Dom\u00ednguez<\/strong>. &#8212; En: Puente Nuevo: revista de cultura andaluza. &#8212; Ronda: Centro Andaluz, 2013. &#8212; N. 55, septiembre 2013, p. 27-30.<\/span><\/p>\n<p><span ><em>Cortes de la Frontera en el archivo &#8220;Narciso D\u00edaz de Escovar&#8221; de M\u00e1laga<\/em> \/ <strong>Diego Guti\u00e9rrez T\u00e9llez<\/strong>. &#8212; En: Puente Nuevo: revista de cultura andaluza. &#8212; Ronda: Centro Andaluz, 2014. &#8212; N. 57, marzo 2014, p. 41-50.<\/span><\/p>\n<p><span ><em>Creando espect\u00e1culo, fomentando el ocio: la Real Maestranza de Caballer\u00eda promotora de los torneos ecuestres en Ronda<\/em> \/ <strong>Marion Reder Gadow<\/strong>. &#8212; En: Ocio y vida cotidiana en el mundo hisp\u00e1nico en la Edad Moderna. &#8212; Sevilla: Universidad, 2007. &#8212; P. [541]-556.<\/span><\/p>\n<p><span ><em>Descripci\u00f3n y estudio hist\u00f3rico: Convento Trinitario de Ntra. Sra. de los Remedios: Convento Trinitario del Sant\u00edsimo Cristo o Santo Crucifijo<\/em> \/ <strong>Francisco Retamero<\/strong>, <strong>Flavio Salesi<\/strong>. &#8212; En: Memorias de Ronda: revista de historia y estudios ronde\u00f1os. &#8212; Ronda: Ayuntamiento, Delegaci\u00f3n de Fiestas, 2006. &#8212; N. 2, Real Feria de Mayo, p. [143]-158.<\/span><\/p>\n<p><span ><em>Desde los historicismos al modernismo en la arquitectura de Ronda<\/em> \/ <strong>Emilia Garrido Oliver<\/strong>. &#8212; En: La evoluci\u00f3n urbana de Ronda: art\u00edculos y conferencias. &#8212; Ronda: Asociaci\u00f3n Izna-Runda: CEDER Serran\u00eda de Ronda, 2005. &#8212; P. 145-192.<\/span><\/p>\n<p><span ><em>Diputados de la Serran\u00eda de Ronda en las Cortes de C\u00e1diz (I): 1810-1814<\/em> \/ <strong>Diego Guti\u00e9rrez T\u00e9llez<\/strong>. &#8212; En: Puente Nuevo: revista de cultura andaluza. &#8212; Ronda: Centro Andaluz, 2011. &#8212; N. 47, septiembre 2011, p. 27-30.<\/span><\/p>\n<p><span ><em>Diputados de la Serran\u00eda de Ronda en las Cortes de C\u00e1diz (II): 1810-1814<\/em> \/ <strong>Diego Guti\u00e9rrez T\u00e9llez. <\/strong>&#8212; En: Puente Nuevo: revista de cultura andaluza. &#8212; Ronda: Centro Andaluz, 2011. &#8212; N. 48, diciembre 2011, p. 29-31.<\/span><\/p>\n<p><span ><em>Diputados de la Serran\u00eda de Ronda en las Cortes de C\u00e1diz 1810-1814 (y III)<\/em> \/ <strong>Diego Guti\u00e9rrez T\u00e9llez<\/strong>. &#8212; En: Puente Nuevo: revista de cultura andaluza. &#8212; Ronda: Centro Andaluz, 2012. &#8212; N. 49, marzo 2012, p. 29-33.<\/span><\/p>\n<p><span ><em>Diputados ronde\u00f1os en las Cortes Generales del Reino durante el siglo XIX (I)<\/em> \/ <strong>Diego Guti\u00e9rrez T\u00e9llez<\/strong>. &#8212; En: Puente Nuevo: revista de cultura andaluza. &#8212; Ronda: Centro Andaluz, 2012. &#8212; N. 52, diciembre 2012, p. 41-45.<\/span><\/p>\n<p><span ><em>Diputados ronde\u00f1os en las Cortes Generales del Reino durante el siglo XIX (II)<\/em> \/ <strong>Diego Guti\u00e9rrez T\u00e9llez<\/strong>. &#8212; En: Puente Nuevo: revista de cultura andaluza. &#8212; Ronda: Centro Andaluz, 2013. &#8212; N. 53, marzo 2013, p. 47-52.<\/span><\/p>\n<p><span ><em>El cuartel de la Concepci\u00f3n en Ronda: historia de un mecenazgo, (1\u00aa parte)<\/em> \/ <strong>Pedro Luis P\u00e9rez Fr\u00edas<\/strong>. &#8212; En: Isla de Arriar\u00e1n. &#8212; M\u00e1laga: Asociaci\u00f3n Cultural Isla de Arriar\u00e1n, 2007. &#8212; N. XXIX, p. 99-122.<\/span><\/p>\n<p><span ><em>El cuartel de la Concepci\u00f3n en Ronda: historia de un mecenazgo, (2\u00aa parte)<\/em> \/ <strong>Pedro Luis P\u00e9rez Fr\u00edas<\/strong>. &#8212; En: Isla de Arriar\u00e1n. &#8212; M\u00e1laga: Asociaci\u00f3n Cultural Isla de Arriar\u00e1n, 2007. &#8212; N. XXX, p. 85-104.<\/span><\/p>\n<p><span ><em>El Cuartel de la Concepci\u00f3n en Ronda: historia de un mecenazgo<\/em> \/ <strong>Pedro Luis P\u00e9rez Fr\u00edas<\/strong>. &#8212; En: Memorias de Ronda: revista de historia y estudios ronde\u00f1os. &#8212; Ronda: Fundaci\u00f3n Unicaja, 2011. &#8212; N. 7, p. [90]-123.<\/span><\/p>\n<p><span ><em>El derrumbe de las obras de la Plaza de toros de Ronda y sus consecuencias<\/em> \/ <strong>Antonio Garrido Dom\u00ednguez<\/strong>. &#8212; En: Puente Nuevo: revista de cultura andaluza. &#8212; Ronda: Centro Andaluz, 2015. &#8212; N. 61, octubre 2015, p. 9-13.<\/span><\/p>\n<p><span ><em>El d\u00eda que el magnate William Randolph Hearst descubri\u00f3 Espa\u00f1a: la historia de una torre ronde\u00f1a con descendientes en Am\u00e9rica<\/em> \/ <strong>Antonio Garrido Dom\u00ednguez<\/strong>. &#8212; En: Puente Nuevo: revista de cultura andaluza. &#8212; Ronda: Centro Andaluz, 2012. &#8212; N. 52, diciembre 2012, p. 31-39.<\/span><\/p>\n<p><span ><em>El marino Jos\u00e9 Serrano Valdenebro: un h\u00e9roe olvidado de la Guerra de la Independencia<\/em> \/ <strong>Francisco Garrido<\/strong>. &#8212; En: J\u00e1bega: revista de la Diputaci\u00f3n Provincial de M\u00e1laga. &#8212; M\u00e1laga: Diputaci\u00f3n, 2000. &#8212; N. 85, p. 32-41.<\/span><\/p>\n<p><span ><em>El marquesado de la Cimada: or\u00edgenes y formaci\u00f3n de un linaje de Ronda (M\u00e1laga)<\/em> \/ <strong>Dolores Segura del Pino<\/strong>. &#8212; En: Hidalgu\u00eda: la revista de genealog\u00eda, nobleza y armas. &#8212; Madrid: Hidalgu\u00eda, 2014. &#8212; A\u00f1o LXI, mayo-agosto, n. 364-365, p. 527-[559].<\/span><\/p>\n<p><span ><em>El mayorazgo de la Cimada<\/em> \/ <strong>M\u00aa Dolores Segura del Pino<\/strong>. &#8212; En: Memorias de Ronda: revista de historia y estudios ronde\u00f1os. &#8212; Ronda: Ayuntamiento, Delegaci\u00f3n de Fiestas, 2007. &#8212; N. 5, p. [80]-107.<\/span><\/p>\n<p><span ><em>El Museo Joaqu\u00edn Peinado y el Palacio de los Moctezuma<\/em> \/ <strong>Emilia Garrido Oliver<\/strong>. &#8212; En: Memorias de Ronda: revista de historia y estudios ronde\u00f1os. &#8212; Ronda: Fundaci\u00f3n Unicaja, 2010. &#8212; N. 6, p. [94]-103.<\/span><\/p>\n<p><span ><em>El problema del agua en el barrio del Mercadillo (final del siglo XVII y principios del XVIII)<\/em> \/ <strong>M\u00aa Antonia Salas Organv\u00eddez<\/strong>. &#8212; En: Puente Nuevo: revista de cultura andaluza. &#8212; Ronda: Centro Andaluz, 2015. &#8212; N. 61, octubre 2015, p. 53-54.<\/span><\/p>\n<p><span ><em>El Puente Nuevo de Ronda: la ciudad unida<\/em> \/ <strong>Rosario Camacho Mart\u00ednez<\/strong>. &#8212; En: Memorias de Ronda: revista de historia y estudios ronde\u00f1os. &#8212; Ronda: Fundaci\u00f3n Unicaja, 2010. &#8212; N. 6, p. [30]-53.<\/span><\/p>\n<p><span ><em>El ronde\u00f1o don Jos\u00e9 Vasco y Vargas: un militar ilustrado en la segunda mitad del siglo XVIII<\/em> \/ <strong>Seraf\u00edn Becerra Mart\u00edn<\/strong> y <strong>David Cuevas G\u00f3ngora<\/strong>. &#8212; En: Takurunna: anuario de estudios sobre Ronda y la Serran\u00eda. &#8212; Ronda: La Serran\u00eda, 2012. &#8212; N. 2, p. [273]-291.<\/span><\/p>\n<p><span ><em>El sistema de abastecimiento de agua a Ronda<\/em> \/ <strong>Aurora Mir\u00f3<\/strong> y <strong>Rosario Camacho<\/strong>. &#8212; En: Bolet\u00edn de Arte. &#8212; M\u00e1laga: Universidad, Departamento de Historia del Arte, 1994. &#8212; N. 15, p. 109-128.<\/span><\/p>\n<p><span ><em>El Teatro Espinel de Ronda<\/em> \/ <strong>Emilia Garrido Oliver<\/strong>. &#8212; En: Cuadernos de Arte de la Universidad de Granada. &#8212; Granada: Universidad, Departamento de Historia del Arte, 2002. &#8212; N. 33, p. 169-190.<\/span><\/p>\n<p><span ><em>En recuerdo del primer centenario del Congreso Internacional Georgista Hispano-Americano celebrado en Ronda los d\u00edas 26, 27 y 28 de mayo de 1913<\/em> \/ <strong>Diego Guti\u00e9rrez T\u00e9llez<\/strong>. &#8212; En: Puente Nuevo: revista de cultura andaluza. &#8212; Ronda: Centro Andaluz, 2013. &#8212; N. 53, marzo 2013, p. 25-30.<\/span><\/p>\n<p><span ><em>Espionaje y represi\u00f3n en la Serran\u00eda de Ronda: Mar\u00eda Garc\u00eda, &#8220;la Tinajera&#8221;, un ejemplo de coraje ante los franceses<\/em> \/ <strong>Marion Reder Gadow<\/strong>. &#8212; En: Hero\u00ednas y patriotas: mujeres de 1808. &#8212; Madrid: C\u00e1tedra, 2009. &#8212; P. 175-191.<\/span><\/p>\n<p><span ><em>Exposici\u00f3n presentada a las Cortes por los Diputados de la Serran\u00eda de Ronda (I parte)<\/em> \/ <strong>Jos\u00e9 Luis S\u00e1nchez Mesa<\/strong>. &#8212; En: Puente Nuevo: revista de cultura andaluza. &#8212; Ronda: Centro Andaluz, 2011. &#8212; N. 47, septiembre 2011, p. 31-36.<\/span><\/p>\n<p><span ><em>Exposici\u00f3n presentada en las Cortes de C\u00e1diz por los Diputados de la Serran\u00eda de Ronda: (2\u00aa y \u00faltima parte)<\/em> \/ <strong>Jos\u00e9 Luis S\u00e1nchez Mesa<\/strong>. &#8212; En: Puente Nuevo: revista de cultura andaluza. &#8212; Ronda: Centro Andaluz, 2011. &#8212; N. 48, diciembre 2011, p. 25-28.<\/span><\/p>\n<p><span ><em>Federico Garc\u00eda Lorca: un m\u00fasico en Ronda<\/em> \/ <strong>M\u00aa de la Paz Tenorio Gonz\u00e1lez<\/strong>. &#8212; En: Puente Nuevo: revista de cultura andaluza. &#8212; Ronda: Centro Andaluz, 2013. &#8212; N. 56, diciembre 2013, p. 69-72.<\/span><\/p>\n<p><span ><em>Fray Diego Jos\u00e9 de C\u00e1diz y el ocaso de la predicaci\u00f3n barroca: vestigios hist\u00f3rico-art\u00edsticos en Ronda<\/em> \/ <strong>Sergio Ram\u00edrez Gonz\u00e1lez<\/strong>. &#8212; En: El franciscanismo en Andaluc\u00eda: conferencias del IX Curso de Verano: los Capuchinos y la Divina Pastora (Priego de C\u00f3rdoba, 28 de julio a 1 de agosto de 2003). &#8212; C\u00f3rdoba: Cajasur, 2004. &#8212; P. [101]-130.<\/span><\/p>\n<p><span ><em>Georgismo y andalucismo: 100 a\u00f1os del I Congreso Georgista de Ronda<\/em> \/ <strong>Fernando Arcas Cubero<\/strong>. &#8212; En: Puente Nuevo: revista de cultura andaluza. &#8212; Ronda: Centro Andaluz, 2013. &#8212; N. 53, marzo 2013, p. 19-23.<\/span><\/p>\n<p><span ><em>Iconograf\u00eda her\u00e1ldica de los Moctezuma en Ronda<\/em> \/ <strong>Sebasti\u00e1n Garc\u00eda Garrido<\/strong>. &#8212; En: Las armer\u00edas en Europa al comenzar la Edad Moderna y su proyecci\u00f3n al Nuevo Mundo: actas del VII Coloquio Internacional de Her\u00e1ldica, C\u00e1ceres, 30 sept.-4 oct. 1991. &#8212; Madrid: Direcci\u00f3n de Archivos Estatales, 1993. &#8212; P. [91]-104.<\/span><\/p>\n<p><span ><em>Imagen gr\u00e1fica en la historia de la Caja de Ahorros de Ronda: (1909-1990)<\/em> \/ <strong>Sebasti\u00e1n Garc\u00eda Garrido<\/strong>. &#8212; En: J\u00e1bega: revista de la Diputaci\u00f3n Provincial de M\u00e1laga. &#8212; M\u00e1laga: Diputaci\u00f3n, 1997. &#8212; N. 77, p. 67-74.<\/span><\/p>\n<p><span ><em>Im\u00e1genes de la persuasi\u00f3n barroca en la antigua Semana Santa de Ronda: tallas pasionistas entre los siglos XVII y XVIII<\/em> \/ <strong>Rafael Valent\u00edn L\u00f3pez Flores<\/strong>. &#8212; En: J\u00e1bega: revista de la Diputaci\u00f3n Provincial de M\u00e1laga. &#8212; M\u00e1laga: Diputaci\u00f3n, 2014. &#8212; N. 104, primer cuatrimestre, p. 65-77.<\/span><\/p>\n<p><span ><em>Informes sobre la situaci\u00f3n y defensas de ciudades malague\u00f1as en la Guerra de la Independencia: M\u00e1laga y Ronda<\/em> \/ <strong>Pedro Luis P\u00e9rez-Fr\u00edas<\/strong>. &#8212; En: La Guerra de la Independencia en M\u00e1laga y su provincia (1808-1814): actas de las I Jornadas celebradas en M\u00e1laga los d\u00edas 19, 20 y 21 de septiembre de 2002. &#8212; M\u00e1laga: Diputaci\u00f3n, 2005. &#8212; P. 525-534.<\/span><\/p>\n<p><span ><em>Joseph Mart\u00edn de Aldehuela: de Teruel al Puente Nuevo de Ronda<\/em> \/ <strong>Rafael Valent\u00edn L\u00f3pez Flores<\/strong>. &#8212; En: P\u00e9ndulo. &#8212; M\u00e1laga: Colegio Oficial de Peritos e Ingenieros T\u00e9cnicos Industriales de M\u00e1laga, 2008. &#8212; N. XIX, p. [108]-127.<\/span><\/p>\n<p><span ><em>Joseph Mart\u00edn de Aldehuela: el arquitecto del Puente Nuevo de Ronda<\/em> \/ <strong>Rafael de Aldehuela<\/strong>. &#8212; En: Memorias de Ronda: revista de historia y estudios ronde\u00f1os. &#8212; Ronda: Ayuntamiento, Delegaci\u00f3n de Fiestas, 2007. &#8212; N. 4, Real Feria de Mayo, p. [6-21].<\/span><\/p>\n<p><span ><em>La Alameda del Tajo: apuntes hist\u00f3ricos en su bicentenario<\/em> \/ <strong>Andr\u00e9s Rodr\u00edguez Gonz\u00e1lez<\/strong>, <strong>Faustino Peralta Carrasco<\/strong>. &#8212; En: Memorias de Ronda: revista de historia y estudios ronde\u00f1os. &#8212; Ronda: Ayuntamiento, Delegaci\u00f3n de Fiestas, 2006. &#8212; N. 2, Real Feria de Mayo, p. [26-37].<\/span><\/p>\n<p><span ><em>La Asamblea de Ronda de 1918: el programa del andalucismo hist\u00f3rico para Andaluc\u00eda<\/em> \/ <strong>Juan Antonio Lacomba<\/strong>. &#8212; En: Dos fechas andaluzas en su aniversario: Ronda 1918, Antequera 1978. &#8212; Madrid: Dykinson, 1999. &#8212; P. [73]-85.<\/span><\/p>\n<p><span ><em>La cofrad\u00eda del Sant\u00edsimo Sacramento de la parroquia de Santa Cecilia de Ronda (M\u00e1laga), a trav\u00e9s del manuscrito de sus Reglas (1839): un ejemplo de dibujo y arte popular<\/em> \/ <strong>M\u00aa Concepci\u00f3n Barrios Escalante<\/strong> y <strong>Francisco Jos\u00e9 Rodr\u00edguez Mar\u00edn<\/strong>. &#8212; En: Religi\u00f3n y cultura. &#8212; Sevilla: Consejer\u00eda de Cultura: Fundaci\u00f3n Machado, 1999. &#8212; V. 1, p. 479-487.<\/span><\/p>\n<p><span ><em>La contundente Alameda del Tajo de la ciudad de Ronda: m\u00e1s de dos siglos de un bien patrimonial<\/em> \/ <strong>Marta Navarro Burgos<\/strong>. &#8212; En: Takurunna: anuario de estudios sobre Ronda y la Serran\u00eda . &#8212; Ronda: La Serran\u00eda, 2013. &#8212; N. 3, p. [315]-348.<\/span><\/p>\n<p><span ><em>La f\u00e1brica de hojalata de Ronda: (1727-1747)<\/em> \/ <strong>Juan Carlos Galende D\u00edaz<\/strong>. &#8212; En: J\u00e1bega: revista de la Diputaci\u00f3n Provincial de M\u00e1laga. &#8212; M\u00e1laga: Diputaci\u00f3n, 1985. &#8212; N. 50, p. 46-47.<\/span><\/p>\n<p><span ><em>La Guerra Civil en Ronda<\/em> \/ <strong>Luc\u00eda Prieto Borrego<\/strong>. &#8212; En: Memorias de Ronda: revista de historia y estudios ronde\u00f1os. &#8212; Ronda: Fundaci\u00f3n Unicaja, 2010. &#8212; N. 6, p. [16]-[27].<\/span><\/p>\n<p><span ><em>La influencia del ferrocaril en la evoluci\u00f3n urbana de Ronda<\/em> \/ <strong>Pedro Sierra de C\u00f3zar<\/strong>. &#8212; En: Memorias de Ronda: revista de historia y estudios ronde\u00f1os. &#8212; Ronda: Ayuntamiento, Delegaci\u00f3n de Fiestas, 2007. &#8212; N. 5, p. [4]-17.<\/span><\/p>\n<p><span ><em>La masoner\u00eda en la serran\u00eda de Ronda<\/em> \/ <strong>Sandra Dom\u00ednguez Arias<\/strong>. &#8212; En: La masoner\u00eda espa\u00f1ola en la \u00e9poca de Sagasta: XI Symposium Internacional de Historia de la Masoner\u00eda Espa\u00f1ola, Logro\u00f1o, del 6 al 8 de julio de 2006. &#8212; Zaragoza: Gobierno de Arag\u00f3n, 2007. &#8212; Vol. II, p. 1391-1401.<\/span><\/p>\n<p><span ><em>La m\u00fasica en Ronda durante los siglos XVI al XVIII<\/em> \/ <strong>M\u00aa Paz Tenorio Gonz\u00e1lez<\/strong>. &#8212; En: Memorias de Ronda: revista de historia y estudios ronde\u00f1os. &#8212; Ronda: Ayuntamiento, Delegaci\u00f3n de Fiestas, 2007. &#8212; N. 5, p. [108]-121.<\/span><\/p>\n<p><span ><em>La naturaleza en la poes\u00eda de Pedro P\u00e9rez-Clotet<\/em> \/ <strong>Jos\u00e9 Manuel Caballero Bonald<\/strong>. &#8212; En: Centenario de P\u00e9rez-Clotet [1902-2002]: conferencias: 13 de diciembre 2001 a 13 de diciembre 2002. &#8212; Ronda: T.E.S., 2003. &#8212; P. [85]-98.<\/span><\/p>\n<p><span ><em>La otra vocaci\u00f3n de Antonio R\u00edos Rosas<\/em> \/ <strong>Antonio Garrido Dom\u00ednguez<\/strong>. &#8212; En: Puente Nuevo: revista de cultura andaluza. &#8212; Ronda: Centro Andaluz, 2013. &#8212; N. 54, junio 2013, p. 51-55.<\/span><\/p>\n<p><span ><em>La prefectura de Ronda y la comisi\u00f3n de secuestros de productos ingleses en Ronda: (septiembre 1810)<\/em> \/ <strong>M\u00aa Antonia Salas Organv\u00eddez<\/strong>. &#8212; En: Puente Nuevo: revista de cultura andaluza. &#8212; Ronda: Centro Andaluz, 2013. &#8212; N. 54, junio 2013, p. 31-34.<\/span><\/p>\n<p><span ><em>La Real Maestranza de Ronda y su participaci\u00f3n en la Guerra de la Independencia<\/em> \/ <strong>Marion Reder Gadow<\/strong>. &#8212; En: Las guerras en el primer tercio del siglo XIX en Espa\u00f1a y Am\u00e9rica: actas XII Jornadas Nacionales de Historia Militar, Sevilla, 8-12 de noviembre de 2004. &#8212; Madrid: Deimos, 2005. &#8212; T. I, p. [305]-319.<\/span><\/p>\n<p><span ><em>La Ronda de Fernando de los R\u00edos Urruti<\/em> \/ <strong>Francisco Ruiz Ca\u00f1estro<\/strong>. &#8212; En: Fernando de los R\u00edos y el socialismo andaluz: (ciclo de conferencias celebradas desde el 21 de enero al 11 de febrero de 2000). &#8212; M\u00e1laga: Diputaci\u00f3n, 2001. &#8212; P. 13-35.<\/span><\/p>\n<p><span ><em>La Ronda de R\u00edos Rosas (1808-1873)<\/em> \/ <strong>Pedro Sierra de C\u00f3zar<\/strong>. &#8212; En: Takurunna: anuario de estudios sobre Ronda y la Serran\u00eda. &#8212; Ronda: La Serran\u00eda, 2011. &#8212; N. 1, p. [233]-266.<\/span><\/p>\n<p><span ><em>La ronde\u00f1a en Nueva York<\/em> \/ <strong>Manuel Gim\u00e9nez Rasero<\/strong>. &#8212; En: Puente Nuevo: revista de cultura andaluza. &#8212; Ronda: Centro Andaluz, 2012. &#8212; N. 51, septiembre 2012, p. 31-39.<\/span><\/p>\n<p><span ><em>La violencia anticlerical en las comarcas de Marbella y Ronda durante la Guerra Civil<\/em> \/ <strong>Luc\u00eda Prieto Borrego<\/strong>. &#8212; En: Ba\u00e9tica: estudios de arte, geograf\u00eda e historia. &#8212; M\u00e1laga: Universidad, Facultad de Filosof\u00eda y Letras, 2003. &#8212; N. 25, p. [751]-772.<\/span><\/p>\n<p><span ><em>Las cuentas claras: las del Ayuntamiento Constitucional de Ronda de 1911 a 1913, seg\u00fan su libro de caja<\/em> \/ <strong>Antonio Garrido<\/strong>. &#8212; En: Puente Nuevo: revista de cultura andaluza. &#8212; Ronda: Centro Andaluz, 2011. &#8212; N. 48, diciembre 2011, p. 17-23.<\/span><\/p>\n<p><span ><em>Las duquesas de Parcent, dos malague\u00f1as en pos de la cultura y las artes<\/em> \/ <strong>Eva Mar\u00eda Ramos Frendo<\/strong>. &#8212; En: J\u00e1bega: revista de la Diputaci\u00f3n Provincial de M\u00e1laga. &#8212; M\u00e1laga: Diputaci\u00f3n, 2001. &#8212; N. 88, p. 63-70.<\/span><\/p>\n<p><span ><em>Las \u00f3rdenes religiosas en la Ronda de la Edad Moderna: implantaci\u00f3n, proselitismo y testimonios iconogr\u00e1ficos<\/em> \/ <strong>Sergio Ram\u00edrez Gonz\u00e1lez<\/strong>. &#8212; En: Isla de Arriar\u00e1n. &#8212; M\u00e1laga: Asociaci\u00f3n Cultural Isla de Arriar\u00e1n, 2009. &#8212; N. XXXIII, p. 31-73.<\/span><\/p>\n<p><span ><em>Las reglas de la Hermandad del Sant\u00edsimo de la parroquia de Santa Cecilia de Ronda (1839): estudio de su decoraci\u00f3n ic\u00f3nica y del papel del transmisor cultural<\/em> \/ <strong>M\u00aa Concepci\u00f3n Barrios Escalante<\/strong>, <strong>Francisco Jos\u00e9 Rodr\u00edguez Mar\u00edn<\/strong>. &#8212; En: Isla de Arriar\u00e1n. &#8212; M\u00e1laga: Asociaci\u00f3n Cultural Isla de Arriar\u00e1n, 1998. &#8212; N. XI, p. 257-275.<\/span><\/p>\n<p><span ><em>Los eruditos locales y la cultura andaluza<\/em> \/ <strong>Carlos Gozalves Cravioto<\/strong>. &#8212; En: Puente Nuevo: revista de cultura andaluza. &#8212; Ronda: Centro Andaluz, 2013. &#8212; N. 54, junio 2013, p. 27-30.<\/span><\/p>\n<p><span ><em>Los Moctezuma de Ronda: herederos del Imperio Azteca: unos desconocidos de nuestro patrimonio hist\u00f3rico-art\u00edstico<\/em> \/ <strong>Sebasti\u00e1n Garc\u00eda Garrido<\/strong>. &#8212; En: Memorias de Ronda: revista de historia y estudios ronde\u00f1os. &#8212; Ronda: Ayuntamiento, Delegaci\u00f3n de Fiestas, 2006. &#8212; N. 3, Feria de Pedro Romero, p. [32]-45.<\/span><\/p>\n<p><span ><em>Los nuevos viajeros: Ronda, un tanto in\u00e9dita<\/em> \/ <strong>Jos\u00e9 Antonio Castillo Rodr\u00edguez<\/strong>. &#8212; En: J\u00e1bega: revista de la Diputaci\u00f3n Provincial de M\u00e1laga. &#8212; M\u00e1laga: Diputaci\u00f3n, 2002. &#8212; N. 90, p. 123-140.<\/span><\/p>\n<p><span ><em>Los pozos de nieve de la Sierra del Pinar y en la Sierra del Endrinal de Grazalema<\/em> \/ <strong>M\u00aa Antonia Salas Organv\u00eddez<\/strong>. &#8212; En: Puente Nuevo: revista de cultura andaluza. &#8212; Ronda: Centro Andaluz, 2014. &#8212; N. 57, marzo 2014, p. 37-40.<\/span><\/p>\n<p><span ><em>Los Sol\u00eds Manrique (siglos XVI-XIX): se\u00f1ores de Oj\u00e9n y marqueses de Rianzuela<\/em> \/ <strong>Francisco Javier Guti\u00e9rrez N\u00fa\u00f1ez<\/strong>. &#8212; En: Takurunna: anuario de estudios sobre Ronda y la Serran\u00eda. &#8212; Ronda: La Serran\u00eda, 2012. &#8212; N. 2, p. [217]-272.<\/span><\/p>\n<p><span ><em>Manuel Troyano: semblanza de un periodista<\/em> \/ <strong>Margarita Troyano S\u00e1nchez-Covisa<\/strong>. &#8212; En: Memorias de Ronda: revista de historia y estudios ronde\u00f1os. &#8212; Ronda: Fundaci\u00f3n Unicaja, 2011. &#8212; N. 7, p. 125-138.<\/span><\/p>\n<p><span ><em>Mar\u00eda Garc\u00eda &#8220;La Tinajera&#8221;: una esp\u00eda ronde\u00f1a en la Serran\u00eda de Ronda y en la Sierra Norte de C\u00e1diz en la Guerra de la Independencia (1810-1812)<\/em> \/ <strong>Diego Guti\u00e9rrez T\u00e9llez<\/strong>. &#8212; En: Puente Nuevo: revista de cultura andaluza. &#8212; Ronda: Centro Andaluz, 2013. &#8212; N. 54, junio 2013, p. 41-49.<\/span><\/p>\n<p><span ><em>Mayo de 1909: actos para la inauguraci\u00f3n del teatro Espinel<\/em> \/ <strong>Mar\u00eda de la Paz Tenorio Gonz\u00e1lez<\/strong>. &#8212; En: Takurunna: anuario de estudios sobre Ronda y la Serran\u00eda. &#8212; Ronda: La Serran\u00eda, 2011. &#8212; N. 1, p. [267]-294.<\/span><\/p>\n<p><span ><em>Monumento como icono: la imagen pl\u00e1stica del Puente Nuevo de Ronda en el siglo XX<\/em> \/ <strong>Rafael Valent\u00edn L\u00f3pez Flores<\/strong>. &#8212; En: Ba\u00e9tica: estudios de arte, geograf\u00eda e historia. &#8212; M\u00e1laga: Universidad, Facultad de Filosof\u00eda y Letras, 2005. &#8212; N. 27, p. 9-39.<\/span><\/p>\n<p><span ><em>Pedro P\u00e9rez-Clotet, un poeta entre Ronda y Villaluenga<\/em> \/ <strong>Agust\u00edn Clotet Lara<\/strong>. &#8212; En: Miscel\u00e1nea de estudios ronde\u00f1os y otros estudios: homenaje al profesor don Manuel Mart\u00edn Rivero. &#8212; Ronda: Instituto de Formaci\u00f3n Profesional, 1981. &#8212; P. 199-210.<\/span><\/p>\n<p><span ><em>Plater\u00eda religiosa entre los siglos XVI y XVII en la parroquia de Nuestra Se\u00f1ora de la Encarnaci\u00f3n de Benarrab\u00e1 (M\u00e1laga)<\/em> \/ <strong>Rafael Valent\u00edn L\u00f3pez Flores<\/strong>. &#8212; En: Takurunna: anuario de estudios sobre Ronda y la Serran\u00eda. &#8212; Ronda: La Serran\u00eda, 2012. &#8212; N. 2, p. [361]-381.<\/span><\/p>\n<p><span ><em>Plater\u00eda y orfebrer\u00eda hist\u00f3rica de las cofrad\u00edas y hermandades pasionistas de Ronda y Arriate (siglos XVII-XIX)<\/em> \/ <strong>Rafael Valent\u00edn L\u00f3pez Flores<\/strong>. &#8212; En: Takurunna: anuario de estudios sobre Ronda y la Serran\u00eda. &#8212; Ronda: La Serran\u00eda, 2011. &#8212; N. 1, p. [295]-344.<\/span><\/p>\n<p><span ><em>Proyectos de constituci\u00f3n de la provincia de Ronda<\/em> \/ <strong>Francisco Ruiz Ca\u00f1estro<\/strong>. &#8212; En: J\u00e1bega: revista de la Diputaci\u00f3n Provincial de M\u00e1laga. &#8212; M\u00e1laga: Diputaci\u00f3n, 1987. &#8212; N. 57, p. 48-55.<\/span><\/p>\n<p><span ><em>Rainer Mar\u00eda Rilke en Ronda<\/em> \/ <strong>Jos\u00e9 Lasaga Medina<\/strong>. &#8212; En: Takurunna: anuario de estudios sobre Ronda y la Serran\u00eda. &#8212; Ronda: La Serran\u00eda, 2013. &#8212; N. 3, p. [277]-313.<\/span><\/p>\n<p><span ><em>Rilke (cien a\u00f1os de su llegada a Ronda)<\/em> \/ <strong>Jes\u00fas Gonz\u00e1lez de la Torre<\/strong>. &#8212; En: Puente Nuevo: revista de cultura andaluza. &#8212; Ronda: Centro Andaluz, 2012. &#8212; N. 52, diciembre 2012, p. 53-55.<\/span><\/p>\n<p><span ><em>Rilke en Ronda<\/em> \/ <strong>Mar\u00eda del Carmen Rivas Rubiales<\/strong>. &#8212; En: Memorias de Ronda: revista de historia y estudios ronde\u00f1os. &#8212; Ronda: Fundaci\u00f3n Unicaja, 2012. &#8212; N. 8, p. [78]-98.<\/span><\/p>\n<p><span ><em>Ronda: nuevas noticias sobre el primer y antiguo puente del Tajo<\/em> \/ <strong>Inocencio Cadi\u00f1anos Bardeci<\/strong>. &#8212; En: Bolet\u00edn de Arte. &#8212; M\u00e1laga: Universidad, Departamento de Historia del Arte, 2014. &#8212; N. 35, p. 271-280.<\/span><\/p>\n<p><span ><em>Ronda a comienzos del siglo XIX: el proceso de la Guerra de la Independencia<\/em> \/ <strong>Francisco Ruiz Ca\u00f1estro<\/strong>. &#8212; En: J\u00e1bega: revista de la Diputaci\u00f3n Provincial de M\u00e1laga. &#8212; M\u00e1laga: Diputaci\u00f3n, 1995. &#8212; N. 75, p. 46-52.<\/span><\/p>\n<p><span ><em>Ronda en la literatura de ficci\u00f3n de habla inglesa: ocho novelas y un libro de relatos<\/em> \/ <strong>Antonio Garrido Dom\u00ednguez<\/strong>. &#8212; En: Memorias de Ronda: revista de historia y estudios ronde\u00f1os. &#8212; Ronda: Ayuntamiento, Delegaci\u00f3n de Fiestas, 2007. &#8212; N. 5, p. [18-31].<\/span><\/p>\n<p><span ><em>Ronda en la primera fase de la Guerra de la Independencia<\/em> \/ <strong>Carlos Posac Mon<\/strong>. &#8212; En: Estudios de Ronda y su Serran\u00eda. &#8212; Granada: Universidad, 1988. &#8212; N. 1, p. 163-180.<\/span><\/p>\n<p><span ><em>Ronda en la primera mitad del siglo XIX<\/em> \/ <strong>Luis Lobo Manzano<\/strong>. &#8212; En: J\u00e1bega: revista de la Diputaci\u00f3n Provincial de M\u00e1laga. &#8212; M\u00e1laga: Diputaci\u00f3n, 1979. &#8212; N. 27, p. 33-58.<\/span><\/p>\n<p><span ><em>Ronda, 1931-1936<\/em> \/ <strong>Francisco Ruiz Ca\u00f1estro<\/strong>. &#8212; En: J\u00e1bega: revista de la Diputaci\u00f3n Provincial de M\u00e1laga. &#8212; M\u00e1laga: Diputaci\u00f3n, 2003. &#8212; N. 94, segundo cuatrimestre, p. 27-43.<\/span><\/p>\n<p><span ><em>Ronde\u00f1os en Am\u00e9rica a trav\u00e9s de los bienes difuntos<\/em> \/ <strong>M\u00aa Margarita Guerrero Cano<\/strong>. &#8212; En: Memorias de Ronda: revista de historia y estudios ronde\u00f1os. &#8212; Ronda: Fundaci\u00f3n Unicaja, 2012. &#8212; N. 8, p. 40-62.<\/span><\/p>\n<p><span ><em>Santiago Sanguinetti G\u00f3mez (1875-1930): biograf\u00eda de un arquitecto<\/em> \/ <strong>Emilia Garrido Oliver<\/strong>. &#8212; En: Correspondencia e integraci\u00f3n de las artes: M\u00e1laga, del 18 al 21 de Septiembre de 2002. &#8212; M\u00e1laga: Universidad, Departamento de Historia del Arte: Fundaci\u00f3n Unicaja, 2006. &#8212; T. III, v. 2, p. [159]-163.<\/span><\/p>\n<p><span ><em>Saturnino Calleja, la familia Guti\u00e9rrez y Ronda<\/em> \/ <strong>Antonio Garrido Dom\u00ednguez<\/strong>. &#8212; En: Puente Nuevo: revista de cultura andaluza. &#8212; Ronda: Centro Andaluz, 2013. &#8212; N. 56, diciembre 2013, p. 55-63.<\/span><\/p>\n<p><span ><em>Un pleito por la nieve entre M\u00e1laga y Ronda: (1636-1733)<\/em> \/ <strong>Andr\u00e9s Sarri\u00e1 Mu\u00f1oz<\/strong>. &#8212; En: Comunicaciones: presentadas al XI Congreso de Profesores-Investigadores: Palos de la Frontera, septiembre 1992. &#8212; C\u00f3rdoba: Hesp\u00e9rides, 1994. &#8212; P. 185-194.<\/span><\/p>\n<p><span ><em>Un siglo de hu\u00e9spedes: la huella de Rilke<\/em> \/ <strong>Emilia Garrido Oliver<\/strong>. &#8212; En: Un siglo de hu\u00e9spedes: la huella de Rilke: Ronda, 1912-2012: [Convento de Santo Domingo, del 3 al 28 de septiembre de 2012]. &#8212; Ronda: Fundaci\u00f3n Unicaja, 2012. &#8212; P. 7-20.<\/span><\/p>\n<p><span ><em>Una carta in\u00e9dita dirigida al maestro de Ronda, Pedro Romero<\/em> \/ <strong>Graciela Fern\u00e1ndez de Bobadilla Coloma<\/strong>. &#8212; En: Revista de Estudios Taurinos. &#8212; Sevilla: Fundaci\u00f3n de Estudios Taurinos, 1995. &#8212; N. 2, p. [135]-146.<\/span><\/p>\n<p><span ><em>Una familia ronde\u00f1a: los Moctezuma<\/em> \/ <strong>Antonio Garrido Dom\u00ednguez<\/strong>. &#8212; En: Miscel\u00e1nea de estudios ronde\u00f1os y otros estudios: homenaje al profesor don Manuel Mart\u00edn Rivero. &#8212; Ronda: Instituto de Formaci\u00f3n Profesional, 1981. &#8212; P. 317-330.<\/span><\/p>\n<p><span ><em>Una tradici\u00f3n de soberan\u00eda: la constituci\u00f3n de los cantones andaluces. Las tesis de Antequera y Ronda<\/em> \/ <strong>Manuel Ruiz Lagos<\/strong>. &#8212; En: La constituci\u00f3n de Andaluc\u00eda de 1883: texto original aprobado por la Asamblea Federal de Antequera de 1883 y anotaciones incorporadas por la Asamblea de Ronda de 1918. &#8212; C\u00e1diz: Sexta, 1978. &#8212; P. 31-47.<\/span><\/p>\n<p><span ><em>Vida cotidiana en Ronda durante la Guerra de la Independencia<\/em> \/ <strong>Marion Reder Gadow<\/strong>. &#8212; En: Memorias de Ronda: revista de historia y estudios ronde\u00f1os. &#8212; Ronda: Fundaci\u00f3n Unicaja, 2010. &#8212; N. 6, p. [70]-92.<\/span><\/p>\n<p><span ><em>Vida cotidiana en Ronda durante la Guerra de la Independencia: (1810-1812)<\/em> \/ <strong>Marion Reder Gadow<\/strong>. &#8212; En: Ba\u00e9tica: estudios de arte, geograf\u00eda e historia. &#8212; M\u00e1laga: Universidad, Facultad de Filosof\u00eda y Letras, 2007. &#8212; N. 29, p. [385]-412.<\/span><\/p>\n","protected":false},"excerpt":{"rendered":"<p>\u00b7 MONOGR\u00c1FICO \u00b7 \u00b7 BIBLIOTECA DE LA REAL MAESTRANZA DE CABALLER\u00cdA DE RONDA \u00b7 \u00b7 NOVIEMBRE 2019 \u00b7 \u00b7 FONDO RONDA&nbsp;\u00b7 Con ocasi\u00f3n del III Congreso Internacional de Historia de la Serran\u00eda de Ronda organizado por el Instituto de Estudios de Ronda y la Serran\u00eda y la Real Maestranza de Caballer\u00eda de Ronda, que se [&hellip;]<\/p>\n","protected":false},"author":2,"featured_media":11710,"comment_status":"open","ping_status":"open","sticky":false,"template":"","format":"standard","meta":{"footnotes":""},"categories":[140,791],"tags":[223,237,105,252,176,172,114],"class_list":["post-6217","post","type-post","status-publish","format-standard","has-post-thumbnail","hentry","category-biblioteca","category-boletin-bibliografico-biblioteca-rmr","tag-articulos","tag-bibliografias","tag-biblioteca-general","tag-biblioteca-rmr","tag-boletin-mensual-bibliografico","tag-historia","tag-ronda"],"yoast_head":"<!-- This site is optimized with the Yoast SEO plugin v27.5 - https:\/\/yoast.com\/product\/yoast-seo-wordpress\/ -->\n<title>Biblioteca-RMR: N\u00ba 71. Historia de la Serran\u00eda de Ronda, siglos XVII-XX. Noviembre 2019. - Real Maestranza de Caballer\u00eda de Ronda<\/title>\n<meta name=\"robots\" content=\"index, follow, max-snippet:-1, max-image-preview:large, max-video-preview:-1\" \/>\n<link rel=\"canonical\" href=\"https:\/\/www.rmcr.org\/en\/2019\/11\/07\/biblioteca-rmr-no-71-historia-de-la-serrania-de-ronda-siglos-xvii-xx-noviembre-2019\/\" \/>\n<meta property=\"og:locale\" content=\"en_US\" \/>\n<meta property=\"og:type\" content=\"article\" \/>\n<meta property=\"og:title\" content=\"Biblioteca-RMR: N\u00ba 71. Historia de la Serran\u00eda de Ronda, siglos XVII-XX. Noviembre 2019. - Real Maestranza de Caballer\u00eda de Ronda\" \/>\n<meta property=\"og:description\" content=\"\u00b7 MONOGR\u00c1FICO \u00b7 \u00b7 BIBLIOTECA DE LA REAL MAESTRANZA DE CABALLER\u00cdA DE RONDA \u00b7 \u00b7 NOVIEMBRE 2019 \u00b7 \u00b7 FONDO RONDA&nbsp;\u00b7 Con ocasi\u00f3n del III Congreso Internacional de Historia de la Serran\u00eda de Ronda organizado por el Instituto de Estudios de Ronda y la Serran\u00eda y la Real Maestranza de Caballer\u00eda de Ronda, que se [&hellip;]\" \/>\n<meta property=\"og:url\" content=\"https:\/\/www.rmcr.org\/en\/2019\/11\/07\/biblioteca-rmr-no-71-historia-de-la-serrania-de-ronda-siglos-xvii-xx-noviembre-2019\/\" \/>\n<meta property=\"og:site_name\" content=\"Real Maestranza de Caballer\u00eda de Ronda\" \/>\n<meta property=\"article:publisher\" content=\"https:\/\/www.facebook.com\/plazadetorosronda\" \/>\n<meta property=\"article:published_time\" content=\"2019-11-07T17:18:53+00:00\" \/>\n<meta property=\"article:modified_time\" content=\"2025-04-03T08:58:49+00:00\" \/>\n<meta property=\"og:image\" content=\"https:\/\/www.rmcr.org\/wp-content\/uploads\/2022\/10\/3-congr-hist.jpg\" \/>\n\t<meta property=\"og:image:width\" content=\"482\" \/>\n\t<meta property=\"og:image:height\" content=\"142\" \/>\n\t<meta property=\"og:image:type\" content=\"image\/jpeg\" \/>\n<meta name=\"author\" content=\"BIBLIOTECA\" \/>\n<meta name=\"twitter:card\" content=\"summary_large_image\" \/>\n<meta name=\"twitter:creator\" content=\"@PlazatorosRMR\" \/>\n<meta name=\"twitter:site\" content=\"@PlazatorosRMR\" \/>\n<meta name=\"twitter:label1\" content=\"Written by\" \/>\n\t<meta name=\"twitter:data1\" content=\"BIBLIOTECA\" \/>\n\t<meta name=\"twitter:label2\" content=\"Est. reading time\" \/>\n\t<meta name=\"twitter:data2\" content=\"21 minutes\" \/>\n<script type=\"application\/ld+json\" class=\"yoast-schema-graph\">{\"@context\":\"https:\\\/\\\/schema.org\",\"@graph\":[{\"@type\":\"Article\",\"@id\":\"https:\\\/\\\/www.rmcr.org\\\/en\\\/2019\\\/11\\\/07\\\/biblioteca-rmr-no-71-historia-de-la-serrania-de-ronda-siglos-xvii-xx-noviembre-2019\\\/#article\",\"isPartOf\":{\"@id\":\"https:\\\/\\\/www.rmcr.org\\\/en\\\/2019\\\/11\\\/07\\\/biblioteca-rmr-no-71-historia-de-la-serrania-de-ronda-siglos-xvii-xx-noviembre-2019\\\/\"},\"author\":{\"name\":\"BIBLIOTECA\",\"@id\":\"https:\\\/\\\/www.rmcr.org\\\/en\\\/#\\\/schema\\\/person\\\/80849edee7ef556893505128619ea1d0\"},\"headline\":\"Biblioteca-RMR: N\u00ba 71. Historia de la Serran\u00eda de Ronda, siglos XVII-XX. Noviembre 2019.\",\"datePublished\":\"2019-11-07T17:18:53+00:00\",\"dateModified\":\"2025-04-03T08:58:49+00:00\",\"mainEntityOfPage\":{\"@id\":\"https:\\\/\\\/www.rmcr.org\\\/en\\\/2019\\\/11\\\/07\\\/biblioteca-rmr-no-71-historia-de-la-serrania-de-ronda-siglos-xvii-xx-noviembre-2019\\\/\"},\"wordCount\":4122,\"commentCount\":0,\"publisher\":{\"@id\":\"https:\\\/\\\/www.rmcr.org\\\/en\\\/#organization\"},\"image\":{\"@id\":\"https:\\\/\\\/www.rmcr.org\\\/en\\\/2019\\\/11\\\/07\\\/biblioteca-rmr-no-71-historia-de-la-serrania-de-ronda-siglos-xvii-xx-noviembre-2019\\\/#primaryimage\"},\"thumbnailUrl\":\"https:\\\/\\\/www.rmcr.org\\\/wp-content\\\/uploads\\\/2022\\\/10\\\/3-congr-hist.jpg\",\"keywords\":[\"Art\u00edculos\",\"Bibliograf\u00edas\",\"Biblioteca\",\"Biblioteca-RMR\",\"Bolet\u00edn mensual bibliogr\u00e1fico\",\"Historia\",\"Ronda\"],\"articleSection\":[\"Biblioteca\",\"Bolet\u00edn bibliogr\u00e1fico Biblioteca-RMR\"],\"inLanguage\":\"en-US\",\"potentialAction\":[{\"@type\":\"CommentAction\",\"name\":\"Comment\",\"target\":[\"https:\\\/\\\/www.rmcr.org\\\/en\\\/2019\\\/11\\\/07\\\/biblioteca-rmr-no-71-historia-de-la-serrania-de-ronda-siglos-xvii-xx-noviembre-2019\\\/#respond\"]}]},{\"@type\":\"WebPage\",\"@id\":\"https:\\\/\\\/www.rmcr.org\\\/en\\\/2019\\\/11\\\/07\\\/biblioteca-rmr-no-71-historia-de-la-serrania-de-ronda-siglos-xvii-xx-noviembre-2019\\\/\",\"url\":\"https:\\\/\\\/www.rmcr.org\\\/en\\\/2019\\\/11\\\/07\\\/biblioteca-rmr-no-71-historia-de-la-serrania-de-ronda-siglos-xvii-xx-noviembre-2019\\\/\",\"name\":\"Biblioteca-RMR: N\u00ba 71. Historia de la Serran\u00eda de Ronda, siglos XVII-XX. Noviembre 2019. - Real Maestranza de Caballer\u00eda de Ronda\",\"isPartOf\":{\"@id\":\"https:\\\/\\\/www.rmcr.org\\\/en\\\/#website\"},\"primaryImageOfPage\":{\"@id\":\"https:\\\/\\\/www.rmcr.org\\\/en\\\/2019\\\/11\\\/07\\\/biblioteca-rmr-no-71-historia-de-la-serrania-de-ronda-siglos-xvii-xx-noviembre-2019\\\/#primaryimage\"},\"image\":{\"@id\":\"https:\\\/\\\/www.rmcr.org\\\/en\\\/2019\\\/11\\\/07\\\/biblioteca-rmr-no-71-historia-de-la-serrania-de-ronda-siglos-xvii-xx-noviembre-2019\\\/#primaryimage\"},\"thumbnailUrl\":\"https:\\\/\\\/www.rmcr.org\\\/wp-content\\\/uploads\\\/2022\\\/10\\\/3-congr-hist.jpg\",\"datePublished\":\"2019-11-07T17:18:53+00:00\",\"dateModified\":\"2025-04-03T08:58:49+00:00\",\"breadcrumb\":{\"@id\":\"https:\\\/\\\/www.rmcr.org\\\/en\\\/2019\\\/11\\\/07\\\/biblioteca-rmr-no-71-historia-de-la-serrania-de-ronda-siglos-xvii-xx-noviembre-2019\\\/#breadcrumb\"},\"inLanguage\":\"en-US\",\"potentialAction\":[{\"@type\":\"ReadAction\",\"target\":[\"https:\\\/\\\/www.rmcr.org\\\/en\\\/2019\\\/11\\\/07\\\/biblioteca-rmr-no-71-historia-de-la-serrania-de-ronda-siglos-xvii-xx-noviembre-2019\\\/\"]}]},{\"@type\":\"ImageObject\",\"inLanguage\":\"en-US\",\"@id\":\"https:\\\/\\\/www.rmcr.org\\\/en\\\/2019\\\/11\\\/07\\\/biblioteca-rmr-no-71-historia-de-la-serrania-de-ronda-siglos-xvii-xx-noviembre-2019\\\/#primaryimage\",\"url\":\"https:\\\/\\\/www.rmcr.org\\\/wp-content\\\/uploads\\\/2022\\\/10\\\/3-congr-hist.jpg\",\"contentUrl\":\"https:\\\/\\\/www.rmcr.org\\\/wp-content\\\/uploads\\\/2022\\\/10\\\/3-congr-hist.jpg\",\"width\":482,\"height\":142,\"caption\":\"CARTEL RONDA JOYA DE ANDALUCIA, PEINADO, 1932\"},{\"@type\":\"BreadcrumbList\",\"@id\":\"https:\\\/\\\/www.rmcr.org\\\/en\\\/2019\\\/11\\\/07\\\/biblioteca-rmr-no-71-historia-de-la-serrania-de-ronda-siglos-xvii-xx-noviembre-2019\\\/#breadcrumb\",\"itemListElement\":[{\"@type\":\"ListItem\",\"position\":1,\"name\":\"REAL MAESTRANZA DE CABALLER\u00cdA DE RONDA\",\"item\":\"https:\\\/\\\/www.rmcr.org\\\/en\\\/\"},{\"@type\":\"ListItem\",\"position\":2,\"name\":\"Biblioteca-RMR: N\u00ba 71. Historia de la Serran\u00eda de Ronda, siglos XVII-XX. Noviembre 2019.\"}]},{\"@type\":\"WebSite\",\"@id\":\"https:\\\/\\\/www.rmcr.org\\\/en\\\/#website\",\"url\":\"https:\\\/\\\/www.rmcr.org\\\/en\\\/\",\"name\":\"Real Maestranza de Caballer\u00eda de Ronda\",\"description\":\"Real Maestranza de Caballer\u00eda de Ronda\",\"publisher\":{\"@id\":\"https:\\\/\\\/www.rmcr.org\\\/en\\\/#organization\"},\"alternateName\":\"RMCR\",\"potentialAction\":[{\"@type\":\"SearchAction\",\"target\":{\"@type\":\"EntryPoint\",\"urlTemplate\":\"https:\\\/\\\/www.rmcr.org\\\/en\\\/?s={search_term_string}\"},\"query-input\":{\"@type\":\"PropertyValueSpecification\",\"valueRequired\":true,\"valueName\":\"search_term_string\"}}],\"inLanguage\":\"en-US\"},{\"@type\":\"Organization\",\"@id\":\"https:\\\/\\\/www.rmcr.org\\\/en\\\/#organization\",\"name\":\"Real Maestranza de Caballer\u00eda de Ronda\",\"alternateName\":\"RMR\",\"url\":\"https:\\\/\\\/www.rmcr.org\\\/en\\\/\",\"logo\":{\"@type\":\"ImageObject\",\"inLanguage\":\"en-US\",\"@id\":\"https:\\\/\\\/www.rmcr.org\\\/en\\\/#\\\/schema\\\/logo\\\/image\\\/\",\"url\":\"https:\\\/\\\/www.rmcr.org\\\/wp-content\\\/uploads\\\/2022\\\/07\\\/logo-rmr-blue.svg\",\"contentUrl\":\"https:\\\/\\\/www.rmcr.org\\\/wp-content\\\/uploads\\\/2022\\\/07\\\/logo-rmr-blue.svg\",\"width\":131,\"height\":129,\"caption\":\"Real Maestranza de Caballer\u00eda de Ronda\"},\"image\":{\"@id\":\"https:\\\/\\\/www.rmcr.org\\\/en\\\/#\\\/schema\\\/logo\\\/image\\\/\"},\"sameAs\":[\"https:\\\/\\\/www.facebook.com\\\/plazadetorosronda\",\"https:\\\/\\\/x.com\\\/PlazatorosRMR\",\"https:\\\/\\\/www.instagram.com\\\/realmaestranzaderonda\\\/\",\"https:\\\/\\\/www.youtube.com\\\/channel\\\/UCrbO5IUN-8v_QML739vM4zg\\\/videos\"]},{\"@type\":\"Person\",\"@id\":\"https:\\\/\\\/www.rmcr.org\\\/en\\\/#\\\/schema\\\/person\\\/80849edee7ef556893505128619ea1d0\",\"name\":\"BIBLIOTECA\",\"image\":{\"@type\":\"ImageObject\",\"inLanguage\":\"en-US\",\"@id\":\"https:\\\/\\\/www.rmcr.org\\\/wp-content\\\/uploads\\\/2022\\\/11\\\/avatar-rmcr-96x96.png\",\"url\":\"https:\\\/\\\/www.rmcr.org\\\/wp-content\\\/uploads\\\/2022\\\/11\\\/avatar-rmcr-96x96.png\",\"contentUrl\":\"https:\\\/\\\/www.rmcr.org\\\/wp-content\\\/uploads\\\/2022\\\/11\\\/avatar-rmcr-96x96.png\",\"caption\":\"BIBLIOTECA\"},\"url\":\"https:\\\/\\\/www.rmcr.org\\\/en\\\/author\\\/juan-antonio-moreno\\\/\"}]}<\/script>\n<!-- \/ Yoast SEO plugin. -->","yoast_head_json":{"title":"Biblioteca-RMR: N\u00ba 71. Historia de la Serran\u00eda de Ronda, siglos XVII-XX. Noviembre 2019. - Real Maestranza de Caballer\u00eda de Ronda","robots":{"index":"index","follow":"follow","max-snippet":"max-snippet:-1","max-image-preview":"max-image-preview:large","max-video-preview":"max-video-preview:-1"},"canonical":"https:\/\/www.rmcr.org\/en\/2019\/11\/07\/biblioteca-rmr-no-71-historia-de-la-serrania-de-ronda-siglos-xvii-xx-noviembre-2019\/","og_locale":"en_US","og_type":"article","og_title":"Biblioteca-RMR: N\u00ba 71. Historia de la Serran\u00eda de Ronda, siglos XVII-XX. Noviembre 2019. - Real Maestranza de Caballer\u00eda de Ronda","og_description":"\u00b7 MONOGR\u00c1FICO \u00b7 \u00b7 BIBLIOTECA DE LA REAL MAESTRANZA DE CABALLER\u00cdA DE RONDA \u00b7 \u00b7 NOVIEMBRE 2019 \u00b7 \u00b7 FONDO RONDA&nbsp;\u00b7 Con ocasi\u00f3n del III Congreso Internacional de Historia de la Serran\u00eda de Ronda organizado por el Instituto de Estudios de Ronda y la Serran\u00eda y la Real Maestranza de Caballer\u00eda de Ronda, que se [&hellip;]","og_url":"https:\/\/www.rmcr.org\/en\/2019\/11\/07\/biblioteca-rmr-no-71-historia-de-la-serrania-de-ronda-siglos-xvii-xx-noviembre-2019\/","og_site_name":"Real Maestranza de Caballer\u00eda de Ronda","article_publisher":"https:\/\/www.facebook.com\/plazadetorosronda","article_published_time":"2019-11-07T17:18:53+00:00","article_modified_time":"2025-04-03T08:58:49+00:00","og_image":[{"width":482,"height":142,"url":"https:\/\/www.rmcr.org\/wp-content\/uploads\/2022\/10\/3-congr-hist.jpg","type":"image\/jpeg"}],"author":"BIBLIOTECA","twitter_card":"summary_large_image","twitter_creator":"@PlazatorosRMR","twitter_site":"@PlazatorosRMR","twitter_misc":{"Written by":"BIBLIOTECA","Est. reading time":"21 minutes"},"schema":{"@context":"https:\/\/schema.org","@graph":[{"@type":"Article","@id":"https:\/\/www.rmcr.org\/en\/2019\/11\/07\/biblioteca-rmr-no-71-historia-de-la-serrania-de-ronda-siglos-xvii-xx-noviembre-2019\/#article","isPartOf":{"@id":"https:\/\/www.rmcr.org\/en\/2019\/11\/07\/biblioteca-rmr-no-71-historia-de-la-serrania-de-ronda-siglos-xvii-xx-noviembre-2019\/"},"author":{"name":"BIBLIOTECA","@id":"https:\/\/www.rmcr.org\/en\/#\/schema\/person\/80849edee7ef556893505128619ea1d0"},"headline":"Biblioteca-RMR: N\u00ba 71. Historia de la Serran\u00eda de Ronda, siglos XVII-XX. Noviembre 2019.","datePublished":"2019-11-07T17:18:53+00:00","dateModified":"2025-04-03T08:58:49+00:00","mainEntityOfPage":{"@id":"https:\/\/www.rmcr.org\/en\/2019\/11\/07\/biblioteca-rmr-no-71-historia-de-la-serrania-de-ronda-siglos-xvii-xx-noviembre-2019\/"},"wordCount":4122,"commentCount":0,"publisher":{"@id":"https:\/\/www.rmcr.org\/en\/#organization"},"image":{"@id":"https:\/\/www.rmcr.org\/en\/2019\/11\/07\/biblioteca-rmr-no-71-historia-de-la-serrania-de-ronda-siglos-xvii-xx-noviembre-2019\/#primaryimage"},"thumbnailUrl":"https:\/\/www.rmcr.org\/wp-content\/uploads\/2022\/10\/3-congr-hist.jpg","keywords":["Art\u00edculos","Bibliograf\u00edas","Biblioteca","Biblioteca-RMR","Bolet\u00edn mensual bibliogr\u00e1fico","Historia","Ronda"],"articleSection":["Biblioteca","Bolet\u00edn bibliogr\u00e1fico Biblioteca-RMR"],"inLanguage":"en-US","potentialAction":[{"@type":"CommentAction","name":"Comment","target":["https:\/\/www.rmcr.org\/en\/2019\/11\/07\/biblioteca-rmr-no-71-historia-de-la-serrania-de-ronda-siglos-xvii-xx-noviembre-2019\/#respond"]}]},{"@type":"WebPage","@id":"https:\/\/www.rmcr.org\/en\/2019\/11\/07\/biblioteca-rmr-no-71-historia-de-la-serrania-de-ronda-siglos-xvii-xx-noviembre-2019\/","url":"https:\/\/www.rmcr.org\/en\/2019\/11\/07\/biblioteca-rmr-no-71-historia-de-la-serrania-de-ronda-siglos-xvii-xx-noviembre-2019\/","name":"Biblioteca-RMR: N\u00ba 71. Historia de la Serran\u00eda de Ronda, siglos XVII-XX. Noviembre 2019. - Real Maestranza de Caballer\u00eda de Ronda","isPartOf":{"@id":"https:\/\/www.rmcr.org\/en\/#website"},"primaryImageOfPage":{"@id":"https:\/\/www.rmcr.org\/en\/2019\/11\/07\/biblioteca-rmr-no-71-historia-de-la-serrania-de-ronda-siglos-xvii-xx-noviembre-2019\/#primaryimage"},"image":{"@id":"https:\/\/www.rmcr.org\/en\/2019\/11\/07\/biblioteca-rmr-no-71-historia-de-la-serrania-de-ronda-siglos-xvii-xx-noviembre-2019\/#primaryimage"},"thumbnailUrl":"https:\/\/www.rmcr.org\/wp-content\/uploads\/2022\/10\/3-congr-hist.jpg","datePublished":"2019-11-07T17:18:53+00:00","dateModified":"2025-04-03T08:58:49+00:00","breadcrumb":{"@id":"https:\/\/www.rmcr.org\/en\/2019\/11\/07\/biblioteca-rmr-no-71-historia-de-la-serrania-de-ronda-siglos-xvii-xx-noviembre-2019\/#breadcrumb"},"inLanguage":"en-US","potentialAction":[{"@type":"ReadAction","target":["https:\/\/www.rmcr.org\/en\/2019\/11\/07\/biblioteca-rmr-no-71-historia-de-la-serrania-de-ronda-siglos-xvii-xx-noviembre-2019\/"]}]},{"@type":"ImageObject","inLanguage":"en-US","@id":"https:\/\/www.rmcr.org\/en\/2019\/11\/07\/biblioteca-rmr-no-71-historia-de-la-serrania-de-ronda-siglos-xvii-xx-noviembre-2019\/#primaryimage","url":"https:\/\/www.rmcr.org\/wp-content\/uploads\/2022\/10\/3-congr-hist.jpg","contentUrl":"https:\/\/www.rmcr.org\/wp-content\/uploads\/2022\/10\/3-congr-hist.jpg","width":482,"height":142,"caption":"CARTEL RONDA JOYA DE ANDALUCIA, PEINADO, 1932"},{"@type":"BreadcrumbList","@id":"https:\/\/www.rmcr.org\/en\/2019\/11\/07\/biblioteca-rmr-no-71-historia-de-la-serrania-de-ronda-siglos-xvii-xx-noviembre-2019\/#breadcrumb","itemListElement":[{"@type":"ListItem","position":1,"name":"REAL MAESTRANZA DE CABALLER\u00cdA DE RONDA","item":"https:\/\/www.rmcr.org\/en\/"},{"@type":"ListItem","position":2,"name":"Biblioteca-RMR: N\u00ba 71. Historia de la Serran\u00eda de Ronda, siglos XVII-XX. Noviembre 2019."}]},{"@type":"WebSite","@id":"https:\/\/www.rmcr.org\/en\/#website","url":"https:\/\/www.rmcr.org\/en\/","name":"Real Maestranza de Caballer\u00eda de Ronda","description":"Real Maestranza de Caballer\u00eda de Ronda","publisher":{"@id":"https:\/\/www.rmcr.org\/en\/#organization"},"alternateName":"RMCR","potentialAction":[{"@type":"SearchAction","target":{"@type":"EntryPoint","urlTemplate":"https:\/\/www.rmcr.org\/en\/?s={search_term_string}"},"query-input":{"@type":"PropertyValueSpecification","valueRequired":true,"valueName":"search_term_string"}}],"inLanguage":"en-US"},{"@type":"Organization","@id":"https:\/\/www.rmcr.org\/en\/#organization","name":"Real Maestranza de Caballer\u00eda de Ronda","alternateName":"RMR","url":"https:\/\/www.rmcr.org\/en\/","logo":{"@type":"ImageObject","inLanguage":"en-US","@id":"https:\/\/www.rmcr.org\/en\/#\/schema\/logo\/image\/","url":"https:\/\/www.rmcr.org\/wp-content\/uploads\/2022\/07\/logo-rmr-blue.svg","contentUrl":"https:\/\/www.rmcr.org\/wp-content\/uploads\/2022\/07\/logo-rmr-blue.svg","width":131,"height":129,"caption":"Real Maestranza de Caballer\u00eda de Ronda"},"image":{"@id":"https:\/\/www.rmcr.org\/en\/#\/schema\/logo\/image\/"},"sameAs":["https:\/\/www.facebook.com\/plazadetorosronda","https:\/\/x.com\/PlazatorosRMR","https:\/\/www.instagram.com\/realmaestranzaderonda\/","https:\/\/www.youtube.com\/channel\/UCrbO5IUN-8v_QML739vM4zg\/videos"]},{"@type":"Person","@id":"https:\/\/www.rmcr.org\/en\/#\/schema\/person\/80849edee7ef556893505128619ea1d0","name":"BIBLIOTECA","image":{"@type":"ImageObject","inLanguage":"en-US","@id":"https:\/\/www.rmcr.org\/wp-content\/uploads\/2022\/11\/avatar-rmcr-96x96.png","url":"https:\/\/www.rmcr.org\/wp-content\/uploads\/2022\/11\/avatar-rmcr-96x96.png","contentUrl":"https:\/\/www.rmcr.org\/wp-content\/uploads\/2022\/11\/avatar-rmcr-96x96.png","caption":"BIBLIOTECA"},"url":"https:\/\/www.rmcr.org\/en\/author\/juan-antonio-moreno\/"}]}},"_links":{"self":[{"href":"https:\/\/www.rmcr.org\/en\/wp-json\/wp\/v2\/posts\/6217","targetHints":{"allow":["GET"]}}],"collection":[{"href":"https:\/\/www.rmcr.org\/en\/wp-json\/wp\/v2\/posts"}],"about":[{"href":"https:\/\/www.rmcr.org\/en\/wp-json\/wp\/v2\/types\/post"}],"author":[{"embeddable":true,"href":"https:\/\/www.rmcr.org\/en\/wp-json\/wp\/v2\/users\/2"}],"replies":[{"embeddable":true,"href":"https:\/\/www.rmcr.org\/en\/wp-json\/wp\/v2\/comments?post=6217"}],"version-history":[{"count":2,"href":"https:\/\/www.rmcr.org\/en\/wp-json\/wp\/v2\/posts\/6217\/revisions"}],"predecessor-version":[{"id":21822,"href":"https:\/\/www.rmcr.org\/en\/wp-json\/wp\/v2\/posts\/6217\/revisions\/21822"}],"wp:featuredmedia":[{"embeddable":true,"href":"https:\/\/www.rmcr.org\/en\/wp-json\/wp\/v2\/media\/11710"}],"wp:attachment":[{"href":"https:\/\/www.rmcr.org\/en\/wp-json\/wp\/v2\/media?parent=6217"}],"wp:term":[{"taxonomy":"category","embeddable":true,"href":"https:\/\/www.rmcr.org\/en\/wp-json\/wp\/v2\/categories?post=6217"},{"taxonomy":"post_tag","embeddable":true,"href":"https:\/\/www.rmcr.org\/en\/wp-json\/wp\/v2\/tags?post=6217"}],"curies":[{"name":"wp","href":"https:\/\/api.w.org\/{rel}","templated":true}]}}