{"id":6216,"date":"2019-10-15T07:39:14","date_gmt":"2019-10-15T07:39:14","guid":{"rendered":"https:\/\/www.rmcr.org\/?p=6216"},"modified":"2025-04-03T08:59:01","modified_gmt":"2025-04-03T08:59:01","slug":"biblioteca-rmr-no-70-faustino-menendez-pidal-1924-2019-in-memoriam-octubre-2019","status":"publish","type":"post","link":"https:\/\/www.rmcr.org\/en\/2019\/10\/15\/biblioteca-rmr-no-70-faustino-menendez-pidal-1924-2019-in-memoriam-octubre-2019\/","title":{"rendered":"Biblioteca-RMR: N\u00ba 70. Faustino Men\u00e9ndez Pidal (1924-2019). In memoriam. Octubre 2019."},"content":{"rendered":"<p style=\"text-align:center;\"><span ><strong>\u00b7 MONOGR\u00c1FICO \u00b7<\/strong><\/span><br \/>\n<span ><strong>\u00b7 BIBLIOTECA DE LA REAL MAESTRANZA DE CABALLER\u00cdA DE RONDA \u00b7<\/strong><\/span><br \/>\n<span ><strong>\u00b7 OCTUBRE 2019 \u00b7<\/strong><\/span><\/p>\n<p style=\"text-align:center;\"><span ><strong>\u00b7 FONDO HER\u00c1LDICA Y GENEALOG\u00cdA \u00b7<\/strong><\/span><\/p>\n<p><span >El pasado 21 de agosto de 2019 fallec\u00eda en Cintru\u00e9nigo (Navarra), a los 94 a\u00f1os de edad, Faustino Men\u00e9ndez Pidal de Navascu\u00e9s. Nacido en Zaragoza en 1924, era sobrino nieto de Ram\u00f3n Men\u00e9ndez Pidal, y pariente de otros tantos investigadores espa\u00f1oles.<\/span><\/p>\n<p><a href=\"https:\/\/www.rmcr.org\/2019\/10\/fmp.jpg\"><img fetchpriority=\"high\" decoding=\"async\" class=\"aligncenter size-full wp-image-2164\" src=\"https:\/\/www.rmcr.org\/wp-content\/uploads\/2019\/10\/fmp.jpg\" alt=\"\" width=\"470\" height=\"322\"><\/a><\/p>\n<p style=\"text-align:center;\"><span ><em>Faustino Men\u00e9ndez Pidal en 2016 (fotograf\u00eda, APHNB)<\/em><\/span><\/p>\n<p><span >Aunque se doctor\u00f3 como Ingeniero de Caminos, Canales y Puertos por la Universidad Polit\u00e9cnica de Madrid, dedic\u00f3 gran parte de su vida al estudio de la historia, la emblem\u00e1tica, la her\u00e1ldica y la sigilograf\u00eda.<\/span><\/p>\n<p><span >Sus estudios alcanzaron renombre internacional, siendo distinguido con diferentes premios, entre ellos los concedidos por la Acad\u00e9mie Internationale d&#8217;H\u00e9raldique o el Instituto Internacional de Genealog\u00eda y Her\u00e1ldica.<\/span><\/p>\n<p><span >Reconocido como el m\u00e1s destacado heraldista espa\u00f1ol, en 1991 fue elegido acad\u00e9mico de n\u00famero de la Real Academia de la Historia, tomando posesi\u00f3n de su plaza en 1993 con el discurso \u00abLos emblemas her\u00e1ldicos: una interpretaci\u00f3n hist\u00f3rica\u00bb.<\/span><\/p>\n<p><span >Posteriormente, en 2009 fue nombrado vicedirector de la instituci\u00f3n acad\u00e9mica y en 2014, tras el fallecimiento de Gonzalo Anes, desempe\u00f1\u00f3 interinamente las funciones de director hasta la elecci\u00f3n de Carmen Iglesias. Desde entonces, fue designado, por unanimidad, director honorario.<\/span><\/p>\n<p><span >Entre 1993 y 2009 tambi\u00e9n dirigi\u00f3 la Real Academia Matritense de Her\u00e1ldica y Genealog\u00eda. Fue miembro, asimismo, de un gran n\u00famero de academias, centros y sociedades cient\u00edficas espa\u00f1olas, europeas y americanas.<\/span><\/p>\n<p><span >Formaba parte de la Real Maestranza de Caballer\u00eda de Ronda, en la que ingres\u00f3 como Caballero Maestrante el 9 de abril de 2006. Se le concedi\u00f3 el Premio Pr\u00edncipe de Viana de la Cultura en 2011, y la Gran Cruz de la Orden Civil de Alfonso X el Sabio en 2015.<\/span><\/p>\n<p><span >Con la publicaci\u00f3n de sus numerosos trabajos, muchos hablan de un antes y un despu\u00e9s de la ciencia her\u00e1ldica espa\u00f1ola, a la que ayud\u00f3 a convertir en una disciplina moderna y valiosa mediante la aplicaci\u00f3n de estrictos criterios cient\u00edficos.<\/span><\/p>\n<p><span >En la presente entrada ofrecemos una m\u00ednima selecci\u00f3n de su producci\u00f3n bibliogr\u00e1fica. Para ampliar la informaci\u00f3n sobre sus numeros\u00edsimas investigaciones, se puede acudir a los siguientes enlaces:<\/span><\/p>\n<p><a href=\"http:\/\/catalogo.rmcr.org\/ronda\/search?q=*:*&amp;start=0&amp;fq=mssearch_author&amp;fv=Men%C3%A9ndez+Pidal+de+Navascu%C3%A9s%2C+Faustino++%281924-%29\">Cat\u00e1logo de la Biblioteca-RMR<\/a><\/p>\n<p><a href=\"http:\/\/www.culturanavarra.es\/es\/numero-241\">Revista Pr\u00edncipe de Viana (n\u00ba 241, a\u00f1o 2007)<\/a><\/p>\n<p><a href=\"https:\/\/www.rmcr.org\/2019\/10\/cb1002524b.jpg\"><img decoding=\"async\" class=\"aligncenter size-full wp-image-2133\" src=\"https:\/\/www.rmcr.org\/wp-content\/uploads\/2019\/10\/cb1002524b.jpg\" alt=\"\" width=\"470\" height=\"657\"><\/a><\/p>\n<p><span ><em>Los emblemas her\u00e1ldicos : una interpretaci\u00f3n hist\u00f3rica : discurso le\u00eddo el d\u00eda 17 de octubre de 1993 en la recepci\u00f3n p\u00fablica<\/em> \/ <strong><span class=\"fcr\">Faustino Men\u00e9ndez Pidal<\/span> de Navascu\u00e9s<\/strong> ; y contestaci\u00f3n por <strong>Miguel \u00c1ngel Ladero Quesada<\/strong>. &#8212; Madrid : Real Academia de la Historia, 1993. &#8212; 134 p. ; 24 cm. &#8212; D.L. M. 26583-1993. &#8212; ISBN 84-604-7235-3.<\/span><\/p>\n<p><a href=\"https:\/\/www.rmcr.org\/2019\/10\/cb1022285b.jpg\"><img decoding=\"async\" class=\"aligncenter size-full wp-image-2134\" src=\"https:\/\/www.rmcr.org\/wp-content\/uploads\/2019\/10\/cb1022285b.jpg\" alt=\"\" width=\"470\" height=\"670\" srcset=\"https:\/\/www.rmcr.org\/wp-content\/uploads\/2019\/10\/cb1022285b.jpg 500w, https:\/\/www.rmcr.org\/wp-content\/uploads\/2019\/10\/cb1022285b-210x300.jpg 210w\" sizes=\"(max-width: 470px) 100vw, 470px\" \/><\/a><\/p>\n<p><span ><em>Los emblemas her\u00e1ldicos : novecientos a\u00f1os de historia<\/em> \/ <strong><span class=\"fcr\">Faustino Men\u00e9ndez Pidal<\/span> de Navascu\u00e9s<\/strong>. &#8212; Sevilla : Real Maestranza de Caballer\u00eda, 2014. &#8212; 508 p. : il. ; 25 cm. &#8212; (Cultura y nobleza ; 1). &#8212; D.L. SE. 144-2014. &#8212; ISBN 978-84-941392-0-8.<\/span><\/p>\n<p><a href=\"https:\/\/www.rmcr.org\/2019\/10\/cb1004725b.jpg\"><img loading=\"lazy\" decoding=\"async\" class=\"aligncenter size-full wp-image-2136\" src=\"https:\/\/www.rmcr.org\/wp-content\/uploads\/2019\/10\/cb1004725b.jpg\" alt=\"\" width=\"470\" height=\"642\"><\/a><\/p>\n<p><span ><em>El Libro de la Cofrad\u00eda de Santiago de Burgos : primera reproducci\u00f3n facs\u00edmil, en color, del m\u00e1s antiguo armorial ecuestre que se conoce, manuscrito y miniado durante los siglos XIV al XVII<\/em> \/ ed. preparada por <strong><span class=\"fcr\">Faustino Men\u00e9ndez Pidal<\/span> de Navascu\u00e9s<\/strong> ; pr\u00f3logo de <strong>Dalmiro de la V\u00e1lgoma y D\u00edaz-Varela<\/strong>. &#8212; Ed. facs. &#8212; Bilbao : La Gran Enciclopedia Vasca, 1977. &#8212; <\/span><span >243 p. : il. ; 28 cm. &#8212; <\/span><span >D.L. BI. 68-1977. &#8212; <\/span><span >ISBN 84-248-0311-6.<\/span><\/p>\n<p><a href=\"https:\/\/www.rmcr.org\/2019\/10\/cb1018988b.jpg\"><img loading=\"lazy\" decoding=\"async\" class=\"aligncenter size-full wp-image-2137\" src=\"https:\/\/www.rmcr.org\/wp-content\/uploads\/2019\/10\/cb1018988b.jpg\" alt=\"\" width=\"470\" height=\"675\"><\/a><\/p>\n<p><span ><em>La nobleza en Espa\u00f1a : ideas, estructuras, historia<\/em> \/ <strong><span class=\"fcr\">Faustino Men\u00e9ndez Pidal<\/span><\/strong>. &#8212; Madrid : Fundaci\u00f3n Cultural de la Nobleza Espa\u00f1ola : Real Maestranza de Caballer\u00eda de Ronda, 2008. &#8212; 372 p. ; 25 cm. &#8212; D.L. M. 27693-2008. &#8212; ISBN 978-84-691-3671-3.<\/span><\/p>\n<p><a href=\"https:\/\/www.rmcr.org\/2019\/10\/cb1004839b.jpg\"><img loading=\"lazy\" decoding=\"async\" class=\"aligncenter size-full wp-image-2138\" src=\"https:\/\/www.rmcr.org\/wp-content\/uploads\/2019\/10\/cb1004839b.jpg\" alt=\"\" width=\"470\" height=\"736\" srcset=\"https:\/\/www.rmcr.org\/wp-content\/uploads\/2019\/10\/cb1004839b.jpg 500w, https:\/\/www.rmcr.org\/wp-content\/uploads\/2019\/10\/cb1004839b-192x300.jpg 192w\" sizes=\"(max-width: 470px) 100vw, 470px\" \/><\/a><\/p>\n<p><span ><em>Her\u00e1ldica medieval espa\u00f1ola : I :<span class=\"fcr\">&nbsp;La Casa<\/span> Real de Le\u00f3n y Castilla<\/em> \/ <strong>Faustino Men\u00e9ndez Pidal de Navascu\u00e9s<\/strong>. &#8212; Madrid : Hidalgu\u00eda , 1982. &#8212; 274 p., [4] p. de l\u00e1m., [2] h. de l\u00e1m. pleg. : il. ; 26 cm. &#8212; D.L. M. 22165-1982. &#8212; ISBN 84-00-05150-5.<\/span><\/p>\n<p><a href=\"https:\/\/www.rmcr.org\/2019\/10\/cb1022034b.jpg\"><img loading=\"lazy\" decoding=\"async\" class=\"aligncenter size-full wp-image-2140\" src=\"https:\/\/www.rmcr.org\/wp-content\/uploads\/2019\/10\/cb1022034b.jpg\" alt=\"\" width=\"470\" height=\"636\"><\/a><\/p>\n<p><span ><em>Her\u00e1ldica de la Casa Real de Le\u00f3n y de Castilla : (siglos XII-XVI)<\/em> \/ <strong><span class=\"fcr\">Faustino Men\u00e9ndez Pidal<\/span><\/strong>. &#8212; Madrid : Hidalgu\u00eda, 2011. &#8212; 435 p. : il. ; 30 cm. &#8212; D.L. NA. 2404-2011. &#8212; ISBN 978-84-939313-0-8.<\/span><\/p>\n<p><a href=\"https:\/\/www.rmcr.org\/2019\/10\/cb1013074b.jpg\"><img loading=\"lazy\" decoding=\"async\" class=\"aligncenter size-full wp-image-2141\" src=\"https:\/\/www.rmcr.org\/wp-content\/uploads\/2019\/10\/cb1013074b.jpg\" alt=\"\" width=\"470\" height=\"666\"><\/a><\/p>\n<p><span ><em>Anales de la Real Academia Matritense de Her\u00e1ldica y Genealog\u00eda : homenaje a don <span class=\"fcr\">Faustino Men\u00e9ndez Pidal<\/span><\/em>. &#8212; Madrid : Real Academia Matritense de Her\u00e1ldica y Genealog\u00eda, 2004. &#8212; 2 v. : il. ; 24 cm. &#8212; D.L. SG. 67-1992. &#8212; ISSN 1133-1240.<\/span><\/p>\n<p><a href=\"https:\/\/www.rmcr.org\/2019\/10\/cb1015207b.jpg\"><img loading=\"lazy\" decoding=\"async\" class=\"aligncenter size-full wp-image-2143\" src=\"https:\/\/www.rmcr.org\/wp-content\/uploads\/2019\/10\/cb1015207b.jpg\" alt=\"\" width=\"470\" height=\"728\"><\/a><\/p>\n<p><span ><em>Las armer\u00edas en Europa al comenzar la Edad Moderna y su proyecci\u00f3n al Nuevo Mundo : actas del VII Coloquio Internacional de Her\u00e1ldica, C\u00e1ceres, 30 sept.-4 oct. de 1991<\/em> \/ organizado por la <strong>Acad\u00e9mie Internationale d&#8217;H\u00e9raldique<\/strong> ; ed. coord. por <strong>F. <span class=\"fcr\">Men\u00e9ndez Pidal<\/span> de Navascu\u00e9s<\/strong>. &#8212; Madrid : Direcci\u00f3n de Archivos Estatales, 1993. &#8212; <\/span><span >459 p. : il. ; 25 cm. &#8212; <\/span><span >D.L. BI. 2555-1993. &#8212; <\/span><span >ISBN 84-7483-918-1.<\/span><\/p>\n<p><a href=\"https:\/\/www.rmcr.org\/2019\/10\/cb1004834b.jpg\"><img loading=\"lazy\" decoding=\"async\" class=\"aligncenter size-full wp-image-2144\" src=\"https:\/\/www.rmcr.org\/wp-content\/uploads\/2019\/10\/cb1004834b.jpg\" alt=\"\" width=\"470\" height=\"731\"><\/a><\/p>\n<p><span ><em>Leones y castillos : emblemas her\u00e1ldicos en Espa\u00f1a<\/em> \/ <strong><span class=\"fcr\">Faustino Men\u00e9ndez Pidal<\/span><\/strong>. &#8212; Madrid : Real Academia de la Historia, 1999. &#8212; <\/span><span >318 p. : il. ; 21 cm. &#8212; (Clave historial ; 21). &#8212; <\/span><span >D.L. M. 15583-1999. &#8212; <\/span><span >ISBN 84-89572-39-6.<\/span><\/p>\n<p><a href=\"https:\/\/www.rmcr.org\/2019\/10\/cb1013073b.jpg\"><img loading=\"lazy\" decoding=\"async\" class=\"aligncenter size-full wp-image-2145\" src=\"https:\/\/www.rmcr.org\/wp-content\/uploads\/2019\/10\/cb1013073b.jpg\" alt=\"\" width=\"470\" height=\"655\"><\/a><\/p>\n<p><span ><em>El escudo de Espa\u00f1a<\/em> \/ <strong><span class=\"fcr\">Faustino Men\u00e9ndez Pidal<\/span><\/strong>. &#8212; Madrid : Real Academia Matritense de Her\u00e1ldica y Genealog\u00eda, 2004. &#8212; <\/span><span >267 p. : il. ; 21 cm. &#8212; <\/span><span >D.L. M. 28137-2004. &#8212; <\/span><span >ISBN 84-88833-02-4.<\/span><\/p>\n","protected":false},"excerpt":{"rendered":"<p>\u00b7 MONOGR\u00c1FICO \u00b7 \u00b7 BIBLIOTECA DE LA REAL MAESTRANZA DE CABALLER\u00cdA DE RONDA \u00b7 \u00b7 OCTUBRE 2019 \u00b7 \u00b7 FONDO HER\u00c1LDICA Y GENEALOG\u00cdA \u00b7 El pasado 21 de agosto de 2019 fallec\u00eda en Cintru\u00e9nigo (Navarra), a los 94 a\u00f1os de edad, Faustino Men\u00e9ndez Pidal de Navascu\u00e9s. Nacido en Zaragoza en 1924, era sobrino nieto de [&hellip;]<\/p>\n","protected":false},"author":2,"featured_media":11707,"comment_status":"open","ping_status":"open","sticky":false,"template":"","format":"standard","meta":{"footnotes":""},"categories":[140,791],"tags":[237,105,252,176,238,184,137],"class_list":["post-6216","post","type-post","status-publish","format-standard","has-post-thumbnail","hentry","category-biblioteca","category-boletin-bibliografico-biblioteca-rmr","tag-bibliografias","tag-biblioteca-general","tag-biblioteca-rmr","tag-boletin-mensual-bibliografico","tag-faustino-menendez-pidal","tag-heraldica","tag-libros"],"yoast_head":"<!-- This site is optimized with the Yoast SEO plugin v27.5 - https:\/\/yoast.com\/product\/yoast-seo-wordpress\/ -->\n<title>Biblioteca-RMR: N\u00ba 70. Faustino Men\u00e9ndez Pidal (1924-2019). In memoriam. Octubre 2019. - Real Maestranza de Caballer\u00eda de Ronda<\/title>\n<meta name=\"robots\" content=\"index, follow, max-snippet:-1, max-image-preview:large, max-video-preview:-1\" \/>\n<link rel=\"canonical\" href=\"https:\/\/www.rmcr.org\/en\/2019\/10\/15\/biblioteca-rmr-no-70-faustino-menendez-pidal-1924-2019-in-memoriam-octubre-2019\/\" \/>\n<meta property=\"og:locale\" content=\"en_US\" \/>\n<meta property=\"og:type\" content=\"article\" \/>\n<meta property=\"og:title\" content=\"Biblioteca-RMR: N\u00ba 70. Faustino Men\u00e9ndez Pidal (1924-2019). In memoriam. Octubre 2019. - Real Maestranza de Caballer\u00eda de Ronda\" \/>\n<meta property=\"og:description\" content=\"\u00b7 MONOGR\u00c1FICO \u00b7 \u00b7 BIBLIOTECA DE LA REAL MAESTRANZA DE CABALLER\u00cdA DE RONDA \u00b7 \u00b7 OCTUBRE 2019 \u00b7 \u00b7 FONDO HER\u00c1LDICA Y GENEALOG\u00cdA \u00b7 El pasado 21 de agosto de 2019 fallec\u00eda en Cintru\u00e9nigo (Navarra), a los 94 a\u00f1os de edad, Faustino Men\u00e9ndez Pidal de Navascu\u00e9s. Nacido en Zaragoza en 1924, era sobrino nieto de [&hellip;]\" \/>\n<meta property=\"og:url\" content=\"https:\/\/www.rmcr.org\/en\/2019\/10\/15\/biblioteca-rmr-no-70-faustino-menendez-pidal-1924-2019-in-memoriam-octubre-2019\/\" \/>\n<meta property=\"og:site_name\" content=\"Real Maestranza de Caballer\u00eda de Ronda\" \/>\n<meta property=\"article:publisher\" content=\"https:\/\/www.facebook.com\/plazadetorosronda\" \/>\n<meta property=\"article:published_time\" content=\"2019-10-15T07:39:14+00:00\" \/>\n<meta property=\"article:modified_time\" content=\"2025-04-03T08:59:01+00:00\" \/>\n<meta property=\"og:image\" content=\"https:\/\/www.rmcr.org\/wp-content\/uploads\/2022\/10\/fmpn.jpg\" \/>\n\t<meta property=\"og:image:width\" content=\"482\" \/>\n\t<meta property=\"og:image:height\" content=\"142\" \/>\n\t<meta property=\"og:image:type\" content=\"image\/jpeg\" \/>\n<meta name=\"author\" content=\"BIBLIOTECA\" \/>\n<meta name=\"twitter:card\" content=\"summary_large_image\" \/>\n<meta name=\"twitter:creator\" content=\"@PlazatorosRMR\" \/>\n<meta name=\"twitter:site\" content=\"@PlazatorosRMR\" \/>\n<meta name=\"twitter:label1\" content=\"Written by\" \/>\n\t<meta name=\"twitter:data1\" content=\"BIBLIOTECA\" \/>\n\t<meta name=\"twitter:label2\" content=\"Est. reading time\" \/>\n\t<meta name=\"twitter:data2\" content=\"4 minutes\" \/>\n<script type=\"application\/ld+json\" class=\"yoast-schema-graph\">{\"@context\":\"https:\\\/\\\/schema.org\",\"@graph\":[{\"@type\":\"Article\",\"@id\":\"https:\\\/\\\/www.rmcr.org\\\/en\\\/2019\\\/10\\\/15\\\/biblioteca-rmr-no-70-faustino-menendez-pidal-1924-2019-in-memoriam-octubre-2019\\\/#article\",\"isPartOf\":{\"@id\":\"https:\\\/\\\/www.rmcr.org\\\/en\\\/2019\\\/10\\\/15\\\/biblioteca-rmr-no-70-faustino-menendez-pidal-1924-2019-in-memoriam-octubre-2019\\\/\"},\"author\":{\"name\":\"BIBLIOTECA\",\"@id\":\"https:\\\/\\\/www.rmcr.org\\\/en\\\/#\\\/schema\\\/person\\\/80849edee7ef556893505128619ea1d0\"},\"headline\":\"Biblioteca-RMR: N\u00ba 70. Faustino Men\u00e9ndez Pidal (1924-2019). In memoriam. Octubre 2019.\",\"datePublished\":\"2019-10-15T07:39:14+00:00\",\"dateModified\":\"2025-04-03T08:59:01+00:00\",\"mainEntityOfPage\":{\"@id\":\"https:\\\/\\\/www.rmcr.org\\\/en\\\/2019\\\/10\\\/15\\\/biblioteca-rmr-no-70-faustino-menendez-pidal-1924-2019-in-memoriam-octubre-2019\\\/\"},\"wordCount\":903,\"commentCount\":0,\"publisher\":{\"@id\":\"https:\\\/\\\/www.rmcr.org\\\/en\\\/#organization\"},\"image\":{\"@id\":\"https:\\\/\\\/www.rmcr.org\\\/en\\\/2019\\\/10\\\/15\\\/biblioteca-rmr-no-70-faustino-menendez-pidal-1924-2019-in-memoriam-octubre-2019\\\/#primaryimage\"},\"thumbnailUrl\":\"https:\\\/\\\/www.rmcr.org\\\/wp-content\\\/uploads\\\/2022\\\/10\\\/fmpn.jpg\",\"keywords\":[\"Bibliograf\u00edas\",\"Biblioteca\",\"Biblioteca-RMR\",\"Bolet\u00edn mensual bibliogr\u00e1fico\",\"Faustino Men\u00e9ndez Pidal\",\"Her\u00e1ldica\",\"Libros\"],\"articleSection\":[\"Biblioteca\",\"Bolet\u00edn bibliogr\u00e1fico Biblioteca-RMR\"],\"inLanguage\":\"en-US\",\"potentialAction\":[{\"@type\":\"CommentAction\",\"name\":\"Comment\",\"target\":[\"https:\\\/\\\/www.rmcr.org\\\/en\\\/2019\\\/10\\\/15\\\/biblioteca-rmr-no-70-faustino-menendez-pidal-1924-2019-in-memoriam-octubre-2019\\\/#respond\"]}]},{\"@type\":\"WebPage\",\"@id\":\"https:\\\/\\\/www.rmcr.org\\\/en\\\/2019\\\/10\\\/15\\\/biblioteca-rmr-no-70-faustino-menendez-pidal-1924-2019-in-memoriam-octubre-2019\\\/\",\"url\":\"https:\\\/\\\/www.rmcr.org\\\/en\\\/2019\\\/10\\\/15\\\/biblioteca-rmr-no-70-faustino-menendez-pidal-1924-2019-in-memoriam-octubre-2019\\\/\",\"name\":\"Biblioteca-RMR: N\u00ba 70. Faustino Men\u00e9ndez Pidal (1924-2019). In memoriam. Octubre 2019. - Real Maestranza de Caballer\u00eda de Ronda\",\"isPartOf\":{\"@id\":\"https:\\\/\\\/www.rmcr.org\\\/en\\\/#website\"},\"primaryImageOfPage\":{\"@id\":\"https:\\\/\\\/www.rmcr.org\\\/en\\\/2019\\\/10\\\/15\\\/biblioteca-rmr-no-70-faustino-menendez-pidal-1924-2019-in-memoriam-octubre-2019\\\/#primaryimage\"},\"image\":{\"@id\":\"https:\\\/\\\/www.rmcr.org\\\/en\\\/2019\\\/10\\\/15\\\/biblioteca-rmr-no-70-faustino-menendez-pidal-1924-2019-in-memoriam-octubre-2019\\\/#primaryimage\"},\"thumbnailUrl\":\"https:\\\/\\\/www.rmcr.org\\\/wp-content\\\/uploads\\\/2022\\\/10\\\/fmpn.jpg\",\"datePublished\":\"2019-10-15T07:39:14+00:00\",\"dateModified\":\"2025-04-03T08:59:01+00:00\",\"breadcrumb\":{\"@id\":\"https:\\\/\\\/www.rmcr.org\\\/en\\\/2019\\\/10\\\/15\\\/biblioteca-rmr-no-70-faustino-menendez-pidal-1924-2019-in-memoriam-octubre-2019\\\/#breadcrumb\"},\"inLanguage\":\"en-US\",\"potentialAction\":[{\"@type\":\"ReadAction\",\"target\":[\"https:\\\/\\\/www.rmcr.org\\\/en\\\/2019\\\/10\\\/15\\\/biblioteca-rmr-no-70-faustino-menendez-pidal-1924-2019-in-memoriam-octubre-2019\\\/\"]}]},{\"@type\":\"ImageObject\",\"inLanguage\":\"en-US\",\"@id\":\"https:\\\/\\\/www.rmcr.org\\\/en\\\/2019\\\/10\\\/15\\\/biblioteca-rmr-no-70-faustino-menendez-pidal-1924-2019-in-memoriam-octubre-2019\\\/#primaryimage\",\"url\":\"https:\\\/\\\/www.rmcr.org\\\/wp-content\\\/uploads\\\/2022\\\/10\\\/fmpn.jpg\",\"contentUrl\":\"https:\\\/\\\/www.rmcr.org\\\/wp-content\\\/uploads\\\/2022\\\/10\\\/fmpn.jpg\",\"width\":482,\"height\":142},{\"@type\":\"BreadcrumbList\",\"@id\":\"https:\\\/\\\/www.rmcr.org\\\/en\\\/2019\\\/10\\\/15\\\/biblioteca-rmr-no-70-faustino-menendez-pidal-1924-2019-in-memoriam-octubre-2019\\\/#breadcrumb\",\"itemListElement\":[{\"@type\":\"ListItem\",\"position\":1,\"name\":\"REAL MAESTRANZA DE CABALLER\u00cdA DE RONDA\",\"item\":\"https:\\\/\\\/www.rmcr.org\\\/en\\\/\"},{\"@type\":\"ListItem\",\"position\":2,\"name\":\"Biblioteca-RMR: N\u00ba 70. Faustino Men\u00e9ndez Pidal (1924-2019). In memoriam. Octubre 2019.\"}]},{\"@type\":\"WebSite\",\"@id\":\"https:\\\/\\\/www.rmcr.org\\\/en\\\/#website\",\"url\":\"https:\\\/\\\/www.rmcr.org\\\/en\\\/\",\"name\":\"Real Maestranza de Caballer\u00eda de Ronda\",\"description\":\"Real Maestranza de Caballer\u00eda de Ronda\",\"publisher\":{\"@id\":\"https:\\\/\\\/www.rmcr.org\\\/en\\\/#organization\"},\"alternateName\":\"RMCR\",\"potentialAction\":[{\"@type\":\"SearchAction\",\"target\":{\"@type\":\"EntryPoint\",\"urlTemplate\":\"https:\\\/\\\/www.rmcr.org\\\/en\\\/?s={search_term_string}\"},\"query-input\":{\"@type\":\"PropertyValueSpecification\",\"valueRequired\":true,\"valueName\":\"search_term_string\"}}],\"inLanguage\":\"en-US\"},{\"@type\":\"Organization\",\"@id\":\"https:\\\/\\\/www.rmcr.org\\\/en\\\/#organization\",\"name\":\"Real Maestranza de Caballer\u00eda de Ronda\",\"alternateName\":\"RMR\",\"url\":\"https:\\\/\\\/www.rmcr.org\\\/en\\\/\",\"logo\":{\"@type\":\"ImageObject\",\"inLanguage\":\"en-US\",\"@id\":\"https:\\\/\\\/www.rmcr.org\\\/en\\\/#\\\/schema\\\/logo\\\/image\\\/\",\"url\":\"https:\\\/\\\/www.rmcr.org\\\/wp-content\\\/uploads\\\/2022\\\/07\\\/logo-rmr-blue.svg\",\"contentUrl\":\"https:\\\/\\\/www.rmcr.org\\\/wp-content\\\/uploads\\\/2022\\\/07\\\/logo-rmr-blue.svg\",\"width\":131,\"height\":129,\"caption\":\"Real Maestranza de Caballer\u00eda de Ronda\"},\"image\":{\"@id\":\"https:\\\/\\\/www.rmcr.org\\\/en\\\/#\\\/schema\\\/logo\\\/image\\\/\"},\"sameAs\":[\"https:\\\/\\\/www.facebook.com\\\/plazadetorosronda\",\"https:\\\/\\\/x.com\\\/PlazatorosRMR\",\"https:\\\/\\\/www.instagram.com\\\/realmaestranzaderonda\\\/\",\"https:\\\/\\\/www.youtube.com\\\/channel\\\/UCrbO5IUN-8v_QML739vM4zg\\\/videos\"]},{\"@type\":\"Person\",\"@id\":\"https:\\\/\\\/www.rmcr.org\\\/en\\\/#\\\/schema\\\/person\\\/80849edee7ef556893505128619ea1d0\",\"name\":\"BIBLIOTECA\",\"image\":{\"@type\":\"ImageObject\",\"inLanguage\":\"en-US\",\"@id\":\"https:\\\/\\\/www.rmcr.org\\\/wp-content\\\/uploads\\\/2022\\\/11\\\/avatar-rmcr-96x96.png\",\"url\":\"https:\\\/\\\/www.rmcr.org\\\/wp-content\\\/uploads\\\/2022\\\/11\\\/avatar-rmcr-96x96.png\",\"contentUrl\":\"https:\\\/\\\/www.rmcr.org\\\/wp-content\\\/uploads\\\/2022\\\/11\\\/avatar-rmcr-96x96.png\",\"caption\":\"BIBLIOTECA\"},\"url\":\"https:\\\/\\\/www.rmcr.org\\\/en\\\/author\\\/juan-antonio-moreno\\\/\"}]}<\/script>\n<!-- \/ Yoast SEO plugin. -->","yoast_head_json":{"title":"Biblioteca-RMR: N\u00ba 70. Faustino Men\u00e9ndez Pidal (1924-2019). In memoriam. Octubre 2019. - Real Maestranza de Caballer\u00eda de Ronda","robots":{"index":"index","follow":"follow","max-snippet":"max-snippet:-1","max-image-preview":"max-image-preview:large","max-video-preview":"max-video-preview:-1"},"canonical":"https:\/\/www.rmcr.org\/en\/2019\/10\/15\/biblioteca-rmr-no-70-faustino-menendez-pidal-1924-2019-in-memoriam-octubre-2019\/","og_locale":"en_US","og_type":"article","og_title":"Biblioteca-RMR: N\u00ba 70. Faustino Men\u00e9ndez Pidal (1924-2019). In memoriam. Octubre 2019. - Real Maestranza de Caballer\u00eda de Ronda","og_description":"\u00b7 MONOGR\u00c1FICO \u00b7 \u00b7 BIBLIOTECA DE LA REAL MAESTRANZA DE CABALLER\u00cdA DE RONDA \u00b7 \u00b7 OCTUBRE 2019 \u00b7 \u00b7 FONDO HER\u00c1LDICA Y GENEALOG\u00cdA \u00b7 El pasado 21 de agosto de 2019 fallec\u00eda en Cintru\u00e9nigo (Navarra), a los 94 a\u00f1os de edad, Faustino Men\u00e9ndez Pidal de Navascu\u00e9s. Nacido en Zaragoza en 1924, era sobrino nieto de [&hellip;]","og_url":"https:\/\/www.rmcr.org\/en\/2019\/10\/15\/biblioteca-rmr-no-70-faustino-menendez-pidal-1924-2019-in-memoriam-octubre-2019\/","og_site_name":"Real Maestranza de Caballer\u00eda de Ronda","article_publisher":"https:\/\/www.facebook.com\/plazadetorosronda","article_published_time":"2019-10-15T07:39:14+00:00","article_modified_time":"2025-04-03T08:59:01+00:00","og_image":[{"width":482,"height":142,"url":"https:\/\/www.rmcr.org\/wp-content\/uploads\/2022\/10\/fmpn.jpg","type":"image\/jpeg"}],"author":"BIBLIOTECA","twitter_card":"summary_large_image","twitter_creator":"@PlazatorosRMR","twitter_site":"@PlazatorosRMR","twitter_misc":{"Written by":"BIBLIOTECA","Est. reading time":"4 minutes"},"schema":{"@context":"https:\/\/schema.org","@graph":[{"@type":"Article","@id":"https:\/\/www.rmcr.org\/en\/2019\/10\/15\/biblioteca-rmr-no-70-faustino-menendez-pidal-1924-2019-in-memoriam-octubre-2019\/#article","isPartOf":{"@id":"https:\/\/www.rmcr.org\/en\/2019\/10\/15\/biblioteca-rmr-no-70-faustino-menendez-pidal-1924-2019-in-memoriam-octubre-2019\/"},"author":{"name":"BIBLIOTECA","@id":"https:\/\/www.rmcr.org\/en\/#\/schema\/person\/80849edee7ef556893505128619ea1d0"},"headline":"Biblioteca-RMR: N\u00ba 70. Faustino Men\u00e9ndez Pidal (1924-2019). In memoriam. Octubre 2019.","datePublished":"2019-10-15T07:39:14+00:00","dateModified":"2025-04-03T08:59:01+00:00","mainEntityOfPage":{"@id":"https:\/\/www.rmcr.org\/en\/2019\/10\/15\/biblioteca-rmr-no-70-faustino-menendez-pidal-1924-2019-in-memoriam-octubre-2019\/"},"wordCount":903,"commentCount":0,"publisher":{"@id":"https:\/\/www.rmcr.org\/en\/#organization"},"image":{"@id":"https:\/\/www.rmcr.org\/en\/2019\/10\/15\/biblioteca-rmr-no-70-faustino-menendez-pidal-1924-2019-in-memoriam-octubre-2019\/#primaryimage"},"thumbnailUrl":"https:\/\/www.rmcr.org\/wp-content\/uploads\/2022\/10\/fmpn.jpg","keywords":["Bibliograf\u00edas","Biblioteca","Biblioteca-RMR","Bolet\u00edn mensual bibliogr\u00e1fico","Faustino Men\u00e9ndez Pidal","Her\u00e1ldica","Libros"],"articleSection":["Biblioteca","Bolet\u00edn bibliogr\u00e1fico Biblioteca-RMR"],"inLanguage":"en-US","potentialAction":[{"@type":"CommentAction","name":"Comment","target":["https:\/\/www.rmcr.org\/en\/2019\/10\/15\/biblioteca-rmr-no-70-faustino-menendez-pidal-1924-2019-in-memoriam-octubre-2019\/#respond"]}]},{"@type":"WebPage","@id":"https:\/\/www.rmcr.org\/en\/2019\/10\/15\/biblioteca-rmr-no-70-faustino-menendez-pidal-1924-2019-in-memoriam-octubre-2019\/","url":"https:\/\/www.rmcr.org\/en\/2019\/10\/15\/biblioteca-rmr-no-70-faustino-menendez-pidal-1924-2019-in-memoriam-octubre-2019\/","name":"Biblioteca-RMR: N\u00ba 70. Faustino Men\u00e9ndez Pidal (1924-2019). In memoriam. Octubre 2019. - Real Maestranza de Caballer\u00eda de Ronda","isPartOf":{"@id":"https:\/\/www.rmcr.org\/en\/#website"},"primaryImageOfPage":{"@id":"https:\/\/www.rmcr.org\/en\/2019\/10\/15\/biblioteca-rmr-no-70-faustino-menendez-pidal-1924-2019-in-memoriam-octubre-2019\/#primaryimage"},"image":{"@id":"https:\/\/www.rmcr.org\/en\/2019\/10\/15\/biblioteca-rmr-no-70-faustino-menendez-pidal-1924-2019-in-memoriam-octubre-2019\/#primaryimage"},"thumbnailUrl":"https:\/\/www.rmcr.org\/wp-content\/uploads\/2022\/10\/fmpn.jpg","datePublished":"2019-10-15T07:39:14+00:00","dateModified":"2025-04-03T08:59:01+00:00","breadcrumb":{"@id":"https:\/\/www.rmcr.org\/en\/2019\/10\/15\/biblioteca-rmr-no-70-faustino-menendez-pidal-1924-2019-in-memoriam-octubre-2019\/#breadcrumb"},"inLanguage":"en-US","potentialAction":[{"@type":"ReadAction","target":["https:\/\/www.rmcr.org\/en\/2019\/10\/15\/biblioteca-rmr-no-70-faustino-menendez-pidal-1924-2019-in-memoriam-octubre-2019\/"]}]},{"@type":"ImageObject","inLanguage":"en-US","@id":"https:\/\/www.rmcr.org\/en\/2019\/10\/15\/biblioteca-rmr-no-70-faustino-menendez-pidal-1924-2019-in-memoriam-octubre-2019\/#primaryimage","url":"https:\/\/www.rmcr.org\/wp-content\/uploads\/2022\/10\/fmpn.jpg","contentUrl":"https:\/\/www.rmcr.org\/wp-content\/uploads\/2022\/10\/fmpn.jpg","width":482,"height":142},{"@type":"BreadcrumbList","@id":"https:\/\/www.rmcr.org\/en\/2019\/10\/15\/biblioteca-rmr-no-70-faustino-menendez-pidal-1924-2019-in-memoriam-octubre-2019\/#breadcrumb","itemListElement":[{"@type":"ListItem","position":1,"name":"REAL MAESTRANZA DE CABALLER\u00cdA DE RONDA","item":"https:\/\/www.rmcr.org\/en\/"},{"@type":"ListItem","position":2,"name":"Biblioteca-RMR: N\u00ba 70. Faustino Men\u00e9ndez Pidal (1924-2019). In memoriam. Octubre 2019."}]},{"@type":"WebSite","@id":"https:\/\/www.rmcr.org\/en\/#website","url":"https:\/\/www.rmcr.org\/en\/","name":"Real Maestranza de Caballer\u00eda de Ronda","description":"Real Maestranza de Caballer\u00eda de Ronda","publisher":{"@id":"https:\/\/www.rmcr.org\/en\/#organization"},"alternateName":"RMCR","potentialAction":[{"@type":"SearchAction","target":{"@type":"EntryPoint","urlTemplate":"https:\/\/www.rmcr.org\/en\/?s={search_term_string}"},"query-input":{"@type":"PropertyValueSpecification","valueRequired":true,"valueName":"search_term_string"}}],"inLanguage":"en-US"},{"@type":"Organization","@id":"https:\/\/www.rmcr.org\/en\/#organization","name":"Real Maestranza de Caballer\u00eda de Ronda","alternateName":"RMR","url":"https:\/\/www.rmcr.org\/en\/","logo":{"@type":"ImageObject","inLanguage":"en-US","@id":"https:\/\/www.rmcr.org\/en\/#\/schema\/logo\/image\/","url":"https:\/\/www.rmcr.org\/wp-content\/uploads\/2022\/07\/logo-rmr-blue.svg","contentUrl":"https:\/\/www.rmcr.org\/wp-content\/uploads\/2022\/07\/logo-rmr-blue.svg","width":131,"height":129,"caption":"Real Maestranza de Caballer\u00eda de Ronda"},"image":{"@id":"https:\/\/www.rmcr.org\/en\/#\/schema\/logo\/image\/"},"sameAs":["https:\/\/www.facebook.com\/plazadetorosronda","https:\/\/x.com\/PlazatorosRMR","https:\/\/www.instagram.com\/realmaestranzaderonda\/","https:\/\/www.youtube.com\/channel\/UCrbO5IUN-8v_QML739vM4zg\/videos"]},{"@type":"Person","@id":"https:\/\/www.rmcr.org\/en\/#\/schema\/person\/80849edee7ef556893505128619ea1d0","name":"BIBLIOTECA","image":{"@type":"ImageObject","inLanguage":"en-US","@id":"https:\/\/www.rmcr.org\/wp-content\/uploads\/2022\/11\/avatar-rmcr-96x96.png","url":"https:\/\/www.rmcr.org\/wp-content\/uploads\/2022\/11\/avatar-rmcr-96x96.png","contentUrl":"https:\/\/www.rmcr.org\/wp-content\/uploads\/2022\/11\/avatar-rmcr-96x96.png","caption":"BIBLIOTECA"},"url":"https:\/\/www.rmcr.org\/en\/author\/juan-antonio-moreno\/"}]}},"_links":{"self":[{"href":"https:\/\/www.rmcr.org\/en\/wp-json\/wp\/v2\/posts\/6216","targetHints":{"allow":["GET"]}}],"collection":[{"href":"https:\/\/www.rmcr.org\/en\/wp-json\/wp\/v2\/posts"}],"about":[{"href":"https:\/\/www.rmcr.org\/en\/wp-json\/wp\/v2\/types\/post"}],"author":[{"embeddable":true,"href":"https:\/\/www.rmcr.org\/en\/wp-json\/wp\/v2\/users\/2"}],"replies":[{"embeddable":true,"href":"https:\/\/www.rmcr.org\/en\/wp-json\/wp\/v2\/comments?post=6216"}],"version-history":[{"count":2,"href":"https:\/\/www.rmcr.org\/en\/wp-json\/wp\/v2\/posts\/6216\/revisions"}],"predecessor-version":[{"id":21824,"href":"https:\/\/www.rmcr.org\/en\/wp-json\/wp\/v2\/posts\/6216\/revisions\/21824"}],"wp:featuredmedia":[{"embeddable":true,"href":"https:\/\/www.rmcr.org\/en\/wp-json\/wp\/v2\/media\/11707"}],"wp:attachment":[{"href":"https:\/\/www.rmcr.org\/en\/wp-json\/wp\/v2\/media?parent=6216"}],"wp:term":[{"taxonomy":"category","embeddable":true,"href":"https:\/\/www.rmcr.org\/en\/wp-json\/wp\/v2\/categories?post=6216"},{"taxonomy":"post_tag","embeddable":true,"href":"https:\/\/www.rmcr.org\/en\/wp-json\/wp\/v2\/tags?post=6216"}],"curies":[{"name":"wp","href":"https:\/\/api.w.org\/{rel}","templated":true}]}}