{"id":6214,"date":"2019-07-30T12:00:02","date_gmt":"2019-07-30T12:00:02","guid":{"rendered":"https:\/\/www.rmcr.org\/?p=6214"},"modified":"2025-04-03T08:59:35","modified_gmt":"2025-04-03T08:59:35","slug":"biblioteca-rmr-no-67-armaduras-y-armas-de-la-caballeria-julio-2019","status":"publish","type":"post","link":"https:\/\/www.rmcr.org\/en\/2019\/07\/30\/biblioteca-rmr-no-67-armaduras-y-armas-de-la-caballeria-julio-2019\/","title":{"rendered":"Biblioteca-RMR: N\u00ba 67. Armaduras y armas de la caballer\u00eda. Julio 2019."},"content":{"rendered":"<p style=\"text-align:center;\"><span ><strong>\u00b7 MONOGR\u00c1FICO \u00b7<\/strong><\/span><br \/>\n<span ><strong>\u00b7 BIBLIOTECA DE LA REAL MAESTRANZA DE CABALLER\u00cdA DE RONDA \u00b7<\/strong><\/span><br \/>\n<span ><strong>\u00b7 JULIO 2019 \u00b7<\/strong><\/span><\/p>\n<p style=\"text-align:center;\"><span ><strong>\u00b7 FONDO CABALLEROS Y CABALLER\u00cdA \u00b7<\/strong><\/span><\/p>\n<p><span >El pasado mes de abril, la Real Maestranza de Caballer\u00eda de Ronda inaugur\u00f3 <a href=\"http:\/\/www.rmcr.org\/es\/plaza_museo_maestranza.html\">un nuevo contenido en su Museo<\/a> dedicado a explicar la historia de la propia Instituci\u00f3n, hermandad de caballeros creada en el siglo XVI para la defensa de la ciudad y su territorio, heredera de las \u00f3rdenes caballerescas de la edad media.<\/span><\/p>\n<p><span >Entre los diferentes y variados elementos expuestos, se pueden encontrar algunos pertenecientes al mundo de los caballeros y la caballer\u00eda, como armaduras, yelmos, testeras para caballos, espadas y sillas de montar, cedidos por el Museo del Ej\u00e9rcito.<\/span><\/p>\n<p><span >Tambi\u00e9n se pueden contemplar sendas esculturas ecuestres en 3D que representan las dos formas hist\u00f3ricas de monta (brida y jineta), recreadas de forma fiel a partir de las figuras que aparecen en los frescos de la Batalla de La Higueruela del Monasterio de El Escorial.<\/span><\/p>\n<p><span >La nueva entrega del bolet\u00edn mensual bibliogr\u00e1fico est\u00e1 dedicada a una selecci\u00f3n de libros presentes en nuestra Biblioteca que giran en torno a las armaduras y las armas de la caballer\u00eda, entre las que se encuentran verdaderas obras de arte que pertenecieron a las \u00e9lites de poder de las diferentes \u00e9pocas, custodiadas actualmente en los m\u00e1s importantes museos europeos y americanos.<\/span><\/p>\n<p><a href=\"https:\/\/www.rmcr.org\/2019\/07\/cb1025560b.jpg\"><img fetchpriority=\"high\" decoding=\"async\" class=\"aligncenter size-full wp-image-2038\" src=\"https:\/\/www.rmcr.org\/wp-content\/uploads\/2019\/07\/cb1025560b.jpg\" alt=\"\" width=\"470\" height=\"611\" \/><\/a><\/p>\n<p><span ><em>How to read European armor<\/em> \/ <strong>Donald J. La Rocca<\/strong>. &#8212; New York : The Metropolitan Museum of Art, 2017. &#8212; 160 p. : il. ; 27 cm. &#8212; ISBN 978-1-58839-629-7.<\/span><\/p>\n<p><a href=\"https:\/\/www.rmcr.org\/2019\/08\/cb1025555b-1.jpg\"><img decoding=\"async\" class=\"aligncenter size-full wp-image-2044\" src=\"https:\/\/www.rmcr.org\/wp-content\/uploads\/2019\/08\/cb1025555b-1.jpg\" alt=\"\" width=\"470\" height=\"640\" \/><\/a><\/p>\n<p><span ><em>Arms and armour of the medieval joust<\/em> \/ <strong>Tobias Capwell<\/strong>. &#8212; Leeds : Royal Armouries Museum, 2018. &#8212; 96 p. : il. ; 23 cm. &#8212; (Royal armouries. Arms and armour series). &#8212; ISBN 978-0-94809-283-1.<\/span><\/p>\n<p><a href=\"https:\/\/www.rmcr.org\/2019\/08\/cb1025551b.jpg\"><img decoding=\"async\" class=\"aligncenter size-full wp-image-2045\" src=\"https:\/\/www.rmcr.org\/wp-content\/uploads\/2019\/08\/cb1025551b.jpg\" alt=\"\" width=\"470\" height=\"635\" srcset=\"https:\/\/www.rmcr.org\/wp-content\/uploads\/2019\/08\/cb1025551b.jpg 500w, https:\/\/www.rmcr.org\/wp-content\/uploads\/2019\/08\/cb1025551b-222x300.jpg 222w\" sizes=\"(max-width: 470px) 100vw, 470px\" \/><\/a><\/p>\n<p><span ><em>Princely armor in the age of D\u00fcrer : a Renaissance masterpiece in the Philadelphia Museum of Art<\/em> \/ <strong>Pierre Terjanian<\/strong>. &#8212; Philadelphia : Philadelphia Museum of Art : Yale University Press, 2011. &#8212; 54 p. : il. ; 28 cm. &#8212; (Philadelphia Museum of Art Bulletin ; 4). &#8212; ISBN 978-0-300-17631-5.<\/span><\/p>\n<p><a href=\"https:\/\/www.rmcr.org\/2019\/08\/cb1025557b.jpg\"><img loading=\"lazy\" decoding=\"async\" class=\"aligncenter size-full wp-image-2046\" src=\"https:\/\/www.rmcr.org\/wp-content\/uploads\/2019\/08\/cb1025557b.jpg\" alt=\"\" width=\"470\" height=\"638\" \/><\/a><\/p>\n<p><span ><em>The armour and arms of Henry VIII<\/em> \/ <strong>Thom Richardson<\/strong>. &#8212; Leeds : Royal Armouries Museum, 2015. &#8212; 80 p. : il. ; 23 cm. &#8212; (Royal armouries. Arms and armour series). &#8212; ISBN 978-0-948092-72-5.<\/span><\/p>\n<p><a href=\"https:\/\/www.rmcr.org\/2019\/08\/cb1025554b.jpg\"><img loading=\"lazy\" decoding=\"async\" class=\"aligncenter size-full wp-image-2048\" src=\"https:\/\/www.rmcr.org\/wp-content\/uploads\/2019\/08\/cb1025554b.jpg\" alt=\"\" width=\"470\" height=\"609\" \/><\/a><\/p>\n<p><span ><em>Fashion in steel : the Landsknecht armour of Wilhelm von Rogendorf<\/em> \/ <strong>Stefan Krause<\/strong> ; with a contribution by Andreas Zajic ; preface by Sabine Haag. &#8212; Vienna : Kunsthistorisches Museum Wein, 2017. &#8212; 125 p. : il. ; 28 cm. &#8212; ISBN 978-0-300-23086-4.<\/span><\/p>\n<p><a href=\"https:\/\/www.rmcr.org\/2019\/08\/cb1025558b.jpg\"><img loading=\"lazy\" decoding=\"async\" class=\"aligncenter size-full wp-image-2049\" src=\"https:\/\/www.rmcr.org\/wp-content\/uploads\/2019\/08\/cb1025558b.jpg\" alt=\"\" width=\"470\" height=\"640\" \/><\/a><\/p>\n<p><span ><em>Arms and armour of the Elizabethan court<\/em> \/ <strong>Thom Richardson<\/strong>. &#8212; Leeds : Royal Armouries Museum, 2015. &#8212; 96 p. : il. ; 23 cm. &#8212; (Royal armouries. Arms and armour series). &#8212; ISBN 978-0-948092-73-2.<\/span><\/p>\n<p><a href=\"https:\/\/www.rmcr.org\/2019\/08\/cb1025552b.jpg\"><img loading=\"lazy\" decoding=\"async\" class=\"aligncenter size-full wp-image-2050\" src=\"https:\/\/www.rmcr.org\/wp-content\/uploads\/2019\/08\/cb1025552b.jpg\" alt=\"\" width=\"470\" height=\"650\" \/><\/a><\/p>\n<p><span ><em>Arms &amp; armour in the collection of Her Majesty the Queen : European armour<\/em> \/ <strong>A.V.B. Norman and Ian Eaves<\/strong> ; introduction by Howard L. Blackmore. &#8212; London : Royal Collection Trust, 2016. &#8212; XX, 517 p. : il. ; 31 cm. &#8212; ISBN 978-1-905686-48-3.<\/span><\/p>\n<p><a href=\"https:\/\/www.rmcr.org\/2019\/08\/cb1025556b.jpg\"><img loading=\"lazy\" decoding=\"async\" class=\"aligncenter size-full wp-image-2051\" src=\"https:\/\/www.rmcr.org\/wp-content\/uploads\/2019\/08\/cb1025556b.jpg\" alt=\"\" width=\"470\" height=\"645\" \/><\/a><\/p>\n<p><span ><em>Arms and armour of late medieval Europe<\/em> \/ <strong>Robert C. Woosnam-Savage<\/strong>. &#8212; Leeds : Royal Armouries Museum, 2017. &#8212; 96 p. : il. ; 23 cm. &#8212; (Royal armouries. Arms and armour series). &#8212; ISBN 978-0-94809-277-0.<\/span><\/p>\n<p><a href=\"https:\/\/www.rmcr.org\/2019\/08\/cb1025553b.jpg\"><img loading=\"lazy\" decoding=\"async\" class=\"aligncenter size-full wp-image-2053\" src=\"https:\/\/www.rmcr.org\/wp-content\/uploads\/2019\/08\/cb1025553b.jpg\" alt=\"\" width=\"470\" height=\"647\" \/><\/a><\/p>\n<p><span ><em>Islamic arms and armor in the Metropolitan Museum of Art<\/em> \/ <strong>David G. Alexander<\/strong> ; with contributions by Stuart W. Pyhrr and Will Kwiatkowski. &#8212; New York : The Metropolitan Museum of Art, 2015. &#8212; XII, 336 p. : il. ; 32 cm. &#8212; ISBN 978-1-58839-570-2.<\/span><\/p>\n<p><a href=\"https:\/\/www.rmcr.org\/2019\/08\/cb1025559b.jpg\"><img loading=\"lazy\" decoding=\"async\" class=\"aligncenter size-full wp-image-2054\" src=\"https:\/\/www.rmcr.org\/wp-content\/uploads\/2019\/08\/cb1025559b.jpg\" alt=\"\" width=\"470\" height=\"640\" \/><\/a><\/p>\n<p><span ><em>Islamic arms and armour<\/em> \/ <strong>Thom Richardson<\/strong>. &#8212; Leeds : Royal Armouries Museum, 2015. &#8212; 128 p. : il. ; 23 cm. &#8212; (Royal armouries. Arms and armour series). &#8212; ISBN 978-0-948092-71-8.<\/span><\/p>\n","protected":false},"excerpt":{"rendered":"<p>\u00b7 MONOGR\u00c1FICO \u00b7 \u00b7 BIBLIOTECA DE LA REAL MAESTRANZA DE CABALLER\u00cdA DE RONDA \u00b7 \u00b7 JULIO 2019 \u00b7 \u00b7 FONDO CABALLEROS Y CABALLER\u00cdA \u00b7 El pasado mes de abril, la Real Maestranza de Caballer\u00eda de Ronda inaugur\u00f3 un nuevo contenido en su Museo dedicado a explicar la historia de la propia Instituci\u00f3n, hermandad de caballeros [&hellip;]<\/p>\n","protected":false},"author":2,"featured_media":2041,"comment_status":"open","ping_status":"open","sticky":false,"template":"","format":"standard","meta":{"footnotes":""},"categories":[140,791],"tags":[237,105,252,176,196,137],"class_list":["post-6214","post","type-post","status-publish","format-standard","has-post-thumbnail","hentry","category-biblioteca","category-boletin-bibliografico-biblioteca-rmr","tag-bibliografias","tag-biblioteca-general","tag-biblioteca-rmr","tag-boletin-mensual-bibliografico","tag-caballeros-y-caballeria","tag-libros"],"yoast_head":"<!-- This site is optimized with the Yoast SEO plugin v27.5 - https:\/\/yoast.com\/product\/yoast-seo-wordpress\/ -->\n<title>Biblioteca-RMR: N\u00ba 67. Armaduras y armas de la caballer\u00eda. Julio 2019. - Real Maestranza de Caballer\u00eda de Ronda<\/title>\n<meta name=\"robots\" content=\"index, follow, max-snippet:-1, max-image-preview:large, max-video-preview:-1\" \/>\n<link rel=\"canonical\" href=\"https:\/\/www.rmcr.org\/en\/2019\/07\/30\/biblioteca-rmr-no-67-armaduras-y-armas-de-la-caballeria-julio-2019\/\" \/>\n<meta property=\"og:locale\" content=\"en_US\" \/>\n<meta property=\"og:type\" content=\"article\" \/>\n<meta property=\"og:title\" content=\"Biblioteca-RMR: N\u00ba 67. Armaduras y armas de la caballer\u00eda. Julio 2019. - Real Maestranza de Caballer\u00eda de Ronda\" \/>\n<meta property=\"og:description\" content=\"\u00b7 MONOGR\u00c1FICO \u00b7 \u00b7 BIBLIOTECA DE LA REAL MAESTRANZA DE CABALLER\u00cdA DE RONDA \u00b7 \u00b7 JULIO 2019 \u00b7 \u00b7 FONDO CABALLEROS Y CABALLER\u00cdA \u00b7 El pasado mes de abril, la Real Maestranza de Caballer\u00eda de Ronda inaugur\u00f3 un nuevo contenido en su Museo dedicado a explicar la historia de la propia Instituci\u00f3n, hermandad de caballeros [&hellip;]\" \/>\n<meta property=\"og:url\" content=\"https:\/\/www.rmcr.org\/en\/2019\/07\/30\/biblioteca-rmr-no-67-armaduras-y-armas-de-la-caballeria-julio-2019\/\" \/>\n<meta property=\"og:site_name\" content=\"Real Maestranza de Caballer\u00eda de Ronda\" \/>\n<meta property=\"article:publisher\" content=\"https:\/\/www.facebook.com\/plazadetorosronda\" \/>\n<meta property=\"article:published_time\" content=\"2019-07-30T12:00:02+00:00\" \/>\n<meta property=\"article:modified_time\" content=\"2025-04-03T08:59:35+00:00\" \/>\n<meta property=\"og:image\" content=\"https:\/\/www.rmcr.org\/wp-content\/uploads\/2019\/08\/armour.jpg\" \/>\n\t<meta property=\"og:image:width\" content=\"482\" \/>\n\t<meta property=\"og:image:height\" content=\"143\" \/>\n\t<meta property=\"og:image:type\" content=\"image\/jpeg\" \/>\n<meta name=\"author\" content=\"BIBLIOTECA\" \/>\n<meta name=\"twitter:card\" content=\"summary_large_image\" \/>\n<meta name=\"twitter:creator\" content=\"@PlazatorosRMR\" \/>\n<meta name=\"twitter:site\" content=\"@PlazatorosRMR\" \/>\n<meta name=\"twitter:label1\" content=\"Written by\" \/>\n\t<meta name=\"twitter:data1\" content=\"BIBLIOTECA\" \/>\n\t<meta name=\"twitter:label2\" content=\"Est. reading time\" \/>\n\t<meta name=\"twitter:data2\" content=\"3 minutes\" \/>\n<script type=\"application\/ld+json\" class=\"yoast-schema-graph\">{\"@context\":\"https:\\\/\\\/schema.org\",\"@graph\":[{\"@type\":\"Article\",\"@id\":\"https:\\\/\\\/www.rmcr.org\\\/en\\\/2019\\\/07\\\/30\\\/biblioteca-rmr-no-67-armaduras-y-armas-de-la-caballeria-julio-2019\\\/#article\",\"isPartOf\":{\"@id\":\"https:\\\/\\\/www.rmcr.org\\\/en\\\/2019\\\/07\\\/30\\\/biblioteca-rmr-no-67-armaduras-y-armas-de-la-caballeria-julio-2019\\\/\"},\"author\":{\"name\":\"BIBLIOTECA\",\"@id\":\"https:\\\/\\\/www.rmcr.org\\\/en\\\/#\\\/schema\\\/person\\\/80849edee7ef556893505128619ea1d0\"},\"headline\":\"Biblioteca-RMR: N\u00ba 67. Armaduras y armas de la caballer\u00eda. Julio 2019.\",\"datePublished\":\"2019-07-30T12:00:02+00:00\",\"dateModified\":\"2025-04-03T08:59:35+00:00\",\"mainEntityOfPage\":{\"@id\":\"https:\\\/\\\/www.rmcr.org\\\/en\\\/2019\\\/07\\\/30\\\/biblioteca-rmr-no-67-armaduras-y-armas-de-la-caballeria-julio-2019\\\/\"},\"wordCount\":579,\"commentCount\":0,\"publisher\":{\"@id\":\"https:\\\/\\\/www.rmcr.org\\\/en\\\/#organization\"},\"image\":{\"@id\":\"https:\\\/\\\/www.rmcr.org\\\/en\\\/2019\\\/07\\\/30\\\/biblioteca-rmr-no-67-armaduras-y-armas-de-la-caballeria-julio-2019\\\/#primaryimage\"},\"thumbnailUrl\":\"https:\\\/\\\/www.rmcr.org\\\/wp-content\\\/uploads\\\/2019\\\/08\\\/armour.jpg\",\"keywords\":[\"Bibliograf\u00edas\",\"Biblioteca\",\"Biblioteca-RMR\",\"Bolet\u00edn mensual bibliogr\u00e1fico\",\"Caballeros y caballer\u00eda\",\"Libros\"],\"articleSection\":[\"Biblioteca\",\"Bolet\u00edn bibliogr\u00e1fico Biblioteca-RMR\"],\"inLanguage\":\"en-US\",\"potentialAction\":[{\"@type\":\"CommentAction\",\"name\":\"Comment\",\"target\":[\"https:\\\/\\\/www.rmcr.org\\\/en\\\/2019\\\/07\\\/30\\\/biblioteca-rmr-no-67-armaduras-y-armas-de-la-caballeria-julio-2019\\\/#respond\"]}]},{\"@type\":\"WebPage\",\"@id\":\"https:\\\/\\\/www.rmcr.org\\\/en\\\/2019\\\/07\\\/30\\\/biblioteca-rmr-no-67-armaduras-y-armas-de-la-caballeria-julio-2019\\\/\",\"url\":\"https:\\\/\\\/www.rmcr.org\\\/en\\\/2019\\\/07\\\/30\\\/biblioteca-rmr-no-67-armaduras-y-armas-de-la-caballeria-julio-2019\\\/\",\"name\":\"Biblioteca-RMR: N\u00ba 67. Armaduras y armas de la caballer\u00eda. Julio 2019. - Real Maestranza de Caballer\u00eda de Ronda\",\"isPartOf\":{\"@id\":\"https:\\\/\\\/www.rmcr.org\\\/en\\\/#website\"},\"primaryImageOfPage\":{\"@id\":\"https:\\\/\\\/www.rmcr.org\\\/en\\\/2019\\\/07\\\/30\\\/biblioteca-rmr-no-67-armaduras-y-armas-de-la-caballeria-julio-2019\\\/#primaryimage\"},\"image\":{\"@id\":\"https:\\\/\\\/www.rmcr.org\\\/en\\\/2019\\\/07\\\/30\\\/biblioteca-rmr-no-67-armaduras-y-armas-de-la-caballeria-julio-2019\\\/#primaryimage\"},\"thumbnailUrl\":\"https:\\\/\\\/www.rmcr.org\\\/wp-content\\\/uploads\\\/2019\\\/08\\\/armour.jpg\",\"datePublished\":\"2019-07-30T12:00:02+00:00\",\"dateModified\":\"2025-04-03T08:59:35+00:00\",\"breadcrumb\":{\"@id\":\"https:\\\/\\\/www.rmcr.org\\\/en\\\/2019\\\/07\\\/30\\\/biblioteca-rmr-no-67-armaduras-y-armas-de-la-caballeria-julio-2019\\\/#breadcrumb\"},\"inLanguage\":\"en-US\",\"potentialAction\":[{\"@type\":\"ReadAction\",\"target\":[\"https:\\\/\\\/www.rmcr.org\\\/en\\\/2019\\\/07\\\/30\\\/biblioteca-rmr-no-67-armaduras-y-armas-de-la-caballeria-julio-2019\\\/\"]}]},{\"@type\":\"ImageObject\",\"inLanguage\":\"en-US\",\"@id\":\"https:\\\/\\\/www.rmcr.org\\\/en\\\/2019\\\/07\\\/30\\\/biblioteca-rmr-no-67-armaduras-y-armas-de-la-caballeria-julio-2019\\\/#primaryimage\",\"url\":\"https:\\\/\\\/www.rmcr.org\\\/wp-content\\\/uploads\\\/2019\\\/08\\\/armour.jpg\",\"contentUrl\":\"https:\\\/\\\/www.rmcr.org\\\/wp-content\\\/uploads\\\/2019\\\/08\\\/armour.jpg\",\"width\":482,\"height\":143},{\"@type\":\"BreadcrumbList\",\"@id\":\"https:\\\/\\\/www.rmcr.org\\\/en\\\/2019\\\/07\\\/30\\\/biblioteca-rmr-no-67-armaduras-y-armas-de-la-caballeria-julio-2019\\\/#breadcrumb\",\"itemListElement\":[{\"@type\":\"ListItem\",\"position\":1,\"name\":\"REAL MAESTRANZA DE CABALLER\u00cdA DE RONDA\",\"item\":\"https:\\\/\\\/www.rmcr.org\\\/en\\\/\"},{\"@type\":\"ListItem\",\"position\":2,\"name\":\"Biblioteca-RMR: N\u00ba 67. Armaduras y armas de la caballer\u00eda. Julio 2019.\"}]},{\"@type\":\"WebSite\",\"@id\":\"https:\\\/\\\/www.rmcr.org\\\/en\\\/#website\",\"url\":\"https:\\\/\\\/www.rmcr.org\\\/en\\\/\",\"name\":\"Real Maestranza de Caballer\u00eda de Ronda\",\"description\":\"Real Maestranza de Caballer\u00eda de Ronda\",\"publisher\":{\"@id\":\"https:\\\/\\\/www.rmcr.org\\\/en\\\/#organization\"},\"alternateName\":\"RMCR\",\"potentialAction\":[{\"@type\":\"SearchAction\",\"target\":{\"@type\":\"EntryPoint\",\"urlTemplate\":\"https:\\\/\\\/www.rmcr.org\\\/en\\\/?s={search_term_string}\"},\"query-input\":{\"@type\":\"PropertyValueSpecification\",\"valueRequired\":true,\"valueName\":\"search_term_string\"}}],\"inLanguage\":\"en-US\"},{\"@type\":\"Organization\",\"@id\":\"https:\\\/\\\/www.rmcr.org\\\/en\\\/#organization\",\"name\":\"Real Maestranza de Caballer\u00eda de Ronda\",\"alternateName\":\"RMR\",\"url\":\"https:\\\/\\\/www.rmcr.org\\\/en\\\/\",\"logo\":{\"@type\":\"ImageObject\",\"inLanguage\":\"en-US\",\"@id\":\"https:\\\/\\\/www.rmcr.org\\\/en\\\/#\\\/schema\\\/logo\\\/image\\\/\",\"url\":\"https:\\\/\\\/www.rmcr.org\\\/wp-content\\\/uploads\\\/2022\\\/07\\\/logo-rmr-blue.svg\",\"contentUrl\":\"https:\\\/\\\/www.rmcr.org\\\/wp-content\\\/uploads\\\/2022\\\/07\\\/logo-rmr-blue.svg\",\"width\":131,\"height\":129,\"caption\":\"Real Maestranza de Caballer\u00eda de Ronda\"},\"image\":{\"@id\":\"https:\\\/\\\/www.rmcr.org\\\/en\\\/#\\\/schema\\\/logo\\\/image\\\/\"},\"sameAs\":[\"https:\\\/\\\/www.facebook.com\\\/plazadetorosronda\",\"https:\\\/\\\/x.com\\\/PlazatorosRMR\",\"https:\\\/\\\/www.instagram.com\\\/realmaestranzaderonda\\\/\",\"https:\\\/\\\/www.youtube.com\\\/channel\\\/UCrbO5IUN-8v_QML739vM4zg\\\/videos\"]},{\"@type\":\"Person\",\"@id\":\"https:\\\/\\\/www.rmcr.org\\\/en\\\/#\\\/schema\\\/person\\\/80849edee7ef556893505128619ea1d0\",\"name\":\"BIBLIOTECA\",\"image\":{\"@type\":\"ImageObject\",\"inLanguage\":\"en-US\",\"@id\":\"https:\\\/\\\/www.rmcr.org\\\/wp-content\\\/uploads\\\/2022\\\/11\\\/avatar-rmcr-96x96.png\",\"url\":\"https:\\\/\\\/www.rmcr.org\\\/wp-content\\\/uploads\\\/2022\\\/11\\\/avatar-rmcr-96x96.png\",\"contentUrl\":\"https:\\\/\\\/www.rmcr.org\\\/wp-content\\\/uploads\\\/2022\\\/11\\\/avatar-rmcr-96x96.png\",\"caption\":\"BIBLIOTECA\"},\"url\":\"https:\\\/\\\/www.rmcr.org\\\/en\\\/author\\\/juan-antonio-moreno\\\/\"}]}<\/script>\n<!-- \/ Yoast SEO plugin. -->","yoast_head_json":{"title":"Biblioteca-RMR: N\u00ba 67. Armaduras y armas de la caballer\u00eda. Julio 2019. - Real Maestranza de Caballer\u00eda de Ronda","robots":{"index":"index","follow":"follow","max-snippet":"max-snippet:-1","max-image-preview":"max-image-preview:large","max-video-preview":"max-video-preview:-1"},"canonical":"https:\/\/www.rmcr.org\/en\/2019\/07\/30\/biblioteca-rmr-no-67-armaduras-y-armas-de-la-caballeria-julio-2019\/","og_locale":"en_US","og_type":"article","og_title":"Biblioteca-RMR: N\u00ba 67. Armaduras y armas de la caballer\u00eda. Julio 2019. - Real Maestranza de Caballer\u00eda de Ronda","og_description":"\u00b7 MONOGR\u00c1FICO \u00b7 \u00b7 BIBLIOTECA DE LA REAL MAESTRANZA DE CABALLER\u00cdA DE RONDA \u00b7 \u00b7 JULIO 2019 \u00b7 \u00b7 FONDO CABALLEROS Y CABALLER\u00cdA \u00b7 El pasado mes de abril, la Real Maestranza de Caballer\u00eda de Ronda inaugur\u00f3 un nuevo contenido en su Museo dedicado a explicar la historia de la propia Instituci\u00f3n, hermandad de caballeros [&hellip;]","og_url":"https:\/\/www.rmcr.org\/en\/2019\/07\/30\/biblioteca-rmr-no-67-armaduras-y-armas-de-la-caballeria-julio-2019\/","og_site_name":"Real Maestranza de Caballer\u00eda de Ronda","article_publisher":"https:\/\/www.facebook.com\/plazadetorosronda","article_published_time":"2019-07-30T12:00:02+00:00","article_modified_time":"2025-04-03T08:59:35+00:00","og_image":[{"width":482,"height":143,"url":"https:\/\/www.rmcr.org\/wp-content\/uploads\/2019\/08\/armour.jpg","type":"image\/jpeg"}],"author":"BIBLIOTECA","twitter_card":"summary_large_image","twitter_creator":"@PlazatorosRMR","twitter_site":"@PlazatorosRMR","twitter_misc":{"Written by":"BIBLIOTECA","Est. reading time":"3 minutes"},"schema":{"@context":"https:\/\/schema.org","@graph":[{"@type":"Article","@id":"https:\/\/www.rmcr.org\/en\/2019\/07\/30\/biblioteca-rmr-no-67-armaduras-y-armas-de-la-caballeria-julio-2019\/#article","isPartOf":{"@id":"https:\/\/www.rmcr.org\/en\/2019\/07\/30\/biblioteca-rmr-no-67-armaduras-y-armas-de-la-caballeria-julio-2019\/"},"author":{"name":"BIBLIOTECA","@id":"https:\/\/www.rmcr.org\/en\/#\/schema\/person\/80849edee7ef556893505128619ea1d0"},"headline":"Biblioteca-RMR: N\u00ba 67. Armaduras y armas de la caballer\u00eda. Julio 2019.","datePublished":"2019-07-30T12:00:02+00:00","dateModified":"2025-04-03T08:59:35+00:00","mainEntityOfPage":{"@id":"https:\/\/www.rmcr.org\/en\/2019\/07\/30\/biblioteca-rmr-no-67-armaduras-y-armas-de-la-caballeria-julio-2019\/"},"wordCount":579,"commentCount":0,"publisher":{"@id":"https:\/\/www.rmcr.org\/en\/#organization"},"image":{"@id":"https:\/\/www.rmcr.org\/en\/2019\/07\/30\/biblioteca-rmr-no-67-armaduras-y-armas-de-la-caballeria-julio-2019\/#primaryimage"},"thumbnailUrl":"https:\/\/www.rmcr.org\/wp-content\/uploads\/2019\/08\/armour.jpg","keywords":["Bibliograf\u00edas","Biblioteca","Biblioteca-RMR","Bolet\u00edn mensual bibliogr\u00e1fico","Caballeros y caballer\u00eda","Libros"],"articleSection":["Biblioteca","Bolet\u00edn bibliogr\u00e1fico Biblioteca-RMR"],"inLanguage":"en-US","potentialAction":[{"@type":"CommentAction","name":"Comment","target":["https:\/\/www.rmcr.org\/en\/2019\/07\/30\/biblioteca-rmr-no-67-armaduras-y-armas-de-la-caballeria-julio-2019\/#respond"]}]},{"@type":"WebPage","@id":"https:\/\/www.rmcr.org\/en\/2019\/07\/30\/biblioteca-rmr-no-67-armaduras-y-armas-de-la-caballeria-julio-2019\/","url":"https:\/\/www.rmcr.org\/en\/2019\/07\/30\/biblioteca-rmr-no-67-armaduras-y-armas-de-la-caballeria-julio-2019\/","name":"Biblioteca-RMR: N\u00ba 67. Armaduras y armas de la caballer\u00eda. Julio 2019. - Real Maestranza de Caballer\u00eda de Ronda","isPartOf":{"@id":"https:\/\/www.rmcr.org\/en\/#website"},"primaryImageOfPage":{"@id":"https:\/\/www.rmcr.org\/en\/2019\/07\/30\/biblioteca-rmr-no-67-armaduras-y-armas-de-la-caballeria-julio-2019\/#primaryimage"},"image":{"@id":"https:\/\/www.rmcr.org\/en\/2019\/07\/30\/biblioteca-rmr-no-67-armaduras-y-armas-de-la-caballeria-julio-2019\/#primaryimage"},"thumbnailUrl":"https:\/\/www.rmcr.org\/wp-content\/uploads\/2019\/08\/armour.jpg","datePublished":"2019-07-30T12:00:02+00:00","dateModified":"2025-04-03T08:59:35+00:00","breadcrumb":{"@id":"https:\/\/www.rmcr.org\/en\/2019\/07\/30\/biblioteca-rmr-no-67-armaduras-y-armas-de-la-caballeria-julio-2019\/#breadcrumb"},"inLanguage":"en-US","potentialAction":[{"@type":"ReadAction","target":["https:\/\/www.rmcr.org\/en\/2019\/07\/30\/biblioteca-rmr-no-67-armaduras-y-armas-de-la-caballeria-julio-2019\/"]}]},{"@type":"ImageObject","inLanguage":"en-US","@id":"https:\/\/www.rmcr.org\/en\/2019\/07\/30\/biblioteca-rmr-no-67-armaduras-y-armas-de-la-caballeria-julio-2019\/#primaryimage","url":"https:\/\/www.rmcr.org\/wp-content\/uploads\/2019\/08\/armour.jpg","contentUrl":"https:\/\/www.rmcr.org\/wp-content\/uploads\/2019\/08\/armour.jpg","width":482,"height":143},{"@type":"BreadcrumbList","@id":"https:\/\/www.rmcr.org\/en\/2019\/07\/30\/biblioteca-rmr-no-67-armaduras-y-armas-de-la-caballeria-julio-2019\/#breadcrumb","itemListElement":[{"@type":"ListItem","position":1,"name":"REAL MAESTRANZA DE CABALLER\u00cdA DE RONDA","item":"https:\/\/www.rmcr.org\/en\/"},{"@type":"ListItem","position":2,"name":"Biblioteca-RMR: N\u00ba 67. Armaduras y armas de la caballer\u00eda. Julio 2019."}]},{"@type":"WebSite","@id":"https:\/\/www.rmcr.org\/en\/#website","url":"https:\/\/www.rmcr.org\/en\/","name":"Real Maestranza de Caballer\u00eda de Ronda","description":"Real Maestranza de Caballer\u00eda de Ronda","publisher":{"@id":"https:\/\/www.rmcr.org\/en\/#organization"},"alternateName":"RMCR","potentialAction":[{"@type":"SearchAction","target":{"@type":"EntryPoint","urlTemplate":"https:\/\/www.rmcr.org\/en\/?s={search_term_string}"},"query-input":{"@type":"PropertyValueSpecification","valueRequired":true,"valueName":"search_term_string"}}],"inLanguage":"en-US"},{"@type":"Organization","@id":"https:\/\/www.rmcr.org\/en\/#organization","name":"Real Maestranza de Caballer\u00eda de Ronda","alternateName":"RMR","url":"https:\/\/www.rmcr.org\/en\/","logo":{"@type":"ImageObject","inLanguage":"en-US","@id":"https:\/\/www.rmcr.org\/en\/#\/schema\/logo\/image\/","url":"https:\/\/www.rmcr.org\/wp-content\/uploads\/2022\/07\/logo-rmr-blue.svg","contentUrl":"https:\/\/www.rmcr.org\/wp-content\/uploads\/2022\/07\/logo-rmr-blue.svg","width":131,"height":129,"caption":"Real Maestranza de Caballer\u00eda de Ronda"},"image":{"@id":"https:\/\/www.rmcr.org\/en\/#\/schema\/logo\/image\/"},"sameAs":["https:\/\/www.facebook.com\/plazadetorosronda","https:\/\/x.com\/PlazatorosRMR","https:\/\/www.instagram.com\/realmaestranzaderonda\/","https:\/\/www.youtube.com\/channel\/UCrbO5IUN-8v_QML739vM4zg\/videos"]},{"@type":"Person","@id":"https:\/\/www.rmcr.org\/en\/#\/schema\/person\/80849edee7ef556893505128619ea1d0","name":"BIBLIOTECA","image":{"@type":"ImageObject","inLanguage":"en-US","@id":"https:\/\/www.rmcr.org\/wp-content\/uploads\/2022\/11\/avatar-rmcr-96x96.png","url":"https:\/\/www.rmcr.org\/wp-content\/uploads\/2022\/11\/avatar-rmcr-96x96.png","contentUrl":"https:\/\/www.rmcr.org\/wp-content\/uploads\/2022\/11\/avatar-rmcr-96x96.png","caption":"BIBLIOTECA"},"url":"https:\/\/www.rmcr.org\/en\/author\/juan-antonio-moreno\/"}]}},"_links":{"self":[{"href":"https:\/\/www.rmcr.org\/en\/wp-json\/wp\/v2\/posts\/6214","targetHints":{"allow":["GET"]}}],"collection":[{"href":"https:\/\/www.rmcr.org\/en\/wp-json\/wp\/v2\/posts"}],"about":[{"href":"https:\/\/www.rmcr.org\/en\/wp-json\/wp\/v2\/types\/post"}],"author":[{"embeddable":true,"href":"https:\/\/www.rmcr.org\/en\/wp-json\/wp\/v2\/users\/2"}],"replies":[{"embeddable":true,"href":"https:\/\/www.rmcr.org\/en\/wp-json\/wp\/v2\/comments?post=6214"}],"version-history":[{"count":1,"href":"https:\/\/www.rmcr.org\/en\/wp-json\/wp\/v2\/posts\/6214\/revisions"}],"predecessor-version":[{"id":21242,"href":"https:\/\/www.rmcr.org\/en\/wp-json\/wp\/v2\/posts\/6214\/revisions\/21242"}],"wp:featuredmedia":[{"embeddable":true,"href":"https:\/\/www.rmcr.org\/en\/wp-json\/wp\/v2\/media\/2041"}],"wp:attachment":[{"href":"https:\/\/www.rmcr.org\/en\/wp-json\/wp\/v2\/media?parent=6214"}],"wp:term":[{"taxonomy":"category","embeddable":true,"href":"https:\/\/www.rmcr.org\/en\/wp-json\/wp\/v2\/categories?post=6214"},{"taxonomy":"post_tag","embeddable":true,"href":"https:\/\/www.rmcr.org\/en\/wp-json\/wp\/v2\/tags?post=6214"}],"curies":[{"name":"wp","href":"https:\/\/api.w.org\/{rel}","templated":true}]}}