{"id":6209,"date":"2019-04-30T12:47:41","date_gmt":"2019-04-30T12:47:41","guid":{"rendered":"https:\/\/www.rmcr.org\/?p=6209"},"modified":"2025-04-10T16:39:25","modified_gmt":"2025-04-10T16:39:25","slug":"biblioteca-rmr-no-64-catalogo-de-la-exposicion-ronda-en-las-revistas-ilustradas-1865-1944-abril-2019","status":"publish","type":"post","link":"https:\/\/www.rmcr.org\/en\/2019\/04\/30\/biblioteca-rmr-no-64-catalogo-de-la-exposicion-ronda-en-las-revistas-ilustradas-1865-1944-abril-2019\/","title":{"rendered":"Biblioteca-RMR: N\u00ba 64. Cat\u00e1logo de la exposici\u00f3n &#8220;Ronda en las revistas ilustradas (1865-1944)&#8221;. Abril 2019."},"content":{"rendered":"<p style=\"text-align: center;\"><strong>\u00b7 MONOGR\u00c1FICO \u00b7<\/strong><br \/>\n<strong>\u00b7 BIBLIOTECA DE LA REAL MAESTRANZA DE CABALLER\u00cdA DE RONDA \u00b7<\/strong><br \/>\n<strong>\u00b7 ABRIL 2019 \u00b7<\/strong><\/p>\n<p style=\"text-align: center;\"><strong>\u00b7 FONDO RONDA \u00b7<\/strong><\/p>\n<p>La Biblioteca de la Real Maestranza de Caballer\u00eda de Ronda organiz\u00f3 el 23 de abril una exposici\u00f3n titulada <a href=\"https:\/\/www.rmcr.org\/2019\/04\/05\/la-biblioteca-de-la-maestranza-celebrara-el-dia-del-libro-con-una-exposicion-dedicada-a-la-imagen-de-ronda-en-la-prensa-historica\/\">\u00abRonda en las revistas ilustradas (1865-1944)\u00bb<\/a> para conmemorar el <em>D\u00eda Internacional del Libro<\/em>. La entrada mensual de \u00abBiblioteca-RMR\u00bb correspondiente al mes de abril est\u00e1 dedicada al cat\u00e1logo de ejemplares que formaron parte de dicha exhibici\u00f3n.<\/p>\n<p style=\"text-align: center;\"><a href=\"https:\/\/www.rmcr.org\/wp-content\/uploads\/2019\/05\/catalogo-expo-ronda-en-las-revistas-ilustradas-1865-1944-1.pdf\">DESCARGAR EL CAT\u00c1LOGO DE LA EXPOSICI\u00d3N EN FORMATO PDF (6,7 MB)<\/a><\/p>\n<p><a href=\"https:\/\/www.rmcr.org\/wp-content\/uploads\/2019\/05\/catalogo-expo-ronda-en-las-revistas-ilustradas-1865-1944-1.pdf\"><img fetchpriority=\"high\" decoding=\"async\" class=\"aligncenter wp-image-1969 size-full\" src=\"https:\/\/www.rmcr.org\/wp-content\/uploads\/2019\/05\/port-cata-expo-2019.jpg\" alt=\"\" width=\"502\" height=\"709\" \/><\/a><\/p>\n","protected":false},"excerpt":{"rendered":"<p>\u00b7 MONOGR\u00c1FICO \u00b7 \u00b7 BIBLIOTECA DE LA REAL MAESTRANZA DE CABALLER\u00cdA DE RONDA \u00b7 \u00b7 ABRIL 2019 \u00b7 \u00b7 FONDO RONDA \u00b7 La Biblioteca de la Real Maestranza de Caballer\u00eda de Ronda organiz\u00f3 el 23 de abril una exposici\u00f3n titulada \u00abRonda en las revistas ilustradas (1865-1944)\u00bb para conmemorar el D\u00eda Internacional del Libro. La entrada [&hellip;]<\/p>\n","protected":false},"author":2,"featured_media":11689,"comment_status":"open","ping_status":"open","sticky":false,"template":"","format":"standard","meta":{"footnotes":""},"categories":[140,791,790,142],"tags":[237,105,252,176,141,143,144,190,191,114],"class_list":["post-6209","post","type-post","status-publish","format-standard","has-post-thumbnail","hentry","category-biblioteca","category-boletin-bibliografico-biblioteca-rmr","category-dia-internacional-del-libro","category-exposiciones","tag-bibliografias","tag-biblioteca-general","tag-biblioteca-rmr","tag-boletin-mensual-bibliografico","tag-dia-internacional-del-libro","tag-fotografias","tag-grabados","tag-hemeroteca","tag-publicaciones-periodicas","tag-ronda"],"yoast_head":"<!-- This site is optimized with the Yoast SEO plugin v27.5 - https:\/\/yoast.com\/product\/yoast-seo-wordpress\/ -->\n<title>Biblioteca-RMR: N\u00ba 64. Cat\u00e1logo de la exposici\u00f3n &quot;Ronda en las revistas ilustradas (1865-1944)&quot;. Abril 2019. - Real Maestranza de Caballer\u00eda de Ronda<\/title>\n<meta name=\"robots\" content=\"index, follow, max-snippet:-1, max-image-preview:large, max-video-preview:-1\" \/>\n<link rel=\"canonical\" href=\"https:\/\/www.rmcr.org\/en\/2019\/04\/30\/biblioteca-rmr-no-64-catalogo-de-la-exposicion-ronda-en-las-revistas-ilustradas-1865-1944-abril-2019\/\" \/>\n<meta property=\"og:locale\" content=\"en_US\" \/>\n<meta property=\"og:type\" content=\"article\" \/>\n<meta property=\"og:title\" content=\"Biblioteca-RMR: N\u00ba 64. Cat\u00e1logo de la exposici\u00f3n &quot;Ronda en las revistas ilustradas (1865-1944)&quot;. Abril 2019. - Real Maestranza de Caballer\u00eda de Ronda\" \/>\n<meta property=\"og:description\" content=\"\u00b7 MONOGR\u00c1FICO \u00b7 \u00b7 BIBLIOTECA DE LA REAL MAESTRANZA DE CABALLER\u00cdA DE RONDA \u00b7 \u00b7 ABRIL 2019 \u00b7 \u00b7 FONDO RONDA \u00b7 La Biblioteca de la Real Maestranza de Caballer\u00eda de Ronda organiz\u00f3 el 23 de abril una exposici\u00f3n titulada \u00abRonda en las revistas ilustradas (1865-1944)\u00bb para conmemorar el D\u00eda Internacional del Libro. La entrada [&hellip;]\" \/>\n<meta property=\"og:url\" content=\"https:\/\/www.rmcr.org\/en\/2019\/04\/30\/biblioteca-rmr-no-64-catalogo-de-la-exposicion-ronda-en-las-revistas-ilustradas-1865-1944-abril-2019\/\" \/>\n<meta property=\"og:site_name\" content=\"Real Maestranza de Caballer\u00eda de Ronda\" \/>\n<meta property=\"article:publisher\" content=\"https:\/\/www.facebook.com\/plazadetorosronda\" \/>\n<meta property=\"article:published_time\" content=\"2019-04-30T12:47:41+00:00\" \/>\n<meta property=\"article:modified_time\" content=\"2025-04-10T16:39:25+00:00\" \/>\n<meta property=\"og:image\" content=\"https:\/\/www.rmcr.org\/wp-content\/uploads\/2022\/10\/port-cat-expo.jpg\" \/>\n\t<meta property=\"og:image:width\" content=\"482\" \/>\n\t<meta property=\"og:image:height\" content=\"156\" \/>\n\t<meta property=\"og:image:type\" content=\"image\/jpeg\" \/>\n<meta name=\"author\" content=\"BIBLIOTECA\" \/>\n<meta name=\"twitter:card\" content=\"summary_large_image\" \/>\n<meta name=\"twitter:creator\" content=\"@PlazatorosRMR\" \/>\n<meta name=\"twitter:site\" content=\"@PlazatorosRMR\" \/>\n<meta name=\"twitter:label1\" content=\"Written by\" \/>\n\t<meta name=\"twitter:data1\" content=\"BIBLIOTECA\" \/>\n\t<meta name=\"twitter:label2\" content=\"Est. reading time\" \/>\n\t<meta name=\"twitter:data2\" content=\"1 minute\" \/>\n<script type=\"application\/ld+json\" class=\"yoast-schema-graph\">{\"@context\":\"https:\\\/\\\/schema.org\",\"@graph\":[{\"@type\":\"Article\",\"@id\":\"https:\\\/\\\/www.rmcr.org\\\/en\\\/2019\\\/04\\\/30\\\/biblioteca-rmr-no-64-catalogo-de-la-exposicion-ronda-en-las-revistas-ilustradas-1865-1944-abril-2019\\\/#article\",\"isPartOf\":{\"@id\":\"https:\\\/\\\/www.rmcr.org\\\/en\\\/2019\\\/04\\\/30\\\/biblioteca-rmr-no-64-catalogo-de-la-exposicion-ronda-en-las-revistas-ilustradas-1865-1944-abril-2019\\\/\"},\"author\":{\"name\":\"BIBLIOTECA\",\"@id\":\"https:\\\/\\\/www.rmcr.org\\\/en\\\/#\\\/schema\\\/person\\\/80849edee7ef556893505128619ea1d0\"},\"headline\":\"Biblioteca-RMR: N\u00ba 64. Cat\u00e1logo de la exposici\u00f3n &#8220;Ronda en las revistas ilustradas (1865-1944)&#8221;. Abril 2019.\",\"datePublished\":\"2019-04-30T12:47:41+00:00\",\"dateModified\":\"2025-04-10T16:39:25+00:00\",\"mainEntityOfPage\":{\"@id\":\"https:\\\/\\\/www.rmcr.org\\\/en\\\/2019\\\/04\\\/30\\\/biblioteca-rmr-no-64-catalogo-de-la-exposicion-ronda-en-las-revistas-ilustradas-1865-1944-abril-2019\\\/\"},\"wordCount\":99,\"commentCount\":0,\"publisher\":{\"@id\":\"https:\\\/\\\/www.rmcr.org\\\/en\\\/#organization\"},\"image\":{\"@id\":\"https:\\\/\\\/www.rmcr.org\\\/en\\\/2019\\\/04\\\/30\\\/biblioteca-rmr-no-64-catalogo-de-la-exposicion-ronda-en-las-revistas-ilustradas-1865-1944-abril-2019\\\/#primaryimage\"},\"thumbnailUrl\":\"https:\\\/\\\/www.rmcr.org\\\/wp-content\\\/uploads\\\/2022\\\/10\\\/port-cat-expo.jpg\",\"keywords\":[\"Bibliograf\u00edas\",\"Biblioteca\",\"Biblioteca-RMR\",\"Bolet\u00edn mensual bibliogr\u00e1fico\",\"D\u00eda Internacional del Libro\",\"Fotograf\u00edas\",\"Grabados\",\"Hemeroteca\",\"Publicaciones peri\u00f3dicas\",\"Ronda\"],\"articleSection\":[\"Biblioteca\",\"Bolet\u00edn bibliogr\u00e1fico Biblioteca-RMR\",\"D\u00eda Internacional del Libro\",\"Exposiciones\"],\"inLanguage\":\"en-US\",\"potentialAction\":[{\"@type\":\"CommentAction\",\"name\":\"Comment\",\"target\":[\"https:\\\/\\\/www.rmcr.org\\\/en\\\/2019\\\/04\\\/30\\\/biblioteca-rmr-no-64-catalogo-de-la-exposicion-ronda-en-las-revistas-ilustradas-1865-1944-abril-2019\\\/#respond\"]}]},{\"@type\":\"WebPage\",\"@id\":\"https:\\\/\\\/www.rmcr.org\\\/en\\\/2019\\\/04\\\/30\\\/biblioteca-rmr-no-64-catalogo-de-la-exposicion-ronda-en-las-revistas-ilustradas-1865-1944-abril-2019\\\/\",\"url\":\"https:\\\/\\\/www.rmcr.org\\\/en\\\/2019\\\/04\\\/30\\\/biblioteca-rmr-no-64-catalogo-de-la-exposicion-ronda-en-las-revistas-ilustradas-1865-1944-abril-2019\\\/\",\"name\":\"Biblioteca-RMR: N\u00ba 64. Cat\u00e1logo de la exposici\u00f3n \\\"Ronda en las revistas ilustradas (1865-1944)\\\". Abril 2019. - Real Maestranza de Caballer\u00eda de Ronda\",\"isPartOf\":{\"@id\":\"https:\\\/\\\/www.rmcr.org\\\/en\\\/#website\"},\"primaryImageOfPage\":{\"@id\":\"https:\\\/\\\/www.rmcr.org\\\/en\\\/2019\\\/04\\\/30\\\/biblioteca-rmr-no-64-catalogo-de-la-exposicion-ronda-en-las-revistas-ilustradas-1865-1944-abril-2019\\\/#primaryimage\"},\"image\":{\"@id\":\"https:\\\/\\\/www.rmcr.org\\\/en\\\/2019\\\/04\\\/30\\\/biblioteca-rmr-no-64-catalogo-de-la-exposicion-ronda-en-las-revistas-ilustradas-1865-1944-abril-2019\\\/#primaryimage\"},\"thumbnailUrl\":\"https:\\\/\\\/www.rmcr.org\\\/wp-content\\\/uploads\\\/2022\\\/10\\\/port-cat-expo.jpg\",\"datePublished\":\"2019-04-30T12:47:41+00:00\",\"dateModified\":\"2025-04-10T16:39:25+00:00\",\"breadcrumb\":{\"@id\":\"https:\\\/\\\/www.rmcr.org\\\/en\\\/2019\\\/04\\\/30\\\/biblioteca-rmr-no-64-catalogo-de-la-exposicion-ronda-en-las-revistas-ilustradas-1865-1944-abril-2019\\\/#breadcrumb\"},\"inLanguage\":\"en-US\",\"potentialAction\":[{\"@type\":\"ReadAction\",\"target\":[\"https:\\\/\\\/www.rmcr.org\\\/en\\\/2019\\\/04\\\/30\\\/biblioteca-rmr-no-64-catalogo-de-la-exposicion-ronda-en-las-revistas-ilustradas-1865-1944-abril-2019\\\/\"]}]},{\"@type\":\"ImageObject\",\"inLanguage\":\"en-US\",\"@id\":\"https:\\\/\\\/www.rmcr.org\\\/en\\\/2019\\\/04\\\/30\\\/biblioteca-rmr-no-64-catalogo-de-la-exposicion-ronda-en-las-revistas-ilustradas-1865-1944-abril-2019\\\/#primaryimage\",\"url\":\"https:\\\/\\\/www.rmcr.org\\\/wp-content\\\/uploads\\\/2022\\\/10\\\/port-cat-expo.jpg\",\"contentUrl\":\"https:\\\/\\\/www.rmcr.org\\\/wp-content\\\/uploads\\\/2022\\\/10\\\/port-cat-expo.jpg\",\"width\":482,\"height\":156},{\"@type\":\"BreadcrumbList\",\"@id\":\"https:\\\/\\\/www.rmcr.org\\\/en\\\/2019\\\/04\\\/30\\\/biblioteca-rmr-no-64-catalogo-de-la-exposicion-ronda-en-las-revistas-ilustradas-1865-1944-abril-2019\\\/#breadcrumb\",\"itemListElement\":[{\"@type\":\"ListItem\",\"position\":1,\"name\":\"REAL MAESTRANZA DE CABALLER\u00cdA DE RONDA\",\"item\":\"https:\\\/\\\/www.rmcr.org\\\/en\\\/\"},{\"@type\":\"ListItem\",\"position\":2,\"name\":\"Biblioteca-RMR: N\u00ba 64. Cat\u00e1logo de la exposici\u00f3n \u00abRonda en las revistas ilustradas (1865-1944)\u00bb. Abril 2019.\"}]},{\"@type\":\"WebSite\",\"@id\":\"https:\\\/\\\/www.rmcr.org\\\/en\\\/#website\",\"url\":\"https:\\\/\\\/www.rmcr.org\\\/en\\\/\",\"name\":\"Real Maestranza de Caballer\u00eda de Ronda\",\"description\":\"Real Maestranza de Caballer\u00eda de Ronda\",\"publisher\":{\"@id\":\"https:\\\/\\\/www.rmcr.org\\\/en\\\/#organization\"},\"alternateName\":\"RMCR\",\"potentialAction\":[{\"@type\":\"SearchAction\",\"target\":{\"@type\":\"EntryPoint\",\"urlTemplate\":\"https:\\\/\\\/www.rmcr.org\\\/en\\\/?s={search_term_string}\"},\"query-input\":{\"@type\":\"PropertyValueSpecification\",\"valueRequired\":true,\"valueName\":\"search_term_string\"}}],\"inLanguage\":\"en-US\"},{\"@type\":\"Organization\",\"@id\":\"https:\\\/\\\/www.rmcr.org\\\/en\\\/#organization\",\"name\":\"Real Maestranza de Caballer\u00eda de Ronda\",\"alternateName\":\"RMR\",\"url\":\"https:\\\/\\\/www.rmcr.org\\\/en\\\/\",\"logo\":{\"@type\":\"ImageObject\",\"inLanguage\":\"en-US\",\"@id\":\"https:\\\/\\\/www.rmcr.org\\\/en\\\/#\\\/schema\\\/logo\\\/image\\\/\",\"url\":\"https:\\\/\\\/www.rmcr.org\\\/wp-content\\\/uploads\\\/2022\\\/07\\\/logo-rmr-blue.svg\",\"contentUrl\":\"https:\\\/\\\/www.rmcr.org\\\/wp-content\\\/uploads\\\/2022\\\/07\\\/logo-rmr-blue.svg\",\"width\":131,\"height\":129,\"caption\":\"Real Maestranza de Caballer\u00eda de Ronda\"},\"image\":{\"@id\":\"https:\\\/\\\/www.rmcr.org\\\/en\\\/#\\\/schema\\\/logo\\\/image\\\/\"},\"sameAs\":[\"https:\\\/\\\/www.facebook.com\\\/plazadetorosronda\",\"https:\\\/\\\/x.com\\\/PlazatorosRMR\",\"https:\\\/\\\/www.instagram.com\\\/realmaestranzaderonda\\\/\",\"https:\\\/\\\/www.youtube.com\\\/channel\\\/UCrbO5IUN-8v_QML739vM4zg\\\/videos\"]},{\"@type\":\"Person\",\"@id\":\"https:\\\/\\\/www.rmcr.org\\\/en\\\/#\\\/schema\\\/person\\\/80849edee7ef556893505128619ea1d0\",\"name\":\"BIBLIOTECA\",\"image\":{\"@type\":\"ImageObject\",\"inLanguage\":\"en-US\",\"@id\":\"https:\\\/\\\/www.rmcr.org\\\/wp-content\\\/uploads\\\/2022\\\/11\\\/avatar-rmcr-96x96.png\",\"url\":\"https:\\\/\\\/www.rmcr.org\\\/wp-content\\\/uploads\\\/2022\\\/11\\\/avatar-rmcr-96x96.png\",\"contentUrl\":\"https:\\\/\\\/www.rmcr.org\\\/wp-content\\\/uploads\\\/2022\\\/11\\\/avatar-rmcr-96x96.png\",\"caption\":\"BIBLIOTECA\"},\"url\":\"https:\\\/\\\/www.rmcr.org\\\/en\\\/author\\\/juan-antonio-moreno\\\/\"}]}<\/script>\n<!-- \/ Yoast SEO plugin. -->","yoast_head_json":{"title":"Biblioteca-RMR: N\u00ba 64. Cat\u00e1logo de la exposici\u00f3n \"Ronda en las revistas ilustradas (1865-1944)\". Abril 2019. - Real Maestranza de Caballer\u00eda de Ronda","robots":{"index":"index","follow":"follow","max-snippet":"max-snippet:-1","max-image-preview":"max-image-preview:large","max-video-preview":"max-video-preview:-1"},"canonical":"https:\/\/www.rmcr.org\/en\/2019\/04\/30\/biblioteca-rmr-no-64-catalogo-de-la-exposicion-ronda-en-las-revistas-ilustradas-1865-1944-abril-2019\/","og_locale":"en_US","og_type":"article","og_title":"Biblioteca-RMR: N\u00ba 64. Cat\u00e1logo de la exposici\u00f3n \"Ronda en las revistas ilustradas (1865-1944)\". Abril 2019. - Real Maestranza de Caballer\u00eda de Ronda","og_description":"\u00b7 MONOGR\u00c1FICO \u00b7 \u00b7 BIBLIOTECA DE LA REAL MAESTRANZA DE CABALLER\u00cdA DE RONDA \u00b7 \u00b7 ABRIL 2019 \u00b7 \u00b7 FONDO RONDA \u00b7 La Biblioteca de la Real Maestranza de Caballer\u00eda de Ronda organiz\u00f3 el 23 de abril una exposici\u00f3n titulada \u00abRonda en las revistas ilustradas (1865-1944)\u00bb para conmemorar el D\u00eda Internacional del Libro. La entrada [&hellip;]","og_url":"https:\/\/www.rmcr.org\/en\/2019\/04\/30\/biblioteca-rmr-no-64-catalogo-de-la-exposicion-ronda-en-las-revistas-ilustradas-1865-1944-abril-2019\/","og_site_name":"Real Maestranza de Caballer\u00eda de Ronda","article_publisher":"https:\/\/www.facebook.com\/plazadetorosronda","article_published_time":"2019-04-30T12:47:41+00:00","article_modified_time":"2025-04-10T16:39:25+00:00","og_image":[{"width":482,"height":156,"url":"https:\/\/www.rmcr.org\/wp-content\/uploads\/2022\/10\/port-cat-expo.jpg","type":"image\/jpeg"}],"author":"BIBLIOTECA","twitter_card":"summary_large_image","twitter_creator":"@PlazatorosRMR","twitter_site":"@PlazatorosRMR","twitter_misc":{"Written by":"BIBLIOTECA","Est. reading time":"1 minute"},"schema":{"@context":"https:\/\/schema.org","@graph":[{"@type":"Article","@id":"https:\/\/www.rmcr.org\/en\/2019\/04\/30\/biblioteca-rmr-no-64-catalogo-de-la-exposicion-ronda-en-las-revistas-ilustradas-1865-1944-abril-2019\/#article","isPartOf":{"@id":"https:\/\/www.rmcr.org\/en\/2019\/04\/30\/biblioteca-rmr-no-64-catalogo-de-la-exposicion-ronda-en-las-revistas-ilustradas-1865-1944-abril-2019\/"},"author":{"name":"BIBLIOTECA","@id":"https:\/\/www.rmcr.org\/en\/#\/schema\/person\/80849edee7ef556893505128619ea1d0"},"headline":"Biblioteca-RMR: N\u00ba 64. Cat\u00e1logo de la exposici\u00f3n &#8220;Ronda en las revistas ilustradas (1865-1944)&#8221;. Abril 2019.","datePublished":"2019-04-30T12:47:41+00:00","dateModified":"2025-04-10T16:39:25+00:00","mainEntityOfPage":{"@id":"https:\/\/www.rmcr.org\/en\/2019\/04\/30\/biblioteca-rmr-no-64-catalogo-de-la-exposicion-ronda-en-las-revistas-ilustradas-1865-1944-abril-2019\/"},"wordCount":99,"commentCount":0,"publisher":{"@id":"https:\/\/www.rmcr.org\/en\/#organization"},"image":{"@id":"https:\/\/www.rmcr.org\/en\/2019\/04\/30\/biblioteca-rmr-no-64-catalogo-de-la-exposicion-ronda-en-las-revistas-ilustradas-1865-1944-abril-2019\/#primaryimage"},"thumbnailUrl":"https:\/\/www.rmcr.org\/wp-content\/uploads\/2022\/10\/port-cat-expo.jpg","keywords":["Bibliograf\u00edas","Biblioteca","Biblioteca-RMR","Bolet\u00edn mensual bibliogr\u00e1fico","D\u00eda Internacional del Libro","Fotograf\u00edas","Grabados","Hemeroteca","Publicaciones peri\u00f3dicas","Ronda"],"articleSection":["Biblioteca","Bolet\u00edn bibliogr\u00e1fico Biblioteca-RMR","D\u00eda Internacional del Libro","Exposiciones"],"inLanguage":"en-US","potentialAction":[{"@type":"CommentAction","name":"Comment","target":["https:\/\/www.rmcr.org\/en\/2019\/04\/30\/biblioteca-rmr-no-64-catalogo-de-la-exposicion-ronda-en-las-revistas-ilustradas-1865-1944-abril-2019\/#respond"]}]},{"@type":"WebPage","@id":"https:\/\/www.rmcr.org\/en\/2019\/04\/30\/biblioteca-rmr-no-64-catalogo-de-la-exposicion-ronda-en-las-revistas-ilustradas-1865-1944-abril-2019\/","url":"https:\/\/www.rmcr.org\/en\/2019\/04\/30\/biblioteca-rmr-no-64-catalogo-de-la-exposicion-ronda-en-las-revistas-ilustradas-1865-1944-abril-2019\/","name":"Biblioteca-RMR: N\u00ba 64. Cat\u00e1logo de la exposici\u00f3n \"Ronda en las revistas ilustradas (1865-1944)\". Abril 2019. - Real Maestranza de Caballer\u00eda de Ronda","isPartOf":{"@id":"https:\/\/www.rmcr.org\/en\/#website"},"primaryImageOfPage":{"@id":"https:\/\/www.rmcr.org\/en\/2019\/04\/30\/biblioteca-rmr-no-64-catalogo-de-la-exposicion-ronda-en-las-revistas-ilustradas-1865-1944-abril-2019\/#primaryimage"},"image":{"@id":"https:\/\/www.rmcr.org\/en\/2019\/04\/30\/biblioteca-rmr-no-64-catalogo-de-la-exposicion-ronda-en-las-revistas-ilustradas-1865-1944-abril-2019\/#primaryimage"},"thumbnailUrl":"https:\/\/www.rmcr.org\/wp-content\/uploads\/2022\/10\/port-cat-expo.jpg","datePublished":"2019-04-30T12:47:41+00:00","dateModified":"2025-04-10T16:39:25+00:00","breadcrumb":{"@id":"https:\/\/www.rmcr.org\/en\/2019\/04\/30\/biblioteca-rmr-no-64-catalogo-de-la-exposicion-ronda-en-las-revistas-ilustradas-1865-1944-abril-2019\/#breadcrumb"},"inLanguage":"en-US","potentialAction":[{"@type":"ReadAction","target":["https:\/\/www.rmcr.org\/en\/2019\/04\/30\/biblioteca-rmr-no-64-catalogo-de-la-exposicion-ronda-en-las-revistas-ilustradas-1865-1944-abril-2019\/"]}]},{"@type":"ImageObject","inLanguage":"en-US","@id":"https:\/\/www.rmcr.org\/en\/2019\/04\/30\/biblioteca-rmr-no-64-catalogo-de-la-exposicion-ronda-en-las-revistas-ilustradas-1865-1944-abril-2019\/#primaryimage","url":"https:\/\/www.rmcr.org\/wp-content\/uploads\/2022\/10\/port-cat-expo.jpg","contentUrl":"https:\/\/www.rmcr.org\/wp-content\/uploads\/2022\/10\/port-cat-expo.jpg","width":482,"height":156},{"@type":"BreadcrumbList","@id":"https:\/\/www.rmcr.org\/en\/2019\/04\/30\/biblioteca-rmr-no-64-catalogo-de-la-exposicion-ronda-en-las-revistas-ilustradas-1865-1944-abril-2019\/#breadcrumb","itemListElement":[{"@type":"ListItem","position":1,"name":"REAL MAESTRANZA DE CABALLER\u00cdA DE RONDA","item":"https:\/\/www.rmcr.org\/en\/"},{"@type":"ListItem","position":2,"name":"Biblioteca-RMR: N\u00ba 64. Cat\u00e1logo de la exposici\u00f3n \u00abRonda en las revistas ilustradas (1865-1944)\u00bb. Abril 2019."}]},{"@type":"WebSite","@id":"https:\/\/www.rmcr.org\/en\/#website","url":"https:\/\/www.rmcr.org\/en\/","name":"Real Maestranza de Caballer\u00eda de Ronda","description":"Real Maestranza de Caballer\u00eda de Ronda","publisher":{"@id":"https:\/\/www.rmcr.org\/en\/#organization"},"alternateName":"RMCR","potentialAction":[{"@type":"SearchAction","target":{"@type":"EntryPoint","urlTemplate":"https:\/\/www.rmcr.org\/en\/?s={search_term_string}"},"query-input":{"@type":"PropertyValueSpecification","valueRequired":true,"valueName":"search_term_string"}}],"inLanguage":"en-US"},{"@type":"Organization","@id":"https:\/\/www.rmcr.org\/en\/#organization","name":"Real Maestranza de Caballer\u00eda de Ronda","alternateName":"RMR","url":"https:\/\/www.rmcr.org\/en\/","logo":{"@type":"ImageObject","inLanguage":"en-US","@id":"https:\/\/www.rmcr.org\/en\/#\/schema\/logo\/image\/","url":"https:\/\/www.rmcr.org\/wp-content\/uploads\/2022\/07\/logo-rmr-blue.svg","contentUrl":"https:\/\/www.rmcr.org\/wp-content\/uploads\/2022\/07\/logo-rmr-blue.svg","width":131,"height":129,"caption":"Real Maestranza de Caballer\u00eda de Ronda"},"image":{"@id":"https:\/\/www.rmcr.org\/en\/#\/schema\/logo\/image\/"},"sameAs":["https:\/\/www.facebook.com\/plazadetorosronda","https:\/\/x.com\/PlazatorosRMR","https:\/\/www.instagram.com\/realmaestranzaderonda\/","https:\/\/www.youtube.com\/channel\/UCrbO5IUN-8v_QML739vM4zg\/videos"]},{"@type":"Person","@id":"https:\/\/www.rmcr.org\/en\/#\/schema\/person\/80849edee7ef556893505128619ea1d0","name":"BIBLIOTECA","image":{"@type":"ImageObject","inLanguage":"en-US","@id":"https:\/\/www.rmcr.org\/wp-content\/uploads\/2022\/11\/avatar-rmcr-96x96.png","url":"https:\/\/www.rmcr.org\/wp-content\/uploads\/2022\/11\/avatar-rmcr-96x96.png","contentUrl":"https:\/\/www.rmcr.org\/wp-content\/uploads\/2022\/11\/avatar-rmcr-96x96.png","caption":"BIBLIOTECA"},"url":"https:\/\/www.rmcr.org\/en\/author\/juan-antonio-moreno\/"}]}},"_links":{"self":[{"href":"https:\/\/www.rmcr.org\/en\/wp-json\/wp\/v2\/posts\/6209","targetHints":{"allow":["GET"]}}],"collection":[{"href":"https:\/\/www.rmcr.org\/en\/wp-json\/wp\/v2\/posts"}],"about":[{"href":"https:\/\/www.rmcr.org\/en\/wp-json\/wp\/v2\/types\/post"}],"author":[{"embeddable":true,"href":"https:\/\/www.rmcr.org\/en\/wp-json\/wp\/v2\/users\/2"}],"replies":[{"embeddable":true,"href":"https:\/\/www.rmcr.org\/en\/wp-json\/wp\/v2\/comments?post=6209"}],"version-history":[{"count":3,"href":"https:\/\/www.rmcr.org\/en\/wp-json\/wp\/v2\/posts\/6209\/revisions"}],"predecessor-version":[{"id":20307,"href":"https:\/\/www.rmcr.org\/en\/wp-json\/wp\/v2\/posts\/6209\/revisions\/20307"}],"wp:featuredmedia":[{"embeddable":true,"href":"https:\/\/www.rmcr.org\/en\/wp-json\/wp\/v2\/media\/11689"}],"wp:attachment":[{"href":"https:\/\/www.rmcr.org\/en\/wp-json\/wp\/v2\/media?parent=6209"}],"wp:term":[{"taxonomy":"category","embeddable":true,"href":"https:\/\/www.rmcr.org\/en\/wp-json\/wp\/v2\/categories?post=6209"},{"taxonomy":"post_tag","embeddable":true,"href":"https:\/\/www.rmcr.org\/en\/wp-json\/wp\/v2\/tags?post=6209"}],"curies":[{"name":"wp","href":"https:\/\/api.w.org\/{rel}","templated":true}]}}