{"id":6208,"date":"2019-04-05T11:07:53","date_gmt":"2019-04-05T11:07:53","guid":{"rendered":"https:\/\/www.rmcr.org\/?p=6208"},"modified":"2025-04-10T16:38:58","modified_gmt":"2025-04-10T16:38:58","slug":"la-biblioteca-de-la-maestranza-celebrara-el-dia-del-libro-con-una-exposicion-dedicada-a-la-imagen-de-ronda-en-la-prensa-historica","status":"publish","type":"post","link":"https:\/\/www.rmcr.org\/en\/2019\/04\/05\/la-biblioteca-de-la-maestranza-celebrara-el-dia-del-libro-con-una-exposicion-dedicada-a-la-imagen-de-ronda-en-la-prensa-historica\/","title":{"rendered":"La Biblioteca de la Maestranza celebrar\u00e1 el D\u00eda del Libro con una exposici\u00f3n dedicada a la imagen de Ronda en la prensa hist\u00f3rica"},"content":{"rendered":"<p>Como cada a\u00f1o desde 1995, la <em>Organizaci\u00f3n de las Naciones Unidas para la Educaci\u00f3n, la Ciencia y la Cultura<\/em> (UNESCO) promulga el \u00abD\u00eda Internacional del Libro\u00bb con el objetivo de fomentar la lectura, la industria editorial y la protecci\u00f3n de la propiedad intelectual por medio del derecho de autor.<\/p>\n<p>La Biblioteca de la Real Maestranza de Caballer\u00eda de Ronda se suma un a\u00f1o m\u00e1s (s\u00e9ptimo de forma consecutiva) a las celebraciones mundiales por este motivo con el montaje de una exposici\u00f3n.<\/p>\n<p><a href=\"https:\/\/www.rmcr.org\/2019\/04\/mi-1944-85-01.jpg\"><img fetchpriority=\"high\" decoding=\"async\" class=\"aligncenter size-full wp-image-1957\" src=\"https:\/\/www.rmcr.org\/wp-content\/uploads\/2019\/04\/mi-1944-85-01.jpg\" alt=\"\" width=\"400\" height=\"589\" \/><\/a><\/p>\n<p style=\"text-align: center;\"><em>\u00abCubierta de &#8220;Mundo Ilustrado&#8221;, n\u00ba 85-86, marzo de 1944, con dibujo de la Iglesia de Santa Mar\u00eda la Mayor de Ronda realizado por Santiago T\u00e9llez Loriguillo\u00bb<\/em><\/p>\n<p>La muestra titulada \u00abRonda en las revistas ilustradas (1865-1944)\u00bb reunir\u00e1 una selecci\u00f3n de cabeceras de prensa hist\u00f3rica con un patr\u00f3n com\u00fan: la presencia de grabados, dibujos o fotograf\u00edas alusivos a la capital de la Serran\u00eda. As\u00ed, se mostrar\u00e1n ejemplares de t\u00edtulos nacionales como \u00abLa Ilustraci\u00f3n Espa\u00f1ola y Americana\u00bb, \u00abBlanco y Negro\u00bb, \u00abLa Esfera\u00bb, \u00abMundo Gr\u00e1fico\u00bb o \u00abLa Hormiga de Oro\u00bb; y tambi\u00e9n internacionales como \u00abLe Tour du Monde\u00bb, \u00abTravel\u00bb o \u00abL&#8217;Illustration\u00bb.<\/p>\n<p><a href=\"https:\/\/www.rmcr.org\/2019\/04\/liea-1884-39-01.jpg\"><img decoding=\"async\" class=\"aligncenter size-full wp-image-1961\" src=\"https:\/\/www.rmcr.org\/wp-content\/uploads\/2019\/04\/liea-1884-39-01.jpg\" alt=\"\" width=\"400\" height=\"597\" \/><\/a><\/p>\n<p style=\"text-align: center;\"><em>\u00abPortada de &#8220;La Ilustraci\u00f3n Espa\u00f1ola y Americana&#8221;, n\u00ba 39, 22 de octubre de 1884, con fotograbado de la puerta de Almoc\u00e1bar de Ronda de fotograf\u00eda de Laurent\u00bb<\/em><\/p>\n<p>Este conjunto de im\u00e1genes constituye una fuente de primera mano muy interesante, ya que permite conocer el estado de la localidad as\u00ed como la visi\u00f3n que se ten\u00eda de ella desde fuera en las distintas d\u00e9cadas recogidas (entre finales del siglo XIX y principios del XX), ofreciendo un variado grupo de vistas, monumentos y calles de la poblaci\u00f3n serrana.<\/p>\n<p><a href=\"https:\/\/www.rmcr.org\/2019\/04\/li-1911-3554-264.jpg\"><img decoding=\"async\" class=\"aligncenter size-full wp-image-1963\" src=\"https:\/\/www.rmcr.org\/wp-content\/uploads\/2019\/04\/li-1911-3554-264.jpg\" alt=\"\" width=\"400\" height=\"575\" \/><\/a><\/p>\n<p style=\"text-align: center;\"><em>\u00abP\u00e1gina de &#8220;L&#8217;Illustration: journal universel&#8221;, n\u00ba 3554, 8 avril 1911, con fotograf\u00edas del arco de Felipe V (arriba) y calle Marina n\u00ba 5 (abajo) de Ronda\u00bb<\/em><\/p>\n<p>La exposici\u00f3n, de entrada libre, estar\u00e1 abierta \u00fanicamente el <strong>martes 23 de abril<\/strong>, en el Sal\u00f3n Biblioteca (acceso por la calle Virgen de la Paz 15, frente a la Oficina de Correos), en horario de <strong>11:00-14:00<\/strong> y de <strong>17:00-20:00<\/strong> horas.<\/p>\n<p><strong>Revistas ilustradas<\/strong><\/p>\n<p>Durante el siglo XIX y el primer tercio del XX, las revistas ilustradas fueron el espejo del mundo, el universo formativo e informativo que mostr\u00f3 los hechos, primero idealizados con los grabados y m\u00e1s tarde fragmentados por la fotograf\u00eda.\u00a0La prensa fue un instrumento de transmisi\u00f3n de ideas y las ilustraciones contribuyeron a configurar un cat\u00e1logo visual del mundo moderno. El sustantivo ilustraci\u00f3n y el adjetivo ilustrado se emplearon para referirse a los dibujos, mientras que el t\u00e9rmino gr\u00e1fico se utiliz\u00f3 posteriormente para la fotograf\u00eda. Hasta finales de los a\u00f1os veinte, la radio y el cine no compitieron con la prensa, por lo que los diarios y las revistas fueron el principal cauce de difusi\u00f3n de la cultura.<\/p>\n<p>Antes del desarrollo del fotograbado en la d\u00e9cada de 1880, t\u00e9cnica que permiti\u00f3 la reproducci\u00f3n de la fotograf\u00eda en la prensa, las ilustraciones eran grabados o dibujos realizados por profesionales que, en su papel de intermediarios, interpretaban la realidad. En las revistas ilustradas publicaron los artistas m\u00e1s relevantes (grabadores, dibujantes, pintores y fot\u00f3grafos), conformado un conjunto documental extraordinario que constituye un completo \u00e1lbum del arte contempor\u00e1neo.<\/p>\n<p>Entre el romanticismo y la guerra civil se editaron miles de revistas de todo tipo, desde las sat\u00edricas y humor\u00edsticas hasta los magazines de informaci\u00f3n general, pasando por las especializadas. En gran parte de ellas la imagen tuvo un papel fundamental, incluso cuando no fue prioritaria frente al texto.\u00a0La evoluci\u00f3n sociocultural y cient\u00edfica, la vida cotidiana, los avatares pol\u00edticos y el desarrollo de la propia prensa est\u00e1n en las p\u00e1ginas de las revistas, plasmadas en sus textos y sintetizadas en las ilustraciones.<\/p>\n<p>(Fuente: S\u00e1nchez Vigil, J.M. &#8220;Revistas ilustradas en Espa\u00f1a&#8221;. TREA, 2008)<\/p>\n","protected":false},"excerpt":{"rendered":"<p>Como cada a\u00f1o desde 1995, la Organizaci\u00f3n de las Naciones Unidas para la Educaci\u00f3n, la Ciencia y la Cultura (UNESCO) promulga el \u00abD\u00eda Internacional del Libro\u00bb con el objetivo de fomentar la lectura, la industria editorial y la protecci\u00f3n de la propiedad intelectual por medio del derecho de autor. La Biblioteca de la Real Maestranza [&hellip;]<\/p>\n","protected":false},"author":2,"featured_media":11931,"comment_status":"open","ping_status":"open","sticky":false,"template":"","format":"standard","meta":{"footnotes":""},"categories":[140,790,142],"tags":[237,105,141,143,144,190,191,114],"class_list":["post-6208","post","type-post","status-publish","format-standard","has-post-thumbnail","hentry","category-biblioteca","category-dia-internacional-del-libro","category-exposiciones","tag-bibliografias","tag-biblioteca-general","tag-dia-internacional-del-libro","tag-fotografias","tag-grabados","tag-hemeroteca","tag-publicaciones-periodicas","tag-ronda"],"yoast_head":"<!-- This site is optimized with the Yoast SEO plugin v27.5 - https:\/\/yoast.com\/product\/yoast-seo-wordpress\/ -->\n<title>La Biblioteca de la Maestranza celebrar\u00e1 el D\u00eda del Libro con una exposici\u00f3n dedicada a la imagen de Ronda en la prensa hist\u00f3rica - Real Maestranza de Caballer\u00eda de Ronda<\/title>\n<meta name=\"robots\" content=\"index, follow, max-snippet:-1, max-image-preview:large, max-video-preview:-1\" \/>\n<link rel=\"canonical\" href=\"https:\/\/www.rmcr.org\/en\/2019\/04\/05\/la-biblioteca-de-la-maestranza-celebrara-el-dia-del-libro-con-una-exposicion-dedicada-a-la-imagen-de-ronda-en-la-prensa-historica\/\" \/>\n<meta property=\"og:locale\" content=\"en_US\" \/>\n<meta property=\"og:type\" content=\"article\" \/>\n<meta property=\"og:title\" content=\"La Biblioteca de la Maestranza celebrar\u00e1 el D\u00eda del Libro con una exposici\u00f3n dedicada a la imagen de Ronda en la prensa hist\u00f3rica - Real Maestranza de Caballer\u00eda de Ronda\" \/>\n<meta property=\"og:description\" content=\"Como cada a\u00f1o desde 1995, la Organizaci\u00f3n de las Naciones Unidas para la Educaci\u00f3n, la Ciencia y la Cultura (UNESCO) promulga el \u00abD\u00eda Internacional del Libro\u00bb con el objetivo de fomentar la lectura, la industria editorial y la protecci\u00f3n de la propiedad intelectual por medio del derecho de autor. La Biblioteca de la Real Maestranza [&hellip;]\" \/>\n<meta property=\"og:url\" content=\"https:\/\/www.rmcr.org\/en\/2019\/04\/05\/la-biblioteca-de-la-maestranza-celebrara-el-dia-del-libro-con-una-exposicion-dedicada-a-la-imagen-de-ronda-en-la-prensa-historica\/\" \/>\n<meta property=\"og:site_name\" content=\"Real Maestranza de Caballer\u00eda de Ronda\" \/>\n<meta property=\"article:publisher\" content=\"https:\/\/www.facebook.com\/plazadetorosronda\" \/>\n<meta property=\"article:published_time\" content=\"2019-04-05T11:07:53+00:00\" \/>\n<meta property=\"article:modified_time\" content=\"2025-04-10T16:38:58+00:00\" \/>\n<meta property=\"og:image\" content=\"https:\/\/www.rmcr.org\/wp-content\/uploads\/2022\/10\/mun-ilu.jpg\" \/>\n\t<meta property=\"og:image:width\" content=\"482\" \/>\n\t<meta property=\"og:image:height\" content=\"142\" \/>\n\t<meta property=\"og:image:type\" content=\"image\/jpeg\" \/>\n<meta name=\"author\" content=\"BIBLIOTECA\" \/>\n<meta name=\"twitter:card\" content=\"summary_large_image\" \/>\n<meta name=\"twitter:creator\" content=\"@PlazatorosRMR\" \/>\n<meta name=\"twitter:site\" content=\"@PlazatorosRMR\" \/>\n<meta name=\"twitter:label1\" content=\"Written by\" \/>\n\t<meta name=\"twitter:data1\" content=\"BIBLIOTECA\" \/>\n\t<meta name=\"twitter:label2\" content=\"Est. reading time\" \/>\n\t<meta name=\"twitter:data2\" content=\"4 minutes\" \/>\n<script type=\"application\/ld+json\" class=\"yoast-schema-graph\">{\"@context\":\"https:\\\/\\\/schema.org\",\"@graph\":[{\"@type\":\"Article\",\"@id\":\"https:\\\/\\\/www.rmcr.org\\\/en\\\/2019\\\/04\\\/05\\\/la-biblioteca-de-la-maestranza-celebrara-el-dia-del-libro-con-una-exposicion-dedicada-a-la-imagen-de-ronda-en-la-prensa-historica\\\/#article\",\"isPartOf\":{\"@id\":\"https:\\\/\\\/www.rmcr.org\\\/en\\\/2019\\\/04\\\/05\\\/la-biblioteca-de-la-maestranza-celebrara-el-dia-del-libro-con-una-exposicion-dedicada-a-la-imagen-de-ronda-en-la-prensa-historica\\\/\"},\"author\":{\"name\":\"BIBLIOTECA\",\"@id\":\"https:\\\/\\\/www.rmcr.org\\\/en\\\/#\\\/schema\\\/person\\\/80849edee7ef556893505128619ea1d0\"},\"headline\":\"La Biblioteca de la Maestranza celebrar\u00e1 el D\u00eda del Libro con una exposici\u00f3n dedicada a la imagen de Ronda en la prensa hist\u00f3rica\",\"datePublished\":\"2019-04-05T11:07:53+00:00\",\"dateModified\":\"2025-04-10T16:38:58+00:00\",\"mainEntityOfPage\":{\"@id\":\"https:\\\/\\\/www.rmcr.org\\\/en\\\/2019\\\/04\\\/05\\\/la-biblioteca-de-la-maestranza-celebrara-el-dia-del-libro-con-una-exposicion-dedicada-a-la-imagen-de-ronda-en-la-prensa-historica\\\/\"},\"wordCount\":689,\"commentCount\":0,\"publisher\":{\"@id\":\"https:\\\/\\\/www.rmcr.org\\\/en\\\/#organization\"},\"image\":{\"@id\":\"https:\\\/\\\/www.rmcr.org\\\/en\\\/2019\\\/04\\\/05\\\/la-biblioteca-de-la-maestranza-celebrara-el-dia-del-libro-con-una-exposicion-dedicada-a-la-imagen-de-ronda-en-la-prensa-historica\\\/#primaryimage\"},\"thumbnailUrl\":\"https:\\\/\\\/www.rmcr.org\\\/wp-content\\\/uploads\\\/2022\\\/10\\\/mun-ilu.jpg\",\"keywords\":[\"Bibliograf\u00edas\",\"Biblioteca\",\"D\u00eda Internacional del Libro\",\"Fotograf\u00edas\",\"Grabados\",\"Hemeroteca\",\"Publicaciones peri\u00f3dicas\",\"Ronda\"],\"articleSection\":[\"Biblioteca\",\"D\u00eda Internacional del Libro\",\"Exposiciones\"],\"inLanguage\":\"en-US\",\"potentialAction\":[{\"@type\":\"CommentAction\",\"name\":\"Comment\",\"target\":[\"https:\\\/\\\/www.rmcr.org\\\/en\\\/2019\\\/04\\\/05\\\/la-biblioteca-de-la-maestranza-celebrara-el-dia-del-libro-con-una-exposicion-dedicada-a-la-imagen-de-ronda-en-la-prensa-historica\\\/#respond\"]}]},{\"@type\":\"WebPage\",\"@id\":\"https:\\\/\\\/www.rmcr.org\\\/en\\\/2019\\\/04\\\/05\\\/la-biblioteca-de-la-maestranza-celebrara-el-dia-del-libro-con-una-exposicion-dedicada-a-la-imagen-de-ronda-en-la-prensa-historica\\\/\",\"url\":\"https:\\\/\\\/www.rmcr.org\\\/en\\\/2019\\\/04\\\/05\\\/la-biblioteca-de-la-maestranza-celebrara-el-dia-del-libro-con-una-exposicion-dedicada-a-la-imagen-de-ronda-en-la-prensa-historica\\\/\",\"name\":\"La Biblioteca de la Maestranza celebrar\u00e1 el D\u00eda del Libro con una exposici\u00f3n dedicada a la imagen de Ronda en la prensa hist\u00f3rica - Real Maestranza de Caballer\u00eda de Ronda\",\"isPartOf\":{\"@id\":\"https:\\\/\\\/www.rmcr.org\\\/en\\\/#website\"},\"primaryImageOfPage\":{\"@id\":\"https:\\\/\\\/www.rmcr.org\\\/en\\\/2019\\\/04\\\/05\\\/la-biblioteca-de-la-maestranza-celebrara-el-dia-del-libro-con-una-exposicion-dedicada-a-la-imagen-de-ronda-en-la-prensa-historica\\\/#primaryimage\"},\"image\":{\"@id\":\"https:\\\/\\\/www.rmcr.org\\\/en\\\/2019\\\/04\\\/05\\\/la-biblioteca-de-la-maestranza-celebrara-el-dia-del-libro-con-una-exposicion-dedicada-a-la-imagen-de-ronda-en-la-prensa-historica\\\/#primaryimage\"},\"thumbnailUrl\":\"https:\\\/\\\/www.rmcr.org\\\/wp-content\\\/uploads\\\/2022\\\/10\\\/mun-ilu.jpg\",\"datePublished\":\"2019-04-05T11:07:53+00:00\",\"dateModified\":\"2025-04-10T16:38:58+00:00\",\"breadcrumb\":{\"@id\":\"https:\\\/\\\/www.rmcr.org\\\/en\\\/2019\\\/04\\\/05\\\/la-biblioteca-de-la-maestranza-celebrara-el-dia-del-libro-con-una-exposicion-dedicada-a-la-imagen-de-ronda-en-la-prensa-historica\\\/#breadcrumb\"},\"inLanguage\":\"en-US\",\"potentialAction\":[{\"@type\":\"ReadAction\",\"target\":[\"https:\\\/\\\/www.rmcr.org\\\/en\\\/2019\\\/04\\\/05\\\/la-biblioteca-de-la-maestranza-celebrara-el-dia-del-libro-con-una-exposicion-dedicada-a-la-imagen-de-ronda-en-la-prensa-historica\\\/\"]}]},{\"@type\":\"ImageObject\",\"inLanguage\":\"en-US\",\"@id\":\"https:\\\/\\\/www.rmcr.org\\\/en\\\/2019\\\/04\\\/05\\\/la-biblioteca-de-la-maestranza-celebrara-el-dia-del-libro-con-una-exposicion-dedicada-a-la-imagen-de-ronda-en-la-prensa-historica\\\/#primaryimage\",\"url\":\"https:\\\/\\\/www.rmcr.org\\\/wp-content\\\/uploads\\\/2022\\\/10\\\/mun-ilu.jpg\",\"contentUrl\":\"https:\\\/\\\/www.rmcr.org\\\/wp-content\\\/uploads\\\/2022\\\/10\\\/mun-ilu.jpg\",\"width\":482,\"height\":142},{\"@type\":\"BreadcrumbList\",\"@id\":\"https:\\\/\\\/www.rmcr.org\\\/en\\\/2019\\\/04\\\/05\\\/la-biblioteca-de-la-maestranza-celebrara-el-dia-del-libro-con-una-exposicion-dedicada-a-la-imagen-de-ronda-en-la-prensa-historica\\\/#breadcrumb\",\"itemListElement\":[{\"@type\":\"ListItem\",\"position\":1,\"name\":\"REAL MAESTRANZA DE CABALLER\u00cdA DE RONDA\",\"item\":\"https:\\\/\\\/www.rmcr.org\\\/en\\\/\"},{\"@type\":\"ListItem\",\"position\":2,\"name\":\"La Biblioteca de la Maestranza celebrar\u00e1 el D\u00eda del Libro con una exposici\u00f3n dedicada a la imagen de Ronda en la prensa hist\u00f3rica\"}]},{\"@type\":\"WebSite\",\"@id\":\"https:\\\/\\\/www.rmcr.org\\\/en\\\/#website\",\"url\":\"https:\\\/\\\/www.rmcr.org\\\/en\\\/\",\"name\":\"Real Maestranza de Caballer\u00eda de Ronda\",\"description\":\"Real Maestranza de Caballer\u00eda de Ronda\",\"publisher\":{\"@id\":\"https:\\\/\\\/www.rmcr.org\\\/en\\\/#organization\"},\"alternateName\":\"RMCR\",\"potentialAction\":[{\"@type\":\"SearchAction\",\"target\":{\"@type\":\"EntryPoint\",\"urlTemplate\":\"https:\\\/\\\/www.rmcr.org\\\/en\\\/?s={search_term_string}\"},\"query-input\":{\"@type\":\"PropertyValueSpecification\",\"valueRequired\":true,\"valueName\":\"search_term_string\"}}],\"inLanguage\":\"en-US\"},{\"@type\":\"Organization\",\"@id\":\"https:\\\/\\\/www.rmcr.org\\\/en\\\/#organization\",\"name\":\"Real Maestranza de Caballer\u00eda de Ronda\",\"alternateName\":\"RMR\",\"url\":\"https:\\\/\\\/www.rmcr.org\\\/en\\\/\",\"logo\":{\"@type\":\"ImageObject\",\"inLanguage\":\"en-US\",\"@id\":\"https:\\\/\\\/www.rmcr.org\\\/en\\\/#\\\/schema\\\/logo\\\/image\\\/\",\"url\":\"https:\\\/\\\/www.rmcr.org\\\/wp-content\\\/uploads\\\/2022\\\/07\\\/logo-rmr-blue.svg\",\"contentUrl\":\"https:\\\/\\\/www.rmcr.org\\\/wp-content\\\/uploads\\\/2022\\\/07\\\/logo-rmr-blue.svg\",\"width\":131,\"height\":129,\"caption\":\"Real Maestranza de Caballer\u00eda de Ronda\"},\"image\":{\"@id\":\"https:\\\/\\\/www.rmcr.org\\\/en\\\/#\\\/schema\\\/logo\\\/image\\\/\"},\"sameAs\":[\"https:\\\/\\\/www.facebook.com\\\/plazadetorosronda\",\"https:\\\/\\\/x.com\\\/PlazatorosRMR\",\"https:\\\/\\\/www.instagram.com\\\/realmaestranzaderonda\\\/\",\"https:\\\/\\\/www.youtube.com\\\/channel\\\/UCrbO5IUN-8v_QML739vM4zg\\\/videos\"]},{\"@type\":\"Person\",\"@id\":\"https:\\\/\\\/www.rmcr.org\\\/en\\\/#\\\/schema\\\/person\\\/80849edee7ef556893505128619ea1d0\",\"name\":\"BIBLIOTECA\",\"image\":{\"@type\":\"ImageObject\",\"inLanguage\":\"en-US\",\"@id\":\"https:\\\/\\\/www.rmcr.org\\\/wp-content\\\/uploads\\\/2022\\\/11\\\/avatar-rmcr-96x96.png\",\"url\":\"https:\\\/\\\/www.rmcr.org\\\/wp-content\\\/uploads\\\/2022\\\/11\\\/avatar-rmcr-96x96.png\",\"contentUrl\":\"https:\\\/\\\/www.rmcr.org\\\/wp-content\\\/uploads\\\/2022\\\/11\\\/avatar-rmcr-96x96.png\",\"caption\":\"BIBLIOTECA\"},\"url\":\"https:\\\/\\\/www.rmcr.org\\\/en\\\/author\\\/juan-antonio-moreno\\\/\"}]}<\/script>\n<!-- \/ Yoast SEO plugin. -->","yoast_head_json":{"title":"La Biblioteca de la Maestranza celebrar\u00e1 el D\u00eda del Libro con una exposici\u00f3n dedicada a la imagen de Ronda en la prensa hist\u00f3rica - Real Maestranza de Caballer\u00eda de Ronda","robots":{"index":"index","follow":"follow","max-snippet":"max-snippet:-1","max-image-preview":"max-image-preview:large","max-video-preview":"max-video-preview:-1"},"canonical":"https:\/\/www.rmcr.org\/en\/2019\/04\/05\/la-biblioteca-de-la-maestranza-celebrara-el-dia-del-libro-con-una-exposicion-dedicada-a-la-imagen-de-ronda-en-la-prensa-historica\/","og_locale":"en_US","og_type":"article","og_title":"La Biblioteca de la Maestranza celebrar\u00e1 el D\u00eda del Libro con una exposici\u00f3n dedicada a la imagen de Ronda en la prensa hist\u00f3rica - Real Maestranza de Caballer\u00eda de Ronda","og_description":"Como cada a\u00f1o desde 1995, la Organizaci\u00f3n de las Naciones Unidas para la Educaci\u00f3n, la Ciencia y la Cultura (UNESCO) promulga el \u00abD\u00eda Internacional del Libro\u00bb con el objetivo de fomentar la lectura, la industria editorial y la protecci\u00f3n de la propiedad intelectual por medio del derecho de autor. La Biblioteca de la Real Maestranza [&hellip;]","og_url":"https:\/\/www.rmcr.org\/en\/2019\/04\/05\/la-biblioteca-de-la-maestranza-celebrara-el-dia-del-libro-con-una-exposicion-dedicada-a-la-imagen-de-ronda-en-la-prensa-historica\/","og_site_name":"Real Maestranza de Caballer\u00eda de Ronda","article_publisher":"https:\/\/www.facebook.com\/plazadetorosronda","article_published_time":"2019-04-05T11:07:53+00:00","article_modified_time":"2025-04-10T16:38:58+00:00","og_image":[{"width":482,"height":142,"url":"https:\/\/www.rmcr.org\/wp-content\/uploads\/2022\/10\/mun-ilu.jpg","type":"image\/jpeg"}],"author":"BIBLIOTECA","twitter_card":"summary_large_image","twitter_creator":"@PlazatorosRMR","twitter_site":"@PlazatorosRMR","twitter_misc":{"Written by":"BIBLIOTECA","Est. reading time":"4 minutes"},"schema":{"@context":"https:\/\/schema.org","@graph":[{"@type":"Article","@id":"https:\/\/www.rmcr.org\/en\/2019\/04\/05\/la-biblioteca-de-la-maestranza-celebrara-el-dia-del-libro-con-una-exposicion-dedicada-a-la-imagen-de-ronda-en-la-prensa-historica\/#article","isPartOf":{"@id":"https:\/\/www.rmcr.org\/en\/2019\/04\/05\/la-biblioteca-de-la-maestranza-celebrara-el-dia-del-libro-con-una-exposicion-dedicada-a-la-imagen-de-ronda-en-la-prensa-historica\/"},"author":{"name":"BIBLIOTECA","@id":"https:\/\/www.rmcr.org\/en\/#\/schema\/person\/80849edee7ef556893505128619ea1d0"},"headline":"La Biblioteca de la Maestranza celebrar\u00e1 el D\u00eda del Libro con una exposici\u00f3n dedicada a la imagen de Ronda en la prensa hist\u00f3rica","datePublished":"2019-04-05T11:07:53+00:00","dateModified":"2025-04-10T16:38:58+00:00","mainEntityOfPage":{"@id":"https:\/\/www.rmcr.org\/en\/2019\/04\/05\/la-biblioteca-de-la-maestranza-celebrara-el-dia-del-libro-con-una-exposicion-dedicada-a-la-imagen-de-ronda-en-la-prensa-historica\/"},"wordCount":689,"commentCount":0,"publisher":{"@id":"https:\/\/www.rmcr.org\/en\/#organization"},"image":{"@id":"https:\/\/www.rmcr.org\/en\/2019\/04\/05\/la-biblioteca-de-la-maestranza-celebrara-el-dia-del-libro-con-una-exposicion-dedicada-a-la-imagen-de-ronda-en-la-prensa-historica\/#primaryimage"},"thumbnailUrl":"https:\/\/www.rmcr.org\/wp-content\/uploads\/2022\/10\/mun-ilu.jpg","keywords":["Bibliograf\u00edas","Biblioteca","D\u00eda Internacional del Libro","Fotograf\u00edas","Grabados","Hemeroteca","Publicaciones peri\u00f3dicas","Ronda"],"articleSection":["Biblioteca","D\u00eda Internacional del Libro","Exposiciones"],"inLanguage":"en-US","potentialAction":[{"@type":"CommentAction","name":"Comment","target":["https:\/\/www.rmcr.org\/en\/2019\/04\/05\/la-biblioteca-de-la-maestranza-celebrara-el-dia-del-libro-con-una-exposicion-dedicada-a-la-imagen-de-ronda-en-la-prensa-historica\/#respond"]}]},{"@type":"WebPage","@id":"https:\/\/www.rmcr.org\/en\/2019\/04\/05\/la-biblioteca-de-la-maestranza-celebrara-el-dia-del-libro-con-una-exposicion-dedicada-a-la-imagen-de-ronda-en-la-prensa-historica\/","url":"https:\/\/www.rmcr.org\/en\/2019\/04\/05\/la-biblioteca-de-la-maestranza-celebrara-el-dia-del-libro-con-una-exposicion-dedicada-a-la-imagen-de-ronda-en-la-prensa-historica\/","name":"La Biblioteca de la Maestranza celebrar\u00e1 el D\u00eda del Libro con una exposici\u00f3n dedicada a la imagen de Ronda en la prensa hist\u00f3rica - Real Maestranza de Caballer\u00eda de Ronda","isPartOf":{"@id":"https:\/\/www.rmcr.org\/en\/#website"},"primaryImageOfPage":{"@id":"https:\/\/www.rmcr.org\/en\/2019\/04\/05\/la-biblioteca-de-la-maestranza-celebrara-el-dia-del-libro-con-una-exposicion-dedicada-a-la-imagen-de-ronda-en-la-prensa-historica\/#primaryimage"},"image":{"@id":"https:\/\/www.rmcr.org\/en\/2019\/04\/05\/la-biblioteca-de-la-maestranza-celebrara-el-dia-del-libro-con-una-exposicion-dedicada-a-la-imagen-de-ronda-en-la-prensa-historica\/#primaryimage"},"thumbnailUrl":"https:\/\/www.rmcr.org\/wp-content\/uploads\/2022\/10\/mun-ilu.jpg","datePublished":"2019-04-05T11:07:53+00:00","dateModified":"2025-04-10T16:38:58+00:00","breadcrumb":{"@id":"https:\/\/www.rmcr.org\/en\/2019\/04\/05\/la-biblioteca-de-la-maestranza-celebrara-el-dia-del-libro-con-una-exposicion-dedicada-a-la-imagen-de-ronda-en-la-prensa-historica\/#breadcrumb"},"inLanguage":"en-US","potentialAction":[{"@type":"ReadAction","target":["https:\/\/www.rmcr.org\/en\/2019\/04\/05\/la-biblioteca-de-la-maestranza-celebrara-el-dia-del-libro-con-una-exposicion-dedicada-a-la-imagen-de-ronda-en-la-prensa-historica\/"]}]},{"@type":"ImageObject","inLanguage":"en-US","@id":"https:\/\/www.rmcr.org\/en\/2019\/04\/05\/la-biblioteca-de-la-maestranza-celebrara-el-dia-del-libro-con-una-exposicion-dedicada-a-la-imagen-de-ronda-en-la-prensa-historica\/#primaryimage","url":"https:\/\/www.rmcr.org\/wp-content\/uploads\/2022\/10\/mun-ilu.jpg","contentUrl":"https:\/\/www.rmcr.org\/wp-content\/uploads\/2022\/10\/mun-ilu.jpg","width":482,"height":142},{"@type":"BreadcrumbList","@id":"https:\/\/www.rmcr.org\/en\/2019\/04\/05\/la-biblioteca-de-la-maestranza-celebrara-el-dia-del-libro-con-una-exposicion-dedicada-a-la-imagen-de-ronda-en-la-prensa-historica\/#breadcrumb","itemListElement":[{"@type":"ListItem","position":1,"name":"REAL MAESTRANZA DE CABALLER\u00cdA DE RONDA","item":"https:\/\/www.rmcr.org\/en\/"},{"@type":"ListItem","position":2,"name":"La Biblioteca de la Maestranza celebrar\u00e1 el D\u00eda del Libro con una exposici\u00f3n dedicada a la imagen de Ronda en la prensa hist\u00f3rica"}]},{"@type":"WebSite","@id":"https:\/\/www.rmcr.org\/en\/#website","url":"https:\/\/www.rmcr.org\/en\/","name":"Real Maestranza de Caballer\u00eda de Ronda","description":"Real Maestranza de Caballer\u00eda de Ronda","publisher":{"@id":"https:\/\/www.rmcr.org\/en\/#organization"},"alternateName":"RMCR","potentialAction":[{"@type":"SearchAction","target":{"@type":"EntryPoint","urlTemplate":"https:\/\/www.rmcr.org\/en\/?s={search_term_string}"},"query-input":{"@type":"PropertyValueSpecification","valueRequired":true,"valueName":"search_term_string"}}],"inLanguage":"en-US"},{"@type":"Organization","@id":"https:\/\/www.rmcr.org\/en\/#organization","name":"Real Maestranza de Caballer\u00eda de Ronda","alternateName":"RMR","url":"https:\/\/www.rmcr.org\/en\/","logo":{"@type":"ImageObject","inLanguage":"en-US","@id":"https:\/\/www.rmcr.org\/en\/#\/schema\/logo\/image\/","url":"https:\/\/www.rmcr.org\/wp-content\/uploads\/2022\/07\/logo-rmr-blue.svg","contentUrl":"https:\/\/www.rmcr.org\/wp-content\/uploads\/2022\/07\/logo-rmr-blue.svg","width":131,"height":129,"caption":"Real Maestranza de Caballer\u00eda de Ronda"},"image":{"@id":"https:\/\/www.rmcr.org\/en\/#\/schema\/logo\/image\/"},"sameAs":["https:\/\/www.facebook.com\/plazadetorosronda","https:\/\/x.com\/PlazatorosRMR","https:\/\/www.instagram.com\/realmaestranzaderonda\/","https:\/\/www.youtube.com\/channel\/UCrbO5IUN-8v_QML739vM4zg\/videos"]},{"@type":"Person","@id":"https:\/\/www.rmcr.org\/en\/#\/schema\/person\/80849edee7ef556893505128619ea1d0","name":"BIBLIOTECA","image":{"@type":"ImageObject","inLanguage":"en-US","@id":"https:\/\/www.rmcr.org\/wp-content\/uploads\/2022\/11\/avatar-rmcr-96x96.png","url":"https:\/\/www.rmcr.org\/wp-content\/uploads\/2022\/11\/avatar-rmcr-96x96.png","contentUrl":"https:\/\/www.rmcr.org\/wp-content\/uploads\/2022\/11\/avatar-rmcr-96x96.png","caption":"BIBLIOTECA"},"url":"https:\/\/www.rmcr.org\/en\/author\/juan-antonio-moreno\/"}]}},"_links":{"self":[{"href":"https:\/\/www.rmcr.org\/en\/wp-json\/wp\/v2\/posts\/6208","targetHints":{"allow":["GET"]}}],"collection":[{"href":"https:\/\/www.rmcr.org\/en\/wp-json\/wp\/v2\/posts"}],"about":[{"href":"https:\/\/www.rmcr.org\/en\/wp-json\/wp\/v2\/types\/post"}],"author":[{"embeddable":true,"href":"https:\/\/www.rmcr.org\/en\/wp-json\/wp\/v2\/users\/2"}],"replies":[{"embeddable":true,"href":"https:\/\/www.rmcr.org\/en\/wp-json\/wp\/v2\/comments?post=6208"}],"version-history":[{"count":3,"href":"https:\/\/www.rmcr.org\/en\/wp-json\/wp\/v2\/posts\/6208\/revisions"}],"predecessor-version":[{"id":20642,"href":"https:\/\/www.rmcr.org\/en\/wp-json\/wp\/v2\/posts\/6208\/revisions\/20642"}],"wp:featuredmedia":[{"embeddable":true,"href":"https:\/\/www.rmcr.org\/en\/wp-json\/wp\/v2\/media\/11931"}],"wp:attachment":[{"href":"https:\/\/www.rmcr.org\/en\/wp-json\/wp\/v2\/media?parent=6208"}],"wp:term":[{"taxonomy":"category","embeddable":true,"href":"https:\/\/www.rmcr.org\/en\/wp-json\/wp\/v2\/categories?post=6208"},{"taxonomy":"post_tag","embeddable":true,"href":"https:\/\/www.rmcr.org\/en\/wp-json\/wp\/v2\/tags?post=6208"}],"curies":[{"name":"wp","href":"https:\/\/api.w.org\/{rel}","templated":true}]}}