{"id":6201,"date":"2018-10-04T11:25:32","date_gmt":"2018-10-04T11:25:32","guid":{"rendered":"https:\/\/www.rmcr.org\/?p=6201"},"modified":"2025-04-03T09:02:17","modified_gmt":"2025-04-03T09:02:17","slug":"biblioteca-rmr-no-58-grabados-de-arquitectura-en-los-libros-de-viajeros-del-siglo-xix-octubre-2018","status":"publish","type":"post","link":"https:\/\/www.rmcr.org\/en\/2018\/10\/04\/biblioteca-rmr-no-58-grabados-de-arquitectura-en-los-libros-de-viajeros-del-siglo-xix-octubre-2018\/","title":{"rendered":"Biblioteca-RMR: N\u00ba 58. Grabados de arquitectura en los libros de viajeros del siglo XIX. Octubre 2018."},"content":{"rendered":"<p style=\"text-align:center;\"><span ><strong>\u00b7 MONOGR\u00c1FICO \u00b7<\/strong><\/span><br \/>\n<span ><strong>\u00b7 BIBLIOTECA DE LA REAL MAESTRANZA DE CABALLER\u00cdA DE RONDA \u00b7<\/strong><\/span><br \/>\n<span ><strong>\u00b7 OCTUBRE 2018 \u00b7<\/strong><\/span><\/p>\n<p style=\"text-align:center;\"><span ><strong>\u00b7 FONDO LITERATURA DE VIAJES \u00b7<\/strong><\/span><\/p>\n<p><span >Como todos los a\u00f1os desde 1986, la Uni\u00f3n Internacional de Arquitectos promueve la celebraci\u00f3n del D\u00eda Mundial de la Arquitectura. Tradicionalmente tiene lugar el primer lunes de octubre, coincidiendo con el D\u00eda Mundial del H\u00e1bitat impulsado por las Naciones Unidas.<\/span><\/p>\n<p><span >Esta jornada internacional tiene como objetivo llamar la atenci\u00f3n de los profesionales y el p\u00fablico sobre cuestiones relacionadas con las ciudades y la vivienda. Numerosas entidades se hacen eco de esta efem\u00e9ride, algunas incluso dise\u00f1ando un completo programa de actividades distribuido a lo largo de la primera semana de octubre.<\/span><\/p>\n<p><span >Coincidiendo con esta ocasi\u00f3n, ofrecemos en esta entrada una breve selecci\u00f3n de grabados de tem\u00e1tica arquitect\u00f3nica, vistas de monumentos (algunos ya desaparecidos) y ciudades, que forman parte de un n\u00famero importante de ejemplares del destacado Fondo de Literatura de Viajes que atesora la Biblioteca.<\/span><\/p>\n<p><a href=\"https:\/\/www.rmcr.org\/2018\/10\/1803_cb1003273_web.jpg\"><img fetchpriority=\"high\" decoding=\"async\" class=\"aligncenter size-full wp-image-1776\" src=\"https:\/\/www.rmcr.org\/wp-content\/uploads\/2018\/10\/1803_cb1003273_web.jpg\" alt=\"\" width=\"470\" height=\"372\" \/><\/a><\/p>\n<p style=\"text-align:center;\"><em><span >Monasterio de El Escorial (dibujo de autor sin identificar)<\/span><\/em><\/p>\n<p><span ><em>Tableau de l&#8217;Espagne moderne<\/em> \/ par <strong>J. F. Bourgoing<\/strong>. &#8212; 3e \u00e9d. \/ corr. et consid\u00e9rablement augm. &#8212; Paris ; Strasbourg : Levrault fr\u00e8res, Libraires, 1803 (Imprimerie de J. Gratiot). &#8212; 3 v. ; 20 cm<\/span><\/p>\n<p><span >Fondo Propio &#8212; CB1003273 &#8212; Enc. piel, hierros dorados en lomo y cub. &#8212; Etiqueta: &#8220;L.B.C., 1500-3-1&#8221;<\/span><\/p>\n<p><a href=\"https:\/\/www.rmcr.org\/2018\/10\/1835_cb1003265_web.jpg\"><img decoding=\"async\" class=\"aligncenter size-full wp-image-1778\" src=\"https:\/\/www.rmcr.org\/wp-content\/uploads\/2018\/10\/1835_cb1003265_web.jpg\" alt=\"\" width=\"470\" height=\"369\" \/><\/a><\/p>\n<p style=\"text-align:center;\"><span ><em>Alhambra y Generalife de Granada (dibujo de David Roberts)<\/em><\/span><\/p>\n<p><span ><em>The tourist in Spain : Granada<\/em> \/ by <strong>Thomas Roscoe<\/strong> ; illustrated from drawings by David Roberts. &#8212; London : Robert Jennings and Co., 1835. &#8212; XV, 288 p., [21] h. de l\u00e1m. : il. ; 20 cm. &#8212; (Jennings&#8217; landscape annual ; 1835)<\/span><\/p>\n<p><span >Fondo Propio &#8212; CB1003265 &#8212; Enc. piel, hierros y cortes dorados<\/span><\/p>\n<p><a href=\"https:\/\/www.rmcr.org\/2018\/10\/1836_cb1003266_web.jpg\"><img decoding=\"async\" class=\"aligncenter size-full wp-image-1779\" src=\"https:\/\/www.rmcr.org\/wp-content\/uploads\/2018\/10\/1836_cb1003266_web.jpg\" alt=\"\" width=\"470\" height=\"723\" \/><\/a><\/p>\n<p style=\"text-align:center;\"><em><span >Torre de la Iglesia de San Nicol\u00e1s de C\u00f3rdoba (dibujo de David Roberts)<\/span><\/em><\/p>\n<p><span ><em>The tourist in Spain : Andalusia<\/em> \/ by <strong>Thomas Roscoe<\/strong> ; illustrated from drawings by David Roberts. &#8212; London : Robert Jennings and Co., 1836. &#8212; XII, 280 p., [21] h. de l\u00e1m. : il. ; 20 cm. &#8212; (Jennings&#8217; landscape annual ; 1836)<\/span><\/p>\n<p><span >Fondo Propio &#8212; CB1003266 &#8212; Enc. piel, hierros y cortes dorados<\/span><\/p>\n<p><a href=\"https:\/\/www.rmcr.org\/2018\/10\/1838_cb1003268_web.jpg\"><img loading=\"lazy\" decoding=\"async\" class=\"aligncenter size-full wp-image-1783\" src=\"https:\/\/www.rmcr.org\/wp-content\/uploads\/2018\/10\/1838_cb1003268_web.jpg\" alt=\"\" width=\"470\" height=\"369\" \/><\/a><\/p>\n<p style=\"text-align:center;\"><span ><em>Segovia (dibujo de David Roberts)<\/em><\/span><\/p>\n<p><span ><em>The tourist in Spain and Morocco<\/em> \/ by <strong>Thomas Roscoe<\/strong> ; illustrated from drawings by David Roberts. &#8212; London : Robert Jennings and Co. ; Paris : Fisher, fils, et Cie., 1838. &#8212; X, 292 p., [21] h. de l\u00e1m. ; 20 cm. &#8212; (Jennings&#8217; landscape annual ; 1838)<\/span><\/p>\n<p><span >Fondo Propio &#8212; CB1003268 &#8212; Enc. piel, hierros y cortes dorados<\/span><\/p>\n<p><a href=\"https:\/\/www.rmcr.org\/2018\/10\/1848_cb1003249_web.jpg\"><img loading=\"lazy\" decoding=\"async\" class=\"aligncenter size-full wp-image-1784\" src=\"https:\/\/www.rmcr.org\/wp-content\/uploads\/2018\/10\/1848_cb1003249_web.jpg\" alt=\"\" width=\"470\" height=\"346\" \/><\/a><\/p>\n<p style=\"text-align:center;\"><span ><em>Jerez de la Frontera (dibujo de\u00a0Guillaume Van der Hecht)<\/em><\/span><\/p>\n<p><span ><em>L&#8217;Espagne pittoresque, artistique et monumentale : moeurs, usages et costumes<\/em> \/ par\u00a0<strong>Manuel de Cuendias<\/strong> et <strong>V. de F\u00e9r\u00e9al<\/strong> ; illustrations par C\u00e9lestin Nanteuil. &#8212; Paris : Librairie Ethnographique, 1848 (Imprimerie de Schneider). &#8212; 392 p., [50] h. de l\u00e1m. : il. ; 27 cm<\/span><\/p>\n<p><span >Fondo Propio &#8212; CB1003249 &#8212; Enc. hol., hierros dorados en lomo, cortes jaspeados &#8212; Sello de tinta: &#8220;Paul van Houtryve, Advokaat&#8221;<\/span><\/p>\n<p><a href=\"https:\/\/www.rmcr.org\/2018\/10\/1852_cb1003260_web.jpg\"><img loading=\"lazy\" decoding=\"async\" class=\"aligncenter size-full wp-image-1786\" src=\"https:\/\/www.rmcr.org\/wp-content\/uploads\/2018\/10\/1852_cb1003260_web.jpg\" alt=\"\" width=\"470\" height=\"375\" srcset=\"https:\/\/www.rmcr.org\/wp-content\/uploads\/2018\/10\/1852_cb1003260_web.jpg 627w, https:\/\/www.rmcr.org\/wp-content\/uploads\/2018\/10\/1852_cb1003260_web-300x239.jpg 300w\" sizes=\"(max-width: 470px) 100vw, 470px\" \/><\/a><\/p>\n<p style=\"text-align:center;\"><span ><em>Burgos (dibujo de los hermanos \u00c9mile y Adolphe Rouargue)<\/em><\/span><\/p>\n<p><span ><em>Voyage pittoresque en Espagne et en Portugal<\/em> \/ par <strong>\u00c9mile B\u00e9gin<\/strong>; illustrations de Rouargue fr\u00e8res. &#8212; Paris : Belin-Leprieur et Morizot, \u00e9diteurs, [1852] (Imprimerie de Gustave Gratiot). &#8212; XII, 556 p., [36] h. de grab. ; 27 cm<\/span><\/p>\n<p><span >Fondo Propio &#8212; CB1003260 &#8212; Enc. hol., nervios, hierros dorados en lomo, cortes dorados<\/span><\/p>\n<p><a href=\"https:\/\/www.rmcr.org\/2018\/10\/1853_cb1003316_web.jpg\"><img loading=\"lazy\" decoding=\"async\" class=\"aligncenter size-full wp-image-1787\" src=\"https:\/\/www.rmcr.org\/wp-content\/uploads\/2018\/10\/1853_cb1003316_web.jpg\" alt=\"\" width=\"470\" height=\"375\" \/><\/a><\/p>\n<p style=\"text-align:center;\"><span ><em>Catedral de Sevilla (dibujo de Louisa Tenison)<\/em><\/span><\/p>\n<p><span ><em>Castile and Andalucia<\/em> \/ by <strong>Lady<\/strong>\u00a0<strong>Louisa Tenison<\/strong> ; [dibujos, Louisa Tenison y Egron Lundgren ; grabador, J.W. Whymper]. &#8212; London : Richard Bentley, 1853 (Schulze and Co.). &#8212; XI, 488 p., [24] h. de l\u00e1m. : il. ; 28 cm<\/span><\/p>\n<p><span >Fondo Propio &#8212; CB1003316 &#8212; Enc. piel, nervios, hierros dorados en lomo y cub.<\/span><\/p>\n<p><a href=\"https:\/\/www.rmcr.org\/2018\/10\/1860_cb1021736_web.jpg\"><img loading=\"lazy\" decoding=\"async\" class=\"aligncenter size-full wp-image-1789\" src=\"https:\/\/www.rmcr.org\/wp-content\/uploads\/2018\/10\/1860_cb1021736_web.jpg\" alt=\"\" width=\"470\" height=\"341\" \/><\/a><\/p>\n<p style=\"text-align:center;\"><span ><em>Puerta de Almoc\u00e1bar de Ronda (dibujo de\u00a0Pharamond <span class=\"fcr\">Blanchard)<\/span><\/em><\/span><\/p>\n<p><span ><em>Voyage pittoresque en Espagne, en Portugal et sur la cote d&#8217;Afrique, de Tanger a T\u00e9touan<\/em> \/ par <strong>Isidro Severinus<\/strong>. &#8212; Paris : A.F. Lemaitre, 1860 (Imprimerie de J. Smith). &#8212; 3 v. ; 29 cm<\/span><\/p>\n<p><span >Fondo Propio &#8212; CB1021736 &#8212; Enc. tela editorial, nervios, hierros en lomo y ambas cub, cortes dorados<\/span><\/p>\n<p><a href=\"https:\/\/www.rmcr.org\/2018\/10\/1867_cb1002894_web.jpg\"><img loading=\"lazy\" decoding=\"async\" class=\"aligncenter size-full wp-image-1790\" src=\"https:\/\/www.rmcr.org\/wp-content\/uploads\/2018\/10\/1867_cb1002894_web.jpg\" alt=\"\" width=\"470\" height=\"310\" \/><\/a><\/p>\n<p style=\"text-align:center;\"><span ><em>M\u00e1laga (dibujo de autor sin identificar)<\/em><\/span><\/p>\n<p><span ><em>Impressions of Spain in 1866<\/em> \/ by <strong>Lady Herbert<\/strong> ; with fifteen illustrations. &#8212; London : Richard Bentley, 1867 (Spottiswoode and Co.). &#8212; [4], 280 p., [15] h. de grab. ; 26 cm<\/span><\/p>\n<p><span >Fondo Propio &#8212; CB1002894 &#8212; Enc. tela ed., hierros dorados en lomo y cub. &#8212; Etiqueta. &#8220;Librer\u00eda Mirto, Postigo de San Mart\u00edn 2, Madrid&#8221; <\/span><\/p>\n<p><a href=\"https:\/\/www.rmcr.org\/2018\/10\/1873_cb1003328_web.jpg\"><img loading=\"lazy\" decoding=\"async\" class=\"aligncenter size-full wp-image-1791\" src=\"https:\/\/www.rmcr.org\/wp-content\/uploads\/2018\/10\/1873_cb1003328_web.jpg\" alt=\"\" width=\"470\" height=\"694\" \/><\/a><\/p>\n<p style=\"text-align:center;\"><span ><em>Torre Nueva de Zaragoza (dibujo de los hermanos \u00c9mile y Adolphe Rouargue)<\/em><\/span><\/p>\n<p><span ><em>Voyage en Espagne : tras los montes<\/em> \/ par <strong>Th\u00e9ophile Gautier<\/strong> ; illustr\u00e9e de splendides gravures sur acier. &#8212; Nouvelle ed. &#8212; Paris : Laplace, Sanchez et Cie, \u00e9diteurs, [1873] (Corbeil : Typ. et st\u00e9r. de Cr\u00e9t\u00e9 fils). &#8212; 432 p., [36] h. de grab. ; 29 cm<\/span><\/p>\n<p><span >Fondo Propio &#8212; CB1003328 &#8212; Enc. hol. con puntas, nervios, hierros dorados en lomo y cub., corte sup. dorado<\/span><\/p>\n","protected":false},"excerpt":{"rendered":"<p>\u00b7 MONOGR\u00c1FICO \u00b7 \u00b7 BIBLIOTECA DE LA REAL MAESTRANZA DE CABALLER\u00cdA DE RONDA \u00b7 \u00b7 OCTUBRE 2018 \u00b7 \u00b7 FONDO LITERATURA DE VIAJES \u00b7 Como todos los a\u00f1os desde 1986, la Uni\u00f3n Internacional de Arquitectos promueve la celebraci\u00f3n del D\u00eda Mundial de la Arquitectura. Tradicionalmente tiene lugar el primer lunes de octubre, coincidiendo con el [&hellip;]<\/p>\n","protected":false},"author":2,"featured_media":1793,"comment_status":"open","ping_status":"open","sticky":false,"template":"","format":"standard","meta":{"footnotes":""},"categories":[140,791],"tags":[233,237,105,252,176,144,137,145],"class_list":["post-6201","post","type-post","status-publish","format-standard","has-post-thumbnail","hentry","category-biblioteca","category-boletin-bibliografico-biblioteca-rmr","tag-arquitectura","tag-bibliografias","tag-biblioteca-general","tag-biblioteca-rmr","tag-boletin-mensual-bibliografico","tag-grabados","tag-libros","tag-literatura-de-viajes"],"yoast_head":"<!-- This site is optimized with the Yoast SEO plugin v27.5 - https:\/\/yoast.com\/product\/yoast-seo-wordpress\/ -->\n<title>Biblioteca-RMR: N\u00ba 58. Grabados de arquitectura en los libros de viajeros del siglo XIX. Octubre 2018. - Real Maestranza de Caballer\u00eda de Ronda<\/title>\n<meta name=\"robots\" content=\"index, follow, max-snippet:-1, max-image-preview:large, max-video-preview:-1\" \/>\n<link rel=\"canonical\" href=\"https:\/\/www.rmcr.org\/en\/2018\/10\/04\/biblioteca-rmr-no-58-grabados-de-arquitectura-en-los-libros-de-viajeros-del-siglo-xix-octubre-2018\/\" \/>\n<meta property=\"og:locale\" content=\"en_US\" \/>\n<meta property=\"og:type\" content=\"article\" \/>\n<meta property=\"og:title\" content=\"Biblioteca-RMR: N\u00ba 58. Grabados de arquitectura en los libros de viajeros del siglo XIX. Octubre 2018. - Real Maestranza de Caballer\u00eda de Ronda\" \/>\n<meta property=\"og:description\" content=\"\u00b7 MONOGR\u00c1FICO \u00b7 \u00b7 BIBLIOTECA DE LA REAL MAESTRANZA DE CABALLER\u00cdA DE RONDA \u00b7 \u00b7 OCTUBRE 2018 \u00b7 \u00b7 FONDO LITERATURA DE VIAJES \u00b7 Como todos los a\u00f1os desde 1986, la Uni\u00f3n Internacional de Arquitectos promueve la celebraci\u00f3n del D\u00eda Mundial de la Arquitectura. Tradicionalmente tiene lugar el primer lunes de octubre, coincidiendo con el [&hellip;]\" \/>\n<meta property=\"og:url\" content=\"https:\/\/www.rmcr.org\/en\/2018\/10\/04\/biblioteca-rmr-no-58-grabados-de-arquitectura-en-los-libros-de-viajeros-del-siglo-xix-octubre-2018\/\" \/>\n<meta property=\"og:site_name\" content=\"Real Maestranza de Caballer\u00eda de Ronda\" \/>\n<meta property=\"article:publisher\" content=\"https:\/\/www.facebook.com\/plazadetorosronda\" \/>\n<meta property=\"article:published_time\" content=\"2018-10-04T11:25:32+00:00\" \/>\n<meta property=\"article:modified_time\" content=\"2025-04-03T09:02:17+00:00\" \/>\n<meta property=\"og:image\" content=\"https:\/\/www.rmcr.org\/wp-content\/uploads\/2018\/10\/alh-gen.jpg\" \/>\n\t<meta property=\"og:image:width\" content=\"482\" \/>\n\t<meta property=\"og:image:height\" content=\"143\" \/>\n\t<meta property=\"og:image:type\" content=\"image\/jpeg\" \/>\n<meta name=\"author\" content=\"BIBLIOTECA\" \/>\n<meta name=\"twitter:card\" content=\"summary_large_image\" \/>\n<meta name=\"twitter:creator\" content=\"@PlazatorosRMR\" \/>\n<meta name=\"twitter:site\" content=\"@PlazatorosRMR\" \/>\n<meta name=\"twitter:label1\" content=\"Written by\" \/>\n\t<meta name=\"twitter:data1\" content=\"BIBLIOTECA\" \/>\n\t<meta name=\"twitter:label2\" content=\"Est. reading time\" \/>\n\t<meta name=\"twitter:data2\" content=\"4 minutes\" \/>\n<script type=\"application\/ld+json\" class=\"yoast-schema-graph\">{\"@context\":\"https:\\\/\\\/schema.org\",\"@graph\":[{\"@type\":\"Article\",\"@id\":\"https:\\\/\\\/www.rmcr.org\\\/en\\\/2018\\\/10\\\/04\\\/biblioteca-rmr-no-58-grabados-de-arquitectura-en-los-libros-de-viajeros-del-siglo-xix-octubre-2018\\\/#article\",\"isPartOf\":{\"@id\":\"https:\\\/\\\/www.rmcr.org\\\/en\\\/2018\\\/10\\\/04\\\/biblioteca-rmr-no-58-grabados-de-arquitectura-en-los-libros-de-viajeros-del-siglo-xix-octubre-2018\\\/\"},\"author\":{\"name\":\"BIBLIOTECA\",\"@id\":\"https:\\\/\\\/www.rmcr.org\\\/en\\\/#\\\/schema\\\/person\\\/80849edee7ef556893505128619ea1d0\"},\"headline\":\"Biblioteca-RMR: N\u00ba 58. Grabados de arquitectura en los libros de viajeros del siglo XIX. Octubre 2018.\",\"datePublished\":\"2018-10-04T11:25:32+00:00\",\"dateModified\":\"2025-04-03T09:02:17+00:00\",\"mainEntityOfPage\":{\"@id\":\"https:\\\/\\\/www.rmcr.org\\\/en\\\/2018\\\/10\\\/04\\\/biblioteca-rmr-no-58-grabados-de-arquitectura-en-los-libros-de-viajeros-del-siglo-xix-octubre-2018\\\/\"},\"wordCount\":773,\"commentCount\":0,\"publisher\":{\"@id\":\"https:\\\/\\\/www.rmcr.org\\\/en\\\/#organization\"},\"image\":{\"@id\":\"https:\\\/\\\/www.rmcr.org\\\/en\\\/2018\\\/10\\\/04\\\/biblioteca-rmr-no-58-grabados-de-arquitectura-en-los-libros-de-viajeros-del-siglo-xix-octubre-2018\\\/#primaryimage\"},\"thumbnailUrl\":\"https:\\\/\\\/www.rmcr.org\\\/wp-content\\\/uploads\\\/2018\\\/10\\\/alh-gen.jpg\",\"keywords\":[\"Arquitectura\",\"Bibliograf\u00edas\",\"Biblioteca\",\"Biblioteca-RMR\",\"Bolet\u00edn mensual bibliogr\u00e1fico\",\"Grabados\",\"Libros\",\"Literatura de viajes\"],\"articleSection\":[\"Biblioteca\",\"Bolet\u00edn bibliogr\u00e1fico Biblioteca-RMR\"],\"inLanguage\":\"en-US\",\"potentialAction\":[{\"@type\":\"CommentAction\",\"name\":\"Comment\",\"target\":[\"https:\\\/\\\/www.rmcr.org\\\/en\\\/2018\\\/10\\\/04\\\/biblioteca-rmr-no-58-grabados-de-arquitectura-en-los-libros-de-viajeros-del-siglo-xix-octubre-2018\\\/#respond\"]}]},{\"@type\":\"WebPage\",\"@id\":\"https:\\\/\\\/www.rmcr.org\\\/en\\\/2018\\\/10\\\/04\\\/biblioteca-rmr-no-58-grabados-de-arquitectura-en-los-libros-de-viajeros-del-siglo-xix-octubre-2018\\\/\",\"url\":\"https:\\\/\\\/www.rmcr.org\\\/en\\\/2018\\\/10\\\/04\\\/biblioteca-rmr-no-58-grabados-de-arquitectura-en-los-libros-de-viajeros-del-siglo-xix-octubre-2018\\\/\",\"name\":\"Biblioteca-RMR: N\u00ba 58. Grabados de arquitectura en los libros de viajeros del siglo XIX. Octubre 2018. - Real Maestranza de Caballer\u00eda de Ronda\",\"isPartOf\":{\"@id\":\"https:\\\/\\\/www.rmcr.org\\\/en\\\/#website\"},\"primaryImageOfPage\":{\"@id\":\"https:\\\/\\\/www.rmcr.org\\\/en\\\/2018\\\/10\\\/04\\\/biblioteca-rmr-no-58-grabados-de-arquitectura-en-los-libros-de-viajeros-del-siglo-xix-octubre-2018\\\/#primaryimage\"},\"image\":{\"@id\":\"https:\\\/\\\/www.rmcr.org\\\/en\\\/2018\\\/10\\\/04\\\/biblioteca-rmr-no-58-grabados-de-arquitectura-en-los-libros-de-viajeros-del-siglo-xix-octubre-2018\\\/#primaryimage\"},\"thumbnailUrl\":\"https:\\\/\\\/www.rmcr.org\\\/wp-content\\\/uploads\\\/2018\\\/10\\\/alh-gen.jpg\",\"datePublished\":\"2018-10-04T11:25:32+00:00\",\"dateModified\":\"2025-04-03T09:02:17+00:00\",\"breadcrumb\":{\"@id\":\"https:\\\/\\\/www.rmcr.org\\\/en\\\/2018\\\/10\\\/04\\\/biblioteca-rmr-no-58-grabados-de-arquitectura-en-los-libros-de-viajeros-del-siglo-xix-octubre-2018\\\/#breadcrumb\"},\"inLanguage\":\"en-US\",\"potentialAction\":[{\"@type\":\"ReadAction\",\"target\":[\"https:\\\/\\\/www.rmcr.org\\\/en\\\/2018\\\/10\\\/04\\\/biblioteca-rmr-no-58-grabados-de-arquitectura-en-los-libros-de-viajeros-del-siglo-xix-octubre-2018\\\/\"]}]},{\"@type\":\"ImageObject\",\"inLanguage\":\"en-US\",\"@id\":\"https:\\\/\\\/www.rmcr.org\\\/en\\\/2018\\\/10\\\/04\\\/biblioteca-rmr-no-58-grabados-de-arquitectura-en-los-libros-de-viajeros-del-siglo-xix-octubre-2018\\\/#primaryimage\",\"url\":\"https:\\\/\\\/www.rmcr.org\\\/wp-content\\\/uploads\\\/2018\\\/10\\\/alh-gen.jpg\",\"contentUrl\":\"https:\\\/\\\/www.rmcr.org\\\/wp-content\\\/uploads\\\/2018\\\/10\\\/alh-gen.jpg\",\"width\":482,\"height\":143},{\"@type\":\"BreadcrumbList\",\"@id\":\"https:\\\/\\\/www.rmcr.org\\\/en\\\/2018\\\/10\\\/04\\\/biblioteca-rmr-no-58-grabados-de-arquitectura-en-los-libros-de-viajeros-del-siglo-xix-octubre-2018\\\/#breadcrumb\",\"itemListElement\":[{\"@type\":\"ListItem\",\"position\":1,\"name\":\"REAL MAESTRANZA DE CABALLER\u00cdA DE RONDA\",\"item\":\"https:\\\/\\\/www.rmcr.org\\\/en\\\/\"},{\"@type\":\"ListItem\",\"position\":2,\"name\":\"Biblioteca-RMR: N\u00ba 58. Grabados de arquitectura en los libros de viajeros del siglo XIX. Octubre 2018.\"}]},{\"@type\":\"WebSite\",\"@id\":\"https:\\\/\\\/www.rmcr.org\\\/en\\\/#website\",\"url\":\"https:\\\/\\\/www.rmcr.org\\\/en\\\/\",\"name\":\"Real Maestranza de Caballer\u00eda de Ronda\",\"description\":\"Real Maestranza de Caballer\u00eda de Ronda\",\"publisher\":{\"@id\":\"https:\\\/\\\/www.rmcr.org\\\/en\\\/#organization\"},\"alternateName\":\"RMCR\",\"potentialAction\":[{\"@type\":\"SearchAction\",\"target\":{\"@type\":\"EntryPoint\",\"urlTemplate\":\"https:\\\/\\\/www.rmcr.org\\\/en\\\/?s={search_term_string}\"},\"query-input\":{\"@type\":\"PropertyValueSpecification\",\"valueRequired\":true,\"valueName\":\"search_term_string\"}}],\"inLanguage\":\"en-US\"},{\"@type\":\"Organization\",\"@id\":\"https:\\\/\\\/www.rmcr.org\\\/en\\\/#organization\",\"name\":\"Real Maestranza de Caballer\u00eda de Ronda\",\"alternateName\":\"RMR\",\"url\":\"https:\\\/\\\/www.rmcr.org\\\/en\\\/\",\"logo\":{\"@type\":\"ImageObject\",\"inLanguage\":\"en-US\",\"@id\":\"https:\\\/\\\/www.rmcr.org\\\/en\\\/#\\\/schema\\\/logo\\\/image\\\/\",\"url\":\"https:\\\/\\\/www.rmcr.org\\\/wp-content\\\/uploads\\\/2022\\\/07\\\/logo-rmr-blue.svg\",\"contentUrl\":\"https:\\\/\\\/www.rmcr.org\\\/wp-content\\\/uploads\\\/2022\\\/07\\\/logo-rmr-blue.svg\",\"width\":131,\"height\":129,\"caption\":\"Real Maestranza de Caballer\u00eda de Ronda\"},\"image\":{\"@id\":\"https:\\\/\\\/www.rmcr.org\\\/en\\\/#\\\/schema\\\/logo\\\/image\\\/\"},\"sameAs\":[\"https:\\\/\\\/www.facebook.com\\\/plazadetorosronda\",\"https:\\\/\\\/x.com\\\/PlazatorosRMR\",\"https:\\\/\\\/www.instagram.com\\\/realmaestranzaderonda\\\/\",\"https:\\\/\\\/www.youtube.com\\\/channel\\\/UCrbO5IUN-8v_QML739vM4zg\\\/videos\"]},{\"@type\":\"Person\",\"@id\":\"https:\\\/\\\/www.rmcr.org\\\/en\\\/#\\\/schema\\\/person\\\/80849edee7ef556893505128619ea1d0\",\"name\":\"BIBLIOTECA\",\"image\":{\"@type\":\"ImageObject\",\"inLanguage\":\"en-US\",\"@id\":\"https:\\\/\\\/www.rmcr.org\\\/wp-content\\\/uploads\\\/2022\\\/11\\\/avatar-rmcr-96x96.png\",\"url\":\"https:\\\/\\\/www.rmcr.org\\\/wp-content\\\/uploads\\\/2022\\\/11\\\/avatar-rmcr-96x96.png\",\"contentUrl\":\"https:\\\/\\\/www.rmcr.org\\\/wp-content\\\/uploads\\\/2022\\\/11\\\/avatar-rmcr-96x96.png\",\"caption\":\"BIBLIOTECA\"},\"url\":\"https:\\\/\\\/www.rmcr.org\\\/en\\\/author\\\/juan-antonio-moreno\\\/\"}]}<\/script>\n<!-- \/ Yoast SEO plugin. -->","yoast_head_json":{"title":"Biblioteca-RMR: N\u00ba 58. Grabados de arquitectura en los libros de viajeros del siglo XIX. Octubre 2018. - Real Maestranza de Caballer\u00eda de Ronda","robots":{"index":"index","follow":"follow","max-snippet":"max-snippet:-1","max-image-preview":"max-image-preview:large","max-video-preview":"max-video-preview:-1"},"canonical":"https:\/\/www.rmcr.org\/en\/2018\/10\/04\/biblioteca-rmr-no-58-grabados-de-arquitectura-en-los-libros-de-viajeros-del-siglo-xix-octubre-2018\/","og_locale":"en_US","og_type":"article","og_title":"Biblioteca-RMR: N\u00ba 58. Grabados de arquitectura en los libros de viajeros del siglo XIX. Octubre 2018. - Real Maestranza de Caballer\u00eda de Ronda","og_description":"\u00b7 MONOGR\u00c1FICO \u00b7 \u00b7 BIBLIOTECA DE LA REAL MAESTRANZA DE CABALLER\u00cdA DE RONDA \u00b7 \u00b7 OCTUBRE 2018 \u00b7 \u00b7 FONDO LITERATURA DE VIAJES \u00b7 Como todos los a\u00f1os desde 1986, la Uni\u00f3n Internacional de Arquitectos promueve la celebraci\u00f3n del D\u00eda Mundial de la Arquitectura. Tradicionalmente tiene lugar el primer lunes de octubre, coincidiendo con el [&hellip;]","og_url":"https:\/\/www.rmcr.org\/en\/2018\/10\/04\/biblioteca-rmr-no-58-grabados-de-arquitectura-en-los-libros-de-viajeros-del-siglo-xix-octubre-2018\/","og_site_name":"Real Maestranza de Caballer\u00eda de Ronda","article_publisher":"https:\/\/www.facebook.com\/plazadetorosronda","article_published_time":"2018-10-04T11:25:32+00:00","article_modified_time":"2025-04-03T09:02:17+00:00","og_image":[{"width":482,"height":143,"url":"https:\/\/www.rmcr.org\/wp-content\/uploads\/2018\/10\/alh-gen.jpg","type":"image\/jpeg"}],"author":"BIBLIOTECA","twitter_card":"summary_large_image","twitter_creator":"@PlazatorosRMR","twitter_site":"@PlazatorosRMR","twitter_misc":{"Written by":"BIBLIOTECA","Est. reading time":"4 minutes"},"schema":{"@context":"https:\/\/schema.org","@graph":[{"@type":"Article","@id":"https:\/\/www.rmcr.org\/en\/2018\/10\/04\/biblioteca-rmr-no-58-grabados-de-arquitectura-en-los-libros-de-viajeros-del-siglo-xix-octubre-2018\/#article","isPartOf":{"@id":"https:\/\/www.rmcr.org\/en\/2018\/10\/04\/biblioteca-rmr-no-58-grabados-de-arquitectura-en-los-libros-de-viajeros-del-siglo-xix-octubre-2018\/"},"author":{"name":"BIBLIOTECA","@id":"https:\/\/www.rmcr.org\/en\/#\/schema\/person\/80849edee7ef556893505128619ea1d0"},"headline":"Biblioteca-RMR: N\u00ba 58. Grabados de arquitectura en los libros de viajeros del siglo XIX. Octubre 2018.","datePublished":"2018-10-04T11:25:32+00:00","dateModified":"2025-04-03T09:02:17+00:00","mainEntityOfPage":{"@id":"https:\/\/www.rmcr.org\/en\/2018\/10\/04\/biblioteca-rmr-no-58-grabados-de-arquitectura-en-los-libros-de-viajeros-del-siglo-xix-octubre-2018\/"},"wordCount":773,"commentCount":0,"publisher":{"@id":"https:\/\/www.rmcr.org\/en\/#organization"},"image":{"@id":"https:\/\/www.rmcr.org\/en\/2018\/10\/04\/biblioteca-rmr-no-58-grabados-de-arquitectura-en-los-libros-de-viajeros-del-siglo-xix-octubre-2018\/#primaryimage"},"thumbnailUrl":"https:\/\/www.rmcr.org\/wp-content\/uploads\/2018\/10\/alh-gen.jpg","keywords":["Arquitectura","Bibliograf\u00edas","Biblioteca","Biblioteca-RMR","Bolet\u00edn mensual bibliogr\u00e1fico","Grabados","Libros","Literatura de viajes"],"articleSection":["Biblioteca","Bolet\u00edn bibliogr\u00e1fico Biblioteca-RMR"],"inLanguage":"en-US","potentialAction":[{"@type":"CommentAction","name":"Comment","target":["https:\/\/www.rmcr.org\/en\/2018\/10\/04\/biblioteca-rmr-no-58-grabados-de-arquitectura-en-los-libros-de-viajeros-del-siglo-xix-octubre-2018\/#respond"]}]},{"@type":"WebPage","@id":"https:\/\/www.rmcr.org\/en\/2018\/10\/04\/biblioteca-rmr-no-58-grabados-de-arquitectura-en-los-libros-de-viajeros-del-siglo-xix-octubre-2018\/","url":"https:\/\/www.rmcr.org\/en\/2018\/10\/04\/biblioteca-rmr-no-58-grabados-de-arquitectura-en-los-libros-de-viajeros-del-siglo-xix-octubre-2018\/","name":"Biblioteca-RMR: N\u00ba 58. Grabados de arquitectura en los libros de viajeros del siglo XIX. Octubre 2018. - Real Maestranza de Caballer\u00eda de Ronda","isPartOf":{"@id":"https:\/\/www.rmcr.org\/en\/#website"},"primaryImageOfPage":{"@id":"https:\/\/www.rmcr.org\/en\/2018\/10\/04\/biblioteca-rmr-no-58-grabados-de-arquitectura-en-los-libros-de-viajeros-del-siglo-xix-octubre-2018\/#primaryimage"},"image":{"@id":"https:\/\/www.rmcr.org\/en\/2018\/10\/04\/biblioteca-rmr-no-58-grabados-de-arquitectura-en-los-libros-de-viajeros-del-siglo-xix-octubre-2018\/#primaryimage"},"thumbnailUrl":"https:\/\/www.rmcr.org\/wp-content\/uploads\/2018\/10\/alh-gen.jpg","datePublished":"2018-10-04T11:25:32+00:00","dateModified":"2025-04-03T09:02:17+00:00","breadcrumb":{"@id":"https:\/\/www.rmcr.org\/en\/2018\/10\/04\/biblioteca-rmr-no-58-grabados-de-arquitectura-en-los-libros-de-viajeros-del-siglo-xix-octubre-2018\/#breadcrumb"},"inLanguage":"en-US","potentialAction":[{"@type":"ReadAction","target":["https:\/\/www.rmcr.org\/en\/2018\/10\/04\/biblioteca-rmr-no-58-grabados-de-arquitectura-en-los-libros-de-viajeros-del-siglo-xix-octubre-2018\/"]}]},{"@type":"ImageObject","inLanguage":"en-US","@id":"https:\/\/www.rmcr.org\/en\/2018\/10\/04\/biblioteca-rmr-no-58-grabados-de-arquitectura-en-los-libros-de-viajeros-del-siglo-xix-octubre-2018\/#primaryimage","url":"https:\/\/www.rmcr.org\/wp-content\/uploads\/2018\/10\/alh-gen.jpg","contentUrl":"https:\/\/www.rmcr.org\/wp-content\/uploads\/2018\/10\/alh-gen.jpg","width":482,"height":143},{"@type":"BreadcrumbList","@id":"https:\/\/www.rmcr.org\/en\/2018\/10\/04\/biblioteca-rmr-no-58-grabados-de-arquitectura-en-los-libros-de-viajeros-del-siglo-xix-octubre-2018\/#breadcrumb","itemListElement":[{"@type":"ListItem","position":1,"name":"REAL MAESTRANZA DE CABALLER\u00cdA DE RONDA","item":"https:\/\/www.rmcr.org\/en\/"},{"@type":"ListItem","position":2,"name":"Biblioteca-RMR: N\u00ba 58. Grabados de arquitectura en los libros de viajeros del siglo XIX. Octubre 2018."}]},{"@type":"WebSite","@id":"https:\/\/www.rmcr.org\/en\/#website","url":"https:\/\/www.rmcr.org\/en\/","name":"Real Maestranza de Caballer\u00eda de Ronda","description":"Real Maestranza de Caballer\u00eda de Ronda","publisher":{"@id":"https:\/\/www.rmcr.org\/en\/#organization"},"alternateName":"RMCR","potentialAction":[{"@type":"SearchAction","target":{"@type":"EntryPoint","urlTemplate":"https:\/\/www.rmcr.org\/en\/?s={search_term_string}"},"query-input":{"@type":"PropertyValueSpecification","valueRequired":true,"valueName":"search_term_string"}}],"inLanguage":"en-US"},{"@type":"Organization","@id":"https:\/\/www.rmcr.org\/en\/#organization","name":"Real Maestranza de Caballer\u00eda de Ronda","alternateName":"RMR","url":"https:\/\/www.rmcr.org\/en\/","logo":{"@type":"ImageObject","inLanguage":"en-US","@id":"https:\/\/www.rmcr.org\/en\/#\/schema\/logo\/image\/","url":"https:\/\/www.rmcr.org\/wp-content\/uploads\/2022\/07\/logo-rmr-blue.svg","contentUrl":"https:\/\/www.rmcr.org\/wp-content\/uploads\/2022\/07\/logo-rmr-blue.svg","width":131,"height":129,"caption":"Real Maestranza de Caballer\u00eda de Ronda"},"image":{"@id":"https:\/\/www.rmcr.org\/en\/#\/schema\/logo\/image\/"},"sameAs":["https:\/\/www.facebook.com\/plazadetorosronda","https:\/\/x.com\/PlazatorosRMR","https:\/\/www.instagram.com\/realmaestranzaderonda\/","https:\/\/www.youtube.com\/channel\/UCrbO5IUN-8v_QML739vM4zg\/videos"]},{"@type":"Person","@id":"https:\/\/www.rmcr.org\/en\/#\/schema\/person\/80849edee7ef556893505128619ea1d0","name":"BIBLIOTECA","image":{"@type":"ImageObject","inLanguage":"en-US","@id":"https:\/\/www.rmcr.org\/wp-content\/uploads\/2022\/11\/avatar-rmcr-96x96.png","url":"https:\/\/www.rmcr.org\/wp-content\/uploads\/2022\/11\/avatar-rmcr-96x96.png","contentUrl":"https:\/\/www.rmcr.org\/wp-content\/uploads\/2022\/11\/avatar-rmcr-96x96.png","caption":"BIBLIOTECA"},"url":"https:\/\/www.rmcr.org\/en\/author\/juan-antonio-moreno\/"}]}},"_links":{"self":[{"href":"https:\/\/www.rmcr.org\/en\/wp-json\/wp\/v2\/posts\/6201","targetHints":{"allow":["GET"]}}],"collection":[{"href":"https:\/\/www.rmcr.org\/en\/wp-json\/wp\/v2\/posts"}],"about":[{"href":"https:\/\/www.rmcr.org\/en\/wp-json\/wp\/v2\/types\/post"}],"author":[{"embeddable":true,"href":"https:\/\/www.rmcr.org\/en\/wp-json\/wp\/v2\/users\/2"}],"replies":[{"embeddable":true,"href":"https:\/\/www.rmcr.org\/en\/wp-json\/wp\/v2\/comments?post=6201"}],"version-history":[{"count":1,"href":"https:\/\/www.rmcr.org\/en\/wp-json\/wp\/v2\/posts\/6201\/revisions"}],"predecessor-version":[{"id":22205,"href":"https:\/\/www.rmcr.org\/en\/wp-json\/wp\/v2\/posts\/6201\/revisions\/22205"}],"wp:featuredmedia":[{"embeddable":true,"href":"https:\/\/www.rmcr.org\/en\/wp-json\/wp\/v2\/media\/1793"}],"wp:attachment":[{"href":"https:\/\/www.rmcr.org\/en\/wp-json\/wp\/v2\/media?parent=6201"}],"wp:term":[{"taxonomy":"category","embeddable":true,"href":"https:\/\/www.rmcr.org\/en\/wp-json\/wp\/v2\/categories?post=6201"},{"taxonomy":"post_tag","embeddable":true,"href":"https:\/\/www.rmcr.org\/en\/wp-json\/wp\/v2\/tags?post=6201"}],"curies":[{"name":"wp","href":"https:\/\/api.w.org\/{rel}","templated":true}]}}