{"id":6200,"date":"2018-09-01T13:31:02","date_gmt":"2018-09-01T13:31:02","guid":{"rendered":"https:\/\/www.rmcr.org\/?p=6200"},"modified":"2025-04-03T09:02:39","modified_gmt":"2025-04-03T09:02:39","slug":"biblioteca-rmr-no-57-antonio-ordonez-y-la-goyesca-de-ronda-septiembre-2018","status":"publish","type":"post","link":"https:\/\/www.rmcr.org\/en\/2018\/09\/01\/biblioteca-rmr-no-57-antonio-ordonez-y-la-goyesca-de-ronda-septiembre-2018\/","title":{"rendered":"Biblioteca-RMR: N\u00ba 57. Antonio Ord\u00f3\u00f1ez y la Goyesca de Ronda. Septiembre 2018."},"content":{"rendered":"<p style=\"text-align:center;\"><span ><strong>\u00b7 MONOGR\u00c1FICO \u00b7<\/strong><\/span><br \/>\n<span ><strong>\u00b7 BIBLIOTECA DE LA REAL MAESTRANZA DE CABALLER\u00cdA DE RONDA \u00b7<\/strong><\/span><br \/>\n<span ><strong>\u00b7 SEPTIEMBRE 2018 \u00b7<\/strong><\/span><\/p>\n<p style=\"text-align:center;\"><span ><strong>\u00b7 FONDO TAUROMAQUIA \u00b7<\/strong><\/span><\/p>\n<p><span >A finales del presente a\u00f1o, concretamente el 19 de diciembre, se cumplir\u00e1n 20 a\u00f1os del fallecimiento de Antonio Ord\u00f3\u00f1ez Araujo (Ronda 1932-Sevilla 1998), considerado por muchos el torero m\u00e1s importante del siglo XX, y principal exponente de la denominada escuela ronde\u00f1a del toreo.<\/span><\/p>\n<p><span >Su primera aparici\u00f3n en la Corrida Goyesca de Ronda se produjo en 1957, en la segunda edici\u00f3n del universal festejo, de la que terminar\u00eda convirti\u00e9ndose en empresario y principal figura. La Corrida Goyesca ronde\u00f1a no se entiende sin la presencia de Antonio Ord\u00f3\u00f1ez, ya que la historia de ambos van de la mano.<\/span><\/p>\n<p><span >Hoy s\u00e1bado, 1 de septiembre, se celebra la <a href=\"http:\/\/www.rmcr.org\/es\/seleccion_50.html\">62\u00aa edici\u00f3n<\/a>, en una cita en la que est\u00e1n anunciados tres grandes diestros del momento, como son Morante de la Puebla, Cayetano y Andr\u00e9s Roca Rey. Francisco Rivera Ord\u00f3\u00f1ez, continuador de la saga taurina de los Ord\u00f3\u00f1ez junto a su hermano, tom\u00f3 el relevo de su abuelo en 1999 como empresario taurino de la Plaza de Toros de la Real Maestranza de Caballer\u00eda de Ronda.<\/span><\/p>\n<p><span >En recuerdo del gran maestro ronde\u00f1o, y con motivo de la efem\u00e9ride que se celebra este a\u00f1o, dedicamos la presente entrada a una selecci\u00f3n de publicaciones presentes en la Biblioteca de la Real Maestranza de Caballer\u00eda de Ronda que versan sobre la figura de Antonio Ord\u00f3\u00f1ez, as\u00ed como la historia de la Tradicional Corrida Goyesca de Ronda.<\/span><\/p>\n<p><a href=\"https:\/\/www.rmcr.org\/2018\/08\/cb1020504.jpg\"><img fetchpriority=\"high\" decoding=\"async\" class=\"aligncenter size-full wp-image-1750\" src=\"https:\/\/www.rmcr.org\/wp-content\/uploads\/2018\/08\/cb1020504.jpg\" alt=\"\" width=\"400\" height=\"533\" \/><\/a><\/p>\n<p><span >Antonio Ordonez [sic] : nouveau dieu des arenes vit le roman pathetique de la fortune et de la peur \/ Guillaume Hanoteau et Michel Descamps. &#8212; En: Paris-Match. &#8212; Paris : Paris-Match, 1953. &#8212; N. 222, p. [34]-41.<\/span><\/p>\n<p><a href=\"https:\/\/www.rmcr.org\/2018\/08\/cb1014205.jpg\"><img decoding=\"async\" class=\"aligncenter size-full wp-image-1751\" src=\"https:\/\/www.rmcr.org\/wp-content\/uploads\/2018\/08\/cb1014205.jpg\" alt=\"\" width=\"400\" height=\"579\" \/><\/a><\/p>\n<p><span >Antonio Ord\u00f3\u00f1ez : temporada 1958 \/ [Enrique Vila]. &#8212; Jerez de la Frontera (C\u00e1diz) : Jerez Gr\u00e1fico, 1958. &#8212; [67] p. : principalmente il. ; 25 cm. &#8212; D.L. CA. 119-1958.<\/span><\/p>\n<p><a href=\"https:\/\/www.rmcr.org\/2018\/08\/cb1014200.jpg\"><img decoding=\"async\" class=\"aligncenter size-full wp-image-1752\" src=\"https:\/\/www.rmcr.org\/wp-content\/uploads\/2018\/08\/cb1014200.jpg\" alt=\"\" width=\"400\" height=\"562\" srcset=\"https:\/\/www.rmcr.org\/wp-content\/uploads\/2018\/08\/cb1014200.jpg 400w, https:\/\/www.rmcr.org\/wp-content\/uploads\/2018\/08\/cb1014200-214x300.jpg 214w\" sizes=\"(max-width: 400px) 100vw, 400px\" \/><\/a><\/p>\n<p><span >Conversaciones con Antonio Ord\u00f3\u00f1ez \/ Guillermo Sureda Molina. &#8212; Palma de Mallorca : [s.n.], 1962. &#8212; 44 p., [8] h. de l\u00e1m. ; 22 cm. &#8212; D.L. P.M. 665-1961.<\/span><\/p>\n<p><a href=\"https:\/\/www.rmcr.org\/2018\/08\/cb1008357.jpg\"><img loading=\"lazy\" decoding=\"async\" class=\"aligncenter size-full wp-image-1753\" src=\"https:\/\/www.rmcr.org\/wp-content\/uploads\/2018\/08\/cb1008357.jpg\" alt=\"\" width=\"400\" height=\"401\" \/><\/a><\/p>\n<p><span >N\u00famero uno : [adieux d&#8217;Antonio Ordo\u00f1ez] \/ Jean Cocteau ; photographies, Lucien Clergue. &#8212; Paris : Forces Vives, 1963. &#8212; [32] p. : principalmente il. ; 17&#215;17 cm.<\/span><\/p>\n<p><a href=\"https:\/\/www.rmcr.org\/2018\/08\/cb1021114.jpg\"><img loading=\"lazy\" decoding=\"async\" class=\"aligncenter size-full wp-image-1754\" src=\"https:\/\/www.rmcr.org\/wp-content\/uploads\/2018\/08\/cb1021114.jpg\" alt=\"\" width=\"400\" height=\"595\" \/><\/a><\/p>\n<p><span >Vengo a torear : [ _ _ _ dijo Antonio Ord\u00f3\u00f1ez] \/ Marita de Monserrate ; [pr\u00f3logo de Rafael Campos de Espa\u00f1a]. &#8212; Madrid : Librer\u00eda Merced , 1966. &#8212; 138 p., [24] p. de l\u00e1m. : il. ; 20 cm. &#8212; D.L. M. 5233-1966.<\/span><\/p>\n<p><a href=\"https:\/\/www.rmcr.org\/2018\/08\/cb1022911.jpg\"><img loading=\"lazy\" decoding=\"async\" class=\"aligncenter size-full wp-image-1755\" src=\"https:\/\/www.rmcr.org\/wp-content\/uploads\/2018\/08\/cb1022911.jpg\" alt=\"\" width=\"400\" height=\"504\" \/><\/a><\/p>\n<p><span >In the presence of death : Antonio Ord\u00f3\u00f1ez \/ by Shay Oag. &#8212; London : Barrie &amp; Rockliff, 1968. &#8212; 262 p. : il. ; 26 cm.<\/span><\/p>\n<p><a href=\"https:\/\/www.rmcr.org\/2018\/08\/cb1023091.jpg\"><img loading=\"lazy\" decoding=\"async\" class=\"aligncenter size-full wp-image-1756\" src=\"https:\/\/www.rmcr.org\/wp-content\/uploads\/2018\/08\/cb1023091.jpg\" alt=\"\" width=\"400\" height=\"499\" srcset=\"https:\/\/www.rmcr.org\/wp-content\/uploads\/2018\/08\/cb1023091.jpg 400w, https:\/\/www.rmcr.org\/wp-content\/uploads\/2018\/08\/cb1023091-240x300.jpg 240w\" sizes=\"(max-width: 400px) 100vw, 400px\" \/><\/a><\/p>\n<p><span >Antonio Ord\u00f3\u00f1ez \/ por Joaqu\u00edn Jes\u00fas Gordillo. &#8212; Madrid : Publicaciones Controladas S. A., 1973. &#8212; P. 29-56 : il. ; 29 cm. &#8212; (Los espa\u00f1oles ; 16). &#8212; D.L. M. 27226-1972.<\/span><\/p>\n<p><a href=\"https:\/\/www.rmcr.org\/2018\/08\/cb1001013.jpg\"><img loading=\"lazy\" decoding=\"async\" class=\"aligncenter size-full wp-image-1757\" src=\"https:\/\/www.rmcr.org\/wp-content\/uploads\/2018\/08\/cb1001013.jpg\" alt=\"\" width=\"400\" height=\"470\" \/><\/a><\/p>\n<p><span >Antonio Ordo\u00f1ez : inolvidable \/ Lucien Clergue. &#8212; Biarritz : Atl\u00e1ntica, 1999. &#8212; 109 p. : il. ; 1999. &#8212; (Torer\u00edas). &#8212; ISBN 2-84394-152-0.<\/span><\/p>\n<p><a href=\"https:\/\/www.rmcr.org\/2018\/08\/cb1000962.jpg\"><img loading=\"lazy\" decoding=\"async\" class=\"aligncenter size-full wp-image-1758\" src=\"https:\/\/www.rmcr.org\/wp-content\/uploads\/2018\/08\/cb1000962.jpg\" alt=\"\" width=\"400\" height=\"566\" \/><\/a><\/p>\n<p><span >Antonio Ord\u00f3\u00f1ez : torero de Ronda. &#8212; Ronda : Real Maestranza de Caballer\u00eda, 1999. &#8212; 109 p. : il. ; 24 cm. &#8212; D.L. M. 33592-1999. &#8212; ISBN 84-7506-483-3.<\/span><\/p>\n<p><a href=\"https:\/\/www.rmcr.org\/2018\/08\/cb1002893.jpg\"><img loading=\"lazy\" decoding=\"async\" class=\"aligncenter size-full wp-image-1759\" src=\"https:\/\/www.rmcr.org\/wp-content\/uploads\/2018\/08\/cb1002893.jpg\" alt=\"\" width=\"400\" height=\"564\" \/><\/a><\/p>\n<p><span >Antonio Ord\u00f3\u00f1ez y el toreo de su tiempo. &#8212; Ronda : Real Maestranza de Caballer\u00eda, 2001. &#8212; 171 p. : il. ; 24 cm. &#8212; D.L. M. 35782-2001. &#8212; ISBN 84-7506-498-1.<\/span><\/p>\n<p><a href=\"https:\/\/www.rmcr.org\/2018\/08\/cb1014904.jpg\"><img loading=\"lazy\" decoding=\"async\" class=\"aligncenter size-full wp-image-1761\" src=\"https:\/\/www.rmcr.org\/wp-content\/uploads\/2018\/08\/cb1014904.jpg\" alt=\"\" width=\"400\" height=\"563\" \/><\/a><\/p>\n<p><span >Antonio Ord\u00f3\u00f1ez : natural(mente) \/ Cristina Pad\u00edn Barca, Silvia Pad\u00edn Barca. &#8212; Madrid : Imagine, 2006. &#8212; 255 p. : il. ; 22 cm. &#8212; D.L. M. 33536-2006. &#8212; ISBN 84-95882-95-7.<\/span><\/p>\n<p><a href=\"https:\/\/www.rmcr.org\/2018\/09\/cb1019487.jpg\"><img loading=\"lazy\" decoding=\"async\" class=\"aligncenter size-full wp-image-1762\" src=\"https:\/\/www.rmcr.org\/wp-content\/uploads\/2018\/09\/cb1019487.jpg\" alt=\"\" width=\"400\" height=\"645\" \/><\/a><\/p>\n<p><span >50 Goyescas 50 : carteles taurinos 1954-2006 : [Ronda, Convento de Santo Domingo, agosto-septiembre 2006] \/ comisario, Faustino Peralta Carrasco. &#8212; Ronda : Ayuntamiento : Fundaci\u00f3n Unicaja, 2006. &#8212; 12 p. : principalmente il. ; 45 cm.<\/span><\/p>\n<p><a href=\"https:\/\/www.rmcr.org\/2018\/09\/cb1014251.jpg\"><img loading=\"lazy\" decoding=\"async\" class=\"aligncenter size-full wp-image-1763\" src=\"https:\/\/www.rmcr.org\/wp-content\/uploads\/2018\/09\/cb1014251.jpg\" alt=\"\" width=\"400\" height=\"559\" srcset=\"https:\/\/www.rmcr.org\/wp-content\/uploads\/2018\/09\/cb1014251.jpg 400w, https:\/\/www.rmcr.org\/wp-content\/uploads\/2018\/09\/cb1014251-215x300.jpg 215w\" sizes=\"(max-width: 400px) 100vw, 400px\" \/><\/a><\/p>\n<p><span >La Goyesca : 50 a\u00f1os de historia : [cat\u00e1logo : sala de exposiciones Unicaja-Ronda : del 23 de agosto al 30 de septiembre de 2006] \/ [comisario, Pepe S\u00e1nchez Ponce ; textos, Antonio Roche, Antonio Abad]. &#8212; Ronda : Unicaja-Fundaci\u00f3n, 2006. &#8212; 61 p. : principalmente il. ; 27 cm. &#8212; D.L. MA. 1225-2006.<\/span><\/p>\n<p><a href=\"https:\/\/www.rmcr.org\/2018\/09\/cb1014028.jpg\"><img loading=\"lazy\" decoding=\"async\" class=\"aligncenter size-full wp-image-1764\" src=\"https:\/\/www.rmcr.org\/wp-content\/uploads\/2018\/09\/cb1014028.jpg\" alt=\"\" width=\"400\" height=\"560\" \/><\/a><\/p>\n<p><span >Ronda : 50 Goyescas so\u00f1ando el toreo. &#8212; Madrid : Francisco Rivera Ord\u00f3\u00f1ez, 2006. &#8212; 237 p. : il. ; 21&#215;29 cm + 1 DVD. &#8212; D.L. M. 35215-2006.<\/span><\/p>\n<p><a href=\"https:\/\/www.rmcr.org\/2018\/09\/cb1019016.jpg\"><img loading=\"lazy\" decoding=\"async\" class=\"aligncenter size-full wp-image-1765\" src=\"https:\/\/www.rmcr.org\/wp-content\/uploads\/2018\/09\/cb1019016.jpg\" alt=\"\" width=\"400\" height=\"564\" \/><\/a><\/p>\n<p style=\"text-align:left;\"><span >Antonio Ord\u00f3\u00f1ez en el recuerdo : del 26 de septiembre al 12 de octubre, Plaza Monumental de Las Ventas, Sala Antonio Bienvenida \/ Centro de Asuntos Taurinos de la Comunidad de Madrid, Real Maestranza de Caballer\u00eda de Ronda ; coordinaci\u00f3n general, Carlos Abella Mart\u00edn ; comisario, Pedro Romero de Sol\u00eds. &#8212; Madrid : Centro de Asuntos Taurinos, 2008. &#8212; 189 p. : il. ; 23&#215;20 cm. &#8212; D.L. SE. 4777-2008.<\/span><\/p>\n","protected":false},"excerpt":{"rendered":"<p>\u00b7 MONOGR\u00c1FICO \u00b7 \u00b7 BIBLIOTECA DE LA REAL MAESTRANZA DE CABALLER\u00cdA DE RONDA \u00b7 \u00b7 SEPTIEMBRE 2018 \u00b7 \u00b7 FONDO TAUROMAQUIA \u00b7 A finales del presente a\u00f1o, concretamente el 19 de diciembre, se cumplir\u00e1n 20 a\u00f1os del fallecimiento de Antonio Ord\u00f3\u00f1ez Araujo (Ronda 1932-Sevilla 1998), considerado por muchos el torero m\u00e1s importante del siglo XX, [&hellip;]<\/p>\n","protected":false},"author":2,"featured_media":1770,"comment_status":"open","ping_status":"open","sticky":false,"template":"","format":"standard","meta":{"footnotes":""},"categories":[140,791],"tags":[232,237,105,252,176,114,189],"class_list":["post-6200","post","type-post","status-publish","format-standard","has-post-thumbnail","hentry","category-biblioteca","category-boletin-bibliografico-biblioteca-rmr","tag-antonio-ordonez-araujo","tag-bibliografias","tag-biblioteca-general","tag-biblioteca-rmr","tag-boletin-mensual-bibliografico","tag-ronda","tag-tauromaquia"],"yoast_head":"<!-- This site is optimized with the Yoast SEO plugin v27.5 - https:\/\/yoast.com\/product\/yoast-seo-wordpress\/ -->\n<title>Biblioteca-RMR: N\u00ba 57. Antonio Ord\u00f3\u00f1ez y la Goyesca de Ronda. Septiembre 2018. - Real Maestranza de Caballer\u00eda de Ronda<\/title>\n<meta name=\"robots\" content=\"index, follow, max-snippet:-1, max-image-preview:large, max-video-preview:-1\" \/>\n<link rel=\"canonical\" href=\"https:\/\/www.rmcr.org\/en\/2018\/09\/01\/biblioteca-rmr-no-57-antonio-ordonez-y-la-goyesca-de-ronda-septiembre-2018\/\" \/>\n<meta property=\"og:locale\" content=\"en_US\" \/>\n<meta property=\"og:type\" content=\"article\" \/>\n<meta property=\"og:title\" content=\"Biblioteca-RMR: N\u00ba 57. Antonio Ord\u00f3\u00f1ez y la Goyesca de Ronda. Septiembre 2018. - Real Maestranza de Caballer\u00eda de Ronda\" \/>\n<meta property=\"og:description\" content=\"\u00b7 MONOGR\u00c1FICO \u00b7 \u00b7 BIBLIOTECA DE LA REAL MAESTRANZA DE CABALLER\u00cdA DE RONDA \u00b7 \u00b7 SEPTIEMBRE 2018 \u00b7 \u00b7 FONDO TAUROMAQUIA \u00b7 A finales del presente a\u00f1o, concretamente el 19 de diciembre, se cumplir\u00e1n 20 a\u00f1os del fallecimiento de Antonio Ord\u00f3\u00f1ez Araujo (Ronda 1932-Sevilla 1998), considerado por muchos el torero m\u00e1s importante del siglo XX, [&hellip;]\" \/>\n<meta property=\"og:url\" content=\"https:\/\/www.rmcr.org\/en\/2018\/09\/01\/biblioteca-rmr-no-57-antonio-ordonez-y-la-goyesca-de-ronda-septiembre-2018\/\" \/>\n<meta property=\"og:site_name\" content=\"Real Maestranza de Caballer\u00eda de Ronda\" \/>\n<meta property=\"article:publisher\" content=\"https:\/\/www.facebook.com\/plazadetorosronda\" \/>\n<meta property=\"article:published_time\" content=\"2018-09-01T13:31:02+00:00\" \/>\n<meta property=\"article:modified_time\" content=\"2025-04-03T09:02:39+00:00\" \/>\n<meta property=\"og:image\" content=\"https:\/\/www.rmcr.org\/wp-content\/uploads\/2018\/09\/ant_ord.jpg\" \/>\n\t<meta property=\"og:image:width\" content=\"482\" \/>\n\t<meta property=\"og:image:height\" content=\"144\" \/>\n\t<meta property=\"og:image:type\" content=\"image\/jpeg\" \/>\n<meta name=\"author\" content=\"BIBLIOTECA\" \/>\n<meta name=\"twitter:card\" content=\"summary_large_image\" \/>\n<meta name=\"twitter:creator\" content=\"@PlazatorosRMR\" \/>\n<meta name=\"twitter:site\" content=\"@PlazatorosRMR\" \/>\n<meta name=\"twitter:label1\" content=\"Written by\" \/>\n\t<meta name=\"twitter:data1\" content=\"BIBLIOTECA\" \/>\n\t<meta name=\"twitter:label2\" content=\"Est. reading time\" \/>\n\t<meta name=\"twitter:data2\" content=\"4 minutes\" \/>\n<script type=\"application\/ld+json\" class=\"yoast-schema-graph\">{\"@context\":\"https:\\\/\\\/schema.org\",\"@graph\":[{\"@type\":\"Article\",\"@id\":\"https:\\\/\\\/www.rmcr.org\\\/en\\\/2018\\\/09\\\/01\\\/biblioteca-rmr-no-57-antonio-ordonez-y-la-goyesca-de-ronda-septiembre-2018\\\/#article\",\"isPartOf\":{\"@id\":\"https:\\\/\\\/www.rmcr.org\\\/en\\\/2018\\\/09\\\/01\\\/biblioteca-rmr-no-57-antonio-ordonez-y-la-goyesca-de-ronda-septiembre-2018\\\/\"},\"author\":{\"name\":\"BIBLIOTECA\",\"@id\":\"https:\\\/\\\/www.rmcr.org\\\/en\\\/#\\\/schema\\\/person\\\/80849edee7ef556893505128619ea1d0\"},\"headline\":\"Biblioteca-RMR: N\u00ba 57. Antonio Ord\u00f3\u00f1ez y la Goyesca de Ronda. Septiembre 2018.\",\"datePublished\":\"2018-09-01T13:31:02+00:00\",\"dateModified\":\"2025-04-03T09:02:39+00:00\",\"mainEntityOfPage\":{\"@id\":\"https:\\\/\\\/www.rmcr.org\\\/en\\\/2018\\\/09\\\/01\\\/biblioteca-rmr-no-57-antonio-ordonez-y-la-goyesca-de-ronda-septiembre-2018\\\/\"},\"wordCount\":728,\"commentCount\":0,\"publisher\":{\"@id\":\"https:\\\/\\\/www.rmcr.org\\\/en\\\/#organization\"},\"image\":{\"@id\":\"https:\\\/\\\/www.rmcr.org\\\/en\\\/2018\\\/09\\\/01\\\/biblioteca-rmr-no-57-antonio-ordonez-y-la-goyesca-de-ronda-septiembre-2018\\\/#primaryimage\"},\"thumbnailUrl\":\"https:\\\/\\\/www.rmcr.org\\\/wp-content\\\/uploads\\\/2018\\\/09\\\/ant_ord.jpg\",\"keywords\":[\"Antonio Ord\u00f3\u00f1ez Araujo\",\"Bibliograf\u00edas\",\"Biblioteca\",\"Biblioteca-RMR\",\"Bolet\u00edn mensual bibliogr\u00e1fico\",\"Ronda\",\"Tauromaquia\"],\"articleSection\":[\"Biblioteca\",\"Bolet\u00edn bibliogr\u00e1fico Biblioteca-RMR\"],\"inLanguage\":\"en-US\",\"potentialAction\":[{\"@type\":\"CommentAction\",\"name\":\"Comment\",\"target\":[\"https:\\\/\\\/www.rmcr.org\\\/en\\\/2018\\\/09\\\/01\\\/biblioteca-rmr-no-57-antonio-ordonez-y-la-goyesca-de-ronda-septiembre-2018\\\/#respond\"]}]},{\"@type\":\"WebPage\",\"@id\":\"https:\\\/\\\/www.rmcr.org\\\/en\\\/2018\\\/09\\\/01\\\/biblioteca-rmr-no-57-antonio-ordonez-y-la-goyesca-de-ronda-septiembre-2018\\\/\",\"url\":\"https:\\\/\\\/www.rmcr.org\\\/en\\\/2018\\\/09\\\/01\\\/biblioteca-rmr-no-57-antonio-ordonez-y-la-goyesca-de-ronda-septiembre-2018\\\/\",\"name\":\"Biblioteca-RMR: N\u00ba 57. Antonio Ord\u00f3\u00f1ez y la Goyesca de Ronda. Septiembre 2018. - Real Maestranza de Caballer\u00eda de Ronda\",\"isPartOf\":{\"@id\":\"https:\\\/\\\/www.rmcr.org\\\/en\\\/#website\"},\"primaryImageOfPage\":{\"@id\":\"https:\\\/\\\/www.rmcr.org\\\/en\\\/2018\\\/09\\\/01\\\/biblioteca-rmr-no-57-antonio-ordonez-y-la-goyesca-de-ronda-septiembre-2018\\\/#primaryimage\"},\"image\":{\"@id\":\"https:\\\/\\\/www.rmcr.org\\\/en\\\/2018\\\/09\\\/01\\\/biblioteca-rmr-no-57-antonio-ordonez-y-la-goyesca-de-ronda-septiembre-2018\\\/#primaryimage\"},\"thumbnailUrl\":\"https:\\\/\\\/www.rmcr.org\\\/wp-content\\\/uploads\\\/2018\\\/09\\\/ant_ord.jpg\",\"datePublished\":\"2018-09-01T13:31:02+00:00\",\"dateModified\":\"2025-04-03T09:02:39+00:00\",\"breadcrumb\":{\"@id\":\"https:\\\/\\\/www.rmcr.org\\\/en\\\/2018\\\/09\\\/01\\\/biblioteca-rmr-no-57-antonio-ordonez-y-la-goyesca-de-ronda-septiembre-2018\\\/#breadcrumb\"},\"inLanguage\":\"en-US\",\"potentialAction\":[{\"@type\":\"ReadAction\",\"target\":[\"https:\\\/\\\/www.rmcr.org\\\/en\\\/2018\\\/09\\\/01\\\/biblioteca-rmr-no-57-antonio-ordonez-y-la-goyesca-de-ronda-septiembre-2018\\\/\"]}]},{\"@type\":\"ImageObject\",\"inLanguage\":\"en-US\",\"@id\":\"https:\\\/\\\/www.rmcr.org\\\/en\\\/2018\\\/09\\\/01\\\/biblioteca-rmr-no-57-antonio-ordonez-y-la-goyesca-de-ronda-septiembre-2018\\\/#primaryimage\",\"url\":\"https:\\\/\\\/www.rmcr.org\\\/wp-content\\\/uploads\\\/2018\\\/09\\\/ant_ord.jpg\",\"contentUrl\":\"https:\\\/\\\/www.rmcr.org\\\/wp-content\\\/uploads\\\/2018\\\/09\\\/ant_ord.jpg\",\"width\":482,\"height\":144},{\"@type\":\"BreadcrumbList\",\"@id\":\"https:\\\/\\\/www.rmcr.org\\\/en\\\/2018\\\/09\\\/01\\\/biblioteca-rmr-no-57-antonio-ordonez-y-la-goyesca-de-ronda-septiembre-2018\\\/#breadcrumb\",\"itemListElement\":[{\"@type\":\"ListItem\",\"position\":1,\"name\":\"REAL MAESTRANZA DE CABALLER\u00cdA DE RONDA\",\"item\":\"https:\\\/\\\/www.rmcr.org\\\/en\\\/\"},{\"@type\":\"ListItem\",\"position\":2,\"name\":\"Biblioteca-RMR: N\u00ba 57. Antonio Ord\u00f3\u00f1ez y la Goyesca de Ronda. Septiembre 2018.\"}]},{\"@type\":\"WebSite\",\"@id\":\"https:\\\/\\\/www.rmcr.org\\\/en\\\/#website\",\"url\":\"https:\\\/\\\/www.rmcr.org\\\/en\\\/\",\"name\":\"Real Maestranza de Caballer\u00eda de Ronda\",\"description\":\"Real Maestranza de Caballer\u00eda de Ronda\",\"publisher\":{\"@id\":\"https:\\\/\\\/www.rmcr.org\\\/en\\\/#organization\"},\"alternateName\":\"RMCR\",\"potentialAction\":[{\"@type\":\"SearchAction\",\"target\":{\"@type\":\"EntryPoint\",\"urlTemplate\":\"https:\\\/\\\/www.rmcr.org\\\/en\\\/?s={search_term_string}\"},\"query-input\":{\"@type\":\"PropertyValueSpecification\",\"valueRequired\":true,\"valueName\":\"search_term_string\"}}],\"inLanguage\":\"en-US\"},{\"@type\":\"Organization\",\"@id\":\"https:\\\/\\\/www.rmcr.org\\\/en\\\/#organization\",\"name\":\"Real Maestranza de Caballer\u00eda de Ronda\",\"alternateName\":\"RMR\",\"url\":\"https:\\\/\\\/www.rmcr.org\\\/en\\\/\",\"logo\":{\"@type\":\"ImageObject\",\"inLanguage\":\"en-US\",\"@id\":\"https:\\\/\\\/www.rmcr.org\\\/en\\\/#\\\/schema\\\/logo\\\/image\\\/\",\"url\":\"https:\\\/\\\/www.rmcr.org\\\/wp-content\\\/uploads\\\/2022\\\/07\\\/logo-rmr-blue.svg\",\"contentUrl\":\"https:\\\/\\\/www.rmcr.org\\\/wp-content\\\/uploads\\\/2022\\\/07\\\/logo-rmr-blue.svg\",\"width\":131,\"height\":129,\"caption\":\"Real Maestranza de Caballer\u00eda de Ronda\"},\"image\":{\"@id\":\"https:\\\/\\\/www.rmcr.org\\\/en\\\/#\\\/schema\\\/logo\\\/image\\\/\"},\"sameAs\":[\"https:\\\/\\\/www.facebook.com\\\/plazadetorosronda\",\"https:\\\/\\\/x.com\\\/PlazatorosRMR\",\"https:\\\/\\\/www.instagram.com\\\/realmaestranzaderonda\\\/\",\"https:\\\/\\\/www.youtube.com\\\/channel\\\/UCrbO5IUN-8v_QML739vM4zg\\\/videos\"]},{\"@type\":\"Person\",\"@id\":\"https:\\\/\\\/www.rmcr.org\\\/en\\\/#\\\/schema\\\/person\\\/80849edee7ef556893505128619ea1d0\",\"name\":\"BIBLIOTECA\",\"image\":{\"@type\":\"ImageObject\",\"inLanguage\":\"en-US\",\"@id\":\"https:\\\/\\\/www.rmcr.org\\\/wp-content\\\/uploads\\\/2022\\\/11\\\/avatar-rmcr-96x96.png\",\"url\":\"https:\\\/\\\/www.rmcr.org\\\/wp-content\\\/uploads\\\/2022\\\/11\\\/avatar-rmcr-96x96.png\",\"contentUrl\":\"https:\\\/\\\/www.rmcr.org\\\/wp-content\\\/uploads\\\/2022\\\/11\\\/avatar-rmcr-96x96.png\",\"caption\":\"BIBLIOTECA\"},\"url\":\"https:\\\/\\\/www.rmcr.org\\\/en\\\/author\\\/juan-antonio-moreno\\\/\"}]}<\/script>\n<!-- \/ Yoast SEO plugin. -->","yoast_head_json":{"title":"Biblioteca-RMR: N\u00ba 57. Antonio Ord\u00f3\u00f1ez y la Goyesca de Ronda. Septiembre 2018. - Real Maestranza de Caballer\u00eda de Ronda","robots":{"index":"index","follow":"follow","max-snippet":"max-snippet:-1","max-image-preview":"max-image-preview:large","max-video-preview":"max-video-preview:-1"},"canonical":"https:\/\/www.rmcr.org\/en\/2018\/09\/01\/biblioteca-rmr-no-57-antonio-ordonez-y-la-goyesca-de-ronda-septiembre-2018\/","og_locale":"en_US","og_type":"article","og_title":"Biblioteca-RMR: N\u00ba 57. Antonio Ord\u00f3\u00f1ez y la Goyesca de Ronda. Septiembre 2018. - Real Maestranza de Caballer\u00eda de Ronda","og_description":"\u00b7 MONOGR\u00c1FICO \u00b7 \u00b7 BIBLIOTECA DE LA REAL MAESTRANZA DE CABALLER\u00cdA DE RONDA \u00b7 \u00b7 SEPTIEMBRE 2018 \u00b7 \u00b7 FONDO TAUROMAQUIA \u00b7 A finales del presente a\u00f1o, concretamente el 19 de diciembre, se cumplir\u00e1n 20 a\u00f1os del fallecimiento de Antonio Ord\u00f3\u00f1ez Araujo (Ronda 1932-Sevilla 1998), considerado por muchos el torero m\u00e1s importante del siglo XX, [&hellip;]","og_url":"https:\/\/www.rmcr.org\/en\/2018\/09\/01\/biblioteca-rmr-no-57-antonio-ordonez-y-la-goyesca-de-ronda-septiembre-2018\/","og_site_name":"Real Maestranza de Caballer\u00eda de Ronda","article_publisher":"https:\/\/www.facebook.com\/plazadetorosronda","article_published_time":"2018-09-01T13:31:02+00:00","article_modified_time":"2025-04-03T09:02:39+00:00","og_image":[{"width":482,"height":144,"url":"https:\/\/www.rmcr.org\/wp-content\/uploads\/2018\/09\/ant_ord.jpg","type":"image\/jpeg"}],"author":"BIBLIOTECA","twitter_card":"summary_large_image","twitter_creator":"@PlazatorosRMR","twitter_site":"@PlazatorosRMR","twitter_misc":{"Written by":"BIBLIOTECA","Est. reading time":"4 minutes"},"schema":{"@context":"https:\/\/schema.org","@graph":[{"@type":"Article","@id":"https:\/\/www.rmcr.org\/en\/2018\/09\/01\/biblioteca-rmr-no-57-antonio-ordonez-y-la-goyesca-de-ronda-septiembre-2018\/#article","isPartOf":{"@id":"https:\/\/www.rmcr.org\/en\/2018\/09\/01\/biblioteca-rmr-no-57-antonio-ordonez-y-la-goyesca-de-ronda-septiembre-2018\/"},"author":{"name":"BIBLIOTECA","@id":"https:\/\/www.rmcr.org\/en\/#\/schema\/person\/80849edee7ef556893505128619ea1d0"},"headline":"Biblioteca-RMR: N\u00ba 57. Antonio Ord\u00f3\u00f1ez y la Goyesca de Ronda. Septiembre 2018.","datePublished":"2018-09-01T13:31:02+00:00","dateModified":"2025-04-03T09:02:39+00:00","mainEntityOfPage":{"@id":"https:\/\/www.rmcr.org\/en\/2018\/09\/01\/biblioteca-rmr-no-57-antonio-ordonez-y-la-goyesca-de-ronda-septiembre-2018\/"},"wordCount":728,"commentCount":0,"publisher":{"@id":"https:\/\/www.rmcr.org\/en\/#organization"},"image":{"@id":"https:\/\/www.rmcr.org\/en\/2018\/09\/01\/biblioteca-rmr-no-57-antonio-ordonez-y-la-goyesca-de-ronda-septiembre-2018\/#primaryimage"},"thumbnailUrl":"https:\/\/www.rmcr.org\/wp-content\/uploads\/2018\/09\/ant_ord.jpg","keywords":["Antonio Ord\u00f3\u00f1ez Araujo","Bibliograf\u00edas","Biblioteca","Biblioteca-RMR","Bolet\u00edn mensual bibliogr\u00e1fico","Ronda","Tauromaquia"],"articleSection":["Biblioteca","Bolet\u00edn bibliogr\u00e1fico Biblioteca-RMR"],"inLanguage":"en-US","potentialAction":[{"@type":"CommentAction","name":"Comment","target":["https:\/\/www.rmcr.org\/en\/2018\/09\/01\/biblioteca-rmr-no-57-antonio-ordonez-y-la-goyesca-de-ronda-septiembre-2018\/#respond"]}]},{"@type":"WebPage","@id":"https:\/\/www.rmcr.org\/en\/2018\/09\/01\/biblioteca-rmr-no-57-antonio-ordonez-y-la-goyesca-de-ronda-septiembre-2018\/","url":"https:\/\/www.rmcr.org\/en\/2018\/09\/01\/biblioteca-rmr-no-57-antonio-ordonez-y-la-goyesca-de-ronda-septiembre-2018\/","name":"Biblioteca-RMR: N\u00ba 57. Antonio Ord\u00f3\u00f1ez y la Goyesca de Ronda. Septiembre 2018. - Real Maestranza de Caballer\u00eda de Ronda","isPartOf":{"@id":"https:\/\/www.rmcr.org\/en\/#website"},"primaryImageOfPage":{"@id":"https:\/\/www.rmcr.org\/en\/2018\/09\/01\/biblioteca-rmr-no-57-antonio-ordonez-y-la-goyesca-de-ronda-septiembre-2018\/#primaryimage"},"image":{"@id":"https:\/\/www.rmcr.org\/en\/2018\/09\/01\/biblioteca-rmr-no-57-antonio-ordonez-y-la-goyesca-de-ronda-septiembre-2018\/#primaryimage"},"thumbnailUrl":"https:\/\/www.rmcr.org\/wp-content\/uploads\/2018\/09\/ant_ord.jpg","datePublished":"2018-09-01T13:31:02+00:00","dateModified":"2025-04-03T09:02:39+00:00","breadcrumb":{"@id":"https:\/\/www.rmcr.org\/en\/2018\/09\/01\/biblioteca-rmr-no-57-antonio-ordonez-y-la-goyesca-de-ronda-septiembre-2018\/#breadcrumb"},"inLanguage":"en-US","potentialAction":[{"@type":"ReadAction","target":["https:\/\/www.rmcr.org\/en\/2018\/09\/01\/biblioteca-rmr-no-57-antonio-ordonez-y-la-goyesca-de-ronda-septiembre-2018\/"]}]},{"@type":"ImageObject","inLanguage":"en-US","@id":"https:\/\/www.rmcr.org\/en\/2018\/09\/01\/biblioteca-rmr-no-57-antonio-ordonez-y-la-goyesca-de-ronda-septiembre-2018\/#primaryimage","url":"https:\/\/www.rmcr.org\/wp-content\/uploads\/2018\/09\/ant_ord.jpg","contentUrl":"https:\/\/www.rmcr.org\/wp-content\/uploads\/2018\/09\/ant_ord.jpg","width":482,"height":144},{"@type":"BreadcrumbList","@id":"https:\/\/www.rmcr.org\/en\/2018\/09\/01\/biblioteca-rmr-no-57-antonio-ordonez-y-la-goyesca-de-ronda-septiembre-2018\/#breadcrumb","itemListElement":[{"@type":"ListItem","position":1,"name":"REAL MAESTRANZA DE CABALLER\u00cdA DE RONDA","item":"https:\/\/www.rmcr.org\/en\/"},{"@type":"ListItem","position":2,"name":"Biblioteca-RMR: N\u00ba 57. Antonio Ord\u00f3\u00f1ez y la Goyesca de Ronda. Septiembre 2018."}]},{"@type":"WebSite","@id":"https:\/\/www.rmcr.org\/en\/#website","url":"https:\/\/www.rmcr.org\/en\/","name":"Real Maestranza de Caballer\u00eda de Ronda","description":"Real Maestranza de Caballer\u00eda de Ronda","publisher":{"@id":"https:\/\/www.rmcr.org\/en\/#organization"},"alternateName":"RMCR","potentialAction":[{"@type":"SearchAction","target":{"@type":"EntryPoint","urlTemplate":"https:\/\/www.rmcr.org\/en\/?s={search_term_string}"},"query-input":{"@type":"PropertyValueSpecification","valueRequired":true,"valueName":"search_term_string"}}],"inLanguage":"en-US"},{"@type":"Organization","@id":"https:\/\/www.rmcr.org\/en\/#organization","name":"Real Maestranza de Caballer\u00eda de Ronda","alternateName":"RMR","url":"https:\/\/www.rmcr.org\/en\/","logo":{"@type":"ImageObject","inLanguage":"en-US","@id":"https:\/\/www.rmcr.org\/en\/#\/schema\/logo\/image\/","url":"https:\/\/www.rmcr.org\/wp-content\/uploads\/2022\/07\/logo-rmr-blue.svg","contentUrl":"https:\/\/www.rmcr.org\/wp-content\/uploads\/2022\/07\/logo-rmr-blue.svg","width":131,"height":129,"caption":"Real Maestranza de Caballer\u00eda de Ronda"},"image":{"@id":"https:\/\/www.rmcr.org\/en\/#\/schema\/logo\/image\/"},"sameAs":["https:\/\/www.facebook.com\/plazadetorosronda","https:\/\/x.com\/PlazatorosRMR","https:\/\/www.instagram.com\/realmaestranzaderonda\/","https:\/\/www.youtube.com\/channel\/UCrbO5IUN-8v_QML739vM4zg\/videos"]},{"@type":"Person","@id":"https:\/\/www.rmcr.org\/en\/#\/schema\/person\/80849edee7ef556893505128619ea1d0","name":"BIBLIOTECA","image":{"@type":"ImageObject","inLanguage":"en-US","@id":"https:\/\/www.rmcr.org\/wp-content\/uploads\/2022\/11\/avatar-rmcr-96x96.png","url":"https:\/\/www.rmcr.org\/wp-content\/uploads\/2022\/11\/avatar-rmcr-96x96.png","contentUrl":"https:\/\/www.rmcr.org\/wp-content\/uploads\/2022\/11\/avatar-rmcr-96x96.png","caption":"BIBLIOTECA"},"url":"https:\/\/www.rmcr.org\/en\/author\/juan-antonio-moreno\/"}]}},"_links":{"self":[{"href":"https:\/\/www.rmcr.org\/en\/wp-json\/wp\/v2\/posts\/6200","targetHints":{"allow":["GET"]}}],"collection":[{"href":"https:\/\/www.rmcr.org\/en\/wp-json\/wp\/v2\/posts"}],"about":[{"href":"https:\/\/www.rmcr.org\/en\/wp-json\/wp\/v2\/types\/post"}],"author":[{"embeddable":true,"href":"https:\/\/www.rmcr.org\/en\/wp-json\/wp\/v2\/users\/2"}],"replies":[{"embeddable":true,"href":"https:\/\/www.rmcr.org\/en\/wp-json\/wp\/v2\/comments?post=6200"}],"version-history":[{"count":1,"href":"https:\/\/www.rmcr.org\/en\/wp-json\/wp\/v2\/posts\/6200\/revisions"}],"predecessor-version":[{"id":22206,"href":"https:\/\/www.rmcr.org\/en\/wp-json\/wp\/v2\/posts\/6200\/revisions\/22206"}],"wp:featuredmedia":[{"embeddable":true,"href":"https:\/\/www.rmcr.org\/en\/wp-json\/wp\/v2\/media\/1770"}],"wp:attachment":[{"href":"https:\/\/www.rmcr.org\/en\/wp-json\/wp\/v2\/media?parent=6200"}],"wp:term":[{"taxonomy":"category","embeddable":true,"href":"https:\/\/www.rmcr.org\/en\/wp-json\/wp\/v2\/categories?post=6200"},{"taxonomy":"post_tag","embeddable":true,"href":"https:\/\/www.rmcr.org\/en\/wp-json\/wp\/v2\/tags?post=6200"}],"curies":[{"name":"wp","href":"https:\/\/api.w.org\/{rel}","templated":true}]}}