{"id":6198,"date":"2018-07-30T19:38:39","date_gmt":"2018-07-30T19:38:39","guid":{"rendered":"https:\/\/www.rmcr.org\/?p=6198"},"modified":"2025-04-03T09:03:07","modified_gmt":"2025-04-03T09:03:07","slug":"biblioteca-rmr-no-55-novedades-julio-2018","status":"publish","type":"post","link":"https:\/\/www.rmcr.org\/en\/2018\/07\/30\/biblioteca-rmr-no-55-novedades-julio-2018\/","title":{"rendered":"Biblioteca-RMR: N\u00ba 55. Novedades. Julio 2018."},"content":{"rendered":"<p style=\"text-align:center;\"><span ><strong>\u00b7 NOVEDADES \u00b7<\/strong><\/span><br \/>\n<span ><strong>\u00b7 BIBLIOTECA DE LA REAL MAESTRANZA DE CABALLER\u00cdA DE RONDA \u00b7<\/strong><\/span><br \/>\n<span ><strong>\u00b7 JULIO 2018 \u00b7<\/strong><\/span><\/p>\n<p style=\"text-align:center;\"><span ><strong>\u00b7 FONDO R\u00daJULA \u00b7<\/strong><\/span><\/p>\n<p><a href=\"https:\/\/www.rmcr.org\/2018\/07\/cb1024155.jpg\"><img fetchpriority=\"high\" decoding=\"async\" class=\"aligncenter size-full wp-image-1690\" src=\"https:\/\/www.rmcr.org\/wp-content\/uploads\/2018\/07\/cb1024155.jpg\" alt=\"\" width=\"402\" height=\"625\"><\/a><\/p>\n<p><span ><em>Diccionario her\u00e1ldico de la nobleza guipuzcoana<\/em> \/ por <strong>Juan Carlos de Guerra<\/strong>. &#8212; San Sebasti\u00e1n : Revista Bascongada, 1882-1888 (Estab. tip. de los Hijos de I.R. Baroja) &#8212; 2 v. ; 23 cm<\/span><\/p>\n<p><span >Fondo R\u00fajula &#8212; CB1024155 &#8212; Enc. hol., hierros dorados en lomo &#8212; Olim: 96 &#8212; An. ms.: &#8220;Juan Carlos de Guerra. Acad\u00e9mico C. de la Historia&#8221; &#8212; Enc. 2 t. en 1 v. &#8212; Sign.: B.17.8<\/span><\/p>\n<p><a href=\"https:\/\/www.rmcr.org\/2018\/07\/cb1024163.jpg\"><img decoding=\"async\" class=\"aligncenter size-full wp-image-1691\" src=\"https:\/\/www.rmcr.org\/wp-content\/uploads\/2018\/07\/cb1024163.jpg\" alt=\"\" width=\"402\" height=\"625\"><\/a><\/p>\n<p><span ><em>Constituciones de la real y distinguida orden espa\u00f1ola de Carlos tercero : instituida por el augusto padre del rey nuestro se\u00f1or \u00e1 19 de setiembre de 1771, en celebridad del felicisimo nacimiento del infante<\/em>. &#8212; Madrid : en la Imprenta Real, 1804. &#8212; 66 p. ; 4\u00ba<\/span><\/p>\n<p><span >Fondo R\u00fajula &#8212; CB1024163 &#8212; Enc. pasta espa\u00f1ola, hierros dorados en lomo &#8212; Sello de tinta: &#8220;F\u00e9lix de R\u00fajula. Rey de Armas de S.M. Barrio-Nuevo 11, 2\u00ba Dcha.&#8221; &#8212; Olim: 116 &#8212; Sign.: B.17.8<\/span><\/p>\n<p><a href=\"https:\/\/www.rmcr.org\/2018\/07\/cb1024176.jpg\"><img decoding=\"async\" class=\"aligncenter size-full wp-image-1692\" src=\"https:\/\/www.rmcr.org\/wp-content\/uploads\/2018\/07\/cb1024176.jpg\" alt=\"\" width=\"402\" height=\"563\"><\/a><\/p>\n<p><span ><em>Historia de la muy noble y leal ciudad de Ciudad-Rodrigo<\/em> \/ por <strong>Dionisio de Nogales-Delicado y Rend\u00f3n<\/strong>. &#8212; Ciudad-Rodrigo : [s.n.], 1882 (Estab. Tip. de \u00c1ngel Cuadrado y Rosado) &#8212; 248 p., [1] h. de l\u00e1m. ; 28 cm<\/span><\/p>\n<p><span >Fondo R\u00fajula &#8212; CB1024176 &#8212; Sello de tinta: &#8220;F\u00e9lix de R\u00fajula. Rey de Armas de S.M. Barrio-Nuevo 11, 2\u00ba Dcha.&#8221; &#8212; An. ms.: &#8220;A mi distinguido amigo y compa\u00f1ero en el Cuerpo Colegiado de caballeros hijosdalgo de la nobleza de Madrid, cronista y rey de armas de S.M. Dn. Alfonso XII, Dn. F\u00e9lix de R\u00fajula y Mart\u00edn Crespo como peque\u00f1a muestra de estimaci\u00f3n. El autor&#8221; &#8212; Olim: I-50 &#8212; Sign.: B.17.8<\/span><\/p>\n<p><a href=\"https:\/\/www.rmcr.org\/2018\/07\/cb1024179.jpg\"><img loading=\"lazy\" decoding=\"async\" class=\"aligncenter size-full wp-image-1693\" src=\"https:\/\/www.rmcr.org\/wp-content\/uploads\/2018\/07\/cb1024179.jpg\" alt=\"\" width=\"402\" height=\"536\"><\/a><\/p>\n<p><span ><em>Linajes nobles de Espa\u00f1a : cat\u00e1logo de todos los apellidos espa\u00f1oles y escudos de armas que \u00e1 cada uno pertenecen<\/em> \/ por <strong>Juan Jos\u00e9 Vilar Psayla<\/strong>. &#8212; Madrid : en casa del autor, 1867. &#8212; XI, 232 p. : il. ; 29 cm<\/span><\/p>\n<p><span >Fondo R\u00fajula &#8212; CB1024179 &#8212; Enc. hol. con puntas, hierros dorados en lomo &#8212; Sello seco: &#8220;Cronista y Rei de Armas de S.M.C.&#8221; [Juan Jos\u00e9 Vilar Psayla] &#8212; Olim: I-29 &#8212; Sign.: B.17.8<\/span><\/p>\n<p><a href=\"https:\/\/www.rmcr.org\/2018\/07\/cb1024201.jpg\"><img loading=\"lazy\" decoding=\"async\" class=\"aligncenter size-full wp-image-1694\" src=\"https:\/\/www.rmcr.org\/wp-content\/uploads\/2018\/07\/cb1024201.jpg\" alt=\"\" width=\"402\" height=\"595\"><\/a><\/p>\n<p><span ><em>Galer\u00eda de bascongados ilustres en religi\u00f3n<\/em> \/ por <strong>Estanislao Jaime de Labayru<\/strong>. &#8212; 2\u00aa ed. \/ corr. y aum. &#8212; Bilbao : [s.n.], 1893 (Imp. Cat. de San Francisco de Sales). &#8212; 318 p. ; 20 cm<\/span><\/p>\n<p><span >Fondo R\u00fajula &#8212; CB1024201 &#8212; Enc. hol. &#8212; An. ms.: &#8220;Jos\u00e9 Jim\u00e9nez y [&#8230;]. Regalo de mi amigo Pascual Li\u00f1\u00e1n, 23.4. Le\u00eddo en Orihuela 30.10.13&#8221; &#8212; Olim: I-166 &#8212; Sign.: B.18.7<\/span><\/p>\n<p><a href=\"https:\/\/www.rmcr.org\/2018\/07\/cb1024212.jpg\"><img loading=\"lazy\" decoding=\"async\" class=\"aligncenter size-full wp-image-1695\" src=\"https:\/\/www.rmcr.org\/wp-content\/uploads\/2018\/07\/cb1024212.jpg\" alt=\"\" width=\"402\" height=\"651\"><\/a><\/p>\n<p><span ><em>Breve estudio hist\u00f3rico-pol\u00edtico y sociol\u00f3gico legal sobre las grandezas de Espa\u00f1a y t\u00edtulos del reino<\/em> \/ por <strong>Fernando Su\u00e1rez de Tangil y de Angulo<\/strong>. &#8212; Madrid : [s.n.], 1914 (Estab. Tip. de Juan P\u00e9rez Torres). &#8212; 173 p. ; 19 cm<\/span><\/p>\n<p><span >Fondo R\u00fajula &#8212; CB1024212 &#8212; An. ms.: &#8220;A mi querido amigo y hermano de orden Jos\u00e9 de R\u00fajula. El autor&#8221; &#8212; Olim: I-179 &#8212; Sign.: B.18.7<\/span><\/p>\n<p><a href=\"https:\/\/www.rmcr.org\/2018\/07\/cb1024218.jpg\"><img loading=\"lazy\" decoding=\"async\" class=\"aligncenter size-full wp-image-1696\" src=\"https:\/\/www.rmcr.org\/wp-content\/uploads\/2018\/07\/cb1024218.jpg\" alt=\"\" width=\"402\" height=\"679\"><\/a><\/p>\n<p><span ><em>Difesa della nobilta napoletana<\/em> \/ scritta in latino dal P. <strong>Carlo Borrelli<\/strong> &#8230; ; contro il libro di Francesco Elio Marchesi ; volgarizata dal P. Abbate D. Ferdinando Vghelli. &#8212; In Roma : appresso l&#8217;Herede di Manelfo Manelfi, 1655. &#8212; 12, 288, [4] p. : il. ; 8\u00ba<\/span><\/p>\n<p><span >Fondo R\u00fajula &#8212; CB1024218 &#8212; Enc. perg. &#8212; Olim: L-77 &#8212; Sello de tinta: &#8220;R\u00fajula. Rey de Armas. Mayor 117&#8221; &#8212; Sign.: B.18.8<\/span><\/p>\n<p><a href=\"https:\/\/www.rmcr.org\/2018\/07\/cb1024228.jpg\"><img loading=\"lazy\" decoding=\"async\" class=\"aligncenter size-full wp-image-1697\" src=\"https:\/\/www.rmcr.org\/wp-content\/uploads\/2018\/07\/cb1024228.jpg\" alt=\"\" width=\"402\" height=\"648\"><\/a><\/p>\n<p><span ><em>Nobiliario y blas\u00f3n de Canarias : diccionario hist\u00f3rico biogr\u00e1fico, geneal\u00f3gico y her\u00e1ldico de la provincia<\/em> \/ por <strong>Francisco Fern\u00e1ndez de B\u00e9thencourt<\/strong>. &#8212; Santa Cruz de Tenerife : [s.n.], 1878-1886 (Imp. Isle\u00f1a y Enc. de Libros). &#8212; 7 v. ; 19 cm<\/span><\/p>\n<p><span >Fondo R\u00fajula &#8212; CB1024222-CB1024228 &#8212; Enc. hol., hierros dorados en lomo &#8212; Olim: L-100, L-101, L-102, L-103, L-104, L-105, L-106 &#8212; Sign.: B.18.8<\/span><\/p>\n<p><a href=\"https:\/\/www.rmcr.org\/2018\/07\/cb1024290.jpg\"><img loading=\"lazy\" decoding=\"async\" class=\"aligncenter size-full wp-image-1698\" src=\"https:\/\/www.rmcr.org\/wp-content\/uploads\/2018\/07\/cb1024290.jpg\" alt=\"\" width=\"402\" height=\"619\" srcset=\"https:\/\/www.rmcr.org\/wp-content\/uploads\/2018\/07\/cb1024290.jpg 402w, https:\/\/www.rmcr.org\/wp-content\/uploads\/2018\/07\/cb1024290-195x300.jpg 195w\" sizes=\"(max-width: 402px) 100vw, 402px\" \/><\/a><\/p>\n<p><span ><em>Recuerdos de la muy noble, muy leal y muy humanitaria villa de Muros<\/em> \/ por <strong>Ram\u00f3n Artaza y Malvarez<\/strong> ; pr\u00f3logo de Manuel Murgu\u00eda ; ep\u00edlogo, Pl\u00e1cido \u00c1ngel Rey Lemos. &#8212; [Santiago : s.n.], 1908 (Imp. de &#8220;El Eco de Santiago&#8221;). &#8212; XI, 307 p., [1] h. de l\u00e1m. : il. ; 22 cm<\/span><\/p>\n<p><span >Fondo R\u00fajula &#8212; CB1024290 &#8212; Enc. hol., hierros dorados en lomo &#8212; An. ms.: &#8220;Al Sr. D. F\u00e9lix de R\u00fajula como recuerdo de su [&#8230;]. El Autor, Madrid 1916&#8221; &#8212; Olim: L-124 &#8212; Sign.: B.18.10<\/span><\/p>\n<p><a href=\"https:\/\/www.rmcr.org\/2018\/07\/cb1024334.jpg\"><img loading=\"lazy\" decoding=\"async\" class=\"aligncenter size-full wp-image-1699\" src=\"https:\/\/www.rmcr.org\/wp-content\/uploads\/2018\/07\/cb1024334.jpg\" alt=\"\" width=\"402\" height=\"656\"><\/a><\/p>\n<p><span ><em>Historia de Sanlucar de Barrameda<\/em> \/ escrita por <strong>Fernando Guillamas y Galiano<\/strong>. &#8212; Madrid : [s.n.], 1858 (Imp. del Colegio de Sordo-Mudos y de Ciegos). &#8212; XII, 544 p., [2] h. de l\u00e1m., [1] h. de plan. pleg. ; 28 cm<\/span><\/p>\n<p><span >Fondo R\u00fajula &#8212; CB1024334 &#8212; Enc. hol., hierros dorados en lomo &#8212; Etiqueta: &#8220;L-218&#8221; &#8212; An. ms.: &#8220;El autor a su buen amigo el Sr. Brig. Guillen [&#8230;]. Madrid 7 de junio de 1870, Fernando Guillamas y Galiano&#8221; &#8212; Olim: L-218 &#8212; Sign.: B.18.12<\/span><\/p>\n","protected":false},"excerpt":{"rendered":"<p>\u00b7 NOVEDADES \u00b7 \u00b7 BIBLIOTECA DE LA REAL MAESTRANZA DE CABALLER\u00cdA DE RONDA \u00b7 \u00b7 JULIO 2018 \u00b7 \u00b7 FONDO R\u00daJULA \u00b7 Diccionario her\u00e1ldico de la nobleza guipuzcoana \/ por Juan Carlos de Guerra. &#8212; San Sebasti\u00e1n : Revista Bascongada, 1882-1888 (Estab. tip. de los Hijos de I.R. Baroja) &#8212; 2 v. ; 23 cm [&hellip;]<\/p>\n","protected":false},"author":2,"featured_media":11671,"comment_status":"open","ping_status":"open","sticky":false,"template":"","format":"standard","meta":{"footnotes":""},"categories":[140,791],"tags":[237,105,252,176,179,188,184,137],"class_list":["post-6198","post","type-post","status-publish","format-standard","has-post-thumbnail","hentry","category-biblioteca","category-boletin-bibliografico-biblioteca-rmr","tag-bibliografias","tag-biblioteca-general","tag-biblioteca-rmr","tag-boletin-mensual-bibliografico","tag-elites-de-poder","tag-genealogia","tag-heraldica","tag-libros"],"yoast_head":"<!-- This site is optimized with the Yoast SEO plugin v27.5 - https:\/\/yoast.com\/product\/yoast-seo-wordpress\/ -->\n<title>Biblioteca-RMR: N\u00ba 55. Novedades. Julio 2018. - Real Maestranza de Caballer\u00eda de Ronda<\/title>\n<meta name=\"robots\" content=\"index, follow, max-snippet:-1, max-image-preview:large, max-video-preview:-1\" \/>\n<link rel=\"canonical\" href=\"https:\/\/www.rmcr.org\/en\/2018\/07\/30\/biblioteca-rmr-no-55-novedades-julio-2018\/\" \/>\n<meta property=\"og:locale\" content=\"en_US\" \/>\n<meta property=\"og:type\" content=\"article\" \/>\n<meta property=\"og:title\" content=\"Biblioteca-RMR: N\u00ba 55. Novedades. Julio 2018. - Real Maestranza de Caballer\u00eda de Ronda\" \/>\n<meta property=\"og:description\" content=\"\u00b7 NOVEDADES \u00b7 \u00b7 BIBLIOTECA DE LA REAL MAESTRANZA DE CABALLER\u00cdA DE RONDA \u00b7 \u00b7 JULIO 2018 \u00b7 \u00b7 FONDO R\u00daJULA \u00b7 Diccionario her\u00e1ldico de la nobleza guipuzcoana \/ por Juan Carlos de Guerra. &#8212; San Sebasti\u00e1n : Revista Bascongada, 1882-1888 (Estab. tip. de los Hijos de I.R. Baroja) &#8212; 2 v. ; 23 cm [&hellip;]\" \/>\n<meta property=\"og:url\" content=\"https:\/\/www.rmcr.org\/en\/2018\/07\/30\/biblioteca-rmr-no-55-novedades-julio-2018\/\" \/>\n<meta property=\"og:site_name\" content=\"Real Maestranza de Caballer\u00eda de Ronda\" \/>\n<meta property=\"article:publisher\" content=\"https:\/\/www.facebook.com\/plazadetorosronda\" \/>\n<meta property=\"article:published_time\" content=\"2018-07-30T19:38:39+00:00\" \/>\n<meta property=\"article:modified_time\" content=\"2025-04-03T09:03:07+00:00\" \/>\n<meta property=\"og:image\" content=\"https:\/\/www.rmcr.org\/wp-content\/uploads\/2022\/10\/nob-nap.jpg\" \/>\n\t<meta property=\"og:image:width\" content=\"482\" \/>\n\t<meta property=\"og:image:height\" content=\"143\" \/>\n\t<meta property=\"og:image:type\" content=\"image\/jpeg\" \/>\n<meta name=\"author\" content=\"BIBLIOTECA\" \/>\n<meta name=\"twitter:card\" content=\"summary_large_image\" \/>\n<meta name=\"twitter:creator\" content=\"@PlazatorosRMR\" \/>\n<meta name=\"twitter:site\" content=\"@PlazatorosRMR\" \/>\n<meta name=\"twitter:label1\" content=\"Written by\" \/>\n\t<meta name=\"twitter:data1\" content=\"BIBLIOTECA\" \/>\n\t<meta name=\"twitter:label2\" content=\"Est. reading time\" \/>\n\t<meta name=\"twitter:data2\" content=\"4 minutes\" \/>\n<script type=\"application\/ld+json\" class=\"yoast-schema-graph\">{\"@context\":\"https:\\\/\\\/schema.org\",\"@graph\":[{\"@type\":\"Article\",\"@id\":\"https:\\\/\\\/www.rmcr.org\\\/en\\\/2018\\\/07\\\/30\\\/biblioteca-rmr-no-55-novedades-julio-2018\\\/#article\",\"isPartOf\":{\"@id\":\"https:\\\/\\\/www.rmcr.org\\\/en\\\/2018\\\/07\\\/30\\\/biblioteca-rmr-no-55-novedades-julio-2018\\\/\"},\"author\":{\"name\":\"BIBLIOTECA\",\"@id\":\"https:\\\/\\\/www.rmcr.org\\\/en\\\/#\\\/schema\\\/person\\\/80849edee7ef556893505128619ea1d0\"},\"headline\":\"Biblioteca-RMR: N\u00ba 55. Novedades. Julio 2018.\",\"datePublished\":\"2018-07-30T19:38:39+00:00\",\"dateModified\":\"2025-04-03T09:03:07+00:00\",\"mainEntityOfPage\":{\"@id\":\"https:\\\/\\\/www.rmcr.org\\\/en\\\/2018\\\/07\\\/30\\\/biblioteca-rmr-no-55-novedades-julio-2018\\\/\"},\"wordCount\":778,\"commentCount\":0,\"publisher\":{\"@id\":\"https:\\\/\\\/www.rmcr.org\\\/en\\\/#organization\"},\"image\":{\"@id\":\"https:\\\/\\\/www.rmcr.org\\\/en\\\/2018\\\/07\\\/30\\\/biblioteca-rmr-no-55-novedades-julio-2018\\\/#primaryimage\"},\"thumbnailUrl\":\"https:\\\/\\\/www.rmcr.org\\\/wp-content\\\/uploads\\\/2022\\\/10\\\/nob-nap.jpg\",\"keywords\":[\"Bibliograf\u00edas\",\"Biblioteca\",\"Biblioteca-RMR\",\"Bolet\u00edn mensual bibliogr\u00e1fico\",\"\u00c9lites de poder\",\"Genealog\u00eda\",\"Her\u00e1ldica\",\"Libros\"],\"articleSection\":[\"Biblioteca\",\"Bolet\u00edn bibliogr\u00e1fico Biblioteca-RMR\"],\"inLanguage\":\"en-US\",\"potentialAction\":[{\"@type\":\"CommentAction\",\"name\":\"Comment\",\"target\":[\"https:\\\/\\\/www.rmcr.org\\\/en\\\/2018\\\/07\\\/30\\\/biblioteca-rmr-no-55-novedades-julio-2018\\\/#respond\"]}]},{\"@type\":\"WebPage\",\"@id\":\"https:\\\/\\\/www.rmcr.org\\\/en\\\/2018\\\/07\\\/30\\\/biblioteca-rmr-no-55-novedades-julio-2018\\\/\",\"url\":\"https:\\\/\\\/www.rmcr.org\\\/en\\\/2018\\\/07\\\/30\\\/biblioteca-rmr-no-55-novedades-julio-2018\\\/\",\"name\":\"Biblioteca-RMR: N\u00ba 55. Novedades. Julio 2018. - Real Maestranza de Caballer\u00eda de Ronda\",\"isPartOf\":{\"@id\":\"https:\\\/\\\/www.rmcr.org\\\/en\\\/#website\"},\"primaryImageOfPage\":{\"@id\":\"https:\\\/\\\/www.rmcr.org\\\/en\\\/2018\\\/07\\\/30\\\/biblioteca-rmr-no-55-novedades-julio-2018\\\/#primaryimage\"},\"image\":{\"@id\":\"https:\\\/\\\/www.rmcr.org\\\/en\\\/2018\\\/07\\\/30\\\/biblioteca-rmr-no-55-novedades-julio-2018\\\/#primaryimage\"},\"thumbnailUrl\":\"https:\\\/\\\/www.rmcr.org\\\/wp-content\\\/uploads\\\/2022\\\/10\\\/nob-nap.jpg\",\"datePublished\":\"2018-07-30T19:38:39+00:00\",\"dateModified\":\"2025-04-03T09:03:07+00:00\",\"breadcrumb\":{\"@id\":\"https:\\\/\\\/www.rmcr.org\\\/en\\\/2018\\\/07\\\/30\\\/biblioteca-rmr-no-55-novedades-julio-2018\\\/#breadcrumb\"},\"inLanguage\":\"en-US\",\"potentialAction\":[{\"@type\":\"ReadAction\",\"target\":[\"https:\\\/\\\/www.rmcr.org\\\/en\\\/2018\\\/07\\\/30\\\/biblioteca-rmr-no-55-novedades-julio-2018\\\/\"]}]},{\"@type\":\"ImageObject\",\"inLanguage\":\"en-US\",\"@id\":\"https:\\\/\\\/www.rmcr.org\\\/en\\\/2018\\\/07\\\/30\\\/biblioteca-rmr-no-55-novedades-julio-2018\\\/#primaryimage\",\"url\":\"https:\\\/\\\/www.rmcr.org\\\/wp-content\\\/uploads\\\/2022\\\/10\\\/nob-nap.jpg\",\"contentUrl\":\"https:\\\/\\\/www.rmcr.org\\\/wp-content\\\/uploads\\\/2022\\\/10\\\/nob-nap.jpg\",\"width\":482,\"height\":143},{\"@type\":\"BreadcrumbList\",\"@id\":\"https:\\\/\\\/www.rmcr.org\\\/en\\\/2018\\\/07\\\/30\\\/biblioteca-rmr-no-55-novedades-julio-2018\\\/#breadcrumb\",\"itemListElement\":[{\"@type\":\"ListItem\",\"position\":1,\"name\":\"REAL MAESTRANZA DE CABALLER\u00cdA DE RONDA\",\"item\":\"https:\\\/\\\/www.rmcr.org\\\/en\\\/\"},{\"@type\":\"ListItem\",\"position\":2,\"name\":\"Biblioteca-RMR: N\u00ba 55. Novedades. Julio 2018.\"}]},{\"@type\":\"WebSite\",\"@id\":\"https:\\\/\\\/www.rmcr.org\\\/en\\\/#website\",\"url\":\"https:\\\/\\\/www.rmcr.org\\\/en\\\/\",\"name\":\"Real Maestranza de Caballer\u00eda de Ronda\",\"description\":\"Real Maestranza de Caballer\u00eda de Ronda\",\"publisher\":{\"@id\":\"https:\\\/\\\/www.rmcr.org\\\/en\\\/#organization\"},\"alternateName\":\"RMCR\",\"potentialAction\":[{\"@type\":\"SearchAction\",\"target\":{\"@type\":\"EntryPoint\",\"urlTemplate\":\"https:\\\/\\\/www.rmcr.org\\\/en\\\/?s={search_term_string}\"},\"query-input\":{\"@type\":\"PropertyValueSpecification\",\"valueRequired\":true,\"valueName\":\"search_term_string\"}}],\"inLanguage\":\"en-US\"},{\"@type\":\"Organization\",\"@id\":\"https:\\\/\\\/www.rmcr.org\\\/en\\\/#organization\",\"name\":\"Real Maestranza de Caballer\u00eda de Ronda\",\"alternateName\":\"RMR\",\"url\":\"https:\\\/\\\/www.rmcr.org\\\/en\\\/\",\"logo\":{\"@type\":\"ImageObject\",\"inLanguage\":\"en-US\",\"@id\":\"https:\\\/\\\/www.rmcr.org\\\/en\\\/#\\\/schema\\\/logo\\\/image\\\/\",\"url\":\"https:\\\/\\\/www.rmcr.org\\\/wp-content\\\/uploads\\\/2022\\\/07\\\/logo-rmr-blue.svg\",\"contentUrl\":\"https:\\\/\\\/www.rmcr.org\\\/wp-content\\\/uploads\\\/2022\\\/07\\\/logo-rmr-blue.svg\",\"width\":131,\"height\":129,\"caption\":\"Real Maestranza de Caballer\u00eda de Ronda\"},\"image\":{\"@id\":\"https:\\\/\\\/www.rmcr.org\\\/en\\\/#\\\/schema\\\/logo\\\/image\\\/\"},\"sameAs\":[\"https:\\\/\\\/www.facebook.com\\\/plazadetorosronda\",\"https:\\\/\\\/x.com\\\/PlazatorosRMR\",\"https:\\\/\\\/www.instagram.com\\\/realmaestranzaderonda\\\/\",\"https:\\\/\\\/www.youtube.com\\\/channel\\\/UCrbO5IUN-8v_QML739vM4zg\\\/videos\"]},{\"@type\":\"Person\",\"@id\":\"https:\\\/\\\/www.rmcr.org\\\/en\\\/#\\\/schema\\\/person\\\/80849edee7ef556893505128619ea1d0\",\"name\":\"BIBLIOTECA\",\"image\":{\"@type\":\"ImageObject\",\"inLanguage\":\"en-US\",\"@id\":\"https:\\\/\\\/www.rmcr.org\\\/wp-content\\\/uploads\\\/2022\\\/11\\\/avatar-rmcr-96x96.png\",\"url\":\"https:\\\/\\\/www.rmcr.org\\\/wp-content\\\/uploads\\\/2022\\\/11\\\/avatar-rmcr-96x96.png\",\"contentUrl\":\"https:\\\/\\\/www.rmcr.org\\\/wp-content\\\/uploads\\\/2022\\\/11\\\/avatar-rmcr-96x96.png\",\"caption\":\"BIBLIOTECA\"},\"url\":\"https:\\\/\\\/www.rmcr.org\\\/en\\\/author\\\/juan-antonio-moreno\\\/\"}]}<\/script>\n<!-- \/ Yoast SEO plugin. -->","yoast_head_json":{"title":"Biblioteca-RMR: N\u00ba 55. Novedades. Julio 2018. - Real Maestranza de Caballer\u00eda de Ronda","robots":{"index":"index","follow":"follow","max-snippet":"max-snippet:-1","max-image-preview":"max-image-preview:large","max-video-preview":"max-video-preview:-1"},"canonical":"https:\/\/www.rmcr.org\/en\/2018\/07\/30\/biblioteca-rmr-no-55-novedades-julio-2018\/","og_locale":"en_US","og_type":"article","og_title":"Biblioteca-RMR: N\u00ba 55. Novedades. Julio 2018. - Real Maestranza de Caballer\u00eda de Ronda","og_description":"\u00b7 NOVEDADES \u00b7 \u00b7 BIBLIOTECA DE LA REAL MAESTRANZA DE CABALLER\u00cdA DE RONDA \u00b7 \u00b7 JULIO 2018 \u00b7 \u00b7 FONDO R\u00daJULA \u00b7 Diccionario her\u00e1ldico de la nobleza guipuzcoana \/ por Juan Carlos de Guerra. &#8212; San Sebasti\u00e1n : Revista Bascongada, 1882-1888 (Estab. tip. de los Hijos de I.R. Baroja) &#8212; 2 v. ; 23 cm [&hellip;]","og_url":"https:\/\/www.rmcr.org\/en\/2018\/07\/30\/biblioteca-rmr-no-55-novedades-julio-2018\/","og_site_name":"Real Maestranza de Caballer\u00eda de Ronda","article_publisher":"https:\/\/www.facebook.com\/plazadetorosronda","article_published_time":"2018-07-30T19:38:39+00:00","article_modified_time":"2025-04-03T09:03:07+00:00","og_image":[{"width":482,"height":143,"url":"https:\/\/www.rmcr.org\/wp-content\/uploads\/2022\/10\/nob-nap.jpg","type":"image\/jpeg"}],"author":"BIBLIOTECA","twitter_card":"summary_large_image","twitter_creator":"@PlazatorosRMR","twitter_site":"@PlazatorosRMR","twitter_misc":{"Written by":"BIBLIOTECA","Est. reading time":"4 minutes"},"schema":{"@context":"https:\/\/schema.org","@graph":[{"@type":"Article","@id":"https:\/\/www.rmcr.org\/en\/2018\/07\/30\/biblioteca-rmr-no-55-novedades-julio-2018\/#article","isPartOf":{"@id":"https:\/\/www.rmcr.org\/en\/2018\/07\/30\/biblioteca-rmr-no-55-novedades-julio-2018\/"},"author":{"name":"BIBLIOTECA","@id":"https:\/\/www.rmcr.org\/en\/#\/schema\/person\/80849edee7ef556893505128619ea1d0"},"headline":"Biblioteca-RMR: N\u00ba 55. Novedades. Julio 2018.","datePublished":"2018-07-30T19:38:39+00:00","dateModified":"2025-04-03T09:03:07+00:00","mainEntityOfPage":{"@id":"https:\/\/www.rmcr.org\/en\/2018\/07\/30\/biblioteca-rmr-no-55-novedades-julio-2018\/"},"wordCount":778,"commentCount":0,"publisher":{"@id":"https:\/\/www.rmcr.org\/en\/#organization"},"image":{"@id":"https:\/\/www.rmcr.org\/en\/2018\/07\/30\/biblioteca-rmr-no-55-novedades-julio-2018\/#primaryimage"},"thumbnailUrl":"https:\/\/www.rmcr.org\/wp-content\/uploads\/2022\/10\/nob-nap.jpg","keywords":["Bibliograf\u00edas","Biblioteca","Biblioteca-RMR","Bolet\u00edn mensual bibliogr\u00e1fico","\u00c9lites de poder","Genealog\u00eda","Her\u00e1ldica","Libros"],"articleSection":["Biblioteca","Bolet\u00edn bibliogr\u00e1fico Biblioteca-RMR"],"inLanguage":"en-US","potentialAction":[{"@type":"CommentAction","name":"Comment","target":["https:\/\/www.rmcr.org\/en\/2018\/07\/30\/biblioteca-rmr-no-55-novedades-julio-2018\/#respond"]}]},{"@type":"WebPage","@id":"https:\/\/www.rmcr.org\/en\/2018\/07\/30\/biblioteca-rmr-no-55-novedades-julio-2018\/","url":"https:\/\/www.rmcr.org\/en\/2018\/07\/30\/biblioteca-rmr-no-55-novedades-julio-2018\/","name":"Biblioteca-RMR: N\u00ba 55. Novedades. Julio 2018. - Real Maestranza de Caballer\u00eda de Ronda","isPartOf":{"@id":"https:\/\/www.rmcr.org\/en\/#website"},"primaryImageOfPage":{"@id":"https:\/\/www.rmcr.org\/en\/2018\/07\/30\/biblioteca-rmr-no-55-novedades-julio-2018\/#primaryimage"},"image":{"@id":"https:\/\/www.rmcr.org\/en\/2018\/07\/30\/biblioteca-rmr-no-55-novedades-julio-2018\/#primaryimage"},"thumbnailUrl":"https:\/\/www.rmcr.org\/wp-content\/uploads\/2022\/10\/nob-nap.jpg","datePublished":"2018-07-30T19:38:39+00:00","dateModified":"2025-04-03T09:03:07+00:00","breadcrumb":{"@id":"https:\/\/www.rmcr.org\/en\/2018\/07\/30\/biblioteca-rmr-no-55-novedades-julio-2018\/#breadcrumb"},"inLanguage":"en-US","potentialAction":[{"@type":"ReadAction","target":["https:\/\/www.rmcr.org\/en\/2018\/07\/30\/biblioteca-rmr-no-55-novedades-julio-2018\/"]}]},{"@type":"ImageObject","inLanguage":"en-US","@id":"https:\/\/www.rmcr.org\/en\/2018\/07\/30\/biblioteca-rmr-no-55-novedades-julio-2018\/#primaryimage","url":"https:\/\/www.rmcr.org\/wp-content\/uploads\/2022\/10\/nob-nap.jpg","contentUrl":"https:\/\/www.rmcr.org\/wp-content\/uploads\/2022\/10\/nob-nap.jpg","width":482,"height":143},{"@type":"BreadcrumbList","@id":"https:\/\/www.rmcr.org\/en\/2018\/07\/30\/biblioteca-rmr-no-55-novedades-julio-2018\/#breadcrumb","itemListElement":[{"@type":"ListItem","position":1,"name":"REAL MAESTRANZA DE CABALLER\u00cdA DE RONDA","item":"https:\/\/www.rmcr.org\/en\/"},{"@type":"ListItem","position":2,"name":"Biblioteca-RMR: N\u00ba 55. Novedades. Julio 2018."}]},{"@type":"WebSite","@id":"https:\/\/www.rmcr.org\/en\/#website","url":"https:\/\/www.rmcr.org\/en\/","name":"Real Maestranza de Caballer\u00eda de Ronda","description":"Real Maestranza de Caballer\u00eda de Ronda","publisher":{"@id":"https:\/\/www.rmcr.org\/en\/#organization"},"alternateName":"RMCR","potentialAction":[{"@type":"SearchAction","target":{"@type":"EntryPoint","urlTemplate":"https:\/\/www.rmcr.org\/en\/?s={search_term_string}"},"query-input":{"@type":"PropertyValueSpecification","valueRequired":true,"valueName":"search_term_string"}}],"inLanguage":"en-US"},{"@type":"Organization","@id":"https:\/\/www.rmcr.org\/en\/#organization","name":"Real Maestranza de Caballer\u00eda de Ronda","alternateName":"RMR","url":"https:\/\/www.rmcr.org\/en\/","logo":{"@type":"ImageObject","inLanguage":"en-US","@id":"https:\/\/www.rmcr.org\/en\/#\/schema\/logo\/image\/","url":"https:\/\/www.rmcr.org\/wp-content\/uploads\/2022\/07\/logo-rmr-blue.svg","contentUrl":"https:\/\/www.rmcr.org\/wp-content\/uploads\/2022\/07\/logo-rmr-blue.svg","width":131,"height":129,"caption":"Real Maestranza de Caballer\u00eda de Ronda"},"image":{"@id":"https:\/\/www.rmcr.org\/en\/#\/schema\/logo\/image\/"},"sameAs":["https:\/\/www.facebook.com\/plazadetorosronda","https:\/\/x.com\/PlazatorosRMR","https:\/\/www.instagram.com\/realmaestranzaderonda\/","https:\/\/www.youtube.com\/channel\/UCrbO5IUN-8v_QML739vM4zg\/videos"]},{"@type":"Person","@id":"https:\/\/www.rmcr.org\/en\/#\/schema\/person\/80849edee7ef556893505128619ea1d0","name":"BIBLIOTECA","image":{"@type":"ImageObject","inLanguage":"en-US","@id":"https:\/\/www.rmcr.org\/wp-content\/uploads\/2022\/11\/avatar-rmcr-96x96.png","url":"https:\/\/www.rmcr.org\/wp-content\/uploads\/2022\/11\/avatar-rmcr-96x96.png","contentUrl":"https:\/\/www.rmcr.org\/wp-content\/uploads\/2022\/11\/avatar-rmcr-96x96.png","caption":"BIBLIOTECA"},"url":"https:\/\/www.rmcr.org\/en\/author\/juan-antonio-moreno\/"}]}},"_links":{"self":[{"href":"https:\/\/www.rmcr.org\/en\/wp-json\/wp\/v2\/posts\/6198","targetHints":{"allow":["GET"]}}],"collection":[{"href":"https:\/\/www.rmcr.org\/en\/wp-json\/wp\/v2\/posts"}],"about":[{"href":"https:\/\/www.rmcr.org\/en\/wp-json\/wp\/v2\/types\/post"}],"author":[{"embeddable":true,"href":"https:\/\/www.rmcr.org\/en\/wp-json\/wp\/v2\/users\/2"}],"replies":[{"embeddable":true,"href":"https:\/\/www.rmcr.org\/en\/wp-json\/wp\/v2\/comments?post=6198"}],"version-history":[{"count":2,"href":"https:\/\/www.rmcr.org\/en\/wp-json\/wp\/v2\/posts\/6198\/revisions"}],"predecessor-version":[{"id":21243,"href":"https:\/\/www.rmcr.org\/en\/wp-json\/wp\/v2\/posts\/6198\/revisions\/21243"}],"wp:featuredmedia":[{"embeddable":true,"href":"https:\/\/www.rmcr.org\/en\/wp-json\/wp\/v2\/media\/11671"}],"wp:attachment":[{"href":"https:\/\/www.rmcr.org\/en\/wp-json\/wp\/v2\/media?parent=6198"}],"wp:term":[{"taxonomy":"category","embeddable":true,"href":"https:\/\/www.rmcr.org\/en\/wp-json\/wp\/v2\/categories?post=6198"},{"taxonomy":"post_tag","embeddable":true,"href":"https:\/\/www.rmcr.org\/en\/wp-json\/wp\/v2\/tags?post=6198"}],"curies":[{"name":"wp","href":"https:\/\/api.w.org\/{rel}","templated":true}]}}