{"id":6197,"date":"2018-06-29T12:42:49","date_gmt":"2018-06-29T12:42:49","guid":{"rendered":"https:\/\/www.rmcr.org\/?p=6197"},"modified":"2026-02-19T13:44:27","modified_gmt":"2026-02-19T13:44:27","slug":"biblioteca-rmr-no-54-alerta-de-articulos-de-revistas-junio-2018","status":"publish","type":"post","link":"https:\/\/www.rmcr.org\/en\/2018\/06\/29\/biblioteca-rmr-no-54-alerta-de-articulos-de-revistas-junio-2018\/","title":{"rendered":"Biblioteca-RMR: N\u00ba 54. Alerta de art\u00edculos. Vaciado de \u00abHistoria y Genealog\u00eda: revista de estudios hist\u00f3ricos y geneal\u00f3gicos\u00bb de la Universidad de C\u00f3rdoba. Junio 2018."},"content":{"rendered":"<p style=\"text-align: center;\"><strong>\u00b7 VACIADO DE ART\u00cdCULOS \u00b7<\/strong><br \/>\n<strong>\u00b7 BIBLIOTECA DE LA REAL MAESTRANZA DE CABALLER\u00cdA DE RONDA \u00b7<\/strong><br \/>\n<strong>\u00b7 JUNIO 2018 \u00b7<\/strong><\/p>\n<p style=\"text-align: center;\"><strong>\u00b7 FONDO HER\u00c1LDICA Y GENEALOG\u00cdA \u00b7<\/strong><\/p>\n<p>La presente entrada est\u00e1 dedicada al vaciado de art\u00edculos editados hasta la fecha de \u00abHistoria y Genealog\u00eda: revista de estudios hist\u00f3ricos y geneal\u00f3gicos\u00bb (ISSN 2173-6030), la publicaci\u00f3n peri\u00f3dica digital del equipo de investigaci\u00f3n \u00abHistoria Social en la Edad Moderna\u00bb de la Universidad de C\u00f3rdoba. Todos los art\u00edculos a texto completo est\u00e1n disponibles para su consulta en la <a href=\"https:\/\/www.uco.es\/revistas\/index.php\/hyg\/issue\/archive\">p\u00e1gina web de la revista<\/a>.<\/p>\n<p><a href=\"https:\/\/www.rmcr.org\/2018\/06\/hyguco.jpg\"><img fetchpriority=\"high\" decoding=\"async\" class=\"aligncenter size-full wp-image-1681\" src=\"https:\/\/www.rmcr.org\/wp-content\/uploads\/2018\/06\/hyguco.jpg\" alt=\"\" width=\"400\" height=\"566\" srcset=\"https:\/\/www.rmcr.org\/wp-content\/uploads\/2018\/06\/hyguco.jpg 400w, https:\/\/www.rmcr.org\/wp-content\/uploads\/2018\/06\/hyguco-212x300.jpg 212w\" sizes=\"(max-width: 400px) 100vw, 400px\" \/><\/a><\/p>\n<hr \/>\n<p><strong>N\u00ba 7, 2017<\/strong><\/p>\n<p><em>Nuevas gentes y nueva sangre, pero las mismas reglas del juego. El concejo de baza en el siglo XVIII.\u00a0<\/em>Jos\u00e9 M. Garc\u00eda R\u00edos.\u00a0Historia y Genealog\u00eda, n\u00ba 7, \u00a02017, p. 7-31.<\/p>\n<p><em>La autor\u00eda de los escudos concedidos a los conquistadores de Indias.\u00a0<\/em>Carlos L\u00f3pez-Fanjul de Arg\u00fcelles.\u00a0Historia y Genealog\u00eda, n\u00ba 7, \u00a02017, p. 33-39.<\/p>\n<p><em>\u00abQue yo nunca re\u00e7ib\u00ed de los susodichos ningunas buenas obras\u00bb. Patrimonio y conflictividad familiar en la \u00e9lite municipal de Granada (c. 1601-1640).\u00a0<\/em>Javier Fern\u00e1ndez Mart\u00edn.\u00a0Historia y Genealog\u00eda, n\u00ba 7, \u00a02017, p. 41-63.<\/p>\n<p><em>De caballeros a cortesanos: evoluci\u00f3n del linaje de los Z\u00fa\u00f1iga hasta el I marqu\u00e9s de Villamanrique.\u00a0<\/em>Mar\u00eda Vicens Hualde.\u00a0Historia y Genealog\u00eda, n\u00ba 7, \u00a02017, p. 65-87.<\/p>\n<p><em>Sendai y el clan Date: la realidad tras la Embajada Keich\u00f4.\u00a0<\/em>Antonio M\u00edguez Santa Cruz.\u00a0Historia y Genealog\u00eda, n\u00ba 7, \u00a02017, p. 89-101.<\/p>\n<p><em>Intentos de regulaci\u00f3n del matrimonio en C\u00f3rdoba en la Edad Moderna: las disposiciones sinodales y las cartas pastorales.\u00a0<\/em>Juan L. Arjona Zurera.\u00a0Historia y Genealog\u00eda, n\u00ba 7, \u00a02017, p. 103-125.<\/p>\n<p><em>El mayorazgo Vaca Sotomayor. Estrategias familiares en la nobleza alcarace\u00f1a.\u00a0<\/em>Carlos Ayll\u00f3n Guti\u00e9rrez.\u00a0Historia y Genealog\u00eda, n\u00ba 7, \u00a02017, p. 127-146.<\/p>\n<p><em>\u00abMacula Infamiae\u00bb en los expedientes de limpieza de la Catedral de Toledo (1577-1623).\u00a0<\/em>Hilario Rodr\u00edguez de Gracia.\u00a0Historia y Genealog\u00eda, n\u00ba 7, \u00a02017, p. 147-188.<\/p>\n<p><em>Soldados y capitanes: las compa\u00f1\u00edas de milicias de \u00c9cija (1612-1648).\u00a0<\/em>Juan Crespillo L\u00f3pez.\u00a0Historia y Genealog\u00eda, n\u00ba 7, \u00a02017, p. 189-215.<\/p>\n<hr \/>\n<p><strong>N\u00ba 6, 2016<\/strong><\/p>\n<p><em>Mujer y familia en la edad moderna: los pleitos de divorcio en el tribunal eclesi\u00e1stico de C\u00f3rdoba.\u00a0<\/em>Juan L. Arjona Zurera.\u00a0Historia y Genealog\u00eda, n\u00ba 6, \u00a02016, p. 7-30.<\/p>\n<p><em>Diccionario biogr\u00e1fico de la Catedral de C\u00f3rdoba (II): los miembros del cabildo en \u00e9poca moderna.\u00a0<\/em>Antonio J. D\u00edaz Rodr\u00edguez.\u00a0Historia y Genealog\u00eda, n\u00ba 6, \u00a02016, p. 33-63.<\/p>\n<p><em>Patrones y vistas: la her\u00e1ldica municipal americana en el siglo XVI.\u00a0<\/em>Carlos L\u00f3pez-Fanjul de Arg\u00fcelles.\u00a0Historia y Genealog\u00eda, n\u00ba 6, \u00a02016, p. 65-94.<\/p>\n<p><em>Un ejemplo de estrategia familiar dentro de la iglesia: los Rojas y Sandoval y el deanato de la Catedral de Ja\u00e9n en el siglo XVI.\u00a0<\/em>Francisco Mart\u00ednez Guti\u00e9rrez.\u00a0Historia y Genealog\u00eda, n\u00ba 6, \u00a02016, p. 97-121.<\/p>\n<p><em>La cultura material de los hogares hidalgos de La Mancha. Ciudad Real, 1585-1610.\u00a0<\/em>Francisco J. Moreno D\u00edaz del Campo.\u00a0Historia y Genealog\u00eda, n\u00ba 6, \u00a02016, p. 123-146.<\/p>\n<p><em>Los Ocampo granadinos y los descendientes del Gran Capit\u00e1n: litigio por bienes feudales en N\u00e1poles (1505-1540).\u00a0<\/em>Pedro A. Porras Arboledas.\u00a0Historia y Genealog\u00eda, n\u00ba 6, \u00a02016, p. 149-190.<\/p>\n<p><em>Autor\u00edas en el Sacro Imaginario: los moriscos entre la Torre Turpiana y las Sagradas Formas de Alcal\u00e1.\u00a0<\/em>Mohamed Saadan Saadan.\u00a0Historia y Genealog\u00eda, n\u00ba 6, \u00a02016, p. 193-221.<\/p>\n<p><em>El almirante Juan Fajardo de Tenza, I marqu\u00e9s de Espinardo y su sucesi\u00f3n. La consolidaci\u00f3n de un linaje hasta mediados del siglo XVIII.\u00a0<\/em>Valeriano S\u00e1nchez Ramos.\u00a0Historia y Genealog\u00eda, n\u00ba 6, \u00a02016, p. 223-249.<\/p>\n<p><em>La her\u00e1ldica espa\u00f1ola de la Edad Moderna y su percepci\u00f3n en la novela picaresca (1554-1668).\u00a0<\/em>Jos\u00e9 M. Valle Porras.\u00a0Historia y Genealog\u00eda, n\u00ba 6, \u00a02016, p. 251-299.<\/p>\n<hr \/>\n<p><strong>N\u00ba 5, 2015<\/strong><\/p>\n<p>Conversos, Inquisici\u00f3n y Nobleza en Castilla (siglos XV-XVII): un punto de partida colectivo. N\u00famero monogr\u00e1fico que trata sobre las pr\u00e1cticas de visualizaci\u00f3n del poder en la sociedad de la Espa\u00f1a moderna.<\/p>\n<p><em>Conversos, Inquisici\u00f3n y Nobleza en Castilla (siglos XV-XVII). Un punto de partida colectivo.\u00a0<\/em>Luis Salas Almela.\u00a0Historia y Genealog\u00eda, n\u00ba 5, \u00a02015, p. 5-6.<\/p>\n<p><em>Si hay moreras hay cristianos nuevos: Los Duques de Pastrana y la industria de la seda en la formaci\u00f3n de un espacio de conflicto (Pastrana, c. 1569- c. 1609).\u00a0<\/em>Susana Bastos Mateus, Antonio Terrasa Lozano.\u00a0Historia y Genealog\u00eda, n\u00ba 5, \u00a02015, p. 7-22.<\/p>\n<p><em>\u00abPalacio donde morar\u00bb. \u00abHeredad donde holgar\u00bb. <\/em><em>Sp\u00e9culation immobili\u00e8re et constitution de fief nobiliaire. Inquisition et noblesse andalouse.\u00a0<\/em>B\u00e9atrice Perez.\u00a0Historia y Genealog\u00eda, n\u00ba 5, \u00a02015, p. 25-39.<\/p>\n<p><em>Portugueses al amparo de la nobleza (la inquisici\u00f3n contra los vasallos del Duque de Pastrana acusados de juda\u00edsmos durante el siglo XVII).\u00a0<\/em>Juan I. Pulido Serrano.\u00a0Historia y Genealog\u00eda, n\u00ba 5, \u00a02015, p. 41-59.<\/p>\n<p><em>Los judeoconversos y los Duques de Medina Sidonia (1471-1555). Estado de la cuesti\u00f3n y l\u00edneas de trabajo.\u00a0<\/em>Luis Salas Almela.\u00a0Historia y Genealog\u00eda, n\u00ba 5, \u00a02015, p. 61-77.<\/p>\n<p><em>\u00abQue la penitencia no debe obstar a los descendientes que de \u00e9l hubiere\u00bb. Integraci\u00f3n y ascenso social de una familia judeoconversa: el caso de los Ram\u00edrez de Lucena (C\u00f3rdoba).\u00a0<\/em>Nereida Serrano M\u00e1rquez.\u00a0Historia y Genealog\u00eda, n\u00ba 5, \u00a02015, p. 79-111.<\/p>\n<p><em>El \u00ablinaje de los M\u00e9rida\u00bb: inicio y final de su ascenso social en La Alpujarra.\u00a0<\/em>Francisco J. Cano Hila.\u00a0Historia y Genealog\u00eda, n\u00ba 5, \u00a02015, p. 113-169.<\/p>\n<p><em>Diccionario biogr\u00e1fico de la Catedral de C\u00f3rdoba (I): los miembros del cabildo en \u00e9poca moderna.\u00a0<\/em>Antonio J. D\u00edaz Rodr\u00edguez.\u00a0Historia y Genealog\u00eda, n\u00ba 5, \u00a02015, p. 171-228.<\/p>\n<p><em>La imaginaci\u00f3n her\u00e1ldica en la Espa\u00f1a del siglo XVI. Las armer\u00edas de los caciques y los muebles americanos.\u00a0<\/em>Carlos L\u00f3pez-Fanjul de Arg\u00fcelles.\u00a0Historia y Genealog\u00eda, n\u00ba 5, \u00a02015, p. 229-265.<\/p>\n<p><em>Sociedad de la \u00abVilla y Corte\u00bb: Hidalgos en el Madrid de Carlos IV.\u00a0<\/em>Jorge P\u00e9rez Le\u00f3n.\u00a0Historia y Genealog\u00eda, n\u00ba 5, \u00a02015, p. 267-292.<\/p>\n<p><em>Pr\u00e1ctica geneal\u00f3gica y legitimaci\u00f3n social en la Espa\u00f1a moderna. Los Macanaz (siglos XVII-XVIII).\u00a0<\/em>Francisco Precioso Izquierdo.\u00a0Historia y Genealog\u00eda, n\u00ba 5, \u00a02015, p. 293-307.<\/p>\n<hr \/>\n<p><strong>N\u00ba 4, 2014<\/strong><\/p>\n<p>\u00c9lites eclesi\u00e1sticas en \u00e9poca moderna. Reproducci\u00f3n, nepotismo y patrimonializaci\u00f3n. N\u00famero monogr\u00e1fico.<\/p>\n<p><em>El de\u00e1n burgal\u00e9s Calder\u00f3n de la Barca (1704-1773). Un modelo de cl\u00e9rigo en el Setecientos.\u00a0<\/em>Francisco J. Sanz de la Higuera.\u00a0Historia y Genealog\u00eda, n\u00ba 4, \u00a02014, p. 7-30.<\/p>\n<p><em>El cabildo catedralicio de \u00c9vora en la Edad Moderna (1547-1801).\u00a0<\/em>Antonio J. D\u00edaz Rodr\u00edguez, Ana I. L\u00f3pez-Salazar Codes.\u00a0Historia y Genealog\u00eda, n\u00ba 4, \u00a02014, p. 31-58.<\/p>\n<p><em>Un paterfamilias en la corte de Felipe IV: fray Antonio de Sotomayor.\u00a0<\/em>Mar\u00eda Amparo L\u00f3pez Arandia.\u00a0Historia y Genealog\u00eda, n\u00ba 4, \u00a02014, p. 59-74.<\/p>\n<p><em>Del campo a la ciudad: los racioneros Guerrero y la promoci\u00f3n social de su familia.\u00a0<\/em>Antonio Irigoyen L\u00f3pez.\u00a0Historia y Genealog\u00eda, n\u00ba 4, \u00a02014, p. 75-90.<\/p>\n<p><em>\u00abPenuria pauperum clamat\u00bb. Discursos letrados sobre los bienes eclesi\u00e1sticos (siglos XII-XVI): doctrinas ideales y realidades t\u00edpicas.\u00a0<\/em>Rafael M. P\u00e9rez Garc\u00eda.\u00a0Historia y Genealog\u00eda, n\u00ba 4, \u00a02014, p. 91-131.<\/p>\n<p><em>Nuevos datos sobre el proceso de se\u00f1orializaci\u00f3n de Andaluc\u00eda: la evoluci\u00f3n del se\u00f1or\u00edo de Ibros (Ja\u00e9n) entre los siglos XIV y XV.\u00a0<\/em>Mar\u00eda Antonia Carmona Ruiz.\u00a0Historia y Genealog\u00eda, n\u00ba 4, \u00a02014, p. 133-150.<\/p>\n<p><em>Las armer\u00edas de los conquistadores de Indias.\u00a0<\/em>Carlos L\u00f3pez-Fanjul de Argu\u0308elles.\u00a0Historia y Genealog\u00eda, n\u00ba 4, \u00a02014, p. 151-178.<\/p>\n<p><em>El origen de los Ju\u00e1rez: los \u00faltimos criptojud\u00edos perseguidos por la Inquisici\u00f3n espa\u00f1ola en el siglo XVIII.\u00a0<\/em>Jos\u00e9 Luis Buitrago Gonz\u00e1lez.\u00a0Historia y Genealog\u00eda, n\u00ba 4, \u00a02014, p. 179-192.<\/p>\n<p><em>Los M\u00e1rmol, un linaje de origen converso al servicio de la Monarqu\u00eda espa\u00f1ola.\u00a0<\/em>Javier Castillo Fern\u00e1ndez.\u00a0Historia y Genealog\u00eda, n\u00ba 4, \u00a02014, p. 193-234.<\/p>\n<p><em>El tejido productivo en la Sevilla de mediados del XVI: un an\u00e1lisis demogr\u00e1fico y socioecon\u00f3mico a partir de los padrones de moneda forera de las collaciones de Santa Catalina y San Rom\u00e1n de 1548.\u00a0<\/em>Juan Manuel Castillo Rubio.\u00a0Historia y Genealog\u00eda, n\u00ba 4, \u00a02014, p. 235-286.<\/p>\n<p><em>Fr. Garc\u00eda de Loa\u00edsa: mayorazgo, se\u00f1or\u00edo y linaje.\u00a0<\/em>Jos\u00e9 Antonio Cuesta Nieto.\u00a0Historia y Genealog\u00eda, n\u00ba 4, \u00a02014, p. 287-304.<\/p>\n<p><em>Familia y poder en la Espa\u00f1a Moderna. El ascenso de una familia de letrados: Los Valc\u00e1rcel (siglos XVII-XVIII).\u00a0<\/em>F\u00e9lix Marina Bellido.\u00a0Historia y Genealog\u00eda, n\u00ba 4, \u00a02014, p. 305-340.<\/p>\n<p><em>Entre la casa romana y el hogar portugu\u00e9s. Jer\u00f3nimo da Fonseca en Roma.\u00a0<\/em>James N. Novoa.\u00a0Historia y Genealog\u00eda, n\u00ba 4, \u00a02014, p. 341-356.<\/p>\n<hr \/>\n<p><strong>N\u00ba 3, 2013<\/strong><\/p>\n<p><em>De asentistas genoveses a nobles empobrecidos. Los Strata, marqueses de Robledo de Chavela.\u00a0<\/em>Paula Alfonso Santorio.\u00a0Historia y Genealog\u00eda, n\u00ba 3, \u00a02013, p. 5-22.<\/p>\n<p><em>Judaizantes y malsines: redes criptojud\u00edas portuguesas durante el seiscientos ante el tribunal de C\u00f3rdoba.\u00a0<\/em>Marcos R. Ca\u00f1as Pelayo.\u00a0Historia y Genealog\u00eda, n\u00ba 3, \u00a02013, p. 23-40.<\/p>\n<p><em>La \u00abGenealog\u00eda de los se\u00f1ores de la casa de Medina Sidonia\u00bb de Luis de Salazar y Castro.\u00a0<\/em>Juan L. Carriazo Rubio.\u00a0Historia y Genealog\u00eda, n\u00ba 3, \u00a02013, p. 41-64.<\/p>\n<p><em>Estrategias familiares con fines econ\u00f3micos y sociales. El caso del jurado cordob\u00e9s Mart\u00edn G\u00f3mez de Arag\u00f3n.\u00a0<\/em>Francisco I. Quevedo S\u00e1nchez.\u00a0Historia y Genealog\u00eda, n\u00ba 3, \u00a02013, p. 65-82.<\/p>\n<p><em>Exogamia, endogamia e ilegitimidad: estrategias familiares de los mercaderes genoveses de Granada durante la Edad Moderna (ss. XVI-XVIII).\u00a0<\/em>Rafael M. Gir\u00f3n Pascual. Historia y Genealog\u00eda, n\u00ba 3, \u00a02013, p. 83-98.<\/p>\n<p><em>Nobleza, genealog\u00eda y her\u00e1ldica en C\u00f3rdoba: la casa solariega de los Mesa y palacio de Las Quemadas.\u00a0<\/em>Gonzalo J. Herreros Moya.\u00a0Historia y Genealog\u00eda, n\u00ba 3, \u00a02013, p. 99-194.<\/p>\n<p><em>El mon. Una breve historia de la her\u00e1ldica japonesa.\u00a0<\/em>Antonio M\u00edguez Santa Cruz.\u00a0Historia y Genealog\u00eda, n\u00ba 3, \u00a02013, p. 195-218.<\/p>\n<p><em>A la moda ilustrada o a la vieja usanza nobiliar. Viviendas del clero capitular burgal\u00e9s en el siglo XVIII.\u00a0<\/em>Francisco J. Sanz de la Higuera.\u00a0Historia y Genealog\u00eda, n\u00ba 3, \u00a02013, p. 219-242.<\/p>\n<p><em>De financieros judeoconversos a nobleza titulada. Las estrategias de ascenso social de la familia Pisa (siglos XVI-XVII).\u00a0<\/em>Roc\u00edo Velasco Tejedor.\u00a0Historia y Genealog\u00eda, n\u00ba 3, \u00a02013, p. 243-261.<\/p>\n<hr \/>\n<p><strong>N\u00ba 2, 2012<\/strong><\/p>\n<p><em>\u00abNo se expresare en los t\u00edtulos el precio en que compraron\u00bb: los fundadores de la Maestranza de Caballer\u00eda de Sevilla y la venta de t\u00edtulos nobiliarios durante el reinado de Carlos II.\u00a0<\/em>Juan Cartaya Ba\u00f1os.\u00a0Historia y Genealog\u00eda, n\u00ba 2, \u00a02012, p. 5-35.<\/p>\n<p><em>Propuestas preliminares para la reconstrucci\u00f3n geneal\u00f3gica de la comunidad morisca de Baeza.\u00a0<\/em>William Childers.\u00a0Historia y Genealog\u00eda, n\u00ba 2, \u00a02012, p. 37-51.<\/p>\n<p><em>Reconstrucci\u00f3n de familias y redes sociales en el seno de la comunidad morisca sevillana. Las familias Valenciano, Montano y Mar\u00edn.\u00a0<\/em>Manuel F. Fern\u00e1ndez Chaves, Rafael M. P\u00e9rez Garc\u00eda.\u00a0Historia y Genealog\u00eda, n\u00ba 2, \u00a02012, p. 53-73.<\/p>\n<p><em>As nobrezas secundog\u00e9nitas no imp\u00e9rio ultramarino portugu\u00eas. Um estudo de caso (s\u00e9cs. XVI e XVII).\u00a0<\/em>Jo\u00e2o de Figueiroa Rego.\u00a0Historia y Genealog\u00eda, n\u00ba 2, \u00a02012, p. 75-109.<\/p>\n<p><em>As\u00ed en la tierra como en el cielo. Aproximaci\u00f3n al estudio de las capellan\u00edas en la Edad Moderna: entre la trascendencia y la pol\u00edtica familiar. El caso de C\u00f3rdoba.\u00a0<\/em>Gonzalo J. Herreros Moya.\u00a0Historia y Genealog\u00eda, n\u00ba 2, \u00a02012, p. 111-141.<\/p>\n<p><em>El curriculum vitae de los capitulares en el siglo XVI: el ejemplo del cabildo catedral de Santiago.\u00a0<\/em>Arturo Iglesias Ortega.\u00a0Historia y Genealog\u00eda, n\u00ba 2, \u00a02012, p. 143-170.<\/p>\n<p><em>Identificaci\u00f3n e identidad en el desarrollo de la memoria hist\u00f3rica: el reino de Murcia y la edad media.\u00a0<\/em>Juan F. Jim\u00e9nez Alc\u00e1zar.\u00a0Historia y Genealog\u00eda, n\u00ba 2, \u00a02012, p. 171-194.<\/p>\n<p><em>Rela\u00e7\u00f5es familiares e parafamiliares dos mouriscos portugueses.\u00a0<\/em>Isabel M. R. Mendes Drumond Braga.\u00a0Historia y Genealog\u00eda, n\u00ba 2, \u00a02012, p. 195-207.<\/p>\n<p><em>Mecanismos y estrategias de promoci\u00f3n, ascenso y consolidaci\u00f3n de los Carrillo de Toledo, se\u00f1ores de Caracena y Pinto.\u00a0<\/em>Ana Quijorna Rodr\u00edguez.\u00a0Historia y Genealog\u00eda, n\u00ba 2, \u00a02012, p. 209-231.<\/p>\n<p><em>\u00bfQu\u00e9 hab\u00eda debajo del \u00absolideo con orejeras\u00bb del can\u00f3nigo Verde Sa\u00f1udo? (Burgos, 1707-1718).\u00a0<\/em>Francisco J. Sanz de la Higuera.\u00a0Historia y Genealog\u00eda, n\u00ba 2, \u00a02012, p. 233-260.<\/p>\n<hr \/>\n<p><strong>N\u00ba 1, 2011<\/strong><\/p>\n<p><em>La imagen del poder. Un acercamiento a las pr\u00e1cticas de visualizaci\u00f3n del poder en la Espa\u00f1a moderna.\u00a0<\/em>Enrique Soria Mesa.\u00a0Historia y Genealog\u00eda, n\u00ba 1, \u00a02011, p. 5-10.<\/p>\n<p><em>Cardenales en miniatura: la imagen del poder a trav\u00e9s del clero capitular cordob\u00e9s.\u00a0<\/em>Antonio J. D\u00edaz Rodr\u00edguez.\u00a0Historia y Genealog\u00eda, n\u00ba 1, \u00a02011, p. 11-21.<\/p>\n<p><em>El ascenso frustrado. De una mesocracia emergente a una burgues\u00eda ausente (C\u00f3rdoba, 1500-1800).\u00a0<\/em>Miguel A. Extremera Extremera.\u00a0Historia y Genealog\u00eda, n\u00ba 1, \u00a02011, p. 23-39.<\/p>\n<p><em>Ricos, nobles y poderosos: la imagen de los mercaderes genoveses del Reino de Granada en la Edad Moderna.\u00a0<\/em>Rafael M. Gir\u00f3n Pascual.\u00a0Historia y Genealog\u00eda, n\u00ba 1, \u00a02011, p. 41-56.<\/p>\n<p><em>El largo camino hacia el individualismo. El Palacio de los Condes de Luque en Granada en los inicios de la contemporaneidad.\u00a0<\/em>Ra\u00fal Molina Recio.\u00a0Historia y Genealog\u00eda, n\u00ba 1, \u00a02011, p. 57-111.<\/p>\n<p><em>\u00abQue siendo yo cristiano viejo la justicia procedi\u00f3 contra m\u00ed\u2026\u00bb. La instrumentalizaci\u00f3n de la imagen del morisco.\u00a0<\/em>Santiago Otero Mond\u00e9jar.\u00a0Historia y Genealog\u00eda, n\u00ba 1, \u00a02011, p. 113-131.<\/p>\n<p><em>Espirituales, cortes se\u00f1oriales y linajes nobiliarios. Construcci\u00f3n y desarrollo de climas sacro-espirituales de referencia social en la Andaluc\u00eda de los siglos XVI y XVII.\u00a0<\/em>Rafael M. P\u00e9rez Garc\u00eda.\u00a0Historia y Genealog\u00eda, n\u00ba 1, \u00a02011, p. 133-153.<\/p>\n<p><em>Las pr\u00e1cticas del vivir noblemente y su importancia. El ejemplo de los D\u00edaz de Escobar en C\u00f3rdoba.\u00a0<\/em>Irene Ruiz Canales.\u00a0Historia y Genealog\u00eda, n\u00ba 1, \u00a02011, p. 155-165.<\/p>\n<p><em>Guardar las apariencias. Formas de representaci\u00f3n de los poderes locales en el medio rural cordob\u00e9s en la \u00e9poca moderna.\u00a0<\/em>\u00c1ngel M. Ruiz G\u00e1lvez.\u00a0Historia y Genealog\u00eda, n\u00ba 1, \u00a02011, p. 167-187.<\/p>\n<p><em>Fundaciones conventuales en Sanl\u00facar de Barrameda: una imagen de poder se\u00f1orial en el camino de los eclesi\u00e1sticos a Indias (1492-1641).\u00a0<\/em>Luis Salas Almela.\u00a0Historia y Genealog\u00eda, n\u00ba 1, \u00a02011, p. 189-204.<\/p>\n<p><em>Imaginando Am\u00e9rica: objetos ind\u00edgenas en las casas nobles del Renacimiento andaluz.\u00a0<\/em>Antonio Urqu\u00edzar Herrera.\u00a0Historia y Genealog\u00eda, n\u00ba 1, \u00a02011, p. 205-221.<\/p>\n","protected":false},"excerpt":{"rendered":"<p>\u00b7 VACIADO DE ART\u00cdCULOS \u00b7 \u00b7 BIBLIOTECA DE LA REAL MAESTRANZA DE CABALLER\u00cdA DE RONDA \u00b7 \u00b7 JUNIO 2018 \u00b7 \u00b7 FONDO HER\u00c1LDICA Y GENEALOG\u00cdA \u00b7 La presente entrada est\u00e1 dedicada al vaciado de art\u00edculos editados hasta la fecha de \u00abHistoria y Genealog\u00eda: revista de estudios hist\u00f3ricos y geneal\u00f3gicos\u00bb (ISSN 2173-6030), la publicaci\u00f3n peri\u00f3dica digital [&hellip;]<\/p>\n","protected":false},"author":2,"featured_media":11668,"comment_status":"open","ping_status":"open","sticky":false,"template":"","format":"standard","meta":{"footnotes":""},"categories":[140,791],"tags":[223,237,105,252,176,188,184,191],"class_list":["post-6197","post","type-post","status-publish","format-standard","has-post-thumbnail","hentry","category-biblioteca","category-boletin-bibliografico-biblioteca-rmr","tag-articulos","tag-bibliografias","tag-biblioteca-general","tag-biblioteca-rmr","tag-boletin-mensual-bibliografico","tag-genealogia","tag-heraldica","tag-publicaciones-periodicas"],"yoast_head":"<!-- This site is optimized with the Yoast SEO plugin v27.5 - https:\/\/yoast.com\/product\/yoast-seo-wordpress\/ -->\n<title>Biblioteca-RMR: N\u00ba 54. Alerta de art\u00edculos. Vaciado de \u00abHistoria y Genealog\u00eda: revista de estudios hist\u00f3ricos y geneal\u00f3gicos\u00bb de la Universidad de C\u00f3rdoba. Junio 2018. - Real Maestranza de Caballer\u00eda de Ronda<\/title>\n<meta name=\"robots\" content=\"index, follow, max-snippet:-1, max-image-preview:large, max-video-preview:-1\" \/>\n<link rel=\"canonical\" href=\"https:\/\/www.rmcr.org\/en\/2018\/06\/29\/biblioteca-rmr-no-54-alerta-de-articulos-de-revistas-junio-2018\/\" \/>\n<meta property=\"og:locale\" content=\"en_US\" \/>\n<meta property=\"og:type\" content=\"article\" \/>\n<meta property=\"og:title\" content=\"Biblioteca-RMR: N\u00ba 54. Alerta de art\u00edculos. Vaciado de \u00abHistoria y Genealog\u00eda: revista de estudios hist\u00f3ricos y geneal\u00f3gicos\u00bb de la Universidad de C\u00f3rdoba. Junio 2018. - Real Maestranza de Caballer\u00eda de Ronda\" \/>\n<meta property=\"og:description\" content=\"\u00b7 VACIADO DE ART\u00cdCULOS \u00b7 \u00b7 BIBLIOTECA DE LA REAL MAESTRANZA DE CABALLER\u00cdA DE RONDA \u00b7 \u00b7 JUNIO 2018 \u00b7 \u00b7 FONDO HER\u00c1LDICA Y GENEALOG\u00cdA \u00b7 La presente entrada est\u00e1 dedicada al vaciado de art\u00edculos editados hasta la fecha de \u00abHistoria y Genealog\u00eda: revista de estudios hist\u00f3ricos y geneal\u00f3gicos\u00bb (ISSN 2173-6030), la publicaci\u00f3n peri\u00f3dica digital [&hellip;]\" \/>\n<meta property=\"og:url\" content=\"https:\/\/www.rmcr.org\/en\/2018\/06\/29\/biblioteca-rmr-no-54-alerta-de-articulos-de-revistas-junio-2018\/\" \/>\n<meta property=\"og:site_name\" content=\"Real Maestranza de Caballer\u00eda de Ronda\" \/>\n<meta property=\"article:publisher\" content=\"https:\/\/www.facebook.com\/plazadetorosronda\" \/>\n<meta property=\"article:published_time\" content=\"2018-06-29T12:42:49+00:00\" \/>\n<meta property=\"article:modified_time\" content=\"2026-02-19T13:44:27+00:00\" \/>\n<meta property=\"og:image\" content=\"https:\/\/www.rmcr.org\/wp-content\/uploads\/2022\/10\/hyg.jpg\" \/>\n\t<meta property=\"og:image:width\" content=\"482\" \/>\n\t<meta property=\"og:image:height\" content=\"143\" \/>\n\t<meta property=\"og:image:type\" content=\"image\/jpeg\" \/>\n<meta name=\"author\" content=\"BIBLIOTECA\" \/>\n<meta name=\"twitter:card\" content=\"summary_large_image\" \/>\n<meta name=\"twitter:creator\" content=\"@PlazatorosRMR\" \/>\n<meta name=\"twitter:site\" content=\"@PlazatorosRMR\" \/>\n<meta name=\"twitter:label1\" content=\"Written by\" \/>\n\t<meta name=\"twitter:data1\" content=\"BIBLIOTECA\" \/>\n\t<meta name=\"twitter:label2\" content=\"Est. reading time\" \/>\n\t<meta name=\"twitter:data2\" content=\"11 minutes\" \/>\n<script type=\"application\/ld+json\" class=\"yoast-schema-graph\">{\"@context\":\"https:\\\/\\\/schema.org\",\"@graph\":[{\"@type\":\"Article\",\"@id\":\"https:\\\/\\\/www.rmcr.org\\\/en\\\/2018\\\/06\\\/29\\\/biblioteca-rmr-no-54-alerta-de-articulos-de-revistas-junio-2018\\\/#article\",\"isPartOf\":{\"@id\":\"https:\\\/\\\/www.rmcr.org\\\/en\\\/2018\\\/06\\\/29\\\/biblioteca-rmr-no-54-alerta-de-articulos-de-revistas-junio-2018\\\/\"},\"author\":{\"name\":\"BIBLIOTECA\",\"@id\":\"https:\\\/\\\/www.rmcr.org\\\/en\\\/#\\\/schema\\\/person\\\/80849edee7ef556893505128619ea1d0\"},\"headline\":\"Biblioteca-RMR: N\u00ba 54. Alerta de art\u00edculos. Vaciado de \u00abHistoria y Genealog\u00eda: revista de estudios hist\u00f3ricos y geneal\u00f3gicos\u00bb de la Universidad de C\u00f3rdoba. Junio 2018.\",\"datePublished\":\"2018-06-29T12:42:49+00:00\",\"dateModified\":\"2026-02-19T13:44:27+00:00\",\"mainEntityOfPage\":{\"@id\":\"https:\\\/\\\/www.rmcr.org\\\/en\\\/2018\\\/06\\\/29\\\/biblioteca-rmr-no-54-alerta-de-articulos-de-revistas-junio-2018\\\/\"},\"wordCount\":2357,\"commentCount\":0,\"publisher\":{\"@id\":\"https:\\\/\\\/www.rmcr.org\\\/en\\\/#organization\"},\"image\":{\"@id\":\"https:\\\/\\\/www.rmcr.org\\\/en\\\/2018\\\/06\\\/29\\\/biblioteca-rmr-no-54-alerta-de-articulos-de-revistas-junio-2018\\\/#primaryimage\"},\"thumbnailUrl\":\"https:\\\/\\\/www.rmcr.org\\\/wp-content\\\/uploads\\\/2022\\\/10\\\/hyg.jpg\",\"keywords\":[\"Art\u00edculos\",\"Bibliograf\u00edas\",\"Biblioteca\",\"Biblioteca-RMR\",\"Bolet\u00edn mensual bibliogr\u00e1fico\",\"Genealog\u00eda\",\"Her\u00e1ldica\",\"Publicaciones peri\u00f3dicas\"],\"articleSection\":[\"Biblioteca\",\"Bolet\u00edn bibliogr\u00e1fico Biblioteca-RMR\"],\"inLanguage\":\"en-US\",\"potentialAction\":[{\"@type\":\"CommentAction\",\"name\":\"Comment\",\"target\":[\"https:\\\/\\\/www.rmcr.org\\\/en\\\/2018\\\/06\\\/29\\\/biblioteca-rmr-no-54-alerta-de-articulos-de-revistas-junio-2018\\\/#respond\"]}]},{\"@type\":\"WebPage\",\"@id\":\"https:\\\/\\\/www.rmcr.org\\\/en\\\/2018\\\/06\\\/29\\\/biblioteca-rmr-no-54-alerta-de-articulos-de-revistas-junio-2018\\\/\",\"url\":\"https:\\\/\\\/www.rmcr.org\\\/en\\\/2018\\\/06\\\/29\\\/biblioteca-rmr-no-54-alerta-de-articulos-de-revistas-junio-2018\\\/\",\"name\":\"Biblioteca-RMR: N\u00ba 54. Alerta de art\u00edculos. Vaciado de \u00abHistoria y Genealog\u00eda: revista de estudios hist\u00f3ricos y geneal\u00f3gicos\u00bb de la Universidad de C\u00f3rdoba. Junio 2018. - Real Maestranza de Caballer\u00eda de Ronda\",\"isPartOf\":{\"@id\":\"https:\\\/\\\/www.rmcr.org\\\/en\\\/#website\"},\"primaryImageOfPage\":{\"@id\":\"https:\\\/\\\/www.rmcr.org\\\/en\\\/2018\\\/06\\\/29\\\/biblioteca-rmr-no-54-alerta-de-articulos-de-revistas-junio-2018\\\/#primaryimage\"},\"image\":{\"@id\":\"https:\\\/\\\/www.rmcr.org\\\/en\\\/2018\\\/06\\\/29\\\/biblioteca-rmr-no-54-alerta-de-articulos-de-revistas-junio-2018\\\/#primaryimage\"},\"thumbnailUrl\":\"https:\\\/\\\/www.rmcr.org\\\/wp-content\\\/uploads\\\/2022\\\/10\\\/hyg.jpg\",\"datePublished\":\"2018-06-29T12:42:49+00:00\",\"dateModified\":\"2026-02-19T13:44:27+00:00\",\"breadcrumb\":{\"@id\":\"https:\\\/\\\/www.rmcr.org\\\/en\\\/2018\\\/06\\\/29\\\/biblioteca-rmr-no-54-alerta-de-articulos-de-revistas-junio-2018\\\/#breadcrumb\"},\"inLanguage\":\"en-US\",\"potentialAction\":[{\"@type\":\"ReadAction\",\"target\":[\"https:\\\/\\\/www.rmcr.org\\\/en\\\/2018\\\/06\\\/29\\\/biblioteca-rmr-no-54-alerta-de-articulos-de-revistas-junio-2018\\\/\"]}]},{\"@type\":\"ImageObject\",\"inLanguage\":\"en-US\",\"@id\":\"https:\\\/\\\/www.rmcr.org\\\/en\\\/2018\\\/06\\\/29\\\/biblioteca-rmr-no-54-alerta-de-articulos-de-revistas-junio-2018\\\/#primaryimage\",\"url\":\"https:\\\/\\\/www.rmcr.org\\\/wp-content\\\/uploads\\\/2022\\\/10\\\/hyg.jpg\",\"contentUrl\":\"https:\\\/\\\/www.rmcr.org\\\/wp-content\\\/uploads\\\/2022\\\/10\\\/hyg.jpg\",\"width\":482,\"height\":143},{\"@type\":\"BreadcrumbList\",\"@id\":\"https:\\\/\\\/www.rmcr.org\\\/en\\\/2018\\\/06\\\/29\\\/biblioteca-rmr-no-54-alerta-de-articulos-de-revistas-junio-2018\\\/#breadcrumb\",\"itemListElement\":[{\"@type\":\"ListItem\",\"position\":1,\"name\":\"REAL MAESTRANZA DE CABALLER\u00cdA DE RONDA\",\"item\":\"https:\\\/\\\/www.rmcr.org\\\/en\\\/\"},{\"@type\":\"ListItem\",\"position\":2,\"name\":\"Biblioteca-RMR: N\u00ba 54. Alerta de art\u00edculos. Vaciado de \u00abHistoria y Genealog\u00eda: revista de estudios hist\u00f3ricos y geneal\u00f3gicos\u00bb de la Universidad de C\u00f3rdoba. Junio 2018.\"}]},{\"@type\":\"WebSite\",\"@id\":\"https:\\\/\\\/www.rmcr.org\\\/en\\\/#website\",\"url\":\"https:\\\/\\\/www.rmcr.org\\\/en\\\/\",\"name\":\"Real Maestranza de Caballer\u00eda de Ronda\",\"description\":\"Real Maestranza de Caballer\u00eda de Ronda\",\"publisher\":{\"@id\":\"https:\\\/\\\/www.rmcr.org\\\/en\\\/#organization\"},\"alternateName\":\"RMCR\",\"potentialAction\":[{\"@type\":\"SearchAction\",\"target\":{\"@type\":\"EntryPoint\",\"urlTemplate\":\"https:\\\/\\\/www.rmcr.org\\\/en\\\/?s={search_term_string}\"},\"query-input\":{\"@type\":\"PropertyValueSpecification\",\"valueRequired\":true,\"valueName\":\"search_term_string\"}}],\"inLanguage\":\"en-US\"},{\"@type\":\"Organization\",\"@id\":\"https:\\\/\\\/www.rmcr.org\\\/en\\\/#organization\",\"name\":\"Real Maestranza de Caballer\u00eda de Ronda\",\"alternateName\":\"RMR\",\"url\":\"https:\\\/\\\/www.rmcr.org\\\/en\\\/\",\"logo\":{\"@type\":\"ImageObject\",\"inLanguage\":\"en-US\",\"@id\":\"https:\\\/\\\/www.rmcr.org\\\/en\\\/#\\\/schema\\\/logo\\\/image\\\/\",\"url\":\"https:\\\/\\\/www.rmcr.org\\\/wp-content\\\/uploads\\\/2022\\\/07\\\/logo-rmr-blue.svg\",\"contentUrl\":\"https:\\\/\\\/www.rmcr.org\\\/wp-content\\\/uploads\\\/2022\\\/07\\\/logo-rmr-blue.svg\",\"width\":131,\"height\":129,\"caption\":\"Real Maestranza de Caballer\u00eda de Ronda\"},\"image\":{\"@id\":\"https:\\\/\\\/www.rmcr.org\\\/en\\\/#\\\/schema\\\/logo\\\/image\\\/\"},\"sameAs\":[\"https:\\\/\\\/www.facebook.com\\\/plazadetorosronda\",\"https:\\\/\\\/x.com\\\/PlazatorosRMR\",\"https:\\\/\\\/www.instagram.com\\\/realmaestranzaderonda\\\/\",\"https:\\\/\\\/www.youtube.com\\\/channel\\\/UCrbO5IUN-8v_QML739vM4zg\\\/videos\"]},{\"@type\":\"Person\",\"@id\":\"https:\\\/\\\/www.rmcr.org\\\/en\\\/#\\\/schema\\\/person\\\/80849edee7ef556893505128619ea1d0\",\"name\":\"BIBLIOTECA\",\"image\":{\"@type\":\"ImageObject\",\"inLanguage\":\"en-US\",\"@id\":\"https:\\\/\\\/www.rmcr.org\\\/wp-content\\\/uploads\\\/2022\\\/11\\\/avatar-rmcr-96x96.png\",\"url\":\"https:\\\/\\\/www.rmcr.org\\\/wp-content\\\/uploads\\\/2022\\\/11\\\/avatar-rmcr-96x96.png\",\"contentUrl\":\"https:\\\/\\\/www.rmcr.org\\\/wp-content\\\/uploads\\\/2022\\\/11\\\/avatar-rmcr-96x96.png\",\"caption\":\"BIBLIOTECA\"},\"url\":\"https:\\\/\\\/www.rmcr.org\\\/en\\\/author\\\/juan-antonio-moreno\\\/\"}]}<\/script>\n<!-- \/ Yoast SEO plugin. -->","yoast_head_json":{"title":"Biblioteca-RMR: N\u00ba 54. Alerta de art\u00edculos. Vaciado de \u00abHistoria y Genealog\u00eda: revista de estudios hist\u00f3ricos y geneal\u00f3gicos\u00bb de la Universidad de C\u00f3rdoba. Junio 2018. - Real Maestranza de Caballer\u00eda de Ronda","robots":{"index":"index","follow":"follow","max-snippet":"max-snippet:-1","max-image-preview":"max-image-preview:large","max-video-preview":"max-video-preview:-1"},"canonical":"https:\/\/www.rmcr.org\/en\/2018\/06\/29\/biblioteca-rmr-no-54-alerta-de-articulos-de-revistas-junio-2018\/","og_locale":"en_US","og_type":"article","og_title":"Biblioteca-RMR: N\u00ba 54. Alerta de art\u00edculos. Vaciado de \u00abHistoria y Genealog\u00eda: revista de estudios hist\u00f3ricos y geneal\u00f3gicos\u00bb de la Universidad de C\u00f3rdoba. Junio 2018. - Real Maestranza de Caballer\u00eda de Ronda","og_description":"\u00b7 VACIADO DE ART\u00cdCULOS \u00b7 \u00b7 BIBLIOTECA DE LA REAL MAESTRANZA DE CABALLER\u00cdA DE RONDA \u00b7 \u00b7 JUNIO 2018 \u00b7 \u00b7 FONDO HER\u00c1LDICA Y GENEALOG\u00cdA \u00b7 La presente entrada est\u00e1 dedicada al vaciado de art\u00edculos editados hasta la fecha de \u00abHistoria y Genealog\u00eda: revista de estudios hist\u00f3ricos y geneal\u00f3gicos\u00bb (ISSN 2173-6030), la publicaci\u00f3n peri\u00f3dica digital [&hellip;]","og_url":"https:\/\/www.rmcr.org\/en\/2018\/06\/29\/biblioteca-rmr-no-54-alerta-de-articulos-de-revistas-junio-2018\/","og_site_name":"Real Maestranza de Caballer\u00eda de Ronda","article_publisher":"https:\/\/www.facebook.com\/plazadetorosronda","article_published_time":"2018-06-29T12:42:49+00:00","article_modified_time":"2026-02-19T13:44:27+00:00","og_image":[{"width":482,"height":143,"url":"https:\/\/www.rmcr.org\/wp-content\/uploads\/2022\/10\/hyg.jpg","type":"image\/jpeg"}],"author":"BIBLIOTECA","twitter_card":"summary_large_image","twitter_creator":"@PlazatorosRMR","twitter_site":"@PlazatorosRMR","twitter_misc":{"Written by":"BIBLIOTECA","Est. reading time":"11 minutes"},"schema":{"@context":"https:\/\/schema.org","@graph":[{"@type":"Article","@id":"https:\/\/www.rmcr.org\/en\/2018\/06\/29\/biblioteca-rmr-no-54-alerta-de-articulos-de-revistas-junio-2018\/#article","isPartOf":{"@id":"https:\/\/www.rmcr.org\/en\/2018\/06\/29\/biblioteca-rmr-no-54-alerta-de-articulos-de-revistas-junio-2018\/"},"author":{"name":"BIBLIOTECA","@id":"https:\/\/www.rmcr.org\/en\/#\/schema\/person\/80849edee7ef556893505128619ea1d0"},"headline":"Biblioteca-RMR: N\u00ba 54. Alerta de art\u00edculos. Vaciado de \u00abHistoria y Genealog\u00eda: revista de estudios hist\u00f3ricos y geneal\u00f3gicos\u00bb de la Universidad de C\u00f3rdoba. Junio 2018.","datePublished":"2018-06-29T12:42:49+00:00","dateModified":"2026-02-19T13:44:27+00:00","mainEntityOfPage":{"@id":"https:\/\/www.rmcr.org\/en\/2018\/06\/29\/biblioteca-rmr-no-54-alerta-de-articulos-de-revistas-junio-2018\/"},"wordCount":2357,"commentCount":0,"publisher":{"@id":"https:\/\/www.rmcr.org\/en\/#organization"},"image":{"@id":"https:\/\/www.rmcr.org\/en\/2018\/06\/29\/biblioteca-rmr-no-54-alerta-de-articulos-de-revistas-junio-2018\/#primaryimage"},"thumbnailUrl":"https:\/\/www.rmcr.org\/wp-content\/uploads\/2022\/10\/hyg.jpg","keywords":["Art\u00edculos","Bibliograf\u00edas","Biblioteca","Biblioteca-RMR","Bolet\u00edn mensual bibliogr\u00e1fico","Genealog\u00eda","Her\u00e1ldica","Publicaciones peri\u00f3dicas"],"articleSection":["Biblioteca","Bolet\u00edn bibliogr\u00e1fico Biblioteca-RMR"],"inLanguage":"en-US","potentialAction":[{"@type":"CommentAction","name":"Comment","target":["https:\/\/www.rmcr.org\/en\/2018\/06\/29\/biblioteca-rmr-no-54-alerta-de-articulos-de-revistas-junio-2018\/#respond"]}]},{"@type":"WebPage","@id":"https:\/\/www.rmcr.org\/en\/2018\/06\/29\/biblioteca-rmr-no-54-alerta-de-articulos-de-revistas-junio-2018\/","url":"https:\/\/www.rmcr.org\/en\/2018\/06\/29\/biblioteca-rmr-no-54-alerta-de-articulos-de-revistas-junio-2018\/","name":"Biblioteca-RMR: N\u00ba 54. Alerta de art\u00edculos. Vaciado de \u00abHistoria y Genealog\u00eda: revista de estudios hist\u00f3ricos y geneal\u00f3gicos\u00bb de la Universidad de C\u00f3rdoba. Junio 2018. - Real Maestranza de Caballer\u00eda de Ronda","isPartOf":{"@id":"https:\/\/www.rmcr.org\/en\/#website"},"primaryImageOfPage":{"@id":"https:\/\/www.rmcr.org\/en\/2018\/06\/29\/biblioteca-rmr-no-54-alerta-de-articulos-de-revistas-junio-2018\/#primaryimage"},"image":{"@id":"https:\/\/www.rmcr.org\/en\/2018\/06\/29\/biblioteca-rmr-no-54-alerta-de-articulos-de-revistas-junio-2018\/#primaryimage"},"thumbnailUrl":"https:\/\/www.rmcr.org\/wp-content\/uploads\/2022\/10\/hyg.jpg","datePublished":"2018-06-29T12:42:49+00:00","dateModified":"2026-02-19T13:44:27+00:00","breadcrumb":{"@id":"https:\/\/www.rmcr.org\/en\/2018\/06\/29\/biblioteca-rmr-no-54-alerta-de-articulos-de-revistas-junio-2018\/#breadcrumb"},"inLanguage":"en-US","potentialAction":[{"@type":"ReadAction","target":["https:\/\/www.rmcr.org\/en\/2018\/06\/29\/biblioteca-rmr-no-54-alerta-de-articulos-de-revistas-junio-2018\/"]}]},{"@type":"ImageObject","inLanguage":"en-US","@id":"https:\/\/www.rmcr.org\/en\/2018\/06\/29\/biblioteca-rmr-no-54-alerta-de-articulos-de-revistas-junio-2018\/#primaryimage","url":"https:\/\/www.rmcr.org\/wp-content\/uploads\/2022\/10\/hyg.jpg","contentUrl":"https:\/\/www.rmcr.org\/wp-content\/uploads\/2022\/10\/hyg.jpg","width":482,"height":143},{"@type":"BreadcrumbList","@id":"https:\/\/www.rmcr.org\/en\/2018\/06\/29\/biblioteca-rmr-no-54-alerta-de-articulos-de-revistas-junio-2018\/#breadcrumb","itemListElement":[{"@type":"ListItem","position":1,"name":"REAL MAESTRANZA DE CABALLER\u00cdA DE RONDA","item":"https:\/\/www.rmcr.org\/en\/"},{"@type":"ListItem","position":2,"name":"Biblioteca-RMR: N\u00ba 54. Alerta de art\u00edculos. Vaciado de \u00abHistoria y Genealog\u00eda: revista de estudios hist\u00f3ricos y geneal\u00f3gicos\u00bb de la Universidad de C\u00f3rdoba. Junio 2018."}]},{"@type":"WebSite","@id":"https:\/\/www.rmcr.org\/en\/#website","url":"https:\/\/www.rmcr.org\/en\/","name":"Real Maestranza de Caballer\u00eda de Ronda","description":"Real Maestranza de Caballer\u00eda de Ronda","publisher":{"@id":"https:\/\/www.rmcr.org\/en\/#organization"},"alternateName":"RMCR","potentialAction":[{"@type":"SearchAction","target":{"@type":"EntryPoint","urlTemplate":"https:\/\/www.rmcr.org\/en\/?s={search_term_string}"},"query-input":{"@type":"PropertyValueSpecification","valueRequired":true,"valueName":"search_term_string"}}],"inLanguage":"en-US"},{"@type":"Organization","@id":"https:\/\/www.rmcr.org\/en\/#organization","name":"Real Maestranza de Caballer\u00eda de Ronda","alternateName":"RMR","url":"https:\/\/www.rmcr.org\/en\/","logo":{"@type":"ImageObject","inLanguage":"en-US","@id":"https:\/\/www.rmcr.org\/en\/#\/schema\/logo\/image\/","url":"https:\/\/www.rmcr.org\/wp-content\/uploads\/2022\/07\/logo-rmr-blue.svg","contentUrl":"https:\/\/www.rmcr.org\/wp-content\/uploads\/2022\/07\/logo-rmr-blue.svg","width":131,"height":129,"caption":"Real Maestranza de Caballer\u00eda de Ronda"},"image":{"@id":"https:\/\/www.rmcr.org\/en\/#\/schema\/logo\/image\/"},"sameAs":["https:\/\/www.facebook.com\/plazadetorosronda","https:\/\/x.com\/PlazatorosRMR","https:\/\/www.instagram.com\/realmaestranzaderonda\/","https:\/\/www.youtube.com\/channel\/UCrbO5IUN-8v_QML739vM4zg\/videos"]},{"@type":"Person","@id":"https:\/\/www.rmcr.org\/en\/#\/schema\/person\/80849edee7ef556893505128619ea1d0","name":"BIBLIOTECA","image":{"@type":"ImageObject","inLanguage":"en-US","@id":"https:\/\/www.rmcr.org\/wp-content\/uploads\/2022\/11\/avatar-rmcr-96x96.png","url":"https:\/\/www.rmcr.org\/wp-content\/uploads\/2022\/11\/avatar-rmcr-96x96.png","contentUrl":"https:\/\/www.rmcr.org\/wp-content\/uploads\/2022\/11\/avatar-rmcr-96x96.png","caption":"BIBLIOTECA"},"url":"https:\/\/www.rmcr.org\/en\/author\/juan-antonio-moreno\/"}]}},"_links":{"self":[{"href":"https:\/\/www.rmcr.org\/en\/wp-json\/wp\/v2\/posts\/6197","targetHints":{"allow":["GET"]}}],"collection":[{"href":"https:\/\/www.rmcr.org\/en\/wp-json\/wp\/v2\/posts"}],"about":[{"href":"https:\/\/www.rmcr.org\/en\/wp-json\/wp\/v2\/types\/post"}],"author":[{"embeddable":true,"href":"https:\/\/www.rmcr.org\/en\/wp-json\/wp\/v2\/users\/2"}],"replies":[{"embeddable":true,"href":"https:\/\/www.rmcr.org\/en\/wp-json\/wp\/v2\/comments?post=6197"}],"version-history":[{"count":5,"href":"https:\/\/www.rmcr.org\/en\/wp-json\/wp\/v2\/posts\/6197\/revisions"}],"predecessor-version":[{"id":24001,"href":"https:\/\/www.rmcr.org\/en\/wp-json\/wp\/v2\/posts\/6197\/revisions\/24001"}],"wp:featuredmedia":[{"embeddable":true,"href":"https:\/\/www.rmcr.org\/en\/wp-json\/wp\/v2\/media\/11668"}],"wp:attachment":[{"href":"https:\/\/www.rmcr.org\/en\/wp-json\/wp\/v2\/media?parent=6197"}],"wp:term":[{"taxonomy":"category","embeddable":true,"href":"https:\/\/www.rmcr.org\/en\/wp-json\/wp\/v2\/categories?post=6197"},{"taxonomy":"post_tag","embeddable":true,"href":"https:\/\/www.rmcr.org\/en\/wp-json\/wp\/v2\/tags?post=6197"}],"curies":[{"name":"wp","href":"https:\/\/api.w.org\/{rel}","templated":true}]}}