{"id":6195,"date":"2018-06-14T16:26:28","date_gmt":"2018-06-14T16:26:28","guid":{"rendered":"https:\/\/www.rmcr.org\/?p=6195"},"modified":"2025-02-12T09:55:00","modified_gmt":"2025-02-12T09:55:00","slug":"la-real-maestranza-de-ronda-presenta-un-video-divulgativo-de-su-biblioteca-especializada","status":"publish","type":"post","link":"https:\/\/www.rmcr.org\/en\/2018\/06\/14\/la-real-maestranza-de-ronda-presenta-un-video-divulgativo-de-su-biblioteca-especializada\/","title":{"rendered":"La Real Maestranza de Ronda presenta un v\u00eddeo divulgativo de su Biblioteca especializada"},"content":{"rendered":"<p style=\"text-align:left;\"><span >La Real Maestranza de Caballer\u00eda de Ronda ha realizado un v\u00eddeo de su Biblioteca especializada para dar a conocer, desde la perspectiva del usuario, los servicios que ofrece al investigador.<\/span><\/p>\n<p style=\"text-align:left;\"><span >Los fondos patrimoniales que conserva y difunde el centro bibliogr\u00e1fico se relacionan con los or\u00edgenes y fines de la propia instituci\u00f3n maestrante: equitaci\u00f3n y caballer\u00eda; her\u00e1ldica y genealog\u00eda; nobleza y elites de poder; tauromaquia; as\u00ed como la tem\u00e1tica local, que incluye una secci\u00f3n dedicada a la literatura de viajes por la serran\u00eda de Ronda.<\/span><\/p>\n<p style=\"text-align:left;\"><span >La colecci\u00f3n supera los 35.000 vol\u00famenes, con una cronolog\u00eda que abarca desde 1544 hasta la actualidad, increment\u00e1ndose de forma constante mediante un plan espec\u00edfico de adquisiciones, as\u00ed como a trav\u00e9s de las cesiones y donaciones que, de las materias de su inter\u00e9s, recibe la Biblioteca.<\/span><\/p>\n<p style=\"text-align:left;\"><span >Entre otros, destacan los fondos her\u00e1ldico-geneal\u00f3gicos de R\u00fajula (cronistas reyes de armas) y Zabala; el fondo propio de tratados hist\u00f3ricos de equitaci\u00f3n y caballer\u00eda, con ejemplares desde el siglo XVI; el fondo de castellolog\u00eda de Mora-Figueroa; o el fondo local de Aguilera. El cat\u00e1logo bibliogr\u00e1fico informatizado se encuentra disponible para su consulta a trav\u00e9s de la p\u00e1gina web institucional.<\/span><\/p>\n<p><iframe title=\"Biblioteca Real Maestranza de Caballer\u00eda de Ronda\" width=\"800\" height=\"450\" src=\"https:\/\/www.youtube.com\/embed\/aJ4nKr6ZiCI?feature=oembed\" frameborder=\"0\" allow=\"accelerometer; autoplay; clipboard-write; encrypted-media; gyroscope; picture-in-picture\" allowfullscreen><\/iframe><\/p>\n","protected":false},"excerpt":{"rendered":"<p>La Real Maestranza de Caballer\u00eda de Ronda ha realizado un v\u00eddeo de su Biblioteca especializada para dar a conocer, desde la perspectiva del usuario, los servicios que ofrece al investigador. Los fondos patrimoniales que conserva y difunde el centro bibliogr\u00e1fico se relacionan con los or\u00edgenes y fines de la propia instituci\u00f3n maestrante: equitaci\u00f3n y caballer\u00eda; [&hellip;]<\/p>\n","protected":false},"author":2,"featured_media":11949,"comment_status":"open","ping_status":"open","sticky":false,"template":"","format":"standard","meta":{"footnotes":""},"categories":[140],"tags":[105,137,170],"class_list":["post-6195","post","type-post","status-publish","format-standard","has-post-thumbnail","hentry","category-biblioteca","tag-biblioteca-general","tag-libros","tag-videos"],"yoast_head":"<!-- This site is optimized with the Yoast SEO plugin v27.5 - https:\/\/yoast.com\/product\/yoast-seo-wordpress\/ -->\n<title>La Real Maestranza de Ronda presenta un v\u00eddeo divulgativo de su Biblioteca especializada - Real Maestranza de Caballer\u00eda de Ronda<\/title>\n<meta name=\"robots\" content=\"index, follow, max-snippet:-1, max-image-preview:large, max-video-preview:-1\" \/>\n<link rel=\"canonical\" href=\"https:\/\/www.rmcr.org\/en\/2018\/06\/14\/la-real-maestranza-de-ronda-presenta-un-video-divulgativo-de-su-biblioteca-especializada\/\" \/>\n<meta property=\"og:locale\" content=\"en_US\" \/>\n<meta property=\"og:type\" content=\"article\" \/>\n<meta property=\"og:title\" content=\"La Real Maestranza de Ronda presenta un v\u00eddeo divulgativo de su Biblioteca especializada - Real Maestranza de Caballer\u00eda de Ronda\" \/>\n<meta property=\"og:description\" content=\"La Real Maestranza de Caballer\u00eda de Ronda ha realizado un v\u00eddeo de su Biblioteca especializada para dar a conocer, desde la perspectiva del usuario, los servicios que ofrece al investigador. Los fondos patrimoniales que conserva y difunde el centro bibliogr\u00e1fico se relacionan con los or\u00edgenes y fines de la propia instituci\u00f3n maestrante: equitaci\u00f3n y caballer\u00eda; [&hellip;]\" \/>\n<meta property=\"og:url\" content=\"https:\/\/www.rmcr.org\/en\/2018\/06\/14\/la-real-maestranza-de-ronda-presenta-un-video-divulgativo-de-su-biblioteca-especializada\/\" \/>\n<meta property=\"og:site_name\" content=\"Real Maestranza de Caballer\u00eda de Ronda\" \/>\n<meta property=\"article:publisher\" content=\"https:\/\/www.facebook.com\/plazadetorosronda\" \/>\n<meta property=\"article:published_time\" content=\"2018-06-14T16:26:28+00:00\" \/>\n<meta property=\"article:modified_time\" content=\"2025-02-12T09:55:00+00:00\" \/>\n<meta property=\"og:image\" content=\"https:\/\/www.rmcr.org\/wp-content\/uploads\/2022\/10\/vid-bca.jpg\" \/>\n\t<meta property=\"og:image:width\" content=\"482\" \/>\n\t<meta property=\"og:image:height\" content=\"143\" \/>\n\t<meta property=\"og:image:type\" content=\"image\/jpeg\" \/>\n<meta name=\"author\" content=\"BIBLIOTECA\" \/>\n<meta name=\"twitter:card\" content=\"summary_large_image\" \/>\n<meta name=\"twitter:creator\" content=\"@PlazatorosRMR\" \/>\n<meta name=\"twitter:site\" content=\"@PlazatorosRMR\" \/>\n<meta name=\"twitter:label1\" content=\"Written by\" \/>\n\t<meta name=\"twitter:data1\" content=\"BIBLIOTECA\" \/>\n\t<meta name=\"twitter:label2\" content=\"Est. reading time\" \/>\n\t<meta name=\"twitter:data2\" content=\"1 minute\" \/>\n<script type=\"application\/ld+json\" class=\"yoast-schema-graph\">{\"@context\":\"https:\\\/\\\/schema.org\",\"@graph\":[{\"@type\":\"Article\",\"@id\":\"https:\\\/\\\/www.rmcr.org\\\/en\\\/2018\\\/06\\\/14\\\/la-real-maestranza-de-ronda-presenta-un-video-divulgativo-de-su-biblioteca-especializada\\\/#article\",\"isPartOf\":{\"@id\":\"https:\\\/\\\/www.rmcr.org\\\/en\\\/2018\\\/06\\\/14\\\/la-real-maestranza-de-ronda-presenta-un-video-divulgativo-de-su-biblioteca-especializada\\\/\"},\"author\":{\"name\":\"BIBLIOTECA\",\"@id\":\"https:\\\/\\\/www.rmcr.org\\\/en\\\/#\\\/schema\\\/person\\\/80849edee7ef556893505128619ea1d0\"},\"headline\":\"La Real Maestranza de Ronda presenta un v\u00eddeo divulgativo de su Biblioteca especializada\",\"datePublished\":\"2018-06-14T16:26:28+00:00\",\"dateModified\":\"2025-02-12T09:55:00+00:00\",\"mainEntityOfPage\":{\"@id\":\"https:\\\/\\\/www.rmcr.org\\\/en\\\/2018\\\/06\\\/14\\\/la-real-maestranza-de-ronda-presenta-un-video-divulgativo-de-su-biblioteca-especializada\\\/\"},\"wordCount\":239,\"commentCount\":0,\"publisher\":{\"@id\":\"https:\\\/\\\/www.rmcr.org\\\/en\\\/#organization\"},\"image\":{\"@id\":\"https:\\\/\\\/www.rmcr.org\\\/en\\\/2018\\\/06\\\/14\\\/la-real-maestranza-de-ronda-presenta-un-video-divulgativo-de-su-biblioteca-especializada\\\/#primaryimage\"},\"thumbnailUrl\":\"https:\\\/\\\/www.rmcr.org\\\/wp-content\\\/uploads\\\/2022\\\/10\\\/vid-bca.jpg\",\"keywords\":[\"Biblioteca\",\"Libros\",\"V\u00eddeos\"],\"articleSection\":[\"Biblioteca\"],\"inLanguage\":\"en-US\",\"potentialAction\":[{\"@type\":\"CommentAction\",\"name\":\"Comment\",\"target\":[\"https:\\\/\\\/www.rmcr.org\\\/en\\\/2018\\\/06\\\/14\\\/la-real-maestranza-de-ronda-presenta-un-video-divulgativo-de-su-biblioteca-especializada\\\/#respond\"]}]},{\"@type\":\"WebPage\",\"@id\":\"https:\\\/\\\/www.rmcr.org\\\/en\\\/2018\\\/06\\\/14\\\/la-real-maestranza-de-ronda-presenta-un-video-divulgativo-de-su-biblioteca-especializada\\\/\",\"url\":\"https:\\\/\\\/www.rmcr.org\\\/en\\\/2018\\\/06\\\/14\\\/la-real-maestranza-de-ronda-presenta-un-video-divulgativo-de-su-biblioteca-especializada\\\/\",\"name\":\"La Real Maestranza de Ronda presenta un v\u00eddeo divulgativo de su Biblioteca especializada - Real Maestranza de Caballer\u00eda de Ronda\",\"isPartOf\":{\"@id\":\"https:\\\/\\\/www.rmcr.org\\\/en\\\/#website\"},\"primaryImageOfPage\":{\"@id\":\"https:\\\/\\\/www.rmcr.org\\\/en\\\/2018\\\/06\\\/14\\\/la-real-maestranza-de-ronda-presenta-un-video-divulgativo-de-su-biblioteca-especializada\\\/#primaryimage\"},\"image\":{\"@id\":\"https:\\\/\\\/www.rmcr.org\\\/en\\\/2018\\\/06\\\/14\\\/la-real-maestranza-de-ronda-presenta-un-video-divulgativo-de-su-biblioteca-especializada\\\/#primaryimage\"},\"thumbnailUrl\":\"https:\\\/\\\/www.rmcr.org\\\/wp-content\\\/uploads\\\/2022\\\/10\\\/vid-bca.jpg\",\"datePublished\":\"2018-06-14T16:26:28+00:00\",\"dateModified\":\"2025-02-12T09:55:00+00:00\",\"breadcrumb\":{\"@id\":\"https:\\\/\\\/www.rmcr.org\\\/en\\\/2018\\\/06\\\/14\\\/la-real-maestranza-de-ronda-presenta-un-video-divulgativo-de-su-biblioteca-especializada\\\/#breadcrumb\"},\"inLanguage\":\"en-US\",\"potentialAction\":[{\"@type\":\"ReadAction\",\"target\":[\"https:\\\/\\\/www.rmcr.org\\\/en\\\/2018\\\/06\\\/14\\\/la-real-maestranza-de-ronda-presenta-un-video-divulgativo-de-su-biblioteca-especializada\\\/\"]}]},{\"@type\":\"ImageObject\",\"inLanguage\":\"en-US\",\"@id\":\"https:\\\/\\\/www.rmcr.org\\\/en\\\/2018\\\/06\\\/14\\\/la-real-maestranza-de-ronda-presenta-un-video-divulgativo-de-su-biblioteca-especializada\\\/#primaryimage\",\"url\":\"https:\\\/\\\/www.rmcr.org\\\/wp-content\\\/uploads\\\/2022\\\/10\\\/vid-bca.jpg\",\"contentUrl\":\"https:\\\/\\\/www.rmcr.org\\\/wp-content\\\/uploads\\\/2022\\\/10\\\/vid-bca.jpg\",\"width\":482,\"height\":143},{\"@type\":\"BreadcrumbList\",\"@id\":\"https:\\\/\\\/www.rmcr.org\\\/en\\\/2018\\\/06\\\/14\\\/la-real-maestranza-de-ronda-presenta-un-video-divulgativo-de-su-biblioteca-especializada\\\/#breadcrumb\",\"itemListElement\":[{\"@type\":\"ListItem\",\"position\":1,\"name\":\"REAL MAESTRANZA DE CABALLER\u00cdA DE RONDA\",\"item\":\"https:\\\/\\\/www.rmcr.org\\\/en\\\/\"},{\"@type\":\"ListItem\",\"position\":2,\"name\":\"La Real Maestranza de Ronda presenta un v\u00eddeo divulgativo de su Biblioteca especializada\"}]},{\"@type\":\"WebSite\",\"@id\":\"https:\\\/\\\/www.rmcr.org\\\/en\\\/#website\",\"url\":\"https:\\\/\\\/www.rmcr.org\\\/en\\\/\",\"name\":\"Real Maestranza de Caballer\u00eda de Ronda\",\"description\":\"Real Maestranza de Caballer\u00eda de Ronda\",\"publisher\":{\"@id\":\"https:\\\/\\\/www.rmcr.org\\\/en\\\/#organization\"},\"alternateName\":\"RMCR\",\"potentialAction\":[{\"@type\":\"SearchAction\",\"target\":{\"@type\":\"EntryPoint\",\"urlTemplate\":\"https:\\\/\\\/www.rmcr.org\\\/en\\\/?s={search_term_string}\"},\"query-input\":{\"@type\":\"PropertyValueSpecification\",\"valueRequired\":true,\"valueName\":\"search_term_string\"}}],\"inLanguage\":\"en-US\"},{\"@type\":\"Organization\",\"@id\":\"https:\\\/\\\/www.rmcr.org\\\/en\\\/#organization\",\"name\":\"Real Maestranza de Caballer\u00eda de Ronda\",\"alternateName\":\"RMR\",\"url\":\"https:\\\/\\\/www.rmcr.org\\\/en\\\/\",\"logo\":{\"@type\":\"ImageObject\",\"inLanguage\":\"en-US\",\"@id\":\"https:\\\/\\\/www.rmcr.org\\\/en\\\/#\\\/schema\\\/logo\\\/image\\\/\",\"url\":\"https:\\\/\\\/www.rmcr.org\\\/wp-content\\\/uploads\\\/2022\\\/07\\\/logo-rmr-blue.svg\",\"contentUrl\":\"https:\\\/\\\/www.rmcr.org\\\/wp-content\\\/uploads\\\/2022\\\/07\\\/logo-rmr-blue.svg\",\"width\":131,\"height\":129,\"caption\":\"Real Maestranza de Caballer\u00eda de Ronda\"},\"image\":{\"@id\":\"https:\\\/\\\/www.rmcr.org\\\/en\\\/#\\\/schema\\\/logo\\\/image\\\/\"},\"sameAs\":[\"https:\\\/\\\/www.facebook.com\\\/plazadetorosronda\",\"https:\\\/\\\/x.com\\\/PlazatorosRMR\",\"https:\\\/\\\/www.instagram.com\\\/realmaestranzaderonda\\\/\",\"https:\\\/\\\/www.youtube.com\\\/channel\\\/UCrbO5IUN-8v_QML739vM4zg\\\/videos\"]},{\"@type\":\"Person\",\"@id\":\"https:\\\/\\\/www.rmcr.org\\\/en\\\/#\\\/schema\\\/person\\\/80849edee7ef556893505128619ea1d0\",\"name\":\"BIBLIOTECA\",\"image\":{\"@type\":\"ImageObject\",\"inLanguage\":\"en-US\",\"@id\":\"https:\\\/\\\/www.rmcr.org\\\/wp-content\\\/uploads\\\/2022\\\/11\\\/avatar-rmcr-96x96.png\",\"url\":\"https:\\\/\\\/www.rmcr.org\\\/wp-content\\\/uploads\\\/2022\\\/11\\\/avatar-rmcr-96x96.png\",\"contentUrl\":\"https:\\\/\\\/www.rmcr.org\\\/wp-content\\\/uploads\\\/2022\\\/11\\\/avatar-rmcr-96x96.png\",\"caption\":\"BIBLIOTECA\"},\"url\":\"https:\\\/\\\/www.rmcr.org\\\/en\\\/author\\\/juan-antonio-moreno\\\/\"}]}<\/script>\n<!-- \/ Yoast SEO plugin. -->","yoast_head_json":{"title":"La Real Maestranza de Ronda presenta un v\u00eddeo divulgativo de su Biblioteca especializada - Real Maestranza de Caballer\u00eda de Ronda","robots":{"index":"index","follow":"follow","max-snippet":"max-snippet:-1","max-image-preview":"max-image-preview:large","max-video-preview":"max-video-preview:-1"},"canonical":"https:\/\/www.rmcr.org\/en\/2018\/06\/14\/la-real-maestranza-de-ronda-presenta-un-video-divulgativo-de-su-biblioteca-especializada\/","og_locale":"en_US","og_type":"article","og_title":"La Real Maestranza de Ronda presenta un v\u00eddeo divulgativo de su Biblioteca especializada - Real Maestranza de Caballer\u00eda de Ronda","og_description":"La Real Maestranza de Caballer\u00eda de Ronda ha realizado un v\u00eddeo de su Biblioteca especializada para dar a conocer, desde la perspectiva del usuario, los servicios que ofrece al investigador. Los fondos patrimoniales que conserva y difunde el centro bibliogr\u00e1fico se relacionan con los or\u00edgenes y fines de la propia instituci\u00f3n maestrante: equitaci\u00f3n y caballer\u00eda; [&hellip;]","og_url":"https:\/\/www.rmcr.org\/en\/2018\/06\/14\/la-real-maestranza-de-ronda-presenta-un-video-divulgativo-de-su-biblioteca-especializada\/","og_site_name":"Real Maestranza de Caballer\u00eda de Ronda","article_publisher":"https:\/\/www.facebook.com\/plazadetorosronda","article_published_time":"2018-06-14T16:26:28+00:00","article_modified_time":"2025-02-12T09:55:00+00:00","og_image":[{"width":482,"height":143,"url":"https:\/\/www.rmcr.org\/wp-content\/uploads\/2022\/10\/vid-bca.jpg","type":"image\/jpeg"}],"author":"BIBLIOTECA","twitter_card":"summary_large_image","twitter_creator":"@PlazatorosRMR","twitter_site":"@PlazatorosRMR","twitter_misc":{"Written by":"BIBLIOTECA","Est. reading time":"1 minute"},"schema":{"@context":"https:\/\/schema.org","@graph":[{"@type":"Article","@id":"https:\/\/www.rmcr.org\/en\/2018\/06\/14\/la-real-maestranza-de-ronda-presenta-un-video-divulgativo-de-su-biblioteca-especializada\/#article","isPartOf":{"@id":"https:\/\/www.rmcr.org\/en\/2018\/06\/14\/la-real-maestranza-de-ronda-presenta-un-video-divulgativo-de-su-biblioteca-especializada\/"},"author":{"name":"BIBLIOTECA","@id":"https:\/\/www.rmcr.org\/en\/#\/schema\/person\/80849edee7ef556893505128619ea1d0"},"headline":"La Real Maestranza de Ronda presenta un v\u00eddeo divulgativo de su Biblioteca especializada","datePublished":"2018-06-14T16:26:28+00:00","dateModified":"2025-02-12T09:55:00+00:00","mainEntityOfPage":{"@id":"https:\/\/www.rmcr.org\/en\/2018\/06\/14\/la-real-maestranza-de-ronda-presenta-un-video-divulgativo-de-su-biblioteca-especializada\/"},"wordCount":239,"commentCount":0,"publisher":{"@id":"https:\/\/www.rmcr.org\/en\/#organization"},"image":{"@id":"https:\/\/www.rmcr.org\/en\/2018\/06\/14\/la-real-maestranza-de-ronda-presenta-un-video-divulgativo-de-su-biblioteca-especializada\/#primaryimage"},"thumbnailUrl":"https:\/\/www.rmcr.org\/wp-content\/uploads\/2022\/10\/vid-bca.jpg","keywords":["Biblioteca","Libros","V\u00eddeos"],"articleSection":["Biblioteca"],"inLanguage":"en-US","potentialAction":[{"@type":"CommentAction","name":"Comment","target":["https:\/\/www.rmcr.org\/en\/2018\/06\/14\/la-real-maestranza-de-ronda-presenta-un-video-divulgativo-de-su-biblioteca-especializada\/#respond"]}]},{"@type":"WebPage","@id":"https:\/\/www.rmcr.org\/en\/2018\/06\/14\/la-real-maestranza-de-ronda-presenta-un-video-divulgativo-de-su-biblioteca-especializada\/","url":"https:\/\/www.rmcr.org\/en\/2018\/06\/14\/la-real-maestranza-de-ronda-presenta-un-video-divulgativo-de-su-biblioteca-especializada\/","name":"La Real Maestranza de Ronda presenta un v\u00eddeo divulgativo de su Biblioteca especializada - Real Maestranza de Caballer\u00eda de Ronda","isPartOf":{"@id":"https:\/\/www.rmcr.org\/en\/#website"},"primaryImageOfPage":{"@id":"https:\/\/www.rmcr.org\/en\/2018\/06\/14\/la-real-maestranza-de-ronda-presenta-un-video-divulgativo-de-su-biblioteca-especializada\/#primaryimage"},"image":{"@id":"https:\/\/www.rmcr.org\/en\/2018\/06\/14\/la-real-maestranza-de-ronda-presenta-un-video-divulgativo-de-su-biblioteca-especializada\/#primaryimage"},"thumbnailUrl":"https:\/\/www.rmcr.org\/wp-content\/uploads\/2022\/10\/vid-bca.jpg","datePublished":"2018-06-14T16:26:28+00:00","dateModified":"2025-02-12T09:55:00+00:00","breadcrumb":{"@id":"https:\/\/www.rmcr.org\/en\/2018\/06\/14\/la-real-maestranza-de-ronda-presenta-un-video-divulgativo-de-su-biblioteca-especializada\/#breadcrumb"},"inLanguage":"en-US","potentialAction":[{"@type":"ReadAction","target":["https:\/\/www.rmcr.org\/en\/2018\/06\/14\/la-real-maestranza-de-ronda-presenta-un-video-divulgativo-de-su-biblioteca-especializada\/"]}]},{"@type":"ImageObject","inLanguage":"en-US","@id":"https:\/\/www.rmcr.org\/en\/2018\/06\/14\/la-real-maestranza-de-ronda-presenta-un-video-divulgativo-de-su-biblioteca-especializada\/#primaryimage","url":"https:\/\/www.rmcr.org\/wp-content\/uploads\/2022\/10\/vid-bca.jpg","contentUrl":"https:\/\/www.rmcr.org\/wp-content\/uploads\/2022\/10\/vid-bca.jpg","width":482,"height":143},{"@type":"BreadcrumbList","@id":"https:\/\/www.rmcr.org\/en\/2018\/06\/14\/la-real-maestranza-de-ronda-presenta-un-video-divulgativo-de-su-biblioteca-especializada\/#breadcrumb","itemListElement":[{"@type":"ListItem","position":1,"name":"REAL MAESTRANZA DE CABALLER\u00cdA DE RONDA","item":"https:\/\/www.rmcr.org\/en\/"},{"@type":"ListItem","position":2,"name":"La Real Maestranza de Ronda presenta un v\u00eddeo divulgativo de su Biblioteca especializada"}]},{"@type":"WebSite","@id":"https:\/\/www.rmcr.org\/en\/#website","url":"https:\/\/www.rmcr.org\/en\/","name":"Real Maestranza de Caballer\u00eda de Ronda","description":"Real Maestranza de Caballer\u00eda de Ronda","publisher":{"@id":"https:\/\/www.rmcr.org\/en\/#organization"},"alternateName":"RMCR","potentialAction":[{"@type":"SearchAction","target":{"@type":"EntryPoint","urlTemplate":"https:\/\/www.rmcr.org\/en\/?s={search_term_string}"},"query-input":{"@type":"PropertyValueSpecification","valueRequired":true,"valueName":"search_term_string"}}],"inLanguage":"en-US"},{"@type":"Organization","@id":"https:\/\/www.rmcr.org\/en\/#organization","name":"Real Maestranza de Caballer\u00eda de Ronda","alternateName":"RMR","url":"https:\/\/www.rmcr.org\/en\/","logo":{"@type":"ImageObject","inLanguage":"en-US","@id":"https:\/\/www.rmcr.org\/en\/#\/schema\/logo\/image\/","url":"https:\/\/www.rmcr.org\/wp-content\/uploads\/2022\/07\/logo-rmr-blue.svg","contentUrl":"https:\/\/www.rmcr.org\/wp-content\/uploads\/2022\/07\/logo-rmr-blue.svg","width":131,"height":129,"caption":"Real Maestranza de Caballer\u00eda de Ronda"},"image":{"@id":"https:\/\/www.rmcr.org\/en\/#\/schema\/logo\/image\/"},"sameAs":["https:\/\/www.facebook.com\/plazadetorosronda","https:\/\/x.com\/PlazatorosRMR","https:\/\/www.instagram.com\/realmaestranzaderonda\/","https:\/\/www.youtube.com\/channel\/UCrbO5IUN-8v_QML739vM4zg\/videos"]},{"@type":"Person","@id":"https:\/\/www.rmcr.org\/en\/#\/schema\/person\/80849edee7ef556893505128619ea1d0","name":"BIBLIOTECA","image":{"@type":"ImageObject","inLanguage":"en-US","@id":"https:\/\/www.rmcr.org\/wp-content\/uploads\/2022\/11\/avatar-rmcr-96x96.png","url":"https:\/\/www.rmcr.org\/wp-content\/uploads\/2022\/11\/avatar-rmcr-96x96.png","contentUrl":"https:\/\/www.rmcr.org\/wp-content\/uploads\/2022\/11\/avatar-rmcr-96x96.png","caption":"BIBLIOTECA"},"url":"https:\/\/www.rmcr.org\/en\/author\/juan-antonio-moreno\/"}]}},"_links":{"self":[{"href":"https:\/\/www.rmcr.org\/en\/wp-json\/wp\/v2\/posts\/6195","targetHints":{"allow":["GET"]}}],"collection":[{"href":"https:\/\/www.rmcr.org\/en\/wp-json\/wp\/v2\/posts"}],"about":[{"href":"https:\/\/www.rmcr.org\/en\/wp-json\/wp\/v2\/types\/post"}],"author":[{"embeddable":true,"href":"https:\/\/www.rmcr.org\/en\/wp-json\/wp\/v2\/users\/2"}],"replies":[{"embeddable":true,"href":"https:\/\/www.rmcr.org\/en\/wp-json\/wp\/v2\/comments?post=6195"}],"version-history":[{"count":2,"href":"https:\/\/www.rmcr.org\/en\/wp-json\/wp\/v2\/posts\/6195\/revisions"}],"predecessor-version":[{"id":22208,"href":"https:\/\/www.rmcr.org\/en\/wp-json\/wp\/v2\/posts\/6195\/revisions\/22208"}],"wp:featuredmedia":[{"embeddable":true,"href":"https:\/\/www.rmcr.org\/en\/wp-json\/wp\/v2\/media\/11949"}],"wp:attachment":[{"href":"https:\/\/www.rmcr.org\/en\/wp-json\/wp\/v2\/media?parent=6195"}],"wp:term":[{"taxonomy":"category","embeddable":true,"href":"https:\/\/www.rmcr.org\/en\/wp-json\/wp\/v2\/categories?post=6195"},{"taxonomy":"post_tag","embeddable":true,"href":"https:\/\/www.rmcr.org\/en\/wp-json\/wp\/v2\/tags?post=6195"}],"curies":[{"name":"wp","href":"https:\/\/api.w.org\/{rel}","templated":true}]}}