{"id":6189,"date":"2018-02-23T13:28:44","date_gmt":"2018-02-23T13:28:44","guid":{"rendered":"https:\/\/www.rmcr.org\/?p=6189"},"modified":"2025-04-03T11:27:58","modified_gmt":"2025-04-03T11:27:58","slug":"biblioteca-rmr-no-50-reyes-de-armas-febrero-2018","status":"publish","type":"post","link":"https:\/\/www.rmcr.org\/en\/2018\/02\/23\/biblioteca-rmr-no-50-reyes-de-armas-febrero-2018\/","title":{"rendered":"Biblioteca-RMR: N\u00ba 50. Reyes de Armas. Febrero 2018."},"content":{"rendered":"<p style=\"text-align:center;\"><span ><strong>\u00b7 ART\u00cdCULO \u00b7<\/strong><\/span><br \/>\n<span ><strong>\u00b7 BIBLIOTECA DE LA REAL MAESTRANZA DE CABALLER\u00cdA DE RONDA \u00b7<\/strong><\/span><br \/>\n<span ><strong>\u00b7 FEBRERO 2018 \u00b7<\/strong><\/span><\/p>\n<p style=\"text-align:center;\"><span ><strong>\u00b7 FONDO HER\u00c1LDICA Y GENEALOG\u00cdA \u00b7<\/strong><\/span><\/p>\n<p style=\"text-align:left;\"><span >Los heraldos que constituyen la antesala de los Reyes de Armas nacen durante el siglo XIV. Su principal misi\u00f3n era la de anunciar los principios y las conclusiones de las guerras. Su gesti\u00f3n, competencias y atribuciones van desarroll\u00e1ndose durante los siglos XV-XVI en que se perfecciona su cometido, ajust\u00e1ndose a la organizaci\u00f3n borgo\u00f1ona que trajo consigo Felipe I de Habsburgo a Espa\u00f1a, y sucesivamente con el advenimiento de Carlos I.<\/span><\/p>\n<p style=\"text-align:left;\"><span >Desde entonces sus atribuciones se ampl\u00edan al registro de las armas, e inmediatamente a llevar las cr\u00f3nicas referentes a la vida del soberano. Posteriormente, en el siglo XVII comienzan a expedir certificaciones de genealog\u00eda. En Espa\u00f1a el cargo se mantuvo como instituci\u00f3n palaciega hasta 1915 en que se le da un viso de otra dependencia, pero m\u00e1s bien en anuncio que en realidad. Definitivamente, en 1951 los Cronistas Reyes de Armas dejan de ser un oficio palaciego para convertirse en dependientes, no funcionarios, del Ministerio de Justicia.<\/span><\/p>\n<p><a href=\"https:\/\/www.rmcr.org\/2018\/02\/1023510_2b.jpg\"><img fetchpriority=\"high\" decoding=\"async\" class=\"aligncenter size-full wp-image-1541\" src=\"https:\/\/www.rmcr.org\/wp-content\/uploads\/2018\/02\/1023510_2b.jpg\" alt=\"\" width=\"400\" height=\"614\"><\/a><\/p>\n<p style=\"text-align:center;\"><span ><em>Retrato de Luis Vilar y Pascual por Mariano Fuster<\/em><\/span><\/p>\n<p style=\"text-align:left;\"><span >En 1859,&nbsp;<a href=\"https:\/\/es.wikipedia.org\/wiki\/Luis_Vilar_y_Pascual\">Luis Vilar y Pascual<\/a>&nbsp;(ca. 1820-1893), Cronista Rey de Armas de la Reina Isabel II, en el primer tomo de su <em>Diccionario hist\u00f3rico, geneal\u00f3gico y her\u00e1ldico, de las familias ilustres de la monarqu\u00eda espa\u00f1ola<\/em>, insertaba un breve texto en el cual recog\u00eda las obligaciones de los Reyes de Armas, y que a continuaci\u00f3n reproducimos.<\/span><\/p>\n<p><a href=\"https:\/\/www.rmcr.org\/2018\/02\/1023510_3b.jpg\"><img decoding=\"async\" class=\"aligncenter size-full wp-image-1542\" src=\"https:\/\/www.rmcr.org\/wp-content\/uploads\/2018\/02\/1023510_3b.jpg\" alt=\"\" width=\"400\" height=\"633\" srcset=\"https:\/\/www.rmcr.org\/wp-content\/uploads\/2018\/02\/1023510_3b.jpg 400w, https:\/\/www.rmcr.org\/wp-content\/uploads\/2018\/02\/1023510_3b-190x300.jpg 190w\" sizes=\"(max-width: 400px) 100vw, 400px\" \/><\/a><\/p>\n<p style=\"text-align:center;\"><em><span >P\u00e1gina [9]<\/span><\/em><\/p>\n<p style=\"text-align:left;\"><span >\u00abSuccedieron los Reyes de Armas \u00e1 los antiguos Feciales Romanos, que eran los que publicaban las guerras y las paces en los ej\u00e9citos [sic]; cargo que tenian entre los Griegos los Caduceatores, y entre los Cartagineses los Clarines.<\/span><\/p>\n<p style=\"text-align:left;\"><span >Julio C\u00e9sar instituy\u00f3 estas Dignidades que se daban \u00e1 doce Caballeros antiguos que llevaban en las vestiduras las insignias del Principe, como hoy se usa, y ningunas armas ofensivas, porque \u00e9stos no peleaban, pero s\u00ed advert\u00edan y notaban los hechos valerosos de los soldados para que despues se les diese el premio \u00e1 los benem\u00e9ritos. Di\u00f3les nombre de H\u00e9roes.<\/span><\/p>\n<p style=\"text-align:left;\"><span >Carlo Magno perfeccion\u00f3 estos cargos y del nombre H\u00e9roes les llam\u00f3 Heraldos.<\/span><\/p>\n<p style=\"text-align:left;\"><span >Introduj\u00e9ronse en la mayor parte del [sic] los Reinos de Europa para que sirviesen de int\u00e9rpretes de sus Soberanos y cumpliesen con las obligaciones que hoy tienen, y son las siguientes:<\/span><\/p>\n<p style=\"text-align:left;\"><span >Escribir de todas las Familias nobles de las provincias del Reino, apuntando los matrimonios \u00e9 hijos que cada uno tenga, haciendo de ello \u00e1rboles geneal\u00f3gicos y entronques, para lo cual se les confiri\u00f3 la privativa Real facultad.<\/span><\/p>\n<p style=\"text-align:left;\"><span >Hacer que cada cual traiga las Armas que le pertenezcan de derecho.<\/span><\/p>\n<p style=\"text-align:left;\"><span >Estudiar la Armer\u00eda, de manera que entiendan las causas por que se dieron \u00e1 cada familia, y las puedan esplicar [sic] cuando se les pida declaraci\u00f3n, certificaci\u00f3n \u00f3 Real despacho; sent\u00e1ndolo todo en su libro de minutas.<\/span><\/p>\n<p style=\"text-align:left;\"><span >Poner en memoria todos los hechos de Armas que en el Reino pasen y asimismo los mensajes, recados, viajes y fiestas, especificando los actos de cada cosa como en verdad pasaren.<\/span><\/p>\n<p style=\"text-align:left;\"><span >Asistir en las inauguraciones de los Reyes, actos de C\u00f3rtes, en-\u00bb&nbsp;[sigue]<\/span><\/p>\n<p><a href=\"https:\/\/www.rmcr.org\/2018\/02\/1023510_4b.jpg\"><img decoding=\"async\" class=\"aligncenter size-full wp-image-1543\" src=\"https:\/\/www.rmcr.org\/wp-content\/uploads\/2018\/02\/1023510_4b.jpg\" alt=\"\" width=\"400\" height=\"647\"><\/a><\/p>\n<p style=\"text-align:center;\"><span ><em>P\u00e1gina [10]<\/em><\/span><\/p>\n<p style=\"text-align:left;\"><span >\u00abtradas solemnes de ciudades, y en los ej\u00e9rcitos cuando los Principes se hallan en ellos.<\/span><\/p>\n<p style=\"text-align:left;\"><span >Acompa\u00f1ar en los actos p\u00fablicos \u00e1 aquellos \u00e1 quienes los Reyes dan nuevos T\u00edtulos.<\/span><\/p>\n<p style=\"text-align:left;\"><span >Asistir \u00e1 la comida de los Soberanos y cuando van \u00e1 fuera de la Corte; y finalmente en los entierros y exequias de las Personas Reales.<\/span><\/p>\n<p style=\"text-align:left;\"><span >Por todo lo cual juran servir bien y fielmente toda su vida \u00e1 SS. MM., que en cualquier manera \u00f3 tiempo que sientan da\u00f1o \u00f3 provecho del Monarca, que \u00e1 su Oficio toque y pertenezca lo revelar\u00e1n y dir\u00e1n \u00e1 su propia Persona \u00f3 \u00e1 quien por ella les fuese mandado; que en todos los actos har\u00e1n verdaderas y fieles relaciones y testimonio, sin quitar, acrecentar, ni menguar cosa alguna por prometimiento, d\u00e1diva, ni respeto, lo mismo que \u00e1 la honra, loor y fama de cualquier persona; y que si recibiesen algun bien \u00fa honra de un Pr\u00edncipe, Rey \u00f3 Se\u00f1or \u00e1 quien por S. M. fueren enviados se lo manifestar\u00e1n: y \u00faltimamente, que guardar\u00e1n la justicia y derecho que en el regimiento de Armas de cada individuo toque y corresponda.<\/span><\/p>\n<p style=\"text-align:left;\"><span >Estos Oficios los han concedido las Majestades casi siempre por oposici\u00f3n.<\/span><\/p>\n<p style=\"text-align:left;\"><span >Derechos y obligaciones que han sido renovados por multitud de Decretos y ejecutotriados [sic] por Sentencias de la Audiencia de esta C\u00f3rte, y se dejan ver en los juramentos que prestan al tomar posesi\u00f3n del Oficio.\u00bb<\/span><\/p>\n<p><a href=\"https:\/\/www.rmcr.org\/2018\/02\/1023510_1b.jpg\"><img loading=\"lazy\" decoding=\"async\" class=\"aligncenter size-full wp-image-1544\" src=\"https:\/\/www.rmcr.org\/wp-content\/uploads\/2018\/02\/1023510_1b.jpg\" alt=\"\" width=\"400\" height=\"613\"><\/a><\/p>\n<p style=\"text-align:center;\"><span ><em>Portada del tomo I<\/em><\/span><\/p>\n<p><span ><strong>Ficha bibliogr\u00e1fica<\/strong><\/span><\/p>\n<p><span ><em><span class=\"fcr\">Vilar<\/span> y <span class=\"fcr\">Pascual, Luis<\/span> (ca. 1820-1893)<\/em><\/span><br \/>\n<span >&nbsp;&nbsp;&nbsp;Diccionario hist\u00f3rico, geneal\u00f3gico y her\u00e1ldico, de las familias ilustres de la monarqu\u00eda espa\u00f1ola : comprende los or\u00edgenes de los apellidos \u00f3 linajes de las familias de esta Nacion &#8230; condecoraciones que hayan gozado \u00f3 gocen sus individuos, con sus invenciones, escritos, obras y sus Escudos de Armas \/ escrito por <span class=\"fcr\">Luis Vilar<\/span> y <span class=\"fcr\">Pascual<\/span>. &#8212; Madrid : [s.n.], 1859-1860 (Imprenta de D.F. Sanchez \u00e1 cargo de Agustin Espinosa)<\/span><br \/>\n<span >&nbsp;&nbsp;&nbsp;8 v. ; 23 cm<\/span><br \/>\n<span >&nbsp; &nbsp;\u00cdndice<\/span><br \/>\n<span >&nbsp;&nbsp;&nbsp;Contiene: t. I (474 p., [16] h. de l\u00e1m.) &#8212; t. II (481 p.) &#8212; t. III (468 p.) &#8212; t. IV (477 p.) &#8212; t. V (478 p.) &#8212; t. VI (471 p.) &#8212; t. VII (485 p.) &#8212; t. VIII (479 p.)<\/span><br \/>\n<span >&nbsp;&nbsp;&nbsp;T. VIII escrito por <span class=\"fcr\">Luis Vilar<\/span> y <span class=\"fcr\">Pascual<\/span> y Juan Jose <span class=\"fcr\">Vilar<\/span> Psayla<\/span><br \/>\n<span >&nbsp;&nbsp;&nbsp;T. VII-VIII de la 2\u00aa ed.<\/span><br \/>\n<span >&nbsp;&nbsp;&nbsp;T. VII-VIII editados por Libreria de Miguel Guijarro, editor<\/span><br \/>\n<span >&nbsp;&nbsp;&nbsp;T. VII-VIII impresos en Pinto por Imp. de G. Alhambra<\/span><br \/>\n<span >&nbsp;&nbsp;&nbsp;Signaturizado num\u00e9ricamente<\/span><br \/>\n<span >&nbsp;&nbsp;&nbsp;Las h. de l\u00e1m.: &#8220;M. Fuster&#8221; son retratos de Isabel II y el autor, escudos de armas y otros elementos her\u00e1ldicos<\/span><br \/>\n<span ><em>Genealog\u00eda-Espa\u00f1a-Diccionarios<\/em><\/span><br \/>\n<span ><em>Her\u00e1ldica-Espa\u00f1a-Diccionarios<\/em><\/span><br \/>\n<span ><em>Fuster, Mariano (fl. 1833-1905)<\/em><\/span><br \/>\n<span ><em><span class=\"fcr\">Vilar<\/span> Psayla, Juan Jos\u00e9<\/em><\/span><br \/>\n<span >Espa\u00f1a-Madrid<\/span><br \/>\n<span >Fondo Propio &#8212; CB1023510-CB1023517 &#8212; Enc. pasta espa\u00f1ola, nervios, tejuelos, hierros dorados en lomo &#8212; Etiqueta: &#8220;Manuel Mi\u00f1ambres, Libreria Moderna, Gran Via 6, Bilbao&#8221; <\/span><\/p>\n","protected":false},"excerpt":{"rendered":"<p>\u00b7 ART\u00cdCULO \u00b7 \u00b7 BIBLIOTECA DE LA REAL MAESTRANZA DE CABALLER\u00cdA DE RONDA \u00b7 \u00b7 FEBRERO 2018 \u00b7 \u00b7 FONDO HER\u00c1LDICA Y GENEALOG\u00cdA \u00b7 Los heraldos que constituyen la antesala de los Reyes de Armas nacen durante el siglo XIV. Su principal misi\u00f3n era la de anunciar los principios y las conclusiones de las guerras. [&hellip;]<\/p>\n","protected":false},"author":2,"featured_media":11656,"comment_status":"open","ping_status":"open","sticky":false,"template":"","format":"standard","meta":{"footnotes":""},"categories":[140,791],"tags":[105,252,176,188,184,137,227,228],"class_list":["post-6189","post","type-post","status-publish","format-standard","has-post-thumbnail","hentry","category-biblioteca","category-boletin-bibliografico-biblioteca-rmr","tag-biblioteca-general","tag-biblioteca-rmr","tag-boletin-mensual-bibliografico","tag-genealogia","tag-heraldica","tag-libros","tag-luis-vilar-y-pascual","tag-reyes-de-armas"],"yoast_head":"<!-- This site is optimized with the Yoast SEO plugin v27.5 - https:\/\/yoast.com\/product\/yoast-seo-wordpress\/ -->\n<title>Biblioteca-RMR: N\u00ba 50. Reyes de Armas. Febrero 2018. - Real Maestranza de Caballer\u00eda de Ronda<\/title>\n<meta name=\"robots\" content=\"index, follow, max-snippet:-1, max-image-preview:large, max-video-preview:-1\" \/>\n<link rel=\"canonical\" href=\"https:\/\/www.rmcr.org\/en\/2018\/02\/23\/biblioteca-rmr-no-50-reyes-de-armas-febrero-2018\/\" \/>\n<meta property=\"og:locale\" content=\"en_US\" \/>\n<meta property=\"og:type\" content=\"article\" \/>\n<meta property=\"og:title\" content=\"Biblioteca-RMR: N\u00ba 50. Reyes de Armas. Febrero 2018. - Real Maestranza de Caballer\u00eda de Ronda\" \/>\n<meta property=\"og:description\" content=\"\u00b7 ART\u00cdCULO \u00b7 \u00b7 BIBLIOTECA DE LA REAL MAESTRANZA DE CABALLER\u00cdA DE RONDA \u00b7 \u00b7 FEBRERO 2018 \u00b7 \u00b7 FONDO HER\u00c1LDICA Y GENEALOG\u00cdA \u00b7 Los heraldos que constituyen la antesala de los Reyes de Armas nacen durante el siglo XIV. Su principal misi\u00f3n era la de anunciar los principios y las conclusiones de las guerras. [&hellip;]\" \/>\n<meta property=\"og:url\" content=\"https:\/\/www.rmcr.org\/en\/2018\/02\/23\/biblioteca-rmr-no-50-reyes-de-armas-febrero-2018\/\" \/>\n<meta property=\"og:site_name\" content=\"Real Maestranza de Caballer\u00eda de Ronda\" \/>\n<meta property=\"article:publisher\" content=\"https:\/\/www.facebook.com\/plazadetorosronda\" \/>\n<meta property=\"article:published_time\" content=\"2018-02-23T13:28:44+00:00\" \/>\n<meta property=\"article:modified_time\" content=\"2025-04-03T11:27:58+00:00\" \/>\n<meta property=\"og:image\" content=\"https:\/\/www.rmcr.org\/wp-content\/uploads\/2022\/10\/lvp.jpg\" \/>\n\t<meta property=\"og:image:width\" content=\"482\" \/>\n\t<meta property=\"og:image:height\" content=\"143\" \/>\n\t<meta property=\"og:image:type\" content=\"image\/jpeg\" \/>\n<meta name=\"author\" content=\"BIBLIOTECA\" \/>\n<meta name=\"twitter:card\" content=\"summary_large_image\" \/>\n<meta name=\"twitter:creator\" content=\"@PlazatorosRMR\" \/>\n<meta name=\"twitter:site\" content=\"@PlazatorosRMR\" \/>\n<meta name=\"twitter:label1\" content=\"Written by\" \/>\n\t<meta name=\"twitter:data1\" content=\"BIBLIOTECA\" \/>\n\t<meta name=\"twitter:label2\" content=\"Est. reading time\" \/>\n\t<meta name=\"twitter:data2\" content=\"5 minutes\" \/>\n<script type=\"application\/ld+json\" class=\"yoast-schema-graph\">{\"@context\":\"https:\\\/\\\/schema.org\",\"@graph\":[{\"@type\":\"Article\",\"@id\":\"https:\\\/\\\/www.rmcr.org\\\/en\\\/2018\\\/02\\\/23\\\/biblioteca-rmr-no-50-reyes-de-armas-febrero-2018\\\/#article\",\"isPartOf\":{\"@id\":\"https:\\\/\\\/www.rmcr.org\\\/en\\\/2018\\\/02\\\/23\\\/biblioteca-rmr-no-50-reyes-de-armas-febrero-2018\\\/\"},\"author\":{\"name\":\"BIBLIOTECA\",\"@id\":\"https:\\\/\\\/www.rmcr.org\\\/en\\\/#\\\/schema\\\/person\\\/80849edee7ef556893505128619ea1d0\"},\"headline\":\"Biblioteca-RMR: N\u00ba 50. Reyes de Armas. Febrero 2018.\",\"datePublished\":\"2018-02-23T13:28:44+00:00\",\"dateModified\":\"2025-04-03T11:27:58+00:00\",\"mainEntityOfPage\":{\"@id\":\"https:\\\/\\\/www.rmcr.org\\\/en\\\/2018\\\/02\\\/23\\\/biblioteca-rmr-no-50-reyes-de-armas-febrero-2018\\\/\"},\"wordCount\":1038,\"commentCount\":0,\"publisher\":{\"@id\":\"https:\\\/\\\/www.rmcr.org\\\/en\\\/#organization\"},\"image\":{\"@id\":\"https:\\\/\\\/www.rmcr.org\\\/en\\\/2018\\\/02\\\/23\\\/biblioteca-rmr-no-50-reyes-de-armas-febrero-2018\\\/#primaryimage\"},\"thumbnailUrl\":\"https:\\\/\\\/www.rmcr.org\\\/wp-content\\\/uploads\\\/2022\\\/10\\\/lvp.jpg\",\"keywords\":[\"Biblioteca\",\"Biblioteca-RMR\",\"Bolet\u00edn mensual bibliogr\u00e1fico\",\"Genealog\u00eda\",\"Her\u00e1ldica\",\"Libros\",\"Luis Vilar y Pascual\",\"Reyes de Armas\"],\"articleSection\":[\"Biblioteca\",\"Bolet\u00edn bibliogr\u00e1fico Biblioteca-RMR\"],\"inLanguage\":\"en-US\",\"potentialAction\":[{\"@type\":\"CommentAction\",\"name\":\"Comment\",\"target\":[\"https:\\\/\\\/www.rmcr.org\\\/en\\\/2018\\\/02\\\/23\\\/biblioteca-rmr-no-50-reyes-de-armas-febrero-2018\\\/#respond\"]}]},{\"@type\":\"WebPage\",\"@id\":\"https:\\\/\\\/www.rmcr.org\\\/en\\\/2018\\\/02\\\/23\\\/biblioteca-rmr-no-50-reyes-de-armas-febrero-2018\\\/\",\"url\":\"https:\\\/\\\/www.rmcr.org\\\/en\\\/2018\\\/02\\\/23\\\/biblioteca-rmr-no-50-reyes-de-armas-febrero-2018\\\/\",\"name\":\"Biblioteca-RMR: N\u00ba 50. Reyes de Armas. Febrero 2018. - Real Maestranza de Caballer\u00eda de Ronda\",\"isPartOf\":{\"@id\":\"https:\\\/\\\/www.rmcr.org\\\/en\\\/#website\"},\"primaryImageOfPage\":{\"@id\":\"https:\\\/\\\/www.rmcr.org\\\/en\\\/2018\\\/02\\\/23\\\/biblioteca-rmr-no-50-reyes-de-armas-febrero-2018\\\/#primaryimage\"},\"image\":{\"@id\":\"https:\\\/\\\/www.rmcr.org\\\/en\\\/2018\\\/02\\\/23\\\/biblioteca-rmr-no-50-reyes-de-armas-febrero-2018\\\/#primaryimage\"},\"thumbnailUrl\":\"https:\\\/\\\/www.rmcr.org\\\/wp-content\\\/uploads\\\/2022\\\/10\\\/lvp.jpg\",\"datePublished\":\"2018-02-23T13:28:44+00:00\",\"dateModified\":\"2025-04-03T11:27:58+00:00\",\"breadcrumb\":{\"@id\":\"https:\\\/\\\/www.rmcr.org\\\/en\\\/2018\\\/02\\\/23\\\/biblioteca-rmr-no-50-reyes-de-armas-febrero-2018\\\/#breadcrumb\"},\"inLanguage\":\"en-US\",\"potentialAction\":[{\"@type\":\"ReadAction\",\"target\":[\"https:\\\/\\\/www.rmcr.org\\\/en\\\/2018\\\/02\\\/23\\\/biblioteca-rmr-no-50-reyes-de-armas-febrero-2018\\\/\"]}]},{\"@type\":\"ImageObject\",\"inLanguage\":\"en-US\",\"@id\":\"https:\\\/\\\/www.rmcr.org\\\/en\\\/2018\\\/02\\\/23\\\/biblioteca-rmr-no-50-reyes-de-armas-febrero-2018\\\/#primaryimage\",\"url\":\"https:\\\/\\\/www.rmcr.org\\\/wp-content\\\/uploads\\\/2022\\\/10\\\/lvp.jpg\",\"contentUrl\":\"https:\\\/\\\/www.rmcr.org\\\/wp-content\\\/uploads\\\/2022\\\/10\\\/lvp.jpg\",\"width\":482,\"height\":143},{\"@type\":\"BreadcrumbList\",\"@id\":\"https:\\\/\\\/www.rmcr.org\\\/en\\\/2018\\\/02\\\/23\\\/biblioteca-rmr-no-50-reyes-de-armas-febrero-2018\\\/#breadcrumb\",\"itemListElement\":[{\"@type\":\"ListItem\",\"position\":1,\"name\":\"REAL MAESTRANZA DE CABALLER\u00cdA DE RONDA\",\"item\":\"https:\\\/\\\/www.rmcr.org\\\/en\\\/\"},{\"@type\":\"ListItem\",\"position\":2,\"name\":\"Biblioteca-RMR: N\u00ba 50. Reyes de Armas. Febrero 2018.\"}]},{\"@type\":\"WebSite\",\"@id\":\"https:\\\/\\\/www.rmcr.org\\\/en\\\/#website\",\"url\":\"https:\\\/\\\/www.rmcr.org\\\/en\\\/\",\"name\":\"Real Maestranza de Caballer\u00eda de Ronda\",\"description\":\"Real Maestranza de Caballer\u00eda de Ronda\",\"publisher\":{\"@id\":\"https:\\\/\\\/www.rmcr.org\\\/en\\\/#organization\"},\"alternateName\":\"RMCR\",\"potentialAction\":[{\"@type\":\"SearchAction\",\"target\":{\"@type\":\"EntryPoint\",\"urlTemplate\":\"https:\\\/\\\/www.rmcr.org\\\/en\\\/?s={search_term_string}\"},\"query-input\":{\"@type\":\"PropertyValueSpecification\",\"valueRequired\":true,\"valueName\":\"search_term_string\"}}],\"inLanguage\":\"en-US\"},{\"@type\":\"Organization\",\"@id\":\"https:\\\/\\\/www.rmcr.org\\\/en\\\/#organization\",\"name\":\"Real Maestranza de Caballer\u00eda de Ronda\",\"alternateName\":\"RMR\",\"url\":\"https:\\\/\\\/www.rmcr.org\\\/en\\\/\",\"logo\":{\"@type\":\"ImageObject\",\"inLanguage\":\"en-US\",\"@id\":\"https:\\\/\\\/www.rmcr.org\\\/en\\\/#\\\/schema\\\/logo\\\/image\\\/\",\"url\":\"https:\\\/\\\/www.rmcr.org\\\/wp-content\\\/uploads\\\/2022\\\/07\\\/logo-rmr-blue.svg\",\"contentUrl\":\"https:\\\/\\\/www.rmcr.org\\\/wp-content\\\/uploads\\\/2022\\\/07\\\/logo-rmr-blue.svg\",\"width\":131,\"height\":129,\"caption\":\"Real Maestranza de Caballer\u00eda de Ronda\"},\"image\":{\"@id\":\"https:\\\/\\\/www.rmcr.org\\\/en\\\/#\\\/schema\\\/logo\\\/image\\\/\"},\"sameAs\":[\"https:\\\/\\\/www.facebook.com\\\/plazadetorosronda\",\"https:\\\/\\\/x.com\\\/PlazatorosRMR\",\"https:\\\/\\\/www.instagram.com\\\/realmaestranzaderonda\\\/\",\"https:\\\/\\\/www.youtube.com\\\/channel\\\/UCrbO5IUN-8v_QML739vM4zg\\\/videos\"]},{\"@type\":\"Person\",\"@id\":\"https:\\\/\\\/www.rmcr.org\\\/en\\\/#\\\/schema\\\/person\\\/80849edee7ef556893505128619ea1d0\",\"name\":\"BIBLIOTECA\",\"image\":{\"@type\":\"ImageObject\",\"inLanguage\":\"en-US\",\"@id\":\"https:\\\/\\\/www.rmcr.org\\\/wp-content\\\/uploads\\\/2022\\\/11\\\/avatar-rmcr-96x96.png\",\"url\":\"https:\\\/\\\/www.rmcr.org\\\/wp-content\\\/uploads\\\/2022\\\/11\\\/avatar-rmcr-96x96.png\",\"contentUrl\":\"https:\\\/\\\/www.rmcr.org\\\/wp-content\\\/uploads\\\/2022\\\/11\\\/avatar-rmcr-96x96.png\",\"caption\":\"BIBLIOTECA\"},\"url\":\"https:\\\/\\\/www.rmcr.org\\\/en\\\/author\\\/juan-antonio-moreno\\\/\"}]}<\/script>\n<!-- \/ Yoast SEO plugin. -->","yoast_head_json":{"title":"Biblioteca-RMR: N\u00ba 50. Reyes de Armas. Febrero 2018. - Real Maestranza de Caballer\u00eda de Ronda","robots":{"index":"index","follow":"follow","max-snippet":"max-snippet:-1","max-image-preview":"max-image-preview:large","max-video-preview":"max-video-preview:-1"},"canonical":"https:\/\/www.rmcr.org\/en\/2018\/02\/23\/biblioteca-rmr-no-50-reyes-de-armas-febrero-2018\/","og_locale":"en_US","og_type":"article","og_title":"Biblioteca-RMR: N\u00ba 50. Reyes de Armas. Febrero 2018. - Real Maestranza de Caballer\u00eda de Ronda","og_description":"\u00b7 ART\u00cdCULO \u00b7 \u00b7 BIBLIOTECA DE LA REAL MAESTRANZA DE CABALLER\u00cdA DE RONDA \u00b7 \u00b7 FEBRERO 2018 \u00b7 \u00b7 FONDO HER\u00c1LDICA Y GENEALOG\u00cdA \u00b7 Los heraldos que constituyen la antesala de los Reyes de Armas nacen durante el siglo XIV. Su principal misi\u00f3n era la de anunciar los principios y las conclusiones de las guerras. [&hellip;]","og_url":"https:\/\/www.rmcr.org\/en\/2018\/02\/23\/biblioteca-rmr-no-50-reyes-de-armas-febrero-2018\/","og_site_name":"Real Maestranza de Caballer\u00eda de Ronda","article_publisher":"https:\/\/www.facebook.com\/plazadetorosronda","article_published_time":"2018-02-23T13:28:44+00:00","article_modified_time":"2025-04-03T11:27:58+00:00","og_image":[{"width":482,"height":143,"url":"https:\/\/www.rmcr.org\/wp-content\/uploads\/2022\/10\/lvp.jpg","type":"image\/jpeg"}],"author":"BIBLIOTECA","twitter_card":"summary_large_image","twitter_creator":"@PlazatorosRMR","twitter_site":"@PlazatorosRMR","twitter_misc":{"Written by":"BIBLIOTECA","Est. reading time":"5 minutes"},"schema":{"@context":"https:\/\/schema.org","@graph":[{"@type":"Article","@id":"https:\/\/www.rmcr.org\/en\/2018\/02\/23\/biblioteca-rmr-no-50-reyes-de-armas-febrero-2018\/#article","isPartOf":{"@id":"https:\/\/www.rmcr.org\/en\/2018\/02\/23\/biblioteca-rmr-no-50-reyes-de-armas-febrero-2018\/"},"author":{"name":"BIBLIOTECA","@id":"https:\/\/www.rmcr.org\/en\/#\/schema\/person\/80849edee7ef556893505128619ea1d0"},"headline":"Biblioteca-RMR: N\u00ba 50. Reyes de Armas. Febrero 2018.","datePublished":"2018-02-23T13:28:44+00:00","dateModified":"2025-04-03T11:27:58+00:00","mainEntityOfPage":{"@id":"https:\/\/www.rmcr.org\/en\/2018\/02\/23\/biblioteca-rmr-no-50-reyes-de-armas-febrero-2018\/"},"wordCount":1038,"commentCount":0,"publisher":{"@id":"https:\/\/www.rmcr.org\/en\/#organization"},"image":{"@id":"https:\/\/www.rmcr.org\/en\/2018\/02\/23\/biblioteca-rmr-no-50-reyes-de-armas-febrero-2018\/#primaryimage"},"thumbnailUrl":"https:\/\/www.rmcr.org\/wp-content\/uploads\/2022\/10\/lvp.jpg","keywords":["Biblioteca","Biblioteca-RMR","Bolet\u00edn mensual bibliogr\u00e1fico","Genealog\u00eda","Her\u00e1ldica","Libros","Luis Vilar y Pascual","Reyes de Armas"],"articleSection":["Biblioteca","Bolet\u00edn bibliogr\u00e1fico Biblioteca-RMR"],"inLanguage":"en-US","potentialAction":[{"@type":"CommentAction","name":"Comment","target":["https:\/\/www.rmcr.org\/en\/2018\/02\/23\/biblioteca-rmr-no-50-reyes-de-armas-febrero-2018\/#respond"]}]},{"@type":"WebPage","@id":"https:\/\/www.rmcr.org\/en\/2018\/02\/23\/biblioteca-rmr-no-50-reyes-de-armas-febrero-2018\/","url":"https:\/\/www.rmcr.org\/en\/2018\/02\/23\/biblioteca-rmr-no-50-reyes-de-armas-febrero-2018\/","name":"Biblioteca-RMR: N\u00ba 50. Reyes de Armas. Febrero 2018. - Real Maestranza de Caballer\u00eda de Ronda","isPartOf":{"@id":"https:\/\/www.rmcr.org\/en\/#website"},"primaryImageOfPage":{"@id":"https:\/\/www.rmcr.org\/en\/2018\/02\/23\/biblioteca-rmr-no-50-reyes-de-armas-febrero-2018\/#primaryimage"},"image":{"@id":"https:\/\/www.rmcr.org\/en\/2018\/02\/23\/biblioteca-rmr-no-50-reyes-de-armas-febrero-2018\/#primaryimage"},"thumbnailUrl":"https:\/\/www.rmcr.org\/wp-content\/uploads\/2022\/10\/lvp.jpg","datePublished":"2018-02-23T13:28:44+00:00","dateModified":"2025-04-03T11:27:58+00:00","breadcrumb":{"@id":"https:\/\/www.rmcr.org\/en\/2018\/02\/23\/biblioteca-rmr-no-50-reyes-de-armas-febrero-2018\/#breadcrumb"},"inLanguage":"en-US","potentialAction":[{"@type":"ReadAction","target":["https:\/\/www.rmcr.org\/en\/2018\/02\/23\/biblioteca-rmr-no-50-reyes-de-armas-febrero-2018\/"]}]},{"@type":"ImageObject","inLanguage":"en-US","@id":"https:\/\/www.rmcr.org\/en\/2018\/02\/23\/biblioteca-rmr-no-50-reyes-de-armas-febrero-2018\/#primaryimage","url":"https:\/\/www.rmcr.org\/wp-content\/uploads\/2022\/10\/lvp.jpg","contentUrl":"https:\/\/www.rmcr.org\/wp-content\/uploads\/2022\/10\/lvp.jpg","width":482,"height":143},{"@type":"BreadcrumbList","@id":"https:\/\/www.rmcr.org\/en\/2018\/02\/23\/biblioteca-rmr-no-50-reyes-de-armas-febrero-2018\/#breadcrumb","itemListElement":[{"@type":"ListItem","position":1,"name":"REAL MAESTRANZA DE CABALLER\u00cdA DE RONDA","item":"https:\/\/www.rmcr.org\/en\/"},{"@type":"ListItem","position":2,"name":"Biblioteca-RMR: N\u00ba 50. Reyes de Armas. Febrero 2018."}]},{"@type":"WebSite","@id":"https:\/\/www.rmcr.org\/en\/#website","url":"https:\/\/www.rmcr.org\/en\/","name":"Real Maestranza de Caballer\u00eda de Ronda","description":"Real Maestranza de Caballer\u00eda de Ronda","publisher":{"@id":"https:\/\/www.rmcr.org\/en\/#organization"},"alternateName":"RMCR","potentialAction":[{"@type":"SearchAction","target":{"@type":"EntryPoint","urlTemplate":"https:\/\/www.rmcr.org\/en\/?s={search_term_string}"},"query-input":{"@type":"PropertyValueSpecification","valueRequired":true,"valueName":"search_term_string"}}],"inLanguage":"en-US"},{"@type":"Organization","@id":"https:\/\/www.rmcr.org\/en\/#organization","name":"Real Maestranza de Caballer\u00eda de Ronda","alternateName":"RMR","url":"https:\/\/www.rmcr.org\/en\/","logo":{"@type":"ImageObject","inLanguage":"en-US","@id":"https:\/\/www.rmcr.org\/en\/#\/schema\/logo\/image\/","url":"https:\/\/www.rmcr.org\/wp-content\/uploads\/2022\/07\/logo-rmr-blue.svg","contentUrl":"https:\/\/www.rmcr.org\/wp-content\/uploads\/2022\/07\/logo-rmr-blue.svg","width":131,"height":129,"caption":"Real Maestranza de Caballer\u00eda de Ronda"},"image":{"@id":"https:\/\/www.rmcr.org\/en\/#\/schema\/logo\/image\/"},"sameAs":["https:\/\/www.facebook.com\/plazadetorosronda","https:\/\/x.com\/PlazatorosRMR","https:\/\/www.instagram.com\/realmaestranzaderonda\/","https:\/\/www.youtube.com\/channel\/UCrbO5IUN-8v_QML739vM4zg\/videos"]},{"@type":"Person","@id":"https:\/\/www.rmcr.org\/en\/#\/schema\/person\/80849edee7ef556893505128619ea1d0","name":"BIBLIOTECA","image":{"@type":"ImageObject","inLanguage":"en-US","@id":"https:\/\/www.rmcr.org\/wp-content\/uploads\/2022\/11\/avatar-rmcr-96x96.png","url":"https:\/\/www.rmcr.org\/wp-content\/uploads\/2022\/11\/avatar-rmcr-96x96.png","contentUrl":"https:\/\/www.rmcr.org\/wp-content\/uploads\/2022\/11\/avatar-rmcr-96x96.png","caption":"BIBLIOTECA"},"url":"https:\/\/www.rmcr.org\/en\/author\/juan-antonio-moreno\/"}]}},"_links":{"self":[{"href":"https:\/\/www.rmcr.org\/en\/wp-json\/wp\/v2\/posts\/6189","targetHints":{"allow":["GET"]}}],"collection":[{"href":"https:\/\/www.rmcr.org\/en\/wp-json\/wp\/v2\/posts"}],"about":[{"href":"https:\/\/www.rmcr.org\/en\/wp-json\/wp\/v2\/types\/post"}],"author":[{"embeddable":true,"href":"https:\/\/www.rmcr.org\/en\/wp-json\/wp\/v2\/users\/2"}],"replies":[{"embeddable":true,"href":"https:\/\/www.rmcr.org\/en\/wp-json\/wp\/v2\/comments?post=6189"}],"version-history":[{"count":2,"href":"https:\/\/www.rmcr.org\/en\/wp-json\/wp\/v2\/posts\/6189\/revisions"}],"predecessor-version":[{"id":22211,"href":"https:\/\/www.rmcr.org\/en\/wp-json\/wp\/v2\/posts\/6189\/revisions\/22211"}],"wp:featuredmedia":[{"embeddable":true,"href":"https:\/\/www.rmcr.org\/en\/wp-json\/wp\/v2\/media\/11656"}],"wp:attachment":[{"href":"https:\/\/www.rmcr.org\/en\/wp-json\/wp\/v2\/media?parent=6189"}],"wp:term":[{"taxonomy":"category","embeddable":true,"href":"https:\/\/www.rmcr.org\/en\/wp-json\/wp\/v2\/categories?post=6189"},{"taxonomy":"post_tag","embeddable":true,"href":"https:\/\/www.rmcr.org\/en\/wp-json\/wp\/v2\/tags?post=6189"}],"curies":[{"name":"wp","href":"https:\/\/api.w.org\/{rel}","templated":true}]}}