{"id":6188,"date":"2018-01-31T17:46:08","date_gmt":"2018-01-31T17:46:08","guid":{"rendered":"https:\/\/www.rmcr.org\/?p=6188"},"modified":"2025-04-03T11:28:09","modified_gmt":"2025-04-03T11:28:09","slug":"biblioteca-rmr-no-49-la-asamblea-de-ronda-de-1918-enero-2018","status":"publish","type":"post","link":"https:\/\/www.rmcr.org\/en\/2018\/01\/31\/biblioteca-rmr-no-49-la-asamblea-de-ronda-de-1918-enero-2018\/","title":{"rendered":"Biblioteca-RMR: N\u00ba 49. La Asamblea de Ronda de 1918. Enero 2018."},"content":{"rendered":"<p style=\"text-align:center;\"><span ><strong>\u00b7 ART\u00cdCULO \u00b7<\/strong><\/span><br \/>\n<span ><strong>\u00b7 BIBLIOTECA DE LA REAL MAESTRANZA DE CABALLER\u00cdA DE RONDA \u00b7<\/strong><\/span><br \/>\n<span > <strong>\u00b7 ENERO 2018 \u00b7<\/strong><\/span><\/p>\n<p style=\"text-align:center;\"><span ><strong>\u00b7 FONDO RONDA \u00b7<\/strong><\/span><\/p>\n<p><span >La <em>Asamblea Regionalista de Ronda<\/em> celebrada en 1918 cierra la fase organizativa inicial del andalucismo, constituy\u00e9ndose en el punto de partida de la intensificaci\u00f3n de su actividad p\u00fablica. Adem\u00e1s, es la reuni\u00f3n en la que se articula, ideol\u00f3gica y program\u00e1ticamente, el movimiento andalucista adquiriendo una clara orientaci\u00f3n pol\u00edtica.<\/span><\/p>\n<p><span >El motivo de que se eligiera Ronda como lugar de celebraci\u00f3n de la <em>Asamblea<\/em> pudo deberse a la impronta georgista de la ciudad, ya que en 1913 fue el escenario donde se desarroll\u00f3 el <em>Congreso Georgista<\/em> (en el desaparecido <em>Teatro Espinel<\/em>), testigo de la primera intervenci\u00f3n p\u00fablica de Blas Infante, y donde se editaba el peri\u00f3dico &#8220;El Impuesto \u00danico&#8221; (impulsado por el ingeniero agr\u00f3nomo Antonio Albend\u00edn), \u00f3rgano de los georgistas espa\u00f1oles.<\/span><\/p>\n<p><span >Los d\u00edas 13 y 14 de enero, la primera asamblea regionalista andaluza (reunida en el <em>C\u00edrculo de Artistas<\/em>) congreg\u00f3 a significativos andalucistas (destacando la actuaci\u00f3n de Blas Infante), y en ella se debatieron cuestiones y se adoptaron resoluciones de gran importancia para el desarrollo posterior del andalucismo hist\u00f3rico. Fue el lugar donde se crean los <strong>s\u00edmbolos de Andaluc\u00eda<\/strong> (<em>bandera, escudo y lema<\/em>) como mecanismos de identificaci\u00f3n de los andaluces.<\/span><\/p>\n<p><span >Manuel Clavero Ar\u00e9valo, al valorar los acuerdos de la <em>Asamblea de Ronda<\/em>, refiere tres consideraciones principales: la importancia concedida a la aprobaci\u00f3n de unos s\u00edmbolos para Andaluc\u00eda; la vinculaci\u00f3n andalucista expresa al federalismo sinalagm\u00e1tico pimargaliano al asumir la Constituci\u00f3n de Antequera de 1883; y la adopci\u00f3n oficial del pensamiento georgista en lo concerniente a la cuesti\u00f3n de la tierra.<\/span><\/p>\n<p><span >La <em>Asamblea<\/em> marca un antes y un despu\u00e9s, siendo \u00e9ste su gran significado en la historia del andalucismo. Hasta su celebraci\u00f3n, el movimiento regionalista se despliega a partir de impulsos dispares y un tanto aislados y desordenados. Desde dicha <em>Asamblea<\/em>, hay ya un proyecto de referencia para todos los que est\u00e1n empe\u00f1ados en esta aventura andaluza. Hay ya un programa por todos asumido y que a todos orienta y obliga. Hay ya, en suma, unos medios y unos fines precisos para guiar la tarea de cada d\u00eda.<\/span><\/p>\n<p><span >[Fuente: Lacomba, Juan Antonio. &#8220;La Asamblea de Ronda de 1918: el programa del andalucismo hist\u00f3rico para Andaluc\u00eda&#8221;. En: <em>Dos fechas andaluzas en su aniversario: Ronda 1918, Antequera 1978<\/em>. Madrid: Dykinson, 1999. P. 73-85].<\/span><\/p>\n<p><span >A continuaci\u00f3n, presentamos una selecci\u00f3n de t\u00edtulos relacionados con algunas de las cuestiones expuestas en los p\u00e1rrafos anteriores.<\/span><\/p>\n<p><a href=\"https:\/\/www.rmcr.org\/2018\/01\/10018262.jpg\"><img fetchpriority=\"high\" decoding=\"async\" class=\"aligncenter size-full wp-image-1527\" src=\"https:\/\/www.rmcr.org\/wp-content\/uploads\/2018\/01\/10018262.jpg\" alt=\"\" width=\"400\" height=\"564\"><\/a><\/p>\n<p style=\"text-align:left;\"><span ><em>Dos fechas andaluzas en su aniversario : Ronda 1918, Antequera 1978<\/em> \/ [coord., <strong>Juan Antonio Lacomba<\/strong>] ; <strong>Jos\u00e9 Acosta S\u00e1nchez<\/strong> &#8230; [et al.]. &#8212; Madrid : Dykinson, 1999. &#8212; 157 p. ; 24 cm. &#8212; Curso desarrollado en Ronda entre el 27 y el 29 de julio de 1998, dentro de los Cursos de Verano organizados por el Centro de Estudios Superiores Sociales y Jur\u00eddicos &#8220;Ram\u00f3n Carande&#8221;, la Fundaci\u00f3n Unicaja Ronda y el Excelent\u00edsimo Ayuntamiento de Ronda. &#8212; D.L. M. 20617-1999. &#8212; ISBN 84-8155-485-5.<\/span><\/p>\n<p><a href=\"https:\/\/www.rmcr.org\/2018\/01\/1017662.jpg\"><img decoding=\"async\" class=\"aligncenter size-full wp-image-1529\" src=\"https:\/\/www.rmcr.org\/wp-content\/uploads\/2018\/01\/1017662.jpg\" alt=\"\" width=\"400\" height=\"534\"><\/a><\/p>\n<p><span ><em>La Constituci\u00f3n de Andaluc\u00eda de 1883 : texto original aprobado por la Asamblea Federal de Antequera de 1883 y anotaciones incorporadas por la Asamblea de Ronda de 1918<\/em> \/ comentarios por <strong>Jos\u00e9 Luis Ortiz de Lanzagorta<\/strong>, <strong>Manuel Ruiz Lagos<\/strong>, <strong>Jos\u00e9 M\u00aa de los Santos L\u00f3pez<\/strong>. &#8212; Jerez de la Frontera (C\u00e1diz) : Centro de Estudios Hist\u00f3ricos Jerezanos : Sexta, 1978. &#8212; 81 p. ; 22 cm. &#8212; Edici\u00f3n conmemorativa de la Constituci\u00f3n de los Cantones Andaluces, en el sesenta aniversario de la Asamblea Regionalista de Ronda (1883-1918). &#8212; D.L. CA. 474-1978. &#8212; ISBN 84-00-04304-9.<\/span><\/p>\n<p><a href=\"https:\/\/www.rmcr.org\/2018\/01\/1002909.jpg\"><img decoding=\"async\" class=\"aligncenter size-full wp-image-1530\" src=\"https:\/\/www.rmcr.org\/wp-content\/uploads\/2018\/01\/1002909.jpg\" alt=\"\" width=\"400\" height=\"534\"><\/a><\/p>\n<p><span ><em>El movimiento georgista y los or\u00edgenes del andalucismo : an\u00e1lisis del peri\u00f3dico &#8220;El impuesto \u00fanico&#8221; (1911-1923)<\/em> \/ <strong>Fernado Arcas Cubero<\/strong>. &#8212; M\u00e1laga : Confederaci\u00f3n Espa\u00f1ola de Cajas de Ahorros, 1980. &#8212; 149 p. : il. ; 20 cm. &#8212; (Obra socio-cultural Caja de Ahorros de Ronda ; 9). &#8212; D.L. MA. 291-1980. &#8212; ISBN 84-500-3784-0.<\/span><\/p>\n<p><a href=\"https:\/\/www.rmcr.org\/2018\/01\/1016620.jpg\"><img loading=\"lazy\" decoding=\"async\" class=\"aligncenter size-full wp-image-1535\" src=\"https:\/\/www.rmcr.org\/wp-content\/uploads\/2018\/01\/1016620.jpg\" alt=\"\" width=\"400\" height=\"556\"><\/a><\/p>\n<p><span ><em>Los fisi\u00f3cratas modernos : colecci\u00f3n de art\u00edculos y trabajos de propaganda<\/em> \/ de <strong>Antonio Albend\u00edn<\/strong>. &#8212; Ronda : [s.n., 1911] (Imprenta Ronde\u00f1a). &#8212; 67 p. ; 22 cm. &#8212; Precede al t\u00edt.: Liga Espa\u00f1ola para el Impuesto \u00danico.<\/span><\/p>\n<p><a href=\"https:\/\/www.rmcr.org\/2018\/01\/1016620b.jpg\"><img loading=\"lazy\" decoding=\"async\" class=\"aligncenter size-full wp-image-1537\" src=\"https:\/\/www.rmcr.org\/wp-content\/uploads\/2018\/01\/1016620b.jpg\" alt=\"\" width=\"400\" height=\"534\"><\/a><\/p>\n<p><span ><em>Extracto de Progreso y miseria<\/em> \/ de <strong>Henry George<\/strong> ; por <strong>Luis F. Post<\/strong> ; traducido por <strong>Antonio Albend\u00edn<\/strong>. &#8212; Ronda : [s.n., 1911?] (Imprenta Ronde\u00f1a). &#8212; 38 p. ; 21 cm. &#8212; Precede al t\u00edt.: Liga Espa\u00f1ola para el Impuesto \u00danico.<\/span><\/p>\n<p><a href=\"https:\/\/www.rmcr.org\/2018\/01\/1016620a.jpg\"><img loading=\"lazy\" decoding=\"async\" class=\"aligncenter size-full wp-image-1538\" src=\"https:\/\/www.rmcr.org\/wp-content\/uploads\/2018\/01\/1016620a.jpg\" alt=\"\" width=\"400\" height=\"528\" srcset=\"https:\/\/www.rmcr.org\/wp-content\/uploads\/2018\/01\/1016620a.jpg 400w, https:\/\/www.rmcr.org\/wp-content\/uploads\/2018\/01\/1016620a-227x300.jpg 227w\" sizes=\"(max-width: 400px) 100vw, 400px\" \/><\/a><\/p>\n<p><span ><em>El credo del georgismo : compendio de &#8220;La condici\u00f3n del trabajo&#8221; : carta abierta<\/em> \/ de <strong>Henry George<\/strong> al Papa Le\u00f3n XIII ; traducci\u00f3n de <strong>Antonio Albend\u00edn<\/strong>. &#8212; Ronda : [s.n., 1911?] (Imprenta Ronde\u00f1a). &#8212; 62 p. ; 21 cm. &#8212; Precede al t\u00edt.: Liga Espa\u00f1ola para el Impuesto \u00danico.<\/span><\/p>\n<p><a href=\"https:\/\/www.rmcr.org\/2018\/01\/1010014.jpg\"><img loading=\"lazy\" decoding=\"async\" class=\"aligncenter size-full wp-image-1532\" src=\"https:\/\/www.rmcr.org\/wp-content\/uploads\/2018\/01\/1010014.jpg\" alt=\"\" width=\"400\" height=\"698\"><\/a><\/p>\n<p><span ><em>Cuatro textos pol\u00edticos andaluces : (1883-1933)<\/em> \/ [edici\u00f3n y comentarios], <strong>Juan Antonio Lacomba<\/strong> ; pr\u00f3logo de <strong>Jos\u00e9 Cazorla P\u00e9rez<\/strong>. &#8212; Granada : Universidad, 1979. &#8212; XXVII, 125 p. ; 21 cm. &#8212; (Publicaciones del Instituto de Desarrollo Regional ; 6). &#8212; Contiene: Proyecto de la Constituci\u00f3n Federal Regional para Andaluc\u00eda (1883) ; Manifiesto del Centro Andaluz (1916) ; Manifiesto de los regionalistas : la autonom\u00eda de la regi\u00f3n andaluza (1919) ; Proyecto de Estatuto de Andaluc\u00eda (1933). &#8212; D.L. GR. 259-1979. &#8212; ISBN 84-338-0128-7.<\/span><\/p>\n<p><a href=\"https:\/\/www.rmcr.org\/2018\/01\/1017988.jpg\"><img loading=\"lazy\" decoding=\"async\" class=\"aligncenter size-full wp-image-1533\" src=\"https:\/\/www.rmcr.org\/wp-content\/uploads\/2018\/01\/1017988.jpg\" alt=\"\" width=\"400\" height=\"645\" srcset=\"https:\/\/www.rmcr.org\/wp-content\/uploads\/2018\/01\/1017988.jpg 400w, https:\/\/www.rmcr.org\/wp-content\/uploads\/2018\/01\/1017988-186x300.jpg 186w\" sizes=\"(max-width: 400px) 100vw, 400px\" \/><\/a><\/p>\n<p><span ><em>El ideal andaluz<\/em> \/ <strong>Blas Infante<\/strong> ; estudios preliminares de <strong>Enrique Tierno Galv\u00e1n<\/strong> y <strong>Juan Antonio Lacomba<\/strong>. &#8212; Madrid : Tucar Ediciones, 1976. &#8212; 205 p. ; 21 cm. &#8212; (Documentos pol\u00edticos). &#8212; D.L. GU. 261-1976. &#8212; ISBN 84-85199-14-6.<\/span><\/p>\n<p><a href=\"https:\/\/www.rmcr.org\/2018\/01\/1001515.jpg\"><img loading=\"lazy\" decoding=\"async\" class=\"aligncenter size-full wp-image-1534\" src=\"https:\/\/www.rmcr.org\/wp-content\/uploads\/2018\/01\/1001515.jpg\" alt=\"\" width=\"400\" height=\"557\" srcset=\"https:\/\/www.rmcr.org\/wp-content\/uploads\/2018\/01\/1001515.jpg 400w, https:\/\/www.rmcr.org\/wp-content\/uploads\/2018\/01\/1001515-215x300.jpg 215w\" sizes=\"(max-width: 400px) 100vw, 400px\" \/><\/a><\/p>\n<p><span ><em>Actas del I Congreso sobre el Andalucismo Hist\u00f3rico : Sevilla-Antequera, 26-28 octubre de 1983<\/em>. &#8212; Sevilla : Fundaci\u00f3n Blas Infante, 1985. &#8212; 569 p. : il. ; 22 cm. &#8212; D.L. CA. 571-1985. &#8212; ISBN 84-398-4184-1.<\/span><\/p>\n","protected":false},"excerpt":{"rendered":"<p>\u00b7 ART\u00cdCULO \u00b7 \u00b7 BIBLIOTECA DE LA REAL MAESTRANZA DE CABALLER\u00cdA DE RONDA \u00b7 \u00b7 ENERO 2018 \u00b7 \u00b7 FONDO RONDA \u00b7 La Asamblea Regionalista de Ronda celebrada en 1918 cierra la fase organizativa inicial del andalucismo, constituy\u00e9ndose en el punto de partida de la intensificaci\u00f3n de su actividad p\u00fablica. Adem\u00e1s, es la reuni\u00f3n en [&hellip;]<\/p>\n","protected":false},"author":2,"featured_media":11650,"comment_status":"open","ping_status":"open","sticky":false,"template":"","format":"standard","meta":{"footnotes":""},"categories":[140,791],"tags":[226,237,105,252,176,172,137,114],"class_list":["post-6188","post","type-post","status-publish","format-standard","has-post-thumbnail","hentry","category-biblioteca","category-boletin-bibliografico-biblioteca-rmr","tag-andalucismo","tag-bibliografias","tag-biblioteca-general","tag-biblioteca-rmr","tag-boletin-mensual-bibliografico","tag-historia","tag-libros","tag-ronda"],"yoast_head":"<!-- This site is optimized with the Yoast SEO plugin v27.5 - https:\/\/yoast.com\/product\/yoast-seo-wordpress\/ -->\n<title>Biblioteca-RMR: N\u00ba 49. La Asamblea de Ronda de 1918. Enero 2018. - Real Maestranza de Caballer\u00eda de Ronda<\/title>\n<meta name=\"robots\" content=\"index, follow, max-snippet:-1, max-image-preview:large, max-video-preview:-1\" \/>\n<link rel=\"canonical\" href=\"https:\/\/www.rmcr.org\/en\/2018\/01\/31\/biblioteca-rmr-no-49-la-asamblea-de-ronda-de-1918-enero-2018\/\" \/>\n<meta property=\"og:locale\" content=\"en_US\" \/>\n<meta property=\"og:type\" content=\"article\" \/>\n<meta property=\"og:title\" content=\"Biblioteca-RMR: N\u00ba 49. La Asamblea de Ronda de 1918. Enero 2018. - Real Maestranza de Caballer\u00eda de Ronda\" \/>\n<meta property=\"og:description\" content=\"\u00b7 ART\u00cdCULO \u00b7 \u00b7 BIBLIOTECA DE LA REAL MAESTRANZA DE CABALLER\u00cdA DE RONDA \u00b7 \u00b7 ENERO 2018 \u00b7 \u00b7 FONDO RONDA \u00b7 La Asamblea Regionalista de Ronda celebrada en 1918 cierra la fase organizativa inicial del andalucismo, constituy\u00e9ndose en el punto de partida de la intensificaci\u00f3n de su actividad p\u00fablica. Adem\u00e1s, es la reuni\u00f3n en [&hellip;]\" \/>\n<meta property=\"og:url\" content=\"https:\/\/www.rmcr.org\/en\/2018\/01\/31\/biblioteca-rmr-no-49-la-asamblea-de-ronda-de-1918-enero-2018\/\" \/>\n<meta property=\"og:site_name\" content=\"Real Maestranza de Caballer\u00eda de Ronda\" \/>\n<meta property=\"article:publisher\" content=\"https:\/\/www.facebook.com\/plazadetorosronda\" \/>\n<meta property=\"article:published_time\" content=\"2018-01-31T17:46:08+00:00\" \/>\n<meta property=\"article:modified_time\" content=\"2025-04-03T11:28:09+00:00\" \/>\n<meta property=\"og:image\" content=\"https:\/\/www.rmcr.org\/wp-content\/uploads\/2022\/10\/actas.jpg\" \/>\n\t<meta property=\"og:image:width\" content=\"482\" \/>\n\t<meta property=\"og:image:height\" content=\"142\" \/>\n\t<meta property=\"og:image:type\" content=\"image\/jpeg\" \/>\n<meta name=\"author\" content=\"BIBLIOTECA\" \/>\n<meta name=\"twitter:card\" content=\"summary_large_image\" \/>\n<meta name=\"twitter:creator\" content=\"@PlazatorosRMR\" \/>\n<meta name=\"twitter:site\" content=\"@PlazatorosRMR\" \/>\n<meta name=\"twitter:label1\" content=\"Written by\" \/>\n\t<meta name=\"twitter:data1\" content=\"BIBLIOTECA\" \/>\n\t<meta name=\"twitter:label2\" content=\"Est. reading time\" \/>\n\t<meta name=\"twitter:data2\" content=\"5 minutes\" \/>\n<script type=\"application\/ld+json\" class=\"yoast-schema-graph\">{\"@context\":\"https:\\\/\\\/schema.org\",\"@graph\":[{\"@type\":\"Article\",\"@id\":\"https:\\\/\\\/www.rmcr.org\\\/en\\\/2018\\\/01\\\/31\\\/biblioteca-rmr-no-49-la-asamblea-de-ronda-de-1918-enero-2018\\\/#article\",\"isPartOf\":{\"@id\":\"https:\\\/\\\/www.rmcr.org\\\/en\\\/2018\\\/01\\\/31\\\/biblioteca-rmr-no-49-la-asamblea-de-ronda-de-1918-enero-2018\\\/\"},\"author\":{\"name\":\"BIBLIOTECA\",\"@id\":\"https:\\\/\\\/www.rmcr.org\\\/en\\\/#\\\/schema\\\/person\\\/80849edee7ef556893505128619ea1d0\"},\"headline\":\"Biblioteca-RMR: N\u00ba 49. La Asamblea de Ronda de 1918. Enero 2018.\",\"datePublished\":\"2018-01-31T17:46:08+00:00\",\"dateModified\":\"2025-04-03T11:28:09+00:00\",\"mainEntityOfPage\":{\"@id\":\"https:\\\/\\\/www.rmcr.org\\\/en\\\/2018\\\/01\\\/31\\\/biblioteca-rmr-no-49-la-asamblea-de-ronda-de-1918-enero-2018\\\/\"},\"wordCount\":942,\"commentCount\":0,\"publisher\":{\"@id\":\"https:\\\/\\\/www.rmcr.org\\\/en\\\/#organization\"},\"image\":{\"@id\":\"https:\\\/\\\/www.rmcr.org\\\/en\\\/2018\\\/01\\\/31\\\/biblioteca-rmr-no-49-la-asamblea-de-ronda-de-1918-enero-2018\\\/#primaryimage\"},\"thumbnailUrl\":\"https:\\\/\\\/www.rmcr.org\\\/wp-content\\\/uploads\\\/2022\\\/10\\\/actas.jpg\",\"keywords\":[\"Andalucismo\",\"Bibliograf\u00edas\",\"Biblioteca\",\"Biblioteca-RMR\",\"Bolet\u00edn mensual bibliogr\u00e1fico\",\"Historia\",\"Libros\",\"Ronda\"],\"articleSection\":[\"Biblioteca\",\"Bolet\u00edn bibliogr\u00e1fico Biblioteca-RMR\"],\"inLanguage\":\"en-US\",\"potentialAction\":[{\"@type\":\"CommentAction\",\"name\":\"Comment\",\"target\":[\"https:\\\/\\\/www.rmcr.org\\\/en\\\/2018\\\/01\\\/31\\\/biblioteca-rmr-no-49-la-asamblea-de-ronda-de-1918-enero-2018\\\/#respond\"]}]},{\"@type\":\"WebPage\",\"@id\":\"https:\\\/\\\/www.rmcr.org\\\/en\\\/2018\\\/01\\\/31\\\/biblioteca-rmr-no-49-la-asamblea-de-ronda-de-1918-enero-2018\\\/\",\"url\":\"https:\\\/\\\/www.rmcr.org\\\/en\\\/2018\\\/01\\\/31\\\/biblioteca-rmr-no-49-la-asamblea-de-ronda-de-1918-enero-2018\\\/\",\"name\":\"Biblioteca-RMR: N\u00ba 49. La Asamblea de Ronda de 1918. Enero 2018. - Real Maestranza de Caballer\u00eda de Ronda\",\"isPartOf\":{\"@id\":\"https:\\\/\\\/www.rmcr.org\\\/en\\\/#website\"},\"primaryImageOfPage\":{\"@id\":\"https:\\\/\\\/www.rmcr.org\\\/en\\\/2018\\\/01\\\/31\\\/biblioteca-rmr-no-49-la-asamblea-de-ronda-de-1918-enero-2018\\\/#primaryimage\"},\"image\":{\"@id\":\"https:\\\/\\\/www.rmcr.org\\\/en\\\/2018\\\/01\\\/31\\\/biblioteca-rmr-no-49-la-asamblea-de-ronda-de-1918-enero-2018\\\/#primaryimage\"},\"thumbnailUrl\":\"https:\\\/\\\/www.rmcr.org\\\/wp-content\\\/uploads\\\/2022\\\/10\\\/actas.jpg\",\"datePublished\":\"2018-01-31T17:46:08+00:00\",\"dateModified\":\"2025-04-03T11:28:09+00:00\",\"breadcrumb\":{\"@id\":\"https:\\\/\\\/www.rmcr.org\\\/en\\\/2018\\\/01\\\/31\\\/biblioteca-rmr-no-49-la-asamblea-de-ronda-de-1918-enero-2018\\\/#breadcrumb\"},\"inLanguage\":\"en-US\",\"potentialAction\":[{\"@type\":\"ReadAction\",\"target\":[\"https:\\\/\\\/www.rmcr.org\\\/en\\\/2018\\\/01\\\/31\\\/biblioteca-rmr-no-49-la-asamblea-de-ronda-de-1918-enero-2018\\\/\"]}]},{\"@type\":\"ImageObject\",\"inLanguage\":\"en-US\",\"@id\":\"https:\\\/\\\/www.rmcr.org\\\/en\\\/2018\\\/01\\\/31\\\/biblioteca-rmr-no-49-la-asamblea-de-ronda-de-1918-enero-2018\\\/#primaryimage\",\"url\":\"https:\\\/\\\/www.rmcr.org\\\/wp-content\\\/uploads\\\/2022\\\/10\\\/actas.jpg\",\"contentUrl\":\"https:\\\/\\\/www.rmcr.org\\\/wp-content\\\/uploads\\\/2022\\\/10\\\/actas.jpg\",\"width\":482,\"height\":142},{\"@type\":\"BreadcrumbList\",\"@id\":\"https:\\\/\\\/www.rmcr.org\\\/en\\\/2018\\\/01\\\/31\\\/biblioteca-rmr-no-49-la-asamblea-de-ronda-de-1918-enero-2018\\\/#breadcrumb\",\"itemListElement\":[{\"@type\":\"ListItem\",\"position\":1,\"name\":\"REAL MAESTRANZA DE CABALLER\u00cdA DE RONDA\",\"item\":\"https:\\\/\\\/www.rmcr.org\\\/en\\\/\"},{\"@type\":\"ListItem\",\"position\":2,\"name\":\"Biblioteca-RMR: N\u00ba 49. La Asamblea de Ronda de 1918. Enero 2018.\"}]},{\"@type\":\"WebSite\",\"@id\":\"https:\\\/\\\/www.rmcr.org\\\/en\\\/#website\",\"url\":\"https:\\\/\\\/www.rmcr.org\\\/en\\\/\",\"name\":\"Real Maestranza de Caballer\u00eda de Ronda\",\"description\":\"Real Maestranza de Caballer\u00eda de Ronda\",\"publisher\":{\"@id\":\"https:\\\/\\\/www.rmcr.org\\\/en\\\/#organization\"},\"alternateName\":\"RMCR\",\"potentialAction\":[{\"@type\":\"SearchAction\",\"target\":{\"@type\":\"EntryPoint\",\"urlTemplate\":\"https:\\\/\\\/www.rmcr.org\\\/en\\\/?s={search_term_string}\"},\"query-input\":{\"@type\":\"PropertyValueSpecification\",\"valueRequired\":true,\"valueName\":\"search_term_string\"}}],\"inLanguage\":\"en-US\"},{\"@type\":\"Organization\",\"@id\":\"https:\\\/\\\/www.rmcr.org\\\/en\\\/#organization\",\"name\":\"Real Maestranza de Caballer\u00eda de Ronda\",\"alternateName\":\"RMR\",\"url\":\"https:\\\/\\\/www.rmcr.org\\\/en\\\/\",\"logo\":{\"@type\":\"ImageObject\",\"inLanguage\":\"en-US\",\"@id\":\"https:\\\/\\\/www.rmcr.org\\\/en\\\/#\\\/schema\\\/logo\\\/image\\\/\",\"url\":\"https:\\\/\\\/www.rmcr.org\\\/wp-content\\\/uploads\\\/2022\\\/07\\\/logo-rmr-blue.svg\",\"contentUrl\":\"https:\\\/\\\/www.rmcr.org\\\/wp-content\\\/uploads\\\/2022\\\/07\\\/logo-rmr-blue.svg\",\"width\":131,\"height\":129,\"caption\":\"Real Maestranza de Caballer\u00eda de Ronda\"},\"image\":{\"@id\":\"https:\\\/\\\/www.rmcr.org\\\/en\\\/#\\\/schema\\\/logo\\\/image\\\/\"},\"sameAs\":[\"https:\\\/\\\/www.facebook.com\\\/plazadetorosronda\",\"https:\\\/\\\/x.com\\\/PlazatorosRMR\",\"https:\\\/\\\/www.instagram.com\\\/realmaestranzaderonda\\\/\",\"https:\\\/\\\/www.youtube.com\\\/channel\\\/UCrbO5IUN-8v_QML739vM4zg\\\/videos\"]},{\"@type\":\"Person\",\"@id\":\"https:\\\/\\\/www.rmcr.org\\\/en\\\/#\\\/schema\\\/person\\\/80849edee7ef556893505128619ea1d0\",\"name\":\"BIBLIOTECA\",\"image\":{\"@type\":\"ImageObject\",\"inLanguage\":\"en-US\",\"@id\":\"https:\\\/\\\/www.rmcr.org\\\/wp-content\\\/uploads\\\/2022\\\/11\\\/avatar-rmcr-96x96.png\",\"url\":\"https:\\\/\\\/www.rmcr.org\\\/wp-content\\\/uploads\\\/2022\\\/11\\\/avatar-rmcr-96x96.png\",\"contentUrl\":\"https:\\\/\\\/www.rmcr.org\\\/wp-content\\\/uploads\\\/2022\\\/11\\\/avatar-rmcr-96x96.png\",\"caption\":\"BIBLIOTECA\"},\"url\":\"https:\\\/\\\/www.rmcr.org\\\/en\\\/author\\\/juan-antonio-moreno\\\/\"}]}<\/script>\n<!-- \/ Yoast SEO plugin. -->","yoast_head_json":{"title":"Biblioteca-RMR: N\u00ba 49. La Asamblea de Ronda de 1918. Enero 2018. - Real Maestranza de Caballer\u00eda de Ronda","robots":{"index":"index","follow":"follow","max-snippet":"max-snippet:-1","max-image-preview":"max-image-preview:large","max-video-preview":"max-video-preview:-1"},"canonical":"https:\/\/www.rmcr.org\/en\/2018\/01\/31\/biblioteca-rmr-no-49-la-asamblea-de-ronda-de-1918-enero-2018\/","og_locale":"en_US","og_type":"article","og_title":"Biblioteca-RMR: N\u00ba 49. La Asamblea de Ronda de 1918. Enero 2018. - Real Maestranza de Caballer\u00eda de Ronda","og_description":"\u00b7 ART\u00cdCULO \u00b7 \u00b7 BIBLIOTECA DE LA REAL MAESTRANZA DE CABALLER\u00cdA DE RONDA \u00b7 \u00b7 ENERO 2018 \u00b7 \u00b7 FONDO RONDA \u00b7 La Asamblea Regionalista de Ronda celebrada en 1918 cierra la fase organizativa inicial del andalucismo, constituy\u00e9ndose en el punto de partida de la intensificaci\u00f3n de su actividad p\u00fablica. Adem\u00e1s, es la reuni\u00f3n en [&hellip;]","og_url":"https:\/\/www.rmcr.org\/en\/2018\/01\/31\/biblioteca-rmr-no-49-la-asamblea-de-ronda-de-1918-enero-2018\/","og_site_name":"Real Maestranza de Caballer\u00eda de Ronda","article_publisher":"https:\/\/www.facebook.com\/plazadetorosronda","article_published_time":"2018-01-31T17:46:08+00:00","article_modified_time":"2025-04-03T11:28:09+00:00","og_image":[{"width":482,"height":142,"url":"https:\/\/www.rmcr.org\/wp-content\/uploads\/2022\/10\/actas.jpg","type":"image\/jpeg"}],"author":"BIBLIOTECA","twitter_card":"summary_large_image","twitter_creator":"@PlazatorosRMR","twitter_site":"@PlazatorosRMR","twitter_misc":{"Written by":"BIBLIOTECA","Est. reading time":"5 minutes"},"schema":{"@context":"https:\/\/schema.org","@graph":[{"@type":"Article","@id":"https:\/\/www.rmcr.org\/en\/2018\/01\/31\/biblioteca-rmr-no-49-la-asamblea-de-ronda-de-1918-enero-2018\/#article","isPartOf":{"@id":"https:\/\/www.rmcr.org\/en\/2018\/01\/31\/biblioteca-rmr-no-49-la-asamblea-de-ronda-de-1918-enero-2018\/"},"author":{"name":"BIBLIOTECA","@id":"https:\/\/www.rmcr.org\/en\/#\/schema\/person\/80849edee7ef556893505128619ea1d0"},"headline":"Biblioteca-RMR: N\u00ba 49. La Asamblea de Ronda de 1918. Enero 2018.","datePublished":"2018-01-31T17:46:08+00:00","dateModified":"2025-04-03T11:28:09+00:00","mainEntityOfPage":{"@id":"https:\/\/www.rmcr.org\/en\/2018\/01\/31\/biblioteca-rmr-no-49-la-asamblea-de-ronda-de-1918-enero-2018\/"},"wordCount":942,"commentCount":0,"publisher":{"@id":"https:\/\/www.rmcr.org\/en\/#organization"},"image":{"@id":"https:\/\/www.rmcr.org\/en\/2018\/01\/31\/biblioteca-rmr-no-49-la-asamblea-de-ronda-de-1918-enero-2018\/#primaryimage"},"thumbnailUrl":"https:\/\/www.rmcr.org\/wp-content\/uploads\/2022\/10\/actas.jpg","keywords":["Andalucismo","Bibliograf\u00edas","Biblioteca","Biblioteca-RMR","Bolet\u00edn mensual bibliogr\u00e1fico","Historia","Libros","Ronda"],"articleSection":["Biblioteca","Bolet\u00edn bibliogr\u00e1fico Biblioteca-RMR"],"inLanguage":"en-US","potentialAction":[{"@type":"CommentAction","name":"Comment","target":["https:\/\/www.rmcr.org\/en\/2018\/01\/31\/biblioteca-rmr-no-49-la-asamblea-de-ronda-de-1918-enero-2018\/#respond"]}]},{"@type":"WebPage","@id":"https:\/\/www.rmcr.org\/en\/2018\/01\/31\/biblioteca-rmr-no-49-la-asamblea-de-ronda-de-1918-enero-2018\/","url":"https:\/\/www.rmcr.org\/en\/2018\/01\/31\/biblioteca-rmr-no-49-la-asamblea-de-ronda-de-1918-enero-2018\/","name":"Biblioteca-RMR: N\u00ba 49. La Asamblea de Ronda de 1918. Enero 2018. - Real Maestranza de Caballer\u00eda de Ronda","isPartOf":{"@id":"https:\/\/www.rmcr.org\/en\/#website"},"primaryImageOfPage":{"@id":"https:\/\/www.rmcr.org\/en\/2018\/01\/31\/biblioteca-rmr-no-49-la-asamblea-de-ronda-de-1918-enero-2018\/#primaryimage"},"image":{"@id":"https:\/\/www.rmcr.org\/en\/2018\/01\/31\/biblioteca-rmr-no-49-la-asamblea-de-ronda-de-1918-enero-2018\/#primaryimage"},"thumbnailUrl":"https:\/\/www.rmcr.org\/wp-content\/uploads\/2022\/10\/actas.jpg","datePublished":"2018-01-31T17:46:08+00:00","dateModified":"2025-04-03T11:28:09+00:00","breadcrumb":{"@id":"https:\/\/www.rmcr.org\/en\/2018\/01\/31\/biblioteca-rmr-no-49-la-asamblea-de-ronda-de-1918-enero-2018\/#breadcrumb"},"inLanguage":"en-US","potentialAction":[{"@type":"ReadAction","target":["https:\/\/www.rmcr.org\/en\/2018\/01\/31\/biblioteca-rmr-no-49-la-asamblea-de-ronda-de-1918-enero-2018\/"]}]},{"@type":"ImageObject","inLanguage":"en-US","@id":"https:\/\/www.rmcr.org\/en\/2018\/01\/31\/biblioteca-rmr-no-49-la-asamblea-de-ronda-de-1918-enero-2018\/#primaryimage","url":"https:\/\/www.rmcr.org\/wp-content\/uploads\/2022\/10\/actas.jpg","contentUrl":"https:\/\/www.rmcr.org\/wp-content\/uploads\/2022\/10\/actas.jpg","width":482,"height":142},{"@type":"BreadcrumbList","@id":"https:\/\/www.rmcr.org\/en\/2018\/01\/31\/biblioteca-rmr-no-49-la-asamblea-de-ronda-de-1918-enero-2018\/#breadcrumb","itemListElement":[{"@type":"ListItem","position":1,"name":"REAL MAESTRANZA DE CABALLER\u00cdA DE RONDA","item":"https:\/\/www.rmcr.org\/en\/"},{"@type":"ListItem","position":2,"name":"Biblioteca-RMR: N\u00ba 49. La Asamblea de Ronda de 1918. Enero 2018."}]},{"@type":"WebSite","@id":"https:\/\/www.rmcr.org\/en\/#website","url":"https:\/\/www.rmcr.org\/en\/","name":"Real Maestranza de Caballer\u00eda de Ronda","description":"Real Maestranza de Caballer\u00eda de Ronda","publisher":{"@id":"https:\/\/www.rmcr.org\/en\/#organization"},"alternateName":"RMCR","potentialAction":[{"@type":"SearchAction","target":{"@type":"EntryPoint","urlTemplate":"https:\/\/www.rmcr.org\/en\/?s={search_term_string}"},"query-input":{"@type":"PropertyValueSpecification","valueRequired":true,"valueName":"search_term_string"}}],"inLanguage":"en-US"},{"@type":"Organization","@id":"https:\/\/www.rmcr.org\/en\/#organization","name":"Real Maestranza de Caballer\u00eda de Ronda","alternateName":"RMR","url":"https:\/\/www.rmcr.org\/en\/","logo":{"@type":"ImageObject","inLanguage":"en-US","@id":"https:\/\/www.rmcr.org\/en\/#\/schema\/logo\/image\/","url":"https:\/\/www.rmcr.org\/wp-content\/uploads\/2022\/07\/logo-rmr-blue.svg","contentUrl":"https:\/\/www.rmcr.org\/wp-content\/uploads\/2022\/07\/logo-rmr-blue.svg","width":131,"height":129,"caption":"Real Maestranza de Caballer\u00eda de Ronda"},"image":{"@id":"https:\/\/www.rmcr.org\/en\/#\/schema\/logo\/image\/"},"sameAs":["https:\/\/www.facebook.com\/plazadetorosronda","https:\/\/x.com\/PlazatorosRMR","https:\/\/www.instagram.com\/realmaestranzaderonda\/","https:\/\/www.youtube.com\/channel\/UCrbO5IUN-8v_QML739vM4zg\/videos"]},{"@type":"Person","@id":"https:\/\/www.rmcr.org\/en\/#\/schema\/person\/80849edee7ef556893505128619ea1d0","name":"BIBLIOTECA","image":{"@type":"ImageObject","inLanguage":"en-US","@id":"https:\/\/www.rmcr.org\/wp-content\/uploads\/2022\/11\/avatar-rmcr-96x96.png","url":"https:\/\/www.rmcr.org\/wp-content\/uploads\/2022\/11\/avatar-rmcr-96x96.png","contentUrl":"https:\/\/www.rmcr.org\/wp-content\/uploads\/2022\/11\/avatar-rmcr-96x96.png","caption":"BIBLIOTECA"},"url":"https:\/\/www.rmcr.org\/en\/author\/juan-antonio-moreno\/"}]}},"_links":{"self":[{"href":"https:\/\/www.rmcr.org\/en\/wp-json\/wp\/v2\/posts\/6188","targetHints":{"allow":["GET"]}}],"collection":[{"href":"https:\/\/www.rmcr.org\/en\/wp-json\/wp\/v2\/posts"}],"about":[{"href":"https:\/\/www.rmcr.org\/en\/wp-json\/wp\/v2\/types\/post"}],"author":[{"embeddable":true,"href":"https:\/\/www.rmcr.org\/en\/wp-json\/wp\/v2\/users\/2"}],"replies":[{"embeddable":true,"href":"https:\/\/www.rmcr.org\/en\/wp-json\/wp\/v2\/comments?post=6188"}],"version-history":[{"count":2,"href":"https:\/\/www.rmcr.org\/en\/wp-json\/wp\/v2\/posts\/6188\/revisions"}],"predecessor-version":[{"id":22212,"href":"https:\/\/www.rmcr.org\/en\/wp-json\/wp\/v2\/posts\/6188\/revisions\/22212"}],"wp:featuredmedia":[{"embeddable":true,"href":"https:\/\/www.rmcr.org\/en\/wp-json\/wp\/v2\/media\/11650"}],"wp:attachment":[{"href":"https:\/\/www.rmcr.org\/en\/wp-json\/wp\/v2\/media?parent=6188"}],"wp:term":[{"taxonomy":"category","embeddable":true,"href":"https:\/\/www.rmcr.org\/en\/wp-json\/wp\/v2\/categories?post=6188"},{"taxonomy":"post_tag","embeddable":true,"href":"https:\/\/www.rmcr.org\/en\/wp-json\/wp\/v2\/tags?post=6188"}],"curies":[{"name":"wp","href":"https:\/\/api.w.org\/{rel}","templated":true}]}}