{"id":6186,"date":"2017-12-21T12:11:20","date_gmt":"2017-12-21T12:11:20","guid":{"rendered":"https:\/\/www.rmcr.org\/?p=6186"},"modified":"2025-04-03T11:28:26","modified_gmt":"2025-04-03T11:28:26","slug":"biblioteca-rmr-no-48-manuel-rodriguez-manolete-1917-1947-diciembre-2017","status":"publish","type":"post","link":"https:\/\/www.rmcr.org\/en\/2017\/12\/21\/biblioteca-rmr-no-48-manuel-rodriguez-manolete-1917-1947-diciembre-2017\/","title":{"rendered":"Biblioteca-RMR: N\u00ba 48. Manuel Rodr\u00edguez &#8220;Manolete&#8221; (1917-1947). Diciembre 2017."},"content":{"rendered":"<p style=\"text-align:center;\"><span ><strong>\u00b7 MONOGR\u00c1FICO \u00b7<\/strong><\/span><br \/>\n<span ><strong>\u00b7 BIBLIOTECA DE LA REAL MAESTRANZA DE CABALLER\u00cdA DE RONDA \u00b7<\/strong><\/span><br \/>\n<span ><strong>\u00b7 DICIEMBRE 2017 \u00b7<\/strong><\/span><\/p>\n<p style=\"text-align:center;\"><span ><strong>\u00b7 FONDO TAUROMAQUIA \u00b7<\/strong><\/span><\/p>\n<p><span >Finalizamos el presente a\u00f1o, cuarto del bolet\u00edn mensual bibliogr\u00e1fico &#8220;Biblioteca-RMR&#8221;, con una entrada dedicada a <a href=\"https:\/\/es.wikipedia.org\/wiki\/Manolete\">Manuel Rodr\u00edguez &#8220;Manolete&#8221; (1917-1947)<\/a>, uno de los toreros m\u00e1s medi\u00e1ticos de la historia, del que se ha conmemorado en 2017 el centenario de su nacimiento y los setenta a\u00f1os de su muerte. A continuaci\u00f3n, una breve selecci\u00f3n de la ampl\u00edsima bibliograf\u00eda existente sobre el controvertido diestro cordob\u00e9s.<\/span><\/p>\n<p><img fetchpriority=\"high\" decoding=\"async\" class=\" size-full wp-image-1495 aligncenter\" src=\"https:\/\/www.rmcr.org\/wp-content\/uploads\/2017\/12\/1017449a.jpg\" alt=\"1017449a\" width=\"317\" height=\"500\" srcset=\"https:\/\/www.rmcr.org\/wp-content\/uploads\/2017\/12\/1017449a.jpg 317w, https:\/\/www.rmcr.org\/wp-content\/uploads\/2017\/12\/1017449a-190x300.jpg 190w\" sizes=\"(max-width: 317px) 100vw, 317px\" \/><\/p>\n<p style=\"text-align:left;\"><span >Ma\u00f1ana toreo en Linares: relato \/ <strong>Fran\u00e7ois Zumbiehl<\/strong>. &#8212; Barcelona: Bellaterra, 2010. &#8212; 127 p.; 22 cm. &#8212; (Muletazos). &#8212; D.L. B. 37643-2010. &#8212; ISBN 978-84-7290-510-8.<\/span><\/p>\n<p><img decoding=\"async\" class=\" size-full wp-image-1497 aligncenter\" src=\"https:\/\/www.rmcr.org\/wp-content\/uploads\/2017\/12\/1014229a.jpg\" alt=\"1014229a\" width=\"349\" height=\"500\"><\/p>\n<p style=\"text-align:left;\"><span >El retrato de Manolete \/ <strong>Daniel V\u00e1zquez D\u00edaz<\/strong>; (conferencia pronunciada en el C\u00edrculo de Bellas Artes; con una presentaci\u00f3n de Edmundo G. Acebal). &#8212; Madrid: Afrodisio Aguado, 1961. &#8212; 77 p., [5] h. de l\u00e1m.; 20 cm. &#8212; D.L. M. 3517-1961.<\/span><\/p>\n<p><img decoding=\"async\" class=\" size-full wp-image-1498 aligncenter\" src=\"https:\/\/www.rmcr.org\/wp-content\/uploads\/2017\/12\/1014181a.jpg\" alt=\"1014181a\" width=\"319\" height=\"500\"><\/p>\n<p style=\"text-align:left;\"><span >Manolete: 50 a\u00f1os desde su muerte \/ <strong>Francisco Narbona<\/strong>. &#8212; Madrid: Espasa Calpe, 1997. &#8212; 258 p., [4] p. de l\u00e1m.; 18 cm. &#8212; (Grandes de bolsillo; 34). &#8212; D.L. M. 33-1997. &#8212; ISBN 84-239-9139-3.<\/span><\/p>\n<p><img loading=\"lazy\" decoding=\"async\" class=\" size-full wp-image-1499 aligncenter\" src=\"https:\/\/www.rmcr.org\/wp-content\/uploads\/2017\/12\/1014015a.jpg\" alt=\"1014015a\" width=\"429\" height=\"500\" srcset=\"https:\/\/www.rmcr.org\/wp-content\/uploads\/2017\/12\/1014015a.jpg 429w, https:\/\/www.rmcr.org\/wp-content\/uploads\/2017\/12\/1014015a-257x300.jpg 257w\" sizes=\"(max-width: 429px) 100vw, 429px\" \/><\/p>\n<p style=\"text-align:left;\"><span >Manolete en el recuerdo \/ <strong>&#8220;Jos\u00e9 Luis de C\u00f3rdoba&#8221;<\/strong> (Jos\u00e9 Luis S\u00e1nchez Garrido); pr\u00f3logo, Mat\u00edas Prats; ep\u00edlogo, Luis Jim\u00e9nez Martos. &#8212; 2\u00aa ed. \/ corr. y aum. &#8212; C\u00f3rdoba: Monte de Piedad y Caja de Ahorros, 1984. &#8212; 185 p.: il.; 21&#215;21 cm. &#8212; (Temas andaluces; 3). &#8212; D.L. CO. 537-1982. &#8212; ISBN 84-7231-718-8.<\/span><\/p>\n<p><img loading=\"lazy\" decoding=\"async\" class=\" size-full wp-image-1500 aligncenter\" src=\"https:\/\/www.rmcr.org\/wp-content\/uploads\/2017\/12\/1013968a.jpg\" alt=\"1013968a\" width=\"322\" height=\"500\"><\/p>\n<p style=\"text-align:left;\"><span >Primeras cr\u00f3nicas sobre Manolete \/ <strong>&#8220;Jos\u00e9 Luis de C\u00f3rdoba&#8221;<\/strong>; pr\u00f3logo de &#8220;K-Hito&#8221;; fotograf\u00edas de Ricardo Vidal &#8230; [et al.]; reproducciones de Ladis-Hijo y Linares. &#8212; C\u00f3rdoba: Ayuntamiento, 1972. &#8212; 194 p., [8] h. de l\u00e1m.; 22 cm. &#8212; D.L. CO. 533-1972.<\/span><\/p>\n<p><img loading=\"lazy\" decoding=\"async\" class=\" size-full wp-image-1501 aligncenter\" src=\"https:\/\/www.rmcr.org\/wp-content\/uploads\/2017\/12\/1014021a.jpg\" alt=\"1014021a\" width=\"347\" height=\"500\"><\/p>\n<p style=\"text-align:left;\"><span >Manolete: tercer califa del toreo \/ <strong>Marcelino Concostrina \u00c9lices<\/strong>. &#8212; Madrid : [s.n.], 1966. &#8212; 85 p., [17] h. de l\u00e1m.; 20 cm. &#8212; D.L. M. 7786-1966.<\/span><\/p>\n<p><img loading=\"lazy\" decoding=\"async\" class=\" size-full wp-image-1502 aligncenter\" src=\"https:\/\/www.rmcr.org\/wp-content\/uploads\/2017\/12\/1018156a.jpg\" alt=\"1018156a\" width=\"415\" height=\"500\"><\/p>\n<p style=\"text-align:left;\"><span >Manolete: el califa fulminado \/ <strong>Anne Plantagenet<\/strong>. &#8212; Madrid : Algaba, 2007. &#8212; 331 p.: il.; 25 cm. &#8212; D.L. M. 13820-2007. &#8212; ISBN 84-96107-73-1.<\/span><\/p>\n<p><img loading=\"lazy\" decoding=\"async\" class=\" size-full wp-image-1503 aligncenter\" src=\"https:\/\/www.rmcr.org\/wp-content\/uploads\/2017\/12\/1013909a.jpg\" alt=\"1013909a\" width=\"355\" height=\"500\"><\/p>\n<p style=\"text-align:left;\"><span >Manolete: Manuel Rodr\u00edguez, a los 50 a\u00f1os de su muerte y a los 80 de su nacimiento \/ <strong>Fernando del Arco<\/strong>; pr\u00f3logo de Manolo V\u00e1zquez. &#8212; Madrid: Egartorre, 1997. &#8212; 320 p., [16] p. de l\u00e1m.: il.; 24 cm. &#8212; (El albero; 6). &#8212; D.L. M. 9274-1997. &#8212; ISBN 84-87325-23-8.<\/span><\/p>\n<p><img loading=\"lazy\" decoding=\"async\" class=\" size-full wp-image-1504 aligncenter\" src=\"https:\/\/www.rmcr.org\/wp-content\/uploads\/2017\/12\/1014248a.jpg\" alt=\"1014248a\" width=\"355\" height=\"500\"><\/p>\n<p style=\"text-align:left;\"><span >&#8220;Manolete&#8221; \/ <strong>Gustavo Tuser<\/strong>; ilustraciones de Jos\u00e9 Mar\u00eda Tuser. &#8212; Barcelona: Juventud, 1963. &#8212; 56 p., [16] h. de l\u00e1m.: il.; 25 cm. &#8212; D.L. B. 16511-1963.<\/span><\/p>\n<p><img loading=\"lazy\" decoding=\"async\" class=\" size-full wp-image-1505 aligncenter\" src=\"https:\/\/www.rmcr.org\/wp-content\/uploads\/2017\/12\/1016540a.jpg\" alt=\"1016540a\" width=\"337\" height=\"500\"><\/p>\n<p style=\"text-align:left;\"><span >Lupe, el sino de Manolete \/ <strong>Carmen Esteban<\/strong>. &#8212; Pozuelo de Alarc\u00f3n (Madrid): Espasa Calpe, 2007. &#8212; 249 p., [16] p. de l\u00e1m.; 22 cm. &#8212; (Espasa hoy). &#8212; D.L. M. 1985-2007. &#8212; ISBN 978-84-670-2410-4.<\/span><\/p>\n","protected":false},"excerpt":{"rendered":"<p>\u00b7 MONOGR\u00c1FICO \u00b7 \u00b7 BIBLIOTECA DE LA REAL MAESTRANZA DE CABALLER\u00cdA DE RONDA \u00b7 \u00b7 DICIEMBRE 2017 \u00b7 \u00b7 FONDO TAUROMAQUIA \u00b7 Finalizamos el presente a\u00f1o, cuarto del bolet\u00edn mensual bibliogr\u00e1fico &#8220;Biblioteca-RMR&#8221;, con una entrada dedicada a Manuel Rodr\u00edguez &#8220;Manolete&#8221; (1917-1947), uno de los toreros m\u00e1s medi\u00e1ticos de la historia, del que se ha conmemorado [&hellip;]<\/p>\n","protected":false},"author":2,"featured_media":11647,"comment_status":"open","ping_status":"open","sticky":false,"template":"","format":"standard","meta":{"footnotes":""},"categories":[140,791],"tags":[237,105,252,176,137,224,189],"class_list":["post-6186","post","type-post","status-publish","format-standard","has-post-thumbnail","hentry","category-biblioteca","category-boletin-bibliografico-biblioteca-rmr","tag-bibliografias","tag-biblioteca-general","tag-biblioteca-rmr","tag-boletin-mensual-bibliografico","tag-libros","tag-manuel-rodriguez-manolete","tag-tauromaquia"],"yoast_head":"<!-- This site is optimized with the Yoast SEO plugin v27.5 - https:\/\/yoast.com\/product\/yoast-seo-wordpress\/ -->\n<title>Biblioteca-RMR: N\u00ba 48. Manuel Rodr\u00edguez &quot;Manolete&quot; (1917-1947). Diciembre 2017. - Real Maestranza de Caballer\u00eda de Ronda<\/title>\n<meta name=\"robots\" content=\"index, follow, max-snippet:-1, max-image-preview:large, max-video-preview:-1\" \/>\n<link rel=\"canonical\" href=\"https:\/\/www.rmcr.org\/en\/2017\/12\/21\/biblioteca-rmr-no-48-manuel-rodriguez-manolete-1917-1947-diciembre-2017\/\" \/>\n<meta property=\"og:locale\" content=\"en_US\" \/>\n<meta property=\"og:type\" content=\"article\" \/>\n<meta property=\"og:title\" content=\"Biblioteca-RMR: N\u00ba 48. Manuel Rodr\u00edguez &quot;Manolete&quot; (1917-1947). Diciembre 2017. - Real Maestranza de Caballer\u00eda de Ronda\" \/>\n<meta property=\"og:description\" content=\"\u00b7 MONOGR\u00c1FICO \u00b7 \u00b7 BIBLIOTECA DE LA REAL MAESTRANZA DE CABALLER\u00cdA DE RONDA \u00b7 \u00b7 DICIEMBRE 2017 \u00b7 \u00b7 FONDO TAUROMAQUIA \u00b7 Finalizamos el presente a\u00f1o, cuarto del bolet\u00edn mensual bibliogr\u00e1fico &#8220;Biblioteca-RMR&#8221;, con una entrada dedicada a Manuel Rodr\u00edguez &#8220;Manolete&#8221; (1917-1947), uno de los toreros m\u00e1s medi\u00e1ticos de la historia, del que se ha conmemorado [&hellip;]\" \/>\n<meta property=\"og:url\" content=\"https:\/\/www.rmcr.org\/en\/2017\/12\/21\/biblioteca-rmr-no-48-manuel-rodriguez-manolete-1917-1947-diciembre-2017\/\" \/>\n<meta property=\"og:site_name\" content=\"Real Maestranza de Caballer\u00eda de Ronda\" \/>\n<meta property=\"article:publisher\" content=\"https:\/\/www.facebook.com\/plazadetorosronda\" \/>\n<meta property=\"article:published_time\" content=\"2017-12-21T12:11:20+00:00\" \/>\n<meta property=\"article:modified_time\" content=\"2025-04-03T11:28:26+00:00\" \/>\n<meta property=\"og:image\" content=\"https:\/\/www.rmcr.org\/wp-content\/uploads\/2022\/10\/man.jpg\" \/>\n\t<meta property=\"og:image:width\" content=\"798\" \/>\n\t<meta property=\"og:image:height\" content=\"259\" \/>\n\t<meta property=\"og:image:type\" content=\"image\/jpeg\" \/>\n<meta name=\"author\" content=\"BIBLIOTECA\" \/>\n<meta name=\"twitter:card\" content=\"summary_large_image\" \/>\n<meta name=\"twitter:creator\" content=\"@PlazatorosRMR\" \/>\n<meta name=\"twitter:site\" content=\"@PlazatorosRMR\" \/>\n<meta name=\"twitter:label1\" content=\"Written by\" \/>\n\t<meta name=\"twitter:data1\" content=\"BIBLIOTECA\" \/>\n\t<meta name=\"twitter:label2\" content=\"Est. reading time\" \/>\n\t<meta name=\"twitter:data2\" content=\"2 minutes\" \/>\n<script type=\"application\/ld+json\" class=\"yoast-schema-graph\">{\"@context\":\"https:\\\/\\\/schema.org\",\"@graph\":[{\"@type\":\"Article\",\"@id\":\"https:\\\/\\\/www.rmcr.org\\\/en\\\/2017\\\/12\\\/21\\\/biblioteca-rmr-no-48-manuel-rodriguez-manolete-1917-1947-diciembre-2017\\\/#article\",\"isPartOf\":{\"@id\":\"https:\\\/\\\/www.rmcr.org\\\/en\\\/2017\\\/12\\\/21\\\/biblioteca-rmr-no-48-manuel-rodriguez-manolete-1917-1947-diciembre-2017\\\/\"},\"author\":{\"name\":\"BIBLIOTECA\",\"@id\":\"https:\\\/\\\/www.rmcr.org\\\/en\\\/#\\\/schema\\\/person\\\/80849edee7ef556893505128619ea1d0\"},\"headline\":\"Biblioteca-RMR: N\u00ba 48. Manuel Rodr\u00edguez &#8220;Manolete&#8221; (1917-1947). Diciembre 2017.\",\"datePublished\":\"2017-12-21T12:11:20+00:00\",\"dateModified\":\"2025-04-03T11:28:26+00:00\",\"mainEntityOfPage\":{\"@id\":\"https:\\\/\\\/www.rmcr.org\\\/en\\\/2017\\\/12\\\/21\\\/biblioteca-rmr-no-48-manuel-rodriguez-manolete-1917-1947-diciembre-2017\\\/\"},\"wordCount\":457,\"commentCount\":0,\"publisher\":{\"@id\":\"https:\\\/\\\/www.rmcr.org\\\/en\\\/#organization\"},\"image\":{\"@id\":\"https:\\\/\\\/www.rmcr.org\\\/en\\\/2017\\\/12\\\/21\\\/biblioteca-rmr-no-48-manuel-rodriguez-manolete-1917-1947-diciembre-2017\\\/#primaryimage\"},\"thumbnailUrl\":\"https:\\\/\\\/www.rmcr.org\\\/wp-content\\\/uploads\\\/2022\\\/10\\\/man.jpg\",\"keywords\":[\"Bibliograf\u00edas\",\"Biblioteca\",\"Biblioteca-RMR\",\"Bolet\u00edn mensual bibliogr\u00e1fico\",\"Libros\",\"Manuel Rodr\u00edguez \\\"Manolete\\\"\",\"Tauromaquia\"],\"articleSection\":[\"Biblioteca\",\"Bolet\u00edn bibliogr\u00e1fico Biblioteca-RMR\"],\"inLanguage\":\"en-US\",\"potentialAction\":[{\"@type\":\"CommentAction\",\"name\":\"Comment\",\"target\":[\"https:\\\/\\\/www.rmcr.org\\\/en\\\/2017\\\/12\\\/21\\\/biblioteca-rmr-no-48-manuel-rodriguez-manolete-1917-1947-diciembre-2017\\\/#respond\"]}]},{\"@type\":\"WebPage\",\"@id\":\"https:\\\/\\\/www.rmcr.org\\\/en\\\/2017\\\/12\\\/21\\\/biblioteca-rmr-no-48-manuel-rodriguez-manolete-1917-1947-diciembre-2017\\\/\",\"url\":\"https:\\\/\\\/www.rmcr.org\\\/en\\\/2017\\\/12\\\/21\\\/biblioteca-rmr-no-48-manuel-rodriguez-manolete-1917-1947-diciembre-2017\\\/\",\"name\":\"Biblioteca-RMR: N\u00ba 48. Manuel Rodr\u00edguez \\\"Manolete\\\" (1917-1947). Diciembre 2017. - Real Maestranza de Caballer\u00eda de Ronda\",\"isPartOf\":{\"@id\":\"https:\\\/\\\/www.rmcr.org\\\/en\\\/#website\"},\"primaryImageOfPage\":{\"@id\":\"https:\\\/\\\/www.rmcr.org\\\/en\\\/2017\\\/12\\\/21\\\/biblioteca-rmr-no-48-manuel-rodriguez-manolete-1917-1947-diciembre-2017\\\/#primaryimage\"},\"image\":{\"@id\":\"https:\\\/\\\/www.rmcr.org\\\/en\\\/2017\\\/12\\\/21\\\/biblioteca-rmr-no-48-manuel-rodriguez-manolete-1917-1947-diciembre-2017\\\/#primaryimage\"},\"thumbnailUrl\":\"https:\\\/\\\/www.rmcr.org\\\/wp-content\\\/uploads\\\/2022\\\/10\\\/man.jpg\",\"datePublished\":\"2017-12-21T12:11:20+00:00\",\"dateModified\":\"2025-04-03T11:28:26+00:00\",\"breadcrumb\":{\"@id\":\"https:\\\/\\\/www.rmcr.org\\\/en\\\/2017\\\/12\\\/21\\\/biblioteca-rmr-no-48-manuel-rodriguez-manolete-1917-1947-diciembre-2017\\\/#breadcrumb\"},\"inLanguage\":\"en-US\",\"potentialAction\":[{\"@type\":\"ReadAction\",\"target\":[\"https:\\\/\\\/www.rmcr.org\\\/en\\\/2017\\\/12\\\/21\\\/biblioteca-rmr-no-48-manuel-rodriguez-manolete-1917-1947-diciembre-2017\\\/\"]}]},{\"@type\":\"ImageObject\",\"inLanguage\":\"en-US\",\"@id\":\"https:\\\/\\\/www.rmcr.org\\\/en\\\/2017\\\/12\\\/21\\\/biblioteca-rmr-no-48-manuel-rodriguez-manolete-1917-1947-diciembre-2017\\\/#primaryimage\",\"url\":\"https:\\\/\\\/www.rmcr.org\\\/wp-content\\\/uploads\\\/2022\\\/10\\\/man.jpg\",\"contentUrl\":\"https:\\\/\\\/www.rmcr.org\\\/wp-content\\\/uploads\\\/2022\\\/10\\\/man.jpg\",\"width\":798,\"height\":259},{\"@type\":\"BreadcrumbList\",\"@id\":\"https:\\\/\\\/www.rmcr.org\\\/en\\\/2017\\\/12\\\/21\\\/biblioteca-rmr-no-48-manuel-rodriguez-manolete-1917-1947-diciembre-2017\\\/#breadcrumb\",\"itemListElement\":[{\"@type\":\"ListItem\",\"position\":1,\"name\":\"REAL MAESTRANZA DE CABALLER\u00cdA DE RONDA\",\"item\":\"https:\\\/\\\/www.rmcr.org\\\/en\\\/\"},{\"@type\":\"ListItem\",\"position\":2,\"name\":\"Biblioteca-RMR: N\u00ba 48. Manuel Rodr\u00edguez \u00abManolete\u00bb (1917-1947). Diciembre 2017.\"}]},{\"@type\":\"WebSite\",\"@id\":\"https:\\\/\\\/www.rmcr.org\\\/en\\\/#website\",\"url\":\"https:\\\/\\\/www.rmcr.org\\\/en\\\/\",\"name\":\"Real Maestranza de Caballer\u00eda de Ronda\",\"description\":\"Real Maestranza de Caballer\u00eda de Ronda\",\"publisher\":{\"@id\":\"https:\\\/\\\/www.rmcr.org\\\/en\\\/#organization\"},\"alternateName\":\"RMCR\",\"potentialAction\":[{\"@type\":\"SearchAction\",\"target\":{\"@type\":\"EntryPoint\",\"urlTemplate\":\"https:\\\/\\\/www.rmcr.org\\\/en\\\/?s={search_term_string}\"},\"query-input\":{\"@type\":\"PropertyValueSpecification\",\"valueRequired\":true,\"valueName\":\"search_term_string\"}}],\"inLanguage\":\"en-US\"},{\"@type\":\"Organization\",\"@id\":\"https:\\\/\\\/www.rmcr.org\\\/en\\\/#organization\",\"name\":\"Real Maestranza de Caballer\u00eda de Ronda\",\"alternateName\":\"RMR\",\"url\":\"https:\\\/\\\/www.rmcr.org\\\/en\\\/\",\"logo\":{\"@type\":\"ImageObject\",\"inLanguage\":\"en-US\",\"@id\":\"https:\\\/\\\/www.rmcr.org\\\/en\\\/#\\\/schema\\\/logo\\\/image\\\/\",\"url\":\"https:\\\/\\\/www.rmcr.org\\\/wp-content\\\/uploads\\\/2022\\\/07\\\/logo-rmr-blue.svg\",\"contentUrl\":\"https:\\\/\\\/www.rmcr.org\\\/wp-content\\\/uploads\\\/2022\\\/07\\\/logo-rmr-blue.svg\",\"width\":131,\"height\":129,\"caption\":\"Real Maestranza de Caballer\u00eda de Ronda\"},\"image\":{\"@id\":\"https:\\\/\\\/www.rmcr.org\\\/en\\\/#\\\/schema\\\/logo\\\/image\\\/\"},\"sameAs\":[\"https:\\\/\\\/www.facebook.com\\\/plazadetorosronda\",\"https:\\\/\\\/x.com\\\/PlazatorosRMR\",\"https:\\\/\\\/www.instagram.com\\\/realmaestranzaderonda\\\/\",\"https:\\\/\\\/www.youtube.com\\\/channel\\\/UCrbO5IUN-8v_QML739vM4zg\\\/videos\"]},{\"@type\":\"Person\",\"@id\":\"https:\\\/\\\/www.rmcr.org\\\/en\\\/#\\\/schema\\\/person\\\/80849edee7ef556893505128619ea1d0\",\"name\":\"BIBLIOTECA\",\"image\":{\"@type\":\"ImageObject\",\"inLanguage\":\"en-US\",\"@id\":\"https:\\\/\\\/www.rmcr.org\\\/wp-content\\\/uploads\\\/2022\\\/11\\\/avatar-rmcr-96x96.png\",\"url\":\"https:\\\/\\\/www.rmcr.org\\\/wp-content\\\/uploads\\\/2022\\\/11\\\/avatar-rmcr-96x96.png\",\"contentUrl\":\"https:\\\/\\\/www.rmcr.org\\\/wp-content\\\/uploads\\\/2022\\\/11\\\/avatar-rmcr-96x96.png\",\"caption\":\"BIBLIOTECA\"},\"url\":\"https:\\\/\\\/www.rmcr.org\\\/en\\\/author\\\/juan-antonio-moreno\\\/\"}]}<\/script>\n<!-- \/ Yoast SEO plugin. -->","yoast_head_json":{"title":"Biblioteca-RMR: N\u00ba 48. Manuel Rodr\u00edguez \"Manolete\" (1917-1947). Diciembre 2017. - Real Maestranza de Caballer\u00eda de Ronda","robots":{"index":"index","follow":"follow","max-snippet":"max-snippet:-1","max-image-preview":"max-image-preview:large","max-video-preview":"max-video-preview:-1"},"canonical":"https:\/\/www.rmcr.org\/en\/2017\/12\/21\/biblioteca-rmr-no-48-manuel-rodriguez-manolete-1917-1947-diciembre-2017\/","og_locale":"en_US","og_type":"article","og_title":"Biblioteca-RMR: N\u00ba 48. Manuel Rodr\u00edguez \"Manolete\" (1917-1947). Diciembre 2017. - Real Maestranza de Caballer\u00eda de Ronda","og_description":"\u00b7 MONOGR\u00c1FICO \u00b7 \u00b7 BIBLIOTECA DE LA REAL MAESTRANZA DE CABALLER\u00cdA DE RONDA \u00b7 \u00b7 DICIEMBRE 2017 \u00b7 \u00b7 FONDO TAUROMAQUIA \u00b7 Finalizamos el presente a\u00f1o, cuarto del bolet\u00edn mensual bibliogr\u00e1fico &#8220;Biblioteca-RMR&#8221;, con una entrada dedicada a Manuel Rodr\u00edguez &#8220;Manolete&#8221; (1917-1947), uno de los toreros m\u00e1s medi\u00e1ticos de la historia, del que se ha conmemorado [&hellip;]","og_url":"https:\/\/www.rmcr.org\/en\/2017\/12\/21\/biblioteca-rmr-no-48-manuel-rodriguez-manolete-1917-1947-diciembre-2017\/","og_site_name":"Real Maestranza de Caballer\u00eda de Ronda","article_publisher":"https:\/\/www.facebook.com\/plazadetorosronda","article_published_time":"2017-12-21T12:11:20+00:00","article_modified_time":"2025-04-03T11:28:26+00:00","og_image":[{"width":798,"height":259,"url":"https:\/\/www.rmcr.org\/wp-content\/uploads\/2022\/10\/man.jpg","type":"image\/jpeg"}],"author":"BIBLIOTECA","twitter_card":"summary_large_image","twitter_creator":"@PlazatorosRMR","twitter_site":"@PlazatorosRMR","twitter_misc":{"Written by":"BIBLIOTECA","Est. reading time":"2 minutes"},"schema":{"@context":"https:\/\/schema.org","@graph":[{"@type":"Article","@id":"https:\/\/www.rmcr.org\/en\/2017\/12\/21\/biblioteca-rmr-no-48-manuel-rodriguez-manolete-1917-1947-diciembre-2017\/#article","isPartOf":{"@id":"https:\/\/www.rmcr.org\/en\/2017\/12\/21\/biblioteca-rmr-no-48-manuel-rodriguez-manolete-1917-1947-diciembre-2017\/"},"author":{"name":"BIBLIOTECA","@id":"https:\/\/www.rmcr.org\/en\/#\/schema\/person\/80849edee7ef556893505128619ea1d0"},"headline":"Biblioteca-RMR: N\u00ba 48. Manuel Rodr\u00edguez &#8220;Manolete&#8221; (1917-1947). Diciembre 2017.","datePublished":"2017-12-21T12:11:20+00:00","dateModified":"2025-04-03T11:28:26+00:00","mainEntityOfPage":{"@id":"https:\/\/www.rmcr.org\/en\/2017\/12\/21\/biblioteca-rmr-no-48-manuel-rodriguez-manolete-1917-1947-diciembre-2017\/"},"wordCount":457,"commentCount":0,"publisher":{"@id":"https:\/\/www.rmcr.org\/en\/#organization"},"image":{"@id":"https:\/\/www.rmcr.org\/en\/2017\/12\/21\/biblioteca-rmr-no-48-manuel-rodriguez-manolete-1917-1947-diciembre-2017\/#primaryimage"},"thumbnailUrl":"https:\/\/www.rmcr.org\/wp-content\/uploads\/2022\/10\/man.jpg","keywords":["Bibliograf\u00edas","Biblioteca","Biblioteca-RMR","Bolet\u00edn mensual bibliogr\u00e1fico","Libros","Manuel Rodr\u00edguez \"Manolete\"","Tauromaquia"],"articleSection":["Biblioteca","Bolet\u00edn bibliogr\u00e1fico Biblioteca-RMR"],"inLanguage":"en-US","potentialAction":[{"@type":"CommentAction","name":"Comment","target":["https:\/\/www.rmcr.org\/en\/2017\/12\/21\/biblioteca-rmr-no-48-manuel-rodriguez-manolete-1917-1947-diciembre-2017\/#respond"]}]},{"@type":"WebPage","@id":"https:\/\/www.rmcr.org\/en\/2017\/12\/21\/biblioteca-rmr-no-48-manuel-rodriguez-manolete-1917-1947-diciembre-2017\/","url":"https:\/\/www.rmcr.org\/en\/2017\/12\/21\/biblioteca-rmr-no-48-manuel-rodriguez-manolete-1917-1947-diciembre-2017\/","name":"Biblioteca-RMR: N\u00ba 48. Manuel Rodr\u00edguez \"Manolete\" (1917-1947). Diciembre 2017. - Real Maestranza de Caballer\u00eda de Ronda","isPartOf":{"@id":"https:\/\/www.rmcr.org\/en\/#website"},"primaryImageOfPage":{"@id":"https:\/\/www.rmcr.org\/en\/2017\/12\/21\/biblioteca-rmr-no-48-manuel-rodriguez-manolete-1917-1947-diciembre-2017\/#primaryimage"},"image":{"@id":"https:\/\/www.rmcr.org\/en\/2017\/12\/21\/biblioteca-rmr-no-48-manuel-rodriguez-manolete-1917-1947-diciembre-2017\/#primaryimage"},"thumbnailUrl":"https:\/\/www.rmcr.org\/wp-content\/uploads\/2022\/10\/man.jpg","datePublished":"2017-12-21T12:11:20+00:00","dateModified":"2025-04-03T11:28:26+00:00","breadcrumb":{"@id":"https:\/\/www.rmcr.org\/en\/2017\/12\/21\/biblioteca-rmr-no-48-manuel-rodriguez-manolete-1917-1947-diciembre-2017\/#breadcrumb"},"inLanguage":"en-US","potentialAction":[{"@type":"ReadAction","target":["https:\/\/www.rmcr.org\/en\/2017\/12\/21\/biblioteca-rmr-no-48-manuel-rodriguez-manolete-1917-1947-diciembre-2017\/"]}]},{"@type":"ImageObject","inLanguage":"en-US","@id":"https:\/\/www.rmcr.org\/en\/2017\/12\/21\/biblioteca-rmr-no-48-manuel-rodriguez-manolete-1917-1947-diciembre-2017\/#primaryimage","url":"https:\/\/www.rmcr.org\/wp-content\/uploads\/2022\/10\/man.jpg","contentUrl":"https:\/\/www.rmcr.org\/wp-content\/uploads\/2022\/10\/man.jpg","width":798,"height":259},{"@type":"BreadcrumbList","@id":"https:\/\/www.rmcr.org\/en\/2017\/12\/21\/biblioteca-rmr-no-48-manuel-rodriguez-manolete-1917-1947-diciembre-2017\/#breadcrumb","itemListElement":[{"@type":"ListItem","position":1,"name":"REAL MAESTRANZA DE CABALLER\u00cdA DE RONDA","item":"https:\/\/www.rmcr.org\/en\/"},{"@type":"ListItem","position":2,"name":"Biblioteca-RMR: N\u00ba 48. Manuel Rodr\u00edguez \u00abManolete\u00bb (1917-1947). Diciembre 2017."}]},{"@type":"WebSite","@id":"https:\/\/www.rmcr.org\/en\/#website","url":"https:\/\/www.rmcr.org\/en\/","name":"Real Maestranza de Caballer\u00eda de Ronda","description":"Real Maestranza de Caballer\u00eda de Ronda","publisher":{"@id":"https:\/\/www.rmcr.org\/en\/#organization"},"alternateName":"RMCR","potentialAction":[{"@type":"SearchAction","target":{"@type":"EntryPoint","urlTemplate":"https:\/\/www.rmcr.org\/en\/?s={search_term_string}"},"query-input":{"@type":"PropertyValueSpecification","valueRequired":true,"valueName":"search_term_string"}}],"inLanguage":"en-US"},{"@type":"Organization","@id":"https:\/\/www.rmcr.org\/en\/#organization","name":"Real Maestranza de Caballer\u00eda de Ronda","alternateName":"RMR","url":"https:\/\/www.rmcr.org\/en\/","logo":{"@type":"ImageObject","inLanguage":"en-US","@id":"https:\/\/www.rmcr.org\/en\/#\/schema\/logo\/image\/","url":"https:\/\/www.rmcr.org\/wp-content\/uploads\/2022\/07\/logo-rmr-blue.svg","contentUrl":"https:\/\/www.rmcr.org\/wp-content\/uploads\/2022\/07\/logo-rmr-blue.svg","width":131,"height":129,"caption":"Real Maestranza de Caballer\u00eda de Ronda"},"image":{"@id":"https:\/\/www.rmcr.org\/en\/#\/schema\/logo\/image\/"},"sameAs":["https:\/\/www.facebook.com\/plazadetorosronda","https:\/\/x.com\/PlazatorosRMR","https:\/\/www.instagram.com\/realmaestranzaderonda\/","https:\/\/www.youtube.com\/channel\/UCrbO5IUN-8v_QML739vM4zg\/videos"]},{"@type":"Person","@id":"https:\/\/www.rmcr.org\/en\/#\/schema\/person\/80849edee7ef556893505128619ea1d0","name":"BIBLIOTECA","image":{"@type":"ImageObject","inLanguage":"en-US","@id":"https:\/\/www.rmcr.org\/wp-content\/uploads\/2022\/11\/avatar-rmcr-96x96.png","url":"https:\/\/www.rmcr.org\/wp-content\/uploads\/2022\/11\/avatar-rmcr-96x96.png","contentUrl":"https:\/\/www.rmcr.org\/wp-content\/uploads\/2022\/11\/avatar-rmcr-96x96.png","caption":"BIBLIOTECA"},"url":"https:\/\/www.rmcr.org\/en\/author\/juan-antonio-moreno\/"}]}},"_links":{"self":[{"href":"https:\/\/www.rmcr.org\/en\/wp-json\/wp\/v2\/posts\/6186","targetHints":{"allow":["GET"]}}],"collection":[{"href":"https:\/\/www.rmcr.org\/en\/wp-json\/wp\/v2\/posts"}],"about":[{"href":"https:\/\/www.rmcr.org\/en\/wp-json\/wp\/v2\/types\/post"}],"author":[{"embeddable":true,"href":"https:\/\/www.rmcr.org\/en\/wp-json\/wp\/v2\/users\/2"}],"replies":[{"embeddable":true,"href":"https:\/\/www.rmcr.org\/en\/wp-json\/wp\/v2\/comments?post=6186"}],"version-history":[{"count":2,"href":"https:\/\/www.rmcr.org\/en\/wp-json\/wp\/v2\/posts\/6186\/revisions"}],"predecessor-version":[{"id":22213,"href":"https:\/\/www.rmcr.org\/en\/wp-json\/wp\/v2\/posts\/6186\/revisions\/22213"}],"wp:featuredmedia":[{"embeddable":true,"href":"https:\/\/www.rmcr.org\/en\/wp-json\/wp\/v2\/media\/11647"}],"wp:attachment":[{"href":"https:\/\/www.rmcr.org\/en\/wp-json\/wp\/v2\/media?parent=6186"}],"wp:term":[{"taxonomy":"category","embeddable":true,"href":"https:\/\/www.rmcr.org\/en\/wp-json\/wp\/v2\/categories?post=6186"},{"taxonomy":"post_tag","embeddable":true,"href":"https:\/\/www.rmcr.org\/en\/wp-json\/wp\/v2\/tags?post=6186"}],"curies":[{"name":"wp","href":"https:\/\/api.w.org\/{rel}","templated":true}]}}