{"id":6185,"date":"2017-11-16T10:37:09","date_gmt":"2017-11-16T10:37:09","guid":{"rendered":"https:\/\/www.rmcr.org\/?p=6185"},"modified":"2025-04-03T11:28:37","modified_gmt":"2025-04-03T11:28:37","slug":"biblioteca-rmr-no-47-historia-de-la-serrania-de-ronda-siglos-viii-xvi-noviembre-2017","status":"publish","type":"post","link":"https:\/\/www.rmcr.org\/en\/2017\/11\/16\/biblioteca-rmr-no-47-historia-de-la-serrania-de-ronda-siglos-viii-xvi-noviembre-2017\/","title":{"rendered":"Biblioteca-RMR: N\u00ba 47. Historia de la serran\u00eda de Ronda, siglos VIII-XVI. Noviembre 2017."},"content":{"rendered":"<p style=\"text-align:center;\"><span ><strong>\u00b7 MONOGR\u00c1FICO \u00b7<\/strong><\/span><br \/>\n<span ><strong>\u00b7 BIBLIOTECA DE LA REAL MAESTRANZA DE CABALLER\u00cdA DE RONDA \u00b7<\/strong><\/span><br \/>\n<span ><strong>\u00b7 NOVIEMBRE 2017 \u00b7<\/strong><\/span><\/p>\n<p style=\"text-align:center;\"><span ><strong>\u00b7 FONDO RONDA&nbsp;\u00b7<\/strong><\/span><\/p>\n<p style=\"text-align:left;\"><span >Con ocasi\u00f3n del&nbsp;<a href=\"http:\/\/www.iers.es\/ii-congreso-historia\">II Congreso Internacional de Historia de la Serran\u00eda de Ronda<\/a>, organizado por el Instituto de Estudios de Ronda y la Serran\u00eda y la Real Maestranza de Caballer\u00eda de Ronda, que se celebra del 17 al 19 de noviembre en el Sal\u00f3n de Grados de la instituci\u00f3n maestrante, dedicamos la presente entrada a una selecci\u00f3n de cincuenta art\u00edculos que versan sobre el periodo hist\u00f3rico cronol\u00f3gico al que est\u00e1 dedicado el encuentro:&nbsp;<\/span>\u00ab<span >Entre al-\u00c1ndalus y los inicios de la Edad Moderna (siglos VIII-XVI)\u00bb.<\/span><\/p>\n<p><a href=\"https:\/\/www.rmcr.org\/2017\/11\/congreso-2017.jpg\"><img fetchpriority=\"high\" decoding=\"async\" class=\"aligncenter size-full wp-image-1489\" src=\"https:\/\/www.rmcr.org\/wp-content\/uploads\/2017\/11\/congreso-2017.jpg\" alt=\"\" width=\"350\" height=\"500\"><\/a><\/p>\n<p><span >Arqueolog\u00eda en los ba\u00f1os \u00e1rabes de Ronda: la historia oculta de un monumento \/ <strong>Pedro Aguayo, Olga Garrido y Bernardina Padial<\/strong>. &#8212; En: <em>Ba\u00f1os \u00e1rabes: arqueolog\u00eda y restauraci\u00f3n: I Jornadas de Patrimonio Hist\u00f3rico en Ronda<\/em>. &#8212; Ronda (M\u00e1laga): Museo Municipal, 1999. &#8212; P. 71-106.<\/span><\/p>\n<p><span >Capturando peces en el r\u00edo nacimiento de Dakwin: la constataci\u00f3n historiogr\u00e1fica de una ancestral actividad pisc\u00edcola, la &#8220;Seca&#8221;, en el periodo andalus\u00ed \/ <strong>Virgilio Mart\u00ednez Enamorado y Antonio Ord\u00f3\u00f1ez Fr\u00edas<\/strong>. &#8212; En: <em>Takurunna: anuario de estudios sobre Ronda y la Serran\u00eda<\/em>. &#8212; Ronda (M\u00e1laga): La Serran\u00eda, 2013. &#8212; N. 3, p. [372]-379.<\/span><\/p>\n<p><span >Cautivos y esclavos en \u00e9poca medieval en la Serran\u00eda de Ronda \/ <strong>M\u00aa Antonia Salas Organv\u00eddez<\/strong>. &#8212; En: <em>Memorias de Ronda: revista de historia y estudios ronde\u00f1os<\/em>. &#8212; Ronda: Ayuntamiento, Delegaci\u00f3n de Fiestas, 2007. &#8212; N. 4, Real Feria de Mayo, p. [34]-49.<\/span><\/p>\n<p><span >C\u00f3mo llamaban los andalus\u00edes al pinsapo \/ <strong>Virgilio Mart\u00ednez Enamorado<\/strong>. &#8212; En: <em>Takurunna: anuario de estudios sobre Ronda y la Serran\u00eda<\/em>. &#8212; Ronda (M\u00e1laga): La Serran\u00eda, 2013. &#8212; N. 3, p. [364]-372.<\/span><\/p>\n<p><span >De alquer\u00edas medievales a despoblados modernos: evoluci\u00f3n administrativa y socioecon\u00f3mica de los despoblados del valle del Genal (siglos XV al XVIII) \/ <strong>Francisco Siles Guerrero<\/strong>. &#8212; En: <em>Takurunna: anuario de estudios sobre Ronda y la Serran\u00eda<\/em>. &#8212; Ronda (M\u00e1laga): La Serran\u00eda, 2011. &#8212; N. 1, p. [203]-231.<\/span><\/p>\n<p><span >De Arunda a Runda: aproximaci\u00f3n al poblamiento altomedieval de Ronda a trav\u00e9s de una sistematizaci\u00f3n de su cer\u00e1mica \/ <strong>Jos\u00e9 Manuel Casta\u00f1o Aguilar<\/strong>. &#8212; En: <em>Cuadernos de Arqueolog\u00eda de Ronda<\/em>. &#8212; Ronda: Museo, 2006. &#8212; V. 2, p. 117-206.<\/span><\/p>\n<p><span >De nuevo sobre Ronda musulmana \/ <strong>Basilio Pav\u00f3n Maldonado<\/strong>. &#8212; En: <em>Awraq<\/em>. &#8212; Madrid: Instituto Hispano-\u00c1rabe de Cultura, 1980. &#8212; N. 3, p. 131-174.<\/span><\/p>\n<p><span >Diego P\u00e9rez de Mesa, el cosm\u00f3grafo de Ronda: 450 aniversario de su nacimiento (1563-2013) \/ <strong>Antonio R. Acedo del Olmo Ord\u00f3\u00f1ez<\/strong>. &#8212; En: <em>Takurunna: anuario de estudios sobre Ronda y la Serran\u00eda<\/em>. &#8212; Ronda (M\u00e1laga): La Serran\u00eda, 2013. &#8212; N. 3, p. [247]-276.<\/span><\/p>\n<p><span >Disidentes y marginados de la Serran\u00eda de Ronda en el tr\u00e1nsito a los tiempos modernos \/ <strong>Joaqu\u00edn Gil Sanju\u00e1n<\/strong>. &#8212; En: <em>Ba\u00e9tica: estudios de geograf\u00eda e historia<\/em>. &#8212; M\u00e1laga: Universidad, Facultad de Filosof\u00eda y Letras, 1991. &#8212; N. 13, p. [227]-239.<\/span><\/p>\n<p><span >Donde la gente de guerra fue vencida: una propuesta de identificaci\u00f3n para el lugar de la rota del Calaluz \/ <strong>Virgilio Mart\u00ednez Enamorado, Jos\u00e9 Antonio Castillo Rodr\u00edguez<\/strong>. &#8212; En: <em>El fin de al-\u00c1ndalus en la Serran\u00eda de Ronda: la rota del Calaluz<\/em>. &#8212; Ronda: La Serran\u00eda: Real Maestranza de Caballer\u00eda, 2007. &#8212; P. 63-86.<\/span><\/p>\n<p><span >El fuerte de Baussain: \u00bfuna r\u00e1bita medieval en Ronda? \/ <strong>Carlos Gozalbes Cravioto<\/strong>. &#8212; En: <em>Memorias de Ronda: revista de historia y estudios ronde\u00f1os<\/em>. &#8212; Ronda: Ayuntamiento, Delegaci\u00f3n de Fiestas, 2006. &#8212; N. 3, Feria de Pedro Romero, p. 106-113.<\/span><\/p>\n<p><span >El r\u00e9gimen se\u00f1orial en Benaoj\u00e1n desde la merced de los Reyes Cat\u00f3licos al remate de la villa (1492-1612) \/ <strong>Manuel Becerra Parra<\/strong>. &#8212; En: <em>Takurunna: anuario de estudios sobre Ronda y la Serran\u00eda<\/em>. &#8212; Ronda (M\u00e1laga): La Serran\u00eda, 2011. &#8212; N. 1, p. [179]-201.<\/span><\/p>\n<p><span >El sabio total: Ibn Firn\u00e1s \/ <strong>M\u00f3nica Rius<\/strong>. &#8212; En: <em>J\u00e1bega: revista de la Diputaci\u00f3n Provincial de M\u00e1laga<\/em>. &#8212; M\u00e1laga: Diputaci\u00f3n, 2008. &#8212; N. 97, segundo cuatrimestre, p. 9-13.<\/span><\/p>\n<p><span >En torno al morabitismo en la Serran\u00eda de Ronda: una propuesta para el an\u00e1lisis de sus r\u00e1bitas y zawiya-s \/ <strong>Virgilio Mart\u00ednez Enamorado y Manuel Becerra Parra<\/strong>. &#8212; En: <em>Takurunna: anuario de estudios sobre Ronda y la Serran\u00eda<\/em>. &#8212; Ronda (M\u00e1laga): La Serran\u00eda, 2011. &#8212; N. 1, p. [111]-134.<\/span><\/p>\n<p><span >Excavaci\u00f3n en la necr\u00f3polis hispanomusulmana de Ronda (M\u00e1laga): sector suroeste \/ <strong>Jos\u00e9 Manuel Casta\u00f1o Aguilar<\/strong>. &#8212; En: <em>Cuadernos de Arqueolog\u00eda de Ronda<\/em>. &#8212; Ronda: Museo, 2005. &#8212; V. 1, p. 79-82.<\/span><\/p>\n<p><span >Grazalema como tierra de Ronda en la \u00e9poca medieval \/ <strong>M\u00aa Antonia Salas Organv\u00eddez<\/strong>. &#8212; En: <em>Memorias de Ronda: revista de historia y estudios ronde\u00f1os<\/em>. &#8212; Ronda: Fundaci\u00f3n Unicaja, 2012. &#8212; N. 8, p. 65-76.<\/span><\/p>\n<p><span >Hidr\u00e1ulica y poblamiento andalus\u00ed en el valle de Jorox: una aproximaci\u00f3n desde la metodolog\u00eda arqueol\u00f3gica \/ <\/span><strong >Antonio Ord\u00f3\u00f1ez Fr\u00edas<\/strong><span >. &#8212; En: <em>Takurunna: anuario de estudios sobre Ronda y la Serran\u00eda<\/em>. &#8212; Ronda (M\u00e1laga): La Serran\u00eda, 2013. &#8212; N. 3, p. [91]-126.<\/span><\/p>\n<p><span >Influencia de la Toma de Zahara en la conquista de Ronda \/ <strong>Salvador Rodr\u00edguez Becerra<\/strong>. &#8212; En: <em>Memorias de Ronda: revista de historia y estudios ronde\u00f1os<\/em>. &#8212; Ronda: Ayuntamiento, Delegaci\u00f3n de Fiestas, 2007. &#8212; N. 5, p. [62]-79.<\/span><\/p>\n<p><span >Intervenci\u00f3n arqueol\u00f3gica en el Arrabal de San Miguel de Ronda \/ <strong>Pilar Delgado Blasco, Jorge Padial P\u00e9rez<\/strong>. &#8212; En: <em>Cuadernos de Arqueolog\u00eda de Ronda<\/em>. &#8212; Ronda: Museo, 2006. &#8212; V. 2, p. 19-34.<\/span><\/p>\n<p><span >Intervenci\u00f3n arqueol\u00f3gica puntual de apoyo a la restauraci\u00f3n de la Casa del Gigante de Ronda \/ <strong>Jos\u00e9 Manuel Casta\u00f1o Aguilar, M\u00aa Pilar Delgado Blasco, Jorge Padial P\u00e9rez<\/strong>. &#8212; En: <em>Cuadernos de Arqueolog\u00eda de Ronda<\/em>. &#8212; Ronda: Museo, 2005. &#8212; V. 1, p. 53-78.<\/span><\/p>\n<p><span >La acr\u00f3polis musulmana de Ronda \/ <strong>Leopoldo Torres Balbas<\/strong>. &#8212; En: <em>Obra dispersa, I: Al-\u00c1ndalus<\/em>. &#8212; [Madrid]: Instituto de Espa\u00f1a, 1982. &#8212; P. 360-412.<\/span><\/p>\n<p><span >La ciudad isl\u00e1mica de Ronda: una visi\u00f3n desde la arqueolog\u00eda urbana \/ <strong>Pedro Aguayo de Hoyos, Jos\u00e9 Manuel Casta\u00f1o Aguilar<\/strong>. &#8212; En: <em>Mainake<\/em>. &#8212; M\u00e1laga: Diputaci\u00f3n Provincial, 2003. &#8212; N. XXV, p. [201]-227.<\/span><\/p>\n<p><span >La muralla del Albacar y las Puertas del Cristo del Viento \/ <strong>Pedro Gurriar\u00e1n Daza, Salvador Garc\u00eda Villalobos<\/strong>. &#8212; En: <em>Memorias de Ronda: revista de historia y estudios ronde\u00f1os<\/em>. &#8212; Ronda: Ayuntamiento, Delegaci\u00f3n de Fiestas, 2007. &#8212; N. 4, Real Feria de Mayo, p. [22]-32, [1] h. de l\u00e1m.<\/span><\/p>\n<p><span >La revuelta mud\u00e9jar de Sierra Bermeja (1500-1501) \/ <strong>Jos\u00e9 Enrique L\u00f3pez de Coca Casta\u00f1er<\/strong>. &#8212; En: <em>El fin de al-\u00c1ndalus en la Serran\u00eda de Ronda: la rota del Calaluz<\/em>. &#8212; Ronda: La Serran\u00eda: Real Maestranza de Caballer\u00eda, 2007. &#8212; P. 13-28.<\/span><\/p>\n<p><span >La tierra de Ronda en la Cr\u00f3nica de Juan II de Castilla (1407) \/ <strong>Mar\u00eda Antonia Salas Orgav\u00eddez<\/strong>. &#8212; En: <em>Memorias de Ronda: revista de historia y estudios ronde\u00f1os<\/em>. &#8212; Ronda: Ayuntamiento, Delegaci\u00f3n de Fiestas, 2006. &#8212; N. 3, Feria de Pedro Romero, p. [98]-113.<\/span><\/p>\n<p><span >Las armaduras mud\u00e9jares de Ronda: breve catalogaci\u00f3n y cuatro nuevas aportaciones \/ <strong>Rafael Valent\u00edn L\u00f3pez Flores<\/strong>. &#8212; En: <em>Memorias de Ronda: revista de historia y estudios ronde\u00f1os<\/em>. &#8212; Ronda: Ayuntamiento, Delegaci\u00f3n de Fiestas, 2007. &#8212; N. 5, p. [122]-147.<\/span><\/p>\n<p><span >Las corachas en al-\u00c1ndalus: las corachas-minas en la frontera nazar\u00ed occidental \/ <strong>Jes\u00fas L\u00f3pez Jim\u00e9nez<\/strong>. &#8212; En: <em>Takurunna: anuario de estudios sobre Ronda y la Serran\u00eda<\/em>. &#8212; Ronda (M\u00e1laga): La Serran\u00eda, 2013. &#8212; N. 3, p. [71]-90.<\/span><\/p>\n<p><span >Las inscripciones \u00e1rabes de la Casa del Gigante: Ronda \/ <strong>M\u00aa Antonia Mart\u00ednez N\u00fa\u00f1ez<\/strong>. &#8212; En: <em>Cuadernos de Arqueolog\u00eda de Ronda<\/em>. &#8212; Ronda: Museo, 2006. &#8212; V. 2, p. 69-100.<\/span><\/p>\n<p><span >Litigios en Ronda y su entorno despu\u00e9s de su anexi\u00f3n a la corona de Castilla \/ <strong>Antonia Salas Organv\u00eddez<\/strong>. &#8212; En: <em>El fin de al-\u00c1ndalus en la Serran\u00eda de Ronda: la rota del Calaluz<\/em>. &#8212; Ronda: La Serran\u00eda: Real Maestranza de Caballer\u00eda, 2007. &#8212; P. 97-123.<\/span><\/p>\n<p><span >Lo que qued\u00f3 de los Ban\u00fa Ifran en la Serran\u00eda de Ronda \/ <strong>Virgilio Mart\u00ednez Enamorado<\/strong>. &#8212; En: <em>Takurunna: anuario de estudios sobre Ronda y la Serran\u00eda<\/em>. &#8212; Ronda (M\u00e1laga): La Serran\u00eda, 2013. &#8212; N. 3, p. [349]-364.<\/span><\/p>\n<p><span >Los despoblados de la provincia de M\u00e1laga tras la expulsi\u00f3n de los moriscos (1570-1600) \/ <strong>Nicol\u00e1s Cabrillana Ci\u00e9zar<\/strong>. &#8212; En: <em>Mainake<\/em>. &#8212; M\u00e1laga: Diputaci\u00f3n Provincial, 1989. &#8212; N. XI-XII, p. [251]-266.<\/span><\/p>\n<p><span >Los ladrillos con simbolog\u00eda paleocristiana de Ronda \/ <strong>Sonia Ruiz Torres<\/strong>. &#8212; En: <em>Cuadernos de Arqueolog\u00eda de Ronda<\/em>. &#8212; Ronda: Museo, 2006. &#8212; V. 2, p. 101-115.<\/span><\/p>\n<p><span >Los monf\u00edes, un bandolerismo musulm\u00e1n \/ <strong>Antonio Torremocha Silva<\/strong>. &#8212; En: <em>El fin de al-\u00c1ndalus en la Serran\u00eda de Ronda: la rota del Calaluz<\/em>. &#8212; Ronda: La Serran\u00eda: Real Maestranza de Caballer\u00eda, 2007. &#8212; P. 141-167.<\/span><\/p>\n<p><span >Los moriscos del algarbe malague\u00f1o: or\u00edgenes y presi\u00f3n inquisitorial \/ <strong>Mar\u00eda Isabel P\u00e9rez de Colos\u00eda Rodr\u00edguez, Joaqu\u00edn Gil Sanju\u00e1n<\/strong>. &#8212; En: <em>J\u00e1bega: revista de la Diputaci\u00f3n Provincial de M\u00e1laga<\/em>. &#8212; M\u00e1laga: Diputaci\u00f3n, 1987. &#8212; N. 56, p. 13-28.<\/span><\/p>\n<p><span >Los primeros momentos en la ense\u00f1anza de la gram\u00e1tica en Ronda: licencia de 1513 para el salario de un bachiller \/ <strong>Manuel Alvar Ezquerra<\/strong>. &#8212; En: <em>Memorias de Ronda: revista de historia y estudios ronde\u00f1os<\/em>. &#8212; Ronda: Ayuntamiento, Delegaci\u00f3n de Fiestas, 2007. &#8212; N. 5, p. [48]-61.<\/span><\/p>\n<p><span >Mud\u00e9jares y estado moderno: la rebeli\u00f3n de 1499-1501: una aproximaci\u00f3n al estado de la cuesti\u00f3n en Ronda y su serran\u00eda \/ <strong>Jos\u00e9 Antonio Castillo Rodr\u00edguez, Virgilio Mart\u00ednez Enamorado<\/strong>. &#8212; En: <em>El fin de al-\u00c1ndalus en la Serran\u00eda de Ronda: la rota del Calaluz<\/em>. &#8212; Ronda: La Serran\u00eda: Real Maestranza de Caballer\u00eda, 2007. &#8212; P. 29-61.<\/span><\/p>\n<p><span >Posp\u00edtar (Alpandeire): perspectiva hist\u00f3rico-filol\u00f3gica de un despoblado andalus\u00ed de la Serran\u00eda de Ronda \/ <strong>Juan Antonio Chavarr\u00eda Vargas<\/strong>. \u2013 En: <em>Takurunna: anuario de estudios sobre Ronda y la Serran\u00eda<\/em>. &#8212; Ronda (M\u00e1laga): La Serran\u00eda, 2011. &#8212; N. 1, p. [135]-150.<\/span><\/p>\n<p><span >Primeros encabezamientos del Reino de Granada: el secretario real, Hernando de Zafra, y las rentas de los mud\u00e9jares de Ronda, Marbella y la Garb\u00eda (1485-1490) \/ <strong>J. Suberbiola Mart\u00ednez<\/strong>. &#8212; En: <em>Ba\u00e9tica: estudios de arte, geograf\u00eda e historia<\/em>. &#8212; M\u00e1laga: Universidad, Facultad de Filosof\u00eda y Letras, 2008. &#8212; N. 30, p. [247]-283.<\/span><\/p>\n<p><span >Proceso evolutivo de la fortaleza medieval de Ca\u00f1ete la Real \/ <strong>Sebasti\u00e1n Fern\u00e1ndez y Alberto Cumpi\u00e1n Rodr\u00edguez<\/strong>. &#8212; En: <em>Mainake<\/em>. &#8212; M\u00e1laga: Diputaci\u00f3n Provincial, 1997. &#8212; N. XIX-XX, p. [185]-195.<\/span><\/p>\n<p><span >R\u00e1bitas y Zaiwyas en la Serran\u00eda de Ronda \/ <strong>Carlos Gozalbes Cravioto<\/strong>. &#8212; En: <em>Memorias de Ronda: revista de historia y estudios ronde\u00f1os<\/em>. &#8212; Ronda: Ayuntamiento, Delegaci\u00f3n de Fiestas, 2007. &#8212; N. 4, Real Feria de Mayo, p. [96]-109.<\/span><\/p>\n<p><span >Regad\u00edo de origen andalus\u00ed en la Sierra de las Nieves: el caso de Tolox (1485-1572) \/ <strong>Esteban L\u00f3pez Garc\u00eda<\/strong>. &#8212; En: <em>Takurunna: anuario de estudios sobre Ronda y la Serran\u00eda<\/em>. &#8212; Ronda (M\u00e1laga): La Serran\u00eda, 2012. &#8212; N. 2, p. [187]-216.<\/span><\/p>\n<p><span >Restauraciones en los ba\u00f1os de la Galiana, Ronda \/ <strong>Ciro de la Torre Fragoso<\/strong>. &#8212; En: <em>Ba\u00f1os \u00e1rabes: arqueolog\u00eda y restauraci\u00f3n: I Jornadas de Patrimonio Hist\u00f3rico en Ronda<\/em>. &#8212; Ronda (M\u00e1laga): Museo Municipal, 1999. &#8212; P. 109-128.<\/span><\/p>\n<p><span >Rotillas (Jubrique): perspectiva hist\u00f3rico-filol\u00f3gica de un despoblado morisco de la Serran\u00eda de Ronda \/ <strong>Juan Antonio Chavarr\u00eda Vargas<\/strong>. &#8212; En: <em>Takurunna: anuario de estudios sobre Ronda y la Serran\u00eda<\/em>. &#8212; Ronda (M\u00e1laga): La Serran\u00eda, 2013. &#8212; N. 3, p. [227]-245.<\/span><\/p>\n<p><span >Sedes judiciales malague\u00f1as en \u00e9poca nazari \/ <strong>Mar\u00eda Isabel Calero Secall<\/strong>. &#8212; En: <em>Ba\u00e9tica: estudios de geograf\u00eda e historia<\/em>. &#8212; M\u00e1laga: Universidad, Facultad de Filosof\u00eda y Letras, 1984. &#8212; N. 7, p. [355]-365.<\/span><\/p>\n<p><span >Sistemas de irrigaci\u00f3n andalus\u00edes en la villa de Benaoj\u00e1n: una visi\u00f3n desde el Libro de Repartimientos (1575) \/ <strong>Manuel Becerra Parra, Armando Matoso Aguilar<\/strong>. &#8212; En: <em>El fin de al-\u00c1ndalus en la Serran\u00eda de Ronda: la rota del Calaluz<\/em>. &#8212; Ronda: La Serran\u00eda: Real Maestranza de Caballer\u00eda, 2007. &#8212; P. 125-140.<\/span><\/p>\n<p><span >Un testimonio sobre la derrota y muerte de don Alonso de Aguilar \/ <strong>Pedro Sierra de C\u00f3zar<\/strong>. &#8212; En: <em>El fin de al-\u00c1ndalus en la Serran\u00eda de Ronda: la rota del Calaluz<\/em>. &#8212; Ronda: La Serran\u00eda: Real Maestranza de Caballer\u00eda, 2007. &#8212; P. 87-95.<\/span><\/p>\n<p><span >Una propuesta de identificaci\u00f3n arqueol\u00f3gica y etimol\u00f3gica para una alquer\u00eda de la tierra de Estepona: Benamorave \/ <strong>Virgilio Mart\u00ednez Enamorado, Javier Martos Mart\u00edn y Jos\u00e9 Mar\u00eda Navarro Garc\u00eda<\/strong>. &#8212; En: <em>Takurunna: anuario de estudios sobre Ronda y la Serran\u00eda<\/em>. &#8212; Ronda (M\u00e1laga): La Serran\u00eda, 2012. &#8212; N. 2, p. [167]-186.<\/span><\/p>\n<p><span >Vigilancia arqueol\u00f3gica en las murallas de Ronda, sector oriental: la cerca del Arrabal Viejo o de San Miguel \/ <strong>Jorge Padial P\u00e9rez<\/strong>. &#8212; En: <em>Cuadernos de Arqueolog\u00eda de Ronda<\/em>. &#8212; Ronda: Museo, 2005. &#8212; V. 1, p. 115-124.<\/span><\/p>\n<p><span >\u00bf\u00c1rabes en el Valle del Genal?: el top\u00f3nimo Guaitar\u00e1 de Pujerra y los Banu Tamim \/ <strong>Virgilio Mart\u00ednez Enamorado<\/strong>. &#8212; En: <em>Takurunna: anuario de estudios sobre Ronda y la Serran\u00eda<\/em>. &#8212; Ronda (M\u00e1laga): La Serran\u00eda, 2013. &#8212; N. 3, p. [380]-386.<\/span><\/p>\n","protected":false},"excerpt":{"rendered":"<p>\u00b7 MONOGR\u00c1FICO \u00b7 \u00b7 BIBLIOTECA DE LA REAL MAESTRANZA DE CABALLER\u00cdA DE RONDA \u00b7 \u00b7 NOVIEMBRE 2017 \u00b7 \u00b7 FONDO RONDA&nbsp;\u00b7 Con ocasi\u00f3n del&nbsp;II Congreso Internacional de Historia de la Serran\u00eda de Ronda, organizado por el Instituto de Estudios de Ronda y la Serran\u00eda y la Real Maestranza de Caballer\u00eda de Ronda, que se celebra [&hellip;]<\/p>\n","protected":false},"author":2,"featured_media":11644,"comment_status":"open","ping_status":"open","sticky":false,"template":"","format":"standard","meta":{"footnotes":""},"categories":[140,791],"tags":[223,237,105,252,176,172,114],"class_list":["post-6185","post","type-post","status-publish","format-standard","has-post-thumbnail","hentry","category-biblioteca","category-boletin-bibliografico-biblioteca-rmr","tag-articulos","tag-bibliografias","tag-biblioteca-general","tag-biblioteca-rmr","tag-boletin-mensual-bibliografico","tag-historia","tag-ronda"],"yoast_head":"<!-- This site is optimized with the Yoast SEO plugin v27.5 - https:\/\/yoast.com\/product\/yoast-seo-wordpress\/ -->\n<title>Biblioteca-RMR: N\u00ba 47. Historia de la serran\u00eda de Ronda, siglos VIII-XVI. Noviembre 2017. - Real Maestranza de Caballer\u00eda de Ronda<\/title>\n<meta name=\"robots\" content=\"index, follow, max-snippet:-1, max-image-preview:large, max-video-preview:-1\" \/>\n<link rel=\"canonical\" href=\"https:\/\/www.rmcr.org\/en\/2017\/11\/16\/biblioteca-rmr-no-47-historia-de-la-serrania-de-ronda-siglos-viii-xvi-noviembre-2017\/\" \/>\n<meta property=\"og:locale\" content=\"en_US\" \/>\n<meta property=\"og:type\" content=\"article\" \/>\n<meta property=\"og:title\" content=\"Biblioteca-RMR: N\u00ba 47. Historia de la serran\u00eda de Ronda, siglos VIII-XVI. Noviembre 2017. - Real Maestranza de Caballer\u00eda de Ronda\" \/>\n<meta property=\"og:description\" content=\"\u00b7 MONOGR\u00c1FICO \u00b7 \u00b7 BIBLIOTECA DE LA REAL MAESTRANZA DE CABALLER\u00cdA DE RONDA \u00b7 \u00b7 NOVIEMBRE 2017 \u00b7 \u00b7 FONDO RONDA&nbsp;\u00b7 Con ocasi\u00f3n del&nbsp;II Congreso Internacional de Historia de la Serran\u00eda de Ronda, organizado por el Instituto de Estudios de Ronda y la Serran\u00eda y la Real Maestranza de Caballer\u00eda de Ronda, que se celebra [&hellip;]\" \/>\n<meta property=\"og:url\" content=\"https:\/\/www.rmcr.org\/en\/2017\/11\/16\/biblioteca-rmr-no-47-historia-de-la-serrania-de-ronda-siglos-viii-xvi-noviembre-2017\/\" \/>\n<meta property=\"og:site_name\" content=\"Real Maestranza de Caballer\u00eda de Ronda\" \/>\n<meta property=\"article:publisher\" content=\"https:\/\/www.facebook.com\/plazadetorosronda\" \/>\n<meta property=\"article:published_time\" content=\"2017-11-16T10:37:09+00:00\" \/>\n<meta property=\"article:modified_time\" content=\"2025-04-03T11:28:37+00:00\" \/>\n<meta property=\"og:image\" content=\"https:\/\/www.rmcr.org\/wp-content\/uploads\/2022\/10\/cart.jpg\" \/>\n\t<meta property=\"og:image:width\" content=\"482\" \/>\n\t<meta property=\"og:image:height\" content=\"143\" \/>\n\t<meta property=\"og:image:type\" content=\"image\/jpeg\" \/>\n<meta name=\"author\" content=\"BIBLIOTECA\" \/>\n<meta name=\"twitter:card\" content=\"summary_large_image\" \/>\n<meta name=\"twitter:creator\" content=\"@PlazatorosRMR\" \/>\n<meta name=\"twitter:site\" content=\"@PlazatorosRMR\" \/>\n<meta name=\"twitter:label1\" content=\"Written by\" \/>\n\t<meta name=\"twitter:data1\" content=\"BIBLIOTECA\" \/>\n\t<meta name=\"twitter:label2\" content=\"Est. reading time\" \/>\n\t<meta name=\"twitter:data2\" content=\"11 minutes\" \/>\n<script type=\"application\/ld+json\" class=\"yoast-schema-graph\">{\"@context\":\"https:\\\/\\\/schema.org\",\"@graph\":[{\"@type\":\"Article\",\"@id\":\"https:\\\/\\\/www.rmcr.org\\\/en\\\/2017\\\/11\\\/16\\\/biblioteca-rmr-no-47-historia-de-la-serrania-de-ronda-siglos-viii-xvi-noviembre-2017\\\/#article\",\"isPartOf\":{\"@id\":\"https:\\\/\\\/www.rmcr.org\\\/en\\\/2017\\\/11\\\/16\\\/biblioteca-rmr-no-47-historia-de-la-serrania-de-ronda-siglos-viii-xvi-noviembre-2017\\\/\"},\"author\":{\"name\":\"BIBLIOTECA\",\"@id\":\"https:\\\/\\\/www.rmcr.org\\\/en\\\/#\\\/schema\\\/person\\\/80849edee7ef556893505128619ea1d0\"},\"headline\":\"Biblioteca-RMR: N\u00ba 47. Historia de la serran\u00eda de Ronda, siglos VIII-XVI. Noviembre 2017.\",\"datePublished\":\"2017-11-16T10:37:09+00:00\",\"dateModified\":\"2025-04-03T11:28:37+00:00\",\"mainEntityOfPage\":{\"@id\":\"https:\\\/\\\/www.rmcr.org\\\/en\\\/2017\\\/11\\\/16\\\/biblioteca-rmr-no-47-historia-de-la-serrania-de-ronda-siglos-viii-xvi-noviembre-2017\\\/\"},\"wordCount\":2233,\"commentCount\":0,\"publisher\":{\"@id\":\"https:\\\/\\\/www.rmcr.org\\\/en\\\/#organization\"},\"image\":{\"@id\":\"https:\\\/\\\/www.rmcr.org\\\/en\\\/2017\\\/11\\\/16\\\/biblioteca-rmr-no-47-historia-de-la-serrania-de-ronda-siglos-viii-xvi-noviembre-2017\\\/#primaryimage\"},\"thumbnailUrl\":\"https:\\\/\\\/www.rmcr.org\\\/wp-content\\\/uploads\\\/2022\\\/10\\\/cart.jpg\",\"keywords\":[\"Art\u00edculos\",\"Bibliograf\u00edas\",\"Biblioteca\",\"Biblioteca-RMR\",\"Bolet\u00edn mensual bibliogr\u00e1fico\",\"Historia\",\"Ronda\"],\"articleSection\":[\"Biblioteca\",\"Bolet\u00edn bibliogr\u00e1fico Biblioteca-RMR\"],\"inLanguage\":\"en-US\",\"potentialAction\":[{\"@type\":\"CommentAction\",\"name\":\"Comment\",\"target\":[\"https:\\\/\\\/www.rmcr.org\\\/en\\\/2017\\\/11\\\/16\\\/biblioteca-rmr-no-47-historia-de-la-serrania-de-ronda-siglos-viii-xvi-noviembre-2017\\\/#respond\"]}]},{\"@type\":\"WebPage\",\"@id\":\"https:\\\/\\\/www.rmcr.org\\\/en\\\/2017\\\/11\\\/16\\\/biblioteca-rmr-no-47-historia-de-la-serrania-de-ronda-siglos-viii-xvi-noviembre-2017\\\/\",\"url\":\"https:\\\/\\\/www.rmcr.org\\\/en\\\/2017\\\/11\\\/16\\\/biblioteca-rmr-no-47-historia-de-la-serrania-de-ronda-siglos-viii-xvi-noviembre-2017\\\/\",\"name\":\"Biblioteca-RMR: N\u00ba 47. Historia de la serran\u00eda de Ronda, siglos VIII-XVI. Noviembre 2017. - Real Maestranza de Caballer\u00eda de Ronda\",\"isPartOf\":{\"@id\":\"https:\\\/\\\/www.rmcr.org\\\/en\\\/#website\"},\"primaryImageOfPage\":{\"@id\":\"https:\\\/\\\/www.rmcr.org\\\/en\\\/2017\\\/11\\\/16\\\/biblioteca-rmr-no-47-historia-de-la-serrania-de-ronda-siglos-viii-xvi-noviembre-2017\\\/#primaryimage\"},\"image\":{\"@id\":\"https:\\\/\\\/www.rmcr.org\\\/en\\\/2017\\\/11\\\/16\\\/biblioteca-rmr-no-47-historia-de-la-serrania-de-ronda-siglos-viii-xvi-noviembre-2017\\\/#primaryimage\"},\"thumbnailUrl\":\"https:\\\/\\\/www.rmcr.org\\\/wp-content\\\/uploads\\\/2022\\\/10\\\/cart.jpg\",\"datePublished\":\"2017-11-16T10:37:09+00:00\",\"dateModified\":\"2025-04-03T11:28:37+00:00\",\"breadcrumb\":{\"@id\":\"https:\\\/\\\/www.rmcr.org\\\/en\\\/2017\\\/11\\\/16\\\/biblioteca-rmr-no-47-historia-de-la-serrania-de-ronda-siglos-viii-xvi-noviembre-2017\\\/#breadcrumb\"},\"inLanguage\":\"en-US\",\"potentialAction\":[{\"@type\":\"ReadAction\",\"target\":[\"https:\\\/\\\/www.rmcr.org\\\/en\\\/2017\\\/11\\\/16\\\/biblioteca-rmr-no-47-historia-de-la-serrania-de-ronda-siglos-viii-xvi-noviembre-2017\\\/\"]}]},{\"@type\":\"ImageObject\",\"inLanguage\":\"en-US\",\"@id\":\"https:\\\/\\\/www.rmcr.org\\\/en\\\/2017\\\/11\\\/16\\\/biblioteca-rmr-no-47-historia-de-la-serrania-de-ronda-siglos-viii-xvi-noviembre-2017\\\/#primaryimage\",\"url\":\"https:\\\/\\\/www.rmcr.org\\\/wp-content\\\/uploads\\\/2022\\\/10\\\/cart.jpg\",\"contentUrl\":\"https:\\\/\\\/www.rmcr.org\\\/wp-content\\\/uploads\\\/2022\\\/10\\\/cart.jpg\",\"width\":482,\"height\":143},{\"@type\":\"BreadcrumbList\",\"@id\":\"https:\\\/\\\/www.rmcr.org\\\/en\\\/2017\\\/11\\\/16\\\/biblioteca-rmr-no-47-historia-de-la-serrania-de-ronda-siglos-viii-xvi-noviembre-2017\\\/#breadcrumb\",\"itemListElement\":[{\"@type\":\"ListItem\",\"position\":1,\"name\":\"REAL MAESTRANZA DE CABALLER\u00cdA DE RONDA\",\"item\":\"https:\\\/\\\/www.rmcr.org\\\/en\\\/\"},{\"@type\":\"ListItem\",\"position\":2,\"name\":\"Biblioteca-RMR: N\u00ba 47. Historia de la serran\u00eda de Ronda, siglos VIII-XVI. Noviembre 2017.\"}]},{\"@type\":\"WebSite\",\"@id\":\"https:\\\/\\\/www.rmcr.org\\\/en\\\/#website\",\"url\":\"https:\\\/\\\/www.rmcr.org\\\/en\\\/\",\"name\":\"Real Maestranza de Caballer\u00eda de Ronda\",\"description\":\"Real Maestranza de Caballer\u00eda de Ronda\",\"publisher\":{\"@id\":\"https:\\\/\\\/www.rmcr.org\\\/en\\\/#organization\"},\"alternateName\":\"RMCR\",\"potentialAction\":[{\"@type\":\"SearchAction\",\"target\":{\"@type\":\"EntryPoint\",\"urlTemplate\":\"https:\\\/\\\/www.rmcr.org\\\/en\\\/?s={search_term_string}\"},\"query-input\":{\"@type\":\"PropertyValueSpecification\",\"valueRequired\":true,\"valueName\":\"search_term_string\"}}],\"inLanguage\":\"en-US\"},{\"@type\":\"Organization\",\"@id\":\"https:\\\/\\\/www.rmcr.org\\\/en\\\/#organization\",\"name\":\"Real Maestranza de Caballer\u00eda de Ronda\",\"alternateName\":\"RMR\",\"url\":\"https:\\\/\\\/www.rmcr.org\\\/en\\\/\",\"logo\":{\"@type\":\"ImageObject\",\"inLanguage\":\"en-US\",\"@id\":\"https:\\\/\\\/www.rmcr.org\\\/en\\\/#\\\/schema\\\/logo\\\/image\\\/\",\"url\":\"https:\\\/\\\/www.rmcr.org\\\/wp-content\\\/uploads\\\/2022\\\/07\\\/logo-rmr-blue.svg\",\"contentUrl\":\"https:\\\/\\\/www.rmcr.org\\\/wp-content\\\/uploads\\\/2022\\\/07\\\/logo-rmr-blue.svg\",\"width\":131,\"height\":129,\"caption\":\"Real Maestranza de Caballer\u00eda de Ronda\"},\"image\":{\"@id\":\"https:\\\/\\\/www.rmcr.org\\\/en\\\/#\\\/schema\\\/logo\\\/image\\\/\"},\"sameAs\":[\"https:\\\/\\\/www.facebook.com\\\/plazadetorosronda\",\"https:\\\/\\\/x.com\\\/PlazatorosRMR\",\"https:\\\/\\\/www.instagram.com\\\/realmaestranzaderonda\\\/\",\"https:\\\/\\\/www.youtube.com\\\/channel\\\/UCrbO5IUN-8v_QML739vM4zg\\\/videos\"]},{\"@type\":\"Person\",\"@id\":\"https:\\\/\\\/www.rmcr.org\\\/en\\\/#\\\/schema\\\/person\\\/80849edee7ef556893505128619ea1d0\",\"name\":\"BIBLIOTECA\",\"image\":{\"@type\":\"ImageObject\",\"inLanguage\":\"en-US\",\"@id\":\"https:\\\/\\\/www.rmcr.org\\\/wp-content\\\/uploads\\\/2022\\\/11\\\/avatar-rmcr-96x96.png\",\"url\":\"https:\\\/\\\/www.rmcr.org\\\/wp-content\\\/uploads\\\/2022\\\/11\\\/avatar-rmcr-96x96.png\",\"contentUrl\":\"https:\\\/\\\/www.rmcr.org\\\/wp-content\\\/uploads\\\/2022\\\/11\\\/avatar-rmcr-96x96.png\",\"caption\":\"BIBLIOTECA\"},\"url\":\"https:\\\/\\\/www.rmcr.org\\\/en\\\/author\\\/juan-antonio-moreno\\\/\"}]}<\/script>\n<!-- \/ Yoast SEO plugin. -->","yoast_head_json":{"title":"Biblioteca-RMR: N\u00ba 47. Historia de la serran\u00eda de Ronda, siglos VIII-XVI. Noviembre 2017. - Real Maestranza de Caballer\u00eda de Ronda","robots":{"index":"index","follow":"follow","max-snippet":"max-snippet:-1","max-image-preview":"max-image-preview:large","max-video-preview":"max-video-preview:-1"},"canonical":"https:\/\/www.rmcr.org\/en\/2017\/11\/16\/biblioteca-rmr-no-47-historia-de-la-serrania-de-ronda-siglos-viii-xvi-noviembre-2017\/","og_locale":"en_US","og_type":"article","og_title":"Biblioteca-RMR: N\u00ba 47. Historia de la serran\u00eda de Ronda, siglos VIII-XVI. Noviembre 2017. - Real Maestranza de Caballer\u00eda de Ronda","og_description":"\u00b7 MONOGR\u00c1FICO \u00b7 \u00b7 BIBLIOTECA DE LA REAL MAESTRANZA DE CABALLER\u00cdA DE RONDA \u00b7 \u00b7 NOVIEMBRE 2017 \u00b7 \u00b7 FONDO RONDA&nbsp;\u00b7 Con ocasi\u00f3n del&nbsp;II Congreso Internacional de Historia de la Serran\u00eda de Ronda, organizado por el Instituto de Estudios de Ronda y la Serran\u00eda y la Real Maestranza de Caballer\u00eda de Ronda, que se celebra [&hellip;]","og_url":"https:\/\/www.rmcr.org\/en\/2017\/11\/16\/biblioteca-rmr-no-47-historia-de-la-serrania-de-ronda-siglos-viii-xvi-noviembre-2017\/","og_site_name":"Real Maestranza de Caballer\u00eda de Ronda","article_publisher":"https:\/\/www.facebook.com\/plazadetorosronda","article_published_time":"2017-11-16T10:37:09+00:00","article_modified_time":"2025-04-03T11:28:37+00:00","og_image":[{"width":482,"height":143,"url":"https:\/\/www.rmcr.org\/wp-content\/uploads\/2022\/10\/cart.jpg","type":"image\/jpeg"}],"author":"BIBLIOTECA","twitter_card":"summary_large_image","twitter_creator":"@PlazatorosRMR","twitter_site":"@PlazatorosRMR","twitter_misc":{"Written by":"BIBLIOTECA","Est. reading time":"11 minutes"},"schema":{"@context":"https:\/\/schema.org","@graph":[{"@type":"Article","@id":"https:\/\/www.rmcr.org\/en\/2017\/11\/16\/biblioteca-rmr-no-47-historia-de-la-serrania-de-ronda-siglos-viii-xvi-noviembre-2017\/#article","isPartOf":{"@id":"https:\/\/www.rmcr.org\/en\/2017\/11\/16\/biblioteca-rmr-no-47-historia-de-la-serrania-de-ronda-siglos-viii-xvi-noviembre-2017\/"},"author":{"name":"BIBLIOTECA","@id":"https:\/\/www.rmcr.org\/en\/#\/schema\/person\/80849edee7ef556893505128619ea1d0"},"headline":"Biblioteca-RMR: N\u00ba 47. Historia de la serran\u00eda de Ronda, siglos VIII-XVI. Noviembre 2017.","datePublished":"2017-11-16T10:37:09+00:00","dateModified":"2025-04-03T11:28:37+00:00","mainEntityOfPage":{"@id":"https:\/\/www.rmcr.org\/en\/2017\/11\/16\/biblioteca-rmr-no-47-historia-de-la-serrania-de-ronda-siglos-viii-xvi-noviembre-2017\/"},"wordCount":2233,"commentCount":0,"publisher":{"@id":"https:\/\/www.rmcr.org\/en\/#organization"},"image":{"@id":"https:\/\/www.rmcr.org\/en\/2017\/11\/16\/biblioteca-rmr-no-47-historia-de-la-serrania-de-ronda-siglos-viii-xvi-noviembre-2017\/#primaryimage"},"thumbnailUrl":"https:\/\/www.rmcr.org\/wp-content\/uploads\/2022\/10\/cart.jpg","keywords":["Art\u00edculos","Bibliograf\u00edas","Biblioteca","Biblioteca-RMR","Bolet\u00edn mensual bibliogr\u00e1fico","Historia","Ronda"],"articleSection":["Biblioteca","Bolet\u00edn bibliogr\u00e1fico Biblioteca-RMR"],"inLanguage":"en-US","potentialAction":[{"@type":"CommentAction","name":"Comment","target":["https:\/\/www.rmcr.org\/en\/2017\/11\/16\/biblioteca-rmr-no-47-historia-de-la-serrania-de-ronda-siglos-viii-xvi-noviembre-2017\/#respond"]}]},{"@type":"WebPage","@id":"https:\/\/www.rmcr.org\/en\/2017\/11\/16\/biblioteca-rmr-no-47-historia-de-la-serrania-de-ronda-siglos-viii-xvi-noviembre-2017\/","url":"https:\/\/www.rmcr.org\/en\/2017\/11\/16\/biblioteca-rmr-no-47-historia-de-la-serrania-de-ronda-siglos-viii-xvi-noviembre-2017\/","name":"Biblioteca-RMR: N\u00ba 47. Historia de la serran\u00eda de Ronda, siglos VIII-XVI. Noviembre 2017. - Real Maestranza de Caballer\u00eda de Ronda","isPartOf":{"@id":"https:\/\/www.rmcr.org\/en\/#website"},"primaryImageOfPage":{"@id":"https:\/\/www.rmcr.org\/en\/2017\/11\/16\/biblioteca-rmr-no-47-historia-de-la-serrania-de-ronda-siglos-viii-xvi-noviembre-2017\/#primaryimage"},"image":{"@id":"https:\/\/www.rmcr.org\/en\/2017\/11\/16\/biblioteca-rmr-no-47-historia-de-la-serrania-de-ronda-siglos-viii-xvi-noviembre-2017\/#primaryimage"},"thumbnailUrl":"https:\/\/www.rmcr.org\/wp-content\/uploads\/2022\/10\/cart.jpg","datePublished":"2017-11-16T10:37:09+00:00","dateModified":"2025-04-03T11:28:37+00:00","breadcrumb":{"@id":"https:\/\/www.rmcr.org\/en\/2017\/11\/16\/biblioteca-rmr-no-47-historia-de-la-serrania-de-ronda-siglos-viii-xvi-noviembre-2017\/#breadcrumb"},"inLanguage":"en-US","potentialAction":[{"@type":"ReadAction","target":["https:\/\/www.rmcr.org\/en\/2017\/11\/16\/biblioteca-rmr-no-47-historia-de-la-serrania-de-ronda-siglos-viii-xvi-noviembre-2017\/"]}]},{"@type":"ImageObject","inLanguage":"en-US","@id":"https:\/\/www.rmcr.org\/en\/2017\/11\/16\/biblioteca-rmr-no-47-historia-de-la-serrania-de-ronda-siglos-viii-xvi-noviembre-2017\/#primaryimage","url":"https:\/\/www.rmcr.org\/wp-content\/uploads\/2022\/10\/cart.jpg","contentUrl":"https:\/\/www.rmcr.org\/wp-content\/uploads\/2022\/10\/cart.jpg","width":482,"height":143},{"@type":"BreadcrumbList","@id":"https:\/\/www.rmcr.org\/en\/2017\/11\/16\/biblioteca-rmr-no-47-historia-de-la-serrania-de-ronda-siglos-viii-xvi-noviembre-2017\/#breadcrumb","itemListElement":[{"@type":"ListItem","position":1,"name":"REAL MAESTRANZA DE CABALLER\u00cdA DE RONDA","item":"https:\/\/www.rmcr.org\/en\/"},{"@type":"ListItem","position":2,"name":"Biblioteca-RMR: N\u00ba 47. Historia de la serran\u00eda de Ronda, siglos VIII-XVI. Noviembre 2017."}]},{"@type":"WebSite","@id":"https:\/\/www.rmcr.org\/en\/#website","url":"https:\/\/www.rmcr.org\/en\/","name":"Real Maestranza de Caballer\u00eda de Ronda","description":"Real Maestranza de Caballer\u00eda de Ronda","publisher":{"@id":"https:\/\/www.rmcr.org\/en\/#organization"},"alternateName":"RMCR","potentialAction":[{"@type":"SearchAction","target":{"@type":"EntryPoint","urlTemplate":"https:\/\/www.rmcr.org\/en\/?s={search_term_string}"},"query-input":{"@type":"PropertyValueSpecification","valueRequired":true,"valueName":"search_term_string"}}],"inLanguage":"en-US"},{"@type":"Organization","@id":"https:\/\/www.rmcr.org\/en\/#organization","name":"Real Maestranza de Caballer\u00eda de Ronda","alternateName":"RMR","url":"https:\/\/www.rmcr.org\/en\/","logo":{"@type":"ImageObject","inLanguage":"en-US","@id":"https:\/\/www.rmcr.org\/en\/#\/schema\/logo\/image\/","url":"https:\/\/www.rmcr.org\/wp-content\/uploads\/2022\/07\/logo-rmr-blue.svg","contentUrl":"https:\/\/www.rmcr.org\/wp-content\/uploads\/2022\/07\/logo-rmr-blue.svg","width":131,"height":129,"caption":"Real Maestranza de Caballer\u00eda de Ronda"},"image":{"@id":"https:\/\/www.rmcr.org\/en\/#\/schema\/logo\/image\/"},"sameAs":["https:\/\/www.facebook.com\/plazadetorosronda","https:\/\/x.com\/PlazatorosRMR","https:\/\/www.instagram.com\/realmaestranzaderonda\/","https:\/\/www.youtube.com\/channel\/UCrbO5IUN-8v_QML739vM4zg\/videos"]},{"@type":"Person","@id":"https:\/\/www.rmcr.org\/en\/#\/schema\/person\/80849edee7ef556893505128619ea1d0","name":"BIBLIOTECA","image":{"@type":"ImageObject","inLanguage":"en-US","@id":"https:\/\/www.rmcr.org\/wp-content\/uploads\/2022\/11\/avatar-rmcr-96x96.png","url":"https:\/\/www.rmcr.org\/wp-content\/uploads\/2022\/11\/avatar-rmcr-96x96.png","contentUrl":"https:\/\/www.rmcr.org\/wp-content\/uploads\/2022\/11\/avatar-rmcr-96x96.png","caption":"BIBLIOTECA"},"url":"https:\/\/www.rmcr.org\/en\/author\/juan-antonio-moreno\/"}]}},"_links":{"self":[{"href":"https:\/\/www.rmcr.org\/en\/wp-json\/wp\/v2\/posts\/6185","targetHints":{"allow":["GET"]}}],"collection":[{"href":"https:\/\/www.rmcr.org\/en\/wp-json\/wp\/v2\/posts"}],"about":[{"href":"https:\/\/www.rmcr.org\/en\/wp-json\/wp\/v2\/types\/post"}],"author":[{"embeddable":true,"href":"https:\/\/www.rmcr.org\/en\/wp-json\/wp\/v2\/users\/2"}],"replies":[{"embeddable":true,"href":"https:\/\/www.rmcr.org\/en\/wp-json\/wp\/v2\/comments?post=6185"}],"version-history":[{"count":2,"href":"https:\/\/www.rmcr.org\/en\/wp-json\/wp\/v2\/posts\/6185\/revisions"}],"predecessor-version":[{"id":22214,"href":"https:\/\/www.rmcr.org\/en\/wp-json\/wp\/v2\/posts\/6185\/revisions\/22214"}],"wp:featuredmedia":[{"embeddable":true,"href":"https:\/\/www.rmcr.org\/en\/wp-json\/wp\/v2\/media\/11644"}],"wp:attachment":[{"href":"https:\/\/www.rmcr.org\/en\/wp-json\/wp\/v2\/media?parent=6185"}],"wp:term":[{"taxonomy":"category","embeddable":true,"href":"https:\/\/www.rmcr.org\/en\/wp-json\/wp\/v2\/categories?post=6185"},{"taxonomy":"post_tag","embeddable":true,"href":"https:\/\/www.rmcr.org\/en\/wp-json\/wp\/v2\/tags?post=6185"}],"curies":[{"name":"wp","href":"https:\/\/api.w.org\/{rel}","templated":true}]}}