{"id":6182,"date":"2017-08-25T12:50:35","date_gmt":"2017-08-25T12:50:35","guid":{"rendered":"https:\/\/www.rmcr.org\/?p=6182"},"modified":"2025-04-03T11:29:06","modified_gmt":"2025-04-03T11:29:06","slug":"biblioteca-rmr-no-44-ex-libris-3-agosto-2017","status":"publish","type":"post","link":"https:\/\/www.rmcr.org\/en\/2017\/08\/25\/biblioteca-rmr-no-44-ex-libris-3-agosto-2017\/","title":{"rendered":"Biblioteca-RMR: N\u00ba 44. Ex libris (3). Agosto 2017."},"content":{"rendered":"<p style=\"text-align:center;\"><span ><strong>\u00b7 ART\u00cdCULO \u00b7<\/strong><\/span><br \/>\n<span ><strong>\u00b7 BIBLIOTECA DE LA REAL MAESTRANZA DE CABALLER\u00cdA DE RONDA \u00b7<\/strong><\/span><br \/>\n<span ><strong>\u00b7 AGOSTO 2017 \u00b7<\/strong><\/span><\/p>\n<p style=\"text-align:center;\"><span ><strong>\u00b7 FONDO BIBLIOTECONOM\u00cdA \u00b7<\/strong><\/span><\/p>\n<p style=\"text-align:left;\"><span >Dedicamos una nueva entrada a la colecci\u00f3n de ex libris de la Biblioteca de la Real Maestranza de Caballer\u00eda de Ronda. Esta tercera serie recoge un curioso grupo de tem\u00e1tica her\u00e1ldica presente en el llamado <em>Fondo Delaunet<\/em>, compuesto por una serie de libros que formaron parte de la biblioteca personal de Amadeo Delaunet Esnaola (1885-1958). Genealogista vasco nacido en San Sebasti\u00e1n, fue autor de algunas publicaciones sobre la materia, obteniendo incluso un premio internacional por la titulada <i>Genealog\u00eda de la casa solar de Artola <\/i>(San Sebasti\u00e1n, 1955). Apasionado bibli\u00f3filo, consigui\u00f3 reunir a lo largo de su vida una importante biblioteca, que dej\u00f3 relacionada en su obra <em>Cat\u00e1logo de una biblioteca de genealog\u00eda y her\u00e1ldica&nbsp;<\/em>(San Sebasti\u00e1n, 1960). Ocup\u00f3 diversos puestos en diferentes entidades sociales y culturales de su \u00e9poca.<\/span><\/p>\n<p><a href=\"https:\/\/www.rmcr.org\/2017\/08\/cb1023726ab.jpg\"><img fetchpriority=\"high\" decoding=\"async\" class=\"aligncenter size-full wp-image-1437\" src=\"https:\/\/www.rmcr.org\/wp-content\/uploads\/2017\/08\/cb1023726ab.jpg\" alt=\"\" width=\"470\" height=\"630\"><\/a><\/p>\n<p style=\"text-align:left;\"><span >Leyenda: \u201cBeauvau. Sans departir\u201d \u2014 Inscripci\u00f3n: \u201cArchives et biblioth\u00e8que du marquisat de Beauvau\u201d \u2014 Sin firma \u2014 S.l. : s.a., 90 x 67&nbsp;mm \u2014 Fondo Delaunet \u2014 CB1023726.<\/span><\/p>\n<p><a href=\"https:\/\/www.rmcr.org\/2017\/08\/cb1023727bb.jpg\"><img decoding=\"async\" class=\"aligncenter size-full wp-image-1438\" src=\"https:\/\/www.rmcr.org\/wp-content\/uploads\/2017\/08\/cb1023727bb.jpg\" alt=\"\" width=\"470\" height=\"615\"><\/a><\/p>\n<p style=\"text-align:left;\"><span >Leyenda: \u201cSans departir\u201d \u2014 Inscripci\u00f3n: \u201cArchives et biblioth\u00e8que du marquisat de Beauvau\u201d \u2014 Sin firma \u2014 S.l. : s.a., 113 x 86 mm \u2014 Fondo Dealunet \u2014 CB1023727.<\/span><\/p>\n<p><a href=\"https:\/\/www.rmcr.org\/2017\/08\/cb1023714ab.jpg\"><img decoding=\"async\" class=\"aligncenter size-full wp-image-1439\" src=\"https:\/\/www.rmcr.org\/wp-content\/uploads\/2017\/08\/cb1023714ab.jpg\" alt=\"\" width=\"470\" height=\"611\"><\/a><\/p>\n<p style=\"text-align:left;\"><span >Sin leyenda \u2014 Inscripci\u00f3n: \u201cMarquisat de Beauvau. Archives et bibliot\u00e8que\u201d \u2014 Sin firma \u2014 S.l. : s.a., 82 x 63 mm \u2014 Fondo Delaunet \u2014 CB1023714.<\/span><\/p>\n<p><a href=\"https:\/\/www.rmcr.org\/2017\/08\/cb1023728bb.jpg\"><img loading=\"lazy\" decoding=\"async\" class=\"aligncenter size-full wp-image-1440\" src=\"https:\/\/www.rmcr.org\/wp-content\/uploads\/2017\/08\/cb1023728bb.jpg\" alt=\"\" width=\"470\" height=\"601\" srcset=\"https:\/\/www.rmcr.org\/wp-content\/uploads\/2017\/08\/cb1023728bb.jpg 500w, https:\/\/www.rmcr.org\/wp-content\/uploads\/2017\/08\/cb1023728bb-235x300.jpg 235w\" sizes=\"(max-width: 470px) 100vw, 470px\" \/><\/a><\/p>\n<p style=\"text-align:left;\"><span >Sin leyenda \u2014 Inscripci\u00f3n: \u201cMarquis de Pontecroix\u201d \u2014 Sin firma \u2014 S.l. : s.a., 49 x 39 mm \u2014 Fondo Delaunet \u2014 CB1023728.<\/span><\/p>\n<p><a href=\"https:\/\/www.rmcr.org\/2017\/08\/cb1023726bb.jpg\"><img loading=\"lazy\" decoding=\"async\" class=\"aligncenter size-full wp-image-1441\" src=\"https:\/\/www.rmcr.org\/wp-content\/uploads\/2017\/08\/cb1023726bb.jpg\" alt=\"\" width=\"470\" height=\"325\"><\/a><\/p>\n<p style=\"text-align:left;\"><span >Leyenda: \u201cSans departir. Por Dieu et l&#8217;honneur\u201d \u2014 Inscripci\u00f3n: \u201cEx libris Amadeo Delaunet\u201d \u2014 Firmado: \u201cLuis E. de Navarra\u201d \u2014 S.l. : s.a., 74 x 107 mm \u2014 Fondo Delaunet \u2014 CB1023726.<\/span><\/p>\n<p><a href=\"https:\/\/www.rmcr.org\/2017\/08\/cb1023728ab.jpg\"><img loading=\"lazy\" decoding=\"async\" class=\"aligncenter size-full wp-image-1442\" src=\"https:\/\/www.rmcr.org\/wp-content\/uploads\/2017\/08\/cb1023728ab.jpg\" alt=\"\" width=\"470\" height=\"462\" srcset=\"https:\/\/www.rmcr.org\/wp-content\/uploads\/2017\/08\/cb1023728ab.jpg 500w, https:\/\/www.rmcr.org\/wp-content\/uploads\/2017\/08\/cb1023728ab-300x295.jpg 300w, https:\/\/www.rmcr.org\/wp-content\/uploads\/2017\/08\/cb1023728ab-24x24.jpg 24w, https:\/\/www.rmcr.org\/wp-content\/uploads\/2017\/08\/cb1023728ab-48x48.jpg 48w\" sizes=\"(max-width: 470px) 100vw, 470px\" \/><\/a><\/p>\n<p style=\"text-align:left;\"><span >Leyenda: \u201cBeauvau. Sans departir. Pour Dieu et l&#8217;honneur\u201d \u2014 Inscripci\u00f3n: \u201cEx-libris Amadeo Delaunet\u201d \u2014 Firmado: \u201cStern, Gr.\u201d \u2014 Paris : s.a., 61 x 62 mm \u2014 Fondo Delaunet \u2014 CB1023728.<\/span><\/p>\n<p><a href=\"https:\/\/www.rmcr.org\/2017\/08\/cb1023727ab.jpg\"><img loading=\"lazy\" decoding=\"async\" class=\"aligncenter size-full wp-image-1443\" src=\"https:\/\/www.rmcr.org\/wp-content\/uploads\/2017\/08\/cb1023727ab.jpg\" alt=\"\" width=\"470\" height=\"478\"><\/a><\/p>\n<p style=\"text-align:left;\"><span >Sin leyenda \u2014 Inscripci\u00f3n: \u201cEx libris Amadeo Delaunet\u201d \u2014 Sin firma \u2014 S.l. : s.a., 72 x 70&nbsp;mm \u2014 Fondo Delaunet \u2014 CB1023727.<\/span><\/p>\n<p><a href=\"https:\/\/www.rmcr.org\/2017\/08\/cb1000550ab.jpg\"><img loading=\"lazy\" decoding=\"async\" class=\"aligncenter size-full wp-image-1444\" src=\"https:\/\/www.rmcr.org\/wp-content\/uploads\/2017\/08\/cb1000550ab.jpg\" alt=\"\" width=\"470\" height=\"478\"><\/a><\/p>\n<p style=\"text-align:left;\"><span >Leyenda: \u201cBeauvau. Sans departir. Pour Dieu et l&#8217;honneur\u201d \u2014 Inscripci\u00f3n: \u201cEx-libris Amadeo Delaunet\u201d \u2014 Sin firma \u2014 S.l. : s.a., 90 x 88 mm \u2014 Fondo Delaunet \u2014 CB1000550.<\/span><\/p>\n<p><a href=\"https:\/\/www.rmcr.org\/2017\/08\/cb1023704ab.jpg\"><img loading=\"lazy\" decoding=\"async\" class=\"aligncenter size-full wp-image-1445\" src=\"https:\/\/www.rmcr.org\/wp-content\/uploads\/2017\/08\/cb1023704ab.jpg\" alt=\"\" width=\"470\" height=\"647\"><\/a><\/p>\n<p style=\"text-align:left;\"><span >Leyenda: \u201cBeauvau. Sans departir. Pour Dieu et l&#8217;honneur\u201d \u2014 Inscripci\u00f3n: \u201cCharles de Launet\u201d \u2014 Firmado: \u201cA. Izaguirre\u201d \u2014 S.l. : s.a., 79 x 58 mm \u2014 Fondo Delaunet \u2014 CB1023704.<\/span><\/p>\n","protected":false},"excerpt":{"rendered":"<p>\u00b7 ART\u00cdCULO \u00b7 \u00b7 BIBLIOTECA DE LA REAL MAESTRANZA DE CABALLER\u00cdA DE RONDA \u00b7 \u00b7 AGOSTO 2017 \u00b7 \u00b7 FONDO BIBLIOTECONOM\u00cdA \u00b7 Dedicamos una nueva entrada a la colecci\u00f3n de ex libris de la Biblioteca de la Real Maestranza de Caballer\u00eda de Ronda. Esta tercera serie recoge un curioso grupo de tem\u00e1tica her\u00e1ldica presente en [&hellip;]<\/p>\n","protected":false},"author":2,"featured_media":11638,"comment_status":"open","ping_status":"open","sticky":false,"template":"","format":"standard","meta":{"footnotes":""},"categories":[140,791],"tags":[105,252,176,202,184,137],"class_list":["post-6182","post","type-post","status-publish","format-standard","has-post-thumbnail","hentry","category-biblioteca","category-boletin-bibliografico-biblioteca-rmr","tag-biblioteca-general","tag-biblioteca-rmr","tag-boletin-mensual-bibliografico","tag-ex-libris","tag-heraldica","tag-libros"],"yoast_head":"<!-- This site is optimized with the Yoast SEO plugin v27.5 - https:\/\/yoast.com\/product\/yoast-seo-wordpress\/ -->\n<title>Biblioteca-RMR: N\u00ba 44. Ex libris (3). Agosto 2017. - Real Maestranza de Caballer\u00eda de Ronda<\/title>\n<meta name=\"robots\" content=\"index, follow, max-snippet:-1, max-image-preview:large, max-video-preview:-1\" \/>\n<link rel=\"canonical\" href=\"https:\/\/www.rmcr.org\/en\/2017\/08\/25\/biblioteca-rmr-no-44-ex-libris-3-agosto-2017\/\" \/>\n<meta property=\"og:locale\" content=\"en_US\" \/>\n<meta property=\"og:type\" content=\"article\" \/>\n<meta property=\"og:title\" content=\"Biblioteca-RMR: N\u00ba 44. Ex libris (3). Agosto 2017. - Real Maestranza de Caballer\u00eda de Ronda\" \/>\n<meta property=\"og:description\" content=\"\u00b7 ART\u00cdCULO \u00b7 \u00b7 BIBLIOTECA DE LA REAL MAESTRANZA DE CABALLER\u00cdA DE RONDA \u00b7 \u00b7 AGOSTO 2017 \u00b7 \u00b7 FONDO BIBLIOTECONOM\u00cdA \u00b7 Dedicamos una nueva entrada a la colecci\u00f3n de ex libris de la Biblioteca de la Real Maestranza de Caballer\u00eda de Ronda. Esta tercera serie recoge un curioso grupo de tem\u00e1tica her\u00e1ldica presente en [&hellip;]\" \/>\n<meta property=\"og:url\" content=\"https:\/\/www.rmcr.org\/en\/2017\/08\/25\/biblioteca-rmr-no-44-ex-libris-3-agosto-2017\/\" \/>\n<meta property=\"og:site_name\" content=\"Real Maestranza de Caballer\u00eda de Ronda\" \/>\n<meta property=\"article:publisher\" content=\"https:\/\/www.facebook.com\/plazadetorosronda\" \/>\n<meta property=\"article:published_time\" content=\"2017-08-25T12:50:35+00:00\" \/>\n<meta property=\"article:modified_time\" content=\"2025-04-03T11:29:06+00:00\" \/>\n<meta property=\"og:image\" content=\"https:\/\/www.rmcr.org\/wp-content\/uploads\/2022\/10\/elad.jpg\" \/>\n\t<meta property=\"og:image:width\" content=\"482\" \/>\n\t<meta property=\"og:image:height\" content=\"143\" \/>\n\t<meta property=\"og:image:type\" content=\"image\/jpeg\" \/>\n<meta name=\"author\" content=\"BIBLIOTECA\" \/>\n<meta name=\"twitter:card\" content=\"summary_large_image\" \/>\n<meta name=\"twitter:creator\" content=\"@PlazatorosRMR\" \/>\n<meta name=\"twitter:site\" content=\"@PlazatorosRMR\" \/>\n<meta name=\"twitter:label1\" content=\"Written by\" \/>\n\t<meta name=\"twitter:data1\" content=\"BIBLIOTECA\" \/>\n\t<meta name=\"twitter:label2\" content=\"Est. reading time\" \/>\n\t<meta name=\"twitter:data2\" content=\"2 minutes\" \/>\n<script type=\"application\/ld+json\" class=\"yoast-schema-graph\">{\"@context\":\"https:\\\/\\\/schema.org\",\"@graph\":[{\"@type\":\"Article\",\"@id\":\"https:\\\/\\\/www.rmcr.org\\\/en\\\/2017\\\/08\\\/25\\\/biblioteca-rmr-no-44-ex-libris-3-agosto-2017\\\/#article\",\"isPartOf\":{\"@id\":\"https:\\\/\\\/www.rmcr.org\\\/en\\\/2017\\\/08\\\/25\\\/biblioteca-rmr-no-44-ex-libris-3-agosto-2017\\\/\"},\"author\":{\"name\":\"BIBLIOTECA\",\"@id\":\"https:\\\/\\\/www.rmcr.org\\\/en\\\/#\\\/schema\\\/person\\\/80849edee7ef556893505128619ea1d0\"},\"headline\":\"Biblioteca-RMR: N\u00ba 44. Ex libris (3). Agosto 2017.\",\"datePublished\":\"2017-08-25T12:50:35+00:00\",\"dateModified\":\"2025-04-03T11:29:06+00:00\",\"mainEntityOfPage\":{\"@id\":\"https:\\\/\\\/www.rmcr.org\\\/en\\\/2017\\\/08\\\/25\\\/biblioteca-rmr-no-44-ex-libris-3-agosto-2017\\\/\"},\"wordCount\":375,\"commentCount\":0,\"publisher\":{\"@id\":\"https:\\\/\\\/www.rmcr.org\\\/en\\\/#organization\"},\"image\":{\"@id\":\"https:\\\/\\\/www.rmcr.org\\\/en\\\/2017\\\/08\\\/25\\\/biblioteca-rmr-no-44-ex-libris-3-agosto-2017\\\/#primaryimage\"},\"thumbnailUrl\":\"https:\\\/\\\/www.rmcr.org\\\/wp-content\\\/uploads\\\/2022\\\/10\\\/elad.jpg\",\"keywords\":[\"Biblioteca\",\"Biblioteca-RMR\",\"Bolet\u00edn mensual bibliogr\u00e1fico\",\"Ex libris\",\"Her\u00e1ldica\",\"Libros\"],\"articleSection\":[\"Biblioteca\",\"Bolet\u00edn bibliogr\u00e1fico Biblioteca-RMR\"],\"inLanguage\":\"en-US\",\"potentialAction\":[{\"@type\":\"CommentAction\",\"name\":\"Comment\",\"target\":[\"https:\\\/\\\/www.rmcr.org\\\/en\\\/2017\\\/08\\\/25\\\/biblioteca-rmr-no-44-ex-libris-3-agosto-2017\\\/#respond\"]}]},{\"@type\":\"WebPage\",\"@id\":\"https:\\\/\\\/www.rmcr.org\\\/en\\\/2017\\\/08\\\/25\\\/biblioteca-rmr-no-44-ex-libris-3-agosto-2017\\\/\",\"url\":\"https:\\\/\\\/www.rmcr.org\\\/en\\\/2017\\\/08\\\/25\\\/biblioteca-rmr-no-44-ex-libris-3-agosto-2017\\\/\",\"name\":\"Biblioteca-RMR: N\u00ba 44. Ex libris (3). Agosto 2017. - Real Maestranza de Caballer\u00eda de Ronda\",\"isPartOf\":{\"@id\":\"https:\\\/\\\/www.rmcr.org\\\/en\\\/#website\"},\"primaryImageOfPage\":{\"@id\":\"https:\\\/\\\/www.rmcr.org\\\/en\\\/2017\\\/08\\\/25\\\/biblioteca-rmr-no-44-ex-libris-3-agosto-2017\\\/#primaryimage\"},\"image\":{\"@id\":\"https:\\\/\\\/www.rmcr.org\\\/en\\\/2017\\\/08\\\/25\\\/biblioteca-rmr-no-44-ex-libris-3-agosto-2017\\\/#primaryimage\"},\"thumbnailUrl\":\"https:\\\/\\\/www.rmcr.org\\\/wp-content\\\/uploads\\\/2022\\\/10\\\/elad.jpg\",\"datePublished\":\"2017-08-25T12:50:35+00:00\",\"dateModified\":\"2025-04-03T11:29:06+00:00\",\"breadcrumb\":{\"@id\":\"https:\\\/\\\/www.rmcr.org\\\/en\\\/2017\\\/08\\\/25\\\/biblioteca-rmr-no-44-ex-libris-3-agosto-2017\\\/#breadcrumb\"},\"inLanguage\":\"en-US\",\"potentialAction\":[{\"@type\":\"ReadAction\",\"target\":[\"https:\\\/\\\/www.rmcr.org\\\/en\\\/2017\\\/08\\\/25\\\/biblioteca-rmr-no-44-ex-libris-3-agosto-2017\\\/\"]}]},{\"@type\":\"ImageObject\",\"inLanguage\":\"en-US\",\"@id\":\"https:\\\/\\\/www.rmcr.org\\\/en\\\/2017\\\/08\\\/25\\\/biblioteca-rmr-no-44-ex-libris-3-agosto-2017\\\/#primaryimage\",\"url\":\"https:\\\/\\\/www.rmcr.org\\\/wp-content\\\/uploads\\\/2022\\\/10\\\/elad.jpg\",\"contentUrl\":\"https:\\\/\\\/www.rmcr.org\\\/wp-content\\\/uploads\\\/2022\\\/10\\\/elad.jpg\",\"width\":482,\"height\":143},{\"@type\":\"BreadcrumbList\",\"@id\":\"https:\\\/\\\/www.rmcr.org\\\/en\\\/2017\\\/08\\\/25\\\/biblioteca-rmr-no-44-ex-libris-3-agosto-2017\\\/#breadcrumb\",\"itemListElement\":[{\"@type\":\"ListItem\",\"position\":1,\"name\":\"REAL MAESTRANZA DE CABALLER\u00cdA DE RONDA\",\"item\":\"https:\\\/\\\/www.rmcr.org\\\/en\\\/\"},{\"@type\":\"ListItem\",\"position\":2,\"name\":\"Biblioteca-RMR: N\u00ba 44. Ex libris (3). Agosto 2017.\"}]},{\"@type\":\"WebSite\",\"@id\":\"https:\\\/\\\/www.rmcr.org\\\/en\\\/#website\",\"url\":\"https:\\\/\\\/www.rmcr.org\\\/en\\\/\",\"name\":\"Real Maestranza de Caballer\u00eda de Ronda\",\"description\":\"Real Maestranza de Caballer\u00eda de Ronda\",\"publisher\":{\"@id\":\"https:\\\/\\\/www.rmcr.org\\\/en\\\/#organization\"},\"alternateName\":\"RMCR\",\"potentialAction\":[{\"@type\":\"SearchAction\",\"target\":{\"@type\":\"EntryPoint\",\"urlTemplate\":\"https:\\\/\\\/www.rmcr.org\\\/en\\\/?s={search_term_string}\"},\"query-input\":{\"@type\":\"PropertyValueSpecification\",\"valueRequired\":true,\"valueName\":\"search_term_string\"}}],\"inLanguage\":\"en-US\"},{\"@type\":\"Organization\",\"@id\":\"https:\\\/\\\/www.rmcr.org\\\/en\\\/#organization\",\"name\":\"Real Maestranza de Caballer\u00eda de Ronda\",\"alternateName\":\"RMR\",\"url\":\"https:\\\/\\\/www.rmcr.org\\\/en\\\/\",\"logo\":{\"@type\":\"ImageObject\",\"inLanguage\":\"en-US\",\"@id\":\"https:\\\/\\\/www.rmcr.org\\\/en\\\/#\\\/schema\\\/logo\\\/image\\\/\",\"url\":\"https:\\\/\\\/www.rmcr.org\\\/wp-content\\\/uploads\\\/2022\\\/07\\\/logo-rmr-blue.svg\",\"contentUrl\":\"https:\\\/\\\/www.rmcr.org\\\/wp-content\\\/uploads\\\/2022\\\/07\\\/logo-rmr-blue.svg\",\"width\":131,\"height\":129,\"caption\":\"Real Maestranza de Caballer\u00eda de Ronda\"},\"image\":{\"@id\":\"https:\\\/\\\/www.rmcr.org\\\/en\\\/#\\\/schema\\\/logo\\\/image\\\/\"},\"sameAs\":[\"https:\\\/\\\/www.facebook.com\\\/plazadetorosronda\",\"https:\\\/\\\/x.com\\\/PlazatorosRMR\",\"https:\\\/\\\/www.instagram.com\\\/realmaestranzaderonda\\\/\",\"https:\\\/\\\/www.youtube.com\\\/channel\\\/UCrbO5IUN-8v_QML739vM4zg\\\/videos\"]},{\"@type\":\"Person\",\"@id\":\"https:\\\/\\\/www.rmcr.org\\\/en\\\/#\\\/schema\\\/person\\\/80849edee7ef556893505128619ea1d0\",\"name\":\"BIBLIOTECA\",\"image\":{\"@type\":\"ImageObject\",\"inLanguage\":\"en-US\",\"@id\":\"https:\\\/\\\/www.rmcr.org\\\/wp-content\\\/uploads\\\/2022\\\/11\\\/avatar-rmcr-96x96.png\",\"url\":\"https:\\\/\\\/www.rmcr.org\\\/wp-content\\\/uploads\\\/2022\\\/11\\\/avatar-rmcr-96x96.png\",\"contentUrl\":\"https:\\\/\\\/www.rmcr.org\\\/wp-content\\\/uploads\\\/2022\\\/11\\\/avatar-rmcr-96x96.png\",\"caption\":\"BIBLIOTECA\"},\"url\":\"https:\\\/\\\/www.rmcr.org\\\/en\\\/author\\\/juan-antonio-moreno\\\/\"}]}<\/script>\n<!-- \/ Yoast SEO plugin. -->","yoast_head_json":{"title":"Biblioteca-RMR: N\u00ba 44. Ex libris (3). Agosto 2017. - Real Maestranza de Caballer\u00eda de Ronda","robots":{"index":"index","follow":"follow","max-snippet":"max-snippet:-1","max-image-preview":"max-image-preview:large","max-video-preview":"max-video-preview:-1"},"canonical":"https:\/\/www.rmcr.org\/en\/2017\/08\/25\/biblioteca-rmr-no-44-ex-libris-3-agosto-2017\/","og_locale":"en_US","og_type":"article","og_title":"Biblioteca-RMR: N\u00ba 44. Ex libris (3). Agosto 2017. - Real Maestranza de Caballer\u00eda de Ronda","og_description":"\u00b7 ART\u00cdCULO \u00b7 \u00b7 BIBLIOTECA DE LA REAL MAESTRANZA DE CABALLER\u00cdA DE RONDA \u00b7 \u00b7 AGOSTO 2017 \u00b7 \u00b7 FONDO BIBLIOTECONOM\u00cdA \u00b7 Dedicamos una nueva entrada a la colecci\u00f3n de ex libris de la Biblioteca de la Real Maestranza de Caballer\u00eda de Ronda. Esta tercera serie recoge un curioso grupo de tem\u00e1tica her\u00e1ldica presente en [&hellip;]","og_url":"https:\/\/www.rmcr.org\/en\/2017\/08\/25\/biblioteca-rmr-no-44-ex-libris-3-agosto-2017\/","og_site_name":"Real Maestranza de Caballer\u00eda de Ronda","article_publisher":"https:\/\/www.facebook.com\/plazadetorosronda","article_published_time":"2017-08-25T12:50:35+00:00","article_modified_time":"2025-04-03T11:29:06+00:00","og_image":[{"width":482,"height":143,"url":"https:\/\/www.rmcr.org\/wp-content\/uploads\/2022\/10\/elad.jpg","type":"image\/jpeg"}],"author":"BIBLIOTECA","twitter_card":"summary_large_image","twitter_creator":"@PlazatorosRMR","twitter_site":"@PlazatorosRMR","twitter_misc":{"Written by":"BIBLIOTECA","Est. reading time":"2 minutes"},"schema":{"@context":"https:\/\/schema.org","@graph":[{"@type":"Article","@id":"https:\/\/www.rmcr.org\/en\/2017\/08\/25\/biblioteca-rmr-no-44-ex-libris-3-agosto-2017\/#article","isPartOf":{"@id":"https:\/\/www.rmcr.org\/en\/2017\/08\/25\/biblioteca-rmr-no-44-ex-libris-3-agosto-2017\/"},"author":{"name":"BIBLIOTECA","@id":"https:\/\/www.rmcr.org\/en\/#\/schema\/person\/80849edee7ef556893505128619ea1d0"},"headline":"Biblioteca-RMR: N\u00ba 44. Ex libris (3). Agosto 2017.","datePublished":"2017-08-25T12:50:35+00:00","dateModified":"2025-04-03T11:29:06+00:00","mainEntityOfPage":{"@id":"https:\/\/www.rmcr.org\/en\/2017\/08\/25\/biblioteca-rmr-no-44-ex-libris-3-agosto-2017\/"},"wordCount":375,"commentCount":0,"publisher":{"@id":"https:\/\/www.rmcr.org\/en\/#organization"},"image":{"@id":"https:\/\/www.rmcr.org\/en\/2017\/08\/25\/biblioteca-rmr-no-44-ex-libris-3-agosto-2017\/#primaryimage"},"thumbnailUrl":"https:\/\/www.rmcr.org\/wp-content\/uploads\/2022\/10\/elad.jpg","keywords":["Biblioteca","Biblioteca-RMR","Bolet\u00edn mensual bibliogr\u00e1fico","Ex libris","Her\u00e1ldica","Libros"],"articleSection":["Biblioteca","Bolet\u00edn bibliogr\u00e1fico Biblioteca-RMR"],"inLanguage":"en-US","potentialAction":[{"@type":"CommentAction","name":"Comment","target":["https:\/\/www.rmcr.org\/en\/2017\/08\/25\/biblioteca-rmr-no-44-ex-libris-3-agosto-2017\/#respond"]}]},{"@type":"WebPage","@id":"https:\/\/www.rmcr.org\/en\/2017\/08\/25\/biblioteca-rmr-no-44-ex-libris-3-agosto-2017\/","url":"https:\/\/www.rmcr.org\/en\/2017\/08\/25\/biblioteca-rmr-no-44-ex-libris-3-agosto-2017\/","name":"Biblioteca-RMR: N\u00ba 44. Ex libris (3). Agosto 2017. - Real Maestranza de Caballer\u00eda de Ronda","isPartOf":{"@id":"https:\/\/www.rmcr.org\/en\/#website"},"primaryImageOfPage":{"@id":"https:\/\/www.rmcr.org\/en\/2017\/08\/25\/biblioteca-rmr-no-44-ex-libris-3-agosto-2017\/#primaryimage"},"image":{"@id":"https:\/\/www.rmcr.org\/en\/2017\/08\/25\/biblioteca-rmr-no-44-ex-libris-3-agosto-2017\/#primaryimage"},"thumbnailUrl":"https:\/\/www.rmcr.org\/wp-content\/uploads\/2022\/10\/elad.jpg","datePublished":"2017-08-25T12:50:35+00:00","dateModified":"2025-04-03T11:29:06+00:00","breadcrumb":{"@id":"https:\/\/www.rmcr.org\/en\/2017\/08\/25\/biblioteca-rmr-no-44-ex-libris-3-agosto-2017\/#breadcrumb"},"inLanguage":"en-US","potentialAction":[{"@type":"ReadAction","target":["https:\/\/www.rmcr.org\/en\/2017\/08\/25\/biblioteca-rmr-no-44-ex-libris-3-agosto-2017\/"]}]},{"@type":"ImageObject","inLanguage":"en-US","@id":"https:\/\/www.rmcr.org\/en\/2017\/08\/25\/biblioteca-rmr-no-44-ex-libris-3-agosto-2017\/#primaryimage","url":"https:\/\/www.rmcr.org\/wp-content\/uploads\/2022\/10\/elad.jpg","contentUrl":"https:\/\/www.rmcr.org\/wp-content\/uploads\/2022\/10\/elad.jpg","width":482,"height":143},{"@type":"BreadcrumbList","@id":"https:\/\/www.rmcr.org\/en\/2017\/08\/25\/biblioteca-rmr-no-44-ex-libris-3-agosto-2017\/#breadcrumb","itemListElement":[{"@type":"ListItem","position":1,"name":"REAL MAESTRANZA DE CABALLER\u00cdA DE RONDA","item":"https:\/\/www.rmcr.org\/en\/"},{"@type":"ListItem","position":2,"name":"Biblioteca-RMR: N\u00ba 44. Ex libris (3). Agosto 2017."}]},{"@type":"WebSite","@id":"https:\/\/www.rmcr.org\/en\/#website","url":"https:\/\/www.rmcr.org\/en\/","name":"Real Maestranza de Caballer\u00eda de Ronda","description":"Real Maestranza de Caballer\u00eda de Ronda","publisher":{"@id":"https:\/\/www.rmcr.org\/en\/#organization"},"alternateName":"RMCR","potentialAction":[{"@type":"SearchAction","target":{"@type":"EntryPoint","urlTemplate":"https:\/\/www.rmcr.org\/en\/?s={search_term_string}"},"query-input":{"@type":"PropertyValueSpecification","valueRequired":true,"valueName":"search_term_string"}}],"inLanguage":"en-US"},{"@type":"Organization","@id":"https:\/\/www.rmcr.org\/en\/#organization","name":"Real Maestranza de Caballer\u00eda de Ronda","alternateName":"RMR","url":"https:\/\/www.rmcr.org\/en\/","logo":{"@type":"ImageObject","inLanguage":"en-US","@id":"https:\/\/www.rmcr.org\/en\/#\/schema\/logo\/image\/","url":"https:\/\/www.rmcr.org\/wp-content\/uploads\/2022\/07\/logo-rmr-blue.svg","contentUrl":"https:\/\/www.rmcr.org\/wp-content\/uploads\/2022\/07\/logo-rmr-blue.svg","width":131,"height":129,"caption":"Real Maestranza de Caballer\u00eda de Ronda"},"image":{"@id":"https:\/\/www.rmcr.org\/en\/#\/schema\/logo\/image\/"},"sameAs":["https:\/\/www.facebook.com\/plazadetorosronda","https:\/\/x.com\/PlazatorosRMR","https:\/\/www.instagram.com\/realmaestranzaderonda\/","https:\/\/www.youtube.com\/channel\/UCrbO5IUN-8v_QML739vM4zg\/videos"]},{"@type":"Person","@id":"https:\/\/www.rmcr.org\/en\/#\/schema\/person\/80849edee7ef556893505128619ea1d0","name":"BIBLIOTECA","image":{"@type":"ImageObject","inLanguage":"en-US","@id":"https:\/\/www.rmcr.org\/wp-content\/uploads\/2022\/11\/avatar-rmcr-96x96.png","url":"https:\/\/www.rmcr.org\/wp-content\/uploads\/2022\/11\/avatar-rmcr-96x96.png","contentUrl":"https:\/\/www.rmcr.org\/wp-content\/uploads\/2022\/11\/avatar-rmcr-96x96.png","caption":"BIBLIOTECA"},"url":"https:\/\/www.rmcr.org\/en\/author\/juan-antonio-moreno\/"}]}},"_links":{"self":[{"href":"https:\/\/www.rmcr.org\/en\/wp-json\/wp\/v2\/posts\/6182","targetHints":{"allow":["GET"]}}],"collection":[{"href":"https:\/\/www.rmcr.org\/en\/wp-json\/wp\/v2\/posts"}],"about":[{"href":"https:\/\/www.rmcr.org\/en\/wp-json\/wp\/v2\/types\/post"}],"author":[{"embeddable":true,"href":"https:\/\/www.rmcr.org\/en\/wp-json\/wp\/v2\/users\/2"}],"replies":[{"embeddable":true,"href":"https:\/\/www.rmcr.org\/en\/wp-json\/wp\/v2\/comments?post=6182"}],"version-history":[{"count":2,"href":"https:\/\/www.rmcr.org\/en\/wp-json\/wp\/v2\/posts\/6182\/revisions"}],"predecessor-version":[{"id":18249,"href":"https:\/\/www.rmcr.org\/en\/wp-json\/wp\/v2\/posts\/6182\/revisions\/18249"}],"wp:featuredmedia":[{"embeddable":true,"href":"https:\/\/www.rmcr.org\/en\/wp-json\/wp\/v2\/media\/11638"}],"wp:attachment":[{"href":"https:\/\/www.rmcr.org\/en\/wp-json\/wp\/v2\/media?parent=6182"}],"wp:term":[{"taxonomy":"category","embeddable":true,"href":"https:\/\/www.rmcr.org\/en\/wp-json\/wp\/v2\/categories?post=6182"},{"taxonomy":"post_tag","embeddable":true,"href":"https:\/\/www.rmcr.org\/en\/wp-json\/wp\/v2\/tags?post=6182"}],"curies":[{"name":"wp","href":"https:\/\/api.w.org\/{rel}","templated":true}]}}