{"id":6178,"date":"2017-04-03T10:40:45","date_gmt":"2017-04-03T10:40:45","guid":{"rendered":"https:\/\/www.rmcr.org\/?p=6178"},"modified":"2025-04-04T08:14:00","modified_gmt":"2025-04-04T08:14:00","slug":"presentacion-de-eustory-en-la-conferencia-anual-de-euroclio","status":"publish","type":"post","link":"https:\/\/www.rmcr.org\/en\/2017\/04\/03\/presentacion-de-eustory-en-la-conferencia-anual-de-euroclio\/","title":{"rendered":"Presentaci\u00f3n de Eustory en la conferencia anual de Euroclio"},"content":{"rendered":"<p>Bajo el t\u00edtulo <a href=\"http:\/\/euroclio.eu\/wp-content\/uploads\/2016\/05\/Booklet_no-paxlist_final.pdf\">\u00abIntersections: how can history education change today?\u00bb<\/a> se celebra en San Sebasti\u00e1n, del 2 al 7 de abril de 2017, la 24\u00aa Conferencia Anual de <a href=\"http:\/\/euroclio.eu\/\">Euroclio<\/a>&nbsp;(Asociaci\u00f3n Europea de Educadores de Historia).<\/p>\n<p><img fetchpriority=\"high\" decoding=\"async\" class=\"aligncenter wp-image-170 size-full\" src=\"https:\/\/www.rmcr.org\/wp-content\/uploads\/2017\/04\/euroclio.jpg\" alt=\"\" width=\"400\" height=\"500\"><\/p>\n<p style=\"text-align:center;\"><em>24\u00aa Conferencia Anual de Euroclio<\/em><\/p>\n<p>En el marco de dicho encuentro, el martes 4 tendr\u00e1 lugar la presentaci\u00f3n del <a href=\"http:\/\/eustory.es\/\">Concurso de Historia para J\u00f3venes Eustory<\/a> (competici\u00f3n para Espa\u00f1a y Portugal). Ignacio Herrera, Director de la Real Maestranza de Caballer\u00eda de Ronda, y Yolanda Trujillo, alumni de Eustory, presentar\u00e1n el seminario &nbsp;<a href=\"https:\/\/www.rmcr.org\/2017\/04\/24th-euroclio-annual-conference_guidelines-for-session-on-engaging-young-people-with-past-and-present.pdf\">\u00abYoung people engaging: learning history by doing\u00bb<\/a>.<\/p>\n<p>A trav\u00e9s de una metodolog\u00eda innovadora, la sesi\u00f3n est\u00e1 pensada para generar el debate y el intercambio de conocimiento. Mediante la participaci\u00f3n de varios alumnos y tutores de la novena edici\u00f3n del concurso, se explicar\u00e1 c\u00f3mo participar en la competici\u00f3n, expresi\u00f3n de una ciudadan\u00eda activa. El formato de la presentaci\u00f3n est\u00e1 ideado para propiciar la participaci\u00f3n de los asistentes, reflexionando en com\u00fan sobre el aprendizaje de la historia dentro y fuera de las aulas, as\u00ed como su aplicaci\u00f3n civil y social.<\/p>\n<p>Participar\u00e1n los siguientes trabajos premiados: \u00abMuralla de Gand\u00eda. De muro protector a bien protegido\u00bb (Paula L\u00f3pez Plaza, Paula Mart\u00edn Melo y Joan Puig Thompson, 2\u00ba premio) ; \u00abLes Ind\u00fastries de Guerra a Catalunya (1936-1939). F-14, la f\u00e0brica dels salesians\u00bb (Lourdes Nieto D\u00edaz y Miquel Conesa Torrandell, 3\u00ba premio) ; \u00abLos cimientos de &#8216;La Casita&#8217;. Memoria de un pasado agr\u00edcola e innovador en la Navarra de comienzos de siglo XX\u00bb (Ana Isabel Bernal Macaya, Irene Apestegu\u00eda Li\u00f1\u00e1n y Sonia P\u00e9rez Aranguren, 3\u00ba premio).<\/p>\n<p>Al contar con asistentes de diferentes pa\u00edses europeos, la sesi\u00f3n servir\u00e1 para comparar los diversos modelos educativos y de compromiso civil, con la intenci\u00f3n de construir conjuntamente nuevas formas de aprender la historia.<\/p>\n<p><iframe title=\"Eustory 2017\" width=\"800\" height=\"450\" src=\"https:\/\/www.youtube.com\/embed\/0ZtxSKOcc1k?feature=oembed\" frameborder=\"0\" allow=\"accelerometer; autoplay; clipboard-write; encrypted-media; gyroscope; picture-in-picture\" allowfullscreen><\/iframe><\/p>\n<p style=\"text-align:center;\"><em>V\u00eddeo de la presentaci\u00f3n en Euroclio<\/em><\/p>\n","protected":false},"excerpt":{"rendered":"<p>Bajo el t\u00edtulo \u00abIntersections: how can history education change today?\u00bb se celebra en San Sebasti\u00e1n, del 2 al 7 de abril de 2017, la 24\u00aa Conferencia Anual de Euroclio&nbsp;(Asociaci\u00f3n Europea de Educadores de Historia). 24\u00aa Conferencia Anual de Euroclio En el marco de dicho encuentro, el martes 4 tendr\u00e1 lugar la presentaci\u00f3n del Concurso de [&hellip;]<\/p>\n","protected":false},"author":4,"featured_media":11839,"comment_status":"open","ping_status":"open","sticky":false,"template":"","format":"standard","meta":{"footnotes":""},"categories":[200,149],"tags":[151,218,663],"class_list":["post-6178","post","type-post","status-publish","format-standard","has-post-thumbnail","hentry","category-actividad","category-eustory","tag-concurso-de-historia","tag-euroclio","tag-eustory"],"yoast_head":"<!-- This site is optimized with the Yoast SEO plugin v27.5 - https:\/\/yoast.com\/product\/yoast-seo-wordpress\/ -->\n<title>Presentaci\u00f3n de Eustory en la conferencia anual de Euroclio - Real Maestranza de Caballer\u00eda de Ronda<\/title>\n<meta name=\"robots\" content=\"index, follow, max-snippet:-1, max-image-preview:large, max-video-preview:-1\" \/>\n<link rel=\"canonical\" href=\"https:\/\/www.rmcr.org\/en\/2017\/04\/03\/presentacion-de-eustory-en-la-conferencia-anual-de-euroclio\/\" \/>\n<meta property=\"og:locale\" content=\"en_US\" \/>\n<meta property=\"og:type\" content=\"article\" \/>\n<meta property=\"og:title\" content=\"Presentaci\u00f3n de Eustory en la conferencia anual de Euroclio - Real Maestranza de Caballer\u00eda de Ronda\" \/>\n<meta property=\"og:description\" content=\"Bajo el t\u00edtulo \u00abIntersections: how can history education change today?\u00bb se celebra en San Sebasti\u00e1n, del 2 al 7 de abril de 2017, la 24\u00aa Conferencia Anual de Euroclio&nbsp;(Asociaci\u00f3n Europea de Educadores de Historia). 24\u00aa Conferencia Anual de Euroclio En el marco de dicho encuentro, el martes 4 tendr\u00e1 lugar la presentaci\u00f3n del Concurso de [&hellip;]\" \/>\n<meta property=\"og:url\" content=\"https:\/\/www.rmcr.org\/en\/2017\/04\/03\/presentacion-de-eustory-en-la-conferencia-anual-de-euroclio\/\" \/>\n<meta property=\"og:site_name\" content=\"Real Maestranza de Caballer\u00eda de Ronda\" \/>\n<meta property=\"article:publisher\" content=\"https:\/\/www.facebook.com\/plazadetorosronda\" \/>\n<meta property=\"article:published_time\" content=\"2017-04-03T10:40:45+00:00\" \/>\n<meta property=\"article:modified_time\" content=\"2025-04-04T08:14:00+00:00\" \/>\n<meta property=\"og:image\" content=\"https:\/\/www.rmcr.org\/wp-content\/uploads\/2022\/10\/eurocli.jpg\" \/>\n\t<meta property=\"og:image:width\" content=\"482\" \/>\n\t<meta property=\"og:image:height\" content=\"151\" \/>\n\t<meta property=\"og:image:type\" content=\"image\/jpeg\" \/>\n<meta name=\"author\" content=\"ACTIVIDAD\" \/>\n<meta name=\"twitter:card\" content=\"summary_large_image\" \/>\n<meta name=\"twitter:creator\" content=\"@PlazatorosRMR\" \/>\n<meta name=\"twitter:site\" content=\"@PlazatorosRMR\" \/>\n<meta name=\"twitter:label1\" content=\"Written by\" \/>\n\t<meta name=\"twitter:data1\" content=\"ACTIVIDAD\" \/>\n\t<meta name=\"twitter:label2\" content=\"Est. reading time\" \/>\n\t<meta name=\"twitter:data2\" content=\"2 minutes\" \/>\n<script type=\"application\/ld+json\" class=\"yoast-schema-graph\">{\"@context\":\"https:\\\/\\\/schema.org\",\"@graph\":[{\"@type\":\"Article\",\"@id\":\"https:\\\/\\\/www.rmcr.org\\\/en\\\/2017\\\/04\\\/03\\\/presentacion-de-eustory-en-la-conferencia-anual-de-euroclio\\\/#article\",\"isPartOf\":{\"@id\":\"https:\\\/\\\/www.rmcr.org\\\/en\\\/2017\\\/04\\\/03\\\/presentacion-de-eustory-en-la-conferencia-anual-de-euroclio\\\/\"},\"author\":{\"name\":\"ACTIVIDAD\",\"@id\":\"https:\\\/\\\/www.rmcr.org\\\/en\\\/#\\\/schema\\\/person\\\/826ea4b159de99b4731c8f519477737b\"},\"headline\":\"Presentaci\u00f3n de Eustory en la conferencia anual de Euroclio\",\"datePublished\":\"2017-04-03T10:40:45+00:00\",\"dateModified\":\"2025-04-04T08:14:00+00:00\",\"mainEntityOfPage\":{\"@id\":\"https:\\\/\\\/www.rmcr.org\\\/en\\\/2017\\\/04\\\/03\\\/presentacion-de-eustory-en-la-conferencia-anual-de-euroclio\\\/\"},\"wordCount\":341,\"commentCount\":0,\"publisher\":{\"@id\":\"https:\\\/\\\/www.rmcr.org\\\/en\\\/#organization\"},\"image\":{\"@id\":\"https:\\\/\\\/www.rmcr.org\\\/en\\\/2017\\\/04\\\/03\\\/presentacion-de-eustory-en-la-conferencia-anual-de-euroclio\\\/#primaryimage\"},\"thumbnailUrl\":\"https:\\\/\\\/www.rmcr.org\\\/wp-content\\\/uploads\\\/2022\\\/10\\\/eurocli.jpg\",\"keywords\":[\"Concurso de historia\",\"Euroclio\",\"Eustory\"],\"articleSection\":[\"Actividad\",\"Eustory\"],\"inLanguage\":\"en-US\",\"potentialAction\":[{\"@type\":\"CommentAction\",\"name\":\"Comment\",\"target\":[\"https:\\\/\\\/www.rmcr.org\\\/en\\\/2017\\\/04\\\/03\\\/presentacion-de-eustory-en-la-conferencia-anual-de-euroclio\\\/#respond\"]}]},{\"@type\":\"WebPage\",\"@id\":\"https:\\\/\\\/www.rmcr.org\\\/en\\\/2017\\\/04\\\/03\\\/presentacion-de-eustory-en-la-conferencia-anual-de-euroclio\\\/\",\"url\":\"https:\\\/\\\/www.rmcr.org\\\/en\\\/2017\\\/04\\\/03\\\/presentacion-de-eustory-en-la-conferencia-anual-de-euroclio\\\/\",\"name\":\"Presentaci\u00f3n de Eustory en la conferencia anual de Euroclio - Real Maestranza de Caballer\u00eda de Ronda\",\"isPartOf\":{\"@id\":\"https:\\\/\\\/www.rmcr.org\\\/en\\\/#website\"},\"primaryImageOfPage\":{\"@id\":\"https:\\\/\\\/www.rmcr.org\\\/en\\\/2017\\\/04\\\/03\\\/presentacion-de-eustory-en-la-conferencia-anual-de-euroclio\\\/#primaryimage\"},\"image\":{\"@id\":\"https:\\\/\\\/www.rmcr.org\\\/en\\\/2017\\\/04\\\/03\\\/presentacion-de-eustory-en-la-conferencia-anual-de-euroclio\\\/#primaryimage\"},\"thumbnailUrl\":\"https:\\\/\\\/www.rmcr.org\\\/wp-content\\\/uploads\\\/2022\\\/10\\\/eurocli.jpg\",\"datePublished\":\"2017-04-03T10:40:45+00:00\",\"dateModified\":\"2025-04-04T08:14:00+00:00\",\"breadcrumb\":{\"@id\":\"https:\\\/\\\/www.rmcr.org\\\/en\\\/2017\\\/04\\\/03\\\/presentacion-de-eustory-en-la-conferencia-anual-de-euroclio\\\/#breadcrumb\"},\"inLanguage\":\"en-US\",\"potentialAction\":[{\"@type\":\"ReadAction\",\"target\":[\"https:\\\/\\\/www.rmcr.org\\\/en\\\/2017\\\/04\\\/03\\\/presentacion-de-eustory-en-la-conferencia-anual-de-euroclio\\\/\"]}]},{\"@type\":\"ImageObject\",\"inLanguage\":\"en-US\",\"@id\":\"https:\\\/\\\/www.rmcr.org\\\/en\\\/2017\\\/04\\\/03\\\/presentacion-de-eustory-en-la-conferencia-anual-de-euroclio\\\/#primaryimage\",\"url\":\"https:\\\/\\\/www.rmcr.org\\\/wp-content\\\/uploads\\\/2022\\\/10\\\/eurocli.jpg\",\"contentUrl\":\"https:\\\/\\\/www.rmcr.org\\\/wp-content\\\/uploads\\\/2022\\\/10\\\/eurocli.jpg\",\"width\":482,\"height\":151},{\"@type\":\"BreadcrumbList\",\"@id\":\"https:\\\/\\\/www.rmcr.org\\\/en\\\/2017\\\/04\\\/03\\\/presentacion-de-eustory-en-la-conferencia-anual-de-euroclio\\\/#breadcrumb\",\"itemListElement\":[{\"@type\":\"ListItem\",\"position\":1,\"name\":\"REAL MAESTRANZA DE CABALLER\u00cdA DE RONDA\",\"item\":\"https:\\\/\\\/www.rmcr.org\\\/en\\\/\"},{\"@type\":\"ListItem\",\"position\":2,\"name\":\"Presentaci\u00f3n de Eustory en la conferencia anual de Euroclio\"}]},{\"@type\":\"WebSite\",\"@id\":\"https:\\\/\\\/www.rmcr.org\\\/en\\\/#website\",\"url\":\"https:\\\/\\\/www.rmcr.org\\\/en\\\/\",\"name\":\"Real Maestranza de Caballer\u00eda de Ronda\",\"description\":\"Real Maestranza de Caballer\u00eda de Ronda\",\"publisher\":{\"@id\":\"https:\\\/\\\/www.rmcr.org\\\/en\\\/#organization\"},\"alternateName\":\"RMCR\",\"potentialAction\":[{\"@type\":\"SearchAction\",\"target\":{\"@type\":\"EntryPoint\",\"urlTemplate\":\"https:\\\/\\\/www.rmcr.org\\\/en\\\/?s={search_term_string}\"},\"query-input\":{\"@type\":\"PropertyValueSpecification\",\"valueRequired\":true,\"valueName\":\"search_term_string\"}}],\"inLanguage\":\"en-US\"},{\"@type\":\"Organization\",\"@id\":\"https:\\\/\\\/www.rmcr.org\\\/en\\\/#organization\",\"name\":\"Real Maestranza de Caballer\u00eda de Ronda\",\"alternateName\":\"RMR\",\"url\":\"https:\\\/\\\/www.rmcr.org\\\/en\\\/\",\"logo\":{\"@type\":\"ImageObject\",\"inLanguage\":\"en-US\",\"@id\":\"https:\\\/\\\/www.rmcr.org\\\/en\\\/#\\\/schema\\\/logo\\\/image\\\/\",\"url\":\"https:\\\/\\\/www.rmcr.org\\\/wp-content\\\/uploads\\\/2022\\\/07\\\/logo-rmr-blue.svg\",\"contentUrl\":\"https:\\\/\\\/www.rmcr.org\\\/wp-content\\\/uploads\\\/2022\\\/07\\\/logo-rmr-blue.svg\",\"width\":131,\"height\":129,\"caption\":\"Real Maestranza de Caballer\u00eda de Ronda\"},\"image\":{\"@id\":\"https:\\\/\\\/www.rmcr.org\\\/en\\\/#\\\/schema\\\/logo\\\/image\\\/\"},\"sameAs\":[\"https:\\\/\\\/www.facebook.com\\\/plazadetorosronda\",\"https:\\\/\\\/x.com\\\/PlazatorosRMR\",\"https:\\\/\\\/www.instagram.com\\\/realmaestranzaderonda\\\/\",\"https:\\\/\\\/www.youtube.com\\\/channel\\\/UCrbO5IUN-8v_QML739vM4zg\\\/videos\"]},{\"@type\":\"Person\",\"@id\":\"https:\\\/\\\/www.rmcr.org\\\/en\\\/#\\\/schema\\\/person\\\/826ea4b159de99b4731c8f519477737b\",\"name\":\"ACTIVIDAD\",\"image\":{\"@type\":\"ImageObject\",\"inLanguage\":\"en-US\",\"@id\":\"https:\\\/\\\/www.rmcr.org\\\/wp-content\\\/uploads\\\/2022\\\/11\\\/avatar-rmcr-96x96.png\",\"url\":\"https:\\\/\\\/www.rmcr.org\\\/wp-content\\\/uploads\\\/2022\\\/11\\\/avatar-rmcr-96x96.png\",\"contentUrl\":\"https:\\\/\\\/www.rmcr.org\\\/wp-content\\\/uploads\\\/2022\\\/11\\\/avatar-rmcr-96x96.png\",\"caption\":\"ACTIVIDAD\"},\"url\":\"https:\\\/\\\/www.rmcr.org\\\/en\\\/author\\\/alfonso-prado\\\/\"}]}<\/script>\n<!-- \/ Yoast SEO plugin. -->","yoast_head_json":{"title":"Presentaci\u00f3n de Eustory en la conferencia anual de Euroclio - Real Maestranza de Caballer\u00eda de Ronda","robots":{"index":"index","follow":"follow","max-snippet":"max-snippet:-1","max-image-preview":"max-image-preview:large","max-video-preview":"max-video-preview:-1"},"canonical":"https:\/\/www.rmcr.org\/en\/2017\/04\/03\/presentacion-de-eustory-en-la-conferencia-anual-de-euroclio\/","og_locale":"en_US","og_type":"article","og_title":"Presentaci\u00f3n de Eustory en la conferencia anual de Euroclio - Real Maestranza de Caballer\u00eda de Ronda","og_description":"Bajo el t\u00edtulo \u00abIntersections: how can history education change today?\u00bb se celebra en San Sebasti\u00e1n, del 2 al 7 de abril de 2017, la 24\u00aa Conferencia Anual de Euroclio&nbsp;(Asociaci\u00f3n Europea de Educadores de Historia). 24\u00aa Conferencia Anual de Euroclio En el marco de dicho encuentro, el martes 4 tendr\u00e1 lugar la presentaci\u00f3n del Concurso de [&hellip;]","og_url":"https:\/\/www.rmcr.org\/en\/2017\/04\/03\/presentacion-de-eustory-en-la-conferencia-anual-de-euroclio\/","og_site_name":"Real Maestranza de Caballer\u00eda de Ronda","article_publisher":"https:\/\/www.facebook.com\/plazadetorosronda","article_published_time":"2017-04-03T10:40:45+00:00","article_modified_time":"2025-04-04T08:14:00+00:00","og_image":[{"width":482,"height":151,"url":"https:\/\/www.rmcr.org\/wp-content\/uploads\/2022\/10\/eurocli.jpg","type":"image\/jpeg"}],"author":"ACTIVIDAD","twitter_card":"summary_large_image","twitter_creator":"@PlazatorosRMR","twitter_site":"@PlazatorosRMR","twitter_misc":{"Written by":"ACTIVIDAD","Est. reading time":"2 minutes"},"schema":{"@context":"https:\/\/schema.org","@graph":[{"@type":"Article","@id":"https:\/\/www.rmcr.org\/en\/2017\/04\/03\/presentacion-de-eustory-en-la-conferencia-anual-de-euroclio\/#article","isPartOf":{"@id":"https:\/\/www.rmcr.org\/en\/2017\/04\/03\/presentacion-de-eustory-en-la-conferencia-anual-de-euroclio\/"},"author":{"name":"ACTIVIDAD","@id":"https:\/\/www.rmcr.org\/en\/#\/schema\/person\/826ea4b159de99b4731c8f519477737b"},"headline":"Presentaci\u00f3n de Eustory en la conferencia anual de Euroclio","datePublished":"2017-04-03T10:40:45+00:00","dateModified":"2025-04-04T08:14:00+00:00","mainEntityOfPage":{"@id":"https:\/\/www.rmcr.org\/en\/2017\/04\/03\/presentacion-de-eustory-en-la-conferencia-anual-de-euroclio\/"},"wordCount":341,"commentCount":0,"publisher":{"@id":"https:\/\/www.rmcr.org\/en\/#organization"},"image":{"@id":"https:\/\/www.rmcr.org\/en\/2017\/04\/03\/presentacion-de-eustory-en-la-conferencia-anual-de-euroclio\/#primaryimage"},"thumbnailUrl":"https:\/\/www.rmcr.org\/wp-content\/uploads\/2022\/10\/eurocli.jpg","keywords":["Concurso de historia","Euroclio","Eustory"],"articleSection":["Actividad","Eustory"],"inLanguage":"en-US","potentialAction":[{"@type":"CommentAction","name":"Comment","target":["https:\/\/www.rmcr.org\/en\/2017\/04\/03\/presentacion-de-eustory-en-la-conferencia-anual-de-euroclio\/#respond"]}]},{"@type":"WebPage","@id":"https:\/\/www.rmcr.org\/en\/2017\/04\/03\/presentacion-de-eustory-en-la-conferencia-anual-de-euroclio\/","url":"https:\/\/www.rmcr.org\/en\/2017\/04\/03\/presentacion-de-eustory-en-la-conferencia-anual-de-euroclio\/","name":"Presentaci\u00f3n de Eustory en la conferencia anual de Euroclio - Real Maestranza de Caballer\u00eda de Ronda","isPartOf":{"@id":"https:\/\/www.rmcr.org\/en\/#website"},"primaryImageOfPage":{"@id":"https:\/\/www.rmcr.org\/en\/2017\/04\/03\/presentacion-de-eustory-en-la-conferencia-anual-de-euroclio\/#primaryimage"},"image":{"@id":"https:\/\/www.rmcr.org\/en\/2017\/04\/03\/presentacion-de-eustory-en-la-conferencia-anual-de-euroclio\/#primaryimage"},"thumbnailUrl":"https:\/\/www.rmcr.org\/wp-content\/uploads\/2022\/10\/eurocli.jpg","datePublished":"2017-04-03T10:40:45+00:00","dateModified":"2025-04-04T08:14:00+00:00","breadcrumb":{"@id":"https:\/\/www.rmcr.org\/en\/2017\/04\/03\/presentacion-de-eustory-en-la-conferencia-anual-de-euroclio\/#breadcrumb"},"inLanguage":"en-US","potentialAction":[{"@type":"ReadAction","target":["https:\/\/www.rmcr.org\/en\/2017\/04\/03\/presentacion-de-eustory-en-la-conferencia-anual-de-euroclio\/"]}]},{"@type":"ImageObject","inLanguage":"en-US","@id":"https:\/\/www.rmcr.org\/en\/2017\/04\/03\/presentacion-de-eustory-en-la-conferencia-anual-de-euroclio\/#primaryimage","url":"https:\/\/www.rmcr.org\/wp-content\/uploads\/2022\/10\/eurocli.jpg","contentUrl":"https:\/\/www.rmcr.org\/wp-content\/uploads\/2022\/10\/eurocli.jpg","width":482,"height":151},{"@type":"BreadcrumbList","@id":"https:\/\/www.rmcr.org\/en\/2017\/04\/03\/presentacion-de-eustory-en-la-conferencia-anual-de-euroclio\/#breadcrumb","itemListElement":[{"@type":"ListItem","position":1,"name":"REAL MAESTRANZA DE CABALLER\u00cdA DE RONDA","item":"https:\/\/www.rmcr.org\/en\/"},{"@type":"ListItem","position":2,"name":"Presentaci\u00f3n de Eustory en la conferencia anual de Euroclio"}]},{"@type":"WebSite","@id":"https:\/\/www.rmcr.org\/en\/#website","url":"https:\/\/www.rmcr.org\/en\/","name":"Real Maestranza de Caballer\u00eda de Ronda","description":"Real Maestranza de Caballer\u00eda de Ronda","publisher":{"@id":"https:\/\/www.rmcr.org\/en\/#organization"},"alternateName":"RMCR","potentialAction":[{"@type":"SearchAction","target":{"@type":"EntryPoint","urlTemplate":"https:\/\/www.rmcr.org\/en\/?s={search_term_string}"},"query-input":{"@type":"PropertyValueSpecification","valueRequired":true,"valueName":"search_term_string"}}],"inLanguage":"en-US"},{"@type":"Organization","@id":"https:\/\/www.rmcr.org\/en\/#organization","name":"Real Maestranza de Caballer\u00eda de Ronda","alternateName":"RMR","url":"https:\/\/www.rmcr.org\/en\/","logo":{"@type":"ImageObject","inLanguage":"en-US","@id":"https:\/\/www.rmcr.org\/en\/#\/schema\/logo\/image\/","url":"https:\/\/www.rmcr.org\/wp-content\/uploads\/2022\/07\/logo-rmr-blue.svg","contentUrl":"https:\/\/www.rmcr.org\/wp-content\/uploads\/2022\/07\/logo-rmr-blue.svg","width":131,"height":129,"caption":"Real Maestranza de Caballer\u00eda de Ronda"},"image":{"@id":"https:\/\/www.rmcr.org\/en\/#\/schema\/logo\/image\/"},"sameAs":["https:\/\/www.facebook.com\/plazadetorosronda","https:\/\/x.com\/PlazatorosRMR","https:\/\/www.instagram.com\/realmaestranzaderonda\/","https:\/\/www.youtube.com\/channel\/UCrbO5IUN-8v_QML739vM4zg\/videos"]},{"@type":"Person","@id":"https:\/\/www.rmcr.org\/en\/#\/schema\/person\/826ea4b159de99b4731c8f519477737b","name":"ACTIVIDAD","image":{"@type":"ImageObject","inLanguage":"en-US","@id":"https:\/\/www.rmcr.org\/wp-content\/uploads\/2022\/11\/avatar-rmcr-96x96.png","url":"https:\/\/www.rmcr.org\/wp-content\/uploads\/2022\/11\/avatar-rmcr-96x96.png","contentUrl":"https:\/\/www.rmcr.org\/wp-content\/uploads\/2022\/11\/avatar-rmcr-96x96.png","caption":"ACTIVIDAD"},"url":"https:\/\/www.rmcr.org\/en\/author\/alfonso-prado\/"}]}},"_links":{"self":[{"href":"https:\/\/www.rmcr.org\/en\/wp-json\/wp\/v2\/posts\/6178","targetHints":{"allow":["GET"]}}],"collection":[{"href":"https:\/\/www.rmcr.org\/en\/wp-json\/wp\/v2\/posts"}],"about":[{"href":"https:\/\/www.rmcr.org\/en\/wp-json\/wp\/v2\/types\/post"}],"author":[{"embeddable":true,"href":"https:\/\/www.rmcr.org\/en\/wp-json\/wp\/v2\/users\/4"}],"replies":[{"embeddable":true,"href":"https:\/\/www.rmcr.org\/en\/wp-json\/wp\/v2\/comments?post=6178"}],"version-history":[{"count":2,"href":"https:\/\/www.rmcr.org\/en\/wp-json\/wp\/v2\/posts\/6178\/revisions"}],"predecessor-version":[{"id":12196,"href":"https:\/\/www.rmcr.org\/en\/wp-json\/wp\/v2\/posts\/6178\/revisions\/12196"}],"wp:featuredmedia":[{"embeddable":true,"href":"https:\/\/www.rmcr.org\/en\/wp-json\/wp\/v2\/media\/11839"}],"wp:attachment":[{"href":"https:\/\/www.rmcr.org\/en\/wp-json\/wp\/v2\/media?parent=6178"}],"wp:term":[{"taxonomy":"category","embeddable":true,"href":"https:\/\/www.rmcr.org\/en\/wp-json\/wp\/v2\/categories?post=6178"},{"taxonomy":"post_tag","embeddable":true,"href":"https:\/\/www.rmcr.org\/en\/wp-json\/wp\/v2\/tags?post=6178"}],"curies":[{"name":"wp","href":"https:\/\/api.w.org\/{rel}","templated":true}]}}