{"id":6177,"date":"2017-05-17T17:01:46","date_gmt":"2017-05-17T17:01:46","guid":{"rendered":"https:\/\/www.rmcr.org\/?p=6177"},"modified":"2025-04-10T16:37:50","modified_gmt":"2025-04-10T16:37:50","slug":"biblioteca-rmr-no-41-catalogo-de-la-exposicion-el-caballo-en-el-grabado-antiguo-1572-1801-mayo-2017","status":"publish","type":"post","link":"https:\/\/www.rmcr.org\/en\/2017\/05\/17\/biblioteca-rmr-no-41-catalogo-de-la-exposicion-el-caballo-en-el-grabado-antiguo-1572-1801-mayo-2017\/","title":{"rendered":"Biblioteca-RMR: N\u00ba 41. Cat\u00e1logo de la exposici\u00f3n &#8220;El caballo en el grabado antiguo (1572-1801)&#8221;. Mayo 2017."},"content":{"rendered":"<p style=\"text-align: center;\"><strong>\u00b7 MONOGR\u00c1FICO \u00b7<\/strong><br \/>\n<strong>\u00b7 BIBLIOTECA DE LA REAL MAESTRANZA DE CABALLER\u00cdA DE RONDA \u00b7<\/strong><br \/>\n<strong>\u00b7 MAYO 2017 \u00b7<\/strong><\/p>\n<p style=\"text-align: center;\"><strong>\u00b7 FONDO EQUITACI\u00d3N\u00a0\u00b7<\/strong><\/p>\n<p>La Biblioteca de la Real Maestranza de Caballer\u00eda de Ronda organiz\u00f3 el 26 de abril de 2017 la muestra titulada <a href=\"https:\/\/www.rmcr.org\/2017\/04\/18\/la-biblioteca-de-la-real-maestranza-organiza-una-exposicion-sobre-grabados-ecuestres-para-conmemorar-el-dia-del-libro\/\">&#8220;El caballo en el grabado antiguo (1572-1801)&#8221;<\/a> para conmemorar el D\u00eda Internacional del Libro. La Biblioteca-RMR dedica la entrada mensual correspondiente al mes de mayo al cat\u00e1logo de ejemplares que formaron parte de dicha exposici\u00f3n.<\/p>\n<p style=\"text-align: center;\"><a href=\"https:\/\/www.rmcr.org\/wp-content\/uploads\/2017\/05\/catalogo-expo-el-caballo-en-el-grabado-antiguo-1572-1801-1.pdf\" target=\"_blank\" rel=\"noopener\">DESCARGA EL &#8220;CAT\u00c1LOGO DE LA EXPOSICI\u00d3N&#8221; EN FORMATO PDF (1,71 MB)<\/a><\/p>\n<p style=\"text-align: center;\"><a href=\"https:\/\/www.rmcr.org\/wp-content\/uploads\/2017\/05\/catalogo-expo-el-caballo-en-el-grabado-antiguo-1572-1801-1.pdf\" target=\"_blank\" rel=\"noopener\"><img fetchpriority=\"high\" decoding=\"async\" class=\"aligncenter wp-image-1326 size-full\" src=\"https:\/\/www.rmcr.org\/wp-content\/uploads\/2017\/05\/portada1.jpg\" alt=\"\" width=\"470\" height=\"717\" \/><\/a><\/p>\n","protected":false},"excerpt":{"rendered":"<p>\u00b7 MONOGR\u00c1FICO \u00b7 \u00b7 BIBLIOTECA DE LA REAL MAESTRANZA DE CABALLER\u00cdA DE RONDA \u00b7 \u00b7 MAYO 2017 \u00b7 \u00b7 FONDO EQUITACI\u00d3N\u00a0\u00b7 La Biblioteca de la Real Maestranza de Caballer\u00eda de Ronda organiz\u00f3 el 26 de abril de 2017 la muestra titulada &#8220;El caballo en el grabado antiguo (1572-1801)&#8221; para conmemorar el D\u00eda Internacional del Libro. [&hellip;]<\/p>\n","protected":false},"author":2,"featured_media":11635,"comment_status":"open","ping_status":"open","sticky":false,"template":"","format":"standard","meta":{"footnotes":""},"categories":[140,791,790,142],"tags":[237,105,252,176,101,141,96,171,144,137],"class_list":["post-6177","post","type-post","status-publish","format-standard","has-post-thumbnail","hentry","category-biblioteca","category-boletin-bibliografico-biblioteca-rmr","category-dia-internacional-del-libro","category-exposiciones","tag-bibliografias","tag-biblioteca-general","tag-biblioteca-rmr","tag-boletin-mensual-bibliografico","tag-caballos","tag-dia-internacional-del-libro","tag-equitacion","tag-fondo-antiguo","tag-grabados","tag-libros"],"yoast_head":"<!-- This site is optimized with the Yoast SEO plugin v27.5 - https:\/\/yoast.com\/product\/yoast-seo-wordpress\/ -->\n<title>Biblioteca-RMR: N\u00ba 41. Cat\u00e1logo de la exposici\u00f3n &quot;El caballo en el grabado antiguo (1572-1801)&quot;. Mayo 2017. - Real Maestranza de Caballer\u00eda de Ronda<\/title>\n<meta name=\"robots\" content=\"index, follow, max-snippet:-1, max-image-preview:large, max-video-preview:-1\" \/>\n<link rel=\"canonical\" href=\"https:\/\/www.rmcr.org\/en\/2017\/05\/17\/biblioteca-rmr-no-41-catalogo-de-la-exposicion-el-caballo-en-el-grabado-antiguo-1572-1801-mayo-2017\/\" \/>\n<meta property=\"og:locale\" content=\"en_US\" \/>\n<meta property=\"og:type\" content=\"article\" \/>\n<meta property=\"og:title\" content=\"Biblioteca-RMR: N\u00ba 41. Cat\u00e1logo de la exposici\u00f3n &quot;El caballo en el grabado antiguo (1572-1801)&quot;. Mayo 2017. - Real Maestranza de Caballer\u00eda de Ronda\" \/>\n<meta property=\"og:description\" content=\"\u00b7 MONOGR\u00c1FICO \u00b7 \u00b7 BIBLIOTECA DE LA REAL MAESTRANZA DE CABALLER\u00cdA DE RONDA \u00b7 \u00b7 MAYO 2017 \u00b7 \u00b7 FONDO EQUITACI\u00d3N\u00a0\u00b7 La Biblioteca de la Real Maestranza de Caballer\u00eda de Ronda organiz\u00f3 el 26 de abril de 2017 la muestra titulada &#8220;El caballo en el grabado antiguo (1572-1801)&#8221; para conmemorar el D\u00eda Internacional del Libro. [&hellip;]\" \/>\n<meta property=\"og:url\" content=\"https:\/\/www.rmcr.org\/en\/2017\/05\/17\/biblioteca-rmr-no-41-catalogo-de-la-exposicion-el-caballo-en-el-grabado-antiguo-1572-1801-mayo-2017\/\" \/>\n<meta property=\"og:site_name\" content=\"Real Maestranza de Caballer\u00eda de Ronda\" \/>\n<meta property=\"article:publisher\" content=\"https:\/\/www.facebook.com\/plazadetorosronda\" \/>\n<meta property=\"article:published_time\" content=\"2017-05-17T17:01:46+00:00\" \/>\n<meta property=\"article:modified_time\" content=\"2025-04-10T16:37:50+00:00\" \/>\n<meta property=\"og:image\" content=\"https:\/\/www.rmcr.org\/wp-content\/uploads\/2022\/10\/arell.jpg\" \/>\n\t<meta property=\"og:image:width\" content=\"482\" \/>\n\t<meta property=\"og:image:height\" content=\"143\" \/>\n\t<meta property=\"og:image:type\" content=\"image\/jpeg\" \/>\n<meta name=\"author\" content=\"BIBLIOTECA\" \/>\n<meta name=\"twitter:card\" content=\"summary_large_image\" \/>\n<meta name=\"twitter:creator\" content=\"@PlazatorosRMR\" \/>\n<meta name=\"twitter:site\" content=\"@PlazatorosRMR\" \/>\n<meta name=\"twitter:label1\" content=\"Written by\" \/>\n\t<meta name=\"twitter:data1\" content=\"BIBLIOTECA\" \/>\n\t<meta name=\"twitter:label2\" content=\"Est. reading time\" \/>\n\t<meta name=\"twitter:data2\" content=\"1 minute\" \/>\n<script type=\"application\/ld+json\" class=\"yoast-schema-graph\">{\"@context\":\"https:\\\/\\\/schema.org\",\"@graph\":[{\"@type\":\"Article\",\"@id\":\"https:\\\/\\\/www.rmcr.org\\\/en\\\/2017\\\/05\\\/17\\\/biblioteca-rmr-no-41-catalogo-de-la-exposicion-el-caballo-en-el-grabado-antiguo-1572-1801-mayo-2017\\\/#article\",\"isPartOf\":{\"@id\":\"https:\\\/\\\/www.rmcr.org\\\/en\\\/2017\\\/05\\\/17\\\/biblioteca-rmr-no-41-catalogo-de-la-exposicion-el-caballo-en-el-grabado-antiguo-1572-1801-mayo-2017\\\/\"},\"author\":{\"name\":\"BIBLIOTECA\",\"@id\":\"https:\\\/\\\/www.rmcr.org\\\/en\\\/#\\\/schema\\\/person\\\/80849edee7ef556893505128619ea1d0\"},\"headline\":\"Biblioteca-RMR: N\u00ba 41. Cat\u00e1logo de la exposici\u00f3n &#8220;El caballo en el grabado antiguo (1572-1801)&#8221;. Mayo 2017.\",\"datePublished\":\"2017-05-17T17:01:46+00:00\",\"dateModified\":\"2025-04-10T16:37:50+00:00\",\"mainEntityOfPage\":{\"@id\":\"https:\\\/\\\/www.rmcr.org\\\/en\\\/2017\\\/05\\\/17\\\/biblioteca-rmr-no-41-catalogo-de-la-exposicion-el-caballo-en-el-grabado-antiguo-1572-1801-mayo-2017\\\/\"},\"wordCount\":101,\"commentCount\":0,\"publisher\":{\"@id\":\"https:\\\/\\\/www.rmcr.org\\\/en\\\/#organization\"},\"image\":{\"@id\":\"https:\\\/\\\/www.rmcr.org\\\/en\\\/2017\\\/05\\\/17\\\/biblioteca-rmr-no-41-catalogo-de-la-exposicion-el-caballo-en-el-grabado-antiguo-1572-1801-mayo-2017\\\/#primaryimage\"},\"thumbnailUrl\":\"https:\\\/\\\/www.rmcr.org\\\/wp-content\\\/uploads\\\/2022\\\/10\\\/arell.jpg\",\"keywords\":[\"Bibliograf\u00edas\",\"Biblioteca\",\"Biblioteca-RMR\",\"Bolet\u00edn mensual bibliogr\u00e1fico\",\"Caballos\",\"D\u00eda Internacional del Libro\",\"Equitaci\u00f3n\",\"Fondo antiguo\",\"Grabados\",\"Libros\"],\"articleSection\":[\"Biblioteca\",\"Bolet\u00edn bibliogr\u00e1fico Biblioteca-RMR\",\"D\u00eda Internacional del Libro\",\"Exposiciones\"],\"inLanguage\":\"en-US\",\"potentialAction\":[{\"@type\":\"CommentAction\",\"name\":\"Comment\",\"target\":[\"https:\\\/\\\/www.rmcr.org\\\/en\\\/2017\\\/05\\\/17\\\/biblioteca-rmr-no-41-catalogo-de-la-exposicion-el-caballo-en-el-grabado-antiguo-1572-1801-mayo-2017\\\/#respond\"]}]},{\"@type\":\"WebPage\",\"@id\":\"https:\\\/\\\/www.rmcr.org\\\/en\\\/2017\\\/05\\\/17\\\/biblioteca-rmr-no-41-catalogo-de-la-exposicion-el-caballo-en-el-grabado-antiguo-1572-1801-mayo-2017\\\/\",\"url\":\"https:\\\/\\\/www.rmcr.org\\\/en\\\/2017\\\/05\\\/17\\\/biblioteca-rmr-no-41-catalogo-de-la-exposicion-el-caballo-en-el-grabado-antiguo-1572-1801-mayo-2017\\\/\",\"name\":\"Biblioteca-RMR: N\u00ba 41. Cat\u00e1logo de la exposici\u00f3n \\\"El caballo en el grabado antiguo (1572-1801)\\\". Mayo 2017. - Real Maestranza de Caballer\u00eda de Ronda\",\"isPartOf\":{\"@id\":\"https:\\\/\\\/www.rmcr.org\\\/en\\\/#website\"},\"primaryImageOfPage\":{\"@id\":\"https:\\\/\\\/www.rmcr.org\\\/en\\\/2017\\\/05\\\/17\\\/biblioteca-rmr-no-41-catalogo-de-la-exposicion-el-caballo-en-el-grabado-antiguo-1572-1801-mayo-2017\\\/#primaryimage\"},\"image\":{\"@id\":\"https:\\\/\\\/www.rmcr.org\\\/en\\\/2017\\\/05\\\/17\\\/biblioteca-rmr-no-41-catalogo-de-la-exposicion-el-caballo-en-el-grabado-antiguo-1572-1801-mayo-2017\\\/#primaryimage\"},\"thumbnailUrl\":\"https:\\\/\\\/www.rmcr.org\\\/wp-content\\\/uploads\\\/2022\\\/10\\\/arell.jpg\",\"datePublished\":\"2017-05-17T17:01:46+00:00\",\"dateModified\":\"2025-04-10T16:37:50+00:00\",\"breadcrumb\":{\"@id\":\"https:\\\/\\\/www.rmcr.org\\\/en\\\/2017\\\/05\\\/17\\\/biblioteca-rmr-no-41-catalogo-de-la-exposicion-el-caballo-en-el-grabado-antiguo-1572-1801-mayo-2017\\\/#breadcrumb\"},\"inLanguage\":\"en-US\",\"potentialAction\":[{\"@type\":\"ReadAction\",\"target\":[\"https:\\\/\\\/www.rmcr.org\\\/en\\\/2017\\\/05\\\/17\\\/biblioteca-rmr-no-41-catalogo-de-la-exposicion-el-caballo-en-el-grabado-antiguo-1572-1801-mayo-2017\\\/\"]}]},{\"@type\":\"ImageObject\",\"inLanguage\":\"en-US\",\"@id\":\"https:\\\/\\\/www.rmcr.org\\\/en\\\/2017\\\/05\\\/17\\\/biblioteca-rmr-no-41-catalogo-de-la-exposicion-el-caballo-en-el-grabado-antiguo-1572-1801-mayo-2017\\\/#primaryimage\",\"url\":\"https:\\\/\\\/www.rmcr.org\\\/wp-content\\\/uploads\\\/2022\\\/10\\\/arell.jpg\",\"contentUrl\":\"https:\\\/\\\/www.rmcr.org\\\/wp-content\\\/uploads\\\/2022\\\/10\\\/arell.jpg\",\"width\":482,\"height\":143},{\"@type\":\"BreadcrumbList\",\"@id\":\"https:\\\/\\\/www.rmcr.org\\\/en\\\/2017\\\/05\\\/17\\\/biblioteca-rmr-no-41-catalogo-de-la-exposicion-el-caballo-en-el-grabado-antiguo-1572-1801-mayo-2017\\\/#breadcrumb\",\"itemListElement\":[{\"@type\":\"ListItem\",\"position\":1,\"name\":\"REAL MAESTRANZA DE CABALLER\u00cdA DE RONDA\",\"item\":\"https:\\\/\\\/www.rmcr.org\\\/en\\\/\"},{\"@type\":\"ListItem\",\"position\":2,\"name\":\"Biblioteca-RMR: N\u00ba 41. Cat\u00e1logo de la exposici\u00f3n \u00abEl caballo en el grabado antiguo (1572-1801)\u00bb. Mayo 2017.\"}]},{\"@type\":\"WebSite\",\"@id\":\"https:\\\/\\\/www.rmcr.org\\\/en\\\/#website\",\"url\":\"https:\\\/\\\/www.rmcr.org\\\/en\\\/\",\"name\":\"Real Maestranza de Caballer\u00eda de Ronda\",\"description\":\"Real Maestranza de Caballer\u00eda de Ronda\",\"publisher\":{\"@id\":\"https:\\\/\\\/www.rmcr.org\\\/en\\\/#organization\"},\"alternateName\":\"RMCR\",\"potentialAction\":[{\"@type\":\"SearchAction\",\"target\":{\"@type\":\"EntryPoint\",\"urlTemplate\":\"https:\\\/\\\/www.rmcr.org\\\/en\\\/?s={search_term_string}\"},\"query-input\":{\"@type\":\"PropertyValueSpecification\",\"valueRequired\":true,\"valueName\":\"search_term_string\"}}],\"inLanguage\":\"en-US\"},{\"@type\":\"Organization\",\"@id\":\"https:\\\/\\\/www.rmcr.org\\\/en\\\/#organization\",\"name\":\"Real Maestranza de Caballer\u00eda de Ronda\",\"alternateName\":\"RMR\",\"url\":\"https:\\\/\\\/www.rmcr.org\\\/en\\\/\",\"logo\":{\"@type\":\"ImageObject\",\"inLanguage\":\"en-US\",\"@id\":\"https:\\\/\\\/www.rmcr.org\\\/en\\\/#\\\/schema\\\/logo\\\/image\\\/\",\"url\":\"https:\\\/\\\/www.rmcr.org\\\/wp-content\\\/uploads\\\/2022\\\/07\\\/logo-rmr-blue.svg\",\"contentUrl\":\"https:\\\/\\\/www.rmcr.org\\\/wp-content\\\/uploads\\\/2022\\\/07\\\/logo-rmr-blue.svg\",\"width\":131,\"height\":129,\"caption\":\"Real Maestranza de Caballer\u00eda de Ronda\"},\"image\":{\"@id\":\"https:\\\/\\\/www.rmcr.org\\\/en\\\/#\\\/schema\\\/logo\\\/image\\\/\"},\"sameAs\":[\"https:\\\/\\\/www.facebook.com\\\/plazadetorosronda\",\"https:\\\/\\\/x.com\\\/PlazatorosRMR\",\"https:\\\/\\\/www.instagram.com\\\/realmaestranzaderonda\\\/\",\"https:\\\/\\\/www.youtube.com\\\/channel\\\/UCrbO5IUN-8v_QML739vM4zg\\\/videos\"]},{\"@type\":\"Person\",\"@id\":\"https:\\\/\\\/www.rmcr.org\\\/en\\\/#\\\/schema\\\/person\\\/80849edee7ef556893505128619ea1d0\",\"name\":\"BIBLIOTECA\",\"image\":{\"@type\":\"ImageObject\",\"inLanguage\":\"en-US\",\"@id\":\"https:\\\/\\\/www.rmcr.org\\\/wp-content\\\/uploads\\\/2022\\\/11\\\/avatar-rmcr-96x96.png\",\"url\":\"https:\\\/\\\/www.rmcr.org\\\/wp-content\\\/uploads\\\/2022\\\/11\\\/avatar-rmcr-96x96.png\",\"contentUrl\":\"https:\\\/\\\/www.rmcr.org\\\/wp-content\\\/uploads\\\/2022\\\/11\\\/avatar-rmcr-96x96.png\",\"caption\":\"BIBLIOTECA\"},\"url\":\"https:\\\/\\\/www.rmcr.org\\\/en\\\/author\\\/juan-antonio-moreno\\\/\"}]}<\/script>\n<!-- \/ Yoast SEO plugin. -->","yoast_head_json":{"title":"Biblioteca-RMR: N\u00ba 41. Cat\u00e1logo de la exposici\u00f3n \"El caballo en el grabado antiguo (1572-1801)\". Mayo 2017. - Real Maestranza de Caballer\u00eda de Ronda","robots":{"index":"index","follow":"follow","max-snippet":"max-snippet:-1","max-image-preview":"max-image-preview:large","max-video-preview":"max-video-preview:-1"},"canonical":"https:\/\/www.rmcr.org\/en\/2017\/05\/17\/biblioteca-rmr-no-41-catalogo-de-la-exposicion-el-caballo-en-el-grabado-antiguo-1572-1801-mayo-2017\/","og_locale":"en_US","og_type":"article","og_title":"Biblioteca-RMR: N\u00ba 41. Cat\u00e1logo de la exposici\u00f3n \"El caballo en el grabado antiguo (1572-1801)\". Mayo 2017. - Real Maestranza de Caballer\u00eda de Ronda","og_description":"\u00b7 MONOGR\u00c1FICO \u00b7 \u00b7 BIBLIOTECA DE LA REAL MAESTRANZA DE CABALLER\u00cdA DE RONDA \u00b7 \u00b7 MAYO 2017 \u00b7 \u00b7 FONDO EQUITACI\u00d3N\u00a0\u00b7 La Biblioteca de la Real Maestranza de Caballer\u00eda de Ronda organiz\u00f3 el 26 de abril de 2017 la muestra titulada &#8220;El caballo en el grabado antiguo (1572-1801)&#8221; para conmemorar el D\u00eda Internacional del Libro. [&hellip;]","og_url":"https:\/\/www.rmcr.org\/en\/2017\/05\/17\/biblioteca-rmr-no-41-catalogo-de-la-exposicion-el-caballo-en-el-grabado-antiguo-1572-1801-mayo-2017\/","og_site_name":"Real Maestranza de Caballer\u00eda de Ronda","article_publisher":"https:\/\/www.facebook.com\/plazadetorosronda","article_published_time":"2017-05-17T17:01:46+00:00","article_modified_time":"2025-04-10T16:37:50+00:00","og_image":[{"width":482,"height":143,"url":"https:\/\/www.rmcr.org\/wp-content\/uploads\/2022\/10\/arell.jpg","type":"image\/jpeg"}],"author":"BIBLIOTECA","twitter_card":"summary_large_image","twitter_creator":"@PlazatorosRMR","twitter_site":"@PlazatorosRMR","twitter_misc":{"Written by":"BIBLIOTECA","Est. reading time":"1 minute"},"schema":{"@context":"https:\/\/schema.org","@graph":[{"@type":"Article","@id":"https:\/\/www.rmcr.org\/en\/2017\/05\/17\/biblioteca-rmr-no-41-catalogo-de-la-exposicion-el-caballo-en-el-grabado-antiguo-1572-1801-mayo-2017\/#article","isPartOf":{"@id":"https:\/\/www.rmcr.org\/en\/2017\/05\/17\/biblioteca-rmr-no-41-catalogo-de-la-exposicion-el-caballo-en-el-grabado-antiguo-1572-1801-mayo-2017\/"},"author":{"name":"BIBLIOTECA","@id":"https:\/\/www.rmcr.org\/en\/#\/schema\/person\/80849edee7ef556893505128619ea1d0"},"headline":"Biblioteca-RMR: N\u00ba 41. Cat\u00e1logo de la exposici\u00f3n &#8220;El caballo en el grabado antiguo (1572-1801)&#8221;. Mayo 2017.","datePublished":"2017-05-17T17:01:46+00:00","dateModified":"2025-04-10T16:37:50+00:00","mainEntityOfPage":{"@id":"https:\/\/www.rmcr.org\/en\/2017\/05\/17\/biblioteca-rmr-no-41-catalogo-de-la-exposicion-el-caballo-en-el-grabado-antiguo-1572-1801-mayo-2017\/"},"wordCount":101,"commentCount":0,"publisher":{"@id":"https:\/\/www.rmcr.org\/en\/#organization"},"image":{"@id":"https:\/\/www.rmcr.org\/en\/2017\/05\/17\/biblioteca-rmr-no-41-catalogo-de-la-exposicion-el-caballo-en-el-grabado-antiguo-1572-1801-mayo-2017\/#primaryimage"},"thumbnailUrl":"https:\/\/www.rmcr.org\/wp-content\/uploads\/2022\/10\/arell.jpg","keywords":["Bibliograf\u00edas","Biblioteca","Biblioteca-RMR","Bolet\u00edn mensual bibliogr\u00e1fico","Caballos","D\u00eda Internacional del Libro","Equitaci\u00f3n","Fondo antiguo","Grabados","Libros"],"articleSection":["Biblioteca","Bolet\u00edn bibliogr\u00e1fico Biblioteca-RMR","D\u00eda Internacional del Libro","Exposiciones"],"inLanguage":"en-US","potentialAction":[{"@type":"CommentAction","name":"Comment","target":["https:\/\/www.rmcr.org\/en\/2017\/05\/17\/biblioteca-rmr-no-41-catalogo-de-la-exposicion-el-caballo-en-el-grabado-antiguo-1572-1801-mayo-2017\/#respond"]}]},{"@type":"WebPage","@id":"https:\/\/www.rmcr.org\/en\/2017\/05\/17\/biblioteca-rmr-no-41-catalogo-de-la-exposicion-el-caballo-en-el-grabado-antiguo-1572-1801-mayo-2017\/","url":"https:\/\/www.rmcr.org\/en\/2017\/05\/17\/biblioteca-rmr-no-41-catalogo-de-la-exposicion-el-caballo-en-el-grabado-antiguo-1572-1801-mayo-2017\/","name":"Biblioteca-RMR: N\u00ba 41. Cat\u00e1logo de la exposici\u00f3n \"El caballo en el grabado antiguo (1572-1801)\". Mayo 2017. - Real Maestranza de Caballer\u00eda de Ronda","isPartOf":{"@id":"https:\/\/www.rmcr.org\/en\/#website"},"primaryImageOfPage":{"@id":"https:\/\/www.rmcr.org\/en\/2017\/05\/17\/biblioteca-rmr-no-41-catalogo-de-la-exposicion-el-caballo-en-el-grabado-antiguo-1572-1801-mayo-2017\/#primaryimage"},"image":{"@id":"https:\/\/www.rmcr.org\/en\/2017\/05\/17\/biblioteca-rmr-no-41-catalogo-de-la-exposicion-el-caballo-en-el-grabado-antiguo-1572-1801-mayo-2017\/#primaryimage"},"thumbnailUrl":"https:\/\/www.rmcr.org\/wp-content\/uploads\/2022\/10\/arell.jpg","datePublished":"2017-05-17T17:01:46+00:00","dateModified":"2025-04-10T16:37:50+00:00","breadcrumb":{"@id":"https:\/\/www.rmcr.org\/en\/2017\/05\/17\/biblioteca-rmr-no-41-catalogo-de-la-exposicion-el-caballo-en-el-grabado-antiguo-1572-1801-mayo-2017\/#breadcrumb"},"inLanguage":"en-US","potentialAction":[{"@type":"ReadAction","target":["https:\/\/www.rmcr.org\/en\/2017\/05\/17\/biblioteca-rmr-no-41-catalogo-de-la-exposicion-el-caballo-en-el-grabado-antiguo-1572-1801-mayo-2017\/"]}]},{"@type":"ImageObject","inLanguage":"en-US","@id":"https:\/\/www.rmcr.org\/en\/2017\/05\/17\/biblioteca-rmr-no-41-catalogo-de-la-exposicion-el-caballo-en-el-grabado-antiguo-1572-1801-mayo-2017\/#primaryimage","url":"https:\/\/www.rmcr.org\/wp-content\/uploads\/2022\/10\/arell.jpg","contentUrl":"https:\/\/www.rmcr.org\/wp-content\/uploads\/2022\/10\/arell.jpg","width":482,"height":143},{"@type":"BreadcrumbList","@id":"https:\/\/www.rmcr.org\/en\/2017\/05\/17\/biblioteca-rmr-no-41-catalogo-de-la-exposicion-el-caballo-en-el-grabado-antiguo-1572-1801-mayo-2017\/#breadcrumb","itemListElement":[{"@type":"ListItem","position":1,"name":"REAL MAESTRANZA DE CABALLER\u00cdA DE RONDA","item":"https:\/\/www.rmcr.org\/en\/"},{"@type":"ListItem","position":2,"name":"Biblioteca-RMR: N\u00ba 41. Cat\u00e1logo de la exposici\u00f3n \u00abEl caballo en el grabado antiguo (1572-1801)\u00bb. Mayo 2017."}]},{"@type":"WebSite","@id":"https:\/\/www.rmcr.org\/en\/#website","url":"https:\/\/www.rmcr.org\/en\/","name":"Real Maestranza de Caballer\u00eda de Ronda","description":"Real Maestranza de Caballer\u00eda de Ronda","publisher":{"@id":"https:\/\/www.rmcr.org\/en\/#organization"},"alternateName":"RMCR","potentialAction":[{"@type":"SearchAction","target":{"@type":"EntryPoint","urlTemplate":"https:\/\/www.rmcr.org\/en\/?s={search_term_string}"},"query-input":{"@type":"PropertyValueSpecification","valueRequired":true,"valueName":"search_term_string"}}],"inLanguage":"en-US"},{"@type":"Organization","@id":"https:\/\/www.rmcr.org\/en\/#organization","name":"Real Maestranza de Caballer\u00eda de Ronda","alternateName":"RMR","url":"https:\/\/www.rmcr.org\/en\/","logo":{"@type":"ImageObject","inLanguage":"en-US","@id":"https:\/\/www.rmcr.org\/en\/#\/schema\/logo\/image\/","url":"https:\/\/www.rmcr.org\/wp-content\/uploads\/2022\/07\/logo-rmr-blue.svg","contentUrl":"https:\/\/www.rmcr.org\/wp-content\/uploads\/2022\/07\/logo-rmr-blue.svg","width":131,"height":129,"caption":"Real Maestranza de Caballer\u00eda de Ronda"},"image":{"@id":"https:\/\/www.rmcr.org\/en\/#\/schema\/logo\/image\/"},"sameAs":["https:\/\/www.facebook.com\/plazadetorosronda","https:\/\/x.com\/PlazatorosRMR","https:\/\/www.instagram.com\/realmaestranzaderonda\/","https:\/\/www.youtube.com\/channel\/UCrbO5IUN-8v_QML739vM4zg\/videos"]},{"@type":"Person","@id":"https:\/\/www.rmcr.org\/en\/#\/schema\/person\/80849edee7ef556893505128619ea1d0","name":"BIBLIOTECA","image":{"@type":"ImageObject","inLanguage":"en-US","@id":"https:\/\/www.rmcr.org\/wp-content\/uploads\/2022\/11\/avatar-rmcr-96x96.png","url":"https:\/\/www.rmcr.org\/wp-content\/uploads\/2022\/11\/avatar-rmcr-96x96.png","contentUrl":"https:\/\/www.rmcr.org\/wp-content\/uploads\/2022\/11\/avatar-rmcr-96x96.png","caption":"BIBLIOTECA"},"url":"https:\/\/www.rmcr.org\/en\/author\/juan-antonio-moreno\/"}]}},"_links":{"self":[{"href":"https:\/\/www.rmcr.org\/en\/wp-json\/wp\/v2\/posts\/6177","targetHints":{"allow":["GET"]}}],"collection":[{"href":"https:\/\/www.rmcr.org\/en\/wp-json\/wp\/v2\/posts"}],"about":[{"href":"https:\/\/www.rmcr.org\/en\/wp-json\/wp\/v2\/types\/post"}],"author":[{"embeddable":true,"href":"https:\/\/www.rmcr.org\/en\/wp-json\/wp\/v2\/users\/2"}],"replies":[{"embeddable":true,"href":"https:\/\/www.rmcr.org\/en\/wp-json\/wp\/v2\/comments?post=6177"}],"version-history":[{"count":4,"href":"https:\/\/www.rmcr.org\/en\/wp-json\/wp\/v2\/posts\/6177\/revisions"}],"predecessor-version":[{"id":20636,"href":"https:\/\/www.rmcr.org\/en\/wp-json\/wp\/v2\/posts\/6177\/revisions\/20636"}],"wp:featuredmedia":[{"embeddable":true,"href":"https:\/\/www.rmcr.org\/en\/wp-json\/wp\/v2\/media\/11635"}],"wp:attachment":[{"href":"https:\/\/www.rmcr.org\/en\/wp-json\/wp\/v2\/media?parent=6177"}],"wp:term":[{"taxonomy":"category","embeddable":true,"href":"https:\/\/www.rmcr.org\/en\/wp-json\/wp\/v2\/categories?post=6177"},{"taxonomy":"post_tag","embeddable":true,"href":"https:\/\/www.rmcr.org\/en\/wp-json\/wp\/v2\/tags?post=6177"}],"curies":[{"name":"wp","href":"https:\/\/api.w.org\/{rel}","templated":true}]}}