{"id":6165,"date":"2013-05-17T14:26:40","date_gmt":"2013-05-17T14:26:40","guid":{"rendered":"https:\/\/www.rmcr.org\/?p=6165"},"modified":"2023-02-23T16:57:53","modified_gmt":"2023-02-23T16:57:53","slug":"entrevista-con-francisco-rosales-miembro-del-jurado-de-eustory","status":"publish","type":"post","link":"https:\/\/www.rmcr.org\/en\/2013\/05\/17\/entrevista-con-francisco-rosales-miembro-del-jurado-de-eustory\/","title":{"rendered":"Entrevista con Francisco Rosales, miembro del jurado de Eustory"},"content":{"rendered":"<p><em>Francisco Rosales Mart\u00edn (Antequera, 1974) curso Historia en la Universidad de M\u00e1laga as\u00ed como un Master en Archiv\u00edstica en la Universidad de Sevilla y un Master en Derecho Nobiliario y Premial, Genealog\u00eda y Her\u00e1ldica en la UNED. Es el archivero de la Real Maestranza de Caballer\u00eda de Ronda desde 2003 y miembro del Consejo ejecutivo de Eustory Espa\u00f1a as\u00ed como de su jurado desde 2007. Es muy aficionado al ciclismo y a todos los deportes en general.<\/em><\/p>\n<p><strong>\u00a0P: Qu\u00e9 es para ti el concurso Eustory?<\/strong><br \/>\nR: Es una oportunidad que tienen j\u00f3venes estudiantes de poder iniciarse en la investigaci\u00f3n hist\u00f3rica de una manera totalmente alejada del modelo tradicional de trabajo de clase o de c\u00f3mo se imparte la historia en los institutos. Los j\u00f3venes se acercan a archivos, a fuentes de investigaci\u00f3n que sino no conocer\u00edan. Despu\u00e9s tienen la oportunidad de un premio en met\u00e1lico, una forma de incentivar la participaci\u00f3n. Encima, los ganadores tienen la oportunidad de participar en las academias y las actividades paralelas que hay alrededor de este concurso de historia.<\/p>\n<p><strong>P: \u00bfC\u00f3mo archivero, le das gran importancia a la investigaci\u00f3n de los archivos, fondos privados, etc.?<\/strong><br \/>\nR: No solo como archivero, tambi\u00e9n como historiador y miembro del comit\u00e9 ejecutivo de Eustory Espa\u00f1a. Si le doy mucha importancia a las fuentes de investigaci\u00f3n a las que acceden. No solo tienen que archivistitas, tambi\u00e9n pueden ser period\u00edsticas, orales, fotogr\u00e1ficas, etc. Me suelo fijar en c\u00f3mo se utilizan esas fuentes de investigaci\u00f3n y en c\u00f3mo se rese\u00f1an en los trabajos.<\/p>\n<p><strong>\u00a0P: \u00bfQu\u00e9 es lo que hace un buen trabajo?<\/strong><br \/>\nR: Entran much\u00edsimas cosas. Por un lado, las fuentes de investigaci\u00f3n primarias que utilizan. Por otro lado, como exponen los hechos investigados. Qu\u00e9 tipo de conclusiones han sacado. Son muchos factores los que hacen que un trabajo pueda acabar entre los finalistas.<\/p>\n<p><strong>\u00a0P: \u00bfCu\u00e1l ha sido uno de tus trabajos favoritos? \u00bfPor qu\u00e9?<\/strong><br \/>\nR: Unos de los trabajos que m\u00e1s me gusto era un 2\u00ba premio de la II Edici\u00f3n (Permanencia del Antiguo R\u00e9gimen en la sociedad rural espa\u00f1ola de la posguerra: Br\u00e1cana, Granada por Germ\u00e1n Jim\u00e9nez Montes), porqu\u00e9 planteo una hip\u00f3tesis de trabajo con una metodolog\u00eda clara. Eso fue lo primero que uno ve\u00eda empezando a leer el trabajo. Entonces, a ra\u00edz de esa hip\u00f3tesis y metodolog\u00eda de trabajo, llego a una serie de conclusiones. Por la metodolog\u00eda, por la forma de exponerlo, por las fuentes en las que estuvo investigando \u2013 fue uno de los que mas me gustaron, aunque no se llev\u00f3 el primer premio. Tampoco fue un trabajo con mucho volumen escrito, pero era conciso y muy bien presentado.<\/p>\n<p><strong>\u00a0P: Tres consejos a los participantes o interesados en el concurso. <\/strong><br \/>\nR: Sobre todo, que elijan un tema que le interese. Dentro de la tem\u00e1tica general que propone Eustory (este a\u00f1o: Mi familia en la historia), que sepan discernir entre los diferentes temas posibles y que encuentren uno que les interese bastante.<br \/>\nSegundo, que intenten diferenciar el concurso del ambiente escolar. Si pueden, que se busquen un tutor que este fuera del profesorado de su centro.<br \/>\nTercero, que disfruten a la hora de investigar y de hacer el trabajo \u00a1Tendr\u00e1n m\u00e1s recompensa si lo hacen!<\/p>\n<p><strong>\u00a0P: \u00bfQu\u00e9 futuro esperas para el concurso?<\/strong><br \/>\nR: Lo que m\u00e1s me interesar\u00eda desde el punto de vista de la Real Maestranza de Ronda como organizador de Eustory en Espa\u00f1a es que cada d\u00eda haya m\u00e1s trabajos, y m\u00e1s trabajos de distintas partes de la pen\u00ednsula. Y sobre todo que los participantes tengan cada vez m\u00e1s contacto con j\u00f3venes de toda Europa, a trav\u00e9s de las academias.<\/p>\n","protected":false},"excerpt":{"rendered":"<p>Francisco Rosales Mart\u00edn (Antequera, 1974) curso Historia en la Universidad de M\u00e1laga as\u00ed como un Master en Archiv\u00edstica en la Universidad de Sevilla y un Master en Derecho Nobiliario y Premial, Genealog\u00eda y Her\u00e1ldica en la UNED. Es el archivero de la Real Maestranza de Caballer\u00eda de Ronda desde 2003 y miembro del Consejo ejecutivo [&hellip;]<\/p>\n","protected":false},"author":7,"featured_media":0,"comment_status":"open","ping_status":"open","sticky":false,"template":"","format":"standard","meta":{"footnotes":""},"categories":[200,149],"tags":[214,151,152],"class_list":["post-6165","post","type-post","status-publish","format-standard","hentry","category-actividad","category-eustory","tag-academias","tag-concurso-de-historia","tag-convocatorias"],"yoast_head":"<!-- This site is optimized with the Yoast SEO plugin v27.5 - https:\/\/yoast.com\/product\/yoast-seo-wordpress\/ -->\n<title>Entrevista con Francisco Rosales, miembro del jurado de Eustory - Real Maestranza de Caballer\u00eda de Ronda<\/title>\n<meta name=\"robots\" content=\"index, follow, max-snippet:-1, max-image-preview:large, max-video-preview:-1\" \/>\n<link rel=\"canonical\" href=\"https:\/\/www.rmcr.org\/en\/2013\/05\/17\/entrevista-con-francisco-rosales-miembro-del-jurado-de-eustory\/\" \/>\n<meta property=\"og:locale\" content=\"en_US\" \/>\n<meta property=\"og:type\" content=\"article\" \/>\n<meta property=\"og:title\" content=\"Entrevista con Francisco Rosales, miembro del jurado de Eustory - Real Maestranza de Caballer\u00eda de Ronda\" \/>\n<meta property=\"og:description\" content=\"Francisco Rosales Mart\u00edn (Antequera, 1974) curso Historia en la Universidad de M\u00e1laga as\u00ed como un Master en Archiv\u00edstica en la Universidad de Sevilla y un Master en Derecho Nobiliario y Premial, Genealog\u00eda y Her\u00e1ldica en la UNED. Es el archivero de la Real Maestranza de Caballer\u00eda de Ronda desde 2003 y miembro del Consejo ejecutivo [&hellip;]\" \/>\n<meta property=\"og:url\" content=\"https:\/\/www.rmcr.org\/en\/2013\/05\/17\/entrevista-con-francisco-rosales-miembro-del-jurado-de-eustory\/\" \/>\n<meta property=\"og:site_name\" content=\"Real Maestranza de Caballer\u00eda de Ronda\" \/>\n<meta property=\"article:publisher\" content=\"https:\/\/www.facebook.com\/plazadetorosronda\" \/>\n<meta property=\"article:published_time\" content=\"2013-05-17T14:26:40+00:00\" \/>\n<meta property=\"article:modified_time\" content=\"2023-02-23T16:57:53+00:00\" \/>\n<meta name=\"author\" content=\"RMCR\" \/>\n<meta name=\"twitter:card\" content=\"summary_large_image\" \/>\n<meta name=\"twitter:creator\" content=\"@PlazatorosRMR\" \/>\n<meta name=\"twitter:site\" content=\"@PlazatorosRMR\" \/>\n<meta name=\"twitter:label1\" content=\"Written by\" \/>\n\t<meta name=\"twitter:data1\" content=\"RMCR\" \/>\n\t<meta name=\"twitter:label2\" content=\"Est. reading time\" \/>\n\t<meta name=\"twitter:data2\" content=\"3 minutes\" \/>\n<script type=\"application\/ld+json\" class=\"yoast-schema-graph\">{\"@context\":\"https:\\\/\\\/schema.org\",\"@graph\":[{\"@type\":\"Article\",\"@id\":\"https:\\\/\\\/www.rmcr.org\\\/en\\\/2013\\\/05\\\/17\\\/entrevista-con-francisco-rosales-miembro-del-jurado-de-eustory\\\/#article\",\"isPartOf\":{\"@id\":\"https:\\\/\\\/www.rmcr.org\\\/en\\\/2013\\\/05\\\/17\\\/entrevista-con-francisco-rosales-miembro-del-jurado-de-eustory\\\/\"},\"author\":{\"name\":\"RMCR\",\"@id\":\"https:\\\/\\\/www.rmcr.org\\\/en\\\/#\\\/schema\\\/person\\\/7ddd0dafda7edd0e407157f93a56df4f\"},\"headline\":\"Entrevista con Francisco Rosales, miembro del jurado de Eustory\",\"datePublished\":\"2013-05-17T14:26:40+00:00\",\"dateModified\":\"2023-02-23T16:57:53+00:00\",\"mainEntityOfPage\":{\"@id\":\"https:\\\/\\\/www.rmcr.org\\\/en\\\/2013\\\/05\\\/17\\\/entrevista-con-francisco-rosales-miembro-del-jurado-de-eustory\\\/\"},\"wordCount\":659,\"commentCount\":0,\"publisher\":{\"@id\":\"https:\\\/\\\/www.rmcr.org\\\/en\\\/#organization\"},\"keywords\":[\"Academias\",\"Concurso de historia\",\"Convocatorias\"],\"articleSection\":[\"Actividad\",\"Eustory\"],\"inLanguage\":\"en-US\",\"potentialAction\":[{\"@type\":\"CommentAction\",\"name\":\"Comment\",\"target\":[\"https:\\\/\\\/www.rmcr.org\\\/en\\\/2013\\\/05\\\/17\\\/entrevista-con-francisco-rosales-miembro-del-jurado-de-eustory\\\/#respond\"]}]},{\"@type\":\"WebPage\",\"@id\":\"https:\\\/\\\/www.rmcr.org\\\/en\\\/2013\\\/05\\\/17\\\/entrevista-con-francisco-rosales-miembro-del-jurado-de-eustory\\\/\",\"url\":\"https:\\\/\\\/www.rmcr.org\\\/en\\\/2013\\\/05\\\/17\\\/entrevista-con-francisco-rosales-miembro-del-jurado-de-eustory\\\/\",\"name\":\"Entrevista con Francisco Rosales, miembro del jurado de Eustory - Real Maestranza de Caballer\u00eda de Ronda\",\"isPartOf\":{\"@id\":\"https:\\\/\\\/www.rmcr.org\\\/en\\\/#website\"},\"datePublished\":\"2013-05-17T14:26:40+00:00\",\"dateModified\":\"2023-02-23T16:57:53+00:00\",\"breadcrumb\":{\"@id\":\"https:\\\/\\\/www.rmcr.org\\\/en\\\/2013\\\/05\\\/17\\\/entrevista-con-francisco-rosales-miembro-del-jurado-de-eustory\\\/#breadcrumb\"},\"inLanguage\":\"en-US\",\"potentialAction\":[{\"@type\":\"ReadAction\",\"target\":[\"https:\\\/\\\/www.rmcr.org\\\/en\\\/2013\\\/05\\\/17\\\/entrevista-con-francisco-rosales-miembro-del-jurado-de-eustory\\\/\"]}]},{\"@type\":\"BreadcrumbList\",\"@id\":\"https:\\\/\\\/www.rmcr.org\\\/en\\\/2013\\\/05\\\/17\\\/entrevista-con-francisco-rosales-miembro-del-jurado-de-eustory\\\/#breadcrumb\",\"itemListElement\":[{\"@type\":\"ListItem\",\"position\":1,\"name\":\"REAL MAESTRANZA DE CABALLER\u00cdA DE RONDA\",\"item\":\"https:\\\/\\\/www.rmcr.org\\\/en\\\/\"},{\"@type\":\"ListItem\",\"position\":2,\"name\":\"Entrevista con Francisco Rosales, miembro del jurado de Eustory\"}]},{\"@type\":\"WebSite\",\"@id\":\"https:\\\/\\\/www.rmcr.org\\\/en\\\/#website\",\"url\":\"https:\\\/\\\/www.rmcr.org\\\/en\\\/\",\"name\":\"Real Maestranza de Caballer\u00eda de Ronda\",\"description\":\"Real Maestranza de Caballer\u00eda de Ronda\",\"publisher\":{\"@id\":\"https:\\\/\\\/www.rmcr.org\\\/en\\\/#organization\"},\"alternateName\":\"RMCR\",\"potentialAction\":[{\"@type\":\"SearchAction\",\"target\":{\"@type\":\"EntryPoint\",\"urlTemplate\":\"https:\\\/\\\/www.rmcr.org\\\/en\\\/?s={search_term_string}\"},\"query-input\":{\"@type\":\"PropertyValueSpecification\",\"valueRequired\":true,\"valueName\":\"search_term_string\"}}],\"inLanguage\":\"en-US\"},{\"@type\":\"Organization\",\"@id\":\"https:\\\/\\\/www.rmcr.org\\\/en\\\/#organization\",\"name\":\"Real Maestranza de Caballer\u00eda de Ronda\",\"alternateName\":\"RMR\",\"url\":\"https:\\\/\\\/www.rmcr.org\\\/en\\\/\",\"logo\":{\"@type\":\"ImageObject\",\"inLanguage\":\"en-US\",\"@id\":\"https:\\\/\\\/www.rmcr.org\\\/en\\\/#\\\/schema\\\/logo\\\/image\\\/\",\"url\":\"https:\\\/\\\/www.rmcr.org\\\/wp-content\\\/uploads\\\/2022\\\/07\\\/logo-rmr-blue.svg\",\"contentUrl\":\"https:\\\/\\\/www.rmcr.org\\\/wp-content\\\/uploads\\\/2022\\\/07\\\/logo-rmr-blue.svg\",\"width\":131,\"height\":129,\"caption\":\"Real Maestranza de Caballer\u00eda de Ronda\"},\"image\":{\"@id\":\"https:\\\/\\\/www.rmcr.org\\\/en\\\/#\\\/schema\\\/logo\\\/image\\\/\"},\"sameAs\":[\"https:\\\/\\\/www.facebook.com\\\/plazadetorosronda\",\"https:\\\/\\\/x.com\\\/PlazatorosRMR\",\"https:\\\/\\\/www.instagram.com\\\/realmaestranzaderonda\\\/\",\"https:\\\/\\\/www.youtube.com\\\/channel\\\/UCrbO5IUN-8v_QML739vM4zg\\\/videos\"]},{\"@type\":\"Person\",\"@id\":\"https:\\\/\\\/www.rmcr.org\\\/en\\\/#\\\/schema\\\/person\\\/7ddd0dafda7edd0e407157f93a56df4f\",\"name\":\"RMCR\",\"image\":{\"@type\":\"ImageObject\",\"inLanguage\":\"en-US\",\"@id\":\"https:\\\/\\\/secure.gravatar.com\\\/avatar\\\/adb75798b50800c24baa6a8706037b9469998c49eddeb95935f50f633cff80bb?s=96&d=mm&r=g\",\"url\":\"https:\\\/\\\/secure.gravatar.com\\\/avatar\\\/adb75798b50800c24baa6a8706037b9469998c49eddeb95935f50f633cff80bb?s=96&d=mm&r=g\",\"contentUrl\":\"https:\\\/\\\/secure.gravatar.com\\\/avatar\\\/adb75798b50800c24baa6a8706037b9469998c49eddeb95935f50f633cff80bb?s=96&d=mm&r=g\",\"caption\":\"RMCR\"},\"url\":\"https:\\\/\\\/www.rmcr.org\\\/en\\\/author\\\/bitniks77\\\/\"}]}<\/script>\n<!-- \/ Yoast SEO plugin. -->","yoast_head_json":{"title":"Entrevista con Francisco Rosales, miembro del jurado de Eustory - Real Maestranza de Caballer\u00eda de Ronda","robots":{"index":"index","follow":"follow","max-snippet":"max-snippet:-1","max-image-preview":"max-image-preview:large","max-video-preview":"max-video-preview:-1"},"canonical":"https:\/\/www.rmcr.org\/en\/2013\/05\/17\/entrevista-con-francisco-rosales-miembro-del-jurado-de-eustory\/","og_locale":"en_US","og_type":"article","og_title":"Entrevista con Francisco Rosales, miembro del jurado de Eustory - Real Maestranza de Caballer\u00eda de Ronda","og_description":"Francisco Rosales Mart\u00edn (Antequera, 1974) curso Historia en la Universidad de M\u00e1laga as\u00ed como un Master en Archiv\u00edstica en la Universidad de Sevilla y un Master en Derecho Nobiliario y Premial, Genealog\u00eda y Her\u00e1ldica en la UNED. Es el archivero de la Real Maestranza de Caballer\u00eda de Ronda desde 2003 y miembro del Consejo ejecutivo [&hellip;]","og_url":"https:\/\/www.rmcr.org\/en\/2013\/05\/17\/entrevista-con-francisco-rosales-miembro-del-jurado-de-eustory\/","og_site_name":"Real Maestranza de Caballer\u00eda de Ronda","article_publisher":"https:\/\/www.facebook.com\/plazadetorosronda","article_published_time":"2013-05-17T14:26:40+00:00","article_modified_time":"2023-02-23T16:57:53+00:00","author":"RMCR","twitter_card":"summary_large_image","twitter_creator":"@PlazatorosRMR","twitter_site":"@PlazatorosRMR","twitter_misc":{"Written by":"RMCR","Est. reading time":"3 minutes"},"schema":{"@context":"https:\/\/schema.org","@graph":[{"@type":"Article","@id":"https:\/\/www.rmcr.org\/en\/2013\/05\/17\/entrevista-con-francisco-rosales-miembro-del-jurado-de-eustory\/#article","isPartOf":{"@id":"https:\/\/www.rmcr.org\/en\/2013\/05\/17\/entrevista-con-francisco-rosales-miembro-del-jurado-de-eustory\/"},"author":{"name":"RMCR","@id":"https:\/\/www.rmcr.org\/en\/#\/schema\/person\/7ddd0dafda7edd0e407157f93a56df4f"},"headline":"Entrevista con Francisco Rosales, miembro del jurado de Eustory","datePublished":"2013-05-17T14:26:40+00:00","dateModified":"2023-02-23T16:57:53+00:00","mainEntityOfPage":{"@id":"https:\/\/www.rmcr.org\/en\/2013\/05\/17\/entrevista-con-francisco-rosales-miembro-del-jurado-de-eustory\/"},"wordCount":659,"commentCount":0,"publisher":{"@id":"https:\/\/www.rmcr.org\/en\/#organization"},"keywords":["Academias","Concurso de historia","Convocatorias"],"articleSection":["Actividad","Eustory"],"inLanguage":"en-US","potentialAction":[{"@type":"CommentAction","name":"Comment","target":["https:\/\/www.rmcr.org\/en\/2013\/05\/17\/entrevista-con-francisco-rosales-miembro-del-jurado-de-eustory\/#respond"]}]},{"@type":"WebPage","@id":"https:\/\/www.rmcr.org\/en\/2013\/05\/17\/entrevista-con-francisco-rosales-miembro-del-jurado-de-eustory\/","url":"https:\/\/www.rmcr.org\/en\/2013\/05\/17\/entrevista-con-francisco-rosales-miembro-del-jurado-de-eustory\/","name":"Entrevista con Francisco Rosales, miembro del jurado de Eustory - Real Maestranza de Caballer\u00eda de Ronda","isPartOf":{"@id":"https:\/\/www.rmcr.org\/en\/#website"},"datePublished":"2013-05-17T14:26:40+00:00","dateModified":"2023-02-23T16:57:53+00:00","breadcrumb":{"@id":"https:\/\/www.rmcr.org\/en\/2013\/05\/17\/entrevista-con-francisco-rosales-miembro-del-jurado-de-eustory\/#breadcrumb"},"inLanguage":"en-US","potentialAction":[{"@type":"ReadAction","target":["https:\/\/www.rmcr.org\/en\/2013\/05\/17\/entrevista-con-francisco-rosales-miembro-del-jurado-de-eustory\/"]}]},{"@type":"BreadcrumbList","@id":"https:\/\/www.rmcr.org\/en\/2013\/05\/17\/entrevista-con-francisco-rosales-miembro-del-jurado-de-eustory\/#breadcrumb","itemListElement":[{"@type":"ListItem","position":1,"name":"REAL MAESTRANZA DE CABALLER\u00cdA DE RONDA","item":"https:\/\/www.rmcr.org\/en\/"},{"@type":"ListItem","position":2,"name":"Entrevista con Francisco Rosales, miembro del jurado de Eustory"}]},{"@type":"WebSite","@id":"https:\/\/www.rmcr.org\/en\/#website","url":"https:\/\/www.rmcr.org\/en\/","name":"Real Maestranza de Caballer\u00eda de Ronda","description":"Real Maestranza de Caballer\u00eda de Ronda","publisher":{"@id":"https:\/\/www.rmcr.org\/en\/#organization"},"alternateName":"RMCR","potentialAction":[{"@type":"SearchAction","target":{"@type":"EntryPoint","urlTemplate":"https:\/\/www.rmcr.org\/en\/?s={search_term_string}"},"query-input":{"@type":"PropertyValueSpecification","valueRequired":true,"valueName":"search_term_string"}}],"inLanguage":"en-US"},{"@type":"Organization","@id":"https:\/\/www.rmcr.org\/en\/#organization","name":"Real Maestranza de Caballer\u00eda de Ronda","alternateName":"RMR","url":"https:\/\/www.rmcr.org\/en\/","logo":{"@type":"ImageObject","inLanguage":"en-US","@id":"https:\/\/www.rmcr.org\/en\/#\/schema\/logo\/image\/","url":"https:\/\/www.rmcr.org\/wp-content\/uploads\/2022\/07\/logo-rmr-blue.svg","contentUrl":"https:\/\/www.rmcr.org\/wp-content\/uploads\/2022\/07\/logo-rmr-blue.svg","width":131,"height":129,"caption":"Real Maestranza de Caballer\u00eda de Ronda"},"image":{"@id":"https:\/\/www.rmcr.org\/en\/#\/schema\/logo\/image\/"},"sameAs":["https:\/\/www.facebook.com\/plazadetorosronda","https:\/\/x.com\/PlazatorosRMR","https:\/\/www.instagram.com\/realmaestranzaderonda\/","https:\/\/www.youtube.com\/channel\/UCrbO5IUN-8v_QML739vM4zg\/videos"]},{"@type":"Person","@id":"https:\/\/www.rmcr.org\/en\/#\/schema\/person\/7ddd0dafda7edd0e407157f93a56df4f","name":"RMCR","image":{"@type":"ImageObject","inLanguage":"en-US","@id":"https:\/\/secure.gravatar.com\/avatar\/adb75798b50800c24baa6a8706037b9469998c49eddeb95935f50f633cff80bb?s=96&d=mm&r=g","url":"https:\/\/secure.gravatar.com\/avatar\/adb75798b50800c24baa6a8706037b9469998c49eddeb95935f50f633cff80bb?s=96&d=mm&r=g","contentUrl":"https:\/\/secure.gravatar.com\/avatar\/adb75798b50800c24baa6a8706037b9469998c49eddeb95935f50f633cff80bb?s=96&d=mm&r=g","caption":"RMCR"},"url":"https:\/\/www.rmcr.org\/en\/author\/bitniks77\/"}]}},"_links":{"self":[{"href":"https:\/\/www.rmcr.org\/en\/wp-json\/wp\/v2\/posts\/6165","targetHints":{"allow":["GET"]}}],"collection":[{"href":"https:\/\/www.rmcr.org\/en\/wp-json\/wp\/v2\/posts"}],"about":[{"href":"https:\/\/www.rmcr.org\/en\/wp-json\/wp\/v2\/types\/post"}],"author":[{"embeddable":true,"href":"https:\/\/www.rmcr.org\/en\/wp-json\/wp\/v2\/users\/7"}],"replies":[{"embeddable":true,"href":"https:\/\/www.rmcr.org\/en\/wp-json\/wp\/v2\/comments?post=6165"}],"version-history":[{"count":3,"href":"https:\/\/www.rmcr.org\/en\/wp-json\/wp\/v2\/posts\/6165\/revisions"}],"predecessor-version":[{"id":15553,"href":"https:\/\/www.rmcr.org\/en\/wp-json\/wp\/v2\/posts\/6165\/revisions\/15553"}],"wp:attachment":[{"href":"https:\/\/www.rmcr.org\/en\/wp-json\/wp\/v2\/media?parent=6165"}],"wp:term":[{"taxonomy":"category","embeddable":true,"href":"https:\/\/www.rmcr.org\/en\/wp-json\/wp\/v2\/categories?post=6165"},{"taxonomy":"post_tag","embeddable":true,"href":"https:\/\/www.rmcr.org\/en\/wp-json\/wp\/v2\/tags?post=6165"}],"curies":[{"name":"wp","href":"https:\/\/api.w.org\/{rel}","templated":true}]}}