{"id":6164,"date":"2016-12-01T10:06:28","date_gmt":"2016-12-01T10:06:28","guid":{"rendered":"https:\/\/www.rmcr.org\/?p=6164"},"modified":"2022-10-13T08:31:26","modified_gmt":"2022-10-13T08:31:26","slug":"concierto-conmemorativo-del-iv-centenario-de-la-muerte-de-william-shakespeare","status":"publish","type":"post","link":"https:\/\/www.rmcr.org\/en\/2016\/12\/01\/concierto-conmemorativo-del-iv-centenario-de-la-muerte-de-william-shakespeare\/","title":{"rendered":"Concierto conmemorativo del IV centenario de la muerte de William Shakespeare"},"content":{"rendered":"<p><strong>La Real Maestranza de Caballer\u00eda de Ronda y la Escuela Superior de Canto de Madrid organizan un concierto, bajo el t\u00edtulo \u00abBlow, blow, thou winter wind\u00bb, en conmemoraci\u00f3n de los 400 a\u00f1os del fallecimiento&nbsp;del dramaturgo y poeta ingl\u00e9s (1564-1616).<\/strong><\/p>\n<p><a href=\"https:\/\/www.rmcr.org\/2016\/12\/shakespeare.jpg\"><img fetchpriority=\"high\" decoding=\"async\" class=\"aligncenter size-full wp-image-1234\" src=\"https:\/\/www.rmcr.org\/wp-content\/uploads\/2016\/12\/shakespeare.jpg\" alt=\"shakespeare\" width=\"414\" height=\"500\"><\/a><\/p>\n<p style=\"text-align:center;\"><em>Retrato de Shakespeare por Droeshout del llamado \u00abFirst Folio\u00bb (1623)<\/em><\/p>\n<p>El mi\u00e9rcoles 21 de diciembre de 2016, a las 20:30 horas, en la Biblioteca de la Real Maestranza de Caballer\u00eda de Ronda, los alumnos de la Escuela Superior de Canto de Madrid, bajo la tutela de sus profesores Miguel Bernal y El\u00edas Romero, ofrecer\u00e1n un recital de canciones sobre textos del insigne autor ingl\u00e9s.<\/p>\n<p>El programa realizar\u00e1 un recorrido por las diferentes generaciones de compositores que, desde el siglo XVII al XX, utilizaron las composiciones de Shakespeare como fuente de inspiraci\u00f3n. As\u00ed, se interpretar\u00e1n piezas de&nbsp;Henry Rowley Bishop (1786-1855), Robert Jones (ca. 1577-ca. 1615), Gerald Finzi (1901-1956), John Charles Clifton (1781-1841), Joseph Haydn (1732-1809), John Wilson (1595-1674), Roger Quilter (1877-1953), William Monk Gould (1856-1923), Richard Leveridge (1670-1758), Henry Purcell (1659-1695), Arthur Sullivan (1842-1900), Richard John Samuel Stevens (1757-1837), Charles Hubert Hastings Parry (1848-1918), William Arms Fisher (1861-1948), Carl Busch (1862-1943), Pelham Humfrey (1647-1674) y Thomas Dallis (1583).<\/p>\n<p>Las entradas, que tienen una tarifa general de 5 euros, se pondr\u00e1n a la venta a partir del mi\u00e9rcoles 7 de diciembre en la Taquilla de visitantes de la Plaza de Toros de Ronda.<\/p>\n<p style=\"text-align:center;\"><a href=\"https:\/\/www.rmcr.org\/2016\/12\/escm1.jpg\"><img decoding=\"async\" class=\"aligncenter size-full wp-image-1236\" src=\"https:\/\/www.rmcr.org\/wp-content\/uploads\/2016\/12\/escm1.jpg\" alt=\"escm\" width=\"470\" height=\"280\"><\/a><\/p>\n<p style=\"text-align:center;\"><em>Escuela Superior de Canto de Madrid<\/em><\/p>\n<p>Preparaci\u00f3n vocal y elecci\u00f3n de programa:<br \/>\nProf. Miguel Bernal<br \/>\nPiano:<br \/>\nProf. El\u00edas Romero<\/p>\n<p>Alumnos:<br \/>\nSacri Bleda, soprano<br \/>\nCarolina Mu\u00f1oz, mezzosoprano<br \/>\nSara Rapado, mezzosoprano<br \/>\nXi Hu, mezzosoprano<br \/>\nArnold Bonilla, tenor<br \/>\nJavier Agudo, bar\u00edtono<\/p>\n","protected":false},"excerpt":{"rendered":"<p>La Real Maestranza de Caballer\u00eda de Ronda y la Escuela Superior de Canto de Madrid organizan un concierto, bajo el t\u00edtulo \u00abBlow, blow, thou winter wind\u00bb, en conmemoraci\u00f3n de los 400 a\u00f1os del fallecimiento&nbsp;del dramaturgo y poeta ingl\u00e9s (1564-1616). Retrato de Shakespeare por Droeshout del llamado \u00abFirst Folio\u00bb (1623) El mi\u00e9rcoles 21 de diciembre de [&hellip;]<\/p>\n","protected":false},"author":7,"featured_media":11881,"comment_status":"open","ping_status":"open","sticky":false,"template":"","format":"standard","meta":{"footnotes":""},"categories":[200],"tags":[105,165,211],"class_list":["post-6164","post","type-post","status-publish","format-standard","has-post-thumbnail","hentry","category-actividad","tag-biblioteca-general","tag-conciertos","tag-william-shakespeare"],"yoast_head":"<!-- This site is optimized with the Yoast SEO plugin v27.5 - https:\/\/yoast.com\/product\/yoast-seo-wordpress\/ -->\n<title>Concierto conmemorativo del IV centenario de la muerte de William Shakespeare - Real Maestranza de Caballer\u00eda de Ronda<\/title>\n<meta name=\"robots\" content=\"index, follow, max-snippet:-1, max-image-preview:large, max-video-preview:-1\" \/>\n<link rel=\"canonical\" href=\"https:\/\/www.rmcr.org\/en\/2016\/12\/01\/concierto-conmemorativo-del-iv-centenario-de-la-muerte-de-william-shakespeare\/\" \/>\n<meta property=\"og:locale\" content=\"en_US\" \/>\n<meta property=\"og:type\" content=\"article\" \/>\n<meta property=\"og:title\" content=\"Concierto conmemorativo del IV centenario de la muerte de William Shakespeare - Real Maestranza de Caballer\u00eda de Ronda\" \/>\n<meta property=\"og:description\" content=\"La Real Maestranza de Caballer\u00eda de Ronda y la Escuela Superior de Canto de Madrid organizan un concierto, bajo el t\u00edtulo \u00abBlow, blow, thou winter wind\u00bb, en conmemoraci\u00f3n de los 400 a\u00f1os del fallecimiento&nbsp;del dramaturgo y poeta ingl\u00e9s (1564-1616). Retrato de Shakespeare por Droeshout del llamado \u00abFirst Folio\u00bb (1623) El mi\u00e9rcoles 21 de diciembre de [&hellip;]\" \/>\n<meta property=\"og:url\" content=\"https:\/\/www.rmcr.org\/en\/2016\/12\/01\/concierto-conmemorativo-del-iv-centenario-de-la-muerte-de-william-shakespeare\/\" \/>\n<meta property=\"og:site_name\" content=\"Real Maestranza de Caballer\u00eda de Ronda\" \/>\n<meta property=\"article:publisher\" content=\"https:\/\/www.facebook.com\/plazadetorosronda\" \/>\n<meta property=\"article:published_time\" content=\"2016-12-01T10:06:28+00:00\" \/>\n<meta property=\"article:modified_time\" content=\"2022-10-13T08:31:26+00:00\" \/>\n<meta property=\"og:image\" content=\"https:\/\/www.rmcr.org\/wp-content\/uploads\/2022\/10\/shak1.jpg\" \/>\n\t<meta property=\"og:image:width\" content=\"482\" \/>\n\t<meta property=\"og:image:height\" content=\"143\" \/>\n\t<meta property=\"og:image:type\" content=\"image\/jpeg\" \/>\n<meta name=\"author\" content=\"RMCR\" \/>\n<meta name=\"twitter:card\" content=\"summary_large_image\" \/>\n<meta name=\"twitter:creator\" content=\"@PlazatorosRMR\" \/>\n<meta name=\"twitter:site\" content=\"@PlazatorosRMR\" \/>\n<meta name=\"twitter:label1\" content=\"Written by\" \/>\n\t<meta name=\"twitter:data1\" content=\"RMCR\" \/>\n\t<meta name=\"twitter:label2\" content=\"Est. reading time\" \/>\n\t<meta name=\"twitter:data2\" content=\"1 minute\" \/>\n<script type=\"application\/ld+json\" class=\"yoast-schema-graph\">{\"@context\":\"https:\\\/\\\/schema.org\",\"@graph\":[{\"@type\":\"Article\",\"@id\":\"https:\\\/\\\/www.rmcr.org\\\/en\\\/2016\\\/12\\\/01\\\/concierto-conmemorativo-del-iv-centenario-de-la-muerte-de-william-shakespeare\\\/#article\",\"isPartOf\":{\"@id\":\"https:\\\/\\\/www.rmcr.org\\\/en\\\/2016\\\/12\\\/01\\\/concierto-conmemorativo-del-iv-centenario-de-la-muerte-de-william-shakespeare\\\/\"},\"author\":{\"name\":\"RMCR\",\"@id\":\"https:\\\/\\\/www.rmcr.org\\\/en\\\/#\\\/schema\\\/person\\\/7ddd0dafda7edd0e407157f93a56df4f\"},\"headline\":\"Concierto conmemorativo del IV centenario de la muerte de William Shakespeare\",\"datePublished\":\"2016-12-01T10:06:28+00:00\",\"dateModified\":\"2022-10-13T08:31:26+00:00\",\"mainEntityOfPage\":{\"@id\":\"https:\\\/\\\/www.rmcr.org\\\/en\\\/2016\\\/12\\\/01\\\/concierto-conmemorativo-del-iv-centenario-de-la-muerte-de-william-shakespeare\\\/\"},\"wordCount\":293,\"commentCount\":0,\"publisher\":{\"@id\":\"https:\\\/\\\/www.rmcr.org\\\/en\\\/#organization\"},\"image\":{\"@id\":\"https:\\\/\\\/www.rmcr.org\\\/en\\\/2016\\\/12\\\/01\\\/concierto-conmemorativo-del-iv-centenario-de-la-muerte-de-william-shakespeare\\\/#primaryimage\"},\"thumbnailUrl\":\"https:\\\/\\\/www.rmcr.org\\\/wp-content\\\/uploads\\\/2022\\\/10\\\/shak1.jpg\",\"keywords\":[\"Biblioteca\",\"Conciertos\",\"William Shakespeare\"],\"articleSection\":[\"Actividad\"],\"inLanguage\":\"en-US\",\"potentialAction\":[{\"@type\":\"CommentAction\",\"name\":\"Comment\",\"target\":[\"https:\\\/\\\/www.rmcr.org\\\/en\\\/2016\\\/12\\\/01\\\/concierto-conmemorativo-del-iv-centenario-de-la-muerte-de-william-shakespeare\\\/#respond\"]}]},{\"@type\":\"WebPage\",\"@id\":\"https:\\\/\\\/www.rmcr.org\\\/en\\\/2016\\\/12\\\/01\\\/concierto-conmemorativo-del-iv-centenario-de-la-muerte-de-william-shakespeare\\\/\",\"url\":\"https:\\\/\\\/www.rmcr.org\\\/en\\\/2016\\\/12\\\/01\\\/concierto-conmemorativo-del-iv-centenario-de-la-muerte-de-william-shakespeare\\\/\",\"name\":\"Concierto conmemorativo del IV centenario de la muerte de William Shakespeare - Real Maestranza de Caballer\u00eda de Ronda\",\"isPartOf\":{\"@id\":\"https:\\\/\\\/www.rmcr.org\\\/en\\\/#website\"},\"primaryImageOfPage\":{\"@id\":\"https:\\\/\\\/www.rmcr.org\\\/en\\\/2016\\\/12\\\/01\\\/concierto-conmemorativo-del-iv-centenario-de-la-muerte-de-william-shakespeare\\\/#primaryimage\"},\"image\":{\"@id\":\"https:\\\/\\\/www.rmcr.org\\\/en\\\/2016\\\/12\\\/01\\\/concierto-conmemorativo-del-iv-centenario-de-la-muerte-de-william-shakespeare\\\/#primaryimage\"},\"thumbnailUrl\":\"https:\\\/\\\/www.rmcr.org\\\/wp-content\\\/uploads\\\/2022\\\/10\\\/shak1.jpg\",\"datePublished\":\"2016-12-01T10:06:28+00:00\",\"dateModified\":\"2022-10-13T08:31:26+00:00\",\"breadcrumb\":{\"@id\":\"https:\\\/\\\/www.rmcr.org\\\/en\\\/2016\\\/12\\\/01\\\/concierto-conmemorativo-del-iv-centenario-de-la-muerte-de-william-shakespeare\\\/#breadcrumb\"},\"inLanguage\":\"en-US\",\"potentialAction\":[{\"@type\":\"ReadAction\",\"target\":[\"https:\\\/\\\/www.rmcr.org\\\/en\\\/2016\\\/12\\\/01\\\/concierto-conmemorativo-del-iv-centenario-de-la-muerte-de-william-shakespeare\\\/\"]}]},{\"@type\":\"ImageObject\",\"inLanguage\":\"en-US\",\"@id\":\"https:\\\/\\\/www.rmcr.org\\\/en\\\/2016\\\/12\\\/01\\\/concierto-conmemorativo-del-iv-centenario-de-la-muerte-de-william-shakespeare\\\/#primaryimage\",\"url\":\"https:\\\/\\\/www.rmcr.org\\\/wp-content\\\/uploads\\\/2022\\\/10\\\/shak1.jpg\",\"contentUrl\":\"https:\\\/\\\/www.rmcr.org\\\/wp-content\\\/uploads\\\/2022\\\/10\\\/shak1.jpg\",\"width\":482,\"height\":143},{\"@type\":\"BreadcrumbList\",\"@id\":\"https:\\\/\\\/www.rmcr.org\\\/en\\\/2016\\\/12\\\/01\\\/concierto-conmemorativo-del-iv-centenario-de-la-muerte-de-william-shakespeare\\\/#breadcrumb\",\"itemListElement\":[{\"@type\":\"ListItem\",\"position\":1,\"name\":\"REAL MAESTRANZA DE CABALLER\u00cdA DE RONDA\",\"item\":\"https:\\\/\\\/www.rmcr.org\\\/en\\\/\"},{\"@type\":\"ListItem\",\"position\":2,\"name\":\"Concierto conmemorativo del IV centenario de la muerte de William Shakespeare\"}]},{\"@type\":\"WebSite\",\"@id\":\"https:\\\/\\\/www.rmcr.org\\\/en\\\/#website\",\"url\":\"https:\\\/\\\/www.rmcr.org\\\/en\\\/\",\"name\":\"Real Maestranza de Caballer\u00eda de Ronda\",\"description\":\"Real Maestranza de Caballer\u00eda de Ronda\",\"publisher\":{\"@id\":\"https:\\\/\\\/www.rmcr.org\\\/en\\\/#organization\"},\"alternateName\":\"RMCR\",\"potentialAction\":[{\"@type\":\"SearchAction\",\"target\":{\"@type\":\"EntryPoint\",\"urlTemplate\":\"https:\\\/\\\/www.rmcr.org\\\/en\\\/?s={search_term_string}\"},\"query-input\":{\"@type\":\"PropertyValueSpecification\",\"valueRequired\":true,\"valueName\":\"search_term_string\"}}],\"inLanguage\":\"en-US\"},{\"@type\":\"Organization\",\"@id\":\"https:\\\/\\\/www.rmcr.org\\\/en\\\/#organization\",\"name\":\"Real Maestranza de Caballer\u00eda de Ronda\",\"alternateName\":\"RMR\",\"url\":\"https:\\\/\\\/www.rmcr.org\\\/en\\\/\",\"logo\":{\"@type\":\"ImageObject\",\"inLanguage\":\"en-US\",\"@id\":\"https:\\\/\\\/www.rmcr.org\\\/en\\\/#\\\/schema\\\/logo\\\/image\\\/\",\"url\":\"https:\\\/\\\/www.rmcr.org\\\/wp-content\\\/uploads\\\/2022\\\/07\\\/logo-rmr-blue.svg\",\"contentUrl\":\"https:\\\/\\\/www.rmcr.org\\\/wp-content\\\/uploads\\\/2022\\\/07\\\/logo-rmr-blue.svg\",\"width\":131,\"height\":129,\"caption\":\"Real Maestranza de Caballer\u00eda de Ronda\"},\"image\":{\"@id\":\"https:\\\/\\\/www.rmcr.org\\\/en\\\/#\\\/schema\\\/logo\\\/image\\\/\"},\"sameAs\":[\"https:\\\/\\\/www.facebook.com\\\/plazadetorosronda\",\"https:\\\/\\\/x.com\\\/PlazatorosRMR\",\"https:\\\/\\\/www.instagram.com\\\/realmaestranzaderonda\\\/\",\"https:\\\/\\\/www.youtube.com\\\/channel\\\/UCrbO5IUN-8v_QML739vM4zg\\\/videos\"]},{\"@type\":\"Person\",\"@id\":\"https:\\\/\\\/www.rmcr.org\\\/en\\\/#\\\/schema\\\/person\\\/7ddd0dafda7edd0e407157f93a56df4f\",\"name\":\"RMCR\",\"image\":{\"@type\":\"ImageObject\",\"inLanguage\":\"en-US\",\"@id\":\"https:\\\/\\\/secure.gravatar.com\\\/avatar\\\/adb75798b50800c24baa6a8706037b9469998c49eddeb95935f50f633cff80bb?s=96&d=mm&r=g\",\"url\":\"https:\\\/\\\/secure.gravatar.com\\\/avatar\\\/adb75798b50800c24baa6a8706037b9469998c49eddeb95935f50f633cff80bb?s=96&d=mm&r=g\",\"contentUrl\":\"https:\\\/\\\/secure.gravatar.com\\\/avatar\\\/adb75798b50800c24baa6a8706037b9469998c49eddeb95935f50f633cff80bb?s=96&d=mm&r=g\",\"caption\":\"RMCR\"},\"url\":\"https:\\\/\\\/www.rmcr.org\\\/en\\\/author\\\/bitniks77\\\/\"}]}<\/script>\n<!-- \/ Yoast SEO plugin. -->","yoast_head_json":{"title":"Concierto conmemorativo del IV centenario de la muerte de William Shakespeare - Real Maestranza de Caballer\u00eda de Ronda","robots":{"index":"index","follow":"follow","max-snippet":"max-snippet:-1","max-image-preview":"max-image-preview:large","max-video-preview":"max-video-preview:-1"},"canonical":"https:\/\/www.rmcr.org\/en\/2016\/12\/01\/concierto-conmemorativo-del-iv-centenario-de-la-muerte-de-william-shakespeare\/","og_locale":"en_US","og_type":"article","og_title":"Concierto conmemorativo del IV centenario de la muerte de William Shakespeare - Real Maestranza de Caballer\u00eda de Ronda","og_description":"La Real Maestranza de Caballer\u00eda de Ronda y la Escuela Superior de Canto de Madrid organizan un concierto, bajo el t\u00edtulo \u00abBlow, blow, thou winter wind\u00bb, en conmemoraci\u00f3n de los 400 a\u00f1os del fallecimiento&nbsp;del dramaturgo y poeta ingl\u00e9s (1564-1616). Retrato de Shakespeare por Droeshout del llamado \u00abFirst Folio\u00bb (1623) El mi\u00e9rcoles 21 de diciembre de [&hellip;]","og_url":"https:\/\/www.rmcr.org\/en\/2016\/12\/01\/concierto-conmemorativo-del-iv-centenario-de-la-muerte-de-william-shakespeare\/","og_site_name":"Real Maestranza de Caballer\u00eda de Ronda","article_publisher":"https:\/\/www.facebook.com\/plazadetorosronda","article_published_time":"2016-12-01T10:06:28+00:00","article_modified_time":"2022-10-13T08:31:26+00:00","og_image":[{"width":482,"height":143,"url":"https:\/\/www.rmcr.org\/wp-content\/uploads\/2022\/10\/shak1.jpg","type":"image\/jpeg"}],"author":"RMCR","twitter_card":"summary_large_image","twitter_creator":"@PlazatorosRMR","twitter_site":"@PlazatorosRMR","twitter_misc":{"Written by":"RMCR","Est. reading time":"1 minute"},"schema":{"@context":"https:\/\/schema.org","@graph":[{"@type":"Article","@id":"https:\/\/www.rmcr.org\/en\/2016\/12\/01\/concierto-conmemorativo-del-iv-centenario-de-la-muerte-de-william-shakespeare\/#article","isPartOf":{"@id":"https:\/\/www.rmcr.org\/en\/2016\/12\/01\/concierto-conmemorativo-del-iv-centenario-de-la-muerte-de-william-shakespeare\/"},"author":{"name":"RMCR","@id":"https:\/\/www.rmcr.org\/en\/#\/schema\/person\/7ddd0dafda7edd0e407157f93a56df4f"},"headline":"Concierto conmemorativo del IV centenario de la muerte de William Shakespeare","datePublished":"2016-12-01T10:06:28+00:00","dateModified":"2022-10-13T08:31:26+00:00","mainEntityOfPage":{"@id":"https:\/\/www.rmcr.org\/en\/2016\/12\/01\/concierto-conmemorativo-del-iv-centenario-de-la-muerte-de-william-shakespeare\/"},"wordCount":293,"commentCount":0,"publisher":{"@id":"https:\/\/www.rmcr.org\/en\/#organization"},"image":{"@id":"https:\/\/www.rmcr.org\/en\/2016\/12\/01\/concierto-conmemorativo-del-iv-centenario-de-la-muerte-de-william-shakespeare\/#primaryimage"},"thumbnailUrl":"https:\/\/www.rmcr.org\/wp-content\/uploads\/2022\/10\/shak1.jpg","keywords":["Biblioteca","Conciertos","William Shakespeare"],"articleSection":["Actividad"],"inLanguage":"en-US","potentialAction":[{"@type":"CommentAction","name":"Comment","target":["https:\/\/www.rmcr.org\/en\/2016\/12\/01\/concierto-conmemorativo-del-iv-centenario-de-la-muerte-de-william-shakespeare\/#respond"]}]},{"@type":"WebPage","@id":"https:\/\/www.rmcr.org\/en\/2016\/12\/01\/concierto-conmemorativo-del-iv-centenario-de-la-muerte-de-william-shakespeare\/","url":"https:\/\/www.rmcr.org\/en\/2016\/12\/01\/concierto-conmemorativo-del-iv-centenario-de-la-muerte-de-william-shakespeare\/","name":"Concierto conmemorativo del IV centenario de la muerte de William Shakespeare - Real Maestranza de Caballer\u00eda de Ronda","isPartOf":{"@id":"https:\/\/www.rmcr.org\/en\/#website"},"primaryImageOfPage":{"@id":"https:\/\/www.rmcr.org\/en\/2016\/12\/01\/concierto-conmemorativo-del-iv-centenario-de-la-muerte-de-william-shakespeare\/#primaryimage"},"image":{"@id":"https:\/\/www.rmcr.org\/en\/2016\/12\/01\/concierto-conmemorativo-del-iv-centenario-de-la-muerte-de-william-shakespeare\/#primaryimage"},"thumbnailUrl":"https:\/\/www.rmcr.org\/wp-content\/uploads\/2022\/10\/shak1.jpg","datePublished":"2016-12-01T10:06:28+00:00","dateModified":"2022-10-13T08:31:26+00:00","breadcrumb":{"@id":"https:\/\/www.rmcr.org\/en\/2016\/12\/01\/concierto-conmemorativo-del-iv-centenario-de-la-muerte-de-william-shakespeare\/#breadcrumb"},"inLanguage":"en-US","potentialAction":[{"@type":"ReadAction","target":["https:\/\/www.rmcr.org\/en\/2016\/12\/01\/concierto-conmemorativo-del-iv-centenario-de-la-muerte-de-william-shakespeare\/"]}]},{"@type":"ImageObject","inLanguage":"en-US","@id":"https:\/\/www.rmcr.org\/en\/2016\/12\/01\/concierto-conmemorativo-del-iv-centenario-de-la-muerte-de-william-shakespeare\/#primaryimage","url":"https:\/\/www.rmcr.org\/wp-content\/uploads\/2022\/10\/shak1.jpg","contentUrl":"https:\/\/www.rmcr.org\/wp-content\/uploads\/2022\/10\/shak1.jpg","width":482,"height":143},{"@type":"BreadcrumbList","@id":"https:\/\/www.rmcr.org\/en\/2016\/12\/01\/concierto-conmemorativo-del-iv-centenario-de-la-muerte-de-william-shakespeare\/#breadcrumb","itemListElement":[{"@type":"ListItem","position":1,"name":"REAL MAESTRANZA DE CABALLER\u00cdA DE RONDA","item":"https:\/\/www.rmcr.org\/en\/"},{"@type":"ListItem","position":2,"name":"Concierto conmemorativo del IV centenario de la muerte de William Shakespeare"}]},{"@type":"WebSite","@id":"https:\/\/www.rmcr.org\/en\/#website","url":"https:\/\/www.rmcr.org\/en\/","name":"Real Maestranza de Caballer\u00eda de Ronda","description":"Real Maestranza de Caballer\u00eda de Ronda","publisher":{"@id":"https:\/\/www.rmcr.org\/en\/#organization"},"alternateName":"RMCR","potentialAction":[{"@type":"SearchAction","target":{"@type":"EntryPoint","urlTemplate":"https:\/\/www.rmcr.org\/en\/?s={search_term_string}"},"query-input":{"@type":"PropertyValueSpecification","valueRequired":true,"valueName":"search_term_string"}}],"inLanguage":"en-US"},{"@type":"Organization","@id":"https:\/\/www.rmcr.org\/en\/#organization","name":"Real Maestranza de Caballer\u00eda de Ronda","alternateName":"RMR","url":"https:\/\/www.rmcr.org\/en\/","logo":{"@type":"ImageObject","inLanguage":"en-US","@id":"https:\/\/www.rmcr.org\/en\/#\/schema\/logo\/image\/","url":"https:\/\/www.rmcr.org\/wp-content\/uploads\/2022\/07\/logo-rmr-blue.svg","contentUrl":"https:\/\/www.rmcr.org\/wp-content\/uploads\/2022\/07\/logo-rmr-blue.svg","width":131,"height":129,"caption":"Real Maestranza de Caballer\u00eda de Ronda"},"image":{"@id":"https:\/\/www.rmcr.org\/en\/#\/schema\/logo\/image\/"},"sameAs":["https:\/\/www.facebook.com\/plazadetorosronda","https:\/\/x.com\/PlazatorosRMR","https:\/\/www.instagram.com\/realmaestranzaderonda\/","https:\/\/www.youtube.com\/channel\/UCrbO5IUN-8v_QML739vM4zg\/videos"]},{"@type":"Person","@id":"https:\/\/www.rmcr.org\/en\/#\/schema\/person\/7ddd0dafda7edd0e407157f93a56df4f","name":"RMCR","image":{"@type":"ImageObject","inLanguage":"en-US","@id":"https:\/\/secure.gravatar.com\/avatar\/adb75798b50800c24baa6a8706037b9469998c49eddeb95935f50f633cff80bb?s=96&d=mm&r=g","url":"https:\/\/secure.gravatar.com\/avatar\/adb75798b50800c24baa6a8706037b9469998c49eddeb95935f50f633cff80bb?s=96&d=mm&r=g","contentUrl":"https:\/\/secure.gravatar.com\/avatar\/adb75798b50800c24baa6a8706037b9469998c49eddeb95935f50f633cff80bb?s=96&d=mm&r=g","caption":"RMCR"},"url":"https:\/\/www.rmcr.org\/en\/author\/bitniks77\/"}]}},"_links":{"self":[{"href":"https:\/\/www.rmcr.org\/en\/wp-json\/wp\/v2\/posts\/6164","targetHints":{"allow":["GET"]}}],"collection":[{"href":"https:\/\/www.rmcr.org\/en\/wp-json\/wp\/v2\/posts"}],"about":[{"href":"https:\/\/www.rmcr.org\/en\/wp-json\/wp\/v2\/types\/post"}],"author":[{"embeddable":true,"href":"https:\/\/www.rmcr.org\/en\/wp-json\/wp\/v2\/users\/7"}],"replies":[{"embeddable":true,"href":"https:\/\/www.rmcr.org\/en\/wp-json\/wp\/v2\/comments?post=6164"}],"version-history":[{"count":1,"href":"https:\/\/www.rmcr.org\/en\/wp-json\/wp\/v2\/posts\/6164\/revisions"}],"predecessor-version":[{"id":11883,"href":"https:\/\/www.rmcr.org\/en\/wp-json\/wp\/v2\/posts\/6164\/revisions\/11883"}],"wp:featuredmedia":[{"embeddable":true,"href":"https:\/\/www.rmcr.org\/en\/wp-json\/wp\/v2\/media\/11881"}],"wp:attachment":[{"href":"https:\/\/www.rmcr.org\/en\/wp-json\/wp\/v2\/media?parent=6164"}],"wp:term":[{"taxonomy":"category","embeddable":true,"href":"https:\/\/www.rmcr.org\/en\/wp-json\/wp\/v2\/categories?post=6164"},{"taxonomy":"post_tag","embeddable":true,"href":"https:\/\/www.rmcr.org\/en\/wp-json\/wp\/v2\/tags?post=6164"}],"curies":[{"name":"wp","href":"https:\/\/api.w.org\/{rel}","templated":true}]}}