{"id":6161,"date":"2016-09-16T11:08:38","date_gmt":"2016-09-16T11:08:38","guid":{"rendered":"https:\/\/www.rmcr.org\/?p=6161"},"modified":"2025-04-03T17:11:19","modified_gmt":"2025-04-03T17:11:19","slug":"presentacion-del-libro-olvidar-la-muerte-pensamiento-del-toreo-desde-america","status":"publish","type":"post","link":"https:\/\/www.rmcr.org\/en\/2016\/09\/16\/presentacion-del-libro-olvidar-la-muerte-pensamiento-del-toreo-desde-america\/","title":{"rendered":"Presentaci\u00f3n del libro \u00abOlvidar la muerte. Pensamiento del toreo desde Am\u00e9rica\u00bb"},"content":{"rendered":"<p style=\"text-align:justify;\">El pasado 10 de septiembre de 2016, s\u00e1bado de Goyesca, en el Sal\u00f3n de Grados de la Real Maestranza de Caballer\u00eda de Ronda, se present\u00f3 el libro \u00abOlvidar la muerte. Pensamiento del toreo desde Am\u00e9rica\u00bb, del escritor venezolano Luis P\u00e9rez Oramas, publicado por Editorial Pretextos en coedici\u00f3n con la Maestranza ronde\u00f1a. Participaron en la presentaci\u00f3n: Rafael Atienza Medina, Teniente de Hermano Mayor de la Real Maestranza de Caballer\u00eda de Ronda; V\u00edctor G\u00f3mez Pin, Catedr\u00e1tico de Filosof\u00eda de la Universidad Aut\u00f3noma de Barcelona; Pedro Romero de Sol\u00eds, profesor de Sociolog\u00eda de la Universidad de Sevilla; as\u00ed como el propio autor.<\/p>\n<p style=\"text-align:center;\"><a href=\"https:\/\/www.rmcr.org\/2016\/09\/pre_oramas.jpg\"><img fetchpriority=\"high\" decoding=\"async\" class=\"aligncenter size-full wp-image-1194\" src=\"https:\/\/www.rmcr.org\/wp-content\/uploads\/2016\/09\/pre_oramas.jpg\" alt=\"pre_oramas\" width=\"470\" height=\"310\"><\/a><\/p>\n<p style=\"text-align:justify;\">Esta obra puede considerarse dentro del g\u00e9nero espec\u00edfico de la literatura taurina consistente en reflexiones breves, aforismos, fragmentos ensay\u00edsticos, en el que otros autores -de Jos\u00e9 Bergam\u00edn a Francis Marmande- han sobresalido. \u00abOlvidar la muerte\u00bb sigue este modelo, produciendo una reflexi\u00f3n filos\u00f3fica e hist\u00f3rica sobre el toreo entre Espa\u00f1a y la Am\u00e9rica hispana. El autor contribuye con su interpretaci\u00f3n del sentido pol\u00edtico de la tauromaquia y de su antropol\u00f3gica actualidad como ceremonia de la diferencia humana con relaci\u00f3n al reino animal.<\/p>\n<p style=\"text-align:justify;\">Ante un p\u00fablico interesado, los protagonistas de la presentaci\u00f3n fueron considerando diversas aportaciones en relaci\u00f3n con el sentido y significado de la fiesta taurina. El acto comenz\u00f3 con las palabras de agradecimiento del Teniente de Hermano Mayor, Rafael Atienza Medina, destacando la importancia y trascendencia que lo taurino tiene fuera de Espa\u00f1a. Seguidamente tom\u00f3 la palabra V\u00edctor G\u00f3mez Pin, que incidi\u00f3 en el aspecto est\u00e9tico de la fiesta, en la que la muerte siempre est\u00e1 presente como parte de una filosof\u00eda de la tauromaquia.<\/p>\n<p style=\"text-align:justify;\">Por su parte, Pedro Romero de Sol\u00eds expuso que en el auge del toreo popular est\u00e1 la base de la recuperaci\u00f3n de la fiesta, recordando que el mundo del toro sigue inmerso en una crisis contempor\u00e1nea. Por \u00faltimo, Luis P\u00e9rez Oramas&nbsp;confes\u00f3 que el origen del texto est\u00e1 en su car\u00e1cter diletante en cuestiones taurinas. Igualmente, en un an\u00e1lisis m\u00e1s exhaustivo, equipar\u00f3 la figura del torero con H\u00e9rcules, manifestando el sentido mitol\u00f3gico del acto de la lidia. Todo sin apartar la mirar sobre el hecho de que la tauromaquia siempre ha vivido en un estado ag\u00f3nico.<\/p>\n<p style=\"text-align:center;\"><a href=\"https:\/\/www.rmcr.org\/2016\/09\/pre_luis.jpg\"><img decoding=\"async\" class=\"aligncenter size-full wp-image-1195\" src=\"https:\/\/www.rmcr.org\/wp-content\/uploads\/2016\/09\/pre_luis.jpg\" alt=\"pre_luis\" width=\"470\" height=\"426\"><\/a><\/p>\n<p style=\"text-align:justify;\">Luis P\u00e9rez Oramas naci\u00f3 en Caracas en 1960. Desde 1978 ha publicado ocho poemarios, los dos \u00faltimos con&nbsp;Pre-Textos: \u00abPrisionero del aire\u00bb (2008) y \u00abLa dulce astilla\u00bb (2015). Ensayista, cr\u00edtico y comisario de artes visuales, ha publicado diversos libros de ensayo y cat\u00e1logos y ha comisariado numerosos proyectos expositivos. Doctor en Historia del Arte por la Escuela de Altos Estudios en Ciencias Sociales (Par\u00eds, 1994). Actualmente trabaja como asesor de arte latinoamericano en el Museo de Arte Moderno de Nueva York.<\/p>\n","protected":false},"excerpt":{"rendered":"<p>El pasado 10 de septiembre de 2016, s\u00e1bado de Goyesca, en el Sal\u00f3n de Grados de la Real Maestranza de Caballer\u00eda de Ronda, se present\u00f3 el libro \u00abOlvidar la muerte. Pensamiento del toreo desde Am\u00e9rica\u00bb, del escritor venezolano Luis P\u00e9rez Oramas, publicado por Editorial Pretextos en coedici\u00f3n con la Maestranza ronde\u00f1a. Participaron en la presentaci\u00f3n: [&hellip;]<\/p>\n","protected":false},"author":2,"featured_media":11845,"comment_status":"open","ping_status":"open","sticky":false,"template":"","format":"standard","meta":{"footnotes":""},"categories":[140,193,138],"tags":[105,136,137,801,802,84,189,750,476],"class_list":["post-6161","post","type-post","status-publish","format-standard","has-post-thumbnail","hentry","category-biblioteca","category-presentaciones","category-publicaciones","tag-biblioteca-general","tag-editorial-pre-textos","tag-libros","tag-luis-perez-oramas","tag-pedro-romero-de-solis","tag-rafael-atienza-medina","tag-tauromaquia","tag-tradicional-corrida-goyesca","tag-victor-gomez-pin"],"yoast_head":"<!-- This site is optimized with the Yoast SEO plugin v27.5 - https:\/\/yoast.com\/product\/yoast-seo-wordpress\/ -->\n<title>Presentaci\u00f3n del libro \u00abOlvidar la muerte. Pensamiento del toreo desde Am\u00e9rica\u00bb - Real Maestranza de Caballer\u00eda de Ronda<\/title>\n<meta name=\"robots\" content=\"index, follow, max-snippet:-1, max-image-preview:large, max-video-preview:-1\" \/>\n<link rel=\"canonical\" href=\"https:\/\/www.rmcr.org\/en\/2016\/09\/16\/presentacion-del-libro-olvidar-la-muerte-pensamiento-del-toreo-desde-america\/\" \/>\n<meta property=\"og:locale\" content=\"en_US\" \/>\n<meta property=\"og:type\" content=\"article\" \/>\n<meta property=\"og:title\" content=\"Presentaci\u00f3n del libro \u00abOlvidar la muerte. Pensamiento del toreo desde Am\u00e9rica\u00bb - Real Maestranza de Caballer\u00eda de Ronda\" \/>\n<meta property=\"og:description\" content=\"El pasado 10 de septiembre de 2016, s\u00e1bado de Goyesca, en el Sal\u00f3n de Grados de la Real Maestranza de Caballer\u00eda de Ronda, se present\u00f3 el libro \u00abOlvidar la muerte. Pensamiento del toreo desde Am\u00e9rica\u00bb, del escritor venezolano Luis P\u00e9rez Oramas, publicado por Editorial Pretextos en coedici\u00f3n con la Maestranza ronde\u00f1a. Participaron en la presentaci\u00f3n: [&hellip;]\" \/>\n<meta property=\"og:url\" content=\"https:\/\/www.rmcr.org\/en\/2016\/09\/16\/presentacion-del-libro-olvidar-la-muerte-pensamiento-del-toreo-desde-america\/\" \/>\n<meta property=\"og:site_name\" content=\"Real Maestranza de Caballer\u00eda de Ronda\" \/>\n<meta property=\"article:publisher\" content=\"https:\/\/www.facebook.com\/plazadetorosronda\" \/>\n<meta property=\"article:published_time\" content=\"2016-09-16T11:08:38+00:00\" \/>\n<meta property=\"article:modified_time\" content=\"2025-04-03T17:11:19+00:00\" \/>\n<meta property=\"og:image\" content=\"https:\/\/www.rmcr.org\/wp-content\/uploads\/2022\/10\/lpo.jpg\" \/>\n\t<meta property=\"og:image:width\" content=\"482\" \/>\n\t<meta property=\"og:image:height\" content=\"143\" \/>\n\t<meta property=\"og:image:type\" content=\"image\/jpeg\" \/>\n<meta name=\"author\" content=\"BIBLIOTECA\" \/>\n<meta name=\"twitter:card\" content=\"summary_large_image\" \/>\n<meta name=\"twitter:creator\" content=\"@PlazatorosRMR\" \/>\n<meta name=\"twitter:site\" content=\"@PlazatorosRMR\" \/>\n<meta name=\"twitter:label1\" content=\"Written by\" \/>\n\t<meta name=\"twitter:data1\" content=\"BIBLIOTECA\" \/>\n\t<meta name=\"twitter:label2\" content=\"Est. reading time\" \/>\n\t<meta name=\"twitter:data2\" content=\"2 minutes\" \/>\n<script type=\"application\/ld+json\" class=\"yoast-schema-graph\">{\"@context\":\"https:\\\/\\\/schema.org\",\"@graph\":[{\"@type\":\"Article\",\"@id\":\"https:\\\/\\\/www.rmcr.org\\\/en\\\/2016\\\/09\\\/16\\\/presentacion-del-libro-olvidar-la-muerte-pensamiento-del-toreo-desde-america\\\/#article\",\"isPartOf\":{\"@id\":\"https:\\\/\\\/www.rmcr.org\\\/en\\\/2016\\\/09\\\/16\\\/presentacion-del-libro-olvidar-la-muerte-pensamiento-del-toreo-desde-america\\\/\"},\"author\":{\"name\":\"BIBLIOTECA\",\"@id\":\"https:\\\/\\\/www.rmcr.org\\\/en\\\/#\\\/schema\\\/person\\\/80849edee7ef556893505128619ea1d0\"},\"headline\":\"Presentaci\u00f3n del libro \u00abOlvidar la muerte. Pensamiento del toreo desde Am\u00e9rica\u00bb\",\"datePublished\":\"2016-09-16T11:08:38+00:00\",\"dateModified\":\"2025-04-03T17:11:19+00:00\",\"mainEntityOfPage\":{\"@id\":\"https:\\\/\\\/www.rmcr.org\\\/en\\\/2016\\\/09\\\/16\\\/presentacion-del-libro-olvidar-la-muerte-pensamiento-del-toreo-desde-america\\\/\"},\"wordCount\":500,\"commentCount\":0,\"publisher\":{\"@id\":\"https:\\\/\\\/www.rmcr.org\\\/en\\\/#organization\"},\"image\":{\"@id\":\"https:\\\/\\\/www.rmcr.org\\\/en\\\/2016\\\/09\\\/16\\\/presentacion-del-libro-olvidar-la-muerte-pensamiento-del-toreo-desde-america\\\/#primaryimage\"},\"thumbnailUrl\":\"https:\\\/\\\/www.rmcr.org\\\/wp-content\\\/uploads\\\/2022\\\/10\\\/lpo.jpg\",\"keywords\":[\"Biblioteca\",\"Editorial Pre-Textos\",\"Libros\",\"Luis P\u00e9rez Oramas\",\"Pedro Romero de Sol\u00eds\",\"Rafael Atienza Medina\",\"Tauromaquia\",\"Tradicional Corrida Goyesca\",\"Victor G\u00f3mez Pin\"],\"articleSection\":[\"Biblioteca\",\"Presentaciones\",\"Publicaciones\"],\"inLanguage\":\"en-US\",\"potentialAction\":[{\"@type\":\"CommentAction\",\"name\":\"Comment\",\"target\":[\"https:\\\/\\\/www.rmcr.org\\\/en\\\/2016\\\/09\\\/16\\\/presentacion-del-libro-olvidar-la-muerte-pensamiento-del-toreo-desde-america\\\/#respond\"]}]},{\"@type\":\"WebPage\",\"@id\":\"https:\\\/\\\/www.rmcr.org\\\/en\\\/2016\\\/09\\\/16\\\/presentacion-del-libro-olvidar-la-muerte-pensamiento-del-toreo-desde-america\\\/\",\"url\":\"https:\\\/\\\/www.rmcr.org\\\/en\\\/2016\\\/09\\\/16\\\/presentacion-del-libro-olvidar-la-muerte-pensamiento-del-toreo-desde-america\\\/\",\"name\":\"Presentaci\u00f3n del libro \u00abOlvidar la muerte. Pensamiento del toreo desde Am\u00e9rica\u00bb - Real Maestranza de Caballer\u00eda de Ronda\",\"isPartOf\":{\"@id\":\"https:\\\/\\\/www.rmcr.org\\\/en\\\/#website\"},\"primaryImageOfPage\":{\"@id\":\"https:\\\/\\\/www.rmcr.org\\\/en\\\/2016\\\/09\\\/16\\\/presentacion-del-libro-olvidar-la-muerte-pensamiento-del-toreo-desde-america\\\/#primaryimage\"},\"image\":{\"@id\":\"https:\\\/\\\/www.rmcr.org\\\/en\\\/2016\\\/09\\\/16\\\/presentacion-del-libro-olvidar-la-muerte-pensamiento-del-toreo-desde-america\\\/#primaryimage\"},\"thumbnailUrl\":\"https:\\\/\\\/www.rmcr.org\\\/wp-content\\\/uploads\\\/2022\\\/10\\\/lpo.jpg\",\"datePublished\":\"2016-09-16T11:08:38+00:00\",\"dateModified\":\"2025-04-03T17:11:19+00:00\",\"breadcrumb\":{\"@id\":\"https:\\\/\\\/www.rmcr.org\\\/en\\\/2016\\\/09\\\/16\\\/presentacion-del-libro-olvidar-la-muerte-pensamiento-del-toreo-desde-america\\\/#breadcrumb\"},\"inLanguage\":\"en-US\",\"potentialAction\":[{\"@type\":\"ReadAction\",\"target\":[\"https:\\\/\\\/www.rmcr.org\\\/en\\\/2016\\\/09\\\/16\\\/presentacion-del-libro-olvidar-la-muerte-pensamiento-del-toreo-desde-america\\\/\"]}]},{\"@type\":\"ImageObject\",\"inLanguage\":\"en-US\",\"@id\":\"https:\\\/\\\/www.rmcr.org\\\/en\\\/2016\\\/09\\\/16\\\/presentacion-del-libro-olvidar-la-muerte-pensamiento-del-toreo-desde-america\\\/#primaryimage\",\"url\":\"https:\\\/\\\/www.rmcr.org\\\/wp-content\\\/uploads\\\/2022\\\/10\\\/lpo.jpg\",\"contentUrl\":\"https:\\\/\\\/www.rmcr.org\\\/wp-content\\\/uploads\\\/2022\\\/10\\\/lpo.jpg\",\"width\":482,\"height\":143},{\"@type\":\"BreadcrumbList\",\"@id\":\"https:\\\/\\\/www.rmcr.org\\\/en\\\/2016\\\/09\\\/16\\\/presentacion-del-libro-olvidar-la-muerte-pensamiento-del-toreo-desde-america\\\/#breadcrumb\",\"itemListElement\":[{\"@type\":\"ListItem\",\"position\":1,\"name\":\"REAL MAESTRANZA DE CABALLER\u00cdA DE RONDA\",\"item\":\"https:\\\/\\\/www.rmcr.org\\\/en\\\/\"},{\"@type\":\"ListItem\",\"position\":2,\"name\":\"Presentaci\u00f3n del libro \u00abOlvidar la muerte. Pensamiento del toreo desde Am\u00e9rica\u00bb\"}]},{\"@type\":\"WebSite\",\"@id\":\"https:\\\/\\\/www.rmcr.org\\\/en\\\/#website\",\"url\":\"https:\\\/\\\/www.rmcr.org\\\/en\\\/\",\"name\":\"Real Maestranza de Caballer\u00eda de Ronda\",\"description\":\"Real Maestranza de Caballer\u00eda de Ronda\",\"publisher\":{\"@id\":\"https:\\\/\\\/www.rmcr.org\\\/en\\\/#organization\"},\"alternateName\":\"RMCR\",\"potentialAction\":[{\"@type\":\"SearchAction\",\"target\":{\"@type\":\"EntryPoint\",\"urlTemplate\":\"https:\\\/\\\/www.rmcr.org\\\/en\\\/?s={search_term_string}\"},\"query-input\":{\"@type\":\"PropertyValueSpecification\",\"valueRequired\":true,\"valueName\":\"search_term_string\"}}],\"inLanguage\":\"en-US\"},{\"@type\":\"Organization\",\"@id\":\"https:\\\/\\\/www.rmcr.org\\\/en\\\/#organization\",\"name\":\"Real Maestranza de Caballer\u00eda de Ronda\",\"alternateName\":\"RMR\",\"url\":\"https:\\\/\\\/www.rmcr.org\\\/en\\\/\",\"logo\":{\"@type\":\"ImageObject\",\"inLanguage\":\"en-US\",\"@id\":\"https:\\\/\\\/www.rmcr.org\\\/en\\\/#\\\/schema\\\/logo\\\/image\\\/\",\"url\":\"https:\\\/\\\/www.rmcr.org\\\/wp-content\\\/uploads\\\/2022\\\/07\\\/logo-rmr-blue.svg\",\"contentUrl\":\"https:\\\/\\\/www.rmcr.org\\\/wp-content\\\/uploads\\\/2022\\\/07\\\/logo-rmr-blue.svg\",\"width\":131,\"height\":129,\"caption\":\"Real Maestranza de Caballer\u00eda de Ronda\"},\"image\":{\"@id\":\"https:\\\/\\\/www.rmcr.org\\\/en\\\/#\\\/schema\\\/logo\\\/image\\\/\"},\"sameAs\":[\"https:\\\/\\\/www.facebook.com\\\/plazadetorosronda\",\"https:\\\/\\\/x.com\\\/PlazatorosRMR\",\"https:\\\/\\\/www.instagram.com\\\/realmaestranzaderonda\\\/\",\"https:\\\/\\\/www.youtube.com\\\/channel\\\/UCrbO5IUN-8v_QML739vM4zg\\\/videos\"]},{\"@type\":\"Person\",\"@id\":\"https:\\\/\\\/www.rmcr.org\\\/en\\\/#\\\/schema\\\/person\\\/80849edee7ef556893505128619ea1d0\",\"name\":\"BIBLIOTECA\",\"image\":{\"@type\":\"ImageObject\",\"inLanguage\":\"en-US\",\"@id\":\"https:\\\/\\\/www.rmcr.org\\\/wp-content\\\/uploads\\\/2022\\\/11\\\/avatar-rmcr-96x96.png\",\"url\":\"https:\\\/\\\/www.rmcr.org\\\/wp-content\\\/uploads\\\/2022\\\/11\\\/avatar-rmcr-96x96.png\",\"contentUrl\":\"https:\\\/\\\/www.rmcr.org\\\/wp-content\\\/uploads\\\/2022\\\/11\\\/avatar-rmcr-96x96.png\",\"caption\":\"BIBLIOTECA\"},\"url\":\"https:\\\/\\\/www.rmcr.org\\\/en\\\/author\\\/juan-antonio-moreno\\\/\"}]}<\/script>\n<!-- \/ Yoast SEO plugin. -->","yoast_head_json":{"title":"Presentaci\u00f3n del libro \u00abOlvidar la muerte. Pensamiento del toreo desde Am\u00e9rica\u00bb - Real Maestranza de Caballer\u00eda de Ronda","robots":{"index":"index","follow":"follow","max-snippet":"max-snippet:-1","max-image-preview":"max-image-preview:large","max-video-preview":"max-video-preview:-1"},"canonical":"https:\/\/www.rmcr.org\/en\/2016\/09\/16\/presentacion-del-libro-olvidar-la-muerte-pensamiento-del-toreo-desde-america\/","og_locale":"en_US","og_type":"article","og_title":"Presentaci\u00f3n del libro \u00abOlvidar la muerte. Pensamiento del toreo desde Am\u00e9rica\u00bb - Real Maestranza de Caballer\u00eda de Ronda","og_description":"El pasado 10 de septiembre de 2016, s\u00e1bado de Goyesca, en el Sal\u00f3n de Grados de la Real Maestranza de Caballer\u00eda de Ronda, se present\u00f3 el libro \u00abOlvidar la muerte. Pensamiento del toreo desde Am\u00e9rica\u00bb, del escritor venezolano Luis P\u00e9rez Oramas, publicado por Editorial Pretextos en coedici\u00f3n con la Maestranza ronde\u00f1a. Participaron en la presentaci\u00f3n: [&hellip;]","og_url":"https:\/\/www.rmcr.org\/en\/2016\/09\/16\/presentacion-del-libro-olvidar-la-muerte-pensamiento-del-toreo-desde-america\/","og_site_name":"Real Maestranza de Caballer\u00eda de Ronda","article_publisher":"https:\/\/www.facebook.com\/plazadetorosronda","article_published_time":"2016-09-16T11:08:38+00:00","article_modified_time":"2025-04-03T17:11:19+00:00","og_image":[{"width":482,"height":143,"url":"https:\/\/www.rmcr.org\/wp-content\/uploads\/2022\/10\/lpo.jpg","type":"image\/jpeg"}],"author":"BIBLIOTECA","twitter_card":"summary_large_image","twitter_creator":"@PlazatorosRMR","twitter_site":"@PlazatorosRMR","twitter_misc":{"Written by":"BIBLIOTECA","Est. reading time":"2 minutes"},"schema":{"@context":"https:\/\/schema.org","@graph":[{"@type":"Article","@id":"https:\/\/www.rmcr.org\/en\/2016\/09\/16\/presentacion-del-libro-olvidar-la-muerte-pensamiento-del-toreo-desde-america\/#article","isPartOf":{"@id":"https:\/\/www.rmcr.org\/en\/2016\/09\/16\/presentacion-del-libro-olvidar-la-muerte-pensamiento-del-toreo-desde-america\/"},"author":{"name":"BIBLIOTECA","@id":"https:\/\/www.rmcr.org\/en\/#\/schema\/person\/80849edee7ef556893505128619ea1d0"},"headline":"Presentaci\u00f3n del libro \u00abOlvidar la muerte. Pensamiento del toreo desde Am\u00e9rica\u00bb","datePublished":"2016-09-16T11:08:38+00:00","dateModified":"2025-04-03T17:11:19+00:00","mainEntityOfPage":{"@id":"https:\/\/www.rmcr.org\/en\/2016\/09\/16\/presentacion-del-libro-olvidar-la-muerte-pensamiento-del-toreo-desde-america\/"},"wordCount":500,"commentCount":0,"publisher":{"@id":"https:\/\/www.rmcr.org\/en\/#organization"},"image":{"@id":"https:\/\/www.rmcr.org\/en\/2016\/09\/16\/presentacion-del-libro-olvidar-la-muerte-pensamiento-del-toreo-desde-america\/#primaryimage"},"thumbnailUrl":"https:\/\/www.rmcr.org\/wp-content\/uploads\/2022\/10\/lpo.jpg","keywords":["Biblioteca","Editorial Pre-Textos","Libros","Luis P\u00e9rez Oramas","Pedro Romero de Sol\u00eds","Rafael Atienza Medina","Tauromaquia","Tradicional Corrida Goyesca","Victor G\u00f3mez Pin"],"articleSection":["Biblioteca","Presentaciones","Publicaciones"],"inLanguage":"en-US","potentialAction":[{"@type":"CommentAction","name":"Comment","target":["https:\/\/www.rmcr.org\/en\/2016\/09\/16\/presentacion-del-libro-olvidar-la-muerte-pensamiento-del-toreo-desde-america\/#respond"]}]},{"@type":"WebPage","@id":"https:\/\/www.rmcr.org\/en\/2016\/09\/16\/presentacion-del-libro-olvidar-la-muerte-pensamiento-del-toreo-desde-america\/","url":"https:\/\/www.rmcr.org\/en\/2016\/09\/16\/presentacion-del-libro-olvidar-la-muerte-pensamiento-del-toreo-desde-america\/","name":"Presentaci\u00f3n del libro \u00abOlvidar la muerte. Pensamiento del toreo desde Am\u00e9rica\u00bb - Real Maestranza de Caballer\u00eda de Ronda","isPartOf":{"@id":"https:\/\/www.rmcr.org\/en\/#website"},"primaryImageOfPage":{"@id":"https:\/\/www.rmcr.org\/en\/2016\/09\/16\/presentacion-del-libro-olvidar-la-muerte-pensamiento-del-toreo-desde-america\/#primaryimage"},"image":{"@id":"https:\/\/www.rmcr.org\/en\/2016\/09\/16\/presentacion-del-libro-olvidar-la-muerte-pensamiento-del-toreo-desde-america\/#primaryimage"},"thumbnailUrl":"https:\/\/www.rmcr.org\/wp-content\/uploads\/2022\/10\/lpo.jpg","datePublished":"2016-09-16T11:08:38+00:00","dateModified":"2025-04-03T17:11:19+00:00","breadcrumb":{"@id":"https:\/\/www.rmcr.org\/en\/2016\/09\/16\/presentacion-del-libro-olvidar-la-muerte-pensamiento-del-toreo-desde-america\/#breadcrumb"},"inLanguage":"en-US","potentialAction":[{"@type":"ReadAction","target":["https:\/\/www.rmcr.org\/en\/2016\/09\/16\/presentacion-del-libro-olvidar-la-muerte-pensamiento-del-toreo-desde-america\/"]}]},{"@type":"ImageObject","inLanguage":"en-US","@id":"https:\/\/www.rmcr.org\/en\/2016\/09\/16\/presentacion-del-libro-olvidar-la-muerte-pensamiento-del-toreo-desde-america\/#primaryimage","url":"https:\/\/www.rmcr.org\/wp-content\/uploads\/2022\/10\/lpo.jpg","contentUrl":"https:\/\/www.rmcr.org\/wp-content\/uploads\/2022\/10\/lpo.jpg","width":482,"height":143},{"@type":"BreadcrumbList","@id":"https:\/\/www.rmcr.org\/en\/2016\/09\/16\/presentacion-del-libro-olvidar-la-muerte-pensamiento-del-toreo-desde-america\/#breadcrumb","itemListElement":[{"@type":"ListItem","position":1,"name":"REAL MAESTRANZA DE CABALLER\u00cdA DE RONDA","item":"https:\/\/www.rmcr.org\/en\/"},{"@type":"ListItem","position":2,"name":"Presentaci\u00f3n del libro \u00abOlvidar la muerte. Pensamiento del toreo desde Am\u00e9rica\u00bb"}]},{"@type":"WebSite","@id":"https:\/\/www.rmcr.org\/en\/#website","url":"https:\/\/www.rmcr.org\/en\/","name":"Real Maestranza de Caballer\u00eda de Ronda","description":"Real Maestranza de Caballer\u00eda de Ronda","publisher":{"@id":"https:\/\/www.rmcr.org\/en\/#organization"},"alternateName":"RMCR","potentialAction":[{"@type":"SearchAction","target":{"@type":"EntryPoint","urlTemplate":"https:\/\/www.rmcr.org\/en\/?s={search_term_string}"},"query-input":{"@type":"PropertyValueSpecification","valueRequired":true,"valueName":"search_term_string"}}],"inLanguage":"en-US"},{"@type":"Organization","@id":"https:\/\/www.rmcr.org\/en\/#organization","name":"Real Maestranza de Caballer\u00eda de Ronda","alternateName":"RMR","url":"https:\/\/www.rmcr.org\/en\/","logo":{"@type":"ImageObject","inLanguage":"en-US","@id":"https:\/\/www.rmcr.org\/en\/#\/schema\/logo\/image\/","url":"https:\/\/www.rmcr.org\/wp-content\/uploads\/2022\/07\/logo-rmr-blue.svg","contentUrl":"https:\/\/www.rmcr.org\/wp-content\/uploads\/2022\/07\/logo-rmr-blue.svg","width":131,"height":129,"caption":"Real Maestranza de Caballer\u00eda de Ronda"},"image":{"@id":"https:\/\/www.rmcr.org\/en\/#\/schema\/logo\/image\/"},"sameAs":["https:\/\/www.facebook.com\/plazadetorosronda","https:\/\/x.com\/PlazatorosRMR","https:\/\/www.instagram.com\/realmaestranzaderonda\/","https:\/\/www.youtube.com\/channel\/UCrbO5IUN-8v_QML739vM4zg\/videos"]},{"@type":"Person","@id":"https:\/\/www.rmcr.org\/en\/#\/schema\/person\/80849edee7ef556893505128619ea1d0","name":"BIBLIOTECA","image":{"@type":"ImageObject","inLanguage":"en-US","@id":"https:\/\/www.rmcr.org\/wp-content\/uploads\/2022\/11\/avatar-rmcr-96x96.png","url":"https:\/\/www.rmcr.org\/wp-content\/uploads\/2022\/11\/avatar-rmcr-96x96.png","contentUrl":"https:\/\/www.rmcr.org\/wp-content\/uploads\/2022\/11\/avatar-rmcr-96x96.png","caption":"BIBLIOTECA"},"url":"https:\/\/www.rmcr.org\/en\/author\/juan-antonio-moreno\/"}]}},"_links":{"self":[{"href":"https:\/\/www.rmcr.org\/en\/wp-json\/wp\/v2\/posts\/6161","targetHints":{"allow":["GET"]}}],"collection":[{"href":"https:\/\/www.rmcr.org\/en\/wp-json\/wp\/v2\/posts"}],"about":[{"href":"https:\/\/www.rmcr.org\/en\/wp-json\/wp\/v2\/types\/post"}],"author":[{"embeddable":true,"href":"https:\/\/www.rmcr.org\/en\/wp-json\/wp\/v2\/users\/2"}],"replies":[{"embeddable":true,"href":"https:\/\/www.rmcr.org\/en\/wp-json\/wp\/v2\/comments?post=6161"}],"version-history":[{"count":2,"href":"https:\/\/www.rmcr.org\/en\/wp-json\/wp\/v2\/posts\/6161\/revisions"}],"predecessor-version":[{"id":22609,"href":"https:\/\/www.rmcr.org\/en\/wp-json\/wp\/v2\/posts\/6161\/revisions\/22609"}],"wp:featuredmedia":[{"embeddable":true,"href":"https:\/\/www.rmcr.org\/en\/wp-json\/wp\/v2\/media\/11845"}],"wp:attachment":[{"href":"https:\/\/www.rmcr.org\/en\/wp-json\/wp\/v2\/media?parent=6161"}],"wp:term":[{"taxonomy":"category","embeddable":true,"href":"https:\/\/www.rmcr.org\/en\/wp-json\/wp\/v2\/categories?post=6161"},{"taxonomy":"post_tag","embeddable":true,"href":"https:\/\/www.rmcr.org\/en\/wp-json\/wp\/v2\/tags?post=6161"}],"curies":[{"name":"wp","href":"https:\/\/api.w.org\/{rel}","templated":true}]}}