{"id":6160,"date":"2016-09-01T13:00:56","date_gmt":"2016-09-01T13:00:56","guid":{"rendered":"https:\/\/www.rmcr.org\/?p=6160"},"modified":"2025-04-03T11:30:58","modified_gmt":"2025-04-03T11:30:58","slug":"biblioteca-rmr-comitiva-regia-septiembre-2016","status":"publish","type":"post","link":"https:\/\/www.rmcr.org\/en\/2016\/09\/01\/biblioteca-rmr-comitiva-regia-septiembre-2016\/","title":{"rendered":"Biblioteca-RMR: N\u00ba 33. Comitiva regia. Septiembre 2016."},"content":{"rendered":"<p style=\"text-align:center;\"><span ><strong>\u00b7 ART\u00cdCULO \u00b7<\/strong><\/span><br \/>\n<span ><strong>\u00b7 BIBLIOTECA DE LA REAL MAESTRANZA DE CABALLER\u00cdA DE RONDA \u00b7<\/strong><\/span><br \/>\n<span ><strong>\u00b7 SEPTIEMBRE&nbsp;2016 \u00b7<\/strong><\/span><\/p>\n<p style=\"text-align:center;\"><span ><strong>\u00b7 FONDO EQUITACI\u00d3N \u00b7<\/strong><\/span><\/p>\n<p style=\"text-align:justify;\"><span >El d\u00eda 29 de noviembre de 1879, Madrid fue escenario de los grandes fastos que se celebraron con ocasi\u00f3n de la boda del rey Alfonso XII (1857-1885) con Mar\u00eda Cristina de Habsburgo-Lorena (1858-1929). Despu\u00e9s del traum\u00e1tico fallecimiento de su primera esposa, Mar\u00eda de las Mercedes de Orleans (1860-1878), hija de los duques de Montpensier, cinco meses despu\u00e9s de contraer matrimonio (por amor), este segundo enlace fue una cuesti\u00f3n de estado, dada la d\u00e9bil salud del monarca y la imperiosa necesidad de un heredero. De esta manera, la corona espa\u00f1ola quedaba emparentada con la casa de Habsburgo.<\/span><\/p>\n<p><a href=\"https:\/\/www.rmcr.org\/2016\/09\/comitiva.jpg\"><img fetchpriority=\"high\" decoding=\"async\" class=\"size-full wp-image-1186 aligncenter\" src=\"https:\/\/www.rmcr.org\/wp-content\/uploads\/2016\/09\/comitiva.jpg\" alt=\"REAL MAESTRANZA DE RONDA, MALAGA, COMITIVA REGIA EN EL CASAMIENTO DE S.M. ALFONSO 12 EL 29 DE NOVIEMBRE DE 1870\" width=\"470\" height=\"170\"><\/a><\/p>\n<p style=\"text-align:center;\"><span >L\u00e1mina n\u00ba 18: Caballerizo de campo dirigiendo la comitiva&nbsp;con su palafrenero y berlina del conde de Pinohermoso<\/span><\/p>\n<p style=\"text-align:justify;\"><span >Entre las acciones que se llevaron a cabo para conmemorar la boda se encuentra la publicaci\u00f3n de un \u00e1lbum compuesto por 64 cromolitograf\u00edas en el que se representaba, con todo lujo de detalles, el recorrido del cortejo real tras la ceremonia religiosa. Las l\u00e1minas, reunidas bajo el t\u00edtulo \u00abComitiva regia en el casamiento de S.M. el Rey de Espa\u00f1a Don Alfonso 12 con S.A.I. y R. la Archiduquesa D\u00aa. Maria Cristina de Austria, en el trayecto desde la Real Bas\u00edlica de Atocha \u00e0 Palacio, el dia 29 de Nobre. de 1879\u00bb, fueron dibujadas y pintadas por Vicente Sabater y Puchades (n. 1835), y cromolitografiadas por Manuel Gim\u00e9nez (m. 1884), realiz\u00e1ndose la impresi\u00f3n en los talleres de la Litograf\u00eda de A. Foruny de Madrid en 1883.<\/span><\/p>\n<p style=\"text-align:justify;\"><span >Se elaboraron un corto n\u00famero de ejemplares no venales de esta singular obra, que fue distribuida entre la familia real, los embajadores y representantes extranjeros, la corte y particulares. Este documento constituye un extraordinario testimonio de uno de los acontecimientos reales m\u00e1s relevantes de la segunda mitad del siglo XIX. A trav\u00e9s de \u00e9l, se puede conocer el estricto protocolo de la corte espa\u00f1ola, al analizar el orden del cortejo de acuerdo con su jerarqu\u00eda. Forman parte de la comitiva un cuerpo militar compuesto por oficiales, palafreneros y escolta real, entre otros, que acompa\u00f1an a diversos invitados pertenecientes a la alta nobleza, representantes del gobierno, cuerpo ministerial y el resto de la familia real, en berlinas y coches de caballos. Todo minuciosamente reproducido, reflejando trajes, armas, carruajes y otros diferentes elementos de gala propios de la \u00e9poca decimon\u00f3nica.<\/span><\/p>\n<p style=\"text-align:justify;\"><span >Este magn\u00edfico \u00e1lbum forma parte del Fondo Propio de la Biblioteca de la Real Maestranza de Caballer\u00eda de Ronda, y concretamente de&nbsp;la secci\u00f3n dedicada a la equitaci\u00f3n y los enganches. La imagen que acompa\u00f1a esta entrada forma parte de dicha obra y ha sido elegida para ilustrar el cartel del XL Concurso Exhibici\u00f3n de Enganches de Ronda, que tendr\u00e1 lugar el 11 de septiembre dentro de la Feria y Fiestas de Pedro Romero 2016.<\/span><\/p>\n<p style=\"text-align:justify;\"><span ><strong>Ficha bibliogr\u00e1fica<\/strong><\/span><\/p>\n<p style=\"text-align:justify;\"><span >Comitiva Regia en el casamiento de S.M. el Rey de Espa\u00f1a Don Alfonso 12 con S.A.I. y R. la Archiduquesa D\u00aa. Maria Cristina de Austria, en el trayecto desde la Real Bas\u00edlica de Atocha \u00e0 Palacio, el dia 29 de Nobre. de 1879 \/ V. Sabater, pint\u00f3 ; Manuel Gimenez, cromolit\u00ba. &#8212; [Madrid] : Imp.\u00ba en la lit.\u00aa de A. Foruny, [1883]<\/span><br \/>\n<span >[1] h., [64] h. de l\u00e1m. : principalmente il. ; 19&#215;57 cm<\/span><br \/>\n<span >Palau, 58274<\/span><br \/>\n<span >Lugar y fecha tomados de la \u00faltima h. de l\u00e1m.<\/span><br \/>\n<span ><em>Alfonso XII, Rey de Espa\u00f1a (1874-1885)-Matrimonio <\/em><\/span><br \/>\n<span ><em>Mar\u00eda Cristina de Habsburgo-Lorena, Reina consorte de Alfonso XII, Rey de Espa\u00f1a (1858-1929)-Matrimonio<\/em><\/span><br \/>\n<span ><em>Sabater y Puchades, Vicente (n. 1835)<\/em><\/span><br \/>\n<span ><em>Gim\u00e9nez, Manuel (m. 1884)<\/em><\/span><br \/>\n<span >Fondo Propio \/ Equitaci\u00f3n &#8212; Una carpeta con cintas y cifra real coronada: &#8220;AC&#8221; en cub. anterior &#8212;&nbsp;CB1007202<\/span><\/p>\n","protected":false},"excerpt":{"rendered":"<p>\u00b7 ART\u00cdCULO \u00b7 \u00b7 BIBLIOTECA DE LA REAL MAESTRANZA DE CABALLER\u00cdA DE RONDA \u00b7 \u00b7 SEPTIEMBRE&nbsp;2016 \u00b7 \u00b7 FONDO EQUITACI\u00d3N \u00b7 El d\u00eda 29 de noviembre de 1879, Madrid fue escenario de los grandes fastos que se celebraron con ocasi\u00f3n de la boda del rey Alfonso XII (1857-1885) con Mar\u00eda Cristina de Habsburgo-Lorena (1858-1929). Despu\u00e9s [&hellip;]<\/p>\n","protected":false},"author":2,"featured_media":11617,"comment_status":"open","ping_status":"open","sticky":false,"template":"","format":"standard","meta":{"footnotes":""},"categories":[140,791],"tags":[105,252,176,194,96,144,137,210],"class_list":["post-6160","post","type-post","status-publish","format-standard","has-post-thumbnail","hentry","category-biblioteca","category-boletin-bibliografico-biblioteca-rmr","tag-biblioteca-general","tag-biblioteca-rmr","tag-boletin-mensual-bibliografico","tag-carruajes","tag-equitacion","tag-grabados","tag-libros","tag-reyes-y-soberanos"],"yoast_head":"<!-- This site is optimized with the Yoast SEO plugin v27.5 - https:\/\/yoast.com\/product\/yoast-seo-wordpress\/ -->\n<title>Biblioteca-RMR: N\u00ba 33. Comitiva regia. Septiembre 2016. - Real Maestranza de Caballer\u00eda de Ronda<\/title>\n<meta name=\"robots\" content=\"index, follow, max-snippet:-1, max-image-preview:large, max-video-preview:-1\" \/>\n<link rel=\"canonical\" href=\"https:\/\/www.rmcr.org\/en\/2016\/09\/01\/biblioteca-rmr-comitiva-regia-septiembre-2016\/\" \/>\n<meta property=\"og:locale\" content=\"en_US\" \/>\n<meta property=\"og:type\" content=\"article\" \/>\n<meta property=\"og:title\" content=\"Biblioteca-RMR: N\u00ba 33. Comitiva regia. Septiembre 2016. - Real Maestranza de Caballer\u00eda de Ronda\" \/>\n<meta property=\"og:description\" content=\"\u00b7 ART\u00cdCULO \u00b7 \u00b7 BIBLIOTECA DE LA REAL MAESTRANZA DE CABALLER\u00cdA DE RONDA \u00b7 \u00b7 SEPTIEMBRE&nbsp;2016 \u00b7 \u00b7 FONDO EQUITACI\u00d3N \u00b7 El d\u00eda 29 de noviembre de 1879, Madrid fue escenario de los grandes fastos que se celebraron con ocasi\u00f3n de la boda del rey Alfonso XII (1857-1885) con Mar\u00eda Cristina de Habsburgo-Lorena (1858-1929). Despu\u00e9s [&hellip;]\" \/>\n<meta property=\"og:url\" content=\"https:\/\/www.rmcr.org\/en\/2016\/09\/01\/biblioteca-rmr-comitiva-regia-septiembre-2016\/\" \/>\n<meta property=\"og:site_name\" content=\"Real Maestranza de Caballer\u00eda de Ronda\" \/>\n<meta property=\"article:publisher\" content=\"https:\/\/www.facebook.com\/plazadetorosronda\" \/>\n<meta property=\"article:published_time\" content=\"2016-09-01T13:00:56+00:00\" \/>\n<meta property=\"article:modified_time\" content=\"2025-04-03T11:30:58+00:00\" \/>\n<meta property=\"og:image\" content=\"https:\/\/www.rmcr.org\/wp-content\/uploads\/2022\/10\/cmtv.jpg\" \/>\n\t<meta property=\"og:image:width\" content=\"482\" \/>\n\t<meta property=\"og:image:height\" content=\"143\" \/>\n\t<meta property=\"og:image:type\" content=\"image\/jpeg\" \/>\n<meta name=\"author\" content=\"BIBLIOTECA\" \/>\n<meta name=\"twitter:card\" content=\"summary_large_image\" \/>\n<meta name=\"twitter:creator\" content=\"@PlazatorosRMR\" \/>\n<meta name=\"twitter:site\" content=\"@PlazatorosRMR\" \/>\n<meta name=\"twitter:label1\" content=\"Written by\" \/>\n\t<meta name=\"twitter:data1\" content=\"BIBLIOTECA\" \/>\n\t<meta name=\"twitter:label2\" content=\"Est. reading time\" \/>\n\t<meta name=\"twitter:data2\" content=\"3 minutes\" \/>\n<script type=\"application\/ld+json\" class=\"yoast-schema-graph\">{\"@context\":\"https:\\\/\\\/schema.org\",\"@graph\":[{\"@type\":\"Article\",\"@id\":\"https:\\\/\\\/www.rmcr.org\\\/en\\\/2016\\\/09\\\/01\\\/biblioteca-rmr-comitiva-regia-septiembre-2016\\\/#article\",\"isPartOf\":{\"@id\":\"https:\\\/\\\/www.rmcr.org\\\/en\\\/2016\\\/09\\\/01\\\/biblioteca-rmr-comitiva-regia-septiembre-2016\\\/\"},\"author\":{\"name\":\"BIBLIOTECA\",\"@id\":\"https:\\\/\\\/www.rmcr.org\\\/en\\\/#\\\/schema\\\/person\\\/80849edee7ef556893505128619ea1d0\"},\"headline\":\"Biblioteca-RMR: N\u00ba 33. Comitiva regia. Septiembre 2016.\",\"datePublished\":\"2016-09-01T13:00:56+00:00\",\"dateModified\":\"2025-04-03T11:30:58+00:00\",\"mainEntityOfPage\":{\"@id\":\"https:\\\/\\\/www.rmcr.org\\\/en\\\/2016\\\/09\\\/01\\\/biblioteca-rmr-comitiva-regia-septiembre-2016\\\/\"},\"wordCount\":636,\"commentCount\":0,\"publisher\":{\"@id\":\"https:\\\/\\\/www.rmcr.org\\\/en\\\/#organization\"},\"image\":{\"@id\":\"https:\\\/\\\/www.rmcr.org\\\/en\\\/2016\\\/09\\\/01\\\/biblioteca-rmr-comitiva-regia-septiembre-2016\\\/#primaryimage\"},\"thumbnailUrl\":\"https:\\\/\\\/www.rmcr.org\\\/wp-content\\\/uploads\\\/2022\\\/10\\\/cmtv.jpg\",\"keywords\":[\"Biblioteca\",\"Biblioteca-RMR\",\"Bolet\u00edn mensual bibliogr\u00e1fico\",\"Carruajes\",\"Equitaci\u00f3n\",\"Grabados\",\"Libros\",\"Reyes y soberanos\"],\"articleSection\":[\"Biblioteca\",\"Bolet\u00edn bibliogr\u00e1fico Biblioteca-RMR\"],\"inLanguage\":\"en-US\",\"potentialAction\":[{\"@type\":\"CommentAction\",\"name\":\"Comment\",\"target\":[\"https:\\\/\\\/www.rmcr.org\\\/en\\\/2016\\\/09\\\/01\\\/biblioteca-rmr-comitiva-regia-septiembre-2016\\\/#respond\"]}]},{\"@type\":\"WebPage\",\"@id\":\"https:\\\/\\\/www.rmcr.org\\\/en\\\/2016\\\/09\\\/01\\\/biblioteca-rmr-comitiva-regia-septiembre-2016\\\/\",\"url\":\"https:\\\/\\\/www.rmcr.org\\\/en\\\/2016\\\/09\\\/01\\\/biblioteca-rmr-comitiva-regia-septiembre-2016\\\/\",\"name\":\"Biblioteca-RMR: N\u00ba 33. Comitiva regia. Septiembre 2016. - Real Maestranza de Caballer\u00eda de Ronda\",\"isPartOf\":{\"@id\":\"https:\\\/\\\/www.rmcr.org\\\/en\\\/#website\"},\"primaryImageOfPage\":{\"@id\":\"https:\\\/\\\/www.rmcr.org\\\/en\\\/2016\\\/09\\\/01\\\/biblioteca-rmr-comitiva-regia-septiembre-2016\\\/#primaryimage\"},\"image\":{\"@id\":\"https:\\\/\\\/www.rmcr.org\\\/en\\\/2016\\\/09\\\/01\\\/biblioteca-rmr-comitiva-regia-septiembre-2016\\\/#primaryimage\"},\"thumbnailUrl\":\"https:\\\/\\\/www.rmcr.org\\\/wp-content\\\/uploads\\\/2022\\\/10\\\/cmtv.jpg\",\"datePublished\":\"2016-09-01T13:00:56+00:00\",\"dateModified\":\"2025-04-03T11:30:58+00:00\",\"breadcrumb\":{\"@id\":\"https:\\\/\\\/www.rmcr.org\\\/en\\\/2016\\\/09\\\/01\\\/biblioteca-rmr-comitiva-regia-septiembre-2016\\\/#breadcrumb\"},\"inLanguage\":\"en-US\",\"potentialAction\":[{\"@type\":\"ReadAction\",\"target\":[\"https:\\\/\\\/www.rmcr.org\\\/en\\\/2016\\\/09\\\/01\\\/biblioteca-rmr-comitiva-regia-septiembre-2016\\\/\"]}]},{\"@type\":\"ImageObject\",\"inLanguage\":\"en-US\",\"@id\":\"https:\\\/\\\/www.rmcr.org\\\/en\\\/2016\\\/09\\\/01\\\/biblioteca-rmr-comitiva-regia-septiembre-2016\\\/#primaryimage\",\"url\":\"https:\\\/\\\/www.rmcr.org\\\/wp-content\\\/uploads\\\/2022\\\/10\\\/cmtv.jpg\",\"contentUrl\":\"https:\\\/\\\/www.rmcr.org\\\/wp-content\\\/uploads\\\/2022\\\/10\\\/cmtv.jpg\",\"width\":482,\"height\":143,\"caption\":\"REAL MAESTRANZA DE RONDA, MALAGA, COMITIVA REGIA EN EL CASAMIENTO DE S.M. ALFONSO 12 EL 29 DE NOVIEMBRE DE 1870\"},{\"@type\":\"BreadcrumbList\",\"@id\":\"https:\\\/\\\/www.rmcr.org\\\/en\\\/2016\\\/09\\\/01\\\/biblioteca-rmr-comitiva-regia-septiembre-2016\\\/#breadcrumb\",\"itemListElement\":[{\"@type\":\"ListItem\",\"position\":1,\"name\":\"REAL MAESTRANZA DE CABALLER\u00cdA DE RONDA\",\"item\":\"https:\\\/\\\/www.rmcr.org\\\/en\\\/\"},{\"@type\":\"ListItem\",\"position\":2,\"name\":\"Biblioteca-RMR: N\u00ba 33. Comitiva regia. Septiembre 2016.\"}]},{\"@type\":\"WebSite\",\"@id\":\"https:\\\/\\\/www.rmcr.org\\\/en\\\/#website\",\"url\":\"https:\\\/\\\/www.rmcr.org\\\/en\\\/\",\"name\":\"Real Maestranza de Caballer\u00eda de Ronda\",\"description\":\"Real Maestranza de Caballer\u00eda de Ronda\",\"publisher\":{\"@id\":\"https:\\\/\\\/www.rmcr.org\\\/en\\\/#organization\"},\"alternateName\":\"RMCR\",\"potentialAction\":[{\"@type\":\"SearchAction\",\"target\":{\"@type\":\"EntryPoint\",\"urlTemplate\":\"https:\\\/\\\/www.rmcr.org\\\/en\\\/?s={search_term_string}\"},\"query-input\":{\"@type\":\"PropertyValueSpecification\",\"valueRequired\":true,\"valueName\":\"search_term_string\"}}],\"inLanguage\":\"en-US\"},{\"@type\":\"Organization\",\"@id\":\"https:\\\/\\\/www.rmcr.org\\\/en\\\/#organization\",\"name\":\"Real Maestranza de Caballer\u00eda de Ronda\",\"alternateName\":\"RMR\",\"url\":\"https:\\\/\\\/www.rmcr.org\\\/en\\\/\",\"logo\":{\"@type\":\"ImageObject\",\"inLanguage\":\"en-US\",\"@id\":\"https:\\\/\\\/www.rmcr.org\\\/en\\\/#\\\/schema\\\/logo\\\/image\\\/\",\"url\":\"https:\\\/\\\/www.rmcr.org\\\/wp-content\\\/uploads\\\/2022\\\/07\\\/logo-rmr-blue.svg\",\"contentUrl\":\"https:\\\/\\\/www.rmcr.org\\\/wp-content\\\/uploads\\\/2022\\\/07\\\/logo-rmr-blue.svg\",\"width\":131,\"height\":129,\"caption\":\"Real Maestranza de Caballer\u00eda de Ronda\"},\"image\":{\"@id\":\"https:\\\/\\\/www.rmcr.org\\\/en\\\/#\\\/schema\\\/logo\\\/image\\\/\"},\"sameAs\":[\"https:\\\/\\\/www.facebook.com\\\/plazadetorosronda\",\"https:\\\/\\\/x.com\\\/PlazatorosRMR\",\"https:\\\/\\\/www.instagram.com\\\/realmaestranzaderonda\\\/\",\"https:\\\/\\\/www.youtube.com\\\/channel\\\/UCrbO5IUN-8v_QML739vM4zg\\\/videos\"]},{\"@type\":\"Person\",\"@id\":\"https:\\\/\\\/www.rmcr.org\\\/en\\\/#\\\/schema\\\/person\\\/80849edee7ef556893505128619ea1d0\",\"name\":\"BIBLIOTECA\",\"image\":{\"@type\":\"ImageObject\",\"inLanguage\":\"en-US\",\"@id\":\"https:\\\/\\\/www.rmcr.org\\\/wp-content\\\/uploads\\\/2022\\\/11\\\/avatar-rmcr-96x96.png\",\"url\":\"https:\\\/\\\/www.rmcr.org\\\/wp-content\\\/uploads\\\/2022\\\/11\\\/avatar-rmcr-96x96.png\",\"contentUrl\":\"https:\\\/\\\/www.rmcr.org\\\/wp-content\\\/uploads\\\/2022\\\/11\\\/avatar-rmcr-96x96.png\",\"caption\":\"BIBLIOTECA\"},\"url\":\"https:\\\/\\\/www.rmcr.org\\\/en\\\/author\\\/juan-antonio-moreno\\\/\"}]}<\/script>\n<!-- \/ Yoast SEO plugin. -->","yoast_head_json":{"title":"Biblioteca-RMR: N\u00ba 33. Comitiva regia. Septiembre 2016. - Real Maestranza de Caballer\u00eda de Ronda","robots":{"index":"index","follow":"follow","max-snippet":"max-snippet:-1","max-image-preview":"max-image-preview:large","max-video-preview":"max-video-preview:-1"},"canonical":"https:\/\/www.rmcr.org\/en\/2016\/09\/01\/biblioteca-rmr-comitiva-regia-septiembre-2016\/","og_locale":"en_US","og_type":"article","og_title":"Biblioteca-RMR: N\u00ba 33. Comitiva regia. Septiembre 2016. - Real Maestranza de Caballer\u00eda de Ronda","og_description":"\u00b7 ART\u00cdCULO \u00b7 \u00b7 BIBLIOTECA DE LA REAL MAESTRANZA DE CABALLER\u00cdA DE RONDA \u00b7 \u00b7 SEPTIEMBRE&nbsp;2016 \u00b7 \u00b7 FONDO EQUITACI\u00d3N \u00b7 El d\u00eda 29 de noviembre de 1879, Madrid fue escenario de los grandes fastos que se celebraron con ocasi\u00f3n de la boda del rey Alfonso XII (1857-1885) con Mar\u00eda Cristina de Habsburgo-Lorena (1858-1929). Despu\u00e9s [&hellip;]","og_url":"https:\/\/www.rmcr.org\/en\/2016\/09\/01\/biblioteca-rmr-comitiva-regia-septiembre-2016\/","og_site_name":"Real Maestranza de Caballer\u00eda de Ronda","article_publisher":"https:\/\/www.facebook.com\/plazadetorosronda","article_published_time":"2016-09-01T13:00:56+00:00","article_modified_time":"2025-04-03T11:30:58+00:00","og_image":[{"width":482,"height":143,"url":"https:\/\/www.rmcr.org\/wp-content\/uploads\/2022\/10\/cmtv.jpg","type":"image\/jpeg"}],"author":"BIBLIOTECA","twitter_card":"summary_large_image","twitter_creator":"@PlazatorosRMR","twitter_site":"@PlazatorosRMR","twitter_misc":{"Written by":"BIBLIOTECA","Est. reading time":"3 minutes"},"schema":{"@context":"https:\/\/schema.org","@graph":[{"@type":"Article","@id":"https:\/\/www.rmcr.org\/en\/2016\/09\/01\/biblioteca-rmr-comitiva-regia-septiembre-2016\/#article","isPartOf":{"@id":"https:\/\/www.rmcr.org\/en\/2016\/09\/01\/biblioteca-rmr-comitiva-regia-septiembre-2016\/"},"author":{"name":"BIBLIOTECA","@id":"https:\/\/www.rmcr.org\/en\/#\/schema\/person\/80849edee7ef556893505128619ea1d0"},"headline":"Biblioteca-RMR: N\u00ba 33. Comitiva regia. Septiembre 2016.","datePublished":"2016-09-01T13:00:56+00:00","dateModified":"2025-04-03T11:30:58+00:00","mainEntityOfPage":{"@id":"https:\/\/www.rmcr.org\/en\/2016\/09\/01\/biblioteca-rmr-comitiva-regia-septiembre-2016\/"},"wordCount":636,"commentCount":0,"publisher":{"@id":"https:\/\/www.rmcr.org\/en\/#organization"},"image":{"@id":"https:\/\/www.rmcr.org\/en\/2016\/09\/01\/biblioteca-rmr-comitiva-regia-septiembre-2016\/#primaryimage"},"thumbnailUrl":"https:\/\/www.rmcr.org\/wp-content\/uploads\/2022\/10\/cmtv.jpg","keywords":["Biblioteca","Biblioteca-RMR","Bolet\u00edn mensual bibliogr\u00e1fico","Carruajes","Equitaci\u00f3n","Grabados","Libros","Reyes y soberanos"],"articleSection":["Biblioteca","Bolet\u00edn bibliogr\u00e1fico Biblioteca-RMR"],"inLanguage":"en-US","potentialAction":[{"@type":"CommentAction","name":"Comment","target":["https:\/\/www.rmcr.org\/en\/2016\/09\/01\/biblioteca-rmr-comitiva-regia-septiembre-2016\/#respond"]}]},{"@type":"WebPage","@id":"https:\/\/www.rmcr.org\/en\/2016\/09\/01\/biblioteca-rmr-comitiva-regia-septiembre-2016\/","url":"https:\/\/www.rmcr.org\/en\/2016\/09\/01\/biblioteca-rmr-comitiva-regia-septiembre-2016\/","name":"Biblioteca-RMR: N\u00ba 33. Comitiva regia. Septiembre 2016. - Real Maestranza de Caballer\u00eda de Ronda","isPartOf":{"@id":"https:\/\/www.rmcr.org\/en\/#website"},"primaryImageOfPage":{"@id":"https:\/\/www.rmcr.org\/en\/2016\/09\/01\/biblioteca-rmr-comitiva-regia-septiembre-2016\/#primaryimage"},"image":{"@id":"https:\/\/www.rmcr.org\/en\/2016\/09\/01\/biblioteca-rmr-comitiva-regia-septiembre-2016\/#primaryimage"},"thumbnailUrl":"https:\/\/www.rmcr.org\/wp-content\/uploads\/2022\/10\/cmtv.jpg","datePublished":"2016-09-01T13:00:56+00:00","dateModified":"2025-04-03T11:30:58+00:00","breadcrumb":{"@id":"https:\/\/www.rmcr.org\/en\/2016\/09\/01\/biblioteca-rmr-comitiva-regia-septiembre-2016\/#breadcrumb"},"inLanguage":"en-US","potentialAction":[{"@type":"ReadAction","target":["https:\/\/www.rmcr.org\/en\/2016\/09\/01\/biblioteca-rmr-comitiva-regia-septiembre-2016\/"]}]},{"@type":"ImageObject","inLanguage":"en-US","@id":"https:\/\/www.rmcr.org\/en\/2016\/09\/01\/biblioteca-rmr-comitiva-regia-septiembre-2016\/#primaryimage","url":"https:\/\/www.rmcr.org\/wp-content\/uploads\/2022\/10\/cmtv.jpg","contentUrl":"https:\/\/www.rmcr.org\/wp-content\/uploads\/2022\/10\/cmtv.jpg","width":482,"height":143,"caption":"REAL MAESTRANZA DE RONDA, MALAGA, COMITIVA REGIA EN EL CASAMIENTO DE S.M. ALFONSO 12 EL 29 DE NOVIEMBRE DE 1870"},{"@type":"BreadcrumbList","@id":"https:\/\/www.rmcr.org\/en\/2016\/09\/01\/biblioteca-rmr-comitiva-regia-septiembre-2016\/#breadcrumb","itemListElement":[{"@type":"ListItem","position":1,"name":"REAL MAESTRANZA DE CABALLER\u00cdA DE RONDA","item":"https:\/\/www.rmcr.org\/en\/"},{"@type":"ListItem","position":2,"name":"Biblioteca-RMR: N\u00ba 33. Comitiva regia. Septiembre 2016."}]},{"@type":"WebSite","@id":"https:\/\/www.rmcr.org\/en\/#website","url":"https:\/\/www.rmcr.org\/en\/","name":"Real Maestranza de Caballer\u00eda de Ronda","description":"Real Maestranza de Caballer\u00eda de Ronda","publisher":{"@id":"https:\/\/www.rmcr.org\/en\/#organization"},"alternateName":"RMCR","potentialAction":[{"@type":"SearchAction","target":{"@type":"EntryPoint","urlTemplate":"https:\/\/www.rmcr.org\/en\/?s={search_term_string}"},"query-input":{"@type":"PropertyValueSpecification","valueRequired":true,"valueName":"search_term_string"}}],"inLanguage":"en-US"},{"@type":"Organization","@id":"https:\/\/www.rmcr.org\/en\/#organization","name":"Real Maestranza de Caballer\u00eda de Ronda","alternateName":"RMR","url":"https:\/\/www.rmcr.org\/en\/","logo":{"@type":"ImageObject","inLanguage":"en-US","@id":"https:\/\/www.rmcr.org\/en\/#\/schema\/logo\/image\/","url":"https:\/\/www.rmcr.org\/wp-content\/uploads\/2022\/07\/logo-rmr-blue.svg","contentUrl":"https:\/\/www.rmcr.org\/wp-content\/uploads\/2022\/07\/logo-rmr-blue.svg","width":131,"height":129,"caption":"Real Maestranza de Caballer\u00eda de Ronda"},"image":{"@id":"https:\/\/www.rmcr.org\/en\/#\/schema\/logo\/image\/"},"sameAs":["https:\/\/www.facebook.com\/plazadetorosronda","https:\/\/x.com\/PlazatorosRMR","https:\/\/www.instagram.com\/realmaestranzaderonda\/","https:\/\/www.youtube.com\/channel\/UCrbO5IUN-8v_QML739vM4zg\/videos"]},{"@type":"Person","@id":"https:\/\/www.rmcr.org\/en\/#\/schema\/person\/80849edee7ef556893505128619ea1d0","name":"BIBLIOTECA","image":{"@type":"ImageObject","inLanguage":"en-US","@id":"https:\/\/www.rmcr.org\/wp-content\/uploads\/2022\/11\/avatar-rmcr-96x96.png","url":"https:\/\/www.rmcr.org\/wp-content\/uploads\/2022\/11\/avatar-rmcr-96x96.png","contentUrl":"https:\/\/www.rmcr.org\/wp-content\/uploads\/2022\/11\/avatar-rmcr-96x96.png","caption":"BIBLIOTECA"},"url":"https:\/\/www.rmcr.org\/en\/author\/juan-antonio-moreno\/"}]}},"_links":{"self":[{"href":"https:\/\/www.rmcr.org\/en\/wp-json\/wp\/v2\/posts\/6160","targetHints":{"allow":["GET"]}}],"collection":[{"href":"https:\/\/www.rmcr.org\/en\/wp-json\/wp\/v2\/posts"}],"about":[{"href":"https:\/\/www.rmcr.org\/en\/wp-json\/wp\/v2\/types\/post"}],"author":[{"embeddable":true,"href":"https:\/\/www.rmcr.org\/en\/wp-json\/wp\/v2\/users\/2"}],"replies":[{"embeddable":true,"href":"https:\/\/www.rmcr.org\/en\/wp-json\/wp\/v2\/comments?post=6160"}],"version-history":[{"count":2,"href":"https:\/\/www.rmcr.org\/en\/wp-json\/wp\/v2\/posts\/6160\/revisions"}],"predecessor-version":[{"id":22231,"href":"https:\/\/www.rmcr.org\/en\/wp-json\/wp\/v2\/posts\/6160\/revisions\/22231"}],"wp:featuredmedia":[{"embeddable":true,"href":"https:\/\/www.rmcr.org\/en\/wp-json\/wp\/v2\/media\/11617"}],"wp:attachment":[{"href":"https:\/\/www.rmcr.org\/en\/wp-json\/wp\/v2\/media?parent=6160"}],"wp:term":[{"taxonomy":"category","embeddable":true,"href":"https:\/\/www.rmcr.org\/en\/wp-json\/wp\/v2\/categories?post=6160"},{"taxonomy":"post_tag","embeddable":true,"href":"https:\/\/www.rmcr.org\/en\/wp-json\/wp\/v2\/tags?post=6160"}],"curies":[{"name":"wp","href":"https:\/\/api.w.org\/{rel}","templated":true}]}}