{"id":6159,"date":"2016-08-19T13:05:29","date_gmt":"2016-08-19T13:05:29","guid":{"rendered":"https:\/\/www.rmcr.org\/?p=6159"},"modified":"2025-04-03T11:31:08","modified_gmt":"2025-04-03T11:31:08","slug":"biblioteca-rmr-ex-libris-2-agosto-2016","status":"publish","type":"post","link":"https:\/\/www.rmcr.org\/en\/2016\/08\/19\/biblioteca-rmr-ex-libris-2-agosto-2016\/","title":{"rendered":"Biblioteca-RMR: N\u00ba 32. Ex libris (2). Agosto 2016."},"content":{"rendered":"<p style=\"text-align:center;\"><strong><span >\u00b7 ART\u00cdCULO \u00b7<\/span><\/strong><br \/>\n<strong><span > \u00b7 BIBLIOTECA DE LA REAL MAESTRANZA DE CABALLER\u00cdA DE RONDA \u00b7<\/span><\/strong><br \/>\n<strong><span > \u00b7 AGOSTO 2016 \u00b7<\/span><\/strong><\/p>\n<p style=\"text-align:center;\"><strong><span >\u00b7 FONDO BIBLIOTECONOM\u00cdA \u00b7<\/span><\/strong><\/p>\n<p style=\"text-align:justify;\"><span >Como ya dijimos en nuestra anterior entrada de <a https:\/\/www.rmcr.org\/2015\/08\/03\/biblioteca-rmr-ex-libris-agosto-2015\/\">agosto de 2015<\/a>&nbsp;dedicada a los ex libris, un gran n\u00famero de ejemplares de la Biblioteca de la Real Maestranza de Caballer\u00eda de Ronda presentan estas se\u00f1as de identidad que nos hablan de sus antiguos propietarios. Es por ello por lo que compartimos a continuaci\u00f3n una nueva selecci\u00f3n de estos bellos s\u00edmbolos.<\/span><\/p>\n<p><a href=\"https:\/\/www.rmcr.org\/2016\/08\/cb1000031b.jpg\"><img fetchpriority=\"high\" decoding=\"async\" class=\"aligncenter size-full wp-image-1171\" src=\"https:\/\/www.rmcr.org\/wp-content\/uploads\/2016\/08\/cb1000031b.jpg\" alt=\"CB1000031b\" width=\"341\" height=\"500\"><\/a><\/p>\n<p style=\"text-align:justify;\"><span >Sin leyenda&nbsp;\u2014 Inscripci\u00f3n: \u201cThe Browsing Room. Mary Helen <span class=\"fcr\">Cochran<\/span> Library. Sweet Briar College\u201d \u2014 Sin firma&nbsp;\u2014 S.l. : s.a., 120 x 83&nbsp;mm \u2014 Fondo Propio \u2014 CB1000031.<\/span><\/p>\n<p><a href=\"https:\/\/www.rmcr.org\/2016\/08\/cb1000193b.jpg\"><img decoding=\"async\" class=\"aligncenter size-full wp-image-1172\" src=\"https:\/\/www.rmcr.org\/wp-content\/uploads\/2016\/08\/cb1000193b.jpg\" alt=\"CB1000193b\" width=\"387\" height=\"500\"><\/a><\/p>\n<p style=\"text-align:justify;\"><span >Sin leyenda&nbsp;\u2014 Inscripci\u00f3n: \u201cBiblioteca de <span class=\"fcr\">Montserrat.<\/span>&nbsp;Comunitat de Jes\u00fas. Ex libris\u201d \u2014 Firma sin identificar&nbsp;\u2014 S.l. : s.a., 88 x 69 mm \u2014 Fondo Propio \u2014 CB1000193.<\/span><\/p>\n<p><a href=\"https:\/\/www.rmcr.org\/2016\/08\/cb1000560b1.jpg\"><img decoding=\"async\" class=\"aligncenter size-full wp-image-1181\" src=\"https:\/\/www.rmcr.org\/wp-content\/uploads\/2016\/08\/cb1000560b1.jpg\" alt=\"CB1000560b\" width=\"342\" height=\"500\"><\/a><\/p>\n<p style=\"text-align:justify;\"><span >Leyenda: \u201cI give these Books for the founding of a College in this Colony\u201d \u2014 Inscripci\u00f3n: \u201cYale University Library.&nbsp;<span class=\"fcr\">Acquired<\/span> by Exchange 1912\u201d \u2014 Firmado: \u201cW.F. Hopson\u201d \u2014 S.l. : 1901, 107 x 77&nbsp;mm \u2014 Fondo Propio&nbsp;\u2014 CB1000560.<\/span><\/p>\n<p><a href=\"https:\/\/www.rmcr.org\/2016\/08\/cb1003271b.jpg\"><img loading=\"lazy\" decoding=\"async\" class=\"aligncenter size-full wp-image-1174\" src=\"https:\/\/www.rmcr.org\/wp-content\/uploads\/2016\/08\/cb1003271b.jpg\" alt=\"CB1003271b\" width=\"321\" height=\"500\"><\/a><\/p>\n<p style=\"text-align:justify;\"><span >Leyenda: \u201cVerum est nobilissimum\u201d \u2014 Inscripci\u00f3n: \u201cRichard Urwick\u201d \u2014 Sin firma&nbsp;\u2014 S.l. : s.a., 92&nbsp;x 59 mm \u2014 Fondo Propio \u2014 CB1003271.<\/span><\/p>\n<p><a href=\"https:\/\/www.rmcr.org\/2016\/08\/cb1003295b.jpg\"><img loading=\"lazy\" decoding=\"async\" class=\"aligncenter size-full wp-image-1175\" src=\"https:\/\/www.rmcr.org\/wp-content\/uploads\/2016\/08\/cb1003295b.jpg\" alt=\"CB1003295b\" width=\"274\" height=\"500\"><\/a><\/p>\n<p style=\"text-align:justify;\"><span >Leyenda: \u201cSach eines essen mannes ist es dem volk vorbild zu sein in friedenswerken und m\u00e4chtiger schutz im kampf!\u201d \u2014 Inscripci\u00f3n: \u201cEx libris&nbsp;<span class=\"fcr\">Albrecht<\/span> von Koss\u201d \u2014 Sin firma \u2014 S.l. : s.a., 98&nbsp;x 54&nbsp;mm \u2014 Fondo Propio \u2014 CB1003295.<\/span><\/p>\n","protected":false},"excerpt":{"rendered":"<p>\u00b7 ART\u00cdCULO \u00b7 \u00b7 BIBLIOTECA DE LA REAL MAESTRANZA DE CABALLER\u00cdA DE RONDA \u00b7 \u00b7 AGOSTO 2016 \u00b7 \u00b7 FONDO BIBLIOTECONOM\u00cdA \u00b7 Como ya dijimos en nuestra anterior entrada de<\/p>\n","protected":false},"author":2,"featured_media":11614,"comment_status":"open","ping_status":"open","sticky":false,"template":"","format":"standard","meta":{"footnotes":""},"categories":[140,791],"tags":[105,252,176,202,137],"class_list":["post-6159","post","type-post","status-publish","format-standard","has-post-thumbnail","hentry","category-biblioteca","category-boletin-bibliografico-biblioteca-rmr","tag-biblioteca-general","tag-biblioteca-rmr","tag-boletin-mensual-bibliografico","tag-ex-libris","tag-libros"],"yoast_head":"<!-- This site is optimized with the Yoast SEO plugin v27.5 - https:\/\/yoast.com\/product\/yoast-seo-wordpress\/ -->\n<title>Biblioteca-RMR: N\u00ba 32. Ex libris (2). Agosto 2016. - Real Maestranza de Caballer\u00eda de Ronda<\/title>\n<meta name=\"robots\" content=\"index, follow, max-snippet:-1, max-image-preview:large, max-video-preview:-1\" \/>\n<link rel=\"canonical\" href=\"https:\/\/www.rmcr.org\/en\/2016\/08\/19\/biblioteca-rmr-ex-libris-2-agosto-2016\/\" \/>\n<meta property=\"og:locale\" content=\"en_US\" \/>\n<meta property=\"og:type\" content=\"article\" \/>\n<meta property=\"og:title\" content=\"Biblioteca-RMR: N\u00ba 32. Ex libris (2). Agosto 2016. - Real Maestranza de Caballer\u00eda de Ronda\" \/>\n<meta property=\"og:description\" content=\"\u00b7 ART\u00cdCULO \u00b7 \u00b7 BIBLIOTECA DE LA REAL MAESTRANZA DE CABALLER\u00cdA DE RONDA \u00b7 \u00b7 AGOSTO 2016 \u00b7 \u00b7 FONDO BIBLIOTECONOM\u00cdA \u00b7 Como ya dijimos en nuestra anterior entrada de\" \/>\n<meta property=\"og:url\" content=\"https:\/\/www.rmcr.org\/en\/2016\/08\/19\/biblioteca-rmr-ex-libris-2-agosto-2016\/\" \/>\n<meta property=\"og:site_name\" content=\"Real Maestranza de Caballer\u00eda de Ronda\" \/>\n<meta property=\"article:publisher\" content=\"https:\/\/www.facebook.com\/plazadetorosronda\" \/>\n<meta property=\"article:published_time\" content=\"2016-08-19T13:05:29+00:00\" \/>\n<meta property=\"article:modified_time\" content=\"2025-04-03T11:31:08+00:00\" \/>\n<meta property=\"og:image\" content=\"https:\/\/www.rmcr.org\/wp-content\/uploads\/2022\/10\/exl2.jpg\" \/>\n\t<meta property=\"og:image:width\" content=\"482\" \/>\n\t<meta property=\"og:image:height\" content=\"143\" \/>\n\t<meta property=\"og:image:type\" content=\"image\/jpeg\" \/>\n<meta name=\"author\" content=\"BIBLIOTECA\" \/>\n<meta name=\"twitter:card\" content=\"summary_large_image\" \/>\n<meta name=\"twitter:creator\" content=\"@PlazatorosRMR\" \/>\n<meta name=\"twitter:site\" content=\"@PlazatorosRMR\" \/>\n<meta name=\"twitter:label1\" content=\"Written by\" \/>\n\t<meta name=\"twitter:data1\" content=\"BIBLIOTECA\" \/>\n<script type=\"application\/ld+json\" class=\"yoast-schema-graph\">{\"@context\":\"https:\\\/\\\/schema.org\",\"@graph\":[{\"@type\":\"Article\",\"@id\":\"https:\\\/\\\/www.rmcr.org\\\/en\\\/2016\\\/08\\\/19\\\/biblioteca-rmr-ex-libris-2-agosto-2016\\\/#article\",\"isPartOf\":{\"@id\":\"https:\\\/\\\/www.rmcr.org\\\/en\\\/2016\\\/08\\\/19\\\/biblioteca-rmr-ex-libris-2-agosto-2016\\\/\"},\"author\":{\"name\":\"BIBLIOTECA\",\"@id\":\"https:\\\/\\\/www.rmcr.org\\\/en\\\/#\\\/schema\\\/person\\\/80849edee7ef556893505128619ea1d0\"},\"headline\":\"Biblioteca-RMR: N\u00ba 32. Ex libris (2). Agosto 2016.\",\"datePublished\":\"2016-08-19T13:05:29+00:00\",\"dateModified\":\"2025-04-03T11:31:08+00:00\",\"mainEntityOfPage\":{\"@id\":\"https:\\\/\\\/www.rmcr.org\\\/en\\\/2016\\\/08\\\/19\\\/biblioteca-rmr-ex-libris-2-agosto-2016\\\/\"},\"wordCount\":29,\"commentCount\":0,\"publisher\":{\"@id\":\"https:\\\/\\\/www.rmcr.org\\\/en\\\/#organization\"},\"image\":{\"@id\":\"https:\\\/\\\/www.rmcr.org\\\/en\\\/2016\\\/08\\\/19\\\/biblioteca-rmr-ex-libris-2-agosto-2016\\\/#primaryimage\"},\"thumbnailUrl\":\"https:\\\/\\\/www.rmcr.org\\\/wp-content\\\/uploads\\\/2022\\\/10\\\/exl2.jpg\",\"keywords\":[\"Biblioteca\",\"Biblioteca-RMR\",\"Bolet\u00edn mensual bibliogr\u00e1fico\",\"Ex libris\",\"Libros\"],\"articleSection\":[\"Biblioteca\",\"Bolet\u00edn bibliogr\u00e1fico Biblioteca-RMR\"],\"inLanguage\":\"en-US\",\"potentialAction\":[{\"@type\":\"CommentAction\",\"name\":\"Comment\",\"target\":[\"https:\\\/\\\/www.rmcr.org\\\/en\\\/2016\\\/08\\\/19\\\/biblioteca-rmr-ex-libris-2-agosto-2016\\\/#respond\"]}]},{\"@type\":\"WebPage\",\"@id\":\"https:\\\/\\\/www.rmcr.org\\\/en\\\/2016\\\/08\\\/19\\\/biblioteca-rmr-ex-libris-2-agosto-2016\\\/\",\"url\":\"https:\\\/\\\/www.rmcr.org\\\/en\\\/2016\\\/08\\\/19\\\/biblioteca-rmr-ex-libris-2-agosto-2016\\\/\",\"name\":\"Biblioteca-RMR: N\u00ba 32. Ex libris (2). Agosto 2016. - Real Maestranza de Caballer\u00eda de Ronda\",\"isPartOf\":{\"@id\":\"https:\\\/\\\/www.rmcr.org\\\/en\\\/#website\"},\"primaryImageOfPage\":{\"@id\":\"https:\\\/\\\/www.rmcr.org\\\/en\\\/2016\\\/08\\\/19\\\/biblioteca-rmr-ex-libris-2-agosto-2016\\\/#primaryimage\"},\"image\":{\"@id\":\"https:\\\/\\\/www.rmcr.org\\\/en\\\/2016\\\/08\\\/19\\\/biblioteca-rmr-ex-libris-2-agosto-2016\\\/#primaryimage\"},\"thumbnailUrl\":\"https:\\\/\\\/www.rmcr.org\\\/wp-content\\\/uploads\\\/2022\\\/10\\\/exl2.jpg\",\"datePublished\":\"2016-08-19T13:05:29+00:00\",\"dateModified\":\"2025-04-03T11:31:08+00:00\",\"breadcrumb\":{\"@id\":\"https:\\\/\\\/www.rmcr.org\\\/en\\\/2016\\\/08\\\/19\\\/biblioteca-rmr-ex-libris-2-agosto-2016\\\/#breadcrumb\"},\"inLanguage\":\"en-US\",\"potentialAction\":[{\"@type\":\"ReadAction\",\"target\":[\"https:\\\/\\\/www.rmcr.org\\\/en\\\/2016\\\/08\\\/19\\\/biblioteca-rmr-ex-libris-2-agosto-2016\\\/\"]}]},{\"@type\":\"ImageObject\",\"inLanguage\":\"en-US\",\"@id\":\"https:\\\/\\\/www.rmcr.org\\\/en\\\/2016\\\/08\\\/19\\\/biblioteca-rmr-ex-libris-2-agosto-2016\\\/#primaryimage\",\"url\":\"https:\\\/\\\/www.rmcr.org\\\/wp-content\\\/uploads\\\/2022\\\/10\\\/exl2.jpg\",\"contentUrl\":\"https:\\\/\\\/www.rmcr.org\\\/wp-content\\\/uploads\\\/2022\\\/10\\\/exl2.jpg\",\"width\":482,\"height\":143},{\"@type\":\"BreadcrumbList\",\"@id\":\"https:\\\/\\\/www.rmcr.org\\\/en\\\/2016\\\/08\\\/19\\\/biblioteca-rmr-ex-libris-2-agosto-2016\\\/#breadcrumb\",\"itemListElement\":[{\"@type\":\"ListItem\",\"position\":1,\"name\":\"REAL MAESTRANZA DE CABALLER\u00cdA DE RONDA\",\"item\":\"https:\\\/\\\/www.rmcr.org\\\/en\\\/\"},{\"@type\":\"ListItem\",\"position\":2,\"name\":\"Biblioteca-RMR: N\u00ba 32. Ex libris (2). Agosto 2016.\"}]},{\"@type\":\"WebSite\",\"@id\":\"https:\\\/\\\/www.rmcr.org\\\/en\\\/#website\",\"url\":\"https:\\\/\\\/www.rmcr.org\\\/en\\\/\",\"name\":\"Real Maestranza de Caballer\u00eda de Ronda\",\"description\":\"Real Maestranza de Caballer\u00eda de Ronda\",\"publisher\":{\"@id\":\"https:\\\/\\\/www.rmcr.org\\\/en\\\/#organization\"},\"alternateName\":\"RMCR\",\"potentialAction\":[{\"@type\":\"SearchAction\",\"target\":{\"@type\":\"EntryPoint\",\"urlTemplate\":\"https:\\\/\\\/www.rmcr.org\\\/en\\\/?s={search_term_string}\"},\"query-input\":{\"@type\":\"PropertyValueSpecification\",\"valueRequired\":true,\"valueName\":\"search_term_string\"}}],\"inLanguage\":\"en-US\"},{\"@type\":\"Organization\",\"@id\":\"https:\\\/\\\/www.rmcr.org\\\/en\\\/#organization\",\"name\":\"Real Maestranza de Caballer\u00eda de Ronda\",\"alternateName\":\"RMR\",\"url\":\"https:\\\/\\\/www.rmcr.org\\\/en\\\/\",\"logo\":{\"@type\":\"ImageObject\",\"inLanguage\":\"en-US\",\"@id\":\"https:\\\/\\\/www.rmcr.org\\\/en\\\/#\\\/schema\\\/logo\\\/image\\\/\",\"url\":\"https:\\\/\\\/www.rmcr.org\\\/wp-content\\\/uploads\\\/2022\\\/07\\\/logo-rmr-blue.svg\",\"contentUrl\":\"https:\\\/\\\/www.rmcr.org\\\/wp-content\\\/uploads\\\/2022\\\/07\\\/logo-rmr-blue.svg\",\"width\":131,\"height\":129,\"caption\":\"Real Maestranza de Caballer\u00eda de Ronda\"},\"image\":{\"@id\":\"https:\\\/\\\/www.rmcr.org\\\/en\\\/#\\\/schema\\\/logo\\\/image\\\/\"},\"sameAs\":[\"https:\\\/\\\/www.facebook.com\\\/plazadetorosronda\",\"https:\\\/\\\/x.com\\\/PlazatorosRMR\",\"https:\\\/\\\/www.instagram.com\\\/realmaestranzaderonda\\\/\",\"https:\\\/\\\/www.youtube.com\\\/channel\\\/UCrbO5IUN-8v_QML739vM4zg\\\/videos\"]},{\"@type\":\"Person\",\"@id\":\"https:\\\/\\\/www.rmcr.org\\\/en\\\/#\\\/schema\\\/person\\\/80849edee7ef556893505128619ea1d0\",\"name\":\"BIBLIOTECA\",\"image\":{\"@type\":\"ImageObject\",\"inLanguage\":\"en-US\",\"@id\":\"https:\\\/\\\/www.rmcr.org\\\/wp-content\\\/uploads\\\/2022\\\/11\\\/avatar-rmcr-96x96.png\",\"url\":\"https:\\\/\\\/www.rmcr.org\\\/wp-content\\\/uploads\\\/2022\\\/11\\\/avatar-rmcr-96x96.png\",\"contentUrl\":\"https:\\\/\\\/www.rmcr.org\\\/wp-content\\\/uploads\\\/2022\\\/11\\\/avatar-rmcr-96x96.png\",\"caption\":\"BIBLIOTECA\"},\"url\":\"https:\\\/\\\/www.rmcr.org\\\/en\\\/author\\\/juan-antonio-moreno\\\/\"}]}<\/script>\n<!-- \/ Yoast SEO plugin. -->","yoast_head_json":{"title":"Biblioteca-RMR: N\u00ba 32. Ex libris (2). Agosto 2016. - Real Maestranza de Caballer\u00eda de Ronda","robots":{"index":"index","follow":"follow","max-snippet":"max-snippet:-1","max-image-preview":"max-image-preview:large","max-video-preview":"max-video-preview:-1"},"canonical":"https:\/\/www.rmcr.org\/en\/2016\/08\/19\/biblioteca-rmr-ex-libris-2-agosto-2016\/","og_locale":"en_US","og_type":"article","og_title":"Biblioteca-RMR: N\u00ba 32. Ex libris (2). Agosto 2016. - Real Maestranza de Caballer\u00eda de Ronda","og_description":"\u00b7 ART\u00cdCULO \u00b7 \u00b7 BIBLIOTECA DE LA REAL MAESTRANZA DE CABALLER\u00cdA DE RONDA \u00b7 \u00b7 AGOSTO 2016 \u00b7 \u00b7 FONDO BIBLIOTECONOM\u00cdA \u00b7 Como ya dijimos en nuestra anterior entrada de","og_url":"https:\/\/www.rmcr.org\/en\/2016\/08\/19\/biblioteca-rmr-ex-libris-2-agosto-2016\/","og_site_name":"Real Maestranza de Caballer\u00eda de Ronda","article_publisher":"https:\/\/www.facebook.com\/plazadetorosronda","article_published_time":"2016-08-19T13:05:29+00:00","article_modified_time":"2025-04-03T11:31:08+00:00","og_image":[{"width":482,"height":143,"url":"https:\/\/www.rmcr.org\/wp-content\/uploads\/2022\/10\/exl2.jpg","type":"image\/jpeg"}],"author":"BIBLIOTECA","twitter_card":"summary_large_image","twitter_creator":"@PlazatorosRMR","twitter_site":"@PlazatorosRMR","twitter_misc":{"Written by":"BIBLIOTECA"},"schema":{"@context":"https:\/\/schema.org","@graph":[{"@type":"Article","@id":"https:\/\/www.rmcr.org\/en\/2016\/08\/19\/biblioteca-rmr-ex-libris-2-agosto-2016\/#article","isPartOf":{"@id":"https:\/\/www.rmcr.org\/en\/2016\/08\/19\/biblioteca-rmr-ex-libris-2-agosto-2016\/"},"author":{"name":"BIBLIOTECA","@id":"https:\/\/www.rmcr.org\/en\/#\/schema\/person\/80849edee7ef556893505128619ea1d0"},"headline":"Biblioteca-RMR: N\u00ba 32. Ex libris (2). Agosto 2016.","datePublished":"2016-08-19T13:05:29+00:00","dateModified":"2025-04-03T11:31:08+00:00","mainEntityOfPage":{"@id":"https:\/\/www.rmcr.org\/en\/2016\/08\/19\/biblioteca-rmr-ex-libris-2-agosto-2016\/"},"wordCount":29,"commentCount":0,"publisher":{"@id":"https:\/\/www.rmcr.org\/en\/#organization"},"image":{"@id":"https:\/\/www.rmcr.org\/en\/2016\/08\/19\/biblioteca-rmr-ex-libris-2-agosto-2016\/#primaryimage"},"thumbnailUrl":"https:\/\/www.rmcr.org\/wp-content\/uploads\/2022\/10\/exl2.jpg","keywords":["Biblioteca","Biblioteca-RMR","Bolet\u00edn mensual bibliogr\u00e1fico","Ex libris","Libros"],"articleSection":["Biblioteca","Bolet\u00edn bibliogr\u00e1fico Biblioteca-RMR"],"inLanguage":"en-US","potentialAction":[{"@type":"CommentAction","name":"Comment","target":["https:\/\/www.rmcr.org\/en\/2016\/08\/19\/biblioteca-rmr-ex-libris-2-agosto-2016\/#respond"]}]},{"@type":"WebPage","@id":"https:\/\/www.rmcr.org\/en\/2016\/08\/19\/biblioteca-rmr-ex-libris-2-agosto-2016\/","url":"https:\/\/www.rmcr.org\/en\/2016\/08\/19\/biblioteca-rmr-ex-libris-2-agosto-2016\/","name":"Biblioteca-RMR: N\u00ba 32. Ex libris (2). Agosto 2016. - Real Maestranza de Caballer\u00eda de Ronda","isPartOf":{"@id":"https:\/\/www.rmcr.org\/en\/#website"},"primaryImageOfPage":{"@id":"https:\/\/www.rmcr.org\/en\/2016\/08\/19\/biblioteca-rmr-ex-libris-2-agosto-2016\/#primaryimage"},"image":{"@id":"https:\/\/www.rmcr.org\/en\/2016\/08\/19\/biblioteca-rmr-ex-libris-2-agosto-2016\/#primaryimage"},"thumbnailUrl":"https:\/\/www.rmcr.org\/wp-content\/uploads\/2022\/10\/exl2.jpg","datePublished":"2016-08-19T13:05:29+00:00","dateModified":"2025-04-03T11:31:08+00:00","breadcrumb":{"@id":"https:\/\/www.rmcr.org\/en\/2016\/08\/19\/biblioteca-rmr-ex-libris-2-agosto-2016\/#breadcrumb"},"inLanguage":"en-US","potentialAction":[{"@type":"ReadAction","target":["https:\/\/www.rmcr.org\/en\/2016\/08\/19\/biblioteca-rmr-ex-libris-2-agosto-2016\/"]}]},{"@type":"ImageObject","inLanguage":"en-US","@id":"https:\/\/www.rmcr.org\/en\/2016\/08\/19\/biblioteca-rmr-ex-libris-2-agosto-2016\/#primaryimage","url":"https:\/\/www.rmcr.org\/wp-content\/uploads\/2022\/10\/exl2.jpg","contentUrl":"https:\/\/www.rmcr.org\/wp-content\/uploads\/2022\/10\/exl2.jpg","width":482,"height":143},{"@type":"BreadcrumbList","@id":"https:\/\/www.rmcr.org\/en\/2016\/08\/19\/biblioteca-rmr-ex-libris-2-agosto-2016\/#breadcrumb","itemListElement":[{"@type":"ListItem","position":1,"name":"REAL MAESTRANZA DE CABALLER\u00cdA DE RONDA","item":"https:\/\/www.rmcr.org\/en\/"},{"@type":"ListItem","position":2,"name":"Biblioteca-RMR: N\u00ba 32. Ex libris (2). Agosto 2016."}]},{"@type":"WebSite","@id":"https:\/\/www.rmcr.org\/en\/#website","url":"https:\/\/www.rmcr.org\/en\/","name":"Real Maestranza de Caballer\u00eda de Ronda","description":"Real Maestranza de Caballer\u00eda de Ronda","publisher":{"@id":"https:\/\/www.rmcr.org\/en\/#organization"},"alternateName":"RMCR","potentialAction":[{"@type":"SearchAction","target":{"@type":"EntryPoint","urlTemplate":"https:\/\/www.rmcr.org\/en\/?s={search_term_string}"},"query-input":{"@type":"PropertyValueSpecification","valueRequired":true,"valueName":"search_term_string"}}],"inLanguage":"en-US"},{"@type":"Organization","@id":"https:\/\/www.rmcr.org\/en\/#organization","name":"Real Maestranza de Caballer\u00eda de Ronda","alternateName":"RMR","url":"https:\/\/www.rmcr.org\/en\/","logo":{"@type":"ImageObject","inLanguage":"en-US","@id":"https:\/\/www.rmcr.org\/en\/#\/schema\/logo\/image\/","url":"https:\/\/www.rmcr.org\/wp-content\/uploads\/2022\/07\/logo-rmr-blue.svg","contentUrl":"https:\/\/www.rmcr.org\/wp-content\/uploads\/2022\/07\/logo-rmr-blue.svg","width":131,"height":129,"caption":"Real Maestranza de Caballer\u00eda de Ronda"},"image":{"@id":"https:\/\/www.rmcr.org\/en\/#\/schema\/logo\/image\/"},"sameAs":["https:\/\/www.facebook.com\/plazadetorosronda","https:\/\/x.com\/PlazatorosRMR","https:\/\/www.instagram.com\/realmaestranzaderonda\/","https:\/\/www.youtube.com\/channel\/UCrbO5IUN-8v_QML739vM4zg\/videos"]},{"@type":"Person","@id":"https:\/\/www.rmcr.org\/en\/#\/schema\/person\/80849edee7ef556893505128619ea1d0","name":"BIBLIOTECA","image":{"@type":"ImageObject","inLanguage":"en-US","@id":"https:\/\/www.rmcr.org\/wp-content\/uploads\/2022\/11\/avatar-rmcr-96x96.png","url":"https:\/\/www.rmcr.org\/wp-content\/uploads\/2022\/11\/avatar-rmcr-96x96.png","contentUrl":"https:\/\/www.rmcr.org\/wp-content\/uploads\/2022\/11\/avatar-rmcr-96x96.png","caption":"BIBLIOTECA"},"url":"https:\/\/www.rmcr.org\/en\/author\/juan-antonio-moreno\/"}]}},"_links":{"self":[{"href":"https:\/\/www.rmcr.org\/en\/wp-json\/wp\/v2\/posts\/6159","targetHints":{"allow":["GET"]}}],"collection":[{"href":"https:\/\/www.rmcr.org\/en\/wp-json\/wp\/v2\/posts"}],"about":[{"href":"https:\/\/www.rmcr.org\/en\/wp-json\/wp\/v2\/types\/post"}],"author":[{"embeddable":true,"href":"https:\/\/www.rmcr.org\/en\/wp-json\/wp\/v2\/users\/2"}],"replies":[{"embeddable":true,"href":"https:\/\/www.rmcr.org\/en\/wp-json\/wp\/v2\/comments?post=6159"}],"version-history":[{"count":2,"href":"https:\/\/www.rmcr.org\/en\/wp-json\/wp\/v2\/posts\/6159\/revisions"}],"predecessor-version":[{"id":18250,"href":"https:\/\/www.rmcr.org\/en\/wp-json\/wp\/v2\/posts\/6159\/revisions\/18250"}],"wp:featuredmedia":[{"embeddable":true,"href":"https:\/\/www.rmcr.org\/en\/wp-json\/wp\/v2\/media\/11614"}],"wp:attachment":[{"href":"https:\/\/www.rmcr.org\/en\/wp-json\/wp\/v2\/media?parent=6159"}],"wp:term":[{"taxonomy":"category","embeddable":true,"href":"https:\/\/www.rmcr.org\/en\/wp-json\/wp\/v2\/categories?post=6159"},{"taxonomy":"post_tag","embeddable":true,"href":"https:\/\/www.rmcr.org\/en\/wp-json\/wp\/v2\/tags?post=6159"}],"curies":[{"name":"wp","href":"https:\/\/api.w.org\/{rel}","templated":true}]}}