{"id":6151,"date":"2016-04-22T12:35:18","date_gmt":"2016-04-22T12:35:18","guid":{"rendered":"https:\/\/www.rmcr.org\/?p=6151"},"modified":"2025-04-02T16:52:20","modified_gmt":"2025-04-02T16:52:20","slug":"exposicion-conmemorativa-del-dia-del-libro-en-la-biblioteca-de-la-real-maestranza","status":"publish","type":"post","link":"https:\/\/www.rmcr.org\/en\/2016\/04\/22\/exposicion-conmemorativa-del-dia-del-libro-en-la-biblioteca-de-la-real-maestranza\/","title":{"rendered":"Exposici\u00f3n conmemorativa del D\u00eda del Libro en la Biblioteca de la Real Maestranza"},"content":{"rendered":"<p><strong>La muestra titulada \u00abPedro P\u00e9rez-Clotet, poeta de la Generaci\u00f3n del 27\u00bb exhibir\u00e1 primeras ediciones de sus trabajos en verso y prosa, algunas de sus colaboraciones en revistas y publicaciones colectivas, as\u00ed como ensayos sobre la obra del autor gaditano, ronde\u00f1o de adopci\u00f3n.<\/strong><\/p>\n<p><a href=\"https:\/\/www.rmcr.org\/2016\/04\/fotocomp.jpg\"><img fetchpriority=\"high\" decoding=\"async\" class=\"aligncenter size-full wp-image-1005\" src=\"https:\/\/www.rmcr.org\/wp-content\/uploads\/2016\/04\/fotocomp.jpg\" alt=\"fotocomp\" width=\"470\" height=\"421\"><\/a><\/p>\n<p>El D\u00eda Internacional del Libro est\u00e1 promulgado por la UNESCO desde 1995 con el objetivo de fomentar la lectura, la industria editorial y la protecci\u00f3n de la propiedad intelectual por medio del derecho de autor.<\/p>\n<p>La Biblioteca de la Real Maestranza de Caballer\u00eda de Ronda se suma, por cuarto a\u00f1o consecutivo, a las celebraciones mundiales con motivo de este d\u00eda con la organizaci\u00f3n de una exposici\u00f3n bibliogr\u00e1fica dedicada al poeta Pedro P\u00e9rez-Clotet, al cumplirse el 50\u00ba aniversario de su fallecimiento.<\/p>\n<p>Pedro P\u00e9rez-Clotet (Villaluenga del Rosario 1902-Ronda 1966) se encuadra dentro del heterog\u00e9neo grupo de autores que forman parte del movimiento literario denominado \u00abGeneraci\u00f3n del 27\u00bb. Tras pasar su ni\u00f1ez en su pueblo natal, a los once a\u00f1os ingresa en el Colegio San Luis Gonzaga del Puerto de Santa Mar\u00eda, donde tambi\u00e9n cursaron estudios Rafael Alberti, Juan Ram\u00f3n Jim\u00e9nez, Fernando Villal\u00f3n y Pedro Mu\u00f1oz Seca.<\/p>\n<p>Estudia Derecho en la Universidad de Sevilla, donde fue alumno de Pedro Salinas y compa\u00f1ero de Luis Cernuda y Joaqu\u00edn Romero Murube. En 1925 llega a Madrid para hacer el doctorado. Asiste a las tertulias literarias organizadas por Juan Ram\u00f3n Jim\u00e9nez, y al terminar su tesis \u00abLa &#8216;Pol\u00edtica de Dios&#8217; de Quevedo: su contenido \u00e9tico-jur\u00eddico\u00bb (1928) decide consagrarse a la literatura.<\/p>\n<p>En la Imprenta Sur de M\u00e1laga se imprime su primer libro, \u00abSigno del alba\u00bb (1929). En 1931 fue elegido alcalde de su pueblo natal, cargo desde el que colabor\u00f3, a trav\u00e9s de su amistad con Cernuda, con Misiones Pedag\u00f3gicas en la Sierra de Grazalema. En 1932 funda la revista \u00abIsla\u00bb, primera de las numerosas revistas po\u00e9ticas gaditanas, que dirigir\u00e1&nbsp;hasta 1940. Entre sus colaboradores se contaron Vicente Aleixandre, Emilio Prados, Fernando Villal\u00f3n, Miguel Hern\u00e1ndez, Jorge Guill\u00e9n, Gerardo Diego, Vicente Carrasco, Dionisio Ridruejo, Luis Rosales, Jos\u00e9 Antonio Mu\u00f1oz Rojas, Carmen Conde&#8230;<\/p>\n<p>En 1943 traslada su residencia familiar a Ronda, ciudad en la que permanece hasta su fallecimiento en 1966. Entre sus obras se encuentran: \u00abA la sombra de mi vida\u00bb (1935), \u00abInvocaciones\u00bb (1941), \u00abNoche del hombre\u00bb (1950), \u00abRuedo so\u00f1ado\u00bb (1961), entre otras. P\u00f3stumamente se edita \u00abPrimer adi\u00f3s\u00bb (1974).<\/p>\n<p>La exposici\u00f3n, de <strong>entrada libre<\/strong>, estar\u00e1 abierta \u00fanicamente el <strong>jueves 28 de abril<\/strong>, en el Sal\u00f3n Biblioteca (acceso por calle&nbsp;Virgen de la Paz 15, frente a la Oficina de Correos), en <strong>horario de 12:00-14:00 y de 17:00-20:00 horas<\/strong>.<\/p>\n","protected":false},"excerpt":{"rendered":"<p>La muestra titulada \u00abPedro P\u00e9rez-Clotet, poeta de la Generaci\u00f3n del 27\u00bb exhibir\u00e1 primeras ediciones de sus trabajos en verso y prosa, algunas de sus colaboraciones en revistas y publicaciones colectivas, as\u00ed como ensayos sobre la obra del autor gaditano, ronde\u00f1o de adopci\u00f3n. El D\u00eda Internacional del Libro est\u00e1 promulgado por la UNESCO desde 1995 con [&hellip;]<\/p>\n","protected":false},"author":2,"featured_media":11901,"comment_status":"open","ping_status":"open","sticky":false,"template":"","format":"standard","meta":{"footnotes":""},"categories":[140,790,142],"tags":[237,105,141,137,204,191,114],"class_list":["post-6151","post","type-post","status-publish","format-standard","has-post-thumbnail","hentry","category-biblioteca","category-dia-internacional-del-libro","category-exposiciones","tag-bibliografias","tag-biblioteca-general","tag-dia-internacional-del-libro","tag-libros","tag-pedro-perez-clotet","tag-publicaciones-periodicas","tag-ronda"],"yoast_head":"<!-- This site is optimized with the Yoast SEO plugin v27.5 - https:\/\/yoast.com\/product\/yoast-seo-wordpress\/ -->\n<title>Exposici\u00f3n conmemorativa del D\u00eda del Libro en la Biblioteca de la Real Maestranza - Real Maestranza de Caballer\u00eda de Ronda<\/title>\n<meta name=\"robots\" content=\"index, follow, max-snippet:-1, max-image-preview:large, max-video-preview:-1\" \/>\n<link rel=\"canonical\" href=\"https:\/\/www.rmcr.org\/en\/2016\/04\/22\/exposicion-conmemorativa-del-dia-del-libro-en-la-biblioteca-de-la-real-maestranza\/\" \/>\n<meta property=\"og:locale\" content=\"en_US\" \/>\n<meta property=\"og:type\" content=\"article\" \/>\n<meta property=\"og:title\" content=\"Exposici\u00f3n conmemorativa del D\u00eda del Libro en la Biblioteca de la Real Maestranza - Real Maestranza de Caballer\u00eda de Ronda\" \/>\n<meta property=\"og:description\" content=\"La muestra titulada \u00abPedro P\u00e9rez-Clotet, poeta de la Generaci\u00f3n del 27\u00bb exhibir\u00e1 primeras ediciones de sus trabajos en verso y prosa, algunas de sus colaboraciones en revistas y publicaciones colectivas, as\u00ed como ensayos sobre la obra del autor gaditano, ronde\u00f1o de adopci\u00f3n. El D\u00eda Internacional del Libro est\u00e1 promulgado por la UNESCO desde 1995 con [&hellip;]\" \/>\n<meta property=\"og:url\" content=\"https:\/\/www.rmcr.org\/en\/2016\/04\/22\/exposicion-conmemorativa-del-dia-del-libro-en-la-biblioteca-de-la-real-maestranza\/\" \/>\n<meta property=\"og:site_name\" content=\"Real Maestranza de Caballer\u00eda de Ronda\" \/>\n<meta property=\"article:publisher\" content=\"https:\/\/www.facebook.com\/plazadetorosronda\" \/>\n<meta property=\"article:published_time\" content=\"2016-04-22T12:35:18+00:00\" \/>\n<meta property=\"article:modified_time\" content=\"2025-04-02T16:52:20+00:00\" \/>\n<meta property=\"og:image\" content=\"https:\/\/www.rmcr.org\/wp-content\/uploads\/2022\/10\/fotoc.jpg\" \/>\n\t<meta property=\"og:image:width\" content=\"482\" \/>\n\t<meta property=\"og:image:height\" content=\"143\" \/>\n\t<meta property=\"og:image:type\" content=\"image\/jpeg\" \/>\n<meta name=\"author\" content=\"BIBLIOTECA\" \/>\n<meta name=\"twitter:card\" content=\"summary_large_image\" \/>\n<meta name=\"twitter:creator\" content=\"@PlazatorosRMR\" \/>\n<meta name=\"twitter:site\" content=\"@PlazatorosRMR\" \/>\n<meta name=\"twitter:label1\" content=\"Written by\" \/>\n\t<meta name=\"twitter:data1\" content=\"BIBLIOTECA\" \/>\n\t<meta name=\"twitter:label2\" content=\"Est. reading time\" \/>\n\t<meta name=\"twitter:data2\" content=\"3 minutes\" \/>\n<script type=\"application\/ld+json\" class=\"yoast-schema-graph\">{\"@context\":\"https:\\\/\\\/schema.org\",\"@graph\":[{\"@type\":\"Article\",\"@id\":\"https:\\\/\\\/www.rmcr.org\\\/en\\\/2016\\\/04\\\/22\\\/exposicion-conmemorativa-del-dia-del-libro-en-la-biblioteca-de-la-real-maestranza\\\/#article\",\"isPartOf\":{\"@id\":\"https:\\\/\\\/www.rmcr.org\\\/en\\\/2016\\\/04\\\/22\\\/exposicion-conmemorativa-del-dia-del-libro-en-la-biblioteca-de-la-real-maestranza\\\/\"},\"author\":{\"name\":\"BIBLIOTECA\",\"@id\":\"https:\\\/\\\/www.rmcr.org\\\/en\\\/#\\\/schema\\\/person\\\/80849edee7ef556893505128619ea1d0\"},\"headline\":\"Exposici\u00f3n conmemorativa del D\u00eda del Libro en la Biblioteca de la Real Maestranza\",\"datePublished\":\"2016-04-22T12:35:18+00:00\",\"dateModified\":\"2025-04-02T16:52:20+00:00\",\"mainEntityOfPage\":{\"@id\":\"https:\\\/\\\/www.rmcr.org\\\/en\\\/2016\\\/04\\\/22\\\/exposicion-conmemorativa-del-dia-del-libro-en-la-biblioteca-de-la-real-maestranza\\\/\"},\"wordCount\":463,\"commentCount\":2,\"publisher\":{\"@id\":\"https:\\\/\\\/www.rmcr.org\\\/en\\\/#organization\"},\"image\":{\"@id\":\"https:\\\/\\\/www.rmcr.org\\\/en\\\/2016\\\/04\\\/22\\\/exposicion-conmemorativa-del-dia-del-libro-en-la-biblioteca-de-la-real-maestranza\\\/#primaryimage\"},\"thumbnailUrl\":\"https:\\\/\\\/www.rmcr.org\\\/wp-content\\\/uploads\\\/2022\\\/10\\\/fotoc.jpg\",\"keywords\":[\"Bibliograf\u00edas\",\"Biblioteca\",\"D\u00eda Internacional del Libro\",\"Libros\",\"Pedro P\u00e9rez-Clotet\",\"Publicaciones peri\u00f3dicas\",\"Ronda\"],\"articleSection\":[\"Biblioteca\",\"D\u00eda Internacional del Libro\",\"Exposiciones\"],\"inLanguage\":\"en-US\",\"potentialAction\":[{\"@type\":\"CommentAction\",\"name\":\"Comment\",\"target\":[\"https:\\\/\\\/www.rmcr.org\\\/en\\\/2016\\\/04\\\/22\\\/exposicion-conmemorativa-del-dia-del-libro-en-la-biblioteca-de-la-real-maestranza\\\/#respond\"]}]},{\"@type\":\"WebPage\",\"@id\":\"https:\\\/\\\/www.rmcr.org\\\/en\\\/2016\\\/04\\\/22\\\/exposicion-conmemorativa-del-dia-del-libro-en-la-biblioteca-de-la-real-maestranza\\\/\",\"url\":\"https:\\\/\\\/www.rmcr.org\\\/en\\\/2016\\\/04\\\/22\\\/exposicion-conmemorativa-del-dia-del-libro-en-la-biblioteca-de-la-real-maestranza\\\/\",\"name\":\"Exposici\u00f3n conmemorativa del D\u00eda del Libro en la Biblioteca de la Real Maestranza - Real Maestranza de Caballer\u00eda de Ronda\",\"isPartOf\":{\"@id\":\"https:\\\/\\\/www.rmcr.org\\\/en\\\/#website\"},\"primaryImageOfPage\":{\"@id\":\"https:\\\/\\\/www.rmcr.org\\\/en\\\/2016\\\/04\\\/22\\\/exposicion-conmemorativa-del-dia-del-libro-en-la-biblioteca-de-la-real-maestranza\\\/#primaryimage\"},\"image\":{\"@id\":\"https:\\\/\\\/www.rmcr.org\\\/en\\\/2016\\\/04\\\/22\\\/exposicion-conmemorativa-del-dia-del-libro-en-la-biblioteca-de-la-real-maestranza\\\/#primaryimage\"},\"thumbnailUrl\":\"https:\\\/\\\/www.rmcr.org\\\/wp-content\\\/uploads\\\/2022\\\/10\\\/fotoc.jpg\",\"datePublished\":\"2016-04-22T12:35:18+00:00\",\"dateModified\":\"2025-04-02T16:52:20+00:00\",\"breadcrumb\":{\"@id\":\"https:\\\/\\\/www.rmcr.org\\\/en\\\/2016\\\/04\\\/22\\\/exposicion-conmemorativa-del-dia-del-libro-en-la-biblioteca-de-la-real-maestranza\\\/#breadcrumb\"},\"inLanguage\":\"en-US\",\"potentialAction\":[{\"@type\":\"ReadAction\",\"target\":[\"https:\\\/\\\/www.rmcr.org\\\/en\\\/2016\\\/04\\\/22\\\/exposicion-conmemorativa-del-dia-del-libro-en-la-biblioteca-de-la-real-maestranza\\\/\"]}]},{\"@type\":\"ImageObject\",\"inLanguage\":\"en-US\",\"@id\":\"https:\\\/\\\/www.rmcr.org\\\/en\\\/2016\\\/04\\\/22\\\/exposicion-conmemorativa-del-dia-del-libro-en-la-biblioteca-de-la-real-maestranza\\\/#primaryimage\",\"url\":\"https:\\\/\\\/www.rmcr.org\\\/wp-content\\\/uploads\\\/2022\\\/10\\\/fotoc.jpg\",\"contentUrl\":\"https:\\\/\\\/www.rmcr.org\\\/wp-content\\\/uploads\\\/2022\\\/10\\\/fotoc.jpg\",\"width\":482,\"height\":143},{\"@type\":\"BreadcrumbList\",\"@id\":\"https:\\\/\\\/www.rmcr.org\\\/en\\\/2016\\\/04\\\/22\\\/exposicion-conmemorativa-del-dia-del-libro-en-la-biblioteca-de-la-real-maestranza\\\/#breadcrumb\",\"itemListElement\":[{\"@type\":\"ListItem\",\"position\":1,\"name\":\"REAL MAESTRANZA DE CABALLER\u00cdA DE RONDA\",\"item\":\"https:\\\/\\\/www.rmcr.org\\\/en\\\/\"},{\"@type\":\"ListItem\",\"position\":2,\"name\":\"Exposici\u00f3n conmemorativa del D\u00eda del Libro en la Biblioteca de la Real Maestranza\"}]},{\"@type\":\"WebSite\",\"@id\":\"https:\\\/\\\/www.rmcr.org\\\/en\\\/#website\",\"url\":\"https:\\\/\\\/www.rmcr.org\\\/en\\\/\",\"name\":\"Real Maestranza de Caballer\u00eda de Ronda\",\"description\":\"Real Maestranza de Caballer\u00eda de Ronda\",\"publisher\":{\"@id\":\"https:\\\/\\\/www.rmcr.org\\\/en\\\/#organization\"},\"alternateName\":\"RMCR\",\"potentialAction\":[{\"@type\":\"SearchAction\",\"target\":{\"@type\":\"EntryPoint\",\"urlTemplate\":\"https:\\\/\\\/www.rmcr.org\\\/en\\\/?s={search_term_string}\"},\"query-input\":{\"@type\":\"PropertyValueSpecification\",\"valueRequired\":true,\"valueName\":\"search_term_string\"}}],\"inLanguage\":\"en-US\"},{\"@type\":\"Organization\",\"@id\":\"https:\\\/\\\/www.rmcr.org\\\/en\\\/#organization\",\"name\":\"Real Maestranza de Caballer\u00eda de Ronda\",\"alternateName\":\"RMR\",\"url\":\"https:\\\/\\\/www.rmcr.org\\\/en\\\/\",\"logo\":{\"@type\":\"ImageObject\",\"inLanguage\":\"en-US\",\"@id\":\"https:\\\/\\\/www.rmcr.org\\\/en\\\/#\\\/schema\\\/logo\\\/image\\\/\",\"url\":\"https:\\\/\\\/www.rmcr.org\\\/wp-content\\\/uploads\\\/2022\\\/07\\\/logo-rmr-blue.svg\",\"contentUrl\":\"https:\\\/\\\/www.rmcr.org\\\/wp-content\\\/uploads\\\/2022\\\/07\\\/logo-rmr-blue.svg\",\"width\":131,\"height\":129,\"caption\":\"Real Maestranza de Caballer\u00eda de Ronda\"},\"image\":{\"@id\":\"https:\\\/\\\/www.rmcr.org\\\/en\\\/#\\\/schema\\\/logo\\\/image\\\/\"},\"sameAs\":[\"https:\\\/\\\/www.facebook.com\\\/plazadetorosronda\",\"https:\\\/\\\/x.com\\\/PlazatorosRMR\",\"https:\\\/\\\/www.instagram.com\\\/realmaestranzaderonda\\\/\",\"https:\\\/\\\/www.youtube.com\\\/channel\\\/UCrbO5IUN-8v_QML739vM4zg\\\/videos\"]},{\"@type\":\"Person\",\"@id\":\"https:\\\/\\\/www.rmcr.org\\\/en\\\/#\\\/schema\\\/person\\\/80849edee7ef556893505128619ea1d0\",\"name\":\"BIBLIOTECA\",\"image\":{\"@type\":\"ImageObject\",\"inLanguage\":\"en-US\",\"@id\":\"https:\\\/\\\/www.rmcr.org\\\/wp-content\\\/uploads\\\/2022\\\/11\\\/avatar-rmcr-96x96.png\",\"url\":\"https:\\\/\\\/www.rmcr.org\\\/wp-content\\\/uploads\\\/2022\\\/11\\\/avatar-rmcr-96x96.png\",\"contentUrl\":\"https:\\\/\\\/www.rmcr.org\\\/wp-content\\\/uploads\\\/2022\\\/11\\\/avatar-rmcr-96x96.png\",\"caption\":\"BIBLIOTECA\"},\"url\":\"https:\\\/\\\/www.rmcr.org\\\/en\\\/author\\\/juan-antonio-moreno\\\/\"}]}<\/script>\n<!-- \/ Yoast SEO plugin. -->","yoast_head_json":{"title":"Exposici\u00f3n conmemorativa del D\u00eda del Libro en la Biblioteca de la Real Maestranza - Real Maestranza de Caballer\u00eda de Ronda","robots":{"index":"index","follow":"follow","max-snippet":"max-snippet:-1","max-image-preview":"max-image-preview:large","max-video-preview":"max-video-preview:-1"},"canonical":"https:\/\/www.rmcr.org\/en\/2016\/04\/22\/exposicion-conmemorativa-del-dia-del-libro-en-la-biblioteca-de-la-real-maestranza\/","og_locale":"en_US","og_type":"article","og_title":"Exposici\u00f3n conmemorativa del D\u00eda del Libro en la Biblioteca de la Real Maestranza - Real Maestranza de Caballer\u00eda de Ronda","og_description":"La muestra titulada \u00abPedro P\u00e9rez-Clotet, poeta de la Generaci\u00f3n del 27\u00bb exhibir\u00e1 primeras ediciones de sus trabajos en verso y prosa, algunas de sus colaboraciones en revistas y publicaciones colectivas, as\u00ed como ensayos sobre la obra del autor gaditano, ronde\u00f1o de adopci\u00f3n. El D\u00eda Internacional del Libro est\u00e1 promulgado por la UNESCO desde 1995 con [&hellip;]","og_url":"https:\/\/www.rmcr.org\/en\/2016\/04\/22\/exposicion-conmemorativa-del-dia-del-libro-en-la-biblioteca-de-la-real-maestranza\/","og_site_name":"Real Maestranza de Caballer\u00eda de Ronda","article_publisher":"https:\/\/www.facebook.com\/plazadetorosronda","article_published_time":"2016-04-22T12:35:18+00:00","article_modified_time":"2025-04-02T16:52:20+00:00","og_image":[{"width":482,"height":143,"url":"https:\/\/www.rmcr.org\/wp-content\/uploads\/2022\/10\/fotoc.jpg","type":"image\/jpeg"}],"author":"BIBLIOTECA","twitter_card":"summary_large_image","twitter_creator":"@PlazatorosRMR","twitter_site":"@PlazatorosRMR","twitter_misc":{"Written by":"BIBLIOTECA","Est. reading time":"3 minutes"},"schema":{"@context":"https:\/\/schema.org","@graph":[{"@type":"Article","@id":"https:\/\/www.rmcr.org\/en\/2016\/04\/22\/exposicion-conmemorativa-del-dia-del-libro-en-la-biblioteca-de-la-real-maestranza\/#article","isPartOf":{"@id":"https:\/\/www.rmcr.org\/en\/2016\/04\/22\/exposicion-conmemorativa-del-dia-del-libro-en-la-biblioteca-de-la-real-maestranza\/"},"author":{"name":"BIBLIOTECA","@id":"https:\/\/www.rmcr.org\/en\/#\/schema\/person\/80849edee7ef556893505128619ea1d0"},"headline":"Exposici\u00f3n conmemorativa del D\u00eda del Libro en la Biblioteca de la Real Maestranza","datePublished":"2016-04-22T12:35:18+00:00","dateModified":"2025-04-02T16:52:20+00:00","mainEntityOfPage":{"@id":"https:\/\/www.rmcr.org\/en\/2016\/04\/22\/exposicion-conmemorativa-del-dia-del-libro-en-la-biblioteca-de-la-real-maestranza\/"},"wordCount":463,"commentCount":2,"publisher":{"@id":"https:\/\/www.rmcr.org\/en\/#organization"},"image":{"@id":"https:\/\/www.rmcr.org\/en\/2016\/04\/22\/exposicion-conmemorativa-del-dia-del-libro-en-la-biblioteca-de-la-real-maestranza\/#primaryimage"},"thumbnailUrl":"https:\/\/www.rmcr.org\/wp-content\/uploads\/2022\/10\/fotoc.jpg","keywords":["Bibliograf\u00edas","Biblioteca","D\u00eda Internacional del Libro","Libros","Pedro P\u00e9rez-Clotet","Publicaciones peri\u00f3dicas","Ronda"],"articleSection":["Biblioteca","D\u00eda Internacional del Libro","Exposiciones"],"inLanguage":"en-US","potentialAction":[{"@type":"CommentAction","name":"Comment","target":["https:\/\/www.rmcr.org\/en\/2016\/04\/22\/exposicion-conmemorativa-del-dia-del-libro-en-la-biblioteca-de-la-real-maestranza\/#respond"]}]},{"@type":"WebPage","@id":"https:\/\/www.rmcr.org\/en\/2016\/04\/22\/exposicion-conmemorativa-del-dia-del-libro-en-la-biblioteca-de-la-real-maestranza\/","url":"https:\/\/www.rmcr.org\/en\/2016\/04\/22\/exposicion-conmemorativa-del-dia-del-libro-en-la-biblioteca-de-la-real-maestranza\/","name":"Exposici\u00f3n conmemorativa del D\u00eda del Libro en la Biblioteca de la Real Maestranza - Real Maestranza de Caballer\u00eda de Ronda","isPartOf":{"@id":"https:\/\/www.rmcr.org\/en\/#website"},"primaryImageOfPage":{"@id":"https:\/\/www.rmcr.org\/en\/2016\/04\/22\/exposicion-conmemorativa-del-dia-del-libro-en-la-biblioteca-de-la-real-maestranza\/#primaryimage"},"image":{"@id":"https:\/\/www.rmcr.org\/en\/2016\/04\/22\/exposicion-conmemorativa-del-dia-del-libro-en-la-biblioteca-de-la-real-maestranza\/#primaryimage"},"thumbnailUrl":"https:\/\/www.rmcr.org\/wp-content\/uploads\/2022\/10\/fotoc.jpg","datePublished":"2016-04-22T12:35:18+00:00","dateModified":"2025-04-02T16:52:20+00:00","breadcrumb":{"@id":"https:\/\/www.rmcr.org\/en\/2016\/04\/22\/exposicion-conmemorativa-del-dia-del-libro-en-la-biblioteca-de-la-real-maestranza\/#breadcrumb"},"inLanguage":"en-US","potentialAction":[{"@type":"ReadAction","target":["https:\/\/www.rmcr.org\/en\/2016\/04\/22\/exposicion-conmemorativa-del-dia-del-libro-en-la-biblioteca-de-la-real-maestranza\/"]}]},{"@type":"ImageObject","inLanguage":"en-US","@id":"https:\/\/www.rmcr.org\/en\/2016\/04\/22\/exposicion-conmemorativa-del-dia-del-libro-en-la-biblioteca-de-la-real-maestranza\/#primaryimage","url":"https:\/\/www.rmcr.org\/wp-content\/uploads\/2022\/10\/fotoc.jpg","contentUrl":"https:\/\/www.rmcr.org\/wp-content\/uploads\/2022\/10\/fotoc.jpg","width":482,"height":143},{"@type":"BreadcrumbList","@id":"https:\/\/www.rmcr.org\/en\/2016\/04\/22\/exposicion-conmemorativa-del-dia-del-libro-en-la-biblioteca-de-la-real-maestranza\/#breadcrumb","itemListElement":[{"@type":"ListItem","position":1,"name":"REAL MAESTRANZA DE CABALLER\u00cdA DE RONDA","item":"https:\/\/www.rmcr.org\/en\/"},{"@type":"ListItem","position":2,"name":"Exposici\u00f3n conmemorativa del D\u00eda del Libro en la Biblioteca de la Real Maestranza"}]},{"@type":"WebSite","@id":"https:\/\/www.rmcr.org\/en\/#website","url":"https:\/\/www.rmcr.org\/en\/","name":"Real Maestranza de Caballer\u00eda de Ronda","description":"Real Maestranza de Caballer\u00eda de Ronda","publisher":{"@id":"https:\/\/www.rmcr.org\/en\/#organization"},"alternateName":"RMCR","potentialAction":[{"@type":"SearchAction","target":{"@type":"EntryPoint","urlTemplate":"https:\/\/www.rmcr.org\/en\/?s={search_term_string}"},"query-input":{"@type":"PropertyValueSpecification","valueRequired":true,"valueName":"search_term_string"}}],"inLanguage":"en-US"},{"@type":"Organization","@id":"https:\/\/www.rmcr.org\/en\/#organization","name":"Real Maestranza de Caballer\u00eda de Ronda","alternateName":"RMR","url":"https:\/\/www.rmcr.org\/en\/","logo":{"@type":"ImageObject","inLanguage":"en-US","@id":"https:\/\/www.rmcr.org\/en\/#\/schema\/logo\/image\/","url":"https:\/\/www.rmcr.org\/wp-content\/uploads\/2022\/07\/logo-rmr-blue.svg","contentUrl":"https:\/\/www.rmcr.org\/wp-content\/uploads\/2022\/07\/logo-rmr-blue.svg","width":131,"height":129,"caption":"Real Maestranza de Caballer\u00eda de Ronda"},"image":{"@id":"https:\/\/www.rmcr.org\/en\/#\/schema\/logo\/image\/"},"sameAs":["https:\/\/www.facebook.com\/plazadetorosronda","https:\/\/x.com\/PlazatorosRMR","https:\/\/www.instagram.com\/realmaestranzaderonda\/","https:\/\/www.youtube.com\/channel\/UCrbO5IUN-8v_QML739vM4zg\/videos"]},{"@type":"Person","@id":"https:\/\/www.rmcr.org\/en\/#\/schema\/person\/80849edee7ef556893505128619ea1d0","name":"BIBLIOTECA","image":{"@type":"ImageObject","inLanguage":"en-US","@id":"https:\/\/www.rmcr.org\/wp-content\/uploads\/2022\/11\/avatar-rmcr-96x96.png","url":"https:\/\/www.rmcr.org\/wp-content\/uploads\/2022\/11\/avatar-rmcr-96x96.png","contentUrl":"https:\/\/www.rmcr.org\/wp-content\/uploads\/2022\/11\/avatar-rmcr-96x96.png","caption":"BIBLIOTECA"},"url":"https:\/\/www.rmcr.org\/en\/author\/juan-antonio-moreno\/"}]}},"_links":{"self":[{"href":"https:\/\/www.rmcr.org\/en\/wp-json\/wp\/v2\/posts\/6151","targetHints":{"allow":["GET"]}}],"collection":[{"href":"https:\/\/www.rmcr.org\/en\/wp-json\/wp\/v2\/posts"}],"about":[{"href":"https:\/\/www.rmcr.org\/en\/wp-json\/wp\/v2\/types\/post"}],"author":[{"embeddable":true,"href":"https:\/\/www.rmcr.org\/en\/wp-json\/wp\/v2\/users\/2"}],"replies":[{"embeddable":true,"href":"https:\/\/www.rmcr.org\/en\/wp-json\/wp\/v2\/comments?post=6151"}],"version-history":[{"count":2,"href":"https:\/\/www.rmcr.org\/en\/wp-json\/wp\/v2\/posts\/6151\/revisions"}],"predecessor-version":[{"id":15805,"href":"https:\/\/www.rmcr.org\/en\/wp-json\/wp\/v2\/posts\/6151\/revisions\/15805"}],"wp:featuredmedia":[{"embeddable":true,"href":"https:\/\/www.rmcr.org\/en\/wp-json\/wp\/v2\/media\/11901"}],"wp:attachment":[{"href":"https:\/\/www.rmcr.org\/en\/wp-json\/wp\/v2\/media?parent=6151"}],"wp:term":[{"taxonomy":"category","embeddable":true,"href":"https:\/\/www.rmcr.org\/en\/wp-json\/wp\/v2\/categories?post=6151"},{"taxonomy":"post_tag","embeddable":true,"href":"https:\/\/www.rmcr.org\/en\/wp-json\/wp\/v2\/tags?post=6151"}],"curies":[{"name":"wp","href":"https:\/\/api.w.org\/{rel}","templated":true}]}}