{"id":6150,"date":"2016-04-08T10:14:25","date_gmt":"2016-04-08T10:14:25","guid":{"rendered":"https:\/\/www.rmcr.org\/?p=6150"},"modified":"2025-04-03T17:07:10","modified_gmt":"2025-04-03T17:07:10","slug":"la-real-maestranza-de-caballeria-de-ronda-se-presenta-en-nueva-york","status":"publish","type":"post","link":"https:\/\/www.rmcr.org\/en\/2016\/04\/08\/la-real-maestranza-de-caballeria-de-ronda-se-presenta-en-nueva-york\/","title":{"rendered":"La Real Maestranza de Caballer\u00eda de Ronda se presenta en Nueva York"},"content":{"rendered":"<p style=\"text-align:left;\">El martes 12 de abril tendr\u00e1 lugar en la sede de la Hispanic Society of America un acto, coorganizado con el Consulado Espa\u00f1ol de dicha ciudad, en el que el escritor y poeta venezolano Luis P\u00e9rez Oramas, desde 2006 conservador especializado en arte latinoamericano y caribe\u00f1o del Museo de Arte Moderno (MoMA) de Nueva York,&nbsp; dialogar\u00e1 con el Teniente de Hermano Mayor de la Real Maestranza de Caballer\u00eda de Ronda, Rafael Atienza Medina, bajo el t\u00edtulo \u201cLas corridas de toros: un noble arte para el hombre com\u00fan\u201d.<\/p>\n<p style=\"text-align:left;\"><a href=\"http:\/\/www.hispanicsociety.org\/hispanic\/events\/evnt_041216.htm\" target=\"_blank\" rel=\"noopener\"><img fetchpriority=\"high\" decoding=\"async\" class=\" wp-image-984 aligncenter\" src=\"https:\/\/www.rmcr.org\/wp-content\/uploads\/2016\/04\/the-hispanic-copia.jpg\" alt=\"The Hispanic copia\" width=\"656\" height=\"994\"><\/a><\/p>\n<p style=\"text-align:left;\">En dicha charla, y tras el visionado del v\u00eddeo institucional, se dar\u00e1 una visi\u00f3n general de las reales maestranzas, con especial \u00e9nfasis en la de Ronda y su papel clave en la creaci\u00f3n y desarrollo de la tauromaquia moderna. Se explicar\u00e1&nbsp; por qu\u00e9 nacieron, c\u00f3mo se organizan, cu\u00e1l es su funci\u00f3n como organizaciones de la nobleza local.&nbsp; A pesar de sus or\u00edgenes medievales, las maestranzas son un ejemplo de historia de \u00e9xito por el mero hecho de su supervivencia. En la actualidad compaginan actividades tradicionales, como la equitaci\u00f3n o la tauromaquia, con&nbsp;la gesti\u00f3n de su patrimonio hist\u00f3rico, la cultura y la educaci\u00f3n.<\/p>\n","protected":false},"excerpt":{"rendered":"<p>El martes 12 de abril tendr\u00e1 lugar en la sede de la Hispanic Society of America un acto, coorganizado con el Consulado Espa\u00f1ol de dicha ciudad, en el que el escritor y poeta venezolano Luis P\u00e9rez Oramas, desde 2006 conservador especializado en arte latinoamericano y caribe\u00f1o del Museo de Arte Moderno (MoMA) de Nueva York,&nbsp; [&hellip;]<\/p>\n","protected":false},"author":7,"featured_media":11946,"comment_status":"open","ping_status":"open","sticky":false,"template":"","format":"standard","meta":{"footnotes":""},"categories":[200,510],"tags":[172,84,98,185,114,189],"class_list":["post-6150","post","type-post","status-publish","format-standard","has-post-thumbnail","hentry","category-actividad","category-colaboraciones","tag-historia","tag-rafael-atienza-medina","tag-real-maestranza-de-caballeria-de-ronda","tag-reales-maestranzas","tag-ronda","tag-tauromaquia"],"yoast_head":"<!-- This site is optimized with the Yoast SEO plugin v27.5 - https:\/\/yoast.com\/product\/yoast-seo-wordpress\/ -->\n<title>La Real Maestranza de Caballer\u00eda de Ronda se presenta en Nueva York - Real Maestranza de Caballer\u00eda de Ronda<\/title>\n<meta name=\"robots\" content=\"index, follow, max-snippet:-1, max-image-preview:large, max-video-preview:-1\" \/>\n<link rel=\"canonical\" href=\"https:\/\/www.rmcr.org\/en\/2016\/04\/08\/la-real-maestranza-de-caballeria-de-ronda-se-presenta-en-nueva-york\/\" \/>\n<meta property=\"og:locale\" content=\"en_US\" \/>\n<meta property=\"og:type\" content=\"article\" \/>\n<meta property=\"og:title\" content=\"La Real Maestranza de Caballer\u00eda de Ronda se presenta en Nueva York - Real Maestranza de Caballer\u00eda de Ronda\" \/>\n<meta property=\"og:description\" content=\"El martes 12 de abril tendr\u00e1 lugar en la sede de la Hispanic Society of America un acto, coorganizado con el Consulado Espa\u00f1ol de dicha ciudad, en el que el escritor y poeta venezolano Luis P\u00e9rez Oramas, desde 2006 conservador especializado en arte latinoamericano y caribe\u00f1o del Museo de Arte Moderno (MoMA) de Nueva York,&nbsp; [&hellip;]\" \/>\n<meta property=\"og:url\" content=\"https:\/\/www.rmcr.org\/en\/2016\/04\/08\/la-real-maestranza-de-caballeria-de-ronda-se-presenta-en-nueva-york\/\" \/>\n<meta property=\"og:site_name\" content=\"Real Maestranza de Caballer\u00eda de Ronda\" \/>\n<meta property=\"article:publisher\" content=\"https:\/\/www.facebook.com\/plazadetorosronda\" \/>\n<meta property=\"article:published_time\" content=\"2016-04-08T10:14:25+00:00\" \/>\n<meta property=\"article:modified_time\" content=\"2025-04-03T17:07:10+00:00\" \/>\n<meta property=\"og:image\" content=\"https:\/\/www.rmcr.org\/wp-content\/uploads\/2022\/10\/hsa.jpg\" \/>\n\t<meta property=\"og:image:width\" content=\"485\" \/>\n\t<meta property=\"og:image:height\" content=\"134\" \/>\n\t<meta property=\"og:image:type\" content=\"image\/jpeg\" \/>\n<meta name=\"author\" content=\"RMCR\" \/>\n<meta name=\"twitter:card\" content=\"summary_large_image\" \/>\n<meta name=\"twitter:creator\" content=\"@PlazatorosRMR\" \/>\n<meta name=\"twitter:site\" content=\"@PlazatorosRMR\" \/>\n<meta name=\"twitter:label1\" content=\"Written by\" \/>\n\t<meta name=\"twitter:data1\" content=\"RMCR\" \/>\n\t<meta name=\"twitter:label2\" content=\"Est. reading time\" \/>\n\t<meta name=\"twitter:data2\" content=\"1 minute\" \/>\n<script type=\"application\/ld+json\" class=\"yoast-schema-graph\">{\"@context\":\"https:\\\/\\\/schema.org\",\"@graph\":[{\"@type\":\"Article\",\"@id\":\"https:\\\/\\\/www.rmcr.org\\\/en\\\/2016\\\/04\\\/08\\\/la-real-maestranza-de-caballeria-de-ronda-se-presenta-en-nueva-york\\\/#article\",\"isPartOf\":{\"@id\":\"https:\\\/\\\/www.rmcr.org\\\/en\\\/2016\\\/04\\\/08\\\/la-real-maestranza-de-caballeria-de-ronda-se-presenta-en-nueva-york\\\/\"},\"author\":{\"name\":\"RMCR\",\"@id\":\"https:\\\/\\\/www.rmcr.org\\\/en\\\/#\\\/schema\\\/person\\\/7ddd0dafda7edd0e407157f93a56df4f\"},\"headline\":\"La Real Maestranza de Caballer\u00eda de Ronda se presenta en Nueva York\",\"datePublished\":\"2016-04-08T10:14:25+00:00\",\"dateModified\":\"2025-04-03T17:07:10+00:00\",\"mainEntityOfPage\":{\"@id\":\"https:\\\/\\\/www.rmcr.org\\\/en\\\/2016\\\/04\\\/08\\\/la-real-maestranza-de-caballeria-de-ronda-se-presenta-en-nueva-york\\\/\"},\"wordCount\":222,\"commentCount\":0,\"publisher\":{\"@id\":\"https:\\\/\\\/www.rmcr.org\\\/en\\\/#organization\"},\"image\":{\"@id\":\"https:\\\/\\\/www.rmcr.org\\\/en\\\/2016\\\/04\\\/08\\\/la-real-maestranza-de-caballeria-de-ronda-se-presenta-en-nueva-york\\\/#primaryimage\"},\"thumbnailUrl\":\"https:\\\/\\\/www.rmcr.org\\\/wp-content\\\/uploads\\\/2022\\\/10\\\/hsa.jpg\",\"keywords\":[\"Historia\",\"Rafael Atienza Medina\",\"Real Maestranza de Caballer\u00eda de Ronda\",\"Reales Maestranzas\",\"Ronda\",\"Tauromaquia\"],\"articleSection\":[\"Actividad\",\"Colaboraciones\"],\"inLanguage\":\"en-US\",\"potentialAction\":[{\"@type\":\"CommentAction\",\"name\":\"Comment\",\"target\":[\"https:\\\/\\\/www.rmcr.org\\\/en\\\/2016\\\/04\\\/08\\\/la-real-maestranza-de-caballeria-de-ronda-se-presenta-en-nueva-york\\\/#respond\"]}]},{\"@type\":\"WebPage\",\"@id\":\"https:\\\/\\\/www.rmcr.org\\\/en\\\/2016\\\/04\\\/08\\\/la-real-maestranza-de-caballeria-de-ronda-se-presenta-en-nueva-york\\\/\",\"url\":\"https:\\\/\\\/www.rmcr.org\\\/en\\\/2016\\\/04\\\/08\\\/la-real-maestranza-de-caballeria-de-ronda-se-presenta-en-nueva-york\\\/\",\"name\":\"La Real Maestranza de Caballer\u00eda de Ronda se presenta en Nueva York - Real Maestranza de Caballer\u00eda de Ronda\",\"isPartOf\":{\"@id\":\"https:\\\/\\\/www.rmcr.org\\\/en\\\/#website\"},\"primaryImageOfPage\":{\"@id\":\"https:\\\/\\\/www.rmcr.org\\\/en\\\/2016\\\/04\\\/08\\\/la-real-maestranza-de-caballeria-de-ronda-se-presenta-en-nueva-york\\\/#primaryimage\"},\"image\":{\"@id\":\"https:\\\/\\\/www.rmcr.org\\\/en\\\/2016\\\/04\\\/08\\\/la-real-maestranza-de-caballeria-de-ronda-se-presenta-en-nueva-york\\\/#primaryimage\"},\"thumbnailUrl\":\"https:\\\/\\\/www.rmcr.org\\\/wp-content\\\/uploads\\\/2022\\\/10\\\/hsa.jpg\",\"datePublished\":\"2016-04-08T10:14:25+00:00\",\"dateModified\":\"2025-04-03T17:07:10+00:00\",\"breadcrumb\":{\"@id\":\"https:\\\/\\\/www.rmcr.org\\\/en\\\/2016\\\/04\\\/08\\\/la-real-maestranza-de-caballeria-de-ronda-se-presenta-en-nueva-york\\\/#breadcrumb\"},\"inLanguage\":\"en-US\",\"potentialAction\":[{\"@type\":\"ReadAction\",\"target\":[\"https:\\\/\\\/www.rmcr.org\\\/en\\\/2016\\\/04\\\/08\\\/la-real-maestranza-de-caballeria-de-ronda-se-presenta-en-nueva-york\\\/\"]}]},{\"@type\":\"ImageObject\",\"inLanguage\":\"en-US\",\"@id\":\"https:\\\/\\\/www.rmcr.org\\\/en\\\/2016\\\/04\\\/08\\\/la-real-maestranza-de-caballeria-de-ronda-se-presenta-en-nueva-york\\\/#primaryimage\",\"url\":\"https:\\\/\\\/www.rmcr.org\\\/wp-content\\\/uploads\\\/2022\\\/10\\\/hsa.jpg\",\"contentUrl\":\"https:\\\/\\\/www.rmcr.org\\\/wp-content\\\/uploads\\\/2022\\\/10\\\/hsa.jpg\",\"width\":485,\"height\":134},{\"@type\":\"BreadcrumbList\",\"@id\":\"https:\\\/\\\/www.rmcr.org\\\/en\\\/2016\\\/04\\\/08\\\/la-real-maestranza-de-caballeria-de-ronda-se-presenta-en-nueva-york\\\/#breadcrumb\",\"itemListElement\":[{\"@type\":\"ListItem\",\"position\":1,\"name\":\"REAL MAESTRANZA DE CABALLER\u00cdA DE RONDA\",\"item\":\"https:\\\/\\\/www.rmcr.org\\\/en\\\/\"},{\"@type\":\"ListItem\",\"position\":2,\"name\":\"La Real Maestranza de Caballer\u00eda de Ronda se presenta en Nueva York\"}]},{\"@type\":\"WebSite\",\"@id\":\"https:\\\/\\\/www.rmcr.org\\\/en\\\/#website\",\"url\":\"https:\\\/\\\/www.rmcr.org\\\/en\\\/\",\"name\":\"Real Maestranza de Caballer\u00eda de Ronda\",\"description\":\"Real Maestranza de Caballer\u00eda de Ronda\",\"publisher\":{\"@id\":\"https:\\\/\\\/www.rmcr.org\\\/en\\\/#organization\"},\"alternateName\":\"RMCR\",\"potentialAction\":[{\"@type\":\"SearchAction\",\"target\":{\"@type\":\"EntryPoint\",\"urlTemplate\":\"https:\\\/\\\/www.rmcr.org\\\/en\\\/?s={search_term_string}\"},\"query-input\":{\"@type\":\"PropertyValueSpecification\",\"valueRequired\":true,\"valueName\":\"search_term_string\"}}],\"inLanguage\":\"en-US\"},{\"@type\":\"Organization\",\"@id\":\"https:\\\/\\\/www.rmcr.org\\\/en\\\/#organization\",\"name\":\"Real Maestranza de Caballer\u00eda de Ronda\",\"alternateName\":\"RMR\",\"url\":\"https:\\\/\\\/www.rmcr.org\\\/en\\\/\",\"logo\":{\"@type\":\"ImageObject\",\"inLanguage\":\"en-US\",\"@id\":\"https:\\\/\\\/www.rmcr.org\\\/en\\\/#\\\/schema\\\/logo\\\/image\\\/\",\"url\":\"https:\\\/\\\/www.rmcr.org\\\/wp-content\\\/uploads\\\/2022\\\/07\\\/logo-rmr-blue.svg\",\"contentUrl\":\"https:\\\/\\\/www.rmcr.org\\\/wp-content\\\/uploads\\\/2022\\\/07\\\/logo-rmr-blue.svg\",\"width\":131,\"height\":129,\"caption\":\"Real Maestranza de Caballer\u00eda de Ronda\"},\"image\":{\"@id\":\"https:\\\/\\\/www.rmcr.org\\\/en\\\/#\\\/schema\\\/logo\\\/image\\\/\"},\"sameAs\":[\"https:\\\/\\\/www.facebook.com\\\/plazadetorosronda\",\"https:\\\/\\\/x.com\\\/PlazatorosRMR\",\"https:\\\/\\\/www.instagram.com\\\/realmaestranzaderonda\\\/\",\"https:\\\/\\\/www.youtube.com\\\/channel\\\/UCrbO5IUN-8v_QML739vM4zg\\\/videos\"]},{\"@type\":\"Person\",\"@id\":\"https:\\\/\\\/www.rmcr.org\\\/en\\\/#\\\/schema\\\/person\\\/7ddd0dafda7edd0e407157f93a56df4f\",\"name\":\"RMCR\",\"image\":{\"@type\":\"ImageObject\",\"inLanguage\":\"en-US\",\"@id\":\"https:\\\/\\\/secure.gravatar.com\\\/avatar\\\/adb75798b50800c24baa6a8706037b9469998c49eddeb95935f50f633cff80bb?s=96&d=mm&r=g\",\"url\":\"https:\\\/\\\/secure.gravatar.com\\\/avatar\\\/adb75798b50800c24baa6a8706037b9469998c49eddeb95935f50f633cff80bb?s=96&d=mm&r=g\",\"contentUrl\":\"https:\\\/\\\/secure.gravatar.com\\\/avatar\\\/adb75798b50800c24baa6a8706037b9469998c49eddeb95935f50f633cff80bb?s=96&d=mm&r=g\",\"caption\":\"RMCR\"},\"url\":\"https:\\\/\\\/www.rmcr.org\\\/en\\\/author\\\/bitniks77\\\/\"}]}<\/script>\n<!-- \/ Yoast SEO plugin. -->","yoast_head_json":{"title":"La Real Maestranza de Caballer\u00eda de Ronda se presenta en Nueva York - Real Maestranza de Caballer\u00eda de Ronda","robots":{"index":"index","follow":"follow","max-snippet":"max-snippet:-1","max-image-preview":"max-image-preview:large","max-video-preview":"max-video-preview:-1"},"canonical":"https:\/\/www.rmcr.org\/en\/2016\/04\/08\/la-real-maestranza-de-caballeria-de-ronda-se-presenta-en-nueva-york\/","og_locale":"en_US","og_type":"article","og_title":"La Real Maestranza de Caballer\u00eda de Ronda se presenta en Nueva York - Real Maestranza de Caballer\u00eda de Ronda","og_description":"El martes 12 de abril tendr\u00e1 lugar en la sede de la Hispanic Society of America un acto, coorganizado con el Consulado Espa\u00f1ol de dicha ciudad, en el que el escritor y poeta venezolano Luis P\u00e9rez Oramas, desde 2006 conservador especializado en arte latinoamericano y caribe\u00f1o del Museo de Arte Moderno (MoMA) de Nueva York,&nbsp; [&hellip;]","og_url":"https:\/\/www.rmcr.org\/en\/2016\/04\/08\/la-real-maestranza-de-caballeria-de-ronda-se-presenta-en-nueva-york\/","og_site_name":"Real Maestranza de Caballer\u00eda de Ronda","article_publisher":"https:\/\/www.facebook.com\/plazadetorosronda","article_published_time":"2016-04-08T10:14:25+00:00","article_modified_time":"2025-04-03T17:07:10+00:00","og_image":[{"width":485,"height":134,"url":"https:\/\/www.rmcr.org\/wp-content\/uploads\/2022\/10\/hsa.jpg","type":"image\/jpeg"}],"author":"RMCR","twitter_card":"summary_large_image","twitter_creator":"@PlazatorosRMR","twitter_site":"@PlazatorosRMR","twitter_misc":{"Written by":"RMCR","Est. reading time":"1 minute"},"schema":{"@context":"https:\/\/schema.org","@graph":[{"@type":"Article","@id":"https:\/\/www.rmcr.org\/en\/2016\/04\/08\/la-real-maestranza-de-caballeria-de-ronda-se-presenta-en-nueva-york\/#article","isPartOf":{"@id":"https:\/\/www.rmcr.org\/en\/2016\/04\/08\/la-real-maestranza-de-caballeria-de-ronda-se-presenta-en-nueva-york\/"},"author":{"name":"RMCR","@id":"https:\/\/www.rmcr.org\/en\/#\/schema\/person\/7ddd0dafda7edd0e407157f93a56df4f"},"headline":"La Real Maestranza de Caballer\u00eda de Ronda se presenta en Nueva York","datePublished":"2016-04-08T10:14:25+00:00","dateModified":"2025-04-03T17:07:10+00:00","mainEntityOfPage":{"@id":"https:\/\/www.rmcr.org\/en\/2016\/04\/08\/la-real-maestranza-de-caballeria-de-ronda-se-presenta-en-nueva-york\/"},"wordCount":222,"commentCount":0,"publisher":{"@id":"https:\/\/www.rmcr.org\/en\/#organization"},"image":{"@id":"https:\/\/www.rmcr.org\/en\/2016\/04\/08\/la-real-maestranza-de-caballeria-de-ronda-se-presenta-en-nueva-york\/#primaryimage"},"thumbnailUrl":"https:\/\/www.rmcr.org\/wp-content\/uploads\/2022\/10\/hsa.jpg","keywords":["Historia","Rafael Atienza Medina","Real Maestranza de Caballer\u00eda de Ronda","Reales Maestranzas","Ronda","Tauromaquia"],"articleSection":["Actividad","Colaboraciones"],"inLanguage":"en-US","potentialAction":[{"@type":"CommentAction","name":"Comment","target":["https:\/\/www.rmcr.org\/en\/2016\/04\/08\/la-real-maestranza-de-caballeria-de-ronda-se-presenta-en-nueva-york\/#respond"]}]},{"@type":"WebPage","@id":"https:\/\/www.rmcr.org\/en\/2016\/04\/08\/la-real-maestranza-de-caballeria-de-ronda-se-presenta-en-nueva-york\/","url":"https:\/\/www.rmcr.org\/en\/2016\/04\/08\/la-real-maestranza-de-caballeria-de-ronda-se-presenta-en-nueva-york\/","name":"La Real Maestranza de Caballer\u00eda de Ronda se presenta en Nueva York - Real Maestranza de Caballer\u00eda de Ronda","isPartOf":{"@id":"https:\/\/www.rmcr.org\/en\/#website"},"primaryImageOfPage":{"@id":"https:\/\/www.rmcr.org\/en\/2016\/04\/08\/la-real-maestranza-de-caballeria-de-ronda-se-presenta-en-nueva-york\/#primaryimage"},"image":{"@id":"https:\/\/www.rmcr.org\/en\/2016\/04\/08\/la-real-maestranza-de-caballeria-de-ronda-se-presenta-en-nueva-york\/#primaryimage"},"thumbnailUrl":"https:\/\/www.rmcr.org\/wp-content\/uploads\/2022\/10\/hsa.jpg","datePublished":"2016-04-08T10:14:25+00:00","dateModified":"2025-04-03T17:07:10+00:00","breadcrumb":{"@id":"https:\/\/www.rmcr.org\/en\/2016\/04\/08\/la-real-maestranza-de-caballeria-de-ronda-se-presenta-en-nueva-york\/#breadcrumb"},"inLanguage":"en-US","potentialAction":[{"@type":"ReadAction","target":["https:\/\/www.rmcr.org\/en\/2016\/04\/08\/la-real-maestranza-de-caballeria-de-ronda-se-presenta-en-nueva-york\/"]}]},{"@type":"ImageObject","inLanguage":"en-US","@id":"https:\/\/www.rmcr.org\/en\/2016\/04\/08\/la-real-maestranza-de-caballeria-de-ronda-se-presenta-en-nueva-york\/#primaryimage","url":"https:\/\/www.rmcr.org\/wp-content\/uploads\/2022\/10\/hsa.jpg","contentUrl":"https:\/\/www.rmcr.org\/wp-content\/uploads\/2022\/10\/hsa.jpg","width":485,"height":134},{"@type":"BreadcrumbList","@id":"https:\/\/www.rmcr.org\/en\/2016\/04\/08\/la-real-maestranza-de-caballeria-de-ronda-se-presenta-en-nueva-york\/#breadcrumb","itemListElement":[{"@type":"ListItem","position":1,"name":"REAL MAESTRANZA DE CABALLER\u00cdA DE RONDA","item":"https:\/\/www.rmcr.org\/en\/"},{"@type":"ListItem","position":2,"name":"La Real Maestranza de Caballer\u00eda de Ronda se presenta en Nueva York"}]},{"@type":"WebSite","@id":"https:\/\/www.rmcr.org\/en\/#website","url":"https:\/\/www.rmcr.org\/en\/","name":"Real Maestranza de Caballer\u00eda de Ronda","description":"Real Maestranza de Caballer\u00eda de Ronda","publisher":{"@id":"https:\/\/www.rmcr.org\/en\/#organization"},"alternateName":"RMCR","potentialAction":[{"@type":"SearchAction","target":{"@type":"EntryPoint","urlTemplate":"https:\/\/www.rmcr.org\/en\/?s={search_term_string}"},"query-input":{"@type":"PropertyValueSpecification","valueRequired":true,"valueName":"search_term_string"}}],"inLanguage":"en-US"},{"@type":"Organization","@id":"https:\/\/www.rmcr.org\/en\/#organization","name":"Real Maestranza de Caballer\u00eda de Ronda","alternateName":"RMR","url":"https:\/\/www.rmcr.org\/en\/","logo":{"@type":"ImageObject","inLanguage":"en-US","@id":"https:\/\/www.rmcr.org\/en\/#\/schema\/logo\/image\/","url":"https:\/\/www.rmcr.org\/wp-content\/uploads\/2022\/07\/logo-rmr-blue.svg","contentUrl":"https:\/\/www.rmcr.org\/wp-content\/uploads\/2022\/07\/logo-rmr-blue.svg","width":131,"height":129,"caption":"Real Maestranza de Caballer\u00eda de Ronda"},"image":{"@id":"https:\/\/www.rmcr.org\/en\/#\/schema\/logo\/image\/"},"sameAs":["https:\/\/www.facebook.com\/plazadetorosronda","https:\/\/x.com\/PlazatorosRMR","https:\/\/www.instagram.com\/realmaestranzaderonda\/","https:\/\/www.youtube.com\/channel\/UCrbO5IUN-8v_QML739vM4zg\/videos"]},{"@type":"Person","@id":"https:\/\/www.rmcr.org\/en\/#\/schema\/person\/7ddd0dafda7edd0e407157f93a56df4f","name":"RMCR","image":{"@type":"ImageObject","inLanguage":"en-US","@id":"https:\/\/secure.gravatar.com\/avatar\/adb75798b50800c24baa6a8706037b9469998c49eddeb95935f50f633cff80bb?s=96&d=mm&r=g","url":"https:\/\/secure.gravatar.com\/avatar\/adb75798b50800c24baa6a8706037b9469998c49eddeb95935f50f633cff80bb?s=96&d=mm&r=g","contentUrl":"https:\/\/secure.gravatar.com\/avatar\/adb75798b50800c24baa6a8706037b9469998c49eddeb95935f50f633cff80bb?s=96&d=mm&r=g","caption":"RMCR"},"url":"https:\/\/www.rmcr.org\/en\/author\/bitniks77\/"}]}},"_links":{"self":[{"href":"https:\/\/www.rmcr.org\/en\/wp-json\/wp\/v2\/posts\/6150","targetHints":{"allow":["GET"]}}],"collection":[{"href":"https:\/\/www.rmcr.org\/en\/wp-json\/wp\/v2\/posts"}],"about":[{"href":"https:\/\/www.rmcr.org\/en\/wp-json\/wp\/v2\/types\/post"}],"author":[{"embeddable":true,"href":"https:\/\/www.rmcr.org\/en\/wp-json\/wp\/v2\/users\/7"}],"replies":[{"embeddable":true,"href":"https:\/\/www.rmcr.org\/en\/wp-json\/wp\/v2\/comments?post=6150"}],"version-history":[{"count":2,"href":"https:\/\/www.rmcr.org\/en\/wp-json\/wp\/v2\/posts\/6150\/revisions"}],"predecessor-version":[{"id":22611,"href":"https:\/\/www.rmcr.org\/en\/wp-json\/wp\/v2\/posts\/6150\/revisions\/22611"}],"wp:featuredmedia":[{"embeddable":true,"href":"https:\/\/www.rmcr.org\/en\/wp-json\/wp\/v2\/media\/11946"}],"wp:attachment":[{"href":"https:\/\/www.rmcr.org\/en\/wp-json\/wp\/v2\/media?parent=6150"}],"wp:term":[{"taxonomy":"category","embeddable":true,"href":"https:\/\/www.rmcr.org\/en\/wp-json\/wp\/v2\/categories?post=6150"},{"taxonomy":"post_tag","embeddable":true,"href":"https:\/\/www.rmcr.org\/en\/wp-json\/wp\/v2\/tags?post=6150"}],"curies":[{"name":"wp","href":"https:\/\/api.w.org\/{rel}","templated":true}]}}