{"id":6149,"date":"2016-04-06T17:11:29","date_gmt":"2016-04-06T17:11:29","guid":{"rendered":"https:\/\/www.rmcr.org\/?p=6149"},"modified":"2025-12-15T13:42:28","modified_gmt":"2025-12-15T13:42:28","slug":"biblioteca-rmr-el-toro-ferdinando-abril-2016","status":"publish","type":"post","link":"https:\/\/www.rmcr.org\/en\/2016\/04\/06\/biblioteca-rmr-el-toro-ferdinando-abril-2016\/","title":{"rendered":"Biblioteca-RMR: N\u00ba 28. El toro Ferdinando. Abril 2016."},"content":{"rendered":"<p style=\"text-align: center;\"><strong>\u00b7 ART\u00cdCULO \u00b7<\/strong><br \/>\n<strong>\u00b7 BIBLIOTECA DE LA REAL MAESTRANZA DE CABALLER\u00cdA DE RONDA \u00b7<\/strong><br \/>\n<strong>\u00b7 ABRIL\u00a02016 \u00b7<\/strong><\/p>\n<p style=\"text-align: center;\"><strong>\u00b7 FONDO TAUROMAQUIA\u00a0\u00b7<\/strong><\/p>\n<p style=\"text-align: justify;\"><em>The Story of Ferdinand<\/em> (1936) es la obra m\u00e1s conocida del escritor estadounidense Munro Leaf (1905-1976), y\u00a0est\u00e1 ilustrada por los dibujos del\u00a0tambi\u00e9n estadounidense Robert Lawson (1892-1957).<\/p>\n<p style=\"text-align: center;\"><a href=\"https:\/\/www.rmcr.org\/2016\/04\/munroa2.jpg\" rel=\"attachment wp-att-964\"><img fetchpriority=\"high\" decoding=\"async\" class=\"aligncenter size-full wp-image-964\" src=\"https:\/\/www.rmcr.org\/wp-content\/uploads\/2016\/04\/munroa2.jpg\" alt=\"munroa\" width=\"336\" height=\"450\" \/><\/a><em>&#8220;The Story of Ferdinand&#8221;<\/em><\/p>\n<p style=\"text-align: justify;\">Este cuento para ni\u00f1os relata la historia de Ferdinando, un pac\u00edfico\u00a0ternerito que no disfruta embistiendo como lo hacen\u00a0el resto de sus semejantes, y que prefiere permanecer sentado\u00a0bajo un \u00e1rbol oliendo las flores. Su madre se muestra un poco preocupada porque piensa que es un &#8220;chico&#8221; solitario, y trata de convencerlo para que juegue con los otros terneros, pero cuando ve que Ferdinando est\u00e1 convencido de ser como es, ella lo acepta amorosamente.<\/p>\n<p style=\"text-align: justify;\">Transcurren los a\u00f1os y Ferdinando crece hasta convertirse en el toro m\u00e1s grande y fuerte del lugar. Pero mientras los dem\u00e1s toros sue\u00f1an con ser elegidos para participar en las corridas de toros de Madrid, Ferdinando prefiere seguir oliendo las flores.<\/p>\n<p style=\"text-align: justify;\">Un d\u00eda, cinco hombres llegan a la pradera para seleccionar un toro para una corrida. Todos los toros se embisten violentamente, intentando llamar la atenci\u00f3n de los visitantes. Ferdinando, indiferente a la situaci\u00f3n, se retira a su \u00e1rbol preferido, y al sentarse\u00a0accidentalmente recibe la picadura de una abeja. Dolorido, Ferdinando corre violentamente a trav\u00e9s del campo, resoplando y arrasando con todo lo que se encuentra a su paso. Sin dudarlo, los hombres lo se\u00f1alan como el animal m\u00e1s feroz de la torada y se lo llevan a Madrid en una carreta. El\u00a0Puente Nuevo de Ronda es testigo de la escena (ver imagen).<\/p>\n<p style=\"text-align: center;\"><a href=\"https:\/\/www.rmcr.org\/2016\/04\/munrob1.jpg\" rel=\"attachment wp-att-965\"><img decoding=\"async\" class=\"aligncenter size-full wp-image-965\" src=\"https:\/\/www.rmcr.org\/wp-content\/uploads\/2016\/04\/munrob1.jpg\" alt=\"munrob\" width=\"333\" height=\"450\" \/><\/a><em>&#8220;So they took him away for the bull fight day in a cart&#8221;<\/em><\/p>\n<p style=\"text-align: justify;\">La corrida levanta una enorme expectaci\u00f3n en Madrid, y el p\u00fablico acude en masa a la plaza para ver la lucha del matador con el feroz Ferdinando. Sin embargo, cuando el toro salta al ruedo, lo \u00fanico que le interesa al animal es oler el perfume que desprenden\u00a0las flores que llevan las mujeres, permaneciendo sentado tranquilamente en el centro del anillo. Todos los desesperados esfuerzos que hacen el matador y el resto de su\u00a0cuadrilla para que el toro embista son en vano, y terminan desquiciados por la situaci\u00f3n, devolviendo a Ferdinando de nuevo a su prado, donde permanece\u00a0feliz oliendo las flores.<\/p>\n<p style=\"text-align: justify;\">La historia de Leaf alcanz\u00f3 una gran fama en los Estados Unidos, despertando el inter\u00e9s de Walt Disney, que adapt\u00f3 el cuento para un cortometraje animado, consiguiendo\u00a0el premio \u00d3scar de\u00a0su categor\u00eda en el a\u00f1o 1938 (ver v\u00eddeo).<\/p>\n<p><iframe title=\"Ferdinand the Bull - full short film\" width=\"800\" height=\"450\" src=\"https:\/\/www.youtube.com\/embed\/UN62cxSs5Q8?start=31&#038;feature=oembed\" frameborder=\"0\" allow=\"accelerometer; autoplay; clipboard-write; encrypted-media; gyroscope; picture-in-picture; web-share\" referrerpolicy=\"strict-origin-when-cross-origin\" allowfullscreen><\/iframe><\/p>\n<p style=\"text-align: justify;\"><strong>Ficha bibliogr\u00e1fica<\/strong><\/p>\n<p style=\"text-align: justify;\"><em>Leaf, Munro (1905-1976)<\/em><br \/>\nThe Story of Ferdinand \/ by Munro Leaf ; illustrated by Robert Lawson. &#8212; 1\u00aa ed. \/ 3\u00aa reimp. &#8212; New York : The Viking Press, 1936<br \/>\n[70] p. : principalmente il. ; 21 cm<br \/>\nDibujo del Puente Nuevo de Ronda (p. [43])<br \/>\n<em>Tauromaquia-Libros infantiles<\/em><br \/>\n<em>Lawson, Robert (1892-1957)<\/em><br \/>\nFondo Propio \/ Tauromaquia &#8212; CB1023126 &#8212; Enc. hol. ilustrada<\/p>\n","protected":false},"excerpt":{"rendered":"<p>\u00b7 ART\u00cdCULO \u00b7 \u00b7 BIBLIOTECA DE LA REAL MAESTRANZA DE CABALLER\u00cdA DE RONDA \u00b7 \u00b7 ABRIL\u00a02016 \u00b7 \u00b7 FONDO TAUROMAQUIA\u00a0\u00b7 The Story of Ferdinand (1936) es la obra m\u00e1s conocida del escritor estadounidense Munro Leaf (1905-1976), y\u00a0est\u00e1 ilustrada por los dibujos del\u00a0tambi\u00e9n estadounidense Robert Lawson (1892-1957). &#8220;The Story of Ferdinand&#8221; Este cuento para ni\u00f1os relata [&hellip;]<\/p>\n","protected":false},"author":2,"featured_media":958,"comment_status":"open","ping_status":"open","sticky":false,"template":"","format":"standard","meta":{"footnotes":""},"categories":[140,791],"tags":[105,252,176,144,137,114,189],"class_list":["post-6149","post","type-post","status-publish","format-standard","has-post-thumbnail","hentry","category-biblioteca","category-boletin-bibliografico-biblioteca-rmr","tag-biblioteca-general","tag-biblioteca-rmr","tag-boletin-mensual-bibliografico","tag-grabados","tag-libros","tag-ronda","tag-tauromaquia"],"yoast_head":"<!-- This site is optimized with the Yoast SEO plugin v27.5 - https:\/\/yoast.com\/product\/yoast-seo-wordpress\/ -->\n<title>Biblioteca-RMR: N\u00ba 28. El toro Ferdinando. Abril 2016. - Real Maestranza de Caballer\u00eda de Ronda<\/title>\n<meta name=\"robots\" content=\"index, follow, max-snippet:-1, max-image-preview:large, max-video-preview:-1\" \/>\n<link rel=\"canonical\" href=\"https:\/\/www.rmcr.org\/en\/2016\/04\/06\/biblioteca-rmr-el-toro-ferdinando-abril-2016\/\" \/>\n<meta property=\"og:locale\" content=\"en_US\" \/>\n<meta property=\"og:type\" content=\"article\" \/>\n<meta property=\"og:title\" content=\"Biblioteca-RMR: N\u00ba 28. El toro Ferdinando. Abril 2016. - Real Maestranza de Caballer\u00eda de Ronda\" \/>\n<meta property=\"og:description\" content=\"\u00b7 ART\u00cdCULO \u00b7 \u00b7 BIBLIOTECA DE LA REAL MAESTRANZA DE CABALLER\u00cdA DE RONDA \u00b7 \u00b7 ABRIL\u00a02016 \u00b7 \u00b7 FONDO TAUROMAQUIA\u00a0\u00b7 The Story of Ferdinand (1936) es la obra m\u00e1s conocida del escritor estadounidense Munro Leaf (1905-1976), y\u00a0est\u00e1 ilustrada por los dibujos del\u00a0tambi\u00e9n estadounidense Robert Lawson (1892-1957). &#8220;The Story of Ferdinand&#8221; Este cuento para ni\u00f1os relata [&hellip;]\" \/>\n<meta property=\"og:url\" content=\"https:\/\/www.rmcr.org\/en\/2016\/04\/06\/biblioteca-rmr-el-toro-ferdinando-abril-2016\/\" \/>\n<meta property=\"og:site_name\" content=\"Real Maestranza de Caballer\u00eda de Ronda\" \/>\n<meta property=\"article:publisher\" content=\"https:\/\/www.facebook.com\/plazadetorosronda\" \/>\n<meta property=\"article:published_time\" content=\"2016-04-06T17:11:29+00:00\" \/>\n<meta property=\"article:modified_time\" content=\"2025-12-15T13:42:28+00:00\" \/>\n<meta property=\"og:image\" content=\"https:\/\/www.rmcr.org\/wp-content\/uploads\/2016\/04\/munr.jpg\" \/>\n\t<meta property=\"og:image:width\" content=\"482\" \/>\n\t<meta property=\"og:image:height\" content=\"143\" \/>\n\t<meta property=\"og:image:type\" content=\"image\/jpeg\" \/>\n<meta name=\"author\" content=\"BIBLIOTECA\" \/>\n<meta name=\"twitter:card\" content=\"summary_large_image\" \/>\n<meta name=\"twitter:creator\" content=\"@PlazatorosRMR\" \/>\n<meta name=\"twitter:site\" content=\"@PlazatorosRMR\" \/>\n<meta name=\"twitter:label1\" content=\"Written by\" \/>\n\t<meta name=\"twitter:data1\" content=\"BIBLIOTECA\" \/>\n\t<meta name=\"twitter:label2\" content=\"Est. reading time\" \/>\n\t<meta name=\"twitter:data2\" content=\"3 minutes\" \/>\n<script type=\"application\/ld+json\" class=\"yoast-schema-graph\">{\"@context\":\"https:\\\/\\\/schema.org\",\"@graph\":[{\"@type\":\"Article\",\"@id\":\"https:\\\/\\\/www.rmcr.org\\\/en\\\/2016\\\/04\\\/06\\\/biblioteca-rmr-el-toro-ferdinando-abril-2016\\\/#article\",\"isPartOf\":{\"@id\":\"https:\\\/\\\/www.rmcr.org\\\/en\\\/2016\\\/04\\\/06\\\/biblioteca-rmr-el-toro-ferdinando-abril-2016\\\/\"},\"author\":{\"name\":\"BIBLIOTECA\",\"@id\":\"https:\\\/\\\/www.rmcr.org\\\/en\\\/#\\\/schema\\\/person\\\/80849edee7ef556893505128619ea1d0\"},\"headline\":\"Biblioteca-RMR: N\u00ba 28. El toro Ferdinando. Abril 2016.\",\"datePublished\":\"2016-04-06T17:11:29+00:00\",\"dateModified\":\"2025-12-15T13:42:28+00:00\",\"mainEntityOfPage\":{\"@id\":\"https:\\\/\\\/www.rmcr.org\\\/en\\\/2016\\\/04\\\/06\\\/biblioteca-rmr-el-toro-ferdinando-abril-2016\\\/\"},\"wordCount\":512,\"commentCount\":1,\"publisher\":{\"@id\":\"https:\\\/\\\/www.rmcr.org\\\/en\\\/#organization\"},\"image\":{\"@id\":\"https:\\\/\\\/www.rmcr.org\\\/en\\\/2016\\\/04\\\/06\\\/biblioteca-rmr-el-toro-ferdinando-abril-2016\\\/#primaryimage\"},\"thumbnailUrl\":\"https:\\\/\\\/www.rmcr.org\\\/wp-content\\\/uploads\\\/2016\\\/04\\\/munr.jpg\",\"keywords\":[\"Biblioteca\",\"Biblioteca-RMR\",\"Bolet\u00edn mensual bibliogr\u00e1fico\",\"Grabados\",\"Libros\",\"Ronda\",\"Tauromaquia\"],\"articleSection\":[\"Biblioteca\",\"Bolet\u00edn bibliogr\u00e1fico Biblioteca-RMR\"],\"inLanguage\":\"en-US\",\"potentialAction\":[{\"@type\":\"CommentAction\",\"name\":\"Comment\",\"target\":[\"https:\\\/\\\/www.rmcr.org\\\/en\\\/2016\\\/04\\\/06\\\/biblioteca-rmr-el-toro-ferdinando-abril-2016\\\/#respond\"]}]},{\"@type\":\"WebPage\",\"@id\":\"https:\\\/\\\/www.rmcr.org\\\/en\\\/2016\\\/04\\\/06\\\/biblioteca-rmr-el-toro-ferdinando-abril-2016\\\/\",\"url\":\"https:\\\/\\\/www.rmcr.org\\\/en\\\/2016\\\/04\\\/06\\\/biblioteca-rmr-el-toro-ferdinando-abril-2016\\\/\",\"name\":\"Biblioteca-RMR: N\u00ba 28. El toro Ferdinando. Abril 2016. - Real Maestranza de Caballer\u00eda de Ronda\",\"isPartOf\":{\"@id\":\"https:\\\/\\\/www.rmcr.org\\\/en\\\/#website\"},\"primaryImageOfPage\":{\"@id\":\"https:\\\/\\\/www.rmcr.org\\\/en\\\/2016\\\/04\\\/06\\\/biblioteca-rmr-el-toro-ferdinando-abril-2016\\\/#primaryimage\"},\"image\":{\"@id\":\"https:\\\/\\\/www.rmcr.org\\\/en\\\/2016\\\/04\\\/06\\\/biblioteca-rmr-el-toro-ferdinando-abril-2016\\\/#primaryimage\"},\"thumbnailUrl\":\"https:\\\/\\\/www.rmcr.org\\\/wp-content\\\/uploads\\\/2016\\\/04\\\/munr.jpg\",\"datePublished\":\"2016-04-06T17:11:29+00:00\",\"dateModified\":\"2025-12-15T13:42:28+00:00\",\"breadcrumb\":{\"@id\":\"https:\\\/\\\/www.rmcr.org\\\/en\\\/2016\\\/04\\\/06\\\/biblioteca-rmr-el-toro-ferdinando-abril-2016\\\/#breadcrumb\"},\"inLanguage\":\"en-US\",\"potentialAction\":[{\"@type\":\"ReadAction\",\"target\":[\"https:\\\/\\\/www.rmcr.org\\\/en\\\/2016\\\/04\\\/06\\\/biblioteca-rmr-el-toro-ferdinando-abril-2016\\\/\"]}]},{\"@type\":\"ImageObject\",\"inLanguage\":\"en-US\",\"@id\":\"https:\\\/\\\/www.rmcr.org\\\/en\\\/2016\\\/04\\\/06\\\/biblioteca-rmr-el-toro-ferdinando-abril-2016\\\/#primaryimage\",\"url\":\"https:\\\/\\\/www.rmcr.org\\\/wp-content\\\/uploads\\\/2016\\\/04\\\/munr.jpg\",\"contentUrl\":\"https:\\\/\\\/www.rmcr.org\\\/wp-content\\\/uploads\\\/2016\\\/04\\\/munr.jpg\",\"width\":482,\"height\":143},{\"@type\":\"BreadcrumbList\",\"@id\":\"https:\\\/\\\/www.rmcr.org\\\/en\\\/2016\\\/04\\\/06\\\/biblioteca-rmr-el-toro-ferdinando-abril-2016\\\/#breadcrumb\",\"itemListElement\":[{\"@type\":\"ListItem\",\"position\":1,\"name\":\"REAL MAESTRANZA DE CABALLER\u00cdA DE RONDA\",\"item\":\"https:\\\/\\\/www.rmcr.org\\\/en\\\/\"},{\"@type\":\"ListItem\",\"position\":2,\"name\":\"Biblioteca-RMR: N\u00ba 28. El toro Ferdinando. Abril 2016.\"}]},{\"@type\":\"WebSite\",\"@id\":\"https:\\\/\\\/www.rmcr.org\\\/en\\\/#website\",\"url\":\"https:\\\/\\\/www.rmcr.org\\\/en\\\/\",\"name\":\"Real Maestranza de Caballer\u00eda de Ronda\",\"description\":\"Real Maestranza de Caballer\u00eda de Ronda\",\"publisher\":{\"@id\":\"https:\\\/\\\/www.rmcr.org\\\/en\\\/#organization\"},\"alternateName\":\"RMCR\",\"potentialAction\":[{\"@type\":\"SearchAction\",\"target\":{\"@type\":\"EntryPoint\",\"urlTemplate\":\"https:\\\/\\\/www.rmcr.org\\\/en\\\/?s={search_term_string}\"},\"query-input\":{\"@type\":\"PropertyValueSpecification\",\"valueRequired\":true,\"valueName\":\"search_term_string\"}}],\"inLanguage\":\"en-US\"},{\"@type\":\"Organization\",\"@id\":\"https:\\\/\\\/www.rmcr.org\\\/en\\\/#organization\",\"name\":\"Real Maestranza de Caballer\u00eda de Ronda\",\"alternateName\":\"RMR\",\"url\":\"https:\\\/\\\/www.rmcr.org\\\/en\\\/\",\"logo\":{\"@type\":\"ImageObject\",\"inLanguage\":\"en-US\",\"@id\":\"https:\\\/\\\/www.rmcr.org\\\/en\\\/#\\\/schema\\\/logo\\\/image\\\/\",\"url\":\"https:\\\/\\\/www.rmcr.org\\\/wp-content\\\/uploads\\\/2022\\\/07\\\/logo-rmr-blue.svg\",\"contentUrl\":\"https:\\\/\\\/www.rmcr.org\\\/wp-content\\\/uploads\\\/2022\\\/07\\\/logo-rmr-blue.svg\",\"width\":131,\"height\":129,\"caption\":\"Real Maestranza de Caballer\u00eda de Ronda\"},\"image\":{\"@id\":\"https:\\\/\\\/www.rmcr.org\\\/en\\\/#\\\/schema\\\/logo\\\/image\\\/\"},\"sameAs\":[\"https:\\\/\\\/www.facebook.com\\\/plazadetorosronda\",\"https:\\\/\\\/x.com\\\/PlazatorosRMR\",\"https:\\\/\\\/www.instagram.com\\\/realmaestranzaderonda\\\/\",\"https:\\\/\\\/www.youtube.com\\\/channel\\\/UCrbO5IUN-8v_QML739vM4zg\\\/videos\"]},{\"@type\":\"Person\",\"@id\":\"https:\\\/\\\/www.rmcr.org\\\/en\\\/#\\\/schema\\\/person\\\/80849edee7ef556893505128619ea1d0\",\"name\":\"BIBLIOTECA\",\"image\":{\"@type\":\"ImageObject\",\"inLanguage\":\"en-US\",\"@id\":\"https:\\\/\\\/www.rmcr.org\\\/wp-content\\\/uploads\\\/2022\\\/11\\\/avatar-rmcr-96x96.png\",\"url\":\"https:\\\/\\\/www.rmcr.org\\\/wp-content\\\/uploads\\\/2022\\\/11\\\/avatar-rmcr-96x96.png\",\"contentUrl\":\"https:\\\/\\\/www.rmcr.org\\\/wp-content\\\/uploads\\\/2022\\\/11\\\/avatar-rmcr-96x96.png\",\"caption\":\"BIBLIOTECA\"},\"url\":\"https:\\\/\\\/www.rmcr.org\\\/en\\\/author\\\/juan-antonio-moreno\\\/\"}]}<\/script>\n<!-- \/ Yoast SEO plugin. -->","yoast_head_json":{"title":"Biblioteca-RMR: N\u00ba 28. El toro Ferdinando. Abril 2016. - Real Maestranza de Caballer\u00eda de Ronda","robots":{"index":"index","follow":"follow","max-snippet":"max-snippet:-1","max-image-preview":"max-image-preview:large","max-video-preview":"max-video-preview:-1"},"canonical":"https:\/\/www.rmcr.org\/en\/2016\/04\/06\/biblioteca-rmr-el-toro-ferdinando-abril-2016\/","og_locale":"en_US","og_type":"article","og_title":"Biblioteca-RMR: N\u00ba 28. El toro Ferdinando. Abril 2016. - Real Maestranza de Caballer\u00eda de Ronda","og_description":"\u00b7 ART\u00cdCULO \u00b7 \u00b7 BIBLIOTECA DE LA REAL MAESTRANZA DE CABALLER\u00cdA DE RONDA \u00b7 \u00b7 ABRIL\u00a02016 \u00b7 \u00b7 FONDO TAUROMAQUIA\u00a0\u00b7 The Story of Ferdinand (1936) es la obra m\u00e1s conocida del escritor estadounidense Munro Leaf (1905-1976), y\u00a0est\u00e1 ilustrada por los dibujos del\u00a0tambi\u00e9n estadounidense Robert Lawson (1892-1957). &#8220;The Story of Ferdinand&#8221; Este cuento para ni\u00f1os relata [&hellip;]","og_url":"https:\/\/www.rmcr.org\/en\/2016\/04\/06\/biblioteca-rmr-el-toro-ferdinando-abril-2016\/","og_site_name":"Real Maestranza de Caballer\u00eda de Ronda","article_publisher":"https:\/\/www.facebook.com\/plazadetorosronda","article_published_time":"2016-04-06T17:11:29+00:00","article_modified_time":"2025-12-15T13:42:28+00:00","og_image":[{"width":482,"height":143,"url":"https:\/\/www.rmcr.org\/wp-content\/uploads\/2016\/04\/munr.jpg","type":"image\/jpeg"}],"author":"BIBLIOTECA","twitter_card":"summary_large_image","twitter_creator":"@PlazatorosRMR","twitter_site":"@PlazatorosRMR","twitter_misc":{"Written by":"BIBLIOTECA","Est. reading time":"3 minutes"},"schema":{"@context":"https:\/\/schema.org","@graph":[{"@type":"Article","@id":"https:\/\/www.rmcr.org\/en\/2016\/04\/06\/biblioteca-rmr-el-toro-ferdinando-abril-2016\/#article","isPartOf":{"@id":"https:\/\/www.rmcr.org\/en\/2016\/04\/06\/biblioteca-rmr-el-toro-ferdinando-abril-2016\/"},"author":{"name":"BIBLIOTECA","@id":"https:\/\/www.rmcr.org\/en\/#\/schema\/person\/80849edee7ef556893505128619ea1d0"},"headline":"Biblioteca-RMR: N\u00ba 28. El toro Ferdinando. Abril 2016.","datePublished":"2016-04-06T17:11:29+00:00","dateModified":"2025-12-15T13:42:28+00:00","mainEntityOfPage":{"@id":"https:\/\/www.rmcr.org\/en\/2016\/04\/06\/biblioteca-rmr-el-toro-ferdinando-abril-2016\/"},"wordCount":512,"commentCount":1,"publisher":{"@id":"https:\/\/www.rmcr.org\/en\/#organization"},"image":{"@id":"https:\/\/www.rmcr.org\/en\/2016\/04\/06\/biblioteca-rmr-el-toro-ferdinando-abril-2016\/#primaryimage"},"thumbnailUrl":"https:\/\/www.rmcr.org\/wp-content\/uploads\/2016\/04\/munr.jpg","keywords":["Biblioteca","Biblioteca-RMR","Bolet\u00edn mensual bibliogr\u00e1fico","Grabados","Libros","Ronda","Tauromaquia"],"articleSection":["Biblioteca","Bolet\u00edn bibliogr\u00e1fico Biblioteca-RMR"],"inLanguage":"en-US","potentialAction":[{"@type":"CommentAction","name":"Comment","target":["https:\/\/www.rmcr.org\/en\/2016\/04\/06\/biblioteca-rmr-el-toro-ferdinando-abril-2016\/#respond"]}]},{"@type":"WebPage","@id":"https:\/\/www.rmcr.org\/en\/2016\/04\/06\/biblioteca-rmr-el-toro-ferdinando-abril-2016\/","url":"https:\/\/www.rmcr.org\/en\/2016\/04\/06\/biblioteca-rmr-el-toro-ferdinando-abril-2016\/","name":"Biblioteca-RMR: N\u00ba 28. El toro Ferdinando. Abril 2016. - Real Maestranza de Caballer\u00eda de Ronda","isPartOf":{"@id":"https:\/\/www.rmcr.org\/en\/#website"},"primaryImageOfPage":{"@id":"https:\/\/www.rmcr.org\/en\/2016\/04\/06\/biblioteca-rmr-el-toro-ferdinando-abril-2016\/#primaryimage"},"image":{"@id":"https:\/\/www.rmcr.org\/en\/2016\/04\/06\/biblioteca-rmr-el-toro-ferdinando-abril-2016\/#primaryimage"},"thumbnailUrl":"https:\/\/www.rmcr.org\/wp-content\/uploads\/2016\/04\/munr.jpg","datePublished":"2016-04-06T17:11:29+00:00","dateModified":"2025-12-15T13:42:28+00:00","breadcrumb":{"@id":"https:\/\/www.rmcr.org\/en\/2016\/04\/06\/biblioteca-rmr-el-toro-ferdinando-abril-2016\/#breadcrumb"},"inLanguage":"en-US","potentialAction":[{"@type":"ReadAction","target":["https:\/\/www.rmcr.org\/en\/2016\/04\/06\/biblioteca-rmr-el-toro-ferdinando-abril-2016\/"]}]},{"@type":"ImageObject","inLanguage":"en-US","@id":"https:\/\/www.rmcr.org\/en\/2016\/04\/06\/biblioteca-rmr-el-toro-ferdinando-abril-2016\/#primaryimage","url":"https:\/\/www.rmcr.org\/wp-content\/uploads\/2016\/04\/munr.jpg","contentUrl":"https:\/\/www.rmcr.org\/wp-content\/uploads\/2016\/04\/munr.jpg","width":482,"height":143},{"@type":"BreadcrumbList","@id":"https:\/\/www.rmcr.org\/en\/2016\/04\/06\/biblioteca-rmr-el-toro-ferdinando-abril-2016\/#breadcrumb","itemListElement":[{"@type":"ListItem","position":1,"name":"REAL MAESTRANZA DE CABALLER\u00cdA DE RONDA","item":"https:\/\/www.rmcr.org\/en\/"},{"@type":"ListItem","position":2,"name":"Biblioteca-RMR: N\u00ba 28. El toro Ferdinando. Abril 2016."}]},{"@type":"WebSite","@id":"https:\/\/www.rmcr.org\/en\/#website","url":"https:\/\/www.rmcr.org\/en\/","name":"Real Maestranza de Caballer\u00eda de Ronda","description":"Real Maestranza de Caballer\u00eda de Ronda","publisher":{"@id":"https:\/\/www.rmcr.org\/en\/#organization"},"alternateName":"RMCR","potentialAction":[{"@type":"SearchAction","target":{"@type":"EntryPoint","urlTemplate":"https:\/\/www.rmcr.org\/en\/?s={search_term_string}"},"query-input":{"@type":"PropertyValueSpecification","valueRequired":true,"valueName":"search_term_string"}}],"inLanguage":"en-US"},{"@type":"Organization","@id":"https:\/\/www.rmcr.org\/en\/#organization","name":"Real Maestranza de Caballer\u00eda de Ronda","alternateName":"RMR","url":"https:\/\/www.rmcr.org\/en\/","logo":{"@type":"ImageObject","inLanguage":"en-US","@id":"https:\/\/www.rmcr.org\/en\/#\/schema\/logo\/image\/","url":"https:\/\/www.rmcr.org\/wp-content\/uploads\/2022\/07\/logo-rmr-blue.svg","contentUrl":"https:\/\/www.rmcr.org\/wp-content\/uploads\/2022\/07\/logo-rmr-blue.svg","width":131,"height":129,"caption":"Real Maestranza de Caballer\u00eda de Ronda"},"image":{"@id":"https:\/\/www.rmcr.org\/en\/#\/schema\/logo\/image\/"},"sameAs":["https:\/\/www.facebook.com\/plazadetorosronda","https:\/\/x.com\/PlazatorosRMR","https:\/\/www.instagram.com\/realmaestranzaderonda\/","https:\/\/www.youtube.com\/channel\/UCrbO5IUN-8v_QML739vM4zg\/videos"]},{"@type":"Person","@id":"https:\/\/www.rmcr.org\/en\/#\/schema\/person\/80849edee7ef556893505128619ea1d0","name":"BIBLIOTECA","image":{"@type":"ImageObject","inLanguage":"en-US","@id":"https:\/\/www.rmcr.org\/wp-content\/uploads\/2022\/11\/avatar-rmcr-96x96.png","url":"https:\/\/www.rmcr.org\/wp-content\/uploads\/2022\/11\/avatar-rmcr-96x96.png","contentUrl":"https:\/\/www.rmcr.org\/wp-content\/uploads\/2022\/11\/avatar-rmcr-96x96.png","caption":"BIBLIOTECA"},"url":"https:\/\/www.rmcr.org\/en\/author\/juan-antonio-moreno\/"}]}},"_links":{"self":[{"href":"https:\/\/www.rmcr.org\/en\/wp-json\/wp\/v2\/posts\/6149","targetHints":{"allow":["GET"]}}],"collection":[{"href":"https:\/\/www.rmcr.org\/en\/wp-json\/wp\/v2\/posts"}],"about":[{"href":"https:\/\/www.rmcr.org\/en\/wp-json\/wp\/v2\/types\/post"}],"author":[{"embeddable":true,"href":"https:\/\/www.rmcr.org\/en\/wp-json\/wp\/v2\/users\/2"}],"replies":[{"embeddable":true,"href":"https:\/\/www.rmcr.org\/en\/wp-json\/wp\/v2\/comments?post=6149"}],"version-history":[{"count":2,"href":"https:\/\/www.rmcr.org\/en\/wp-json\/wp\/v2\/posts\/6149\/revisions"}],"predecessor-version":[{"id":23735,"href":"https:\/\/www.rmcr.org\/en\/wp-json\/wp\/v2\/posts\/6149\/revisions\/23735"}],"wp:featuredmedia":[{"embeddable":true,"href":"https:\/\/www.rmcr.org\/en\/wp-json\/wp\/v2\/media\/958"}],"wp:attachment":[{"href":"https:\/\/www.rmcr.org\/en\/wp-json\/wp\/v2\/media?parent=6149"}],"wp:term":[{"taxonomy":"category","embeddable":true,"href":"https:\/\/www.rmcr.org\/en\/wp-json\/wp\/v2\/categories?post=6149"},{"taxonomy":"post_tag","embeddable":true,"href":"https:\/\/www.rmcr.org\/en\/wp-json\/wp\/v2\/tags?post=6149"}],"curies":[{"name":"wp","href":"https:\/\/api.w.org\/{rel}","templated":true}]}}