{"id":6148,"date":"2016-03-02T17:27:33","date_gmt":"2016-03-02T17:27:33","guid":{"rendered":"https:\/\/www.rmcr.org\/?p=6148"},"modified":"2025-04-03T11:31:46","modified_gmt":"2025-04-03T11:31:46","slug":"biblioteca-rmr-novedades-marzo-2016","status":"publish","type":"post","link":"https:\/\/www.rmcr.org\/en\/2016\/03\/02\/biblioteca-rmr-novedades-marzo-2016\/","title":{"rendered":"Biblioteca-RMR: N\u00ba 27. Novedades. Marzo 2016."},"content":{"rendered":"<p style=\"text-align:center;\"><span><strong>\u00b7 NOVEDADES \u00b7<\/strong><\/span><br \/>\n<span><strong>\u00b7 BIBLIOTECA DE LA REAL MAESTRANZA DE CABALLER\u00cdA DE RONDA \u00b7<\/strong><\/span><br \/>\n<span><strong>\u00b7 MARZO 2016 \u00b7<\/strong><\/span><\/p>\n<p style=\"text-align:center;\"><span><strong>\u00b7 FONDO GENEALOG\u00cdA Y HER\u00c1LDICA \u00b7<\/strong><\/span><\/p>\n<p><a href=\"https:\/\/www.rmcr.org\/2016\/03\/1022686.jpg\" rel=\"attachment wp-att-940\"><img fetchpriority=\"high\" decoding=\"async\" class=\"aligncenter size-full wp-image-940\" src=\"https:\/\/www.rmcr.org\/wp-content\/uploads\/2016\/03\/1022686.jpg\" alt=\"1022686\" width=\"359\" height=\"500\"><\/a><\/p>\n<p style=\"text-align:left;\"><span><strong>\u00c1lvarez Villar, Juli\u00e1n<\/strong>. <em>Her\u00e1ldica real y nacional en Salamanca : (1262-2003)<\/em>. &#8212; Salamanca : Caja Duero, 2008. &#8212; 210 p. : il. ; 30 cm. &#8212; D.L. S. 911-2008<\/span><\/p>\n<p style=\"text-align:left;\"><a href=\"https:\/\/www.rmcr.org\/2016\/03\/1022689.jpg\" rel=\"attachment wp-att-941\"><img decoding=\"async\" class=\"aligncenter size-full wp-image-941\" src=\"https:\/\/www.rmcr.org\/wp-content\/uploads\/2016\/03\/1022689.jpg\" alt=\"1022689\" width=\"359\" height=\"500\"><\/a><\/p>\n<p style=\"text-align:left;\"><span><strong>Mart\u00ednez Llorente, F\u00e9lix Javier<\/strong>. <em>Her\u00e1ldica y vexilolog\u00eda municipal de la provincia de Valladolid<\/em>. &#8212; Valladolid : Diputaci\u00f3n, 2011. &#8212; 510 p. : il. ; 31 cm. &#8212; D.L. VA. 259-2011. &#8212; ISBN 978-84-7852-310-8<\/span><\/p>\n<p style=\"text-align:center;\"><span><strong>\u00b7 FONDO ELITES DE PODER \u00b7<\/strong><\/span><\/p>\n<p style=\"text-align:left;\"><a href=\"https:\/\/www.rmcr.org\/2016\/03\/1022768.jpg\" rel=\"attachment wp-att-942\"><img decoding=\"async\" class=\"aligncenter size-full wp-image-942\" src=\"https:\/\/www.rmcr.org\/wp-content\/uploads\/2016\/03\/1022768.jpg\" alt=\"1022768\" width=\"338\" height=\"500\" srcset=\"https:\/\/www.rmcr.org\/wp-content\/uploads\/2016\/03\/1022768.jpg 338w, https:\/\/www.rmcr.org\/wp-content\/uploads\/2016\/03\/1022768-203x300.jpg 203w\" sizes=\"(max-width: 338px) 100vw, 338px\" \/><\/a><\/p>\n<p style=\"text-align:left;\"><span><strong>Pascual Molina, Jes\u00fas F\u00e9lix<\/strong>. <em>Fiesta y poder : la corte en Valladolid (1502-1559)<\/em>. &#8212; Valladolid : Universidad, 2013. &#8212; 402 p. : il. ; 24 cm. &#8212; (Historia y sociedad ; 162). &#8212; D.L. VA. 28-2013. &#8212; ISBN 978-84-8448-735-7<\/span><\/p>\n<p style=\"text-align:left;\"><a href=\"https:\/\/www.rmcr.org\/2016\/03\/1022772.jpg\" rel=\"attachment wp-att-943\"><img loading=\"lazy\" decoding=\"async\" class=\"aligncenter size-full wp-image-943\" src=\"https:\/\/www.rmcr.org\/wp-content\/uploads\/2016\/03\/1022772.jpg\" alt=\"1022772\" width=\"351\" height=\"500\" srcset=\"https:\/\/www.rmcr.org\/wp-content\/uploads\/2016\/03\/1022772.jpg 351w, https:\/\/www.rmcr.org\/wp-content\/uploads\/2016\/03\/1022772-211x300.jpg 211w\" sizes=\"(max-width: 351px) 100vw, 351px\" \/><\/a><\/p>\n<p style=\"text-align:left;\"><span><strong>Salazar y Acha, Jaime<\/strong>. <em>Los Grandes de Espa\u00f1a : (siglos XV-XXI)<\/em>. &#8212; Madrid : Hidalgu\u00eda, 2012. &#8212; 497 p. : il. ; 24 cm. &#8212; D.L. M. 25030-2012. &#8212; ISBN 978-84-939313-9-1<\/span><\/p>\n<p style=\"text-align:center;\"><span><strong>\u00b7 FONDO EQUITACI\u00d3N \u00b7<\/strong><\/span><\/p>\n<p style=\"text-align:left;\"><a href=\"https:\/\/www.rmcr.org\/2016\/03\/1022304.jpg\" rel=\"attachment wp-att-944\"><img loading=\"lazy\" decoding=\"async\" class=\"aligncenter size-full wp-image-944\" src=\"https:\/\/www.rmcr.org\/wp-content\/uploads\/2016\/03\/1022304.jpg\" alt=\"1022304\" width=\"371\" height=\"500\" srcset=\"https:\/\/www.rmcr.org\/wp-content\/uploads\/2016\/03\/1022304.jpg 371w, https:\/\/www.rmcr.org\/wp-content\/uploads\/2016\/03\/1022304-223x300.jpg 223w\" sizes=\"(max-width: 371px) 100vw, 371px\" \/><\/a><\/p>\n<p style=\"text-align:left;\"><span><strong>Bell, Jaki<\/strong>. <em>101 ejercicios de jinetes profesionales<\/em>. &#8212; [S.l.] : Picobello, 2008. &#8212; 217 p. : il. ; 28 cm. &#8212; ISBN 978-84-935861-1-9<\/span><\/p>\n<p style=\"text-align:left;\"><a href=\"https:\/\/www.rmcr.org\/2016\/03\/1022302.jpg\" rel=\"attachment wp-att-945\"><img loading=\"lazy\" decoding=\"async\" class=\"aligncenter size-full wp-image-945\" src=\"https:\/\/www.rmcr.org\/wp-content\/uploads\/2016\/03\/1022302.jpg\" alt=\"1022302\" width=\"341\" height=\"500\"><\/a><\/p>\n<p style=\"text-align:left;\"><span><strong>Klimke, Reiner<\/strong>. <em>Entrenamiento b\u00e1sico del caballo joven<\/em>. &#8212; L&#8217;Hospitalet de Llobregat (Barcelona) : Hispano Europea, 2013. &#8212; 200 p. : il. ; 25 cm. &#8212; D.L. B. 1854-2013. &#8212; ISBN 978-84-255-2008-2<\/span><\/p>\n<p style=\"text-align:center;\"><span><strong>\u00b7 FONDO TAUROMAQUIA \u00b7<\/strong><\/span><\/p>\n<p style=\"text-align:left;\"><a href=\"https:\/\/www.rmcr.org\/2016\/03\/1022771.jpg\" rel=\"attachment wp-att-946\"><img loading=\"lazy\" decoding=\"async\" class=\"aligncenter size-full wp-image-946\" src=\"https:\/\/www.rmcr.org\/wp-content\/uploads\/2016\/03\/1022771.jpg\" alt=\"1022771\" width=\"354\" height=\"500\"><\/a><\/p>\n<p style=\"text-align:left;\"><span><strong>Rafael Cabrera Bonet (ed.)<\/strong>. <em>Estudios de tauromaquia III<\/em>. &#8212; Madrid : CEU, 2008. &#8212; 349 p. ; 24 cm. &#8212; (Aula de tauromaquia ; 6). &#8212; D.L. MA. 4476-2008. &#8212; ISBN 978-84-92456-29-1<\/span><\/p>\n<p style=\"text-align:left;\"><a href=\"https:\/\/www.rmcr.org\/2016\/03\/1022773.jpg\" rel=\"attachment wp-att-947\"><img loading=\"lazy\" decoding=\"async\" class=\"aligncenter size-full wp-image-947\" src=\"https:\/\/www.rmcr.org\/wp-content\/uploads\/2016\/03\/1022773.jpg\" alt=\"1022773\" width=\"313\" height=\"500\"><\/a><\/p>\n<p style=\"text-align:left;\"><span><strong>Pradel Rico, Antonio Jos\u00e9<\/strong>. <em>Elogio y refutaci\u00f3n de la quietud : una tauromaquia (casi) inm\u00f3vil : Jos\u00e9 Tom\u00e1s versus Morante de la Puebla<\/em>. &#8212; Barcelona : Bellaterra, 2013. &#8212; 227 p. : il. ; 22 cm. &#8212; (Muletazos). &#8212; D.L. B. 239-2013. &#8212; ISBN 978-84-7290-607-5<\/span><\/p>\n<p style=\"text-align:center;\"><span><strong>\u00b7 FONDO RONDA \u00b7<\/strong><\/span><\/p>\n<p style=\"text-align:left;\"><a href=\"https:\/\/www.rmcr.org\/2016\/03\/1022786.jpg\" rel=\"attachment wp-att-948\"><img loading=\"lazy\" decoding=\"async\" class=\"aligncenter size-full wp-image-948\" src=\"https:\/\/www.rmcr.org\/wp-content\/uploads\/2016\/03\/1022786.jpg\" alt=\"1022786\" width=\"293\" height=\"500\" srcset=\"https:\/\/www.rmcr.org\/wp-content\/uploads\/2016\/03\/1022786.jpg 293w, https:\/\/www.rmcr.org\/wp-content\/uploads\/2016\/03\/1022786-176x300.jpg 176w\" sizes=\"(max-width: 293px) 100vw, 293px\" \/><\/a><\/p>\n<p style=\"text-align:left;\"><span><strong>Wiesenthal, Mauricio<\/strong>. <em>Rainer Maria Rilke : (el vidente y lo oculto)<\/em>. &#8212; Barcelona : Acantilado, 2015. &#8212; 1157 p. ; 22 cm. &#8212; (El Acantilado ; 322). &#8212; D.L. B. 24711-2015. &#8212; ISBN 978-84-16011-78-0<\/span><\/p>\n<p style=\"text-align:left;\"><a href=\"https:\/\/www.rmcr.org\/2016\/03\/1022789.jpg\" rel=\"attachment wp-att-949\"><img loading=\"lazy\" decoding=\"async\" class=\"aligncenter size-full wp-image-949\" src=\"https:\/\/www.rmcr.org\/wp-content\/uploads\/2016\/03\/1022789.jpg\" alt=\"1022789\" width=\"352\" height=\"500\"><\/a><\/p>\n<p style=\"text-align:left;\"><span><strong>Guerrero S\u00e1nchez, Manuel J<\/strong>. <em>El sistema Hundidero-Gato : estudio, descripci\u00f3n, historia<\/em>. &#8212; Ronda (M\u00e1laga) : La Serran\u00eda, 2015. &#8212; 175 p. : il. ; 24 cm + 1 h. de map. pleg. &#8212; D.L. CA. 422-2015. &#8212; ISBN 978-84-15030-73-7<\/span><\/p>\n","protected":false},"excerpt":{"rendered":"<p>\u00b7 NOVEDADES \u00b7 \u00b7 BIBLIOTECA DE LA REAL MAESTRANZA DE CABALLER\u00cdA DE RONDA \u00b7 \u00b7 MARZO 2016 \u00b7 \u00b7 FONDO GENEALOG\u00cdA Y HER\u00c1LDICA \u00b7 \u00c1lvarez Villar, Juli\u00e1n. Her\u00e1ldica real y nacional en Salamanca : (1262-2003). &#8212; Salamanca : Caja Duero, 2008. &#8212; 210 p. : il. ; 30 cm. &#8212; D.L. S. 911-2008 Mart\u00ednez Llorente, [&hellip;]<\/p>\n","protected":false},"author":2,"featured_media":14381,"comment_status":"open","ping_status":"open","sticky":false,"template":"","format":"standard","meta":{"footnotes":""},"categories":[140,791],"tags":[237,105,252,176,179,96,188,184,137,114,189],"class_list":["post-6148","post","type-post","status-publish","format-standard","has-post-thumbnail","hentry","category-biblioteca","category-boletin-bibliografico-biblioteca-rmr","tag-bibliografias","tag-biblioteca-general","tag-biblioteca-rmr","tag-boletin-mensual-bibliografico","tag-elites-de-poder","tag-equitacion","tag-genealogia","tag-heraldica","tag-libros","tag-ronda","tag-tauromaquia"],"yoast_head":"<!-- This site is optimized with the Yoast SEO plugin v27.5 - https:\/\/yoast.com\/product\/yoast-seo-wordpress\/ -->\n<title>Biblioteca-RMR: N\u00ba 27. Novedades. Marzo 2016. - Real Maestranza de Caballer\u00eda de Ronda<\/title>\n<meta name=\"robots\" content=\"index, follow, max-snippet:-1, max-image-preview:large, max-video-preview:-1\" \/>\n<link rel=\"canonical\" href=\"https:\/\/www.rmcr.org\/en\/2016\/03\/02\/biblioteca-rmr-novedades-marzo-2016\/\" \/>\n<meta property=\"og:locale\" content=\"en_US\" \/>\n<meta property=\"og:type\" content=\"article\" \/>\n<meta property=\"og:title\" content=\"Biblioteca-RMR: N\u00ba 27. Novedades. Marzo 2016. - Real Maestranza de Caballer\u00eda de Ronda\" \/>\n<meta property=\"og:description\" content=\"\u00b7 NOVEDADES \u00b7 \u00b7 BIBLIOTECA DE LA REAL MAESTRANZA DE CABALLER\u00cdA DE RONDA \u00b7 \u00b7 MARZO 2016 \u00b7 \u00b7 FONDO GENEALOG\u00cdA Y HER\u00c1LDICA \u00b7 \u00c1lvarez Villar, Juli\u00e1n. Her\u00e1ldica real y nacional en Salamanca : (1262-2003). &#8212; Salamanca : Caja Duero, 2008. &#8212; 210 p. : il. ; 30 cm. &#8212; D.L. S. 911-2008 Mart\u00ednez Llorente, [&hellip;]\" \/>\n<meta property=\"og:url\" content=\"https:\/\/www.rmcr.org\/en\/2016\/03\/02\/biblioteca-rmr-novedades-marzo-2016\/\" \/>\n<meta property=\"og:site_name\" content=\"Real Maestranza de Caballer\u00eda de Ronda\" \/>\n<meta property=\"article:publisher\" content=\"https:\/\/www.facebook.com\/plazadetorosronda\" \/>\n<meta property=\"article:published_time\" content=\"2016-03-02T17:27:33+00:00\" \/>\n<meta property=\"article:modified_time\" content=\"2025-04-03T11:31:46+00:00\" \/>\n<meta property=\"og:image\" content=\"https:\/\/www.rmcr.org\/wp-content\/uploads\/2016\/03\/27.webp\" \/>\n\t<meta property=\"og:image:width\" content=\"470\" \/>\n\t<meta property=\"og:image:height\" content=\"140\" \/>\n\t<meta property=\"og:image:type\" content=\"image\/webp\" \/>\n<meta name=\"author\" content=\"BIBLIOTECA\" \/>\n<meta name=\"twitter:card\" content=\"summary_large_image\" \/>\n<meta name=\"twitter:creator\" content=\"@PlazatorosRMR\" \/>\n<meta name=\"twitter:site\" content=\"@PlazatorosRMR\" \/>\n<meta name=\"twitter:label1\" content=\"Written by\" \/>\n\t<meta name=\"twitter:data1\" content=\"BIBLIOTECA\" \/>\n\t<meta name=\"twitter:label2\" content=\"Est. reading time\" \/>\n\t<meta name=\"twitter:data2\" content=\"2 minutes\" \/>\n<script type=\"application\/ld+json\" class=\"yoast-schema-graph\">{\"@context\":\"https:\\\/\\\/schema.org\",\"@graph\":[{\"@type\":\"Article\",\"@id\":\"https:\\\/\\\/www.rmcr.org\\\/en\\\/2016\\\/03\\\/02\\\/biblioteca-rmr-novedades-marzo-2016\\\/#article\",\"isPartOf\":{\"@id\":\"https:\\\/\\\/www.rmcr.org\\\/en\\\/2016\\\/03\\\/02\\\/biblioteca-rmr-novedades-marzo-2016\\\/\"},\"author\":{\"name\":\"BIBLIOTECA\",\"@id\":\"https:\\\/\\\/www.rmcr.org\\\/en\\\/#\\\/schema\\\/person\\\/80849edee7ef556893505128619ea1d0\"},\"headline\":\"Biblioteca-RMR: N\u00ba 27. Novedades. Marzo 2016.\",\"datePublished\":\"2016-03-02T17:27:33+00:00\",\"dateModified\":\"2025-04-03T11:31:46+00:00\",\"mainEntityOfPage\":{\"@id\":\"https:\\\/\\\/www.rmcr.org\\\/en\\\/2016\\\/03\\\/02\\\/biblioteca-rmr-novedades-marzo-2016\\\/\"},\"wordCount\":352,\"commentCount\":0,\"publisher\":{\"@id\":\"https:\\\/\\\/www.rmcr.org\\\/en\\\/#organization\"},\"image\":{\"@id\":\"https:\\\/\\\/www.rmcr.org\\\/en\\\/2016\\\/03\\\/02\\\/biblioteca-rmr-novedades-marzo-2016\\\/#primaryimage\"},\"thumbnailUrl\":\"https:\\\/\\\/www.rmcr.org\\\/wp-content\\\/uploads\\\/2016\\\/03\\\/27.webp\",\"keywords\":[\"Bibliograf\u00edas\",\"Biblioteca\",\"Biblioteca-RMR\",\"Bolet\u00edn mensual bibliogr\u00e1fico\",\"\u00c9lites de poder\",\"Equitaci\u00f3n\",\"Genealog\u00eda\",\"Her\u00e1ldica\",\"Libros\",\"Ronda\",\"Tauromaquia\"],\"articleSection\":[\"Biblioteca\",\"Bolet\u00edn bibliogr\u00e1fico Biblioteca-RMR\"],\"inLanguage\":\"en-US\",\"potentialAction\":[{\"@type\":\"CommentAction\",\"name\":\"Comment\",\"target\":[\"https:\\\/\\\/www.rmcr.org\\\/en\\\/2016\\\/03\\\/02\\\/biblioteca-rmr-novedades-marzo-2016\\\/#respond\"]}]},{\"@type\":\"WebPage\",\"@id\":\"https:\\\/\\\/www.rmcr.org\\\/en\\\/2016\\\/03\\\/02\\\/biblioteca-rmr-novedades-marzo-2016\\\/\",\"url\":\"https:\\\/\\\/www.rmcr.org\\\/en\\\/2016\\\/03\\\/02\\\/biblioteca-rmr-novedades-marzo-2016\\\/\",\"name\":\"Biblioteca-RMR: N\u00ba 27. Novedades. Marzo 2016. - Real Maestranza de Caballer\u00eda de Ronda\",\"isPartOf\":{\"@id\":\"https:\\\/\\\/www.rmcr.org\\\/en\\\/#website\"},\"primaryImageOfPage\":{\"@id\":\"https:\\\/\\\/www.rmcr.org\\\/en\\\/2016\\\/03\\\/02\\\/biblioteca-rmr-novedades-marzo-2016\\\/#primaryimage\"},\"image\":{\"@id\":\"https:\\\/\\\/www.rmcr.org\\\/en\\\/2016\\\/03\\\/02\\\/biblioteca-rmr-novedades-marzo-2016\\\/#primaryimage\"},\"thumbnailUrl\":\"https:\\\/\\\/www.rmcr.org\\\/wp-content\\\/uploads\\\/2016\\\/03\\\/27.webp\",\"datePublished\":\"2016-03-02T17:27:33+00:00\",\"dateModified\":\"2025-04-03T11:31:46+00:00\",\"breadcrumb\":{\"@id\":\"https:\\\/\\\/www.rmcr.org\\\/en\\\/2016\\\/03\\\/02\\\/biblioteca-rmr-novedades-marzo-2016\\\/#breadcrumb\"},\"inLanguage\":\"en-US\",\"potentialAction\":[{\"@type\":\"ReadAction\",\"target\":[\"https:\\\/\\\/www.rmcr.org\\\/en\\\/2016\\\/03\\\/02\\\/biblioteca-rmr-novedades-marzo-2016\\\/\"]}]},{\"@type\":\"ImageObject\",\"inLanguage\":\"en-US\",\"@id\":\"https:\\\/\\\/www.rmcr.org\\\/en\\\/2016\\\/03\\\/02\\\/biblioteca-rmr-novedades-marzo-2016\\\/#primaryimage\",\"url\":\"https:\\\/\\\/www.rmcr.org\\\/wp-content\\\/uploads\\\/2016\\\/03\\\/27.webp\",\"contentUrl\":\"https:\\\/\\\/www.rmcr.org\\\/wp-content\\\/uploads\\\/2016\\\/03\\\/27.webp\",\"width\":470,\"height\":140},{\"@type\":\"BreadcrumbList\",\"@id\":\"https:\\\/\\\/www.rmcr.org\\\/en\\\/2016\\\/03\\\/02\\\/biblioteca-rmr-novedades-marzo-2016\\\/#breadcrumb\",\"itemListElement\":[{\"@type\":\"ListItem\",\"position\":1,\"name\":\"REAL MAESTRANZA DE CABALLER\u00cdA DE RONDA\",\"item\":\"https:\\\/\\\/www.rmcr.org\\\/en\\\/\"},{\"@type\":\"ListItem\",\"position\":2,\"name\":\"Biblioteca-RMR: N\u00ba 27. Novedades. Marzo 2016.\"}]},{\"@type\":\"WebSite\",\"@id\":\"https:\\\/\\\/www.rmcr.org\\\/en\\\/#website\",\"url\":\"https:\\\/\\\/www.rmcr.org\\\/en\\\/\",\"name\":\"Real Maestranza de Caballer\u00eda de Ronda\",\"description\":\"Real Maestranza de Caballer\u00eda de Ronda\",\"publisher\":{\"@id\":\"https:\\\/\\\/www.rmcr.org\\\/en\\\/#organization\"},\"alternateName\":\"RMCR\",\"potentialAction\":[{\"@type\":\"SearchAction\",\"target\":{\"@type\":\"EntryPoint\",\"urlTemplate\":\"https:\\\/\\\/www.rmcr.org\\\/en\\\/?s={search_term_string}\"},\"query-input\":{\"@type\":\"PropertyValueSpecification\",\"valueRequired\":true,\"valueName\":\"search_term_string\"}}],\"inLanguage\":\"en-US\"},{\"@type\":\"Organization\",\"@id\":\"https:\\\/\\\/www.rmcr.org\\\/en\\\/#organization\",\"name\":\"Real Maestranza de Caballer\u00eda de Ronda\",\"alternateName\":\"RMR\",\"url\":\"https:\\\/\\\/www.rmcr.org\\\/en\\\/\",\"logo\":{\"@type\":\"ImageObject\",\"inLanguage\":\"en-US\",\"@id\":\"https:\\\/\\\/www.rmcr.org\\\/en\\\/#\\\/schema\\\/logo\\\/image\\\/\",\"url\":\"https:\\\/\\\/www.rmcr.org\\\/wp-content\\\/uploads\\\/2022\\\/07\\\/logo-rmr-blue.svg\",\"contentUrl\":\"https:\\\/\\\/www.rmcr.org\\\/wp-content\\\/uploads\\\/2022\\\/07\\\/logo-rmr-blue.svg\",\"width\":131,\"height\":129,\"caption\":\"Real Maestranza de Caballer\u00eda de Ronda\"},\"image\":{\"@id\":\"https:\\\/\\\/www.rmcr.org\\\/en\\\/#\\\/schema\\\/logo\\\/image\\\/\"},\"sameAs\":[\"https:\\\/\\\/www.facebook.com\\\/plazadetorosronda\",\"https:\\\/\\\/x.com\\\/PlazatorosRMR\",\"https:\\\/\\\/www.instagram.com\\\/realmaestranzaderonda\\\/\",\"https:\\\/\\\/www.youtube.com\\\/channel\\\/UCrbO5IUN-8v_QML739vM4zg\\\/videos\"]},{\"@type\":\"Person\",\"@id\":\"https:\\\/\\\/www.rmcr.org\\\/en\\\/#\\\/schema\\\/person\\\/80849edee7ef556893505128619ea1d0\",\"name\":\"BIBLIOTECA\",\"image\":{\"@type\":\"ImageObject\",\"inLanguage\":\"en-US\",\"@id\":\"https:\\\/\\\/www.rmcr.org\\\/wp-content\\\/uploads\\\/2022\\\/11\\\/avatar-rmcr-96x96.png\",\"url\":\"https:\\\/\\\/www.rmcr.org\\\/wp-content\\\/uploads\\\/2022\\\/11\\\/avatar-rmcr-96x96.png\",\"contentUrl\":\"https:\\\/\\\/www.rmcr.org\\\/wp-content\\\/uploads\\\/2022\\\/11\\\/avatar-rmcr-96x96.png\",\"caption\":\"BIBLIOTECA\"},\"url\":\"https:\\\/\\\/www.rmcr.org\\\/en\\\/author\\\/juan-antonio-moreno\\\/\"}]}<\/script>\n<!-- \/ Yoast SEO plugin. -->","yoast_head_json":{"title":"Biblioteca-RMR: N\u00ba 27. Novedades. Marzo 2016. - Real Maestranza de Caballer\u00eda de Ronda","robots":{"index":"index","follow":"follow","max-snippet":"max-snippet:-1","max-image-preview":"max-image-preview:large","max-video-preview":"max-video-preview:-1"},"canonical":"https:\/\/www.rmcr.org\/en\/2016\/03\/02\/biblioteca-rmr-novedades-marzo-2016\/","og_locale":"en_US","og_type":"article","og_title":"Biblioteca-RMR: N\u00ba 27. Novedades. Marzo 2016. - Real Maestranza de Caballer\u00eda de Ronda","og_description":"\u00b7 NOVEDADES \u00b7 \u00b7 BIBLIOTECA DE LA REAL MAESTRANZA DE CABALLER\u00cdA DE RONDA \u00b7 \u00b7 MARZO 2016 \u00b7 \u00b7 FONDO GENEALOG\u00cdA Y HER\u00c1LDICA \u00b7 \u00c1lvarez Villar, Juli\u00e1n. Her\u00e1ldica real y nacional en Salamanca : (1262-2003). &#8212; Salamanca : Caja Duero, 2008. &#8212; 210 p. : il. ; 30 cm. &#8212; D.L. S. 911-2008 Mart\u00ednez Llorente, [&hellip;]","og_url":"https:\/\/www.rmcr.org\/en\/2016\/03\/02\/biblioteca-rmr-novedades-marzo-2016\/","og_site_name":"Real Maestranza de Caballer\u00eda de Ronda","article_publisher":"https:\/\/www.facebook.com\/plazadetorosronda","article_published_time":"2016-03-02T17:27:33+00:00","article_modified_time":"2025-04-03T11:31:46+00:00","og_image":[{"width":470,"height":140,"url":"https:\/\/www.rmcr.org\/wp-content\/uploads\/2016\/03\/27.webp","type":"image\/webp"}],"author":"BIBLIOTECA","twitter_card":"summary_large_image","twitter_creator":"@PlazatorosRMR","twitter_site":"@PlazatorosRMR","twitter_misc":{"Written by":"BIBLIOTECA","Est. reading time":"2 minutes"},"schema":{"@context":"https:\/\/schema.org","@graph":[{"@type":"Article","@id":"https:\/\/www.rmcr.org\/en\/2016\/03\/02\/biblioteca-rmr-novedades-marzo-2016\/#article","isPartOf":{"@id":"https:\/\/www.rmcr.org\/en\/2016\/03\/02\/biblioteca-rmr-novedades-marzo-2016\/"},"author":{"name":"BIBLIOTECA","@id":"https:\/\/www.rmcr.org\/en\/#\/schema\/person\/80849edee7ef556893505128619ea1d0"},"headline":"Biblioteca-RMR: N\u00ba 27. Novedades. Marzo 2016.","datePublished":"2016-03-02T17:27:33+00:00","dateModified":"2025-04-03T11:31:46+00:00","mainEntityOfPage":{"@id":"https:\/\/www.rmcr.org\/en\/2016\/03\/02\/biblioteca-rmr-novedades-marzo-2016\/"},"wordCount":352,"commentCount":0,"publisher":{"@id":"https:\/\/www.rmcr.org\/en\/#organization"},"image":{"@id":"https:\/\/www.rmcr.org\/en\/2016\/03\/02\/biblioteca-rmr-novedades-marzo-2016\/#primaryimage"},"thumbnailUrl":"https:\/\/www.rmcr.org\/wp-content\/uploads\/2016\/03\/27.webp","keywords":["Bibliograf\u00edas","Biblioteca","Biblioteca-RMR","Bolet\u00edn mensual bibliogr\u00e1fico","\u00c9lites de poder","Equitaci\u00f3n","Genealog\u00eda","Her\u00e1ldica","Libros","Ronda","Tauromaquia"],"articleSection":["Biblioteca","Bolet\u00edn bibliogr\u00e1fico Biblioteca-RMR"],"inLanguage":"en-US","potentialAction":[{"@type":"CommentAction","name":"Comment","target":["https:\/\/www.rmcr.org\/en\/2016\/03\/02\/biblioteca-rmr-novedades-marzo-2016\/#respond"]}]},{"@type":"WebPage","@id":"https:\/\/www.rmcr.org\/en\/2016\/03\/02\/biblioteca-rmr-novedades-marzo-2016\/","url":"https:\/\/www.rmcr.org\/en\/2016\/03\/02\/biblioteca-rmr-novedades-marzo-2016\/","name":"Biblioteca-RMR: N\u00ba 27. Novedades. Marzo 2016. - Real Maestranza de Caballer\u00eda de Ronda","isPartOf":{"@id":"https:\/\/www.rmcr.org\/en\/#website"},"primaryImageOfPage":{"@id":"https:\/\/www.rmcr.org\/en\/2016\/03\/02\/biblioteca-rmr-novedades-marzo-2016\/#primaryimage"},"image":{"@id":"https:\/\/www.rmcr.org\/en\/2016\/03\/02\/biblioteca-rmr-novedades-marzo-2016\/#primaryimage"},"thumbnailUrl":"https:\/\/www.rmcr.org\/wp-content\/uploads\/2016\/03\/27.webp","datePublished":"2016-03-02T17:27:33+00:00","dateModified":"2025-04-03T11:31:46+00:00","breadcrumb":{"@id":"https:\/\/www.rmcr.org\/en\/2016\/03\/02\/biblioteca-rmr-novedades-marzo-2016\/#breadcrumb"},"inLanguage":"en-US","potentialAction":[{"@type":"ReadAction","target":["https:\/\/www.rmcr.org\/en\/2016\/03\/02\/biblioteca-rmr-novedades-marzo-2016\/"]}]},{"@type":"ImageObject","inLanguage":"en-US","@id":"https:\/\/www.rmcr.org\/en\/2016\/03\/02\/biblioteca-rmr-novedades-marzo-2016\/#primaryimage","url":"https:\/\/www.rmcr.org\/wp-content\/uploads\/2016\/03\/27.webp","contentUrl":"https:\/\/www.rmcr.org\/wp-content\/uploads\/2016\/03\/27.webp","width":470,"height":140},{"@type":"BreadcrumbList","@id":"https:\/\/www.rmcr.org\/en\/2016\/03\/02\/biblioteca-rmr-novedades-marzo-2016\/#breadcrumb","itemListElement":[{"@type":"ListItem","position":1,"name":"REAL MAESTRANZA DE CABALLER\u00cdA DE RONDA","item":"https:\/\/www.rmcr.org\/en\/"},{"@type":"ListItem","position":2,"name":"Biblioteca-RMR: N\u00ba 27. Novedades. Marzo 2016."}]},{"@type":"WebSite","@id":"https:\/\/www.rmcr.org\/en\/#website","url":"https:\/\/www.rmcr.org\/en\/","name":"Real Maestranza de Caballer\u00eda de Ronda","description":"Real Maestranza de Caballer\u00eda de Ronda","publisher":{"@id":"https:\/\/www.rmcr.org\/en\/#organization"},"alternateName":"RMCR","potentialAction":[{"@type":"SearchAction","target":{"@type":"EntryPoint","urlTemplate":"https:\/\/www.rmcr.org\/en\/?s={search_term_string}"},"query-input":{"@type":"PropertyValueSpecification","valueRequired":true,"valueName":"search_term_string"}}],"inLanguage":"en-US"},{"@type":"Organization","@id":"https:\/\/www.rmcr.org\/en\/#organization","name":"Real Maestranza de Caballer\u00eda de Ronda","alternateName":"RMR","url":"https:\/\/www.rmcr.org\/en\/","logo":{"@type":"ImageObject","inLanguage":"en-US","@id":"https:\/\/www.rmcr.org\/en\/#\/schema\/logo\/image\/","url":"https:\/\/www.rmcr.org\/wp-content\/uploads\/2022\/07\/logo-rmr-blue.svg","contentUrl":"https:\/\/www.rmcr.org\/wp-content\/uploads\/2022\/07\/logo-rmr-blue.svg","width":131,"height":129,"caption":"Real Maestranza de Caballer\u00eda de Ronda"},"image":{"@id":"https:\/\/www.rmcr.org\/en\/#\/schema\/logo\/image\/"},"sameAs":["https:\/\/www.facebook.com\/plazadetorosronda","https:\/\/x.com\/PlazatorosRMR","https:\/\/www.instagram.com\/realmaestranzaderonda\/","https:\/\/www.youtube.com\/channel\/UCrbO5IUN-8v_QML739vM4zg\/videos"]},{"@type":"Person","@id":"https:\/\/www.rmcr.org\/en\/#\/schema\/person\/80849edee7ef556893505128619ea1d0","name":"BIBLIOTECA","image":{"@type":"ImageObject","inLanguage":"en-US","@id":"https:\/\/www.rmcr.org\/wp-content\/uploads\/2022\/11\/avatar-rmcr-96x96.png","url":"https:\/\/www.rmcr.org\/wp-content\/uploads\/2022\/11\/avatar-rmcr-96x96.png","contentUrl":"https:\/\/www.rmcr.org\/wp-content\/uploads\/2022\/11\/avatar-rmcr-96x96.png","caption":"BIBLIOTECA"},"url":"https:\/\/www.rmcr.org\/en\/author\/juan-antonio-moreno\/"}]}},"_links":{"self":[{"href":"https:\/\/www.rmcr.org\/en\/wp-json\/wp\/v2\/posts\/6148","targetHints":{"allow":["GET"]}}],"collection":[{"href":"https:\/\/www.rmcr.org\/en\/wp-json\/wp\/v2\/posts"}],"about":[{"href":"https:\/\/www.rmcr.org\/en\/wp-json\/wp\/v2\/types\/post"}],"author":[{"embeddable":true,"href":"https:\/\/www.rmcr.org\/en\/wp-json\/wp\/v2\/users\/2"}],"replies":[{"embeddable":true,"href":"https:\/\/www.rmcr.org\/en\/wp-json\/wp\/v2\/comments?post=6148"}],"version-history":[{"count":1,"href":"https:\/\/www.rmcr.org\/en\/wp-json\/wp\/v2\/posts\/6148\/revisions"}],"predecessor-version":[{"id":14383,"href":"https:\/\/www.rmcr.org\/en\/wp-json\/wp\/v2\/posts\/6148\/revisions\/14383"}],"wp:featuredmedia":[{"embeddable":true,"href":"https:\/\/www.rmcr.org\/en\/wp-json\/wp\/v2\/media\/14381"}],"wp:attachment":[{"href":"https:\/\/www.rmcr.org\/en\/wp-json\/wp\/v2\/media?parent=6148"}],"wp:term":[{"taxonomy":"category","embeddable":true,"href":"https:\/\/www.rmcr.org\/en\/wp-json\/wp\/v2\/categories?post=6148"},{"taxonomy":"post_tag","embeddable":true,"href":"https:\/\/www.rmcr.org\/en\/wp-json\/wp\/v2\/tags?post=6148"}],"curies":[{"name":"wp","href":"https:\/\/api.w.org\/{rel}","templated":true}]}}