{"id":6147,"date":"2016-02-02T12:22:54","date_gmt":"2016-02-02T12:22:54","guid":{"rendered":"https:\/\/www.rmcr.org\/?p=6147"},"modified":"2025-04-03T11:31:55","modified_gmt":"2025-04-03T11:31:55","slug":"biblioteca-rmr-geologia-de-la-serrania-de-ronda-febrero-2016","status":"publish","type":"post","link":"https:\/\/www.rmcr.org\/en\/2016\/02\/02\/biblioteca-rmr-geologia-de-la-serrania-de-ronda-febrero-2016\/","title":{"rendered":"Biblioteca-RMR: N\u00ba 26. Geolog\u00eda de la serran\u00eda de Ronda. Febrero 2016."},"content":{"rendered":"<p style=\"text-align:center;\"><span ><strong>\u00b7 MONOGR\u00c1FICO \u00b7<\/strong><\/span><br \/>\n<span ><strong>\u00b7 BIBLIOTECA DE LA REAL MAESTRANZA DE CABALLER\u00cdA DE RONDA \u00b7<\/strong><\/span><br \/>\n<span ><strong>\u00b7 FEBRERO 2016 \u00b7<\/strong><\/span><\/p>\n<p style=\"text-align:center;\"><span ><strong>\u00b7 FONDO RONDA&nbsp;\u00b7<\/strong><\/span><\/p>\n<p style=\"text-align:left;\"><span ><a href=\"https:\/\/www.rmcr.org\/2016\/02\/cb1020941.jpg\" rel=\"attachment wp-att-923\"><img fetchpriority=\"high\" decoding=\"async\" class=\"aligncenter size-full wp-image-923\" src=\"https:\/\/www.rmcr.org\/wp-content\/uploads\/2016\/02\/cb1020941.jpg\" alt=\"CB1020941\" width=\"360\" height=\"506\" srcset=\"https:\/\/www.rmcr.org\/wp-content\/uploads\/2016\/02\/cb1020941.jpg 360w, https:\/\/www.rmcr.org\/wp-content\/uploads\/2016\/02\/cb1020941-213x300.jpg 213w\" sizes=\"(max-width: 360px) 100vw, 360px\" \/><\/a><\/span><\/p>\n<p style=\"text-align:left;\"><span ><strong>Orueta Gonz\u00e1lez, Manuel de y Rodr\u00edguez Gonz\u00e1lez, Andr\u00e9s<\/strong>. <em>Macpherson y los Orueta : la moderna geolog\u00eda espa\u00f1ola se forj\u00f3 desde la Serran\u00eda de Ronda<\/em>. &#8212; Ronda (M\u00e1laga) : Centro Andaluz, 2002. &#8212; 49 p. : il ; 21 cm. &#8212; (Pasajes y paisajes de la Serran\u00eda de Ronda ; 2)<\/span><\/p>\n<p style=\"text-align:left;\"><span ><a href=\"https:\/\/www.rmcr.org\/2016\/02\/cb1002616.jpg\" rel=\"attachment wp-att-926\"><img decoding=\"async\" class=\"aligncenter size-full wp-image-926\" src=\"https:\/\/www.rmcr.org\/wp-content\/uploads\/2016\/02\/cb1002616.jpg\" alt=\"CB1002616\" width=\"332\" height=\"506\"><\/a><\/span><\/p>\n<p style=\"text-align:left;\"><span ><strong>Macpherson y Hemas, Jos\u00e9<\/strong>. <em>On the origin of the serpentine of the Ronda mountins<\/em>. &#8212; Madrid : [s.n.], 1876 (Printed by T. Fortanet). &#8212; 20 p., [2] h. de l\u00e1m. ; 23 cm<\/span><\/p>\n<p style=\"text-align:left;\"><span ><a href=\"https:\/\/www.rmcr.org\/2016\/02\/cb1002614.jpg\" rel=\"attachment wp-att-927\"><img decoding=\"async\" class=\"aligncenter size-full wp-image-927\" src=\"https:\/\/www.rmcr.org\/wp-content\/uploads\/2016\/02\/cb1002614.jpg\" alt=\"CB1002614\" width=\"314\" height=\"506\"><\/a><\/span><\/p>\n<p style=\"text-align:left;\"><span ><strong>Macpherson y Hemas, Jos\u00e9<\/strong>. <em>Relaci\u00f3n entre las formas orogr\u00e1ficas y la constituci\u00f3n geol\u00f3gica de la Serran\u00eda de Ronda<\/em>. &#8212; Madrid : [s.n.] , 1881 (Imprenta de Fortanet). &#8212; 34 p. ; 23 cm<\/span><\/p>\n<p style=\"text-align:left;\"><span ><a href=\"https:\/\/www.rmcr.org\/2016\/02\/cb1021903.jpg\" rel=\"attachment wp-att-929\"><img loading=\"lazy\" decoding=\"async\" class=\"aligncenter size-full wp-image-929\" src=\"https:\/\/www.rmcr.org\/wp-content\/uploads\/2016\/02\/cb1021903.jpg\" alt=\"CB1021903\" width=\"341\" height=\"506\"><\/a><\/span><\/p>\n<p style=\"text-align:left;\"><span ><strong>Orueta y Duarte, Domingo de<\/strong>. <em>Resultado pr\u00e1ctico del estudio petrogr\u00e1fico de la serran\u00eda de Ronda : conferencia, 30 de octubre de 1915<\/em>. &#8212; Madrid : Instituto de Ingenieros Civiles, 1915 (Imp. de Ramona Velasco, viuda de Prudencio P\u00e9rez). &#8212; 29 p. : il. ; 23 cm<\/span><\/p>\n<p style=\"text-align:left;\"><span ><a href=\"https:\/\/www.rmcr.org\/2016\/02\/cb1015128.jpg\" rel=\"attachment wp-att-930\"><img loading=\"lazy\" decoding=\"async\" class=\"aligncenter size-full wp-image-930\" src=\"https:\/\/www.rmcr.org\/wp-content\/uploads\/2016\/02\/cb1015128.jpg\" alt=\"CB1015128\" width=\"341\" height=\"506\" srcset=\"https:\/\/www.rmcr.org\/wp-content\/uploads\/2016\/02\/cb1015128.jpg 341w, https:\/\/www.rmcr.org\/wp-content\/uploads\/2016\/02\/cb1015128-202x300.jpg 202w\" sizes=\"(max-width: 341px) 100vw, 341px\" \/><\/a><\/span><\/p>\n<p style=\"text-align:left;\"><span ><strong>Orueta y Duarte, Domingo de<\/strong>. <em>Estudio geol\u00f3gico y petrogr\u00e1fico de la serran\u00eda de Ronda<\/em>. &#8212; Madrid : Instituto Geol\u00f3gico de Espa\u00f1a, 1917. &#8212; 2 v. : il. ; 26 cm. &#8212;&nbsp;Precede al t\u00edt.: Memorias del Instituto Geol\u00f3gico de Espa\u00f1a. &#8212;&nbsp;CB1015128 ; An. ms.: &#8220;Luis G\u00e1mir. Regalo del autor&#8221;<\/span><\/p>\n<p style=\"text-align:left;\"><span ><a href=\"https:\/\/www.rmcr.org\/2016\/02\/cb1021775.jpg\" rel=\"attachment wp-att-931\"><img loading=\"lazy\" decoding=\"async\" class=\"aligncenter size-full wp-image-931\" src=\"https:\/\/www.rmcr.org\/wp-content\/uploads\/2016\/02\/cb1021775.jpg\" alt=\"CB1021775\" width=\"295\" height=\"506\"><\/a><\/span><\/p>\n<p style=\"text-align:left;\"><span ><strong>Orueta y Duarte, Domingo de<\/strong>. <em>Informe sobre el reconocimiento de la Serran\u00eda de Ronda<\/em>. &#8212; En: Bolet\u00edn del Instituto Geol\u00f3gico de Espa\u00f1a, tomo XL, XX de la 2\u00aa serie. &#8212; Madrid : [s.n.], 1919 (Estab. tip. Sucesores de Rivadeneyra). &#8212; 135 p. ; 26 cm. &#8212; CB1021775 ; Sello de tinta: &#8220;Junta de Patronato de Ingenieros y Obreros. Servicio de Informaci\u00f3n T\u00e9cnica&#8221;<\/span><\/p>\n<p style=\"text-align:left;\"><span ><a href=\"https:\/\/www.rmcr.org\/2016\/02\/cb1001831.jpg\" rel=\"attachment wp-att-932\"><img loading=\"lazy\" decoding=\"async\" class=\"aligncenter size-full wp-image-932\" src=\"https:\/\/www.rmcr.org\/wp-content\/uploads\/2016\/02\/cb1001831.jpg\" alt=\"CB1001831\" width=\"322\" height=\"506\" srcset=\"https:\/\/www.rmcr.org\/wp-content\/uploads\/2016\/02\/cb1001831.jpg 322w, https:\/\/www.rmcr.org\/wp-content\/uploads\/2016\/02\/cb1001831-191x300.jpg 191w\" sizes=\"(max-width: 322px) 100vw, 322px\" \/><\/a><\/span><\/p>\n<p style=\"text-align:left;\"><span ><strong>Orueta y Duarte, Domingo de y Rubio, Enrique<\/strong>. <em>La Serran\u00eda de Ronda<\/em>. &#8212; Madrid : Instituto Geol\u00f3gico de Espa\u00f1a, 1926. &#8212; 160 p., [22] h. de l\u00e1m., [5] h. pleg. ; 21 cm. &#8212;&nbsp;Precede al t\u00edt.: Excursi\u00f3n A-2. XIV Congreso Geol\u00f3gico Internacional<\/span><\/p>\n<p style=\"text-align:left;\"><span ><a href=\"https:\/\/www.rmcr.org\/2016\/02\/cb1022687.jpg\" rel=\"attachment wp-att-933\"><img loading=\"lazy\" decoding=\"async\" class=\"aligncenter size-full wp-image-933\" src=\"https:\/\/www.rmcr.org\/wp-content\/uploads\/2016\/02\/cb1022687.jpg\" alt=\"CB1022687\" width=\"341\" height=\"506\" srcset=\"https:\/\/www.rmcr.org\/wp-content\/uploads\/2016\/02\/cb1022687.jpg 341w, https:\/\/www.rmcr.org\/wp-content\/uploads\/2016\/02\/cb1022687-202x300.jpg 202w\" sizes=\"(max-width: 341px) 100vw, 341px\" \/><\/a><\/span><\/p>\n<p style=\"text-align:left;\"><span ><strong>Blumenthal, Moritz M<\/strong>. <em>Estudio geol\u00f3gico de las cadenas costeras al oeste de M\u00e1laga, entre el r\u00edo Guadalhorce y el r\u00edo Verde<\/em>. &#8212; En: Bolet\u00edn del Instituto Geol\u00f3gico y Minero de Espa\u00f1a, t. LXII. &#8212; Madrid : Instituto Geol\u00f3gico y&nbsp;Minero de Espa\u00f1a, 1949. &#8212; X, 193 p., [5] h. de l\u00e1m., [3] h. de l\u00e1m pleg. : il. ; 24 cm&nbsp;<\/span><\/p>\n<p style=\"text-align:left;\"><span ><a href=\"https:\/\/www.rmcr.org\/2016\/02\/cb1022688.jpg\" rel=\"attachment wp-att-934\"><img loading=\"lazy\" decoding=\"async\" class=\"aligncenter size-full wp-image-934\" src=\"https:\/\/www.rmcr.org\/wp-content\/uploads\/2016\/02\/cb1022688.jpg\" alt=\"CB1022688\" width=\"332\" height=\"506\"><\/a><\/span><\/p>\n<p style=\"text-align:left;\"><span ><strong>Kockel, Franz<\/strong>. <em>Die Geologie des Gebietes zwischen dem Rio Guadalhorce und dem Plateau von Ronda (S\u00fcdspanien) : mit Tafel 26-28 und 17 Abbildungen<\/em>. &#8212;&nbsp;En: Geologisches Jahrbuch, n. 81, dezember. &#8212; Hannover : [s.n.], 1963. &#8212; P. [413]-479, [3] h. de map. pleg. : il. ; 24 cm&nbsp;<\/span><\/p>\n<p style=\"text-align:left;\"><span ><a href=\"https:\/\/www.rmcr.org\/2016\/02\/cb1022700.jpg\" rel=\"attachment wp-att-935\"><img loading=\"lazy\" decoding=\"async\" class=\"aligncenter size-full wp-image-935\" src=\"https:\/\/www.rmcr.org\/wp-content\/uploads\/2016\/02\/cb1022700.jpg\" alt=\"CB1022700\" width=\"380\" height=\"506\"><\/a><\/span><\/p>\n<p style=\"text-align:left;\"><span ><strong>Meer, Freek van der<\/strong>. <em>Triassic-Miocene paleogeography and basin evolution of the Subbetic Zone between Ronda and M\u00e1laga, Spain<\/em>. &#8212; En: Geologie en Mijnbouw : tijdschrift van het Nederlandsch Geologisch-Mijnbouwkundig Genootschap,&nbsp;v. 74, n. 1. &#8212; Dordrecht : Kluver&nbsp;Academic Publishers, 1995. &#8212; P. 43-63 : il. ; 26 cm<\/span><\/p>\n","protected":false},"excerpt":{"rendered":"<p>\u00b7 MONOGR\u00c1FICO \u00b7 \u00b7 BIBLIOTECA DE LA REAL MAESTRANZA DE CABALLER\u00cdA DE RONDA \u00b7 \u00b7 FEBRERO 2016 \u00b7 \u00b7 FONDO RONDA&nbsp;\u00b7 Orueta Gonz\u00e1lez, Manuel de y Rodr\u00edguez Gonz\u00e1lez, Andr\u00e9s. Macpherson y los Orueta : la moderna geolog\u00eda espa\u00f1ola se forj\u00f3 desde la Serran\u00eda de Ronda. &#8212; Ronda (M\u00e1laga) : Centro Andaluz, 2002. &#8212; 49 p. [&hellip;]<\/p>\n","protected":false},"author":2,"featured_media":11602,"comment_status":"open","ping_status":"open","sticky":false,"template":"","format":"standard","meta":{"footnotes":""},"categories":[140,791],"tags":[237,105,252,176,203,137,114],"class_list":["post-6147","post","type-post","status-publish","format-standard","has-post-thumbnail","hentry","category-biblioteca","category-boletin-bibliografico-biblioteca-rmr","tag-bibliografias","tag-biblioteca-general","tag-biblioteca-rmr","tag-boletin-mensual-bibliografico","tag-geologia","tag-libros","tag-ronda"],"yoast_head":"<!-- This site is optimized with the Yoast SEO plugin v27.5 - https:\/\/yoast.com\/product\/yoast-seo-wordpress\/ -->\n<title>Biblioteca-RMR: N\u00ba 26. Geolog\u00eda de la serran\u00eda de Ronda. Febrero 2016. - Real Maestranza de Caballer\u00eda de Ronda<\/title>\n<meta name=\"robots\" content=\"index, follow, max-snippet:-1, max-image-preview:large, max-video-preview:-1\" \/>\n<link rel=\"canonical\" href=\"https:\/\/www.rmcr.org\/en\/2016\/02\/02\/biblioteca-rmr-geologia-de-la-serrania-de-ronda-febrero-2016\/\" \/>\n<meta property=\"og:locale\" content=\"en_US\" \/>\n<meta property=\"og:type\" content=\"article\" \/>\n<meta property=\"og:title\" content=\"Biblioteca-RMR: N\u00ba 26. Geolog\u00eda de la serran\u00eda de Ronda. Febrero 2016. - Real Maestranza de Caballer\u00eda de Ronda\" \/>\n<meta property=\"og:description\" content=\"\u00b7 MONOGR\u00c1FICO \u00b7 \u00b7 BIBLIOTECA DE LA REAL MAESTRANZA DE CABALLER\u00cdA DE RONDA \u00b7 \u00b7 FEBRERO 2016 \u00b7 \u00b7 FONDO RONDA&nbsp;\u00b7 Orueta Gonz\u00e1lez, Manuel de y Rodr\u00edguez Gonz\u00e1lez, Andr\u00e9s. Macpherson y los Orueta : la moderna geolog\u00eda espa\u00f1ola se forj\u00f3 desde la Serran\u00eda de Ronda. &#8212; Ronda (M\u00e1laga) : Centro Andaluz, 2002. &#8212; 49 p. [&hellip;]\" \/>\n<meta property=\"og:url\" content=\"https:\/\/www.rmcr.org\/en\/2016\/02\/02\/biblioteca-rmr-geologia-de-la-serrania-de-ronda-febrero-2016\/\" \/>\n<meta property=\"og:site_name\" content=\"Real Maestranza de Caballer\u00eda de Ronda\" \/>\n<meta property=\"article:publisher\" content=\"https:\/\/www.facebook.com\/plazadetorosronda\" \/>\n<meta property=\"article:published_time\" content=\"2016-02-02T12:22:54+00:00\" \/>\n<meta property=\"article:modified_time\" content=\"2025-04-03T11:31:55+00:00\" \/>\n<meta property=\"og:image\" content=\"https:\/\/www.rmcr.org\/wp-content\/uploads\/2022\/10\/geo.jpg\" \/>\n\t<meta property=\"og:image:width\" content=\"482\" \/>\n\t<meta property=\"og:image:height\" content=\"143\" \/>\n\t<meta property=\"og:image:type\" content=\"image\/jpeg\" \/>\n<meta name=\"author\" content=\"BIBLIOTECA\" \/>\n<meta name=\"twitter:card\" content=\"summary_large_image\" \/>\n<meta name=\"twitter:creator\" content=\"@PlazatorosRMR\" \/>\n<meta name=\"twitter:site\" content=\"@PlazatorosRMR\" \/>\n<meta name=\"twitter:label1\" content=\"Written by\" \/>\n\t<meta name=\"twitter:data1\" content=\"BIBLIOTECA\" \/>\n\t<meta name=\"twitter:label2\" content=\"Est. reading time\" \/>\n\t<meta name=\"twitter:data2\" content=\"2 minutes\" \/>\n<script type=\"application\/ld+json\" class=\"yoast-schema-graph\">{\"@context\":\"https:\\\/\\\/schema.org\",\"@graph\":[{\"@type\":\"Article\",\"@id\":\"https:\\\/\\\/www.rmcr.org\\\/en\\\/2016\\\/02\\\/02\\\/biblioteca-rmr-geologia-de-la-serrania-de-ronda-febrero-2016\\\/#article\",\"isPartOf\":{\"@id\":\"https:\\\/\\\/www.rmcr.org\\\/en\\\/2016\\\/02\\\/02\\\/biblioteca-rmr-geologia-de-la-serrania-de-ronda-febrero-2016\\\/\"},\"author\":{\"name\":\"BIBLIOTECA\",\"@id\":\"https:\\\/\\\/www.rmcr.org\\\/en\\\/#\\\/schema\\\/person\\\/80849edee7ef556893505128619ea1d0\"},\"headline\":\"Biblioteca-RMR: N\u00ba 26. Geolog\u00eda de la serran\u00eda de Ronda. Febrero 2016.\",\"datePublished\":\"2016-02-02T12:22:54+00:00\",\"dateModified\":\"2025-04-03T11:31:55+00:00\",\"mainEntityOfPage\":{\"@id\":\"https:\\\/\\\/www.rmcr.org\\\/en\\\/2016\\\/02\\\/02\\\/biblioteca-rmr-geologia-de-la-serrania-de-ronda-febrero-2016\\\/\"},\"wordCount\":493,\"commentCount\":0,\"publisher\":{\"@id\":\"https:\\\/\\\/www.rmcr.org\\\/en\\\/#organization\"},\"image\":{\"@id\":\"https:\\\/\\\/www.rmcr.org\\\/en\\\/2016\\\/02\\\/02\\\/biblioteca-rmr-geologia-de-la-serrania-de-ronda-febrero-2016\\\/#primaryimage\"},\"thumbnailUrl\":\"https:\\\/\\\/www.rmcr.org\\\/wp-content\\\/uploads\\\/2022\\\/10\\\/geo.jpg\",\"keywords\":[\"Bibliograf\u00edas\",\"Biblioteca\",\"Biblioteca-RMR\",\"Bolet\u00edn mensual bibliogr\u00e1fico\",\"Geolog\u00eda\",\"Libros\",\"Ronda\"],\"articleSection\":[\"Biblioteca\",\"Bolet\u00edn bibliogr\u00e1fico Biblioteca-RMR\"],\"inLanguage\":\"en-US\",\"potentialAction\":[{\"@type\":\"CommentAction\",\"name\":\"Comment\",\"target\":[\"https:\\\/\\\/www.rmcr.org\\\/en\\\/2016\\\/02\\\/02\\\/biblioteca-rmr-geologia-de-la-serrania-de-ronda-febrero-2016\\\/#respond\"]}]},{\"@type\":\"WebPage\",\"@id\":\"https:\\\/\\\/www.rmcr.org\\\/en\\\/2016\\\/02\\\/02\\\/biblioteca-rmr-geologia-de-la-serrania-de-ronda-febrero-2016\\\/\",\"url\":\"https:\\\/\\\/www.rmcr.org\\\/en\\\/2016\\\/02\\\/02\\\/biblioteca-rmr-geologia-de-la-serrania-de-ronda-febrero-2016\\\/\",\"name\":\"Biblioteca-RMR: N\u00ba 26. Geolog\u00eda de la serran\u00eda de Ronda. Febrero 2016. - Real Maestranza de Caballer\u00eda de Ronda\",\"isPartOf\":{\"@id\":\"https:\\\/\\\/www.rmcr.org\\\/en\\\/#website\"},\"primaryImageOfPage\":{\"@id\":\"https:\\\/\\\/www.rmcr.org\\\/en\\\/2016\\\/02\\\/02\\\/biblioteca-rmr-geologia-de-la-serrania-de-ronda-febrero-2016\\\/#primaryimage\"},\"image\":{\"@id\":\"https:\\\/\\\/www.rmcr.org\\\/en\\\/2016\\\/02\\\/02\\\/biblioteca-rmr-geologia-de-la-serrania-de-ronda-febrero-2016\\\/#primaryimage\"},\"thumbnailUrl\":\"https:\\\/\\\/www.rmcr.org\\\/wp-content\\\/uploads\\\/2022\\\/10\\\/geo.jpg\",\"datePublished\":\"2016-02-02T12:22:54+00:00\",\"dateModified\":\"2025-04-03T11:31:55+00:00\",\"breadcrumb\":{\"@id\":\"https:\\\/\\\/www.rmcr.org\\\/en\\\/2016\\\/02\\\/02\\\/biblioteca-rmr-geologia-de-la-serrania-de-ronda-febrero-2016\\\/#breadcrumb\"},\"inLanguage\":\"en-US\",\"potentialAction\":[{\"@type\":\"ReadAction\",\"target\":[\"https:\\\/\\\/www.rmcr.org\\\/en\\\/2016\\\/02\\\/02\\\/biblioteca-rmr-geologia-de-la-serrania-de-ronda-febrero-2016\\\/\"]}]},{\"@type\":\"ImageObject\",\"inLanguage\":\"en-US\",\"@id\":\"https:\\\/\\\/www.rmcr.org\\\/en\\\/2016\\\/02\\\/02\\\/biblioteca-rmr-geologia-de-la-serrania-de-ronda-febrero-2016\\\/#primaryimage\",\"url\":\"https:\\\/\\\/www.rmcr.org\\\/wp-content\\\/uploads\\\/2022\\\/10\\\/geo.jpg\",\"contentUrl\":\"https:\\\/\\\/www.rmcr.org\\\/wp-content\\\/uploads\\\/2022\\\/10\\\/geo.jpg\",\"width\":482,\"height\":143},{\"@type\":\"BreadcrumbList\",\"@id\":\"https:\\\/\\\/www.rmcr.org\\\/en\\\/2016\\\/02\\\/02\\\/biblioteca-rmr-geologia-de-la-serrania-de-ronda-febrero-2016\\\/#breadcrumb\",\"itemListElement\":[{\"@type\":\"ListItem\",\"position\":1,\"name\":\"REAL MAESTRANZA DE CABALLER\u00cdA DE RONDA\",\"item\":\"https:\\\/\\\/www.rmcr.org\\\/en\\\/\"},{\"@type\":\"ListItem\",\"position\":2,\"name\":\"Biblioteca-RMR: N\u00ba 26. Geolog\u00eda de la serran\u00eda de Ronda. Febrero 2016.\"}]},{\"@type\":\"WebSite\",\"@id\":\"https:\\\/\\\/www.rmcr.org\\\/en\\\/#website\",\"url\":\"https:\\\/\\\/www.rmcr.org\\\/en\\\/\",\"name\":\"Real Maestranza de Caballer\u00eda de Ronda\",\"description\":\"Real Maestranza de Caballer\u00eda de Ronda\",\"publisher\":{\"@id\":\"https:\\\/\\\/www.rmcr.org\\\/en\\\/#organization\"},\"alternateName\":\"RMCR\",\"potentialAction\":[{\"@type\":\"SearchAction\",\"target\":{\"@type\":\"EntryPoint\",\"urlTemplate\":\"https:\\\/\\\/www.rmcr.org\\\/en\\\/?s={search_term_string}\"},\"query-input\":{\"@type\":\"PropertyValueSpecification\",\"valueRequired\":true,\"valueName\":\"search_term_string\"}}],\"inLanguage\":\"en-US\"},{\"@type\":\"Organization\",\"@id\":\"https:\\\/\\\/www.rmcr.org\\\/en\\\/#organization\",\"name\":\"Real Maestranza de Caballer\u00eda de Ronda\",\"alternateName\":\"RMR\",\"url\":\"https:\\\/\\\/www.rmcr.org\\\/en\\\/\",\"logo\":{\"@type\":\"ImageObject\",\"inLanguage\":\"en-US\",\"@id\":\"https:\\\/\\\/www.rmcr.org\\\/en\\\/#\\\/schema\\\/logo\\\/image\\\/\",\"url\":\"https:\\\/\\\/www.rmcr.org\\\/wp-content\\\/uploads\\\/2022\\\/07\\\/logo-rmr-blue.svg\",\"contentUrl\":\"https:\\\/\\\/www.rmcr.org\\\/wp-content\\\/uploads\\\/2022\\\/07\\\/logo-rmr-blue.svg\",\"width\":131,\"height\":129,\"caption\":\"Real Maestranza de Caballer\u00eda de Ronda\"},\"image\":{\"@id\":\"https:\\\/\\\/www.rmcr.org\\\/en\\\/#\\\/schema\\\/logo\\\/image\\\/\"},\"sameAs\":[\"https:\\\/\\\/www.facebook.com\\\/plazadetorosronda\",\"https:\\\/\\\/x.com\\\/PlazatorosRMR\",\"https:\\\/\\\/www.instagram.com\\\/realmaestranzaderonda\\\/\",\"https:\\\/\\\/www.youtube.com\\\/channel\\\/UCrbO5IUN-8v_QML739vM4zg\\\/videos\"]},{\"@type\":\"Person\",\"@id\":\"https:\\\/\\\/www.rmcr.org\\\/en\\\/#\\\/schema\\\/person\\\/80849edee7ef556893505128619ea1d0\",\"name\":\"BIBLIOTECA\",\"image\":{\"@type\":\"ImageObject\",\"inLanguage\":\"en-US\",\"@id\":\"https:\\\/\\\/www.rmcr.org\\\/wp-content\\\/uploads\\\/2022\\\/11\\\/avatar-rmcr-96x96.png\",\"url\":\"https:\\\/\\\/www.rmcr.org\\\/wp-content\\\/uploads\\\/2022\\\/11\\\/avatar-rmcr-96x96.png\",\"contentUrl\":\"https:\\\/\\\/www.rmcr.org\\\/wp-content\\\/uploads\\\/2022\\\/11\\\/avatar-rmcr-96x96.png\",\"caption\":\"BIBLIOTECA\"},\"url\":\"https:\\\/\\\/www.rmcr.org\\\/en\\\/author\\\/juan-antonio-moreno\\\/\"}]}<\/script>\n<!-- \/ Yoast SEO plugin. -->","yoast_head_json":{"title":"Biblioteca-RMR: N\u00ba 26. Geolog\u00eda de la serran\u00eda de Ronda. Febrero 2016. - Real Maestranza de Caballer\u00eda de Ronda","robots":{"index":"index","follow":"follow","max-snippet":"max-snippet:-1","max-image-preview":"max-image-preview:large","max-video-preview":"max-video-preview:-1"},"canonical":"https:\/\/www.rmcr.org\/en\/2016\/02\/02\/biblioteca-rmr-geologia-de-la-serrania-de-ronda-febrero-2016\/","og_locale":"en_US","og_type":"article","og_title":"Biblioteca-RMR: N\u00ba 26. Geolog\u00eda de la serran\u00eda de Ronda. Febrero 2016. - Real Maestranza de Caballer\u00eda de Ronda","og_description":"\u00b7 MONOGR\u00c1FICO \u00b7 \u00b7 BIBLIOTECA DE LA REAL MAESTRANZA DE CABALLER\u00cdA DE RONDA \u00b7 \u00b7 FEBRERO 2016 \u00b7 \u00b7 FONDO RONDA&nbsp;\u00b7 Orueta Gonz\u00e1lez, Manuel de y Rodr\u00edguez Gonz\u00e1lez, Andr\u00e9s. Macpherson y los Orueta : la moderna geolog\u00eda espa\u00f1ola se forj\u00f3 desde la Serran\u00eda de Ronda. &#8212; Ronda (M\u00e1laga) : Centro Andaluz, 2002. &#8212; 49 p. [&hellip;]","og_url":"https:\/\/www.rmcr.org\/en\/2016\/02\/02\/biblioteca-rmr-geologia-de-la-serrania-de-ronda-febrero-2016\/","og_site_name":"Real Maestranza de Caballer\u00eda de Ronda","article_publisher":"https:\/\/www.facebook.com\/plazadetorosronda","article_published_time":"2016-02-02T12:22:54+00:00","article_modified_time":"2025-04-03T11:31:55+00:00","og_image":[{"width":482,"height":143,"url":"https:\/\/www.rmcr.org\/wp-content\/uploads\/2022\/10\/geo.jpg","type":"image\/jpeg"}],"author":"BIBLIOTECA","twitter_card":"summary_large_image","twitter_creator":"@PlazatorosRMR","twitter_site":"@PlazatorosRMR","twitter_misc":{"Written by":"BIBLIOTECA","Est. reading time":"2 minutes"},"schema":{"@context":"https:\/\/schema.org","@graph":[{"@type":"Article","@id":"https:\/\/www.rmcr.org\/en\/2016\/02\/02\/biblioteca-rmr-geologia-de-la-serrania-de-ronda-febrero-2016\/#article","isPartOf":{"@id":"https:\/\/www.rmcr.org\/en\/2016\/02\/02\/biblioteca-rmr-geologia-de-la-serrania-de-ronda-febrero-2016\/"},"author":{"name":"BIBLIOTECA","@id":"https:\/\/www.rmcr.org\/en\/#\/schema\/person\/80849edee7ef556893505128619ea1d0"},"headline":"Biblioteca-RMR: N\u00ba 26. Geolog\u00eda de la serran\u00eda de Ronda. Febrero 2016.","datePublished":"2016-02-02T12:22:54+00:00","dateModified":"2025-04-03T11:31:55+00:00","mainEntityOfPage":{"@id":"https:\/\/www.rmcr.org\/en\/2016\/02\/02\/biblioteca-rmr-geologia-de-la-serrania-de-ronda-febrero-2016\/"},"wordCount":493,"commentCount":0,"publisher":{"@id":"https:\/\/www.rmcr.org\/en\/#organization"},"image":{"@id":"https:\/\/www.rmcr.org\/en\/2016\/02\/02\/biblioteca-rmr-geologia-de-la-serrania-de-ronda-febrero-2016\/#primaryimage"},"thumbnailUrl":"https:\/\/www.rmcr.org\/wp-content\/uploads\/2022\/10\/geo.jpg","keywords":["Bibliograf\u00edas","Biblioteca","Biblioteca-RMR","Bolet\u00edn mensual bibliogr\u00e1fico","Geolog\u00eda","Libros","Ronda"],"articleSection":["Biblioteca","Bolet\u00edn bibliogr\u00e1fico Biblioteca-RMR"],"inLanguage":"en-US","potentialAction":[{"@type":"CommentAction","name":"Comment","target":["https:\/\/www.rmcr.org\/en\/2016\/02\/02\/biblioteca-rmr-geologia-de-la-serrania-de-ronda-febrero-2016\/#respond"]}]},{"@type":"WebPage","@id":"https:\/\/www.rmcr.org\/en\/2016\/02\/02\/biblioteca-rmr-geologia-de-la-serrania-de-ronda-febrero-2016\/","url":"https:\/\/www.rmcr.org\/en\/2016\/02\/02\/biblioteca-rmr-geologia-de-la-serrania-de-ronda-febrero-2016\/","name":"Biblioteca-RMR: N\u00ba 26. Geolog\u00eda de la serran\u00eda de Ronda. Febrero 2016. - Real Maestranza de Caballer\u00eda de Ronda","isPartOf":{"@id":"https:\/\/www.rmcr.org\/en\/#website"},"primaryImageOfPage":{"@id":"https:\/\/www.rmcr.org\/en\/2016\/02\/02\/biblioteca-rmr-geologia-de-la-serrania-de-ronda-febrero-2016\/#primaryimage"},"image":{"@id":"https:\/\/www.rmcr.org\/en\/2016\/02\/02\/biblioteca-rmr-geologia-de-la-serrania-de-ronda-febrero-2016\/#primaryimage"},"thumbnailUrl":"https:\/\/www.rmcr.org\/wp-content\/uploads\/2022\/10\/geo.jpg","datePublished":"2016-02-02T12:22:54+00:00","dateModified":"2025-04-03T11:31:55+00:00","breadcrumb":{"@id":"https:\/\/www.rmcr.org\/en\/2016\/02\/02\/biblioteca-rmr-geologia-de-la-serrania-de-ronda-febrero-2016\/#breadcrumb"},"inLanguage":"en-US","potentialAction":[{"@type":"ReadAction","target":["https:\/\/www.rmcr.org\/en\/2016\/02\/02\/biblioteca-rmr-geologia-de-la-serrania-de-ronda-febrero-2016\/"]}]},{"@type":"ImageObject","inLanguage":"en-US","@id":"https:\/\/www.rmcr.org\/en\/2016\/02\/02\/biblioteca-rmr-geologia-de-la-serrania-de-ronda-febrero-2016\/#primaryimage","url":"https:\/\/www.rmcr.org\/wp-content\/uploads\/2022\/10\/geo.jpg","contentUrl":"https:\/\/www.rmcr.org\/wp-content\/uploads\/2022\/10\/geo.jpg","width":482,"height":143},{"@type":"BreadcrumbList","@id":"https:\/\/www.rmcr.org\/en\/2016\/02\/02\/biblioteca-rmr-geologia-de-la-serrania-de-ronda-febrero-2016\/#breadcrumb","itemListElement":[{"@type":"ListItem","position":1,"name":"REAL MAESTRANZA DE CABALLER\u00cdA DE RONDA","item":"https:\/\/www.rmcr.org\/en\/"},{"@type":"ListItem","position":2,"name":"Biblioteca-RMR: N\u00ba 26. Geolog\u00eda de la serran\u00eda de Ronda. Febrero 2016."}]},{"@type":"WebSite","@id":"https:\/\/www.rmcr.org\/en\/#website","url":"https:\/\/www.rmcr.org\/en\/","name":"Real Maestranza de Caballer\u00eda de Ronda","description":"Real Maestranza de Caballer\u00eda de Ronda","publisher":{"@id":"https:\/\/www.rmcr.org\/en\/#organization"},"alternateName":"RMCR","potentialAction":[{"@type":"SearchAction","target":{"@type":"EntryPoint","urlTemplate":"https:\/\/www.rmcr.org\/en\/?s={search_term_string}"},"query-input":{"@type":"PropertyValueSpecification","valueRequired":true,"valueName":"search_term_string"}}],"inLanguage":"en-US"},{"@type":"Organization","@id":"https:\/\/www.rmcr.org\/en\/#organization","name":"Real Maestranza de Caballer\u00eda de Ronda","alternateName":"RMR","url":"https:\/\/www.rmcr.org\/en\/","logo":{"@type":"ImageObject","inLanguage":"en-US","@id":"https:\/\/www.rmcr.org\/en\/#\/schema\/logo\/image\/","url":"https:\/\/www.rmcr.org\/wp-content\/uploads\/2022\/07\/logo-rmr-blue.svg","contentUrl":"https:\/\/www.rmcr.org\/wp-content\/uploads\/2022\/07\/logo-rmr-blue.svg","width":131,"height":129,"caption":"Real Maestranza de Caballer\u00eda de Ronda"},"image":{"@id":"https:\/\/www.rmcr.org\/en\/#\/schema\/logo\/image\/"},"sameAs":["https:\/\/www.facebook.com\/plazadetorosronda","https:\/\/x.com\/PlazatorosRMR","https:\/\/www.instagram.com\/realmaestranzaderonda\/","https:\/\/www.youtube.com\/channel\/UCrbO5IUN-8v_QML739vM4zg\/videos"]},{"@type":"Person","@id":"https:\/\/www.rmcr.org\/en\/#\/schema\/person\/80849edee7ef556893505128619ea1d0","name":"BIBLIOTECA","image":{"@type":"ImageObject","inLanguage":"en-US","@id":"https:\/\/www.rmcr.org\/wp-content\/uploads\/2022\/11\/avatar-rmcr-96x96.png","url":"https:\/\/www.rmcr.org\/wp-content\/uploads\/2022\/11\/avatar-rmcr-96x96.png","contentUrl":"https:\/\/www.rmcr.org\/wp-content\/uploads\/2022\/11\/avatar-rmcr-96x96.png","caption":"BIBLIOTECA"},"url":"https:\/\/www.rmcr.org\/en\/author\/juan-antonio-moreno\/"}]}},"_links":{"self":[{"href":"https:\/\/www.rmcr.org\/en\/wp-json\/wp\/v2\/posts\/6147","targetHints":{"allow":["GET"]}}],"collection":[{"href":"https:\/\/www.rmcr.org\/en\/wp-json\/wp\/v2\/posts"}],"about":[{"href":"https:\/\/www.rmcr.org\/en\/wp-json\/wp\/v2\/types\/post"}],"author":[{"embeddable":true,"href":"https:\/\/www.rmcr.org\/en\/wp-json\/wp\/v2\/users\/2"}],"replies":[{"embeddable":true,"href":"https:\/\/www.rmcr.org\/en\/wp-json\/wp\/v2\/comments?post=6147"}],"version-history":[{"count":2,"href":"https:\/\/www.rmcr.org\/en\/wp-json\/wp\/v2\/posts\/6147\/revisions"}],"predecessor-version":[{"id":22224,"href":"https:\/\/www.rmcr.org\/en\/wp-json\/wp\/v2\/posts\/6147\/revisions\/22224"}],"wp:featuredmedia":[{"embeddable":true,"href":"https:\/\/www.rmcr.org\/en\/wp-json\/wp\/v2\/media\/11602"}],"wp:attachment":[{"href":"https:\/\/www.rmcr.org\/en\/wp-json\/wp\/v2\/media?parent=6147"}],"wp:term":[{"taxonomy":"category","embeddable":true,"href":"https:\/\/www.rmcr.org\/en\/wp-json\/wp\/v2\/categories?post=6147"},{"taxonomy":"post_tag","embeddable":true,"href":"https:\/\/www.rmcr.org\/en\/wp-json\/wp\/v2\/tags?post=6147"}],"curies":[{"name":"wp","href":"https:\/\/api.w.org\/{rel}","templated":true}]}}