{"id":6144,"date":"2015-09-02T10:21:38","date_gmt":"2015-09-02T10:21:38","guid":{"rendered":"https:\/\/www.rmcr.org\/?p=6144"},"modified":"2025-04-03T15:09:23","modified_gmt":"2025-04-03T15:09:23","slug":"biblioteca-rmr-carruage-de-alquiler-septiembre-2015","status":"publish","type":"post","link":"https:\/\/www.rmcr.org\/en\/2015\/09\/02\/biblioteca-rmr-carruage-de-alquiler-septiembre-2015\/","title":{"rendered":"Biblioteca-RMR: N\u00ba 21. Carruage de alquiler. Septiembre 2015."},"content":{"rendered":"<p style=\"text-align:center;\"><span ><b>\u00b7 ART\u00cdCULO\u00a0\u00b7<\/b><\/span><\/p>\n<p style=\"text-align:center;\"><span ><strong>\u00b7 BIBLIOTECA DE LA REAL MAESTRANZA DE CABALLER\u00cdA DE RONDA \u00b7<\/strong><\/span><\/p>\n<p style=\"text-align:center;\"><span ><strong>\u00b7 SEPTIEMBRE 2015 \u00b7<\/strong><\/span><\/p>\n<p style=\"text-align:center;\"><span ><strong>\u00b7\u00a0<\/strong><em><strong>FONDO EQUITACI\u00d3N\u00a0<\/strong><\/em><strong>\u00b7<\/strong><\/span><\/p>\n<p style=\"text-align:justify;\"><strong><span >La ilustraci\u00f3n seleccionada este a\u00f1o para confeccionar el cartel del XXXIX Concurso Exhibici\u00f3n de Enganches de Ronda es una acuarela original de Jos\u00e9 Honorato Lozano (1821-1885) titulada \u201cCarruage de alquiler\u201d.<\/span><\/strong><\/p>\n<p style=\"text-align:justify;\"><a href=\"https:\/\/www.rmcr.org\/2015\/09\/carruage.jpg\"><img fetchpriority=\"high\" decoding=\"async\" class=\"aligncenter size-full wp-image-830\" src=\"https:\/\/www.rmcr.org\/wp-content\/uploads\/2015\/09\/carruage.jpg\" alt=\"carruage\" width=\"470\" height=\"364\" srcset=\"https:\/\/www.rmcr.org\/wp-content\/uploads\/2015\/09\/carruage.jpg 500w, https:\/\/www.rmcr.org\/wp-content\/uploads\/2015\/09\/carruage-300x232.jpg 300w\" sizes=\"(max-width: 470px) 100vw, 470px\" \/><\/a><\/p>\n<p style=\"text-align:justify;\"><strong><span >Dicha acuarela, la n\u00famero 25, forma parte de un conjunto de 78 dibujos (acompa\u00f1ados de sus respectivos textos explicativos) presentes en la obra \u201cAlbum: vistas de las yslas Filipinas y trages de sus abitantes\u201d, tambi\u00e9n conocida como <em>Alb\u00fam Gironella<\/em>.<\/span><\/strong><\/p>\n<p style=\"text-align:justify;\"><strong><span >Seg\u00fan Jos\u00e9 Mar\u00eda Ancheta Cari\u00f1o (diplom\u00e1tico y coleccionista de arte filipino del siglo XIX, c\u00f3nsul en la Embajada de Filipinas en Madrid), el responsable del texto y quien encarga el \u00e1lbum es Gervasio Gironella, siendo Jos\u00e9 Honorato Lozano el encargado de realizar los dibujos.<\/span><\/strong><\/p>\n<p style=\"text-align:justify;\"><strong><span >El \u00e1lbum est\u00e1 fechado en 1847 y forma parte de los fondos de la <a href=\"http:\/\/catalogo.bne.es\/uhtbin\/cgisirsi\/0\/x\/0\/05?searchdata1=binp0000237782\">Biblioteca Nacional de Espa\u00f1a<\/a>. Se puede consultar una reproducci\u00f3n digital completa del mismo a trav\u00e9s de la <a href=\"http:\/\/bdh.bne.es\/bnesearch\/CompleteSearch.do?field=todos&amp;text=album+yslas+filipinas&amp;showYearItems=&amp;exact=on&amp;textH=&amp;advanced=false&amp;completeText=&amp;pageSize=1&amp;pageSizeAbrv=10&amp;pageNumber=79\">Biblioteca Digital Hisp\u00e1nica<\/a>.<\/span><\/strong><\/p>\n<p style=\"text-align:justify;\"><strong><span >A continuaci\u00f3n reproducimos, por su curiosidad, la descripci\u00f3n explicativa que acompa\u00f1a a la ilustraci\u00f3n:<\/span><\/strong><\/p>\n<p style=\"text-align:justify;\"><strong><span >\u201cDif\u00edcilmente hab\u00eda un pueblo donde, en proporci\u00f3n al n\u00famero de habitantes, se re\u00fanan m\u00e1s Carruages de todas especies que en Manila y sus alrededores. De algunos a\u00f1os a esta parte se ha introducido el uso de Carruages a la Europea, y a\u00fan el de llevarlos muchos con los Caballos de pescante, cosa que no deja de tener alguna esposici\u00f3n atendidas las malas ma\u00f1as de los caballos, y la poca habilidad de los cocheros. Algunos mestizos y chinos ricos usan ya de carruages a la Europea, pero los indios se sirven de los llamados del pa\u00eds que tienen la hechura del que representa la l\u00e1mina; en ellos se colocan cuantos pueden, y muchas veces adem\u00e1s de los asientos van atravesados tambi\u00e9n en el fondo de la caja y colocados en los estribos; y en la trasera no es cosa rara ver api\u00f1ados en ella a tres o cuatro muchachos, <i>batas<\/i> en idioma del pa\u00eds. El cochero es un verdadero tipo, y aunque los Europeos los llevan mejor vestidos, no por eso pierden su originalidad. Pocos son los que de noche no suelten los zapatos y botines, y aun de d\u00eda van algunos con el pie descalso y la espuela, que suele ser enorme, puesta; pero su gusto es llevar el carruage montando con la camisa por fuera y con sombrero de paja o <em>salocot<\/em>; no hay g\u00e9nero de <em>disfias<\/em> que no lleven los cocheros, y no deja de ser entretenido el examinar sus fachas, y su posici\u00f3n a caballo que por lo general no son tan buenas como las del cochero que se ve en esta l\u00e1mina. Los <em>librias<\/em> de los europeos, llevan siempre el pebete encendido, para el uso de sus amos. Va introduci\u00e9ndose el uso de caballos de raza inglesa que traen de Nueva Olanda para montar; y seg\u00fan el precio que van tomando los del pa\u00eds, no ser\u00e1 estra\u00f1o que dentro de pocos a\u00f1os, los usen para carruages en especial los Europeos. El precio de los Caballos del pa\u00eds, puede decirse que va desde 20 a 120 pesos una pareja, y uno de Sidney vale de 150 a 200 pesos.<\/span><\/strong><\/p>\n<p style=\"text-align:justify;\"><strong><span >Lo primero que tiene que aprender un europeo, es el dar direcci\u00f3n al Cochero, pues este hecha a andar sin preguntar donde va, y atendiendo a la voz del amo, si le dice pica, <em>marajan<\/em> (despacio), silla, mano, arrima de mano o de silla, carga de mano o de silla, para, <em>sulong<\/em> (adelante) &amp;, y si no dice nada le llevara donde fue el viage o el dia anterior como sucede muchas veces.\u201d<\/span><\/strong><\/p>\n","protected":false},"excerpt":{"rendered":"<p>\u00b7 ART\u00cdCULO\u00a0\u00b7 \u00b7 BIBLIOTECA DE LA REAL MAESTRANZA DE CABALLER\u00cdA DE RONDA \u00b7 \u00b7 SEPTIEMBRE 2015 \u00b7 \u00b7\u00a0FONDO EQUITACI\u00d3N\u00a0\u00b7 La ilustraci\u00f3n seleccionada este a\u00f1o para confeccionar el cartel del XXXIX Concurso Exhibici\u00f3n de Enganches de Ronda es una acuarela original de Jos\u00e9 Honorato Lozano (1821-1885) titulada \u201cCarruage de alquiler\u201d. Dicha acuarela, la n\u00famero 25, forma [&hellip;]<\/p>\n","protected":false},"author":2,"featured_media":831,"comment_status":"open","ping_status":"open","sticky":false,"template":"","format":"standard","meta":{"footnotes":""},"categories":[140,791],"tags":[105,252,176,194,96,144],"class_list":["post-6144","post","type-post","status-publish","format-standard","has-post-thumbnail","hentry","category-biblioteca","category-boletin-bibliografico-biblioteca-rmr","tag-biblioteca-general","tag-biblioteca-rmr","tag-boletin-mensual-bibliografico","tag-carruajes","tag-equitacion","tag-grabados"],"yoast_head":"<!-- This site is optimized with the Yoast SEO plugin v27.5 - https:\/\/yoast.com\/product\/yoast-seo-wordpress\/ -->\n<title>Biblioteca-RMR: N\u00ba 21. Carruage de alquiler. Septiembre 2015. - Real Maestranza de Caballer\u00eda de Ronda<\/title>\n<meta name=\"robots\" content=\"index, follow, max-snippet:-1, max-image-preview:large, max-video-preview:-1\" \/>\n<link rel=\"canonical\" href=\"https:\/\/www.rmcr.org\/en\/2015\/09\/02\/biblioteca-rmr-carruage-de-alquiler-septiembre-2015\/\" \/>\n<meta property=\"og:locale\" content=\"en_US\" \/>\n<meta property=\"og:type\" content=\"article\" \/>\n<meta property=\"og:title\" content=\"Biblioteca-RMR: N\u00ba 21. Carruage de alquiler. Septiembre 2015. - Real Maestranza de Caballer\u00eda de Ronda\" \/>\n<meta property=\"og:description\" content=\"\u00b7 ART\u00cdCULO\u00a0\u00b7 \u00b7 BIBLIOTECA DE LA REAL MAESTRANZA DE CABALLER\u00cdA DE RONDA \u00b7 \u00b7 SEPTIEMBRE 2015 \u00b7 \u00b7\u00a0FONDO EQUITACI\u00d3N\u00a0\u00b7 La ilustraci\u00f3n seleccionada este a\u00f1o para confeccionar el cartel del XXXIX Concurso Exhibici\u00f3n de Enganches de Ronda es una acuarela original de Jos\u00e9 Honorato Lozano (1821-1885) titulada \u201cCarruage de alquiler\u201d. Dicha acuarela, la n\u00famero 25, forma [&hellip;]\" \/>\n<meta property=\"og:url\" content=\"https:\/\/www.rmcr.org\/en\/2015\/09\/02\/biblioteca-rmr-carruage-de-alquiler-septiembre-2015\/\" \/>\n<meta property=\"og:site_name\" content=\"Real Maestranza de Caballer\u00eda de Ronda\" \/>\n<meta property=\"article:publisher\" content=\"https:\/\/www.facebook.com\/plazadetorosronda\" \/>\n<meta property=\"article:published_time\" content=\"2015-09-02T10:21:38+00:00\" \/>\n<meta property=\"article:modified_time\" content=\"2025-04-03T15:09:23+00:00\" \/>\n<meta property=\"og:image\" content=\"https:\/\/www.rmcr.org\/wp-content\/uploads\/2015\/09\/carr.jpg\" \/>\n\t<meta property=\"og:image:width\" content=\"482\" \/>\n\t<meta property=\"og:image:height\" content=\"143\" \/>\n\t<meta property=\"og:image:type\" content=\"image\/jpeg\" \/>\n<meta name=\"author\" content=\"BIBLIOTECA\" \/>\n<meta name=\"twitter:card\" content=\"summary_large_image\" \/>\n<meta name=\"twitter:creator\" content=\"@PlazatorosRMR\" \/>\n<meta name=\"twitter:site\" content=\"@PlazatorosRMR\" \/>\n<meta name=\"twitter:label1\" content=\"Written by\" \/>\n\t<meta name=\"twitter:data1\" content=\"BIBLIOTECA\" \/>\n\t<meta name=\"twitter:label2\" content=\"Est. reading time\" \/>\n\t<meta name=\"twitter:data2\" content=\"4 minutes\" \/>\n<script type=\"application\/ld+json\" class=\"yoast-schema-graph\">{\"@context\":\"https:\\\/\\\/schema.org\",\"@graph\":[{\"@type\":\"Article\",\"@id\":\"https:\\\/\\\/www.rmcr.org\\\/en\\\/2015\\\/09\\\/02\\\/biblioteca-rmr-carruage-de-alquiler-septiembre-2015\\\/#article\",\"isPartOf\":{\"@id\":\"https:\\\/\\\/www.rmcr.org\\\/en\\\/2015\\\/09\\\/02\\\/biblioteca-rmr-carruage-de-alquiler-septiembre-2015\\\/\"},\"author\":{\"name\":\"BIBLIOTECA\",\"@id\":\"https:\\\/\\\/www.rmcr.org\\\/en\\\/#\\\/schema\\\/person\\\/80849edee7ef556893505128619ea1d0\"},\"headline\":\"Biblioteca-RMR: N\u00ba 21. Carruage de alquiler. Septiembre 2015.\",\"datePublished\":\"2015-09-02T10:21:38+00:00\",\"dateModified\":\"2025-04-03T15:09:23+00:00\",\"mainEntityOfPage\":{\"@id\":\"https:\\\/\\\/www.rmcr.org\\\/en\\\/2015\\\/09\\\/02\\\/biblioteca-rmr-carruage-de-alquiler-septiembre-2015\\\/\"},\"wordCount\":648,\"commentCount\":0,\"publisher\":{\"@id\":\"https:\\\/\\\/www.rmcr.org\\\/en\\\/#organization\"},\"image\":{\"@id\":\"https:\\\/\\\/www.rmcr.org\\\/en\\\/2015\\\/09\\\/02\\\/biblioteca-rmr-carruage-de-alquiler-septiembre-2015\\\/#primaryimage\"},\"thumbnailUrl\":\"https:\\\/\\\/www.rmcr.org\\\/wp-content\\\/uploads\\\/2015\\\/09\\\/carr.jpg\",\"keywords\":[\"Biblioteca\",\"Biblioteca-RMR\",\"Bolet\u00edn mensual bibliogr\u00e1fico\",\"Carruajes\",\"Equitaci\u00f3n\",\"Grabados\"],\"articleSection\":[\"Biblioteca\",\"Bolet\u00edn bibliogr\u00e1fico Biblioteca-RMR\"],\"inLanguage\":\"en-US\",\"potentialAction\":[{\"@type\":\"CommentAction\",\"name\":\"Comment\",\"target\":[\"https:\\\/\\\/www.rmcr.org\\\/en\\\/2015\\\/09\\\/02\\\/biblioteca-rmr-carruage-de-alquiler-septiembre-2015\\\/#respond\"]}]},{\"@type\":\"WebPage\",\"@id\":\"https:\\\/\\\/www.rmcr.org\\\/en\\\/2015\\\/09\\\/02\\\/biblioteca-rmr-carruage-de-alquiler-septiembre-2015\\\/\",\"url\":\"https:\\\/\\\/www.rmcr.org\\\/en\\\/2015\\\/09\\\/02\\\/biblioteca-rmr-carruage-de-alquiler-septiembre-2015\\\/\",\"name\":\"Biblioteca-RMR: N\u00ba 21. Carruage de alquiler. Septiembre 2015. - Real Maestranza de Caballer\u00eda de Ronda\",\"isPartOf\":{\"@id\":\"https:\\\/\\\/www.rmcr.org\\\/en\\\/#website\"},\"primaryImageOfPage\":{\"@id\":\"https:\\\/\\\/www.rmcr.org\\\/en\\\/2015\\\/09\\\/02\\\/biblioteca-rmr-carruage-de-alquiler-septiembre-2015\\\/#primaryimage\"},\"image\":{\"@id\":\"https:\\\/\\\/www.rmcr.org\\\/en\\\/2015\\\/09\\\/02\\\/biblioteca-rmr-carruage-de-alquiler-septiembre-2015\\\/#primaryimage\"},\"thumbnailUrl\":\"https:\\\/\\\/www.rmcr.org\\\/wp-content\\\/uploads\\\/2015\\\/09\\\/carr.jpg\",\"datePublished\":\"2015-09-02T10:21:38+00:00\",\"dateModified\":\"2025-04-03T15:09:23+00:00\",\"breadcrumb\":{\"@id\":\"https:\\\/\\\/www.rmcr.org\\\/en\\\/2015\\\/09\\\/02\\\/biblioteca-rmr-carruage-de-alquiler-septiembre-2015\\\/#breadcrumb\"},\"inLanguage\":\"en-US\",\"potentialAction\":[{\"@type\":\"ReadAction\",\"target\":[\"https:\\\/\\\/www.rmcr.org\\\/en\\\/2015\\\/09\\\/02\\\/biblioteca-rmr-carruage-de-alquiler-septiembre-2015\\\/\"]}]},{\"@type\":\"ImageObject\",\"inLanguage\":\"en-US\",\"@id\":\"https:\\\/\\\/www.rmcr.org\\\/en\\\/2015\\\/09\\\/02\\\/biblioteca-rmr-carruage-de-alquiler-septiembre-2015\\\/#primaryimage\",\"url\":\"https:\\\/\\\/www.rmcr.org\\\/wp-content\\\/uploads\\\/2015\\\/09\\\/carr.jpg\",\"contentUrl\":\"https:\\\/\\\/www.rmcr.org\\\/wp-content\\\/uploads\\\/2015\\\/09\\\/carr.jpg\",\"width\":482,\"height\":143},{\"@type\":\"BreadcrumbList\",\"@id\":\"https:\\\/\\\/www.rmcr.org\\\/en\\\/2015\\\/09\\\/02\\\/biblioteca-rmr-carruage-de-alquiler-septiembre-2015\\\/#breadcrumb\",\"itemListElement\":[{\"@type\":\"ListItem\",\"position\":1,\"name\":\"REAL MAESTRANZA DE CABALLER\u00cdA DE RONDA\",\"item\":\"https:\\\/\\\/www.rmcr.org\\\/en\\\/\"},{\"@type\":\"ListItem\",\"position\":2,\"name\":\"Biblioteca-RMR: N\u00ba 21. Carruage de alquiler. Septiembre 2015.\"}]},{\"@type\":\"WebSite\",\"@id\":\"https:\\\/\\\/www.rmcr.org\\\/en\\\/#website\",\"url\":\"https:\\\/\\\/www.rmcr.org\\\/en\\\/\",\"name\":\"Real Maestranza de Caballer\u00eda de Ronda\",\"description\":\"Real Maestranza de Caballer\u00eda de Ronda\",\"publisher\":{\"@id\":\"https:\\\/\\\/www.rmcr.org\\\/en\\\/#organization\"},\"alternateName\":\"RMCR\",\"potentialAction\":[{\"@type\":\"SearchAction\",\"target\":{\"@type\":\"EntryPoint\",\"urlTemplate\":\"https:\\\/\\\/www.rmcr.org\\\/en\\\/?s={search_term_string}\"},\"query-input\":{\"@type\":\"PropertyValueSpecification\",\"valueRequired\":true,\"valueName\":\"search_term_string\"}}],\"inLanguage\":\"en-US\"},{\"@type\":\"Organization\",\"@id\":\"https:\\\/\\\/www.rmcr.org\\\/en\\\/#organization\",\"name\":\"Real Maestranza de Caballer\u00eda de Ronda\",\"alternateName\":\"RMR\",\"url\":\"https:\\\/\\\/www.rmcr.org\\\/en\\\/\",\"logo\":{\"@type\":\"ImageObject\",\"inLanguage\":\"en-US\",\"@id\":\"https:\\\/\\\/www.rmcr.org\\\/en\\\/#\\\/schema\\\/logo\\\/image\\\/\",\"url\":\"https:\\\/\\\/www.rmcr.org\\\/wp-content\\\/uploads\\\/2022\\\/07\\\/logo-rmr-blue.svg\",\"contentUrl\":\"https:\\\/\\\/www.rmcr.org\\\/wp-content\\\/uploads\\\/2022\\\/07\\\/logo-rmr-blue.svg\",\"width\":131,\"height\":129,\"caption\":\"Real Maestranza de Caballer\u00eda de Ronda\"},\"image\":{\"@id\":\"https:\\\/\\\/www.rmcr.org\\\/en\\\/#\\\/schema\\\/logo\\\/image\\\/\"},\"sameAs\":[\"https:\\\/\\\/www.facebook.com\\\/plazadetorosronda\",\"https:\\\/\\\/x.com\\\/PlazatorosRMR\",\"https:\\\/\\\/www.instagram.com\\\/realmaestranzaderonda\\\/\",\"https:\\\/\\\/www.youtube.com\\\/channel\\\/UCrbO5IUN-8v_QML739vM4zg\\\/videos\"]},{\"@type\":\"Person\",\"@id\":\"https:\\\/\\\/www.rmcr.org\\\/en\\\/#\\\/schema\\\/person\\\/80849edee7ef556893505128619ea1d0\",\"name\":\"BIBLIOTECA\",\"image\":{\"@type\":\"ImageObject\",\"inLanguage\":\"en-US\",\"@id\":\"https:\\\/\\\/www.rmcr.org\\\/wp-content\\\/uploads\\\/2022\\\/11\\\/avatar-rmcr-96x96.png\",\"url\":\"https:\\\/\\\/www.rmcr.org\\\/wp-content\\\/uploads\\\/2022\\\/11\\\/avatar-rmcr-96x96.png\",\"contentUrl\":\"https:\\\/\\\/www.rmcr.org\\\/wp-content\\\/uploads\\\/2022\\\/11\\\/avatar-rmcr-96x96.png\",\"caption\":\"BIBLIOTECA\"},\"url\":\"https:\\\/\\\/www.rmcr.org\\\/en\\\/author\\\/juan-antonio-moreno\\\/\"}]}<\/script>\n<!-- \/ Yoast SEO plugin. -->","yoast_head_json":{"title":"Biblioteca-RMR: N\u00ba 21. Carruage de alquiler. Septiembre 2015. - Real Maestranza de Caballer\u00eda de Ronda","robots":{"index":"index","follow":"follow","max-snippet":"max-snippet:-1","max-image-preview":"max-image-preview:large","max-video-preview":"max-video-preview:-1"},"canonical":"https:\/\/www.rmcr.org\/en\/2015\/09\/02\/biblioteca-rmr-carruage-de-alquiler-septiembre-2015\/","og_locale":"en_US","og_type":"article","og_title":"Biblioteca-RMR: N\u00ba 21. Carruage de alquiler. Septiembre 2015. - Real Maestranza de Caballer\u00eda de Ronda","og_description":"\u00b7 ART\u00cdCULO\u00a0\u00b7 \u00b7 BIBLIOTECA DE LA REAL MAESTRANZA DE CABALLER\u00cdA DE RONDA \u00b7 \u00b7 SEPTIEMBRE 2015 \u00b7 \u00b7\u00a0FONDO EQUITACI\u00d3N\u00a0\u00b7 La ilustraci\u00f3n seleccionada este a\u00f1o para confeccionar el cartel del XXXIX Concurso Exhibici\u00f3n de Enganches de Ronda es una acuarela original de Jos\u00e9 Honorato Lozano (1821-1885) titulada \u201cCarruage de alquiler\u201d. Dicha acuarela, la n\u00famero 25, forma [&hellip;]","og_url":"https:\/\/www.rmcr.org\/en\/2015\/09\/02\/biblioteca-rmr-carruage-de-alquiler-septiembre-2015\/","og_site_name":"Real Maestranza de Caballer\u00eda de Ronda","article_publisher":"https:\/\/www.facebook.com\/plazadetorosronda","article_published_time":"2015-09-02T10:21:38+00:00","article_modified_time":"2025-04-03T15:09:23+00:00","og_image":[{"width":482,"height":143,"url":"https:\/\/www.rmcr.org\/wp-content\/uploads\/2015\/09\/carr.jpg","type":"image\/jpeg"}],"author":"BIBLIOTECA","twitter_card":"summary_large_image","twitter_creator":"@PlazatorosRMR","twitter_site":"@PlazatorosRMR","twitter_misc":{"Written by":"BIBLIOTECA","Est. reading time":"4 minutes"},"schema":{"@context":"https:\/\/schema.org","@graph":[{"@type":"Article","@id":"https:\/\/www.rmcr.org\/en\/2015\/09\/02\/biblioteca-rmr-carruage-de-alquiler-septiembre-2015\/#article","isPartOf":{"@id":"https:\/\/www.rmcr.org\/en\/2015\/09\/02\/biblioteca-rmr-carruage-de-alquiler-septiembre-2015\/"},"author":{"name":"BIBLIOTECA","@id":"https:\/\/www.rmcr.org\/en\/#\/schema\/person\/80849edee7ef556893505128619ea1d0"},"headline":"Biblioteca-RMR: N\u00ba 21. Carruage de alquiler. Septiembre 2015.","datePublished":"2015-09-02T10:21:38+00:00","dateModified":"2025-04-03T15:09:23+00:00","mainEntityOfPage":{"@id":"https:\/\/www.rmcr.org\/en\/2015\/09\/02\/biblioteca-rmr-carruage-de-alquiler-septiembre-2015\/"},"wordCount":648,"commentCount":0,"publisher":{"@id":"https:\/\/www.rmcr.org\/en\/#organization"},"image":{"@id":"https:\/\/www.rmcr.org\/en\/2015\/09\/02\/biblioteca-rmr-carruage-de-alquiler-septiembre-2015\/#primaryimage"},"thumbnailUrl":"https:\/\/www.rmcr.org\/wp-content\/uploads\/2015\/09\/carr.jpg","keywords":["Biblioteca","Biblioteca-RMR","Bolet\u00edn mensual bibliogr\u00e1fico","Carruajes","Equitaci\u00f3n","Grabados"],"articleSection":["Biblioteca","Bolet\u00edn bibliogr\u00e1fico Biblioteca-RMR"],"inLanguage":"en-US","potentialAction":[{"@type":"CommentAction","name":"Comment","target":["https:\/\/www.rmcr.org\/en\/2015\/09\/02\/biblioteca-rmr-carruage-de-alquiler-septiembre-2015\/#respond"]}]},{"@type":"WebPage","@id":"https:\/\/www.rmcr.org\/en\/2015\/09\/02\/biblioteca-rmr-carruage-de-alquiler-septiembre-2015\/","url":"https:\/\/www.rmcr.org\/en\/2015\/09\/02\/biblioteca-rmr-carruage-de-alquiler-septiembre-2015\/","name":"Biblioteca-RMR: N\u00ba 21. Carruage de alquiler. Septiembre 2015. - Real Maestranza de Caballer\u00eda de Ronda","isPartOf":{"@id":"https:\/\/www.rmcr.org\/en\/#website"},"primaryImageOfPage":{"@id":"https:\/\/www.rmcr.org\/en\/2015\/09\/02\/biblioteca-rmr-carruage-de-alquiler-septiembre-2015\/#primaryimage"},"image":{"@id":"https:\/\/www.rmcr.org\/en\/2015\/09\/02\/biblioteca-rmr-carruage-de-alquiler-septiembre-2015\/#primaryimage"},"thumbnailUrl":"https:\/\/www.rmcr.org\/wp-content\/uploads\/2015\/09\/carr.jpg","datePublished":"2015-09-02T10:21:38+00:00","dateModified":"2025-04-03T15:09:23+00:00","breadcrumb":{"@id":"https:\/\/www.rmcr.org\/en\/2015\/09\/02\/biblioteca-rmr-carruage-de-alquiler-septiembre-2015\/#breadcrumb"},"inLanguage":"en-US","potentialAction":[{"@type":"ReadAction","target":["https:\/\/www.rmcr.org\/en\/2015\/09\/02\/biblioteca-rmr-carruage-de-alquiler-septiembre-2015\/"]}]},{"@type":"ImageObject","inLanguage":"en-US","@id":"https:\/\/www.rmcr.org\/en\/2015\/09\/02\/biblioteca-rmr-carruage-de-alquiler-septiembre-2015\/#primaryimage","url":"https:\/\/www.rmcr.org\/wp-content\/uploads\/2015\/09\/carr.jpg","contentUrl":"https:\/\/www.rmcr.org\/wp-content\/uploads\/2015\/09\/carr.jpg","width":482,"height":143},{"@type":"BreadcrumbList","@id":"https:\/\/www.rmcr.org\/en\/2015\/09\/02\/biblioteca-rmr-carruage-de-alquiler-septiembre-2015\/#breadcrumb","itemListElement":[{"@type":"ListItem","position":1,"name":"REAL MAESTRANZA DE CABALLER\u00cdA DE RONDA","item":"https:\/\/www.rmcr.org\/en\/"},{"@type":"ListItem","position":2,"name":"Biblioteca-RMR: N\u00ba 21. Carruage de alquiler. Septiembre 2015."}]},{"@type":"WebSite","@id":"https:\/\/www.rmcr.org\/en\/#website","url":"https:\/\/www.rmcr.org\/en\/","name":"Real Maestranza de Caballer\u00eda de Ronda","description":"Real Maestranza de Caballer\u00eda de Ronda","publisher":{"@id":"https:\/\/www.rmcr.org\/en\/#organization"},"alternateName":"RMCR","potentialAction":[{"@type":"SearchAction","target":{"@type":"EntryPoint","urlTemplate":"https:\/\/www.rmcr.org\/en\/?s={search_term_string}"},"query-input":{"@type":"PropertyValueSpecification","valueRequired":true,"valueName":"search_term_string"}}],"inLanguage":"en-US"},{"@type":"Organization","@id":"https:\/\/www.rmcr.org\/en\/#organization","name":"Real Maestranza de Caballer\u00eda de Ronda","alternateName":"RMR","url":"https:\/\/www.rmcr.org\/en\/","logo":{"@type":"ImageObject","inLanguage":"en-US","@id":"https:\/\/www.rmcr.org\/en\/#\/schema\/logo\/image\/","url":"https:\/\/www.rmcr.org\/wp-content\/uploads\/2022\/07\/logo-rmr-blue.svg","contentUrl":"https:\/\/www.rmcr.org\/wp-content\/uploads\/2022\/07\/logo-rmr-blue.svg","width":131,"height":129,"caption":"Real Maestranza de Caballer\u00eda de Ronda"},"image":{"@id":"https:\/\/www.rmcr.org\/en\/#\/schema\/logo\/image\/"},"sameAs":["https:\/\/www.facebook.com\/plazadetorosronda","https:\/\/x.com\/PlazatorosRMR","https:\/\/www.instagram.com\/realmaestranzaderonda\/","https:\/\/www.youtube.com\/channel\/UCrbO5IUN-8v_QML739vM4zg\/videos"]},{"@type":"Person","@id":"https:\/\/www.rmcr.org\/en\/#\/schema\/person\/80849edee7ef556893505128619ea1d0","name":"BIBLIOTECA","image":{"@type":"ImageObject","inLanguage":"en-US","@id":"https:\/\/www.rmcr.org\/wp-content\/uploads\/2022\/11\/avatar-rmcr-96x96.png","url":"https:\/\/www.rmcr.org\/wp-content\/uploads\/2022\/11\/avatar-rmcr-96x96.png","contentUrl":"https:\/\/www.rmcr.org\/wp-content\/uploads\/2022\/11\/avatar-rmcr-96x96.png","caption":"BIBLIOTECA"},"url":"https:\/\/www.rmcr.org\/en\/author\/juan-antonio-moreno\/"}]}},"_links":{"self":[{"href":"https:\/\/www.rmcr.org\/en\/wp-json\/wp\/v2\/posts\/6144","targetHints":{"allow":["GET"]}}],"collection":[{"href":"https:\/\/www.rmcr.org\/en\/wp-json\/wp\/v2\/posts"}],"about":[{"href":"https:\/\/www.rmcr.org\/en\/wp-json\/wp\/v2\/types\/post"}],"author":[{"embeddable":true,"href":"https:\/\/www.rmcr.org\/en\/wp-json\/wp\/v2\/users\/2"}],"replies":[{"embeddable":true,"href":"https:\/\/www.rmcr.org\/en\/wp-json\/wp\/v2\/comments?post=6144"}],"version-history":[{"count":1,"href":"https:\/\/www.rmcr.org\/en\/wp-json\/wp\/v2\/posts\/6144\/revisions"}],"predecessor-version":[{"id":20261,"href":"https:\/\/www.rmcr.org\/en\/wp-json\/wp\/v2\/posts\/6144\/revisions\/20261"}],"wp:featuredmedia":[{"embeddable":true,"href":"https:\/\/www.rmcr.org\/en\/wp-json\/wp\/v2\/media\/831"}],"wp:attachment":[{"href":"https:\/\/www.rmcr.org\/en\/wp-json\/wp\/v2\/media?parent=6144"}],"wp:term":[{"taxonomy":"category","embeddable":true,"href":"https:\/\/www.rmcr.org\/en\/wp-json\/wp\/v2\/categories?post=6144"},{"taxonomy":"post_tag","embeddable":true,"href":"https:\/\/www.rmcr.org\/en\/wp-json\/wp\/v2\/tags?post=6144"}],"curies":[{"name":"wp","href":"https:\/\/api.w.org\/{rel}","templated":true}]}}