{"id":6139,"date":"2015-06-01T11:48:29","date_gmt":"2015-06-01T11:48:29","guid":{"rendered":"https:\/\/www.rmcr.org\/?p=6139"},"modified":"2025-04-03T15:10:06","modified_gmt":"2025-04-03T15:10:06","slug":"biblioteca-rmr-novedades-junio-2015","status":"publish","type":"post","link":"https:\/\/www.rmcr.org\/en\/2015\/06\/01\/biblioteca-rmr-novedades-junio-2015\/","title":{"rendered":"Biblioteca-RMR: N\u00ba 18. Novedades. Junio 2015."},"content":{"rendered":"<p style=\"text-align:center;\"><span ><strong>\u00b7 NOVEDADES \u00b7<\/strong><\/span><\/p>\n<p style=\"text-align:center;\"><span ><strong>\u00b7 BIBLIOTECA DE LA REAL MAESTRANZA DE CABALLER\u00cdA DE RONDA \u00b7<\/strong><\/span><\/p>\n<p style=\"text-align:center;\"><span ><strong>\u00b7 JUNIO 2015 \u00b7<\/strong><\/span><\/p>\n<p style=\"text-align:center;\"><span ><em><strong>\u00b7 FONDO GENEALOG\u00cdA Y HER\u00c1LDICA \u00b7<\/strong><\/em><\/span><\/p>\n<p style=\"text-align:center;\"><a href=\"https:\/\/www.rmcr.org\/2015\/05\/yeves-encuadernaciones.jpg\"><img fetchpriority=\"high\" decoding=\"async\" class=\"aligncenter size-full wp-image-758\" src=\"https:\/\/www.rmcr.org\/wp-content\/uploads\/2015\/05\/yeves-encuadernaciones.jpg\" alt=\"YEVES encuadernaciones\" width=\"348\" height=\"500\"><\/a><\/p>\n<p style=\"text-align:justify;\"><span ><strong>Yeves Andr\u00e9s, Juan Antonio<\/strong>. <em>Encuadernaciones her\u00e1ldicas de la Biblioteca L\u00e1zaro Galdiano<\/em>. &#8212; Madrid : Ollero y Ramos : Fundaci\u00f3n L\u00e1zaro Galdiano, 2008. &#8212; 462 p. : il. ; 24 cm. &#8212; D.L. M. 39676-2008. &#8212; ISBN 978-84-7895-248-9.<\/span><\/p>\n<p style=\"text-align:center;\"><a href=\"https:\/\/www.rmcr.org\/2015\/05\/ravina-arboles2.jpg\"><img decoding=\"async\" class=\"aligncenter size-full wp-image-768\" src=\"https:\/\/www.rmcr.org\/wp-content\/uploads\/2015\/05\/ravina-arboles2.jpg\" alt=\"RAVINA arboles\" width=\"344\" height=\"500\"><\/a><\/p>\n<p style=\"text-align:justify;\"><span ><strong>Ravina Mart\u00edn, Manuel (dir.)<em>. <\/em><\/strong><em>Los <\/em><em><span class=\"fcr\">\u00e1rboles geneal\u00f3gicos<\/span> : siglos XVII-XX : cat\u00e1logo de la exposici\u00f3n, noviembre 2012, Archivo Hist\u00f3rico Provincial de C\u00e1diz<\/em>. &#8212; Sevilla : Consejer\u00eda de Cultura y Deporte, 2012. &#8212;&nbsp;91 p. : il. ; 20 x 22 cm. &#8212;&nbsp;D.L.&nbsp;SE. 4460-2012. &#8212;&nbsp;ISBN&nbsp;978-84-9959-123-0.<\/span><\/p>\n<p style=\"text-align:center;\"><span ><em><strong>\u00b7 FONDO ELITES DE PODER \u00b7<\/strong><\/em><\/span><\/p>\n<p style=\"text-align:center;\"><a href=\"https:\/\/www.rmcr.org\/2015\/05\/garcia-simposio.jpg\"><img decoding=\"async\" class=\"aligncenter size-full wp-image-760\" src=\"https:\/\/www.rmcr.org\/wp-content\/uploads\/2015\/05\/garcia-simposio.jpg\" alt=\"GARCIA simposio\" width=\"347\" height=\"500\"><\/a><\/p>\n<p style=\"text-align:justify;\"><span ><strong><span class=\"fcr\">Garc\u00eda Luj\u00e1n, <\/span><\/strong><span class=\"fcr\"><strong>Jos\u00e9 Antonio (ed.)<\/strong>.<\/span><em><span class=\"fcr\"> Nobleza<\/span> y monarqu\u00eda : los linajes nobiliarios en el reino de Granada, siglos XV-XIX : el linaje Granada Venegas, marqueses de Campot\u00e9jar : actas del <span class=\"fcr\">simposio<\/span> celebrado en Hu\u00e9scar del 16 al 18 de septiembre de 2010<\/em>. &#8212; Hu\u00e9scar (Granada) : Asociaci\u00f3n Cultural Raigadas, 2010. &#8212;&nbsp;478 p. : il. ; 24 cm. &#8212;&nbsp;D.L.&nbsp;GR. 3431-2010. &#8212;&nbsp;ISBN&nbsp;978-84-614-2219-7.<\/span><\/p>\n<p style=\"text-align:center;\"><a href=\"https:\/\/www.rmcr.org\/2015\/05\/faya-nobleza.jpg\"><img loading=\"lazy\" decoding=\"async\" class=\"aligncenter size-full wp-image-761\" src=\"https:\/\/www.rmcr.org\/wp-content\/uploads\/2015\/05\/faya-nobleza.jpg\" alt=\"FAYA nobleza\" width=\"331\" height=\"500\"><\/a><\/p>\n<p style=\"text-align:justify;\"><span ><strong><span class=\"fcr\">Faya<\/span> D\u00edaz, Mar\u00eda \u00c1ngeles&nbsp;y&nbsp;Mart\u00ednez-Rad\u00edo, Evaristo&nbsp;(coords.)<\/strong>. <em>Nobleza y ej\u00e9rcito en la Asturias de la Edad Moderna<\/em>.&nbsp;&#8212; Oviedo : KRK , 2008. &#8212;&nbsp;287 p. ; 24 cm. &#8212;&nbsp;D.L.&nbsp;AS. 969-2008. &#8212;&nbsp;ISBN&nbsp;978-84-8367-097-2.<\/span><\/p>\n<p style=\"text-align:center;\"><span ><em><strong>\u00b7 FONDO TAUROMAQUIA \u00b7<\/strong><\/em><\/span><\/p>\n<p style=\"text-align:center;\"><a href=\"https:\/\/www.rmcr.org\/2015\/05\/ortega-expo.jpg\"><img loading=\"lazy\" decoding=\"async\" class=\"aligncenter size-full wp-image-762\" src=\"https:\/\/www.rmcr.org\/wp-content\/uploads\/2015\/05\/ortega-expo.jpg\" alt=\"ORTEGA expo\" width=\"350\" height=\"500\"><\/a><\/p>\n<p style=\"text-align:justify;\"><span ><strong>Abella, Carlos y Gonz\u00e1lez Alc\u00e1zar, Felipe (comisarios)<\/strong>.<em> Jos\u00e9 Ortega y <span class=\"fcr\">Gasset<\/span> y la tauromaquia : Sala Antonio Bienvenida, Plaza de toros de Las Ventas, del 8 al 31 de mayo de 2015<\/em>. &#8212; Madrid : Centro de Asuntos Taurinos, 2015. &#8212;&nbsp;46 p. : il. ; 22 x 20 cm. &#8212;&nbsp;D.L.&nbsp;M. 13649-2015.<\/span><\/p>\n<p style=\"text-align:center;\"><a href=\"https:\/\/www.rmcr.org\/2015\/05\/neira-toreros.jpg\"><img loading=\"lazy\" decoding=\"async\" class=\"aligncenter size-full wp-image-763\" src=\"https:\/\/www.rmcr.org\/wp-content\/uploads\/2015\/05\/neira-toreros.jpg\" alt=\"NEIRA toreros\" width=\"315\" height=\"500\"><\/a><\/p>\n<p style=\"text-align:justify;\"><span ><strong>S\u00e1nchez de Neira, Jos\u00e9<\/strong>. <em>Los toreros de anta\u00f1o y los de hoga\u00f1o<\/em> \/ introducci\u00f3n de Pedro Romero de Sol\u00eds. &#8212; Sevilla : Fundaci\u00f3n Real Maestranza de Caballer\u00eda, Fundaci\u00f3n de Estudios Taurinos : Universidad, 2014. &#8212;&nbsp;276 p. : il. ; 24 cm. &#8212; (Tauromaquias ; 18). &#8212;&nbsp;D.L.&nbsp;SE. 313-2015. &#8212;&nbsp;ISBN&nbsp;978-84-472-1267-5.<\/span><\/p>\n<p style=\"text-align:center;\"><span ><em><strong>\u00b7 FONDO EQUITACI\u00d3N \u00b7<\/strong><\/em><\/span><\/p>\n<p style=\"text-align:center;\"><a href=\"https:\/\/www.rmcr.org\/2015\/05\/dupuis-picasso.jpg\"><img loading=\"lazy\" decoding=\"async\" class=\"aligncenter size-full wp-image-764\" src=\"https:\/\/www.rmcr.org\/wp-content\/uploads\/2015\/05\/dupuis-picasso.jpg\" alt=\"DUPUIS picasso\" width=\"363\" height=\"500\"><\/a><\/p>\n<p style=\"text-align:justify;\"><span ><strong><span class=\"fcr\">Dupuis<\/span>-Labb\u00e9, Dominique<\/strong>. <em>Picasso et le cheval : 1881-1973<\/em>. &#8212; Lausanne ; Paris : Favre, 2003. &#8212;&nbsp;175 p. : il. ; 30 cm. &#8212; (Grande \u00e9curie de Versailles). &#8212;&nbsp;ISBN&nbsp;2-8289-0740-6.<\/span><\/p>\n<p style=\"text-align:justify;\"><a href=\"https:\/\/www.rmcr.org\/2015\/05\/ferrer-caballo.jpg\"><img loading=\"lazy\" decoding=\"async\" class=\"aligncenter size-full wp-image-765\" src=\"https:\/\/www.rmcr.org\/wp-content\/uploads\/2015\/05\/ferrer-caballo.jpg\" alt=\"FERRER caballo\" width=\"350\" height=\"500\"><\/a><\/p>\n<p style=\"text-align:justify;\"><span ><strong>Ferrer, Eliseo (ed.)<\/strong>. <em>Caballo espa\u00f1ol : todo sobre la raza PRE = All about the Purebred Spanish Horse<\/em>. &#8212; Madrid : Messidor Ediciones Ecuestres, 2014. &#8212;&nbsp;601 p. : il. ; 25 cm. &#8212; (Panorama del caballo de reyes = Horse of kings panorama ; 2). &#8212;&nbsp;D.L.&nbsp;M. 19733-2014. &#8212;&nbsp;ISBN&nbsp;978-84-617-0874-1.<\/span><\/p>\n<p style=\"text-align:center;\"><span ><em><strong>\u00b7 FONDO RONDA \u00b7<\/strong><\/em><\/span><\/p>\n<p style=\"text-align:center;\"><a href=\"https:\/\/www.rmcr.org\/2015\/05\/siles-partidas.jpg\"><img loading=\"lazy\" decoding=\"async\" class=\"aligncenter size-full wp-image-766\" src=\"https:\/\/www.rmcr.org\/wp-content\/uploads\/2015\/05\/siles-partidas.jpg\" alt=\"SILES partidas\" width=\"355\" height=\"500\"><\/a><\/p>\n<p style=\"text-align:justify;\"><span ><strong><span class=\"fcr\">Siles<\/span> Guerrero, Francisco<\/strong>. <em>Las <span class=\"fcr\">partidas<\/span> de guerrilla en la serran\u00eda de Ronda durante la guerra de la Independencia : mito y realidad hist\u00f3rica (1810-1814)<\/em>. &#8212; Ronda (M\u00e1laga) : Instituto de Estudios de Ronda y la Serran\u00eda : Ayuntamiento de J\u00fazcar, 2014. &#8212;&nbsp;238 p. : map. ; 24 cm. &#8212;&nbsp;D.L.&nbsp;MA. 830-2014. &#8212;&nbsp;ISBN&nbsp;978-84-616-9789-2.<\/span><\/p>\n<p style=\"text-align:justify;\"><a href=\"https:\/\/www.rmcr.org\/2015\/05\/lozano-guia.jpg\"><img loading=\"lazy\" decoding=\"async\" class=\"aligncenter size-full wp-image-767\" src=\"https:\/\/www.rmcr.org\/wp-content\/uploads\/2015\/05\/lozano-guia.jpg\" alt=\"LOZANO guia\" width=\"349\" height=\"500\"><\/a><\/p>\n<p style=\"text-align:justify;\"><span ><strong>Lozano, Ely<\/strong>. <em>Gu\u00eda de plantas medicinales del Valle del Genal<\/em>. &#8212; Ronda (M\u00e1laga) : <span class=\"fcr\">Ely<\/span> Lozano, 2012. &#8212;&nbsp;323 p. : il. ; 21 cm. &#8212;&nbsp;ISBN&nbsp;978-84-615-6428-6.<\/span><\/p>\n","protected":false},"excerpt":{"rendered":"<p>\u00b7 NOVEDADES \u00b7 \u00b7 BIBLIOTECA DE LA REAL MAESTRANZA DE CABALLER\u00cdA DE RONDA \u00b7 \u00b7 JUNIO 2015 \u00b7 \u00b7 FONDO GENEALOG\u00cdA Y HER\u00c1LDICA \u00b7 Yeves Andr\u00e9s, Juan Antonio. Encuadernaciones her\u00e1ldicas de la Biblioteca L\u00e1zaro Galdiano. &#8212; Madrid : Ollero y Ramos : Fundaci\u00f3n L\u00e1zaro Galdiano, 2008. &#8212; 462 p. : il. ; 24 cm. &#8212; [&hellip;]<\/p>\n","protected":false},"author":2,"featured_media":11587,"comment_status":"open","ping_status":"open","sticky":false,"template":"","format":"standard","meta":{"footnotes":""},"categories":[140,791],"tags":[237,105,252,176,179,96,188,184,137,114,189],"class_list":["post-6139","post","type-post","status-publish","format-standard","has-post-thumbnail","hentry","category-biblioteca","category-boletin-bibliografico-biblioteca-rmr","tag-bibliografias","tag-biblioteca-general","tag-biblioteca-rmr","tag-boletin-mensual-bibliografico","tag-elites-de-poder","tag-equitacion","tag-genealogia","tag-heraldica","tag-libros","tag-ronda","tag-tauromaquia"],"yoast_head":"<!-- This site is optimized with the Yoast SEO plugin v27.5 - https:\/\/yoast.com\/product\/yoast-seo-wordpress\/ -->\n<title>Biblioteca-RMR: N\u00ba 18. Novedades. Junio 2015. - Real Maestranza de Caballer\u00eda de Ronda<\/title>\n<meta name=\"robots\" content=\"index, follow, max-snippet:-1, max-image-preview:large, max-video-preview:-1\" \/>\n<link rel=\"canonical\" href=\"https:\/\/www.rmcr.org\/en\/2015\/06\/01\/biblioteca-rmr-novedades-junio-2015\/\" \/>\n<meta property=\"og:locale\" content=\"en_US\" \/>\n<meta property=\"og:type\" content=\"article\" \/>\n<meta property=\"og:title\" content=\"Biblioteca-RMR: N\u00ba 18. Novedades. Junio 2015. - Real Maestranza de Caballer\u00eda de Ronda\" \/>\n<meta property=\"og:description\" content=\"\u00b7 NOVEDADES \u00b7 \u00b7 BIBLIOTECA DE LA REAL MAESTRANZA DE CABALLER\u00cdA DE RONDA \u00b7 \u00b7 JUNIO 2015 \u00b7 \u00b7 FONDO GENEALOG\u00cdA Y HER\u00c1LDICA \u00b7 Yeves Andr\u00e9s, Juan Antonio. Encuadernaciones her\u00e1ldicas de la Biblioteca L\u00e1zaro Galdiano. &#8212; Madrid : Ollero y Ramos : Fundaci\u00f3n L\u00e1zaro Galdiano, 2008. &#8212; 462 p. : il. ; 24 cm. &#8212; [&hellip;]\" \/>\n<meta property=\"og:url\" content=\"https:\/\/www.rmcr.org\/en\/2015\/06\/01\/biblioteca-rmr-novedades-junio-2015\/\" \/>\n<meta property=\"og:site_name\" content=\"Real Maestranza de Caballer\u00eda de Ronda\" \/>\n<meta property=\"article:publisher\" content=\"https:\/\/www.facebook.com\/plazadetorosronda\" \/>\n<meta property=\"article:published_time\" content=\"2015-06-01T11:48:29+00:00\" \/>\n<meta property=\"article:modified_time\" content=\"2025-04-03T15:10:06+00:00\" \/>\n<meta property=\"og:image\" content=\"https:\/\/www.rmcr.org\/wp-content\/uploads\/2022\/10\/yev.jpg\" \/>\n\t<meta property=\"og:image:width\" content=\"482\" \/>\n\t<meta property=\"og:image:height\" content=\"142\" \/>\n\t<meta property=\"og:image:type\" content=\"image\/jpeg\" \/>\n<meta name=\"author\" content=\"BIBLIOTECA\" \/>\n<meta name=\"twitter:card\" content=\"summary_large_image\" \/>\n<meta name=\"twitter:creator\" content=\"@PlazatorosRMR\" \/>\n<meta name=\"twitter:site\" content=\"@PlazatorosRMR\" \/>\n<meta name=\"twitter:label1\" content=\"Written by\" \/>\n\t<meta name=\"twitter:data1\" content=\"BIBLIOTECA\" \/>\n\t<meta name=\"twitter:label2\" content=\"Est. reading time\" \/>\n\t<meta name=\"twitter:data2\" content=\"3 minutes\" \/>\n<script type=\"application\/ld+json\" class=\"yoast-schema-graph\">{\"@context\":\"https:\\\/\\\/schema.org\",\"@graph\":[{\"@type\":\"Article\",\"@id\":\"https:\\\/\\\/www.rmcr.org\\\/en\\\/2015\\\/06\\\/01\\\/biblioteca-rmr-novedades-junio-2015\\\/#article\",\"isPartOf\":{\"@id\":\"https:\\\/\\\/www.rmcr.org\\\/en\\\/2015\\\/06\\\/01\\\/biblioteca-rmr-novedades-junio-2015\\\/\"},\"author\":{\"name\":\"BIBLIOTECA\",\"@id\":\"https:\\\/\\\/www.rmcr.org\\\/en\\\/#\\\/schema\\\/person\\\/80849edee7ef556893505128619ea1d0\"},\"headline\":\"Biblioteca-RMR: N\u00ba 18. Novedades. Junio 2015.\",\"datePublished\":\"2015-06-01T11:48:29+00:00\",\"dateModified\":\"2025-04-03T15:10:06+00:00\",\"mainEntityOfPage\":{\"@id\":\"https:\\\/\\\/www.rmcr.org\\\/en\\\/2015\\\/06\\\/01\\\/biblioteca-rmr-novedades-junio-2015\\\/\"},\"wordCount\":525,\"commentCount\":0,\"publisher\":{\"@id\":\"https:\\\/\\\/www.rmcr.org\\\/en\\\/#organization\"},\"image\":{\"@id\":\"https:\\\/\\\/www.rmcr.org\\\/en\\\/2015\\\/06\\\/01\\\/biblioteca-rmr-novedades-junio-2015\\\/#primaryimage\"},\"thumbnailUrl\":\"https:\\\/\\\/www.rmcr.org\\\/wp-content\\\/uploads\\\/2022\\\/10\\\/yev.jpg\",\"keywords\":[\"Bibliograf\u00edas\",\"Biblioteca\",\"Biblioteca-RMR\",\"Bolet\u00edn mensual bibliogr\u00e1fico\",\"\u00c9lites de poder\",\"Equitaci\u00f3n\",\"Genealog\u00eda\",\"Her\u00e1ldica\",\"Libros\",\"Ronda\",\"Tauromaquia\"],\"articleSection\":[\"Biblioteca\",\"Bolet\u00edn bibliogr\u00e1fico Biblioteca-RMR\"],\"inLanguage\":\"en-US\",\"potentialAction\":[{\"@type\":\"CommentAction\",\"name\":\"Comment\",\"target\":[\"https:\\\/\\\/www.rmcr.org\\\/en\\\/2015\\\/06\\\/01\\\/biblioteca-rmr-novedades-junio-2015\\\/#respond\"]}]},{\"@type\":\"WebPage\",\"@id\":\"https:\\\/\\\/www.rmcr.org\\\/en\\\/2015\\\/06\\\/01\\\/biblioteca-rmr-novedades-junio-2015\\\/\",\"url\":\"https:\\\/\\\/www.rmcr.org\\\/en\\\/2015\\\/06\\\/01\\\/biblioteca-rmr-novedades-junio-2015\\\/\",\"name\":\"Biblioteca-RMR: N\u00ba 18. Novedades. Junio 2015. - Real Maestranza de Caballer\u00eda de Ronda\",\"isPartOf\":{\"@id\":\"https:\\\/\\\/www.rmcr.org\\\/en\\\/#website\"},\"primaryImageOfPage\":{\"@id\":\"https:\\\/\\\/www.rmcr.org\\\/en\\\/2015\\\/06\\\/01\\\/biblioteca-rmr-novedades-junio-2015\\\/#primaryimage\"},\"image\":{\"@id\":\"https:\\\/\\\/www.rmcr.org\\\/en\\\/2015\\\/06\\\/01\\\/biblioteca-rmr-novedades-junio-2015\\\/#primaryimage\"},\"thumbnailUrl\":\"https:\\\/\\\/www.rmcr.org\\\/wp-content\\\/uploads\\\/2022\\\/10\\\/yev.jpg\",\"datePublished\":\"2015-06-01T11:48:29+00:00\",\"dateModified\":\"2025-04-03T15:10:06+00:00\",\"breadcrumb\":{\"@id\":\"https:\\\/\\\/www.rmcr.org\\\/en\\\/2015\\\/06\\\/01\\\/biblioteca-rmr-novedades-junio-2015\\\/#breadcrumb\"},\"inLanguage\":\"en-US\",\"potentialAction\":[{\"@type\":\"ReadAction\",\"target\":[\"https:\\\/\\\/www.rmcr.org\\\/en\\\/2015\\\/06\\\/01\\\/biblioteca-rmr-novedades-junio-2015\\\/\"]}]},{\"@type\":\"ImageObject\",\"inLanguage\":\"en-US\",\"@id\":\"https:\\\/\\\/www.rmcr.org\\\/en\\\/2015\\\/06\\\/01\\\/biblioteca-rmr-novedades-junio-2015\\\/#primaryimage\",\"url\":\"https:\\\/\\\/www.rmcr.org\\\/wp-content\\\/uploads\\\/2022\\\/10\\\/yev.jpg\",\"contentUrl\":\"https:\\\/\\\/www.rmcr.org\\\/wp-content\\\/uploads\\\/2022\\\/10\\\/yev.jpg\",\"width\":482,\"height\":142},{\"@type\":\"BreadcrumbList\",\"@id\":\"https:\\\/\\\/www.rmcr.org\\\/en\\\/2015\\\/06\\\/01\\\/biblioteca-rmr-novedades-junio-2015\\\/#breadcrumb\",\"itemListElement\":[{\"@type\":\"ListItem\",\"position\":1,\"name\":\"REAL MAESTRANZA DE CABALLER\u00cdA DE RONDA\",\"item\":\"https:\\\/\\\/www.rmcr.org\\\/en\\\/\"},{\"@type\":\"ListItem\",\"position\":2,\"name\":\"Biblioteca-RMR: N\u00ba 18. Novedades. Junio 2015.\"}]},{\"@type\":\"WebSite\",\"@id\":\"https:\\\/\\\/www.rmcr.org\\\/en\\\/#website\",\"url\":\"https:\\\/\\\/www.rmcr.org\\\/en\\\/\",\"name\":\"Real Maestranza de Caballer\u00eda de Ronda\",\"description\":\"Real Maestranza de Caballer\u00eda de Ronda\",\"publisher\":{\"@id\":\"https:\\\/\\\/www.rmcr.org\\\/en\\\/#organization\"},\"alternateName\":\"RMCR\",\"potentialAction\":[{\"@type\":\"SearchAction\",\"target\":{\"@type\":\"EntryPoint\",\"urlTemplate\":\"https:\\\/\\\/www.rmcr.org\\\/en\\\/?s={search_term_string}\"},\"query-input\":{\"@type\":\"PropertyValueSpecification\",\"valueRequired\":true,\"valueName\":\"search_term_string\"}}],\"inLanguage\":\"en-US\"},{\"@type\":\"Organization\",\"@id\":\"https:\\\/\\\/www.rmcr.org\\\/en\\\/#organization\",\"name\":\"Real Maestranza de Caballer\u00eda de Ronda\",\"alternateName\":\"RMR\",\"url\":\"https:\\\/\\\/www.rmcr.org\\\/en\\\/\",\"logo\":{\"@type\":\"ImageObject\",\"inLanguage\":\"en-US\",\"@id\":\"https:\\\/\\\/www.rmcr.org\\\/en\\\/#\\\/schema\\\/logo\\\/image\\\/\",\"url\":\"https:\\\/\\\/www.rmcr.org\\\/wp-content\\\/uploads\\\/2022\\\/07\\\/logo-rmr-blue.svg\",\"contentUrl\":\"https:\\\/\\\/www.rmcr.org\\\/wp-content\\\/uploads\\\/2022\\\/07\\\/logo-rmr-blue.svg\",\"width\":131,\"height\":129,\"caption\":\"Real Maestranza de Caballer\u00eda de Ronda\"},\"image\":{\"@id\":\"https:\\\/\\\/www.rmcr.org\\\/en\\\/#\\\/schema\\\/logo\\\/image\\\/\"},\"sameAs\":[\"https:\\\/\\\/www.facebook.com\\\/plazadetorosronda\",\"https:\\\/\\\/x.com\\\/PlazatorosRMR\",\"https:\\\/\\\/www.instagram.com\\\/realmaestranzaderonda\\\/\",\"https:\\\/\\\/www.youtube.com\\\/channel\\\/UCrbO5IUN-8v_QML739vM4zg\\\/videos\"]},{\"@type\":\"Person\",\"@id\":\"https:\\\/\\\/www.rmcr.org\\\/en\\\/#\\\/schema\\\/person\\\/80849edee7ef556893505128619ea1d0\",\"name\":\"BIBLIOTECA\",\"image\":{\"@type\":\"ImageObject\",\"inLanguage\":\"en-US\",\"@id\":\"https:\\\/\\\/www.rmcr.org\\\/wp-content\\\/uploads\\\/2022\\\/11\\\/avatar-rmcr-96x96.png\",\"url\":\"https:\\\/\\\/www.rmcr.org\\\/wp-content\\\/uploads\\\/2022\\\/11\\\/avatar-rmcr-96x96.png\",\"contentUrl\":\"https:\\\/\\\/www.rmcr.org\\\/wp-content\\\/uploads\\\/2022\\\/11\\\/avatar-rmcr-96x96.png\",\"caption\":\"BIBLIOTECA\"},\"url\":\"https:\\\/\\\/www.rmcr.org\\\/en\\\/author\\\/juan-antonio-moreno\\\/\"}]}<\/script>\n<!-- \/ Yoast SEO plugin. -->","yoast_head_json":{"title":"Biblioteca-RMR: N\u00ba 18. Novedades. Junio 2015. - Real Maestranza de Caballer\u00eda de Ronda","robots":{"index":"index","follow":"follow","max-snippet":"max-snippet:-1","max-image-preview":"max-image-preview:large","max-video-preview":"max-video-preview:-1"},"canonical":"https:\/\/www.rmcr.org\/en\/2015\/06\/01\/biblioteca-rmr-novedades-junio-2015\/","og_locale":"en_US","og_type":"article","og_title":"Biblioteca-RMR: N\u00ba 18. Novedades. Junio 2015. - Real Maestranza de Caballer\u00eda de Ronda","og_description":"\u00b7 NOVEDADES \u00b7 \u00b7 BIBLIOTECA DE LA REAL MAESTRANZA DE CABALLER\u00cdA DE RONDA \u00b7 \u00b7 JUNIO 2015 \u00b7 \u00b7 FONDO GENEALOG\u00cdA Y HER\u00c1LDICA \u00b7 Yeves Andr\u00e9s, Juan Antonio. Encuadernaciones her\u00e1ldicas de la Biblioteca L\u00e1zaro Galdiano. &#8212; Madrid : Ollero y Ramos : Fundaci\u00f3n L\u00e1zaro Galdiano, 2008. &#8212; 462 p. : il. ; 24 cm. &#8212; [&hellip;]","og_url":"https:\/\/www.rmcr.org\/en\/2015\/06\/01\/biblioteca-rmr-novedades-junio-2015\/","og_site_name":"Real Maestranza de Caballer\u00eda de Ronda","article_publisher":"https:\/\/www.facebook.com\/plazadetorosronda","article_published_time":"2015-06-01T11:48:29+00:00","article_modified_time":"2025-04-03T15:10:06+00:00","og_image":[{"width":482,"height":142,"url":"https:\/\/www.rmcr.org\/wp-content\/uploads\/2022\/10\/yev.jpg","type":"image\/jpeg"}],"author":"BIBLIOTECA","twitter_card":"summary_large_image","twitter_creator":"@PlazatorosRMR","twitter_site":"@PlazatorosRMR","twitter_misc":{"Written by":"BIBLIOTECA","Est. reading time":"3 minutes"},"schema":{"@context":"https:\/\/schema.org","@graph":[{"@type":"Article","@id":"https:\/\/www.rmcr.org\/en\/2015\/06\/01\/biblioteca-rmr-novedades-junio-2015\/#article","isPartOf":{"@id":"https:\/\/www.rmcr.org\/en\/2015\/06\/01\/biblioteca-rmr-novedades-junio-2015\/"},"author":{"name":"BIBLIOTECA","@id":"https:\/\/www.rmcr.org\/en\/#\/schema\/person\/80849edee7ef556893505128619ea1d0"},"headline":"Biblioteca-RMR: N\u00ba 18. Novedades. Junio 2015.","datePublished":"2015-06-01T11:48:29+00:00","dateModified":"2025-04-03T15:10:06+00:00","mainEntityOfPage":{"@id":"https:\/\/www.rmcr.org\/en\/2015\/06\/01\/biblioteca-rmr-novedades-junio-2015\/"},"wordCount":525,"commentCount":0,"publisher":{"@id":"https:\/\/www.rmcr.org\/en\/#organization"},"image":{"@id":"https:\/\/www.rmcr.org\/en\/2015\/06\/01\/biblioteca-rmr-novedades-junio-2015\/#primaryimage"},"thumbnailUrl":"https:\/\/www.rmcr.org\/wp-content\/uploads\/2022\/10\/yev.jpg","keywords":["Bibliograf\u00edas","Biblioteca","Biblioteca-RMR","Bolet\u00edn mensual bibliogr\u00e1fico","\u00c9lites de poder","Equitaci\u00f3n","Genealog\u00eda","Her\u00e1ldica","Libros","Ronda","Tauromaquia"],"articleSection":["Biblioteca","Bolet\u00edn bibliogr\u00e1fico Biblioteca-RMR"],"inLanguage":"en-US","potentialAction":[{"@type":"CommentAction","name":"Comment","target":["https:\/\/www.rmcr.org\/en\/2015\/06\/01\/biblioteca-rmr-novedades-junio-2015\/#respond"]}]},{"@type":"WebPage","@id":"https:\/\/www.rmcr.org\/en\/2015\/06\/01\/biblioteca-rmr-novedades-junio-2015\/","url":"https:\/\/www.rmcr.org\/en\/2015\/06\/01\/biblioteca-rmr-novedades-junio-2015\/","name":"Biblioteca-RMR: N\u00ba 18. Novedades. Junio 2015. - Real Maestranza de Caballer\u00eda de Ronda","isPartOf":{"@id":"https:\/\/www.rmcr.org\/en\/#website"},"primaryImageOfPage":{"@id":"https:\/\/www.rmcr.org\/en\/2015\/06\/01\/biblioteca-rmr-novedades-junio-2015\/#primaryimage"},"image":{"@id":"https:\/\/www.rmcr.org\/en\/2015\/06\/01\/biblioteca-rmr-novedades-junio-2015\/#primaryimage"},"thumbnailUrl":"https:\/\/www.rmcr.org\/wp-content\/uploads\/2022\/10\/yev.jpg","datePublished":"2015-06-01T11:48:29+00:00","dateModified":"2025-04-03T15:10:06+00:00","breadcrumb":{"@id":"https:\/\/www.rmcr.org\/en\/2015\/06\/01\/biblioteca-rmr-novedades-junio-2015\/#breadcrumb"},"inLanguage":"en-US","potentialAction":[{"@type":"ReadAction","target":["https:\/\/www.rmcr.org\/en\/2015\/06\/01\/biblioteca-rmr-novedades-junio-2015\/"]}]},{"@type":"ImageObject","inLanguage":"en-US","@id":"https:\/\/www.rmcr.org\/en\/2015\/06\/01\/biblioteca-rmr-novedades-junio-2015\/#primaryimage","url":"https:\/\/www.rmcr.org\/wp-content\/uploads\/2022\/10\/yev.jpg","contentUrl":"https:\/\/www.rmcr.org\/wp-content\/uploads\/2022\/10\/yev.jpg","width":482,"height":142},{"@type":"BreadcrumbList","@id":"https:\/\/www.rmcr.org\/en\/2015\/06\/01\/biblioteca-rmr-novedades-junio-2015\/#breadcrumb","itemListElement":[{"@type":"ListItem","position":1,"name":"REAL MAESTRANZA DE CABALLER\u00cdA DE RONDA","item":"https:\/\/www.rmcr.org\/en\/"},{"@type":"ListItem","position":2,"name":"Biblioteca-RMR: N\u00ba 18. Novedades. Junio 2015."}]},{"@type":"WebSite","@id":"https:\/\/www.rmcr.org\/en\/#website","url":"https:\/\/www.rmcr.org\/en\/","name":"Real Maestranza de Caballer\u00eda de Ronda","description":"Real Maestranza de Caballer\u00eda de Ronda","publisher":{"@id":"https:\/\/www.rmcr.org\/en\/#organization"},"alternateName":"RMCR","potentialAction":[{"@type":"SearchAction","target":{"@type":"EntryPoint","urlTemplate":"https:\/\/www.rmcr.org\/en\/?s={search_term_string}"},"query-input":{"@type":"PropertyValueSpecification","valueRequired":true,"valueName":"search_term_string"}}],"inLanguage":"en-US"},{"@type":"Organization","@id":"https:\/\/www.rmcr.org\/en\/#organization","name":"Real Maestranza de Caballer\u00eda de Ronda","alternateName":"RMR","url":"https:\/\/www.rmcr.org\/en\/","logo":{"@type":"ImageObject","inLanguage":"en-US","@id":"https:\/\/www.rmcr.org\/en\/#\/schema\/logo\/image\/","url":"https:\/\/www.rmcr.org\/wp-content\/uploads\/2022\/07\/logo-rmr-blue.svg","contentUrl":"https:\/\/www.rmcr.org\/wp-content\/uploads\/2022\/07\/logo-rmr-blue.svg","width":131,"height":129,"caption":"Real Maestranza de Caballer\u00eda de Ronda"},"image":{"@id":"https:\/\/www.rmcr.org\/en\/#\/schema\/logo\/image\/"},"sameAs":["https:\/\/www.facebook.com\/plazadetorosronda","https:\/\/x.com\/PlazatorosRMR","https:\/\/www.instagram.com\/realmaestranzaderonda\/","https:\/\/www.youtube.com\/channel\/UCrbO5IUN-8v_QML739vM4zg\/videos"]},{"@type":"Person","@id":"https:\/\/www.rmcr.org\/en\/#\/schema\/person\/80849edee7ef556893505128619ea1d0","name":"BIBLIOTECA","image":{"@type":"ImageObject","inLanguage":"en-US","@id":"https:\/\/www.rmcr.org\/wp-content\/uploads\/2022\/11\/avatar-rmcr-96x96.png","url":"https:\/\/www.rmcr.org\/wp-content\/uploads\/2022\/11\/avatar-rmcr-96x96.png","contentUrl":"https:\/\/www.rmcr.org\/wp-content\/uploads\/2022\/11\/avatar-rmcr-96x96.png","caption":"BIBLIOTECA"},"url":"https:\/\/www.rmcr.org\/en\/author\/juan-antonio-moreno\/"}]}},"_links":{"self":[{"href":"https:\/\/www.rmcr.org\/en\/wp-json\/wp\/v2\/posts\/6139","targetHints":{"allow":["GET"]}}],"collection":[{"href":"https:\/\/www.rmcr.org\/en\/wp-json\/wp\/v2\/posts"}],"about":[{"href":"https:\/\/www.rmcr.org\/en\/wp-json\/wp\/v2\/types\/post"}],"author":[{"embeddable":true,"href":"https:\/\/www.rmcr.org\/en\/wp-json\/wp\/v2\/users\/2"}],"replies":[{"embeddable":true,"href":"https:\/\/www.rmcr.org\/en\/wp-json\/wp\/v2\/comments?post=6139"}],"version-history":[{"count":2,"href":"https:\/\/www.rmcr.org\/en\/wp-json\/wp\/v2\/posts\/6139\/revisions"}],"predecessor-version":[{"id":18310,"href":"https:\/\/www.rmcr.org\/en\/wp-json\/wp\/v2\/posts\/6139\/revisions\/18310"}],"wp:featuredmedia":[{"embeddable":true,"href":"https:\/\/www.rmcr.org\/en\/wp-json\/wp\/v2\/media\/11587"}],"wp:attachment":[{"href":"https:\/\/www.rmcr.org\/en\/wp-json\/wp\/v2\/media?parent=6139"}],"wp:term":[{"taxonomy":"category","embeddable":true,"href":"https:\/\/www.rmcr.org\/en\/wp-json\/wp\/v2\/categories?post=6139"},{"taxonomy":"post_tag","embeddable":true,"href":"https:\/\/www.rmcr.org\/en\/wp-json\/wp\/v2\/tags?post=6139"}],"curies":[{"name":"wp","href":"https:\/\/api.w.org\/{rel}","templated":true}]}}