{"id":6136,"date":"2015-04-22T17:41:18","date_gmt":"2015-04-22T17:41:18","guid":{"rendered":"https:\/\/www.rmcr.org\/?p=6136"},"modified":"2025-04-02T16:54:03","modified_gmt":"2025-04-02T16:54:03","slug":"la-biblioteca-de-la-real-maestranza-de-caballeria-de-ronda-organiza-una-exposicion-conmemorativa-del-dia-del-libro","status":"publish","type":"post","link":"https:\/\/www.rmcr.org\/en\/2015\/04\/22\/la-biblioteca-de-la-real-maestranza-de-caballeria-de-ronda-organiza-una-exposicion-conmemorativa-del-dia-del-libro\/","title":{"rendered":"La Biblioteca de la Real Maestranza de Caballer\u00eda de Ronda organiza una exposici\u00f3n conmemorativa del D\u00eda del Libro"},"content":{"rendered":"<p style=\"text-align:justify;\"><strong>La muestra titulada \u00abLa Imprenta en Ronda (1833-1954)\u00bb exhibir\u00e1 una selecci\u00f3n de impresos producidos en los principales talleres tipogr\u00e1ficos locales de los siglos XIX y XX.<\/strong><\/p>\n<p style=\"text-align:center;\"><a href=\"https:\/\/www.rmcr.org\/2015\/04\/jjmoreti.jpg\"><img fetchpriority=\"high\" decoding=\"async\" class=\"aligncenter size-full wp-image-713\" src=\"https:\/\/www.rmcr.org\/wp-content\/uploads\/2015\/04\/jjmoreti.jpg\" alt=\"jjmoreti\" width=\"348\" height=\"500\"><\/a><em>El impresor, editor y erudito ronde\u00f1o Juan Jos\u00e9 Moreti (1815-1890)<\/em><\/p>\n<p style=\"text-align:justify;\">El D\u00eda Internacional del Libro est\u00e1 promulgado por la UNESCO desde 1995 con el objetivo de fomentar la lectura, la industria editorial y la protecci\u00f3n de la propiedad intelectual por medio del derecho de autor.<\/p>\n<p style=\"text-align:justify;\">La Biblioteca de la Real Maestranza de Caballer\u00eda de Ronda se suma, por tercer a\u00f1o consecutivo, a las celebraciones mundiales con motivo de este d\u00eda con la organizaci\u00f3n de una exposici\u00f3n dedicada a la historia de la imprenta ronde\u00f1a.<\/p>\n<p style=\"text-align:center;\"><a href=\"https:\/\/www.rmcr.org\/2015\/04\/imprenta.jpg\"><img decoding=\"async\" class=\"aligncenter size-full wp-image-714\" src=\"https:\/\/www.rmcr.org\/wp-content\/uploads\/2015\/04\/imprenta.jpg\" alt=\"imprenta\" width=\"470\" height=\"301\"><\/a><em>Grabado de la \u00abEncyclop\u00e9die\u00bb en el que se representa un taller de imprenta<\/em><\/p>\n<p style=\"text-align:justify;\">Despu\u00e9s de la capital malague\u00f1a, Ronda y Antequera fueron los dos focos impresores de mayor relevancia en la provincia de M\u00e1laga durante el siglo XIX y la primera mitad de la pasada centuria.<\/p>\n<p style=\"text-align:justify;\">En el caso de la ciudad del Tajo, de las prensas de los numerosos establecimientos tipogr\u00e1ficos surgieron impresos de muy variadas tipolog\u00edas. As\u00ed, se pueden citar las imprentas de Moreti, El Liberal Ronde\u00f1o, Guti\u00e9rrez, El Eco de la Serran\u00eda, Abela, El F\u00e9nix, Dur\u00e1n, X-46, La Regional, entre otras.<\/p>\n<p style=\"text-align:justify;\">En la presente exhibici\u00f3n podr\u00e1n contemplarse monograf\u00edas sobre la historia local, peri\u00f3dicos literarios y de noticias, reglamentos municipales y de diferentes instituciones privadas, escritos de car\u00e1cter educativo, pol\u00edtico y religioso, etc. Tambi\u00e9n se mostrar\u00e1n carteles de espect\u00e1culos taurinos, que ir\u00e1n acompa\u00f1ados de las planchas tipogr\u00e1ficas originales del siglo XIX que se usaron para su confecci\u00f3n y que continuaron utiliz\u00e1ndose hasta mediados del siglo XX.<\/p>\n<p style=\"text-align:justify;\">La exposici\u00f3n, de<strong> entrada libre<\/strong>, estar\u00e1 abierta \u00fanicamente el <strong>mi\u00e9rcoles 29 de abril<\/strong>, en el Sal\u00f3n Biblioteca (acceso por c\/ Virgen de la Paz 15, frente a la Oficina de Correos), en horario<strong> de 12:00 a 14:00 y de 17:00 a 19:00 horas<\/strong>.<\/p>\n<p style=\"text-align:justify;\">[Nota: Agradecemos la colaboraci\u00f3n prestada por Pauline Lepezel en los trabajos preparatorios de esta exposici\u00f3n]<\/p>\n","protected":false},"excerpt":{"rendered":"<p>La muestra titulada \u00abLa Imprenta en Ronda (1833-1954)\u00bb exhibir\u00e1 una selecci\u00f3n de impresos producidos en los principales talleres tipogr\u00e1ficos locales de los siglos XIX y XX. El impresor, editor y erudito ronde\u00f1o Juan Jos\u00e9 Moreti (1815-1890) El D\u00eda Internacional del Libro est\u00e1 promulgado por la UNESCO desde 1995 con el objetivo de fomentar la lectura, [&hellip;]<\/p>\n","protected":false},"author":2,"featured_media":11937,"comment_status":"open","ping_status":"open","sticky":false,"template":"","format":"standard","meta":{"footnotes":""},"categories":[140,790,142],"tags":[237,105,230,141,190,199,137,191,114],"class_list":["post-6136","post","type-post","status-publish","format-standard","has-post-thumbnail","hentry","category-biblioteca","category-dia-internacional-del-libro","category-exposiciones","tag-bibliografias","tag-biblioteca-general","tag-carteleria","tag-dia-internacional-del-libro","tag-hemeroteca","tag-imprenta","tag-libros","tag-publicaciones-periodicas","tag-ronda"],"yoast_head":"<!-- This site is optimized with the Yoast SEO plugin v27.5 - https:\/\/yoast.com\/product\/yoast-seo-wordpress\/ -->\n<title>La Biblioteca de la Real Maestranza de Caballer\u00eda de Ronda organiza una exposici\u00f3n conmemorativa del D\u00eda del Libro - Real Maestranza de Caballer\u00eda de Ronda<\/title>\n<meta name=\"robots\" content=\"index, follow, max-snippet:-1, max-image-preview:large, max-video-preview:-1\" \/>\n<link rel=\"canonical\" href=\"https:\/\/www.rmcr.org\/en\/2015\/04\/22\/la-biblioteca-de-la-real-maestranza-de-caballeria-de-ronda-organiza-una-exposicion-conmemorativa-del-dia-del-libro\/\" \/>\n<meta property=\"og:locale\" content=\"en_US\" \/>\n<meta property=\"og:type\" content=\"article\" \/>\n<meta property=\"og:title\" content=\"La Biblioteca de la Real Maestranza de Caballer\u00eda de Ronda organiza una exposici\u00f3n conmemorativa del D\u00eda del Libro - Real Maestranza de Caballer\u00eda de Ronda\" \/>\n<meta property=\"og:description\" content=\"La muestra titulada \u00abLa Imprenta en Ronda (1833-1954)\u00bb exhibir\u00e1 una selecci\u00f3n de impresos producidos en los principales talleres tipogr\u00e1ficos locales de los siglos XIX y XX. El impresor, editor y erudito ronde\u00f1o Juan Jos\u00e9 Moreti (1815-1890) El D\u00eda Internacional del Libro est\u00e1 promulgado por la UNESCO desde 1995 con el objetivo de fomentar la lectura, [&hellip;]\" \/>\n<meta property=\"og:url\" content=\"https:\/\/www.rmcr.org\/en\/2015\/04\/22\/la-biblioteca-de-la-real-maestranza-de-caballeria-de-ronda-organiza-una-exposicion-conmemorativa-del-dia-del-libro\/\" \/>\n<meta property=\"og:site_name\" content=\"Real Maestranza de Caballer\u00eda de Ronda\" \/>\n<meta property=\"article:publisher\" content=\"https:\/\/www.facebook.com\/plazadetorosronda\" \/>\n<meta property=\"article:published_time\" content=\"2015-04-22T17:41:18+00:00\" \/>\n<meta property=\"article:modified_time\" content=\"2025-04-02T16:54:03+00:00\" \/>\n<meta property=\"og:image\" content=\"https:\/\/www.rmcr.org\/wp-content\/uploads\/2022\/10\/imp.jpg\" \/>\n\t<meta property=\"og:image:width\" content=\"482\" \/>\n\t<meta property=\"og:image:height\" content=\"144\" \/>\n\t<meta property=\"og:image:type\" content=\"image\/jpeg\" \/>\n<meta name=\"author\" content=\"BIBLIOTECA\" \/>\n<meta name=\"twitter:card\" content=\"summary_large_image\" \/>\n<meta name=\"twitter:creator\" content=\"@PlazatorosRMR\" \/>\n<meta name=\"twitter:site\" content=\"@PlazatorosRMR\" \/>\n<meta name=\"twitter:label1\" content=\"Written by\" \/>\n\t<meta name=\"twitter:data1\" content=\"BIBLIOTECA\" \/>\n\t<meta name=\"twitter:label2\" content=\"Est. reading time\" \/>\n\t<meta name=\"twitter:data2\" content=\"3 minutes\" \/>\n<script type=\"application\/ld+json\" class=\"yoast-schema-graph\">{\"@context\":\"https:\\\/\\\/schema.org\",\"@graph\":[{\"@type\":\"Article\",\"@id\":\"https:\\\/\\\/www.rmcr.org\\\/en\\\/2015\\\/04\\\/22\\\/la-biblioteca-de-la-real-maestranza-de-caballeria-de-ronda-organiza-una-exposicion-conmemorativa-del-dia-del-libro\\\/#article\",\"isPartOf\":{\"@id\":\"https:\\\/\\\/www.rmcr.org\\\/en\\\/2015\\\/04\\\/22\\\/la-biblioteca-de-la-real-maestranza-de-caballeria-de-ronda-organiza-una-exposicion-conmemorativa-del-dia-del-libro\\\/\"},\"author\":{\"name\":\"BIBLIOTECA\",\"@id\":\"https:\\\/\\\/www.rmcr.org\\\/en\\\/#\\\/schema\\\/person\\\/80849edee7ef556893505128619ea1d0\"},\"headline\":\"La Biblioteca de la Real Maestranza de Caballer\u00eda de Ronda organiza una exposici\u00f3n conmemorativa del D\u00eda del Libro\",\"datePublished\":\"2015-04-22T17:41:18+00:00\",\"dateModified\":\"2025-04-02T16:54:03+00:00\",\"mainEntityOfPage\":{\"@id\":\"https:\\\/\\\/www.rmcr.org\\\/en\\\/2015\\\/04\\\/22\\\/la-biblioteca-de-la-real-maestranza-de-caballeria-de-ronda-organiza-una-exposicion-conmemorativa-del-dia-del-libro\\\/\"},\"wordCount\":381,\"commentCount\":1,\"publisher\":{\"@id\":\"https:\\\/\\\/www.rmcr.org\\\/en\\\/#organization\"},\"image\":{\"@id\":\"https:\\\/\\\/www.rmcr.org\\\/en\\\/2015\\\/04\\\/22\\\/la-biblioteca-de-la-real-maestranza-de-caballeria-de-ronda-organiza-una-exposicion-conmemorativa-del-dia-del-libro\\\/#primaryimage\"},\"thumbnailUrl\":\"https:\\\/\\\/www.rmcr.org\\\/wp-content\\\/uploads\\\/2022\\\/10\\\/imp.jpg\",\"keywords\":[\"Bibliograf\u00edas\",\"Biblioteca\",\"Carteler\u00eda\",\"D\u00eda Internacional del Libro\",\"Hemeroteca\",\"Imprenta\",\"Libros\",\"Publicaciones peri\u00f3dicas\",\"Ronda\"],\"articleSection\":[\"Biblioteca\",\"D\u00eda Internacional del Libro\",\"Exposiciones\"],\"inLanguage\":\"en-US\",\"potentialAction\":[{\"@type\":\"CommentAction\",\"name\":\"Comment\",\"target\":[\"https:\\\/\\\/www.rmcr.org\\\/en\\\/2015\\\/04\\\/22\\\/la-biblioteca-de-la-real-maestranza-de-caballeria-de-ronda-organiza-una-exposicion-conmemorativa-del-dia-del-libro\\\/#respond\"]}]},{\"@type\":\"WebPage\",\"@id\":\"https:\\\/\\\/www.rmcr.org\\\/en\\\/2015\\\/04\\\/22\\\/la-biblioteca-de-la-real-maestranza-de-caballeria-de-ronda-organiza-una-exposicion-conmemorativa-del-dia-del-libro\\\/\",\"url\":\"https:\\\/\\\/www.rmcr.org\\\/en\\\/2015\\\/04\\\/22\\\/la-biblioteca-de-la-real-maestranza-de-caballeria-de-ronda-organiza-una-exposicion-conmemorativa-del-dia-del-libro\\\/\",\"name\":\"La Biblioteca de la Real Maestranza de Caballer\u00eda de Ronda organiza una exposici\u00f3n conmemorativa del D\u00eda del Libro - Real Maestranza de Caballer\u00eda de Ronda\",\"isPartOf\":{\"@id\":\"https:\\\/\\\/www.rmcr.org\\\/en\\\/#website\"},\"primaryImageOfPage\":{\"@id\":\"https:\\\/\\\/www.rmcr.org\\\/en\\\/2015\\\/04\\\/22\\\/la-biblioteca-de-la-real-maestranza-de-caballeria-de-ronda-organiza-una-exposicion-conmemorativa-del-dia-del-libro\\\/#primaryimage\"},\"image\":{\"@id\":\"https:\\\/\\\/www.rmcr.org\\\/en\\\/2015\\\/04\\\/22\\\/la-biblioteca-de-la-real-maestranza-de-caballeria-de-ronda-organiza-una-exposicion-conmemorativa-del-dia-del-libro\\\/#primaryimage\"},\"thumbnailUrl\":\"https:\\\/\\\/www.rmcr.org\\\/wp-content\\\/uploads\\\/2022\\\/10\\\/imp.jpg\",\"datePublished\":\"2015-04-22T17:41:18+00:00\",\"dateModified\":\"2025-04-02T16:54:03+00:00\",\"breadcrumb\":{\"@id\":\"https:\\\/\\\/www.rmcr.org\\\/en\\\/2015\\\/04\\\/22\\\/la-biblioteca-de-la-real-maestranza-de-caballeria-de-ronda-organiza-una-exposicion-conmemorativa-del-dia-del-libro\\\/#breadcrumb\"},\"inLanguage\":\"en-US\",\"potentialAction\":[{\"@type\":\"ReadAction\",\"target\":[\"https:\\\/\\\/www.rmcr.org\\\/en\\\/2015\\\/04\\\/22\\\/la-biblioteca-de-la-real-maestranza-de-caballeria-de-ronda-organiza-una-exposicion-conmemorativa-del-dia-del-libro\\\/\"]}]},{\"@type\":\"ImageObject\",\"inLanguage\":\"en-US\",\"@id\":\"https:\\\/\\\/www.rmcr.org\\\/en\\\/2015\\\/04\\\/22\\\/la-biblioteca-de-la-real-maestranza-de-caballeria-de-ronda-organiza-una-exposicion-conmemorativa-del-dia-del-libro\\\/#primaryimage\",\"url\":\"https:\\\/\\\/www.rmcr.org\\\/wp-content\\\/uploads\\\/2022\\\/10\\\/imp.jpg\",\"contentUrl\":\"https:\\\/\\\/www.rmcr.org\\\/wp-content\\\/uploads\\\/2022\\\/10\\\/imp.jpg\",\"width\":482,\"height\":144},{\"@type\":\"BreadcrumbList\",\"@id\":\"https:\\\/\\\/www.rmcr.org\\\/en\\\/2015\\\/04\\\/22\\\/la-biblioteca-de-la-real-maestranza-de-caballeria-de-ronda-organiza-una-exposicion-conmemorativa-del-dia-del-libro\\\/#breadcrumb\",\"itemListElement\":[{\"@type\":\"ListItem\",\"position\":1,\"name\":\"REAL MAESTRANZA DE CABALLER\u00cdA DE RONDA\",\"item\":\"https:\\\/\\\/www.rmcr.org\\\/en\\\/\"},{\"@type\":\"ListItem\",\"position\":2,\"name\":\"La Biblioteca de la Real Maestranza de Caballer\u00eda de Ronda organiza una exposici\u00f3n conmemorativa del D\u00eda del Libro\"}]},{\"@type\":\"WebSite\",\"@id\":\"https:\\\/\\\/www.rmcr.org\\\/en\\\/#website\",\"url\":\"https:\\\/\\\/www.rmcr.org\\\/en\\\/\",\"name\":\"Real Maestranza de Caballer\u00eda de Ronda\",\"description\":\"Real Maestranza de Caballer\u00eda de Ronda\",\"publisher\":{\"@id\":\"https:\\\/\\\/www.rmcr.org\\\/en\\\/#organization\"},\"alternateName\":\"RMCR\",\"potentialAction\":[{\"@type\":\"SearchAction\",\"target\":{\"@type\":\"EntryPoint\",\"urlTemplate\":\"https:\\\/\\\/www.rmcr.org\\\/en\\\/?s={search_term_string}\"},\"query-input\":{\"@type\":\"PropertyValueSpecification\",\"valueRequired\":true,\"valueName\":\"search_term_string\"}}],\"inLanguage\":\"en-US\"},{\"@type\":\"Organization\",\"@id\":\"https:\\\/\\\/www.rmcr.org\\\/en\\\/#organization\",\"name\":\"Real Maestranza de Caballer\u00eda de Ronda\",\"alternateName\":\"RMR\",\"url\":\"https:\\\/\\\/www.rmcr.org\\\/en\\\/\",\"logo\":{\"@type\":\"ImageObject\",\"inLanguage\":\"en-US\",\"@id\":\"https:\\\/\\\/www.rmcr.org\\\/en\\\/#\\\/schema\\\/logo\\\/image\\\/\",\"url\":\"https:\\\/\\\/www.rmcr.org\\\/wp-content\\\/uploads\\\/2022\\\/07\\\/logo-rmr-blue.svg\",\"contentUrl\":\"https:\\\/\\\/www.rmcr.org\\\/wp-content\\\/uploads\\\/2022\\\/07\\\/logo-rmr-blue.svg\",\"width\":131,\"height\":129,\"caption\":\"Real Maestranza de Caballer\u00eda de Ronda\"},\"image\":{\"@id\":\"https:\\\/\\\/www.rmcr.org\\\/en\\\/#\\\/schema\\\/logo\\\/image\\\/\"},\"sameAs\":[\"https:\\\/\\\/www.facebook.com\\\/plazadetorosronda\",\"https:\\\/\\\/x.com\\\/PlazatorosRMR\",\"https:\\\/\\\/www.instagram.com\\\/realmaestranzaderonda\\\/\",\"https:\\\/\\\/www.youtube.com\\\/channel\\\/UCrbO5IUN-8v_QML739vM4zg\\\/videos\"]},{\"@type\":\"Person\",\"@id\":\"https:\\\/\\\/www.rmcr.org\\\/en\\\/#\\\/schema\\\/person\\\/80849edee7ef556893505128619ea1d0\",\"name\":\"BIBLIOTECA\",\"image\":{\"@type\":\"ImageObject\",\"inLanguage\":\"en-US\",\"@id\":\"https:\\\/\\\/www.rmcr.org\\\/wp-content\\\/uploads\\\/2022\\\/11\\\/avatar-rmcr-96x96.png\",\"url\":\"https:\\\/\\\/www.rmcr.org\\\/wp-content\\\/uploads\\\/2022\\\/11\\\/avatar-rmcr-96x96.png\",\"contentUrl\":\"https:\\\/\\\/www.rmcr.org\\\/wp-content\\\/uploads\\\/2022\\\/11\\\/avatar-rmcr-96x96.png\",\"caption\":\"BIBLIOTECA\"},\"url\":\"https:\\\/\\\/www.rmcr.org\\\/en\\\/author\\\/juan-antonio-moreno\\\/\"}]}<\/script>\n<!-- \/ Yoast SEO plugin. -->","yoast_head_json":{"title":"La Biblioteca de la Real Maestranza de Caballer\u00eda de Ronda organiza una exposici\u00f3n conmemorativa del D\u00eda del Libro - Real Maestranza de Caballer\u00eda de Ronda","robots":{"index":"index","follow":"follow","max-snippet":"max-snippet:-1","max-image-preview":"max-image-preview:large","max-video-preview":"max-video-preview:-1"},"canonical":"https:\/\/www.rmcr.org\/en\/2015\/04\/22\/la-biblioteca-de-la-real-maestranza-de-caballeria-de-ronda-organiza-una-exposicion-conmemorativa-del-dia-del-libro\/","og_locale":"en_US","og_type":"article","og_title":"La Biblioteca de la Real Maestranza de Caballer\u00eda de Ronda organiza una exposici\u00f3n conmemorativa del D\u00eda del Libro - Real Maestranza de Caballer\u00eda de Ronda","og_description":"La muestra titulada \u00abLa Imprenta en Ronda (1833-1954)\u00bb exhibir\u00e1 una selecci\u00f3n de impresos producidos en los principales talleres tipogr\u00e1ficos locales de los siglos XIX y XX. El impresor, editor y erudito ronde\u00f1o Juan Jos\u00e9 Moreti (1815-1890) El D\u00eda Internacional del Libro est\u00e1 promulgado por la UNESCO desde 1995 con el objetivo de fomentar la lectura, [&hellip;]","og_url":"https:\/\/www.rmcr.org\/en\/2015\/04\/22\/la-biblioteca-de-la-real-maestranza-de-caballeria-de-ronda-organiza-una-exposicion-conmemorativa-del-dia-del-libro\/","og_site_name":"Real Maestranza de Caballer\u00eda de Ronda","article_publisher":"https:\/\/www.facebook.com\/plazadetorosronda","article_published_time":"2015-04-22T17:41:18+00:00","article_modified_time":"2025-04-02T16:54:03+00:00","og_image":[{"width":482,"height":144,"url":"https:\/\/www.rmcr.org\/wp-content\/uploads\/2022\/10\/imp.jpg","type":"image\/jpeg"}],"author":"BIBLIOTECA","twitter_card":"summary_large_image","twitter_creator":"@PlazatorosRMR","twitter_site":"@PlazatorosRMR","twitter_misc":{"Written by":"BIBLIOTECA","Est. reading time":"3 minutes"},"schema":{"@context":"https:\/\/schema.org","@graph":[{"@type":"Article","@id":"https:\/\/www.rmcr.org\/en\/2015\/04\/22\/la-biblioteca-de-la-real-maestranza-de-caballeria-de-ronda-organiza-una-exposicion-conmemorativa-del-dia-del-libro\/#article","isPartOf":{"@id":"https:\/\/www.rmcr.org\/en\/2015\/04\/22\/la-biblioteca-de-la-real-maestranza-de-caballeria-de-ronda-organiza-una-exposicion-conmemorativa-del-dia-del-libro\/"},"author":{"name":"BIBLIOTECA","@id":"https:\/\/www.rmcr.org\/en\/#\/schema\/person\/80849edee7ef556893505128619ea1d0"},"headline":"La Biblioteca de la Real Maestranza de Caballer\u00eda de Ronda organiza una exposici\u00f3n conmemorativa del D\u00eda del Libro","datePublished":"2015-04-22T17:41:18+00:00","dateModified":"2025-04-02T16:54:03+00:00","mainEntityOfPage":{"@id":"https:\/\/www.rmcr.org\/en\/2015\/04\/22\/la-biblioteca-de-la-real-maestranza-de-caballeria-de-ronda-organiza-una-exposicion-conmemorativa-del-dia-del-libro\/"},"wordCount":381,"commentCount":1,"publisher":{"@id":"https:\/\/www.rmcr.org\/en\/#organization"},"image":{"@id":"https:\/\/www.rmcr.org\/en\/2015\/04\/22\/la-biblioteca-de-la-real-maestranza-de-caballeria-de-ronda-organiza-una-exposicion-conmemorativa-del-dia-del-libro\/#primaryimage"},"thumbnailUrl":"https:\/\/www.rmcr.org\/wp-content\/uploads\/2022\/10\/imp.jpg","keywords":["Bibliograf\u00edas","Biblioteca","Carteler\u00eda","D\u00eda Internacional del Libro","Hemeroteca","Imprenta","Libros","Publicaciones peri\u00f3dicas","Ronda"],"articleSection":["Biblioteca","D\u00eda Internacional del Libro","Exposiciones"],"inLanguage":"en-US","potentialAction":[{"@type":"CommentAction","name":"Comment","target":["https:\/\/www.rmcr.org\/en\/2015\/04\/22\/la-biblioteca-de-la-real-maestranza-de-caballeria-de-ronda-organiza-una-exposicion-conmemorativa-del-dia-del-libro\/#respond"]}]},{"@type":"WebPage","@id":"https:\/\/www.rmcr.org\/en\/2015\/04\/22\/la-biblioteca-de-la-real-maestranza-de-caballeria-de-ronda-organiza-una-exposicion-conmemorativa-del-dia-del-libro\/","url":"https:\/\/www.rmcr.org\/en\/2015\/04\/22\/la-biblioteca-de-la-real-maestranza-de-caballeria-de-ronda-organiza-una-exposicion-conmemorativa-del-dia-del-libro\/","name":"La Biblioteca de la Real Maestranza de Caballer\u00eda de Ronda organiza una exposici\u00f3n conmemorativa del D\u00eda del Libro - Real Maestranza de Caballer\u00eda de Ronda","isPartOf":{"@id":"https:\/\/www.rmcr.org\/en\/#website"},"primaryImageOfPage":{"@id":"https:\/\/www.rmcr.org\/en\/2015\/04\/22\/la-biblioteca-de-la-real-maestranza-de-caballeria-de-ronda-organiza-una-exposicion-conmemorativa-del-dia-del-libro\/#primaryimage"},"image":{"@id":"https:\/\/www.rmcr.org\/en\/2015\/04\/22\/la-biblioteca-de-la-real-maestranza-de-caballeria-de-ronda-organiza-una-exposicion-conmemorativa-del-dia-del-libro\/#primaryimage"},"thumbnailUrl":"https:\/\/www.rmcr.org\/wp-content\/uploads\/2022\/10\/imp.jpg","datePublished":"2015-04-22T17:41:18+00:00","dateModified":"2025-04-02T16:54:03+00:00","breadcrumb":{"@id":"https:\/\/www.rmcr.org\/en\/2015\/04\/22\/la-biblioteca-de-la-real-maestranza-de-caballeria-de-ronda-organiza-una-exposicion-conmemorativa-del-dia-del-libro\/#breadcrumb"},"inLanguage":"en-US","potentialAction":[{"@type":"ReadAction","target":["https:\/\/www.rmcr.org\/en\/2015\/04\/22\/la-biblioteca-de-la-real-maestranza-de-caballeria-de-ronda-organiza-una-exposicion-conmemorativa-del-dia-del-libro\/"]}]},{"@type":"ImageObject","inLanguage":"en-US","@id":"https:\/\/www.rmcr.org\/en\/2015\/04\/22\/la-biblioteca-de-la-real-maestranza-de-caballeria-de-ronda-organiza-una-exposicion-conmemorativa-del-dia-del-libro\/#primaryimage","url":"https:\/\/www.rmcr.org\/wp-content\/uploads\/2022\/10\/imp.jpg","contentUrl":"https:\/\/www.rmcr.org\/wp-content\/uploads\/2022\/10\/imp.jpg","width":482,"height":144},{"@type":"BreadcrumbList","@id":"https:\/\/www.rmcr.org\/en\/2015\/04\/22\/la-biblioteca-de-la-real-maestranza-de-caballeria-de-ronda-organiza-una-exposicion-conmemorativa-del-dia-del-libro\/#breadcrumb","itemListElement":[{"@type":"ListItem","position":1,"name":"REAL MAESTRANZA DE CABALLER\u00cdA DE RONDA","item":"https:\/\/www.rmcr.org\/en\/"},{"@type":"ListItem","position":2,"name":"La Biblioteca de la Real Maestranza de Caballer\u00eda de Ronda organiza una exposici\u00f3n conmemorativa del D\u00eda del Libro"}]},{"@type":"WebSite","@id":"https:\/\/www.rmcr.org\/en\/#website","url":"https:\/\/www.rmcr.org\/en\/","name":"Real Maestranza de Caballer\u00eda de Ronda","description":"Real Maestranza de Caballer\u00eda de Ronda","publisher":{"@id":"https:\/\/www.rmcr.org\/en\/#organization"},"alternateName":"RMCR","potentialAction":[{"@type":"SearchAction","target":{"@type":"EntryPoint","urlTemplate":"https:\/\/www.rmcr.org\/en\/?s={search_term_string}"},"query-input":{"@type":"PropertyValueSpecification","valueRequired":true,"valueName":"search_term_string"}}],"inLanguage":"en-US"},{"@type":"Organization","@id":"https:\/\/www.rmcr.org\/en\/#organization","name":"Real Maestranza de Caballer\u00eda de Ronda","alternateName":"RMR","url":"https:\/\/www.rmcr.org\/en\/","logo":{"@type":"ImageObject","inLanguage":"en-US","@id":"https:\/\/www.rmcr.org\/en\/#\/schema\/logo\/image\/","url":"https:\/\/www.rmcr.org\/wp-content\/uploads\/2022\/07\/logo-rmr-blue.svg","contentUrl":"https:\/\/www.rmcr.org\/wp-content\/uploads\/2022\/07\/logo-rmr-blue.svg","width":131,"height":129,"caption":"Real Maestranza de Caballer\u00eda de Ronda"},"image":{"@id":"https:\/\/www.rmcr.org\/en\/#\/schema\/logo\/image\/"},"sameAs":["https:\/\/www.facebook.com\/plazadetorosronda","https:\/\/x.com\/PlazatorosRMR","https:\/\/www.instagram.com\/realmaestranzaderonda\/","https:\/\/www.youtube.com\/channel\/UCrbO5IUN-8v_QML739vM4zg\/videos"]},{"@type":"Person","@id":"https:\/\/www.rmcr.org\/en\/#\/schema\/person\/80849edee7ef556893505128619ea1d0","name":"BIBLIOTECA","image":{"@type":"ImageObject","inLanguage":"en-US","@id":"https:\/\/www.rmcr.org\/wp-content\/uploads\/2022\/11\/avatar-rmcr-96x96.png","url":"https:\/\/www.rmcr.org\/wp-content\/uploads\/2022\/11\/avatar-rmcr-96x96.png","contentUrl":"https:\/\/www.rmcr.org\/wp-content\/uploads\/2022\/11\/avatar-rmcr-96x96.png","caption":"BIBLIOTECA"},"url":"https:\/\/www.rmcr.org\/en\/author\/juan-antonio-moreno\/"}]}},"_links":{"self":[{"href":"https:\/\/www.rmcr.org\/en\/wp-json\/wp\/v2\/posts\/6136","targetHints":{"allow":["GET"]}}],"collection":[{"href":"https:\/\/www.rmcr.org\/en\/wp-json\/wp\/v2\/posts"}],"about":[{"href":"https:\/\/www.rmcr.org\/en\/wp-json\/wp\/v2\/types\/post"}],"author":[{"embeddable":true,"href":"https:\/\/www.rmcr.org\/en\/wp-json\/wp\/v2\/users\/2"}],"replies":[{"embeddable":true,"href":"https:\/\/www.rmcr.org\/en\/wp-json\/wp\/v2\/comments?post=6136"}],"version-history":[{"count":2,"href":"https:\/\/www.rmcr.org\/en\/wp-json\/wp\/v2\/posts\/6136\/revisions"}],"predecessor-version":[{"id":15807,"href":"https:\/\/www.rmcr.org\/en\/wp-json\/wp\/v2\/posts\/6136\/revisions\/15807"}],"wp:featuredmedia":[{"embeddable":true,"href":"https:\/\/www.rmcr.org\/en\/wp-json\/wp\/v2\/media\/11937"}],"wp:attachment":[{"href":"https:\/\/www.rmcr.org\/en\/wp-json\/wp\/v2\/media?parent=6136"}],"wp:term":[{"taxonomy":"category","embeddable":true,"href":"https:\/\/www.rmcr.org\/en\/wp-json\/wp\/v2\/categories?post=6136"},{"taxonomy":"post_tag","embeddable":true,"href":"https:\/\/www.rmcr.org\/en\/wp-json\/wp\/v2\/tags?post=6136"}],"curies":[{"name":"wp","href":"https:\/\/api.w.org\/{rel}","templated":true}]}}