{"id":6129,"date":"2015-01-19T12:27:35","date_gmt":"2015-01-19T12:27:35","guid":{"rendered":"https:\/\/www.rmcr.org\/?p=6129"},"modified":"2025-04-04T10:13:43","modified_gmt":"2025-04-04T10:13:43","slug":"el-archivo-de-la-real-maestranza-adquiere-el-archivo-fotografico-de-salvador-ordonez-cuso","status":"publish","type":"post","link":"https:\/\/www.rmcr.org\/en\/2015\/01\/19\/el-archivo-de-la-real-maestranza-adquiere-el-archivo-fotografico-de-salvador-ordonez-cuso\/","title":{"rendered":"El Archivo de la Real Maestranza adquiere el Archivo Fotogr\u00e1fico de Salvador Ord\u00f3\u00f1ez &#8220;Cuso&#8221;"},"content":{"rendered":"<p>Accede a la noticia de la prensa local, Ronda Semanal: <a title=\"Archivo Cuso\" href=\"http:\/\/andaluciainformacion.es\/ronda\/472754\/la-maestranza-compra-el-archivo-fotografico-de-cuso\/\" target=\"_blank\" rel=\"noopener\">Archivo fotogr\u00e1fico &#8220;Cuso&#8221;<\/a><\/p>\n<p><a href=\"https:\/\/www.rmcr.org\/2015\/01\/articulos-292319.jpg\"><img fetchpriority=\"high\" decoding=\"async\" class=\"aligncenter size-full wp-image-601\" src=\"https:\/\/www.rmcr.org\/wp-content\/uploads\/2015\/01\/articulos-292319.jpg\" alt=\"articulos-292319\" width=\"470\" height=\"353\" srcset=\"https:\/\/www.rmcr.org\/wp-content\/uploads\/2015\/01\/articulos-292319.jpg 1400w, https:\/\/www.rmcr.org\/wp-content\/uploads\/2015\/01\/articulos-292319-300x225.jpg 300w, https:\/\/www.rmcr.org\/wp-content\/uploads\/2015\/01\/articulos-292319-1024x768.jpg 1024w, https:\/\/www.rmcr.org\/wp-content\/uploads\/2015\/01\/articulos-292319-768x576.jpg 768w\" sizes=\"(max-width: 470px) 100vw, 470px\" \/><\/a><\/p>\n","protected":false},"excerpt":{"rendered":"<p>Accede a la noticia de la prensa local, Ronda Semanal: Archivo fotogr\u00e1fico &#8220;Cuso&#8221;<\/p>\n","protected":false},"author":3,"featured_media":11892,"comment_status":"open","ping_status":"open","sticky":false,"template":"","format":"standard","meta":{"footnotes":""},"categories":[134,31],"tags":[143,197],"class_list":["post-6129","post","type-post","status-publish","format-standard","has-post-thumbnail","hentry","category-archivo","category-noticias","tag-fotografias","tag-salvador-ordonez-cuso"],"yoast_head":"<!-- This site is optimized with the Yoast SEO plugin v27.5 - https:\/\/yoast.com\/product\/yoast-seo-wordpress\/ -->\n<title>El Archivo de la Real Maestranza adquiere el Archivo Fotogr\u00e1fico de Salvador Ord\u00f3\u00f1ez &quot;Cuso&quot; - Real Maestranza de Caballer\u00eda de Ronda<\/title>\n<meta name=\"robots\" content=\"index, follow, max-snippet:-1, max-image-preview:large, max-video-preview:-1\" \/>\n<link rel=\"canonical\" href=\"https:\/\/www.rmcr.org\/en\/2015\/01\/19\/el-archivo-de-la-real-maestranza-adquiere-el-archivo-fotografico-de-salvador-ordonez-cuso\/\" \/>\n<meta property=\"og:locale\" content=\"en_US\" \/>\n<meta property=\"og:type\" content=\"article\" \/>\n<meta property=\"og:title\" content=\"El Archivo de la Real Maestranza adquiere el Archivo Fotogr\u00e1fico de Salvador Ord\u00f3\u00f1ez &quot;Cuso&quot; - Real Maestranza de Caballer\u00eda de Ronda\" \/>\n<meta property=\"og:description\" content=\"Accede a la noticia de la prensa local, Ronda Semanal: Archivo fotogr\u00e1fico &#8220;Cuso&#8221;\" \/>\n<meta property=\"og:url\" content=\"https:\/\/www.rmcr.org\/en\/2015\/01\/19\/el-archivo-de-la-real-maestranza-adquiere-el-archivo-fotografico-de-salvador-ordonez-cuso\/\" \/>\n<meta property=\"og:site_name\" content=\"Real Maestranza de Caballer\u00eda de Ronda\" \/>\n<meta property=\"article:publisher\" content=\"https:\/\/www.facebook.com\/plazadetorosronda\" \/>\n<meta property=\"article:published_time\" content=\"2015-01-19T12:27:35+00:00\" \/>\n<meta property=\"article:modified_time\" content=\"2025-04-04T10:13:43+00:00\" \/>\n<meta property=\"og:image\" content=\"https:\/\/www.rmcr.org\/wp-content\/uploads\/2022\/10\/negativos-archivo.jpg\" \/>\n\t<meta property=\"og:image:width\" content=\"425\" \/>\n\t<meta property=\"og:image:height\" content=\"300\" \/>\n\t<meta property=\"og:image:type\" content=\"image\/jpeg\" \/>\n<meta name=\"author\" content=\"ARCHIVO\" \/>\n<meta name=\"twitter:card\" content=\"summary_large_image\" \/>\n<meta name=\"twitter:creator\" content=\"@PlazatorosRMR\" \/>\n<meta name=\"twitter:site\" content=\"@PlazatorosRMR\" \/>\n<meta name=\"twitter:label1\" content=\"Written by\" \/>\n\t<meta name=\"twitter:data1\" content=\"ARCHIVO\" \/>\n<script type=\"application\/ld+json\" class=\"yoast-schema-graph\">{\"@context\":\"https:\\\/\\\/schema.org\",\"@graph\":[{\"@type\":\"Article\",\"@id\":\"https:\\\/\\\/www.rmcr.org\\\/en\\\/2015\\\/01\\\/19\\\/el-archivo-de-la-real-maestranza-adquiere-el-archivo-fotografico-de-salvador-ordonez-cuso\\\/#article\",\"isPartOf\":{\"@id\":\"https:\\\/\\\/www.rmcr.org\\\/en\\\/2015\\\/01\\\/19\\\/el-archivo-de-la-real-maestranza-adquiere-el-archivo-fotografico-de-salvador-ordonez-cuso\\\/\"},\"author\":{\"name\":\"ARCHIVO\",\"@id\":\"https:\\\/\\\/www.rmcr.org\\\/en\\\/#\\\/schema\\\/person\\\/f182f13b406ff40dd281a5ecca93380e\"},\"headline\":\"El Archivo de la Real Maestranza adquiere el Archivo Fotogr\u00e1fico de Salvador Ord\u00f3\u00f1ez &#8220;Cuso&#8221;\",\"datePublished\":\"2015-01-19T12:27:35+00:00\",\"dateModified\":\"2025-04-04T10:13:43+00:00\",\"mainEntityOfPage\":{\"@id\":\"https:\\\/\\\/www.rmcr.org\\\/en\\\/2015\\\/01\\\/19\\\/el-archivo-de-la-real-maestranza-adquiere-el-archivo-fotografico-de-salvador-ordonez-cuso\\\/\"},\"wordCount\":30,\"commentCount\":0,\"publisher\":{\"@id\":\"https:\\\/\\\/www.rmcr.org\\\/en\\\/#organization\"},\"image\":{\"@id\":\"https:\\\/\\\/www.rmcr.org\\\/en\\\/2015\\\/01\\\/19\\\/el-archivo-de-la-real-maestranza-adquiere-el-archivo-fotografico-de-salvador-ordonez-cuso\\\/#primaryimage\"},\"thumbnailUrl\":\"https:\\\/\\\/www.rmcr.org\\\/wp-content\\\/uploads\\\/2022\\\/10\\\/negativos-archivo.jpg\",\"keywords\":[\"Fotograf\u00edas\",\"Salvador Ord\u00f3\u00f1ez \\\"Cuso\\\"\"],\"articleSection\":[\"Archivo\",\"Noticias\"],\"inLanguage\":\"en-US\",\"potentialAction\":[{\"@type\":\"CommentAction\",\"name\":\"Comment\",\"target\":[\"https:\\\/\\\/www.rmcr.org\\\/en\\\/2015\\\/01\\\/19\\\/el-archivo-de-la-real-maestranza-adquiere-el-archivo-fotografico-de-salvador-ordonez-cuso\\\/#respond\"]}]},{\"@type\":\"WebPage\",\"@id\":\"https:\\\/\\\/www.rmcr.org\\\/en\\\/2015\\\/01\\\/19\\\/el-archivo-de-la-real-maestranza-adquiere-el-archivo-fotografico-de-salvador-ordonez-cuso\\\/\",\"url\":\"https:\\\/\\\/www.rmcr.org\\\/en\\\/2015\\\/01\\\/19\\\/el-archivo-de-la-real-maestranza-adquiere-el-archivo-fotografico-de-salvador-ordonez-cuso\\\/\",\"name\":\"El Archivo de la Real Maestranza adquiere el Archivo Fotogr\u00e1fico de Salvador Ord\u00f3\u00f1ez \\\"Cuso\\\" - Real Maestranza de Caballer\u00eda de Ronda\",\"isPartOf\":{\"@id\":\"https:\\\/\\\/www.rmcr.org\\\/en\\\/#website\"},\"primaryImageOfPage\":{\"@id\":\"https:\\\/\\\/www.rmcr.org\\\/en\\\/2015\\\/01\\\/19\\\/el-archivo-de-la-real-maestranza-adquiere-el-archivo-fotografico-de-salvador-ordonez-cuso\\\/#primaryimage\"},\"image\":{\"@id\":\"https:\\\/\\\/www.rmcr.org\\\/en\\\/2015\\\/01\\\/19\\\/el-archivo-de-la-real-maestranza-adquiere-el-archivo-fotografico-de-salvador-ordonez-cuso\\\/#primaryimage\"},\"thumbnailUrl\":\"https:\\\/\\\/www.rmcr.org\\\/wp-content\\\/uploads\\\/2022\\\/10\\\/negativos-archivo.jpg\",\"datePublished\":\"2015-01-19T12:27:35+00:00\",\"dateModified\":\"2025-04-04T10:13:43+00:00\",\"breadcrumb\":{\"@id\":\"https:\\\/\\\/www.rmcr.org\\\/en\\\/2015\\\/01\\\/19\\\/el-archivo-de-la-real-maestranza-adquiere-el-archivo-fotografico-de-salvador-ordonez-cuso\\\/#breadcrumb\"},\"inLanguage\":\"en-US\",\"potentialAction\":[{\"@type\":\"ReadAction\",\"target\":[\"https:\\\/\\\/www.rmcr.org\\\/en\\\/2015\\\/01\\\/19\\\/el-archivo-de-la-real-maestranza-adquiere-el-archivo-fotografico-de-salvador-ordonez-cuso\\\/\"]}]},{\"@type\":\"ImageObject\",\"inLanguage\":\"en-US\",\"@id\":\"https:\\\/\\\/www.rmcr.org\\\/en\\\/2015\\\/01\\\/19\\\/el-archivo-de-la-real-maestranza-adquiere-el-archivo-fotografico-de-salvador-ordonez-cuso\\\/#primaryimage\",\"url\":\"https:\\\/\\\/www.rmcr.org\\\/wp-content\\\/uploads\\\/2022\\\/10\\\/negativos-archivo.jpg\",\"contentUrl\":\"https:\\\/\\\/www.rmcr.org\\\/wp-content\\\/uploads\\\/2022\\\/10\\\/negativos-archivo.jpg\",\"width\":425,\"height\":300},{\"@type\":\"BreadcrumbList\",\"@id\":\"https:\\\/\\\/www.rmcr.org\\\/en\\\/2015\\\/01\\\/19\\\/el-archivo-de-la-real-maestranza-adquiere-el-archivo-fotografico-de-salvador-ordonez-cuso\\\/#breadcrumb\",\"itemListElement\":[{\"@type\":\"ListItem\",\"position\":1,\"name\":\"REAL MAESTRANZA DE CABALLER\u00cdA DE RONDA\",\"item\":\"https:\\\/\\\/www.rmcr.org\\\/en\\\/\"},{\"@type\":\"ListItem\",\"position\":2,\"name\":\"El Archivo de la Real Maestranza adquiere el Archivo Fotogr\u00e1fico de Salvador Ord\u00f3\u00f1ez \u00abCuso\u00bb\"}]},{\"@type\":\"WebSite\",\"@id\":\"https:\\\/\\\/www.rmcr.org\\\/en\\\/#website\",\"url\":\"https:\\\/\\\/www.rmcr.org\\\/en\\\/\",\"name\":\"Real Maestranza de Caballer\u00eda de Ronda\",\"description\":\"Real Maestranza de Caballer\u00eda de Ronda\",\"publisher\":{\"@id\":\"https:\\\/\\\/www.rmcr.org\\\/en\\\/#organization\"},\"alternateName\":\"RMCR\",\"potentialAction\":[{\"@type\":\"SearchAction\",\"target\":{\"@type\":\"EntryPoint\",\"urlTemplate\":\"https:\\\/\\\/www.rmcr.org\\\/en\\\/?s={search_term_string}\"},\"query-input\":{\"@type\":\"PropertyValueSpecification\",\"valueRequired\":true,\"valueName\":\"search_term_string\"}}],\"inLanguage\":\"en-US\"},{\"@type\":\"Organization\",\"@id\":\"https:\\\/\\\/www.rmcr.org\\\/en\\\/#organization\",\"name\":\"Real Maestranza de Caballer\u00eda de Ronda\",\"alternateName\":\"RMR\",\"url\":\"https:\\\/\\\/www.rmcr.org\\\/en\\\/\",\"logo\":{\"@type\":\"ImageObject\",\"inLanguage\":\"en-US\",\"@id\":\"https:\\\/\\\/www.rmcr.org\\\/en\\\/#\\\/schema\\\/logo\\\/image\\\/\",\"url\":\"https:\\\/\\\/www.rmcr.org\\\/wp-content\\\/uploads\\\/2022\\\/07\\\/logo-rmr-blue.svg\",\"contentUrl\":\"https:\\\/\\\/www.rmcr.org\\\/wp-content\\\/uploads\\\/2022\\\/07\\\/logo-rmr-blue.svg\",\"width\":131,\"height\":129,\"caption\":\"Real Maestranza de Caballer\u00eda de Ronda\"},\"image\":{\"@id\":\"https:\\\/\\\/www.rmcr.org\\\/en\\\/#\\\/schema\\\/logo\\\/image\\\/\"},\"sameAs\":[\"https:\\\/\\\/www.facebook.com\\\/plazadetorosronda\",\"https:\\\/\\\/x.com\\\/PlazatorosRMR\",\"https:\\\/\\\/www.instagram.com\\\/realmaestranzaderonda\\\/\",\"https:\\\/\\\/www.youtube.com\\\/channel\\\/UCrbO5IUN-8v_QML739vM4zg\\\/videos\"]},{\"@type\":\"Person\",\"@id\":\"https:\\\/\\\/www.rmcr.org\\\/en\\\/#\\\/schema\\\/person\\\/f182f13b406ff40dd281a5ecca93380e\",\"name\":\"ARCHIVO\",\"image\":{\"@type\":\"ImageObject\",\"inLanguage\":\"en-US\",\"@id\":\"https:\\\/\\\/www.rmcr.org\\\/wp-content\\\/uploads\\\/2022\\\/11\\\/avatar-rmcr-96x96.png\",\"url\":\"https:\\\/\\\/www.rmcr.org\\\/wp-content\\\/uploads\\\/2022\\\/11\\\/avatar-rmcr-96x96.png\",\"contentUrl\":\"https:\\\/\\\/www.rmcr.org\\\/wp-content\\\/uploads\\\/2022\\\/11\\\/avatar-rmcr-96x96.png\",\"caption\":\"ARCHIVO\"},\"url\":\"https:\\\/\\\/www.rmcr.org\\\/en\\\/author\\\/francisco-rosales\\\/\"}]}<\/script>\n<!-- \/ Yoast SEO plugin. -->","yoast_head_json":{"title":"El Archivo de la Real Maestranza adquiere el Archivo Fotogr\u00e1fico de Salvador Ord\u00f3\u00f1ez \"Cuso\" - Real Maestranza de Caballer\u00eda de Ronda","robots":{"index":"index","follow":"follow","max-snippet":"max-snippet:-1","max-image-preview":"max-image-preview:large","max-video-preview":"max-video-preview:-1"},"canonical":"https:\/\/www.rmcr.org\/en\/2015\/01\/19\/el-archivo-de-la-real-maestranza-adquiere-el-archivo-fotografico-de-salvador-ordonez-cuso\/","og_locale":"en_US","og_type":"article","og_title":"El Archivo de la Real Maestranza adquiere el Archivo Fotogr\u00e1fico de Salvador Ord\u00f3\u00f1ez \"Cuso\" - Real Maestranza de Caballer\u00eda de Ronda","og_description":"Accede a la noticia de la prensa local, Ronda Semanal: Archivo fotogr\u00e1fico &#8220;Cuso&#8221;","og_url":"https:\/\/www.rmcr.org\/en\/2015\/01\/19\/el-archivo-de-la-real-maestranza-adquiere-el-archivo-fotografico-de-salvador-ordonez-cuso\/","og_site_name":"Real Maestranza de Caballer\u00eda de Ronda","article_publisher":"https:\/\/www.facebook.com\/plazadetorosronda","article_published_time":"2015-01-19T12:27:35+00:00","article_modified_time":"2025-04-04T10:13:43+00:00","og_image":[{"width":425,"height":300,"url":"https:\/\/www.rmcr.org\/wp-content\/uploads\/2022\/10\/negativos-archivo.jpg","type":"image\/jpeg"}],"author":"ARCHIVO","twitter_card":"summary_large_image","twitter_creator":"@PlazatorosRMR","twitter_site":"@PlazatorosRMR","twitter_misc":{"Written by":"ARCHIVO"},"schema":{"@context":"https:\/\/schema.org","@graph":[{"@type":"Article","@id":"https:\/\/www.rmcr.org\/en\/2015\/01\/19\/el-archivo-de-la-real-maestranza-adquiere-el-archivo-fotografico-de-salvador-ordonez-cuso\/#article","isPartOf":{"@id":"https:\/\/www.rmcr.org\/en\/2015\/01\/19\/el-archivo-de-la-real-maestranza-adquiere-el-archivo-fotografico-de-salvador-ordonez-cuso\/"},"author":{"name":"ARCHIVO","@id":"https:\/\/www.rmcr.org\/en\/#\/schema\/person\/f182f13b406ff40dd281a5ecca93380e"},"headline":"El Archivo de la Real Maestranza adquiere el Archivo Fotogr\u00e1fico de Salvador Ord\u00f3\u00f1ez &#8220;Cuso&#8221;","datePublished":"2015-01-19T12:27:35+00:00","dateModified":"2025-04-04T10:13:43+00:00","mainEntityOfPage":{"@id":"https:\/\/www.rmcr.org\/en\/2015\/01\/19\/el-archivo-de-la-real-maestranza-adquiere-el-archivo-fotografico-de-salvador-ordonez-cuso\/"},"wordCount":30,"commentCount":0,"publisher":{"@id":"https:\/\/www.rmcr.org\/en\/#organization"},"image":{"@id":"https:\/\/www.rmcr.org\/en\/2015\/01\/19\/el-archivo-de-la-real-maestranza-adquiere-el-archivo-fotografico-de-salvador-ordonez-cuso\/#primaryimage"},"thumbnailUrl":"https:\/\/www.rmcr.org\/wp-content\/uploads\/2022\/10\/negativos-archivo.jpg","keywords":["Fotograf\u00edas","Salvador Ord\u00f3\u00f1ez \"Cuso\""],"articleSection":["Archivo","Noticias"],"inLanguage":"en-US","potentialAction":[{"@type":"CommentAction","name":"Comment","target":["https:\/\/www.rmcr.org\/en\/2015\/01\/19\/el-archivo-de-la-real-maestranza-adquiere-el-archivo-fotografico-de-salvador-ordonez-cuso\/#respond"]}]},{"@type":"WebPage","@id":"https:\/\/www.rmcr.org\/en\/2015\/01\/19\/el-archivo-de-la-real-maestranza-adquiere-el-archivo-fotografico-de-salvador-ordonez-cuso\/","url":"https:\/\/www.rmcr.org\/en\/2015\/01\/19\/el-archivo-de-la-real-maestranza-adquiere-el-archivo-fotografico-de-salvador-ordonez-cuso\/","name":"El Archivo de la Real Maestranza adquiere el Archivo Fotogr\u00e1fico de Salvador Ord\u00f3\u00f1ez \"Cuso\" - Real Maestranza de Caballer\u00eda de Ronda","isPartOf":{"@id":"https:\/\/www.rmcr.org\/en\/#website"},"primaryImageOfPage":{"@id":"https:\/\/www.rmcr.org\/en\/2015\/01\/19\/el-archivo-de-la-real-maestranza-adquiere-el-archivo-fotografico-de-salvador-ordonez-cuso\/#primaryimage"},"image":{"@id":"https:\/\/www.rmcr.org\/en\/2015\/01\/19\/el-archivo-de-la-real-maestranza-adquiere-el-archivo-fotografico-de-salvador-ordonez-cuso\/#primaryimage"},"thumbnailUrl":"https:\/\/www.rmcr.org\/wp-content\/uploads\/2022\/10\/negativos-archivo.jpg","datePublished":"2015-01-19T12:27:35+00:00","dateModified":"2025-04-04T10:13:43+00:00","breadcrumb":{"@id":"https:\/\/www.rmcr.org\/en\/2015\/01\/19\/el-archivo-de-la-real-maestranza-adquiere-el-archivo-fotografico-de-salvador-ordonez-cuso\/#breadcrumb"},"inLanguage":"en-US","potentialAction":[{"@type":"ReadAction","target":["https:\/\/www.rmcr.org\/en\/2015\/01\/19\/el-archivo-de-la-real-maestranza-adquiere-el-archivo-fotografico-de-salvador-ordonez-cuso\/"]}]},{"@type":"ImageObject","inLanguage":"en-US","@id":"https:\/\/www.rmcr.org\/en\/2015\/01\/19\/el-archivo-de-la-real-maestranza-adquiere-el-archivo-fotografico-de-salvador-ordonez-cuso\/#primaryimage","url":"https:\/\/www.rmcr.org\/wp-content\/uploads\/2022\/10\/negativos-archivo.jpg","contentUrl":"https:\/\/www.rmcr.org\/wp-content\/uploads\/2022\/10\/negativos-archivo.jpg","width":425,"height":300},{"@type":"BreadcrumbList","@id":"https:\/\/www.rmcr.org\/en\/2015\/01\/19\/el-archivo-de-la-real-maestranza-adquiere-el-archivo-fotografico-de-salvador-ordonez-cuso\/#breadcrumb","itemListElement":[{"@type":"ListItem","position":1,"name":"REAL MAESTRANZA DE CABALLER\u00cdA DE RONDA","item":"https:\/\/www.rmcr.org\/en\/"},{"@type":"ListItem","position":2,"name":"El Archivo de la Real Maestranza adquiere el Archivo Fotogr\u00e1fico de Salvador Ord\u00f3\u00f1ez \u00abCuso\u00bb"}]},{"@type":"WebSite","@id":"https:\/\/www.rmcr.org\/en\/#website","url":"https:\/\/www.rmcr.org\/en\/","name":"Real Maestranza de Caballer\u00eda de Ronda","description":"Real Maestranza de Caballer\u00eda de Ronda","publisher":{"@id":"https:\/\/www.rmcr.org\/en\/#organization"},"alternateName":"RMCR","potentialAction":[{"@type":"SearchAction","target":{"@type":"EntryPoint","urlTemplate":"https:\/\/www.rmcr.org\/en\/?s={search_term_string}"},"query-input":{"@type":"PropertyValueSpecification","valueRequired":true,"valueName":"search_term_string"}}],"inLanguage":"en-US"},{"@type":"Organization","@id":"https:\/\/www.rmcr.org\/en\/#organization","name":"Real Maestranza de Caballer\u00eda de Ronda","alternateName":"RMR","url":"https:\/\/www.rmcr.org\/en\/","logo":{"@type":"ImageObject","inLanguage":"en-US","@id":"https:\/\/www.rmcr.org\/en\/#\/schema\/logo\/image\/","url":"https:\/\/www.rmcr.org\/wp-content\/uploads\/2022\/07\/logo-rmr-blue.svg","contentUrl":"https:\/\/www.rmcr.org\/wp-content\/uploads\/2022\/07\/logo-rmr-blue.svg","width":131,"height":129,"caption":"Real Maestranza de Caballer\u00eda de Ronda"},"image":{"@id":"https:\/\/www.rmcr.org\/en\/#\/schema\/logo\/image\/"},"sameAs":["https:\/\/www.facebook.com\/plazadetorosronda","https:\/\/x.com\/PlazatorosRMR","https:\/\/www.instagram.com\/realmaestranzaderonda\/","https:\/\/www.youtube.com\/channel\/UCrbO5IUN-8v_QML739vM4zg\/videos"]},{"@type":"Person","@id":"https:\/\/www.rmcr.org\/en\/#\/schema\/person\/f182f13b406ff40dd281a5ecca93380e","name":"ARCHIVO","image":{"@type":"ImageObject","inLanguage":"en-US","@id":"https:\/\/www.rmcr.org\/wp-content\/uploads\/2022\/11\/avatar-rmcr-96x96.png","url":"https:\/\/www.rmcr.org\/wp-content\/uploads\/2022\/11\/avatar-rmcr-96x96.png","contentUrl":"https:\/\/www.rmcr.org\/wp-content\/uploads\/2022\/11\/avatar-rmcr-96x96.png","caption":"ARCHIVO"},"url":"https:\/\/www.rmcr.org\/en\/author\/francisco-rosales\/"}]}},"_links":{"self":[{"href":"https:\/\/www.rmcr.org\/en\/wp-json\/wp\/v2\/posts\/6129","targetHints":{"allow":["GET"]}}],"collection":[{"href":"https:\/\/www.rmcr.org\/en\/wp-json\/wp\/v2\/posts"}],"about":[{"href":"https:\/\/www.rmcr.org\/en\/wp-json\/wp\/v2\/types\/post"}],"author":[{"embeddable":true,"href":"https:\/\/www.rmcr.org\/en\/wp-json\/wp\/v2\/users\/3"}],"replies":[{"embeddable":true,"href":"https:\/\/www.rmcr.org\/en\/wp-json\/wp\/v2\/comments?post=6129"}],"version-history":[{"count":2,"href":"https:\/\/www.rmcr.org\/en\/wp-json\/wp\/v2\/posts\/6129\/revisions"}],"predecessor-version":[{"id":22618,"href":"https:\/\/www.rmcr.org\/en\/wp-json\/wp\/v2\/posts\/6129\/revisions\/22618"}],"wp:featuredmedia":[{"embeddable":true,"href":"https:\/\/www.rmcr.org\/en\/wp-json\/wp\/v2\/media\/11892"}],"wp:attachment":[{"href":"https:\/\/www.rmcr.org\/en\/wp-json\/wp\/v2\/media?parent=6129"}],"wp:term":[{"taxonomy":"category","embeddable":true,"href":"https:\/\/www.rmcr.org\/en\/wp-json\/wp\/v2\/categories?post=6129"},{"taxonomy":"post_tag","embeddable":true,"href":"https:\/\/www.rmcr.org\/en\/wp-json\/wp\/v2\/tags?post=6129"}],"curies":[{"name":"wp","href":"https:\/\/api.w.org\/{rel}","templated":true}]}}