{"id":6123,"date":"2014-09-02T07:26:07","date_gmt":"2014-09-02T07:26:07","guid":{"rendered":"https:\/\/www.rmcr.org\/?p=6123"},"modified":"2025-04-03T15:12:11","modified_gmt":"2025-04-03T15:12:11","slug":"biblioteca-rmr-photographie-hippique-septiembre-2014","status":"publish","type":"post","link":"https:\/\/www.rmcr.org\/en\/2014\/09\/02\/biblioteca-rmr-photographie-hippique-septiembre-2014\/","title":{"rendered":"Biblioteca-RMR: N\u00ba 9. Photographie Hippique. Septiembre 2014."},"content":{"rendered":"<p style=\"text-align:center;\"><span ><strong>\u00b7 ART\u00cdCULO \u00b7<\/strong><\/span><\/p>\n<p style=\"text-align:center;\"><span ><strong>\u00b7 BIBLIOTECA DE LA REAL MAESTRANZA DE CABALLER\u00cdA DE RONDA \u00b7<\/strong><\/span><\/p>\n<p style=\"text-align:center;\"><span ><strong>\u00b7 SEPTIEMBRE 2014 \u00b7<\/strong><\/span><\/p>\n<p style=\"text-align:center;\"><em><span ><strong>\u00b7 FONDO EQUITACI\u00d3N \u00b7<\/strong><\/span><\/em><\/p>\n<p><span ><a href=\"https:\/\/www.rmcr.org\/2014\/09\/jdelton.jpg\"><img fetchpriority=\"high\" decoding=\"async\" class=\"aligncenter size-full wp-image-504\" src=\"https:\/\/www.rmcr.org\/wp-content\/uploads\/2014\/09\/jdelton.jpg\" alt=\"REAL MAESTRANZA DE CABALLERIA DE RONDA.\" width=\"470\" height=\"338\" srcset=\"https:\/\/www.rmcr.org\/wp-content\/uploads\/2014\/09\/jdelton.jpg 695w, https:\/\/www.rmcr.org\/wp-content\/uploads\/2014\/09\/jdelton-300x216.jpg 300w\" sizes=\"(max-width: 470px) 100vw, 470px\" \/><\/a><\/span><\/p>\n<p style=\"text-align:center;\"><span >\u201cCoup\u00e9 huit ressorts en poste, au Prince Constantin Radziwill, 1906\u201d<\/span><\/p>\n<p style=\"text-align:justify;\"><span >El estudio fotogr\u00e1fico franc\u00e9s de la <em>Photographie Hippique<\/em> (siglos XIX-XX), ha pasado a la historia por reunir a tres generaciones de fot\u00f3grafos especializados en el tema ecuestre bajo un nombre com\u00fan: Jean Delton.<\/span><\/p>\n<p style=\"text-align:justify;\"><span >El iniciador de la dinast\u00eda fue Jean Delton I, que naci\u00f3 en Par\u00eds en 1807. Hasta los cuarenta a\u00f1os estuvo vinculado al ej\u00e9rcito, donde lleg\u00f3 a ser oficial. Fue miembro del Jockey-Club de Par\u00eds, siendo uno de los iniciadores de las carreras de caballos en Francia.<\/span><\/p>\n<p style=\"text-align:justify;\"><span >Su pasi\u00f3n por los caballos le lleva a fundar en 1860 la <em>Photographie Hippique<\/em>. Su establecimiento recibi\u00f3 la visita de los mejores jinetes, amazonas y carruajes, incluidos miembros de la aristocracia y la realeza. Sus modelos posaban en escenarios al aire libre o en su estudio delante de enormes lienzos pintados.<\/span><\/p>\n<p style=\"text-align:justify;\"><span >Particip\u00f3 en exposiciones internacionales y public\u00f3 diferentes colecciones de fotograf\u00edas. Muri\u00f3 en 1891 a los ochenta y cuatro a\u00f1os de edad.<\/span><\/p>\n<p style=\"text-align:justify;\"><span >Jean Delton II naci\u00f3 en Par\u00eds en 1850. Despu\u00e9s de estudiar unos a\u00f1os en Inglaterra, se inicia en la fotograf\u00eda en 1867 colaborando con su padre. A partir de 1880 pasar\u00e1 a dirigir el estudio familiar. En 1881 se convierte en el primer fot\u00f3grafo en Europa en realizar fotograf\u00edas de caballos en movimiento.<\/span><\/p>\n<p style=\"text-align:justify;\"><span >Las numerosas fotograf\u00edas h\u00edpicas que realiz\u00f3 a lo largo de su carrera profesional sirvieron para ilustrar obras t\u00e9cnicas y publicaciones deportivas. Tambi\u00e9n edit\u00f3 sendas revistas ilustradas dedicadas a los caballos y los deportes. No obstante, \u00e9l era principalmente un retratista. Por su estudio fotogr\u00e1fico desfilaron los mejores caballos de silla y de enganches de la \u00e9lite del mundo ecuestre.<\/span><\/p>\n<p style=\"text-align:justify;\"><span >El \u00faltimo representante de la saga, Jean Delton III, naci\u00f3 en Par\u00eds en 1890, y tuvo una corta vida. Despu\u00e9s de recibir una buena educaci\u00f3n, se alist\u00f3 durante tres a\u00f1os en el regimiento de los Dragones, donde se convirti\u00f3 en un buen jinete.<\/span><\/p>\n<p style=\"text-align:justify;\"><span >Tras regresar del servicio militar, colabora durante dos a\u00f1os con su padre en el estudio familiar, obteniendo con sus primeros trabajos unos resultados prometedores. Sin embargo, su carrera se vio frustrada por el estallido de la Primera Guerra Mundial. Tras ser movilizado, particip\u00f3 con la caballer\u00eda en diferentes batallas, hasta que la muerte le alcanz\u00f3 en tierras belgas en octubre de 1914.<\/span><\/p>\n<p style=\"text-align:justify;\"><span >Su p\u00e9rdida supuso un duro varapalo ya que se hab\u00edan creado grandes expectativas en torno a su corta carrera, y se pensaba que pod\u00eda ser un gran revulsivo para la fotograf\u00eda h\u00edpica.<\/span><\/p>\n<p style=\"text-align:justify;\"><span >La historia de esta dinast\u00eda de fot\u00f3grafos se recoge en la obra titulada <em>Le monde du cheval, 1864-1914: cent clich\u00e9s de la Photographie Hippique<\/em>, editado en Par\u00eds por Legoupy-Lecaplain el a\u00f1o 1917. Este libro forma parte del Fondo Salvatierra de la Biblioteca de la Real Maestranza de Caballer\u00eda de Ronda, cuya tem\u00e1tica se centra en la historia del enganche y los carruajes.<\/span><\/p>\n<p style=\"text-align:justify;\"><span >La fotograf\u00eda que acompa\u00f1a esta entrada forma parte de este libro y ha sido la elegida para ilustrar el cartel del XXXVIII Concurso Exhibici\u00f3n de Enganches de Ronda, que tendr\u00e1 lugar el 7 de septiembre dentro de la Feria y Fiestas de Pedro Romero 2014.<\/span><\/p>\n","protected":false},"excerpt":{"rendered":"<p>\u00b7 ART\u00cdCULO \u00b7 \u00b7 BIBLIOTECA DE LA REAL MAESTRANZA DE CABALLER\u00cdA DE RONDA \u00b7 \u00b7 SEPTIEMBRE 2014 \u00b7 \u00b7 FONDO EQUITACI\u00d3N \u00b7 \u201cCoup\u00e9 huit ressorts en poste, au Prince Constantin Radziwill, 1906\u201d El estudio fotogr\u00e1fico franc\u00e9s de la Photographie Hippique (siglos XIX-XX), ha pasado a la historia por reunir a tres generaciones de fot\u00f3grafos especializados [&hellip;]<\/p>\n","protected":false},"author":2,"featured_media":505,"comment_status":"open","ping_status":"open","sticky":false,"template":"","format":"standard","meta":{"footnotes":""},"categories":[140,791],"tags":[105,252,176,101,194,96,143,137],"class_list":["post-6123","post","type-post","status-publish","format-standard","has-post-thumbnail","hentry","category-biblioteca","category-boletin-bibliografico-biblioteca-rmr","tag-biblioteca-general","tag-biblioteca-rmr","tag-boletin-mensual-bibliografico","tag-caballos","tag-carruajes","tag-equitacion","tag-fotografias","tag-libros"],"yoast_head":"<!-- This site is optimized with the Yoast SEO plugin v27.5 - https:\/\/yoast.com\/product\/yoast-seo-wordpress\/ -->\n<title>Biblioteca-RMR: N\u00ba 9. Photographie Hippique. Septiembre 2014. - Real Maestranza de Caballer\u00eda de Ronda<\/title>\n<meta name=\"robots\" content=\"index, follow, max-snippet:-1, max-image-preview:large, max-video-preview:-1\" \/>\n<link rel=\"canonical\" href=\"https:\/\/www.rmcr.org\/en\/2014\/09\/02\/biblioteca-rmr-photographie-hippique-septiembre-2014\/\" \/>\n<meta property=\"og:locale\" content=\"en_US\" \/>\n<meta property=\"og:type\" content=\"article\" \/>\n<meta property=\"og:title\" content=\"Biblioteca-RMR: N\u00ba 9. Photographie Hippique. Septiembre 2014. - Real Maestranza de Caballer\u00eda de Ronda\" \/>\n<meta property=\"og:description\" content=\"\u00b7 ART\u00cdCULO \u00b7 \u00b7 BIBLIOTECA DE LA REAL MAESTRANZA DE CABALLER\u00cdA DE RONDA \u00b7 \u00b7 SEPTIEMBRE 2014 \u00b7 \u00b7 FONDO EQUITACI\u00d3N \u00b7 \u201cCoup\u00e9 huit ressorts en poste, au Prince Constantin Radziwill, 1906\u201d El estudio fotogr\u00e1fico franc\u00e9s de la Photographie Hippique (siglos XIX-XX), ha pasado a la historia por reunir a tres generaciones de fot\u00f3grafos especializados [&hellip;]\" \/>\n<meta property=\"og:url\" content=\"https:\/\/www.rmcr.org\/en\/2014\/09\/02\/biblioteca-rmr-photographie-hippique-septiembre-2014\/\" \/>\n<meta property=\"og:site_name\" content=\"Real Maestranza de Caballer\u00eda de Ronda\" \/>\n<meta property=\"article:publisher\" content=\"https:\/\/www.facebook.com\/plazadetorosronda\" \/>\n<meta property=\"article:published_time\" content=\"2014-09-02T07:26:07+00:00\" \/>\n<meta property=\"article:modified_time\" content=\"2025-04-03T15:12:11+00:00\" \/>\n<meta property=\"og:image\" content=\"https:\/\/www.rmcr.org\/wp-content\/uploads\/2014\/09\/delt.jpg\" \/>\n\t<meta property=\"og:image:width\" content=\"469\" \/>\n\t<meta property=\"og:image:height\" content=\"138\" \/>\n\t<meta property=\"og:image:type\" content=\"image\/jpeg\" \/>\n<meta name=\"author\" content=\"BIBLIOTECA\" \/>\n<meta name=\"twitter:card\" content=\"summary_large_image\" \/>\n<meta name=\"twitter:creator\" content=\"@PlazatorosRMR\" \/>\n<meta name=\"twitter:site\" content=\"@PlazatorosRMR\" \/>\n<meta name=\"twitter:label1\" content=\"Written by\" \/>\n\t<meta name=\"twitter:data1\" content=\"BIBLIOTECA\" \/>\n\t<meta name=\"twitter:label2\" content=\"Est. reading time\" \/>\n\t<meta name=\"twitter:data2\" content=\"3 minutes\" \/>\n<script type=\"application\/ld+json\" class=\"yoast-schema-graph\">{\"@context\":\"https:\\\/\\\/schema.org\",\"@graph\":[{\"@type\":\"Article\",\"@id\":\"https:\\\/\\\/www.rmcr.org\\\/en\\\/2014\\\/09\\\/02\\\/biblioteca-rmr-photographie-hippique-septiembre-2014\\\/#article\",\"isPartOf\":{\"@id\":\"https:\\\/\\\/www.rmcr.org\\\/en\\\/2014\\\/09\\\/02\\\/biblioteca-rmr-photographie-hippique-septiembre-2014\\\/\"},\"author\":{\"name\":\"BIBLIOTECA\",\"@id\":\"https:\\\/\\\/www.rmcr.org\\\/en\\\/#\\\/schema\\\/person\\\/80849edee7ef556893505128619ea1d0\"},\"headline\":\"Biblioteca-RMR: N\u00ba 9. Photographie Hippique. Septiembre 2014.\",\"datePublished\":\"2014-09-02T07:26:07+00:00\",\"dateModified\":\"2025-04-03T15:12:11+00:00\",\"mainEntityOfPage\":{\"@id\":\"https:\\\/\\\/www.rmcr.org\\\/en\\\/2014\\\/09\\\/02\\\/biblioteca-rmr-photographie-hippique-septiembre-2014\\\/\"},\"wordCount\":569,\"commentCount\":0,\"publisher\":{\"@id\":\"https:\\\/\\\/www.rmcr.org\\\/en\\\/#organization\"},\"image\":{\"@id\":\"https:\\\/\\\/www.rmcr.org\\\/en\\\/2014\\\/09\\\/02\\\/biblioteca-rmr-photographie-hippique-septiembre-2014\\\/#primaryimage\"},\"thumbnailUrl\":\"https:\\\/\\\/www.rmcr.org\\\/wp-content\\\/uploads\\\/2014\\\/09\\\/delt.jpg\",\"keywords\":[\"Biblioteca\",\"Biblioteca-RMR\",\"Bolet\u00edn mensual bibliogr\u00e1fico\",\"Caballos\",\"Carruajes\",\"Equitaci\u00f3n\",\"Fotograf\u00edas\",\"Libros\"],\"articleSection\":[\"Biblioteca\",\"Bolet\u00edn bibliogr\u00e1fico Biblioteca-RMR\"],\"inLanguage\":\"en-US\",\"potentialAction\":[{\"@type\":\"CommentAction\",\"name\":\"Comment\",\"target\":[\"https:\\\/\\\/www.rmcr.org\\\/en\\\/2014\\\/09\\\/02\\\/biblioteca-rmr-photographie-hippique-septiembre-2014\\\/#respond\"]}]},{\"@type\":\"WebPage\",\"@id\":\"https:\\\/\\\/www.rmcr.org\\\/en\\\/2014\\\/09\\\/02\\\/biblioteca-rmr-photographie-hippique-septiembre-2014\\\/\",\"url\":\"https:\\\/\\\/www.rmcr.org\\\/en\\\/2014\\\/09\\\/02\\\/biblioteca-rmr-photographie-hippique-septiembre-2014\\\/\",\"name\":\"Biblioteca-RMR: N\u00ba 9. Photographie Hippique. Septiembre 2014. - Real Maestranza de Caballer\u00eda de Ronda\",\"isPartOf\":{\"@id\":\"https:\\\/\\\/www.rmcr.org\\\/en\\\/#website\"},\"primaryImageOfPage\":{\"@id\":\"https:\\\/\\\/www.rmcr.org\\\/en\\\/2014\\\/09\\\/02\\\/biblioteca-rmr-photographie-hippique-septiembre-2014\\\/#primaryimage\"},\"image\":{\"@id\":\"https:\\\/\\\/www.rmcr.org\\\/en\\\/2014\\\/09\\\/02\\\/biblioteca-rmr-photographie-hippique-septiembre-2014\\\/#primaryimage\"},\"thumbnailUrl\":\"https:\\\/\\\/www.rmcr.org\\\/wp-content\\\/uploads\\\/2014\\\/09\\\/delt.jpg\",\"datePublished\":\"2014-09-02T07:26:07+00:00\",\"dateModified\":\"2025-04-03T15:12:11+00:00\",\"breadcrumb\":{\"@id\":\"https:\\\/\\\/www.rmcr.org\\\/en\\\/2014\\\/09\\\/02\\\/biblioteca-rmr-photographie-hippique-septiembre-2014\\\/#breadcrumb\"},\"inLanguage\":\"en-US\",\"potentialAction\":[{\"@type\":\"ReadAction\",\"target\":[\"https:\\\/\\\/www.rmcr.org\\\/en\\\/2014\\\/09\\\/02\\\/biblioteca-rmr-photographie-hippique-septiembre-2014\\\/\"]}]},{\"@type\":\"ImageObject\",\"inLanguage\":\"en-US\",\"@id\":\"https:\\\/\\\/www.rmcr.org\\\/en\\\/2014\\\/09\\\/02\\\/biblioteca-rmr-photographie-hippique-septiembre-2014\\\/#primaryimage\",\"url\":\"https:\\\/\\\/www.rmcr.org\\\/wp-content\\\/uploads\\\/2014\\\/09\\\/delt.jpg\",\"contentUrl\":\"https:\\\/\\\/www.rmcr.org\\\/wp-content\\\/uploads\\\/2014\\\/09\\\/delt.jpg\",\"width\":469,\"height\":138},{\"@type\":\"BreadcrumbList\",\"@id\":\"https:\\\/\\\/www.rmcr.org\\\/en\\\/2014\\\/09\\\/02\\\/biblioteca-rmr-photographie-hippique-septiembre-2014\\\/#breadcrumb\",\"itemListElement\":[{\"@type\":\"ListItem\",\"position\":1,\"name\":\"REAL MAESTRANZA DE CABALLER\u00cdA DE RONDA\",\"item\":\"https:\\\/\\\/www.rmcr.org\\\/en\\\/\"},{\"@type\":\"ListItem\",\"position\":2,\"name\":\"Biblioteca-RMR: N\u00ba 9. Photographie Hippique. Septiembre 2014.\"}]},{\"@type\":\"WebSite\",\"@id\":\"https:\\\/\\\/www.rmcr.org\\\/en\\\/#website\",\"url\":\"https:\\\/\\\/www.rmcr.org\\\/en\\\/\",\"name\":\"Real Maestranza de Caballer\u00eda de Ronda\",\"description\":\"Real Maestranza de Caballer\u00eda de Ronda\",\"publisher\":{\"@id\":\"https:\\\/\\\/www.rmcr.org\\\/en\\\/#organization\"},\"alternateName\":\"RMCR\",\"potentialAction\":[{\"@type\":\"SearchAction\",\"target\":{\"@type\":\"EntryPoint\",\"urlTemplate\":\"https:\\\/\\\/www.rmcr.org\\\/en\\\/?s={search_term_string}\"},\"query-input\":{\"@type\":\"PropertyValueSpecification\",\"valueRequired\":true,\"valueName\":\"search_term_string\"}}],\"inLanguage\":\"en-US\"},{\"@type\":\"Organization\",\"@id\":\"https:\\\/\\\/www.rmcr.org\\\/en\\\/#organization\",\"name\":\"Real Maestranza de Caballer\u00eda de Ronda\",\"alternateName\":\"RMR\",\"url\":\"https:\\\/\\\/www.rmcr.org\\\/en\\\/\",\"logo\":{\"@type\":\"ImageObject\",\"inLanguage\":\"en-US\",\"@id\":\"https:\\\/\\\/www.rmcr.org\\\/en\\\/#\\\/schema\\\/logo\\\/image\\\/\",\"url\":\"https:\\\/\\\/www.rmcr.org\\\/wp-content\\\/uploads\\\/2022\\\/07\\\/logo-rmr-blue.svg\",\"contentUrl\":\"https:\\\/\\\/www.rmcr.org\\\/wp-content\\\/uploads\\\/2022\\\/07\\\/logo-rmr-blue.svg\",\"width\":131,\"height\":129,\"caption\":\"Real Maestranza de Caballer\u00eda de Ronda\"},\"image\":{\"@id\":\"https:\\\/\\\/www.rmcr.org\\\/en\\\/#\\\/schema\\\/logo\\\/image\\\/\"},\"sameAs\":[\"https:\\\/\\\/www.facebook.com\\\/plazadetorosronda\",\"https:\\\/\\\/x.com\\\/PlazatorosRMR\",\"https:\\\/\\\/www.instagram.com\\\/realmaestranzaderonda\\\/\",\"https:\\\/\\\/www.youtube.com\\\/channel\\\/UCrbO5IUN-8v_QML739vM4zg\\\/videos\"]},{\"@type\":\"Person\",\"@id\":\"https:\\\/\\\/www.rmcr.org\\\/en\\\/#\\\/schema\\\/person\\\/80849edee7ef556893505128619ea1d0\",\"name\":\"BIBLIOTECA\",\"image\":{\"@type\":\"ImageObject\",\"inLanguage\":\"en-US\",\"@id\":\"https:\\\/\\\/www.rmcr.org\\\/wp-content\\\/uploads\\\/2022\\\/11\\\/avatar-rmcr-96x96.png\",\"url\":\"https:\\\/\\\/www.rmcr.org\\\/wp-content\\\/uploads\\\/2022\\\/11\\\/avatar-rmcr-96x96.png\",\"contentUrl\":\"https:\\\/\\\/www.rmcr.org\\\/wp-content\\\/uploads\\\/2022\\\/11\\\/avatar-rmcr-96x96.png\",\"caption\":\"BIBLIOTECA\"},\"url\":\"https:\\\/\\\/www.rmcr.org\\\/en\\\/author\\\/juan-antonio-moreno\\\/\"}]}<\/script>\n<!-- \/ Yoast SEO plugin. -->","yoast_head_json":{"title":"Biblioteca-RMR: N\u00ba 9. Photographie Hippique. Septiembre 2014. - Real Maestranza de Caballer\u00eda de Ronda","robots":{"index":"index","follow":"follow","max-snippet":"max-snippet:-1","max-image-preview":"max-image-preview:large","max-video-preview":"max-video-preview:-1"},"canonical":"https:\/\/www.rmcr.org\/en\/2014\/09\/02\/biblioteca-rmr-photographie-hippique-septiembre-2014\/","og_locale":"en_US","og_type":"article","og_title":"Biblioteca-RMR: N\u00ba 9. Photographie Hippique. Septiembre 2014. - Real Maestranza de Caballer\u00eda de Ronda","og_description":"\u00b7 ART\u00cdCULO \u00b7 \u00b7 BIBLIOTECA DE LA REAL MAESTRANZA DE CABALLER\u00cdA DE RONDA \u00b7 \u00b7 SEPTIEMBRE 2014 \u00b7 \u00b7 FONDO EQUITACI\u00d3N \u00b7 \u201cCoup\u00e9 huit ressorts en poste, au Prince Constantin Radziwill, 1906\u201d El estudio fotogr\u00e1fico franc\u00e9s de la Photographie Hippique (siglos XIX-XX), ha pasado a la historia por reunir a tres generaciones de fot\u00f3grafos especializados [&hellip;]","og_url":"https:\/\/www.rmcr.org\/en\/2014\/09\/02\/biblioteca-rmr-photographie-hippique-septiembre-2014\/","og_site_name":"Real Maestranza de Caballer\u00eda de Ronda","article_publisher":"https:\/\/www.facebook.com\/plazadetorosronda","article_published_time":"2014-09-02T07:26:07+00:00","article_modified_time":"2025-04-03T15:12:11+00:00","og_image":[{"width":469,"height":138,"url":"https:\/\/www.rmcr.org\/wp-content\/uploads\/2014\/09\/delt.jpg","type":"image\/jpeg"}],"author":"BIBLIOTECA","twitter_card":"summary_large_image","twitter_creator":"@PlazatorosRMR","twitter_site":"@PlazatorosRMR","twitter_misc":{"Written by":"BIBLIOTECA","Est. reading time":"3 minutes"},"schema":{"@context":"https:\/\/schema.org","@graph":[{"@type":"Article","@id":"https:\/\/www.rmcr.org\/en\/2014\/09\/02\/biblioteca-rmr-photographie-hippique-septiembre-2014\/#article","isPartOf":{"@id":"https:\/\/www.rmcr.org\/en\/2014\/09\/02\/biblioteca-rmr-photographie-hippique-septiembre-2014\/"},"author":{"name":"BIBLIOTECA","@id":"https:\/\/www.rmcr.org\/en\/#\/schema\/person\/80849edee7ef556893505128619ea1d0"},"headline":"Biblioteca-RMR: N\u00ba 9. Photographie Hippique. Septiembre 2014.","datePublished":"2014-09-02T07:26:07+00:00","dateModified":"2025-04-03T15:12:11+00:00","mainEntityOfPage":{"@id":"https:\/\/www.rmcr.org\/en\/2014\/09\/02\/biblioteca-rmr-photographie-hippique-septiembre-2014\/"},"wordCount":569,"commentCount":0,"publisher":{"@id":"https:\/\/www.rmcr.org\/en\/#organization"},"image":{"@id":"https:\/\/www.rmcr.org\/en\/2014\/09\/02\/biblioteca-rmr-photographie-hippique-septiembre-2014\/#primaryimage"},"thumbnailUrl":"https:\/\/www.rmcr.org\/wp-content\/uploads\/2014\/09\/delt.jpg","keywords":["Biblioteca","Biblioteca-RMR","Bolet\u00edn mensual bibliogr\u00e1fico","Caballos","Carruajes","Equitaci\u00f3n","Fotograf\u00edas","Libros"],"articleSection":["Biblioteca","Bolet\u00edn bibliogr\u00e1fico Biblioteca-RMR"],"inLanguage":"en-US","potentialAction":[{"@type":"CommentAction","name":"Comment","target":["https:\/\/www.rmcr.org\/en\/2014\/09\/02\/biblioteca-rmr-photographie-hippique-septiembre-2014\/#respond"]}]},{"@type":"WebPage","@id":"https:\/\/www.rmcr.org\/en\/2014\/09\/02\/biblioteca-rmr-photographie-hippique-septiembre-2014\/","url":"https:\/\/www.rmcr.org\/en\/2014\/09\/02\/biblioteca-rmr-photographie-hippique-septiembre-2014\/","name":"Biblioteca-RMR: N\u00ba 9. Photographie Hippique. Septiembre 2014. - Real Maestranza de Caballer\u00eda de Ronda","isPartOf":{"@id":"https:\/\/www.rmcr.org\/en\/#website"},"primaryImageOfPage":{"@id":"https:\/\/www.rmcr.org\/en\/2014\/09\/02\/biblioteca-rmr-photographie-hippique-septiembre-2014\/#primaryimage"},"image":{"@id":"https:\/\/www.rmcr.org\/en\/2014\/09\/02\/biblioteca-rmr-photographie-hippique-septiembre-2014\/#primaryimage"},"thumbnailUrl":"https:\/\/www.rmcr.org\/wp-content\/uploads\/2014\/09\/delt.jpg","datePublished":"2014-09-02T07:26:07+00:00","dateModified":"2025-04-03T15:12:11+00:00","breadcrumb":{"@id":"https:\/\/www.rmcr.org\/en\/2014\/09\/02\/biblioteca-rmr-photographie-hippique-septiembre-2014\/#breadcrumb"},"inLanguage":"en-US","potentialAction":[{"@type":"ReadAction","target":["https:\/\/www.rmcr.org\/en\/2014\/09\/02\/biblioteca-rmr-photographie-hippique-septiembre-2014\/"]}]},{"@type":"ImageObject","inLanguage":"en-US","@id":"https:\/\/www.rmcr.org\/en\/2014\/09\/02\/biblioteca-rmr-photographie-hippique-septiembre-2014\/#primaryimage","url":"https:\/\/www.rmcr.org\/wp-content\/uploads\/2014\/09\/delt.jpg","contentUrl":"https:\/\/www.rmcr.org\/wp-content\/uploads\/2014\/09\/delt.jpg","width":469,"height":138},{"@type":"BreadcrumbList","@id":"https:\/\/www.rmcr.org\/en\/2014\/09\/02\/biblioteca-rmr-photographie-hippique-septiembre-2014\/#breadcrumb","itemListElement":[{"@type":"ListItem","position":1,"name":"REAL MAESTRANZA DE CABALLER\u00cdA DE RONDA","item":"https:\/\/www.rmcr.org\/en\/"},{"@type":"ListItem","position":2,"name":"Biblioteca-RMR: N\u00ba 9. Photographie Hippique. Septiembre 2014."}]},{"@type":"WebSite","@id":"https:\/\/www.rmcr.org\/en\/#website","url":"https:\/\/www.rmcr.org\/en\/","name":"Real Maestranza de Caballer\u00eda de Ronda","description":"Real Maestranza de Caballer\u00eda de Ronda","publisher":{"@id":"https:\/\/www.rmcr.org\/en\/#organization"},"alternateName":"RMCR","potentialAction":[{"@type":"SearchAction","target":{"@type":"EntryPoint","urlTemplate":"https:\/\/www.rmcr.org\/en\/?s={search_term_string}"},"query-input":{"@type":"PropertyValueSpecification","valueRequired":true,"valueName":"search_term_string"}}],"inLanguage":"en-US"},{"@type":"Organization","@id":"https:\/\/www.rmcr.org\/en\/#organization","name":"Real Maestranza de Caballer\u00eda de Ronda","alternateName":"RMR","url":"https:\/\/www.rmcr.org\/en\/","logo":{"@type":"ImageObject","inLanguage":"en-US","@id":"https:\/\/www.rmcr.org\/en\/#\/schema\/logo\/image\/","url":"https:\/\/www.rmcr.org\/wp-content\/uploads\/2022\/07\/logo-rmr-blue.svg","contentUrl":"https:\/\/www.rmcr.org\/wp-content\/uploads\/2022\/07\/logo-rmr-blue.svg","width":131,"height":129,"caption":"Real Maestranza de Caballer\u00eda de Ronda"},"image":{"@id":"https:\/\/www.rmcr.org\/en\/#\/schema\/logo\/image\/"},"sameAs":["https:\/\/www.facebook.com\/plazadetorosronda","https:\/\/x.com\/PlazatorosRMR","https:\/\/www.instagram.com\/realmaestranzaderonda\/","https:\/\/www.youtube.com\/channel\/UCrbO5IUN-8v_QML739vM4zg\/videos"]},{"@type":"Person","@id":"https:\/\/www.rmcr.org\/en\/#\/schema\/person\/80849edee7ef556893505128619ea1d0","name":"BIBLIOTECA","image":{"@type":"ImageObject","inLanguage":"en-US","@id":"https:\/\/www.rmcr.org\/wp-content\/uploads\/2022\/11\/avatar-rmcr-96x96.png","url":"https:\/\/www.rmcr.org\/wp-content\/uploads\/2022\/11\/avatar-rmcr-96x96.png","contentUrl":"https:\/\/www.rmcr.org\/wp-content\/uploads\/2022\/11\/avatar-rmcr-96x96.png","caption":"BIBLIOTECA"},"url":"https:\/\/www.rmcr.org\/en\/author\/juan-antonio-moreno\/"}]}},"_links":{"self":[{"href":"https:\/\/www.rmcr.org\/en\/wp-json\/wp\/v2\/posts\/6123","targetHints":{"allow":["GET"]}}],"collection":[{"href":"https:\/\/www.rmcr.org\/en\/wp-json\/wp\/v2\/posts"}],"about":[{"href":"https:\/\/www.rmcr.org\/en\/wp-json\/wp\/v2\/types\/post"}],"author":[{"embeddable":true,"href":"https:\/\/www.rmcr.org\/en\/wp-json\/wp\/v2\/users\/2"}],"replies":[{"embeddable":true,"href":"https:\/\/www.rmcr.org\/en\/wp-json\/wp\/v2\/comments?post=6123"}],"version-history":[{"count":1,"href":"https:\/\/www.rmcr.org\/en\/wp-json\/wp\/v2\/posts\/6123\/revisions"}],"predecessor-version":[{"id":18317,"href":"https:\/\/www.rmcr.org\/en\/wp-json\/wp\/v2\/posts\/6123\/revisions\/18317"}],"wp:featuredmedia":[{"embeddable":true,"href":"https:\/\/www.rmcr.org\/en\/wp-json\/wp\/v2\/media\/505"}],"wp:attachment":[{"href":"https:\/\/www.rmcr.org\/en\/wp-json\/wp\/v2\/media?parent=6123"}],"wp:term":[{"taxonomy":"category","embeddable":true,"href":"https:\/\/www.rmcr.org\/en\/wp-json\/wp\/v2\/categories?post=6123"},{"taxonomy":"post_tag","embeddable":true,"href":"https:\/\/www.rmcr.org\/en\/wp-json\/wp\/v2\/tags?post=6123"}],"curies":[{"name":"wp","href":"https:\/\/api.w.org\/{rel}","templated":true}]}}