{"id":6122,"date":"2014-09-01T16:03:27","date_gmt":"2014-09-01T16:03:27","guid":{"rendered":"https:\/\/www.rmcr.org\/?p=6122"},"modified":"2025-04-04T09:54:21","modified_gmt":"2025-04-04T09:54:21","slug":"documentos-en-el-archivo-de-la-rmr-no-7-agosto","status":"publish","type":"post","link":"https:\/\/www.rmcr.org\/en\/2014\/09\/01\/documentos-en-el-archivo-de-la-rmr-no-7-agosto\/","title":{"rendered":"Documentos en el Archivo de la RMR, n\u00ba 7 agosto"},"content":{"rendered":"<p>El Archivo de la Real Maestranza publica un nuevo n\u00famero de su revista<strong>&nbsp;\u201cDocumentos en el Archivo de la RMR\u201d n\u00ba 7 agosto&nbsp;2014.<\/strong><\/p>\n<p><img fetchpriority=\"high\" decoding=\"async\" class=\"wp-image-481 aligncenter\" src=\"https:\/\/www.rmcr.org\/wp-content\/uploads\/2014\/09\/documentos-en-el-archivo-de-la-rmr-7-portada.jpg?w=212\" alt=\"Documentos en el Archivo de la RMR-7 portada\" width=\"257\" height=\"358\"><\/p>\n<p>Con motivo de la celebraci\u00f3n de la LVIII Corrida Goyesca de Ronda, el pr\u00f3ximo d\u00eda 7 de septiembre en la plaza de Toros de la Real Maestranza de Caballer\u00eda de Ronda, el Archivo de la RMR da a conocer parte de sus fondos fotogr\u00e1ficos de im\u00e1genes&nbsp;relacionadas con este acontecimiento. Un recorrido exclusivamente visual desde&nbsp;1954 hasta hoy en d\u00eda. Actualmente el archivo fotogr\u00e1fico de la RMR&nbsp;se encuentra en proceso de descripci\u00f3n y digitalizaci\u00f3n.&nbsp;<\/p>\n<p>Descarga el documento en pdf:&nbsp;<a href=\"https:\/\/www.rmcr.org\/wp-content\/uploads\/2014\/09\/documentos-en-el-archivo-de-la-rmr-7.pdf\">Documentos en el Archivo de la RMR-7<\/a><\/p>\n<p>Visualiza el documento a trav\u00e9s de Calam\u00e9o:&nbsp;<a href=\"http:\/\/es.calameo.com\/read\/0027734989821df9a28ec\" target=\"_blank\" rel=\"noopener\">Documentos del Archivo de la RMR, n\u00ba7 agosto<\/a><\/p>\n<p>Nota: por el peso del documento es posible que pueda tener&nbsp;problemas o sea lenta su descarga<\/p>\n<p style=\"text-align:center;\">\n<p style=\"text-align:center;\">\n<p style=\"text-align:center;\">\n<p style=\"text-align:center;\">\n","protected":false},"excerpt":{"rendered":"<p>El Archivo de la Real Maestranza publica un nuevo n\u00famero de su revista&nbsp;\u201cDocumentos en el Archivo de la RMR\u201d n\u00ba 7 agosto&nbsp;2014. Con motivo de la celebraci\u00f3n de la LVIII Corrida Goyesca de Ronda, el pr\u00f3ximo d\u00eda 7 de septiembre en la plaza de Toros de la Real Maestranza de Caballer\u00eda de Ronda, el Archivo [&hellip;]<\/p>\n","protected":false},"author":3,"featured_media":11803,"comment_status":"open","ping_status":"open","sticky":false,"template":"","format":"standard","meta":{"footnotes":""},"categories":[134,512],"tags":[235,225,172,185,174,139,114,189],"class_list":["post-6122","post","type-post","status-publish","format-standard","has-post-thumbnail","hentry","category-archivo","category-documentos-archivos-rmr","tag-archivo","tag-fondos-documentales","tag-historia","tag-reales-maestranzas","tag-revista-digital","tag-rilke","tag-ronda","tag-tauromaquia"],"yoast_head":"<!-- This site is optimized with the Yoast SEO plugin v27.5 - https:\/\/yoast.com\/product\/yoast-seo-wordpress\/ -->\n<title>Documentos en el Archivo de la RMR, n\u00ba 7 agosto - Real Maestranza de Caballer\u00eda de Ronda<\/title>\n<meta name=\"robots\" content=\"index, follow, max-snippet:-1, max-image-preview:large, max-video-preview:-1\" \/>\n<link rel=\"canonical\" href=\"https:\/\/www.rmcr.org\/en\/2014\/09\/01\/documentos-en-el-archivo-de-la-rmr-no-7-agosto\/\" \/>\n<meta property=\"og:locale\" content=\"en_US\" \/>\n<meta property=\"og:type\" content=\"article\" \/>\n<meta property=\"og:title\" content=\"Documentos en el Archivo de la RMR, n\u00ba 7 agosto - Real Maestranza de Caballer\u00eda de Ronda\" \/>\n<meta property=\"og:description\" content=\"El Archivo de la Real Maestranza publica un nuevo n\u00famero de su revista&nbsp;\u201cDocumentos en el Archivo de la RMR\u201d n\u00ba 7 agosto&nbsp;2014. Con motivo de la celebraci\u00f3n de la LVIII Corrida Goyesca de Ronda, el pr\u00f3ximo d\u00eda 7 de septiembre en la plaza de Toros de la Real Maestranza de Caballer\u00eda de Ronda, el Archivo [&hellip;]\" \/>\n<meta property=\"og:url\" content=\"https:\/\/www.rmcr.org\/en\/2014\/09\/01\/documentos-en-el-archivo-de-la-rmr-no-7-agosto\/\" \/>\n<meta property=\"og:site_name\" content=\"Real Maestranza de Caballer\u00eda de Ronda\" \/>\n<meta property=\"article:publisher\" content=\"https:\/\/www.facebook.com\/plazadetorosronda\" \/>\n<meta property=\"article:published_time\" content=\"2014-09-01T16:03:27+00:00\" \/>\n<meta property=\"article:modified_time\" content=\"2025-04-04T09:54:21+00:00\" \/>\n<meta property=\"og:image\" content=\"https:\/\/www.rmcr.org\/wp-content\/uploads\/2022\/10\/tc3adtulo-doc.jpg\" \/>\n\t<meta property=\"og:image:width\" content=\"1082\" \/>\n\t<meta property=\"og:image:height\" content=\"266\" \/>\n\t<meta property=\"og:image:type\" content=\"image\/jpeg\" \/>\n<meta name=\"author\" content=\"ARCHIVO\" \/>\n<meta name=\"twitter:card\" content=\"summary_large_image\" \/>\n<meta name=\"twitter:creator\" content=\"@PlazatorosRMR\" \/>\n<meta name=\"twitter:site\" content=\"@PlazatorosRMR\" \/>\n<meta name=\"twitter:label1\" content=\"Written by\" \/>\n\t<meta name=\"twitter:data1\" content=\"ARCHIVO\" \/>\n\t<meta name=\"twitter:label2\" content=\"Est. reading time\" \/>\n\t<meta name=\"twitter:data2\" content=\"1 minute\" \/>\n<script type=\"application\/ld+json\" class=\"yoast-schema-graph\">{\"@context\":\"https:\\\/\\\/schema.org\",\"@graph\":[{\"@type\":\"Article\",\"@id\":\"https:\\\/\\\/www.rmcr.org\\\/en\\\/2014\\\/09\\\/01\\\/documentos-en-el-archivo-de-la-rmr-no-7-agosto\\\/#article\",\"isPartOf\":{\"@id\":\"https:\\\/\\\/www.rmcr.org\\\/en\\\/2014\\\/09\\\/01\\\/documentos-en-el-archivo-de-la-rmr-no-7-agosto\\\/\"},\"author\":{\"name\":\"ARCHIVO\",\"@id\":\"https:\\\/\\\/www.rmcr.org\\\/en\\\/#\\\/schema\\\/person\\\/f182f13b406ff40dd281a5ecca93380e\"},\"headline\":\"Documentos en el Archivo de la RMR, n\u00ba 7 agosto\",\"datePublished\":\"2014-09-01T16:03:27+00:00\",\"dateModified\":\"2025-04-04T09:54:21+00:00\",\"mainEntityOfPage\":{\"@id\":\"https:\\\/\\\/www.rmcr.org\\\/en\\\/2014\\\/09\\\/01\\\/documentos-en-el-archivo-de-la-rmr-no-7-agosto\\\/\"},\"wordCount\":170,\"commentCount\":0,\"publisher\":{\"@id\":\"https:\\\/\\\/www.rmcr.org\\\/en\\\/#organization\"},\"image\":{\"@id\":\"https:\\\/\\\/www.rmcr.org\\\/en\\\/2014\\\/09\\\/01\\\/documentos-en-el-archivo-de-la-rmr-no-7-agosto\\\/#primaryimage\"},\"thumbnailUrl\":\"https:\\\/\\\/www.rmcr.org\\\/wp-content\\\/uploads\\\/2022\\\/10\\\/tc3adtulo-doc.jpg\",\"keywords\":[\"Archivo\",\"Fondos documentales\",\"Historia\",\"Reales Maestranzas\",\"Revista digital\",\"Rilke\",\"Ronda\",\"Tauromaquia\"],\"articleSection\":[\"Archivo\",\"Documentos Archivo RMR\"],\"inLanguage\":\"en-US\",\"potentialAction\":[{\"@type\":\"CommentAction\",\"name\":\"Comment\",\"target\":[\"https:\\\/\\\/www.rmcr.org\\\/en\\\/2014\\\/09\\\/01\\\/documentos-en-el-archivo-de-la-rmr-no-7-agosto\\\/#respond\"]}]},{\"@type\":\"WebPage\",\"@id\":\"https:\\\/\\\/www.rmcr.org\\\/en\\\/2014\\\/09\\\/01\\\/documentos-en-el-archivo-de-la-rmr-no-7-agosto\\\/\",\"url\":\"https:\\\/\\\/www.rmcr.org\\\/en\\\/2014\\\/09\\\/01\\\/documentos-en-el-archivo-de-la-rmr-no-7-agosto\\\/\",\"name\":\"Documentos en el Archivo de la RMR, n\u00ba 7 agosto - Real Maestranza de Caballer\u00eda de Ronda\",\"isPartOf\":{\"@id\":\"https:\\\/\\\/www.rmcr.org\\\/en\\\/#website\"},\"primaryImageOfPage\":{\"@id\":\"https:\\\/\\\/www.rmcr.org\\\/en\\\/2014\\\/09\\\/01\\\/documentos-en-el-archivo-de-la-rmr-no-7-agosto\\\/#primaryimage\"},\"image\":{\"@id\":\"https:\\\/\\\/www.rmcr.org\\\/en\\\/2014\\\/09\\\/01\\\/documentos-en-el-archivo-de-la-rmr-no-7-agosto\\\/#primaryimage\"},\"thumbnailUrl\":\"https:\\\/\\\/www.rmcr.org\\\/wp-content\\\/uploads\\\/2022\\\/10\\\/tc3adtulo-doc.jpg\",\"datePublished\":\"2014-09-01T16:03:27+00:00\",\"dateModified\":\"2025-04-04T09:54:21+00:00\",\"breadcrumb\":{\"@id\":\"https:\\\/\\\/www.rmcr.org\\\/en\\\/2014\\\/09\\\/01\\\/documentos-en-el-archivo-de-la-rmr-no-7-agosto\\\/#breadcrumb\"},\"inLanguage\":\"en-US\",\"potentialAction\":[{\"@type\":\"ReadAction\",\"target\":[\"https:\\\/\\\/www.rmcr.org\\\/en\\\/2014\\\/09\\\/01\\\/documentos-en-el-archivo-de-la-rmr-no-7-agosto\\\/\"]}]},{\"@type\":\"ImageObject\",\"inLanguage\":\"en-US\",\"@id\":\"https:\\\/\\\/www.rmcr.org\\\/en\\\/2014\\\/09\\\/01\\\/documentos-en-el-archivo-de-la-rmr-no-7-agosto\\\/#primaryimage\",\"url\":\"https:\\\/\\\/www.rmcr.org\\\/wp-content\\\/uploads\\\/2022\\\/10\\\/tc3adtulo-doc.jpg\",\"contentUrl\":\"https:\\\/\\\/www.rmcr.org\\\/wp-content\\\/uploads\\\/2022\\\/10\\\/tc3adtulo-doc.jpg\",\"width\":1082,\"height\":266},{\"@type\":\"BreadcrumbList\",\"@id\":\"https:\\\/\\\/www.rmcr.org\\\/en\\\/2014\\\/09\\\/01\\\/documentos-en-el-archivo-de-la-rmr-no-7-agosto\\\/#breadcrumb\",\"itemListElement\":[{\"@type\":\"ListItem\",\"position\":1,\"name\":\"REAL MAESTRANZA DE CABALLER\u00cdA DE RONDA\",\"item\":\"https:\\\/\\\/www.rmcr.org\\\/en\\\/\"},{\"@type\":\"ListItem\",\"position\":2,\"name\":\"Documentos en el Archivo de la RMR, n\u00ba 7 agosto\"}]},{\"@type\":\"WebSite\",\"@id\":\"https:\\\/\\\/www.rmcr.org\\\/en\\\/#website\",\"url\":\"https:\\\/\\\/www.rmcr.org\\\/en\\\/\",\"name\":\"Real Maestranza de Caballer\u00eda de Ronda\",\"description\":\"Real Maestranza de Caballer\u00eda de Ronda\",\"publisher\":{\"@id\":\"https:\\\/\\\/www.rmcr.org\\\/en\\\/#organization\"},\"alternateName\":\"RMCR\",\"potentialAction\":[{\"@type\":\"SearchAction\",\"target\":{\"@type\":\"EntryPoint\",\"urlTemplate\":\"https:\\\/\\\/www.rmcr.org\\\/en\\\/?s={search_term_string}\"},\"query-input\":{\"@type\":\"PropertyValueSpecification\",\"valueRequired\":true,\"valueName\":\"search_term_string\"}}],\"inLanguage\":\"en-US\"},{\"@type\":\"Organization\",\"@id\":\"https:\\\/\\\/www.rmcr.org\\\/en\\\/#organization\",\"name\":\"Real Maestranza de Caballer\u00eda de Ronda\",\"alternateName\":\"RMR\",\"url\":\"https:\\\/\\\/www.rmcr.org\\\/en\\\/\",\"logo\":{\"@type\":\"ImageObject\",\"inLanguage\":\"en-US\",\"@id\":\"https:\\\/\\\/www.rmcr.org\\\/en\\\/#\\\/schema\\\/logo\\\/image\\\/\",\"url\":\"https:\\\/\\\/www.rmcr.org\\\/wp-content\\\/uploads\\\/2022\\\/07\\\/logo-rmr-blue.svg\",\"contentUrl\":\"https:\\\/\\\/www.rmcr.org\\\/wp-content\\\/uploads\\\/2022\\\/07\\\/logo-rmr-blue.svg\",\"width\":131,\"height\":129,\"caption\":\"Real Maestranza de Caballer\u00eda de Ronda\"},\"image\":{\"@id\":\"https:\\\/\\\/www.rmcr.org\\\/en\\\/#\\\/schema\\\/logo\\\/image\\\/\"},\"sameAs\":[\"https:\\\/\\\/www.facebook.com\\\/plazadetorosronda\",\"https:\\\/\\\/x.com\\\/PlazatorosRMR\",\"https:\\\/\\\/www.instagram.com\\\/realmaestranzaderonda\\\/\",\"https:\\\/\\\/www.youtube.com\\\/channel\\\/UCrbO5IUN-8v_QML739vM4zg\\\/videos\"]},{\"@type\":\"Person\",\"@id\":\"https:\\\/\\\/www.rmcr.org\\\/en\\\/#\\\/schema\\\/person\\\/f182f13b406ff40dd281a5ecca93380e\",\"name\":\"ARCHIVO\",\"image\":{\"@type\":\"ImageObject\",\"inLanguage\":\"en-US\",\"@id\":\"https:\\\/\\\/www.rmcr.org\\\/wp-content\\\/uploads\\\/2022\\\/11\\\/avatar-rmcr-96x96.png\",\"url\":\"https:\\\/\\\/www.rmcr.org\\\/wp-content\\\/uploads\\\/2022\\\/11\\\/avatar-rmcr-96x96.png\",\"contentUrl\":\"https:\\\/\\\/www.rmcr.org\\\/wp-content\\\/uploads\\\/2022\\\/11\\\/avatar-rmcr-96x96.png\",\"caption\":\"ARCHIVO\"},\"url\":\"https:\\\/\\\/www.rmcr.org\\\/en\\\/author\\\/francisco-rosales\\\/\"}]}<\/script>\n<!-- \/ Yoast SEO plugin. -->","yoast_head_json":{"title":"Documentos en el Archivo de la RMR, n\u00ba 7 agosto - Real Maestranza de Caballer\u00eda de Ronda","robots":{"index":"index","follow":"follow","max-snippet":"max-snippet:-1","max-image-preview":"max-image-preview:large","max-video-preview":"max-video-preview:-1"},"canonical":"https:\/\/www.rmcr.org\/en\/2014\/09\/01\/documentos-en-el-archivo-de-la-rmr-no-7-agosto\/","og_locale":"en_US","og_type":"article","og_title":"Documentos en el Archivo de la RMR, n\u00ba 7 agosto - Real Maestranza de Caballer\u00eda de Ronda","og_description":"El Archivo de la Real Maestranza publica un nuevo n\u00famero de su revista&nbsp;\u201cDocumentos en el Archivo de la RMR\u201d n\u00ba 7 agosto&nbsp;2014. Con motivo de la celebraci\u00f3n de la LVIII Corrida Goyesca de Ronda, el pr\u00f3ximo d\u00eda 7 de septiembre en la plaza de Toros de la Real Maestranza de Caballer\u00eda de Ronda, el Archivo [&hellip;]","og_url":"https:\/\/www.rmcr.org\/en\/2014\/09\/01\/documentos-en-el-archivo-de-la-rmr-no-7-agosto\/","og_site_name":"Real Maestranza de Caballer\u00eda de Ronda","article_publisher":"https:\/\/www.facebook.com\/plazadetorosronda","article_published_time":"2014-09-01T16:03:27+00:00","article_modified_time":"2025-04-04T09:54:21+00:00","og_image":[{"width":1082,"height":266,"url":"https:\/\/www.rmcr.org\/wp-content\/uploads\/2022\/10\/tc3adtulo-doc.jpg","type":"image\/jpeg"}],"author":"ARCHIVO","twitter_card":"summary_large_image","twitter_creator":"@PlazatorosRMR","twitter_site":"@PlazatorosRMR","twitter_misc":{"Written by":"ARCHIVO","Est. reading time":"1 minute"},"schema":{"@context":"https:\/\/schema.org","@graph":[{"@type":"Article","@id":"https:\/\/www.rmcr.org\/en\/2014\/09\/01\/documentos-en-el-archivo-de-la-rmr-no-7-agosto\/#article","isPartOf":{"@id":"https:\/\/www.rmcr.org\/en\/2014\/09\/01\/documentos-en-el-archivo-de-la-rmr-no-7-agosto\/"},"author":{"name":"ARCHIVO","@id":"https:\/\/www.rmcr.org\/en\/#\/schema\/person\/f182f13b406ff40dd281a5ecca93380e"},"headline":"Documentos en el Archivo de la RMR, n\u00ba 7 agosto","datePublished":"2014-09-01T16:03:27+00:00","dateModified":"2025-04-04T09:54:21+00:00","mainEntityOfPage":{"@id":"https:\/\/www.rmcr.org\/en\/2014\/09\/01\/documentos-en-el-archivo-de-la-rmr-no-7-agosto\/"},"wordCount":170,"commentCount":0,"publisher":{"@id":"https:\/\/www.rmcr.org\/en\/#organization"},"image":{"@id":"https:\/\/www.rmcr.org\/en\/2014\/09\/01\/documentos-en-el-archivo-de-la-rmr-no-7-agosto\/#primaryimage"},"thumbnailUrl":"https:\/\/www.rmcr.org\/wp-content\/uploads\/2022\/10\/tc3adtulo-doc.jpg","keywords":["Archivo","Fondos documentales","Historia","Reales Maestranzas","Revista digital","Rilke","Ronda","Tauromaquia"],"articleSection":["Archivo","Documentos Archivo RMR"],"inLanguage":"en-US","potentialAction":[{"@type":"CommentAction","name":"Comment","target":["https:\/\/www.rmcr.org\/en\/2014\/09\/01\/documentos-en-el-archivo-de-la-rmr-no-7-agosto\/#respond"]}]},{"@type":"WebPage","@id":"https:\/\/www.rmcr.org\/en\/2014\/09\/01\/documentos-en-el-archivo-de-la-rmr-no-7-agosto\/","url":"https:\/\/www.rmcr.org\/en\/2014\/09\/01\/documentos-en-el-archivo-de-la-rmr-no-7-agosto\/","name":"Documentos en el Archivo de la RMR, n\u00ba 7 agosto - Real Maestranza de Caballer\u00eda de Ronda","isPartOf":{"@id":"https:\/\/www.rmcr.org\/en\/#website"},"primaryImageOfPage":{"@id":"https:\/\/www.rmcr.org\/en\/2014\/09\/01\/documentos-en-el-archivo-de-la-rmr-no-7-agosto\/#primaryimage"},"image":{"@id":"https:\/\/www.rmcr.org\/en\/2014\/09\/01\/documentos-en-el-archivo-de-la-rmr-no-7-agosto\/#primaryimage"},"thumbnailUrl":"https:\/\/www.rmcr.org\/wp-content\/uploads\/2022\/10\/tc3adtulo-doc.jpg","datePublished":"2014-09-01T16:03:27+00:00","dateModified":"2025-04-04T09:54:21+00:00","breadcrumb":{"@id":"https:\/\/www.rmcr.org\/en\/2014\/09\/01\/documentos-en-el-archivo-de-la-rmr-no-7-agosto\/#breadcrumb"},"inLanguage":"en-US","potentialAction":[{"@type":"ReadAction","target":["https:\/\/www.rmcr.org\/en\/2014\/09\/01\/documentos-en-el-archivo-de-la-rmr-no-7-agosto\/"]}]},{"@type":"ImageObject","inLanguage":"en-US","@id":"https:\/\/www.rmcr.org\/en\/2014\/09\/01\/documentos-en-el-archivo-de-la-rmr-no-7-agosto\/#primaryimage","url":"https:\/\/www.rmcr.org\/wp-content\/uploads\/2022\/10\/tc3adtulo-doc.jpg","contentUrl":"https:\/\/www.rmcr.org\/wp-content\/uploads\/2022\/10\/tc3adtulo-doc.jpg","width":1082,"height":266},{"@type":"BreadcrumbList","@id":"https:\/\/www.rmcr.org\/en\/2014\/09\/01\/documentos-en-el-archivo-de-la-rmr-no-7-agosto\/#breadcrumb","itemListElement":[{"@type":"ListItem","position":1,"name":"REAL MAESTRANZA DE CABALLER\u00cdA DE RONDA","item":"https:\/\/www.rmcr.org\/en\/"},{"@type":"ListItem","position":2,"name":"Documentos en el Archivo de la RMR, n\u00ba 7 agosto"}]},{"@type":"WebSite","@id":"https:\/\/www.rmcr.org\/en\/#website","url":"https:\/\/www.rmcr.org\/en\/","name":"Real Maestranza de Caballer\u00eda de Ronda","description":"Real Maestranza de Caballer\u00eda de Ronda","publisher":{"@id":"https:\/\/www.rmcr.org\/en\/#organization"},"alternateName":"RMCR","potentialAction":[{"@type":"SearchAction","target":{"@type":"EntryPoint","urlTemplate":"https:\/\/www.rmcr.org\/en\/?s={search_term_string}"},"query-input":{"@type":"PropertyValueSpecification","valueRequired":true,"valueName":"search_term_string"}}],"inLanguage":"en-US"},{"@type":"Organization","@id":"https:\/\/www.rmcr.org\/en\/#organization","name":"Real Maestranza de Caballer\u00eda de Ronda","alternateName":"RMR","url":"https:\/\/www.rmcr.org\/en\/","logo":{"@type":"ImageObject","inLanguage":"en-US","@id":"https:\/\/www.rmcr.org\/en\/#\/schema\/logo\/image\/","url":"https:\/\/www.rmcr.org\/wp-content\/uploads\/2022\/07\/logo-rmr-blue.svg","contentUrl":"https:\/\/www.rmcr.org\/wp-content\/uploads\/2022\/07\/logo-rmr-blue.svg","width":131,"height":129,"caption":"Real Maestranza de Caballer\u00eda de Ronda"},"image":{"@id":"https:\/\/www.rmcr.org\/en\/#\/schema\/logo\/image\/"},"sameAs":["https:\/\/www.facebook.com\/plazadetorosronda","https:\/\/x.com\/PlazatorosRMR","https:\/\/www.instagram.com\/realmaestranzaderonda\/","https:\/\/www.youtube.com\/channel\/UCrbO5IUN-8v_QML739vM4zg\/videos"]},{"@type":"Person","@id":"https:\/\/www.rmcr.org\/en\/#\/schema\/person\/f182f13b406ff40dd281a5ecca93380e","name":"ARCHIVO","image":{"@type":"ImageObject","inLanguage":"en-US","@id":"https:\/\/www.rmcr.org\/wp-content\/uploads\/2022\/11\/avatar-rmcr-96x96.png","url":"https:\/\/www.rmcr.org\/wp-content\/uploads\/2022\/11\/avatar-rmcr-96x96.png","contentUrl":"https:\/\/www.rmcr.org\/wp-content\/uploads\/2022\/11\/avatar-rmcr-96x96.png","caption":"ARCHIVO"},"url":"https:\/\/www.rmcr.org\/en\/author\/francisco-rosales\/"}]}},"_links":{"self":[{"href":"https:\/\/www.rmcr.org\/en\/wp-json\/wp\/v2\/posts\/6122","targetHints":{"allow":["GET"]}}],"collection":[{"href":"https:\/\/www.rmcr.org\/en\/wp-json\/wp\/v2\/posts"}],"about":[{"href":"https:\/\/www.rmcr.org\/en\/wp-json\/wp\/v2\/types\/post"}],"author":[{"embeddable":true,"href":"https:\/\/www.rmcr.org\/en\/wp-json\/wp\/v2\/users\/3"}],"replies":[{"embeddable":true,"href":"https:\/\/www.rmcr.org\/en\/wp-json\/wp\/v2\/comments?post=6122"}],"version-history":[{"count":1,"href":"https:\/\/www.rmcr.org\/en\/wp-json\/wp\/v2\/posts\/6122\/revisions"}],"predecessor-version":[{"id":11805,"href":"https:\/\/www.rmcr.org\/en\/wp-json\/wp\/v2\/posts\/6122\/revisions\/11805"}],"wp:featuredmedia":[{"embeddable":true,"href":"https:\/\/www.rmcr.org\/en\/wp-json\/wp\/v2\/media\/11803"}],"wp:attachment":[{"href":"https:\/\/www.rmcr.org\/en\/wp-json\/wp\/v2\/media?parent=6122"}],"wp:term":[{"taxonomy":"category","embeddable":true,"href":"https:\/\/www.rmcr.org\/en\/wp-json\/wp\/v2\/categories?post=6122"},{"taxonomy":"post_tag","embeddable":true,"href":"https:\/\/www.rmcr.org\/en\/wp-json\/wp\/v2\/tags?post=6122"}],"curies":[{"name":"wp","href":"https:\/\/api.w.org\/{rel}","templated":true}]}}