{"id":6121,"date":"2014-07-01T09:26:18","date_gmt":"2014-07-01T09:26:18","guid":{"rendered":"https:\/\/www.rmcr.org\/?p=6121"},"modified":"2025-04-03T17:19:17","modified_gmt":"2025-04-03T17:19:17","slug":"presentado-el-libro-antiguedades-de-ronda","status":"publish","type":"post","link":"https:\/\/www.rmcr.org\/en\/2014\/07\/01\/presentado-el-libro-antiguedades-de-ronda\/","title":{"rendered":"Presentado el libro &#8220;Antig\u00fcedades de Ronda&#8221;"},"content":{"rendered":"<p style=\"text-align:justify;\">El pasado 26 de junio se present\u00f3, en el Sal\u00f3n de Grados de la Real Maestranza de Caballer\u00eda de Ronda, el libro <strong>&#8220;Antig\u00fcedades de Ronda&#8221;<\/strong> de Macario Fari\u00f1as del Corral, una de las primeras historias de la ciudad de Ronda (siglo XVII) y fuente de otras posteriores.<\/p>\n<p style=\"text-align:justify;\">La obra, publicada por Ediciones Pinsapar, cuenta con la edici\u00f3n, estudio introductorio y transcripci\u00f3n de los historiadores Rafael Valent\u00edn L\u00f3pez Flores y Sergio Ram\u00edrez Gonz\u00e1lez. El acto de presentaci\u00f3n del libro cont\u00f3 con la participaci\u00f3n de Juan Antonio Moreno Mart\u00edn, bibliotecario de la Real Maestranza de Caballer\u00eda de Ronda, Manuel Becerra Parra, responsable de Ediciones Pinsapar, y los autores anteriormente citados.<\/p>\n<p style=\"text-align:justify;\"><a href=\"https:\/\/www.rmcr.org\/2014\/07\/afc25-n426-014.jpg\"><img fetchpriority=\"high\" decoding=\"async\" class=\"aligncenter  wp-image-461\" src=\"https:\/\/www.rmcr.org\/wp-content\/uploads\/2014\/07\/afc25-n426-014.jpg\" alt=\"Sal\u00f3n de Grados RMR-Presentaci\u00f3n Antig\u00fcedades de Ronda\" width=\"395\" height=\"253\"><\/a><\/p>\n<p>M\u00e1s informaci\u00f3n: <a href=\"http:\/\/www.edicionespinsapar.com\/antiguedades-de-ronda.html\">Ediciones Pinsapar<\/a><\/p>\n","protected":false},"excerpt":{"rendered":"<p>El pasado 26 de junio se present\u00f3, en el Sal\u00f3n de Grados de la Real Maestranza de Caballer\u00eda de Ronda, el libro &#8220;Antig\u00fcedades de Ronda&#8221; de Macario Fari\u00f1as del Corral, una de las primeras historias de la ciudad de Ronda (siglo XVII) y fuente de otras posteriores. La obra, publicada por Ediciones Pinsapar, cuenta con [&hellip;]<\/p>\n","protected":false},"author":2,"featured_media":11848,"comment_status":"open","ping_status":"open","sticky":false,"template":"","format":"standard","meta":{"footnotes":""},"categories":[140,193],"tags":[105,795,172,807,137,792,794,114,793],"class_list":["post-6121","post","type-post","status-publish","format-standard","has-post-thumbnail","hentry","category-biblioteca","category-presentaciones","tag-biblioteca-general","tag-ediciones-pinsapar","tag-historia","tag-juan-antonio-moreno-martin","tag-libros","tag-macario-farinas-del-corral","tag-rafael-valentin-lopez-flores","tag-ronda","tag-sergio-ramirez-gonzalez"],"yoast_head":"<!-- This site is optimized with the Yoast SEO plugin v27.5 - https:\/\/yoast.com\/product\/yoast-seo-wordpress\/ -->\n<title>Presentado el libro &quot;Antig\u00fcedades de Ronda&quot; - Real Maestranza de Caballer\u00eda de Ronda<\/title>\n<meta name=\"robots\" content=\"index, follow, max-snippet:-1, max-image-preview:large, max-video-preview:-1\" \/>\n<link rel=\"canonical\" href=\"https:\/\/www.rmcr.org\/en\/2014\/07\/01\/presentado-el-libro-antiguedades-de-ronda\/\" \/>\n<meta property=\"og:locale\" content=\"en_US\" \/>\n<meta property=\"og:type\" content=\"article\" \/>\n<meta property=\"og:title\" content=\"Presentado el libro &quot;Antig\u00fcedades de Ronda&quot; - Real Maestranza de Caballer\u00eda de Ronda\" \/>\n<meta property=\"og:description\" content=\"El pasado 26 de junio se present\u00f3, en el Sal\u00f3n de Grados de la Real Maestranza de Caballer\u00eda de Ronda, el libro &#8220;Antig\u00fcedades de Ronda&#8221; de Macario Fari\u00f1as del Corral, una de las primeras historias de la ciudad de Ronda (siglo XVII) y fuente de otras posteriores. La obra, publicada por Ediciones Pinsapar, cuenta con [&hellip;]\" \/>\n<meta property=\"og:url\" content=\"https:\/\/www.rmcr.org\/en\/2014\/07\/01\/presentado-el-libro-antiguedades-de-ronda\/\" \/>\n<meta property=\"og:site_name\" content=\"Real Maestranza de Caballer\u00eda de Ronda\" \/>\n<meta property=\"article:publisher\" content=\"https:\/\/www.facebook.com\/plazadetorosronda\" \/>\n<meta property=\"article:published_time\" content=\"2014-07-01T09:26:18+00:00\" \/>\n<meta property=\"article:modified_time\" content=\"2025-04-03T17:19:17+00:00\" \/>\n<meta property=\"og:image\" content=\"https:\/\/www.rmcr.org\/wp-content\/uploads\/2022\/10\/antiguedades_ronda-1.jpg\" \/>\n\t<meta property=\"og:image:width\" content=\"538\" \/>\n\t<meta property=\"og:image:height\" content=\"237\" \/>\n\t<meta property=\"og:image:type\" content=\"image\/jpeg\" \/>\n<meta name=\"author\" content=\"BIBLIOTECA\" \/>\n<meta name=\"twitter:card\" content=\"summary_large_image\" \/>\n<meta name=\"twitter:creator\" content=\"@PlazatorosRMR\" \/>\n<meta name=\"twitter:site\" content=\"@PlazatorosRMR\" \/>\n<meta name=\"twitter:label1\" content=\"Written by\" \/>\n\t<meta name=\"twitter:data1\" content=\"BIBLIOTECA\" \/>\n\t<meta name=\"twitter:label2\" content=\"Est. reading time\" \/>\n\t<meta name=\"twitter:data2\" content=\"1 minute\" \/>\n<script type=\"application\/ld+json\" class=\"yoast-schema-graph\">{\"@context\":\"https:\\\/\\\/schema.org\",\"@graph\":[{\"@type\":\"Article\",\"@id\":\"https:\\\/\\\/www.rmcr.org\\\/en\\\/2014\\\/07\\\/01\\\/presentado-el-libro-antiguedades-de-ronda\\\/#article\",\"isPartOf\":{\"@id\":\"https:\\\/\\\/www.rmcr.org\\\/en\\\/2014\\\/07\\\/01\\\/presentado-el-libro-antiguedades-de-ronda\\\/\"},\"author\":{\"name\":\"BIBLIOTECA\",\"@id\":\"https:\\\/\\\/www.rmcr.org\\\/en\\\/#\\\/schema\\\/person\\\/80849edee7ef556893505128619ea1d0\"},\"headline\":\"Presentado el libro &#8220;Antig\u00fcedades de Ronda&#8221;\",\"datePublished\":\"2014-07-01T09:26:18+00:00\",\"dateModified\":\"2025-04-03T17:19:17+00:00\",\"mainEntityOfPage\":{\"@id\":\"https:\\\/\\\/www.rmcr.org\\\/en\\\/2014\\\/07\\\/01\\\/presentado-el-libro-antiguedades-de-ronda\\\/\"},\"wordCount\":134,\"commentCount\":0,\"publisher\":{\"@id\":\"https:\\\/\\\/www.rmcr.org\\\/en\\\/#organization\"},\"image\":{\"@id\":\"https:\\\/\\\/www.rmcr.org\\\/en\\\/2014\\\/07\\\/01\\\/presentado-el-libro-antiguedades-de-ronda\\\/#primaryimage\"},\"thumbnailUrl\":\"https:\\\/\\\/www.rmcr.org\\\/wp-content\\\/uploads\\\/2022\\\/10\\\/antiguedades_ronda-1.jpg\",\"keywords\":[\"Biblioteca\",\"Ediciones Pinsapar\",\"Historia\",\"Juan Antonio Moreno Mart\u00edn\",\"Libros\",\"Macario Fari\u00f1as del Corral\",\"Rafael Valent\u00edn L\u00f3pez Flores\",\"Ronda\",\"Sergio Ram\u00edrez Gonz\u00e1lez\"],\"articleSection\":[\"Biblioteca\",\"Presentaciones\"],\"inLanguage\":\"en-US\",\"potentialAction\":[{\"@type\":\"CommentAction\",\"name\":\"Comment\",\"target\":[\"https:\\\/\\\/www.rmcr.org\\\/en\\\/2014\\\/07\\\/01\\\/presentado-el-libro-antiguedades-de-ronda\\\/#respond\"]}]},{\"@type\":\"WebPage\",\"@id\":\"https:\\\/\\\/www.rmcr.org\\\/en\\\/2014\\\/07\\\/01\\\/presentado-el-libro-antiguedades-de-ronda\\\/\",\"url\":\"https:\\\/\\\/www.rmcr.org\\\/en\\\/2014\\\/07\\\/01\\\/presentado-el-libro-antiguedades-de-ronda\\\/\",\"name\":\"Presentado el libro \\\"Antig\u00fcedades de Ronda\\\" - Real Maestranza de Caballer\u00eda de Ronda\",\"isPartOf\":{\"@id\":\"https:\\\/\\\/www.rmcr.org\\\/en\\\/#website\"},\"primaryImageOfPage\":{\"@id\":\"https:\\\/\\\/www.rmcr.org\\\/en\\\/2014\\\/07\\\/01\\\/presentado-el-libro-antiguedades-de-ronda\\\/#primaryimage\"},\"image\":{\"@id\":\"https:\\\/\\\/www.rmcr.org\\\/en\\\/2014\\\/07\\\/01\\\/presentado-el-libro-antiguedades-de-ronda\\\/#primaryimage\"},\"thumbnailUrl\":\"https:\\\/\\\/www.rmcr.org\\\/wp-content\\\/uploads\\\/2022\\\/10\\\/antiguedades_ronda-1.jpg\",\"datePublished\":\"2014-07-01T09:26:18+00:00\",\"dateModified\":\"2025-04-03T17:19:17+00:00\",\"breadcrumb\":{\"@id\":\"https:\\\/\\\/www.rmcr.org\\\/en\\\/2014\\\/07\\\/01\\\/presentado-el-libro-antiguedades-de-ronda\\\/#breadcrumb\"},\"inLanguage\":\"en-US\",\"potentialAction\":[{\"@type\":\"ReadAction\",\"target\":[\"https:\\\/\\\/www.rmcr.org\\\/en\\\/2014\\\/07\\\/01\\\/presentado-el-libro-antiguedades-de-ronda\\\/\"]}]},{\"@type\":\"ImageObject\",\"inLanguage\":\"en-US\",\"@id\":\"https:\\\/\\\/www.rmcr.org\\\/en\\\/2014\\\/07\\\/01\\\/presentado-el-libro-antiguedades-de-ronda\\\/#primaryimage\",\"url\":\"https:\\\/\\\/www.rmcr.org\\\/wp-content\\\/uploads\\\/2022\\\/10\\\/antiguedades_ronda-1.jpg\",\"contentUrl\":\"https:\\\/\\\/www.rmcr.org\\\/wp-content\\\/uploads\\\/2022\\\/10\\\/antiguedades_ronda-1.jpg\",\"width\":538,\"height\":237},{\"@type\":\"BreadcrumbList\",\"@id\":\"https:\\\/\\\/www.rmcr.org\\\/en\\\/2014\\\/07\\\/01\\\/presentado-el-libro-antiguedades-de-ronda\\\/#breadcrumb\",\"itemListElement\":[{\"@type\":\"ListItem\",\"position\":1,\"name\":\"REAL MAESTRANZA DE CABALLER\u00cdA DE RONDA\",\"item\":\"https:\\\/\\\/www.rmcr.org\\\/en\\\/\"},{\"@type\":\"ListItem\",\"position\":2,\"name\":\"Presentado el libro \u00abAntig\u00fcedades de Ronda\u00bb\"}]},{\"@type\":\"WebSite\",\"@id\":\"https:\\\/\\\/www.rmcr.org\\\/en\\\/#website\",\"url\":\"https:\\\/\\\/www.rmcr.org\\\/en\\\/\",\"name\":\"Real Maestranza de Caballer\u00eda de Ronda\",\"description\":\"Real Maestranza de Caballer\u00eda de Ronda\",\"publisher\":{\"@id\":\"https:\\\/\\\/www.rmcr.org\\\/en\\\/#organization\"},\"alternateName\":\"RMCR\",\"potentialAction\":[{\"@type\":\"SearchAction\",\"target\":{\"@type\":\"EntryPoint\",\"urlTemplate\":\"https:\\\/\\\/www.rmcr.org\\\/en\\\/?s={search_term_string}\"},\"query-input\":{\"@type\":\"PropertyValueSpecification\",\"valueRequired\":true,\"valueName\":\"search_term_string\"}}],\"inLanguage\":\"en-US\"},{\"@type\":\"Organization\",\"@id\":\"https:\\\/\\\/www.rmcr.org\\\/en\\\/#organization\",\"name\":\"Real Maestranza de Caballer\u00eda de Ronda\",\"alternateName\":\"RMR\",\"url\":\"https:\\\/\\\/www.rmcr.org\\\/en\\\/\",\"logo\":{\"@type\":\"ImageObject\",\"inLanguage\":\"en-US\",\"@id\":\"https:\\\/\\\/www.rmcr.org\\\/en\\\/#\\\/schema\\\/logo\\\/image\\\/\",\"url\":\"https:\\\/\\\/www.rmcr.org\\\/wp-content\\\/uploads\\\/2022\\\/07\\\/logo-rmr-blue.svg\",\"contentUrl\":\"https:\\\/\\\/www.rmcr.org\\\/wp-content\\\/uploads\\\/2022\\\/07\\\/logo-rmr-blue.svg\",\"width\":131,\"height\":129,\"caption\":\"Real Maestranza de Caballer\u00eda de Ronda\"},\"image\":{\"@id\":\"https:\\\/\\\/www.rmcr.org\\\/en\\\/#\\\/schema\\\/logo\\\/image\\\/\"},\"sameAs\":[\"https:\\\/\\\/www.facebook.com\\\/plazadetorosronda\",\"https:\\\/\\\/x.com\\\/PlazatorosRMR\",\"https:\\\/\\\/www.instagram.com\\\/realmaestranzaderonda\\\/\",\"https:\\\/\\\/www.youtube.com\\\/channel\\\/UCrbO5IUN-8v_QML739vM4zg\\\/videos\"]},{\"@type\":\"Person\",\"@id\":\"https:\\\/\\\/www.rmcr.org\\\/en\\\/#\\\/schema\\\/person\\\/80849edee7ef556893505128619ea1d0\",\"name\":\"BIBLIOTECA\",\"image\":{\"@type\":\"ImageObject\",\"inLanguage\":\"en-US\",\"@id\":\"https:\\\/\\\/www.rmcr.org\\\/wp-content\\\/uploads\\\/2022\\\/11\\\/avatar-rmcr-96x96.png\",\"url\":\"https:\\\/\\\/www.rmcr.org\\\/wp-content\\\/uploads\\\/2022\\\/11\\\/avatar-rmcr-96x96.png\",\"contentUrl\":\"https:\\\/\\\/www.rmcr.org\\\/wp-content\\\/uploads\\\/2022\\\/11\\\/avatar-rmcr-96x96.png\",\"caption\":\"BIBLIOTECA\"},\"url\":\"https:\\\/\\\/www.rmcr.org\\\/en\\\/author\\\/juan-antonio-moreno\\\/\"}]}<\/script>\n<!-- \/ Yoast SEO plugin. -->","yoast_head_json":{"title":"Presentado el libro \"Antig\u00fcedades de Ronda\" - Real Maestranza de Caballer\u00eda de Ronda","robots":{"index":"index","follow":"follow","max-snippet":"max-snippet:-1","max-image-preview":"max-image-preview:large","max-video-preview":"max-video-preview:-1"},"canonical":"https:\/\/www.rmcr.org\/en\/2014\/07\/01\/presentado-el-libro-antiguedades-de-ronda\/","og_locale":"en_US","og_type":"article","og_title":"Presentado el libro \"Antig\u00fcedades de Ronda\" - Real Maestranza de Caballer\u00eda de Ronda","og_description":"El pasado 26 de junio se present\u00f3, en el Sal\u00f3n de Grados de la Real Maestranza de Caballer\u00eda de Ronda, el libro &#8220;Antig\u00fcedades de Ronda&#8221; de Macario Fari\u00f1as del Corral, una de las primeras historias de la ciudad de Ronda (siglo XVII) y fuente de otras posteriores. La obra, publicada por Ediciones Pinsapar, cuenta con [&hellip;]","og_url":"https:\/\/www.rmcr.org\/en\/2014\/07\/01\/presentado-el-libro-antiguedades-de-ronda\/","og_site_name":"Real Maestranza de Caballer\u00eda de Ronda","article_publisher":"https:\/\/www.facebook.com\/plazadetorosronda","article_published_time":"2014-07-01T09:26:18+00:00","article_modified_time":"2025-04-03T17:19:17+00:00","og_image":[{"width":538,"height":237,"url":"https:\/\/www.rmcr.org\/wp-content\/uploads\/2022\/10\/antiguedades_ronda-1.jpg","type":"image\/jpeg"}],"author":"BIBLIOTECA","twitter_card":"summary_large_image","twitter_creator":"@PlazatorosRMR","twitter_site":"@PlazatorosRMR","twitter_misc":{"Written by":"BIBLIOTECA","Est. reading time":"1 minute"},"schema":{"@context":"https:\/\/schema.org","@graph":[{"@type":"Article","@id":"https:\/\/www.rmcr.org\/en\/2014\/07\/01\/presentado-el-libro-antiguedades-de-ronda\/#article","isPartOf":{"@id":"https:\/\/www.rmcr.org\/en\/2014\/07\/01\/presentado-el-libro-antiguedades-de-ronda\/"},"author":{"name":"BIBLIOTECA","@id":"https:\/\/www.rmcr.org\/en\/#\/schema\/person\/80849edee7ef556893505128619ea1d0"},"headline":"Presentado el libro &#8220;Antig\u00fcedades de Ronda&#8221;","datePublished":"2014-07-01T09:26:18+00:00","dateModified":"2025-04-03T17:19:17+00:00","mainEntityOfPage":{"@id":"https:\/\/www.rmcr.org\/en\/2014\/07\/01\/presentado-el-libro-antiguedades-de-ronda\/"},"wordCount":134,"commentCount":0,"publisher":{"@id":"https:\/\/www.rmcr.org\/en\/#organization"},"image":{"@id":"https:\/\/www.rmcr.org\/en\/2014\/07\/01\/presentado-el-libro-antiguedades-de-ronda\/#primaryimage"},"thumbnailUrl":"https:\/\/www.rmcr.org\/wp-content\/uploads\/2022\/10\/antiguedades_ronda-1.jpg","keywords":["Biblioteca","Ediciones Pinsapar","Historia","Juan Antonio Moreno Mart\u00edn","Libros","Macario Fari\u00f1as del Corral","Rafael Valent\u00edn L\u00f3pez Flores","Ronda","Sergio Ram\u00edrez Gonz\u00e1lez"],"articleSection":["Biblioteca","Presentaciones"],"inLanguage":"en-US","potentialAction":[{"@type":"CommentAction","name":"Comment","target":["https:\/\/www.rmcr.org\/en\/2014\/07\/01\/presentado-el-libro-antiguedades-de-ronda\/#respond"]}]},{"@type":"WebPage","@id":"https:\/\/www.rmcr.org\/en\/2014\/07\/01\/presentado-el-libro-antiguedades-de-ronda\/","url":"https:\/\/www.rmcr.org\/en\/2014\/07\/01\/presentado-el-libro-antiguedades-de-ronda\/","name":"Presentado el libro \"Antig\u00fcedades de Ronda\" - Real Maestranza de Caballer\u00eda de Ronda","isPartOf":{"@id":"https:\/\/www.rmcr.org\/en\/#website"},"primaryImageOfPage":{"@id":"https:\/\/www.rmcr.org\/en\/2014\/07\/01\/presentado-el-libro-antiguedades-de-ronda\/#primaryimage"},"image":{"@id":"https:\/\/www.rmcr.org\/en\/2014\/07\/01\/presentado-el-libro-antiguedades-de-ronda\/#primaryimage"},"thumbnailUrl":"https:\/\/www.rmcr.org\/wp-content\/uploads\/2022\/10\/antiguedades_ronda-1.jpg","datePublished":"2014-07-01T09:26:18+00:00","dateModified":"2025-04-03T17:19:17+00:00","breadcrumb":{"@id":"https:\/\/www.rmcr.org\/en\/2014\/07\/01\/presentado-el-libro-antiguedades-de-ronda\/#breadcrumb"},"inLanguage":"en-US","potentialAction":[{"@type":"ReadAction","target":["https:\/\/www.rmcr.org\/en\/2014\/07\/01\/presentado-el-libro-antiguedades-de-ronda\/"]}]},{"@type":"ImageObject","inLanguage":"en-US","@id":"https:\/\/www.rmcr.org\/en\/2014\/07\/01\/presentado-el-libro-antiguedades-de-ronda\/#primaryimage","url":"https:\/\/www.rmcr.org\/wp-content\/uploads\/2022\/10\/antiguedades_ronda-1.jpg","contentUrl":"https:\/\/www.rmcr.org\/wp-content\/uploads\/2022\/10\/antiguedades_ronda-1.jpg","width":538,"height":237},{"@type":"BreadcrumbList","@id":"https:\/\/www.rmcr.org\/en\/2014\/07\/01\/presentado-el-libro-antiguedades-de-ronda\/#breadcrumb","itemListElement":[{"@type":"ListItem","position":1,"name":"REAL MAESTRANZA DE CABALLER\u00cdA DE RONDA","item":"https:\/\/www.rmcr.org\/en\/"},{"@type":"ListItem","position":2,"name":"Presentado el libro \u00abAntig\u00fcedades de Ronda\u00bb"}]},{"@type":"WebSite","@id":"https:\/\/www.rmcr.org\/en\/#website","url":"https:\/\/www.rmcr.org\/en\/","name":"Real Maestranza de Caballer\u00eda de Ronda","description":"Real Maestranza de Caballer\u00eda de Ronda","publisher":{"@id":"https:\/\/www.rmcr.org\/en\/#organization"},"alternateName":"RMCR","potentialAction":[{"@type":"SearchAction","target":{"@type":"EntryPoint","urlTemplate":"https:\/\/www.rmcr.org\/en\/?s={search_term_string}"},"query-input":{"@type":"PropertyValueSpecification","valueRequired":true,"valueName":"search_term_string"}}],"inLanguage":"en-US"},{"@type":"Organization","@id":"https:\/\/www.rmcr.org\/en\/#organization","name":"Real Maestranza de Caballer\u00eda de Ronda","alternateName":"RMR","url":"https:\/\/www.rmcr.org\/en\/","logo":{"@type":"ImageObject","inLanguage":"en-US","@id":"https:\/\/www.rmcr.org\/en\/#\/schema\/logo\/image\/","url":"https:\/\/www.rmcr.org\/wp-content\/uploads\/2022\/07\/logo-rmr-blue.svg","contentUrl":"https:\/\/www.rmcr.org\/wp-content\/uploads\/2022\/07\/logo-rmr-blue.svg","width":131,"height":129,"caption":"Real Maestranza de Caballer\u00eda de Ronda"},"image":{"@id":"https:\/\/www.rmcr.org\/en\/#\/schema\/logo\/image\/"},"sameAs":["https:\/\/www.facebook.com\/plazadetorosronda","https:\/\/x.com\/PlazatorosRMR","https:\/\/www.instagram.com\/realmaestranzaderonda\/","https:\/\/www.youtube.com\/channel\/UCrbO5IUN-8v_QML739vM4zg\/videos"]},{"@type":"Person","@id":"https:\/\/www.rmcr.org\/en\/#\/schema\/person\/80849edee7ef556893505128619ea1d0","name":"BIBLIOTECA","image":{"@type":"ImageObject","inLanguage":"en-US","@id":"https:\/\/www.rmcr.org\/wp-content\/uploads\/2022\/11\/avatar-rmcr-96x96.png","url":"https:\/\/www.rmcr.org\/wp-content\/uploads\/2022\/11\/avatar-rmcr-96x96.png","contentUrl":"https:\/\/www.rmcr.org\/wp-content\/uploads\/2022\/11\/avatar-rmcr-96x96.png","caption":"BIBLIOTECA"},"url":"https:\/\/www.rmcr.org\/en\/author\/juan-antonio-moreno\/"}]}},"_links":{"self":[{"href":"https:\/\/www.rmcr.org\/en\/wp-json\/wp\/v2\/posts\/6121","targetHints":{"allow":["GET"]}}],"collection":[{"href":"https:\/\/www.rmcr.org\/en\/wp-json\/wp\/v2\/posts"}],"about":[{"href":"https:\/\/www.rmcr.org\/en\/wp-json\/wp\/v2\/types\/post"}],"author":[{"embeddable":true,"href":"https:\/\/www.rmcr.org\/en\/wp-json\/wp\/v2\/users\/2"}],"replies":[{"embeddable":true,"href":"https:\/\/www.rmcr.org\/en\/wp-json\/wp\/v2\/comments?post=6121"}],"version-history":[{"count":2,"href":"https:\/\/www.rmcr.org\/en\/wp-json\/wp\/v2\/posts\/6121\/revisions"}],"predecessor-version":[{"id":22228,"href":"https:\/\/www.rmcr.org\/en\/wp-json\/wp\/v2\/posts\/6121\/revisions\/22228"}],"wp:featuredmedia":[{"embeddable":true,"href":"https:\/\/www.rmcr.org\/en\/wp-json\/wp\/v2\/media\/11848"}],"wp:attachment":[{"href":"https:\/\/www.rmcr.org\/en\/wp-json\/wp\/v2\/media?parent=6121"}],"wp:term":[{"taxonomy":"category","embeddable":true,"href":"https:\/\/www.rmcr.org\/en\/wp-json\/wp\/v2\/categories?post=6121"},{"taxonomy":"post_tag","embeddable":true,"href":"https:\/\/www.rmcr.org\/en\/wp-json\/wp\/v2\/tags?post=6121"}],"curies":[{"name":"wp","href":"https:\/\/api.w.org\/{rel}","templated":true}]}}