{"id":6120,"date":"2014-07-01T12:33:05","date_gmt":"2014-07-01T12:33:05","guid":{"rendered":"https:\/\/www.rmcr.org\/?p=6120"},"modified":"2025-04-03T15:12:36","modified_gmt":"2025-04-03T15:12:36","slug":"biblioteca-rmr-novedades-julio-2014","status":"publish","type":"post","link":"https:\/\/www.rmcr.org\/en\/2014\/07\/01\/biblioteca-rmr-novedades-julio-2014\/","title":{"rendered":"Biblioteca-RMR: N\u00ba 7. Novedades. Julio 2014."},"content":{"rendered":"\t\t<div data-elementor-type=\"wp-post\" data-elementor-id=\"6120\" class=\"elementor elementor-6120\" data-elementor-post-type=\"post\">\n\t\t\t\t\t\t<section class=\"elementor-section elementor-top-section elementor-element elementor-element-73533620 elementor-section-boxed elementor-section-height-default elementor-section-height-default\" data-id=\"73533620\" data-element_type=\"section\" data-e-type=\"section\">\n\t\t\t\t\t\t<div class=\"elementor-container elementor-column-gap-default\">\n\t\t\t\t\t<div class=\"elementor-column elementor-col-100 elementor-top-column elementor-element elementor-element-3924935c\" data-id=\"3924935c\" data-element_type=\"column\" data-e-type=\"column\">\n\t\t\t<div class=\"elementor-widget-wrap elementor-element-populated\">\n\t\t\t\t\t\t<div class=\"elementor-element elementor-element-4575d133 elementor-widget elementor-widget-text-editor\" data-id=\"4575d133\" data-element_type=\"widget\" data-e-type=\"widget\" data-widget_type=\"text-editor.default\">\n\t\t\t\t<div class=\"elementor-widget-container\">\n\t\t\t\t\t\t\t\t\t<p style=\"text-align: center;\"><strong> NOVEDADES \u00b7<\/strong><\/p><p style=\"text-align: center;\"><strong>\u00b7 BIBLIOTECA DE LA REAL MAESTRANZA DE CABALLER\u00cdA DE RONDA \u00b7<\/strong><\/p><p style=\"text-align: center;\"><strong>\u00b7 JULIO 2014 \u00b7<\/strong><\/p><p style=\"text-align: center;\"><em><strong>\u00b7 FONDO ELITES DE PODER \u00b7<\/strong><\/em><\/p>\t\t\t\t\t\t\t\t<\/div>\n\t\t\t\t<\/div>\n\t\t\t\t\t<\/div>\n\t\t<\/div>\n\t\t\t\t\t<\/div>\n\t\t<\/section>\n\t\t\t\t<section class=\"elementor-section elementor-top-section elementor-element elementor-element-e3eedaf elementor-section-boxed elementor-section-height-default elementor-section-height-default\" data-id=\"e3eedaf\" data-element_type=\"section\" data-e-type=\"section\">\n\t\t\t\t\t\t<div class=\"elementor-container elementor-column-gap-default\">\n\t\t\t\t\t<div class=\"elementor-column elementor-col-100 elementor-top-column elementor-element elementor-element-a23ccf4\" data-id=\"a23ccf4\" data-element_type=\"column\" data-e-type=\"column\">\n\t\t\t<div class=\"elementor-widget-wrap elementor-element-populated\">\n\t\t\t\t\t\t<div class=\"elementor-element elementor-element-9e49bae elementor-widget elementor-widget-image\" data-id=\"9e49bae\" data-element_type=\"widget\" data-e-type=\"widget\" data-widget_type=\"image.default\">\n\t\t\t\t<div class=\"elementor-widget-container\">\n\t\t\t\t\t\t\t\t\t\t\t\t\t\t\t<img fetchpriority=\"high\" decoding=\"async\" width=\"367\" height=\"500\" src=\"https:\/\/www.rmcr.org\/wp-content\/uploads\/2014\/06\/noble-poder.jpg\" class=\"attachment-large size-large wp-image-7835\" alt=\"\" srcset=\"https:\/\/www.rmcr.org\/wp-content\/uploads\/2014\/06\/noble-poder.jpg 367w, https:\/\/www.rmcr.org\/wp-content\/uploads\/2014\/06\/noble-poder-220x300.jpg 220w\" sizes=\"(max-width: 367px) 100vw, 367px\" \/>\t\t\t\t\t\t\t\t\t\t\t\t\t\t\t<\/div>\n\t\t\t\t<\/div>\n\t\t\t\t<div class=\"elementor-element elementor-element-48f00f2 elementor-widget elementor-widget-text-editor\" data-id=\"48f00f2\" data-element_type=\"widget\" data-e-type=\"widget\" data-widget_type=\"text-editor.default\">\n\t\t\t\t<div class=\"elementor-widget-container\">\n\t\t\t\t\t\t\t\t\t<p><span style=\"font-weight: bolder; text-align: justify;\">VV.AA.<\/span><span style=\"text-align: justify;\">&nbsp;<\/span><em style=\"text-align: justify;\">Poder y saber : bibliotecas y bibliofilia en la \u00e9poca del conde-duque de Olivares<\/em><span style=\"text-align: justify;\">. &#8212; Madrid : Centro de Estudios Europa Hisp\u00e1nica, 2011. &#8212; 533 p. : il. ; 25 cm. &#8212; (Confluencias). &#8212; D.L. M. 23977-2011. &#8212; ISBN 978-84-15245-18-6.<\/span><br><\/p>\t\t\t\t\t\t\t\t<\/div>\n\t\t\t\t<\/div>\n\t\t\t\t<div class=\"elementor-element elementor-element-f0b8650 elementor-widget elementor-widget-image\" data-id=\"f0b8650\" data-element_type=\"widget\" data-e-type=\"widget\" data-widget_type=\"image.default\">\n\t\t\t\t<div class=\"elementor-widget-container\">\n\t\t\t\t\t\t\t\t\t\t\t\t\t\t\t<img decoding=\"async\" width=\"355\" height=\"500\" src=\"https:\/\/www.rmcr.org\/wp-content\/uploads\/2014\/06\/franco-discursos.jpg\" class=\"attachment-large size-large wp-image-7823\" alt=\"\" srcset=\"https:\/\/www.rmcr.org\/wp-content\/uploads\/2014\/06\/franco-discursos.jpg 355w, https:\/\/www.rmcr.org\/wp-content\/uploads\/2014\/06\/franco-discursos-213x300.jpg 213w\" sizes=\"(max-width: 355px) 100vw, 355px\" \/>\t\t\t\t\t\t\t\t\t\t\t\t\t\t\t<\/div>\n\t\t\t\t<\/div>\n\t\t\t\t<div class=\"elementor-element elementor-element-b68ec0e elementor-widget elementor-widget-text-editor\" data-id=\"b68ec0e\" data-element_type=\"widget\" data-e-type=\"widget\" data-widget_type=\"text-editor.default\">\n\t\t\t\t<div class=\"elementor-widget-container\">\n\t\t\t\t\t\t\t\t\t<p><strong>Franco Silva, Alfonso<\/strong>.\u00a0<em>Los discursos pol\u00edticos de la nobleza castellana en el siglo XV<\/em>. \u2014 C\u00e1diz : Universidad, 2012. \u2014 189 p. ; 24 cm. \u2014 (Monograf\u00edas. Historia y arte). \u2014 D.L. CA. 313-2012. \u2014 ISBN 978-84-9828-387-7.<\/p>\t\t\t\t\t\t\t\t<\/div>\n\t\t\t\t<\/div>\n\t\t\t\t<div class=\"elementor-element elementor-element-70be1bd elementor-widget elementor-widget-text-editor\" data-id=\"70be1bd\" data-element_type=\"widget\" data-e-type=\"widget\" data-widget_type=\"text-editor.default\">\n\t\t\t\t<div class=\"elementor-widget-container\">\n\t\t\t\t\t\t\t\t\t<p><em style=\"text-align: center;\"><span style=\"font-weight: bolder;\">\u00b7 FONDO EQUITACI\u00d3N \u00b7<\/span><\/em><\/p>\t\t\t\t\t\t\t\t<\/div>\n\t\t\t\t<\/div>\n\t\t\t\t<div class=\"elementor-element elementor-element-07f4e3b elementor-widget elementor-widget-image\" data-id=\"07f4e3b\" data-element_type=\"widget\" data-e-type=\"widget\" data-widget_type=\"image.default\">\n\t\t\t\t<div class=\"elementor-widget-container\">\n\t\t\t\t\t\t\t\t\t\t\t\t\t\t\t<img decoding=\"async\" width=\"342\" height=\"500\" src=\"https:\/\/www.rmcr.org\/wp-content\/uploads\/2014\/06\/heuschmann-dedo.jpg\" class=\"attachment-large size-large wp-image-7827\" alt=\"\" srcset=\"https:\/\/www.rmcr.org\/wp-content\/uploads\/2014\/06\/heuschmann-dedo.jpg 342w, https:\/\/www.rmcr.org\/wp-content\/uploads\/2014\/06\/heuschmann-dedo-205x300.jpg 205w\" sizes=\"(max-width: 342px) 100vw, 342px\" \/>\t\t\t\t\t\t\t\t\t\t\t\t\t\t\t<\/div>\n\t\t\t\t<\/div>\n\t\t\t\t<div class=\"elementor-element elementor-element-088be8b elementor-widget elementor-widget-text-editor\" data-id=\"088be8b\" data-element_type=\"widget\" data-e-type=\"widget\" data-widget_type=\"text-editor.default\">\n\t\t\t\t<div class=\"elementor-widget-container\">\n\t\t\t\t\t\t\t\t\t<p><span style=\"font-weight: bolder; text-align: justify;\">Heuschmann, Gerhard<\/span><span style=\"text-align: justify;\">.\u00a0<\/span><em style=\"text-align: justify;\">El dedo en la llaga : lo que deben saber los jinetes para que su caballo se mantenga sano<\/em><span style=\"text-align: justify;\">. \u2014 Viladasens (Gerona) : Picobello Publishing, 2011. \u2014 132 p. : il. ; 26 cm. \u2014 D.L. GI. 1017-2010. \u2014 ISBN 978-84-936721-6-4.<\/span><\/p>\t\t\t\t\t\t\t\t<\/div>\n\t\t\t\t<\/div>\n\t\t\t\t<div class=\"elementor-element elementor-element-ed9a93f elementor-widget elementor-widget-image\" data-id=\"ed9a93f\" data-element_type=\"widget\" data-e-type=\"widget\" data-widget_type=\"image.default\">\n\t\t\t\t<div class=\"elementor-widget-container\">\n\t\t\t\t\t\t\t\t\t\t\t\t\t\t\t<img loading=\"lazy\" decoding=\"async\" width=\"345\" height=\"500\" src=\"https:\/\/www.rmcr.org\/wp-content\/uploads\/2014\/06\/acedo-conflictos.jpg\" class=\"attachment-large size-large wp-image-7771\" alt=\"\" srcset=\"https:\/\/www.rmcr.org\/wp-content\/uploads\/2014\/06\/acedo-conflictos.jpg 345w, https:\/\/www.rmcr.org\/wp-content\/uploads\/2014\/06\/acedo-conflictos-207x300.jpg 207w\" sizes=\"(max-width: 345px) 100vw, 345px\" \/>\t\t\t\t\t\t\t\t\t\t\t\t\t\t\t<\/div>\n\t\t\t\t<\/div>\n\t\t\t\t<div class=\"elementor-element elementor-element-e3e97ea elementor-widget elementor-widget-text-editor\" data-id=\"e3e97ea\" data-element_type=\"widget\" data-e-type=\"widget\" data-widget_type=\"text-editor.default\">\n\t\t\t\t<div class=\"elementor-widget-container\">\n\t\t\t\t\t\t\t\t\t<p><span style=\"font-weight: bolder; text-align: justify;\">Acedo Lluch, Fernando<\/span><span style=\"text-align: justify;\">.\u00a0<\/span><em style=\"text-align: justify;\">Conflictos legales en los deportes h\u00edpicos : preguntas y respuestas<\/em><span style=\"text-align: justify;\">. \u2014 Madrid : Reus, 2014. \u2014 237 p. ; 22 cm. \u2014 (Colecci\u00f3n de derecho deportivo). \u2014 D.L. M. 1727-2014. \u2014 ISBN 978-84-290-1762-5.<\/span><\/p>\t\t\t\t\t\t\t\t<\/div>\n\t\t\t\t<\/div>\n\t\t\t\t<div class=\"elementor-element elementor-element-60899c3 elementor-widget elementor-widget-text-editor\" data-id=\"60899c3\" data-element_type=\"widget\" data-e-type=\"widget\" data-widget_type=\"text-editor.default\">\n\t\t\t\t<div class=\"elementor-widget-container\">\n\t\t\t\t\t\t\t\t\t<p><em><span style=\"font-weight: bolder;\">\u00b7 FONDO GENEALOG\u00cdA Y HER\u00c1LDICA \u00b7<\/span><\/em><\/p>\t\t\t\t\t\t\t\t<\/div>\n\t\t\t\t<\/div>\n\t\t\t\t<div class=\"elementor-element elementor-element-77fe885 elementor-widget elementor-widget-image\" data-id=\"77fe885\" data-element_type=\"widget\" data-e-type=\"widget\" data-widget_type=\"image.default\">\n\t\t\t\t<div class=\"elementor-widget-container\">\n\t\t\t\t\t\t\t\t\t\t\t\t\t\t\t<img loading=\"lazy\" decoding=\"async\" width=\"356\" height=\"500\" src=\"https:\/\/www.rmcr.org\/wp-content\/uploads\/2014\/06\/mingote-origenes.jpg\" class=\"attachment-large size-large wp-image-7833\" alt=\"\" srcset=\"https:\/\/www.rmcr.org\/wp-content\/uploads\/2014\/06\/mingote-origenes.jpg 356w, https:\/\/www.rmcr.org\/wp-content\/uploads\/2014\/06\/mingote-origenes-214x300.jpg 214w\" sizes=\"(max-width: 356px) 100vw, 356px\" \/>\t\t\t\t\t\t\t\t\t\t\t\t\t\t\t<\/div>\n\t\t\t\t<\/div>\n\t\t\t\t<div class=\"elementor-element elementor-element-6504ff4 elementor-widget elementor-widget-text-editor\" data-id=\"6504ff4\" data-element_type=\"widget\" data-e-type=\"widget\" data-widget_type=\"text-editor.default\">\n\t\t\t\t<div class=\"elementor-widget-container\">\n\t\t\t\t\t\t\t\t\t<p><span style=\"font-weight: bolder; text-align: justify;\">Mingote Calder\u00f3n, Jos\u00e9 Luis<\/span><span style=\"text-align: justify;\">.\u00a0<\/span><em style=\"text-align: justify;\">Los or\u00edgenes del yugo como divisa de Fernando el Cat\u00f3lico : la presencia de yugos para tres animales en la iconograf\u00eda<\/em><span style=\"text-align: justify;\">. \u2014 Zaragoza : Instituci\u00f3n Fernando el Cat\u00f3lico : Diputaci\u00f3n, 2005. \u2014 514 p. : il. ; 24 cm. \u2014 (Estudios. Emblem\u00e1tica ; 2571). \u2014 D.L. Z. 3289-2005. \u2014 ISBN 84-7820-812-7.<\/span><\/p>\t\t\t\t\t\t\t\t<\/div>\n\t\t\t\t<\/div>\n\t\t\t\t<div class=\"elementor-element elementor-element-fc2dfe4 elementor-widget elementor-widget-image\" data-id=\"fc2dfe4\" data-element_type=\"widget\" data-e-type=\"widget\" data-widget_type=\"image.default\">\n\t\t\t\t<div class=\"elementor-widget-container\">\n\t\t\t\t\t\t\t\t\t\t\t\t\t\t\t<img loading=\"lazy\" decoding=\"async\" width=\"355\" height=\"500\" src=\"https:\/\/www.rmcr.org\/wp-content\/uploads\/2014\/06\/pardo-actas.jpg\" class=\"attachment-large size-large wp-image-7839\" alt=\"\" srcset=\"https:\/\/www.rmcr.org\/wp-content\/uploads\/2014\/06\/pardo-actas.jpg 355w, https:\/\/www.rmcr.org\/wp-content\/uploads\/2014\/06\/pardo-actas-213x300.jpg 213w\" sizes=\"(max-width: 355px) 100vw, 355px\" \/>\t\t\t\t\t\t\t\t\t\t\t\t\t\t\t<\/div>\n\t\t\t\t<\/div>\n\t\t\t\t<div class=\"elementor-element elementor-element-5907975 elementor-widget elementor-widget-text-editor\" data-id=\"5907975\" data-element_type=\"widget\" data-e-type=\"widget\" data-widget_type=\"text-editor.default\">\n\t\t\t\t<div class=\"elementor-widget-container\">\n\t\t\t\t\t\t\t\t\t<p><strong>VV.AA<\/strong>.\u00a0<em>Actas de la XI Reuni\u00f3n Americana de Genealog\u00eda : Espa\u00f1a y Am\u00e9rica, un escenario com\u00fan : Santiago de Compostela, 10 al 14 de septiembre de 2002<\/em>. \u2014 Santiago de Compostela : Instituto de Estudios Gallegos Padre Sarmiento : Xunta de Galicia, 2005. \u2014 XLV, 947 p. : il. ; 24 cm. \u2014 (Cuadernos de estudios gallegos). \u2014 D.L. C. 2420-2005. \u2014 ISBN 84-00-08336-9.<\/p>\t\t\t\t\t\t\t\t<\/div>\n\t\t\t\t<\/div>\n\t\t\t\t<div class=\"elementor-element elementor-element-ef6c1f4 elementor-widget elementor-widget-text-editor\" data-id=\"ef6c1f4\" data-element_type=\"widget\" data-e-type=\"widget\" data-widget_type=\"text-editor.default\">\n\t\t\t\t<div class=\"elementor-widget-container\">\n\t\t\t\t\t\t\t\t\t<p><em><span style=\"font-weight: bolder;\">\u00b7 FONDO RONDA \u00b7<\/span><\/em><\/p>\t\t\t\t\t\t\t\t<\/div>\n\t\t\t\t<\/div>\n\t\t\t\t<div class=\"elementor-element elementor-element-243d1a4 elementor-widget elementor-widget-image\" data-id=\"243d1a4\" data-element_type=\"widget\" data-e-type=\"widget\" data-widget_type=\"image.default\">\n\t\t\t\t<div class=\"elementor-widget-container\">\n\t\t\t\t\t\t\t\t\t\t\t\t\t\t\t<img loading=\"lazy\" decoding=\"async\" width=\"350\" height=\"500\" src=\"https:\/\/www.rmcr.org\/wp-content\/uploads\/2014\/06\/martinez-fin.jpg\" class=\"attachment-large size-large wp-image-7831\" alt=\"\" srcset=\"https:\/\/www.rmcr.org\/wp-content\/uploads\/2014\/06\/martinez-fin.jpg 350w, https:\/\/www.rmcr.org\/wp-content\/uploads\/2014\/06\/martinez-fin-210x300.jpg 210w\" sizes=\"(max-width: 350px) 100vw, 350px\" \/>\t\t\t\t\t\t\t\t\t\t\t\t\t\t\t<\/div>\n\t\t\t\t<\/div>\n\t\t\t\t<div class=\"elementor-element elementor-element-11c11f1 elementor-widget elementor-widget-text-editor\" data-id=\"11c11f1\" data-element_type=\"widget\" data-e-type=\"widget\" data-widget_type=\"text-editor.default\">\n\t\t\t\t<div class=\"elementor-widget-container\">\n\t\t\t\t\t\t\t\t\t<p><span style=\"font-weight: bolder; text-align: justify;\">VV.AA<\/span><span style=\"text-align: justify;\">.\u00a0<\/span><em style=\"text-align: justify;\">El fin de al-\u00c1ndalus en la Serran\u00eda de Ronda : la rota del Calaluz<\/em><span style=\"text-align: justify;\">. \u2014 2\u00aa ed. \u2014 Ronda (M\u00e1laga) : La Serran\u00eda, 2013. \u2014 167 p. : il. ; 24 cm. \u2014 (Takurunna ; 14). \u2014 D.L. MA. 1339-2013. \u2014 ISBN 978-84-15030-62-1.<\/span><\/p>\t\t\t\t\t\t\t\t<\/div>\n\t\t\t\t<\/div>\n\t\t\t\t<div class=\"elementor-element elementor-element-a4cca98 elementor-widget elementor-widget-image\" data-id=\"a4cca98\" data-element_type=\"widget\" data-e-type=\"widget\" data-widget_type=\"image.default\">\n\t\t\t\t<div class=\"elementor-widget-container\">\n\t\t\t\t\t\t\t\t\t\t\t\t\t\t\t<img loading=\"lazy\" decoding=\"async\" width=\"354\" height=\"500\" src=\"https:\/\/www.rmcr.org\/wp-content\/uploads\/2014\/06\/garrido-honores.jpg\" class=\"attachment-large size-large wp-image-7825\" alt=\"\" srcset=\"https:\/\/www.rmcr.org\/wp-content\/uploads\/2014\/06\/garrido-honores.jpg 354w, https:\/\/www.rmcr.org\/wp-content\/uploads\/2014\/06\/garrido-honores-212x300.jpg 212w\" sizes=\"(max-width: 354px) 100vw, 354px\" \/>\t\t\t\t\t\t\t\t\t\t\t\t\t\t\t<\/div>\n\t\t\t\t<\/div>\n\t\t\t\t<div class=\"elementor-element elementor-element-1bc74c5 elementor-widget elementor-widget-text-editor\" data-id=\"1bc74c5\" data-element_type=\"widget\" data-e-type=\"widget\" data-widget_type=\"text-editor.default\">\n\t\t\t\t<div class=\"elementor-widget-container\">\n\t\t\t\t\t\t\t\t\t<p><span style=\"font-weight: bolder; text-align: justify;\">Garrido Oliver, Manuel<\/span><span style=\"text-align: justify;\">.&nbsp;<\/span><em style=\"text-align: justify;\">Honores y distinciones de la ciudad de Ronda : historia de las distinciones honor\u00edficas otorgadas por el excelent\u00edsimo Ayuntamiento de la muy noble y muy leal ciudad de Ronda<\/em><span style=\"text-align: justify;\">. \u2014 Ronda (M\u00e1laga) : La Serran\u00eda, 2013. \u2014 614 p. : il. ; 24 cm. \u2014 D.L. MA. 1994-2013. \u2014 ISBN 978-84-15030-71-3.<\/span><br><\/p>\t\t\t\t\t\t\t\t<\/div>\n\t\t\t\t<\/div>\n\t\t\t\t<div class=\"elementor-element elementor-element-ba0ab79 elementor-widget elementor-widget-text-editor\" data-id=\"ba0ab79\" data-element_type=\"widget\" data-e-type=\"widget\" data-widget_type=\"text-editor.default\">\n\t\t\t\t<div class=\"elementor-widget-container\">\n\t\t\t\t\t\t\t\t\t<p><em><span style=\"font-weight: bolder;\">\u00b7\u00a0<\/span><\/em><em><span style=\"font-weight: bolder;\">FONDO TAUROMAQUIA<\/span><\/em><em><span style=\"font-weight: bolder;\">\u00a0\u00b7<\/span><\/em><\/p>\t\t\t\t\t\t\t\t<\/div>\n\t\t\t\t<\/div>\n\t\t\t\t<div class=\"elementor-element elementor-element-7538601 elementor-widget elementor-widget-image\" data-id=\"7538601\" data-element_type=\"widget\" data-e-type=\"widget\" data-widget_type=\"image.default\">\n\t\t\t\t<div class=\"elementor-widget-container\">\n\t\t\t\t\t\t\t\t\t\t\t\t\t\t\t<img loading=\"lazy\" decoding=\"async\" width=\"359\" height=\"500\" src=\"https:\/\/www.rmcr.org\/wp-content\/uploads\/2014\/06\/cabrera-tauromaquias.jpg\" class=\"attachment-large size-large wp-image-7797\" alt=\"\" srcset=\"https:\/\/www.rmcr.org\/wp-content\/uploads\/2014\/06\/cabrera-tauromaquias.jpg 359w, https:\/\/www.rmcr.org\/wp-content\/uploads\/2014\/06\/cabrera-tauromaquias-215x300.jpg 215w\" sizes=\"(max-width: 359px) 100vw, 359px\" \/>\t\t\t\t\t\t\t\t\t\t\t\t\t\t\t<\/div>\n\t\t\t\t<\/div>\n\t\t\t\t<div class=\"elementor-element elementor-element-177fee1 elementor-widget elementor-widget-text-editor\" data-id=\"177fee1\" data-element_type=\"widget\" data-e-type=\"widget\" data-widget_type=\"text-editor.default\">\n\t\t\t\t<div class=\"elementor-widget-container\">\n\t\t\t\t\t\t\t\t\t<p><span style=\"font-weight: bolder; text-align: justify;\">VV.AA<\/span><span style=\"text-align: justify;\">.\u00a0<\/span><em style=\"text-align: justify;\">Tauromaquias vividas<\/em><span style=\"text-align: justify;\">. \u2014 Madrid : CEU Ediciones, 2011. \u2014 530 p. : graf. ; 24 cm. \u2014 (Aula de tauromaquia ; 8). \u2014 D.L. SE. 4963-2011. \u2014 ISBN 978-84-92989-93-5.<\/span><\/p>\t\t\t\t\t\t\t\t<\/div>\n\t\t\t\t<\/div>\n\t\t\t\t<div class=\"elementor-element elementor-element-d948277 elementor-widget elementor-widget-image\" data-id=\"d948277\" data-element_type=\"widget\" data-e-type=\"widget\" data-widget_type=\"image.default\">\n\t\t\t\t<div class=\"elementor-widget-container\">\n\t\t\t\t\t\t\t\t\t\t\t\t\t\t\t<img loading=\"lazy\" decoding=\"async\" width=\"383\" height=\"500\" src=\"https:\/\/www.rmcr.org\/wp-content\/uploads\/2014\/06\/palacios-arte.jpg\" class=\"attachment-large size-large wp-image-7837\" alt=\"\" srcset=\"https:\/\/www.rmcr.org\/wp-content\/uploads\/2014\/06\/palacios-arte.jpg 383w, https:\/\/www.rmcr.org\/wp-content\/uploads\/2014\/06\/palacios-arte-230x300.jpg 230w\" sizes=\"(max-width: 383px) 100vw, 383px\" \/>\t\t\t\t\t\t\t\t\t\t\t\t\t\t\t<\/div>\n\t\t\t\t<\/div>\n\t\t\t\t<div class=\"elementor-element elementor-element-484013d elementor-widget elementor-widget-text-editor\" data-id=\"484013d\" data-element_type=\"widget\" data-e-type=\"widget\" data-widget_type=\"text-editor.default\">\n\t\t\t\t<div class=\"elementor-widget-container\">\n\t\t\t\t\t\t\t\t\t<p><span style=\"font-weight: bolder;\">Palacios L\u00f3pez, Mar\u00eda Dolores<\/span>. \u2014\u00a0<em>Arte y toros : estampa e ilustraci\u00f3n taurina<\/em>. \u2014 Madrid : Alianza, 2004. \u2014 295 p. : il. ; 25 cm. \u2014 D.L. M. 37730-2004. \u2014 ISBN 84-206-7744-2.<\/p>\t\t\t\t\t\t\t\t<\/div>\n\t\t\t\t<\/div>\n\t\t\t\t\t<\/div>\n\t\t<\/div>\n\t\t\t\t\t<\/div>\n\t\t<\/section>\n\t\t\t\t<\/div>\n\t\t","protected":false},"excerpt":{"rendered":"<p>NOVEDADES \u00b7 \u00b7 BIBLIOTECA DE LA REAL MAESTRANZA DE CABALLER\u00cdA DE RONDA \u00b7 \u00b7 JULIO 2014 \u00b7 \u00b7 FONDO ELITES DE PODER \u00b7 VV.AA.&nbsp;Poder y saber : bibliotecas y bibliofilia en la \u00e9poca del conde-duque de Olivares. &#8212; Madrid : Centro de Estudios Europa Hisp\u00e1nica, 2011. &#8212; 533 p. : il. ; 25 cm. &#8212; [&hellip;]<\/p>\n","protected":false},"author":2,"featured_media":11704,"comment_status":"open","ping_status":"open","sticky":false,"template":"","format":"standard","meta":{"footnotes":""},"categories":[140,791],"tags":[237,105,252,176,179,96,188,184,137,114,189],"class_list":["post-6120","post","type-post","status-publish","format-standard","has-post-thumbnail","hentry","category-biblioteca","category-boletin-bibliografico-biblioteca-rmr","tag-bibliografias","tag-biblioteca-general","tag-biblioteca-rmr","tag-boletin-mensual-bibliografico","tag-elites-de-poder","tag-equitacion","tag-genealogia","tag-heraldica","tag-libros","tag-ronda","tag-tauromaquia"],"yoast_head":"<!-- This site is optimized with the Yoast SEO plugin v27.5 - https:\/\/yoast.com\/product\/yoast-seo-wordpress\/ -->\n<title>Biblioteca-RMR: N\u00ba 7. Novedades. Julio 2014. - Real Maestranza de Caballer\u00eda de Ronda<\/title>\n<meta name=\"robots\" content=\"index, follow, max-snippet:-1, max-image-preview:large, max-video-preview:-1\" \/>\n<link rel=\"canonical\" href=\"https:\/\/www.rmcr.org\/en\/2014\/07\/01\/biblioteca-rmr-novedades-julio-2014\/\" \/>\n<meta property=\"og:locale\" content=\"en_US\" \/>\n<meta property=\"og:type\" content=\"article\" \/>\n<meta property=\"og:title\" content=\"Biblioteca-RMR: N\u00ba 7. Novedades. Julio 2014. - Real Maestranza de Caballer\u00eda de Ronda\" \/>\n<meta property=\"og:description\" content=\"NOVEDADES \u00b7 \u00b7 BIBLIOTECA DE LA REAL MAESTRANZA DE CABALLER\u00cdA DE RONDA \u00b7 \u00b7 JULIO 2014 \u00b7 \u00b7 FONDO ELITES DE PODER \u00b7 VV.AA.&nbsp;Poder y saber : bibliotecas y bibliofilia en la \u00e9poca del conde-duque de Olivares. &#8212; Madrid : Centro de Estudios Europa Hisp\u00e1nica, 2011. &#8212; 533 p. : il. ; 25 cm. &#8212; [&hellip;]\" \/>\n<meta property=\"og:url\" content=\"https:\/\/www.rmcr.org\/en\/2014\/07\/01\/biblioteca-rmr-novedades-julio-2014\/\" \/>\n<meta property=\"og:site_name\" content=\"Real Maestranza de Caballer\u00eda de Ronda\" \/>\n<meta property=\"article:publisher\" content=\"https:\/\/www.facebook.com\/plazadetorosronda\" \/>\n<meta property=\"article:published_time\" content=\"2014-07-01T12:33:05+00:00\" \/>\n<meta property=\"article:modified_time\" content=\"2025-04-03T15:12:36+00:00\" \/>\n<meta property=\"og:image\" content=\"https:\/\/www.rmcr.org\/wp-content\/uploads\/2022\/10\/nobl.jpg\" \/>\n\t<meta property=\"og:image:width\" content=\"469\" \/>\n\t<meta property=\"og:image:height\" content=\"138\" \/>\n\t<meta property=\"og:image:type\" content=\"image\/jpeg\" \/>\n<meta name=\"author\" content=\"BIBLIOTECA\" \/>\n<meta name=\"twitter:card\" content=\"summary_large_image\" \/>\n<meta name=\"twitter:creator\" content=\"@PlazatorosRMR\" \/>\n<meta name=\"twitter:site\" content=\"@PlazatorosRMR\" \/>\n<meta name=\"twitter:label1\" content=\"Written by\" \/>\n\t<meta name=\"twitter:data1\" content=\"BIBLIOTECA\" \/>\n\t<meta name=\"twitter:label2\" content=\"Est. reading time\" \/>\n\t<meta name=\"twitter:data2\" content=\"2 minutes\" \/>\n<script type=\"application\/ld+json\" class=\"yoast-schema-graph\">{\"@context\":\"https:\\\/\\\/schema.org\",\"@graph\":[{\"@type\":\"Article\",\"@id\":\"https:\\\/\\\/www.rmcr.org\\\/en\\\/2014\\\/07\\\/01\\\/biblioteca-rmr-novedades-julio-2014\\\/#article\",\"isPartOf\":{\"@id\":\"https:\\\/\\\/www.rmcr.org\\\/en\\\/2014\\\/07\\\/01\\\/biblioteca-rmr-novedades-julio-2014\\\/\"},\"author\":{\"name\":\"BIBLIOTECA\",\"@id\":\"https:\\\/\\\/www.rmcr.org\\\/en\\\/#\\\/schema\\\/person\\\/80849edee7ef556893505128619ea1d0\"},\"headline\":\"Biblioteca-RMR: N\u00ba 7. Novedades. Julio 2014.\",\"datePublished\":\"2014-07-01T12:33:05+00:00\",\"dateModified\":\"2025-04-03T15:12:36+00:00\",\"mainEntityOfPage\":{\"@id\":\"https:\\\/\\\/www.rmcr.org\\\/en\\\/2014\\\/07\\\/01\\\/biblioteca-rmr-novedades-julio-2014\\\/\"},\"wordCount\":420,\"commentCount\":0,\"publisher\":{\"@id\":\"https:\\\/\\\/www.rmcr.org\\\/en\\\/#organization\"},\"image\":{\"@id\":\"https:\\\/\\\/www.rmcr.org\\\/en\\\/2014\\\/07\\\/01\\\/biblioteca-rmr-novedades-julio-2014\\\/#primaryimage\"},\"thumbnailUrl\":\"https:\\\/\\\/www.rmcr.org\\\/wp-content\\\/uploads\\\/2022\\\/10\\\/nobl.jpg\",\"keywords\":[\"Bibliograf\u00edas\",\"Biblioteca\",\"Biblioteca-RMR\",\"Bolet\u00edn mensual bibliogr\u00e1fico\",\"\u00c9lites de poder\",\"Equitaci\u00f3n\",\"Genealog\u00eda\",\"Her\u00e1ldica\",\"Libros\",\"Ronda\",\"Tauromaquia\"],\"articleSection\":[\"Biblioteca\",\"Bolet\u00edn bibliogr\u00e1fico Biblioteca-RMR\"],\"inLanguage\":\"en-US\",\"potentialAction\":[{\"@type\":\"CommentAction\",\"name\":\"Comment\",\"target\":[\"https:\\\/\\\/www.rmcr.org\\\/en\\\/2014\\\/07\\\/01\\\/biblioteca-rmr-novedades-julio-2014\\\/#respond\"]}]},{\"@type\":\"WebPage\",\"@id\":\"https:\\\/\\\/www.rmcr.org\\\/en\\\/2014\\\/07\\\/01\\\/biblioteca-rmr-novedades-julio-2014\\\/\",\"url\":\"https:\\\/\\\/www.rmcr.org\\\/en\\\/2014\\\/07\\\/01\\\/biblioteca-rmr-novedades-julio-2014\\\/\",\"name\":\"Biblioteca-RMR: N\u00ba 7. Novedades. Julio 2014. - Real Maestranza de Caballer\u00eda de Ronda\",\"isPartOf\":{\"@id\":\"https:\\\/\\\/www.rmcr.org\\\/en\\\/#website\"},\"primaryImageOfPage\":{\"@id\":\"https:\\\/\\\/www.rmcr.org\\\/en\\\/2014\\\/07\\\/01\\\/biblioteca-rmr-novedades-julio-2014\\\/#primaryimage\"},\"image\":{\"@id\":\"https:\\\/\\\/www.rmcr.org\\\/en\\\/2014\\\/07\\\/01\\\/biblioteca-rmr-novedades-julio-2014\\\/#primaryimage\"},\"thumbnailUrl\":\"https:\\\/\\\/www.rmcr.org\\\/wp-content\\\/uploads\\\/2022\\\/10\\\/nobl.jpg\",\"datePublished\":\"2014-07-01T12:33:05+00:00\",\"dateModified\":\"2025-04-03T15:12:36+00:00\",\"breadcrumb\":{\"@id\":\"https:\\\/\\\/www.rmcr.org\\\/en\\\/2014\\\/07\\\/01\\\/biblioteca-rmr-novedades-julio-2014\\\/#breadcrumb\"},\"inLanguage\":\"en-US\",\"potentialAction\":[{\"@type\":\"ReadAction\",\"target\":[\"https:\\\/\\\/www.rmcr.org\\\/en\\\/2014\\\/07\\\/01\\\/biblioteca-rmr-novedades-julio-2014\\\/\"]}]},{\"@type\":\"ImageObject\",\"inLanguage\":\"en-US\",\"@id\":\"https:\\\/\\\/www.rmcr.org\\\/en\\\/2014\\\/07\\\/01\\\/biblioteca-rmr-novedades-julio-2014\\\/#primaryimage\",\"url\":\"https:\\\/\\\/www.rmcr.org\\\/wp-content\\\/uploads\\\/2022\\\/10\\\/nobl.jpg\",\"contentUrl\":\"https:\\\/\\\/www.rmcr.org\\\/wp-content\\\/uploads\\\/2022\\\/10\\\/nobl.jpg\",\"width\":469,\"height\":138},{\"@type\":\"BreadcrumbList\",\"@id\":\"https:\\\/\\\/www.rmcr.org\\\/en\\\/2014\\\/07\\\/01\\\/biblioteca-rmr-novedades-julio-2014\\\/#breadcrumb\",\"itemListElement\":[{\"@type\":\"ListItem\",\"position\":1,\"name\":\"REAL MAESTRANZA DE CABALLER\u00cdA DE RONDA\",\"item\":\"https:\\\/\\\/www.rmcr.org\\\/en\\\/\"},{\"@type\":\"ListItem\",\"position\":2,\"name\":\"Biblioteca-RMR: N\u00ba 7. Novedades. Julio 2014.\"}]},{\"@type\":\"WebSite\",\"@id\":\"https:\\\/\\\/www.rmcr.org\\\/en\\\/#website\",\"url\":\"https:\\\/\\\/www.rmcr.org\\\/en\\\/\",\"name\":\"Real Maestranza de Caballer\u00eda de Ronda\",\"description\":\"Real Maestranza de Caballer\u00eda de Ronda\",\"publisher\":{\"@id\":\"https:\\\/\\\/www.rmcr.org\\\/en\\\/#organization\"},\"alternateName\":\"RMCR\",\"potentialAction\":[{\"@type\":\"SearchAction\",\"target\":{\"@type\":\"EntryPoint\",\"urlTemplate\":\"https:\\\/\\\/www.rmcr.org\\\/en\\\/?s={search_term_string}\"},\"query-input\":{\"@type\":\"PropertyValueSpecification\",\"valueRequired\":true,\"valueName\":\"search_term_string\"}}],\"inLanguage\":\"en-US\"},{\"@type\":\"Organization\",\"@id\":\"https:\\\/\\\/www.rmcr.org\\\/en\\\/#organization\",\"name\":\"Real Maestranza de Caballer\u00eda de Ronda\",\"alternateName\":\"RMR\",\"url\":\"https:\\\/\\\/www.rmcr.org\\\/en\\\/\",\"logo\":{\"@type\":\"ImageObject\",\"inLanguage\":\"en-US\",\"@id\":\"https:\\\/\\\/www.rmcr.org\\\/en\\\/#\\\/schema\\\/logo\\\/image\\\/\",\"url\":\"https:\\\/\\\/www.rmcr.org\\\/wp-content\\\/uploads\\\/2022\\\/07\\\/logo-rmr-blue.svg\",\"contentUrl\":\"https:\\\/\\\/www.rmcr.org\\\/wp-content\\\/uploads\\\/2022\\\/07\\\/logo-rmr-blue.svg\",\"width\":131,\"height\":129,\"caption\":\"Real Maestranza de Caballer\u00eda de Ronda\"},\"image\":{\"@id\":\"https:\\\/\\\/www.rmcr.org\\\/en\\\/#\\\/schema\\\/logo\\\/image\\\/\"},\"sameAs\":[\"https:\\\/\\\/www.facebook.com\\\/plazadetorosronda\",\"https:\\\/\\\/x.com\\\/PlazatorosRMR\",\"https:\\\/\\\/www.instagram.com\\\/realmaestranzaderonda\\\/\",\"https:\\\/\\\/www.youtube.com\\\/channel\\\/UCrbO5IUN-8v_QML739vM4zg\\\/videos\"]},{\"@type\":\"Person\",\"@id\":\"https:\\\/\\\/www.rmcr.org\\\/en\\\/#\\\/schema\\\/person\\\/80849edee7ef556893505128619ea1d0\",\"name\":\"BIBLIOTECA\",\"image\":{\"@type\":\"ImageObject\",\"inLanguage\":\"en-US\",\"@id\":\"https:\\\/\\\/www.rmcr.org\\\/wp-content\\\/uploads\\\/2022\\\/11\\\/avatar-rmcr-96x96.png\",\"url\":\"https:\\\/\\\/www.rmcr.org\\\/wp-content\\\/uploads\\\/2022\\\/11\\\/avatar-rmcr-96x96.png\",\"contentUrl\":\"https:\\\/\\\/www.rmcr.org\\\/wp-content\\\/uploads\\\/2022\\\/11\\\/avatar-rmcr-96x96.png\",\"caption\":\"BIBLIOTECA\"},\"url\":\"https:\\\/\\\/www.rmcr.org\\\/en\\\/author\\\/juan-antonio-moreno\\\/\"}]}<\/script>\n<!-- \/ Yoast SEO plugin. -->","yoast_head_json":{"title":"Biblioteca-RMR: N\u00ba 7. Novedades. Julio 2014. - Real Maestranza de Caballer\u00eda de Ronda","robots":{"index":"index","follow":"follow","max-snippet":"max-snippet:-1","max-image-preview":"max-image-preview:large","max-video-preview":"max-video-preview:-1"},"canonical":"https:\/\/www.rmcr.org\/en\/2014\/07\/01\/biblioteca-rmr-novedades-julio-2014\/","og_locale":"en_US","og_type":"article","og_title":"Biblioteca-RMR: N\u00ba 7. Novedades. Julio 2014. - Real Maestranza de Caballer\u00eda de Ronda","og_description":"NOVEDADES \u00b7 \u00b7 BIBLIOTECA DE LA REAL MAESTRANZA DE CABALLER\u00cdA DE RONDA \u00b7 \u00b7 JULIO 2014 \u00b7 \u00b7 FONDO ELITES DE PODER \u00b7 VV.AA.&nbsp;Poder y saber : bibliotecas y bibliofilia en la \u00e9poca del conde-duque de Olivares. &#8212; Madrid : Centro de Estudios Europa Hisp\u00e1nica, 2011. &#8212; 533 p. : il. ; 25 cm. &#8212; [&hellip;]","og_url":"https:\/\/www.rmcr.org\/en\/2014\/07\/01\/biblioteca-rmr-novedades-julio-2014\/","og_site_name":"Real Maestranza de Caballer\u00eda de Ronda","article_publisher":"https:\/\/www.facebook.com\/plazadetorosronda","article_published_time":"2014-07-01T12:33:05+00:00","article_modified_time":"2025-04-03T15:12:36+00:00","og_image":[{"width":469,"height":138,"url":"https:\/\/www.rmcr.org\/wp-content\/uploads\/2022\/10\/nobl.jpg","type":"image\/jpeg"}],"author":"BIBLIOTECA","twitter_card":"summary_large_image","twitter_creator":"@PlazatorosRMR","twitter_site":"@PlazatorosRMR","twitter_misc":{"Written by":"BIBLIOTECA","Est. reading time":"2 minutes"},"schema":{"@context":"https:\/\/schema.org","@graph":[{"@type":"Article","@id":"https:\/\/www.rmcr.org\/en\/2014\/07\/01\/biblioteca-rmr-novedades-julio-2014\/#article","isPartOf":{"@id":"https:\/\/www.rmcr.org\/en\/2014\/07\/01\/biblioteca-rmr-novedades-julio-2014\/"},"author":{"name":"BIBLIOTECA","@id":"https:\/\/www.rmcr.org\/en\/#\/schema\/person\/80849edee7ef556893505128619ea1d0"},"headline":"Biblioteca-RMR: N\u00ba 7. Novedades. Julio 2014.","datePublished":"2014-07-01T12:33:05+00:00","dateModified":"2025-04-03T15:12:36+00:00","mainEntityOfPage":{"@id":"https:\/\/www.rmcr.org\/en\/2014\/07\/01\/biblioteca-rmr-novedades-julio-2014\/"},"wordCount":420,"commentCount":0,"publisher":{"@id":"https:\/\/www.rmcr.org\/en\/#organization"},"image":{"@id":"https:\/\/www.rmcr.org\/en\/2014\/07\/01\/biblioteca-rmr-novedades-julio-2014\/#primaryimage"},"thumbnailUrl":"https:\/\/www.rmcr.org\/wp-content\/uploads\/2022\/10\/nobl.jpg","keywords":["Bibliograf\u00edas","Biblioteca","Biblioteca-RMR","Bolet\u00edn mensual bibliogr\u00e1fico","\u00c9lites de poder","Equitaci\u00f3n","Genealog\u00eda","Her\u00e1ldica","Libros","Ronda","Tauromaquia"],"articleSection":["Biblioteca","Bolet\u00edn bibliogr\u00e1fico Biblioteca-RMR"],"inLanguage":"en-US","potentialAction":[{"@type":"CommentAction","name":"Comment","target":["https:\/\/www.rmcr.org\/en\/2014\/07\/01\/biblioteca-rmr-novedades-julio-2014\/#respond"]}]},{"@type":"WebPage","@id":"https:\/\/www.rmcr.org\/en\/2014\/07\/01\/biblioteca-rmr-novedades-julio-2014\/","url":"https:\/\/www.rmcr.org\/en\/2014\/07\/01\/biblioteca-rmr-novedades-julio-2014\/","name":"Biblioteca-RMR: N\u00ba 7. Novedades. Julio 2014. - Real Maestranza de Caballer\u00eda de Ronda","isPartOf":{"@id":"https:\/\/www.rmcr.org\/en\/#website"},"primaryImageOfPage":{"@id":"https:\/\/www.rmcr.org\/en\/2014\/07\/01\/biblioteca-rmr-novedades-julio-2014\/#primaryimage"},"image":{"@id":"https:\/\/www.rmcr.org\/en\/2014\/07\/01\/biblioteca-rmr-novedades-julio-2014\/#primaryimage"},"thumbnailUrl":"https:\/\/www.rmcr.org\/wp-content\/uploads\/2022\/10\/nobl.jpg","datePublished":"2014-07-01T12:33:05+00:00","dateModified":"2025-04-03T15:12:36+00:00","breadcrumb":{"@id":"https:\/\/www.rmcr.org\/en\/2014\/07\/01\/biblioteca-rmr-novedades-julio-2014\/#breadcrumb"},"inLanguage":"en-US","potentialAction":[{"@type":"ReadAction","target":["https:\/\/www.rmcr.org\/en\/2014\/07\/01\/biblioteca-rmr-novedades-julio-2014\/"]}]},{"@type":"ImageObject","inLanguage":"en-US","@id":"https:\/\/www.rmcr.org\/en\/2014\/07\/01\/biblioteca-rmr-novedades-julio-2014\/#primaryimage","url":"https:\/\/www.rmcr.org\/wp-content\/uploads\/2022\/10\/nobl.jpg","contentUrl":"https:\/\/www.rmcr.org\/wp-content\/uploads\/2022\/10\/nobl.jpg","width":469,"height":138},{"@type":"BreadcrumbList","@id":"https:\/\/www.rmcr.org\/en\/2014\/07\/01\/biblioteca-rmr-novedades-julio-2014\/#breadcrumb","itemListElement":[{"@type":"ListItem","position":1,"name":"REAL MAESTRANZA DE CABALLER\u00cdA DE RONDA","item":"https:\/\/www.rmcr.org\/en\/"},{"@type":"ListItem","position":2,"name":"Biblioteca-RMR: N\u00ba 7. Novedades. Julio 2014."}]},{"@type":"WebSite","@id":"https:\/\/www.rmcr.org\/en\/#website","url":"https:\/\/www.rmcr.org\/en\/","name":"Real Maestranza de Caballer\u00eda de Ronda","description":"Real Maestranza de Caballer\u00eda de Ronda","publisher":{"@id":"https:\/\/www.rmcr.org\/en\/#organization"},"alternateName":"RMCR","potentialAction":[{"@type":"SearchAction","target":{"@type":"EntryPoint","urlTemplate":"https:\/\/www.rmcr.org\/en\/?s={search_term_string}"},"query-input":{"@type":"PropertyValueSpecification","valueRequired":true,"valueName":"search_term_string"}}],"inLanguage":"en-US"},{"@type":"Organization","@id":"https:\/\/www.rmcr.org\/en\/#organization","name":"Real Maestranza de Caballer\u00eda de Ronda","alternateName":"RMR","url":"https:\/\/www.rmcr.org\/en\/","logo":{"@type":"ImageObject","inLanguage":"en-US","@id":"https:\/\/www.rmcr.org\/en\/#\/schema\/logo\/image\/","url":"https:\/\/www.rmcr.org\/wp-content\/uploads\/2022\/07\/logo-rmr-blue.svg","contentUrl":"https:\/\/www.rmcr.org\/wp-content\/uploads\/2022\/07\/logo-rmr-blue.svg","width":131,"height":129,"caption":"Real Maestranza de Caballer\u00eda de Ronda"},"image":{"@id":"https:\/\/www.rmcr.org\/en\/#\/schema\/logo\/image\/"},"sameAs":["https:\/\/www.facebook.com\/plazadetorosronda","https:\/\/x.com\/PlazatorosRMR","https:\/\/www.instagram.com\/realmaestranzaderonda\/","https:\/\/www.youtube.com\/channel\/UCrbO5IUN-8v_QML739vM4zg\/videos"]},{"@type":"Person","@id":"https:\/\/www.rmcr.org\/en\/#\/schema\/person\/80849edee7ef556893505128619ea1d0","name":"BIBLIOTECA","image":{"@type":"ImageObject","inLanguage":"en-US","@id":"https:\/\/www.rmcr.org\/wp-content\/uploads\/2022\/11\/avatar-rmcr-96x96.png","url":"https:\/\/www.rmcr.org\/wp-content\/uploads\/2022\/11\/avatar-rmcr-96x96.png","contentUrl":"https:\/\/www.rmcr.org\/wp-content\/uploads\/2022\/11\/avatar-rmcr-96x96.png","caption":"BIBLIOTECA"},"url":"https:\/\/www.rmcr.org\/en\/author\/juan-antonio-moreno\/"}]}},"_links":{"self":[{"href":"https:\/\/www.rmcr.org\/en\/wp-json\/wp\/v2\/posts\/6120","targetHints":{"allow":["GET"]}}],"collection":[{"href":"https:\/\/www.rmcr.org\/en\/wp-json\/wp\/v2\/posts"}],"about":[{"href":"https:\/\/www.rmcr.org\/en\/wp-json\/wp\/v2\/types\/post"}],"author":[{"embeddable":true,"href":"https:\/\/www.rmcr.org\/en\/wp-json\/wp\/v2\/users\/2"}],"replies":[{"embeddable":true,"href":"https:\/\/www.rmcr.org\/en\/wp-json\/wp\/v2\/comments?post=6120"}],"version-history":[{"count":45,"href":"https:\/\/www.rmcr.org\/en\/wp-json\/wp\/v2\/posts\/6120\/revisions"}],"predecessor-version":[{"id":18319,"href":"https:\/\/www.rmcr.org\/en\/wp-json\/wp\/v2\/posts\/6120\/revisions\/18319"}],"wp:featuredmedia":[{"embeddable":true,"href":"https:\/\/www.rmcr.org\/en\/wp-json\/wp\/v2\/media\/11704"}],"wp:attachment":[{"href":"https:\/\/www.rmcr.org\/en\/wp-json\/wp\/v2\/media?parent=6120"}],"wp:term":[{"taxonomy":"category","embeddable":true,"href":"https:\/\/www.rmcr.org\/en\/wp-json\/wp\/v2\/categories?post=6120"},{"taxonomy":"post_tag","embeddable":true,"href":"https:\/\/www.rmcr.org\/en\/wp-json\/wp\/v2\/tags?post=6120"}],"curies":[{"name":"wp","href":"https:\/\/api.w.org\/{rel}","templated":true}]}}