{"id":6117,"date":"2014-05-28T12:04:12","date_gmt":"2014-05-28T12:04:12","guid":{"rendered":"https:\/\/www.rmcr.org\/?p=6117"},"modified":"2025-04-04T11:25:29","modified_gmt":"2025-04-04T11:25:29","slug":"musica-y-filosofia-en-ronda-ver-el-sonido-oir-la-imagen","status":"publish","type":"post","link":"https:\/\/www.rmcr.org\/en\/2014\/05\/28\/musica-y-filosofia-en-ronda-ver-el-sonido-oir-la-imagen\/","title":{"rendered":"M\u00fasica y Filosof\u00eda en Ronda: Ver el sonido, o\u00edr la imagen"},"content":{"rendered":"<p><strong>Ignacio Herrera de La Muela, director de la Real Maestranza de Caballer\u00eda de Ronda, ha presentado la XV Semana de la M\u00fasica de Ronda y el XI Encuentro M\u00fasica-Filosof\u00eda que se celebrar\u00e1n del 30 de junio al 3 de julio de 2014, organizados por la instituci\u00f3n en colaboraci\u00f3n con el International Ontology Congress, la&nbsp;Hochschule f\u00fcr Musik Carl Maria von Weber de Dresde y el Ayuntamiento de Ronda.<\/strong><\/p>\n<p style=\"text-align:center;\"><a href=\"https:\/\/www.rmcr.org\/wp-content\/uploads\/2014\/05\/semana_2014_a4.jpg\"><img fetchpriority=\"high\" decoding=\"async\" class=\"aligncenter size-full wp-image-381\" src=\"https:\/\/www.rmcr.org\/wp-content\/uploads\/2014\/05\/semana_2014_a4.jpg\" alt=\"semana_2014_A4\" width=\"353\" height=\"500\"><\/a><\/p>\n<p>La <strong>XV Semana de la M\u00fasica de Ronda<\/strong> tiene programados cuatro conciertos. El lunes 30 de junio, bajo el t\u00edtulo <em>M\u00fasica de im\u00e1genes<\/em>, la Orquesta Sinf\u00f3nica del Aljarafe dirigida por Pedro V\u00e1zquez interpretar\u00e1 obras de Tchaikovsky, Rimsky-K\u00f3rsakov, Prokofiev y Mussorgsky\/Ravel en el ruedo de la Plaza de Toros de la Real Maestranza. El martes 1 de julio, el d\u00fao de pianistas Isabel Puente y Antonio Narejos ofrecer\u00e1n el concierto <em>Homenaje a Joan Guinjoan<\/em> en la Biblioteca de la Real Maestranza, con obras de Marco, S\u00e1nchez-Verd\u00fa y Guinjoan. El mi\u00e9rcoles 2 de julio, de nuevo en la Biblioteca, la Orquesta de C\u00e1mara del Aljarafe bajo la batuta de Pedro V\u00e1zquez interpretar\u00e1 las obras ganadora y finalistas del <em>II Concurso de Composici\u00f3n Musical<\/em> de la Real Maestranza. La clausura el jueves 3 de julio correr\u00e1 a cargo del grupo Alia Mvsica, dirigido por Miguel S\u00e1nchez, con el concierto <em>Vigilias y m\u00fasica en la tradici\u00f3n mediterr\u00e1nea<\/em>, repertorio de antiguas y diferentes tradiciones musicales en un escenario singular, la Ermita Rupestre Virgen de la Cabeza (s. X).<\/p>\n<p>Por su parte, el <strong>XI Encuentro M\u00fasica-Filosof\u00eda<\/strong> reunir\u00e1 en el Sal\u00f3n de Grados de la Real Maestranza a los compositores Joan Guinjoan, Tom\u00e1s Marco y Jos\u00e9 M\u00aa S\u00e1nchez Verd\u00fa, los fil\u00f3sofos V\u00edctor G\u00f3mez Pin, Francisco Jarauta, Gotzon Arrizabalaga y Javier Echeverr\u00eda, el music\u00f3logo J\u00f6rn Peter Hiekel, y los artistas Jos\u00e9 M\u00aa Cruz Novillo y Frederic Amat.<\/p>\n<p>Bajo el t\u00edtulo <em>Ver el sonido, o\u00edr la imagen<\/em> las conferencias abordar\u00e1n un tema de actualidad desde una perspectiva pluridisciplinar, apuntando m\u00e1s bien a establecer el estado de la cuesti\u00f3n que a proporcionar respuestas definitivas. Las relaciones entre vista y o\u00eddo son mucho m\u00e1s estrechas de lo que podr\u00eda parecer, nos referimos a m\u00fasicos que percib\u00edan el sonido como colores, y a pintores que, en cierta manera, escuchaban sus pinturas. Sonido e imagen pueden tener una relaci\u00f3n m\u00e1s all\u00e1 de los ejemplos conocidos de colaboraci\u00f3n como puedan ser la \u00f3pera, el cine o el audiovisual en general. \u00bfQu\u00e9 elementos sonoros pueden eventualmente incidir en la percepci\u00f3n convencional de im\u00e1genes? \u00bfCu\u00e1les son los componentes visuales que influyen en la escucha?<\/p>\n<p>\u2022 Informaci\u00f3n conciertos e inscripci\u00f3n conferencias en: <a href=\"http:\/\/www.musicaronda.com\">www.musicaronda.com<\/a><br \/>\n\u2022 Las entradas para los conciertos podr\u00e1n adquirirse en la Taquilla de la Plaza de Toros de la Real Maestranza y en la Casa de la Cultura del Ayuntamiento de Ronda a partir del lunes 2 de junio de 2014.<\/p>\n","protected":false},"excerpt":{"rendered":"<p>Ignacio Herrera de La Muela, director de la Real Maestranza de Caballer\u00eda de Ronda, ha presentado la XV Semana de la M\u00fasica de Ronda y el XI Encuentro M\u00fasica-Filosof\u00eda que se celebrar\u00e1n del 30 de junio al 3 de julio de 2014, organizados por la instituci\u00f3n en colaboraci\u00f3n con el International Ontology Congress, la&nbsp;Hochschule f\u00fcr [&hellip;]<\/p>\n","protected":false},"author":4,"featured_media":11955,"comment_status":"open","ping_status":"open","sticky":false,"template":"","format":"standard","meta":{"footnotes":""},"categories":[200,699,201],"tags":[165,812,135,167,168,169],"class_list":["post-6117","post","type-post","status-publish","format-standard","has-post-thumbnail","hentry","category-actividad","category-encuentros","category-semana-de-la-musica-de-ronda","tag-conciertos","tag-concurso-de-composicion-musical","tag-conferencias","tag-cursos-de-verano","tag-encuentro-musica-filosofia","tag-semana-de-la-musica-de-ronda"],"yoast_head":"<!-- This site is optimized with the Yoast SEO plugin v27.5 - https:\/\/yoast.com\/product\/yoast-seo-wordpress\/ -->\n<title>M\u00fasica y Filosof\u00eda en Ronda: Ver el sonido, o\u00edr la imagen - Real Maestranza de Caballer\u00eda de Ronda<\/title>\n<meta name=\"robots\" content=\"index, follow, max-snippet:-1, max-image-preview:large, max-video-preview:-1\" \/>\n<link rel=\"canonical\" href=\"https:\/\/www.rmcr.org\/en\/2014\/05\/28\/musica-y-filosofia-en-ronda-ver-el-sonido-oir-la-imagen\/\" \/>\n<meta property=\"og:locale\" content=\"en_US\" \/>\n<meta property=\"og:type\" content=\"article\" \/>\n<meta property=\"og:title\" content=\"M\u00fasica y Filosof\u00eda en Ronda: Ver el sonido, o\u00edr la imagen - Real Maestranza de Caballer\u00eda de Ronda\" \/>\n<meta property=\"og:description\" content=\"Ignacio Herrera de La Muela, director de la Real Maestranza de Caballer\u00eda de Ronda, ha presentado la XV Semana de la M\u00fasica de Ronda y el XI Encuentro M\u00fasica-Filosof\u00eda que se celebrar\u00e1n del 30 de junio al 3 de julio de 2014, organizados por la instituci\u00f3n en colaboraci\u00f3n con el International Ontology Congress, la&nbsp;Hochschule f\u00fcr [&hellip;]\" \/>\n<meta property=\"og:url\" content=\"https:\/\/www.rmcr.org\/en\/2014\/05\/28\/musica-y-filosofia-en-ronda-ver-el-sonido-oir-la-imagen\/\" \/>\n<meta property=\"og:site_name\" content=\"Real Maestranza de Caballer\u00eda de Ronda\" \/>\n<meta property=\"article:publisher\" content=\"https:\/\/www.facebook.com\/plazadetorosronda\" \/>\n<meta property=\"article:published_time\" content=\"2014-05-28T12:04:12+00:00\" \/>\n<meta property=\"article:modified_time\" content=\"2025-04-04T11:25:29+00:00\" \/>\n<meta property=\"og:image\" content=\"https:\/\/www.rmcr.org\/wp-content\/uploads\/2022\/10\/banner.jpg\" \/>\n\t<meta property=\"og:image:width\" content=\"469\" \/>\n\t<meta property=\"og:image:height\" content=\"139\" \/>\n\t<meta property=\"og:image:type\" content=\"image\/jpeg\" \/>\n<meta name=\"author\" content=\"ACTIVIDAD\" \/>\n<meta name=\"twitter:card\" content=\"summary_large_image\" \/>\n<meta name=\"twitter:creator\" content=\"@PlazatorosRMR\" \/>\n<meta name=\"twitter:site\" content=\"@PlazatorosRMR\" \/>\n<meta name=\"twitter:label1\" content=\"Written by\" \/>\n\t<meta name=\"twitter:data1\" content=\"ACTIVIDAD\" \/>\n\t<meta name=\"twitter:label2\" content=\"Est. reading time\" \/>\n\t<meta name=\"twitter:data2\" content=\"3 minutes\" \/>\n<script type=\"application\/ld+json\" class=\"yoast-schema-graph\">{\"@context\":\"https:\\\/\\\/schema.org\",\"@graph\":[{\"@type\":\"Article\",\"@id\":\"https:\\\/\\\/www.rmcr.org\\\/en\\\/2014\\\/05\\\/28\\\/musica-y-filosofia-en-ronda-ver-el-sonido-oir-la-imagen\\\/#article\",\"isPartOf\":{\"@id\":\"https:\\\/\\\/www.rmcr.org\\\/en\\\/2014\\\/05\\\/28\\\/musica-y-filosofia-en-ronda-ver-el-sonido-oir-la-imagen\\\/\"},\"author\":{\"name\":\"ACTIVIDAD\",\"@id\":\"https:\\\/\\\/www.rmcr.org\\\/en\\\/#\\\/schema\\\/person\\\/826ea4b159de99b4731c8f519477737b\"},\"headline\":\"M\u00fasica y Filosof\u00eda en Ronda: Ver el sonido, o\u00edr la imagen\",\"datePublished\":\"2014-05-28T12:04:12+00:00\",\"dateModified\":\"2025-04-04T11:25:29+00:00\",\"mainEntityOfPage\":{\"@id\":\"https:\\\/\\\/www.rmcr.org\\\/en\\\/2014\\\/05\\\/28\\\/musica-y-filosofia-en-ronda-ver-el-sonido-oir-la-imagen\\\/\"},\"wordCount\":527,\"commentCount\":0,\"publisher\":{\"@id\":\"https:\\\/\\\/www.rmcr.org\\\/en\\\/#organization\"},\"image\":{\"@id\":\"https:\\\/\\\/www.rmcr.org\\\/en\\\/2014\\\/05\\\/28\\\/musica-y-filosofia-en-ronda-ver-el-sonido-oir-la-imagen\\\/#primaryimage\"},\"thumbnailUrl\":\"https:\\\/\\\/www.rmcr.org\\\/wp-content\\\/uploads\\\/2022\\\/10\\\/banner.jpg\",\"keywords\":[\"Conciertos\",\"Concurso de Composici\u00f3n Musical\",\"Conferencias\",\"Cursos de verano\",\"Encuentro M\u00fasica-Filosof\u00eda\",\"Semana de la M\u00fasica de Ronda\"],\"articleSection\":[\"Actividad\",\"Encuentros\",\"Semana de la M\u00fasica de Ronda\"],\"inLanguage\":\"en-US\",\"potentialAction\":[{\"@type\":\"CommentAction\",\"name\":\"Comment\",\"target\":[\"https:\\\/\\\/www.rmcr.org\\\/en\\\/2014\\\/05\\\/28\\\/musica-y-filosofia-en-ronda-ver-el-sonido-oir-la-imagen\\\/#respond\"]}]},{\"@type\":\"WebPage\",\"@id\":\"https:\\\/\\\/www.rmcr.org\\\/en\\\/2014\\\/05\\\/28\\\/musica-y-filosofia-en-ronda-ver-el-sonido-oir-la-imagen\\\/\",\"url\":\"https:\\\/\\\/www.rmcr.org\\\/en\\\/2014\\\/05\\\/28\\\/musica-y-filosofia-en-ronda-ver-el-sonido-oir-la-imagen\\\/\",\"name\":\"M\u00fasica y Filosof\u00eda en Ronda: Ver el sonido, o\u00edr la imagen - Real Maestranza de Caballer\u00eda de Ronda\",\"isPartOf\":{\"@id\":\"https:\\\/\\\/www.rmcr.org\\\/en\\\/#website\"},\"primaryImageOfPage\":{\"@id\":\"https:\\\/\\\/www.rmcr.org\\\/en\\\/2014\\\/05\\\/28\\\/musica-y-filosofia-en-ronda-ver-el-sonido-oir-la-imagen\\\/#primaryimage\"},\"image\":{\"@id\":\"https:\\\/\\\/www.rmcr.org\\\/en\\\/2014\\\/05\\\/28\\\/musica-y-filosofia-en-ronda-ver-el-sonido-oir-la-imagen\\\/#primaryimage\"},\"thumbnailUrl\":\"https:\\\/\\\/www.rmcr.org\\\/wp-content\\\/uploads\\\/2022\\\/10\\\/banner.jpg\",\"datePublished\":\"2014-05-28T12:04:12+00:00\",\"dateModified\":\"2025-04-04T11:25:29+00:00\",\"breadcrumb\":{\"@id\":\"https:\\\/\\\/www.rmcr.org\\\/en\\\/2014\\\/05\\\/28\\\/musica-y-filosofia-en-ronda-ver-el-sonido-oir-la-imagen\\\/#breadcrumb\"},\"inLanguage\":\"en-US\",\"potentialAction\":[{\"@type\":\"ReadAction\",\"target\":[\"https:\\\/\\\/www.rmcr.org\\\/en\\\/2014\\\/05\\\/28\\\/musica-y-filosofia-en-ronda-ver-el-sonido-oir-la-imagen\\\/\"]}]},{\"@type\":\"ImageObject\",\"inLanguage\":\"en-US\",\"@id\":\"https:\\\/\\\/www.rmcr.org\\\/en\\\/2014\\\/05\\\/28\\\/musica-y-filosofia-en-ronda-ver-el-sonido-oir-la-imagen\\\/#primaryimage\",\"url\":\"https:\\\/\\\/www.rmcr.org\\\/wp-content\\\/uploads\\\/2022\\\/10\\\/banner.jpg\",\"contentUrl\":\"https:\\\/\\\/www.rmcr.org\\\/wp-content\\\/uploads\\\/2022\\\/10\\\/banner.jpg\",\"width\":469,\"height\":139},{\"@type\":\"BreadcrumbList\",\"@id\":\"https:\\\/\\\/www.rmcr.org\\\/en\\\/2014\\\/05\\\/28\\\/musica-y-filosofia-en-ronda-ver-el-sonido-oir-la-imagen\\\/#breadcrumb\",\"itemListElement\":[{\"@type\":\"ListItem\",\"position\":1,\"name\":\"REAL MAESTRANZA DE CABALLER\u00cdA DE RONDA\",\"item\":\"https:\\\/\\\/www.rmcr.org\\\/en\\\/\"},{\"@type\":\"ListItem\",\"position\":2,\"name\":\"M\u00fasica y Filosof\u00eda en Ronda: Ver el sonido, o\u00edr la imagen\"}]},{\"@type\":\"WebSite\",\"@id\":\"https:\\\/\\\/www.rmcr.org\\\/en\\\/#website\",\"url\":\"https:\\\/\\\/www.rmcr.org\\\/en\\\/\",\"name\":\"Real Maestranza de Caballer\u00eda de Ronda\",\"description\":\"Real Maestranza de Caballer\u00eda de Ronda\",\"publisher\":{\"@id\":\"https:\\\/\\\/www.rmcr.org\\\/en\\\/#organization\"},\"alternateName\":\"RMCR\",\"potentialAction\":[{\"@type\":\"SearchAction\",\"target\":{\"@type\":\"EntryPoint\",\"urlTemplate\":\"https:\\\/\\\/www.rmcr.org\\\/en\\\/?s={search_term_string}\"},\"query-input\":{\"@type\":\"PropertyValueSpecification\",\"valueRequired\":true,\"valueName\":\"search_term_string\"}}],\"inLanguage\":\"en-US\"},{\"@type\":\"Organization\",\"@id\":\"https:\\\/\\\/www.rmcr.org\\\/en\\\/#organization\",\"name\":\"Real Maestranza de Caballer\u00eda de Ronda\",\"alternateName\":\"RMR\",\"url\":\"https:\\\/\\\/www.rmcr.org\\\/en\\\/\",\"logo\":{\"@type\":\"ImageObject\",\"inLanguage\":\"en-US\",\"@id\":\"https:\\\/\\\/www.rmcr.org\\\/en\\\/#\\\/schema\\\/logo\\\/image\\\/\",\"url\":\"https:\\\/\\\/www.rmcr.org\\\/wp-content\\\/uploads\\\/2022\\\/07\\\/logo-rmr-blue.svg\",\"contentUrl\":\"https:\\\/\\\/www.rmcr.org\\\/wp-content\\\/uploads\\\/2022\\\/07\\\/logo-rmr-blue.svg\",\"width\":131,\"height\":129,\"caption\":\"Real Maestranza de Caballer\u00eda de Ronda\"},\"image\":{\"@id\":\"https:\\\/\\\/www.rmcr.org\\\/en\\\/#\\\/schema\\\/logo\\\/image\\\/\"},\"sameAs\":[\"https:\\\/\\\/www.facebook.com\\\/plazadetorosronda\",\"https:\\\/\\\/x.com\\\/PlazatorosRMR\",\"https:\\\/\\\/www.instagram.com\\\/realmaestranzaderonda\\\/\",\"https:\\\/\\\/www.youtube.com\\\/channel\\\/UCrbO5IUN-8v_QML739vM4zg\\\/videos\"]},{\"@type\":\"Person\",\"@id\":\"https:\\\/\\\/www.rmcr.org\\\/en\\\/#\\\/schema\\\/person\\\/826ea4b159de99b4731c8f519477737b\",\"name\":\"ACTIVIDAD\",\"image\":{\"@type\":\"ImageObject\",\"inLanguage\":\"en-US\",\"@id\":\"https:\\\/\\\/www.rmcr.org\\\/wp-content\\\/uploads\\\/2022\\\/11\\\/avatar-rmcr-96x96.png\",\"url\":\"https:\\\/\\\/www.rmcr.org\\\/wp-content\\\/uploads\\\/2022\\\/11\\\/avatar-rmcr-96x96.png\",\"contentUrl\":\"https:\\\/\\\/www.rmcr.org\\\/wp-content\\\/uploads\\\/2022\\\/11\\\/avatar-rmcr-96x96.png\",\"caption\":\"ACTIVIDAD\"},\"url\":\"https:\\\/\\\/www.rmcr.org\\\/en\\\/author\\\/alfonso-prado\\\/\"}]}<\/script>\n<!-- \/ Yoast SEO plugin. -->","yoast_head_json":{"title":"M\u00fasica y Filosof\u00eda en Ronda: Ver el sonido, o\u00edr la imagen - Real Maestranza de Caballer\u00eda de Ronda","robots":{"index":"index","follow":"follow","max-snippet":"max-snippet:-1","max-image-preview":"max-image-preview:large","max-video-preview":"max-video-preview:-1"},"canonical":"https:\/\/www.rmcr.org\/en\/2014\/05\/28\/musica-y-filosofia-en-ronda-ver-el-sonido-oir-la-imagen\/","og_locale":"en_US","og_type":"article","og_title":"M\u00fasica y Filosof\u00eda en Ronda: Ver el sonido, o\u00edr la imagen - Real Maestranza de Caballer\u00eda de Ronda","og_description":"Ignacio Herrera de La Muela, director de la Real Maestranza de Caballer\u00eda de Ronda, ha presentado la XV Semana de la M\u00fasica de Ronda y el XI Encuentro M\u00fasica-Filosof\u00eda que se celebrar\u00e1n del 30 de junio al 3 de julio de 2014, organizados por la instituci\u00f3n en colaboraci\u00f3n con el International Ontology Congress, la&nbsp;Hochschule f\u00fcr [&hellip;]","og_url":"https:\/\/www.rmcr.org\/en\/2014\/05\/28\/musica-y-filosofia-en-ronda-ver-el-sonido-oir-la-imagen\/","og_site_name":"Real Maestranza de Caballer\u00eda de Ronda","article_publisher":"https:\/\/www.facebook.com\/plazadetorosronda","article_published_time":"2014-05-28T12:04:12+00:00","article_modified_time":"2025-04-04T11:25:29+00:00","og_image":[{"width":469,"height":139,"url":"https:\/\/www.rmcr.org\/wp-content\/uploads\/2022\/10\/banner.jpg","type":"image\/jpeg"}],"author":"ACTIVIDAD","twitter_card":"summary_large_image","twitter_creator":"@PlazatorosRMR","twitter_site":"@PlazatorosRMR","twitter_misc":{"Written by":"ACTIVIDAD","Est. reading time":"3 minutes"},"schema":{"@context":"https:\/\/schema.org","@graph":[{"@type":"Article","@id":"https:\/\/www.rmcr.org\/en\/2014\/05\/28\/musica-y-filosofia-en-ronda-ver-el-sonido-oir-la-imagen\/#article","isPartOf":{"@id":"https:\/\/www.rmcr.org\/en\/2014\/05\/28\/musica-y-filosofia-en-ronda-ver-el-sonido-oir-la-imagen\/"},"author":{"name":"ACTIVIDAD","@id":"https:\/\/www.rmcr.org\/en\/#\/schema\/person\/826ea4b159de99b4731c8f519477737b"},"headline":"M\u00fasica y Filosof\u00eda en Ronda: Ver el sonido, o\u00edr la imagen","datePublished":"2014-05-28T12:04:12+00:00","dateModified":"2025-04-04T11:25:29+00:00","mainEntityOfPage":{"@id":"https:\/\/www.rmcr.org\/en\/2014\/05\/28\/musica-y-filosofia-en-ronda-ver-el-sonido-oir-la-imagen\/"},"wordCount":527,"commentCount":0,"publisher":{"@id":"https:\/\/www.rmcr.org\/en\/#organization"},"image":{"@id":"https:\/\/www.rmcr.org\/en\/2014\/05\/28\/musica-y-filosofia-en-ronda-ver-el-sonido-oir-la-imagen\/#primaryimage"},"thumbnailUrl":"https:\/\/www.rmcr.org\/wp-content\/uploads\/2022\/10\/banner.jpg","keywords":["Conciertos","Concurso de Composici\u00f3n Musical","Conferencias","Cursos de verano","Encuentro M\u00fasica-Filosof\u00eda","Semana de la M\u00fasica de Ronda"],"articleSection":["Actividad","Encuentros","Semana de la M\u00fasica de Ronda"],"inLanguage":"en-US","potentialAction":[{"@type":"CommentAction","name":"Comment","target":["https:\/\/www.rmcr.org\/en\/2014\/05\/28\/musica-y-filosofia-en-ronda-ver-el-sonido-oir-la-imagen\/#respond"]}]},{"@type":"WebPage","@id":"https:\/\/www.rmcr.org\/en\/2014\/05\/28\/musica-y-filosofia-en-ronda-ver-el-sonido-oir-la-imagen\/","url":"https:\/\/www.rmcr.org\/en\/2014\/05\/28\/musica-y-filosofia-en-ronda-ver-el-sonido-oir-la-imagen\/","name":"M\u00fasica y Filosof\u00eda en Ronda: Ver el sonido, o\u00edr la imagen - Real Maestranza de Caballer\u00eda de Ronda","isPartOf":{"@id":"https:\/\/www.rmcr.org\/en\/#website"},"primaryImageOfPage":{"@id":"https:\/\/www.rmcr.org\/en\/2014\/05\/28\/musica-y-filosofia-en-ronda-ver-el-sonido-oir-la-imagen\/#primaryimage"},"image":{"@id":"https:\/\/www.rmcr.org\/en\/2014\/05\/28\/musica-y-filosofia-en-ronda-ver-el-sonido-oir-la-imagen\/#primaryimage"},"thumbnailUrl":"https:\/\/www.rmcr.org\/wp-content\/uploads\/2022\/10\/banner.jpg","datePublished":"2014-05-28T12:04:12+00:00","dateModified":"2025-04-04T11:25:29+00:00","breadcrumb":{"@id":"https:\/\/www.rmcr.org\/en\/2014\/05\/28\/musica-y-filosofia-en-ronda-ver-el-sonido-oir-la-imagen\/#breadcrumb"},"inLanguage":"en-US","potentialAction":[{"@type":"ReadAction","target":["https:\/\/www.rmcr.org\/en\/2014\/05\/28\/musica-y-filosofia-en-ronda-ver-el-sonido-oir-la-imagen\/"]}]},{"@type":"ImageObject","inLanguage":"en-US","@id":"https:\/\/www.rmcr.org\/en\/2014\/05\/28\/musica-y-filosofia-en-ronda-ver-el-sonido-oir-la-imagen\/#primaryimage","url":"https:\/\/www.rmcr.org\/wp-content\/uploads\/2022\/10\/banner.jpg","contentUrl":"https:\/\/www.rmcr.org\/wp-content\/uploads\/2022\/10\/banner.jpg","width":469,"height":139},{"@type":"BreadcrumbList","@id":"https:\/\/www.rmcr.org\/en\/2014\/05\/28\/musica-y-filosofia-en-ronda-ver-el-sonido-oir-la-imagen\/#breadcrumb","itemListElement":[{"@type":"ListItem","position":1,"name":"REAL MAESTRANZA DE CABALLER\u00cdA DE RONDA","item":"https:\/\/www.rmcr.org\/en\/"},{"@type":"ListItem","position":2,"name":"M\u00fasica y Filosof\u00eda en Ronda: Ver el sonido, o\u00edr la imagen"}]},{"@type":"WebSite","@id":"https:\/\/www.rmcr.org\/en\/#website","url":"https:\/\/www.rmcr.org\/en\/","name":"Real Maestranza de Caballer\u00eda de Ronda","description":"Real Maestranza de Caballer\u00eda de Ronda","publisher":{"@id":"https:\/\/www.rmcr.org\/en\/#organization"},"alternateName":"RMCR","potentialAction":[{"@type":"SearchAction","target":{"@type":"EntryPoint","urlTemplate":"https:\/\/www.rmcr.org\/en\/?s={search_term_string}"},"query-input":{"@type":"PropertyValueSpecification","valueRequired":true,"valueName":"search_term_string"}}],"inLanguage":"en-US"},{"@type":"Organization","@id":"https:\/\/www.rmcr.org\/en\/#organization","name":"Real Maestranza de Caballer\u00eda de Ronda","alternateName":"RMR","url":"https:\/\/www.rmcr.org\/en\/","logo":{"@type":"ImageObject","inLanguage":"en-US","@id":"https:\/\/www.rmcr.org\/en\/#\/schema\/logo\/image\/","url":"https:\/\/www.rmcr.org\/wp-content\/uploads\/2022\/07\/logo-rmr-blue.svg","contentUrl":"https:\/\/www.rmcr.org\/wp-content\/uploads\/2022\/07\/logo-rmr-blue.svg","width":131,"height":129,"caption":"Real Maestranza de Caballer\u00eda de Ronda"},"image":{"@id":"https:\/\/www.rmcr.org\/en\/#\/schema\/logo\/image\/"},"sameAs":["https:\/\/www.facebook.com\/plazadetorosronda","https:\/\/x.com\/PlazatorosRMR","https:\/\/www.instagram.com\/realmaestranzaderonda\/","https:\/\/www.youtube.com\/channel\/UCrbO5IUN-8v_QML739vM4zg\/videos"]},{"@type":"Person","@id":"https:\/\/www.rmcr.org\/en\/#\/schema\/person\/826ea4b159de99b4731c8f519477737b","name":"ACTIVIDAD","image":{"@type":"ImageObject","inLanguage":"en-US","@id":"https:\/\/www.rmcr.org\/wp-content\/uploads\/2022\/11\/avatar-rmcr-96x96.png","url":"https:\/\/www.rmcr.org\/wp-content\/uploads\/2022\/11\/avatar-rmcr-96x96.png","contentUrl":"https:\/\/www.rmcr.org\/wp-content\/uploads\/2022\/11\/avatar-rmcr-96x96.png","caption":"ACTIVIDAD"},"url":"https:\/\/www.rmcr.org\/en\/author\/alfonso-prado\/"}]}},"_links":{"self":[{"href":"https:\/\/www.rmcr.org\/en\/wp-json\/wp\/v2\/posts\/6117","targetHints":{"allow":["GET"]}}],"collection":[{"href":"https:\/\/www.rmcr.org\/en\/wp-json\/wp\/v2\/posts"}],"about":[{"href":"https:\/\/www.rmcr.org\/en\/wp-json\/wp\/v2\/types\/post"}],"author":[{"embeddable":true,"href":"https:\/\/www.rmcr.org\/en\/wp-json\/wp\/v2\/users\/4"}],"replies":[{"embeddable":true,"href":"https:\/\/www.rmcr.org\/en\/wp-json\/wp\/v2\/comments?post=6117"}],"version-history":[{"count":1,"href":"https:\/\/www.rmcr.org\/en\/wp-json\/wp\/v2\/posts\/6117\/revisions"}],"predecessor-version":[{"id":11957,"href":"https:\/\/www.rmcr.org\/en\/wp-json\/wp\/v2\/posts\/6117\/revisions\/11957"}],"wp:featuredmedia":[{"embeddable":true,"href":"https:\/\/www.rmcr.org\/en\/wp-json\/wp\/v2\/media\/11955"}],"wp:attachment":[{"href":"https:\/\/www.rmcr.org\/en\/wp-json\/wp\/v2\/media?parent=6117"}],"wp:term":[{"taxonomy":"category","embeddable":true,"href":"https:\/\/www.rmcr.org\/en\/wp-json\/wp\/v2\/categories?post=6117"},{"taxonomy":"post_tag","embeddable":true,"href":"https:\/\/www.rmcr.org\/en\/wp-json\/wp\/v2\/tags?post=6117"}],"curies":[{"name":"wp","href":"https:\/\/api.w.org\/{rel}","templated":true}]}}