{"id":6110,"date":"2013-04-15T19:34:40","date_gmt":"2013-04-15T19:34:40","guid":{"rendered":"https:\/\/www.rmcr.org\/?p=6110"},"modified":"2025-04-02T17:00:59","modified_gmt":"2025-04-02T17:00:59","slug":"ronda-en-imagenes-libros-de-la-biblioteca-de-la-real-maestranza-seleccion-de-ejemplares-de-los-siglos-xvi-al-xx","status":"publish","type":"post","link":"https:\/\/www.rmcr.org\/en\/2013\/04\/15\/ronda-en-imagenes-libros-de-la-biblioteca-de-la-real-maestranza-seleccion-de-ejemplares-de-los-siglos-xvi-al-xx\/","title":{"rendered":"\u00abRonda en im\u00e1genes: libros de la Biblioteca de la Real Maestranza\u00bb, selecci\u00f3n de ejemplares de los siglos XVI al XX"},"content":{"rendered":"<p style=\"text-align: justify;\"><strong>El pr\u00f3ximo martes 23 de abril de 2013 se celebra a nivel mundial el D\u00eda Internacional del Libro, promulgado por la UNESCO desde 1995. Este a\u00f1o, la Biblioteca de la Real Maestranza de Caballer\u00eda de Ronda quiere sumarse a las celebraciones con la organizaci\u00f3n de una exposici\u00f3n conmemorativa.<\/strong><\/p>\n<p><a href=\"https:\/\/www.rmcr.org\/wp-content\/uploads\/2013\/04\/nina.jpg\"><img fetchpriority=\"high\" decoding=\"async\" class=\"aligncenter size-full wp-image-269\" src=\"https:\/\/www.rmcr.org\/wp-content\/uploads\/2013\/04\/nina.jpg\" alt=\"nina\" width=\"321\" height=\"500\" \/><\/a><\/p>\n<p style=\"text-align: justify;\">La muestra titulada \u00abRonda en im\u00e1genes: libros de la Biblioteca de la Real Maestranza\u00bb presentar\u00e1 una selecci\u00f3n de ejemplares escogidos de su Fondo de Literatura de Viajes. Las obras exhibidas recogen diferentes grabados, dibujos, planos y fotograf\u00edas que muestran la imagen que los numerosos visitantes de Ronda han recogido a lo largo de los siglos XVI al XX.<\/p>\n<p style=\"text-align: justify;\">Las ilustraciones de los libros expuestos representan un variado conjunto de paisajes, monumentos, calles y personajes populares, constituy\u00e9ndose en documentos hist\u00f3ricos de primera mano para conocer la evoluci\u00f3n urbana de la ciudad y las formas de vida de sus habitantes generaci\u00f3n tras generaci\u00f3n.<\/p>\n<p style=\"text-align: justify;\">La exposici\u00f3n, de entrada libre y gratuita, estar\u00e1 abierta s\u00f3lo el martes 23 de abril de 2013, en la Sala de la Biblioteca (acceso por c\/ Virgen de la Paz 15, frente a la Oficina de Correos), en horario exclusivo de 12:00 a 14:00 y de 17:00 a 19:00 horas.<\/p>\n","protected":false},"excerpt":{"rendered":"<p>El pr\u00f3ximo martes 23 de abril de 2013 se celebra a nivel mundial el D\u00eda Internacional del Libro, promulgado por la UNESCO desde 1995. Este a\u00f1o, la Biblioteca de la Real Maestranza de Caballer\u00eda de Ronda quiere sumarse a las celebraciones con la organizaci\u00f3n de una exposici\u00f3n conmemorativa. La muestra titulada \u00abRonda en im\u00e1genes: libros [&hellip;]<\/p>\n","protected":false},"author":2,"featured_media":11860,"comment_status":"open","ping_status":"open","sticky":false,"template":"","format":"standard","meta":{"footnotes":""},"categories":[140,790,142],"tags":[237,105,141,143,144,137,145,114],"class_list":["post-6110","post","type-post","status-publish","format-standard","has-post-thumbnail","hentry","category-biblioteca","category-dia-internacional-del-libro","category-exposiciones","tag-bibliografias","tag-biblioteca-general","tag-dia-internacional-del-libro","tag-fotografias","tag-grabados","tag-libros","tag-literatura-de-viajes","tag-ronda"],"yoast_head":"<!-- This site is optimized with the Yoast SEO plugin v27.5 - https:\/\/yoast.com\/product\/yoast-seo-wordpress\/ -->\n<title>\u00abRonda en im\u00e1genes: libros de la Biblioteca de la Real Maestranza\u00bb, selecci\u00f3n de ejemplares de los siglos XVI al XX - Real Maestranza de Caballer\u00eda de Ronda<\/title>\n<meta name=\"robots\" content=\"index, follow, max-snippet:-1, max-image-preview:large, max-video-preview:-1\" \/>\n<link rel=\"canonical\" href=\"https:\/\/www.rmcr.org\/en\/2013\/04\/15\/ronda-en-imagenes-libros-de-la-biblioteca-de-la-real-maestranza-seleccion-de-ejemplares-de-los-siglos-xvi-al-xx\/\" \/>\n<meta property=\"og:locale\" content=\"en_US\" \/>\n<meta property=\"og:type\" content=\"article\" \/>\n<meta property=\"og:title\" content=\"\u00abRonda en im\u00e1genes: libros de la Biblioteca de la Real Maestranza\u00bb, selecci\u00f3n de ejemplares de los siglos XVI al XX - Real Maestranza de Caballer\u00eda de Ronda\" \/>\n<meta property=\"og:description\" content=\"El pr\u00f3ximo martes 23 de abril de 2013 se celebra a nivel mundial el D\u00eda Internacional del Libro, promulgado por la UNESCO desde 1995. Este a\u00f1o, la Biblioteca de la Real Maestranza de Caballer\u00eda de Ronda quiere sumarse a las celebraciones con la organizaci\u00f3n de una exposici\u00f3n conmemorativa. La muestra titulada \u00abRonda en im\u00e1genes: libros [&hellip;]\" \/>\n<meta property=\"og:url\" content=\"https:\/\/www.rmcr.org\/en\/2013\/04\/15\/ronda-en-imagenes-libros-de-la-biblioteca-de-la-real-maestranza-seleccion-de-ejemplares-de-los-siglos-xvi-al-xx\/\" \/>\n<meta property=\"og:site_name\" content=\"Real Maestranza de Caballer\u00eda de Ronda\" \/>\n<meta property=\"article:publisher\" content=\"https:\/\/www.facebook.com\/plazadetorosronda\" \/>\n<meta property=\"article:published_time\" content=\"2013-04-15T19:34:40+00:00\" \/>\n<meta property=\"article:modified_time\" content=\"2025-04-02T17:00:59+00:00\" \/>\n<meta property=\"og:image\" content=\"https:\/\/www.rmcr.org\/wp-content\/uploads\/2022\/10\/nin.jpg\" \/>\n\t<meta property=\"og:image:width\" content=\"469\" \/>\n\t<meta property=\"og:image:height\" content=\"137\" \/>\n\t<meta property=\"og:image:type\" content=\"image\/jpeg\" \/>\n<meta name=\"author\" content=\"BIBLIOTECA\" \/>\n<meta name=\"twitter:card\" content=\"summary_large_image\" \/>\n<meta name=\"twitter:creator\" content=\"@PlazatorosRMR\" \/>\n<meta name=\"twitter:site\" content=\"@PlazatorosRMR\" \/>\n<meta name=\"twitter:label1\" content=\"Written by\" \/>\n\t<meta name=\"twitter:data1\" content=\"BIBLIOTECA\" \/>\n\t<meta name=\"twitter:label2\" content=\"Est. reading time\" \/>\n\t<meta name=\"twitter:data2\" content=\"2 minutes\" \/>\n<script type=\"application\/ld+json\" class=\"yoast-schema-graph\">{\"@context\":\"https:\\\/\\\/schema.org\",\"@graph\":[{\"@type\":\"Article\",\"@id\":\"https:\\\/\\\/www.rmcr.org\\\/en\\\/2013\\\/04\\\/15\\\/ronda-en-imagenes-libros-de-la-biblioteca-de-la-real-maestranza-seleccion-de-ejemplares-de-los-siglos-xvi-al-xx\\\/#article\",\"isPartOf\":{\"@id\":\"https:\\\/\\\/www.rmcr.org\\\/en\\\/2013\\\/04\\\/15\\\/ronda-en-imagenes-libros-de-la-biblioteca-de-la-real-maestranza-seleccion-de-ejemplares-de-los-siglos-xvi-al-xx\\\/\"},\"author\":{\"name\":\"BIBLIOTECA\",\"@id\":\"https:\\\/\\\/www.rmcr.org\\\/en\\\/#\\\/schema\\\/person\\\/80849edee7ef556893505128619ea1d0\"},\"headline\":\"\u00abRonda en im\u00e1genes: libros de la Biblioteca de la Real Maestranza\u00bb, selecci\u00f3n de ejemplares de los siglos XVI al XX\",\"datePublished\":\"2013-04-15T19:34:40+00:00\",\"dateModified\":\"2025-04-02T17:00:59+00:00\",\"mainEntityOfPage\":{\"@id\":\"https:\\\/\\\/www.rmcr.org\\\/en\\\/2013\\\/04\\\/15\\\/ronda-en-imagenes-libros-de-la-biblioteca-de-la-real-maestranza-seleccion-de-ejemplares-de-los-siglos-xvi-al-xx\\\/\"},\"wordCount\":227,\"commentCount\":0,\"publisher\":{\"@id\":\"https:\\\/\\\/www.rmcr.org\\\/en\\\/#organization\"},\"image\":{\"@id\":\"https:\\\/\\\/www.rmcr.org\\\/en\\\/2013\\\/04\\\/15\\\/ronda-en-imagenes-libros-de-la-biblioteca-de-la-real-maestranza-seleccion-de-ejemplares-de-los-siglos-xvi-al-xx\\\/#primaryimage\"},\"thumbnailUrl\":\"https:\\\/\\\/www.rmcr.org\\\/wp-content\\\/uploads\\\/2022\\\/10\\\/nin.jpg\",\"keywords\":[\"Bibliograf\u00edas\",\"Biblioteca\",\"D\u00eda Internacional del Libro\",\"Fotograf\u00edas\",\"Grabados\",\"Libros\",\"Literatura de viajes\",\"Ronda\"],\"articleSection\":[\"Biblioteca\",\"D\u00eda Internacional del Libro\",\"Exposiciones\"],\"inLanguage\":\"en-US\",\"potentialAction\":[{\"@type\":\"CommentAction\",\"name\":\"Comment\",\"target\":[\"https:\\\/\\\/www.rmcr.org\\\/en\\\/2013\\\/04\\\/15\\\/ronda-en-imagenes-libros-de-la-biblioteca-de-la-real-maestranza-seleccion-de-ejemplares-de-los-siglos-xvi-al-xx\\\/#respond\"]}]},{\"@type\":\"WebPage\",\"@id\":\"https:\\\/\\\/www.rmcr.org\\\/en\\\/2013\\\/04\\\/15\\\/ronda-en-imagenes-libros-de-la-biblioteca-de-la-real-maestranza-seleccion-de-ejemplares-de-los-siglos-xvi-al-xx\\\/\",\"url\":\"https:\\\/\\\/www.rmcr.org\\\/en\\\/2013\\\/04\\\/15\\\/ronda-en-imagenes-libros-de-la-biblioteca-de-la-real-maestranza-seleccion-de-ejemplares-de-los-siglos-xvi-al-xx\\\/\",\"name\":\"\u00abRonda en im\u00e1genes: libros de la Biblioteca de la Real Maestranza\u00bb, selecci\u00f3n de ejemplares de los siglos XVI al XX - Real Maestranza de Caballer\u00eda de Ronda\",\"isPartOf\":{\"@id\":\"https:\\\/\\\/www.rmcr.org\\\/en\\\/#website\"},\"primaryImageOfPage\":{\"@id\":\"https:\\\/\\\/www.rmcr.org\\\/en\\\/2013\\\/04\\\/15\\\/ronda-en-imagenes-libros-de-la-biblioteca-de-la-real-maestranza-seleccion-de-ejemplares-de-los-siglos-xvi-al-xx\\\/#primaryimage\"},\"image\":{\"@id\":\"https:\\\/\\\/www.rmcr.org\\\/en\\\/2013\\\/04\\\/15\\\/ronda-en-imagenes-libros-de-la-biblioteca-de-la-real-maestranza-seleccion-de-ejemplares-de-los-siglos-xvi-al-xx\\\/#primaryimage\"},\"thumbnailUrl\":\"https:\\\/\\\/www.rmcr.org\\\/wp-content\\\/uploads\\\/2022\\\/10\\\/nin.jpg\",\"datePublished\":\"2013-04-15T19:34:40+00:00\",\"dateModified\":\"2025-04-02T17:00:59+00:00\",\"breadcrumb\":{\"@id\":\"https:\\\/\\\/www.rmcr.org\\\/en\\\/2013\\\/04\\\/15\\\/ronda-en-imagenes-libros-de-la-biblioteca-de-la-real-maestranza-seleccion-de-ejemplares-de-los-siglos-xvi-al-xx\\\/#breadcrumb\"},\"inLanguage\":\"en-US\",\"potentialAction\":[{\"@type\":\"ReadAction\",\"target\":[\"https:\\\/\\\/www.rmcr.org\\\/en\\\/2013\\\/04\\\/15\\\/ronda-en-imagenes-libros-de-la-biblioteca-de-la-real-maestranza-seleccion-de-ejemplares-de-los-siglos-xvi-al-xx\\\/\"]}]},{\"@type\":\"ImageObject\",\"inLanguage\":\"en-US\",\"@id\":\"https:\\\/\\\/www.rmcr.org\\\/en\\\/2013\\\/04\\\/15\\\/ronda-en-imagenes-libros-de-la-biblioteca-de-la-real-maestranza-seleccion-de-ejemplares-de-los-siglos-xvi-al-xx\\\/#primaryimage\",\"url\":\"https:\\\/\\\/www.rmcr.org\\\/wp-content\\\/uploads\\\/2022\\\/10\\\/nin.jpg\",\"contentUrl\":\"https:\\\/\\\/www.rmcr.org\\\/wp-content\\\/uploads\\\/2022\\\/10\\\/nin.jpg\",\"width\":469,\"height\":137},{\"@type\":\"BreadcrumbList\",\"@id\":\"https:\\\/\\\/www.rmcr.org\\\/en\\\/2013\\\/04\\\/15\\\/ronda-en-imagenes-libros-de-la-biblioteca-de-la-real-maestranza-seleccion-de-ejemplares-de-los-siglos-xvi-al-xx\\\/#breadcrumb\",\"itemListElement\":[{\"@type\":\"ListItem\",\"position\":1,\"name\":\"REAL MAESTRANZA DE CABALLER\u00cdA DE RONDA\",\"item\":\"https:\\\/\\\/www.rmcr.org\\\/en\\\/\"},{\"@type\":\"ListItem\",\"position\":2,\"name\":\"\u00abRonda en im\u00e1genes: libros de la Biblioteca de la Real Maestranza\u00bb, selecci\u00f3n de ejemplares de los siglos XVI al XX\"}]},{\"@type\":\"WebSite\",\"@id\":\"https:\\\/\\\/www.rmcr.org\\\/en\\\/#website\",\"url\":\"https:\\\/\\\/www.rmcr.org\\\/en\\\/\",\"name\":\"Real Maestranza de Caballer\u00eda de Ronda\",\"description\":\"Real Maestranza de Caballer\u00eda de Ronda\",\"publisher\":{\"@id\":\"https:\\\/\\\/www.rmcr.org\\\/en\\\/#organization\"},\"alternateName\":\"RMCR\",\"potentialAction\":[{\"@type\":\"SearchAction\",\"target\":{\"@type\":\"EntryPoint\",\"urlTemplate\":\"https:\\\/\\\/www.rmcr.org\\\/en\\\/?s={search_term_string}\"},\"query-input\":{\"@type\":\"PropertyValueSpecification\",\"valueRequired\":true,\"valueName\":\"search_term_string\"}}],\"inLanguage\":\"en-US\"},{\"@type\":\"Organization\",\"@id\":\"https:\\\/\\\/www.rmcr.org\\\/en\\\/#organization\",\"name\":\"Real Maestranza de Caballer\u00eda de Ronda\",\"alternateName\":\"RMR\",\"url\":\"https:\\\/\\\/www.rmcr.org\\\/en\\\/\",\"logo\":{\"@type\":\"ImageObject\",\"inLanguage\":\"en-US\",\"@id\":\"https:\\\/\\\/www.rmcr.org\\\/en\\\/#\\\/schema\\\/logo\\\/image\\\/\",\"url\":\"https:\\\/\\\/www.rmcr.org\\\/wp-content\\\/uploads\\\/2022\\\/07\\\/logo-rmr-blue.svg\",\"contentUrl\":\"https:\\\/\\\/www.rmcr.org\\\/wp-content\\\/uploads\\\/2022\\\/07\\\/logo-rmr-blue.svg\",\"width\":131,\"height\":129,\"caption\":\"Real Maestranza de Caballer\u00eda de Ronda\"},\"image\":{\"@id\":\"https:\\\/\\\/www.rmcr.org\\\/en\\\/#\\\/schema\\\/logo\\\/image\\\/\"},\"sameAs\":[\"https:\\\/\\\/www.facebook.com\\\/plazadetorosronda\",\"https:\\\/\\\/x.com\\\/PlazatorosRMR\",\"https:\\\/\\\/www.instagram.com\\\/realmaestranzaderonda\\\/\",\"https:\\\/\\\/www.youtube.com\\\/channel\\\/UCrbO5IUN-8v_QML739vM4zg\\\/videos\"]},{\"@type\":\"Person\",\"@id\":\"https:\\\/\\\/www.rmcr.org\\\/en\\\/#\\\/schema\\\/person\\\/80849edee7ef556893505128619ea1d0\",\"name\":\"BIBLIOTECA\",\"image\":{\"@type\":\"ImageObject\",\"inLanguage\":\"en-US\",\"@id\":\"https:\\\/\\\/www.rmcr.org\\\/wp-content\\\/uploads\\\/2022\\\/11\\\/avatar-rmcr-96x96.png\",\"url\":\"https:\\\/\\\/www.rmcr.org\\\/wp-content\\\/uploads\\\/2022\\\/11\\\/avatar-rmcr-96x96.png\",\"contentUrl\":\"https:\\\/\\\/www.rmcr.org\\\/wp-content\\\/uploads\\\/2022\\\/11\\\/avatar-rmcr-96x96.png\",\"caption\":\"BIBLIOTECA\"},\"url\":\"https:\\\/\\\/www.rmcr.org\\\/en\\\/author\\\/juan-antonio-moreno\\\/\"}]}<\/script>\n<!-- \/ Yoast SEO plugin. -->","yoast_head_json":{"title":"\u00abRonda en im\u00e1genes: libros de la Biblioteca de la Real Maestranza\u00bb, selecci\u00f3n de ejemplares de los siglos XVI al XX - Real Maestranza de Caballer\u00eda de Ronda","robots":{"index":"index","follow":"follow","max-snippet":"max-snippet:-1","max-image-preview":"max-image-preview:large","max-video-preview":"max-video-preview:-1"},"canonical":"https:\/\/www.rmcr.org\/en\/2013\/04\/15\/ronda-en-imagenes-libros-de-la-biblioteca-de-la-real-maestranza-seleccion-de-ejemplares-de-los-siglos-xvi-al-xx\/","og_locale":"en_US","og_type":"article","og_title":"\u00abRonda en im\u00e1genes: libros de la Biblioteca de la Real Maestranza\u00bb, selecci\u00f3n de ejemplares de los siglos XVI al XX - Real Maestranza de Caballer\u00eda de Ronda","og_description":"El pr\u00f3ximo martes 23 de abril de 2013 se celebra a nivel mundial el D\u00eda Internacional del Libro, promulgado por la UNESCO desde 1995. Este a\u00f1o, la Biblioteca de la Real Maestranza de Caballer\u00eda de Ronda quiere sumarse a las celebraciones con la organizaci\u00f3n de una exposici\u00f3n conmemorativa. La muestra titulada \u00abRonda en im\u00e1genes: libros [&hellip;]","og_url":"https:\/\/www.rmcr.org\/en\/2013\/04\/15\/ronda-en-imagenes-libros-de-la-biblioteca-de-la-real-maestranza-seleccion-de-ejemplares-de-los-siglos-xvi-al-xx\/","og_site_name":"Real Maestranza de Caballer\u00eda de Ronda","article_publisher":"https:\/\/www.facebook.com\/plazadetorosronda","article_published_time":"2013-04-15T19:34:40+00:00","article_modified_time":"2025-04-02T17:00:59+00:00","og_image":[{"width":469,"height":137,"url":"https:\/\/www.rmcr.org\/wp-content\/uploads\/2022\/10\/nin.jpg","type":"image\/jpeg"}],"author":"BIBLIOTECA","twitter_card":"summary_large_image","twitter_creator":"@PlazatorosRMR","twitter_site":"@PlazatorosRMR","twitter_misc":{"Written by":"BIBLIOTECA","Est. reading time":"2 minutes"},"schema":{"@context":"https:\/\/schema.org","@graph":[{"@type":"Article","@id":"https:\/\/www.rmcr.org\/en\/2013\/04\/15\/ronda-en-imagenes-libros-de-la-biblioteca-de-la-real-maestranza-seleccion-de-ejemplares-de-los-siglos-xvi-al-xx\/#article","isPartOf":{"@id":"https:\/\/www.rmcr.org\/en\/2013\/04\/15\/ronda-en-imagenes-libros-de-la-biblioteca-de-la-real-maestranza-seleccion-de-ejemplares-de-los-siglos-xvi-al-xx\/"},"author":{"name":"BIBLIOTECA","@id":"https:\/\/www.rmcr.org\/en\/#\/schema\/person\/80849edee7ef556893505128619ea1d0"},"headline":"\u00abRonda en im\u00e1genes: libros de la Biblioteca de la Real Maestranza\u00bb, selecci\u00f3n de ejemplares de los siglos XVI al XX","datePublished":"2013-04-15T19:34:40+00:00","dateModified":"2025-04-02T17:00:59+00:00","mainEntityOfPage":{"@id":"https:\/\/www.rmcr.org\/en\/2013\/04\/15\/ronda-en-imagenes-libros-de-la-biblioteca-de-la-real-maestranza-seleccion-de-ejemplares-de-los-siglos-xvi-al-xx\/"},"wordCount":227,"commentCount":0,"publisher":{"@id":"https:\/\/www.rmcr.org\/en\/#organization"},"image":{"@id":"https:\/\/www.rmcr.org\/en\/2013\/04\/15\/ronda-en-imagenes-libros-de-la-biblioteca-de-la-real-maestranza-seleccion-de-ejemplares-de-los-siglos-xvi-al-xx\/#primaryimage"},"thumbnailUrl":"https:\/\/www.rmcr.org\/wp-content\/uploads\/2022\/10\/nin.jpg","keywords":["Bibliograf\u00edas","Biblioteca","D\u00eda Internacional del Libro","Fotograf\u00edas","Grabados","Libros","Literatura de viajes","Ronda"],"articleSection":["Biblioteca","D\u00eda Internacional del Libro","Exposiciones"],"inLanguage":"en-US","potentialAction":[{"@type":"CommentAction","name":"Comment","target":["https:\/\/www.rmcr.org\/en\/2013\/04\/15\/ronda-en-imagenes-libros-de-la-biblioteca-de-la-real-maestranza-seleccion-de-ejemplares-de-los-siglos-xvi-al-xx\/#respond"]}]},{"@type":"WebPage","@id":"https:\/\/www.rmcr.org\/en\/2013\/04\/15\/ronda-en-imagenes-libros-de-la-biblioteca-de-la-real-maestranza-seleccion-de-ejemplares-de-los-siglos-xvi-al-xx\/","url":"https:\/\/www.rmcr.org\/en\/2013\/04\/15\/ronda-en-imagenes-libros-de-la-biblioteca-de-la-real-maestranza-seleccion-de-ejemplares-de-los-siglos-xvi-al-xx\/","name":"\u00abRonda en im\u00e1genes: libros de la Biblioteca de la Real Maestranza\u00bb, selecci\u00f3n de ejemplares de los siglos XVI al XX - Real Maestranza de Caballer\u00eda de Ronda","isPartOf":{"@id":"https:\/\/www.rmcr.org\/en\/#website"},"primaryImageOfPage":{"@id":"https:\/\/www.rmcr.org\/en\/2013\/04\/15\/ronda-en-imagenes-libros-de-la-biblioteca-de-la-real-maestranza-seleccion-de-ejemplares-de-los-siglos-xvi-al-xx\/#primaryimage"},"image":{"@id":"https:\/\/www.rmcr.org\/en\/2013\/04\/15\/ronda-en-imagenes-libros-de-la-biblioteca-de-la-real-maestranza-seleccion-de-ejemplares-de-los-siglos-xvi-al-xx\/#primaryimage"},"thumbnailUrl":"https:\/\/www.rmcr.org\/wp-content\/uploads\/2022\/10\/nin.jpg","datePublished":"2013-04-15T19:34:40+00:00","dateModified":"2025-04-02T17:00:59+00:00","breadcrumb":{"@id":"https:\/\/www.rmcr.org\/en\/2013\/04\/15\/ronda-en-imagenes-libros-de-la-biblioteca-de-la-real-maestranza-seleccion-de-ejemplares-de-los-siglos-xvi-al-xx\/#breadcrumb"},"inLanguage":"en-US","potentialAction":[{"@type":"ReadAction","target":["https:\/\/www.rmcr.org\/en\/2013\/04\/15\/ronda-en-imagenes-libros-de-la-biblioteca-de-la-real-maestranza-seleccion-de-ejemplares-de-los-siglos-xvi-al-xx\/"]}]},{"@type":"ImageObject","inLanguage":"en-US","@id":"https:\/\/www.rmcr.org\/en\/2013\/04\/15\/ronda-en-imagenes-libros-de-la-biblioteca-de-la-real-maestranza-seleccion-de-ejemplares-de-los-siglos-xvi-al-xx\/#primaryimage","url":"https:\/\/www.rmcr.org\/wp-content\/uploads\/2022\/10\/nin.jpg","contentUrl":"https:\/\/www.rmcr.org\/wp-content\/uploads\/2022\/10\/nin.jpg","width":469,"height":137},{"@type":"BreadcrumbList","@id":"https:\/\/www.rmcr.org\/en\/2013\/04\/15\/ronda-en-imagenes-libros-de-la-biblioteca-de-la-real-maestranza-seleccion-de-ejemplares-de-los-siglos-xvi-al-xx\/#breadcrumb","itemListElement":[{"@type":"ListItem","position":1,"name":"REAL MAESTRANZA DE CABALLER\u00cdA DE RONDA","item":"https:\/\/www.rmcr.org\/en\/"},{"@type":"ListItem","position":2,"name":"\u00abRonda en im\u00e1genes: libros de la Biblioteca de la Real Maestranza\u00bb, selecci\u00f3n de ejemplares de los siglos XVI al XX"}]},{"@type":"WebSite","@id":"https:\/\/www.rmcr.org\/en\/#website","url":"https:\/\/www.rmcr.org\/en\/","name":"Real Maestranza de Caballer\u00eda de Ronda","description":"Real Maestranza de Caballer\u00eda de Ronda","publisher":{"@id":"https:\/\/www.rmcr.org\/en\/#organization"},"alternateName":"RMCR","potentialAction":[{"@type":"SearchAction","target":{"@type":"EntryPoint","urlTemplate":"https:\/\/www.rmcr.org\/en\/?s={search_term_string}"},"query-input":{"@type":"PropertyValueSpecification","valueRequired":true,"valueName":"search_term_string"}}],"inLanguage":"en-US"},{"@type":"Organization","@id":"https:\/\/www.rmcr.org\/en\/#organization","name":"Real Maestranza de Caballer\u00eda de Ronda","alternateName":"RMR","url":"https:\/\/www.rmcr.org\/en\/","logo":{"@type":"ImageObject","inLanguage":"en-US","@id":"https:\/\/www.rmcr.org\/en\/#\/schema\/logo\/image\/","url":"https:\/\/www.rmcr.org\/wp-content\/uploads\/2022\/07\/logo-rmr-blue.svg","contentUrl":"https:\/\/www.rmcr.org\/wp-content\/uploads\/2022\/07\/logo-rmr-blue.svg","width":131,"height":129,"caption":"Real Maestranza de Caballer\u00eda de Ronda"},"image":{"@id":"https:\/\/www.rmcr.org\/en\/#\/schema\/logo\/image\/"},"sameAs":["https:\/\/www.facebook.com\/plazadetorosronda","https:\/\/x.com\/PlazatorosRMR","https:\/\/www.instagram.com\/realmaestranzaderonda\/","https:\/\/www.youtube.com\/channel\/UCrbO5IUN-8v_QML739vM4zg\/videos"]},{"@type":"Person","@id":"https:\/\/www.rmcr.org\/en\/#\/schema\/person\/80849edee7ef556893505128619ea1d0","name":"BIBLIOTECA","image":{"@type":"ImageObject","inLanguage":"en-US","@id":"https:\/\/www.rmcr.org\/wp-content\/uploads\/2022\/11\/avatar-rmcr-96x96.png","url":"https:\/\/www.rmcr.org\/wp-content\/uploads\/2022\/11\/avatar-rmcr-96x96.png","contentUrl":"https:\/\/www.rmcr.org\/wp-content\/uploads\/2022\/11\/avatar-rmcr-96x96.png","caption":"BIBLIOTECA"},"url":"https:\/\/www.rmcr.org\/en\/author\/juan-antonio-moreno\/"}]}},"_links":{"self":[{"href":"https:\/\/www.rmcr.org\/en\/wp-json\/wp\/v2\/posts\/6110","targetHints":{"allow":["GET"]}}],"collection":[{"href":"https:\/\/www.rmcr.org\/en\/wp-json\/wp\/v2\/posts"}],"about":[{"href":"https:\/\/www.rmcr.org\/en\/wp-json\/wp\/v2\/types\/post"}],"author":[{"embeddable":true,"href":"https:\/\/www.rmcr.org\/en\/wp-json\/wp\/v2\/users\/2"}],"replies":[{"embeddable":true,"href":"https:\/\/www.rmcr.org\/en\/wp-json\/wp\/v2\/comments?post=6110"}],"version-history":[{"count":2,"href":"https:\/\/www.rmcr.org\/en\/wp-json\/wp\/v2\/posts\/6110\/revisions"}],"predecessor-version":[{"id":20670,"href":"https:\/\/www.rmcr.org\/en\/wp-json\/wp\/v2\/posts\/6110\/revisions\/20670"}],"wp:featuredmedia":[{"embeddable":true,"href":"https:\/\/www.rmcr.org\/en\/wp-json\/wp\/v2\/media\/11860"}],"wp:attachment":[{"href":"https:\/\/www.rmcr.org\/en\/wp-json\/wp\/v2\/media?parent=6110"}],"wp:term":[{"taxonomy":"category","embeddable":true,"href":"https:\/\/www.rmcr.org\/en\/wp-json\/wp\/v2\/categories?post=6110"},{"taxonomy":"post_tag","embeddable":true,"href":"https:\/\/www.rmcr.org\/en\/wp-json\/wp\/v2\/tags?post=6110"}],"curies":[{"name":"wp","href":"https:\/\/api.w.org\/{rel}","templated":true}]}}