{"id":5978,"date":"2021-07-14T08:17:00","date_gmt":"2021-07-14T08:17:00","guid":{"rendered":"https:\/\/www.rmcr.org\/?p=5978"},"modified":"2021-07-14T08:17:00","modified_gmt":"2021-07-14T08:17:00","slug":"entrevista-a-los-jinetes-en-practicas-v","status":"publish","type":"post","link":"https:\/\/www.rmcr.org\/en\/2021\/07\/14\/entrevista-a-los-jinetes-en-practicas-v\/","title":{"rendered":"Entrevista a los jinetes en pr\u00e1cticas (V)"},"content":{"rendered":"\n<p>En esta cuarta entrevista, y ya habiendo finalizado su formaci\u00f3n pr\u00e1ctica del curso T\u00e9cnico Deportivo en Equitaci\u00f3n Grado Medio, tenemos a Juan L\u00f3pez Mart\u00ednez, que durante este periodo ha estado en <a href=\"http:\/\/www.peperaga.com\/\">Pepe Raga Dressage<\/a>.<\/p>\n\n\n\n<div class=\"wp-block-image\"><figure class=\"aligncenter size-large is-resized\"><a href=\"https:\/\/www.rmcr.org\/2021\/07\/dsf2582-1.png\"><img fetchpriority=\"high\" decoding=\"async\" src=\"https:\/\/www.rmcr.org\/wp-content\/uploads\/2021\/07\/dsf2582-1.png?w=1024\" alt=\"\" class=\"wp-image-1606\" width=\"298\" height=\"272\" \/><\/a><\/figure><\/div>\n\n\n\n<p class=\"has-text-align-center\"><em>Juan L\u00f3pez Mart\u00ednez<\/em><\/p>\n\n\n\n<p><strong>\u00bfPorque has elegido el centro para llevar a cabo tu per\u00edodo de pr\u00e1cticas?<\/strong><\/p>\n\n\n\n<p><em>He elegido a Pepe Raga Dressage para llevar a cabo mi periodo de pr\u00e1cticas porque considero que es un muy buen entrenador y un jinete del nivel m\u00e1s alto de la doma cl\u00e1sica con mucha experiencia.<\/em><\/p>\n\n\n\n<p><strong>\u00bfC\u00f3mo es tu d\u00eda a d\u00eda?<\/strong><\/p>\n\n\n\n<p><em>El d\u00eda en la cuadra empieza a las 08:00h de la ma\u00f1ana. Primero abro las puertas de los guadarneses y del campo para poder empezar a soltar caballos a los paddocks. Antes de soltar los caballos quitamos protectores de descanso. Los lunes al acabar de soltar los caballos, limpio cuadras junto a mi compa\u00f1era No\u00e9 y los dem\u00e1s d\u00edas de la semana, preparamos caballos para Pepe Raga. Sobre las 12:00h, empiezo a preparar el caballo que me hayan asignado para montar y cuando termin\u00f3 sobre la 13:45h limpio al caballo, ordeno y guardo el material para poder cerrar todos los guadarneses y marcharnos a comer sobre las 14:00h.<\/em><\/p>\n\n\n\n<p><em>La jornada de la tarde comienza a las 16:00h y al igual que a la ma\u00f1ana, abrimos los guadarneses y preparo otro de los caballos asignados para montar, al acabar limpio y guardo su material y sac\u00f3 el siguiente caballo.<\/em><\/p>\n\n\n\n<p><em>Sobre las 19:15h cu\u00e1ndo termino de montar el \u00faltimo caballo, recojo y guardo su material y dejo todo en perfecto estado para poder hacer uso de ello al d\u00eda siguiente.<\/em><\/p>\n\n\n\n<p><em>Al tratarse de caballos de clientes, etc. Los fines de semanas trabajo menos caballos que entre semana puesto que los propietarios vienen a trabajarlos y atenderlos.<\/em><\/p>\n\n\n\n<div class=\"wp-block-image\"><figure class=\"aligncenter size-large is-resized\"><a href=\"https:\/\/www.rmcr.org\/2021\/07\/image_67172353.jpg\"><img decoding=\"async\" src=\"https:\/\/www.rmcr.org\/wp-content\/uploads\/2021\/07\/image_67172353.jpg?w=768\" alt=\"\" class=\"wp-image-1607\" width=\"524\" height=\"699\" \/><\/a><\/figure><\/div>\n\n\n\n<p class=\"has-text-align-center\"><em>Cuadras de Pepe Raga Dressage (Sant Andreu de Llavaneras)<\/em><\/p>\n\n\n\n<p><strong>\u00bfQu\u00e9 pretendes conseguir durante tu estancia?<\/strong><\/p>\n\n\n\n<p><em>Durante mi estancia aqu\u00ed pretendo mejorar como jinete y absorber todos los consejos y t\u00e9cnicas que me ense\u00f1an y sobre todo aprender de los caballos que puedo montar.<\/em><\/p>\n\n\n\n<p><strong>\u00bfCu\u00e1l es tu siguiente paso formativo?<\/strong><\/p>\n\n\n\n<p><em>El siguiente paso en mi formaci\u00f3n es irme a Madrid a la cuadra de Augusto Colastra, para poder ver la doma cl\u00e1sica desde otro punto de vista.<\/em><\/p>\n","protected":false},"excerpt":{"rendered":"<p>En esta cuarta entrevista, y ya habiendo finalizado su formaci\u00f3n pr\u00e1ctica del curso T\u00e9cnico Deportivo en Equitaci\u00f3n Grado Medio, tenemos a Juan L\u00f3pez Mart\u00ednez, que durante este periodo ha estado en Pepe Raga Dressage.<\/p>\n","protected":false},"author":7,"featured_media":6100,"comment_status":"closed","ping_status":"open","sticky":false,"template":"","format":"standard","meta":{"footnotes":""},"categories":[56],"tags":[74,97,120,73,114],"class_list":["post-5978","post","type-post","status-publish","format-standard","has-post-thumbnail","hentry","category-escuela-de-equitacion","tag-alumnos","tag-escuela-de-equitacion-rmcr","tag-pepe-raga-dressage","tag-practicas","tag-ronda"],"yoast_head":"<!-- This site is optimized with the Yoast SEO plugin v27.5 - https:\/\/yoast.com\/product\/yoast-seo-wordpress\/ -->\n<title>Entrevista a los jinetes en pr\u00e1cticas (V) - Real Maestranza de Caballer\u00eda de Ronda<\/title>\n<meta name=\"robots\" content=\"index, follow, max-snippet:-1, max-image-preview:large, max-video-preview:-1\" \/>\n<link rel=\"canonical\" href=\"https:\/\/www.rmcr.org\/en\/2021\/07\/14\/entrevista-a-los-jinetes-en-practicas-v\/\" \/>\n<meta property=\"og:locale\" content=\"en_US\" \/>\n<meta property=\"og:type\" content=\"article\" \/>\n<meta property=\"og:title\" content=\"Entrevista a los jinetes en pr\u00e1cticas (V) - Real Maestranza de Caballer\u00eda de Ronda\" \/>\n<meta property=\"og:description\" content=\"En esta cuarta entrevista, y ya habiendo finalizado su formaci\u00f3n pr\u00e1ctica del curso T\u00e9cnico Deportivo en Equitaci\u00f3n Grado Medio, tenemos a Juan L\u00f3pez Mart\u00ednez, que durante este periodo ha estado en Pepe Raga Dressage.\" \/>\n<meta property=\"og:url\" content=\"https:\/\/www.rmcr.org\/en\/2021\/07\/14\/entrevista-a-los-jinetes-en-practicas-v\/\" \/>\n<meta property=\"og:site_name\" content=\"Real Maestranza de Caballer\u00eda de Ronda\" \/>\n<meta property=\"article:publisher\" content=\"https:\/\/www.facebook.com\/plazadetorosronda\" \/>\n<meta property=\"article:published_time\" content=\"2021-07-14T08:17:00+00:00\" \/>\n<meta property=\"og:image\" content=\"https:\/\/www.rmcr.org\/wp-content\/uploads\/2021\/07\/front1.png\" \/>\n\t<meta property=\"og:image:width\" content=\"482\" \/>\n\t<meta property=\"og:image:height\" content=\"142\" \/>\n\t<meta property=\"og:image:type\" content=\"image\/png\" \/>\n<meta name=\"author\" content=\"RMCR\" \/>\n<meta name=\"twitter:card\" content=\"summary_large_image\" \/>\n<meta name=\"twitter:creator\" content=\"@PlazatorosRMR\" \/>\n<meta name=\"twitter:site\" content=\"@PlazatorosRMR\" \/>\n<meta name=\"twitter:label1\" content=\"Written by\" \/>\n\t<meta name=\"twitter:data1\" content=\"RMCR\" \/>\n\t<meta name=\"twitter:label2\" content=\"Est. reading time\" \/>\n\t<meta name=\"twitter:data2\" content=\"2 minutes\" \/>\n<script type=\"application\/ld+json\" class=\"yoast-schema-graph\">{\"@context\":\"https:\\\/\\\/schema.org\",\"@graph\":[{\"@type\":\"Article\",\"@id\":\"https:\\\/\\\/www.rmcr.org\\\/en\\\/2021\\\/07\\\/14\\\/entrevista-a-los-jinetes-en-practicas-v\\\/#article\",\"isPartOf\":{\"@id\":\"https:\\\/\\\/www.rmcr.org\\\/en\\\/2021\\\/07\\\/14\\\/entrevista-a-los-jinetes-en-practicas-v\\\/\"},\"author\":{\"name\":\"RMCR\",\"@id\":\"https:\\\/\\\/www.rmcr.org\\\/en\\\/#\\\/schema\\\/person\\\/7ddd0dafda7edd0e407157f93a56df4f\"},\"headline\":\"Entrevista a los jinetes en pr\u00e1cticas (V)\",\"datePublished\":\"2021-07-14T08:17:00+00:00\",\"mainEntityOfPage\":{\"@id\":\"https:\\\/\\\/www.rmcr.org\\\/en\\\/2021\\\/07\\\/14\\\/entrevista-a-los-jinetes-en-practicas-v\\\/\"},\"wordCount\":409,\"publisher\":{\"@id\":\"https:\\\/\\\/www.rmcr.org\\\/en\\\/#organization\"},\"image\":{\"@id\":\"https:\\\/\\\/www.rmcr.org\\\/en\\\/2021\\\/07\\\/14\\\/entrevista-a-los-jinetes-en-practicas-v\\\/#primaryimage\"},\"thumbnailUrl\":\"https:\\\/\\\/www.rmcr.org\\\/wp-content\\\/uploads\\\/2021\\\/07\\\/front1.png\",\"keywords\":[\"Alumnos\",\"Escuela de Equitaci\u00f3n RMCR\",\"Pepe Raga Dressage\",\"Pr\u00e1cticas\",\"Ronda\"],\"articleSection\":[\"Escuela de Equitaci\u00f3n\"],\"inLanguage\":\"en-US\"},{\"@type\":\"WebPage\",\"@id\":\"https:\\\/\\\/www.rmcr.org\\\/en\\\/2021\\\/07\\\/14\\\/entrevista-a-los-jinetes-en-practicas-v\\\/\",\"url\":\"https:\\\/\\\/www.rmcr.org\\\/en\\\/2021\\\/07\\\/14\\\/entrevista-a-los-jinetes-en-practicas-v\\\/\",\"name\":\"Entrevista a los jinetes en pr\u00e1cticas (V) - Real Maestranza de Caballer\u00eda de Ronda\",\"isPartOf\":{\"@id\":\"https:\\\/\\\/www.rmcr.org\\\/en\\\/#website\"},\"primaryImageOfPage\":{\"@id\":\"https:\\\/\\\/www.rmcr.org\\\/en\\\/2021\\\/07\\\/14\\\/entrevista-a-los-jinetes-en-practicas-v\\\/#primaryimage\"},\"image\":{\"@id\":\"https:\\\/\\\/www.rmcr.org\\\/en\\\/2021\\\/07\\\/14\\\/entrevista-a-los-jinetes-en-practicas-v\\\/#primaryimage\"},\"thumbnailUrl\":\"https:\\\/\\\/www.rmcr.org\\\/wp-content\\\/uploads\\\/2021\\\/07\\\/front1.png\",\"datePublished\":\"2021-07-14T08:17:00+00:00\",\"breadcrumb\":{\"@id\":\"https:\\\/\\\/www.rmcr.org\\\/en\\\/2021\\\/07\\\/14\\\/entrevista-a-los-jinetes-en-practicas-v\\\/#breadcrumb\"},\"inLanguage\":\"en-US\",\"potentialAction\":[{\"@type\":\"ReadAction\",\"target\":[\"https:\\\/\\\/www.rmcr.org\\\/en\\\/2021\\\/07\\\/14\\\/entrevista-a-los-jinetes-en-practicas-v\\\/\"]}]},{\"@type\":\"ImageObject\",\"inLanguage\":\"en-US\",\"@id\":\"https:\\\/\\\/www.rmcr.org\\\/en\\\/2021\\\/07\\\/14\\\/entrevista-a-los-jinetes-en-practicas-v\\\/#primaryimage\",\"url\":\"https:\\\/\\\/www.rmcr.org\\\/wp-content\\\/uploads\\\/2021\\\/07\\\/front1.png\",\"contentUrl\":\"https:\\\/\\\/www.rmcr.org\\\/wp-content\\\/uploads\\\/2021\\\/07\\\/front1.png\",\"width\":482,\"height\":142},{\"@type\":\"BreadcrumbList\",\"@id\":\"https:\\\/\\\/www.rmcr.org\\\/en\\\/2021\\\/07\\\/14\\\/entrevista-a-los-jinetes-en-practicas-v\\\/#breadcrumb\",\"itemListElement\":[{\"@type\":\"ListItem\",\"position\":1,\"name\":\"REAL MAESTRANZA DE CABALLER\u00cdA DE RONDA\",\"item\":\"https:\\\/\\\/www.rmcr.org\\\/en\\\/\"},{\"@type\":\"ListItem\",\"position\":2,\"name\":\"Entrevista a los jinetes en pr\u00e1cticas (V)\"}]},{\"@type\":\"WebSite\",\"@id\":\"https:\\\/\\\/www.rmcr.org\\\/en\\\/#website\",\"url\":\"https:\\\/\\\/www.rmcr.org\\\/en\\\/\",\"name\":\"Real Maestranza de Caballer\u00eda de Ronda\",\"description\":\"Real Maestranza de Caballer\u00eda de Ronda\",\"publisher\":{\"@id\":\"https:\\\/\\\/www.rmcr.org\\\/en\\\/#organization\"},\"alternateName\":\"RMCR\",\"potentialAction\":[{\"@type\":\"SearchAction\",\"target\":{\"@type\":\"EntryPoint\",\"urlTemplate\":\"https:\\\/\\\/www.rmcr.org\\\/en\\\/?s={search_term_string}\"},\"query-input\":{\"@type\":\"PropertyValueSpecification\",\"valueRequired\":true,\"valueName\":\"search_term_string\"}}],\"inLanguage\":\"en-US\"},{\"@type\":\"Organization\",\"@id\":\"https:\\\/\\\/www.rmcr.org\\\/en\\\/#organization\",\"name\":\"Real Maestranza de Caballer\u00eda de Ronda\",\"alternateName\":\"RMR\",\"url\":\"https:\\\/\\\/www.rmcr.org\\\/en\\\/\",\"logo\":{\"@type\":\"ImageObject\",\"inLanguage\":\"en-US\",\"@id\":\"https:\\\/\\\/www.rmcr.org\\\/en\\\/#\\\/schema\\\/logo\\\/image\\\/\",\"url\":\"https:\\\/\\\/www.rmcr.org\\\/wp-content\\\/uploads\\\/2022\\\/07\\\/logo-rmr-blue.svg\",\"contentUrl\":\"https:\\\/\\\/www.rmcr.org\\\/wp-content\\\/uploads\\\/2022\\\/07\\\/logo-rmr-blue.svg\",\"width\":131,\"height\":129,\"caption\":\"Real Maestranza de Caballer\u00eda de Ronda\"},\"image\":{\"@id\":\"https:\\\/\\\/www.rmcr.org\\\/en\\\/#\\\/schema\\\/logo\\\/image\\\/\"},\"sameAs\":[\"https:\\\/\\\/www.facebook.com\\\/plazadetorosronda\",\"https:\\\/\\\/x.com\\\/PlazatorosRMR\",\"https:\\\/\\\/www.instagram.com\\\/realmaestranzaderonda\\\/\",\"https:\\\/\\\/www.youtube.com\\\/channel\\\/UCrbO5IUN-8v_QML739vM4zg\\\/videos\"]},{\"@type\":\"Person\",\"@id\":\"https:\\\/\\\/www.rmcr.org\\\/en\\\/#\\\/schema\\\/person\\\/7ddd0dafda7edd0e407157f93a56df4f\",\"name\":\"RMCR\",\"image\":{\"@type\":\"ImageObject\",\"inLanguage\":\"en-US\",\"@id\":\"https:\\\/\\\/secure.gravatar.com\\\/avatar\\\/adb75798b50800c24baa6a8706037b9469998c49eddeb95935f50f633cff80bb?s=96&d=mm&r=g\",\"url\":\"https:\\\/\\\/secure.gravatar.com\\\/avatar\\\/adb75798b50800c24baa6a8706037b9469998c49eddeb95935f50f633cff80bb?s=96&d=mm&r=g\",\"contentUrl\":\"https:\\\/\\\/secure.gravatar.com\\\/avatar\\\/adb75798b50800c24baa6a8706037b9469998c49eddeb95935f50f633cff80bb?s=96&d=mm&r=g\",\"caption\":\"RMCR\"},\"url\":\"https:\\\/\\\/www.rmcr.org\\\/en\\\/author\\\/bitniks77\\\/\"}]}<\/script>\n<!-- \/ Yoast SEO plugin. -->","yoast_head_json":{"title":"Entrevista a los jinetes en pr\u00e1cticas (V) - Real Maestranza de Caballer\u00eda de Ronda","robots":{"index":"index","follow":"follow","max-snippet":"max-snippet:-1","max-image-preview":"max-image-preview:large","max-video-preview":"max-video-preview:-1"},"canonical":"https:\/\/www.rmcr.org\/en\/2021\/07\/14\/entrevista-a-los-jinetes-en-practicas-v\/","og_locale":"en_US","og_type":"article","og_title":"Entrevista a los jinetes en pr\u00e1cticas (V) - Real Maestranza de Caballer\u00eda de Ronda","og_description":"En esta cuarta entrevista, y ya habiendo finalizado su formaci\u00f3n pr\u00e1ctica del curso T\u00e9cnico Deportivo en Equitaci\u00f3n Grado Medio, tenemos a Juan L\u00f3pez Mart\u00ednez, que durante este periodo ha estado en Pepe Raga Dressage.","og_url":"https:\/\/www.rmcr.org\/en\/2021\/07\/14\/entrevista-a-los-jinetes-en-practicas-v\/","og_site_name":"Real Maestranza de Caballer\u00eda de Ronda","article_publisher":"https:\/\/www.facebook.com\/plazadetorosronda","article_published_time":"2021-07-14T08:17:00+00:00","og_image":[{"width":482,"height":142,"url":"https:\/\/www.rmcr.org\/wp-content\/uploads\/2021\/07\/front1.png","type":"image\/png"}],"author":"RMCR","twitter_card":"summary_large_image","twitter_creator":"@PlazatorosRMR","twitter_site":"@PlazatorosRMR","twitter_misc":{"Written by":"RMCR","Est. reading time":"2 minutes"},"schema":{"@context":"https:\/\/schema.org","@graph":[{"@type":"Article","@id":"https:\/\/www.rmcr.org\/en\/2021\/07\/14\/entrevista-a-los-jinetes-en-practicas-v\/#article","isPartOf":{"@id":"https:\/\/www.rmcr.org\/en\/2021\/07\/14\/entrevista-a-los-jinetes-en-practicas-v\/"},"author":{"name":"RMCR","@id":"https:\/\/www.rmcr.org\/en\/#\/schema\/person\/7ddd0dafda7edd0e407157f93a56df4f"},"headline":"Entrevista a los jinetes en pr\u00e1cticas (V)","datePublished":"2021-07-14T08:17:00+00:00","mainEntityOfPage":{"@id":"https:\/\/www.rmcr.org\/en\/2021\/07\/14\/entrevista-a-los-jinetes-en-practicas-v\/"},"wordCount":409,"publisher":{"@id":"https:\/\/www.rmcr.org\/en\/#organization"},"image":{"@id":"https:\/\/www.rmcr.org\/en\/2021\/07\/14\/entrevista-a-los-jinetes-en-practicas-v\/#primaryimage"},"thumbnailUrl":"https:\/\/www.rmcr.org\/wp-content\/uploads\/2021\/07\/front1.png","keywords":["Alumnos","Escuela de Equitaci\u00f3n RMCR","Pepe Raga Dressage","Pr\u00e1cticas","Ronda"],"articleSection":["Escuela de Equitaci\u00f3n"],"inLanguage":"en-US"},{"@type":"WebPage","@id":"https:\/\/www.rmcr.org\/en\/2021\/07\/14\/entrevista-a-los-jinetes-en-practicas-v\/","url":"https:\/\/www.rmcr.org\/en\/2021\/07\/14\/entrevista-a-los-jinetes-en-practicas-v\/","name":"Entrevista a los jinetes en pr\u00e1cticas (V) - Real Maestranza de Caballer\u00eda de Ronda","isPartOf":{"@id":"https:\/\/www.rmcr.org\/en\/#website"},"primaryImageOfPage":{"@id":"https:\/\/www.rmcr.org\/en\/2021\/07\/14\/entrevista-a-los-jinetes-en-practicas-v\/#primaryimage"},"image":{"@id":"https:\/\/www.rmcr.org\/en\/2021\/07\/14\/entrevista-a-los-jinetes-en-practicas-v\/#primaryimage"},"thumbnailUrl":"https:\/\/www.rmcr.org\/wp-content\/uploads\/2021\/07\/front1.png","datePublished":"2021-07-14T08:17:00+00:00","breadcrumb":{"@id":"https:\/\/www.rmcr.org\/en\/2021\/07\/14\/entrevista-a-los-jinetes-en-practicas-v\/#breadcrumb"},"inLanguage":"en-US","potentialAction":[{"@type":"ReadAction","target":["https:\/\/www.rmcr.org\/en\/2021\/07\/14\/entrevista-a-los-jinetes-en-practicas-v\/"]}]},{"@type":"ImageObject","inLanguage":"en-US","@id":"https:\/\/www.rmcr.org\/en\/2021\/07\/14\/entrevista-a-los-jinetes-en-practicas-v\/#primaryimage","url":"https:\/\/www.rmcr.org\/wp-content\/uploads\/2021\/07\/front1.png","contentUrl":"https:\/\/www.rmcr.org\/wp-content\/uploads\/2021\/07\/front1.png","width":482,"height":142},{"@type":"BreadcrumbList","@id":"https:\/\/www.rmcr.org\/en\/2021\/07\/14\/entrevista-a-los-jinetes-en-practicas-v\/#breadcrumb","itemListElement":[{"@type":"ListItem","position":1,"name":"REAL MAESTRANZA DE CABALLER\u00cdA DE RONDA","item":"https:\/\/www.rmcr.org\/en\/"},{"@type":"ListItem","position":2,"name":"Entrevista a los jinetes en pr\u00e1cticas (V)"}]},{"@type":"WebSite","@id":"https:\/\/www.rmcr.org\/en\/#website","url":"https:\/\/www.rmcr.org\/en\/","name":"Real Maestranza de Caballer\u00eda de Ronda","description":"Real Maestranza de Caballer\u00eda de Ronda","publisher":{"@id":"https:\/\/www.rmcr.org\/en\/#organization"},"alternateName":"RMCR","potentialAction":[{"@type":"SearchAction","target":{"@type":"EntryPoint","urlTemplate":"https:\/\/www.rmcr.org\/en\/?s={search_term_string}"},"query-input":{"@type":"PropertyValueSpecification","valueRequired":true,"valueName":"search_term_string"}}],"inLanguage":"en-US"},{"@type":"Organization","@id":"https:\/\/www.rmcr.org\/en\/#organization","name":"Real Maestranza de Caballer\u00eda de Ronda","alternateName":"RMR","url":"https:\/\/www.rmcr.org\/en\/","logo":{"@type":"ImageObject","inLanguage":"en-US","@id":"https:\/\/www.rmcr.org\/en\/#\/schema\/logo\/image\/","url":"https:\/\/www.rmcr.org\/wp-content\/uploads\/2022\/07\/logo-rmr-blue.svg","contentUrl":"https:\/\/www.rmcr.org\/wp-content\/uploads\/2022\/07\/logo-rmr-blue.svg","width":131,"height":129,"caption":"Real Maestranza de Caballer\u00eda de Ronda"},"image":{"@id":"https:\/\/www.rmcr.org\/en\/#\/schema\/logo\/image\/"},"sameAs":["https:\/\/www.facebook.com\/plazadetorosronda","https:\/\/x.com\/PlazatorosRMR","https:\/\/www.instagram.com\/realmaestranzaderonda\/","https:\/\/www.youtube.com\/channel\/UCrbO5IUN-8v_QML739vM4zg\/videos"]},{"@type":"Person","@id":"https:\/\/www.rmcr.org\/en\/#\/schema\/person\/7ddd0dafda7edd0e407157f93a56df4f","name":"RMCR","image":{"@type":"ImageObject","inLanguage":"en-US","@id":"https:\/\/secure.gravatar.com\/avatar\/adb75798b50800c24baa6a8706037b9469998c49eddeb95935f50f633cff80bb?s=96&d=mm&r=g","url":"https:\/\/secure.gravatar.com\/avatar\/adb75798b50800c24baa6a8706037b9469998c49eddeb95935f50f633cff80bb?s=96&d=mm&r=g","contentUrl":"https:\/\/secure.gravatar.com\/avatar\/adb75798b50800c24baa6a8706037b9469998c49eddeb95935f50f633cff80bb?s=96&d=mm&r=g","caption":"RMCR"},"url":"https:\/\/www.rmcr.org\/en\/author\/bitniks77\/"}]}},"_links":{"self":[{"href":"https:\/\/www.rmcr.org\/en\/wp-json\/wp\/v2\/posts\/5978","targetHints":{"allow":["GET"]}}],"collection":[{"href":"https:\/\/www.rmcr.org\/en\/wp-json\/wp\/v2\/posts"}],"about":[{"href":"https:\/\/www.rmcr.org\/en\/wp-json\/wp\/v2\/types\/post"}],"author":[{"embeddable":true,"href":"https:\/\/www.rmcr.org\/en\/wp-json\/wp\/v2\/users\/7"}],"replies":[{"embeddable":true,"href":"https:\/\/www.rmcr.org\/en\/wp-json\/wp\/v2\/comments?post=5978"}],"version-history":[{"count":0,"href":"https:\/\/www.rmcr.org\/en\/wp-json\/wp\/v2\/posts\/5978\/revisions"}],"wp:featuredmedia":[{"embeddable":true,"href":"https:\/\/www.rmcr.org\/en\/wp-json\/wp\/v2\/media\/6100"}],"wp:attachment":[{"href":"https:\/\/www.rmcr.org\/en\/wp-json\/wp\/v2\/media?parent=5978"}],"wp:term":[{"taxonomy":"category","embeddable":true,"href":"https:\/\/www.rmcr.org\/en\/wp-json\/wp\/v2\/categories?post=5978"},{"taxonomy":"post_tag","embeddable":true,"href":"https:\/\/www.rmcr.org\/en\/wp-json\/wp\/v2\/tags?post=5978"}],"curies":[{"name":"wp","href":"https:\/\/api.w.org\/{rel}","templated":true}]}}