{"id":5977,"date":"2021-07-21T08:30:00","date_gmt":"2021-07-21T08:30:00","guid":{"rendered":"https:\/\/www.rmcr.org\/?p=5977"},"modified":"2021-07-21T08:30:00","modified_gmt":"2021-07-21T08:30:00","slug":"entrevista-a-los-jinetes-en-practicas-vi","status":"publish","type":"post","link":"https:\/\/www.rmcr.org\/en\/2021\/07\/21\/entrevista-a-los-jinetes-en-practicas-vi\/","title":{"rendered":"Entrevista a los jinetes en pr\u00e1cticas (VI)"},"content":{"rendered":"\n<p>En esta sexta, y \u00faltima entrevista, y ya habiendo finalizado su formaci\u00f3n pr\u00e1ctica del curso T\u00e9cnico Deportivo en Equitaci\u00f3n Grado Medio, tenemos a Enrique Lizar\u00e1n, que durante este periodo ha estado en la <a href=\"https:\/\/www.hipicaalazana.com\/\">H\u00edpica Alazana<\/a> y su tutor de pr\u00e1cticas ha sido <a href=\"http:\/\/garciamena.com\/\">Jos\u00e9 Antonio Garc\u00eda Mena<\/a>, representante de Espa\u00f1a en dos Juegos Ecuestres Mundiales y en dos Campeonatos de Europa de Doma Cl\u00e1sica y preseleccionado para los Juegos Ol\u00edmpicos de R\u00edo en 2016.<\/p>\n\n\n\n<div class=\"wp-block-image\"><figure class=\"aligncenter size-large is-resized\"><a href=\"https:\/\/www.rmcr.org\/2021\/07\/img-20210623-wa0001-02.jpeg\"><img fetchpriority=\"high\" decoding=\"async\" src=\"https:\/\/www.rmcr.org\/wp-content\/uploads\/2021\/07\/img-20210623-wa0001-02.jpeg?w=561\" alt=\"\" class=\"wp-image-1612\" width=\"387\" height=\"706\" \/><\/a><\/figure><\/div>\n\n\n\n<p class=\"has-text-align-center\"><em>Enrique Lizar\u00e1n junto a su tutor Jos\u00e9 Antonio Garc\u00eda Mena<\/em><\/p>\n\n\n\n<p><strong>\u00bfPorque has elegido el centro para llevar a cabo tu per\u00edodo de pr\u00e1cticas?<\/strong><br \/><br \/>Desde ni\u00f1o la forma de montar de Jos\u00e9 Antonio Garc\u00eda Mena y su equitaci\u00f3n me han llamado mucho la atenci\u00f3n. Para m\u00ed era un sue\u00f1o poder intentar realizar las pr\u00e1cticas de la Real Maestranza de Caballer\u00eda de Ronda junto a Jos\u00e9 y su equipo.<br \/><br \/><strong>\u00bfC\u00f3mo es tu d\u00eda a d\u00eda?<\/strong><br \/><br \/>Llegamos a la cuadra a las 7:00h y solemos terminar sobre las 18:00h.<br \/><br \/>Al llegar a la cuadra nos aseguramos de que todos los caballos han pasado buena noche. A continuaci\u00f3n, comenzamos a montar.<br \/><br \/>Una vez trabajados todos los caballos, nos encargamos de limpiar el equipo y organizar la cuadra para que quede en perfectas condiciones para afrontar un nuevo d\u00eda.<br \/><br \/>En resumen, el d\u00eda a d\u00eda est\u00e1 enfocado en atender las necesidades y cuidados de cada caballo para que todos est\u00e9n en las mejores condiciones posibles.<br \/><br \/><strong>\u00bfQu\u00e9 pretendes conseguir durante tu estancia?<\/strong><br \/><br \/>Disfrutar cada momento, aprender todo lo posible de Jos\u00e9 Antonio Garc\u00eda Mena, de su equipo y de los caballos que tengo la oportunidad de montar.<br \/><br \/><strong>\u00bfCu\u00e1l es tu siguiente paso formativo?<\/strong><br \/><br \/>Mi siguiente paso formativo es continuar aprendiendo junto a este equipo. Solo puedo darles las gracias por el trato que estoy recibiendo y las oportunidades que me est\u00e1n brindando. Estoy muy ilusionado y con muchas ganas de seguir trabajando, aprendiendo y so\u00f1ando.<\/p>\n","protected":false},"excerpt":{"rendered":"<p>En esta sexta, y \u00faltima entrevista, y ya habiendo finalizado su formaci\u00f3n pr\u00e1ctica del curso T\u00e9cnico Deportivo en Equitaci\u00f3n Grado Medio, tenemos a Enrique Lizar\u00e1n, que durante este periodo ha estado en la H\u00edpica Alazana y su tutor de pr\u00e1cticas ha sido Jos\u00e9 Antonio Garc\u00eda Mena, representante de Espa\u00f1a en dos Juegos Ecuestres Mundiales y en dos Campeonatos de Europa de Doma Cl\u00e1sica y preseleccionado para los Juegos Ol\u00edmpicos de R\u00edo en 2016.<\/p>\n","protected":false},"author":7,"featured_media":6101,"comment_status":"closed","ping_status":"open","sticky":false,"template":"","format":"standard","meta":{"footnotes":""},"categories":[56,63],"tags":[74,97,119,73,114],"class_list":["post-5977","post","type-post","status-publish","format-standard","has-post-thumbnail","hentry","category-escuela-de-equitacion","category-tecnico-deportivo","tag-alumnos","tag-escuela-de-equitacion-rmcr","tag-jose-antonio-garcia-mena","tag-practicas","tag-ronda"],"yoast_head":"<!-- This site is optimized with the Yoast SEO plugin v27.5 - https:\/\/yoast.com\/product\/yoast-seo-wordpress\/ -->\n<title>Entrevista a los jinetes en pr\u00e1cticas (VI) - Real Maestranza de Caballer\u00eda de Ronda<\/title>\n<meta name=\"robots\" content=\"index, follow, max-snippet:-1, max-image-preview:large, max-video-preview:-1\" \/>\n<link rel=\"canonical\" href=\"https:\/\/www.rmcr.org\/en\/2021\/07\/21\/entrevista-a-los-jinetes-en-practicas-vi\/\" \/>\n<meta property=\"og:locale\" content=\"en_US\" \/>\n<meta property=\"og:type\" content=\"article\" \/>\n<meta property=\"og:title\" content=\"Entrevista a los jinetes en pr\u00e1cticas (VI) - Real Maestranza de Caballer\u00eda de Ronda\" \/>\n<meta property=\"og:description\" content=\"En esta sexta, y \u00faltima entrevista, y ya habiendo finalizado su formaci\u00f3n pr\u00e1ctica del curso T\u00e9cnico Deportivo en Equitaci\u00f3n Grado Medio, tenemos a Enrique Lizar\u00e1n, que durante este periodo ha estado en la H\u00edpica Alazana y su tutor de pr\u00e1cticas ha sido Jos\u00e9 Antonio Garc\u00eda Mena, representante de Espa\u00f1a en dos Juegos Ecuestres Mundiales y en dos Campeonatos de Europa de Doma Cl\u00e1sica y preseleccionado para los Juegos Ol\u00edmpicos de R\u00edo en 2016.\" \/>\n<meta property=\"og:url\" content=\"https:\/\/www.rmcr.org\/en\/2021\/07\/21\/entrevista-a-los-jinetes-en-practicas-vi\/\" \/>\n<meta property=\"og:site_name\" content=\"Real Maestranza de Caballer\u00eda de Ronda\" \/>\n<meta property=\"article:publisher\" content=\"https:\/\/www.facebook.com\/plazadetorosronda\" \/>\n<meta property=\"article:published_time\" content=\"2021-07-21T08:30:00+00:00\" \/>\n<meta property=\"og:image\" content=\"https:\/\/www.rmcr.org\/wp-content\/uploads\/2021\/07\/front2.png\" \/>\n\t<meta property=\"og:image:width\" content=\"482\" \/>\n\t<meta property=\"og:image:height\" content=\"142\" \/>\n\t<meta property=\"og:image:type\" content=\"image\/png\" \/>\n<meta name=\"author\" content=\"RMCR\" \/>\n<meta name=\"twitter:card\" content=\"summary_large_image\" \/>\n<meta name=\"twitter:creator\" content=\"@PlazatorosRMR\" \/>\n<meta name=\"twitter:site\" content=\"@PlazatorosRMR\" \/>\n<meta name=\"twitter:label1\" content=\"Written by\" \/>\n\t<meta name=\"twitter:data1\" content=\"RMCR\" \/>\n\t<meta name=\"twitter:label2\" content=\"Est. reading time\" \/>\n\t<meta name=\"twitter:data2\" content=\"2 minutes\" \/>\n<script type=\"application\/ld+json\" class=\"yoast-schema-graph\">{\"@context\":\"https:\\\/\\\/schema.org\",\"@graph\":[{\"@type\":\"Article\",\"@id\":\"https:\\\/\\\/www.rmcr.org\\\/en\\\/2021\\\/07\\\/21\\\/entrevista-a-los-jinetes-en-practicas-vi\\\/#article\",\"isPartOf\":{\"@id\":\"https:\\\/\\\/www.rmcr.org\\\/en\\\/2021\\\/07\\\/21\\\/entrevista-a-los-jinetes-en-practicas-vi\\\/\"},\"author\":{\"name\":\"RMCR\",\"@id\":\"https:\\\/\\\/www.rmcr.org\\\/en\\\/#\\\/schema\\\/person\\\/7ddd0dafda7edd0e407157f93a56df4f\"},\"headline\":\"Entrevista a los jinetes en pr\u00e1cticas (VI)\",\"datePublished\":\"2021-07-21T08:30:00+00:00\",\"mainEntityOfPage\":{\"@id\":\"https:\\\/\\\/www.rmcr.org\\\/en\\\/2021\\\/07\\\/21\\\/entrevista-a-los-jinetes-en-practicas-vi\\\/\"},\"wordCount\":354,\"publisher\":{\"@id\":\"https:\\\/\\\/www.rmcr.org\\\/en\\\/#organization\"},\"image\":{\"@id\":\"https:\\\/\\\/www.rmcr.org\\\/en\\\/2021\\\/07\\\/21\\\/entrevista-a-los-jinetes-en-practicas-vi\\\/#primaryimage\"},\"thumbnailUrl\":\"https:\\\/\\\/www.rmcr.org\\\/wp-content\\\/uploads\\\/2021\\\/07\\\/front2.png\",\"keywords\":[\"Alumnos\",\"Escuela de Equitaci\u00f3n RMCR\",\"Jos\u00e9 Antonio Garc\u00eda Mena\",\"Pr\u00e1cticas\",\"Ronda\"],\"articleSection\":[\"Escuela de Equitaci\u00f3n\",\"T\u00e9cnico Deportivo\"],\"inLanguage\":\"en-US\"},{\"@type\":\"WebPage\",\"@id\":\"https:\\\/\\\/www.rmcr.org\\\/en\\\/2021\\\/07\\\/21\\\/entrevista-a-los-jinetes-en-practicas-vi\\\/\",\"url\":\"https:\\\/\\\/www.rmcr.org\\\/en\\\/2021\\\/07\\\/21\\\/entrevista-a-los-jinetes-en-practicas-vi\\\/\",\"name\":\"Entrevista a los jinetes en pr\u00e1cticas (VI) - Real Maestranza de Caballer\u00eda de Ronda\",\"isPartOf\":{\"@id\":\"https:\\\/\\\/www.rmcr.org\\\/en\\\/#website\"},\"primaryImageOfPage\":{\"@id\":\"https:\\\/\\\/www.rmcr.org\\\/en\\\/2021\\\/07\\\/21\\\/entrevista-a-los-jinetes-en-practicas-vi\\\/#primaryimage\"},\"image\":{\"@id\":\"https:\\\/\\\/www.rmcr.org\\\/en\\\/2021\\\/07\\\/21\\\/entrevista-a-los-jinetes-en-practicas-vi\\\/#primaryimage\"},\"thumbnailUrl\":\"https:\\\/\\\/www.rmcr.org\\\/wp-content\\\/uploads\\\/2021\\\/07\\\/front2.png\",\"datePublished\":\"2021-07-21T08:30:00+00:00\",\"breadcrumb\":{\"@id\":\"https:\\\/\\\/www.rmcr.org\\\/en\\\/2021\\\/07\\\/21\\\/entrevista-a-los-jinetes-en-practicas-vi\\\/#breadcrumb\"},\"inLanguage\":\"en-US\",\"potentialAction\":[{\"@type\":\"ReadAction\",\"target\":[\"https:\\\/\\\/www.rmcr.org\\\/en\\\/2021\\\/07\\\/21\\\/entrevista-a-los-jinetes-en-practicas-vi\\\/\"]}]},{\"@type\":\"ImageObject\",\"inLanguage\":\"en-US\",\"@id\":\"https:\\\/\\\/www.rmcr.org\\\/en\\\/2021\\\/07\\\/21\\\/entrevista-a-los-jinetes-en-practicas-vi\\\/#primaryimage\",\"url\":\"https:\\\/\\\/www.rmcr.org\\\/wp-content\\\/uploads\\\/2021\\\/07\\\/front2.png\",\"contentUrl\":\"https:\\\/\\\/www.rmcr.org\\\/wp-content\\\/uploads\\\/2021\\\/07\\\/front2.png\",\"width\":482,\"height\":142},{\"@type\":\"BreadcrumbList\",\"@id\":\"https:\\\/\\\/www.rmcr.org\\\/en\\\/2021\\\/07\\\/21\\\/entrevista-a-los-jinetes-en-practicas-vi\\\/#breadcrumb\",\"itemListElement\":[{\"@type\":\"ListItem\",\"position\":1,\"name\":\"REAL MAESTRANZA DE CABALLER\u00cdA DE RONDA\",\"item\":\"https:\\\/\\\/www.rmcr.org\\\/en\\\/\"},{\"@type\":\"ListItem\",\"position\":2,\"name\":\"Entrevista a los jinetes en pr\u00e1cticas (VI)\"}]},{\"@type\":\"WebSite\",\"@id\":\"https:\\\/\\\/www.rmcr.org\\\/en\\\/#website\",\"url\":\"https:\\\/\\\/www.rmcr.org\\\/en\\\/\",\"name\":\"Real Maestranza de Caballer\u00eda de Ronda\",\"description\":\"Real Maestranza de Caballer\u00eda de Ronda\",\"publisher\":{\"@id\":\"https:\\\/\\\/www.rmcr.org\\\/en\\\/#organization\"},\"alternateName\":\"RMCR\",\"potentialAction\":[{\"@type\":\"SearchAction\",\"target\":{\"@type\":\"EntryPoint\",\"urlTemplate\":\"https:\\\/\\\/www.rmcr.org\\\/en\\\/?s={search_term_string}\"},\"query-input\":{\"@type\":\"PropertyValueSpecification\",\"valueRequired\":true,\"valueName\":\"search_term_string\"}}],\"inLanguage\":\"en-US\"},{\"@type\":\"Organization\",\"@id\":\"https:\\\/\\\/www.rmcr.org\\\/en\\\/#organization\",\"name\":\"Real Maestranza de Caballer\u00eda de Ronda\",\"alternateName\":\"RMR\",\"url\":\"https:\\\/\\\/www.rmcr.org\\\/en\\\/\",\"logo\":{\"@type\":\"ImageObject\",\"inLanguage\":\"en-US\",\"@id\":\"https:\\\/\\\/www.rmcr.org\\\/en\\\/#\\\/schema\\\/logo\\\/image\\\/\",\"url\":\"https:\\\/\\\/www.rmcr.org\\\/wp-content\\\/uploads\\\/2022\\\/07\\\/logo-rmr-blue.svg\",\"contentUrl\":\"https:\\\/\\\/www.rmcr.org\\\/wp-content\\\/uploads\\\/2022\\\/07\\\/logo-rmr-blue.svg\",\"width\":131,\"height\":129,\"caption\":\"Real Maestranza de Caballer\u00eda de Ronda\"},\"image\":{\"@id\":\"https:\\\/\\\/www.rmcr.org\\\/en\\\/#\\\/schema\\\/logo\\\/image\\\/\"},\"sameAs\":[\"https:\\\/\\\/www.facebook.com\\\/plazadetorosronda\",\"https:\\\/\\\/x.com\\\/PlazatorosRMR\",\"https:\\\/\\\/www.instagram.com\\\/realmaestranzaderonda\\\/\",\"https:\\\/\\\/www.youtube.com\\\/channel\\\/UCrbO5IUN-8v_QML739vM4zg\\\/videos\"]},{\"@type\":\"Person\",\"@id\":\"https:\\\/\\\/www.rmcr.org\\\/en\\\/#\\\/schema\\\/person\\\/7ddd0dafda7edd0e407157f93a56df4f\",\"name\":\"RMCR\",\"image\":{\"@type\":\"ImageObject\",\"inLanguage\":\"en-US\",\"@id\":\"https:\\\/\\\/secure.gravatar.com\\\/avatar\\\/adb75798b50800c24baa6a8706037b9469998c49eddeb95935f50f633cff80bb?s=96&d=mm&r=g\",\"url\":\"https:\\\/\\\/secure.gravatar.com\\\/avatar\\\/adb75798b50800c24baa6a8706037b9469998c49eddeb95935f50f633cff80bb?s=96&d=mm&r=g\",\"contentUrl\":\"https:\\\/\\\/secure.gravatar.com\\\/avatar\\\/adb75798b50800c24baa6a8706037b9469998c49eddeb95935f50f633cff80bb?s=96&d=mm&r=g\",\"caption\":\"RMCR\"},\"url\":\"https:\\\/\\\/www.rmcr.org\\\/en\\\/author\\\/bitniks77\\\/\"}]}<\/script>\n<!-- \/ Yoast SEO plugin. -->","yoast_head_json":{"title":"Entrevista a los jinetes en pr\u00e1cticas (VI) - Real Maestranza de Caballer\u00eda de Ronda","robots":{"index":"index","follow":"follow","max-snippet":"max-snippet:-1","max-image-preview":"max-image-preview:large","max-video-preview":"max-video-preview:-1"},"canonical":"https:\/\/www.rmcr.org\/en\/2021\/07\/21\/entrevista-a-los-jinetes-en-practicas-vi\/","og_locale":"en_US","og_type":"article","og_title":"Entrevista a los jinetes en pr\u00e1cticas (VI) - Real Maestranza de Caballer\u00eda de Ronda","og_description":"En esta sexta, y \u00faltima entrevista, y ya habiendo finalizado su formaci\u00f3n pr\u00e1ctica del curso T\u00e9cnico Deportivo en Equitaci\u00f3n Grado Medio, tenemos a Enrique Lizar\u00e1n, que durante este periodo ha estado en la H\u00edpica Alazana y su tutor de pr\u00e1cticas ha sido Jos\u00e9 Antonio Garc\u00eda Mena, representante de Espa\u00f1a en dos Juegos Ecuestres Mundiales y en dos Campeonatos de Europa de Doma Cl\u00e1sica y preseleccionado para los Juegos Ol\u00edmpicos de R\u00edo en 2016.","og_url":"https:\/\/www.rmcr.org\/en\/2021\/07\/21\/entrevista-a-los-jinetes-en-practicas-vi\/","og_site_name":"Real Maestranza de Caballer\u00eda de Ronda","article_publisher":"https:\/\/www.facebook.com\/plazadetorosronda","article_published_time":"2021-07-21T08:30:00+00:00","og_image":[{"width":482,"height":142,"url":"https:\/\/www.rmcr.org\/wp-content\/uploads\/2021\/07\/front2.png","type":"image\/png"}],"author":"RMCR","twitter_card":"summary_large_image","twitter_creator":"@PlazatorosRMR","twitter_site":"@PlazatorosRMR","twitter_misc":{"Written by":"RMCR","Est. reading time":"2 minutes"},"schema":{"@context":"https:\/\/schema.org","@graph":[{"@type":"Article","@id":"https:\/\/www.rmcr.org\/en\/2021\/07\/21\/entrevista-a-los-jinetes-en-practicas-vi\/#article","isPartOf":{"@id":"https:\/\/www.rmcr.org\/en\/2021\/07\/21\/entrevista-a-los-jinetes-en-practicas-vi\/"},"author":{"name":"RMCR","@id":"https:\/\/www.rmcr.org\/en\/#\/schema\/person\/7ddd0dafda7edd0e407157f93a56df4f"},"headline":"Entrevista a los jinetes en pr\u00e1cticas (VI)","datePublished":"2021-07-21T08:30:00+00:00","mainEntityOfPage":{"@id":"https:\/\/www.rmcr.org\/en\/2021\/07\/21\/entrevista-a-los-jinetes-en-practicas-vi\/"},"wordCount":354,"publisher":{"@id":"https:\/\/www.rmcr.org\/en\/#organization"},"image":{"@id":"https:\/\/www.rmcr.org\/en\/2021\/07\/21\/entrevista-a-los-jinetes-en-practicas-vi\/#primaryimage"},"thumbnailUrl":"https:\/\/www.rmcr.org\/wp-content\/uploads\/2021\/07\/front2.png","keywords":["Alumnos","Escuela de Equitaci\u00f3n RMCR","Jos\u00e9 Antonio Garc\u00eda Mena","Pr\u00e1cticas","Ronda"],"articleSection":["Escuela de Equitaci\u00f3n","T\u00e9cnico Deportivo"],"inLanguage":"en-US"},{"@type":"WebPage","@id":"https:\/\/www.rmcr.org\/en\/2021\/07\/21\/entrevista-a-los-jinetes-en-practicas-vi\/","url":"https:\/\/www.rmcr.org\/en\/2021\/07\/21\/entrevista-a-los-jinetes-en-practicas-vi\/","name":"Entrevista a los jinetes en pr\u00e1cticas (VI) - Real Maestranza de Caballer\u00eda de Ronda","isPartOf":{"@id":"https:\/\/www.rmcr.org\/en\/#website"},"primaryImageOfPage":{"@id":"https:\/\/www.rmcr.org\/en\/2021\/07\/21\/entrevista-a-los-jinetes-en-practicas-vi\/#primaryimage"},"image":{"@id":"https:\/\/www.rmcr.org\/en\/2021\/07\/21\/entrevista-a-los-jinetes-en-practicas-vi\/#primaryimage"},"thumbnailUrl":"https:\/\/www.rmcr.org\/wp-content\/uploads\/2021\/07\/front2.png","datePublished":"2021-07-21T08:30:00+00:00","breadcrumb":{"@id":"https:\/\/www.rmcr.org\/en\/2021\/07\/21\/entrevista-a-los-jinetes-en-practicas-vi\/#breadcrumb"},"inLanguage":"en-US","potentialAction":[{"@type":"ReadAction","target":["https:\/\/www.rmcr.org\/en\/2021\/07\/21\/entrevista-a-los-jinetes-en-practicas-vi\/"]}]},{"@type":"ImageObject","inLanguage":"en-US","@id":"https:\/\/www.rmcr.org\/en\/2021\/07\/21\/entrevista-a-los-jinetes-en-practicas-vi\/#primaryimage","url":"https:\/\/www.rmcr.org\/wp-content\/uploads\/2021\/07\/front2.png","contentUrl":"https:\/\/www.rmcr.org\/wp-content\/uploads\/2021\/07\/front2.png","width":482,"height":142},{"@type":"BreadcrumbList","@id":"https:\/\/www.rmcr.org\/en\/2021\/07\/21\/entrevista-a-los-jinetes-en-practicas-vi\/#breadcrumb","itemListElement":[{"@type":"ListItem","position":1,"name":"REAL MAESTRANZA DE CABALLER\u00cdA DE RONDA","item":"https:\/\/www.rmcr.org\/en\/"},{"@type":"ListItem","position":2,"name":"Entrevista a los jinetes en pr\u00e1cticas (VI)"}]},{"@type":"WebSite","@id":"https:\/\/www.rmcr.org\/en\/#website","url":"https:\/\/www.rmcr.org\/en\/","name":"Real Maestranza de Caballer\u00eda de Ronda","description":"Real Maestranza de Caballer\u00eda de Ronda","publisher":{"@id":"https:\/\/www.rmcr.org\/en\/#organization"},"alternateName":"RMCR","potentialAction":[{"@type":"SearchAction","target":{"@type":"EntryPoint","urlTemplate":"https:\/\/www.rmcr.org\/en\/?s={search_term_string}"},"query-input":{"@type":"PropertyValueSpecification","valueRequired":true,"valueName":"search_term_string"}}],"inLanguage":"en-US"},{"@type":"Organization","@id":"https:\/\/www.rmcr.org\/en\/#organization","name":"Real Maestranza de Caballer\u00eda de Ronda","alternateName":"RMR","url":"https:\/\/www.rmcr.org\/en\/","logo":{"@type":"ImageObject","inLanguage":"en-US","@id":"https:\/\/www.rmcr.org\/en\/#\/schema\/logo\/image\/","url":"https:\/\/www.rmcr.org\/wp-content\/uploads\/2022\/07\/logo-rmr-blue.svg","contentUrl":"https:\/\/www.rmcr.org\/wp-content\/uploads\/2022\/07\/logo-rmr-blue.svg","width":131,"height":129,"caption":"Real Maestranza de Caballer\u00eda de Ronda"},"image":{"@id":"https:\/\/www.rmcr.org\/en\/#\/schema\/logo\/image\/"},"sameAs":["https:\/\/www.facebook.com\/plazadetorosronda","https:\/\/x.com\/PlazatorosRMR","https:\/\/www.instagram.com\/realmaestranzaderonda\/","https:\/\/www.youtube.com\/channel\/UCrbO5IUN-8v_QML739vM4zg\/videos"]},{"@type":"Person","@id":"https:\/\/www.rmcr.org\/en\/#\/schema\/person\/7ddd0dafda7edd0e407157f93a56df4f","name":"RMCR","image":{"@type":"ImageObject","inLanguage":"en-US","@id":"https:\/\/secure.gravatar.com\/avatar\/adb75798b50800c24baa6a8706037b9469998c49eddeb95935f50f633cff80bb?s=96&d=mm&r=g","url":"https:\/\/secure.gravatar.com\/avatar\/adb75798b50800c24baa6a8706037b9469998c49eddeb95935f50f633cff80bb?s=96&d=mm&r=g","contentUrl":"https:\/\/secure.gravatar.com\/avatar\/adb75798b50800c24baa6a8706037b9469998c49eddeb95935f50f633cff80bb?s=96&d=mm&r=g","caption":"RMCR"},"url":"https:\/\/www.rmcr.org\/en\/author\/bitniks77\/"}]}},"_links":{"self":[{"href":"https:\/\/www.rmcr.org\/en\/wp-json\/wp\/v2\/posts\/5977","targetHints":{"allow":["GET"]}}],"collection":[{"href":"https:\/\/www.rmcr.org\/en\/wp-json\/wp\/v2\/posts"}],"about":[{"href":"https:\/\/www.rmcr.org\/en\/wp-json\/wp\/v2\/types\/post"}],"author":[{"embeddable":true,"href":"https:\/\/www.rmcr.org\/en\/wp-json\/wp\/v2\/users\/7"}],"replies":[{"embeddable":true,"href":"https:\/\/www.rmcr.org\/en\/wp-json\/wp\/v2\/comments?post=5977"}],"version-history":[{"count":0,"href":"https:\/\/www.rmcr.org\/en\/wp-json\/wp\/v2\/posts\/5977\/revisions"}],"wp:featuredmedia":[{"embeddable":true,"href":"https:\/\/www.rmcr.org\/en\/wp-json\/wp\/v2\/media\/6101"}],"wp:attachment":[{"href":"https:\/\/www.rmcr.org\/en\/wp-json\/wp\/v2\/media?parent=5977"}],"wp:term":[{"taxonomy":"category","embeddable":true,"href":"https:\/\/www.rmcr.org\/en\/wp-json\/wp\/v2\/categories?post=5977"},{"taxonomy":"post_tag","embeddable":true,"href":"https:\/\/www.rmcr.org\/en\/wp-json\/wp\/v2\/tags?post=5977"}],"curies":[{"name":"wp","href":"https:\/\/api.w.org\/{rel}","templated":true}]}}