{"id":5976,"date":"2021-06-25T11:51:23","date_gmt":"2021-06-25T11:51:23","guid":{"rendered":"https:\/\/www.rmcr.org\/?p=5976"},"modified":"2025-04-04T10:57:41","modified_gmt":"2025-04-04T10:57:41","slug":"entrevista-a-los-jinetes-en-practicas-iv","status":"publish","type":"post","link":"https:\/\/www.rmcr.org\/en\/2021\/06\/25\/entrevista-a-los-jinetes-en-practicas-iv\/","title":{"rendered":"Entrevista a los jinetes en pr\u00e1cticas (IV)"},"content":{"rendered":"\n<p>En la cuarta entrevista a los jinetes de la Escuela de Equitaci\u00f3n que se encuentran haciendo las pr\u00e1cticas de T\u00e9cnico Deportivo en Equitaci\u00f3n Grado Medio tenemos a Goiuri Hern\u00e1ndez, que se ha ido a su ciudad natal a la H\u00edpica Laukiniz en Bilbao, a continuar form\u00e1ndose con el equipo <a href=\"https:\/\/buenarate.webnode.es\/\">Buenarate Dressage<\/a> a cargo de Samuel Delgado, jinete castellano manchego que comenz\u00f3 este proyecto nuevo en 2017.<\/p>\n\n\n\n<div class=\"wp-block-image\"><figure class=\"aligncenter size-large is-resized\"><a href=\"https:\/\/www.rmcr.org\/2021\/06\/unknown.jpeg\"><img fetchpriority=\"high\" decoding=\"async\" src=\"https:\/\/www.rmcr.org\/wp-content\/uploads\/2021\/06\/unknown.jpeg?w=1024\" alt=\"\" class=\"wp-image-1589\" width=\"519\" height=\"389\" \/><\/a><\/figure><\/div>\n\n\n\n<p class=\"has-text-align-center\"><em>Goiuri Hern\u00e1ndez junto a Samuel Delgado y Raquel Lorenzo<\/em><\/p>\n\n\n\n<p><strong>\u00bfPorque has elegido el centro para llevar a cabo tu per\u00edodo de pr\u00e1cticas?<\/strong><\/p>\n\n\n\n<p>He elegido el equipo de Buenarate Dressage para llevar a cabo mi per\u00edodo de pr\u00e1cticas porque considero que, tanto Samuel Delgado como Raquel Lorenzo, su groom, son grandes profesionales de este sector de los que poder aprender.<\/p>\n\n\n\n<p>\u00bf<strong>C\u00f3mo es tu d\u00eda a d\u00eda?<\/strong><\/p>\n\n\n\n<p>El d\u00eda en la cuadra empieza a las 8:30 de la ma\u00f1ana y lo primero que hacemos es dar el desayuno a los caballos. Mientras estos desayunan preparanos el material y sobre las 9:15 empezamos a preparar el primer caballo para trabajar. Generalmente me encargo de preparar los caballos junto a Raquel y los caliento para que posteriormente Samuel pueda realizar la parte espec\u00edfica del trabajo con ellos.<\/p>\n\n\n\n<p>Durante la ma\u00f1ana se intenta trabajar el mayor n\u00famero de caballos y si se queda alguno sin trabajar para antes de las 14:00, lo hace por la tarde.<\/p>\n\n\n\n<p>Alrededor de la 13:00 empezamos a recoger todo el material utilizado por la ma\u00f1ana para dejar todo en orden para la jornada de la tarde. Despu\u00e9s de esto, los caballos reciben su segunda toma de pienso del d\u00eda.<\/p>\n\n\n\n<p>Los caballos salen de su cuadra todos los d\u00edas, tanto para trabajar montados, como a la cuerda, a los padocks, al caminador o de paseo\u2026<\/p>\n\n\n\n<p>Por la tarde retomamos el trabajo a las 17:00, mayormente se imparten clases a los propietarios y se trabajan los caballos que no lo han hecho por la ma\u00f1ana.<\/p>\n\n\n\n<p>Sobre las 19:00 empezamos a recoger el material, poner todo en orden, barrer, vendar de descanso los caballos que lo requieran y preparar las cenas para as\u00ed poder administrarlas a las 20:00 y poder terminar la jornada.<\/p>\n\n\n\n<div class=\"wp-block-image\"><figure class=\"aligncenter size-large is-resized\"><a href=\"https:\/\/www.rmcr.org\/2021\/06\/unknown-1.jpeg\"><img decoding=\"async\" src=\"https:\/\/www.rmcr.org\/wp-content\/uploads\/2021\/06\/unknown-1.jpeg?w=1024\" alt=\"\" class=\"wp-image-1590\" width=\"735\" height=\"489\" \/><\/a><\/figure><\/div>\n\n\n\n<p class=\"has-text-align-center\"><em>Cuadras de Buenarate Dressage (Laukiniz, Bilbao)<\/em><\/p>\n\n\n\n<p><strong>\u00bfQu\u00e9 pretendes conseguir durante tu estancia?<\/strong><\/p>\n\n\n\n<p>Durante mi estancia aqu\u00ed pretendo crecer como amazona al m\u00e1ximo, aprender de los conocimientos que Samuel Delgado pueda inculcarme y seguir disfrutando y aprendiendo de los caballos que tengo posibilidad de montar.<\/p>\n\n\n\n<p><strong>\u00bfCu\u00e1l es tu siguiente paso formativo?<\/strong><\/p>\n\n\n\n<p>El siguiente paso en mi formaci\u00f3n es seguir como amazona en Buenarate Dressage, ya que Samuel me ha brindado la oportunidad de seguir form\u00e1ndome junto a \u00e9l, buscando cada d\u00eda ampliar mis conocimientos para crecer como amazona.<\/p>\n","protected":false},"excerpt":{"rendered":"<p>n la cuarta entrevista a los jinetes de la Escuela de Equitaci\u00f3n que se encuentran haciendo las pr\u00e1cticas de T\u00e9cnico Deportivo en Equitaci\u00f3n Grado Medio tenemos a Goiuri Hern\u00e1ndez, que se ha ido a su ciudad natal a la H\u00edpica Laukiniz en Bilbao, a continuar form\u00e1ndose con el equipo Buenarate Dressage a cargo de Samuel Delgado, jinete castellano manchego que comenz\u00f3 este proyecto nuevo en 2017.<\/p>\n","protected":false},"author":11,"featured_media":6099,"comment_status":"closed","ping_status":"open","sticky":false,"template":"","format":"standard","meta":{"footnotes":""},"categories":[56,63],"tags":[74,48,40,97,117,73,118],"class_list":["post-5976","post","type-post","status-publish","format-standard","has-post-thumbnail","hentry","category-escuela-de-equitacion","category-tecnico-deportivo","tag-alumnos","tag-centro-de-formacion","tag-ensenanza","tag-escuela-de-equitacion-rmcr","tag-goiuri-hernandez","tag-practicas","tag-samuel-delgado"],"yoast_head":"<!-- This site is optimized with the Yoast SEO plugin v27.5 - https:\/\/yoast.com\/product\/yoast-seo-wordpress\/ -->\n<title>Entrevista a los jinetes en pr\u00e1cticas (IV) - Real Maestranza de Caballer\u00eda de Ronda<\/title>\n<meta name=\"robots\" content=\"index, follow, max-snippet:-1, max-image-preview:large, max-video-preview:-1\" \/>\n<link rel=\"canonical\" href=\"https:\/\/www.rmcr.org\/en\/2021\/06\/25\/entrevista-a-los-jinetes-en-practicas-iv\/\" \/>\n<meta property=\"og:locale\" content=\"en_US\" \/>\n<meta property=\"og:type\" content=\"article\" \/>\n<meta property=\"og:title\" content=\"Entrevista a los jinetes en pr\u00e1cticas (IV) - Real Maestranza de Caballer\u00eda de Ronda\" \/>\n<meta property=\"og:description\" content=\"n la cuarta entrevista a los jinetes de la Escuela de Equitaci\u00f3n que se encuentran haciendo las pr\u00e1cticas de T\u00e9cnico Deportivo en Equitaci\u00f3n Grado Medio tenemos a Goiuri Hern\u00e1ndez, que se ha ido a su ciudad natal a la H\u00edpica Laukiniz en Bilbao, a continuar form\u00e1ndose con el equipo Buenarate Dressage a cargo de Samuel Delgado, jinete castellano manchego que comenz\u00f3 este proyecto nuevo en 2017.\" \/>\n<meta property=\"og:url\" content=\"https:\/\/www.rmcr.org\/en\/2021\/06\/25\/entrevista-a-los-jinetes-en-practicas-iv\/\" \/>\n<meta property=\"og:site_name\" content=\"Real Maestranza de Caballer\u00eda de Ronda\" \/>\n<meta property=\"article:publisher\" content=\"https:\/\/www.facebook.com\/plazadetorosronda\" \/>\n<meta property=\"article:published_time\" content=\"2021-06-25T11:51:23+00:00\" \/>\n<meta property=\"article:modified_time\" content=\"2025-04-04T10:57:41+00:00\" \/>\n<meta property=\"og:image\" content=\"https:\/\/www.rmcr.org\/wp-content\/uploads\/2021\/06\/afel.png\" \/>\n\t<meta property=\"og:image:width\" content=\"482\" \/>\n\t<meta property=\"og:image:height\" content=\"144\" \/>\n\t<meta property=\"og:image:type\" content=\"image\/png\" \/>\n<meta name=\"author\" content=\"ESCUELA\" \/>\n<meta name=\"twitter:card\" content=\"summary_large_image\" \/>\n<meta name=\"twitter:creator\" content=\"@PlazatorosRMR\" \/>\n<meta name=\"twitter:site\" content=\"@PlazatorosRMR\" \/>\n<meta name=\"twitter:label1\" content=\"Written by\" \/>\n\t<meta name=\"twitter:data1\" content=\"ESCUELA\" \/>\n\t<meta name=\"twitter:label2\" content=\"Est. reading time\" \/>\n\t<meta name=\"twitter:data2\" content=\"2 minutes\" \/>\n<script type=\"application\/ld+json\" class=\"yoast-schema-graph\">{\"@context\":\"https:\\\/\\\/schema.org\",\"@graph\":[{\"@type\":\"Article\",\"@id\":\"https:\\\/\\\/www.rmcr.org\\\/en\\\/2021\\\/06\\\/25\\\/entrevista-a-los-jinetes-en-practicas-iv\\\/#article\",\"isPartOf\":{\"@id\":\"https:\\\/\\\/www.rmcr.org\\\/en\\\/2021\\\/06\\\/25\\\/entrevista-a-los-jinetes-en-practicas-iv\\\/\"},\"author\":{\"name\":\"ESCUELA\",\"@id\":\"https:\\\/\\\/www.rmcr.org\\\/en\\\/#\\\/schema\\\/person\\\/eaba3818c6c615cf6cc53c6ca58138ff\"},\"headline\":\"Entrevista a los jinetes en pr\u00e1cticas (IV)\",\"datePublished\":\"2021-06-25T11:51:23+00:00\",\"dateModified\":\"2025-04-04T10:57:41+00:00\",\"mainEntityOfPage\":{\"@id\":\"https:\\\/\\\/www.rmcr.org\\\/en\\\/2021\\\/06\\\/25\\\/entrevista-a-los-jinetes-en-practicas-iv\\\/\"},\"wordCount\":473,\"publisher\":{\"@id\":\"https:\\\/\\\/www.rmcr.org\\\/en\\\/#organization\"},\"image\":{\"@id\":\"https:\\\/\\\/www.rmcr.org\\\/en\\\/2021\\\/06\\\/25\\\/entrevista-a-los-jinetes-en-practicas-iv\\\/#primaryimage\"},\"thumbnailUrl\":\"https:\\\/\\\/www.rmcr.org\\\/wp-content\\\/uploads\\\/2021\\\/06\\\/afel.png\",\"keywords\":[\"Alumnos\",\"Centro de Formaci\u00f3n\",\"Ense\u00f1anza\",\"Escuela de Equitaci\u00f3n RMCR\",\"Goiuri Hern\u00e1ndez\",\"Pr\u00e1cticas\",\"Samuel Delgado\"],\"articleSection\":[\"Escuela de Equitaci\u00f3n\",\"T\u00e9cnico Deportivo\"],\"inLanguage\":\"en-US\"},{\"@type\":\"WebPage\",\"@id\":\"https:\\\/\\\/www.rmcr.org\\\/en\\\/2021\\\/06\\\/25\\\/entrevista-a-los-jinetes-en-practicas-iv\\\/\",\"url\":\"https:\\\/\\\/www.rmcr.org\\\/en\\\/2021\\\/06\\\/25\\\/entrevista-a-los-jinetes-en-practicas-iv\\\/\",\"name\":\"Entrevista a los jinetes en pr\u00e1cticas (IV) - Real Maestranza de Caballer\u00eda de Ronda\",\"isPartOf\":{\"@id\":\"https:\\\/\\\/www.rmcr.org\\\/en\\\/#website\"},\"primaryImageOfPage\":{\"@id\":\"https:\\\/\\\/www.rmcr.org\\\/en\\\/2021\\\/06\\\/25\\\/entrevista-a-los-jinetes-en-practicas-iv\\\/#primaryimage\"},\"image\":{\"@id\":\"https:\\\/\\\/www.rmcr.org\\\/en\\\/2021\\\/06\\\/25\\\/entrevista-a-los-jinetes-en-practicas-iv\\\/#primaryimage\"},\"thumbnailUrl\":\"https:\\\/\\\/www.rmcr.org\\\/wp-content\\\/uploads\\\/2021\\\/06\\\/afel.png\",\"datePublished\":\"2021-06-25T11:51:23+00:00\",\"dateModified\":\"2025-04-04T10:57:41+00:00\",\"breadcrumb\":{\"@id\":\"https:\\\/\\\/www.rmcr.org\\\/en\\\/2021\\\/06\\\/25\\\/entrevista-a-los-jinetes-en-practicas-iv\\\/#breadcrumb\"},\"inLanguage\":\"en-US\",\"potentialAction\":[{\"@type\":\"ReadAction\",\"target\":[\"https:\\\/\\\/www.rmcr.org\\\/en\\\/2021\\\/06\\\/25\\\/entrevista-a-los-jinetes-en-practicas-iv\\\/\"]}]},{\"@type\":\"ImageObject\",\"inLanguage\":\"en-US\",\"@id\":\"https:\\\/\\\/www.rmcr.org\\\/en\\\/2021\\\/06\\\/25\\\/entrevista-a-los-jinetes-en-practicas-iv\\\/#primaryimage\",\"url\":\"https:\\\/\\\/www.rmcr.org\\\/wp-content\\\/uploads\\\/2021\\\/06\\\/afel.png\",\"contentUrl\":\"https:\\\/\\\/www.rmcr.org\\\/wp-content\\\/uploads\\\/2021\\\/06\\\/afel.png\",\"width\":482,\"height\":144},{\"@type\":\"BreadcrumbList\",\"@id\":\"https:\\\/\\\/www.rmcr.org\\\/en\\\/2021\\\/06\\\/25\\\/entrevista-a-los-jinetes-en-practicas-iv\\\/#breadcrumb\",\"itemListElement\":[{\"@type\":\"ListItem\",\"position\":1,\"name\":\"REAL MAESTRANZA DE CABALLER\u00cdA DE RONDA\",\"item\":\"https:\\\/\\\/www.rmcr.org\\\/en\\\/\"},{\"@type\":\"ListItem\",\"position\":2,\"name\":\"Entrevista a los jinetes en pr\u00e1cticas (IV)\"}]},{\"@type\":\"WebSite\",\"@id\":\"https:\\\/\\\/www.rmcr.org\\\/en\\\/#website\",\"url\":\"https:\\\/\\\/www.rmcr.org\\\/en\\\/\",\"name\":\"Real Maestranza de Caballer\u00eda de Ronda\",\"description\":\"Real Maestranza de Caballer\u00eda de Ronda\",\"publisher\":{\"@id\":\"https:\\\/\\\/www.rmcr.org\\\/en\\\/#organization\"},\"alternateName\":\"RMCR\",\"potentialAction\":[{\"@type\":\"SearchAction\",\"target\":{\"@type\":\"EntryPoint\",\"urlTemplate\":\"https:\\\/\\\/www.rmcr.org\\\/en\\\/?s={search_term_string}\"},\"query-input\":{\"@type\":\"PropertyValueSpecification\",\"valueRequired\":true,\"valueName\":\"search_term_string\"}}],\"inLanguage\":\"en-US\"},{\"@type\":\"Organization\",\"@id\":\"https:\\\/\\\/www.rmcr.org\\\/en\\\/#organization\",\"name\":\"Real Maestranza de Caballer\u00eda de Ronda\",\"alternateName\":\"RMR\",\"url\":\"https:\\\/\\\/www.rmcr.org\\\/en\\\/\",\"logo\":{\"@type\":\"ImageObject\",\"inLanguage\":\"en-US\",\"@id\":\"https:\\\/\\\/www.rmcr.org\\\/en\\\/#\\\/schema\\\/logo\\\/image\\\/\",\"url\":\"https:\\\/\\\/www.rmcr.org\\\/wp-content\\\/uploads\\\/2022\\\/07\\\/logo-rmr-blue.svg\",\"contentUrl\":\"https:\\\/\\\/www.rmcr.org\\\/wp-content\\\/uploads\\\/2022\\\/07\\\/logo-rmr-blue.svg\",\"width\":131,\"height\":129,\"caption\":\"Real Maestranza de Caballer\u00eda de Ronda\"},\"image\":{\"@id\":\"https:\\\/\\\/www.rmcr.org\\\/en\\\/#\\\/schema\\\/logo\\\/image\\\/\"},\"sameAs\":[\"https:\\\/\\\/www.facebook.com\\\/plazadetorosronda\",\"https:\\\/\\\/x.com\\\/PlazatorosRMR\",\"https:\\\/\\\/www.instagram.com\\\/realmaestranzaderonda\\\/\",\"https:\\\/\\\/www.youtube.com\\\/channel\\\/UCrbO5IUN-8v_QML739vM4zg\\\/videos\"]},{\"@type\":\"Person\",\"@id\":\"https:\\\/\\\/www.rmcr.org\\\/en\\\/#\\\/schema\\\/person\\\/eaba3818c6c615cf6cc53c6ca58138ff\",\"name\":\"ESCUELA\",\"image\":{\"@type\":\"ImageObject\",\"inLanguage\":\"en-US\",\"@id\":\"https:\\\/\\\/www.rmcr.org\\\/wp-content\\\/uploads\\\/2022\\\/11\\\/avatar-rmcr-96x96.png\",\"url\":\"https:\\\/\\\/www.rmcr.org\\\/wp-content\\\/uploads\\\/2022\\\/11\\\/avatar-rmcr-96x96.png\",\"contentUrl\":\"https:\\\/\\\/www.rmcr.org\\\/wp-content\\\/uploads\\\/2022\\\/11\\\/avatar-rmcr-96x96.png\",\"caption\":\"ESCUELA\"},\"url\":\"https:\\\/\\\/www.rmcr.org\\\/en\\\/author\\\/rocio-hidalgo\\\/\"}]}<\/script>\n<!-- \/ Yoast SEO plugin. -->","yoast_head_json":{"title":"Entrevista a los jinetes en pr\u00e1cticas (IV) - Real Maestranza de Caballer\u00eda de Ronda","robots":{"index":"index","follow":"follow","max-snippet":"max-snippet:-1","max-image-preview":"max-image-preview:large","max-video-preview":"max-video-preview:-1"},"canonical":"https:\/\/www.rmcr.org\/en\/2021\/06\/25\/entrevista-a-los-jinetes-en-practicas-iv\/","og_locale":"en_US","og_type":"article","og_title":"Entrevista a los jinetes en pr\u00e1cticas (IV) - Real Maestranza de Caballer\u00eda de Ronda","og_description":"n la cuarta entrevista a los jinetes de la Escuela de Equitaci\u00f3n que se encuentran haciendo las pr\u00e1cticas de T\u00e9cnico Deportivo en Equitaci\u00f3n Grado Medio tenemos a Goiuri Hern\u00e1ndez, que se ha ido a su ciudad natal a la H\u00edpica Laukiniz en Bilbao, a continuar form\u00e1ndose con el equipo Buenarate Dressage a cargo de Samuel Delgado, jinete castellano manchego que comenz\u00f3 este proyecto nuevo en 2017.","og_url":"https:\/\/www.rmcr.org\/en\/2021\/06\/25\/entrevista-a-los-jinetes-en-practicas-iv\/","og_site_name":"Real Maestranza de Caballer\u00eda de Ronda","article_publisher":"https:\/\/www.facebook.com\/plazadetorosronda","article_published_time":"2021-06-25T11:51:23+00:00","article_modified_time":"2025-04-04T10:57:41+00:00","og_image":[{"width":482,"height":144,"url":"https:\/\/www.rmcr.org\/wp-content\/uploads\/2021\/06\/afel.png","type":"image\/png"}],"author":"ESCUELA","twitter_card":"summary_large_image","twitter_creator":"@PlazatorosRMR","twitter_site":"@PlazatorosRMR","twitter_misc":{"Written by":"ESCUELA","Est. reading time":"2 minutes"},"schema":{"@context":"https:\/\/schema.org","@graph":[{"@type":"Article","@id":"https:\/\/www.rmcr.org\/en\/2021\/06\/25\/entrevista-a-los-jinetes-en-practicas-iv\/#article","isPartOf":{"@id":"https:\/\/www.rmcr.org\/en\/2021\/06\/25\/entrevista-a-los-jinetes-en-practicas-iv\/"},"author":{"name":"ESCUELA","@id":"https:\/\/www.rmcr.org\/en\/#\/schema\/person\/eaba3818c6c615cf6cc53c6ca58138ff"},"headline":"Entrevista a los jinetes en pr\u00e1cticas (IV)","datePublished":"2021-06-25T11:51:23+00:00","dateModified":"2025-04-04T10:57:41+00:00","mainEntityOfPage":{"@id":"https:\/\/www.rmcr.org\/en\/2021\/06\/25\/entrevista-a-los-jinetes-en-practicas-iv\/"},"wordCount":473,"publisher":{"@id":"https:\/\/www.rmcr.org\/en\/#organization"},"image":{"@id":"https:\/\/www.rmcr.org\/en\/2021\/06\/25\/entrevista-a-los-jinetes-en-practicas-iv\/#primaryimage"},"thumbnailUrl":"https:\/\/www.rmcr.org\/wp-content\/uploads\/2021\/06\/afel.png","keywords":["Alumnos","Centro de Formaci\u00f3n","Ense\u00f1anza","Escuela de Equitaci\u00f3n RMCR","Goiuri Hern\u00e1ndez","Pr\u00e1cticas","Samuel Delgado"],"articleSection":["Escuela de Equitaci\u00f3n","T\u00e9cnico Deportivo"],"inLanguage":"en-US"},{"@type":"WebPage","@id":"https:\/\/www.rmcr.org\/en\/2021\/06\/25\/entrevista-a-los-jinetes-en-practicas-iv\/","url":"https:\/\/www.rmcr.org\/en\/2021\/06\/25\/entrevista-a-los-jinetes-en-practicas-iv\/","name":"Entrevista a los jinetes en pr\u00e1cticas (IV) - Real Maestranza de Caballer\u00eda de Ronda","isPartOf":{"@id":"https:\/\/www.rmcr.org\/en\/#website"},"primaryImageOfPage":{"@id":"https:\/\/www.rmcr.org\/en\/2021\/06\/25\/entrevista-a-los-jinetes-en-practicas-iv\/#primaryimage"},"image":{"@id":"https:\/\/www.rmcr.org\/en\/2021\/06\/25\/entrevista-a-los-jinetes-en-practicas-iv\/#primaryimage"},"thumbnailUrl":"https:\/\/www.rmcr.org\/wp-content\/uploads\/2021\/06\/afel.png","datePublished":"2021-06-25T11:51:23+00:00","dateModified":"2025-04-04T10:57:41+00:00","breadcrumb":{"@id":"https:\/\/www.rmcr.org\/en\/2021\/06\/25\/entrevista-a-los-jinetes-en-practicas-iv\/#breadcrumb"},"inLanguage":"en-US","potentialAction":[{"@type":"ReadAction","target":["https:\/\/www.rmcr.org\/en\/2021\/06\/25\/entrevista-a-los-jinetes-en-practicas-iv\/"]}]},{"@type":"ImageObject","inLanguage":"en-US","@id":"https:\/\/www.rmcr.org\/en\/2021\/06\/25\/entrevista-a-los-jinetes-en-practicas-iv\/#primaryimage","url":"https:\/\/www.rmcr.org\/wp-content\/uploads\/2021\/06\/afel.png","contentUrl":"https:\/\/www.rmcr.org\/wp-content\/uploads\/2021\/06\/afel.png","width":482,"height":144},{"@type":"BreadcrumbList","@id":"https:\/\/www.rmcr.org\/en\/2021\/06\/25\/entrevista-a-los-jinetes-en-practicas-iv\/#breadcrumb","itemListElement":[{"@type":"ListItem","position":1,"name":"REAL MAESTRANZA DE CABALLER\u00cdA DE RONDA","item":"https:\/\/www.rmcr.org\/en\/"},{"@type":"ListItem","position":2,"name":"Entrevista a los jinetes en pr\u00e1cticas (IV)"}]},{"@type":"WebSite","@id":"https:\/\/www.rmcr.org\/en\/#website","url":"https:\/\/www.rmcr.org\/en\/","name":"Real Maestranza de Caballer\u00eda de Ronda","description":"Real Maestranza de Caballer\u00eda de Ronda","publisher":{"@id":"https:\/\/www.rmcr.org\/en\/#organization"},"alternateName":"RMCR","potentialAction":[{"@type":"SearchAction","target":{"@type":"EntryPoint","urlTemplate":"https:\/\/www.rmcr.org\/en\/?s={search_term_string}"},"query-input":{"@type":"PropertyValueSpecification","valueRequired":true,"valueName":"search_term_string"}}],"inLanguage":"en-US"},{"@type":"Organization","@id":"https:\/\/www.rmcr.org\/en\/#organization","name":"Real Maestranza de Caballer\u00eda de Ronda","alternateName":"RMR","url":"https:\/\/www.rmcr.org\/en\/","logo":{"@type":"ImageObject","inLanguage":"en-US","@id":"https:\/\/www.rmcr.org\/en\/#\/schema\/logo\/image\/","url":"https:\/\/www.rmcr.org\/wp-content\/uploads\/2022\/07\/logo-rmr-blue.svg","contentUrl":"https:\/\/www.rmcr.org\/wp-content\/uploads\/2022\/07\/logo-rmr-blue.svg","width":131,"height":129,"caption":"Real Maestranza de Caballer\u00eda de Ronda"},"image":{"@id":"https:\/\/www.rmcr.org\/en\/#\/schema\/logo\/image\/"},"sameAs":["https:\/\/www.facebook.com\/plazadetorosronda","https:\/\/x.com\/PlazatorosRMR","https:\/\/www.instagram.com\/realmaestranzaderonda\/","https:\/\/www.youtube.com\/channel\/UCrbO5IUN-8v_QML739vM4zg\/videos"]},{"@type":"Person","@id":"https:\/\/www.rmcr.org\/en\/#\/schema\/person\/eaba3818c6c615cf6cc53c6ca58138ff","name":"ESCUELA","image":{"@type":"ImageObject","inLanguage":"en-US","@id":"https:\/\/www.rmcr.org\/wp-content\/uploads\/2022\/11\/avatar-rmcr-96x96.png","url":"https:\/\/www.rmcr.org\/wp-content\/uploads\/2022\/11\/avatar-rmcr-96x96.png","contentUrl":"https:\/\/www.rmcr.org\/wp-content\/uploads\/2022\/11\/avatar-rmcr-96x96.png","caption":"ESCUELA"},"url":"https:\/\/www.rmcr.org\/en\/author\/rocio-hidalgo\/"}]}},"_links":{"self":[{"href":"https:\/\/www.rmcr.org\/en\/wp-json\/wp\/v2\/posts\/5976","targetHints":{"allow":["GET"]}}],"collection":[{"href":"https:\/\/www.rmcr.org\/en\/wp-json\/wp\/v2\/posts"}],"about":[{"href":"https:\/\/www.rmcr.org\/en\/wp-json\/wp\/v2\/types\/post"}],"author":[{"embeddable":true,"href":"https:\/\/www.rmcr.org\/en\/wp-json\/wp\/v2\/users\/11"}],"replies":[{"embeddable":true,"href":"https:\/\/www.rmcr.org\/en\/wp-json\/wp\/v2\/comments?post=5976"}],"version-history":[{"count":1,"href":"https:\/\/www.rmcr.org\/en\/wp-json\/wp\/v2\/posts\/5976\/revisions"}],"predecessor-version":[{"id":22628,"href":"https:\/\/www.rmcr.org\/en\/wp-json\/wp\/v2\/posts\/5976\/revisions\/22628"}],"wp:featuredmedia":[{"embeddable":true,"href":"https:\/\/www.rmcr.org\/en\/wp-json\/wp\/v2\/media\/6099"}],"wp:attachment":[{"href":"https:\/\/www.rmcr.org\/en\/wp-json\/wp\/v2\/media?parent=5976"}],"wp:term":[{"taxonomy":"category","embeddable":true,"href":"https:\/\/www.rmcr.org\/en\/wp-json\/wp\/v2\/categories?post=5976"},{"taxonomy":"post_tag","embeddable":true,"href":"https:\/\/www.rmcr.org\/en\/wp-json\/wp\/v2\/tags?post=5976"}],"curies":[{"name":"wp","href":"https:\/\/api.w.org\/{rel}","templated":true}]}}