{"id":5966,"date":"2020-06-16T10:51:23","date_gmt":"2020-06-16T10:51:23","guid":{"rendered":"https:\/\/www.rmcr.org\/?p=5966"},"modified":"2023-03-20T13:02:34","modified_gmt":"2023-03-20T13:02:34","slug":"severo-jurado-antiguo-alumno-inicia-un-nuevo-proyecto-en-dinamarca","status":"publish","type":"post","link":"https:\/\/www.rmcr.org\/en\/2020\/06\/16\/severo-jurado-antiguo-alumno-inicia-un-nuevo-proyecto-en-dinamarca\/","title":{"rendered":"Severo Jurado, antiguo alumno, inicia un nuevo proyecto en Dinamarca"},"content":{"rendered":"<p>Severo Jes\u00fas Jurado L\u00f3pez (Alg\u00e1mitas, Sevilla, 1988), jinete con una carrera internacional de primer nivel, se form\u00f3 en la Escuela de Equitaci\u00f3n de la Real Maestranza de Caballer\u00eda de Ronda.<\/p>\n<p>Su palmar\u00e9s lo avala. Logr\u00f3 dos diplomas ol\u00edmpicos en doma cl\u00e1sica en los Juegos Ol\u00edmpicos de R\u00edo 2016: un quinto puesto en el concurso individual y una s\u00e9ptima posici\u00f3n formando equipo con Beatriz Ferrer-Salat, Jos\u00e9 Daniel Mart\u00edn y Claudio Castilla.<\/p>\n<p>Su reinado en las categor\u00edas del Campeonato del Mundo de Caballos J\u00f3venes es espectacular, ya que tiene cuatro medallas doradas (D\u2019avie 2018, Fiontini 2015, 2016 y 2017) y una de bronce (Quel Filou, 2017), entre otras brillantes victorias.<\/p>\n<p>No hay que dejar atr\u00e1s su participaci\u00f3n en la gran final del CDIO 5* GP Freestyle de Aachen 2016, en una cita previa a los Juegos Ol\u00edmpicos, en la que consigui\u00f3 la m\u00e1xima puntuaci\u00f3n alcanzada hasta la fecha.<\/p>\n<p style=\"text-align:center;\"><a href=\"https:\/\/www.rmcr.org\/wp-content\/uploads\/2020\/06\/jurado-civitas-montenmedio-2008.jpg\"><img fetchpriority=\"high\" decoding=\"async\" class=\"alignnone size-large wp-image-1434\" src=\"https:\/\/www.rmcr.org\/wp-content\/uploads\/2020\/06\/jurado-civitas-montenmedio-2008.jpg?w=470\" alt=\"\" width=\"470\" height=\"360\"><\/a><\/p>\n<p style=\"text-align:center;\"><em>Severo Jurado y RMR Civitas en el Circuito del Sol, 2008. Foto J. Olivares. Archivo RMR<\/em><\/p>\n<p>Una vez graduado en Ronda, tard\u00f3 poco en salir de Espa\u00f1a. Su primera etapa en Alemania le sirvi\u00f3 para aumentar sus conocimientos. A continuaci\u00f3n, ingres\u00f3 en el elenco de jinetes de la famosa cuadra holandesa Van Olst, donde comenz\u00f3 a impulsar su carrera con caballos j\u00f3venes, debutando internacionalmente en un Gran Premio. En 2013 dio un paso m\u00e1s, al ingresar en la prestigiosa cuadra danesa Helgstrand Dressage donde se convirti\u00f3 en su jinete n\u00famero 1, y con la que ha catapultado su carrera cosechando los principales \u00e9xitos a lo largo de siete fruct\u00edferos a\u00f1os.<\/p>\n<p>En abril de 2020 ha decidido ir m\u00e1s all\u00e1, emprendiendo la aventura de un proyecto con su propia cuadra en Dinamarca. En una entrevista para el portal de noticias especializado en doma cl\u00e1sica de Lily Forado declar\u00f3: \u201cYo nunca he trabajado para m\u00ed. Desde que empec\u00e9 en la Escuela de Ronda, he trabajado de una cuadra a otra, de Alemania a Holanda, de Holanda a Dinamarca. Es una decisi\u00f3n que llevaba tiempo pensando y meditando, y claro, hay un d\u00eda que la tomas\u201d.<\/p>\n<p>Solo tiene palabras de agradecimiento para los a\u00f1os pasados en Helgstrand Dressage, pero est\u00e1 decidido e ilusionado con \u201cmi propia peque\u00f1a cuadra de entrenamiento\u201d. A partir de ahora tendr\u00e1 un calendario m\u00e1s despejado de competiciones para dedicarse a la formaci\u00f3n, y podr\u00e1 impartir clinics por todo el mundo.<\/p>\n<p><a href=\"https:\/\/www.rmcr.org\/wp-content\/uploads\/2020\/06\/jurado-becas-2015.jpg\"><img decoding=\"async\" class=\"size-large wp-image-1438 aligncenter\" src=\"https:\/\/www.rmcr.org\/wp-content\/uploads\/2020\/06\/jurado-becas-2015.jpg?w=470\" alt=\"\" width=\"470\" height=\"366\" srcset=\"https:\/\/www.rmcr.org\/wp-content\/uploads\/2020\/06\/jurado-becas-2015.jpg 500w, https:\/\/www.rmcr.org\/wp-content\/uploads\/2020\/06\/jurado-becas-2015-300x233.jpg 300w\" sizes=\"(max-width: 470px) 100vw, 470px\" \/><\/a><\/p>\n<p style=\"text-align:center;\"><em>Severo Jurado en la XVIII Ceremonia de Becas y Premios, 2015. Foto J.J. Pan. Archivo RMR<\/em><\/p>\n<p>Con el nuevo proyecto ya en marcha, solicitamos a Severo que contestara a un breve cuestionario, que reproducimos a continuaci\u00f3n. Desde la Real Maestranza de Caballer\u00eda de Ronda queremos agradecerle su colaboraci\u00f3n y desearle los mayores \u00e9xitos para el futuro.<\/p>\n<p><em>RMR : \u00bfC\u00f3mo te ha afectado en tu trabajo y vida cotidiana la pandemia provocada por el Covid-19?<\/em><\/p>\n<p>S.J. : En el trabajo diario no mucho, pero el que se hayan cancelado todas las competiciones s\u00ed, ya que ten\u00eda grandes proyectos para este a\u00f1o.<\/p>\n<p><em>\u00bfQu\u00e9 ense\u00f1anzas y recuerdos tienes de tu estancia como alumno en Ronda?<\/em><\/p>\n<p>Ronda fue la oportunidad de hacer de mi pasi\u00f3n mi profesi\u00f3n. Una de las ense\u00f1anzas que m\u00e1s me recuerda a la Escuela, y que mantengo mucho, es la limpieza del material y su organizaci\u00f3n.<\/p>\n<p><em>Despu\u00e9s de Ronda, \u00bfc\u00f3mo fueron tus siguientes etapas? <\/em><\/p>\n<p>Alemania, donde segu\u00ed con mi formaci\u00f3n; Holanda, donde aprend\u00ed a competir; y Dinamarca, donde he podido, junto con grandes caballos, ser yo y desarrollar m\u00e1s mi potencial.<\/p>\n<p><em>\u00bfDe qu\u00e9 actuaciones te sientes m\u00e1s satisfecho?<\/em><\/p>\n<p>De Aachen 2016 y los campeonatos del mundo de caballos j\u00f3venes.<\/p>\n<p><em>Has tenido varios caballos importantes. \u00bfPodr\u00edas describir sus caracter\u00edsticas, personalidades y virtudes?<\/em><\/p>\n<p>Lorenzo es distinto a los dem\u00e1s por su forma de hacer las cosas y no pasa desapercibido, es diferente. Deep Impact 3 es un caballo nacido para la doma, serio y correcto. Botticelli es muy talentoso, miedoso y muy expresivo. D&#8217;avie, muy bello, muy explosivo y, m\u00e1s que tener una virtud, no tiene un defecto. Fiontini es muy elegante, muy diva y su virtud es que nunca te falla.<\/p>\n<p><em>Como jinete y profesor, \u00bfqu\u00e9 aconsejas a tus alumnos para relacionarse mejor con sus caballos?<\/em><\/p>\n<p>Que los observen y que intenten entenderlos, solo as\u00ed se puede aprender a saber de caballos.<\/p>\n<p><em>\u00bfCon qu\u00e9 perspectivas afrontas tu nueva andadura profesional?<\/em><\/p>\n<p>Desde la calma, mi objetivo es disfrutar del d\u00eda a d\u00eda, y no solo de los cinco minutos de la pista de competici\u00f3n.<\/p>\n<p><em>\u00bfQu\u00e9 ventajas ofrece a los caballos tu nueva cuadra?<\/em><\/p>\n<p>Un trato personalizado a cada uno de ellos, ya que el n\u00famero es muy reducido.<\/p>\n<p><em>\u00bfCu\u00e1les son los puntos fuertes de los caballos que est\u00e1s criando, tanto en el aspecto morfol\u00f3gico como de montabilidad y manejabilidad?<\/em><\/p>\n<p>Son caballos con mucha fuerza, con personalidad, muy seguros de s\u00ed mismos, en general un poco cortos de dorso y no muy grandes, muy inteligentes, y por eso a veces algo dif\u00edciles en ciertos momentos de su entrenamiento.<\/p>\n<p><em>\u00bfQu\u00e9 consejo les dar\u00edas a los j\u00f3venes jinetes y amazonas que est\u00e1n cursando actualmente sus estudios en la Escuela de Equitaci\u00f3n de la Real Maestranza de Caballer\u00eda de Ronda? <\/em><\/p>\n<p>A los alumnos les dir\u00eda que no tengan prisas por terminar, y que aprovechen el tiempo all\u00ed. Que mantengan la mente abierta a cosas nuevas, pero que no vayan de un lado para otro sin sentido. Todo necesita de trabajo constante y paciencia.<\/p>\n<p>Desde aqu\u00ed quiero agradecer a la Real Maestranza de Caballer\u00eda de Ronda su labor tan necesaria en el mundo de la doma.<\/p>\n<p>\u00bf<em>Ha evolucionado la equitaci\u00f3n en Espa\u00f1a en estos \u00faltimos diez a\u00f1os?<\/em><\/p>\n<p>S\u00ed, mucho, quiz\u00e1s ha evolucionado m\u00e1s r\u00e1pido que los mismos jinetes para entenderla, pero es as\u00ed cuando hacemos cambios, hay un proceso para adaptarnos a ellos.<\/p>\n<p><em>\u00bfCu\u00e1ndo podremos verte dando un clinic en Espa\u00f1a?<\/em><\/p>\n<p>En cuanto pase la situaci\u00f3n actual y podamos viajar.<\/p>\n<p><iframe title=\"Severo Jurado &amp; Lorenzo - Freestyle 83.3% Aachen 2016\" width=\"800\" height=\"600\" src=\"https:\/\/www.youtube.com\/embed\/xROFuCSOXRg?feature=oembed\" frameborder=\"0\" allow=\"accelerometer; autoplay; clipboard-write; encrypted-media; gyroscope; picture-in-picture\" allowfullscreen><\/iframe><\/p>\n<p style=\"text-align:center;\"><em>Severo Jurado y Lorenzo en el CDIO5* Aachen, 2016. V\u00eddeo de Youtube<\/em><\/p>\n","protected":false},"excerpt":{"rendered":"<p>Severo Jes\u00fas Jurado L\u00f3pez (Alg\u00e1mitas, Sevilla, 1988), jinete con una carrera internacional de primer nivel, se form\u00f3 en la Escuela de Equitaci\u00f3n de la Real Maestranza de Caballer\u00eda de Ronda.<\/p>\n<p>Su palmar\u00e9s lo avala. Logr\u00f3 dos diplomas ol\u00edmpicos en doma cl\u00e1sica en los Juegos Ol\u00edmpicos de R\u00edo 2016: un quinto puesto en el concurso individual y una s\u00e9ptima posici\u00f3n formando equipo con Beatriz Ferrer-Salat, Jos\u00e9 Daniel Mart\u00edn y Claudio Castilla.<\/p>\n","protected":false},"author":7,"featured_media":1444,"comment_status":"closed","ping_status":"open","sticky":false,"template":"","format":"standard","meta":{"footnotes":""},"categories":[56,42],"tags":[74,94],"class_list":["post-5966","post","type-post","status-publish","format-standard","has-post-thumbnail","hentry","category-escuela-de-equitacion","category-jinete-profesor","tag-alumnos","tag-severo-jurado"],"yoast_head":"<!-- This site is optimized with the Yoast SEO plugin v27.5 - https:\/\/yoast.com\/product\/yoast-seo-wordpress\/ -->\n<title>Severo Jurado, antiguo alumno, inicia un nuevo proyecto en Dinamarca - Real Maestranza de Caballer\u00eda de Ronda<\/title>\n<meta name=\"robots\" content=\"index, follow, max-snippet:-1, max-image-preview:large, max-video-preview:-1\" \/>\n<link rel=\"canonical\" href=\"https:\/\/www.rmcr.org\/en\/2020\/06\/16\/severo-jurado-antiguo-alumno-inicia-un-nuevo-proyecto-en-dinamarca\/\" \/>\n<meta property=\"og:locale\" content=\"en_US\" \/>\n<meta property=\"og:type\" content=\"article\" \/>\n<meta property=\"og:title\" content=\"Severo Jurado, antiguo alumno, inicia un nuevo proyecto en Dinamarca - Real Maestranza de Caballer\u00eda de Ronda\" \/>\n<meta property=\"og:description\" content=\"Severo Jes\u00fas Jurado L\u00f3pez (Alg\u00e1mitas, Sevilla, 1988), jinete con una carrera internacional de primer nivel, se form\u00f3 en la Escuela de Equitaci\u00f3n de la Real Maestranza de Caballer\u00eda de Ronda. Su palmar\u00e9s lo avala. Logr\u00f3 dos diplomas ol\u00edmpicos en doma cl\u00e1sica en los Juegos Ol\u00edmpicos de R\u00edo 2016: un quinto puesto en el concurso individual y una s\u00e9ptima posici\u00f3n formando equipo con Beatriz Ferrer-Salat, Jos\u00e9 Daniel Mart\u00edn y Claudio Castilla.\" \/>\n<meta property=\"og:url\" content=\"https:\/\/www.rmcr.org\/en\/2020\/06\/16\/severo-jurado-antiguo-alumno-inicia-un-nuevo-proyecto-en-dinamarca\/\" \/>\n<meta property=\"og:site_name\" content=\"Real Maestranza de Caballer\u00eda de Ronda\" \/>\n<meta property=\"article:publisher\" content=\"https:\/\/www.facebook.com\/plazadetorosronda\" \/>\n<meta property=\"article:published_time\" content=\"2020-06-16T10:51:23+00:00\" \/>\n<meta property=\"article:modified_time\" content=\"2023-03-20T13:02:34+00:00\" \/>\n<meta property=\"og:image\" content=\"https:\/\/www.rmcr.org\/wp-content\/uploads\/2020\/06\/sev-jur-lop.jpg\" \/>\n\t<meta property=\"og:image:width\" content=\"482\" \/>\n\t<meta property=\"og:image:height\" content=\"143\" \/>\n\t<meta property=\"og:image:type\" content=\"image\/jpeg\" \/>\n<meta name=\"author\" content=\"RMCR\" \/>\n<meta name=\"twitter:card\" content=\"summary_large_image\" \/>\n<meta name=\"twitter:creator\" content=\"@PlazatorosRMR\" \/>\n<meta name=\"twitter:site\" content=\"@PlazatorosRMR\" \/>\n<meta name=\"twitter:label1\" content=\"Written by\" \/>\n\t<meta name=\"twitter:data1\" content=\"RMCR\" \/>\n\t<meta name=\"twitter:label2\" content=\"Est. reading time\" \/>\n\t<meta name=\"twitter:data2\" content=\"5 minutes\" \/>\n<script type=\"application\/ld+json\" class=\"yoast-schema-graph\">{\"@context\":\"https:\\\/\\\/schema.org\",\"@graph\":[{\"@type\":\"Article\",\"@id\":\"https:\\\/\\\/www.rmcr.org\\\/en\\\/2020\\\/06\\\/16\\\/severo-jurado-antiguo-alumno-inicia-un-nuevo-proyecto-en-dinamarca\\\/#article\",\"isPartOf\":{\"@id\":\"https:\\\/\\\/www.rmcr.org\\\/en\\\/2020\\\/06\\\/16\\\/severo-jurado-antiguo-alumno-inicia-un-nuevo-proyecto-en-dinamarca\\\/\"},\"author\":{\"name\":\"RMCR\",\"@id\":\"https:\\\/\\\/www.rmcr.org\\\/en\\\/#\\\/schema\\\/person\\\/7ddd0dafda7edd0e407157f93a56df4f\"},\"headline\":\"Severo Jurado, antiguo alumno, inicia un nuevo proyecto en Dinamarca\",\"datePublished\":\"2020-06-16T10:51:23+00:00\",\"dateModified\":\"2023-03-20T13:02:34+00:00\",\"mainEntityOfPage\":{\"@id\":\"https:\\\/\\\/www.rmcr.org\\\/en\\\/2020\\\/06\\\/16\\\/severo-jurado-antiguo-alumno-inicia-un-nuevo-proyecto-en-dinamarca\\\/\"},\"wordCount\":1058,\"publisher\":{\"@id\":\"https:\\\/\\\/www.rmcr.org\\\/en\\\/#organization\"},\"image\":{\"@id\":\"https:\\\/\\\/www.rmcr.org\\\/en\\\/2020\\\/06\\\/16\\\/severo-jurado-antiguo-alumno-inicia-un-nuevo-proyecto-en-dinamarca\\\/#primaryimage\"},\"thumbnailUrl\":\"https:\\\/\\\/www.rmcr.org\\\/wp-content\\\/uploads\\\/2020\\\/06\\\/sev-jur-lop.jpg\",\"keywords\":[\"Alumnos\",\"Severo Jurado\"],\"articleSection\":[\"Escuela de Equitaci\u00f3n\",\"Jinete Profesor\"],\"inLanguage\":\"en-US\"},{\"@type\":\"WebPage\",\"@id\":\"https:\\\/\\\/www.rmcr.org\\\/en\\\/2020\\\/06\\\/16\\\/severo-jurado-antiguo-alumno-inicia-un-nuevo-proyecto-en-dinamarca\\\/\",\"url\":\"https:\\\/\\\/www.rmcr.org\\\/en\\\/2020\\\/06\\\/16\\\/severo-jurado-antiguo-alumno-inicia-un-nuevo-proyecto-en-dinamarca\\\/\",\"name\":\"Severo Jurado, antiguo alumno, inicia un nuevo proyecto en Dinamarca - Real Maestranza de Caballer\u00eda de Ronda\",\"isPartOf\":{\"@id\":\"https:\\\/\\\/www.rmcr.org\\\/en\\\/#website\"},\"primaryImageOfPage\":{\"@id\":\"https:\\\/\\\/www.rmcr.org\\\/en\\\/2020\\\/06\\\/16\\\/severo-jurado-antiguo-alumno-inicia-un-nuevo-proyecto-en-dinamarca\\\/#primaryimage\"},\"image\":{\"@id\":\"https:\\\/\\\/www.rmcr.org\\\/en\\\/2020\\\/06\\\/16\\\/severo-jurado-antiguo-alumno-inicia-un-nuevo-proyecto-en-dinamarca\\\/#primaryimage\"},\"thumbnailUrl\":\"https:\\\/\\\/www.rmcr.org\\\/wp-content\\\/uploads\\\/2020\\\/06\\\/sev-jur-lop.jpg\",\"datePublished\":\"2020-06-16T10:51:23+00:00\",\"dateModified\":\"2023-03-20T13:02:34+00:00\",\"breadcrumb\":{\"@id\":\"https:\\\/\\\/www.rmcr.org\\\/en\\\/2020\\\/06\\\/16\\\/severo-jurado-antiguo-alumno-inicia-un-nuevo-proyecto-en-dinamarca\\\/#breadcrumb\"},\"inLanguage\":\"en-US\",\"potentialAction\":[{\"@type\":\"ReadAction\",\"target\":[\"https:\\\/\\\/www.rmcr.org\\\/en\\\/2020\\\/06\\\/16\\\/severo-jurado-antiguo-alumno-inicia-un-nuevo-proyecto-en-dinamarca\\\/\"]}]},{\"@type\":\"ImageObject\",\"inLanguage\":\"en-US\",\"@id\":\"https:\\\/\\\/www.rmcr.org\\\/en\\\/2020\\\/06\\\/16\\\/severo-jurado-antiguo-alumno-inicia-un-nuevo-proyecto-en-dinamarca\\\/#primaryimage\",\"url\":\"https:\\\/\\\/www.rmcr.org\\\/wp-content\\\/uploads\\\/2020\\\/06\\\/sev-jur-lop.jpg\",\"contentUrl\":\"https:\\\/\\\/www.rmcr.org\\\/wp-content\\\/uploads\\\/2020\\\/06\\\/sev-jur-lop.jpg\",\"width\":482,\"height\":143},{\"@type\":\"BreadcrumbList\",\"@id\":\"https:\\\/\\\/www.rmcr.org\\\/en\\\/2020\\\/06\\\/16\\\/severo-jurado-antiguo-alumno-inicia-un-nuevo-proyecto-en-dinamarca\\\/#breadcrumb\",\"itemListElement\":[{\"@type\":\"ListItem\",\"position\":1,\"name\":\"REAL MAESTRANZA DE CABALLER\u00cdA DE RONDA\",\"item\":\"https:\\\/\\\/www.rmcr.org\\\/en\\\/\"},{\"@type\":\"ListItem\",\"position\":2,\"name\":\"Severo Jurado, antiguo alumno, inicia un nuevo proyecto en Dinamarca\"}]},{\"@type\":\"WebSite\",\"@id\":\"https:\\\/\\\/www.rmcr.org\\\/en\\\/#website\",\"url\":\"https:\\\/\\\/www.rmcr.org\\\/en\\\/\",\"name\":\"Real Maestranza de Caballer\u00eda de Ronda\",\"description\":\"Real Maestranza de Caballer\u00eda de Ronda\",\"publisher\":{\"@id\":\"https:\\\/\\\/www.rmcr.org\\\/en\\\/#organization\"},\"alternateName\":\"RMCR\",\"potentialAction\":[{\"@type\":\"SearchAction\",\"target\":{\"@type\":\"EntryPoint\",\"urlTemplate\":\"https:\\\/\\\/www.rmcr.org\\\/en\\\/?s={search_term_string}\"},\"query-input\":{\"@type\":\"PropertyValueSpecification\",\"valueRequired\":true,\"valueName\":\"search_term_string\"}}],\"inLanguage\":\"en-US\"},{\"@type\":\"Organization\",\"@id\":\"https:\\\/\\\/www.rmcr.org\\\/en\\\/#organization\",\"name\":\"Real Maestranza de Caballer\u00eda de Ronda\",\"alternateName\":\"RMR\",\"url\":\"https:\\\/\\\/www.rmcr.org\\\/en\\\/\",\"logo\":{\"@type\":\"ImageObject\",\"inLanguage\":\"en-US\",\"@id\":\"https:\\\/\\\/www.rmcr.org\\\/en\\\/#\\\/schema\\\/logo\\\/image\\\/\",\"url\":\"https:\\\/\\\/www.rmcr.org\\\/wp-content\\\/uploads\\\/2022\\\/07\\\/logo-rmr-blue.svg\",\"contentUrl\":\"https:\\\/\\\/www.rmcr.org\\\/wp-content\\\/uploads\\\/2022\\\/07\\\/logo-rmr-blue.svg\",\"width\":131,\"height\":129,\"caption\":\"Real Maestranza de Caballer\u00eda de Ronda\"},\"image\":{\"@id\":\"https:\\\/\\\/www.rmcr.org\\\/en\\\/#\\\/schema\\\/logo\\\/image\\\/\"},\"sameAs\":[\"https:\\\/\\\/www.facebook.com\\\/plazadetorosronda\",\"https:\\\/\\\/x.com\\\/PlazatorosRMR\",\"https:\\\/\\\/www.instagram.com\\\/realmaestranzaderonda\\\/\",\"https:\\\/\\\/www.youtube.com\\\/channel\\\/UCrbO5IUN-8v_QML739vM4zg\\\/videos\"]},{\"@type\":\"Person\",\"@id\":\"https:\\\/\\\/www.rmcr.org\\\/en\\\/#\\\/schema\\\/person\\\/7ddd0dafda7edd0e407157f93a56df4f\",\"name\":\"RMCR\",\"image\":{\"@type\":\"ImageObject\",\"inLanguage\":\"en-US\",\"@id\":\"https:\\\/\\\/secure.gravatar.com\\\/avatar\\\/adb75798b50800c24baa6a8706037b9469998c49eddeb95935f50f633cff80bb?s=96&d=mm&r=g\",\"url\":\"https:\\\/\\\/secure.gravatar.com\\\/avatar\\\/adb75798b50800c24baa6a8706037b9469998c49eddeb95935f50f633cff80bb?s=96&d=mm&r=g\",\"contentUrl\":\"https:\\\/\\\/secure.gravatar.com\\\/avatar\\\/adb75798b50800c24baa6a8706037b9469998c49eddeb95935f50f633cff80bb?s=96&d=mm&r=g\",\"caption\":\"RMCR\"},\"url\":\"https:\\\/\\\/www.rmcr.org\\\/en\\\/author\\\/bitniks77\\\/\"}]}<\/script>\n<!-- \/ Yoast SEO plugin. -->","yoast_head_json":{"title":"Severo Jurado, antiguo alumno, inicia un nuevo proyecto en Dinamarca - Real Maestranza de Caballer\u00eda de Ronda","robots":{"index":"index","follow":"follow","max-snippet":"max-snippet:-1","max-image-preview":"max-image-preview:large","max-video-preview":"max-video-preview:-1"},"canonical":"https:\/\/www.rmcr.org\/en\/2020\/06\/16\/severo-jurado-antiguo-alumno-inicia-un-nuevo-proyecto-en-dinamarca\/","og_locale":"en_US","og_type":"article","og_title":"Severo Jurado, antiguo alumno, inicia un nuevo proyecto en Dinamarca - Real Maestranza de Caballer\u00eda de Ronda","og_description":"Severo Jes\u00fas Jurado L\u00f3pez (Alg\u00e1mitas, Sevilla, 1988), jinete con una carrera internacional de primer nivel, se form\u00f3 en la Escuela de Equitaci\u00f3n de la Real Maestranza de Caballer\u00eda de Ronda. Su palmar\u00e9s lo avala. Logr\u00f3 dos diplomas ol\u00edmpicos en doma cl\u00e1sica en los Juegos Ol\u00edmpicos de R\u00edo 2016: un quinto puesto en el concurso individual y una s\u00e9ptima posici\u00f3n formando equipo con Beatriz Ferrer-Salat, Jos\u00e9 Daniel Mart\u00edn y Claudio Castilla.","og_url":"https:\/\/www.rmcr.org\/en\/2020\/06\/16\/severo-jurado-antiguo-alumno-inicia-un-nuevo-proyecto-en-dinamarca\/","og_site_name":"Real Maestranza de Caballer\u00eda de Ronda","article_publisher":"https:\/\/www.facebook.com\/plazadetorosronda","article_published_time":"2020-06-16T10:51:23+00:00","article_modified_time":"2023-03-20T13:02:34+00:00","og_image":[{"width":482,"height":143,"url":"https:\/\/www.rmcr.org\/wp-content\/uploads\/2020\/06\/sev-jur-lop.jpg","type":"image\/jpeg"}],"author":"RMCR","twitter_card":"summary_large_image","twitter_creator":"@PlazatorosRMR","twitter_site":"@PlazatorosRMR","twitter_misc":{"Written by":"RMCR","Est. reading time":"5 minutes"},"schema":{"@context":"https:\/\/schema.org","@graph":[{"@type":"Article","@id":"https:\/\/www.rmcr.org\/en\/2020\/06\/16\/severo-jurado-antiguo-alumno-inicia-un-nuevo-proyecto-en-dinamarca\/#article","isPartOf":{"@id":"https:\/\/www.rmcr.org\/en\/2020\/06\/16\/severo-jurado-antiguo-alumno-inicia-un-nuevo-proyecto-en-dinamarca\/"},"author":{"name":"RMCR","@id":"https:\/\/www.rmcr.org\/en\/#\/schema\/person\/7ddd0dafda7edd0e407157f93a56df4f"},"headline":"Severo Jurado, antiguo alumno, inicia un nuevo proyecto en Dinamarca","datePublished":"2020-06-16T10:51:23+00:00","dateModified":"2023-03-20T13:02:34+00:00","mainEntityOfPage":{"@id":"https:\/\/www.rmcr.org\/en\/2020\/06\/16\/severo-jurado-antiguo-alumno-inicia-un-nuevo-proyecto-en-dinamarca\/"},"wordCount":1058,"publisher":{"@id":"https:\/\/www.rmcr.org\/en\/#organization"},"image":{"@id":"https:\/\/www.rmcr.org\/en\/2020\/06\/16\/severo-jurado-antiguo-alumno-inicia-un-nuevo-proyecto-en-dinamarca\/#primaryimage"},"thumbnailUrl":"https:\/\/www.rmcr.org\/wp-content\/uploads\/2020\/06\/sev-jur-lop.jpg","keywords":["Alumnos","Severo Jurado"],"articleSection":["Escuela de Equitaci\u00f3n","Jinete Profesor"],"inLanguage":"en-US"},{"@type":"WebPage","@id":"https:\/\/www.rmcr.org\/en\/2020\/06\/16\/severo-jurado-antiguo-alumno-inicia-un-nuevo-proyecto-en-dinamarca\/","url":"https:\/\/www.rmcr.org\/en\/2020\/06\/16\/severo-jurado-antiguo-alumno-inicia-un-nuevo-proyecto-en-dinamarca\/","name":"Severo Jurado, antiguo alumno, inicia un nuevo proyecto en Dinamarca - Real Maestranza de Caballer\u00eda de Ronda","isPartOf":{"@id":"https:\/\/www.rmcr.org\/en\/#website"},"primaryImageOfPage":{"@id":"https:\/\/www.rmcr.org\/en\/2020\/06\/16\/severo-jurado-antiguo-alumno-inicia-un-nuevo-proyecto-en-dinamarca\/#primaryimage"},"image":{"@id":"https:\/\/www.rmcr.org\/en\/2020\/06\/16\/severo-jurado-antiguo-alumno-inicia-un-nuevo-proyecto-en-dinamarca\/#primaryimage"},"thumbnailUrl":"https:\/\/www.rmcr.org\/wp-content\/uploads\/2020\/06\/sev-jur-lop.jpg","datePublished":"2020-06-16T10:51:23+00:00","dateModified":"2023-03-20T13:02:34+00:00","breadcrumb":{"@id":"https:\/\/www.rmcr.org\/en\/2020\/06\/16\/severo-jurado-antiguo-alumno-inicia-un-nuevo-proyecto-en-dinamarca\/#breadcrumb"},"inLanguage":"en-US","potentialAction":[{"@type":"ReadAction","target":["https:\/\/www.rmcr.org\/en\/2020\/06\/16\/severo-jurado-antiguo-alumno-inicia-un-nuevo-proyecto-en-dinamarca\/"]}]},{"@type":"ImageObject","inLanguage":"en-US","@id":"https:\/\/www.rmcr.org\/en\/2020\/06\/16\/severo-jurado-antiguo-alumno-inicia-un-nuevo-proyecto-en-dinamarca\/#primaryimage","url":"https:\/\/www.rmcr.org\/wp-content\/uploads\/2020\/06\/sev-jur-lop.jpg","contentUrl":"https:\/\/www.rmcr.org\/wp-content\/uploads\/2020\/06\/sev-jur-lop.jpg","width":482,"height":143},{"@type":"BreadcrumbList","@id":"https:\/\/www.rmcr.org\/en\/2020\/06\/16\/severo-jurado-antiguo-alumno-inicia-un-nuevo-proyecto-en-dinamarca\/#breadcrumb","itemListElement":[{"@type":"ListItem","position":1,"name":"REAL MAESTRANZA DE CABALLER\u00cdA DE RONDA","item":"https:\/\/www.rmcr.org\/en\/"},{"@type":"ListItem","position":2,"name":"Severo Jurado, antiguo alumno, inicia un nuevo proyecto en Dinamarca"}]},{"@type":"WebSite","@id":"https:\/\/www.rmcr.org\/en\/#website","url":"https:\/\/www.rmcr.org\/en\/","name":"Real Maestranza de Caballer\u00eda de Ronda","description":"Real Maestranza de Caballer\u00eda de Ronda","publisher":{"@id":"https:\/\/www.rmcr.org\/en\/#organization"},"alternateName":"RMCR","potentialAction":[{"@type":"SearchAction","target":{"@type":"EntryPoint","urlTemplate":"https:\/\/www.rmcr.org\/en\/?s={search_term_string}"},"query-input":{"@type":"PropertyValueSpecification","valueRequired":true,"valueName":"search_term_string"}}],"inLanguage":"en-US"},{"@type":"Organization","@id":"https:\/\/www.rmcr.org\/en\/#organization","name":"Real Maestranza de Caballer\u00eda de Ronda","alternateName":"RMR","url":"https:\/\/www.rmcr.org\/en\/","logo":{"@type":"ImageObject","inLanguage":"en-US","@id":"https:\/\/www.rmcr.org\/en\/#\/schema\/logo\/image\/","url":"https:\/\/www.rmcr.org\/wp-content\/uploads\/2022\/07\/logo-rmr-blue.svg","contentUrl":"https:\/\/www.rmcr.org\/wp-content\/uploads\/2022\/07\/logo-rmr-blue.svg","width":131,"height":129,"caption":"Real Maestranza de Caballer\u00eda de Ronda"},"image":{"@id":"https:\/\/www.rmcr.org\/en\/#\/schema\/logo\/image\/"},"sameAs":["https:\/\/www.facebook.com\/plazadetorosronda","https:\/\/x.com\/PlazatorosRMR","https:\/\/www.instagram.com\/realmaestranzaderonda\/","https:\/\/www.youtube.com\/channel\/UCrbO5IUN-8v_QML739vM4zg\/videos"]},{"@type":"Person","@id":"https:\/\/www.rmcr.org\/en\/#\/schema\/person\/7ddd0dafda7edd0e407157f93a56df4f","name":"RMCR","image":{"@type":"ImageObject","inLanguage":"en-US","@id":"https:\/\/secure.gravatar.com\/avatar\/adb75798b50800c24baa6a8706037b9469998c49eddeb95935f50f633cff80bb?s=96&d=mm&r=g","url":"https:\/\/secure.gravatar.com\/avatar\/adb75798b50800c24baa6a8706037b9469998c49eddeb95935f50f633cff80bb?s=96&d=mm&r=g","contentUrl":"https:\/\/secure.gravatar.com\/avatar\/adb75798b50800c24baa6a8706037b9469998c49eddeb95935f50f633cff80bb?s=96&d=mm&r=g","caption":"RMCR"},"url":"https:\/\/www.rmcr.org\/en\/author\/bitniks77\/"}]}},"_links":{"self":[{"href":"https:\/\/www.rmcr.org\/en\/wp-json\/wp\/v2\/posts\/5966","targetHints":{"allow":["GET"]}}],"collection":[{"href":"https:\/\/www.rmcr.org\/en\/wp-json\/wp\/v2\/posts"}],"about":[{"href":"https:\/\/www.rmcr.org\/en\/wp-json\/wp\/v2\/types\/post"}],"author":[{"embeddable":true,"href":"https:\/\/www.rmcr.org\/en\/wp-json\/wp\/v2\/users\/7"}],"replies":[{"embeddable":true,"href":"https:\/\/www.rmcr.org\/en\/wp-json\/wp\/v2\/comments?post=5966"}],"version-history":[{"count":2,"href":"https:\/\/www.rmcr.org\/en\/wp-json\/wp\/v2\/posts\/5966\/revisions"}],"predecessor-version":[{"id":15824,"href":"https:\/\/www.rmcr.org\/en\/wp-json\/wp\/v2\/posts\/5966\/revisions\/15824"}],"wp:featuredmedia":[{"embeddable":true,"href":"https:\/\/www.rmcr.org\/en\/wp-json\/wp\/v2\/media\/1444"}],"wp:attachment":[{"href":"https:\/\/www.rmcr.org\/en\/wp-json\/wp\/v2\/media?parent=5966"}],"wp:term":[{"taxonomy":"category","embeddable":true,"href":"https:\/\/www.rmcr.org\/en\/wp-json\/wp\/v2\/categories?post=5966"},{"taxonomy":"post_tag","embeddable":true,"href":"https:\/\/www.rmcr.org\/en\/wp-json\/wp\/v2\/tags?post=5966"}],"curies":[{"name":"wp","href":"https:\/\/api.w.org\/{rel}","templated":true}]}}