{"id":5965,"date":"2020-03-31T17:36:57","date_gmt":"2020-03-31T17:36:57","guid":{"rendered":"https:\/\/www.rmcr.org\/?p=5965"},"modified":"2020-03-31T17:36:57","modified_gmt":"2020-03-31T17:36:57","slug":"comunicado-escuela-de-equitacion-de-la-real-maestranza-de-caballeria-de-ronda","status":"publish","type":"post","link":"https:\/\/www.rmcr.org\/en\/2020\/03\/31\/comunicado-escuela-de-equitacion-de-la-real-maestranza-de-caballeria-de-ronda\/","title":{"rendered":"Comunicado Escuela de Equitaci\u00f3n de la Real Maestranza de Caballer\u00eda de Ronda"},"content":{"rendered":"<p><span style=\"font-weight:400;\">Debido a la situaci\u00f3n actual causada por COVID-19 y en consecuencia por el Real Decreto del 15 de marzo de 2020 que establece estado de alerta hasta el 12 de abril, y ante la incertidumbre de la situaci\u00f3n que habr\u00e1 en fechas posteriores, la Real Maestranza de Caballer\u00eda de Ronda suspende temporalmente los cursos de formaci\u00f3n de su Escuela de Equitaci\u00f3n hasta nuevo aviso. La reanudaci\u00f3n del normal funcionamiento de la Escuela se comunicar\u00e1 en su momento con los plazos y calendario de acuerdo con lo establecido por la autoridad competente.\u00a0<\/span><\/p>\n<p><span style=\"font-weight:400;\">La Real Maestranza de Caballer\u00eda de Ronda centra sus esfuerzos actuales en el bienestar de los caballos. Con este objetivo se ha dise\u00f1ado un horario para su cuidado que lleva a cabo el personal de la Real Maestranza.<\/span><\/p>\n<p><img fetchpriority=\"high\" decoding=\"async\" class=\"alignnone size-full wp-image-1423\" src=\"https:\/\/www.rmcr.org\/wp-content\/uploads\/2020\/03\/rmr_comunicado.jpg\" alt=\"RMR_Comunicado\" width=\"1769\" height=\"1181\" \/><\/p>\n","protected":false},"excerpt":{"rendered":"<p>Debido a la situaci\u00f3n actual causada por COVID-19 y en consecuencia por el Real Decreto del 15 de marzo de 2020 que establece estado de alerta hasta el 12 de abril, y ante la incertidumbre de la situaci\u00f3n que habr\u00e1 en fechas posteriores, la Real Maestranza de Caballer\u00eda de Ronda suspende temporalmente los cursos de [&hellip;]<\/p>\n","protected":false},"author":7,"featured_media":1424,"comment_status":"closed","ping_status":"open","sticky":false,"template":"","format":"standard","meta":{"footnotes":""},"categories":[56],"tags":[],"class_list":["post-5965","post","type-post","status-publish","format-standard","has-post-thumbnail","hentry","category-escuela-de-equitacion"],"yoast_head":"<!-- This site is optimized with the Yoast SEO plugin v27.5 - https:\/\/yoast.com\/product\/yoast-seo-wordpress\/ -->\n<title>Comunicado Escuela de Equitaci\u00f3n de la Real Maestranza de Caballer\u00eda de Ronda - Real Maestranza de Caballer\u00eda de Ronda<\/title>\n<meta name=\"robots\" content=\"index, follow, max-snippet:-1, max-image-preview:large, max-video-preview:-1\" \/>\n<link rel=\"canonical\" href=\"https:\/\/www.rmcr.org\/en\/2020\/03\/31\/comunicado-escuela-de-equitacion-de-la-real-maestranza-de-caballeria-de-ronda\/\" \/>\n<meta property=\"og:locale\" content=\"en_US\" \/>\n<meta property=\"og:type\" content=\"article\" \/>\n<meta property=\"og:title\" content=\"Comunicado Escuela de Equitaci\u00f3n de la Real Maestranza de Caballer\u00eda de Ronda - Real Maestranza de Caballer\u00eda de Ronda\" \/>\n<meta property=\"og:description\" content=\"Debido a la situaci\u00f3n actual causada por COVID-19 y en consecuencia por el Real Decreto del 15 de marzo de 2020 que establece estado de alerta hasta el 12 de abril, y ante la incertidumbre de la situaci\u00f3n que habr\u00e1 en fechas posteriores, la Real Maestranza de Caballer\u00eda de Ronda suspende temporalmente los cursos de [&hellip;]\" \/>\n<meta property=\"og:url\" content=\"https:\/\/www.rmcr.org\/en\/2020\/03\/31\/comunicado-escuela-de-equitacion-de-la-real-maestranza-de-caballeria-de-ronda\/\" \/>\n<meta property=\"og:site_name\" content=\"Real Maestranza de Caballer\u00eda de Ronda\" \/>\n<meta property=\"article:publisher\" content=\"https:\/\/www.facebook.com\/plazadetorosronda\" \/>\n<meta property=\"article:published_time\" content=\"2020-03-31T17:36:57+00:00\" \/>\n<meta property=\"og:image\" content=\"https:\/\/www.rmcr.org\/wp-content\/uploads\/2020\/03\/portada.png\" \/>\n\t<meta property=\"og:image:width\" content=\"482\" \/>\n\t<meta property=\"og:image:height\" content=\"155\" \/>\n\t<meta property=\"og:image:type\" content=\"image\/png\" \/>\n<meta name=\"author\" content=\"RMCR\" \/>\n<meta name=\"twitter:card\" content=\"summary_large_image\" \/>\n<meta name=\"twitter:creator\" content=\"@PlazatorosRMR\" \/>\n<meta name=\"twitter:site\" content=\"@PlazatorosRMR\" \/>\n<meta name=\"twitter:label1\" content=\"Written by\" \/>\n\t<meta name=\"twitter:data1\" content=\"RMCR\" \/>\n\t<meta name=\"twitter:label2\" content=\"Est. reading time\" \/>\n\t<meta name=\"twitter:data2\" content=\"1 minute\" \/>\n<script type=\"application\/ld+json\" class=\"yoast-schema-graph\">{\"@context\":\"https:\\\/\\\/schema.org\",\"@graph\":[{\"@type\":\"Article\",\"@id\":\"https:\\\/\\\/www.rmcr.org\\\/en\\\/2020\\\/03\\\/31\\\/comunicado-escuela-de-equitacion-de-la-real-maestranza-de-caballeria-de-ronda\\\/#article\",\"isPartOf\":{\"@id\":\"https:\\\/\\\/www.rmcr.org\\\/en\\\/2020\\\/03\\\/31\\\/comunicado-escuela-de-equitacion-de-la-real-maestranza-de-caballeria-de-ronda\\\/\"},\"author\":{\"name\":\"RMCR\",\"@id\":\"https:\\\/\\\/www.rmcr.org\\\/en\\\/#\\\/schema\\\/person\\\/7ddd0dafda7edd0e407157f93a56df4f\"},\"headline\":\"Comunicado Escuela de Equitaci\u00f3n de la Real Maestranza de Caballer\u00eda de Ronda\",\"datePublished\":\"2020-03-31T17:36:57+00:00\",\"mainEntityOfPage\":{\"@id\":\"https:\\\/\\\/www.rmcr.org\\\/en\\\/2020\\\/03\\\/31\\\/comunicado-escuela-de-equitacion-de-la-real-maestranza-de-caballeria-de-ronda\\\/\"},\"wordCount\":148,\"publisher\":{\"@id\":\"https:\\\/\\\/www.rmcr.org\\\/en\\\/#organization\"},\"image\":{\"@id\":\"https:\\\/\\\/www.rmcr.org\\\/en\\\/2020\\\/03\\\/31\\\/comunicado-escuela-de-equitacion-de-la-real-maestranza-de-caballeria-de-ronda\\\/#primaryimage\"},\"thumbnailUrl\":\"https:\\\/\\\/www.rmcr.org\\\/wp-content\\\/uploads\\\/2020\\\/03\\\/portada.png\",\"articleSection\":[\"Escuela de Equitaci\u00f3n\"],\"inLanguage\":\"en-US\"},{\"@type\":\"WebPage\",\"@id\":\"https:\\\/\\\/www.rmcr.org\\\/en\\\/2020\\\/03\\\/31\\\/comunicado-escuela-de-equitacion-de-la-real-maestranza-de-caballeria-de-ronda\\\/\",\"url\":\"https:\\\/\\\/www.rmcr.org\\\/en\\\/2020\\\/03\\\/31\\\/comunicado-escuela-de-equitacion-de-la-real-maestranza-de-caballeria-de-ronda\\\/\",\"name\":\"Comunicado Escuela de Equitaci\u00f3n de la Real Maestranza de Caballer\u00eda de Ronda - Real Maestranza de Caballer\u00eda de Ronda\",\"isPartOf\":{\"@id\":\"https:\\\/\\\/www.rmcr.org\\\/en\\\/#website\"},\"primaryImageOfPage\":{\"@id\":\"https:\\\/\\\/www.rmcr.org\\\/en\\\/2020\\\/03\\\/31\\\/comunicado-escuela-de-equitacion-de-la-real-maestranza-de-caballeria-de-ronda\\\/#primaryimage\"},\"image\":{\"@id\":\"https:\\\/\\\/www.rmcr.org\\\/en\\\/2020\\\/03\\\/31\\\/comunicado-escuela-de-equitacion-de-la-real-maestranza-de-caballeria-de-ronda\\\/#primaryimage\"},\"thumbnailUrl\":\"https:\\\/\\\/www.rmcr.org\\\/wp-content\\\/uploads\\\/2020\\\/03\\\/portada.png\",\"datePublished\":\"2020-03-31T17:36:57+00:00\",\"breadcrumb\":{\"@id\":\"https:\\\/\\\/www.rmcr.org\\\/en\\\/2020\\\/03\\\/31\\\/comunicado-escuela-de-equitacion-de-la-real-maestranza-de-caballeria-de-ronda\\\/#breadcrumb\"},\"inLanguage\":\"en-US\",\"potentialAction\":[{\"@type\":\"ReadAction\",\"target\":[\"https:\\\/\\\/www.rmcr.org\\\/en\\\/2020\\\/03\\\/31\\\/comunicado-escuela-de-equitacion-de-la-real-maestranza-de-caballeria-de-ronda\\\/\"]}]},{\"@type\":\"ImageObject\",\"inLanguage\":\"en-US\",\"@id\":\"https:\\\/\\\/www.rmcr.org\\\/en\\\/2020\\\/03\\\/31\\\/comunicado-escuela-de-equitacion-de-la-real-maestranza-de-caballeria-de-ronda\\\/#primaryimage\",\"url\":\"https:\\\/\\\/www.rmcr.org\\\/wp-content\\\/uploads\\\/2020\\\/03\\\/portada.png\",\"contentUrl\":\"https:\\\/\\\/www.rmcr.org\\\/wp-content\\\/uploads\\\/2020\\\/03\\\/portada.png\",\"width\":482,\"height\":155},{\"@type\":\"BreadcrumbList\",\"@id\":\"https:\\\/\\\/www.rmcr.org\\\/en\\\/2020\\\/03\\\/31\\\/comunicado-escuela-de-equitacion-de-la-real-maestranza-de-caballeria-de-ronda\\\/#breadcrumb\",\"itemListElement\":[{\"@type\":\"ListItem\",\"position\":1,\"name\":\"REAL MAESTRANZA DE CABALLER\u00cdA DE RONDA\",\"item\":\"https:\\\/\\\/www.rmcr.org\\\/en\\\/\"},{\"@type\":\"ListItem\",\"position\":2,\"name\":\"Comunicado Escuela de Equitaci\u00f3n de la Real Maestranza de Caballer\u00eda de Ronda\"}]},{\"@type\":\"WebSite\",\"@id\":\"https:\\\/\\\/www.rmcr.org\\\/en\\\/#website\",\"url\":\"https:\\\/\\\/www.rmcr.org\\\/en\\\/\",\"name\":\"Real Maestranza de Caballer\u00eda de Ronda\",\"description\":\"Real Maestranza de Caballer\u00eda de Ronda\",\"publisher\":{\"@id\":\"https:\\\/\\\/www.rmcr.org\\\/en\\\/#organization\"},\"alternateName\":\"RMCR\",\"potentialAction\":[{\"@type\":\"SearchAction\",\"target\":{\"@type\":\"EntryPoint\",\"urlTemplate\":\"https:\\\/\\\/www.rmcr.org\\\/en\\\/?s={search_term_string}\"},\"query-input\":{\"@type\":\"PropertyValueSpecification\",\"valueRequired\":true,\"valueName\":\"search_term_string\"}}],\"inLanguage\":\"en-US\"},{\"@type\":\"Organization\",\"@id\":\"https:\\\/\\\/www.rmcr.org\\\/en\\\/#organization\",\"name\":\"Real Maestranza de Caballer\u00eda de Ronda\",\"alternateName\":\"RMR\",\"url\":\"https:\\\/\\\/www.rmcr.org\\\/en\\\/\",\"logo\":{\"@type\":\"ImageObject\",\"inLanguage\":\"en-US\",\"@id\":\"https:\\\/\\\/www.rmcr.org\\\/en\\\/#\\\/schema\\\/logo\\\/image\\\/\",\"url\":\"https:\\\/\\\/www.rmcr.org\\\/wp-content\\\/uploads\\\/2022\\\/07\\\/logo-rmr-blue.svg\",\"contentUrl\":\"https:\\\/\\\/www.rmcr.org\\\/wp-content\\\/uploads\\\/2022\\\/07\\\/logo-rmr-blue.svg\",\"width\":131,\"height\":129,\"caption\":\"Real Maestranza de Caballer\u00eda de Ronda\"},\"image\":{\"@id\":\"https:\\\/\\\/www.rmcr.org\\\/en\\\/#\\\/schema\\\/logo\\\/image\\\/\"},\"sameAs\":[\"https:\\\/\\\/www.facebook.com\\\/plazadetorosronda\",\"https:\\\/\\\/x.com\\\/PlazatorosRMR\",\"https:\\\/\\\/www.instagram.com\\\/realmaestranzaderonda\\\/\",\"https:\\\/\\\/www.youtube.com\\\/channel\\\/UCrbO5IUN-8v_QML739vM4zg\\\/videos\"]},{\"@type\":\"Person\",\"@id\":\"https:\\\/\\\/www.rmcr.org\\\/en\\\/#\\\/schema\\\/person\\\/7ddd0dafda7edd0e407157f93a56df4f\",\"name\":\"RMCR\",\"image\":{\"@type\":\"ImageObject\",\"inLanguage\":\"en-US\",\"@id\":\"https:\\\/\\\/secure.gravatar.com\\\/avatar\\\/adb75798b50800c24baa6a8706037b9469998c49eddeb95935f50f633cff80bb?s=96&d=mm&r=g\",\"url\":\"https:\\\/\\\/secure.gravatar.com\\\/avatar\\\/adb75798b50800c24baa6a8706037b9469998c49eddeb95935f50f633cff80bb?s=96&d=mm&r=g\",\"contentUrl\":\"https:\\\/\\\/secure.gravatar.com\\\/avatar\\\/adb75798b50800c24baa6a8706037b9469998c49eddeb95935f50f633cff80bb?s=96&d=mm&r=g\",\"caption\":\"RMCR\"},\"url\":\"https:\\\/\\\/www.rmcr.org\\\/en\\\/author\\\/bitniks77\\\/\"}]}<\/script>\n<!-- \/ Yoast SEO plugin. -->","yoast_head_json":{"title":"Comunicado Escuela de Equitaci\u00f3n de la Real Maestranza de Caballer\u00eda de Ronda - Real Maestranza de Caballer\u00eda de Ronda","robots":{"index":"index","follow":"follow","max-snippet":"max-snippet:-1","max-image-preview":"max-image-preview:large","max-video-preview":"max-video-preview:-1"},"canonical":"https:\/\/www.rmcr.org\/en\/2020\/03\/31\/comunicado-escuela-de-equitacion-de-la-real-maestranza-de-caballeria-de-ronda\/","og_locale":"en_US","og_type":"article","og_title":"Comunicado Escuela de Equitaci\u00f3n de la Real Maestranza de Caballer\u00eda de Ronda - Real Maestranza de Caballer\u00eda de Ronda","og_description":"Debido a la situaci\u00f3n actual causada por COVID-19 y en consecuencia por el Real Decreto del 15 de marzo de 2020 que establece estado de alerta hasta el 12 de abril, y ante la incertidumbre de la situaci\u00f3n que habr\u00e1 en fechas posteriores, la Real Maestranza de Caballer\u00eda de Ronda suspende temporalmente los cursos de [&hellip;]","og_url":"https:\/\/www.rmcr.org\/en\/2020\/03\/31\/comunicado-escuela-de-equitacion-de-la-real-maestranza-de-caballeria-de-ronda\/","og_site_name":"Real Maestranza de Caballer\u00eda de Ronda","article_publisher":"https:\/\/www.facebook.com\/plazadetorosronda","article_published_time":"2020-03-31T17:36:57+00:00","og_image":[{"width":482,"height":155,"url":"https:\/\/www.rmcr.org\/wp-content\/uploads\/2020\/03\/portada.png","type":"image\/png"}],"author":"RMCR","twitter_card":"summary_large_image","twitter_creator":"@PlazatorosRMR","twitter_site":"@PlazatorosRMR","twitter_misc":{"Written by":"RMCR","Est. reading time":"1 minute"},"schema":{"@context":"https:\/\/schema.org","@graph":[{"@type":"Article","@id":"https:\/\/www.rmcr.org\/en\/2020\/03\/31\/comunicado-escuela-de-equitacion-de-la-real-maestranza-de-caballeria-de-ronda\/#article","isPartOf":{"@id":"https:\/\/www.rmcr.org\/en\/2020\/03\/31\/comunicado-escuela-de-equitacion-de-la-real-maestranza-de-caballeria-de-ronda\/"},"author":{"name":"RMCR","@id":"https:\/\/www.rmcr.org\/en\/#\/schema\/person\/7ddd0dafda7edd0e407157f93a56df4f"},"headline":"Comunicado Escuela de Equitaci\u00f3n de la Real Maestranza de Caballer\u00eda de Ronda","datePublished":"2020-03-31T17:36:57+00:00","mainEntityOfPage":{"@id":"https:\/\/www.rmcr.org\/en\/2020\/03\/31\/comunicado-escuela-de-equitacion-de-la-real-maestranza-de-caballeria-de-ronda\/"},"wordCount":148,"publisher":{"@id":"https:\/\/www.rmcr.org\/en\/#organization"},"image":{"@id":"https:\/\/www.rmcr.org\/en\/2020\/03\/31\/comunicado-escuela-de-equitacion-de-la-real-maestranza-de-caballeria-de-ronda\/#primaryimage"},"thumbnailUrl":"https:\/\/www.rmcr.org\/wp-content\/uploads\/2020\/03\/portada.png","articleSection":["Escuela de Equitaci\u00f3n"],"inLanguage":"en-US"},{"@type":"WebPage","@id":"https:\/\/www.rmcr.org\/en\/2020\/03\/31\/comunicado-escuela-de-equitacion-de-la-real-maestranza-de-caballeria-de-ronda\/","url":"https:\/\/www.rmcr.org\/en\/2020\/03\/31\/comunicado-escuela-de-equitacion-de-la-real-maestranza-de-caballeria-de-ronda\/","name":"Comunicado Escuela de Equitaci\u00f3n de la Real Maestranza de Caballer\u00eda de Ronda - Real Maestranza de Caballer\u00eda de Ronda","isPartOf":{"@id":"https:\/\/www.rmcr.org\/en\/#website"},"primaryImageOfPage":{"@id":"https:\/\/www.rmcr.org\/en\/2020\/03\/31\/comunicado-escuela-de-equitacion-de-la-real-maestranza-de-caballeria-de-ronda\/#primaryimage"},"image":{"@id":"https:\/\/www.rmcr.org\/en\/2020\/03\/31\/comunicado-escuela-de-equitacion-de-la-real-maestranza-de-caballeria-de-ronda\/#primaryimage"},"thumbnailUrl":"https:\/\/www.rmcr.org\/wp-content\/uploads\/2020\/03\/portada.png","datePublished":"2020-03-31T17:36:57+00:00","breadcrumb":{"@id":"https:\/\/www.rmcr.org\/en\/2020\/03\/31\/comunicado-escuela-de-equitacion-de-la-real-maestranza-de-caballeria-de-ronda\/#breadcrumb"},"inLanguage":"en-US","potentialAction":[{"@type":"ReadAction","target":["https:\/\/www.rmcr.org\/en\/2020\/03\/31\/comunicado-escuela-de-equitacion-de-la-real-maestranza-de-caballeria-de-ronda\/"]}]},{"@type":"ImageObject","inLanguage":"en-US","@id":"https:\/\/www.rmcr.org\/en\/2020\/03\/31\/comunicado-escuela-de-equitacion-de-la-real-maestranza-de-caballeria-de-ronda\/#primaryimage","url":"https:\/\/www.rmcr.org\/wp-content\/uploads\/2020\/03\/portada.png","contentUrl":"https:\/\/www.rmcr.org\/wp-content\/uploads\/2020\/03\/portada.png","width":482,"height":155},{"@type":"BreadcrumbList","@id":"https:\/\/www.rmcr.org\/en\/2020\/03\/31\/comunicado-escuela-de-equitacion-de-la-real-maestranza-de-caballeria-de-ronda\/#breadcrumb","itemListElement":[{"@type":"ListItem","position":1,"name":"REAL MAESTRANZA DE CABALLER\u00cdA DE RONDA","item":"https:\/\/www.rmcr.org\/en\/"},{"@type":"ListItem","position":2,"name":"Comunicado Escuela de Equitaci\u00f3n de la Real Maestranza de Caballer\u00eda de Ronda"}]},{"@type":"WebSite","@id":"https:\/\/www.rmcr.org\/en\/#website","url":"https:\/\/www.rmcr.org\/en\/","name":"Real Maestranza de Caballer\u00eda de Ronda","description":"Real Maestranza de Caballer\u00eda de Ronda","publisher":{"@id":"https:\/\/www.rmcr.org\/en\/#organization"},"alternateName":"RMCR","potentialAction":[{"@type":"SearchAction","target":{"@type":"EntryPoint","urlTemplate":"https:\/\/www.rmcr.org\/en\/?s={search_term_string}"},"query-input":{"@type":"PropertyValueSpecification","valueRequired":true,"valueName":"search_term_string"}}],"inLanguage":"en-US"},{"@type":"Organization","@id":"https:\/\/www.rmcr.org\/en\/#organization","name":"Real Maestranza de Caballer\u00eda de Ronda","alternateName":"RMR","url":"https:\/\/www.rmcr.org\/en\/","logo":{"@type":"ImageObject","inLanguage":"en-US","@id":"https:\/\/www.rmcr.org\/en\/#\/schema\/logo\/image\/","url":"https:\/\/www.rmcr.org\/wp-content\/uploads\/2022\/07\/logo-rmr-blue.svg","contentUrl":"https:\/\/www.rmcr.org\/wp-content\/uploads\/2022\/07\/logo-rmr-blue.svg","width":131,"height":129,"caption":"Real Maestranza de Caballer\u00eda de Ronda"},"image":{"@id":"https:\/\/www.rmcr.org\/en\/#\/schema\/logo\/image\/"},"sameAs":["https:\/\/www.facebook.com\/plazadetorosronda","https:\/\/x.com\/PlazatorosRMR","https:\/\/www.instagram.com\/realmaestranzaderonda\/","https:\/\/www.youtube.com\/channel\/UCrbO5IUN-8v_QML739vM4zg\/videos"]},{"@type":"Person","@id":"https:\/\/www.rmcr.org\/en\/#\/schema\/person\/7ddd0dafda7edd0e407157f93a56df4f","name":"RMCR","image":{"@type":"ImageObject","inLanguage":"en-US","@id":"https:\/\/secure.gravatar.com\/avatar\/adb75798b50800c24baa6a8706037b9469998c49eddeb95935f50f633cff80bb?s=96&d=mm&r=g","url":"https:\/\/secure.gravatar.com\/avatar\/adb75798b50800c24baa6a8706037b9469998c49eddeb95935f50f633cff80bb?s=96&d=mm&r=g","contentUrl":"https:\/\/secure.gravatar.com\/avatar\/adb75798b50800c24baa6a8706037b9469998c49eddeb95935f50f633cff80bb?s=96&d=mm&r=g","caption":"RMCR"},"url":"https:\/\/www.rmcr.org\/en\/author\/bitniks77\/"}]}},"_links":{"self":[{"href":"https:\/\/www.rmcr.org\/en\/wp-json\/wp\/v2\/posts\/5965","targetHints":{"allow":["GET"]}}],"collection":[{"href":"https:\/\/www.rmcr.org\/en\/wp-json\/wp\/v2\/posts"}],"about":[{"href":"https:\/\/www.rmcr.org\/en\/wp-json\/wp\/v2\/types\/post"}],"author":[{"embeddable":true,"href":"https:\/\/www.rmcr.org\/en\/wp-json\/wp\/v2\/users\/7"}],"replies":[{"embeddable":true,"href":"https:\/\/www.rmcr.org\/en\/wp-json\/wp\/v2\/comments?post=5965"}],"version-history":[{"count":0,"href":"https:\/\/www.rmcr.org\/en\/wp-json\/wp\/v2\/posts\/5965\/revisions"}],"wp:featuredmedia":[{"embeddable":true,"href":"https:\/\/www.rmcr.org\/en\/wp-json\/wp\/v2\/media\/1424"}],"wp:attachment":[{"href":"https:\/\/www.rmcr.org\/en\/wp-json\/wp\/v2\/media?parent=5965"}],"wp:term":[{"taxonomy":"category","embeddable":true,"href":"https:\/\/www.rmcr.org\/en\/wp-json\/wp\/v2\/categories?post=5965"},{"taxonomy":"post_tag","embeddable":true,"href":"https:\/\/www.rmcr.org\/en\/wp-json\/wp\/v2\/tags?post=5965"}],"curies":[{"name":"wp","href":"https:\/\/api.w.org\/{rel}","templated":true}]}}