{"id":5959,"date":"2019-02-20T13:33:41","date_gmt":"2019-02-20T13:33:41","guid":{"rendered":"https:\/\/www.rmcr.org\/?p=5959"},"modified":"2019-02-20T13:33:41","modified_gmt":"2019-02-20T13:33:41","slug":"concurso-doma-internacional-de-sevilla","status":"publish","type":"post","link":"https:\/\/www.rmcr.org\/en\/2019\/02\/20\/concurso-doma-internacional-de-sevilla\/","title":{"rendered":"Concurso de Doma Internacional de Sevilla"},"content":{"rendered":"<p>Del 15 al 17 de febrero se ha celebrado en el Real Club de Pineda el primer CDI*** de los previstos en Espa\u00f1a,\u00a0 incluidos en el calendario de la Federaci\u00f3n Ecuestre Internacional.<\/p>\n<p>Ocho alumnos de la Escuela han asistido al evento en el que han podido realizar una formaci\u00f3n pr\u00e1ctica muy completa en las mejores condiciones; entre otras, las actividades relacionadas con la preparaci\u00f3n del equipo para el concurso, la documentaci\u00f3n de traslado y transporte, el acondicionamiento en la zona de boxes, el Vet Check del CDI, la confecci\u00f3n del orden de salida y distribuci\u00f3n horaria de las pruebas, el funcionamiento de la secretar\u00eda, la actuaci\u00f3n como secretarios con los cinco jueces FEI, la asistencia al Chief Steward, la entrega de premios, el apoyo en la secretar\u00eda del concurso y la organizaci\u00f3n de las ceremonias de entrega de trofeos y la asistencia al control antidoping.<\/p>\n<p><img fetchpriority=\"high\" decoding=\"async\" class=\"alignnone size-full wp-image-1369\" src=\"https:\/\/www.rmcr.org\/wp-content\/uploads\/2019\/02\/img-20190220-wa0005-e1550668420399.jpg\" alt=\"img-20190220-wa0005.jpg\" width=\"1368\" height=\"794\" \/><\/p>\n<p>La competici\u00f3n cont\u00f3 con la participaci\u00f3n de varios jinetes ol\u00edmpicos y caballos que en este primer CDI buscan su clasificaci\u00f3n para el Campeonato del Mundo de razas a celebrar en Ermelo (Holanda) el pr\u00f3ximo verano. El jinete de la RMCR Esteban Cornejo consigui\u00f3 con el caballo RMR MIO II con una 3\u00aa posici\u00f3n en la prueba del primer d\u00eda y un segundo puesto el domingo. Fue el \u00fanico caballo PRE que ha obtenido las notas m\u00ednimas para dicho Campeonato. Un plantel de jueces de primera l\u00ednea acompa\u00f1aban a Mariano Santos (ESP) -como Presidente del Jurado-, Thomas Lang (AUT), Sandy Phillips (GBR), Juan Carlos Campos Escribano (ESP), Claudia Matos (POR) y Dietrich Plewa (GER).<\/p>\n<p><img decoding=\"async\" class=\"alignnone size-full wp-image-1370\" src=\"https:\/\/www.rmcr.org\/wp-content\/uploads\/2019\/02\/img-20190220-wa0006-e1550668436597.jpg\" alt=\"img-20190220-wa0006.jpg\" width=\"1368\" height=\"800\" \/><\/p>\n<p>Desde esta p\u00e1gina queremos reconocer el buen rendimiento demostrado por nuestro binomio representante y agradecer a la organizaci\u00f3n de Pineda la oportunidad que nos ha brindado en la formaci\u00f3n integral de nuestros jinetes y amazonas. A la vez que felicitarles por el magn\u00edfico desarrollo del evento.<\/p>\n","protected":false},"excerpt":{"rendered":"<p>Del 15 al 17 de febrero se ha celebrado en el Real Club de Pineda el primer CDI*** de los previstos en Espa\u00f1a,\u00a0 incluidos en el calendario de la Federaci\u00f3n Ecuestre Internacional. Ocho alumnos de la Escuela han asistido al evento en el que han podido realizar una formaci\u00f3n pr\u00e1ctica muy completa en las mejores [&hellip;]<\/p>\n","protected":false},"author":7,"featured_media":6076,"comment_status":"closed","ping_status":"open","sticky":false,"template":"","format":"standard","meta":{"footnotes":""},"categories":[76,56,42,67],"tags":[74,66,59,73,62],"class_list":["post-5959","post","type-post","status-publish","format-standard","has-post-thumbnail","hentry","category-concursos","category-escuela-de-equitacion","category-jinete-profesor","category-premios","tag-alumnos","tag-competicion","tag-p-r-e","tag-practicas","tag-pura-raza-espanola"],"yoast_head":"<!-- This site is optimized with the Yoast SEO plugin v27.5 - https:\/\/yoast.com\/product\/yoast-seo-wordpress\/ -->\n<title>Concurso de Doma Internacional de Sevilla - Real Maestranza de Caballer\u00eda de Ronda<\/title>\n<meta name=\"robots\" content=\"index, follow, max-snippet:-1, max-image-preview:large, max-video-preview:-1\" \/>\n<link rel=\"canonical\" href=\"https:\/\/www.rmcr.org\/en\/2019\/02\/20\/concurso-doma-internacional-de-sevilla\/\" \/>\n<meta property=\"og:locale\" content=\"en_US\" \/>\n<meta property=\"og:type\" content=\"article\" \/>\n<meta property=\"og:title\" content=\"Concurso de Doma Internacional de Sevilla - Real Maestranza de Caballer\u00eda de Ronda\" \/>\n<meta property=\"og:description\" content=\"Del 15 al 17 de febrero se ha celebrado en el Real Club de Pineda el primer CDI*** de los previstos en Espa\u00f1a,\u00a0 incluidos en el calendario de la Federaci\u00f3n Ecuestre Internacional. Ocho alumnos de la Escuela han asistido al evento en el que han podido realizar una formaci\u00f3n pr\u00e1ctica muy completa en las mejores [&hellip;]\" \/>\n<meta property=\"og:url\" content=\"https:\/\/www.rmcr.org\/en\/2019\/02\/20\/concurso-doma-internacional-de-sevilla\/\" \/>\n<meta property=\"og:site_name\" content=\"Real Maestranza de Caballer\u00eda de Ronda\" \/>\n<meta property=\"article:publisher\" content=\"https:\/\/www.facebook.com\/plazadetorosronda\" \/>\n<meta property=\"article:published_time\" content=\"2019-02-20T13:33:41+00:00\" \/>\n<meta property=\"og:image\" content=\"https:\/\/www.rmcr.org\/wp-content\/uploads\/2019\/02\/img-20190220-wa0005-e1550668420399.jpg\" \/>\n\t<meta property=\"og:image:width\" content=\"1368\" \/>\n\t<meta property=\"og:image:height\" content=\"794\" \/>\n\t<meta property=\"og:image:type\" content=\"image\/jpeg\" \/>\n<meta name=\"author\" content=\"RMCR\" \/>\n<meta name=\"twitter:card\" content=\"summary_large_image\" \/>\n<meta name=\"twitter:creator\" content=\"@PlazatorosRMR\" \/>\n<meta name=\"twitter:site\" content=\"@PlazatorosRMR\" \/>\n<meta name=\"twitter:label1\" content=\"Written by\" \/>\n\t<meta name=\"twitter:data1\" content=\"RMCR\" \/>\n\t<meta name=\"twitter:label2\" content=\"Est. reading time\" \/>\n\t<meta name=\"twitter:data2\" content=\"2 minutes\" \/>\n<script type=\"application\/ld+json\" class=\"yoast-schema-graph\">{\"@context\":\"https:\\\/\\\/schema.org\",\"@graph\":[{\"@type\":\"Article\",\"@id\":\"https:\\\/\\\/www.rmcr.org\\\/en\\\/2019\\\/02\\\/20\\\/concurso-doma-internacional-de-sevilla\\\/#article\",\"isPartOf\":{\"@id\":\"https:\\\/\\\/www.rmcr.org\\\/en\\\/2019\\\/02\\\/20\\\/concurso-doma-internacional-de-sevilla\\\/\"},\"author\":{\"name\":\"RMCR\",\"@id\":\"https:\\\/\\\/www.rmcr.org\\\/en\\\/#\\\/schema\\\/person\\\/7ddd0dafda7edd0e407157f93a56df4f\"},\"headline\":\"Concurso de Doma Internacional de Sevilla\",\"datePublished\":\"2019-02-20T13:33:41+00:00\",\"mainEntityOfPage\":{\"@id\":\"https:\\\/\\\/www.rmcr.org\\\/en\\\/2019\\\/02\\\/20\\\/concurso-doma-internacional-de-sevilla\\\/\"},\"wordCount\":333,\"publisher\":{\"@id\":\"https:\\\/\\\/www.rmcr.org\\\/en\\\/#organization\"},\"image\":{\"@id\":\"https:\\\/\\\/www.rmcr.org\\\/en\\\/2019\\\/02\\\/20\\\/concurso-doma-internacional-de-sevilla\\\/#primaryimage\"},\"thumbnailUrl\":\"https:\\\/\\\/www.rmcr.org\\\/wp-content\\\/uploads\\\/2019\\\/02\\\/img-20190220-wa0005-e1550668420399.jpg\",\"keywords\":[\"Alumnos\",\"Competici\u00f3n\",\"P.R.E.\",\"Pr\u00e1cticas\",\"Pura Raza Espa\u00f1ola\"],\"articleSection\":[\"Concursos\",\"Escuela de Equitaci\u00f3n\",\"Jinete Profesor\",\"Premios\"],\"inLanguage\":\"en-US\"},{\"@type\":\"WebPage\",\"@id\":\"https:\\\/\\\/www.rmcr.org\\\/en\\\/2019\\\/02\\\/20\\\/concurso-doma-internacional-de-sevilla\\\/\",\"url\":\"https:\\\/\\\/www.rmcr.org\\\/en\\\/2019\\\/02\\\/20\\\/concurso-doma-internacional-de-sevilla\\\/\",\"name\":\"Concurso de Doma Internacional de Sevilla - Real Maestranza de Caballer\u00eda de Ronda\",\"isPartOf\":{\"@id\":\"https:\\\/\\\/www.rmcr.org\\\/en\\\/#website\"},\"primaryImageOfPage\":{\"@id\":\"https:\\\/\\\/www.rmcr.org\\\/en\\\/2019\\\/02\\\/20\\\/concurso-doma-internacional-de-sevilla\\\/#primaryimage\"},\"image\":{\"@id\":\"https:\\\/\\\/www.rmcr.org\\\/en\\\/2019\\\/02\\\/20\\\/concurso-doma-internacional-de-sevilla\\\/#primaryimage\"},\"thumbnailUrl\":\"https:\\\/\\\/www.rmcr.org\\\/wp-content\\\/uploads\\\/2019\\\/02\\\/img-20190220-wa0005-e1550668420399.jpg\",\"datePublished\":\"2019-02-20T13:33:41+00:00\",\"breadcrumb\":{\"@id\":\"https:\\\/\\\/www.rmcr.org\\\/en\\\/2019\\\/02\\\/20\\\/concurso-doma-internacional-de-sevilla\\\/#breadcrumb\"},\"inLanguage\":\"en-US\",\"potentialAction\":[{\"@type\":\"ReadAction\",\"target\":[\"https:\\\/\\\/www.rmcr.org\\\/en\\\/2019\\\/02\\\/20\\\/concurso-doma-internacional-de-sevilla\\\/\"]}]},{\"@type\":\"ImageObject\",\"inLanguage\":\"en-US\",\"@id\":\"https:\\\/\\\/www.rmcr.org\\\/en\\\/2019\\\/02\\\/20\\\/concurso-doma-internacional-de-sevilla\\\/#primaryimage\",\"url\":\"https:\\\/\\\/www.rmcr.org\\\/wp-content\\\/uploads\\\/2019\\\/02\\\/img-20190220-wa0005-e1550668420399.jpg\",\"contentUrl\":\"https:\\\/\\\/www.rmcr.org\\\/wp-content\\\/uploads\\\/2019\\\/02\\\/img-20190220-wa0005-e1550668420399.jpg\",\"width\":1368,\"height\":794},{\"@type\":\"BreadcrumbList\",\"@id\":\"https:\\\/\\\/www.rmcr.org\\\/en\\\/2019\\\/02\\\/20\\\/concurso-doma-internacional-de-sevilla\\\/#breadcrumb\",\"itemListElement\":[{\"@type\":\"ListItem\",\"position\":1,\"name\":\"REAL MAESTRANZA DE CABALLER\u00cdA DE RONDA\",\"item\":\"https:\\\/\\\/www.rmcr.org\\\/en\\\/\"},{\"@type\":\"ListItem\",\"position\":2,\"name\":\"Concurso de Doma Internacional de Sevilla\"}]},{\"@type\":\"WebSite\",\"@id\":\"https:\\\/\\\/www.rmcr.org\\\/en\\\/#website\",\"url\":\"https:\\\/\\\/www.rmcr.org\\\/en\\\/\",\"name\":\"Real Maestranza de Caballer\u00eda de Ronda\",\"description\":\"Real Maestranza de Caballer\u00eda de Ronda\",\"publisher\":{\"@id\":\"https:\\\/\\\/www.rmcr.org\\\/en\\\/#organization\"},\"alternateName\":\"RMCR\",\"potentialAction\":[{\"@type\":\"SearchAction\",\"target\":{\"@type\":\"EntryPoint\",\"urlTemplate\":\"https:\\\/\\\/www.rmcr.org\\\/en\\\/?s={search_term_string}\"},\"query-input\":{\"@type\":\"PropertyValueSpecification\",\"valueRequired\":true,\"valueName\":\"search_term_string\"}}],\"inLanguage\":\"en-US\"},{\"@type\":\"Organization\",\"@id\":\"https:\\\/\\\/www.rmcr.org\\\/en\\\/#organization\",\"name\":\"Real Maestranza de Caballer\u00eda de Ronda\",\"alternateName\":\"RMR\",\"url\":\"https:\\\/\\\/www.rmcr.org\\\/en\\\/\",\"logo\":{\"@type\":\"ImageObject\",\"inLanguage\":\"en-US\",\"@id\":\"https:\\\/\\\/www.rmcr.org\\\/en\\\/#\\\/schema\\\/logo\\\/image\\\/\",\"url\":\"https:\\\/\\\/www.rmcr.org\\\/wp-content\\\/uploads\\\/2022\\\/07\\\/logo-rmr-blue.svg\",\"contentUrl\":\"https:\\\/\\\/www.rmcr.org\\\/wp-content\\\/uploads\\\/2022\\\/07\\\/logo-rmr-blue.svg\",\"width\":131,\"height\":129,\"caption\":\"Real Maestranza de Caballer\u00eda de Ronda\"},\"image\":{\"@id\":\"https:\\\/\\\/www.rmcr.org\\\/en\\\/#\\\/schema\\\/logo\\\/image\\\/\"},\"sameAs\":[\"https:\\\/\\\/www.facebook.com\\\/plazadetorosronda\",\"https:\\\/\\\/x.com\\\/PlazatorosRMR\",\"https:\\\/\\\/www.instagram.com\\\/realmaestranzaderonda\\\/\",\"https:\\\/\\\/www.youtube.com\\\/channel\\\/UCrbO5IUN-8v_QML739vM4zg\\\/videos\"]},{\"@type\":\"Person\",\"@id\":\"https:\\\/\\\/www.rmcr.org\\\/en\\\/#\\\/schema\\\/person\\\/7ddd0dafda7edd0e407157f93a56df4f\",\"name\":\"RMCR\",\"image\":{\"@type\":\"ImageObject\",\"inLanguage\":\"en-US\",\"@id\":\"https:\\\/\\\/secure.gravatar.com\\\/avatar\\\/adb75798b50800c24baa6a8706037b9469998c49eddeb95935f50f633cff80bb?s=96&d=mm&r=g\",\"url\":\"https:\\\/\\\/secure.gravatar.com\\\/avatar\\\/adb75798b50800c24baa6a8706037b9469998c49eddeb95935f50f633cff80bb?s=96&d=mm&r=g\",\"contentUrl\":\"https:\\\/\\\/secure.gravatar.com\\\/avatar\\\/adb75798b50800c24baa6a8706037b9469998c49eddeb95935f50f633cff80bb?s=96&d=mm&r=g\",\"caption\":\"RMCR\"},\"url\":\"https:\\\/\\\/www.rmcr.org\\\/en\\\/author\\\/bitniks77\\\/\"}]}<\/script>\n<!-- \/ Yoast SEO plugin. -->","yoast_head_json":{"title":"Concurso de Doma Internacional de Sevilla - Real Maestranza de Caballer\u00eda de Ronda","robots":{"index":"index","follow":"follow","max-snippet":"max-snippet:-1","max-image-preview":"max-image-preview:large","max-video-preview":"max-video-preview:-1"},"canonical":"https:\/\/www.rmcr.org\/en\/2019\/02\/20\/concurso-doma-internacional-de-sevilla\/","og_locale":"en_US","og_type":"article","og_title":"Concurso de Doma Internacional de Sevilla - Real Maestranza de Caballer\u00eda de Ronda","og_description":"Del 15 al 17 de febrero se ha celebrado en el Real Club de Pineda el primer CDI*** de los previstos en Espa\u00f1a,\u00a0 incluidos en el calendario de la Federaci\u00f3n Ecuestre Internacional. Ocho alumnos de la Escuela han asistido al evento en el que han podido realizar una formaci\u00f3n pr\u00e1ctica muy completa en las mejores [&hellip;]","og_url":"https:\/\/www.rmcr.org\/en\/2019\/02\/20\/concurso-doma-internacional-de-sevilla\/","og_site_name":"Real Maestranza de Caballer\u00eda de Ronda","article_publisher":"https:\/\/www.facebook.com\/plazadetorosronda","article_published_time":"2019-02-20T13:33:41+00:00","og_image":[{"width":1368,"height":794,"url":"https:\/\/www.rmcr.org\/wp-content\/uploads\/2019\/02\/img-20190220-wa0005-e1550668420399.jpg","type":"image\/jpeg"}],"author":"RMCR","twitter_card":"summary_large_image","twitter_creator":"@PlazatorosRMR","twitter_site":"@PlazatorosRMR","twitter_misc":{"Written by":"RMCR","Est. reading time":"2 minutes"},"schema":{"@context":"https:\/\/schema.org","@graph":[{"@type":"Article","@id":"https:\/\/www.rmcr.org\/en\/2019\/02\/20\/concurso-doma-internacional-de-sevilla\/#article","isPartOf":{"@id":"https:\/\/www.rmcr.org\/en\/2019\/02\/20\/concurso-doma-internacional-de-sevilla\/"},"author":{"name":"RMCR","@id":"https:\/\/www.rmcr.org\/en\/#\/schema\/person\/7ddd0dafda7edd0e407157f93a56df4f"},"headline":"Concurso de Doma Internacional de Sevilla","datePublished":"2019-02-20T13:33:41+00:00","mainEntityOfPage":{"@id":"https:\/\/www.rmcr.org\/en\/2019\/02\/20\/concurso-doma-internacional-de-sevilla\/"},"wordCount":333,"publisher":{"@id":"https:\/\/www.rmcr.org\/en\/#organization"},"image":{"@id":"https:\/\/www.rmcr.org\/en\/2019\/02\/20\/concurso-doma-internacional-de-sevilla\/#primaryimage"},"thumbnailUrl":"https:\/\/www.rmcr.org\/wp-content\/uploads\/2019\/02\/img-20190220-wa0005-e1550668420399.jpg","keywords":["Alumnos","Competici\u00f3n","P.R.E.","Pr\u00e1cticas","Pura Raza Espa\u00f1ola"],"articleSection":["Concursos","Escuela de Equitaci\u00f3n","Jinete Profesor","Premios"],"inLanguage":"en-US"},{"@type":"WebPage","@id":"https:\/\/www.rmcr.org\/en\/2019\/02\/20\/concurso-doma-internacional-de-sevilla\/","url":"https:\/\/www.rmcr.org\/en\/2019\/02\/20\/concurso-doma-internacional-de-sevilla\/","name":"Concurso de Doma Internacional de Sevilla - Real Maestranza de Caballer\u00eda de Ronda","isPartOf":{"@id":"https:\/\/www.rmcr.org\/en\/#website"},"primaryImageOfPage":{"@id":"https:\/\/www.rmcr.org\/en\/2019\/02\/20\/concurso-doma-internacional-de-sevilla\/#primaryimage"},"image":{"@id":"https:\/\/www.rmcr.org\/en\/2019\/02\/20\/concurso-doma-internacional-de-sevilla\/#primaryimage"},"thumbnailUrl":"https:\/\/www.rmcr.org\/wp-content\/uploads\/2019\/02\/img-20190220-wa0005-e1550668420399.jpg","datePublished":"2019-02-20T13:33:41+00:00","breadcrumb":{"@id":"https:\/\/www.rmcr.org\/en\/2019\/02\/20\/concurso-doma-internacional-de-sevilla\/#breadcrumb"},"inLanguage":"en-US","potentialAction":[{"@type":"ReadAction","target":["https:\/\/www.rmcr.org\/en\/2019\/02\/20\/concurso-doma-internacional-de-sevilla\/"]}]},{"@type":"ImageObject","inLanguage":"en-US","@id":"https:\/\/www.rmcr.org\/en\/2019\/02\/20\/concurso-doma-internacional-de-sevilla\/#primaryimage","url":"https:\/\/www.rmcr.org\/wp-content\/uploads\/2019\/02\/img-20190220-wa0005-e1550668420399.jpg","contentUrl":"https:\/\/www.rmcr.org\/wp-content\/uploads\/2019\/02\/img-20190220-wa0005-e1550668420399.jpg","width":1368,"height":794},{"@type":"BreadcrumbList","@id":"https:\/\/www.rmcr.org\/en\/2019\/02\/20\/concurso-doma-internacional-de-sevilla\/#breadcrumb","itemListElement":[{"@type":"ListItem","position":1,"name":"REAL MAESTRANZA DE CABALLER\u00cdA DE RONDA","item":"https:\/\/www.rmcr.org\/en\/"},{"@type":"ListItem","position":2,"name":"Concurso de Doma Internacional de Sevilla"}]},{"@type":"WebSite","@id":"https:\/\/www.rmcr.org\/en\/#website","url":"https:\/\/www.rmcr.org\/en\/","name":"Real Maestranza de Caballer\u00eda de Ronda","description":"Real Maestranza de Caballer\u00eda de Ronda","publisher":{"@id":"https:\/\/www.rmcr.org\/en\/#organization"},"alternateName":"RMCR","potentialAction":[{"@type":"SearchAction","target":{"@type":"EntryPoint","urlTemplate":"https:\/\/www.rmcr.org\/en\/?s={search_term_string}"},"query-input":{"@type":"PropertyValueSpecification","valueRequired":true,"valueName":"search_term_string"}}],"inLanguage":"en-US"},{"@type":"Organization","@id":"https:\/\/www.rmcr.org\/en\/#organization","name":"Real Maestranza de Caballer\u00eda de Ronda","alternateName":"RMR","url":"https:\/\/www.rmcr.org\/en\/","logo":{"@type":"ImageObject","inLanguage":"en-US","@id":"https:\/\/www.rmcr.org\/en\/#\/schema\/logo\/image\/","url":"https:\/\/www.rmcr.org\/wp-content\/uploads\/2022\/07\/logo-rmr-blue.svg","contentUrl":"https:\/\/www.rmcr.org\/wp-content\/uploads\/2022\/07\/logo-rmr-blue.svg","width":131,"height":129,"caption":"Real Maestranza de Caballer\u00eda de Ronda"},"image":{"@id":"https:\/\/www.rmcr.org\/en\/#\/schema\/logo\/image\/"},"sameAs":["https:\/\/www.facebook.com\/plazadetorosronda","https:\/\/x.com\/PlazatorosRMR","https:\/\/www.instagram.com\/realmaestranzaderonda\/","https:\/\/www.youtube.com\/channel\/UCrbO5IUN-8v_QML739vM4zg\/videos"]},{"@type":"Person","@id":"https:\/\/www.rmcr.org\/en\/#\/schema\/person\/7ddd0dafda7edd0e407157f93a56df4f","name":"RMCR","image":{"@type":"ImageObject","inLanguage":"en-US","@id":"https:\/\/secure.gravatar.com\/avatar\/adb75798b50800c24baa6a8706037b9469998c49eddeb95935f50f633cff80bb?s=96&d=mm&r=g","url":"https:\/\/secure.gravatar.com\/avatar\/adb75798b50800c24baa6a8706037b9469998c49eddeb95935f50f633cff80bb?s=96&d=mm&r=g","contentUrl":"https:\/\/secure.gravatar.com\/avatar\/adb75798b50800c24baa6a8706037b9469998c49eddeb95935f50f633cff80bb?s=96&d=mm&r=g","caption":"RMCR"},"url":"https:\/\/www.rmcr.org\/en\/author\/bitniks77\/"}]}},"_links":{"self":[{"href":"https:\/\/www.rmcr.org\/en\/wp-json\/wp\/v2\/posts\/5959","targetHints":{"allow":["GET"]}}],"collection":[{"href":"https:\/\/www.rmcr.org\/en\/wp-json\/wp\/v2\/posts"}],"about":[{"href":"https:\/\/www.rmcr.org\/en\/wp-json\/wp\/v2\/types\/post"}],"author":[{"embeddable":true,"href":"https:\/\/www.rmcr.org\/en\/wp-json\/wp\/v2\/users\/7"}],"replies":[{"embeddable":true,"href":"https:\/\/www.rmcr.org\/en\/wp-json\/wp\/v2\/comments?post=5959"}],"version-history":[{"count":0,"href":"https:\/\/www.rmcr.org\/en\/wp-json\/wp\/v2\/posts\/5959\/revisions"}],"wp:featuredmedia":[{"embeddable":true,"href":"https:\/\/www.rmcr.org\/en\/wp-json\/wp\/v2\/media\/6076"}],"wp:attachment":[{"href":"https:\/\/www.rmcr.org\/en\/wp-json\/wp\/v2\/media?parent=5959"}],"wp:term":[{"taxonomy":"category","embeddable":true,"href":"https:\/\/www.rmcr.org\/en\/wp-json\/wp\/v2\/categories?post=5959"},{"taxonomy":"post_tag","embeddable":true,"href":"https:\/\/www.rmcr.org\/en\/wp-json\/wp\/v2\/tags?post=5959"}],"curies":[{"name":"wp","href":"https:\/\/api.w.org\/{rel}","templated":true}]}}