{"id":5955,"date":"2018-08-15T16:56:56","date_gmt":"2018-08-15T16:56:56","guid":{"rendered":"https:\/\/www.rmcr.org\/?p=5955"},"modified":"2023-02-13T15:16:35","modified_gmt":"2023-02-13T15:16:35","slug":"convocatoria-del-curso-de-tecnico-deportivo","status":"publish","type":"post","link":"https:\/\/www.rmcr.org\/en\/2018\/08\/15\/convocatoria-del-curso-de-tecnico-deportivo\/","title":{"rendered":"Convocatoria del Curso de T\u00e9cnico Deportivo"},"content":{"rendered":"<div id=\"caja_titular\"><span class=\"titular\"><img fetchpriority=\"high\" decoding=\"async\" class=\"alignnone size-full wp-image-1348\" src=\"https:\/\/www.rmcr.org\/wp-content\/uploads\/2018\/08\/equitacion_cursos_tecnico_01.png\" alt=\"equitacion_cursos_tecnico_01\" width=\"740\" height=\"348\" \/>T<\/span>\u00e9cnico Deportivo<\/div>\n<div class=\"long_sumario\">Programas TDE Medio y Superior<\/div>\n<div id=\"caja_texton\">\n<p class=\"long_txt\">Adjuntamos documentos con la siguiente informaci\u00f3n:<br \/>\n&#8211; Convocatoria de Grado Medio (Ciclo Inicial y Final) del T\u00e9cnico Deportivo en Equitaci\u00f3n<br \/>\n&#8211; Convocatoria de T\u00e9cnico Superior en H\u00edpica.<\/p>\n<p class=\"long_txt\">Debido al calendario reflejado en las INSTRUCCIONES para el curso escolar 2018\/19 de la Consejer\u00eda de Educaci\u00f3n es importante observar los plazos se\u00f1alados tanto para las Pruebas de Acceso como para la matr\u00edcula de los cursos.<\/p>\n<p class=\"long_txt\">Para la celebraci\u00f3n de las pruebas de acceso hemos fijado dos fechas, siendo la primera indicada en la convocatoria la que solicitamos en primer lugar para su desarrollo.<\/p>\n<p class=\"long_txt\">La programaci\u00f3n del Centro contempla realizar de forma presencial tanto el Bloque Com\u00fan como el Espec\u00edfico de cada uno de los Ciclos; no obstante existe la posibilidad de realizar el Bloque com\u00fan en modalidad On-line.<\/p>\n<p class=\"long_txt\">Les agradecemos que todas las consultas, as\u00ed como el env\u00edo de la documentaci\u00f3n lo realicen a trav\u00e9s de este e-mail.<\/p>\n<p><span class=\"texto_ladillo\">Contacto Escuela de Equitaci\u00f3n:<\/span><\/p>\n<p class=\"long_txt\"><span class=\"data\"><a class=\"long_mail\" href=\"mailto:escuela@realmaestranza.org?subject=Contacto Equitaci\u00f3n\">escuela@realmaestranza.org<\/a><\/span><\/p>\n<p class=\"long_txt\">Los alumnos de esta formaci\u00f3n tienen la posibilidad de solicitar alguna de las siguientes becas:<br \/>\n. Beca 6000<br \/>\n. Beca Segunda Oportunidad<br \/>\n. Beca MEC<br \/>\n. Beca Adriano<br \/>\nAl realizar la matricula en cualquiera de los tres cursos, deber\u00e1 comunicar al Centro si desea que se realicen los tr\u00e1mites de solicitud.<\/p>\n<p class=\"long_txt\">Convocatorias<\/p>\n<p class=\"long_txt\"><a class=\"long_mail\" href=\"http:\/\/rmcr.org\/es\/pdf\/convocatoria_inicial_dosac_2019.pdf\" target=\"_blank\" rel=\"external noopener\">Convocatoria del ciclo inicial en las disciplinas de doma, salto y concurso completo para el curso 2018\/2019 (DOSAC).<\/a> (PDF 234k)<\/p>\n<p class=\"long_txt\"><a class=\"long_mail\" href=\"http:\/\/rmcr.org\/es\/pdf\/convocatoria_final_dosac_2019.pdf\" target=\"_blank\" rel=\"external noopener\">Convocatoria del ciclo final en las disciplinas h\u00edpicas de doma, salto y concurso completo para el curso 2018\/2019 (DOSAC).<\/a> (PDF 233k)<\/p>\n<p class=\"long_txt\"><a class=\"long_mail\" href=\"http:\/\/rmcr.org\/es\/pdf\/convocatoria_tecnico_superior_2019.pdf\" target=\"_blank\" rel=\"external noopener\">Convocatoria de T\u00e9cnico Superior en H\u00edpica. para el curso 2018\/2019.<\/a> (PDF 233k)<\/p>\n<p class=\"long_txt\">Formularios<\/p>\n<p class=\"long_txt\"><a class=\"long_mail\" href=\"http:\/\/rmcr.org\/es\/pdf\/anexo_01_preinscripcion.pdf\" target=\"_blank\" rel=\"external noopener\">Formulario de Pre-inscripci\u00f3n para el curso de T\u00e9cnico Deportivo de Equitaci\u00f3n.<\/a> (PDF 234k)<\/p>\n<p class=\"long_txt\"><a class=\"long_mail\" href=\"http:\/\/rmcr.org\/es\/pdf\/anexo_02_ solicitud_pruebas_de_acceso_tde.pdf\" target=\"_blank\" rel=\"external noopener\">Solicitud de inscripci\u00f3n en las pruebas de acceso para el curso de T\u00e9cnico Deportivo de Equitaci\u00f3n.<\/a> (PDF 234k)<\/p>\n<\/div>\n","protected":false},"excerpt":{"rendered":"<p>T\u00e9cnico Deportivo Programas TDE Medio y Superior Adjuntamos documentos con la siguiente informaci\u00f3n: &#8211; Convocatoria de Grado Medio (Ciclo Inicial y Final) del T\u00e9cnico Deportivo en Equitaci\u00f3n &#8211; Convocatoria de T\u00e9cnico Superior en H\u00edpica. Debido al calendario reflejado en las INSTRUCCIONES para el curso escolar 2018\/19 de la Consejer\u00eda de Educaci\u00f3n es importante observar los [&hellip;]<\/p>\n","protected":false},"author":7,"featured_media":9366,"comment_status":"closed","ping_status":"open","sticky":false,"template":"","format":"standard","meta":{"footnotes":""},"categories":[65,46,56,63],"tags":[74,48,40],"class_list":["post-5955","post","type-post","status-publish","format-standard","has-post-thumbnail","hentry","category-actividades-deportivas","category-cursos-de-formacion","category-escuela-de-equitacion","category-tecnico-deportivo","tag-alumnos","tag-centro-de-formacion","tag-ensenanza"],"yoast_head":"<!-- This site is optimized with the Yoast SEO plugin v27.5 - https:\/\/yoast.com\/product\/yoast-seo-wordpress\/ -->\n<title>Convocatoria del Curso de T\u00e9cnico Deportivo - Real Maestranza de Caballer\u00eda de Ronda<\/title>\n<meta name=\"robots\" content=\"index, follow, max-snippet:-1, max-image-preview:large, max-video-preview:-1\" \/>\n<link rel=\"canonical\" href=\"https:\/\/www.rmcr.org\/en\/2018\/08\/15\/convocatoria-del-curso-de-tecnico-deportivo\/\" \/>\n<meta property=\"og:locale\" content=\"en_US\" \/>\n<meta property=\"og:type\" content=\"article\" \/>\n<meta property=\"og:title\" content=\"Convocatoria del Curso de T\u00e9cnico Deportivo - Real Maestranza de Caballer\u00eda de Ronda\" \/>\n<meta property=\"og:description\" content=\"T\u00e9cnico Deportivo Programas TDE Medio y Superior Adjuntamos documentos con la siguiente informaci\u00f3n: &#8211; Convocatoria de Grado Medio (Ciclo Inicial y Final) del T\u00e9cnico Deportivo en Equitaci\u00f3n &#8211; Convocatoria de T\u00e9cnico Superior en H\u00edpica. Debido al calendario reflejado en las INSTRUCCIONES para el curso escolar 2018\/19 de la Consejer\u00eda de Educaci\u00f3n es importante observar los [&hellip;]\" \/>\n<meta property=\"og:url\" content=\"https:\/\/www.rmcr.org\/en\/2018\/08\/15\/convocatoria-del-curso-de-tecnico-deportivo\/\" \/>\n<meta property=\"og:site_name\" content=\"Real Maestranza de Caballer\u00eda de Ronda\" \/>\n<meta property=\"article:publisher\" content=\"https:\/\/www.facebook.com\/plazadetorosronda\" \/>\n<meta property=\"article:published_time\" content=\"2018-08-15T16:56:56+00:00\" \/>\n<meta property=\"article:modified_time\" content=\"2023-02-13T15:16:35+00:00\" \/>\n<meta property=\"og:image\" content=\"https:\/\/www.rmcr.org\/wp-content\/uploads\/2018\/08\/equitacion_cursos_tecnico_01.png\" \/>\n\t<meta property=\"og:image:width\" content=\"740\" \/>\n\t<meta property=\"og:image:height\" content=\"348\" \/>\n\t<meta property=\"og:image:type\" content=\"image\/png\" \/>\n<meta name=\"author\" content=\"RMCR\" \/>\n<meta name=\"twitter:card\" content=\"summary_large_image\" \/>\n<meta name=\"twitter:creator\" content=\"@PlazatorosRMR\" \/>\n<meta name=\"twitter:site\" content=\"@PlazatorosRMR\" \/>\n<meta name=\"twitter:label1\" content=\"Written by\" \/>\n\t<meta name=\"twitter:data1\" content=\"RMCR\" \/>\n\t<meta name=\"twitter:label2\" content=\"Est. reading time\" \/>\n\t<meta name=\"twitter:data2\" content=\"2 minutes\" \/>\n<script type=\"application\/ld+json\" class=\"yoast-schema-graph\">{\"@context\":\"https:\\\/\\\/schema.org\",\"@graph\":[{\"@type\":\"Article\",\"@id\":\"https:\\\/\\\/www.rmcr.org\\\/en\\\/2018\\\/08\\\/15\\\/convocatoria-del-curso-de-tecnico-deportivo\\\/#article\",\"isPartOf\":{\"@id\":\"https:\\\/\\\/www.rmcr.org\\\/en\\\/2018\\\/08\\\/15\\\/convocatoria-del-curso-de-tecnico-deportivo\\\/\"},\"author\":{\"name\":\"RMCR\",\"@id\":\"https:\\\/\\\/www.rmcr.org\\\/en\\\/#\\\/schema\\\/person\\\/7ddd0dafda7edd0e407157f93a56df4f\"},\"headline\":\"Convocatoria del Curso de T\u00e9cnico Deportivo\",\"datePublished\":\"2018-08-15T16:56:56+00:00\",\"dateModified\":\"2023-02-13T15:16:35+00:00\",\"mainEntityOfPage\":{\"@id\":\"https:\\\/\\\/www.rmcr.org\\\/en\\\/2018\\\/08\\\/15\\\/convocatoria-del-curso-de-tecnico-deportivo\\\/\"},\"wordCount\":325,\"publisher\":{\"@id\":\"https:\\\/\\\/www.rmcr.org\\\/en\\\/#organization\"},\"image\":{\"@id\":\"https:\\\/\\\/www.rmcr.org\\\/en\\\/2018\\\/08\\\/15\\\/convocatoria-del-curso-de-tecnico-deportivo\\\/#primaryimage\"},\"thumbnailUrl\":\"https:\\\/\\\/www.rmcr.org\\\/wp-content\\\/uploads\\\/2018\\\/08\\\/equitacion_cursos_tecnico_01.png\",\"keywords\":[\"Alumnos\",\"Centro de Formaci\u00f3n\",\"Ense\u00f1anza\"],\"articleSection\":[\"Actividades Deportivas\",\"Cursos de Formaci\u00f3n\",\"Escuela de Equitaci\u00f3n\",\"T\u00e9cnico Deportivo\"],\"inLanguage\":\"en-US\"},{\"@type\":\"WebPage\",\"@id\":\"https:\\\/\\\/www.rmcr.org\\\/en\\\/2018\\\/08\\\/15\\\/convocatoria-del-curso-de-tecnico-deportivo\\\/\",\"url\":\"https:\\\/\\\/www.rmcr.org\\\/en\\\/2018\\\/08\\\/15\\\/convocatoria-del-curso-de-tecnico-deportivo\\\/\",\"name\":\"Convocatoria del Curso de T\u00e9cnico Deportivo - Real Maestranza de Caballer\u00eda de Ronda\",\"isPartOf\":{\"@id\":\"https:\\\/\\\/www.rmcr.org\\\/en\\\/#website\"},\"primaryImageOfPage\":{\"@id\":\"https:\\\/\\\/www.rmcr.org\\\/en\\\/2018\\\/08\\\/15\\\/convocatoria-del-curso-de-tecnico-deportivo\\\/#primaryimage\"},\"image\":{\"@id\":\"https:\\\/\\\/www.rmcr.org\\\/en\\\/2018\\\/08\\\/15\\\/convocatoria-del-curso-de-tecnico-deportivo\\\/#primaryimage\"},\"thumbnailUrl\":\"https:\\\/\\\/www.rmcr.org\\\/wp-content\\\/uploads\\\/2018\\\/08\\\/equitacion_cursos_tecnico_01.png\",\"datePublished\":\"2018-08-15T16:56:56+00:00\",\"dateModified\":\"2023-02-13T15:16:35+00:00\",\"breadcrumb\":{\"@id\":\"https:\\\/\\\/www.rmcr.org\\\/en\\\/2018\\\/08\\\/15\\\/convocatoria-del-curso-de-tecnico-deportivo\\\/#breadcrumb\"},\"inLanguage\":\"en-US\",\"potentialAction\":[{\"@type\":\"ReadAction\",\"target\":[\"https:\\\/\\\/www.rmcr.org\\\/en\\\/2018\\\/08\\\/15\\\/convocatoria-del-curso-de-tecnico-deportivo\\\/\"]}]},{\"@type\":\"ImageObject\",\"inLanguage\":\"en-US\",\"@id\":\"https:\\\/\\\/www.rmcr.org\\\/en\\\/2018\\\/08\\\/15\\\/convocatoria-del-curso-de-tecnico-deportivo\\\/#primaryimage\",\"url\":\"https:\\\/\\\/www.rmcr.org\\\/wp-content\\\/uploads\\\/2018\\\/08\\\/equitacion_cursos_tecnico_01.png\",\"contentUrl\":\"https:\\\/\\\/www.rmcr.org\\\/wp-content\\\/uploads\\\/2018\\\/08\\\/equitacion_cursos_tecnico_01.png\",\"width\":740,\"height\":348},{\"@type\":\"BreadcrumbList\",\"@id\":\"https:\\\/\\\/www.rmcr.org\\\/en\\\/2018\\\/08\\\/15\\\/convocatoria-del-curso-de-tecnico-deportivo\\\/#breadcrumb\",\"itemListElement\":[{\"@type\":\"ListItem\",\"position\":1,\"name\":\"REAL MAESTRANZA DE CABALLER\u00cdA DE RONDA\",\"item\":\"https:\\\/\\\/www.rmcr.org\\\/en\\\/\"},{\"@type\":\"ListItem\",\"position\":2,\"name\":\"Convocatoria del Curso de T\u00e9cnico Deportivo\"}]},{\"@type\":\"WebSite\",\"@id\":\"https:\\\/\\\/www.rmcr.org\\\/en\\\/#website\",\"url\":\"https:\\\/\\\/www.rmcr.org\\\/en\\\/\",\"name\":\"Real Maestranza de Caballer\u00eda de Ronda\",\"description\":\"Real Maestranza de Caballer\u00eda de Ronda\",\"publisher\":{\"@id\":\"https:\\\/\\\/www.rmcr.org\\\/en\\\/#organization\"},\"alternateName\":\"RMCR\",\"potentialAction\":[{\"@type\":\"SearchAction\",\"target\":{\"@type\":\"EntryPoint\",\"urlTemplate\":\"https:\\\/\\\/www.rmcr.org\\\/en\\\/?s={search_term_string}\"},\"query-input\":{\"@type\":\"PropertyValueSpecification\",\"valueRequired\":true,\"valueName\":\"search_term_string\"}}],\"inLanguage\":\"en-US\"},{\"@type\":\"Organization\",\"@id\":\"https:\\\/\\\/www.rmcr.org\\\/en\\\/#organization\",\"name\":\"Real Maestranza de Caballer\u00eda de Ronda\",\"alternateName\":\"RMR\",\"url\":\"https:\\\/\\\/www.rmcr.org\\\/en\\\/\",\"logo\":{\"@type\":\"ImageObject\",\"inLanguage\":\"en-US\",\"@id\":\"https:\\\/\\\/www.rmcr.org\\\/en\\\/#\\\/schema\\\/logo\\\/image\\\/\",\"url\":\"https:\\\/\\\/www.rmcr.org\\\/wp-content\\\/uploads\\\/2022\\\/07\\\/logo-rmr-blue.svg\",\"contentUrl\":\"https:\\\/\\\/www.rmcr.org\\\/wp-content\\\/uploads\\\/2022\\\/07\\\/logo-rmr-blue.svg\",\"width\":131,\"height\":129,\"caption\":\"Real Maestranza de Caballer\u00eda de Ronda\"},\"image\":{\"@id\":\"https:\\\/\\\/www.rmcr.org\\\/en\\\/#\\\/schema\\\/logo\\\/image\\\/\"},\"sameAs\":[\"https:\\\/\\\/www.facebook.com\\\/plazadetorosronda\",\"https:\\\/\\\/x.com\\\/PlazatorosRMR\",\"https:\\\/\\\/www.instagram.com\\\/realmaestranzaderonda\\\/\",\"https:\\\/\\\/www.youtube.com\\\/channel\\\/UCrbO5IUN-8v_QML739vM4zg\\\/videos\"]},{\"@type\":\"Person\",\"@id\":\"https:\\\/\\\/www.rmcr.org\\\/en\\\/#\\\/schema\\\/person\\\/7ddd0dafda7edd0e407157f93a56df4f\",\"name\":\"RMCR\",\"image\":{\"@type\":\"ImageObject\",\"inLanguage\":\"en-US\",\"@id\":\"https:\\\/\\\/secure.gravatar.com\\\/avatar\\\/adb75798b50800c24baa6a8706037b9469998c49eddeb95935f50f633cff80bb?s=96&d=mm&r=g\",\"url\":\"https:\\\/\\\/secure.gravatar.com\\\/avatar\\\/adb75798b50800c24baa6a8706037b9469998c49eddeb95935f50f633cff80bb?s=96&d=mm&r=g\",\"contentUrl\":\"https:\\\/\\\/secure.gravatar.com\\\/avatar\\\/adb75798b50800c24baa6a8706037b9469998c49eddeb95935f50f633cff80bb?s=96&d=mm&r=g\",\"caption\":\"RMCR\"},\"url\":\"https:\\\/\\\/www.rmcr.org\\\/en\\\/author\\\/bitniks77\\\/\"}]}<\/script>\n<!-- \/ Yoast SEO plugin. -->","yoast_head_json":{"title":"Convocatoria del Curso de T\u00e9cnico Deportivo - Real Maestranza de Caballer\u00eda de Ronda","robots":{"index":"index","follow":"follow","max-snippet":"max-snippet:-1","max-image-preview":"max-image-preview:large","max-video-preview":"max-video-preview:-1"},"canonical":"https:\/\/www.rmcr.org\/en\/2018\/08\/15\/convocatoria-del-curso-de-tecnico-deportivo\/","og_locale":"en_US","og_type":"article","og_title":"Convocatoria del Curso de T\u00e9cnico Deportivo - Real Maestranza de Caballer\u00eda de Ronda","og_description":"T\u00e9cnico Deportivo Programas TDE Medio y Superior Adjuntamos documentos con la siguiente informaci\u00f3n: &#8211; Convocatoria de Grado Medio (Ciclo Inicial y Final) del T\u00e9cnico Deportivo en Equitaci\u00f3n &#8211; Convocatoria de T\u00e9cnico Superior en H\u00edpica. Debido al calendario reflejado en las INSTRUCCIONES para el curso escolar 2018\/19 de la Consejer\u00eda de Educaci\u00f3n es importante observar los [&hellip;]","og_url":"https:\/\/www.rmcr.org\/en\/2018\/08\/15\/convocatoria-del-curso-de-tecnico-deportivo\/","og_site_name":"Real Maestranza de Caballer\u00eda de Ronda","article_publisher":"https:\/\/www.facebook.com\/plazadetorosronda","article_published_time":"2018-08-15T16:56:56+00:00","article_modified_time":"2023-02-13T15:16:35+00:00","og_image":[{"width":740,"height":348,"url":"https:\/\/www.rmcr.org\/wp-content\/uploads\/2018\/08\/equitacion_cursos_tecnico_01.png","type":"image\/png"}],"author":"RMCR","twitter_card":"summary_large_image","twitter_creator":"@PlazatorosRMR","twitter_site":"@PlazatorosRMR","twitter_misc":{"Written by":"RMCR","Est. reading time":"2 minutes"},"schema":{"@context":"https:\/\/schema.org","@graph":[{"@type":"Article","@id":"https:\/\/www.rmcr.org\/en\/2018\/08\/15\/convocatoria-del-curso-de-tecnico-deportivo\/#article","isPartOf":{"@id":"https:\/\/www.rmcr.org\/en\/2018\/08\/15\/convocatoria-del-curso-de-tecnico-deportivo\/"},"author":{"name":"RMCR","@id":"https:\/\/www.rmcr.org\/en\/#\/schema\/person\/7ddd0dafda7edd0e407157f93a56df4f"},"headline":"Convocatoria del Curso de T\u00e9cnico Deportivo","datePublished":"2018-08-15T16:56:56+00:00","dateModified":"2023-02-13T15:16:35+00:00","mainEntityOfPage":{"@id":"https:\/\/www.rmcr.org\/en\/2018\/08\/15\/convocatoria-del-curso-de-tecnico-deportivo\/"},"wordCount":325,"publisher":{"@id":"https:\/\/www.rmcr.org\/en\/#organization"},"image":{"@id":"https:\/\/www.rmcr.org\/en\/2018\/08\/15\/convocatoria-del-curso-de-tecnico-deportivo\/#primaryimage"},"thumbnailUrl":"https:\/\/www.rmcr.org\/wp-content\/uploads\/2018\/08\/equitacion_cursos_tecnico_01.png","keywords":["Alumnos","Centro de Formaci\u00f3n","Ense\u00f1anza"],"articleSection":["Actividades Deportivas","Cursos de Formaci\u00f3n","Escuela de Equitaci\u00f3n","T\u00e9cnico Deportivo"],"inLanguage":"en-US"},{"@type":"WebPage","@id":"https:\/\/www.rmcr.org\/en\/2018\/08\/15\/convocatoria-del-curso-de-tecnico-deportivo\/","url":"https:\/\/www.rmcr.org\/en\/2018\/08\/15\/convocatoria-del-curso-de-tecnico-deportivo\/","name":"Convocatoria del Curso de T\u00e9cnico Deportivo - Real Maestranza de Caballer\u00eda de Ronda","isPartOf":{"@id":"https:\/\/www.rmcr.org\/en\/#website"},"primaryImageOfPage":{"@id":"https:\/\/www.rmcr.org\/en\/2018\/08\/15\/convocatoria-del-curso-de-tecnico-deportivo\/#primaryimage"},"image":{"@id":"https:\/\/www.rmcr.org\/en\/2018\/08\/15\/convocatoria-del-curso-de-tecnico-deportivo\/#primaryimage"},"thumbnailUrl":"https:\/\/www.rmcr.org\/wp-content\/uploads\/2018\/08\/equitacion_cursos_tecnico_01.png","datePublished":"2018-08-15T16:56:56+00:00","dateModified":"2023-02-13T15:16:35+00:00","breadcrumb":{"@id":"https:\/\/www.rmcr.org\/en\/2018\/08\/15\/convocatoria-del-curso-de-tecnico-deportivo\/#breadcrumb"},"inLanguage":"en-US","potentialAction":[{"@type":"ReadAction","target":["https:\/\/www.rmcr.org\/en\/2018\/08\/15\/convocatoria-del-curso-de-tecnico-deportivo\/"]}]},{"@type":"ImageObject","inLanguage":"en-US","@id":"https:\/\/www.rmcr.org\/en\/2018\/08\/15\/convocatoria-del-curso-de-tecnico-deportivo\/#primaryimage","url":"https:\/\/www.rmcr.org\/wp-content\/uploads\/2018\/08\/equitacion_cursos_tecnico_01.png","contentUrl":"https:\/\/www.rmcr.org\/wp-content\/uploads\/2018\/08\/equitacion_cursos_tecnico_01.png","width":740,"height":348},{"@type":"BreadcrumbList","@id":"https:\/\/www.rmcr.org\/en\/2018\/08\/15\/convocatoria-del-curso-de-tecnico-deportivo\/#breadcrumb","itemListElement":[{"@type":"ListItem","position":1,"name":"REAL MAESTRANZA DE CABALLER\u00cdA DE RONDA","item":"https:\/\/www.rmcr.org\/en\/"},{"@type":"ListItem","position":2,"name":"Convocatoria del Curso de T\u00e9cnico Deportivo"}]},{"@type":"WebSite","@id":"https:\/\/www.rmcr.org\/en\/#website","url":"https:\/\/www.rmcr.org\/en\/","name":"Real Maestranza de Caballer\u00eda de Ronda","description":"Real Maestranza de Caballer\u00eda de Ronda","publisher":{"@id":"https:\/\/www.rmcr.org\/en\/#organization"},"alternateName":"RMCR","potentialAction":[{"@type":"SearchAction","target":{"@type":"EntryPoint","urlTemplate":"https:\/\/www.rmcr.org\/en\/?s={search_term_string}"},"query-input":{"@type":"PropertyValueSpecification","valueRequired":true,"valueName":"search_term_string"}}],"inLanguage":"en-US"},{"@type":"Organization","@id":"https:\/\/www.rmcr.org\/en\/#organization","name":"Real Maestranza de Caballer\u00eda de Ronda","alternateName":"RMR","url":"https:\/\/www.rmcr.org\/en\/","logo":{"@type":"ImageObject","inLanguage":"en-US","@id":"https:\/\/www.rmcr.org\/en\/#\/schema\/logo\/image\/","url":"https:\/\/www.rmcr.org\/wp-content\/uploads\/2022\/07\/logo-rmr-blue.svg","contentUrl":"https:\/\/www.rmcr.org\/wp-content\/uploads\/2022\/07\/logo-rmr-blue.svg","width":131,"height":129,"caption":"Real Maestranza de Caballer\u00eda de Ronda"},"image":{"@id":"https:\/\/www.rmcr.org\/en\/#\/schema\/logo\/image\/"},"sameAs":["https:\/\/www.facebook.com\/plazadetorosronda","https:\/\/x.com\/PlazatorosRMR","https:\/\/www.instagram.com\/realmaestranzaderonda\/","https:\/\/www.youtube.com\/channel\/UCrbO5IUN-8v_QML739vM4zg\/videos"]},{"@type":"Person","@id":"https:\/\/www.rmcr.org\/en\/#\/schema\/person\/7ddd0dafda7edd0e407157f93a56df4f","name":"RMCR","image":{"@type":"ImageObject","inLanguage":"en-US","@id":"https:\/\/secure.gravatar.com\/avatar\/adb75798b50800c24baa6a8706037b9469998c49eddeb95935f50f633cff80bb?s=96&d=mm&r=g","url":"https:\/\/secure.gravatar.com\/avatar\/adb75798b50800c24baa6a8706037b9469998c49eddeb95935f50f633cff80bb?s=96&d=mm&r=g","contentUrl":"https:\/\/secure.gravatar.com\/avatar\/adb75798b50800c24baa6a8706037b9469998c49eddeb95935f50f633cff80bb?s=96&d=mm&r=g","caption":"RMCR"},"url":"https:\/\/www.rmcr.org\/en\/author\/bitniks77\/"}]}},"_links":{"self":[{"href":"https:\/\/www.rmcr.org\/en\/wp-json\/wp\/v2\/posts\/5955","targetHints":{"allow":["GET"]}}],"collection":[{"href":"https:\/\/www.rmcr.org\/en\/wp-json\/wp\/v2\/posts"}],"about":[{"href":"https:\/\/www.rmcr.org\/en\/wp-json\/wp\/v2\/types\/post"}],"author":[{"embeddable":true,"href":"https:\/\/www.rmcr.org\/en\/wp-json\/wp\/v2\/users\/7"}],"replies":[{"embeddable":true,"href":"https:\/\/www.rmcr.org\/en\/wp-json\/wp\/v2\/comments?post=5955"}],"version-history":[{"count":1,"href":"https:\/\/www.rmcr.org\/en\/wp-json\/wp\/v2\/posts\/5955\/revisions"}],"predecessor-version":[{"id":15337,"href":"https:\/\/www.rmcr.org\/en\/wp-json\/wp\/v2\/posts\/5955\/revisions\/15337"}],"wp:featuredmedia":[{"embeddable":true,"href":"https:\/\/www.rmcr.org\/en\/wp-json\/wp\/v2\/media\/9366"}],"wp:attachment":[{"href":"https:\/\/www.rmcr.org\/en\/wp-json\/wp\/v2\/media?parent=5955"}],"wp:term":[{"taxonomy":"category","embeddable":true,"href":"https:\/\/www.rmcr.org\/en\/wp-json\/wp\/v2\/categories?post=5955"},{"taxonomy":"post_tag","embeddable":true,"href":"https:\/\/www.rmcr.org\/en\/wp-json\/wp\/v2\/tags?post=5955"}],"curies":[{"name":"wp","href":"https:\/\/api.w.org\/{rel}","templated":true}]}}